{"id":4883,"date":"2024-01-15T20:28:52","date_gmt":"2024-01-15T20:28:52","guid":{"rendered":"https:\/\/universofamilia.com\/?p=4883"},"modified":"2025-10-05T22:48:50","modified_gmt":"2025-10-06T01:48:50","slug":"un-viaje-virtual-por-la-casa-y-ciudad-desde-el-celular","status":"publish","type":"post","link":"http:\/\/universofamilia.com\/hu\/un-viaje-virtual-por-la-casa-y-ciudad-desde-el-celular\/","title":{"rendered":"Virtu\u00e1lis t\u00fara a h\u00e1zban \u00e9s a v\u00e1rosban a mobiltelefonodr\u00f3l"},"content":{"rendered":"<p>Virtu\u00e1lis t\u00fara otthonodban \u00e9s v\u00e1rosodban mobiltelefonodr\u00f3l. Egy olyan korban \u00e9l\u00fcnk, amikor a technol\u00f3gia lehet\u0151v\u00e9 teszi sz\u00e1munkra, hogy kor\u00e1bban soha nem l\u00e1tott m\u00f3don fedezz\u00fck fel a vil\u00e1got.<\/p>\n\n\n\n<p>Az egyik ilyen leny\u0171g\u00f6z\u0151 \u00e9lm\u00e9ny az otthonunk \u00e9s a v\u00e1rosunk k\u00f6zvetlen megtekint\u00e9se a mobiltelefonunkr\u00f3l, a m\u0171holdas t\u00e9rk\u00e9pez\u00e9si technol\u00f3gia \u00e9s a dedik\u00e1lt alkalmaz\u00e1sok fejl\u0151d\u00e9s\u00e9nek k\u00f6sz\u00f6nhet\u0151en.<\/p>\n\n\n\n<p>Ez a digit\u00e1lis forradalom nemcsak egyedi betekint\u00e9st ny\u00fajt otthonainkba, hanem oktat\u00e1si lehet\u0151s\u00e9geket is k\u00edn\u00e1l, \u00e9s term\u00e9szetesen azt a k\u00eds\u00e9rt\u00e9st is, hogy k\u00e9mkedj\u00fcnk ismer\u0151seink otthonaiban.<\/p>\n\n\n\n<p>Mer\u00fclj\u00fcnk el eme \u00e9rdekes alkalmaz\u00e1si univerzumban, amely virtu\u00e1lisan \u00f6sszekapcsol minket a helyi k\u00f6rnyezet\u00fcnkkel.<\/p>\n\n\n\n<h2 class=\"wp-block-heading\">L\u00e1sd m\u00e9g<\/h2>\n\n\n\n<ul>\n<li><a href=\"https:\/\/universofamilia.com\/hu\/4419\/aplicaciones-para-editar-y-crear-reels\/\">Alkalmaz\u00e1sok ors\u00f3k szerkeszt\u00e9s\u00e9hez \u00e9s l\u00e9trehoz\u00e1s\u00e1hoz<\/a><\/li>\n\n\n\n<li><a href=\"https:\/\/universofamilia.com\/hu\/4338\/las-mejores-aplicaciones-para-ver-peliculas-y-series\/\">A legjobb alkalmaz\u00e1sok filmek \u00e9s sorozatok n\u00e9z\u00e9s\u00e9hez<\/a><\/li>\n\n\n\n<li><a href=\"https:\/\/universofamilia.com\/hu\/4829\/aprende-a-tocar-la-guitarra-de-forma-facil-y-practica\/\">Tanulj meg git\u00e1rozni k\u00f6nnyed\u00e9n \u00e9s praktikusan<\/a><\/li>\n\n\n\n<li><a href=\"https:\/\/universofamilia.com\/hu\/4369\/las-aplicaciones-de-musica-en-el-estado-de-whatsapp\/\">Zenei alkalmaz\u00e1sok a WhatsApp \u00e1llapot\u00e1ban<\/a><\/li>\n<\/ul>\n\n\n\n<h2 class=\"wp-block-heading\"><em>A mobilf\u00f6ldrajz leny\u0171g\u00f6z\u0151 vil\u00e1ga:<\/em><\/h2>\n\n\n\n<p>Az olyan t\u00e9rk\u00e9pez\u0151alkalmaz\u00e1sok, mint a Zoom Earth \u00e9s a MapQuest, megnyitott\u00e1k az utat a f\u00f6ldrajz interakt\u00edv felfedez\u00e9se el\u0151tt.<\/p>\n\n\n\n<p>Most m\u00e1r nem kell statikus t\u00e9rk\u00e9pekre hagyatkoznunk; ehelyett otthonaink \u00e9s v\u00e1rosaink legfrissebb k\u00e9peit tekinthetj\u00fck meg mind\u00f6ssze n\u00e9h\u00e1ny koppint\u00e1ssal a telefonunk k\u00e9perny\u0151j\u00e9n.<\/p>\n\n\n\n<p>Ez az eszk\u00f6z nemcsak a k\u00edv\u00e1ncsis\u00e1gunkat el\u00e9g\u00edti ki, hanem oktat\u00e1si lehet\u0151s\u00e9get is k\u00edn\u00e1l r\u00e9gi\u00f3nk f\u00f6ldrajz\u00e1nak megismer\u00e9s\u00e9re.<\/p>\n\n\n\n<h2 class=\"wp-block-heading\"><em>K\u00e9mked\u00e9s vagy puszta k\u00edv\u00e1ncsis\u00e1g?<\/em><\/h2>\n\n\n\n<p>M\u00edg sokan oktat\u00e1si c\u00e9lokra vagy egyszer\u0171en a kil\u00e1t\u00e1s megcsod\u00e1l\u00e1s\u00e1ra haszn\u00e1lj\u00e1k ezeket az alkalmaz\u00e1sokat, inherens k\u00eds\u00e9rt\u00e9s, hogy ezt a technol\u00f3gi\u00e1t m\u00e1sok otthonainak megfigyel\u00e9s\u00e9re haszn\u00e1lj\u00e1k.<\/p>\n\n\n\n<p>B\u00e1r a sz\u00e1nd\u00e9k elt\u00e9r\u0151 lehet, kulcsfontoss\u00e1g\u00fa megjegyezni, hogy a mag\u00e1n\u00e9letet tiszteletben kell tartani.<\/p>\n\n\n\n<p>V\u00e9kony a hat\u00e1rvonal a puszta k\u00edv\u00e1ncsis\u00e1g \u00e9s a mag\u00e1n\u00e9let megs\u00e9rt\u00e9se k\u00f6z\u00f6tt, \u00e9s a felhaszn\u00e1l\u00f3 felel\u0151ss\u00e9ge, hogy ezeket az eszk\u00f6z\u00f6ket etikusan \u00e9s tiszteletteljesen haszn\u00e1lja.<\/p>\n\n\n\n<h2 class=\"wp-block-heading\"><em>Hogyan m\u0171k\u00f6dnek a m\u0171holdmegfigyel\u0151 alkalmaz\u00e1sok:<\/em><\/h2>\n\n\n\n<p>Ennek az \u00e9lm\u00e9nynek a var\u00e1zsa a F\u00f6ld k\u00f6r\u00fcl kering\u0151 m\u0171holdakban rejlik.<\/p>\n\n\n\n<p>Ezek az eszk\u00f6z\u00f6k fejlett kamer\u00e1kkal vannak felszerelve, amelyek r\u00e9szletes k\u00e9peket k\u00e9sz\u00edtenek bolyg\u00f3nkr\u00f3l. Ezeket a k\u00e9peket ezut\u00e1n tov\u00e1bb\u00edtj\u00e1k a F\u00f6ldre, \u00e9s komplex algoritmusok seg\u00edts\u00e9g\u00e9vel feldolgozz\u00e1k.<\/p>\n\n\n\n<p>Az olyan alkalmaz\u00e1sok, mint a Zoom Earth \u00e9s a MapQuest, hozz\u00e1f\u00e9rnek ezekhez az inform\u00e1ci\u00f3khoz, \u00e9s k\u00f6nnyen \u00e9rthet\u0151 m\u00f3don jelen\u00edtik meg azokat mobileszk\u00f6zeinken.<\/p>\n\n\n\n<h2 class=\"wp-block-heading\">Az alkalmaz\u00e1sok <em>Zoom Earth \u00e9s MapQuest<\/em><\/h2>\n\n\n\n<h3 class=\"wp-block-heading\"><strong>Nagy\u00edt\u00e1s F\u00f6ld\u00f6n<\/strong><\/h3>\n\n\n\n<p>A Zoom Earth egy olyan alkalmaz\u00e1s, amely lehet\u0151v\u00e9 teszi a vil\u00e1g b\u00e1rmely pontj\u00e1r\u00f3l sz\u00e1rmaz\u00f3 val\u00f3s idej\u0171 m\u0171holdk\u00e9pek megtekint\u00e9s\u00e9t.<\/p>\n\n\n\n<p>Felhaszn\u00e1l\u00f3bar\u00e1t fel\u00fclete \u00e9s fejlett funkci\u00f3i mag\u00e1val ragad\u00f3 vizu\u00e1lis \u00e9lm\u00e9nyt ny\u00fajtanak.<\/p>\n\n\n\n<p>A k\u00e9pek egyszer\u0171 megtekint\u00e9se mellett a felhaszn\u00e1l\u00f3k a zoom funkci\u00f3t is kipr\u00f3b\u00e1lhatj\u00e1k a finomabb r\u00e9szletek \u00e9rdek\u00e9ben.<\/p>\n\n\n\n<h2 class=\"wp-block-heading\"><strong>T\u00e9rk\u00e9pkeres\u00e9s<\/strong><\/h2>\n\n\n\n<p>A MapQuest egy t\u00e9rk\u00e9porient\u00e1ltabb megk\u00f6zel\u00edt\u00e9st k\u00edn\u00e1l, amely lehet\u0151v\u00e9 teszi a felhaszn\u00e1l\u00f3k sz\u00e1m\u00e1ra, hogy \u00fatvonalterveket kapjanak, felfedezz\u00e9k a k\u00f6zeli helyeket, \u00e9s term\u00e9szetesen m\u0171holdk\u00e9peket n\u00e9zzenek.<\/p>\n\n\n\n<p>\u00c1tfog\u00f3 funkcionalit\u00e1s\u00e1nak k\u00f6sz\u00f6nhet\u0151en \u00e9rt\u00e9kes eszk\u00f6z mind az ismer\u0151s, mind az ismeretlen helysz\u00ednek felfedez\u00e9s\u00e9hez.<\/p>\n\n\n\n<h2 class=\"wp-block-heading\"><em>Jellemz\u0151k \u00e9s folyamategyszer\u0171s\u00edt\u00e9s<\/em><\/h2>\n\n\n\n<p>Mindk\u00e9t alkalmaz\u00e1s figyelemre m\u00e9lt\u00f3 funkci\u00f3kat k\u00edn\u00e1l, p\u00e9ld\u00e1ul val\u00f3s idej\u0171 m\u0171holdk\u00e9pek megtekint\u00e9s\u00e9t, r\u00e9szletes inform\u00e1ci\u00f3k beszerz\u00e9s\u00e9t bizonyos helyekr\u0151l, s\u0151t topogr\u00e1fiai elemz\u00e9st is v\u00e9gezhet.<\/p>\n\n\n\n<p>A telep\u00edt\u00e9si folyamat mindk\u00e9t alkalmaz\u00e1s eset\u00e9ben viszonylag egyszer\u0171.<\/p>\n\n\n\n<h3 class=\"wp-block-heading\"><em>L\u00e9p\u00e9sr\u0151l l\u00e9p\u00e9sre a telep\u00edt\u00e9shez:<\/em><\/h3>\n\n\n\n<ol>\n<li><strong>Nagy\u00edt\u00e1s F\u00f6ld\u00f6n:<\/strong>\n<ul>\n<li>Nyisd meg az alkalmaz\u00e1sboltot Android vagy iOS eszk\u00f6z\u00f6d\u00f6n.<\/li>\n\n\n\n<li>Keresd a \u201eZoom Earth\u201d kifejez\u00e9st a keres\u0151s\u00e1vban.<\/li>\n\n\n\n<li>Koppintson az alkalmaz\u00e1s ikonj\u00e1ra, \u00e9s v\u00e1lassza a \u201eTelep\u00edt\u00e9s\u201d lehet\u0151s\u00e9get.<\/li>\n<\/ul>\n<\/li>\n\n\n\n<li><strong>T\u00e9rk\u00e9pkeres\u00e9s:<\/strong>\n<ul>\n<li>Menj az alkalmaz\u00e1sboltba az eszk\u00f6z\u00f6d\u00f6n.<\/li>\n\n\n\n<li>Keresd a \u201eMapQuest\u201d kifejez\u00e9st.<\/li>\n\n\n\n<li>Koppintson a \u201eTelep\u00edt\u00e9s\u201d gombra, \u00e9s v\u00e1rja meg, am\u00edg a folyamat befejez\u0151dik.<\/li>\n<\/ul>\n<\/li>\n<\/ol>\n\n\n\n<h2 class=\"wp-block-heading\"><em>Felhaszn\u00e1l\u00f3i v\u00e9lem\u00e9nyek<\/em><\/h2>\n\n\n\n<p>A felhaszn\u00e1l\u00f3i v\u00e9lem\u00e9nyek megoszlanak, t\u00fckr\u00f6zve ezen alkalmaz\u00e1sok felhaszn\u00e1l\u00e1si m\u00f3djainak soksz\u00edn\u0171s\u00e9g\u00e9t.<\/p>\n\n\n\n<p>Vannak, akik a tanul\u00e1si \u00e9lm\u00e9nyt dics\u00e9rik, m\u00edg m\u00e1sok a navig\u00e1ci\u00f3 \u00e9s a tervez\u00e9s gyakorlati hasznoss\u00e1g\u00e1t emelik ki.<\/p>\n\n\n\n<p>Azonban kulcsfontoss\u00e1g\u00fa megjegyezni, hogy ezen eszk\u00f6z\u00f6k etikus haszn\u00e1lata l\u00e9tfontoss\u00e1g\u00fa az adatv\u00e9delmi jogs\u00e9rt\u00e9sek elker\u00fcl\u00e9se \u00e9rdek\u00e9ben.<\/p>\n\n\n<div class=\"wp-block-image\">\n<figure class=\"aligncenter size-full\"><img loading=\"lazy\" decoding=\"async\" width=\"550\" height=\"350\" src=\"http:\/\/universofamilia.com\/wp-content\/uploads\/sites\/148\/2024\/01\/P-550x350-2-4.jpg\" alt=\"\" class=\"wp-image-4884\" srcset=\"http:\/\/universofamilia.com\/wp-content\/uploads\/sites\/148\/2024\/01\/P-550x350-2-4.jpg 550w, http:\/\/universofamilia.com\/wp-content\/uploads\/sites\/148\/2024\/01\/P-550x350-2-4-300x191.jpg 300w\" sizes=\"(max-width: 550px) 100vw, 550px\" \/><figcaption class=\"wp-element-caption\">Virtu\u00e1lis t\u00fara a h\u00e1zban \u00e9s a v\u00e1rosban a mobiltelefonodr\u00f3l<\/figcaption><\/figure><\/div>\n\n\n<h2 class=\"wp-block-heading\"><em>K\u00f6vetkeztet\u00e9s<\/em><\/h2>\n\n\n\n<p>Otthonaink \u00e9s v\u00e1rosaink felfedez\u00e9se telefonunkon kereszt\u00fcl egy leny\u0171g\u00f6z\u0151 utaz\u00e1s, amely f\u00f6ldrajzi perspekt\u00edv\u00e1kat \u00e9s egyed\u00fcl\u00e1ll\u00f3 betekint\u00e9st ny\u00fajt a k\u00f6r\u00fcl\u00f6tt\u00fcnk l\u00e9v\u0151 vil\u00e1gba.<\/p>\n\n\n\n<p>Azonban elengedhetetlen, hogy ezeket a technol\u00f3gi\u00e1kat felel\u0151ss\u00e9gteljesen \u00e9s m\u00e1sok mag\u00e1n\u00e9let\u00e9nek tiszteletben tart\u00e1s\u00e1val haszn\u00e1ljuk.<\/p>\n\n\n\n<p>A Zoom Earth \u00e9s a MapQuest ablakot nyit a vil\u00e1gra, de mindannyiunkon m\u00falik, hogy ezt a n\u00e9zetet mindig etikai elvek vez\u00e9relj\u00e9k.<\/p>\n\n\n\n<p><em>Let\u00f6lt\u00e9si linkek:<\/em><\/p>\n\n\n\n<ul>\n<li>Nagy\u00edt\u00e1s a F\u00f6ld\u00f6n<a href=\"https:\/\/play.google.com\/store\/apps\/details?id=com.neave.zoomearth&amp;hl=pt_BR&amp;gl=US\"> Android<\/a> \/ <a href=\"https:\/\/apps.apple.com\/us\/app\/zoom-earth-live-weather-map\/id1531561063\">iOS<\/a><\/li>\n\n\n\n<li>T\u00e9rk\u00e9pkeres\u00e9s ehhez: <a href=\"https:\/\/play.google.com\/store\/apps\/details?id=com.mapquest.android.ace&amp;hl=en_US\">Android<\/a> \/ <a href=\"https:\/\/apps.apple.com\/us\/app\/mapquest-gps-navigation-maps\/id316126557\">iOS<\/a><\/li>\n<\/ul>","protected":false},"excerpt":{"rendered":"<p>Virtu\u00e1lis t\u00fara otthonodban \u00e9s v\u00e1rosodban a mobiltelefonodr\u00f3l. Egy olyan korban \u00e9l\u00fcnk, amikor a technol\u00f3gia lehet\u0151v\u00e9 teszi sz\u00e1munkra, hogy kor\u00e1bban soha nem l\u00e1tott m\u00f3don fedezz\u00fck fel a vil\u00e1got. Az egyik ilyen leny\u0171g\u00f6z\u0151 \u00e9lm\u00e9ny az, hogy otthonunkat \u00e9s v\u00e1rosunkat k\u00f6zvetlen\u00fcl a mobiltelefonunkr\u00f3l tekinthetj\u00fck meg, a [\u2026] fejl\u0151d\u00e9s\u00e9nek k\u00f6sz\u00f6nhet\u0151en.<\/p>","protected":false},"author":219,"featured_media":4884,"comment_status":"closed","ping_status":"open","sticky":false,"template":"","format":"standard","meta":{"footnotes":""},"categories":[2],"tags":[164,405,548],"yoast_head":"<!-- This site is optimized with the Yoast SEO plugin v23.3 - https:\/\/yoast.com\/wordpress\/plugins\/seo\/ -->\n<title>Un Viaje Virtual por la Casa y Ciudad desde el Celular - Universo Fam\u00edlia<\/title>\n<meta name=\"description\" content=\"Un Viaje Virtual por la Casa y Ciudad desde el Celular. Vivimos en una era en la que la tecnolog\u00eda nos brinda la capacidad...\" \/>\n<meta name=\"robots\" content=\"index, follow, max-snippet:-1, max-image-preview:large, max-video-preview:-1\" \/>\n<link rel=\"canonical\" href=\"http:\/\/universofamilia.com\/hu\/un-viaje-virtual-por-la-casa-y-ciudad-desde-el-celular\/\" \/>\n<meta property=\"og:locale\" content=\"hu_HU\" \/>\n<meta property=\"og:type\" content=\"article\" \/>\n<meta property=\"og:title\" content=\"Un Viaje Virtual por la Casa y Ciudad desde el Celular - Universo Fam\u00edlia\" \/>\n<meta property=\"og:description\" content=\"Un Viaje Virtual por la Casa y Ciudad desde el Celular. Vivimos en una era en la que la tecnolog\u00eda nos brinda la capacidad...\" \/>\n<meta property=\"og:url\" content=\"http:\/\/universofamilia.com\/hu\/un-viaje-virtual-por-la-casa-y-ciudad-desde-el-celular\/\" \/>\n<meta property=\"og:site_name\" content=\"Universo Fam\u00edlia\" \/>\n<meta property=\"article:published_time\" content=\"2024-01-15T20:28:52+00:00\" \/>\n<meta property=\"article:modified_time\" content=\"2025-10-06T01:48:50+00:00\" \/>\n<meta property=\"og:image\" content=\"http:\/\/universofamilia.com\/wp-content\/uploads\/sites\/148\/2024\/01\/P-550x350-2-4.jpg\" \/>\n\t<meta property=\"og:image:width\" content=\"550\" \/>\n\t<meta property=\"og:image:height\" content=\"350\" \/>\n\t<meta property=\"og:image:type\" content=\"image\/jpeg\" \/>\n<meta name=\"author\" content=\"Matheus Sangaletti\" \/>\n<meta name=\"twitter:card\" content=\"summary_large_image\" \/>\n<meta name=\"twitter:label1\" content=\"Written by\" \/>\n\t<meta name=\"twitter:data1\" content=\"Matheus Sangaletti\" \/>\n\t<meta name=\"twitter:label2\" content=\"Est. reading time\" \/>\n\t<meta name=\"twitter:data2\" content=\"5 perc\" \/>\n<script type=\"application\/ld+json\" class=\"yoast-schema-graph\">{\"@context\":\"https:\/\/schema.org\",\"@graph\":[{\"@type\":\"WebPage\",\"@id\":\"http:\/\/universofamilia.com\/en\/un-viaje-virtual-por-la-casa-y-ciudad-desde-el-celular\/\",\"url\":\"http:\/\/universofamilia.com\/en\/un-viaje-virtual-por-la-casa-y-ciudad-desde-el-celular\/\",\"name\":\"Un Viaje Virtual por la Casa y Ciudad desde el Celular - Universo Fam\u00edlia\",\"isPartOf\":{\"@id\":\"https:\/\/universofamilia.com\/el\/#website\"},\"primaryImageOfPage\":{\"@id\":\"http:\/\/universofamilia.com\/en\/un-viaje-virtual-por-la-casa-y-ciudad-desde-el-celular\/#primaryimage\"},\"image\":{\"@id\":\"http:\/\/universofamilia.com\/en\/un-viaje-virtual-por-la-casa-y-ciudad-desde-el-celular\/#primaryimage\"},\"thumbnailUrl\":\"http:\/\/universofamilia.com\/wp-content\/uploads\/sites\/148\/2024\/01\/P-550x350-2-4.jpg\",\"datePublished\":\"2024-01-15T20:28:52+00:00\",\"dateModified\":\"2025-10-06T01:48:50+00:00\",\"author\":{\"@id\":\"https:\/\/universofamilia.com\/el\/#\/schema\/person\/92fcd07e9b1f4323bf74f3170fc0f78a\"},\"description\":\"Un Viaje Virtual por la Casa y Ciudad desde el Celular. Vivimos en una era en la que la tecnolog\u00eda nos brinda la capacidad...\",\"breadcrumb\":{\"@id\":\"http:\/\/universofamilia.com\/en\/un-viaje-virtual-por-la-casa-y-ciudad-desde-el-celular\/#breadcrumb\"},\"inLanguage\":\"hu\",\"potentialAction\":[{\"@type\":\"ReadAction\",\"target\":[\"http:\/\/universofamilia.com\/en\/un-viaje-virtual-por-la-casa-y-ciudad-desde-el-celular\/\"]}]},{\"@type\":\"ImageObject\",\"inLanguage\":\"hu\",\"@id\":\"http:\/\/universofamilia.com\/en\/un-viaje-virtual-por-la-casa-y-ciudad-desde-el-celular\/#primaryimage\",\"url\":\"http:\/\/universofamilia.com\/wp-content\/uploads\/sites\/148\/2024\/01\/P-550x350-2-4.jpg\",\"contentUrl\":\"http:\/\/universofamilia.com\/wp-content\/uploads\/sites\/148\/2024\/01\/P-550x350-2-4.jpg\",\"width\":550,\"height\":350,\"caption\":\"Un Viaje Virtual por la Casa y Ciudad desde el Celular\"},{\"@type\":\"BreadcrumbList\",\"@id\":\"http:\/\/universofamilia.com\/en\/un-viaje-virtual-por-la-casa-y-ciudad-desde-el-celular\/#breadcrumb\",\"itemListElement\":[{\"@type\":\"ListItem\",\"position\":1,\"name\":\"Home\",\"item\":\"https:\/\/universofamilia.com\/el\/\"},{\"@type\":\"ListItem\",\"position\":2,\"name\":\"Un Viaje Virtual por la Casa y Ciudad desde el Celular\"}]},{\"@type\":\"WebSite\",\"@id\":\"https:\/\/universofamilia.com\/el\/#website\",\"url\":\"https:\/\/universofamilia.com\/el\/\",\"name\":\"Universo Fam\u00edlia\",\"description\":\"\",\"potentialAction\":[{\"@type\":\"SearchAction\",\"target\":{\"@type\":\"EntryPoint\",\"urlTemplate\":\"https:\/\/universofamilia.com\/el\/?s={search_term_string}\"},\"query-input\":\"required name=search_term_string\"}],\"inLanguage\":\"hu\"},{\"@type\":\"Person\",\"@id\":\"https:\/\/universofamilia.com\/el\/#\/schema\/person\/92fcd07e9b1f4323bf74f3170fc0f78a\",\"name\":\"Matheus Sangaletti\",\"image\":{\"@type\":\"ImageObject\",\"inLanguage\":\"hu\",\"@id\":\"https:\/\/universofamilia.com\/el\/#\/schema\/person\/image\/\",\"url\":\"http:\/\/2.gravatar.com\/avatar\/280ea957a14a48e6a1ad2133d2cc27c9?s=96&d=mm&r=g\",\"contentUrl\":\"http:\/\/2.gravatar.com\/avatar\/280ea957a14a48e6a1ad2133d2cc27c9?s=96&d=mm&r=g\",\"caption\":\"Matheus Sangaletti\"},\"url\":\"http:\/\/universofamilia.com\/hu\/author\/matheuss\/\"}]}<\/script>\n<!-- \/ Yoast SEO plugin. -->","yoast_head_json":{"title":"Un Viaje Virtual por la Casa y Ciudad desde el Celular - Universo Fam\u00edlia","description":"Un Viaje Virtual por la Casa y Ciudad desde el Celular. Vivimos en una era en la que la tecnolog\u00eda nos brinda la capacidad...","robots":{"index":"index","follow":"follow","max-snippet":"max-snippet:-1","max-image-preview":"max-image-preview:large","max-video-preview":"max-video-preview:-1"},"canonical":"http:\/\/universofamilia.com\/hu\/un-viaje-virtual-por-la-casa-y-ciudad-desde-el-celular\/","og_locale":"hu_HU","og_type":"article","og_title":"Un Viaje Virtual por la Casa y Ciudad desde el Celular - Universo Fam\u00edlia","og_description":"Un Viaje Virtual por la Casa y Ciudad desde el Celular. Vivimos en una era en la que la tecnolog\u00eda nos brinda la capacidad...","og_url":"http:\/\/universofamilia.com\/hu\/un-viaje-virtual-por-la-casa-y-ciudad-desde-el-celular\/","og_site_name":"Universo Fam\u00edlia","article_published_time":"2024-01-15T20:28:52+00:00","article_modified_time":"2025-10-06T01:48:50+00:00","og_image":[{"width":550,"height":350,"url":"http:\/\/universofamilia.com\/wp-content\/uploads\/sites\/148\/2024\/01\/P-550x350-2-4.jpg","type":"image\/jpeg"}],"author":"Matheus Sangaletti","twitter_card":"summary_large_image","twitter_misc":{"Written by":"Matheus Sangaletti","Est. reading time":"5 perc"},"schema":{"@context":"https:\/\/schema.org","@graph":[{"@type":"WebPage","@id":"http:\/\/universofamilia.com\/en\/un-viaje-virtual-por-la-casa-y-ciudad-desde-el-celular\/","url":"http:\/\/universofamilia.com\/en\/un-viaje-virtual-por-la-casa-y-ciudad-desde-el-celular\/","name":"Un Viaje Virtual por la Casa y Ciudad desde el Celular - Universo Fam\u00edlia","isPartOf":{"@id":"https:\/\/universofamilia.com\/el\/#website"},"primaryImageOfPage":{"@id":"http:\/\/universofamilia.com\/en\/un-viaje-virtual-por-la-casa-y-ciudad-desde-el-celular\/#primaryimage"},"image":{"@id":"http:\/\/universofamilia.com\/en\/un-viaje-virtual-por-la-casa-y-ciudad-desde-el-celular\/#primaryimage"},"thumbnailUrl":"http:\/\/universofamilia.com\/wp-content\/uploads\/sites\/148\/2024\/01\/P-550x350-2-4.jpg","datePublished":"2024-01-15T20:28:52+00:00","dateModified":"2025-10-06T01:48:50+00:00","author":{"@id":"https:\/\/universofamilia.com\/el\/#\/schema\/person\/92fcd07e9b1f4323bf74f3170fc0f78a"},"description":"Un Viaje Virtual por la Casa y Ciudad desde el Celular. Vivimos en una era en la que la tecnolog\u00eda nos brinda la capacidad...","breadcrumb":{"@id":"http:\/\/universofamilia.com\/en\/un-viaje-virtual-por-la-casa-y-ciudad-desde-el-celular\/#breadcrumb"},"inLanguage":"hu","potentialAction":[{"@type":"ReadAction","target":["http:\/\/universofamilia.com\/en\/un-viaje-virtual-por-la-casa-y-ciudad-desde-el-celular\/"]}]},{"@type":"ImageObject","inLanguage":"hu","@id":"http:\/\/universofamilia.com\/en\/un-viaje-virtual-por-la-casa-y-ciudad-desde-el-celular\/#primaryimage","url":"http:\/\/universofamilia.com\/wp-content\/uploads\/sites\/148\/2024\/01\/P-550x350-2-4.jpg","contentUrl":"http:\/\/universofamilia.com\/wp-content\/uploads\/sites\/148\/2024\/01\/P-550x350-2-4.jpg","width":550,"height":350,"caption":"Un Viaje Virtual por la Casa y Ciudad desde el Celular"},{"@type":"BreadcrumbList","@id":"http:\/\/universofamilia.com\/en\/un-viaje-virtual-por-la-casa-y-ciudad-desde-el-celular\/#breadcrumb","itemListElement":[{"@type":"ListItem","position":1,"name":"Home","item":"https:\/\/universofamilia.com\/el\/"},{"@type":"ListItem","position":2,"name":"Un Viaje Virtual por la Casa y Ciudad desde el Celular"}]},{"@type":"WebSite","@id":"https:\/\/universofamilia.com\/el\/#website","url":"https:\/\/universofamilia.com\/el\/","name":"Universo Fam\u00edlia","description":"","potentialAction":[{"@type":"SearchAction","target":{"@type":"EntryPoint","urlTemplate":"https:\/\/universofamilia.com\/el\/?s={search_term_string}"},"query-input":"required name=search_term_string"}],"inLanguage":"hu"},{"@type":"Person","@id":"https:\/\/universofamilia.com\/el\/#\/schema\/person\/92fcd07e9b1f4323bf74f3170fc0f78a","name":"Matheus Sangaletti","image":{"@type":"ImageObject","inLanguage":"hu","@id":"https:\/\/universofamilia.com\/el\/#\/schema\/person\/image\/","url":"http:\/\/2.gravatar.com\/avatar\/280ea957a14a48e6a1ad2133d2cc27c9?s=96&d=mm&r=g","contentUrl":"http:\/\/2.gravatar.com\/avatar\/280ea957a14a48e6a1ad2133d2cc27c9?s=96&d=mm&r=g","caption":"Matheus Sangaletti"},"url":"http:\/\/universofamilia.com\/hu\/author\/matheuss\/"}]}},"_links":{"self":[{"href":"http:\/\/universofamilia.com\/hu\/wp-json\/wp\/v2\/posts\/4883"}],"collection":[{"href":"http:\/\/universofamilia.com\/hu\/wp-json\/wp\/v2\/posts"}],"about":[{"href":"http:\/\/universofamilia.com\/hu\/wp-json\/wp\/v2\/types\/post"}],"author":[{"embeddable":true,"href":"http:\/\/universofamilia.com\/hu\/wp-json\/wp\/v2\/users\/219"}],"replies":[{"embeddable":true,"href":"http:\/\/universofamilia.com\/hu\/wp-json\/wp\/v2\/comments?post=4883"}],"version-history":[{"count":1,"href":"http:\/\/universofamilia.com\/hu\/wp-json\/wp\/v2\/posts\/4883\/revisions"}],"predecessor-version":[{"id":9880,"href":"http:\/\/universofamilia.com\/hu\/wp-json\/wp\/v2\/posts\/4883\/revisions\/9880"}],"wp:featuredmedia":[{"embeddable":true,"href":"http:\/\/universofamilia.com\/hu\/wp-json\/wp\/v2\/media\/4884"}],"wp:attachment":[{"href":"http:\/\/universofamilia.com\/hu\/wp-json\/wp\/v2\/media?parent=4883"}],"wp:term":[{"taxonomy":"category","embeddable":true,"href":"http:\/\/universofamilia.com\/hu\/wp-json\/wp\/v2\/categories?post=4883"},{"taxonomy":"post_tag","embeddable":true,"href":"http:\/\/universofamilia.com\/hu\/wp-json\/wp\/v2\/tags?post=4883"}],"curies":[{"name":"wp","href":"https:\/\/api.w.org\/{rel}","templated":true}]}}