{"id":4948,"date":"2024-01-21T13:11:51","date_gmt":"2024-01-21T13:11:51","guid":{"rendered":"https:\/\/universofamilia.com\/?p=4948"},"modified":"2025-10-05T01:00:17","modified_gmt":"2025-10-05T04:00:17","slug":"grabar-llamadas-para-la-proteccion-contra-amenazas-ciberneticas","status":"publish","type":"post","link":"http:\/\/universofamilia.com\/hu\/grabar-llamadas-para-la-proteccion-contra-amenazas-ciberneticas\/","title":{"rendered":"Rekordfelh\u00edv\u00e1sok a kiberfenyeget\u00e9sek elleni v\u00e9delem\u00e9rt"},"content":{"rendered":"<p>Az egyre ink\u00e1bb digit\u00e1lis vil\u00e1gban a mobiltelefonok biztons\u00e1ga egyre nagyobb aggodalomra ad okot a tudatos felhaszn\u00e1l\u00f3k sz\u00e1m\u00e1ra.<\/p>\n\n\n\n<p>A szem\u00e9lyes v\u00e9delem egyik gyakran figyelmen k\u00edv\u00fcl hagyott, de kulcsfontoss\u00e1g\u00fa aspektusa a h\u00edv\u00e1sok r\u00f6gz\u00edt\u00e9s\u00e9nek k\u00e9pess\u00e9ge.<\/p>\n\n\n\n<p>Ebben a cikkben megvizsg\u00e1ljuk ennek a gyakorlatnak a fontoss\u00e1g\u00e1t az eszk\u00f6zbiztons\u00e1g, \u00e9s v\u00e9gs\u0151 soron a v\u00edrusok \u00e9s kiberfenyeget\u00e9sek elleni v\u00e9delem szempontj\u00e1b\u00f3l.<\/p>\n\n\n\n<h2 class=\"wp-block-heading\"><strong>Mi\u00e9rt r\u00f6gz\u00edts\u00fck a h\u00edv\u00e1sokat?<\/strong><\/h2>\n\n\n\n<p>A h\u00edv\u00e1sr\u00f6gz\u00edt\u00e9s l\u00e9tfontoss\u00e1g\u00fa eszk\u00f6z lehet az online fenyeget\u00e9sek elleni v\u00e9delemben \u00e9s a l\u00e9tfontoss\u00e1g\u00fa inform\u00e1ci\u00f3k meg\u0151rz\u00e9s\u00e9ben.<\/p>\n\n\n\n<p>Egy olyan k\u00f6rnyezetben, ahol a telefonos csal\u00e1sok \u00e9s a digit\u00e1lis csal\u00e1sok sz\u00e1ma egyre n\u0151, a besz\u00e9lget\u00e9sek hangfelv\u00e9tel\u00e9nek birtokl\u00e1sa jelentheti a k\u00fcl\u00f6nbs\u00e9get az \u00e1ldozatt\u00e1 v\u00e1l\u00e1s \u00e9s a v\u00e9delem fenntart\u00e1sa k\u00f6z\u00f6tt.<\/p>\n\n\n\n<h2 class=\"wp-block-heading\">L\u00e1sd m\u00e9g<\/h2>\n\n\n\n<ul>\n<li><a href=\"https:\/\/universofamilia.com\/hu\/4419\/aplicaciones-para-editar-y-crear-reels\/\">Alkalmaz\u00e1sok ors\u00f3k szerkeszt\u00e9s\u00e9hez \u00e9s l\u00e9trehoz\u00e1s\u00e1hoz<\/a><\/li>\n\n\n\n<li><a href=\"https:\/\/universofamilia.com\/hu\/4338\/las-mejores-aplicaciones-para-ver-peliculas-y-series\/\">A legjobb alkalmaz\u00e1sok filmek \u00e9s sorozatok n\u00e9z\u00e9s\u00e9hez<\/a><\/li>\n\n\n\n<li><a href=\"https:\/\/universofamilia.com\/hu\/4399\/aplicaciones-para-la-identificacion-de-plantas\/\">N\u00f6v\u00e9nyazonos\u00edt\u00e1si k\u00e9relmek<\/a><\/li>\n\n\n\n<li><a href=\"https:\/\/universofamilia.com\/hu\/4353\/aplicaciones-para-descubrir-con-que-celebridad-te-pareces\/\">Alkalmaz\u00e1sok, amelyekkel megtudhatod, melyik h\u00edress\u00e9gre hasonl\u00edtasz<\/a><\/li>\n\n\n\n<li><a href=\"https:\/\/universofamilia.com\/hu\/4369\/las-aplicaciones-de-musica-en-el-estado-de-whatsapp\/\">Zenei alkalmaz\u00e1sok a WhatsApp \u00e1llapot\u00e1ban<\/a><\/li>\n<\/ul>\n\n\n\n<p>Ezenk\u00edv\u00fcl jogi helyzetekben a h\u00edv\u00e1sfelv\u00e9telek kulcsfontoss\u00e1g\u00fa bizony\u00edt\u00e9kok lehetnek.<\/p>\n\n\n\n<p>Jogi elj\u00e1r\u00e1sokban a hiteles feljegyz\u00e9sek megl\u00e9te d\u00f6nt\u0151 fontoss\u00e1g\u00fa lehet a vit\u00e1k rendez\u00e9s\u00e9ben \u00e9s a t\u00e9nyek igazs\u00e1g\u00e1nak meg\u00e1llap\u00edt\u00e1s\u00e1ban.<\/p>\n\n\n\n<p>Ez egy m\u00f3dja annak, hogy a felhaszn\u00e1l\u00f3kat felruh\u00e1zzuk a fontos besz\u00e9lget\u00e9sek dokument\u00e1l\u00e1s\u00e1ra \u00e9s \u00e9rdekeik v\u00e9delm\u00e9re szolg\u00e1l\u00f3 eszk\u00f6zzel.<\/p>\n\n\n\n<h2 class=\"wp-block-heading\"><strong>H\u00edv\u00e1sr\u00f6gz\u00edt\u0151 alkalmaz\u00e1sok<\/strong><\/h2>\n\n\n\n<p>K\u00e9t alkalmaz\u00e1s emelkedik ki a h\u00edv\u00e1sr\u00f6gz\u00edt\u00e9s ter\u00fclet\u00e9n: az ACR Call Recorder \u00e9s a Cube Call Recorder.<\/p>\n\n\n\n<p>Mindkett\u0151 fejlett funkci\u00f3kat k\u00edn\u00e1l, \u00e9s rendk\u00edv\u00fcl megb\u00edzhat\u00f3an \u0151rzi meg a h\u00edv\u00e1sokat.<\/p>\n\n\n\n<h2 class=\"wp-block-heading\"><strong>ACR h\u00edv\u00e1sr\u00f6gz\u00edt\u0151<\/strong><\/h2>\n\n\n\n<p>Az ACR h\u00edv\u00e1sr\u00f6gz\u00edt\u0151 n\u00e9pszer\u0171 v\u00e1laszt\u00e1s a megb\u00edzhat\u00f3 \u00e9s k\u00f6nnyen haszn\u00e1lhat\u00f3 megold\u00e1st keres\u0151 felhaszn\u00e1l\u00f3k k\u00f6r\u00e9ben.<\/p>\n\n\n\n<p>Az intuit\u00edv fel\u00fcletnek k\u00f6sz\u00f6nhet\u0151en az alkalmaz\u00e1s lehet\u0151v\u00e9 teszi a bej\u00f6v\u0151 \u00e9s kimen\u0151 h\u00edv\u00e1sok automatikus r\u00f6gz\u00edt\u00e9s\u00e9t.<\/p>\n\n\n\n<p>Ezenk\u00edv\u00fcl hat\u00e9kony szervez\u00e9si funkci\u00f3kat k\u00edn\u00e1l, amelyek megk\u00f6nny\u00edtik a konkr\u00e9t h\u00edv\u00e1sok gyors megtal\u00e1l\u00e1s\u00e1t, amikor sz\u00fcks\u00e9ges.<\/p>\n\n\n\n<h2 class=\"wp-block-heading\"><strong>Kocka h\u00edv\u00e1sr\u00f6gz\u00edt\u0151<\/strong><\/h2>\n\n\n\n<p>A Cube Call Recorder egy m\u00e1sik j\u00f3 lehet\u0151s\u00e9g, amely k\u00e9pes k\u00fcl\u00f6nf\u00e9le platformokr\u00f3l \u00e9rkez\u0151 h\u00edv\u00e1sok r\u00f6gz\u00edt\u00e9s\u00e9re.<\/p>\n\n\n\n<p>Bele\u00e9rtve a WhatsAppot \u00e9s a Skype-ot. A felh\u0151alap\u00fa felv\u00e9teli funkci\u00f3 tov\u00e1bbi biztons\u00e1gi r\u00e9teget biztos\u00edt, biztos\u00edtva, hogy a felv\u00e9telek mindig el\u00e9rhet\u0151k legyenek, f\u00fcggetlen\u00fcl az eszk\u00f6zt\u0151l.<\/p>\n\n\n<div class=\"wp-block-image\">\n<figure class=\"aligncenter size-full\"><img loading=\"lazy\" decoding=\"async\" width=\"550\" height=\"350\" src=\"http:\/\/universofamilia.com\/wp-content\/uploads\/sites\/148\/2024\/01\/P-550x350-7.jpg\" alt=\"\" class=\"wp-image-4949\" srcset=\"http:\/\/universofamilia.com\/wp-content\/uploads\/sites\/148\/2024\/01\/P-550x350-7.jpg 550w, http:\/\/universofamilia.com\/wp-content\/uploads\/sites\/148\/2024\/01\/P-550x350-7-300x191.jpg 300w\" sizes=\"(max-width: 550px) 100vw, 550px\" \/><figcaption class=\"wp-element-caption\">Rekordfelh\u00edv\u00e1sok a kiberfenyeget\u00e9sek elleni v\u00e9delem\u00e9rt<\/figcaption><\/figure><\/div>\n\n\n<h2 class=\"wp-block-heading\"><strong>Biztons\u00e1g\u00e1nak garant\u00e1l\u00e1sa h\u00edv\u00e1sr\u00f6gz\u00edt\u00e9ssel<\/strong><\/h2>\n\n\n\n<p>R\u00f6viden, a h\u00edv\u00e1sr\u00f6gz\u00edt\u00e9s \u00e9rt\u00e9kes eszk\u00f6z a kiberfenyeget\u00e9sek elleni v\u00e9delemhez \u00e9s a l\u00e9tfontoss\u00e1g\u00fa inform\u00e1ci\u00f3k meg\u0151rz\u00e9s\u00e9hez.<\/p>\n\n\n\n<p>Az olyan megb\u00edzhat\u00f3 alkalmaz\u00e1sok kiv\u00e1laszt\u00e1s\u00e1val, mint az ACR Call Recorder \u00e9s a Cube Call Recorder, a felhaszn\u00e1l\u00f3k meger\u0151s\u00edthetik digit\u00e1lis biztons\u00e1gukat.<\/p>\n\n\n\n<p>A v\u00edrusok \u00e9s online fenyeget\u00e9sek elleni v\u00e9dekez\u00e9s folyamatos er\u0151fesz\u00edt\u00e9s, \u00e9s a h\u00edv\u00e1sr\u00f6gz\u00edt\u00e9s ennek a kirak\u00f3snak a fontos darabja.<\/p>\n\n\n\n<p>Proakt\u00edv gyakorlatok alkalmaz\u00e1s\u00e1val a felhaszn\u00e1l\u00f3k meger\u0151s\u00edthetik kiberv\u00e9delm\u00fcket \u00e9s biztos\u00edthatj\u00e1k kommunik\u00e1ci\u00f3juk biztons\u00e1g\u00e1t.<\/p>\n\n\n\n<ul>\n<li><strong>Androidra<\/strong>: <a href=\"https:\/\/play.google.com\/store\/apps\/details?id=com.catalinagroup.callrecorder&amp;hl=pt_BR&amp;gl=US\">Cube h\u00edv\u00e1srekord<\/a><\/li>\n\n\n\n<li><strong>iOS-re<\/strong>:  <a href=\"https:\/\/apps.apple.com\/us\/app\/acr-call-recorder-for-iphone\/id1362975885\">ACR h\u00edv\u00e1sr\u00f6gz\u00edt\u0151<\/a> | <a href=\"https:\/\/play.google.com\/store\/apps\/details?id=com.catalinagroup.callrecorder&amp;hl=pt_BR&amp;gl=US\">C<\/a><a href=\"https:\/\/apps.apple.com\/us\/app\/call-recorder-cube-acr\/id1613607637\">ube h\u00edv\u00e1sr\u00f6gz\u00edt\u0151<\/a> <\/li>\n<\/ul>\n\n\n\n<p><em>Megjegyz\u00e9s: \u00dcgyeljen arra, hogy csak megb\u00edzhat\u00f3 forr\u00e1sokb\u00f3l t\u00f6lts\u00f6n le alkalmaz\u00e1sokat, p\u00e9ld\u00e1ul az App Store-b\u00f3l iOS-felhaszn\u00e1l\u00f3k sz\u00e1m\u00e1ra \u00e9s a Google Play \u00c1ruh\u00e1zb\u00f3l Android-felhaszn\u00e1l\u00f3k sz\u00e1m\u00e1ra, hogy elker\u00fclje a lehets\u00e9ges biztons\u00e1gi fenyeget\u00e9seket.<\/em><\/p>","protected":false},"excerpt":{"rendered":"<p>Az egyre ink\u00e1bb digit\u00e1lis vil\u00e1gban a mobiltelefonok biztons\u00e1ga egyre nagyobb aggodalomra ad okot a tudatos felhaszn\u00e1l\u00f3k sz\u00e1m\u00e1ra. A szem\u00e9lyes v\u00e9delem egyik gyakran figyelmen k\u00edv\u00fcl hagyott, de kulcsfontoss\u00e1g\u00fa aspektusa a h\u00edv\u00e1sok r\u00f6gz\u00edt\u00e9s\u00e9nek lehet\u0151s\u00e9ge. Ebben a cikkben megvizsg\u00e1ljuk ennek a gyakorlatnak a fontoss\u00e1g\u00e1t az eszk\u00f6zbiztons\u00e1g szempontj\u00e1b\u00f3l, \u00e9s [\u2026]<\/p>","protected":false},"author":219,"featured_media":4949,"comment_status":"closed","ping_status":"open","sticky":false,"template":"","format":"standard","meta":{"footnotes":""},"categories":[2],"tags":[127,902,904],"yoast_head":"<!-- This site is optimized with the Yoast SEO plugin v23.3 - https:\/\/yoast.com\/wordpress\/plugins\/seo\/ -->\n<title>Grabar Llamadas para la Protecci\u00f3n contra Amenazas Cibern\u00e9ticas - Universo Fam\u00edlia<\/title>\n<meta name=\"description\" content=\"Grabar Llamadas para la Protecci\u00f3n contra Amenazas Cibern\u00e9ticas. En un mundo cada vez m\u00e1s digitalizado, la seguridad del celular...\" \/>\n<meta name=\"robots\" content=\"index, follow, max-snippet:-1, max-image-preview:large, max-video-preview:-1\" \/>\n<link rel=\"canonical\" href=\"http:\/\/universofamilia.com\/hu\/grabar-llamadas-para-la-proteccion-contra-amenazas-ciberneticas\/\" \/>\n<meta property=\"og:locale\" content=\"hu_HU\" \/>\n<meta property=\"og:type\" content=\"article\" \/>\n<meta property=\"og:title\" content=\"Grabar Llamadas para la Protecci\u00f3n contra Amenazas Cibern\u00e9ticas - Universo Fam\u00edlia\" \/>\n<meta property=\"og:description\" content=\"Grabar Llamadas para la Protecci\u00f3n contra Amenazas Cibern\u00e9ticas. En un mundo cada vez m\u00e1s digitalizado, la seguridad del celular...\" \/>\n<meta property=\"og:url\" content=\"http:\/\/universofamilia.com\/hu\/grabar-llamadas-para-la-proteccion-contra-amenazas-ciberneticas\/\" \/>\n<meta property=\"og:site_name\" content=\"Universo Fam\u00edlia\" \/>\n<meta property=\"article:published_time\" content=\"2024-01-21T13:11:51+00:00\" \/>\n<meta property=\"article:modified_time\" content=\"2025-10-05T04:00:17+00:00\" \/>\n<meta property=\"og:image\" content=\"http:\/\/universofamilia.com\/wp-content\/uploads\/sites\/148\/2024\/01\/P-550x350-7.jpg\" \/>\n\t<meta property=\"og:image:width\" content=\"550\" \/>\n\t<meta property=\"og:image:height\" content=\"350\" \/>\n\t<meta property=\"og:image:type\" content=\"image\/jpeg\" \/>\n<meta name=\"author\" content=\"Matheus Sangaletti\" \/>\n<meta name=\"twitter:card\" content=\"summary_large_image\" \/>\n<meta name=\"twitter:label1\" content=\"Written by\" \/>\n\t<meta name=\"twitter:data1\" content=\"Matheus Sangaletti\" \/>\n\t<meta name=\"twitter:label2\" content=\"Est. reading time\" \/>\n\t<meta name=\"twitter:data2\" content=\"4 perc\" \/>\n<script type=\"application\/ld+json\" class=\"yoast-schema-graph\">{\"@context\":\"https:\/\/schema.org\",\"@graph\":[{\"@type\":\"WebPage\",\"@id\":\"http:\/\/universofamilia.com\/ja\/grabar-llamadas-para-la-proteccion-contra-amenazas-ciberneticas\/\",\"url\":\"http:\/\/universofamilia.com\/ja\/grabar-llamadas-para-la-proteccion-contra-amenazas-ciberneticas\/\",\"name\":\"Grabar Llamadas para la Protecci\u00f3n contra Amenazas Cibern\u00e9ticas - Universo Fam\u00edlia\",\"isPartOf\":{\"@id\":\"https:\/\/universofamilia.com\/el\/#website\"},\"primaryImageOfPage\":{\"@id\":\"http:\/\/universofamilia.com\/ja\/grabar-llamadas-para-la-proteccion-contra-amenazas-ciberneticas\/#primaryimage\"},\"image\":{\"@id\":\"http:\/\/universofamilia.com\/ja\/grabar-llamadas-para-la-proteccion-contra-amenazas-ciberneticas\/#primaryimage\"},\"thumbnailUrl\":\"http:\/\/universofamilia.com\/wp-content\/uploads\/sites\/148\/2024\/01\/P-550x350-7.jpg\",\"datePublished\":\"2024-01-21T13:11:51+00:00\",\"dateModified\":\"2025-10-05T04:00:17+00:00\",\"author\":{\"@id\":\"https:\/\/universofamilia.com\/el\/#\/schema\/person\/92fcd07e9b1f4323bf74f3170fc0f78a\"},\"description\":\"Grabar Llamadas para la Protecci\u00f3n contra Amenazas Cibern\u00e9ticas. En un mundo cada vez m\u00e1s digitalizado, la seguridad del celular...\",\"breadcrumb\":{\"@id\":\"http:\/\/universofamilia.com\/ja\/grabar-llamadas-para-la-proteccion-contra-amenazas-ciberneticas\/#breadcrumb\"},\"inLanguage\":\"hu\",\"potentialAction\":[{\"@type\":\"ReadAction\",\"target\":[\"http:\/\/universofamilia.com\/ja\/grabar-llamadas-para-la-proteccion-contra-amenazas-ciberneticas\/\"]}]},{\"@type\":\"ImageObject\",\"inLanguage\":\"hu\",\"@id\":\"http:\/\/universofamilia.com\/ja\/grabar-llamadas-para-la-proteccion-contra-amenazas-ciberneticas\/#primaryimage\",\"url\":\"http:\/\/universofamilia.com\/wp-content\/uploads\/sites\/148\/2024\/01\/P-550x350-7.jpg\",\"contentUrl\":\"http:\/\/universofamilia.com\/wp-content\/uploads\/sites\/148\/2024\/01\/P-550x350-7.jpg\",\"width\":550,\"height\":350,\"caption\":\"Grabar Llamadas para la Protecci\u00f3n contra Amenazas Cibern\u00e9ticas\"},{\"@type\":\"BreadcrumbList\",\"@id\":\"http:\/\/universofamilia.com\/ja\/grabar-llamadas-para-la-proteccion-contra-amenazas-ciberneticas\/#breadcrumb\",\"itemListElement\":[{\"@type\":\"ListItem\",\"position\":1,\"name\":\"Home\",\"item\":\"https:\/\/universofamilia.com\/el\/\"},{\"@type\":\"ListItem\",\"position\":2,\"name\":\"Grabar Llamadas para la Protecci\u00f3n contra Amenazas Cibern\u00e9ticas\"}]},{\"@type\":\"WebSite\",\"@id\":\"https:\/\/universofamilia.com\/el\/#website\",\"url\":\"https:\/\/universofamilia.com\/el\/\",\"name\":\"Universo Fam\u00edlia\",\"description\":\"\",\"potentialAction\":[{\"@type\":\"SearchAction\",\"target\":{\"@type\":\"EntryPoint\",\"urlTemplate\":\"https:\/\/universofamilia.com\/el\/?s={search_term_string}\"},\"query-input\":\"required name=search_term_string\"}],\"inLanguage\":\"hu\"},{\"@type\":\"Person\",\"@id\":\"https:\/\/universofamilia.com\/el\/#\/schema\/person\/92fcd07e9b1f4323bf74f3170fc0f78a\",\"name\":\"Matheus Sangaletti\",\"image\":{\"@type\":\"ImageObject\",\"inLanguage\":\"hu\",\"@id\":\"https:\/\/universofamilia.com\/el\/#\/schema\/person\/image\/\",\"url\":\"http:\/\/2.gravatar.com\/avatar\/280ea957a14a48e6a1ad2133d2cc27c9?s=96&d=mm&r=g\",\"contentUrl\":\"http:\/\/2.gravatar.com\/avatar\/280ea957a14a48e6a1ad2133d2cc27c9?s=96&d=mm&r=g\",\"caption\":\"Matheus Sangaletti\"},\"url\":\"http:\/\/universofamilia.com\/hu\/author\/matheuss\/\"}]}<\/script>\n<!-- \/ Yoast SEO plugin. -->","yoast_head_json":{"title":"Grabar Llamadas para la Protecci\u00f3n contra Amenazas Cibern\u00e9ticas - Universo Fam\u00edlia","description":"Grabar Llamadas para la Protecci\u00f3n contra Amenazas Cibern\u00e9ticas. En un mundo cada vez m\u00e1s digitalizado, la seguridad del celular...","robots":{"index":"index","follow":"follow","max-snippet":"max-snippet:-1","max-image-preview":"max-image-preview:large","max-video-preview":"max-video-preview:-1"},"canonical":"http:\/\/universofamilia.com\/hu\/grabar-llamadas-para-la-proteccion-contra-amenazas-ciberneticas\/","og_locale":"hu_HU","og_type":"article","og_title":"Grabar Llamadas para la Protecci\u00f3n contra Amenazas Cibern\u00e9ticas - Universo Fam\u00edlia","og_description":"Grabar Llamadas para la Protecci\u00f3n contra Amenazas Cibern\u00e9ticas. En un mundo cada vez m\u00e1s digitalizado, la seguridad del celular...","og_url":"http:\/\/universofamilia.com\/hu\/grabar-llamadas-para-la-proteccion-contra-amenazas-ciberneticas\/","og_site_name":"Universo Fam\u00edlia","article_published_time":"2024-01-21T13:11:51+00:00","article_modified_time":"2025-10-05T04:00:17+00:00","og_image":[{"width":550,"height":350,"url":"http:\/\/universofamilia.com\/wp-content\/uploads\/sites\/148\/2024\/01\/P-550x350-7.jpg","type":"image\/jpeg"}],"author":"Matheus Sangaletti","twitter_card":"summary_large_image","twitter_misc":{"Written by":"Matheus Sangaletti","Est. reading time":"4 perc"},"schema":{"@context":"https:\/\/schema.org","@graph":[{"@type":"WebPage","@id":"http:\/\/universofamilia.com\/ja\/grabar-llamadas-para-la-proteccion-contra-amenazas-ciberneticas\/","url":"http:\/\/universofamilia.com\/ja\/grabar-llamadas-para-la-proteccion-contra-amenazas-ciberneticas\/","name":"Grabar Llamadas para la Protecci\u00f3n contra Amenazas Cibern\u00e9ticas - Universo Fam\u00edlia","isPartOf":{"@id":"https:\/\/universofamilia.com\/el\/#website"},"primaryImageOfPage":{"@id":"http:\/\/universofamilia.com\/ja\/grabar-llamadas-para-la-proteccion-contra-amenazas-ciberneticas\/#primaryimage"},"image":{"@id":"http:\/\/universofamilia.com\/ja\/grabar-llamadas-para-la-proteccion-contra-amenazas-ciberneticas\/#primaryimage"},"thumbnailUrl":"http:\/\/universofamilia.com\/wp-content\/uploads\/sites\/148\/2024\/01\/P-550x350-7.jpg","datePublished":"2024-01-21T13:11:51+00:00","dateModified":"2025-10-05T04:00:17+00:00","author":{"@id":"https:\/\/universofamilia.com\/el\/#\/schema\/person\/92fcd07e9b1f4323bf74f3170fc0f78a"},"description":"Grabar Llamadas para la Protecci\u00f3n contra Amenazas Cibern\u00e9ticas. En un mundo cada vez m\u00e1s digitalizado, la seguridad del celular...","breadcrumb":{"@id":"http:\/\/universofamilia.com\/ja\/grabar-llamadas-para-la-proteccion-contra-amenazas-ciberneticas\/#breadcrumb"},"inLanguage":"hu","potentialAction":[{"@type":"ReadAction","target":["http:\/\/universofamilia.com\/ja\/grabar-llamadas-para-la-proteccion-contra-amenazas-ciberneticas\/"]}]},{"@type":"ImageObject","inLanguage":"hu","@id":"http:\/\/universofamilia.com\/ja\/grabar-llamadas-para-la-proteccion-contra-amenazas-ciberneticas\/#primaryimage","url":"http:\/\/universofamilia.com\/wp-content\/uploads\/sites\/148\/2024\/01\/P-550x350-7.jpg","contentUrl":"http:\/\/universofamilia.com\/wp-content\/uploads\/sites\/148\/2024\/01\/P-550x350-7.jpg","width":550,"height":350,"caption":"Grabar Llamadas para la Protecci\u00f3n contra Amenazas Cibern\u00e9ticas"},{"@type":"BreadcrumbList","@id":"http:\/\/universofamilia.com\/ja\/grabar-llamadas-para-la-proteccion-contra-amenazas-ciberneticas\/#breadcrumb","itemListElement":[{"@type":"ListItem","position":1,"name":"Home","item":"https:\/\/universofamilia.com\/el\/"},{"@type":"ListItem","position":2,"name":"Grabar Llamadas para la Protecci\u00f3n contra Amenazas Cibern\u00e9ticas"}]},{"@type":"WebSite","@id":"https:\/\/universofamilia.com\/el\/#website","url":"https:\/\/universofamilia.com\/el\/","name":"Universo Fam\u00edlia","description":"","potentialAction":[{"@type":"SearchAction","target":{"@type":"EntryPoint","urlTemplate":"https:\/\/universofamilia.com\/el\/?s={search_term_string}"},"query-input":"required name=search_term_string"}],"inLanguage":"hu"},{"@type":"Person","@id":"https:\/\/universofamilia.com\/el\/#\/schema\/person\/92fcd07e9b1f4323bf74f3170fc0f78a","name":"Matheus Sangaletti","image":{"@type":"ImageObject","inLanguage":"hu","@id":"https:\/\/universofamilia.com\/el\/#\/schema\/person\/image\/","url":"http:\/\/2.gravatar.com\/avatar\/280ea957a14a48e6a1ad2133d2cc27c9?s=96&d=mm&r=g","contentUrl":"http:\/\/2.gravatar.com\/avatar\/280ea957a14a48e6a1ad2133d2cc27c9?s=96&d=mm&r=g","caption":"Matheus Sangaletti"},"url":"http:\/\/universofamilia.com\/hu\/author\/matheuss\/"}]}},"_links":{"self":[{"href":"http:\/\/universofamilia.com\/hu\/wp-json\/wp\/v2\/posts\/4948"}],"collection":[{"href":"http:\/\/universofamilia.com\/hu\/wp-json\/wp\/v2\/posts"}],"about":[{"href":"http:\/\/universofamilia.com\/hu\/wp-json\/wp\/v2\/types\/post"}],"author":[{"embeddable":true,"href":"http:\/\/universofamilia.com\/hu\/wp-json\/wp\/v2\/users\/219"}],"replies":[{"embeddable":true,"href":"http:\/\/universofamilia.com\/hu\/wp-json\/wp\/v2\/comments?post=4948"}],"version-history":[{"count":1,"href":"http:\/\/universofamilia.com\/hu\/wp-json\/wp\/v2\/posts\/4948\/revisions"}],"predecessor-version":[{"id":9837,"href":"http:\/\/universofamilia.com\/hu\/wp-json\/wp\/v2\/posts\/4948\/revisions\/9837"}],"wp:featuredmedia":[{"embeddable":true,"href":"http:\/\/universofamilia.com\/hu\/wp-json\/wp\/v2\/media\/4949"}],"wp:attachment":[{"href":"http:\/\/universofamilia.com\/hu\/wp-json\/wp\/v2\/media?parent=4948"}],"wp:term":[{"taxonomy":"category","embeddable":true,"href":"http:\/\/universofamilia.com\/hu\/wp-json\/wp\/v2\/categories?post=4948"},{"taxonomy":"post_tag","embeddable":true,"href":"http:\/\/universofamilia.com\/hu\/wp-json\/wp\/v2\/tags?post=4948"}],"curies":[{"name":"wp","href":"https:\/\/api.w.org\/{rel}","templated":true}]}}