{"id":5072,"date":"2024-01-26T17:21:30","date_gmt":"2024-01-26T17:21:30","guid":{"rendered":"https:\/\/universofamilia.com\/?p=5072"},"modified":"2026-04-15T11:03:51","modified_gmt":"2026-04-15T14:03:51","slug":"la-magia-de-las-montajes-de-fotos-y-videos","status":"publish","type":"post","link":"http:\/\/universofamilia.com\/hu\/la-magia-de-las-montajes-de-fotos-y-videos\/","title":{"rendered":"A fot\u00f3- \u00e9s vide\u00f3mont\u00e1zs var\u00e1zsa"},"content":{"rendered":"<p>A k\u00fcl\u00f6nleges pillanatok meg\u00f6r\u00f6k\u00edt\u00e9se m\u0171v\u00e9szet, \u00e9s azoknak a n\u0151knek, akik \u00e9let\u00fck minden apr\u00f3 r\u00e9szlet\u00e9t \u00e9rt\u00e9kelik, a fot\u00f3- \u00e9s vide\u00f3mont\u00e1zsok k\u00e9sz\u00edt\u00e9se egy kellemes m\u00f3dja annak, hogy minden egyes pillanatot meg\u00f6r\u00f6k\u00edtsenek.<\/p>\n\n\n\n<p>Ak\u00e1r egy k\u00fcl\u00f6nleges alkalomr\u00f3l eml\u00e9kezel meg, ak\u00e1r m\u00e9rf\u00f6ldk\u00f6veket \u00fcnnepelsz, vagy a csal\u00e1dod n\u00f6veked\u00e9s\u00e9t \u00f6r\u00f6k\u00edted meg, a fot\u00f3szerkeszt\u0151 alkalmaz\u00e1sok rengeteg lehet\u0151s\u00e9get k\u00edn\u00e1lnak arra, hogy egyszer\u0171 k\u00e9peket val\u00f3di m\u0171alkot\u00e1sokk\u00e1 alak\u00edts.<\/p>\n\n\n\n<h2 class=\"wp-block-heading\">Az \u00f6r\u00f6kk\u00e9val\u00f3 pillanatok fontoss\u00e1ga<\/h2>\n\n\n\n<p>Az \u00e9let egyedi pillanatokb\u00f3l \u00e1ll, \u00e9s ezeknek a f\u00e9nyk\u00e9pek \u00e9s vide\u00f3k form\u00e1j\u00e1ban val\u00f3 meg\u00f6r\u00f6k\u00edt\u00e9se olyan, mint egy szem\u00e9lyes id\u0151kapszula l\u00e9trehoz\u00e1sa.<\/p>\n\n\n\n<p>A n\u0151k meg\u00e9rtik, milyen fontos dokument\u00e1lni a t\u00f6rt\u00e9neteiket, mivel minden fot\u00f3 \u00e9s vide\u00f3 nemcsak vizu\u00e1lis narrat\u00edv\u00e1t mes\u00e9l el, hanem mag\u00e1ban hordozza az abban a pillanatban \u00e1t\u00e9lt \u00e9rzelmeket, nevet\u00e9st \u00e9s \u00f6r\u00f6m\u00f6t is.<\/p>\n\n\n\n<p>Az \u00e9vek sor\u00e1n a szob\u00e1kat felfed\u0151 \u00e9s d\u00edsz\u00edt\u0151 festm\u00e9nyek k\u00e9sz\u00edt\u00e9s\u00e9nek hagyom\u00e1nya id\u0151tlen gyakorlatt\u00e1 v\u00e1lt.<\/p>\n\n\n\n<h2 class=\"wp-block-heading\">L\u00e1sd m\u00e9g<\/h2>\n\n\n\n<ul>\n<li><a href=\"https:\/\/universofamilia.com\/hu\/4419\/aplicaciones-para-editar-y-crear-reels\/\">Alkalmaz\u00e1sok ors\u00f3k szerkeszt\u00e9s\u00e9hez \u00e9s l\u00e9trehoz\u00e1s\u00e1hoz<\/a><\/li>\n\n\n\n<li><a href=\"https:\/\/universofamilia.com\/hu\/4338\/las-mejores-aplicaciones-para-ver-peliculas-y-series\/\">A legjobb alkalmaz\u00e1sok filmek \u00e9s sorozatok n\u00e9z\u00e9s\u00e9hez<\/a><\/li>\n\n\n\n<li><a href=\"https:\/\/universofamilia.com\/hu\/4399\/aplicaciones-para-la-identificacion-de-plantas\/\">N\u00f6v\u00e9nyazonos\u00edt\u00e1si k\u00e9relmek<\/a><\/li>\n\n\n\n<li><a href=\"https:\/\/universofamilia.com\/hu\/4353\/aplicaciones-para-descubrir-con-que-celebridad-te-pareces\/\">Alkalmaz\u00e1sok, amelyekkel megtudhatod, melyik h\u00edress\u00e9gre hasonl\u00edtasz<\/a><\/li>\n\n\n\n<li><a href=\"https:\/\/universofamilia.com\/hu\/4369\/las-aplicaciones-de-musica-en-el-estado-de-whatsapp\/\">Zenei alkalmaz\u00e1sok a WhatsApp \u00e1llapot\u00e1ban<\/a><\/li>\n<\/ul>\n\n\n\n<p>Ezek a festm\u00e9nyek nem csup\u00e1n d\u00edszt\u00e1rgyak, hanem n\u00e9ma tan\u00fai azoknak a pillanatoknak, amelyek form\u00e1lt\u00e1k azt, akik vagyunk.<\/p>\n\n\n\n<p>A k\u00e9pszerkeszt\u0151 alkalmaz\u00e1sok t\u00e9rnyer\u00e9s\u00e9vel ez a hagyom\u00e1ny a digit\u00e1lis vil\u00e1gg\u00e1 fejl\u0151d\u00f6tt, lehet\u0151v\u00e9 t\u00e9ve a n\u0151k sz\u00e1m\u00e1ra, hogy kor\u00e1bban elk\u00e9pzelhetetlen m\u00f3don fejezz\u00e9k ki kreativit\u00e1sukat.<\/p>\n\n\n\n<h2 class=\"wp-block-heading\">Felhaszn\u00e1l\u00f3i v\u00e9lem\u00e9nyek<\/h2>\n\n\n\n<p>A fot\u00f3- \u00e9s vide\u00f3szerkeszt\u0151 alkalmaz\u00e1sok n\u00e9pszer\u0171s\u00e9gre tettek szert minden koroszt\u00e1ly\u00fa n\u0151 k\u00f6r\u00e9ben.<\/p>\n\n\n\n<p>A k\u00f6nny\u0171 haszn\u00e1lat, a k\u00fcl\u00f6nf\u00e9le eszk\u00f6z\u00f6k \u00e9s a leny\u0171g\u00f6z\u0151 vizu\u00e1lis effektek n\u00e9h\u00e1ny oka annak, hogy mi\u00e9rt nyerte el a felhaszn\u00e1l\u00f3k sz\u00edv\u00e9t.<\/p>\n\n\n\n<h2 class=\"wp-block-heading\"><strong>PicsArt<\/strong><\/h2>\n\n\n\n<p>T\u00f6bb mint egymilli\u00e1rd \u00e9rt\u00e9kel\u00e9ssel a Google Playen \u00e9s egy szil\u00e1rd 4,5 csillagos \u00e9rt\u00e9kel\u00e9ssel a PicsArt n\u00e9pszer\u0171 v\u00e1laszt\u00e1s.<\/p>\n\n\n\n<p>Ak\u00e1r m\u0171v\u00e9szi sz\u0171r\u0151ket adsz hozz\u00e1, k\u00e9peket r\u00e9tegezel, vagy grafikai elemeket illesztesz be, az alkalmaz\u00e1s eszk\u00f6z\u00f6k teljes sk\u00e1l\u00e1j\u00e1t k\u00edn\u00e1lja.<\/p>\n\n\n\n<p>Az Androidon \u00e9s iOS-en is el\u00e9rhet\u0151 PicsArt lehet\u0151v\u00e9 teszi a n\u0151k sz\u00e1m\u00e1ra, hogy egyedi m\u00f3don fedezz\u00e9k fel kreativit\u00e1sukat.<\/p>\n\n\n\n<h2 class=\"wp-block-heading\"><strong>Canva<\/strong><\/h2>\n\n\n\n<p>A Canva k\u00fcl\u00f6nleges helyet v\u00edvott ki mag\u00e1nak a felhaszn\u00e1l\u00f3k sz\u00edv\u00e9ben, 4,8 csillagos \u00e9rt\u00e9kel\u00e9sekkel a Google Playen \u00e9s leny\u0171g\u00f6z\u0151 4,9 csillagos \u00e9rt\u00e9kel\u00e9sekkel az App Store-ban.<\/p>\n\n\n\n<p>Amellett, hogy hat\u00e9kony eszk\u00f6z a k\u00fcl\u00f6nf\u00e9le tervek k\u00e9sz\u00edt\u00e9s\u00e9hez, az alkalmaz\u00e1s fot\u00f3- \u00e9s vide\u00f3mont\u00e1zsokhoz is k\u00edn\u00e1l forr\u00e1sokat.<\/p>\n\n\n\n<p>Intuit\u00edv fel\u00fclet\u00e9vel \u00e9s korl\u00e1tlan testreszab\u00e1si lehet\u0151s\u00e9geivel a Canva sokoldal\u00fa v\u00e1laszt\u00e1s azoknak a n\u0151knek, akik szeretn\u00e9k kifejezni egy\u00e9nis\u00e9g\u00fcket.<\/p>\n\n\n\n<h2 class=\"wp-block-heading\"><strong>InShot<\/strong><\/h2>\n\n\n\n<p>Az InShot, 4,8 csillaggal a Google Playen \u00e9s 4,9 csillaggal az App Store-ban, kiemelked\u0151 vide\u00f3szerkeszt\u0151 alkalmaz\u00e1s.<\/p>\n\n\n\n<p>Az InShot t\u00f6k\u00e9letes azoknak a n\u0151knek, akik zen\u00e9t szeretn\u00e9nek hozz\u00e1adni, jeleneteket v\u00e1gni vagy speci\u00e1lis effekteket be\u00e9p\u00edteni vide\u00f3ikba, leegyszer\u0171s\u00edtett \u00e9s hat\u00e9kony szerkeszt\u00e9si \u00e9lm\u00e9nyt k\u00edn\u00e1l.<\/p>\n\n\n\n<p>Androidra \u00e9s iOS-re is el\u00e9rhet\u0151, \u00e9rt\u00e9kes lehet\u0151s\u00e9g eml\u00e9kezetes vide\u00f3k k\u00e9sz\u00edt\u00e9s\u00e9hez.<\/p>\n\n\n<div class=\"wp-block-image\">\n<figure class=\"aligncenter size-full\"><img loading=\"lazy\" decoding=\"async\" width=\"550\" height=\"350\" src=\"http:\/\/universofamilia.com\/wp-content\/uploads\/sites\/148\/2024\/01\/P-550x350-1-9.jpg\" alt=\"\" class=\"wp-image-5073\" srcset=\"http:\/\/universofamilia.com\/wp-content\/uploads\/sites\/148\/2024\/01\/P-550x350-1-9.jpg 550w, http:\/\/universofamilia.com\/wp-content\/uploads\/sites\/148\/2024\/01\/P-550x350-1-9-300x191.jpg 300w\" sizes=\"(max-width: 550px) 100vw, 550px\" \/><figcaption class=\"wp-element-caption\">A fot\u00f3- \u00e9s vide\u00f3mont\u00e1zs var\u00e1zsa<\/figcaption><\/figure><\/div>\n\n\n<h2 class=\"wp-block-heading\">K\u00f6vetkeztet\u00e9s<\/h2>\n\n\n\n<p>A fot\u00f3- \u00e9s vide\u00f3szerkeszt\u0151 alkalmaz\u00e1sok lehet\u0151s\u00e9get k\u00edn\u00e1lnak a n\u0151knek, hogy saj\u00e1t vizu\u00e1lis t\u00f6rt\u00e9neteket alkossanak.<\/p>\n\n\n\n<p>Az\u00e1ltal, hogy egyszer\u0171 f\u00e9nyk\u00e9peket digit\u00e1lis remekm\u0171vekk\u00e9 alak\u00edtunk, ezek az eszk\u00f6z\u00f6k egyed\u00fcl\u00e1ll\u00f3 m\u00f3dot k\u00edn\u00e1lnak a k\u00fcl\u00f6nleges pillanatok meg\u00f6r\u00f6k\u00edt\u00e9s\u00e9re.<\/p>\n\n\n\n<p>Ak\u00e1r a PicsArt, a Canva vagy az InShot k\u00f6z\u00fcl v\u00e1lasztunk, a l\u00e9nyeg az, hogy ezek az alkalmaz\u00e1sok innovat\u00edv m\u00f3don k\u00e9pesek kifejezni kreativit\u00e1sukat.<\/p>\n\n\n\n<p>V\u00e9gs\u0151 soron nem csak az alkalmaz\u00e1sbolti \u00e9rt\u00e9kel\u00e9s sz\u00e1m\u00edt, hanem az az el\u00e9gedetts\u00e9g, hogy \u00e9rt\u00e9kes eml\u00e9keket l\u00e1thatunk digit\u00e1lis m\u0171v\u00e9szett\u00e9 alakulni.<\/p>\n\n\n\n<h3 class=\"wp-block-heading\">Let\u00f6lthet\u0151 alkalmaz\u00e1sok:<\/h3>\n\n\n\n<ul>\n<li>PicsArt<a href=\"https:\/\/play.google.com\/store\/\"> (Android)<\/a> \/ <a href=\"https:\/\/apps.apple.com\/us\/iphone\/today\">(iOS)<\/a><\/li>\n\n\n\n<li>Canva <a href=\"https:\/\/play.google.com\/store\/\">(Android)<\/a> \/ <a href=\"https:\/\/apps.apple.com\/us\/iphone\/today\">(iOS)<\/a><\/li>\n\n\n\n<li>InShot <a href=\"https:\/\/play.google.com\/store\/\">(Android)<\/a> \/ <a href=\"https:\/\/apps.apple.com\/us\/iphone\/today\">(iOS)<\/a><\/li>\n<\/ul>","protected":false},"excerpt":{"rendered":"<p>A k\u00fcl\u00f6nleges pillanatok meg\u00f6r\u00f6k\u00edt\u00e9se m\u0171v\u00e9szet, \u00e9s azoknak a n\u0151knek, akik \u00e9let\u00fck minden apr\u00f3 r\u00e9szlet\u00e9t \u00e9rt\u00e9kelik, a fot\u00f3- \u00e9s vide\u00f3mont\u00e1zsok k\u00e9sz\u00edt\u00e9se \u00f6r\u00f6mteli m\u00f3dja lett minden egyes pillanat meg\u00f6r\u00f6k\u00edt\u00e9s\u00e9nek. Ak\u00e1r egy k\u00fcl\u00f6nleges alkalom megeml\u00e9kez\u00e9s\u00e9r\u0151l, m\u00e9rf\u00f6ldk\u00f6vek meg\u00fcnnepl\u00e9s\u00e9r\u0151l vagy egy csal\u00e1d n\u00f6veked\u00e9s\u00e9nek meg\u00f6r\u00f6k\u00edt\u00e9s\u00e9r\u0151l van sz\u00f3, a fot\u00f3alkalmaz\u00e1sok [\u2026]<\/p>","protected":false},"author":139,"featured_media":5073,"comment_status":"closed","ping_status":"open","sticky":false,"template":"","format":"standard","meta":{"footnotes":""},"categories":[4],"tags":[116,989,1387],"yoast_head":"<!-- This site is optimized with the Yoast SEO plugin v23.3 - https:\/\/yoast.com\/wordpress\/plugins\/seo\/ -->\n<title>La Magia de las Montajes de Fotos y Videos - Universo Fam\u00edlia<\/title>\n<meta name=\"description\" content=\"La Magia de las Montajes de Fotos y Videos. Capturar momentos especiales es un arte, y para las mujeres que valoran cada detalle de...\" \/>\n<meta name=\"robots\" content=\"index, follow, max-snippet:-1, max-image-preview:large, max-video-preview:-1\" \/>\n<link rel=\"canonical\" href=\"https:\/\/universofamilia.com\/hu\/la-magia-de-las-montajes-de-fotos-y-videos\/\" \/>\n<meta property=\"og:locale\" content=\"hu_HU\" \/>\n<meta property=\"og:type\" content=\"article\" \/>\n<meta property=\"og:title\" content=\"La Magia de las Montajes de Fotos y Videos - Universo Fam\u00edlia\" \/>\n<meta property=\"og:description\" content=\"La Magia de las Montajes de Fotos y Videos. Capturar momentos especiales es un arte, y para las mujeres que valoran cada detalle de...\" \/>\n<meta property=\"og:url\" content=\"https:\/\/universofamilia.com\/hu\/la-magia-de-las-montajes-de-fotos-y-videos\/\" \/>\n<meta property=\"og:site_name\" content=\"Universo Fam\u00edlia\" \/>\n<meta property=\"article:published_time\" content=\"2024-01-26T17:21:30+00:00\" \/>\n<meta property=\"article:modified_time\" content=\"2026-04-15T14:03:51+00:00\" \/>\n<meta property=\"og:image\" content=\"https:\/\/universofamilia.com\/wp-content\/uploads\/sites\/148\/2024\/01\/P-550x350-1-9.jpg\" \/>\n\t<meta property=\"og:image:width\" content=\"550\" \/>\n\t<meta property=\"og:image:height\" content=\"350\" \/>\n\t<meta property=\"og:image:type\" content=\"image\/jpeg\" \/>\n<meta name=\"author\" content=\"Pedro Henrique\" \/>\n<meta name=\"twitter:card\" content=\"summary_large_image\" \/>\n<meta name=\"twitter:label1\" content=\"Written by\" \/>\n\t<meta name=\"twitter:data1\" content=\"Pedro Henrique\" \/>\n\t<meta name=\"twitter:label2\" content=\"Est. reading time\" \/>\n\t<meta name=\"twitter:data2\" content=\"4 perc\" \/>\n<script type=\"application\/ld+json\" class=\"yoast-schema-graph\">{\"@context\":\"https:\/\/schema.org\",\"@graph\":[{\"@type\":\"WebPage\",\"@id\":\"https:\/\/universofamilia.com\/sk\/la-magia-de-las-montajes-de-fotos-y-videos\/\",\"url\":\"https:\/\/universofamilia.com\/sk\/la-magia-de-las-montajes-de-fotos-y-videos\/\",\"name\":\"La Magia de las Montajes de Fotos y Videos - Universo Fam\u00edlia\",\"isPartOf\":{\"@id\":\"https:\/\/universofamilia.com\/el\/#website\"},\"primaryImageOfPage\":{\"@id\":\"https:\/\/universofamilia.com\/sk\/la-magia-de-las-montajes-de-fotos-y-videos\/#primaryimage\"},\"image\":{\"@id\":\"https:\/\/universofamilia.com\/sk\/la-magia-de-las-montajes-de-fotos-y-videos\/#primaryimage\"},\"thumbnailUrl\":\"http:\/\/universofamilia.com\/wp-content\/uploads\/sites\/148\/2024\/01\/P-550x350-1-9.jpg\",\"datePublished\":\"2024-01-26T17:21:30+00:00\",\"dateModified\":\"2026-04-15T14:03:51+00:00\",\"author\":{\"@id\":\"https:\/\/universofamilia.com\/el\/#\/schema\/person\/f07ce98187dd84d31154262e79b3b7ca\"},\"description\":\"La Magia de las Montajes de Fotos y Videos. Capturar momentos especiales es un arte, y para las mujeres que valoran cada detalle de...\",\"breadcrumb\":{\"@id\":\"https:\/\/universofamilia.com\/sk\/la-magia-de-las-montajes-de-fotos-y-videos\/#breadcrumb\"},\"inLanguage\":\"hu\",\"potentialAction\":[{\"@type\":\"ReadAction\",\"target\":[\"https:\/\/universofamilia.com\/sk\/la-magia-de-las-montajes-de-fotos-y-videos\/\"]}]},{\"@type\":\"ImageObject\",\"inLanguage\":\"hu\",\"@id\":\"https:\/\/universofamilia.com\/sk\/la-magia-de-las-montajes-de-fotos-y-videos\/#primaryimage\",\"url\":\"http:\/\/universofamilia.com\/wp-content\/uploads\/sites\/148\/2024\/01\/P-550x350-1-9.jpg\",\"contentUrl\":\"http:\/\/universofamilia.com\/wp-content\/uploads\/sites\/148\/2024\/01\/P-550x350-1-9.jpg\",\"width\":550,\"height\":350,\"caption\":\"La Magia de las Montajes de Fotos y Videos\"},{\"@type\":\"BreadcrumbList\",\"@id\":\"https:\/\/universofamilia.com\/sk\/la-magia-de-las-montajes-de-fotos-y-videos\/#breadcrumb\",\"itemListElement\":[{\"@type\":\"ListItem\",\"position\":1,\"name\":\"Home\",\"item\":\"https:\/\/universofamilia.com\/el\/\"},{\"@type\":\"ListItem\",\"position\":2,\"name\":\"La Magia de las Montajes de Fotos y Videos\"}]},{\"@type\":\"WebSite\",\"@id\":\"https:\/\/universofamilia.com\/el\/#website\",\"url\":\"https:\/\/universofamilia.com\/el\/\",\"name\":\"Universo Fam\u00edlia\",\"description\":\"\",\"potentialAction\":[{\"@type\":\"SearchAction\",\"target\":{\"@type\":\"EntryPoint\",\"urlTemplate\":\"https:\/\/universofamilia.com\/el\/?s={search_term_string}\"},\"query-input\":\"required name=search_term_string\"}],\"inLanguage\":\"hu\"},{\"@type\":\"Person\",\"@id\":\"https:\/\/universofamilia.com\/el\/#\/schema\/person\/f07ce98187dd84d31154262e79b3b7ca\",\"name\":\"Pedro Henrique\",\"image\":{\"@type\":\"ImageObject\",\"inLanguage\":\"hu\",\"@id\":\"https:\/\/universofamilia.com\/el\/#\/schema\/person\/image\/\",\"url\":\"http:\/\/0.gravatar.com\/avatar\/9edfeb808cb4e1599f64d6e45b130154?s=96&d=mm&r=g\",\"contentUrl\":\"http:\/\/0.gravatar.com\/avatar\/9edfeb808cb4e1599f64d6e45b130154?s=96&d=mm&r=g\",\"caption\":\"Pedro Henrique\"},\"url\":\"http:\/\/universofamilia.com\/hu\/author\/editor01\/\"}]}<\/script>\n<!-- \/ Yoast SEO plugin. -->","yoast_head_json":{"title":"La Magia de las Montajes de Fotos y Videos - Universo Fam\u00edlia","description":"La Magia de las Montajes de Fotos y Videos. Capturar momentos especiales es un arte, y para las mujeres que valoran cada detalle de...","robots":{"index":"index","follow":"follow","max-snippet":"max-snippet:-1","max-image-preview":"max-image-preview:large","max-video-preview":"max-video-preview:-1"},"canonical":"https:\/\/universofamilia.com\/hu\/la-magia-de-las-montajes-de-fotos-y-videos\/","og_locale":"hu_HU","og_type":"article","og_title":"La Magia de las Montajes de Fotos y Videos - Universo Fam\u00edlia","og_description":"La Magia de las Montajes de Fotos y Videos. Capturar momentos especiales es un arte, y para las mujeres que valoran cada detalle de...","og_url":"https:\/\/universofamilia.com\/hu\/la-magia-de-las-montajes-de-fotos-y-videos\/","og_site_name":"Universo Fam\u00edlia","article_published_time":"2024-01-26T17:21:30+00:00","article_modified_time":"2026-04-15T14:03:51+00:00","og_image":[{"width":550,"height":350,"url":"https:\/\/universofamilia.com\/wp-content\/uploads\/sites\/148\/2024\/01\/P-550x350-1-9.jpg","type":"image\/jpeg"}],"author":"Pedro Henrique","twitter_card":"summary_large_image","twitter_misc":{"Written by":"Pedro Henrique","Est. reading time":"4 perc"},"schema":{"@context":"https:\/\/schema.org","@graph":[{"@type":"WebPage","@id":"https:\/\/universofamilia.com\/sk\/la-magia-de-las-montajes-de-fotos-y-videos\/","url":"https:\/\/universofamilia.com\/sk\/la-magia-de-las-montajes-de-fotos-y-videos\/","name":"La Magia de las Montajes de Fotos y Videos - Universo Fam\u00edlia","isPartOf":{"@id":"https:\/\/universofamilia.com\/el\/#website"},"primaryImageOfPage":{"@id":"https:\/\/universofamilia.com\/sk\/la-magia-de-las-montajes-de-fotos-y-videos\/#primaryimage"},"image":{"@id":"https:\/\/universofamilia.com\/sk\/la-magia-de-las-montajes-de-fotos-y-videos\/#primaryimage"},"thumbnailUrl":"http:\/\/universofamilia.com\/wp-content\/uploads\/sites\/148\/2024\/01\/P-550x350-1-9.jpg","datePublished":"2024-01-26T17:21:30+00:00","dateModified":"2026-04-15T14:03:51+00:00","author":{"@id":"https:\/\/universofamilia.com\/el\/#\/schema\/person\/f07ce98187dd84d31154262e79b3b7ca"},"description":"La Magia de las Montajes de Fotos y Videos. Capturar momentos especiales es un arte, y para las mujeres que valoran cada detalle de...","breadcrumb":{"@id":"https:\/\/universofamilia.com\/sk\/la-magia-de-las-montajes-de-fotos-y-videos\/#breadcrumb"},"inLanguage":"hu","potentialAction":[{"@type":"ReadAction","target":["https:\/\/universofamilia.com\/sk\/la-magia-de-las-montajes-de-fotos-y-videos\/"]}]},{"@type":"ImageObject","inLanguage":"hu","@id":"https:\/\/universofamilia.com\/sk\/la-magia-de-las-montajes-de-fotos-y-videos\/#primaryimage","url":"http:\/\/universofamilia.com\/wp-content\/uploads\/sites\/148\/2024\/01\/P-550x350-1-9.jpg","contentUrl":"http:\/\/universofamilia.com\/wp-content\/uploads\/sites\/148\/2024\/01\/P-550x350-1-9.jpg","width":550,"height":350,"caption":"La Magia de las Montajes de Fotos y Videos"},{"@type":"BreadcrumbList","@id":"https:\/\/universofamilia.com\/sk\/la-magia-de-las-montajes-de-fotos-y-videos\/#breadcrumb","itemListElement":[{"@type":"ListItem","position":1,"name":"Home","item":"https:\/\/universofamilia.com\/el\/"},{"@type":"ListItem","position":2,"name":"La Magia de las Montajes de Fotos y Videos"}]},{"@type":"WebSite","@id":"https:\/\/universofamilia.com\/el\/#website","url":"https:\/\/universofamilia.com\/el\/","name":"Universo Fam\u00edlia","description":"","potentialAction":[{"@type":"SearchAction","target":{"@type":"EntryPoint","urlTemplate":"https:\/\/universofamilia.com\/el\/?s={search_term_string}"},"query-input":"required name=search_term_string"}],"inLanguage":"hu"},{"@type":"Person","@id":"https:\/\/universofamilia.com\/el\/#\/schema\/person\/f07ce98187dd84d31154262e79b3b7ca","name":"Pedro Henrique","image":{"@type":"ImageObject","inLanguage":"hu","@id":"https:\/\/universofamilia.com\/el\/#\/schema\/person\/image\/","url":"http:\/\/0.gravatar.com\/avatar\/9edfeb808cb4e1599f64d6e45b130154?s=96&d=mm&r=g","contentUrl":"http:\/\/0.gravatar.com\/avatar\/9edfeb808cb4e1599f64d6e45b130154?s=96&d=mm&r=g","caption":"Pedro Henrique"},"url":"http:\/\/universofamilia.com\/hu\/author\/editor01\/"}]}},"_links":{"self":[{"href":"http:\/\/universofamilia.com\/hu\/wp-json\/wp\/v2\/posts\/5072"}],"collection":[{"href":"http:\/\/universofamilia.com\/hu\/wp-json\/wp\/v2\/posts"}],"about":[{"href":"http:\/\/universofamilia.com\/hu\/wp-json\/wp\/v2\/types\/post"}],"author":[{"embeddable":true,"href":"http:\/\/universofamilia.com\/hu\/wp-json\/wp\/v2\/users\/139"}],"replies":[{"embeddable":true,"href":"http:\/\/universofamilia.com\/hu\/wp-json\/wp\/v2\/comments?post=5072"}],"version-history":[{"count":2,"href":"http:\/\/universofamilia.com\/hu\/wp-json\/wp\/v2\/posts\/5072\/revisions"}],"predecessor-version":[{"id":10750,"href":"http:\/\/universofamilia.com\/hu\/wp-json\/wp\/v2\/posts\/5072\/revisions\/10750"}],"wp:featuredmedia":[{"embeddable":true,"href":"http:\/\/universofamilia.com\/hu\/wp-json\/wp\/v2\/media\/5073"}],"wp:attachment":[{"href":"http:\/\/universofamilia.com\/hu\/wp-json\/wp\/v2\/media?parent=5072"}],"wp:term":[{"taxonomy":"category","embeddable":true,"href":"http:\/\/universofamilia.com\/hu\/wp-json\/wp\/v2\/categories?post=5072"},{"taxonomy":"post_tag","embeddable":true,"href":"http:\/\/universofamilia.com\/hu\/wp-json\/wp\/v2\/tags?post=5072"}],"curies":[{"name":"wp","href":"https:\/\/api.w.org\/{rel}","templated":true}]}}