{"id":5114,"date":"2024-01-31T20:10:23","date_gmt":"2024-01-31T20:10:23","guid":{"rendered":"https:\/\/universofamilia.com\/?p=5114"},"modified":"2025-01-28T12:48:31","modified_gmt":"2025-01-28T12:48:31","slug":"la-importancia-de-ocultar-tu-galeria-de-fotos-y-videos","status":"publish","type":"post","link":"http:\/\/universofamilia.com\/hu\/la-importancia-de-ocultar-tu-galeria-de-fotos-y-videos\/","title":{"rendered":"A fot\u00f3- \u00e9s vide\u00f3gal\u00e9ria elrejt\u00e9s\u00e9nek fontoss\u00e1ga"},"content":{"rendered":"<p>A mai digit\u00e1lis vil\u00e1gban, ahol a technol\u00f3gia alapvet\u0151 szerepet j\u00e1tszik \u00e9let\u00fcnkben, az adatv\u00e9delem egyre s\u00fcrget\u0151bb\u00e9 v\u00e1lik.<\/p>\n\n\n\n<p>Az okostelefonok elterjed\u00e9s\u00e9vel megszokott\u00e1 v\u00e1lt, hogy sokf\u00e9le f\u00e9nyk\u00e9pet \u00e9s vide\u00f3t t\u00e1rolunk eszk\u00f6zeinken.<\/p>\n\n\n\n<p>Ezek a f\u00e1jlok azonban gyakran tartalmazhatnak intim vagy kompromitt\u00e1l\u00f3 pillanatokat, amelyeket ink\u00e1bb t\u00e1vol tartunk a k\u00edv\u00e1ncsi szemek el\u0151l.<\/p>\n\n\n\n<p>Ebben az \u00f6sszef\u00fcgg\u00e9sben v\u00e1lik relev\u00e1nss\u00e1 a fot\u00f3- \u00e9s vide\u00f3gal\u00e9ri\u00e1k elrejt\u00e9s\u00e9re szakosodott alkalmaz\u00e1sok haszn\u00e1lata.<\/p>\n\n\n\n<h2 class=\"wp-block-heading\">L\u00e1sd m\u00e9g<\/h2>\n\n\n\n<ul>\n<li><a href=\"https:\/\/universofamilia.com\/hu\/5099\/restaurar-fotos-eliminadas-en-el-telefono-movil\/\">T\u00f6r\u00f6lt fot\u00f3k vissza\u00e1ll\u00edt\u00e1sa mobiltelefonon<\/a><\/li>\n\n\n\n<li><a href=\"https:\/\/universofamilia.com\/hu\/5105\/noviazgo-cristiano-para-toda-la-vida\/\">Kereszt\u00e9ny randev\u00faz\u00e1s egy \u00e9letre<\/a><\/li>\n<\/ul>\n\n\n\n<h2 class=\"wp-block-heading\"><strong>A digit\u00e1lis adatv\u00e9delem fontoss\u00e1ga<\/strong><\/h2>\n\n\n\n<p>A mobiltelefonok gyakran a mindennapi \u00e9let\u00fcnk kiterjeszt\u00e9sei, nemcsak a boldog pillanatok feljegyz\u00e9seit tartalmazz\u00e1k, hanem szem\u00e9lyes \u00e9s intim eml\u00e9keket is.<\/p>\n\n\n\n<p>Sok felhaszn\u00e1l\u00f3 sz\u00e1m\u00e1ra priorit\u00e1ss\u00e1 v\u00e1lik ezen inform\u00e1ci\u00f3k v\u00e9delme a kiberk\u00e9mekt\u0151l vagy a k\u00edv\u00e1ncsi emberekt\u0151l.<\/p>\n\n\n\n<p>A fot\u00f3- \u00e9s vide\u00f3rejt\u0151 alkalmaz\u00e1sok tov\u00e1bbi biztons\u00e1gi r\u00e9teget biztos\u00edtanak, biztos\u00edtva, hogy csak a jogosult felhaszn\u00e1l\u00f3k f\u00e9rhessenek hozz\u00e1 a v\u00e9dett f\u00e1jlokhoz.<\/p>\n\n\n\n<p>A szem\u00e9lyes adatok v\u00e9delme mellett ezek az alkalmaz\u00e1sok hasznosak lehetnek akkor is, ha az eszk\u00f6z\u00f6d elveszik vagy ellopj\u00e1k.<\/p>\n\n\n\n<p>V\u00e9g\u00fcl is egy mobiltelefon elveszt\u00e9se nem jelentheti bizalmas inform\u00e1ci\u00f3k kisziv\u00e1rg\u00e1s\u00e1t.<\/p>\n\n\n\n<p>Ebben az \u00f6sszef\u00fcgg\u00e9sben a biztons\u00e1gi int\u00e9zked\u00e9sek, p\u00e9ld\u00e1ul az alagutak elrejt\u00e9se, k\u00f6r\u00fcltekint\u0151 \u00e9s sz\u00fcks\u00e9ges gyakorlatt\u00e1 v\u00e1lnak.<\/p>\n\n\n\n<h2 class=\"wp-block-heading\"><strong>Alkalmaz\u00e1sok elrejt\u00e9se<\/strong><\/h2>\n\n\n\n<p>A piacon el\u00e9rhet\u0151 k\u00fcl\u00f6nf\u00e9le alkalmaz\u00e1sok k\u00edn\u00e1lnak funkci\u00f3kat a f\u00e9nyk\u00e9pek \u00e9s vide\u00f3k elrejt\u00e9s\u00e9re, de elengedhetetlen egy megb\u00edzhat\u00f3 \u00e9s hat\u00e9kony opci\u00f3 kiv\u00e1laszt\u00e1sa.<\/p>\n\n\n\n<p>K\u00e9t alkalmaz\u00e1s, amelyek kiemelkednek ebben a forgat\u00f3k\u00f6nyvben, a \u201eFot\u00f3boltozat \u00e9s vide\u00f3k elrejt\u00e9se\u201d \u00e9s a \u201eZ\u00e1rolt titkos album\u201d.<\/p>\n\n\n\n<p>A \u201eFot\u00f3boltozat \u00e9s vide\u00f3k elrejt\u00e9se\u201d intuit\u00edv fel\u00fcletet \u00e9s fejlett biztons\u00e1gi funkci\u00f3kat k\u00edn\u00e1l.<\/p>\n\n\n\n<p>A f\u00e9nyk\u00e9pek \u00e9s vide\u00f3k elrejt\u00e9se mellett az alkalmaz\u00e1s lehet\u0151v\u00e9 teszi jelsz\u00f3val v\u00e9dett mapp\u00e1k l\u00e9trehoz\u00e1s\u00e1t is, ami tov\u00e1bbi biztons\u00e1gi szintet biztos\u00edt.<\/p>\n\n\n\n<p>A felhaszn\u00e1l\u00f3k dics\u00e9rik a k\u00f6nny\u0171 haszn\u00e1lhat\u00f3s\u00e1g\u00e1t \u00e9s a hat\u00e9konys\u00e1g\u00e1t az \u00e9rz\u00e9keny tartalmak v\u00e9delm\u00e9ben.<\/p>\n\n\n\n<p>Egy m\u00e1sik j\u00f3 lehet\u0151s\u00e9g a \u201eZ\u00e1rolt titkos album\u201d. Ez az alkalmaz\u00e1s nemcsak elrejti a f\u00e9nyk\u00e9peket \u00e9s vide\u00f3kat, hanem lehet\u0151s\u00e9get k\u00edn\u00e1l speci\u00e1lis albumok l\u00e9trehoz\u00e1s\u00e1ra is, k\u00fcl\u00f6nb\u00f6z\u0151 hozz\u00e1f\u00e9r\u00e9si szintekkel.<\/p>\n\n\n\n<p>Az alkalmaz\u00e1sikon \u00e1lc\u00e1z\u00e1si funkci\u00f3ja a kezd\u0151k\u00e9perny\u0151n sok felhaszn\u00e1l\u00f3 kedvence, ami m\u00e9g diszkr\u00e9tebb\u00e9 teszi a megjelen\u00e9st.<\/p>\n\n\n\n<h2 class=\"wp-block-heading\"><strong>Mit mondanak a felhaszn\u00e1l\u00f3k<\/strong><\/h2>\n\n\n\n<p>A felhaszn\u00e1l\u00f3i visszajelz\u00e9sek ezekr\u0151l az alkalmaz\u00e1sokr\u00f3l \u00e1ltal\u00e1ban pozit\u00edvak. A jelent\u00e9sek kiemelik hat\u00e9konys\u00e1gukat az adatv\u00e9delemben, a k\u00f6nny\u0171 navig\u00e1ci\u00f3t \u00e9s a bizalmas f\u00e1jlok biztons\u00e1gos t\u00e1rol\u00e1s\u00e1ban val\u00f3 megb\u00edzhat\u00f3s\u00e1gukat.<\/p>\n\n\n\n<p>Sok felhaszn\u00e1l\u00f3 \u00e9rt\u00e9keli az alkalmaz\u00e1sok \u00e1ltal ny\u00fajtott nyugalmat, tudv\u00e1n, hogy szem\u00e9lyes adataik megfelel\u0151en v\u00e9dettek.<\/p>\n\n\n<div class=\"wp-block-image\">\n<figure class=\"aligncenter size-full\"><img loading=\"lazy\" decoding=\"async\" width=\"550\" height=\"350\" src=\"http:\/\/universofamilia.com\/wp-content\/uploads\/sites\/148\/2024\/01\/P-550x350-6-2.jpg\" alt=\"\" class=\"wp-image-5115\" srcset=\"http:\/\/universofamilia.com\/wp-content\/uploads\/sites\/148\/2024\/01\/P-550x350-6-2.jpg 550w, http:\/\/universofamilia.com\/wp-content\/uploads\/sites\/148\/2024\/01\/P-550x350-6-2-300x191.jpg 300w\" sizes=\"(max-width: 550px) 100vw, 550px\" \/><figcaption class=\"wp-element-caption\">A fot\u00f3- \u00e9s vide\u00f3gal\u00e9ria elrejt\u00e9s\u00e9nek fontoss\u00e1ga<\/figcaption><\/figure><\/div>\n\n\n<h2 class=\"wp-block-heading\"><strong>K\u00f6vetkeztet\u00e9s<\/strong><\/h2>\n\n\n\n<p>Egyre ink\u00e1bb \u00f6sszekapcsol\u00f3d\u00f3 vil\u00e1gban a digit\u00e1lis adatv\u00e9delem kulcsfontoss\u00e1g\u00fa.<\/p>\n\n\n\n<p>A f\u00e9nyk\u00e9pek \u00e9s vide\u00f3k elrejt\u00e9s\u00e9re szolg\u00e1l\u00f3 alkalmaz\u00e1sok l\u00e9tfontoss\u00e1g\u00fa szerepet j\u00e1tszanak ebben a tekintetben, biztos\u00edtva, hogy az intim pillanatok csak az arra jogosult szemek sz\u00e1m\u00e1ra legyenek l\u00e1that\u00f3ak.<\/p>\n\n\n\n<p>Mind a \u201eFot\u00f3t\u00e1r \u00e9s vide\u00f3k elrejt\u00e9se\u201d, mind a \u201eZ\u00e1rolt titkos album\u201d robusztus \u00e9s megb\u00edzhat\u00f3 megold\u00e1sokat k\u00edn\u00e1l, amelyek m\u00e9g a legig\u00e9nyesebb felhaszn\u00e1l\u00f3k ig\u00e9nyeit is kiel\u00e9g\u00edtik.<\/p>\n\n\n\n<p>Ne b\u00edzd a v\u00e9letlenre a mag\u00e1n\u00e9letedet. Pr\u00f3b\u00e1ld ki ezeket az alkalmaz\u00e1sokat, \u00e9s v\u00e9dd meg fot\u00f3- \u00e9s vide\u00f3gal\u00e9ri\u00e1dat a k\u00edv\u00e1ncsi szemekt\u0151l.<\/p>\n\n\n\n<p><strong>Let\u00f6lt\u00e9si linkek:<\/strong><\/p>\n\n\n\n<ul>\n<li>Fot\u00f3t\u00e1r \u00e9s vide\u00f3k elrejt\u00e9se <a href=\"https:\/\/play.google.com\/store\/apps\/details?id=com.galleryvault.VideoLocker&amp;hl=en\">(Android)<\/a> \/<a href=\"https:\/\/apps.apple.com\/br\/app\/photo-vault-hide-photo-video\/id1521397057\"> (iOS)<\/a><\/li>\n\n\n\n<li>Z\u00e1rolt titkos album  <a href=\"https:\/\/apps.apple.com\/us\/app\/safe-lock-photo-album-vault\/id1195429570#:~:text=Safe%20Lock%20%2D%20Private%20Photo%20Vault%2C%20the%20most%20secure%20and%20private,and%20inaccessible%20to%20prying%20eyes.\">(iOS)<\/a><\/li>\n<\/ul>\n\n\n\n<p>V\u00e9dd meg magad. Az adatv\u00e9delmed priorit\u00e1s.<\/p>","protected":false},"excerpt":{"rendered":"<p>A mai digit\u00e1lis vil\u00e1gban, ahol a technol\u00f3gia alapvet\u0151 szerepet j\u00e1tszik az \u00e9let\u00fcnkben, a mag\u00e1n\u00e9let v\u00e9delme egyre s\u00fcrget\u0151bb\u00e9 v\u00e1lik. Az okostelefonok elterjed\u00e9s\u00e9vel megszokott\u00e1 v\u00e1lt, hogy sokf\u00e9le f\u00e9nyk\u00e9pet \u00e9s vide\u00f3t t\u00e1rolunk eszk\u00f6zeinken. Azonban gyakran [\u2026]<\/p>","protected":false},"author":139,"featured_media":5115,"comment_status":"closed","ping_status":"open","sticky":false,"template":"","format":"standard","meta":{"footnotes":""},"categories":[4],"tags":[400,767,984,1183],"yoast_head":"<!-- This site is optimized with the Yoast SEO plugin v23.3 - https:\/\/yoast.com\/wordpress\/plugins\/seo\/ -->\n<title>La Importancia de Ocultar tu Galer\u00eda de Fotos y Videos - Universo Fam\u00edlia<\/title>\n<meta name=\"description\" content=\"La Importancia de Ocultar tu Galer\u00eda de Fotos y Videos. En el actual escenario digital, donde la tecnolog\u00eda desempe\u00f1a un papel...\" \/>\n<meta name=\"robots\" content=\"index, follow, max-snippet:-1, max-image-preview:large, max-video-preview:-1\" \/>\n<link rel=\"canonical\" href=\"https:\/\/universofamilia.com\/hu\/la-importancia-de-ocultar-tu-galeria-de-fotos-y-videos\/\" \/>\n<meta property=\"og:locale\" content=\"hu_HU\" \/>\n<meta property=\"og:type\" content=\"article\" \/>\n<meta property=\"og:title\" content=\"La Importancia de Ocultar tu Galer\u00eda de Fotos y Videos - Universo Fam\u00edlia\" \/>\n<meta property=\"og:description\" content=\"La Importancia de Ocultar tu Galer\u00eda de Fotos y Videos. En el actual escenario digital, donde la tecnolog\u00eda desempe\u00f1a un papel...\" \/>\n<meta property=\"og:url\" content=\"https:\/\/universofamilia.com\/hu\/la-importancia-de-ocultar-tu-galeria-de-fotos-y-videos\/\" \/>\n<meta property=\"og:site_name\" content=\"Universo Fam\u00edlia\" \/>\n<meta property=\"article:published_time\" content=\"2024-01-31T20:10:23+00:00\" \/>\n<meta property=\"article:modified_time\" content=\"2025-01-28T12:48:31+00:00\" \/>\n<meta property=\"og:image\" content=\"https:\/\/universofamilia.com\/wp-content\/uploads\/sites\/148\/2024\/01\/P-550x350-6-2.jpg\" \/>\n\t<meta property=\"og:image:width\" content=\"550\" \/>\n\t<meta property=\"og:image:height\" content=\"350\" \/>\n\t<meta property=\"og:image:type\" content=\"image\/jpeg\" \/>\n<meta name=\"author\" content=\"Pedro Henrique\" \/>\n<meta name=\"twitter:card\" content=\"summary_large_image\" \/>\n<meta name=\"twitter:label1\" content=\"Written by\" \/>\n\t<meta name=\"twitter:data1\" content=\"Pedro Henrique\" \/>\n\t<meta name=\"twitter:label2\" content=\"Est. reading time\" \/>\n\t<meta name=\"twitter:data2\" content=\"4 perc\" \/>\n<script type=\"application\/ld+json\" class=\"yoast-schema-graph\">{\"@context\":\"https:\/\/schema.org\",\"@graph\":[{\"@type\":\"WebPage\",\"@id\":\"https:\/\/universofamilia.com\/el\/la-importancia-de-ocultar-tu-galeria-de-fotos-y-videos\/\",\"url\":\"https:\/\/universofamilia.com\/el\/la-importancia-de-ocultar-tu-galeria-de-fotos-y-videos\/\",\"name\":\"La Importancia de Ocultar tu Galer\u00eda de Fotos y Videos - Universo Fam\u00edlia\",\"isPartOf\":{\"@id\":\"https:\/\/universofamilia.com\/el\/#website\"},\"primaryImageOfPage\":{\"@id\":\"https:\/\/universofamilia.com\/el\/la-importancia-de-ocultar-tu-galeria-de-fotos-y-videos\/#primaryimage\"},\"image\":{\"@id\":\"https:\/\/universofamilia.com\/el\/la-importancia-de-ocultar-tu-galeria-de-fotos-y-videos\/#primaryimage\"},\"thumbnailUrl\":\"http:\/\/universofamilia.com\/wp-content\/uploads\/sites\/148\/2024\/01\/P-550x350-6-2.jpg\",\"datePublished\":\"2024-01-31T20:10:23+00:00\",\"dateModified\":\"2025-01-28T12:48:31+00:00\",\"author\":{\"@id\":\"https:\/\/universofamilia.com\/el\/#\/schema\/person\/f07ce98187dd84d31154262e79b3b7ca\"},\"description\":\"La Importancia de Ocultar tu Galer\u00eda de Fotos y Videos. En el actual escenario digital, donde la tecnolog\u00eda desempe\u00f1a un papel...\",\"breadcrumb\":{\"@id\":\"https:\/\/universofamilia.com\/el\/la-importancia-de-ocultar-tu-galeria-de-fotos-y-videos\/#breadcrumb\"},\"inLanguage\":\"hu\",\"potentialAction\":[{\"@type\":\"ReadAction\",\"target\":[\"https:\/\/universofamilia.com\/el\/la-importancia-de-ocultar-tu-galeria-de-fotos-y-videos\/\"]}]},{\"@type\":\"ImageObject\",\"inLanguage\":\"hu\",\"@id\":\"https:\/\/universofamilia.com\/el\/la-importancia-de-ocultar-tu-galeria-de-fotos-y-videos\/#primaryimage\",\"url\":\"http:\/\/universofamilia.com\/wp-content\/uploads\/sites\/148\/2024\/01\/P-550x350-6-2.jpg\",\"contentUrl\":\"http:\/\/universofamilia.com\/wp-content\/uploads\/sites\/148\/2024\/01\/P-550x350-6-2.jpg\",\"width\":550,\"height\":350,\"caption\":\"La Importancia de Ocultar tu Galer\u00eda de Fotos y Videos\"},{\"@type\":\"BreadcrumbList\",\"@id\":\"https:\/\/universofamilia.com\/el\/la-importancia-de-ocultar-tu-galeria-de-fotos-y-videos\/#breadcrumb\",\"itemListElement\":[{\"@type\":\"ListItem\",\"position\":1,\"name\":\"Home\",\"item\":\"https:\/\/universofamilia.com\/el\/\"},{\"@type\":\"ListItem\",\"position\":2,\"name\":\"La Importancia de Ocultar tu Galer\u00eda de Fotos y Videos\"}]},{\"@type\":\"WebSite\",\"@id\":\"https:\/\/universofamilia.com\/el\/#website\",\"url\":\"https:\/\/universofamilia.com\/el\/\",\"name\":\"Universo Fam\u00edlia\",\"description\":\"\",\"potentialAction\":[{\"@type\":\"SearchAction\",\"target\":{\"@type\":\"EntryPoint\",\"urlTemplate\":\"https:\/\/universofamilia.com\/el\/?s={search_term_string}\"},\"query-input\":\"required name=search_term_string\"}],\"inLanguage\":\"hu\"},{\"@type\":\"Person\",\"@id\":\"https:\/\/universofamilia.com\/el\/#\/schema\/person\/f07ce98187dd84d31154262e79b3b7ca\",\"name\":\"Pedro Henrique\",\"image\":{\"@type\":\"ImageObject\",\"inLanguage\":\"hu\",\"@id\":\"https:\/\/universofamilia.com\/el\/#\/schema\/person\/image\/\",\"url\":\"http:\/\/0.gravatar.com\/avatar\/9edfeb808cb4e1599f64d6e45b130154?s=96&d=mm&r=g\",\"contentUrl\":\"http:\/\/0.gravatar.com\/avatar\/9edfeb808cb4e1599f64d6e45b130154?s=96&d=mm&r=g\",\"caption\":\"Pedro Henrique\"},\"url\":\"http:\/\/universofamilia.com\/hu\/author\/editor01\/\"}]}<\/script>\n<!-- \/ Yoast SEO plugin. -->","yoast_head_json":{"title":"La Importancia de Ocultar tu Galer\u00eda de Fotos y Videos - Universo Fam\u00edlia","description":"La Importancia de Ocultar tu Galer\u00eda de Fotos y Videos. En el actual escenario digital, donde la tecnolog\u00eda desempe\u00f1a un papel...","robots":{"index":"index","follow":"follow","max-snippet":"max-snippet:-1","max-image-preview":"max-image-preview:large","max-video-preview":"max-video-preview:-1"},"canonical":"https:\/\/universofamilia.com\/hu\/la-importancia-de-ocultar-tu-galeria-de-fotos-y-videos\/","og_locale":"hu_HU","og_type":"article","og_title":"La Importancia de Ocultar tu Galer\u00eda de Fotos y Videos - Universo Fam\u00edlia","og_description":"La Importancia de Ocultar tu Galer\u00eda de Fotos y Videos. En el actual escenario digital, donde la tecnolog\u00eda desempe\u00f1a un papel...","og_url":"https:\/\/universofamilia.com\/hu\/la-importancia-de-ocultar-tu-galeria-de-fotos-y-videos\/","og_site_name":"Universo Fam\u00edlia","article_published_time":"2024-01-31T20:10:23+00:00","article_modified_time":"2025-01-28T12:48:31+00:00","og_image":[{"width":550,"height":350,"url":"https:\/\/universofamilia.com\/wp-content\/uploads\/sites\/148\/2024\/01\/P-550x350-6-2.jpg","type":"image\/jpeg"}],"author":"Pedro Henrique","twitter_card":"summary_large_image","twitter_misc":{"Written by":"Pedro Henrique","Est. reading time":"4 perc"},"schema":{"@context":"https:\/\/schema.org","@graph":[{"@type":"WebPage","@id":"https:\/\/universofamilia.com\/el\/la-importancia-de-ocultar-tu-galeria-de-fotos-y-videos\/","url":"https:\/\/universofamilia.com\/el\/la-importancia-de-ocultar-tu-galeria-de-fotos-y-videos\/","name":"La Importancia de Ocultar tu Galer\u00eda de Fotos y Videos - Universo Fam\u00edlia","isPartOf":{"@id":"https:\/\/universofamilia.com\/el\/#website"},"primaryImageOfPage":{"@id":"https:\/\/universofamilia.com\/el\/la-importancia-de-ocultar-tu-galeria-de-fotos-y-videos\/#primaryimage"},"image":{"@id":"https:\/\/universofamilia.com\/el\/la-importancia-de-ocultar-tu-galeria-de-fotos-y-videos\/#primaryimage"},"thumbnailUrl":"http:\/\/universofamilia.com\/wp-content\/uploads\/sites\/148\/2024\/01\/P-550x350-6-2.jpg","datePublished":"2024-01-31T20:10:23+00:00","dateModified":"2025-01-28T12:48:31+00:00","author":{"@id":"https:\/\/universofamilia.com\/el\/#\/schema\/person\/f07ce98187dd84d31154262e79b3b7ca"},"description":"La Importancia de Ocultar tu Galer\u00eda de Fotos y Videos. En el actual escenario digital, donde la tecnolog\u00eda desempe\u00f1a un papel...","breadcrumb":{"@id":"https:\/\/universofamilia.com\/el\/la-importancia-de-ocultar-tu-galeria-de-fotos-y-videos\/#breadcrumb"},"inLanguage":"hu","potentialAction":[{"@type":"ReadAction","target":["https:\/\/universofamilia.com\/el\/la-importancia-de-ocultar-tu-galeria-de-fotos-y-videos\/"]}]},{"@type":"ImageObject","inLanguage":"hu","@id":"https:\/\/universofamilia.com\/el\/la-importancia-de-ocultar-tu-galeria-de-fotos-y-videos\/#primaryimage","url":"http:\/\/universofamilia.com\/wp-content\/uploads\/sites\/148\/2024\/01\/P-550x350-6-2.jpg","contentUrl":"http:\/\/universofamilia.com\/wp-content\/uploads\/sites\/148\/2024\/01\/P-550x350-6-2.jpg","width":550,"height":350,"caption":"La Importancia de Ocultar tu Galer\u00eda de Fotos y Videos"},{"@type":"BreadcrumbList","@id":"https:\/\/universofamilia.com\/el\/la-importancia-de-ocultar-tu-galeria-de-fotos-y-videos\/#breadcrumb","itemListElement":[{"@type":"ListItem","position":1,"name":"Home","item":"https:\/\/universofamilia.com\/el\/"},{"@type":"ListItem","position":2,"name":"La Importancia de Ocultar tu Galer\u00eda de Fotos y Videos"}]},{"@type":"WebSite","@id":"https:\/\/universofamilia.com\/el\/#website","url":"https:\/\/universofamilia.com\/el\/","name":"Universo Fam\u00edlia","description":"","potentialAction":[{"@type":"SearchAction","target":{"@type":"EntryPoint","urlTemplate":"https:\/\/universofamilia.com\/el\/?s={search_term_string}"},"query-input":"required name=search_term_string"}],"inLanguage":"hu"},{"@type":"Person","@id":"https:\/\/universofamilia.com\/el\/#\/schema\/person\/f07ce98187dd84d31154262e79b3b7ca","name":"Pedro Henrique","image":{"@type":"ImageObject","inLanguage":"hu","@id":"https:\/\/universofamilia.com\/el\/#\/schema\/person\/image\/","url":"http:\/\/0.gravatar.com\/avatar\/9edfeb808cb4e1599f64d6e45b130154?s=96&d=mm&r=g","contentUrl":"http:\/\/0.gravatar.com\/avatar\/9edfeb808cb4e1599f64d6e45b130154?s=96&d=mm&r=g","caption":"Pedro Henrique"},"url":"http:\/\/universofamilia.com\/hu\/author\/editor01\/"}]}},"_links":{"self":[{"href":"http:\/\/universofamilia.com\/hu\/wp-json\/wp\/v2\/posts\/5114"}],"collection":[{"href":"http:\/\/universofamilia.com\/hu\/wp-json\/wp\/v2\/posts"}],"about":[{"href":"http:\/\/universofamilia.com\/hu\/wp-json\/wp\/v2\/types\/post"}],"author":[{"embeddable":true,"href":"http:\/\/universofamilia.com\/hu\/wp-json\/wp\/v2\/users\/139"}],"replies":[{"embeddable":true,"href":"http:\/\/universofamilia.com\/hu\/wp-json\/wp\/v2\/comments?post=5114"}],"version-history":[{"count":1,"href":"http:\/\/universofamilia.com\/hu\/wp-json\/wp\/v2\/posts\/5114\/revisions"}],"predecessor-version":[{"id":8338,"href":"http:\/\/universofamilia.com\/hu\/wp-json\/wp\/v2\/posts\/5114\/revisions\/8338"}],"wp:featuredmedia":[{"embeddable":true,"href":"http:\/\/universofamilia.com\/hu\/wp-json\/wp\/v2\/media\/5115"}],"wp:attachment":[{"href":"http:\/\/universofamilia.com\/hu\/wp-json\/wp\/v2\/media?parent=5114"}],"wp:term":[{"taxonomy":"category","embeddable":true,"href":"http:\/\/universofamilia.com\/hu\/wp-json\/wp\/v2\/categories?post=5114"},{"taxonomy":"post_tag","embeddable":true,"href":"http:\/\/universofamilia.com\/hu\/wp-json\/wp\/v2\/tags?post=5114"}],"curies":[{"name":"wp","href":"https:\/\/api.w.org\/{rel}","templated":true}]}}