{"id":5121,"date":"2024-02-01T17:10:19","date_gmt":"2024-02-01T17:10:19","guid":{"rendered":"https:\/\/universofamilia.com\/?p=5121"},"modified":"2025-07-12T17:54:00","modified_gmt":"2025-07-12T20:54:00","slug":"aplicacion-para-grabar-todas-las-llamadas-que-quieras","status":"publish","type":"post","link":"http:\/\/universofamilia.com\/hu\/aplicacion-para-grabar-todas-las-llamadas-que-quieras\/","title":{"rendered":"Alkalmaz\u00e1s az \u00f6sszes k\u00edv\u00e1nt h\u00edv\u00e1s r\u00f6gz\u00edt\u00e9s\u00e9hez"},"content":{"rendered":"<p>Az egyre ink\u00e1bb digit\u00e1lis \u00e9s \u00f6sszekapcsol\u00f3d\u00f3 vil\u00e1gban a telefonh\u00edv\u00e1sok tov\u00e1bbra is kulcsfontoss\u00e1g\u00fa szerepet j\u00e1tszanak a kommunik\u00e1ci\u00f3ban.<\/p>\n\n\n\n<p>Ak\u00e1r szakmai, ak\u00e1r szem\u00e9lyes c\u00e9lr\u00f3l van sz\u00f3, a telefonh\u00edv\u00e1sok r\u00f6gz\u00edt\u00e9s\u00e9nek k\u00e9pess\u00e9ge \u00e9rt\u00e9kes eszk\u00f6z lehet.<\/p>\n\n\n\n<p>Ebben a cikkben k\u00e9t n\u00e9pszer\u0171 h\u00edv\u00e1sr\u00f6gz\u00edt\u0151 alkalmaz\u00e1st, az ACR Call Recordert \u00e9s a Cube Call Recordert fogjuk megvizsg\u00e1lni, \u00e9s megvitatjuk a h\u00edv\u00e1sok r\u00f6gz\u00edt\u00e9s\u00e9nek fontoss\u00e1g\u00e1t k\u00fcl\u00f6nb\u00f6z\u0151 c\u00e9lokra.<\/p>\n\n\n\n<h2 class=\"wp-block-heading\">L\u00e1sd m\u00e9g<\/h2>\n\n\n\n<ul>\n<li class=\"has-medium-font-size\"><a href=\"https:\/\/universofamilia.com\/hu\/5099\/restaurar-fotos-eliminadas-en-el-telefono-movil\/\">T\u00f6r\u00f6lt fot\u00f3k vissza\u00e1ll\u00edt\u00e1sa mobiltelefonon<\/a><\/li>\n\n\n\n<li class=\"has-medium-font-size\"><a href=\"https:\/\/universofamilia.com\/hu\/5105\/noviazgo-cristiano-para-toda-la-vida\/\">Kereszt\u00e9ny randev\u00faz\u00e1s egy \u00e9letre<\/a><\/li>\n<\/ul>\n\n\n\n<h2 class=\"wp-block-heading\">ACR h\u00edv\u00e1sr\u00f6gz\u00edt\u0151<\/h2>\n\n\n\n<p>Az ACR Call Recorder egy sokoldal\u00fa alkalmaz\u00e1s, amely Android \u00e9s iOS eszk\u00f6z\u00f6kre \u00e9rhet\u0151 el.<\/p>\n\n\n\n<p>Intuit\u00edv fel\u00fclet\u00e9vel robusztus funkci\u00f3kat k\u00edn\u00e1l a hangh\u00edv\u00e1sok r\u00f6gz\u00edt\u00e9s\u00e9hez.<\/p>\n\n\n\n<p>Figyelemre m\u00e9lt\u00f3 funkci\u00f3i k\u00f6z\u00e9 tartozik az \u00f6sszes h\u00edv\u00e1s automatikus r\u00f6gz\u00edt\u00e9s\u00e9nek k\u00e9pess\u00e9ge, a felv\u00e9telek kategoriz\u00e1l\u00e1sa \u00e9s rendszerez\u00e9se, valamint a f\u00e1jlok k\u00f6zvetlen megoszt\u00e1sa az alkalmaz\u00e1sb\u00f3l.<\/p>\n\n\n\n<h2 class=\"wp-block-heading\">Kocka h\u00edv\u00e1sr\u00f6gz\u00edt\u0151<\/h2>\n\n\n\n<p>A Cube Call Recorder egy m\u00e1sik alkalmaz\u00e1s, amely n\u00e9pszer\u0171s\u00e9gre tett szert, k\u00fcl\u00f6n\u00f6sen az Android-felhaszn\u00e1l\u00f3k k\u00f6r\u00e9ben.<\/p>\n\n\n\n<p>A telefonh\u00edv\u00e1sok r\u00f6gz\u00edt\u00e9se mellett kiemelkedik a VoIP-h\u00edv\u00e1sok, p\u00e9ld\u00e1ul a WhatsAppon, Skype-on \u00e9s m\u00e1s hasonl\u00f3 alkalmaz\u00e1sokon kereszt\u00fcl kezdem\u00e9nyezett h\u00edv\u00e1sok r\u00f6gz\u00edt\u00e9s\u00e9nek k\u00e9pess\u00e9g\u00e9vel is.<\/p>\n\n\n\n<p>Ez a kieg\u00e9sz\u00edt\u0151 funkci\u00f3 kib\u0151v\u00edti az alkalmaz\u00e1s hasznoss\u00e1gi k\u00f6r\u00e9t, \u00edgy \u00e9rt\u00e9kes v\u00e1laszt\u00e1s azok sz\u00e1m\u00e1ra, akik k\u00fcl\u00f6nf\u00e9le kommunik\u00e1ci\u00f3s m\u00e9diumokat haszn\u00e1lnak.<\/p>\n\n\n\n<h2 class=\"wp-block-heading\">A h\u00edv\u00e1sok r\u00f6gz\u00edt\u00e9s\u00e9nek fontoss\u00e1ga<\/h2>\n\n\n\n<h3 class=\"wp-block-heading\">1. Szem\u00e9lyes \u00e9s szakmai v\u00e9delem<\/h3>\n\n\n\n<p>A h\u00edv\u00e1sr\u00f6gz\u00edt\u00e9s kulcsfontoss\u00e1g\u00fa szerepet j\u00e1tszik a szem\u00e9lyes \u00e9s szakmai v\u00e9delemben.<\/p>\n\n\n\n<p>Szakmai helyzetekben a felv\u00e9telek eszk\u00f6zk\u00e9nt szolg\u00e1lhatnak a meg\u00e1llapod\u00e1sok dokument\u00e1l\u00e1s\u00e1ra, a fontos inform\u00e1ci\u00f3k meger\u0151s\u00edt\u00e9s\u00e9re \u00e9s a f\u00e9lre\u00e9rt\u00e9sek megold\u00e1s\u00e1ra.<\/p>\n\n\n\n<p>Szem\u00e9lyes szempontb\u00f3l a h\u00edv\u00e1sr\u00f6gz\u00edt\u00e9s megv\u00e9dheti a felhaszn\u00e1l\u00f3kat a csal\u00e1st\u00f3l az\u00e1ltal, hogy k\u00e9zzelfoghat\u00f3 bizony\u00edt\u00e9kot szolg\u00e1ltat vit\u00e1s esetek eset\u00e9n.<\/p>\n\n\n<div class=\"wp-block-image\">\n<figure class=\"aligncenter size-full\"><img loading=\"lazy\" decoding=\"async\" width=\"550\" height=\"350\" src=\"http:\/\/universofamilia.com\/wp-content\/uploads\/sites\/148\/2024\/02\/P-550x350-1-1.jpg\" alt=\"\" class=\"wp-image-5122\" srcset=\"http:\/\/universofamilia.com\/wp-content\/uploads\/sites\/148\/2024\/02\/P-550x350-1-1.jpg 550w, http:\/\/universofamilia.com\/wp-content\/uploads\/sites\/148\/2024\/02\/P-550x350-1-1-300x191.jpg 300w\" sizes=\"(max-width: 550px) 100vw, 550px\" \/><figcaption class=\"wp-element-caption\">Alkalmaz\u00e1s az \u00f6sszes k\u00edv\u00e1nt h\u00edv\u00e1s r\u00f6gz\u00edt\u00e9s\u00e9hez<\/figcaption><\/figure><\/div>\n\n\n<h3 class=\"wp-block-heading\">2. Felhaszn\u00e1l\u00e1s b\u00edr\u00f3s\u00e1gi elj\u00e1r\u00e1sban<\/h3>\n\n\n\n<p>A h\u00edv\u00e1sok r\u00f6gz\u00edt\u00e9s\u00e9nek k\u00e9pess\u00e9ge \u00e9rt\u00e9kes eszk\u00f6zz\u00e9 v\u00e1lt a jogi elj\u00e1r\u00e1sokban.<\/p>\n\n\n\n<p>A felv\u00e9telek bizony\u00edt\u00e9kk\u00e9nt felhaszn\u00e1lhat\u00f3k a b\u00edr\u00f3s\u00e1gon, mivel pontosan t\u00fckr\u00f6zik a sz\u00f3beli interakci\u00f3kat.<\/p>\n\n\n\n<p>Ez k\u00fcl\u00f6n\u00f6sen hasznos lehet jogi vit\u00e1kban, \u00fczleti szerz\u0151d\u00e9sekben \u00e9s zaklat\u00e1si \u00fcgyekben.<\/p>\n\n\n\n<h3 class=\"wp-block-heading\">3. Jobb kommunik\u00e1ci\u00f3<\/h3>\n\n\n\n<p>Azok sz\u00e1m\u00e1ra, akik fejleszteni szeretn\u00e9k kommunik\u00e1ci\u00f3s k\u00e9szs\u00e9geiket, a r\u00f6gz\u00edtett h\u00edv\u00e1sok \u00e1ttekint\u00e9se \u00e9rt\u00e9kes eszk\u00f6z lehet.<\/p>\n\n\n\n<p>A besz\u00e9dmint\u00e1k azonos\u00edt\u00e1sa, az \u00fczenetek \u00e9rthet\u0151s\u00e9g\u00e9nek jav\u00edt\u00e1sa \u00e9s a hangsz\u00edn be\u00e1ll\u00edt\u00e1sa k\u00e9zzelfoghat\u00f3 el\u0151ny\u00f6k, amelyeket a h\u00edv\u00e1sr\u00f6gz\u00edt\u00e9s k\u00edn\u00e1lhat.<\/p>\n\n\n\n<h2 class=\"wp-block-heading\">K\u00f6vetkeztet\u00e9s \u00e9s let\u00f6lt\u00e9si linkek<\/h2>\n\n\n\n<p>R\u00f6viden, a h\u00edv\u00e1sr\u00f6gz\u00edt\u0151 alkalmaz\u00e1sok, mint p\u00e9ld\u00e1ul az ACR Call Recorder \u00e9s a Cube Call Recorder, l\u00e9tfontoss\u00e1g\u00fa szerepet j\u00e1tszanak digit\u00e1lis korunkban.<\/p>\n\n\n\n<p>Hat\u00e9kony m\u00f3dot k\u00edn\u00e1lnak a szem\u00e9lyes \u00e9s szakmai \u00e9rdekek v\u00e9delm\u00e9re, valamint \u00e9rt\u00e9kes eszk\u00f6zt biztos\u00edtanak az igazs\u00e1gszolg\u00e1ltat\u00e1si elj\u00e1r\u00e1sokhoz \u00e9s a kommunik\u00e1ci\u00f3 jav\u00edt\u00e1s\u00e1hoz.<\/p>\n\n\n\n<p><strong>Let\u00f6lt\u00e9si linkek:<\/strong><\/p>\n\n\n\n<ul>\n<li><strong>Androidra<\/strong>: <a href=\"https:\/\/play.google.com\/store\/apps\/details?id=com.q4u.autocallrecorder&amp;hl=pt_BR\">ACR h\u00edv\u00e1sr\u00f6gz\u00edt\u0151<\/a> | <a href=\"https:\/\/play.google.com\/store\/apps\/details?id=com.catalinagroup.callrecorder&amp;hl=pt_BR&amp;gl=US\">Cube h\u00edv\u00e1srekord<\/a><\/li>\n\n\n\n<li><strong>iOS-re<\/strong>:  <a href=\"https:\/\/apps.apple.com\/us\/app\/acr-call-recorder-for-iphone\/id1362975885\">ACR h\u00edv\u00e1sr\u00f6gz\u00edt\u0151<\/a> | <a href=\"https:\/\/play.google.com\/store\/apps\/details?id=com.catalinagroup.callrecorder&amp;hl=pt_BR&amp;gl=US\">C<\/a><a href=\"https:\/\/apps.apple.com\/us\/app\/call-recorder-cube-acr\/id1613607637\">ube h\u00edv\u00e1sr\u00f6gz\u00edt\u0151<\/a> <\/li>\n<\/ul>\n\n\n\n<p>Fektess be a biztons\u00e1godba \u00e9s a telefonos interakci\u00f3id min\u0151s\u00e9g\u00e9be ezekkel a hat\u00e9kony h\u00edv\u00e1sr\u00f6gz\u00edt\u0151 eszk\u00f6z\u00f6kkel.<\/p>","protected":false},"excerpt":{"rendered":"<p>Az egyre ink\u00e1bb digit\u00e1lis \u00e9s \u00f6sszekapcsol\u00f3d\u00f3 vil\u00e1gban a telefonh\u00edv\u00e1sok tov\u00e1bbra is kulcsfontoss\u00e1g\u00fa szerepet j\u00e1tszanak a kommunik\u00e1ci\u00f3ban. Ak\u00e1r szakmai, ak\u00e1r szem\u00e9lyes c\u00e9lokr\u00f3l van sz\u00f3, a telefonh\u00edv\u00e1sok r\u00f6gz\u00edt\u00e9s\u00e9nek lehet\u0151s\u00e9ge \u00e9rt\u00e9kes eszk\u00f6z lehet. Ebben a cikkben k\u00e9t n\u00e9pszer\u0171 h\u00edv\u00e1sr\u00f6gz\u00edt\u0151 alkalmaz\u00e1st, az ACR Call Recordert \u00e9s a Cube Call [\u2026]<\/p>","protected":false},"author":139,"featured_media":5122,"comment_status":"open","ping_status":"open","sticky":false,"template":"","format":"standard","meta":{"footnotes":""},"categories":[2],"tags":[129,902,904],"yoast_head":"<!-- This site is optimized with the Yoast SEO plugin v23.3 - https:\/\/yoast.com\/wordpress\/plugins\/seo\/ -->\n<title>Aplicaci\u00f3n para grabar todas las llamadas que quieras - Universo Fam\u00edlia<\/title>\n<meta name=\"description\" content=\"Aplicaci\u00f3n para grabar todas las llamadas que quieras. En un mundo cada vez m\u00e1s digital e interconectado, las llamadas telef\u00f3nicas...\" \/>\n<meta name=\"robots\" content=\"index, follow, max-snippet:-1, max-image-preview:large, max-video-preview:-1\" \/>\n<link rel=\"canonical\" href=\"http:\/\/universofamilia.com\/hu\/aplicacion-para-grabar-todas-las-llamadas-que-quieras\/\" \/>\n<meta property=\"og:locale\" content=\"hu_HU\" \/>\n<meta property=\"og:type\" content=\"article\" \/>\n<meta property=\"og:title\" content=\"Aplicaci\u00f3n para grabar todas las llamadas que quieras - Universo Fam\u00edlia\" \/>\n<meta property=\"og:description\" content=\"Aplicaci\u00f3n para grabar todas las llamadas que quieras. En un mundo cada vez m\u00e1s digital e interconectado, las llamadas telef\u00f3nicas...\" \/>\n<meta property=\"og:url\" content=\"http:\/\/universofamilia.com\/hu\/aplicacion-para-grabar-todas-las-llamadas-que-quieras\/\" \/>\n<meta property=\"og:site_name\" content=\"Universo Fam\u00edlia\" \/>\n<meta property=\"article:published_time\" content=\"2024-02-01T17:10:19+00:00\" \/>\n<meta property=\"article:modified_time\" content=\"2025-07-12T20:54:00+00:00\" \/>\n<meta property=\"og:image\" content=\"http:\/\/universofamilia.com\/wp-content\/uploads\/sites\/148\/2024\/02\/P-550x350-1-1.jpg\" \/>\n\t<meta property=\"og:image:width\" content=\"550\" \/>\n\t<meta property=\"og:image:height\" content=\"350\" \/>\n\t<meta property=\"og:image:type\" content=\"image\/jpeg\" \/>\n<meta name=\"author\" content=\"Pedro Henrique\" \/>\n<meta name=\"twitter:card\" content=\"summary_large_image\" \/>\n<meta name=\"twitter:label1\" content=\"Written by\" \/>\n\t<meta name=\"twitter:data1\" content=\"Pedro Henrique\" \/>\n\t<meta name=\"twitter:label2\" content=\"Est. reading time\" \/>\n\t<meta name=\"twitter:data2\" content=\"4 perc\" \/>\n<script type=\"application\/ld+json\" class=\"yoast-schema-graph\">{\"@context\":\"https:\/\/schema.org\",\"@graph\":[{\"@type\":\"WebPage\",\"@id\":\"http:\/\/universofamilia.com\/el\/aplicacion-para-grabar-todas-las-llamadas-que-quieras\/\",\"url\":\"http:\/\/universofamilia.com\/el\/aplicacion-para-grabar-todas-las-llamadas-que-quieras\/\",\"name\":\"Aplicaci\u00f3n para grabar todas las llamadas que quieras - Universo Fam\u00edlia\",\"isPartOf\":{\"@id\":\"https:\/\/universofamilia.com\/el\/#website\"},\"primaryImageOfPage\":{\"@id\":\"http:\/\/universofamilia.com\/el\/aplicacion-para-grabar-todas-las-llamadas-que-quieras\/#primaryimage\"},\"image\":{\"@id\":\"http:\/\/universofamilia.com\/el\/aplicacion-para-grabar-todas-las-llamadas-que-quieras\/#primaryimage\"},\"thumbnailUrl\":\"http:\/\/universofamilia.com\/wp-content\/uploads\/sites\/148\/2024\/02\/P-550x350-1-1.jpg\",\"datePublished\":\"2024-02-01T17:10:19+00:00\",\"dateModified\":\"2025-07-12T20:54:00+00:00\",\"author\":{\"@id\":\"https:\/\/universofamilia.com\/el\/#\/schema\/person\/f07ce98187dd84d31154262e79b3b7ca\"},\"description\":\"Aplicaci\u00f3n para grabar todas las llamadas que quieras. En un mundo cada vez m\u00e1s digital e interconectado, las llamadas telef\u00f3nicas...\",\"breadcrumb\":{\"@id\":\"http:\/\/universofamilia.com\/el\/aplicacion-para-grabar-todas-las-llamadas-que-quieras\/#breadcrumb\"},\"inLanguage\":\"hu\",\"potentialAction\":[{\"@type\":\"ReadAction\",\"target\":[\"http:\/\/universofamilia.com\/el\/aplicacion-para-grabar-todas-las-llamadas-que-quieras\/\"]}]},{\"@type\":\"ImageObject\",\"inLanguage\":\"hu\",\"@id\":\"http:\/\/universofamilia.com\/el\/aplicacion-para-grabar-todas-las-llamadas-que-quieras\/#primaryimage\",\"url\":\"http:\/\/universofamilia.com\/wp-content\/uploads\/sites\/148\/2024\/02\/P-550x350-1-1.jpg\",\"contentUrl\":\"http:\/\/universofamilia.com\/wp-content\/uploads\/sites\/148\/2024\/02\/P-550x350-1-1.jpg\",\"width\":550,\"height\":350,\"caption\":\"Aplicaci\u00f3n para grabar todas las llamadas que quieras\"},{\"@type\":\"BreadcrumbList\",\"@id\":\"http:\/\/universofamilia.com\/el\/aplicacion-para-grabar-todas-las-llamadas-que-quieras\/#breadcrumb\",\"itemListElement\":[{\"@type\":\"ListItem\",\"position\":1,\"name\":\"Home\",\"item\":\"https:\/\/universofamilia.com\/el\/\"},{\"@type\":\"ListItem\",\"position\":2,\"name\":\"Aplicaci\u00f3n para grabar todas las llamadas que quieras\"}]},{\"@type\":\"WebSite\",\"@id\":\"https:\/\/universofamilia.com\/el\/#website\",\"url\":\"https:\/\/universofamilia.com\/el\/\",\"name\":\"Universo Fam\u00edlia\",\"description\":\"\",\"potentialAction\":[{\"@type\":\"SearchAction\",\"target\":{\"@type\":\"EntryPoint\",\"urlTemplate\":\"https:\/\/universofamilia.com\/el\/?s={search_term_string}\"},\"query-input\":\"required name=search_term_string\"}],\"inLanguage\":\"hu\"},{\"@type\":\"Person\",\"@id\":\"https:\/\/universofamilia.com\/el\/#\/schema\/person\/f07ce98187dd84d31154262e79b3b7ca\",\"name\":\"Pedro Henrique\",\"image\":{\"@type\":\"ImageObject\",\"inLanguage\":\"hu\",\"@id\":\"https:\/\/universofamilia.com\/el\/#\/schema\/person\/image\/\",\"url\":\"http:\/\/0.gravatar.com\/avatar\/9edfeb808cb4e1599f64d6e45b130154?s=96&d=mm&r=g\",\"contentUrl\":\"http:\/\/0.gravatar.com\/avatar\/9edfeb808cb4e1599f64d6e45b130154?s=96&d=mm&r=g\",\"caption\":\"Pedro Henrique\"},\"url\":\"http:\/\/universofamilia.com\/hu\/author\/editor01\/\"}]}<\/script>\n<!-- \/ Yoast SEO plugin. -->","yoast_head_json":{"title":"Aplicaci\u00f3n para grabar todas las llamadas que quieras - Universo Fam\u00edlia","description":"Aplicaci\u00f3n para grabar todas las llamadas que quieras. En un mundo cada vez m\u00e1s digital e interconectado, las llamadas telef\u00f3nicas...","robots":{"index":"index","follow":"follow","max-snippet":"max-snippet:-1","max-image-preview":"max-image-preview:large","max-video-preview":"max-video-preview:-1"},"canonical":"http:\/\/universofamilia.com\/hu\/aplicacion-para-grabar-todas-las-llamadas-que-quieras\/","og_locale":"hu_HU","og_type":"article","og_title":"Aplicaci\u00f3n para grabar todas las llamadas que quieras - Universo Fam\u00edlia","og_description":"Aplicaci\u00f3n para grabar todas las llamadas que quieras. En un mundo cada vez m\u00e1s digital e interconectado, las llamadas telef\u00f3nicas...","og_url":"http:\/\/universofamilia.com\/hu\/aplicacion-para-grabar-todas-las-llamadas-que-quieras\/","og_site_name":"Universo Fam\u00edlia","article_published_time":"2024-02-01T17:10:19+00:00","article_modified_time":"2025-07-12T20:54:00+00:00","og_image":[{"width":550,"height":350,"url":"http:\/\/universofamilia.com\/wp-content\/uploads\/sites\/148\/2024\/02\/P-550x350-1-1.jpg","type":"image\/jpeg"}],"author":"Pedro Henrique","twitter_card":"summary_large_image","twitter_misc":{"Written by":"Pedro Henrique","Est. reading time":"4 perc"},"schema":{"@context":"https:\/\/schema.org","@graph":[{"@type":"WebPage","@id":"http:\/\/universofamilia.com\/el\/aplicacion-para-grabar-todas-las-llamadas-que-quieras\/","url":"http:\/\/universofamilia.com\/el\/aplicacion-para-grabar-todas-las-llamadas-que-quieras\/","name":"Aplicaci\u00f3n para grabar todas las llamadas que quieras - Universo Fam\u00edlia","isPartOf":{"@id":"https:\/\/universofamilia.com\/el\/#website"},"primaryImageOfPage":{"@id":"http:\/\/universofamilia.com\/el\/aplicacion-para-grabar-todas-las-llamadas-que-quieras\/#primaryimage"},"image":{"@id":"http:\/\/universofamilia.com\/el\/aplicacion-para-grabar-todas-las-llamadas-que-quieras\/#primaryimage"},"thumbnailUrl":"http:\/\/universofamilia.com\/wp-content\/uploads\/sites\/148\/2024\/02\/P-550x350-1-1.jpg","datePublished":"2024-02-01T17:10:19+00:00","dateModified":"2025-07-12T20:54:00+00:00","author":{"@id":"https:\/\/universofamilia.com\/el\/#\/schema\/person\/f07ce98187dd84d31154262e79b3b7ca"},"description":"Aplicaci\u00f3n para grabar todas las llamadas que quieras. En un mundo cada vez m\u00e1s digital e interconectado, las llamadas telef\u00f3nicas...","breadcrumb":{"@id":"http:\/\/universofamilia.com\/el\/aplicacion-para-grabar-todas-las-llamadas-que-quieras\/#breadcrumb"},"inLanguage":"hu","potentialAction":[{"@type":"ReadAction","target":["http:\/\/universofamilia.com\/el\/aplicacion-para-grabar-todas-las-llamadas-que-quieras\/"]}]},{"@type":"ImageObject","inLanguage":"hu","@id":"http:\/\/universofamilia.com\/el\/aplicacion-para-grabar-todas-las-llamadas-que-quieras\/#primaryimage","url":"http:\/\/universofamilia.com\/wp-content\/uploads\/sites\/148\/2024\/02\/P-550x350-1-1.jpg","contentUrl":"http:\/\/universofamilia.com\/wp-content\/uploads\/sites\/148\/2024\/02\/P-550x350-1-1.jpg","width":550,"height":350,"caption":"Aplicaci\u00f3n para grabar todas las llamadas que quieras"},{"@type":"BreadcrumbList","@id":"http:\/\/universofamilia.com\/el\/aplicacion-para-grabar-todas-las-llamadas-que-quieras\/#breadcrumb","itemListElement":[{"@type":"ListItem","position":1,"name":"Home","item":"https:\/\/universofamilia.com\/el\/"},{"@type":"ListItem","position":2,"name":"Aplicaci\u00f3n para grabar todas las llamadas que quieras"}]},{"@type":"WebSite","@id":"https:\/\/universofamilia.com\/el\/#website","url":"https:\/\/universofamilia.com\/el\/","name":"Universo Fam\u00edlia","description":"","potentialAction":[{"@type":"SearchAction","target":{"@type":"EntryPoint","urlTemplate":"https:\/\/universofamilia.com\/el\/?s={search_term_string}"},"query-input":"required name=search_term_string"}],"inLanguage":"hu"},{"@type":"Person","@id":"https:\/\/universofamilia.com\/el\/#\/schema\/person\/f07ce98187dd84d31154262e79b3b7ca","name":"Pedro Henrique","image":{"@type":"ImageObject","inLanguage":"hu","@id":"https:\/\/universofamilia.com\/el\/#\/schema\/person\/image\/","url":"http:\/\/0.gravatar.com\/avatar\/9edfeb808cb4e1599f64d6e45b130154?s=96&d=mm&r=g","contentUrl":"http:\/\/0.gravatar.com\/avatar\/9edfeb808cb4e1599f64d6e45b130154?s=96&d=mm&r=g","caption":"Pedro Henrique"},"url":"http:\/\/universofamilia.com\/hu\/author\/editor01\/"}]}},"_links":{"self":[{"href":"http:\/\/universofamilia.com\/hu\/wp-json\/wp\/v2\/posts\/5121"}],"collection":[{"href":"http:\/\/universofamilia.com\/hu\/wp-json\/wp\/v2\/posts"}],"about":[{"href":"http:\/\/universofamilia.com\/hu\/wp-json\/wp\/v2\/types\/post"}],"author":[{"embeddable":true,"href":"http:\/\/universofamilia.com\/hu\/wp-json\/wp\/v2\/users\/139"}],"replies":[{"embeddable":true,"href":"http:\/\/universofamilia.com\/hu\/wp-json\/wp\/v2\/comments?post=5121"}],"version-history":[{"count":1,"href":"http:\/\/universofamilia.com\/hu\/wp-json\/wp\/v2\/posts\/5121\/revisions"}],"predecessor-version":[{"id":9587,"href":"http:\/\/universofamilia.com\/hu\/wp-json\/wp\/v2\/posts\/5121\/revisions\/9587"}],"wp:featuredmedia":[{"embeddable":true,"href":"http:\/\/universofamilia.com\/hu\/wp-json\/wp\/v2\/media\/5122"}],"wp:attachment":[{"href":"http:\/\/universofamilia.com\/hu\/wp-json\/wp\/v2\/media?parent=5121"}],"wp:term":[{"taxonomy":"category","embeddable":true,"href":"http:\/\/universofamilia.com\/hu\/wp-json\/wp\/v2\/categories?post=5121"},{"taxonomy":"post_tag","embeddable":true,"href":"http:\/\/universofamilia.com\/hu\/wp-json\/wp\/v2\/tags?post=5121"}],"curies":[{"name":"wp","href":"https:\/\/api.w.org\/{rel}","templated":true}]}}