{"id":5143,"date":"2024-02-03T17:56:50","date_gmt":"2024-02-03T17:56:50","guid":{"rendered":"https:\/\/universofamilia.com\/?p=5143"},"modified":"2025-10-12T14:08:28","modified_gmt":"2025-10-12T17:08:28","slug":"la-importancia-de-las-aplicaciones-para-grabar-llamadas","status":"publish","type":"post","link":"http:\/\/universofamilia.com\/hu\/la-importancia-de-las-aplicaciones-para-grabar-llamadas\/","title":{"rendered":"A h\u00edv\u00e1sr\u00f6gz\u00edt\u0151 alkalmaz\u00e1sok fontoss\u00e1ga"},"content":{"rendered":"<p>A technol\u00f3giai fejl\u0151d\u00e9s \u00e1talak\u00edtotta a kommunik\u00e1ci\u00f3s m\u00f3dunkat, a telefonh\u00edv\u00e1sok pedig az interakci\u00f3 kulcsfontoss\u00e1g\u00fa eszk\u00f6z\u00e9v\u00e9 v\u00e1ltak.<\/p>\n\n\n\n<p>A fontos besz\u00e9lget\u00e9sek dokument\u00e1l\u00e1s\u00e1nak n\u00f6vekv\u0151 ig\u00e9ny\u00e9vel a h\u00edv\u00e1sr\u00f6gz\u00edt\u0151 alkalmaz\u00e1sok \u00e9rt\u00e9kes eszk\u00f6zz\u00e9 v\u00e1ltak.<\/p>\n\n\n\n<p>Ebben a cikkben megvizsg\u00e1ljuk ezen alkalmaz\u00e1sok fontoss\u00e1g\u00e1t, kiemelve hasznoss\u00e1gukat a szem\u00e9lyi v\u00e9delem, a jogi elj\u00e1r\u00e1sok \u00e9s a felhaszn\u00e1l\u00f3i tapasztalatok megoszt\u00e1sa ter\u00e9n.<\/p>\n\n\n\n<h2 class=\"wp-block-heading\"><strong>A h\u00edv\u00e1sok r\u00f6gz\u00edt\u00e9s\u00e9nek sz\u00fcks\u00e9gess\u00e9ge a szem\u00e9lyi v\u00e9delem \u00e9rdek\u00e9ben<\/strong><\/h2>\n\n\n\n<p>Egy olyan vil\u00e1gban \u00e9l\u00fcnk, ahol a kommunik\u00e1ci\u00f3 alapvet\u0151 szerepet j\u00e1tszik az \u00e9let minden ter\u00fclet\u00e9n.<\/p>\n\n\n\n<p>A h\u00edv\u00e1sok r\u00f6gz\u00edt\u00e9se kulcsfontoss\u00e1g\u00fa lehet a kellemetlen helyzetek elker\u00fcl\u00e9se \u00e9rdek\u00e9ben, mivel h\u0171 feljegyz\u00e9st biztos\u00edt a besz\u00e9lget\u00e9s sor\u00e1n elhangzottakr\u00f3l.<\/p>\n\n\n\n<h2 class=\"wp-block-heading\">L\u00e1sd m\u00e9g<\/h2>\n\n\n\n<ul>\n<li class=\"has-medium-font-size\"><a href=\"https:\/\/universofamilia.com\/hu\/5092\/aplicaciones-espias-para-leer-mensajes-de-texto-en-otro-celular\/\">K\u00e9malkalmaz\u00e1sok sz\u00f6veges \u00fczenetek olvas\u00e1s\u00e1ra egy m\u00e1sik mobiltelefonon<\/a><\/li>\n\n\n\n<li class=\"has-medium-font-size\"><a href=\"https:\/\/universofamilia.com\/hu\/5099\/restaurar-fotos-eliminadas-en-el-telefono-movil\/\">T\u00f6r\u00f6lt fot\u00f3k vissza\u00e1ll\u00edt\u00e1sa mobiltelefonon<\/a><\/li>\n\n\n\n<li class=\"has-medium-font-size\"><a href=\"https:\/\/universofamilia.com\/hu\/5105\/noviazgo-cristiano-para-toda-la-vida\/\">Kereszt\u00e9ny randev\u00faz\u00e1s egy \u00e9letre<\/a><\/li>\n<\/ul>\n\n\n\n<p>Az olyan helyzetek, mint a zaklat\u00e1s, fenyeget\u00e9s vagy r\u00e1galmaz\u00e1s, dokument\u00e1lhat\u00f3k \u00e9s bizony\u00edt\u00e9kk\u00e9nt felhaszn\u00e1lhat\u00f3k jogi \u00fcgyekben.<\/p>\n\n\n\n<p>Tov\u00e1bb\u00e1, \u00fczleti tranzakci\u00f3k sor\u00e1n a besz\u00e9lget\u00e9sek r\u00f6gz\u00edt\u00e9se megv\u00e9dheti a fogyaszt\u00f3kat a tisztess\u00e9gtelen gyakorlatokt\u00f3l vagy a v\u00e1llalatok \u00e1ltal ny\u00fajtott ellentmond\u00e1sos inform\u00e1ci\u00f3kt\u00f3l.<\/p>\n\n\n\n<p>Az \u00e1tl\u00e1that\u00f3s\u00e1g l\u00e9tfontoss\u00e1g\u00fa az interperszon\u00e1lis \u00e9s \u00fczleti kapcsolatokban, \u00e9s a h\u00edv\u00e1sr\u00f6gz\u00edt\u0151 alkalmaz\u00e1sok sz\u00f6vets\u00e9gesekk\u00e9 v\u00e1lnak ebben a biztons\u00e1g ir\u00e1nti t\u00f6rekv\u00e9sben.<\/p>\n\n\n\n<h2 class=\"wp-block-heading\"><strong>Felv\u00e9telek felhaszn\u00e1l\u00e1sa b\u00edr\u00f3s\u00e1gi elj\u00e1r\u00e1sokban<\/strong><\/h2>\n\n\n\n<p>A h\u00edv\u00e1sr\u00f6gz\u00edt\u00e9s jogszer\u0171s\u00e9ge az egyes orsz\u00e1gok vagy joghat\u00f3s\u00e1gok t\u00f6rv\u00e9nyeit\u0151l f\u00fcgg\u0151en v\u00e1ltozik.<\/p>\n\n\n\n<p>Sok r\u00e9gi\u00f3ban enged\u00e9lyezett a h\u00edv\u00e1sok r\u00f6gz\u00edt\u00e9se, amennyiben legal\u00e1bb az egyik f\u00e9l tud a felv\u00e9telr\u0151l.<\/p>\n\n\n\n<p>Jogi kontextusban ezek a felv\u00e9telek \u00e9rt\u00e9kes bizony\u00edt\u00e9kk\u00e9nt szolg\u00e1lhatnak.<\/p>\n\n\n\n<p>Jogi elj\u00e1r\u00e1sokban a h\u00edv\u00e1sfelv\u00e9telek felhaszn\u00e1lhat\u00f3k sz\u00f3beli meg\u00e1llapod\u00e1sok meger\u0151s\u00edt\u00e9s\u00e9re, inform\u00e1ci\u00f3k \u00e9rv\u00e9nyes\u00edt\u00e9s\u00e9re, s\u0151t ak\u00e1r jogellenes magatart\u00e1s leleplez\u00e9s\u00e9re is.<\/p>\n\n\n\n<p>A konkr\u00e9t bizony\u00edt\u00e9kok bemutat\u00e1s\u00e1nak k\u00e9pess\u00e9ge gyakran kulcsfontoss\u00e1g\u00fa lehet a jogi vit\u00e1k tisztess\u00e9ges rendez\u00e9s\u00e9ben.<\/p>\n\n\n\n<h2 class=\"wp-block-heading\"><strong>Felhaszn\u00e1l\u00f3i \u00e9lm\u00e9ny h\u00edv\u00e1sr\u00f6gz\u00edt\u0151 alkalmaz\u00e1sokkal<\/strong><\/h2>\n\n\n\n<p>A h\u00edv\u00e1sr\u00f6gz\u00edt\u0151 alkalmaz\u00e1sok n\u00e9pszer\u0171s\u00e9g\u00e9t a let\u00f6lt\u00e9sek sz\u00e1m\u00e1nak n\u00f6veked\u00e9se \u00e9s a pozit\u00edv felhaszn\u00e1l\u00f3i \u00e9rt\u00e9kel\u00e9sek is bizony\u00edtj\u00e1k.<\/p>\n\n\n\n<p>Sokan osztj\u00e1k meg tapasztalataikat, kiemelve, hogy ezek az eszk\u00f6z\u00f6k milyen hasznosak voltak a kritikus pillanatokban.<\/p>\n\n\n\n<p>A felhaszn\u00e1l\u00f3k gyakran eml\u00edtik ezen alkalmaz\u00e1sok k\u00f6nny\u0171 kezelhet\u0151s\u00e9g\u00e9t, kiemelve a felv\u00e9telek elind\u00edt\u00e1s\u00e1nak \u00e9s a f\u00e1jlok k\u00e9s\u0151bbi visszakeres\u00e9s\u00e9nek egyszer\u0171s\u00e9g\u00e9t.<\/p>\n\n\n\n<p>Sokan kiemelik, hogy ezek az eszk\u00f6z\u00f6k hogyan v\u00e1ltak megb\u00edzhat\u00f3 sz\u00f6vets\u00e9gesekk\u00e9 jogi \u00e9s szakmai helyzetekben.<\/p>\n\n\n\n<h2 class=\"wp-block-heading\"><strong>ACR h\u00edv\u00e1sr\u00f6gz\u00edt\u0151 \u00e9s Cube h\u00edv\u00e1sr\u00f6gz\u00edt\u0151<\/strong><\/h2>\n\n\n\n<p>A sz\u00e9lesk\u00f6r\u0171 el\u00e9rhet\u0151 alkalmaz\u00e1sok k\u00f6z\u00fcl kett\u0151 t\u0171nik ki hat\u00e9konys\u00e1g\u00e1val \u00e9s funkcionalit\u00e1s\u00e1val: az ACR Call Recorder \u00e9s a Cube Call Recorder.<\/p>\n\n\n\n<p>Mindkett\u0151t sz\u00e9les k\u00f6rben dics\u00e9rik a felhaszn\u00e1l\u00f3k a k\u00f6nny\u0171 haszn\u00e1lhat\u00f3s\u00e1guk \u00e9s a felv\u00e9teli min\u0151s\u00e9g\u00fck miatt.<\/p>\n\n\n\n<p>Az ACR h\u00edv\u00e1sr\u00f6gz\u00edt\u0151 fejlett funkci\u00f3kat k\u00edn\u00e1l, p\u00e9ld\u00e1ul lehet\u0151v\u00e9 teszi az automatikus r\u00f6gz\u00edt\u00e9s be\u00e1ll\u00edt\u00e1s\u00e1t bizonyos sz\u00e1mokhoz vagy n\u00e9vjegyekhez.<\/p>\n\n\n\n<p>Intuit\u00edv kezel\u0151fel\u00fclete \u00e9s a felv\u00e9telek felh\u0151be ment\u00e9s\u00e9nek lehet\u0151s\u00e9ge jobb felhaszn\u00e1l\u00f3i \u00e9lm\u00e9nyt biztos\u00edt.<\/p>\n\n\n\n<p>A Cube Call Recorder ek\u00f6zben krist\u00e1lytiszta hangmin\u0151s\u00e9g\u00e9\u00e9rt \u00e9s a hang- \u00e9s videoh\u00edv\u00e1sok t\u00f6bb platformon, t\u00f6bbek k\u00f6z\u00f6tt a WhatsAppon \u00e9s a Skype-on t\u00f6rt\u00e9n\u0151 r\u00f6gz\u00edt\u00e9s\u00e9nek k\u00e9pess\u00e9g\u00e9\u00e9rt dics\u00e9retet kapott.<\/p>\n\n\n\n<p>Sokoldal\u00fas\u00e1g\u00e1nak k\u00f6sz\u00f6nhet\u0151en n\u00e9pszer\u0171 v\u00e1laszt\u00e1s azok k\u00f6r\u00e9ben, akik nemcsak a telefonh\u00edv\u00e1sokat, hanem az \u00fczenetk\u00fcld\u0151 alkalmaz\u00e1sokon kereszt\u00fcli interakci\u00f3kat is r\u00f6gz\u00edteni szeretn\u00e9k.<\/p>\n\n\n<div class=\"wp-block-image\">\n<figure class=\"aligncenter size-full\"><img loading=\"lazy\" decoding=\"async\" width=\"550\" height=\"350\" src=\"http:\/\/universofamilia.com\/wp-content\/uploads\/sites\/148\/2024\/02\/P-550x350-3-1.jpg\" alt=\"\" class=\"wp-image-5144\" srcset=\"http:\/\/universofamilia.com\/wp-content\/uploads\/sites\/148\/2024\/02\/P-550x350-3-1.jpg 550w, http:\/\/universofamilia.com\/wp-content\/uploads\/sites\/148\/2024\/02\/P-550x350-3-1-300x191.jpg 300w\" sizes=\"(max-width: 550px) 100vw, 550px\" \/><figcaption class=\"wp-element-caption\">A h\u00edv\u00e1sr\u00f6gz\u00edt\u0151 alkalmaz\u00e1sok fontoss\u00e1ga<\/figcaption><\/figure><\/div>\n\n\n<h2 class=\"wp-block-heading\"><strong>\u00d6nv\u00e9delem \u00e9s egyszer\u0171 dokument\u00e1l\u00e1s<\/strong><\/h2>\n\n\n\n<p>Az egyre ink\u00e1bb digit\u00e1lis vil\u00e1gban a h\u00edv\u00e1sok r\u00f6gz\u00edt\u00e9se bevett gyakorlatt\u00e1 v\u00e1lt a szem\u00e9lyes v\u00e9delem biztos\u00edt\u00e1sa \u00e9s a kulcsfontoss\u00e1g\u00fa inform\u00e1ci\u00f3k dokument\u00e1l\u00e1sa \u00e9rdek\u00e9ben.<\/p>\n\n\n\n<p>Az ACR Call Recorder \u00e9s a Cube Call Recorder alkalmaz\u00e1sok ebben a helyzetben megb\u00edzhat\u00f3 eszk\u00f6z\u00f6kk\u00e9nt t\u0171nnek ki, fejlett funkci\u00f3kat \u00e9s kiel\u00e9g\u00edt\u0151 felhaszn\u00e1l\u00f3i \u00e9lm\u00e9nyt k\u00edn\u00e1lva.<\/p>\n\n\n\n<p>Azok sz\u00e1m\u00e1ra, akik biztons\u00e1got, \u00e1tl\u00e1that\u00f3s\u00e1got \u00e9s a h\u00edv\u00e1snapl\u00f3k hat\u00e9kony t\u00e1rol\u00e1si m\u00f3dj\u00e1t keresik, ezek az alkalmaz\u00e1sok j\u00f3 v\u00e1laszt\u00e1snak bizonyulnak.<\/p>\n\n\n\n<p>A h\u00edv\u00e1sr\u00f6gz\u00edt\u00e9sre vonatkoz\u00f3 helyi t\u00f6rv\u00e9nyek betart\u00e1s\u00e1nak biztos\u00edt\u00e1s\u00e1val a felhaszn\u00e1l\u00f3k sz\u00e1mos helyzetben \u00e9lvezhetik ezen eszk\u00f6z\u00f6k el\u0151nyeit.<\/p>\n\n\n\n<p><strong>Let\u00f6lt\u00e9si linkek:<\/strong><\/p>\n\n\n\n<ul>\n<li><strong>Androidra<\/strong>: <a href=\"https:\/\/play.google.com\/store\/apps\/details?id=com.catalinagroup.callrecorder&amp;hl=pt_BR&amp;gl=US\">Cube h\u00edv\u00e1srekord<\/a><\/li>\n\n\n\n<li><strong>iOS-re<\/strong>:  <a href=\"https:\/\/apps.apple.com\/us\/app\/acr-call-recorder-for-iphone\/id1362975885\">ACR h\u00edv\u00e1sr\u00f6gz\u00edt\u0151<\/a> | <a href=\"https:\/\/play.google.com\/store\/apps\/details?id=com.catalinagroup.callrecorder&amp;hl=pt_BR&amp;gl=US\">C<\/a><a href=\"https:\/\/apps.apple.com\/us\/app\/call-recorder-cube-acr\/id1613607637\">ube h\u00edv\u00e1sr\u00f6gz\u00edt\u0151<\/a> <\/li>\n<\/ul>","protected":false},"excerpt":{"rendered":"<p>El avance tecnol\u00f3gico ha transformado la forma en que nos comunicamos, siendo las llamadas telef\u00f3nicas un medio crucial de interacci\u00f3n. Con la creciente necesidad de documentar conversaciones importantes, las aplicaciones para grabar llamadas se han convertido en una herramienta valiosa. En este art\u00edculo, exploraremos la importancia de estas aplicaciones, destacando su utilidad en la protecci\u00f3n [&hellip;]<\/p>","protected":false},"author":219,"featured_media":5144,"comment_status":"closed","ping_status":"open","sticky":false,"template":"","format":"standard","meta":{"footnotes":""},"categories":[2],"tags":[899,902,981],"yoast_head":"<!-- This site is optimized with the Yoast SEO plugin v23.3 - https:\/\/yoast.com\/wordpress\/plugins\/seo\/ -->\n<title>La Importancia de las Aplicaciones para Grabar Llamadas - Universo Fam\u00edlia<\/title>\n<meta name=\"description\" content=\"La Importancia de las Aplicaciones para Grabar Llamadas. El avance tecnol\u00f3gico ha transformado la forma en que nos comunicamos...\" \/>\n<meta name=\"robots\" content=\"index, follow, max-snippet:-1, max-image-preview:large, max-video-preview:-1\" \/>\n<link rel=\"canonical\" href=\"http:\/\/universofamilia.com\/hu\/la-importancia-de-las-aplicaciones-para-grabar-llamadas\/\" \/>\n<meta property=\"og:locale\" content=\"hu_HU\" \/>\n<meta property=\"og:type\" content=\"article\" \/>\n<meta property=\"og:title\" content=\"La Importancia de las Aplicaciones para Grabar Llamadas - Universo Fam\u00edlia\" \/>\n<meta property=\"og:description\" content=\"La Importancia de las Aplicaciones para Grabar Llamadas. El avance tecnol\u00f3gico ha transformado la forma en que nos comunicamos...\" \/>\n<meta property=\"og:url\" content=\"http:\/\/universofamilia.com\/hu\/la-importancia-de-las-aplicaciones-para-grabar-llamadas\/\" \/>\n<meta property=\"og:site_name\" content=\"Universo Fam\u00edlia\" \/>\n<meta property=\"article:published_time\" content=\"2024-02-03T17:56:50+00:00\" \/>\n<meta property=\"article:modified_time\" content=\"2025-10-12T17:08:28+00:00\" \/>\n<meta property=\"og:image\" content=\"http:\/\/universofamilia.com\/wp-content\/uploads\/sites\/148\/2024\/02\/P-550x350-3-1.jpg\" \/>\n\t<meta property=\"og:image:width\" content=\"550\" \/>\n\t<meta property=\"og:image:height\" content=\"350\" \/>\n\t<meta property=\"og:image:type\" content=\"image\/jpeg\" \/>\n<meta name=\"author\" content=\"Matheus Sangaletti\" \/>\n<meta name=\"twitter:card\" content=\"summary_large_image\" \/>\n<meta name=\"twitter:label1\" content=\"Written by\" \/>\n\t<meta name=\"twitter:data1\" content=\"Matheus Sangaletti\" \/>\n\t<meta name=\"twitter:label2\" content=\"Est. reading time\" \/>\n\t<meta name=\"twitter:data2\" content=\"5 perc\" \/>\n<script type=\"application\/ld+json\" class=\"yoast-schema-graph\">{\"@context\":\"https:\/\/schema.org\",\"@graph\":[{\"@type\":\"WebPage\",\"@id\":\"http:\/\/universofamilia.com\/sr\/la-importancia-de-las-aplicaciones-para-grabar-llamadas\/\",\"url\":\"http:\/\/universofamilia.com\/sr\/la-importancia-de-las-aplicaciones-para-grabar-llamadas\/\",\"name\":\"La Importancia de las Aplicaciones para Grabar Llamadas - Universo Fam\u00edlia\",\"isPartOf\":{\"@id\":\"https:\/\/universofamilia.com\/el\/#website\"},\"primaryImageOfPage\":{\"@id\":\"http:\/\/universofamilia.com\/sr\/la-importancia-de-las-aplicaciones-para-grabar-llamadas\/#primaryimage\"},\"image\":{\"@id\":\"http:\/\/universofamilia.com\/sr\/la-importancia-de-las-aplicaciones-para-grabar-llamadas\/#primaryimage\"},\"thumbnailUrl\":\"http:\/\/universofamilia.com\/wp-content\/uploads\/sites\/148\/2024\/02\/P-550x350-3-1.jpg\",\"datePublished\":\"2024-02-03T17:56:50+00:00\",\"dateModified\":\"2025-10-12T17:08:28+00:00\",\"author\":{\"@id\":\"https:\/\/universofamilia.com\/el\/#\/schema\/person\/92fcd07e9b1f4323bf74f3170fc0f78a\"},\"description\":\"La Importancia de las Aplicaciones para Grabar Llamadas. El avance tecnol\u00f3gico ha transformado la forma en que nos comunicamos...\",\"breadcrumb\":{\"@id\":\"http:\/\/universofamilia.com\/sr\/la-importancia-de-las-aplicaciones-para-grabar-llamadas\/#breadcrumb\"},\"inLanguage\":\"hu\",\"potentialAction\":[{\"@type\":\"ReadAction\",\"target\":[\"http:\/\/universofamilia.com\/sr\/la-importancia-de-las-aplicaciones-para-grabar-llamadas\/\"]}]},{\"@type\":\"ImageObject\",\"inLanguage\":\"hu\",\"@id\":\"http:\/\/universofamilia.com\/sr\/la-importancia-de-las-aplicaciones-para-grabar-llamadas\/#primaryimage\",\"url\":\"http:\/\/universofamilia.com\/wp-content\/uploads\/sites\/148\/2024\/02\/P-550x350-3-1.jpg\",\"contentUrl\":\"http:\/\/universofamilia.com\/wp-content\/uploads\/sites\/148\/2024\/02\/P-550x350-3-1.jpg\",\"width\":550,\"height\":350,\"caption\":\"La Importancia de las Aplicaciones para Grabar Llamadas\"},{\"@type\":\"BreadcrumbList\",\"@id\":\"http:\/\/universofamilia.com\/sr\/la-importancia-de-las-aplicaciones-para-grabar-llamadas\/#breadcrumb\",\"itemListElement\":[{\"@type\":\"ListItem\",\"position\":1,\"name\":\"Home\",\"item\":\"https:\/\/universofamilia.com\/el\/\"},{\"@type\":\"ListItem\",\"position\":2,\"name\":\"La Importancia de las Aplicaciones para Grabar Llamadas\"}]},{\"@type\":\"WebSite\",\"@id\":\"https:\/\/universofamilia.com\/el\/#website\",\"url\":\"https:\/\/universofamilia.com\/el\/\",\"name\":\"Universo Fam\u00edlia\",\"description\":\"\",\"potentialAction\":[{\"@type\":\"SearchAction\",\"target\":{\"@type\":\"EntryPoint\",\"urlTemplate\":\"https:\/\/universofamilia.com\/el\/?s={search_term_string}\"},\"query-input\":\"required name=search_term_string\"}],\"inLanguage\":\"hu\"},{\"@type\":\"Person\",\"@id\":\"https:\/\/universofamilia.com\/el\/#\/schema\/person\/92fcd07e9b1f4323bf74f3170fc0f78a\",\"name\":\"Matheus Sangaletti\",\"image\":{\"@type\":\"ImageObject\",\"inLanguage\":\"hu\",\"@id\":\"https:\/\/universofamilia.com\/el\/#\/schema\/person\/image\/\",\"url\":\"http:\/\/2.gravatar.com\/avatar\/280ea957a14a48e6a1ad2133d2cc27c9?s=96&d=mm&r=g\",\"contentUrl\":\"http:\/\/2.gravatar.com\/avatar\/280ea957a14a48e6a1ad2133d2cc27c9?s=96&d=mm&r=g\",\"caption\":\"Matheus Sangaletti\"},\"url\":\"http:\/\/universofamilia.com\/hu\/author\/matheuss\/\"}]}<\/script>\n<!-- \/ Yoast SEO plugin. -->","yoast_head_json":{"title":"La Importancia de las Aplicaciones para Grabar Llamadas - Universo Fam\u00edlia","description":"La Importancia de las Aplicaciones para Grabar Llamadas. El avance tecnol\u00f3gico ha transformado la forma en que nos comunicamos...","robots":{"index":"index","follow":"follow","max-snippet":"max-snippet:-1","max-image-preview":"max-image-preview:large","max-video-preview":"max-video-preview:-1"},"canonical":"http:\/\/universofamilia.com\/hu\/la-importancia-de-las-aplicaciones-para-grabar-llamadas\/","og_locale":"hu_HU","og_type":"article","og_title":"La Importancia de las Aplicaciones para Grabar Llamadas - Universo Fam\u00edlia","og_description":"La Importancia de las Aplicaciones para Grabar Llamadas. El avance tecnol\u00f3gico ha transformado la forma en que nos comunicamos...","og_url":"http:\/\/universofamilia.com\/hu\/la-importancia-de-las-aplicaciones-para-grabar-llamadas\/","og_site_name":"Universo Fam\u00edlia","article_published_time":"2024-02-03T17:56:50+00:00","article_modified_time":"2025-10-12T17:08:28+00:00","og_image":[{"width":550,"height":350,"url":"http:\/\/universofamilia.com\/wp-content\/uploads\/sites\/148\/2024\/02\/P-550x350-3-1.jpg","type":"image\/jpeg"}],"author":"Matheus Sangaletti","twitter_card":"summary_large_image","twitter_misc":{"Written by":"Matheus Sangaletti","Est. reading time":"5 perc"},"schema":{"@context":"https:\/\/schema.org","@graph":[{"@type":"WebPage","@id":"http:\/\/universofamilia.com\/sr\/la-importancia-de-las-aplicaciones-para-grabar-llamadas\/","url":"http:\/\/universofamilia.com\/sr\/la-importancia-de-las-aplicaciones-para-grabar-llamadas\/","name":"La Importancia de las Aplicaciones para Grabar Llamadas - Universo Fam\u00edlia","isPartOf":{"@id":"https:\/\/universofamilia.com\/el\/#website"},"primaryImageOfPage":{"@id":"http:\/\/universofamilia.com\/sr\/la-importancia-de-las-aplicaciones-para-grabar-llamadas\/#primaryimage"},"image":{"@id":"http:\/\/universofamilia.com\/sr\/la-importancia-de-las-aplicaciones-para-grabar-llamadas\/#primaryimage"},"thumbnailUrl":"http:\/\/universofamilia.com\/wp-content\/uploads\/sites\/148\/2024\/02\/P-550x350-3-1.jpg","datePublished":"2024-02-03T17:56:50+00:00","dateModified":"2025-10-12T17:08:28+00:00","author":{"@id":"https:\/\/universofamilia.com\/el\/#\/schema\/person\/92fcd07e9b1f4323bf74f3170fc0f78a"},"description":"La Importancia de las Aplicaciones para Grabar Llamadas. El avance tecnol\u00f3gico ha transformado la forma en que nos comunicamos...","breadcrumb":{"@id":"http:\/\/universofamilia.com\/sr\/la-importancia-de-las-aplicaciones-para-grabar-llamadas\/#breadcrumb"},"inLanguage":"hu","potentialAction":[{"@type":"ReadAction","target":["http:\/\/universofamilia.com\/sr\/la-importancia-de-las-aplicaciones-para-grabar-llamadas\/"]}]},{"@type":"ImageObject","inLanguage":"hu","@id":"http:\/\/universofamilia.com\/sr\/la-importancia-de-las-aplicaciones-para-grabar-llamadas\/#primaryimage","url":"http:\/\/universofamilia.com\/wp-content\/uploads\/sites\/148\/2024\/02\/P-550x350-3-1.jpg","contentUrl":"http:\/\/universofamilia.com\/wp-content\/uploads\/sites\/148\/2024\/02\/P-550x350-3-1.jpg","width":550,"height":350,"caption":"La Importancia de las Aplicaciones para Grabar Llamadas"},{"@type":"BreadcrumbList","@id":"http:\/\/universofamilia.com\/sr\/la-importancia-de-las-aplicaciones-para-grabar-llamadas\/#breadcrumb","itemListElement":[{"@type":"ListItem","position":1,"name":"Home","item":"https:\/\/universofamilia.com\/el\/"},{"@type":"ListItem","position":2,"name":"La Importancia de las Aplicaciones para Grabar Llamadas"}]},{"@type":"WebSite","@id":"https:\/\/universofamilia.com\/el\/#website","url":"https:\/\/universofamilia.com\/el\/","name":"Universo Fam\u00edlia","description":"","potentialAction":[{"@type":"SearchAction","target":{"@type":"EntryPoint","urlTemplate":"https:\/\/universofamilia.com\/el\/?s={search_term_string}"},"query-input":"required name=search_term_string"}],"inLanguage":"hu"},{"@type":"Person","@id":"https:\/\/universofamilia.com\/el\/#\/schema\/person\/92fcd07e9b1f4323bf74f3170fc0f78a","name":"Matheus Sangaletti","image":{"@type":"ImageObject","inLanguage":"hu","@id":"https:\/\/universofamilia.com\/el\/#\/schema\/person\/image\/","url":"http:\/\/2.gravatar.com\/avatar\/280ea957a14a48e6a1ad2133d2cc27c9?s=96&d=mm&r=g","contentUrl":"http:\/\/2.gravatar.com\/avatar\/280ea957a14a48e6a1ad2133d2cc27c9?s=96&d=mm&r=g","caption":"Matheus Sangaletti"},"url":"http:\/\/universofamilia.com\/hu\/author\/matheuss\/"}]}},"_links":{"self":[{"href":"http:\/\/universofamilia.com\/hu\/wp-json\/wp\/v2\/posts\/5143"}],"collection":[{"href":"http:\/\/universofamilia.com\/hu\/wp-json\/wp\/v2\/posts"}],"about":[{"href":"http:\/\/universofamilia.com\/hu\/wp-json\/wp\/v2\/types\/post"}],"author":[{"embeddable":true,"href":"http:\/\/universofamilia.com\/hu\/wp-json\/wp\/v2\/users\/219"}],"replies":[{"embeddable":true,"href":"http:\/\/universofamilia.com\/hu\/wp-json\/wp\/v2\/comments?post=5143"}],"version-history":[{"count":1,"href":"http:\/\/universofamilia.com\/hu\/wp-json\/wp\/v2\/posts\/5143\/revisions"}],"predecessor-version":[{"id":10047,"href":"http:\/\/universofamilia.com\/hu\/wp-json\/wp\/v2\/posts\/5143\/revisions\/10047"}],"wp:featuredmedia":[{"embeddable":true,"href":"http:\/\/universofamilia.com\/hu\/wp-json\/wp\/v2\/media\/5144"}],"wp:attachment":[{"href":"http:\/\/universofamilia.com\/hu\/wp-json\/wp\/v2\/media?parent=5143"}],"wp:term":[{"taxonomy":"category","embeddable":true,"href":"http:\/\/universofamilia.com\/hu\/wp-json\/wp\/v2\/categories?post=5143"},{"taxonomy":"post_tag","embeddable":true,"href":"http:\/\/universofamilia.com\/hu\/wp-json\/wp\/v2\/tags?post=5143"}],"curies":[{"name":"wp","href":"https:\/\/api.w.org\/{rel}","templated":true}]}}