{"id":5149,"date":"2024-02-04T21:20:53","date_gmt":"2024-02-04T21:20:53","guid":{"rendered":"https:\/\/universofamilia.com\/?p=5149"},"modified":"2026-04-15T11:43:54","modified_gmt":"2026-04-15T14:43:54","slug":"aplicaciones-de-vision-nocturna-para-telefonos-moviles","status":"publish","type":"post","link":"http:\/\/universofamilia.com\/hu\/aplicaciones-de-vision-nocturna-para-telefonos-moviles\/","title":{"rendered":"\u00c9jjell\u00e1t\u00f3 alkalmaz\u00e1sok mobiltelefonokhoz"},"content":{"rendered":"<p>Egy olyan vil\u00e1gban \u00e9l\u00fcnk, ahol a technol\u00f3gia kulcsfontoss\u00e1g\u00fa szerepet j\u00e1tszik a mindennapi \u00e9let\u00fcnkben, \u00e9s az okostelefonok \u00e9let\u00fcnk elengedhetetlen kiterjeszt\u00e9sei.<\/p>\n\n\n\n<p>A technol\u00f3gia folyamatos fejl\u0151d\u00e9s\u00e9vel \u00faj innov\u00e1ci\u00f3k jelennek meg a felhaszn\u00e1l\u00f3i \u00e9lm\u00e9ny jav\u00edt\u00e1sa \u00e9rdek\u00e9ben, ezek egyike az \u00e9jjell\u00e1t\u00f3 alkalmaz\u00e1s mobiltelefonokra.<\/p>\n\n\n\n<p>Ez a technol\u00f3giai \u00faj\u00edt\u00e1s nemcsak az \u00e9rt\u00e9kes \u00e9jszakai pillanatok meg\u00f6r\u00f6k\u00edt\u00e9s\u00e9t teszi lehet\u0151v\u00e9, hanem l\u00e9tfontoss\u00e1g\u00fa szerepet j\u00e1tszik csal\u00e1djaink biztons\u00e1g\u00e1ban is.<\/p>\n\n\n\n<h2 class=\"wp-block-heading\"><strong>Az \u00e9jjell\u00e1t\u00f3 funkci\u00f3 fontoss\u00e1ga a telefonon<\/strong><\/h2>\n\n\n\n<p>A gyenge f\u00e9nyviszonyok melletti l\u00e1t\u00e1s k\u00e9pess\u00e9ge sz\u00e1mos helyzetben kulcsfontoss\u00e1g\u00fa.<\/p>\n\n\n\n<p>Ak\u00e1r az \u00e9jszakai esem\u00e9nyek eml\u00e9keinek r\u00f6gz\u00edt\u00e9s\u00e9r\u0151l, v\u00e9szhelyzetek dokument\u00e1l\u00e1s\u00e1r\u00f3l vagy ak\u00e1r az otthon biztons\u00e1g\u00e1nak biztos\u00edt\u00e1s\u00e1r\u00f3l van sz\u00f3, az \u00e9jjell\u00e1t\u00f3 funkci\u00f3 az okostelefonok alapvet\u0151 funkci\u00f3j\u00e1v\u00e1 v\u00e1lt.<\/p>\n\n\n\n<h2 class=\"wp-block-heading\">L\u00e1sd m\u00e9g<\/h2>\n\n\n\n<ul>\n<li class=\"has-medium-font-size\"><a href=\"https:\/\/universofamilia.com\/hu\/5099\/restaurar-fotos-eliminadas-en-el-telefono-movil\/\">T\u00f6r\u00f6lt fot\u00f3k vissza\u00e1ll\u00edt\u00e1sa mobiltelefonon<\/a><\/li>\n\n\n\n<li class=\"has-medium-font-size\"><a href=\"https:\/\/universofamilia.com\/hu\/5105\/noviazgo-cristiano-para-toda-la-vida\/\">Kereszt\u00e9ny randev\u00faz\u00e1s egy \u00e9letre<\/a><\/li>\n<\/ul>\n\n\n\n<p>A s\u00f6t\u00e9t k\u00f6rnyezetben val\u00f3 tiszt\u00e1n l\u00e1t\u00e1s k\u00e9pess\u00e9ge megv\u00e9dheti csal\u00e1dj\u00e1t az \u00e9jszaka gyakran felmer\u00fcl\u0151 vesz\u00e9lyekt\u0151l.<\/p>\n\n\n\n<h2 class=\"wp-block-heading\"><strong>\u00c9jjell\u00e1t\u00f3 alkalmaz\u00e1sok: r\u00f6vid elemz\u00e9s<\/strong><\/h2>\n\n\n\n<p>A piacon el\u00e9rhet\u0151 alkalmaz\u00e1sok k\u00f6z\u00fcl h\u00e1rom t\u0171nik ki min\u0151s\u00e9g\u00e9vel \u00e9s az \u00e1ltaluk k\u00edn\u00e1lt funkci\u00f3kkal:<\/p>\n\n\n\n<ol>\n<li><strong>NightCap kamera:<\/strong>\n<ul>\n<li>\u00c9rt\u00e9kel\u00e9sek: 4,7 csillag (iOS) \/ 4,5 csillag (Android)<\/li>\n\n\n\n<li>Jellemz\u0151k: Fejlett mesters\u00e9ges intelligenci\u00e1val t\u00e1mogatott \u00e9jszakai m\u00f3d, gyenge f\u00e9nyviszonyok melletti fot\u00f3- \u00e9s videofelv\u00e9tel, RAW-t\u00e1mogat\u00e1s, manu\u00e1lis kameravez\u00e9rl\u00e9s \u00e9s be\u00e9p\u00edtett fot\u00f3szerkeszt\u00e9s.<\/li>\n<\/ul>\n<\/li>\n\n\n\n<li><strong>Spectre kamera:<\/strong>\n<ul>\n<li>\u00c9rt\u00e9kel\u00e9sek: 4,6 csillag (iOS) \/ 4,4 csillag (Android)<\/li>\n\n\n\n<li>Jellemz\u0151k: Val\u00f3s idej\u0171 \u00e9jjell\u00e1t\u00f3, gyenge f\u00e9nyviszonyok melletti videofelv\u00e9tel, \u00e1ll\u00edthat\u00f3 f\u00e9nyer\u0151s\u00edt\u00e9s, \u00e9jszakai szelfi m\u00f3d, sz\u0171r\u0151k \u00e9s speci\u00e1lis effektek.<\/li>\n<\/ul>\n<\/li>\n\n\n\n<li><strong>\u00c9jjell\u00e1t\u00f3 kamera:<\/strong>\n<ul>\n<li>\u00c9rt\u00e9kel\u00e9sek: 4,5 csillag (iOS) \/ 4,3 csillag (Android)<\/li>\n\n\n\n<li>Jellemz\u0151k: \u00c9jjell\u00e1t\u00f3 kamera k\u00fcl\u00f6nb\u00f6z\u0151 m\u00f3dokkal, digit\u00e1lis zoommal, \u00e1ll\u00edthat\u00f3 f\u00e9nyer\u0151vel, infrav\u00f6r\u00f6s t\u00e1mogat\u00e1ssal, vakuval ell\u00e1tott fot\u00f3k \u00e9s vide\u00f3k k\u00e9sz\u00edt\u00e9se.<\/li>\n<\/ul>\n<\/li>\n<\/ol>\n\n\n\n<h2 class=\"wp-block-heading\"><strong>Alkalmaz\u00e1sfunkci\u00f3k felfedez\u00e9se<\/strong><\/h2>\n\n\n\n<p>A fent eml\u00edtett alkalmaz\u00e1sok olyan fejlett funkci\u00f3kat k\u00edn\u00e1lnak, amelyek t\u00falmutatnak a s\u00f6t\u00e9t k\u00f6rnyezetben t\u00f6rt\u00e9n\u0151 f\u00e9nyk\u00e9pez\u00e9sen.<\/p>\n\n\n\n<p>A <strong>NightCap kamera<\/strong> Kiemelkedik a fejlett mesters\u00e9ges intelligenci\u00e1val ell\u00e1tott \u00e9jszakai m\u00f3dj\u00e1r\u00f3l, amely kiv\u00e9teles k\u00e9pmin\u0151s\u00e9get biztos\u00edt kih\u00edv\u00e1st jelent\u0151 k\u00f6r\u00fclm\u00e9nyek k\u00f6z\u00f6tt is.<\/p>\n\n\n\n<p>Ezenk\u00edv\u00fcl a RAW-t\u00e1mogat\u00e1s \u00e9s a manu\u00e1lis kameravez\u00e9rl\u00e9s testreszab\u00e1si lehet\u0151s\u00e9geket k\u00edn\u00e1l a fot\u00f3z\u00e1s szerelmeseinek.<\/p>\n\n\n\n<p>A <strong>Spectre kamera<\/strong>a maga r\u00e9sz\u00e9r\u0151l kiemelkedik val\u00f3s idej\u0171 \u00e9jjell\u00e1t\u00f3 k\u00e9pess\u00e9g\u00e9vel, kiv\u00e1l\u00f3 v\u00e1laszt\u00e1s olyan helyzetekben, amikor val\u00f3s id\u0151ben kell megtekinteni a k\u00f6rnyezetet.<\/p>\n\n\n\n<p>A sz\u0171r\u0151k \u00e9s speci\u00e1lis effektek m\u0171v\u00e9szi hat\u00e1st k\u00f6lcs\u00f6n\u00f6znek \u00e9jszakai fot\u00f3idnak, m\u00e9g mag\u00e1val ragad\u00f3bb\u00e1 t\u00e9ve az \u00e9lm\u00e9nyt.<\/p>\n\n\n\n<p>V\u00e9g\u00fcl, a <strong>\u00c9jjell\u00e1t\u00f3 kamera<\/strong> A sokoldal\u00fas\u00e1gra \u00f6sszpontos\u00edt, k\u00fcl\u00f6nb\u00f6z\u0151 \u00e9jjell\u00e1t\u00f3 m\u00f3dokat k\u00edn\u00e1lva a k\u00fcl\u00f6nf\u00e9le helyzetekhez.<\/p>\n\n\n\n<p>Az infrav\u00f6r\u00f6s \u00e1llv\u00e1ny \u00e9rt\u00e9kes kieg\u00e9sz\u00edt\u0151, amely tiszt\u00e1bb l\u00e1t\u00e1st biztos\u00edt extr\u00e9m s\u00f6t\u00e9t k\u00f6r\u00fclm\u00e9nyek k\u00f6z\u00f6tt is.<\/p>\n\n\n\n<h2 class=\"wp-block-heading\"><strong>Felhaszn\u00e1l\u00f3i v\u00e9lem\u00e9ny<\/strong><\/h2>\n\n\n\n<p>Az alkalmaz\u00e1sok pozit\u00edv \u00e9rt\u00e9kel\u00e9sei a felhaszn\u00e1l\u00f3k el\u00e9gedetts\u00e9g\u00e9t t\u00fckr\u00f6zik a funkci\u00f3ikkal.<\/p>\n\n\n\n<p>A 4 csillag feletti \u00e1tlagos \u00e9rt\u00e9kel\u00e9ssel a felhaszn\u00e1l\u00f3k dics\u00e9rik az alkalmaz\u00e1sok hat\u00e9konys\u00e1g\u00e1t a kiv\u00e1l\u00f3 min\u0151s\u00e9g\u0171 k\u00e9pek k\u00e9sz\u00edt\u00e9s\u00e9ben \u00e9jszakai k\u00f6rnyezetben.<\/p>\n\n\n\n<p>Az \u00e9rt\u00e9kel\u00e9sekben gyakran kiemelik, hogy milyen k\u00e9pess\u00e9gekkel lehet fontos pillanatokat meg\u00f6r\u00f6k\u00edteni, m\u00e9g kih\u00edv\u00e1st jelent\u0151 f\u00e9nyviszonyok k\u00f6z\u00f6tt is.<\/p>\n\n\n<div class=\"wp-block-image\">\n<figure class=\"aligncenter size-full\"><img loading=\"lazy\" decoding=\"async\" width=\"550\" height=\"350\" src=\"http:\/\/universofamilia.com\/wp-content\/uploads\/sites\/148\/2024\/02\/P-550x350-1-3.jpg\" alt=\"\" class=\"wp-image-5150\" srcset=\"http:\/\/universofamilia.com\/wp-content\/uploads\/sites\/148\/2024\/02\/P-550x350-1-3.jpg 550w, http:\/\/universofamilia.com\/wp-content\/uploads\/sites\/148\/2024\/02\/P-550x350-1-3-300x191.jpg 300w\" sizes=\"(max-width: 550px) 100vw, 550px\" \/><figcaption class=\"wp-element-caption\">\u00c9jjell\u00e1t\u00f3 alkalmaz\u00e1sok mobiltelefonokhoz<\/figcaption><\/figure><\/div>\n\n\n<h2 class=\"wp-block-heading\"><strong>Konkl\u00fazi\u00f3: L\u00e1tni a s\u00f6t\u00e9ts\u00e9gen t\u00fal<\/strong><\/h2>\n\n\n\n<p>Egy olyan vil\u00e1gban, ahol a technol\u00f3gia k\u00f6zponti szerepet j\u00e1tszik a mindennapi \u00e9let\u00fcnkben, a mobiltelefonokra sz\u00e1nt \u00e9jjell\u00e1t\u00f3 alkalmaz\u00e1sok alapvet\u0151 innov\u00e1ci\u00f3t k\u00e9pviselnek.<\/p>\n\n\n\n<p>A hihetetlen vizu\u00e1lis \u00e9lm\u00e9nyek biztos\u00edt\u00e1sa mellett ezek az alkalmaz\u00e1sok kritikus szerepet j\u00e1tszanak az otthoni biztons\u00e1gban is.<\/p>\n\n\n\n<p>Az \u00e9jszakai l\u00e1t\u00e1s k\u00e9pess\u00e9g\u00e9nek elsaj\u00e1t\u00edt\u00e1sa kulcsfontoss\u00e1g\u00fa l\u00e9p\u00e9s a csal\u00e1dod v\u00e9delm\u00e9ben a s\u00f6t\u00e9ts\u00e9g be\u00e1llt\u00e1val felmer\u00fcl\u0151 vesz\u00e9lyekkel szemben.<\/p>\n\n\n\n<p>Az al\u00e1bbi linkeken let\u00f6ltheted ezeket az alkalmaz\u00e1sokat, \u00e9s felfedezheted az \u00e9jszakai f\u00e9nyk\u00e9pez\u00e9s lehet\u0151s\u00e9geinek egy teljesen \u00faj vil\u00e1g\u00e1t:<\/p>\n\n\n\n<ul>\n<li><strong>NightCap kamera:<\/strong>\n<ul>\n<li><a href=\"https:\/\/apps.apple.com\/us\/iphone\/today\">iOS<\/a><\/li>\n\n\n\n<li><a href=\"https:\/\/play.google.com\/store\/apps\/details?id=com.risingcabbage.hd.camera&amp;hl=pt&amp;gl=US\">Android<\/a><\/li>\n<\/ul>\n<\/li>\n\n\n\n<li><strong>Spectre kamera:<\/strong>\n<ul>\n<li><a href=\"https:\/\/apps.apple.com\/us\/iphone\/today\">iOS<\/a><\/li>\n<\/ul>\n<\/li>\n\n\n\n<li><strong>\u00c9jjell\u00e1t\u00f3 kamera:<\/strong>\n<ul>\n<li><a href=\"https:\/\/apps.apple.com\/us\/iphone\/today\">iOS<\/a><\/li>\n\n\n\n<li><a href=\"https:\/\/play.google.com\/store\/apps\/details?id=com.white_night.nightvisioncamera&amp;hl=es_MX\">Android<\/a><\/li>\n<\/ul>\n<\/li>\n<\/ul>\n\n\n\n<p>Emeld a mobilfot\u00f3z\u00e1s technol\u00f3gi\u00e1j\u00e1t a k\u00f6vetkez\u0151 szintre, \u00e9s vil\u00e1g\u00edtsd meg az \u00e9jszakai vil\u00e1godat ezekkel a leny\u0171g\u00f6z\u0151 \u00e9jjell\u00e1t\u00f3 alkalmaz\u00e1sokkal.<\/p>","protected":false},"excerpt":{"rendered":"<p>Vivimos en un mundo donde la tecnolog\u00eda juega un papel crucial en nuestra vida diaria, y los tel\u00e9fonos inteligentes son una extensi\u00f3n esencial de nuestras vidas. Con la constante evoluci\u00f3n de la tecnolog\u00eda, nuevas innovaciones surgen para mejorar nuestra experiencia, y una de ellas es la aplicaci\u00f3n de visi\u00f3n nocturna para tel\u00e9fonos m\u00f3viles. Esta innovaci\u00f3n [&hellip;]<\/p>","protected":false},"author":139,"featured_media":5150,"comment_status":"closed","ping_status":"open","sticky":false,"template":"","format":"standard","meta":{"footnotes":""},"categories":[2],"tags":[112,226,228],"yoast_head":"<!-- This site is optimized with the Yoast SEO plugin v23.3 - https:\/\/yoast.com\/wordpress\/plugins\/seo\/ -->\n<title>Aplicaciones de Visi\u00f3n Nocturna para Tel\u00e9fonos M\u00f3viles - Universo Fam\u00edlia<\/title>\n<meta name=\"description\" content=\"Aplicaciones de Visi\u00f3n Nocturna para Tel\u00e9fonos M\u00f3viles. Vivimos en un mundo donde la tecnolog\u00eda juega un papel crucial...\" \/>\n<meta name=\"robots\" content=\"index, follow, max-snippet:-1, max-image-preview:large, max-video-preview:-1\" \/>\n<link rel=\"canonical\" href=\"http:\/\/universofamilia.com\/hu\/aplicaciones-de-vision-nocturna-para-telefonos-moviles\/\" \/>\n<meta property=\"og:locale\" content=\"hu_HU\" \/>\n<meta property=\"og:type\" content=\"article\" \/>\n<meta property=\"og:title\" content=\"Aplicaciones de Visi\u00f3n Nocturna para Tel\u00e9fonos M\u00f3viles - Universo Fam\u00edlia\" \/>\n<meta property=\"og:description\" content=\"Aplicaciones de Visi\u00f3n Nocturna para Tel\u00e9fonos M\u00f3viles. Vivimos en un mundo donde la tecnolog\u00eda juega un papel crucial...\" \/>\n<meta property=\"og:url\" content=\"http:\/\/universofamilia.com\/hu\/aplicaciones-de-vision-nocturna-para-telefonos-moviles\/\" \/>\n<meta property=\"og:site_name\" content=\"Universo Fam\u00edlia\" \/>\n<meta property=\"article:published_time\" content=\"2024-02-04T21:20:53+00:00\" \/>\n<meta property=\"article:modified_time\" content=\"2026-04-15T14:43:54+00:00\" \/>\n<meta property=\"og:image\" content=\"http:\/\/universofamilia.com\/wp-content\/uploads\/sites\/148\/2024\/02\/P-550x350-1-3.jpg\" \/>\n\t<meta property=\"og:image:width\" content=\"550\" \/>\n\t<meta property=\"og:image:height\" content=\"350\" \/>\n\t<meta property=\"og:image:type\" content=\"image\/jpeg\" \/>\n<meta name=\"author\" content=\"Pedro Henrique\" \/>\n<meta name=\"twitter:card\" content=\"summary_large_image\" \/>\n<meta name=\"twitter:label1\" content=\"Written by\" \/>\n\t<meta name=\"twitter:data1\" content=\"Pedro Henrique\" \/>\n\t<meta name=\"twitter:label2\" content=\"Est. reading time\" \/>\n\t<meta name=\"twitter:data2\" content=\"5 perc\" \/>\n<script type=\"application\/ld+json\" class=\"yoast-schema-graph\">{\"@context\":\"https:\/\/schema.org\",\"@graph\":[{\"@type\":\"WebPage\",\"@id\":\"http:\/\/universofamilia.com\/el\/aplicaciones-de-vision-nocturna-para-telefonos-moviles\/\",\"url\":\"http:\/\/universofamilia.com\/el\/aplicaciones-de-vision-nocturna-para-telefonos-moviles\/\",\"name\":\"Aplicaciones de Visi\u00f3n Nocturna para Tel\u00e9fonos M\u00f3viles - Universo Fam\u00edlia\",\"isPartOf\":{\"@id\":\"https:\/\/universofamilia.com\/el\/#website\"},\"primaryImageOfPage\":{\"@id\":\"http:\/\/universofamilia.com\/el\/aplicaciones-de-vision-nocturna-para-telefonos-moviles\/#primaryimage\"},\"image\":{\"@id\":\"http:\/\/universofamilia.com\/el\/aplicaciones-de-vision-nocturna-para-telefonos-moviles\/#primaryimage\"},\"thumbnailUrl\":\"http:\/\/universofamilia.com\/wp-content\/uploads\/sites\/148\/2024\/02\/P-550x350-1-3.jpg\",\"datePublished\":\"2024-02-04T21:20:53+00:00\",\"dateModified\":\"2026-04-15T14:43:54+00:00\",\"author\":{\"@id\":\"https:\/\/universofamilia.com\/el\/#\/schema\/person\/f07ce98187dd84d31154262e79b3b7ca\"},\"description\":\"Aplicaciones de Visi\u00f3n Nocturna para Tel\u00e9fonos M\u00f3viles. Vivimos en un mundo donde la tecnolog\u00eda juega un papel crucial...\",\"breadcrumb\":{\"@id\":\"http:\/\/universofamilia.com\/el\/aplicaciones-de-vision-nocturna-para-telefonos-moviles\/#breadcrumb\"},\"inLanguage\":\"hu\",\"potentialAction\":[{\"@type\":\"ReadAction\",\"target\":[\"http:\/\/universofamilia.com\/el\/aplicaciones-de-vision-nocturna-para-telefonos-moviles\/\"]}]},{\"@type\":\"ImageObject\",\"inLanguage\":\"hu\",\"@id\":\"http:\/\/universofamilia.com\/el\/aplicaciones-de-vision-nocturna-para-telefonos-moviles\/#primaryimage\",\"url\":\"http:\/\/universofamilia.com\/wp-content\/uploads\/sites\/148\/2024\/02\/P-550x350-1-3.jpg\",\"contentUrl\":\"http:\/\/universofamilia.com\/wp-content\/uploads\/sites\/148\/2024\/02\/P-550x350-1-3.jpg\",\"width\":550,\"height\":350,\"caption\":\"Aplicaciones de Visi\u00f3n Nocturna para Tel\u00e9fonos M\u00f3viles\"},{\"@type\":\"BreadcrumbList\",\"@id\":\"http:\/\/universofamilia.com\/el\/aplicaciones-de-vision-nocturna-para-telefonos-moviles\/#breadcrumb\",\"itemListElement\":[{\"@type\":\"ListItem\",\"position\":1,\"name\":\"Home\",\"item\":\"https:\/\/universofamilia.com\/el\/\"},{\"@type\":\"ListItem\",\"position\":2,\"name\":\"Aplicaciones de Visi\u00f3n Nocturna para Tel\u00e9fonos M\u00f3viles\"}]},{\"@type\":\"WebSite\",\"@id\":\"https:\/\/universofamilia.com\/el\/#website\",\"url\":\"https:\/\/universofamilia.com\/el\/\",\"name\":\"Universo Fam\u00edlia\",\"description\":\"\",\"potentialAction\":[{\"@type\":\"SearchAction\",\"target\":{\"@type\":\"EntryPoint\",\"urlTemplate\":\"https:\/\/universofamilia.com\/el\/?s={search_term_string}\"},\"query-input\":\"required name=search_term_string\"}],\"inLanguage\":\"hu\"},{\"@type\":\"Person\",\"@id\":\"https:\/\/universofamilia.com\/el\/#\/schema\/person\/f07ce98187dd84d31154262e79b3b7ca\",\"name\":\"Pedro Henrique\",\"image\":{\"@type\":\"ImageObject\",\"inLanguage\":\"hu\",\"@id\":\"https:\/\/universofamilia.com\/el\/#\/schema\/person\/image\/\",\"url\":\"http:\/\/0.gravatar.com\/avatar\/9edfeb808cb4e1599f64d6e45b130154?s=96&d=mm&r=g\",\"contentUrl\":\"http:\/\/0.gravatar.com\/avatar\/9edfeb808cb4e1599f64d6e45b130154?s=96&d=mm&r=g\",\"caption\":\"Pedro Henrique\"},\"url\":\"http:\/\/universofamilia.com\/hu\/author\/editor01\/\"}]}<\/script>\n<!-- \/ Yoast SEO plugin. -->","yoast_head_json":{"title":"Aplicaciones de Visi\u00f3n Nocturna para Tel\u00e9fonos M\u00f3viles - Universo Fam\u00edlia","description":"Aplicaciones de Visi\u00f3n Nocturna para Tel\u00e9fonos M\u00f3viles. Vivimos en un mundo donde la tecnolog\u00eda juega un papel crucial...","robots":{"index":"index","follow":"follow","max-snippet":"max-snippet:-1","max-image-preview":"max-image-preview:large","max-video-preview":"max-video-preview:-1"},"canonical":"http:\/\/universofamilia.com\/hu\/aplicaciones-de-vision-nocturna-para-telefonos-moviles\/","og_locale":"hu_HU","og_type":"article","og_title":"Aplicaciones de Visi\u00f3n Nocturna para Tel\u00e9fonos M\u00f3viles - Universo Fam\u00edlia","og_description":"Aplicaciones de Visi\u00f3n Nocturna para Tel\u00e9fonos M\u00f3viles. Vivimos en un mundo donde la tecnolog\u00eda juega un papel crucial...","og_url":"http:\/\/universofamilia.com\/hu\/aplicaciones-de-vision-nocturna-para-telefonos-moviles\/","og_site_name":"Universo Fam\u00edlia","article_published_time":"2024-02-04T21:20:53+00:00","article_modified_time":"2026-04-15T14:43:54+00:00","og_image":[{"width":550,"height":350,"url":"http:\/\/universofamilia.com\/wp-content\/uploads\/sites\/148\/2024\/02\/P-550x350-1-3.jpg","type":"image\/jpeg"}],"author":"Pedro Henrique","twitter_card":"summary_large_image","twitter_misc":{"Written by":"Pedro Henrique","Est. reading time":"5 perc"},"schema":{"@context":"https:\/\/schema.org","@graph":[{"@type":"WebPage","@id":"http:\/\/universofamilia.com\/el\/aplicaciones-de-vision-nocturna-para-telefonos-moviles\/","url":"http:\/\/universofamilia.com\/el\/aplicaciones-de-vision-nocturna-para-telefonos-moviles\/","name":"Aplicaciones de Visi\u00f3n Nocturna para Tel\u00e9fonos M\u00f3viles - Universo Fam\u00edlia","isPartOf":{"@id":"https:\/\/universofamilia.com\/el\/#website"},"primaryImageOfPage":{"@id":"http:\/\/universofamilia.com\/el\/aplicaciones-de-vision-nocturna-para-telefonos-moviles\/#primaryimage"},"image":{"@id":"http:\/\/universofamilia.com\/el\/aplicaciones-de-vision-nocturna-para-telefonos-moviles\/#primaryimage"},"thumbnailUrl":"http:\/\/universofamilia.com\/wp-content\/uploads\/sites\/148\/2024\/02\/P-550x350-1-3.jpg","datePublished":"2024-02-04T21:20:53+00:00","dateModified":"2026-04-15T14:43:54+00:00","author":{"@id":"https:\/\/universofamilia.com\/el\/#\/schema\/person\/f07ce98187dd84d31154262e79b3b7ca"},"description":"Aplicaciones de Visi\u00f3n Nocturna para Tel\u00e9fonos M\u00f3viles. Vivimos en un mundo donde la tecnolog\u00eda juega un papel crucial...","breadcrumb":{"@id":"http:\/\/universofamilia.com\/el\/aplicaciones-de-vision-nocturna-para-telefonos-moviles\/#breadcrumb"},"inLanguage":"hu","potentialAction":[{"@type":"ReadAction","target":["http:\/\/universofamilia.com\/el\/aplicaciones-de-vision-nocturna-para-telefonos-moviles\/"]}]},{"@type":"ImageObject","inLanguage":"hu","@id":"http:\/\/universofamilia.com\/el\/aplicaciones-de-vision-nocturna-para-telefonos-moviles\/#primaryimage","url":"http:\/\/universofamilia.com\/wp-content\/uploads\/sites\/148\/2024\/02\/P-550x350-1-3.jpg","contentUrl":"http:\/\/universofamilia.com\/wp-content\/uploads\/sites\/148\/2024\/02\/P-550x350-1-3.jpg","width":550,"height":350,"caption":"Aplicaciones de Visi\u00f3n Nocturna para Tel\u00e9fonos M\u00f3viles"},{"@type":"BreadcrumbList","@id":"http:\/\/universofamilia.com\/el\/aplicaciones-de-vision-nocturna-para-telefonos-moviles\/#breadcrumb","itemListElement":[{"@type":"ListItem","position":1,"name":"Home","item":"https:\/\/universofamilia.com\/el\/"},{"@type":"ListItem","position":2,"name":"Aplicaciones de Visi\u00f3n Nocturna para Tel\u00e9fonos M\u00f3viles"}]},{"@type":"WebSite","@id":"https:\/\/universofamilia.com\/el\/#website","url":"https:\/\/universofamilia.com\/el\/","name":"Universo Fam\u00edlia","description":"","potentialAction":[{"@type":"SearchAction","target":{"@type":"EntryPoint","urlTemplate":"https:\/\/universofamilia.com\/el\/?s={search_term_string}"},"query-input":"required name=search_term_string"}],"inLanguage":"hu"},{"@type":"Person","@id":"https:\/\/universofamilia.com\/el\/#\/schema\/person\/f07ce98187dd84d31154262e79b3b7ca","name":"Pedro Henrique","image":{"@type":"ImageObject","inLanguage":"hu","@id":"https:\/\/universofamilia.com\/el\/#\/schema\/person\/image\/","url":"http:\/\/0.gravatar.com\/avatar\/9edfeb808cb4e1599f64d6e45b130154?s=96&d=mm&r=g","contentUrl":"http:\/\/0.gravatar.com\/avatar\/9edfeb808cb4e1599f64d6e45b130154?s=96&d=mm&r=g","caption":"Pedro Henrique"},"url":"http:\/\/universofamilia.com\/hu\/author\/editor01\/"}]}},"_links":{"self":[{"href":"http:\/\/universofamilia.com\/hu\/wp-json\/wp\/v2\/posts\/5149"}],"collection":[{"href":"http:\/\/universofamilia.com\/hu\/wp-json\/wp\/v2\/posts"}],"about":[{"href":"http:\/\/universofamilia.com\/hu\/wp-json\/wp\/v2\/types\/post"}],"author":[{"embeddable":true,"href":"http:\/\/universofamilia.com\/hu\/wp-json\/wp\/v2\/users\/139"}],"replies":[{"embeddable":true,"href":"http:\/\/universofamilia.com\/hu\/wp-json\/wp\/v2\/comments?post=5149"}],"version-history":[{"count":2,"href":"http:\/\/universofamilia.com\/hu\/wp-json\/wp\/v2\/posts\/5149\/revisions"}],"predecessor-version":[{"id":10765,"href":"http:\/\/universofamilia.com\/hu\/wp-json\/wp\/v2\/posts\/5149\/revisions\/10765"}],"wp:featuredmedia":[{"embeddable":true,"href":"http:\/\/universofamilia.com\/hu\/wp-json\/wp\/v2\/media\/5150"}],"wp:attachment":[{"href":"http:\/\/universofamilia.com\/hu\/wp-json\/wp\/v2\/media?parent=5149"}],"wp:term":[{"taxonomy":"category","embeddable":true,"href":"http:\/\/universofamilia.com\/hu\/wp-json\/wp\/v2\/categories?post=5149"},{"taxonomy":"post_tag","embeddable":true,"href":"http:\/\/universofamilia.com\/hu\/wp-json\/wp\/v2\/tags?post=5149"}],"curies":[{"name":"wp","href":"https:\/\/api.w.org\/{rel}","templated":true}]}}