{"id":5190,"date":"2024-02-12T20:44:42","date_gmt":"2024-02-12T20:44:42","guid":{"rendered":"https:\/\/universofamilia.com\/?p=5190"},"modified":"2025-10-05T22:02:11","modified_gmt":"2025-10-06T01:02:11","slug":"descubre-aplicaciones-para-ver-quien-visita-tu-perfil","status":"publish","type":"post","link":"http:\/\/universofamilia.com\/hu\/descubre-aplicaciones-para-ver-quien-visita-tu-perfil\/","title":{"rendered":"Fedezzen fel alkalmaz\u00e1sokat, amelyekkel l\u00e1thatja, hogy kik l\u00e1togatj\u00e1k meg a profilj\u00e1t"},"content":{"rendered":"<p>Egyre ink\u00e1bb \u00f6sszekapcsol\u00f3d\u00f3 vil\u00e1gunkban a k\u00f6z\u00f6ss\u00e9gi m\u00e9dia haszn\u00e1lata \u00e9let\u00fcnk szerves r\u00e9sz\u00e9v\u00e9 v\u00e1lt.<\/p>\n\n\n\n<p>Megosztunk pillanatokat, gondolatokat \u00e9s fot\u00f3kat, de nem mindig tudjuk, ki n\u00e9zi a profilunkat.<\/p>\n\n\n\n<p>Sok felhaszn\u00e1l\u00f3 keres m\u00f3dokat arra, hogy nyomon k\u00f6vesse, kik l\u00e1togatj\u00e1k k\u00f6z\u00f6ss\u00e9gi m\u00e9dia fi\u00f3kjaikat, adatv\u00e9delmi agg\u00e1lyokra \u00e9s a rosszindulat\u00fa tev\u00e9kenys\u00e9gek n\u00f6veked\u00e9s\u00e9re hivatkozva.<\/p>\n\n\n\n<p>Ebben a cikkben megvizsg\u00e1ljuk a profilod l\u00e1togat\u00f3inak nyomon k\u00f6vet\u00e9s\u00e9nek fontoss\u00e1g\u00e1t, \u00e9s bemutatunk n\u00e9h\u00e1ny n\u00e9pszer\u0171 alkalmaz\u00e1st, amelyek \u00e1ll\u00edt\u00f3lag ezt a funkci\u00f3t biztos\u00edtj\u00e1k.<\/p>\n\n\n\n<h2 class=\"wp-block-heading\">L\u00e1sd m\u00e9g<\/h2>\n\n\n\n<ul>\n<li class=\"has-medium-font-size\"><a href=\"https:\/\/universofamilia.com\/hu\/5092\/aplicaciones-espias-para-leer-mensajes-de-texto-en-otro-celular\/\">K\u00e9malkalmaz\u00e1sok sz\u00f6veges \u00fczenetek olvas\u00e1s\u00e1ra egy m\u00e1sik mobiltelefonon<\/a><\/li>\n\n\n\n<li class=\"has-medium-font-size\"><a href=\"https:\/\/universofamilia.com\/hu\/5099\/restaurar-fotos-eliminadas-en-el-telefono-movil\/\">T\u00f6r\u00f6lt fot\u00f3k vissza\u00e1ll\u00edt\u00e1sa mobiltelefonon<\/a><\/li>\n\n\n\n<li class=\"has-medium-font-size\"><a href=\"https:\/\/universofamilia.com\/hu\/5105\/noviazgo-cristiano-para-toda-la-vida\/\">Kereszt\u00e9ny randev\u00faz\u00e1s egy \u00e9letre<\/a><\/li>\n<\/ul>\n\n\n\n<h2 class=\"wp-block-heading\"><strong>A k\u00f6z\u00f6ss\u00e9gi h\u00e1l\u00f3zatok figyel\u00e9s\u00e9nek fontoss\u00e1ga<\/strong><\/h2>\n\n\n\n<p>Az online adatv\u00e9delemmel kapcsolatos n\u00f6vekv\u0151 aggodalmak miatt sok felhaszn\u00e1l\u00f3 sz\u00e1m\u00e1ra relev\u00e1ns k\u00e9rd\u00e9ss\u00e9 v\u00e1lt, hogy kik tekintik meg a k\u00f6z\u00f6ss\u00e9gi m\u00e9dia profilodat.<\/p>\n\n\n\n<p>Az a gondolat, hogy kontroll\u00e1lhatod, ki f\u00e9rhet hozz\u00e1 a bejegyz\u00e9seidhez \u00e9s a szem\u00e9lyes adataidhoz, vonz\u00f3, k\u00fcl\u00f6n\u00f6sen egy olyan helyzetben, amikor a kiberb\u0171n\u00f6z\u0151k rosszindulat\u00fa tev\u00e9kenys\u00e9gekhez haszn\u00e1lhatj\u00e1k fel a szem\u00e9lyes adatokat.<\/p>\n\n\n\n<p>Ezenk\u00edv\u00fcl az online \u201ezaklat\u00f3k\u201d \u2013 azaz olyan emberek, akik a tudtunk n\u00e9lk\u00fcl k\u00f6vetik a tev\u00e9kenys\u00e9geinket \u2013 jelenl\u00e9t\u00e9nek ismerete tov\u00e1bbi ok arra, hogy fontol\u00f3ra vegy\u00fck a profilunk l\u00e1togat\u00e1sainak nyomon k\u00f6vet\u00e9s\u00e9t.<\/p>\n\n\n\n<p>Az ilyen viselked\u00e9sek azonos\u00edt\u00e1sa lehet\u0151v\u00e9 teszi a felhaszn\u00e1l\u00f3k sz\u00e1m\u00e1ra, hogy megfelel\u0151 int\u00e9zked\u00e9seket tegyenek online adataik \u00e9s biztons\u00e1guk v\u00e9delme \u00e9rdek\u00e9ben.<\/p>\n\n\n\n<h2 class=\"wp-block-heading\"><strong>N\u00e9pszer\u0171 alkalmaz\u00e1sok, amelyekkel megtudhatod, kik l\u00e1togatj\u00e1k a profilodat<\/strong><\/h2>\n\n\n\n<p>Sz\u00e1mos alkalmaz\u00e1s jelent meg, hogy kiel\u00e9g\u00edtse a felhaszn\u00e1l\u00f3k n\u00f6vekv\u0151 ig\u00e9nyeit, akik meg akarj\u00e1k tudni, hogy kit \u00e9rdekelnek a profiljaik.<\/p>\n\n\n\n<p>Az al\u00e1bbiakban h\u00e1rom n\u00e9pszer\u0171 alkalmaz\u00e1st mutatunk be, mindegyiknek megvannak a saj\u00e1t jellegzetess\u00e9gei:<\/p>\n\n\n\n<h3 class=\"wp-block-heading\"><strong>1. Profilk\u00f6vet\u0151 a Facebook alkalmaz\u00e1shoz<\/strong><\/h3>\n\n\n\n<p>Ez az alkalmaz\u00e1s vegyes v\u00e9lem\u00e9nyeket kap a felhaszn\u00e1l\u00f3kt\u00f3l. A pozit\u00edvumok k\u00f6z\u00e9 tartozik a felhaszn\u00e1l\u00f3bar\u00e1t fel\u00fclet, a k\u00f6nny\u0171 kezelhet\u0151s\u00e9g \u00e9s az azonnali \u00e9rtes\u00edt\u00e9sek.<\/p>\n\n\n\n<p>N\u00e9h\u00e1ny felhaszn\u00e1l\u00f3 azonban adatinkonzisztenci\u00e1kr\u00f3l, gyakori hirdet\u00e9sekr\u0151l \u00e9s bejelentkez\u00e9si probl\u00e9m\u00e1kr\u00f3l sz\u00e1mol be.<\/p>\n\n\n\n<h3 class=\"wp-block-heading\"><strong>2. Kik tekintett\u00e9k meg a profilom alkalmaz\u00e1st?<\/strong><\/h3>\n\n\n\n<p>Ez az alkalmaz\u00e1s j\u00f3 \u00e9rt\u00e9kel\u00e9sekkel rendelkezik, 4,0-s pontsz\u00e1mmal a Google Playen \u00e9s 4,4-es pontsz\u00e1mmal az App Store-ban.<\/p>\n\n\n\n<p>A felhaszn\u00e1l\u00f3k \u00e9rt\u00e9kelik az egyszer\u0171 diz\u00e1jnt, az ingyenes alapfunkci\u00f3kat \u00e9s az \u00f6sszess\u00e9g\u00e9ben j\u00f3 felhaszn\u00e1l\u00f3i \u00e9lm\u00e9nyt.<\/p>\n\n\n\n<h3 class=\"wp-block-heading\"><strong>3. L\u00e1togat\u00f3i Pro alkalmaz\u00e1s:<\/strong><\/h3>\n\n\n\n<p>A Visitors Pro megb\u00edzhat\u00f3 \u00e9rt\u00e9kel\u00e9sekkel nyeri el a felhaszn\u00e1l\u00f3k tetsz\u00e9s\u00e9t intuit\u00edv kezel\u0151fel\u00fclet\u00e9vel \u00e9s olyan kieg\u00e9sz\u00edt\u0151 funkci\u00f3ival, mint a stalker azonos\u00edt\u00e1sa \u00e9s a bejegyz\u00e9seid l\u00e1jkol\u00e1s\u00e1nak ellen\u0151rz\u00e9se.<\/p>\n\n\n\n<p>Van pr\u00e9mium verzi\u00f3ja is, tov\u00e1bbi el\u0151ny\u00f6kkel.<\/p>\n\n\n<div class=\"wp-block-image\">\n<figure class=\"aligncenter size-full\"><img loading=\"lazy\" decoding=\"async\" width=\"550\" height=\"350\" src=\"http:\/\/universofamilia.com\/wp-content\/uploads\/sites\/148\/2024\/02\/P-550x350-2-4.jpg\" alt=\"\" class=\"wp-image-5191\" srcset=\"http:\/\/universofamilia.com\/wp-content\/uploads\/sites\/148\/2024\/02\/P-550x350-2-4.jpg 550w, http:\/\/universofamilia.com\/wp-content\/uploads\/sites\/148\/2024\/02\/P-550x350-2-4-300x191.jpg 300w\" sizes=\"(max-width: 550px) 100vw, 550px\" \/><figcaption class=\"wp-element-caption\">Fedezzen fel alkalmaz\u00e1sokat, amelyekkel l\u00e1thatja, hogy kik l\u00e1togatj\u00e1k meg a profilj\u00e1t<\/figcaption><\/figure><\/div>\n\n\n<h2 class=\"wp-block-heading\"><strong>K\u00f6vetkeztet\u00e9s<\/strong><\/h2>\n\n\n\n<p>B\u00e1r \u00e9rdekesnek t\u0171nik kider\u00edteni, hogy kik l\u00e1togatj\u00e1k a profilodat, fontos, hogy \u00f3vatosan kezelj\u00fck ezeket az alkalmaz\u00e1sokat.<\/p>\n\n\n\n<p>Sokuknak lehetnek korl\u00e1tai \u00e9s k\u00f6vetkezetlens\u00e9gei a megadott adatokban.<\/p>\n\n\n\n<p>Ezenk\u00edv\u00fcl fontos megjegyezni, hogy a k\u00f6z\u00f6ss\u00e9gi m\u00e9dia platformoknak adatv\u00e9delmi ir\u00e1nyelveik vannak, \u00e9s ezeknek az alkalmaz\u00e1soknak a haszn\u00e1lata s\u00e9rtheti ezeket az ir\u00e1nyelveket.<\/p>\n\n\n\n<p>Fontos tudni, hogy kik f\u00e9rhetnek hozz\u00e1 a profilodhoz, de ugyanilyen fontos meg\u00e9rteni ezen alkalmaz\u00e1sok korl\u00e1tait \u00e9s etikai vonatkoz\u00e1sait is.<\/p>\n\n\n\n<p>Ezen eszk\u00f6z\u00f6k haszn\u00e1latakor a felhaszn\u00e1l\u00f3knak tiszt\u00e1ban kell lenni\u00fck a lehets\u00e9ges kock\u00e1zatokkal, \u00e9s l\u00e9p\u00e9seket kell tenni\u00fck online adatv\u00e9delm\u00fck v\u00e9delme \u00e9rdek\u00e9ben.<\/p>\n\n\n\n<p><strong>Let\u00f6lt\u00e9si linkek:<\/strong><\/p>\n\n\n\n<ol>\n<li><strong>Profilk\u00f6vet\u0151 Facebookhoz:<\/strong>\n<ul>\n<li><a href=\"https:\/\/play.google.com\/store\/apps\/details?id=com.analyzing.network&amp;hl=en_US\">Google Play<\/a><\/li>\n\n\n\n<li><a href=\"https:\/\/apps.apple.com\/us\/app\/xview-reports-profile-tracker\/id1541777461\">App Store<\/a><\/li>\n<\/ul>\n<\/li>\n\n\n\n<li><strong>Kik n\u00e9zt\u00e9k meg a profilomat:<\/strong>\n<ul>\n<li><a href=\"https:\/\/apps.apple.com\/us\/app\/who-profile-view-for-my-insta\/id1554870653\">App Store<\/a><\/li>\n<\/ul>\n<\/li>\n<\/ol>","protected":false},"excerpt":{"rendered":"<p>Egyre ink\u00e1bb \u00f6sszekapcsol\u00f3d\u00f3 vil\u00e1gunkban a k\u00f6z\u00f6ss\u00e9gi m\u00e9dia haszn\u00e1lata \u00e9let\u00fcnk szerves r\u00e9sz\u00e9v\u00e9 v\u00e1lt. Megosztunk pillanatokat, gondolatokat \u00e9s f\u00e9nyk\u00e9peket, de nem mindig tudjuk, ki n\u00e9zi a profiljainkat. Sok felhaszn\u00e1l\u00f3 keres m\u00f3dokat arra, hogy nyomon k\u00f6vesse, kik l\u00e1togatj\u00e1k k\u00f6z\u00f6ss\u00e9gi m\u00e9dia fi\u00f3kjaikat, hivatkozva az adatv\u00e9delemmel \u00e9s [\u2026] kapcsolatos agg\u00e1lyaikra.<\/p>","protected":false},"author":219,"featured_media":5191,"comment_status":"closed","ping_status":"open","sticky":false,"template":"","format":"standard","meta":{"footnotes":""},"categories":[2],"tags":[25,292,731],"yoast_head":"<!-- This site is optimized with the Yoast SEO plugin v23.3 - https:\/\/yoast.com\/wordpress\/plugins\/seo\/ -->\n<title>Descubre Aplicaciones para Ver Qui\u00e9n Visita tu Perfil - Universo Fam\u00edlia<\/title>\n<meta name=\"description\" content=\"Descubre Aplicaciones para Ver Qui\u00e9n Visita tu Perfil. En un mundo cada vez m\u00e1s conectado, el uso de las redes sociales se ha...\" \/>\n<meta name=\"robots\" content=\"index, follow, max-snippet:-1, max-image-preview:large, max-video-preview:-1\" \/>\n<link rel=\"canonical\" href=\"http:\/\/universofamilia.com\/hu\/descubre-aplicaciones-para-ver-quien-visita-tu-perfil\/\" \/>\n<meta property=\"og:locale\" content=\"hu_HU\" \/>\n<meta property=\"og:type\" content=\"article\" \/>\n<meta property=\"og:title\" content=\"Descubre Aplicaciones para Ver Qui\u00e9n Visita tu Perfil - Universo Fam\u00edlia\" \/>\n<meta property=\"og:description\" content=\"Descubre Aplicaciones para Ver Qui\u00e9n Visita tu Perfil. En un mundo cada vez m\u00e1s conectado, el uso de las redes sociales se ha...\" \/>\n<meta property=\"og:url\" content=\"http:\/\/universofamilia.com\/hu\/descubre-aplicaciones-para-ver-quien-visita-tu-perfil\/\" \/>\n<meta property=\"og:site_name\" content=\"Universo Fam\u00edlia\" \/>\n<meta property=\"article:published_time\" content=\"2024-02-12T20:44:42+00:00\" \/>\n<meta property=\"article:modified_time\" content=\"2025-10-06T01:02:11+00:00\" \/>\n<meta property=\"og:image\" content=\"http:\/\/universofamilia.com\/wp-content\/uploads\/sites\/148\/2024\/02\/P-550x350-2-4.jpg\" \/>\n\t<meta property=\"og:image:width\" content=\"550\" \/>\n\t<meta property=\"og:image:height\" content=\"350\" \/>\n\t<meta property=\"og:image:type\" content=\"image\/jpeg\" \/>\n<meta name=\"author\" content=\"Matheus Sangaletti\" \/>\n<meta name=\"twitter:card\" content=\"summary_large_image\" \/>\n<meta name=\"twitter:label1\" content=\"Written by\" \/>\n\t<meta name=\"twitter:data1\" content=\"Matheus Sangaletti\" \/>\n\t<meta name=\"twitter:label2\" content=\"Est. reading time\" \/>\n\t<meta name=\"twitter:data2\" content=\"4 perc\" \/>\n<script type=\"application\/ld+json\" class=\"yoast-schema-graph\">{\"@context\":\"https:\/\/schema.org\",\"@graph\":[{\"@type\":\"WebPage\",\"@id\":\"http:\/\/universofamilia.com\/ru\/descubre-aplicaciones-para-ver-quien-visita-tu-perfil\/\",\"url\":\"http:\/\/universofamilia.com\/ru\/descubre-aplicaciones-para-ver-quien-visita-tu-perfil\/\",\"name\":\"Descubre Aplicaciones para Ver Qui\u00e9n Visita tu Perfil - Universo Fam\u00edlia\",\"isPartOf\":{\"@id\":\"https:\/\/universofamilia.com\/el\/#website\"},\"primaryImageOfPage\":{\"@id\":\"http:\/\/universofamilia.com\/ru\/descubre-aplicaciones-para-ver-quien-visita-tu-perfil\/#primaryimage\"},\"image\":{\"@id\":\"http:\/\/universofamilia.com\/ru\/descubre-aplicaciones-para-ver-quien-visita-tu-perfil\/#primaryimage\"},\"thumbnailUrl\":\"http:\/\/universofamilia.com\/wp-content\/uploads\/sites\/148\/2024\/02\/P-550x350-2-4.jpg\",\"datePublished\":\"2024-02-12T20:44:42+00:00\",\"dateModified\":\"2025-10-06T01:02:11+00:00\",\"author\":{\"@id\":\"https:\/\/universofamilia.com\/el\/#\/schema\/person\/92fcd07e9b1f4323bf74f3170fc0f78a\"},\"description\":\"Descubre Aplicaciones para Ver Qui\u00e9n Visita tu Perfil. En un mundo cada vez m\u00e1s conectado, el uso de las redes sociales se ha...\",\"breadcrumb\":{\"@id\":\"http:\/\/universofamilia.com\/ru\/descubre-aplicaciones-para-ver-quien-visita-tu-perfil\/#breadcrumb\"},\"inLanguage\":\"hu\",\"potentialAction\":[{\"@type\":\"ReadAction\",\"target\":[\"http:\/\/universofamilia.com\/ru\/descubre-aplicaciones-para-ver-quien-visita-tu-perfil\/\"]}]},{\"@type\":\"ImageObject\",\"inLanguage\":\"hu\",\"@id\":\"http:\/\/universofamilia.com\/ru\/descubre-aplicaciones-para-ver-quien-visita-tu-perfil\/#primaryimage\",\"url\":\"http:\/\/universofamilia.com\/wp-content\/uploads\/sites\/148\/2024\/02\/P-550x350-2-4.jpg\",\"contentUrl\":\"http:\/\/universofamilia.com\/wp-content\/uploads\/sites\/148\/2024\/02\/P-550x350-2-4.jpg\",\"width\":550,\"height\":350,\"caption\":\"Descubre Aplicaciones para Ver Qui\u00e9n Visita tu Perfil\"},{\"@type\":\"BreadcrumbList\",\"@id\":\"http:\/\/universofamilia.com\/ru\/descubre-aplicaciones-para-ver-quien-visita-tu-perfil\/#breadcrumb\",\"itemListElement\":[{\"@type\":\"ListItem\",\"position\":1,\"name\":\"Home\",\"item\":\"https:\/\/universofamilia.com\/el\/\"},{\"@type\":\"ListItem\",\"position\":2,\"name\":\"Descubre Aplicaciones para Ver Qui\u00e9n Visita tu Perfil\"}]},{\"@type\":\"WebSite\",\"@id\":\"https:\/\/universofamilia.com\/el\/#website\",\"url\":\"https:\/\/universofamilia.com\/el\/\",\"name\":\"Universo Fam\u00edlia\",\"description\":\"\",\"potentialAction\":[{\"@type\":\"SearchAction\",\"target\":{\"@type\":\"EntryPoint\",\"urlTemplate\":\"https:\/\/universofamilia.com\/el\/?s={search_term_string}\"},\"query-input\":\"required name=search_term_string\"}],\"inLanguage\":\"hu\"},{\"@type\":\"Person\",\"@id\":\"https:\/\/universofamilia.com\/el\/#\/schema\/person\/92fcd07e9b1f4323bf74f3170fc0f78a\",\"name\":\"Matheus Sangaletti\",\"image\":{\"@type\":\"ImageObject\",\"inLanguage\":\"hu\",\"@id\":\"https:\/\/universofamilia.com\/el\/#\/schema\/person\/image\/\",\"url\":\"http:\/\/2.gravatar.com\/avatar\/280ea957a14a48e6a1ad2133d2cc27c9?s=96&d=mm&r=g\",\"contentUrl\":\"http:\/\/2.gravatar.com\/avatar\/280ea957a14a48e6a1ad2133d2cc27c9?s=96&d=mm&r=g\",\"caption\":\"Matheus Sangaletti\"},\"url\":\"http:\/\/universofamilia.com\/hu\/author\/matheuss\/\"}]}<\/script>\n<!-- \/ Yoast SEO plugin. -->","yoast_head_json":{"title":"Descubre Aplicaciones para Ver Qui\u00e9n Visita tu Perfil - Universo Fam\u00edlia","description":"Descubre Aplicaciones para Ver Qui\u00e9n Visita tu Perfil. En un mundo cada vez m\u00e1s conectado, el uso de las redes sociales se ha...","robots":{"index":"index","follow":"follow","max-snippet":"max-snippet:-1","max-image-preview":"max-image-preview:large","max-video-preview":"max-video-preview:-1"},"canonical":"http:\/\/universofamilia.com\/hu\/descubre-aplicaciones-para-ver-quien-visita-tu-perfil\/","og_locale":"hu_HU","og_type":"article","og_title":"Descubre Aplicaciones para Ver Qui\u00e9n Visita tu Perfil - Universo Fam\u00edlia","og_description":"Descubre Aplicaciones para Ver Qui\u00e9n Visita tu Perfil. En un mundo cada vez m\u00e1s conectado, el uso de las redes sociales se ha...","og_url":"http:\/\/universofamilia.com\/hu\/descubre-aplicaciones-para-ver-quien-visita-tu-perfil\/","og_site_name":"Universo Fam\u00edlia","article_published_time":"2024-02-12T20:44:42+00:00","article_modified_time":"2025-10-06T01:02:11+00:00","og_image":[{"width":550,"height":350,"url":"http:\/\/universofamilia.com\/wp-content\/uploads\/sites\/148\/2024\/02\/P-550x350-2-4.jpg","type":"image\/jpeg"}],"author":"Matheus Sangaletti","twitter_card":"summary_large_image","twitter_misc":{"Written by":"Matheus Sangaletti","Est. reading time":"4 perc"},"schema":{"@context":"https:\/\/schema.org","@graph":[{"@type":"WebPage","@id":"http:\/\/universofamilia.com\/ru\/descubre-aplicaciones-para-ver-quien-visita-tu-perfil\/","url":"http:\/\/universofamilia.com\/ru\/descubre-aplicaciones-para-ver-quien-visita-tu-perfil\/","name":"Descubre Aplicaciones para Ver Qui\u00e9n Visita tu Perfil - Universo Fam\u00edlia","isPartOf":{"@id":"https:\/\/universofamilia.com\/el\/#website"},"primaryImageOfPage":{"@id":"http:\/\/universofamilia.com\/ru\/descubre-aplicaciones-para-ver-quien-visita-tu-perfil\/#primaryimage"},"image":{"@id":"http:\/\/universofamilia.com\/ru\/descubre-aplicaciones-para-ver-quien-visita-tu-perfil\/#primaryimage"},"thumbnailUrl":"http:\/\/universofamilia.com\/wp-content\/uploads\/sites\/148\/2024\/02\/P-550x350-2-4.jpg","datePublished":"2024-02-12T20:44:42+00:00","dateModified":"2025-10-06T01:02:11+00:00","author":{"@id":"https:\/\/universofamilia.com\/el\/#\/schema\/person\/92fcd07e9b1f4323bf74f3170fc0f78a"},"description":"Descubre Aplicaciones para Ver Qui\u00e9n Visita tu Perfil. En un mundo cada vez m\u00e1s conectado, el uso de las redes sociales se ha...","breadcrumb":{"@id":"http:\/\/universofamilia.com\/ru\/descubre-aplicaciones-para-ver-quien-visita-tu-perfil\/#breadcrumb"},"inLanguage":"hu","potentialAction":[{"@type":"ReadAction","target":["http:\/\/universofamilia.com\/ru\/descubre-aplicaciones-para-ver-quien-visita-tu-perfil\/"]}]},{"@type":"ImageObject","inLanguage":"hu","@id":"http:\/\/universofamilia.com\/ru\/descubre-aplicaciones-para-ver-quien-visita-tu-perfil\/#primaryimage","url":"http:\/\/universofamilia.com\/wp-content\/uploads\/sites\/148\/2024\/02\/P-550x350-2-4.jpg","contentUrl":"http:\/\/universofamilia.com\/wp-content\/uploads\/sites\/148\/2024\/02\/P-550x350-2-4.jpg","width":550,"height":350,"caption":"Descubre Aplicaciones para Ver Qui\u00e9n Visita tu Perfil"},{"@type":"BreadcrumbList","@id":"http:\/\/universofamilia.com\/ru\/descubre-aplicaciones-para-ver-quien-visita-tu-perfil\/#breadcrumb","itemListElement":[{"@type":"ListItem","position":1,"name":"Home","item":"https:\/\/universofamilia.com\/el\/"},{"@type":"ListItem","position":2,"name":"Descubre Aplicaciones para Ver Qui\u00e9n Visita tu Perfil"}]},{"@type":"WebSite","@id":"https:\/\/universofamilia.com\/el\/#website","url":"https:\/\/universofamilia.com\/el\/","name":"Universo Fam\u00edlia","description":"","potentialAction":[{"@type":"SearchAction","target":{"@type":"EntryPoint","urlTemplate":"https:\/\/universofamilia.com\/el\/?s={search_term_string}"},"query-input":"required name=search_term_string"}],"inLanguage":"hu"},{"@type":"Person","@id":"https:\/\/universofamilia.com\/el\/#\/schema\/person\/92fcd07e9b1f4323bf74f3170fc0f78a","name":"Matheus Sangaletti","image":{"@type":"ImageObject","inLanguage":"hu","@id":"https:\/\/universofamilia.com\/el\/#\/schema\/person\/image\/","url":"http:\/\/2.gravatar.com\/avatar\/280ea957a14a48e6a1ad2133d2cc27c9?s=96&d=mm&r=g","contentUrl":"http:\/\/2.gravatar.com\/avatar\/280ea957a14a48e6a1ad2133d2cc27c9?s=96&d=mm&r=g","caption":"Matheus Sangaletti"},"url":"http:\/\/universofamilia.com\/hu\/author\/matheuss\/"}]}},"_links":{"self":[{"href":"http:\/\/universofamilia.com\/hu\/wp-json\/wp\/v2\/posts\/5190"}],"collection":[{"href":"http:\/\/universofamilia.com\/hu\/wp-json\/wp\/v2\/posts"}],"about":[{"href":"http:\/\/universofamilia.com\/hu\/wp-json\/wp\/v2\/types\/post"}],"author":[{"embeddable":true,"href":"http:\/\/universofamilia.com\/hu\/wp-json\/wp\/v2\/users\/219"}],"replies":[{"embeddable":true,"href":"http:\/\/universofamilia.com\/hu\/wp-json\/wp\/v2\/comments?post=5190"}],"version-history":[{"count":1,"href":"http:\/\/universofamilia.com\/hu\/wp-json\/wp\/v2\/posts\/5190\/revisions"}],"predecessor-version":[{"id":9869,"href":"http:\/\/universofamilia.com\/hu\/wp-json\/wp\/v2\/posts\/5190\/revisions\/9869"}],"wp:featuredmedia":[{"embeddable":true,"href":"http:\/\/universofamilia.com\/hu\/wp-json\/wp\/v2\/media\/5191"}],"wp:attachment":[{"href":"http:\/\/universofamilia.com\/hu\/wp-json\/wp\/v2\/media?parent=5190"}],"wp:term":[{"taxonomy":"category","embeddable":true,"href":"http:\/\/universofamilia.com\/hu\/wp-json\/wp\/v2\/categories?post=5190"},{"taxonomy":"post_tag","embeddable":true,"href":"http:\/\/universofamilia.com\/hu\/wp-json\/wp\/v2\/tags?post=5190"}],"curies":[{"name":"wp","href":"https:\/\/api.w.org\/{rel}","templated":true}]}}