{"id":5193,"date":"2024-02-12T20:52:56","date_gmt":"2024-02-12T20:52:56","guid":{"rendered":"https:\/\/universofamilia.com\/?p=5193"},"modified":"2025-10-05T21:57:57","modified_gmt":"2025-10-06T00:57:57","slug":"graba-las-llamadas-entrantes-en-tu-movil","status":"publish","type":"post","link":"http:\/\/universofamilia.com\/hu\/graba-las-llamadas-entrantes-en-tu-movil\/","title":{"rendered":"R\u00f6gz\u00edtse a bej\u00f6v\u0151 h\u00edv\u00e1sokat a mobiltelefonj\u00e1n"},"content":{"rendered":"<p>R\u00f6gz\u00edtse a bej\u00f6v\u0151 h\u00edv\u00e1sokat mobiltelefonj\u00e1n. A modern vil\u00e1gban, ahol a kommunik\u00e1ci\u00f3 els\u0151sorban mobileszk\u00f6z\u00f6k\u00f6n kereszt\u00fcl t\u00f6rt\u00e9nik, a h\u00edv\u00e1sok r\u00f6gz\u00edt\u00e9s\u00e9nek k\u00e9pess\u00e9ge \u00e9rt\u00e9kes eszk\u00f6zz\u00e9 v\u00e1lt az egy\u00e9nek sz\u00e1m\u00e1ra sz\u00e1mos helyzetben.<\/p>\n\n\n\n<p>Ak\u00e1r a torz\u00edtott inform\u00e1ci\u00f3k elleni v\u00e9delemr\u0151l, \u00fczleti tranzakci\u00f3k dokument\u00e1l\u00e1s\u00e1r\u00f3l, ak\u00e1r jogi elj\u00e1r\u00e1sokban bizony\u00edt\u00e9kk\u00e9nt val\u00f3 felhaszn\u00e1l\u00e1sr\u00f3l van sz\u00f3, a h\u00edv\u00e1sr\u00f6gz\u00edt\u0151 alkalmaz\u00e1sok n\u00e9pszer\u0171s\u00e9gre tettek szert.<\/p>\n\n\n\n<p>Ebben a cikkben megvizsg\u00e1ljuk ennek a gyakorlatnak a fontoss\u00e1g\u00e1t, a felhaszn\u00e1l\u00f3i v\u00e9lem\u00e9nyeket, \u00e9s bemutatunk k\u00e9t figyelemre m\u00e9lt\u00f3 alkalmaz\u00e1st: az ACR Call Recorder-t \u00e9s a Cube Call Recorder-t.<\/p>\n\n\n\n<h2 class=\"wp-block-heading\"><strong>Szem\u00e9lyes \u00e9s szakmai v\u00e9delem: Mi\u00e9rt r\u00f6gz\u00edts\u00fck a h\u00edv\u00e1sokat?<\/strong><\/h2>\n\n\n\n<p>A h\u00edv\u00e1sok r\u00f6gz\u00edt\u00e9s\u00e9nek k\u00e9pess\u00e9ge sz\u00e1mos helyzetben tov\u00e1bbi biztons\u00e1got \u00e9s bizonyoss\u00e1got k\u00edn\u00e1l.<\/p>\n\n\n\n<p>Szem\u00e9lyes helyzetekben a felv\u00e9telek elengedhetetlenek lehetnek a csal\u00e1di besz\u00e9lget\u00e9sek f\u00e9lre\u00e9rt\u00e9seinek tiszt\u00e1z\u00e1s\u00e1hoz, az \u00edg\u00e9retek vagy meg\u00e1llapod\u00e1sok r\u00f6gz\u00edt\u00e9s\u00e9hez, s\u0151t, ak\u00e1r valaki \u00e9let\u00e9nek fontos pillanatainak meg\u00f6r\u00f6k\u00edt\u00e9s\u00e9hez is.<\/p>\n\n\n\n<h2 class=\"wp-block-heading\">L\u00e1sd m\u00e9g<\/h2>\n\n\n\n<p class=\"has-medium-font-size\"><\/p>\n\n\n\n<ul>\n<li class=\"has-medium-font-size\"><a href=\"https:\/\/universofamilia.com\/hu\/5092\/aplicaciones-espias-para-leer-mensajes-de-texto-en-otro-celular\/\">K\u00e9malkalmaz\u00e1sok sz\u00f6veges \u00fczenetek olvas\u00e1s\u00e1ra egy m\u00e1sik mobiltelefonon<\/a><\/li>\n\n\n\n<li class=\"has-medium-font-size\"><a href=\"https:\/\/universofamilia.com\/hu\/5099\/restaurar-fotos-eliminadas-en-el-telefono-movil\/\">T\u00f6r\u00f6lt fot\u00f3k vissza\u00e1ll\u00edt\u00e1sa mobiltelefonon<\/a><\/li>\n\n\n\n<li class=\"has-medium-font-size\"><a href=\"https:\/\/universofamilia.com\/hu\/5105\/noviazgo-cristiano-para-toda-la-vida\/\">Kereszt\u00e9ny randev\u00faz\u00e1s egy \u00e9letre<\/a><\/li>\n<\/ul>\n\n\n\n<p>Professzion\u00e1lis k\u00f6rnyezetben a h\u00edv\u00e1sr\u00f6gz\u00edt\u00e9st gyakran haszn\u00e1lj\u00e1k \u00fczleti meg\u00e1llapod\u00e1sok, fontos utas\u00edt\u00e1sok vagy kritikus t\u00e1rgyal\u00e1sok dokument\u00e1l\u00e1s\u00e1ra.<\/p>\n\n\n\n<p>V\u00e1llalkoz\u00f3k, \u00fcgyv\u00e9dek \u00e9s k\u00fcl\u00f6nf\u00e9le ter\u00fcletekr\u0151l sz\u00e1rmaz\u00f3 szakemberek \u00fagy tal\u00e1lt\u00e1k, hogy a r\u00f6gz\u00edt\u0151alkalmaz\u00e1sok hat\u00e9kony m\u00f3djai a pontos nyilv\u00e1ntart\u00e1sok vezet\u00e9s\u00e9nek \u00e9s \u00e9rdekeik v\u00e9delm\u00e9nek.<\/p>\n\n\n\n<h2 class=\"wp-block-heading\"><strong>Bizony\u00edt\u00e9kok b\u00edr\u00f3s\u00e1gi elj\u00e1r\u00e1sban: Felv\u00e9tel digit\u00e1lis tan\u00fak\u00e9nt<\/strong><\/h2>\n\n\n\n<p>A h\u00edv\u00e1sr\u00f6gz\u00edt\u00e9s \u00e9rt\u00e9kes eszk\u00f6zz\u00e9 v\u00e1lt a jogi elj\u00e1r\u00e1sokban, ahol az inform\u00e1ci\u00f3k pontoss\u00e1ga \u00e9s hiteless\u00e9ge kulcsfontoss\u00e1g\u00fa.<\/p>\n\n\n\n<p>A felv\u00e9telek bizony\u00edt\u00e9kk\u00e9nt val\u00f3 felhaszn\u00e1l\u00e1s\u00e1val az emberek pontos besz\u00e1mol\u00f3t adhatnak a relev\u00e1ns besz\u00e9lget\u00e9sekr\u0151l, ami pozit\u00edvan befoly\u00e1solhatja a jogi \u00fcgyek kimenetel\u00e9t.<\/p>\n\n\n\n<p>Sok joghat\u00f3s\u00e1gban a h\u00edv\u00e1sfelv\u00e9telek b\u00edr\u00f3s\u00e1g el\u0151tt elfogadhat\u00f3k, felt\u00e9ve, hogy megfelel\u0151 j\u00f3v\u00e1hagy\u00e1st szereznek.<\/p>\n\n\n\n<p>Ez a digit\u00e1lis tan\u00fa bemutat\u00e1s\u00e1nak lehet\u0151s\u00e9ge d\u00f6nt\u0151 lehet polg\u00e1ri perekben, szerz\u0151d\u00e9ses vit\u00e1kban \u00e9s ak\u00e1r b\u00fcntet\u0151\u00fcgyekben is.<\/p>\n\n\n\n<h2 class=\"wp-block-heading\"><strong>Mit mondanak a felhaszn\u00e1l\u00f3k a h\u00edv\u00e1sr\u00f6gz\u00edt\u0151 alkalmaz\u00e1sokr\u00f3l<\/strong><\/h2>\n\n\n\n<p>Azok a felhaszn\u00e1l\u00f3k, akik h\u00edv\u00e1sr\u00f6gz\u00edt\u0151 alkalmaz\u00e1sokat haszn\u00e1lnak, kiemelik azok hasznoss\u00e1g\u00e1t sz\u00e1mos helyzetben.<\/p>\n\n\n\n<p>Sokan pozit\u00edv tapasztalatokat osztanak meg arr\u00f3l, hogy a felv\u00e9telek hogyan seg\u00edtettek nekik a konfliktusok megold\u00e1s\u00e1ban, a kommunik\u00e1ci\u00f3 jav\u00edt\u00e1s\u00e1ban \u00e9s a meg\u00e1llapod\u00e1sok betart\u00e1s\u00e1nak biztos\u00edt\u00e1s\u00e1ban.<\/p>\n\n\n\n<p>Ezenk\u00edv\u00fcl a felhaszn\u00e1l\u00f3k gyakran dics\u00e9rik a k\u00f6nny\u0171 haszn\u00e1latot \u00e9s a felv\u00e9telek gyors el\u00e9r\u00e9s\u00e9nek lehet\u0151s\u00e9g\u00e9t.<\/p>\n\n\n\n<p>Ezeknek az alkalmaz\u00e1soknak a k\u00e9nyelme akkor v\u00e1lik nyilv\u00e1nval\u00f3v\u00e1, amikor a fontos pillanatokat mind\u00f6ssze n\u00e9h\u00e1ny koppint\u00e1ssal r\u00f6gz\u00edthetj\u00fck az okostelefon k\u00e9perny\u0151j\u00e9n.<\/p>\n\n\n\n<h2 class=\"wp-block-heading\"><strong>ACR h\u00edv\u00e1sr\u00f6gz\u00edt\u0151 \u00e9s Cube h\u00edv\u00e1sr\u00f6gz\u00edt\u0151: F\u0151bb jellemz\u0151k \u00e9s funkci\u00f3k<\/strong><\/h2>\n\n\n\n<p>A sz\u00e9lesk\u00f6r\u0171 el\u00e9rhet\u0151 alkalmaz\u00e1sok k\u00f6z\u00fcl kett\u0151 kiemelkedik: az ACR Call Recorder \u00e9s a Cube Call Recorder.<\/p>\n\n\n\n<p><strong>ACR h\u00edv\u00e1sr\u00f6gz\u00edt\u0151<\/strong> Intuit\u00edv kezel\u0151fel\u00fclet\u00e9r\u0151l \u00e9s a k\u00fcl\u00f6nf\u00e9le okostelefon-modellekkel val\u00f3 sz\u00e9lesk\u00f6r\u0171 kompatibilit\u00e1s\u00e1r\u00f3l ismert.<\/p>\n\n\n\n<p>Az alapvet\u0151 felv\u00e9teli funkci\u00f3k mellett az alkalmaz\u00e1s tov\u00e1bbi funkci\u00f3kat is k\u00edn\u00e1l, p\u00e9ld\u00e1ul a felv\u00e9telek egyszer\u0171 rendszerez\u00e9s\u00e9t \u00e9s megoszt\u00e1s\u00e1t. Ez a sokoldal\u00fas\u00e1g teszi az ACR-t n\u00e9pszer\u0171 v\u00e1laszt\u00e1ss\u00e1 azok k\u00f6r\u00e9ben a felhaszn\u00e1l\u00f3k k\u00f6r\u00e9ben, akik sz\u00e1m\u00e1ra fontos a min\u0151s\u00e9g \u00e9s a k\u00f6nny\u0171 kezelhet\u0151s\u00e9g.<\/p>\n\n\n\n<p>M\u00e1sr\u00e9szt, <strong>Kocka h\u00edv\u00e1sr\u00f6gz\u00edt\u0151<\/strong> Kiemelkedik azzal a k\u00e9pess\u00e9g\u00e9vel, hogy k\u00e9pes hang- \u00e9s videoh\u00edv\u00e1sokat r\u00f6gz\u00edteni a WhatsAppb\u00f3l, Skype-b\u00f3l, Viberb\u0151l \u00e9s m\u00e1s kommunik\u00e1ci\u00f3s alkalmaz\u00e1sokb\u00f3l.<\/p>\n\n\n\n<p>Ez a kib\u0151v\u00edtett funkcionalit\u00e1s teszi a Cube-ot el\u0151nyben r\u00e9szes\u00edtett v\u00e1laszt\u00e1ss\u00e1 azok sz\u00e1m\u00e1ra, akik nemcsak a hagyom\u00e1nyos telefonh\u00edv\u00e1sokat, hanem az \u00fczenetk\u00fcld\u0151 platformokon folytatott interakci\u00f3kat is r\u00f6gz\u00edteni szeretn\u00e9k.<\/p>\n\n\n<div class=\"wp-block-image\">\n<figure class=\"aligncenter size-full\"><img loading=\"lazy\" decoding=\"async\" width=\"550\" height=\"350\" src=\"http:\/\/universofamilia.com\/wp-content\/uploads\/sites\/148\/2024\/02\/P-550x350-3-4.jpg\" alt=\"\" class=\"wp-image-5194\" srcset=\"http:\/\/universofamilia.com\/wp-content\/uploads\/sites\/148\/2024\/02\/P-550x350-3-4.jpg 550w, http:\/\/universofamilia.com\/wp-content\/uploads\/sites\/148\/2024\/02\/P-550x350-3-4-300x191.jpg 300w\" sizes=\"(max-width: 550px) 100vw, 550px\" \/><figcaption class=\"wp-element-caption\">R\u00f6gz\u00edtse a bej\u00f6v\u0151 h\u00edv\u00e1sokat a mobiltelefonj\u00e1n<\/figcaption><\/figure><\/div>\n\n\n<h2 class=\"wp-block-heading\"><strong>K\u00f6vetkeztet\u00e9s: Hogyan v\u00e9dd meg magad felv\u00e9telekkel \u00e9s hol tal\u00e1lod az alkalmaz\u00e1sokat<\/strong><\/h2>\n\n\n\n<p>Egy olyan vil\u00e1gban, ahol az inform\u00e1ci\u00f3 kulcsfontoss\u00e1g\u00fa, a h\u00edv\u00e1sok r\u00f6gz\u00edt\u00e9s\u00e9nek k\u00e9pess\u00e9ge \u00e9rt\u00e9kes eszk\u00f6zt k\u00edn\u00e1l mind az egy\u00e9nek, mind a szakemberek sz\u00e1m\u00e1ra.<\/p>\n\n\n\n<p>Ak\u00e1r szem\u00e9lyes v\u00e9delemr\u0151l, ak\u00e1r szakmai dokument\u00e1ci\u00f3r\u00f3l, ak\u00e1r jogi elj\u00e1r\u00e1sokban bizony\u00edt\u00e9kk\u00e9nt szolg\u00e1l, a h\u00edv\u00e1sr\u00f6gz\u00edt\u0151 alkalmaz\u00e1sok jelent\u0151s szerepet j\u00e1tszanak a digit\u00e1lis korban.<\/p>\n\n\n\n<p>Azok sz\u00e1m\u00e1ra, akik szeretn\u00e9k felfedezni ezeket az eszk\u00f6z\u00f6ket, az ACR Call Recorder \u00e9s a Cube Call Recorder let\u00f6lthet\u0151 iOS \u00e9s Android eszk\u00f6z\u00f6kre.<\/p>\n\n\n\n<p>Gondoskodjon biztons\u00e1g\u00e1r\u00f3l \u00e9s nyugalm\u00e1r\u00f3l ezen el\u00e9rhet\u0151 forr\u00e1sok kihaszn\u00e1l\u00e1s\u00e1val, amelyek elengedhetetlenek lehetnek a kritikus pillanatokban.<\/p>\n\n\n\n<p><strong>Let\u00f6lt\u00e9si linkek:<\/strong><\/p>\n\n\n\n<ul>\n<li><strong>Androidra<\/strong>: <a href=\"https:\/\/play.google.com\/store\/apps\/details?id=com.catalinagroup.callrecorder&amp;hl=pt_BR&amp;gl=US\">Cube h\u00edv\u00e1srekord<\/a><\/li>\n\n\n\n<li><strong>iOS-re<\/strong>:  <a href=\"https:\/\/apps.apple.com\/us\/app\/acr-call-recorder-for-iphone\/id1362975885\">ACR h\u00edv\u00e1sr\u00f6gz\u00edt\u0151<\/a> | <a href=\"https:\/\/play.google.com\/store\/apps\/details?id=com.catalinagroup.callrecorder&amp;hl=pt_BR&amp;gl=US\">C<\/a><a href=\"https:\/\/apps.apple.com\/us\/app\/call-recorder-cube-acr\/id1613607637\">ube h\u00edv\u00e1sr\u00f6gz\u00edt\u0151<\/a> <\/li>\n<\/ul>\n\n\n\n<p>Fektessen be kommunik\u00e1ci\u00f3ja v\u00e9delm\u00e9be \u00e9s hat\u00e9kony dokument\u00e1l\u00e1s\u00e1ba a megfelel\u0151 eszk\u00f6z\u00f6kkel.<\/p>","protected":false},"excerpt":{"rendered":"<p>Graba las llamadas entrantes en tu m\u00f3vil. En el mundo moderno, donde las comunicaciones se desarrollan principalmente a trav\u00e9s de dispositivos m\u00f3viles, la capacidad de grabar llamadas se ha convertido en una herramienta valiosa para individuos en diversas situaciones. Ya sea para protegerse contra informaci\u00f3n distorsionada, documentar acuerdos comerciales o incluso como evidencia en procesos [&hellip;]<\/p>","protected":false},"author":219,"featured_media":5194,"comment_status":"closed","ping_status":"open","sticky":false,"template":"","format":"standard","meta":{"footnotes":""},"categories":[2],"tags":[127,897,904],"yoast_head":"<!-- This site is optimized with the Yoast SEO plugin v23.3 - https:\/\/yoast.com\/wordpress\/plugins\/seo\/ -->\n<title>Graba las llamadas entrantes en tu m\u00f3vil - Universo Fam\u00edlia<\/title>\n<meta name=\"description\" content=\"Graba las llamadas entrantes en tu m\u00f3vil. En el mundo moderno, donde las comunicaciones se desarrollan...\" \/>\n<meta name=\"robots\" content=\"index, follow, max-snippet:-1, max-image-preview:large, max-video-preview:-1\" \/>\n<link rel=\"canonical\" href=\"https:\/\/universofamilia.com\/hu\/graba-las-llamadas-entrantes-en-tu-movil\/\" \/>\n<meta property=\"og:locale\" content=\"hu_HU\" \/>\n<meta property=\"og:type\" content=\"article\" \/>\n<meta property=\"og:title\" content=\"Graba las llamadas entrantes en tu m\u00f3vil - Universo Fam\u00edlia\" \/>\n<meta property=\"og:description\" content=\"Graba las llamadas entrantes en tu m\u00f3vil. En el mundo moderno, donde las comunicaciones se desarrollan...\" \/>\n<meta property=\"og:url\" content=\"https:\/\/universofamilia.com\/hu\/graba-las-llamadas-entrantes-en-tu-movil\/\" \/>\n<meta property=\"og:site_name\" content=\"Universo Fam\u00edlia\" \/>\n<meta property=\"article:published_time\" content=\"2024-02-12T20:52:56+00:00\" \/>\n<meta property=\"article:modified_time\" content=\"2025-10-06T00:57:57+00:00\" \/>\n<meta property=\"og:image\" content=\"https:\/\/universofamilia.com\/wp-content\/uploads\/sites\/148\/2024\/02\/P-550x350-3-4.jpg\" \/>\n\t<meta property=\"og:image:width\" content=\"550\" \/>\n\t<meta property=\"og:image:height\" content=\"350\" \/>\n\t<meta property=\"og:image:type\" content=\"image\/jpeg\" \/>\n<meta name=\"author\" content=\"Matheus Sangaletti\" \/>\n<meta name=\"twitter:card\" content=\"summary_large_image\" \/>\n<meta name=\"twitter:label1\" content=\"Written by\" \/>\n\t<meta name=\"twitter:data1\" content=\"Matheus Sangaletti\" \/>\n\t<meta name=\"twitter:label2\" content=\"Est. reading time\" \/>\n\t<meta name=\"twitter:data2\" content=\"5 perc\" \/>\n<script type=\"application\/ld+json\" class=\"yoast-schema-graph\">{\"@context\":\"https:\/\/schema.org\",\"@graph\":[{\"@type\":\"WebPage\",\"@id\":\"https:\/\/universofamilia.com\/bn\/graba-las-llamadas-entrantes-en-tu-movil\/\",\"url\":\"https:\/\/universofamilia.com\/bn\/graba-las-llamadas-entrantes-en-tu-movil\/\",\"name\":\"Graba las llamadas entrantes en tu m\u00f3vil - Universo Fam\u00edlia\",\"isPartOf\":{\"@id\":\"https:\/\/universofamilia.com\/el\/#website\"},\"primaryImageOfPage\":{\"@id\":\"https:\/\/universofamilia.com\/bn\/graba-las-llamadas-entrantes-en-tu-movil\/#primaryimage\"},\"image\":{\"@id\":\"https:\/\/universofamilia.com\/bn\/graba-las-llamadas-entrantes-en-tu-movil\/#primaryimage\"},\"thumbnailUrl\":\"http:\/\/universofamilia.com\/wp-content\/uploads\/sites\/148\/2024\/02\/P-550x350-3-4.jpg\",\"datePublished\":\"2024-02-12T20:52:56+00:00\",\"dateModified\":\"2025-10-06T00:57:57+00:00\",\"author\":{\"@id\":\"https:\/\/universofamilia.com\/el\/#\/schema\/person\/92fcd07e9b1f4323bf74f3170fc0f78a\"},\"description\":\"Graba las llamadas entrantes en tu m\u00f3vil. En el mundo moderno, donde las comunicaciones se desarrollan...\",\"breadcrumb\":{\"@id\":\"https:\/\/universofamilia.com\/bn\/graba-las-llamadas-entrantes-en-tu-movil\/#breadcrumb\"},\"inLanguage\":\"hu\",\"potentialAction\":[{\"@type\":\"ReadAction\",\"target\":[\"https:\/\/universofamilia.com\/bn\/graba-las-llamadas-entrantes-en-tu-movil\/\"]}]},{\"@type\":\"ImageObject\",\"inLanguage\":\"hu\",\"@id\":\"https:\/\/universofamilia.com\/bn\/graba-las-llamadas-entrantes-en-tu-movil\/#primaryimage\",\"url\":\"http:\/\/universofamilia.com\/wp-content\/uploads\/sites\/148\/2024\/02\/P-550x350-3-4.jpg\",\"contentUrl\":\"http:\/\/universofamilia.com\/wp-content\/uploads\/sites\/148\/2024\/02\/P-550x350-3-4.jpg\",\"width\":550,\"height\":350,\"caption\":\"Graba las llamadas entrantes en tu m\u00f3vil\"},{\"@type\":\"BreadcrumbList\",\"@id\":\"https:\/\/universofamilia.com\/bn\/graba-las-llamadas-entrantes-en-tu-movil\/#breadcrumb\",\"itemListElement\":[{\"@type\":\"ListItem\",\"position\":1,\"name\":\"Home\",\"item\":\"https:\/\/universofamilia.com\/el\/\"},{\"@type\":\"ListItem\",\"position\":2,\"name\":\"Graba las llamadas entrantes en tu m\u00f3vil\"}]},{\"@type\":\"WebSite\",\"@id\":\"https:\/\/universofamilia.com\/el\/#website\",\"url\":\"https:\/\/universofamilia.com\/el\/\",\"name\":\"Universo Fam\u00edlia\",\"description\":\"\",\"potentialAction\":[{\"@type\":\"SearchAction\",\"target\":{\"@type\":\"EntryPoint\",\"urlTemplate\":\"https:\/\/universofamilia.com\/el\/?s={search_term_string}\"},\"query-input\":\"required name=search_term_string\"}],\"inLanguage\":\"hu\"},{\"@type\":\"Person\",\"@id\":\"https:\/\/universofamilia.com\/el\/#\/schema\/person\/92fcd07e9b1f4323bf74f3170fc0f78a\",\"name\":\"Matheus Sangaletti\",\"image\":{\"@type\":\"ImageObject\",\"inLanguage\":\"hu\",\"@id\":\"https:\/\/universofamilia.com\/el\/#\/schema\/person\/image\/\",\"url\":\"http:\/\/2.gravatar.com\/avatar\/280ea957a14a48e6a1ad2133d2cc27c9?s=96&d=mm&r=g\",\"contentUrl\":\"http:\/\/2.gravatar.com\/avatar\/280ea957a14a48e6a1ad2133d2cc27c9?s=96&d=mm&r=g\",\"caption\":\"Matheus Sangaletti\"},\"url\":\"http:\/\/universofamilia.com\/hu\/author\/matheuss\/\"}]}<\/script>\n<!-- \/ Yoast SEO plugin. -->","yoast_head_json":{"title":"Graba las llamadas entrantes en tu m\u00f3vil - Universo Fam\u00edlia","description":"Graba las llamadas entrantes en tu m\u00f3vil. En el mundo moderno, donde las comunicaciones se desarrollan...","robots":{"index":"index","follow":"follow","max-snippet":"max-snippet:-1","max-image-preview":"max-image-preview:large","max-video-preview":"max-video-preview:-1"},"canonical":"https:\/\/universofamilia.com\/hu\/graba-las-llamadas-entrantes-en-tu-movil\/","og_locale":"hu_HU","og_type":"article","og_title":"Graba las llamadas entrantes en tu m\u00f3vil - Universo Fam\u00edlia","og_description":"Graba las llamadas entrantes en tu m\u00f3vil. En el mundo moderno, donde las comunicaciones se desarrollan...","og_url":"https:\/\/universofamilia.com\/hu\/graba-las-llamadas-entrantes-en-tu-movil\/","og_site_name":"Universo Fam\u00edlia","article_published_time":"2024-02-12T20:52:56+00:00","article_modified_time":"2025-10-06T00:57:57+00:00","og_image":[{"width":550,"height":350,"url":"https:\/\/universofamilia.com\/wp-content\/uploads\/sites\/148\/2024\/02\/P-550x350-3-4.jpg","type":"image\/jpeg"}],"author":"Matheus Sangaletti","twitter_card":"summary_large_image","twitter_misc":{"Written by":"Matheus Sangaletti","Est. reading time":"5 perc"},"schema":{"@context":"https:\/\/schema.org","@graph":[{"@type":"WebPage","@id":"https:\/\/universofamilia.com\/bn\/graba-las-llamadas-entrantes-en-tu-movil\/","url":"https:\/\/universofamilia.com\/bn\/graba-las-llamadas-entrantes-en-tu-movil\/","name":"Graba las llamadas entrantes en tu m\u00f3vil - Universo Fam\u00edlia","isPartOf":{"@id":"https:\/\/universofamilia.com\/el\/#website"},"primaryImageOfPage":{"@id":"https:\/\/universofamilia.com\/bn\/graba-las-llamadas-entrantes-en-tu-movil\/#primaryimage"},"image":{"@id":"https:\/\/universofamilia.com\/bn\/graba-las-llamadas-entrantes-en-tu-movil\/#primaryimage"},"thumbnailUrl":"http:\/\/universofamilia.com\/wp-content\/uploads\/sites\/148\/2024\/02\/P-550x350-3-4.jpg","datePublished":"2024-02-12T20:52:56+00:00","dateModified":"2025-10-06T00:57:57+00:00","author":{"@id":"https:\/\/universofamilia.com\/el\/#\/schema\/person\/92fcd07e9b1f4323bf74f3170fc0f78a"},"description":"Graba las llamadas entrantes en tu m\u00f3vil. En el mundo moderno, donde las comunicaciones se desarrollan...","breadcrumb":{"@id":"https:\/\/universofamilia.com\/bn\/graba-las-llamadas-entrantes-en-tu-movil\/#breadcrumb"},"inLanguage":"hu","potentialAction":[{"@type":"ReadAction","target":["https:\/\/universofamilia.com\/bn\/graba-las-llamadas-entrantes-en-tu-movil\/"]}]},{"@type":"ImageObject","inLanguage":"hu","@id":"https:\/\/universofamilia.com\/bn\/graba-las-llamadas-entrantes-en-tu-movil\/#primaryimage","url":"http:\/\/universofamilia.com\/wp-content\/uploads\/sites\/148\/2024\/02\/P-550x350-3-4.jpg","contentUrl":"http:\/\/universofamilia.com\/wp-content\/uploads\/sites\/148\/2024\/02\/P-550x350-3-4.jpg","width":550,"height":350,"caption":"Graba las llamadas entrantes en tu m\u00f3vil"},{"@type":"BreadcrumbList","@id":"https:\/\/universofamilia.com\/bn\/graba-las-llamadas-entrantes-en-tu-movil\/#breadcrumb","itemListElement":[{"@type":"ListItem","position":1,"name":"Home","item":"https:\/\/universofamilia.com\/el\/"},{"@type":"ListItem","position":2,"name":"Graba las llamadas entrantes en tu m\u00f3vil"}]},{"@type":"WebSite","@id":"https:\/\/universofamilia.com\/el\/#website","url":"https:\/\/universofamilia.com\/el\/","name":"Universo Fam\u00edlia","description":"","potentialAction":[{"@type":"SearchAction","target":{"@type":"EntryPoint","urlTemplate":"https:\/\/universofamilia.com\/el\/?s={search_term_string}"},"query-input":"required name=search_term_string"}],"inLanguage":"hu"},{"@type":"Person","@id":"https:\/\/universofamilia.com\/el\/#\/schema\/person\/92fcd07e9b1f4323bf74f3170fc0f78a","name":"Matheus Sangaletti","image":{"@type":"ImageObject","inLanguage":"hu","@id":"https:\/\/universofamilia.com\/el\/#\/schema\/person\/image\/","url":"http:\/\/2.gravatar.com\/avatar\/280ea957a14a48e6a1ad2133d2cc27c9?s=96&d=mm&r=g","contentUrl":"http:\/\/2.gravatar.com\/avatar\/280ea957a14a48e6a1ad2133d2cc27c9?s=96&d=mm&r=g","caption":"Matheus Sangaletti"},"url":"http:\/\/universofamilia.com\/hu\/author\/matheuss\/"}]}},"_links":{"self":[{"href":"http:\/\/universofamilia.com\/hu\/wp-json\/wp\/v2\/posts\/5193"}],"collection":[{"href":"http:\/\/universofamilia.com\/hu\/wp-json\/wp\/v2\/posts"}],"about":[{"href":"http:\/\/universofamilia.com\/hu\/wp-json\/wp\/v2\/types\/post"}],"author":[{"embeddable":true,"href":"http:\/\/universofamilia.com\/hu\/wp-json\/wp\/v2\/users\/219"}],"replies":[{"embeddable":true,"href":"http:\/\/universofamilia.com\/hu\/wp-json\/wp\/v2\/comments?post=5193"}],"version-history":[{"count":1,"href":"http:\/\/universofamilia.com\/hu\/wp-json\/wp\/v2\/posts\/5193\/revisions"}],"predecessor-version":[{"id":9867,"href":"http:\/\/universofamilia.com\/hu\/wp-json\/wp\/v2\/posts\/5193\/revisions\/9867"}],"wp:featuredmedia":[{"embeddable":true,"href":"http:\/\/universofamilia.com\/hu\/wp-json\/wp\/v2\/media\/5194"}],"wp:attachment":[{"href":"http:\/\/universofamilia.com\/hu\/wp-json\/wp\/v2\/media?parent=5193"}],"wp:term":[{"taxonomy":"category","embeddable":true,"href":"http:\/\/universofamilia.com\/hu\/wp-json\/wp\/v2\/categories?post=5193"},{"taxonomy":"post_tag","embeddable":true,"href":"http:\/\/universofamilia.com\/hu\/wp-json\/wp\/v2\/tags?post=5193"}],"curies":[{"name":"wp","href":"https:\/\/api.w.org\/{rel}","templated":true}]}}