{"id":5219,"date":"2024-02-15T20:44:59","date_gmt":"2024-02-15T20:44:59","guid":{"rendered":"https:\/\/universofamilia.com\/?p=5219"},"modified":"2025-01-29T01:29:13","modified_gmt":"2025-01-29T01:29:13","slug":"graba-tus-llamadas-cuando-suenen","status":"publish","type":"post","link":"http:\/\/universofamilia.com\/hu\/graba-tus-llamadas-cuando-suenen\/","title":{"rendered":"R\u00f6gz\u00edtsd a h\u00edv\u00e1saidat, amikor cs\u00f6r\u00f6gnek \ud83d\udcde\ud83d\udd10"},"content":{"rendered":"<p>R\u00f6gz\u00edtsd a h\u00edv\u00e1saidat, amikor kicsengenek \ud83d\udcde\ud83d\udd10 Gondolt\u00e1l m\u00e1r arra, hogy milyen fontos r\u00f6gz\u00edteni a telefonh\u00edv\u00e1saidat?<\/p>\n\n\n\n<p>Egy olyan vil\u00e1gban, ahol a kommunik\u00e1ci\u00f3 l\u00e9tfontoss\u00e1g\u00fa szerepet j\u00e1tszik az \u00e9let\u00fcnkben, a telefonbesz\u00e9lget\u00e9sek r\u00f6gz\u00edt\u00e9s\u00e9nek lehet\u0151s\u00e9ge nemcsak a szem\u00e9lyes v\u00e9delem eszk\u00f6zek\u00e9nt szolg\u00e1l, hanem kulcsfontoss\u00e1g\u00fa szerepet j\u00e1tszik a jogi elj\u00e1r\u00e1sokban \u00e9s a konfliktusok rendez\u00e9s\u00e9ben is.<\/p>\n\n\n\n<p>Ebben a cikkben megvizsg\u00e1ljuk, hogy mi\u00e9rt v\u00e1lt a h\u00edv\u00e1sr\u00f6gz\u00edt\u00e9s napjainkban ilyen n\u00e9pszer\u0171 gyakorlatt\u00e1.<\/p>\n\n\n\n<h2 class=\"wp-block-heading\"><strong>Szem\u00e9lyi v\u00e9delem: A te hangod, a te v\u00e9delmed<\/strong><\/h2>\n\n\n\n<p>A mindennapi helyzetekben gyakoriak a fontos besz\u00e9lget\u00e9sek, ak\u00e1r koll\u00e9g\u00e1kkal, csal\u00e1dtagokkal vagy szolg\u00e1ltat\u00f3kkal.<\/p>\n\n\n\n<p>El\u0151fordul, hogy h\u00edv\u00e1s k\u00f6zben l\u00e9tfontoss\u00e1g\u00fa inform\u00e1ci\u00f3kat osztanak meg, \u00e9s ezeknek a besz\u00e9lget\u00e9seknek a felv\u00e9tele d\u00f6nt\u0151 lehet ak\u00f6z\u00f6tt, hogy helyesen eml\u00e9keznek-e a fontos r\u00e9szletekre, vagy sem.<\/p>\n\n\n\n<h2 class=\"wp-block-heading\">L\u00e1sd m\u00e9g<\/h2>\n\n\n\n<ul>\n<li class=\"has-medium-font-size\"><a href=\"https:\/\/universofamilia.com\/hu\/5099\/restaurar-fotos-eliminadas-en-el-telefono-movil\/\">T\u00f6r\u00f6lt fot\u00f3k vissza\u00e1ll\u00edt\u00e1sa mobiltelefonon<\/a><\/li>\n\n\n\n<li class=\"has-medium-font-size\"><a href=\"https:\/\/universofamilia.com\/hu\/5105\/noviazgo-cristiano-para-toda-la-vida\/\">Kereszt\u00e9ny randev\u00faz\u00e1s egy \u00e9letre<\/a><\/li>\n<\/ul>\n\n\n\n<p>K\u00e9pzelje el, hogy fontos felt\u00e9teleket vitat meg egy v\u00e1llalkoz\u00f3val, vagy alapvet\u0151 felt\u00e9teleket t\u00e1rgyal egy \u00fcgyf\u00e9llel.<\/p>\n\n\n\n<p>A h\u00edv\u00e1sfelv\u00e9telek \u00e9rt\u00e9kes eszk\u00f6zk\u00e9nt szolg\u00e1lhatnak a meg\u00e1llapod\u00e1sok megjegyz\u00e9s\u00e9ben \u00e9s annak biztos\u00edt\u00e1s\u00e1ban, hogy mindk\u00e9t f\u00e9l teljes\u00edtse k\u00f6telezetts\u00e9geit.<\/p>\n\n\n\n<h2 class=\"wp-block-heading\"><strong>Hatalom a b\u00edr\u00f3s\u00e1gokon: Felv\u00e9telek mint b\u00edr\u00f3s\u00e1gi bizony\u00edt\u00e9kok<\/strong><\/h2>\n\n\n\n<p>Jogi \u00fcgyekben a h\u00edv\u00e1sfelv\u00e9telek er\u0151teljes bizony\u00edt\u00e9knak bizonyultak a b\u00edr\u00f3s\u00e1gon.<\/p>\n\n\n\n<p>Sok esetben ezeket a feljegyz\u00e9seket hiteles bizony\u00edt\u00e9kk\u00e9nt fogadj\u00e1k el, amelyek vil\u00e1gos \u00e9s megk\u00e9rd\u0151jelezhetetlen k\u00e9pet adnak a lefolytatott besz\u00e9lget\u00e9sekr\u0151l.<\/p>\n\n\n\n<p>Ak\u00e1r \u00fczleti vit\u00e1kr\u00f3l, csal\u00e1di probl\u00e9m\u00e1kr\u00f3l vagy zaklat\u00e1si helyzetekr\u0151l van sz\u00f3, a felv\u00e9tel birtokl\u00e1sa kulcsfontoss\u00e1g\u00fa lehet a jogaid \u00e9rv\u00e9nyes\u00edt\u00e9s\u00e9ben.<\/p>\n\n\n\n<p>Fontos megjegyezni, hogy sok helyen a h\u00edv\u00e1sr\u00f6gz\u00edt\u00e9s akkor leg\u00e1lis, ha a besz\u00e9lget\u00e9sben r\u00e9szt vev\u0151 felek k\u00f6z\u00fcl legal\u00e1bb az egyik hozz\u00e1j\u00e1rul.<\/p>\n\n\n\n<p>Miel\u0151tt elkezden\u00e9d a h\u00edv\u00e1sok r\u00f6gz\u00edt\u00e9s\u00e9t, gy\u0151z\u0151dj meg r\u00f3la, hogy ismered a helyi t\u00f6rv\u00e9nyeket.<\/p>\n\n\n\n<h2 class=\"wp-block-heading\"><strong>Mit mondanak a felhaszn\u00e1l\u00f3k: Szem\u00e9lyes tapasztalatok a felv\u00e9teli alkalmaz\u00e1sokkal<\/strong><\/h2>\n\n\n\n<p>A h\u00edv\u00e1sr\u00f6gz\u00edt\u0151 alkalmaz\u00e1sokat haszn\u00e1l\u00f3 felhaszn\u00e1l\u00f3k tapasztalatainak vizsg\u00e1latakor egy k\u00f6z\u00f6s minta rajzol\u00f3dik ki: a biztons\u00e1g \u00e9s az \u00f6n\u00e1ll\u00f3s\u00e1g \u00e9rz\u00e9se.<\/p>\n\n\n\n<p>Sokan mes\u00e9lnek arr\u00f3l, hogyan seg\u00edtettek nekik a felv\u00e9telek \u00fczleti vit\u00e1kban, hogyan v\u00e9dt\u00e9k meg \u00e9rdekeiket, \u00e9s hogyan tudtak vil\u00e1gosan nyilv\u00e1ntart\u00e1st vezetni a fontos tranzakci\u00f3kr\u00f3l.<\/p>\n\n\n\n<p>Ezen alkalmaz\u00e1sok k\u00f6nny\u0171 haszn\u00e1lhat\u00f3s\u00e1g\u00e1t \u00e9s hat\u00e9konys\u00e1g\u00e1t is gyakran kiemelik.<\/p>\n\n\n\n<p>Ezenk\u00edv\u00fcl sok felhaszn\u00e1l\u00f3 \u00e9rt\u00e9keli az eszk\u00f6z\u00f6k \u00e1ltal k\u00edn\u00e1lt diszkr\u00e9ci\u00f3t, amely lehet\u0151v\u00e9 teszi sz\u00e1mukra, hogy h\u00edv\u00e1sokat r\u00f6gz\u00edtsenek an\u00e9lk\u00fcl, hogy a m\u00e1sik f\u00e9l tudn\u00e1.<\/p>\n\n\n\n<h2 class=\"wp-block-heading\"><strong>Fedezd fel azokat az alkalmaz\u00e1sokat, amelyek megv\u00e1ltoztathatj\u00e1k a kommunik\u00e1ci\u00f3s m\u00f3dodat<\/strong><\/h2>\n\n\n\n<p>Most, hogy felt\u00e1rtuk a h\u00edv\u00e1sr\u00f6gz\u00edt\u0151 alkalmaz\u00e1sok fontoss\u00e1g\u00e1t \u00e9s pozit\u00edv hat\u00e1s\u00e1t, mutassunk be k\u00e9t n\u00e9pszer\u0171 eszk\u00f6zt, amelyek t\u00f6bb milli\u00f3 felhaszn\u00e1l\u00f3 bizalm\u00e1t v\u00edvt\u00e1k ki.<\/p>\n\n\n\n<ol>\n<li><strong>ACR h\u00edv\u00e1sr\u00f6gz\u00edt\u0151<\/strong>Ez az alkalmaz\u00e1s intuit\u00edv fel\u00fcletet \u00e9s fejlett funkci\u00f3kat k\u00edn\u00e1l. Az ACR sz\u00e9les k\u00f6rben elismert a felv\u00e9teli min\u0151s\u00e9g\u00e9r\u0151l, hat\u00e9kony t\u00e1rhelykapacit\u00e1s\u00e1r\u00f3l \u00e9s a r\u00f6gz\u00edtett f\u00e1jlokhoz val\u00f3 k\u00f6nny\u0171 hozz\u00e1f\u00e9r\u00e9s\u00e9r\u0151l.<\/li>\n\n\n\n<li><strong>Kocka h\u00edv\u00e1sr\u00f6gz\u00edt\u0151<\/strong>Innovat\u00edv megk\u00f6zel\u00edt\u00e9s\u00e9nek k\u00f6sz\u00f6nhet\u0151en a Cube Call Recorder kiemelkedik a t\u00f6megb\u0151l, mivel k\u00e9pes k\u00fcl\u00f6nf\u00e9le kommunik\u00e1ci\u00f3s alkalmaz\u00e1sokb\u00f3l, p\u00e9ld\u00e1ul a WhatsAppb\u00f3l \u00e9s a Skype-b\u00f3l \u00e9rkez\u0151 h\u00edv\u00e1sokat r\u00f6gz\u00edteni. Lehet\u0151s\u00e9get k\u00edn\u00e1l az automatikus felv\u00e9tel elrejt\u00e9s\u00e9re is a nagyobb diszkr\u00e9ci\u00f3 \u00e9rdek\u00e9ben.<\/li>\n<\/ol>\n\n\n<div class=\"wp-block-image\">\n<figure class=\"aligncenter size-full\"><img loading=\"lazy\" decoding=\"async\" width=\"550\" height=\"350\" src=\"http:\/\/universofamilia.com\/wp-content\/uploads\/sites\/148\/2024\/02\/P-550x350-8-2.jpg\" alt=\"\" class=\"wp-image-5221\" srcset=\"http:\/\/universofamilia.com\/wp-content\/uploads\/sites\/148\/2024\/02\/P-550x350-8-2.jpg 550w, http:\/\/universofamilia.com\/wp-content\/uploads\/sites\/148\/2024\/02\/P-550x350-8-2-300x191.jpg 300w\" sizes=\"(max-width: 550px) 100vw, 550px\" \/><figcaption class=\"wp-element-caption\">R\u00f6gz\u00edtsd a h\u00edv\u00e1saidat, amikor cs\u00f6r\u00f6gnek \ud83d\udcde\ud83d\udd10<\/figcaption><\/figure><\/div>\n\n\n<h2 class=\"wp-block-heading\"><strong>A k\u00f6vetkeztet\u00e9s: Nyerj er\u0151t szavaidban<\/strong><\/h2>\n\n\n\n<p>Egy olyan vil\u00e1gban, ahol az inform\u00e1ci\u00f3 elengedhetetlen, a h\u00edv\u00e1sr\u00f6gz\u00edt\u0151 alkalmaz\u00e1sok \u00e9rt\u00e9kes sz\u00f6vets\u00e9gesekk\u00e9 v\u00e1ltak.<\/p>\n\n\n\n<p>Ak\u00e1r szem\u00e9lyi v\u00e9delemr\u0151l, vitarendez\u00e9sr\u0151l vagy b\u00edr\u00f3s\u00e1gi \u00fcgyek meger\u0151s\u00edt\u00e9s\u00e9r\u0151l van sz\u00f3, ezek az eszk\u00f6z\u00f6k hat\u00e9kony bizony\u00edt\u00e9kv\u00e9delmet ny\u00fajtanak.<\/p>\n\n\n\n<p>A kommunik\u00e1ci\u00f3 forradalm\u00e1nak megtapasztal\u00e1s\u00e1hoz t\u00f6ltse le most <strong>ACR h\u00edv\u00e1sr\u00f6gz\u00edt\u0151<\/strong> \u00e9s <strong>Kocka h\u00edv\u00e1sr\u00f6gz\u00edt\u0151<\/strong>.<\/p>\n\n\n\n<p>V\u00e1ltsd besz\u00e9lget\u00e9seidet megb\u00edzhat\u00f3 inform\u00e1ci\u00f3forr\u00e1ss\u00e1, \u00e9s vedd \u00e1t az ir\u00e1ny\u00edt\u00e1st a kommunik\u00e1ci\u00f3d felett.<\/p>\n\n\n\n<p><strong>Let\u00f6lt\u00e9si linkek:<\/strong><\/p>\n\n\n\n<ul>\n<li><strong>Androidra<\/strong>: <a href=\"https:\/\/play.google.com\/store\/apps\/details?id=com.catalinagroup.callrecorder&amp;hl=pt_BR&amp;gl=US\">Cube h\u00edv\u00e1srekord<\/a><\/li>\n\n\n\n<li><strong>iOS-re<\/strong>:  <a href=\"https:\/\/apps.apple.com\/us\/app\/acr-call-recorder-for-iphone\/id1362975885\">ACR h\u00edv\u00e1sr\u00f6gz\u00edt\u0151<\/a> | <a href=\"https:\/\/play.google.com\/store\/apps\/details?id=com.catalinagroup.callrecorder&amp;hl=pt_BR&amp;gl=US\">C<\/a><a href=\"https:\/\/apps.apple.com\/us\/app\/call-recorder-cube-acr\/id1613607637\">ube h\u00edv\u00e1sr\u00f6gz\u00edt\u0151<\/a> <\/li>\n<\/ul>\n\n\n\n<p>Ne hagyd ki ezeket a hat\u00e9kony eszk\u00f6z\u00f6ket, \u00e9s emeld a kommunik\u00e1ci\u00f3dat a k\u00f6vetkez\u0151 szintre. T\u00f6ltsd le most, \u00e9s fedezd fel szavaid erej\u00e9t!<\/p>","protected":false},"excerpt":{"rendered":"<p>R\u00f6gz\u00edtsd a h\u00edv\u00e1saidat, amikor kicsengenek \ud83d\udcde\ud83d\udd10 Gondolt\u00e1l m\u00e1r arra, mennyire fontos a telefonh\u00edv\u00e1said r\u00f6gz\u00edt\u00e9se? Egy olyan vil\u00e1gban, ahol a kommunik\u00e1ci\u00f3 l\u00e9tfontoss\u00e1g\u00fa szerepet j\u00e1tszik az \u00e9let\u00fcnkben, a telefonbesz\u00e9lget\u00e9sek r\u00f6gz\u00edt\u00e9s\u00e9nek lehet\u0151s\u00e9ge nemcsak szem\u00e9lyi v\u00e9delmi eszk\u00f6zk\u00e9nt szolg\u00e1l, hanem kulcsfontoss\u00e1g\u00fa szerepet j\u00e1tszik az \u00fczleti folyamatokban is.<\/p>","protected":false},"author":139,"featured_media":5220,"comment_status":"closed","ping_status":"open","sticky":false,"template":"","format":"standard","meta":{"footnotes":""},"categories":[3],"tags":[127,897,898],"yoast_head":"<!-- This site is optimized with the Yoast SEO plugin v23.3 - https:\/\/yoast.com\/wordpress\/plugins\/seo\/ -->\n<title>Graba tus llamadas cuando suenen \ud83d\udcde\ud83d\udd10 - Universo Fam\u00edlia<\/title>\n<meta name=\"description\" content=\"Graba tus llamadas cuando suenen\ud83d\udcde\ud83d\udd10. \u00bfAlguna vez has pensado en la importancia de grabar tus llamadas telef\u00f3nicas?\" \/>\n<meta name=\"robots\" content=\"index, follow, max-snippet:-1, max-image-preview:large, max-video-preview:-1\" \/>\n<link rel=\"canonical\" href=\"http:\/\/universofamilia.com\/hu\/graba-tus-llamadas-cuando-suenen\/\" \/>\n<meta property=\"og:locale\" content=\"hu_HU\" \/>\n<meta property=\"og:type\" content=\"article\" \/>\n<meta property=\"og:title\" content=\"Graba tus llamadas cuando suenen \ud83d\udcde\ud83d\udd10 - Universo Fam\u00edlia\" \/>\n<meta property=\"og:description\" content=\"Graba tus llamadas cuando suenen\ud83d\udcde\ud83d\udd10. \u00bfAlguna vez has pensado en la importancia de grabar tus llamadas telef\u00f3nicas?\" \/>\n<meta property=\"og:url\" content=\"http:\/\/universofamilia.com\/hu\/graba-tus-llamadas-cuando-suenen\/\" \/>\n<meta property=\"og:site_name\" content=\"Universo Fam\u00edlia\" \/>\n<meta property=\"article:published_time\" content=\"2024-02-15T20:44:59+00:00\" \/>\n<meta property=\"article:modified_time\" content=\"2025-01-29T01:29:13+00:00\" \/>\n<meta property=\"og:image\" content=\"http:\/\/universofamilia.com\/wp-content\/uploads\/sites\/148\/2024\/02\/P-550x350-8-1.jpg\" \/>\n\t<meta property=\"og:image:width\" content=\"550\" \/>\n\t<meta property=\"og:image:height\" content=\"350\" \/>\n\t<meta property=\"og:image:type\" content=\"image\/jpeg\" \/>\n<meta name=\"author\" content=\"Pedro Henrique\" \/>\n<meta name=\"twitter:card\" content=\"summary_large_image\" \/>\n<meta name=\"twitter:label1\" content=\"Written by\" \/>\n\t<meta name=\"twitter:data1\" content=\"Pedro Henrique\" \/>\n\t<meta name=\"twitter:label2\" content=\"Est. reading time\" \/>\n\t<meta name=\"twitter:data2\" content=\"4 perc\" \/>\n<script type=\"application\/ld+json\" class=\"yoast-schema-graph\">{\"@context\":\"https:\/\/schema.org\",\"@graph\":[{\"@type\":\"WebPage\",\"@id\":\"http:\/\/universofamilia.com\/ru\/graba-tus-llamadas-cuando-suenen\/\",\"url\":\"http:\/\/universofamilia.com\/ru\/graba-tus-llamadas-cuando-suenen\/\",\"name\":\"Graba tus llamadas cuando suenen \ud83d\udcde\ud83d\udd10 - Universo Fam\u00edlia\",\"isPartOf\":{\"@id\":\"https:\/\/universofamilia.com\/el\/#website\"},\"primaryImageOfPage\":{\"@id\":\"http:\/\/universofamilia.com\/ru\/graba-tus-llamadas-cuando-suenen\/#primaryimage\"},\"image\":{\"@id\":\"http:\/\/universofamilia.com\/ru\/graba-tus-llamadas-cuando-suenen\/#primaryimage\"},\"thumbnailUrl\":\"http:\/\/universofamilia.com\/wp-content\/uploads\/sites\/148\/2024\/02\/P-550x350-8-1.jpg\",\"datePublished\":\"2024-02-15T20:44:59+00:00\",\"dateModified\":\"2025-01-29T01:29:13+00:00\",\"author\":{\"@id\":\"https:\/\/universofamilia.com\/el\/#\/schema\/person\/f07ce98187dd84d31154262e79b3b7ca\"},\"description\":\"Graba tus llamadas cuando suenen\ud83d\udcde\ud83d\udd10. \u00bfAlguna vez has pensado en la importancia de grabar tus llamadas telef\u00f3nicas?\",\"breadcrumb\":{\"@id\":\"http:\/\/universofamilia.com\/ru\/graba-tus-llamadas-cuando-suenen\/#breadcrumb\"},\"inLanguage\":\"hu\",\"potentialAction\":[{\"@type\":\"ReadAction\",\"target\":[\"http:\/\/universofamilia.com\/ru\/graba-tus-llamadas-cuando-suenen\/\"]}]},{\"@type\":\"ImageObject\",\"inLanguage\":\"hu\",\"@id\":\"http:\/\/universofamilia.com\/ru\/graba-tus-llamadas-cuando-suenen\/#primaryimage\",\"url\":\"http:\/\/universofamilia.com\/wp-content\/uploads\/sites\/148\/2024\/02\/P-550x350-8-1.jpg\",\"contentUrl\":\"http:\/\/universofamilia.com\/wp-content\/uploads\/sites\/148\/2024\/02\/P-550x350-8-1.jpg\",\"width\":550,\"height\":350,\"caption\":\"Graba tus llamadas cuando suenen\"},{\"@type\":\"BreadcrumbList\",\"@id\":\"http:\/\/universofamilia.com\/ru\/graba-tus-llamadas-cuando-suenen\/#breadcrumb\",\"itemListElement\":[{\"@type\":\"ListItem\",\"position\":1,\"name\":\"Home\",\"item\":\"https:\/\/universofamilia.com\/el\/\"},{\"@type\":\"ListItem\",\"position\":2,\"name\":\"Graba tus llamadas cuando suenen \ud83d\udcde\ud83d\udd10\"}]},{\"@type\":\"WebSite\",\"@id\":\"https:\/\/universofamilia.com\/el\/#website\",\"url\":\"https:\/\/universofamilia.com\/el\/\",\"name\":\"Universo Fam\u00edlia\",\"description\":\"\",\"potentialAction\":[{\"@type\":\"SearchAction\",\"target\":{\"@type\":\"EntryPoint\",\"urlTemplate\":\"https:\/\/universofamilia.com\/el\/?s={search_term_string}\"},\"query-input\":\"required name=search_term_string\"}],\"inLanguage\":\"hu\"},{\"@type\":\"Person\",\"@id\":\"https:\/\/universofamilia.com\/el\/#\/schema\/person\/f07ce98187dd84d31154262e79b3b7ca\",\"name\":\"Pedro Henrique\",\"image\":{\"@type\":\"ImageObject\",\"inLanguage\":\"hu\",\"@id\":\"https:\/\/universofamilia.com\/el\/#\/schema\/person\/image\/\",\"url\":\"http:\/\/0.gravatar.com\/avatar\/9edfeb808cb4e1599f64d6e45b130154?s=96&d=mm&r=g\",\"contentUrl\":\"http:\/\/0.gravatar.com\/avatar\/9edfeb808cb4e1599f64d6e45b130154?s=96&d=mm&r=g\",\"caption\":\"Pedro Henrique\"},\"url\":\"http:\/\/universofamilia.com\/hu\/author\/editor01\/\"}]}<\/script>\n<!-- \/ Yoast SEO plugin. -->","yoast_head_json":{"title":"Graba tus llamadas cuando suenen \ud83d\udcde\ud83d\udd10 - Universo Fam\u00edlia","description":"Graba tus llamadas cuando suenen\ud83d\udcde\ud83d\udd10. \u00bfAlguna vez has pensado en la importancia de grabar tus llamadas telef\u00f3nicas?","robots":{"index":"index","follow":"follow","max-snippet":"max-snippet:-1","max-image-preview":"max-image-preview:large","max-video-preview":"max-video-preview:-1"},"canonical":"http:\/\/universofamilia.com\/hu\/graba-tus-llamadas-cuando-suenen\/","og_locale":"hu_HU","og_type":"article","og_title":"Graba tus llamadas cuando suenen \ud83d\udcde\ud83d\udd10 - Universo Fam\u00edlia","og_description":"Graba tus llamadas cuando suenen\ud83d\udcde\ud83d\udd10. \u00bfAlguna vez has pensado en la importancia de grabar tus llamadas telef\u00f3nicas?","og_url":"http:\/\/universofamilia.com\/hu\/graba-tus-llamadas-cuando-suenen\/","og_site_name":"Universo Fam\u00edlia","article_published_time":"2024-02-15T20:44:59+00:00","article_modified_time":"2025-01-29T01:29:13+00:00","og_image":[{"width":550,"height":350,"url":"http:\/\/universofamilia.com\/wp-content\/uploads\/sites\/148\/2024\/02\/P-550x350-8-1.jpg","type":"image\/jpeg"}],"author":"Pedro Henrique","twitter_card":"summary_large_image","twitter_misc":{"Written by":"Pedro Henrique","Est. reading time":"4 perc"},"schema":{"@context":"https:\/\/schema.org","@graph":[{"@type":"WebPage","@id":"http:\/\/universofamilia.com\/ru\/graba-tus-llamadas-cuando-suenen\/","url":"http:\/\/universofamilia.com\/ru\/graba-tus-llamadas-cuando-suenen\/","name":"Graba tus llamadas cuando suenen \ud83d\udcde\ud83d\udd10 - Universo Fam\u00edlia","isPartOf":{"@id":"https:\/\/universofamilia.com\/el\/#website"},"primaryImageOfPage":{"@id":"http:\/\/universofamilia.com\/ru\/graba-tus-llamadas-cuando-suenen\/#primaryimage"},"image":{"@id":"http:\/\/universofamilia.com\/ru\/graba-tus-llamadas-cuando-suenen\/#primaryimage"},"thumbnailUrl":"http:\/\/universofamilia.com\/wp-content\/uploads\/sites\/148\/2024\/02\/P-550x350-8-1.jpg","datePublished":"2024-02-15T20:44:59+00:00","dateModified":"2025-01-29T01:29:13+00:00","author":{"@id":"https:\/\/universofamilia.com\/el\/#\/schema\/person\/f07ce98187dd84d31154262e79b3b7ca"},"description":"Graba tus llamadas cuando suenen\ud83d\udcde\ud83d\udd10. \u00bfAlguna vez has pensado en la importancia de grabar tus llamadas telef\u00f3nicas?","breadcrumb":{"@id":"http:\/\/universofamilia.com\/ru\/graba-tus-llamadas-cuando-suenen\/#breadcrumb"},"inLanguage":"hu","potentialAction":[{"@type":"ReadAction","target":["http:\/\/universofamilia.com\/ru\/graba-tus-llamadas-cuando-suenen\/"]}]},{"@type":"ImageObject","inLanguage":"hu","@id":"http:\/\/universofamilia.com\/ru\/graba-tus-llamadas-cuando-suenen\/#primaryimage","url":"http:\/\/universofamilia.com\/wp-content\/uploads\/sites\/148\/2024\/02\/P-550x350-8-1.jpg","contentUrl":"http:\/\/universofamilia.com\/wp-content\/uploads\/sites\/148\/2024\/02\/P-550x350-8-1.jpg","width":550,"height":350,"caption":"Graba tus llamadas cuando suenen"},{"@type":"BreadcrumbList","@id":"http:\/\/universofamilia.com\/ru\/graba-tus-llamadas-cuando-suenen\/#breadcrumb","itemListElement":[{"@type":"ListItem","position":1,"name":"Home","item":"https:\/\/universofamilia.com\/el\/"},{"@type":"ListItem","position":2,"name":"Graba tus llamadas cuando suenen \ud83d\udcde\ud83d\udd10"}]},{"@type":"WebSite","@id":"https:\/\/universofamilia.com\/el\/#website","url":"https:\/\/universofamilia.com\/el\/","name":"Universo Fam\u00edlia","description":"","potentialAction":[{"@type":"SearchAction","target":{"@type":"EntryPoint","urlTemplate":"https:\/\/universofamilia.com\/el\/?s={search_term_string}"},"query-input":"required name=search_term_string"}],"inLanguage":"hu"},{"@type":"Person","@id":"https:\/\/universofamilia.com\/el\/#\/schema\/person\/f07ce98187dd84d31154262e79b3b7ca","name":"Pedro Henrique","image":{"@type":"ImageObject","inLanguage":"hu","@id":"https:\/\/universofamilia.com\/el\/#\/schema\/person\/image\/","url":"http:\/\/0.gravatar.com\/avatar\/9edfeb808cb4e1599f64d6e45b130154?s=96&d=mm&r=g","contentUrl":"http:\/\/0.gravatar.com\/avatar\/9edfeb808cb4e1599f64d6e45b130154?s=96&d=mm&r=g","caption":"Pedro Henrique"},"url":"http:\/\/universofamilia.com\/hu\/author\/editor01\/"}]}},"_links":{"self":[{"href":"http:\/\/universofamilia.com\/hu\/wp-json\/wp\/v2\/posts\/5219"}],"collection":[{"href":"http:\/\/universofamilia.com\/hu\/wp-json\/wp\/v2\/posts"}],"about":[{"href":"http:\/\/universofamilia.com\/hu\/wp-json\/wp\/v2\/types\/post"}],"author":[{"embeddable":true,"href":"http:\/\/universofamilia.com\/hu\/wp-json\/wp\/v2\/users\/139"}],"replies":[{"embeddable":true,"href":"http:\/\/universofamilia.com\/hu\/wp-json\/wp\/v2\/comments?post=5219"}],"version-history":[{"count":1,"href":"http:\/\/universofamilia.com\/hu\/wp-json\/wp\/v2\/posts\/5219\/revisions"}],"predecessor-version":[{"id":8471,"href":"http:\/\/universofamilia.com\/hu\/wp-json\/wp\/v2\/posts\/5219\/revisions\/8471"}],"wp:featuredmedia":[{"embeddable":true,"href":"http:\/\/universofamilia.com\/hu\/wp-json\/wp\/v2\/media\/5220"}],"wp:attachment":[{"href":"http:\/\/universofamilia.com\/hu\/wp-json\/wp\/v2\/media?parent=5219"}],"wp:term":[{"taxonomy":"category","embeddable":true,"href":"http:\/\/universofamilia.com\/hu\/wp-json\/wp\/v2\/categories?post=5219"},{"taxonomy":"post_tag","embeddable":true,"href":"http:\/\/universofamilia.com\/hu\/wp-json\/wp\/v2\/tags?post=5219"}],"curies":[{"name":"wp","href":"https:\/\/api.w.org\/{rel}","templated":true}]}}