{"id":5241,"date":"2024-02-18T02:29:52","date_gmt":"2024-02-18T02:29:52","guid":{"rendered":"https:\/\/universofamilia.com\/?p=5241"},"modified":"2025-10-05T00:23:13","modified_gmt":"2025-10-05T03:23:13","slug":"aplicacion-para-ver-quien-visita-mis-redes-sociales","status":"publish","type":"post","link":"http:\/\/universofamilia.com\/hu\/aplicacion-para-ver-quien-visita-mis-redes-sociales\/","title":{"rendered":"Alkalmaz\u00e1s a k\u00f6z\u00f6ss\u00e9gi h\u00e1l\u00f3zataim l\u00e1togat\u00f3inak megtekint\u00e9s\u00e9re"},"content":{"rendered":"<p>A mai digit\u00e1lis korban a k\u00f6z\u00f6ss\u00e9gi m\u00e9dia virtu\u00e1lis kiterjeszt\u00e9seiv\u00e9 v\u00e1ltak.<\/p>\n\n\n\n<p>Megosztunk k\u00fcl\u00f6nleges pillanatokat, kapcsolatba l\u00e9p\u00fcnk bar\u00e1tainkkal \u00e9s csal\u00e1dtagjainkkal, de azzal is kock\u00e1ztatunk, hogy rosszindulat\u00fa embereknek tessz\u00fck ki magunkat.<\/p>\n\n\n\n<p>Ki figyeli minden l\u00e9p\u00e9s\u00fcnket a k\u00f6z\u00f6ss\u00e9gi m\u00e9di\u00e1ban?<\/p>\n\n\n\n<p>Ebben a cikkben megvizsg\u00e1ljuk, mi\u00e9rt fontos figyelni, hogy kik tekintik meg a profiljainkat, kiemelni a rosszindulat\u00fa egy\u00e9nek jelenl\u00e9t\u00e9t, \u00e9s megold\u00e1sokat k\u00edn\u00e1lni a saj\u00e1t \u00e9s csal\u00e1dunk adatainak v\u00e9delm\u00e9re.<\/p>\n\n\n\n<h2 class=\"wp-block-heading\"><strong>K\u00f6z\u00f6ss\u00e9gi h\u00e1l\u00f3zatok v\u00e9delme<\/strong><\/h2>\n\n\n\n<p>A technol\u00f3giai fejl\u0151d\u00e9ssel teli vil\u00e1gban a szem\u00e9lyes adatainkhoz val\u00f3 hozz\u00e1f\u00e9r\u00e9s k\u00f6nnyebb\u00e9 v\u00e1lt a rosszindulat\u00fa egy\u00e9nek sz\u00e1m\u00e1ra.<\/p>\n\n\n\n<p>Az a lehet\u0151s\u00e9g, hogy az egy\u00e9nek minden bejegyz\u00e9st \u00e9s tev\u00e9kenys\u00e9get figyelemmel k\u00eds\u00e9rnek a k\u00f6z\u00f6ss\u00e9gi m\u00e9di\u00e1nkban, jogos aggodalomra ad okot.<\/p>\n\n\n\n<p>A kiberb\u0171n\u00f6z\u0151kt\u0151l a zaklat\u00f3ig elengedhetetlen, hogy k\u00e9pben legy\u00fcnk azzal, kik \u00e1llnak a k\u00e9perny\u0151 m\u00f6g\u00f6tt.<\/p>\n\n\n\n<h2 class=\"wp-block-heading\">L\u00e1sd m\u00e9g<\/h2>\n\n\n\n<ul class=\"has-medium-font-size\">\n<li class=\"has-medium-font-size\">\ud83d\udcf8\ud83d\uddbc\ufe0f\ud83d\udcf1<a href=\"https:\/\/universofamilia.com\/hu\/5099\/restaurar-fotos-eliminadas-en-el-telefono-movil\/\">T\u00f6r\u00f6lt fot\u00f3k vissza\u00e1ll\u00edt\u00e1sa mobiltelefonon<\/a><\/li>\n\n\n\n<li class=\"has-medium-font-size\">\ud83d\udc91\u26ea\ufe0f\ud83d\udcd6<a href=\"https:\/\/universofamilia.com\/hu\/5105\/noviazgo-cristiano-para-toda-la-vida\/\">Kereszt\u00e9ny randev\u00faz\u00e1s egy \u00e9letre<\/a><\/li>\n<\/ul>\n\n\n\n<h2 class=\"wp-block-heading\"><strong>A k\u00f6z\u00f6ss\u00e9gi h\u00e1l\u00f3zatainkat megtekint\u0151 felhaszn\u00e1l\u00f3k megfigyel\u00e9s\u00e9nek fontoss\u00e1ga<\/strong><\/h2>\n\n\n\n<p>K\u00e9pzeld el, hogy tudod, ki n\u00e9zi a profilodat, kit \u00e9rdekelnek minden megosztott bejegyz\u00e9sed, \u00e9s ki jelenthet vesz\u00e9lyt.<\/p>\n\n\n\n<p>A kibert\u00e9rben egyre n\u00f6vekv\u0151 sz\u00e1m\u00fa rosszindulat\u00fa szem\u00e9ly jelenl\u00e9t\u00e9vel elengedhetetlenn\u00e9 v\u00e1lt a k\u00f6z\u00f6ss\u00e9gi m\u00e9dia fi\u00f3kjainkat l\u00e1togat\u00f3k nyomon k\u00f6vet\u00e9se az online biztons\u00e1gunk meg\u0151rz\u00e9se \u00e9rdek\u00e9ben.<\/p>\n\n\n\n<p>A biztons\u00e1g\u00e9rzet \u00e9s a mag\u00e1n\u00e9let\u00fcnk feletti kontroll mindannyiunknak joga kell, hogy legyen a digit\u00e1lis platformok haszn\u00e1latakor.<\/p>\n\n\n\n<h2 class=\"wp-block-heading\"><strong>Mit mondanak a felhaszn\u00e1l\u00f3k<\/strong><\/h2>\n\n\n\n<p>Miel\u0151tt belemer\u00fcln\u00e9nk a megold\u00e1sokba, n\u00e9zz\u00fck meg, mit mondanak a felhaszn\u00e1l\u00f3k azokr\u00f3l az alkalmaz\u00e1sokr\u00f3l, amelyek lehet\u0151v\u00e9 teszik a profiljaink l\u00e1togat\u00e1s\u00e1nak nyomon k\u00f6vet\u00e9s\u00e9t.<\/p>\n\n\n\n<p>A vil\u00e1g minden t\u00e1j\u00e1r\u00f3l \u00e9rkez\u0151 felhaszn\u00e1l\u00f3k kifejezt\u00e9k aggodalmaikat \u00e9s tapasztalataikat, kiemelve ezeknek az eszk\u00f6z\u00f6knek a sz\u00fcks\u00e9gess\u00e9g\u00e9t az online v\u00e9dekez\u00e9sben.<\/p>\n\n\n\n<h2 class=\"wp-block-heading\"><strong>Megold\u00e1sok felfedez\u00e9se: K\u00f6z\u00f6ss\u00e9gi m\u00e9dia k\u00e9malkalmaz\u00e1sok<\/strong><\/h2>\n\n\n\n<p>Most pedig besz\u00e9lj\u00fcnk a megold\u00e1sokr\u00f3l. L\u00e9teznek kifejezetten olyan alkalmaz\u00e1sok, amelyek inform\u00e1ci\u00f3t ny\u00fajtanak arr\u00f3l, hogy kik k\u00e9mkednek a k\u00f6z\u00f6ss\u00e9gi m\u00e9di\u00e1nkban.<\/p>\n\n\n\n<p>De nyugodj meg! Miel\u0151tt felfedn\u00e9nk ezeknek az alkalmaz\u00e1soknak a nev\u00e9t, n\u00e9zz\u00fck meg, mi\u00e9rt \u00e9rdemes megfontolni a haszn\u00e1latukat.<\/p>\n\n\n\n<h2 class=\"wp-block-heading\"><strong>Csal\u00e1dod \u00e9s \u00f6nmagad v\u00e9delme<\/strong><\/h2>\n\n\n\n<p>Ha tudod, hogy kit \u00e9rdekelnek a bejegyz\u00e9seid, az nemcsak biztons\u00e1g\u00e9rzetet ad, hanem lehet\u0151v\u00e9 teszi, hogy megv\u00e9dd szeretteidet is.<\/p>\n\n\n\n<p>A potenci\u00e1lis fenyeget\u00e9sek azonos\u00edt\u00e1sa \u00e9s a proakt\u00edv int\u00e9zked\u00e9sek megt\u00e9tele elengedhetetlen a mai digit\u00e1lis vil\u00e1gban.<\/p>\n\n\n\n<h2 class=\"wp-block-heading\"><strong>K\u00f6z\u00f6ss\u00e9gi m\u00e9dia k\u00e9malkalmaz\u00e1sok felfedez\u00e9se<\/strong><\/h2>\n\n\n\n<p>Egy kimer\u00edt\u0151 keres\u00e9s ut\u00e1n h\u00e1rom n\u00e9pszer\u0171 alkalmaz\u00e1st tal\u00e1ltunk, amelyek lehet\u0151v\u00e9 teszik a profilok l\u00e1togat\u00e1s\u00e1nak nyomon k\u00f6vet\u00e9s\u00e9t:<\/p>\n\n\n\n<ol>\n<li><strong>Profilk\u00f6vet\u0151 Facebookhoz:<\/strong> Ez az alkalmaz\u00e1s vegyes \u00e9rt\u00e9kel\u00e9seket kapott. A felhaszn\u00e1l\u00f3k nagyra \u00e9rt\u00e9kelik a felhaszn\u00e1l\u00f3bar\u00e1t fel\u00fcletet, a k\u00f6nny\u0171 kezelhet\u0151s\u00e9get \u00e9s az azonnali \u00e9rtes\u00edt\u00e9seket. Egyesek azonban adatinkonzisztenci\u00e1kr\u00f3l \u00e9s gyakori hirdet\u00e9sekr\u0151l sz\u00e1molnak be.<\/li>\n\n\n\n<li><strong>Kik n\u00e9zt\u00e9k meg a profilomat:<\/strong> A Google Playen (4.0) \u00e9s az App Store-ban (4.4) is j\u00f3 \u00e9rt\u00e9kel\u00e9ssel rendelkez\u0151 alkalmaz\u00e1s egyszer\u0171 diz\u00e1jnj\u00e1val \u00e9s alapvet\u0151 ingyenes funkcionalit\u00e1s\u00e1val t\u0171nik ki. A felhaszn\u00e1l\u00f3k \u00f6sszess\u00e9g\u00e9ben pozit\u00edv \u00e9lm\u00e9nyt dics\u00e9rnek.<\/li>\n\n\n\n<li><strong>L\u00e1togat\u00f3i profi:<\/strong> A Google Playen 4,1-es, az App Store-ban pedig 4,5-\u00f6s \u00e9rt\u00e9kel\u00e9ssel rendelkez\u0151 alkalmaz\u00e1s intuit\u00edv kezel\u0151fel\u00fclet\u00e9vel \u00e9s tov\u00e1bbi funkci\u00f3ival, p\u00e9ld\u00e1ul a zaklat\u00f3k \u00e9s a bejegyz\u00e9seidet l\u00e1jkol\u00f3 felhaszn\u00e1l\u00f3k azonos\u00edt\u00e1s\u00e1val t\u0171nik ki. Pr\u00e9mium verzi\u00f3t is k\u00edn\u00e1l tov\u00e1bbi el\u0151ny\u00f6kkel.<\/li>\n<\/ol>\n\n\n<div class=\"wp-block-image\">\n<figure class=\"aligncenter size-full\"><img loading=\"lazy\" decoding=\"async\" width=\"550\" height=\"350\" src=\"http:\/\/universofamilia.com\/wp-content\/uploads\/sites\/148\/2024\/02\/P-550x350-8-3.jpg\" alt=\"\" class=\"wp-image-5242\" srcset=\"http:\/\/universofamilia.com\/wp-content\/uploads\/sites\/148\/2024\/02\/P-550x350-8-3.jpg 550w, http:\/\/universofamilia.com\/wp-content\/uploads\/sites\/148\/2024\/02\/P-550x350-8-3-300x191.jpg 300w\" sizes=\"(max-width: 550px) 100vw, 550px\" \/><figcaption class=\"wp-element-caption\">Alkalmaz\u00e1s a k\u00f6z\u00f6ss\u00e9gi h\u00e1l\u00f3zataim l\u00e1togat\u00f3inak megtekint\u00e9s\u00e9re<\/figcaption><\/figure><\/div>\n\n\n<h2 class=\"wp-block-heading\"><strong>A kinyilatkoztat\u00e1s pillanata: Let\u00f6lt\u00e9sek el\u00e9rhet\u0151k a teljes olvas\u00e1s ut\u00e1n<\/strong><\/h2>\n\n\n\n<p>V\u00e9ge a v\u00e1rakoz\u00e1snak! Miut\u00e1n megtanultad a k\u00f6z\u00f6ss\u00e9gi m\u00e9dia figyel\u00e9s\u00e9nek fontoss\u00e1g\u00e1t \u00e9s felfedezted a rendelkez\u00e9sre \u00e1ll\u00f3 lehet\u0151s\u00e9geket, let\u00f6ltheted ezeket az alkalmaz\u00e1sokat digit\u00e1lis vil\u00e1god v\u00e9delm\u00e9re.<\/p>\n\n\n\n<p>Fenntartsd az \u00e9rdekl\u0151d\u00e9st \u00e9s a lek\u00f6t\u00f6tts\u00e9get a v\u00e9g\u00e9ig, hogy fokozd az olvas\u00e1si \u00e9lm\u00e9nyt.<\/p>\n\n\n\n<h2 class=\"wp-block-heading\"><strong>Let\u00f6lt\u00e9si linkek iOS-re \u00e9s Androidra:<\/strong><\/h2>\n\n\n\n<ol>\n<li><strong>Profilk\u00f6vet\u0151 Facebookhoz:<\/strong>\n<ul>\n<li>Google Play: <a href=\"https:\/\/play.google.com\/store\/apps\/details?id=com.analyzing.network&amp;hl=en_US\">Link<\/a><\/li>\n\n\n\n<li>Alkalmaz\u00e1sbolt: <a href=\"https:\/\/apps.apple.com\/us\/app\/xview-reports-profile-tracker\/id1541777461\">Link<\/a><\/li>\n<\/ul>\n<\/li>\n\n\n\n<li><strong>Kik n\u00e9zt\u00e9k meg a profilomat:<\/strong>\n<ul>\n<li>Alkalmaz\u00e1sbolt: <a href=\"https:\/\/apps.apple.com\/us\/app\/who-profile-view-for-my-insta\/id1554870653\">Link<\/a><\/li>\n<\/ul>\n<\/li>\n<\/ol>\n\n\n\n<h2 class=\"wp-block-heading\"><strong>Konkl\u00fazi\u00f3: Digit\u00e1lis identit\u00e1sod v\u00e9delme<\/strong><\/h2>\n\n\n\n<p>\u00d6sszefoglalva, a k\u00f6z\u00f6ss\u00e9gi m\u00e9dia figyel\u00e9se elengedhetetlenn\u00e9 v\u00e1lt az egyre \u00f6sszetettebb digit\u00e1lis vil\u00e1gban.<\/p>\n\n\n\n<p>Ezek az alkalmaz\u00e1sok tov\u00e1bbi biztons\u00e1gi r\u00e9teget k\u00edn\u00e1lnak, lehet\u0151v\u00e9 t\u00e9ve sz\u00e1munkra, hogy tudjuk, ki figyeli online tev\u00e9kenys\u00e9geinket.<\/p>\n\n\n\n<p>T\u00f6lts le felel\u0151ss\u00e9gteljesen, \u00e9s vedd \u00e1t az ir\u00e1ny\u00edt\u00e1st digit\u00e1lis identit\u00e1sod felett. V\u00e9dd meg digit\u00e1lis vil\u00e1godat m\u00e9g ma!<\/p>","protected":false},"excerpt":{"rendered":"<p>A mai digit\u00e1lis korban a k\u00f6z\u00f6ss\u00e9gi m\u00e9dia virtu\u00e1lis kiterjeszt\u00e9se lett \u00f6nmagunknak. Megosztunk k\u00fcl\u00f6nleges pillanatokat, kapcsolatba l\u00e9p\u00fcnk bar\u00e1tainkkal \u00e9s csal\u00e1dtagjainkkal, de ugyanakkor fenn\u00e1ll a vesz\u00e9lye annak is, hogy rosszindulat\u00fa embereknek tessz\u00fck ki magunkat. Ki figyeli minden l\u00e9p\u00e9s\u00fcnket a k\u00f6z\u00f6ss\u00e9gi m\u00e9di\u00e1ban? Ebben a cikkben megvizsg\u00e1ljuk a megfigyel\u00e9s fontoss\u00e1g\u00e1t [\u2026]<\/p>","protected":false},"author":139,"featured_media":5242,"comment_status":"closed","ping_status":"open","sticky":false,"template":"","format":"standard","meta":{"footnotes":""},"categories":[2],"tags":[156,157,1546],"yoast_head":"<!-- This site is optimized with the Yoast SEO plugin v23.3 - https:\/\/yoast.com\/wordpress\/plugins\/seo\/ -->\n<title>Aplicaci\u00f3n para Ver Qui\u00e9n Visita Mis Redes Sociales - Universo Fam\u00edlia<\/title>\n<meta name=\"description\" content=\"Aplicaci\u00f3n para Ver Qui\u00e9n Visita Mis Redes Sociales. En la era digital actual, nuestras redes sociales se han convertido en una extensi\u00f3n...\" \/>\n<meta name=\"robots\" content=\"index, follow, max-snippet:-1, max-image-preview:large, max-video-preview:-1\" \/>\n<link rel=\"canonical\" href=\"https:\/\/universofamilia.com\/hu\/aplicacion-para-ver-quien-visita-mis-redes-sociales\/\" \/>\n<meta property=\"og:locale\" content=\"hu_HU\" \/>\n<meta property=\"og:type\" content=\"article\" \/>\n<meta property=\"og:title\" content=\"Aplicaci\u00f3n para Ver Qui\u00e9n Visita Mis Redes Sociales - Universo Fam\u00edlia\" \/>\n<meta property=\"og:description\" content=\"Aplicaci\u00f3n para Ver Qui\u00e9n Visita Mis Redes Sociales. En la era digital actual, nuestras redes sociales se han convertido en una extensi\u00f3n...\" \/>\n<meta property=\"og:url\" content=\"https:\/\/universofamilia.com\/hu\/aplicacion-para-ver-quien-visita-mis-redes-sociales\/\" \/>\n<meta property=\"og:site_name\" content=\"Universo Fam\u00edlia\" \/>\n<meta property=\"article:published_time\" content=\"2024-02-18T02:29:52+00:00\" \/>\n<meta property=\"article:modified_time\" content=\"2025-10-05T03:23:13+00:00\" \/>\n<meta property=\"og:image\" content=\"https:\/\/universofamilia.com\/wp-content\/uploads\/sites\/148\/2024\/02\/P-550x350-8-3.jpg\" \/>\n\t<meta property=\"og:image:width\" content=\"550\" \/>\n\t<meta property=\"og:image:height\" content=\"350\" \/>\n\t<meta property=\"og:image:type\" content=\"image\/jpeg\" \/>\n<meta name=\"author\" content=\"Pedro Henrique\" \/>\n<meta name=\"twitter:card\" content=\"summary_large_image\" \/>\n<meta name=\"twitter:label1\" content=\"Written by\" \/>\n\t<meta name=\"twitter:data1\" content=\"Pedro Henrique\" \/>\n\t<meta name=\"twitter:label2\" content=\"Est. reading time\" \/>\n\t<meta name=\"twitter:data2\" content=\"5 perc\" \/>\n<script type=\"application\/ld+json\" class=\"yoast-schema-graph\">{\"@context\":\"https:\/\/schema.org\",\"@graph\":[{\"@type\":\"WebPage\",\"@id\":\"https:\/\/universofamilia.com\/fr\/aplicacion-para-ver-quien-visita-mis-redes-sociales\/\",\"url\":\"https:\/\/universofamilia.com\/fr\/aplicacion-para-ver-quien-visita-mis-redes-sociales\/\",\"name\":\"Aplicaci\u00f3n para Ver Qui\u00e9n Visita Mis Redes Sociales - Universo Fam\u00edlia\",\"isPartOf\":{\"@id\":\"https:\/\/universofamilia.com\/el\/#website\"},\"primaryImageOfPage\":{\"@id\":\"https:\/\/universofamilia.com\/fr\/aplicacion-para-ver-quien-visita-mis-redes-sociales\/#primaryimage\"},\"image\":{\"@id\":\"https:\/\/universofamilia.com\/fr\/aplicacion-para-ver-quien-visita-mis-redes-sociales\/#primaryimage\"},\"thumbnailUrl\":\"http:\/\/universofamilia.com\/wp-content\/uploads\/sites\/148\/2024\/02\/P-550x350-8-3.jpg\",\"datePublished\":\"2024-02-18T02:29:52+00:00\",\"dateModified\":\"2025-10-05T03:23:13+00:00\",\"author\":{\"@id\":\"https:\/\/universofamilia.com\/el\/#\/schema\/person\/f07ce98187dd84d31154262e79b3b7ca\"},\"description\":\"Aplicaci\u00f3n para Ver Qui\u00e9n Visita Mis Redes Sociales. En la era digital actual, nuestras redes sociales se han convertido en una extensi\u00f3n...\",\"breadcrumb\":{\"@id\":\"https:\/\/universofamilia.com\/fr\/aplicacion-para-ver-quien-visita-mis-redes-sociales\/#breadcrumb\"},\"inLanguage\":\"hu\",\"potentialAction\":[{\"@type\":\"ReadAction\",\"target\":[\"https:\/\/universofamilia.com\/fr\/aplicacion-para-ver-quien-visita-mis-redes-sociales\/\"]}]},{\"@type\":\"ImageObject\",\"inLanguage\":\"hu\",\"@id\":\"https:\/\/universofamilia.com\/fr\/aplicacion-para-ver-quien-visita-mis-redes-sociales\/#primaryimage\",\"url\":\"http:\/\/universofamilia.com\/wp-content\/uploads\/sites\/148\/2024\/02\/P-550x350-8-3.jpg\",\"contentUrl\":\"http:\/\/universofamilia.com\/wp-content\/uploads\/sites\/148\/2024\/02\/P-550x350-8-3.jpg\",\"width\":550,\"height\":350,\"caption\":\"Aplicaci\u00f3n para Ver Qui\u00e9n Visita Mis Redes Sociales\"},{\"@type\":\"BreadcrumbList\",\"@id\":\"https:\/\/universofamilia.com\/fr\/aplicacion-para-ver-quien-visita-mis-redes-sociales\/#breadcrumb\",\"itemListElement\":[{\"@type\":\"ListItem\",\"position\":1,\"name\":\"Home\",\"item\":\"https:\/\/universofamilia.com\/el\/\"},{\"@type\":\"ListItem\",\"position\":2,\"name\":\"Aplicaci\u00f3n para Ver Qui\u00e9n Visita Mis Redes Sociales\"}]},{\"@type\":\"WebSite\",\"@id\":\"https:\/\/universofamilia.com\/el\/#website\",\"url\":\"https:\/\/universofamilia.com\/el\/\",\"name\":\"Universo Fam\u00edlia\",\"description\":\"\",\"potentialAction\":[{\"@type\":\"SearchAction\",\"target\":{\"@type\":\"EntryPoint\",\"urlTemplate\":\"https:\/\/universofamilia.com\/el\/?s={search_term_string}\"},\"query-input\":\"required name=search_term_string\"}],\"inLanguage\":\"hu\"},{\"@type\":\"Person\",\"@id\":\"https:\/\/universofamilia.com\/el\/#\/schema\/person\/f07ce98187dd84d31154262e79b3b7ca\",\"name\":\"Pedro Henrique\",\"image\":{\"@type\":\"ImageObject\",\"inLanguage\":\"hu\",\"@id\":\"https:\/\/universofamilia.com\/el\/#\/schema\/person\/image\/\",\"url\":\"http:\/\/0.gravatar.com\/avatar\/9edfeb808cb4e1599f64d6e45b130154?s=96&d=mm&r=g\",\"contentUrl\":\"http:\/\/0.gravatar.com\/avatar\/9edfeb808cb4e1599f64d6e45b130154?s=96&d=mm&r=g\",\"caption\":\"Pedro Henrique\"},\"url\":\"http:\/\/universofamilia.com\/hu\/author\/editor01\/\"}]}<\/script>\n<!-- \/ Yoast SEO plugin. -->","yoast_head_json":{"title":"Aplicaci\u00f3n para Ver Qui\u00e9n Visita Mis Redes Sociales - Universo Fam\u00edlia","description":"Aplicaci\u00f3n para Ver Qui\u00e9n Visita Mis Redes Sociales. En la era digital actual, nuestras redes sociales se han convertido en una extensi\u00f3n...","robots":{"index":"index","follow":"follow","max-snippet":"max-snippet:-1","max-image-preview":"max-image-preview:large","max-video-preview":"max-video-preview:-1"},"canonical":"https:\/\/universofamilia.com\/hu\/aplicacion-para-ver-quien-visita-mis-redes-sociales\/","og_locale":"hu_HU","og_type":"article","og_title":"Aplicaci\u00f3n para Ver Qui\u00e9n Visita Mis Redes Sociales - Universo Fam\u00edlia","og_description":"Aplicaci\u00f3n para Ver Qui\u00e9n Visita Mis Redes Sociales. En la era digital actual, nuestras redes sociales se han convertido en una extensi\u00f3n...","og_url":"https:\/\/universofamilia.com\/hu\/aplicacion-para-ver-quien-visita-mis-redes-sociales\/","og_site_name":"Universo Fam\u00edlia","article_published_time":"2024-02-18T02:29:52+00:00","article_modified_time":"2025-10-05T03:23:13+00:00","og_image":[{"width":550,"height":350,"url":"https:\/\/universofamilia.com\/wp-content\/uploads\/sites\/148\/2024\/02\/P-550x350-8-3.jpg","type":"image\/jpeg"}],"author":"Pedro Henrique","twitter_card":"summary_large_image","twitter_misc":{"Written by":"Pedro Henrique","Est. reading time":"5 perc"},"schema":{"@context":"https:\/\/schema.org","@graph":[{"@type":"WebPage","@id":"https:\/\/universofamilia.com\/fr\/aplicacion-para-ver-quien-visita-mis-redes-sociales\/","url":"https:\/\/universofamilia.com\/fr\/aplicacion-para-ver-quien-visita-mis-redes-sociales\/","name":"Aplicaci\u00f3n para Ver Qui\u00e9n Visita Mis Redes Sociales - Universo Fam\u00edlia","isPartOf":{"@id":"https:\/\/universofamilia.com\/el\/#website"},"primaryImageOfPage":{"@id":"https:\/\/universofamilia.com\/fr\/aplicacion-para-ver-quien-visita-mis-redes-sociales\/#primaryimage"},"image":{"@id":"https:\/\/universofamilia.com\/fr\/aplicacion-para-ver-quien-visita-mis-redes-sociales\/#primaryimage"},"thumbnailUrl":"http:\/\/universofamilia.com\/wp-content\/uploads\/sites\/148\/2024\/02\/P-550x350-8-3.jpg","datePublished":"2024-02-18T02:29:52+00:00","dateModified":"2025-10-05T03:23:13+00:00","author":{"@id":"https:\/\/universofamilia.com\/el\/#\/schema\/person\/f07ce98187dd84d31154262e79b3b7ca"},"description":"Aplicaci\u00f3n para Ver Qui\u00e9n Visita Mis Redes Sociales. En la era digital actual, nuestras redes sociales se han convertido en una extensi\u00f3n...","breadcrumb":{"@id":"https:\/\/universofamilia.com\/fr\/aplicacion-para-ver-quien-visita-mis-redes-sociales\/#breadcrumb"},"inLanguage":"hu","potentialAction":[{"@type":"ReadAction","target":["https:\/\/universofamilia.com\/fr\/aplicacion-para-ver-quien-visita-mis-redes-sociales\/"]}]},{"@type":"ImageObject","inLanguage":"hu","@id":"https:\/\/universofamilia.com\/fr\/aplicacion-para-ver-quien-visita-mis-redes-sociales\/#primaryimage","url":"http:\/\/universofamilia.com\/wp-content\/uploads\/sites\/148\/2024\/02\/P-550x350-8-3.jpg","contentUrl":"http:\/\/universofamilia.com\/wp-content\/uploads\/sites\/148\/2024\/02\/P-550x350-8-3.jpg","width":550,"height":350,"caption":"Aplicaci\u00f3n para Ver Qui\u00e9n Visita Mis Redes Sociales"},{"@type":"BreadcrumbList","@id":"https:\/\/universofamilia.com\/fr\/aplicacion-para-ver-quien-visita-mis-redes-sociales\/#breadcrumb","itemListElement":[{"@type":"ListItem","position":1,"name":"Home","item":"https:\/\/universofamilia.com\/el\/"},{"@type":"ListItem","position":2,"name":"Aplicaci\u00f3n para Ver Qui\u00e9n Visita Mis Redes Sociales"}]},{"@type":"WebSite","@id":"https:\/\/universofamilia.com\/el\/#website","url":"https:\/\/universofamilia.com\/el\/","name":"Universo Fam\u00edlia","description":"","potentialAction":[{"@type":"SearchAction","target":{"@type":"EntryPoint","urlTemplate":"https:\/\/universofamilia.com\/el\/?s={search_term_string}"},"query-input":"required name=search_term_string"}],"inLanguage":"hu"},{"@type":"Person","@id":"https:\/\/universofamilia.com\/el\/#\/schema\/person\/f07ce98187dd84d31154262e79b3b7ca","name":"Pedro Henrique","image":{"@type":"ImageObject","inLanguage":"hu","@id":"https:\/\/universofamilia.com\/el\/#\/schema\/person\/image\/","url":"http:\/\/0.gravatar.com\/avatar\/9edfeb808cb4e1599f64d6e45b130154?s=96&d=mm&r=g","contentUrl":"http:\/\/0.gravatar.com\/avatar\/9edfeb808cb4e1599f64d6e45b130154?s=96&d=mm&r=g","caption":"Pedro Henrique"},"url":"http:\/\/universofamilia.com\/hu\/author\/editor01\/"}]}},"_links":{"self":[{"href":"http:\/\/universofamilia.com\/hu\/wp-json\/wp\/v2\/posts\/5241"}],"collection":[{"href":"http:\/\/universofamilia.com\/hu\/wp-json\/wp\/v2\/posts"}],"about":[{"href":"http:\/\/universofamilia.com\/hu\/wp-json\/wp\/v2\/types\/post"}],"author":[{"embeddable":true,"href":"http:\/\/universofamilia.com\/hu\/wp-json\/wp\/v2\/users\/139"}],"replies":[{"embeddable":true,"href":"http:\/\/universofamilia.com\/hu\/wp-json\/wp\/v2\/comments?post=5241"}],"version-history":[{"count":2,"href":"http:\/\/universofamilia.com\/hu\/wp-json\/wp\/v2\/posts\/5241\/revisions"}],"predecessor-version":[{"id":9832,"href":"http:\/\/universofamilia.com\/hu\/wp-json\/wp\/v2\/posts\/5241\/revisions\/9832"}],"wp:featuredmedia":[{"embeddable":true,"href":"http:\/\/universofamilia.com\/hu\/wp-json\/wp\/v2\/media\/5242"}],"wp:attachment":[{"href":"http:\/\/universofamilia.com\/hu\/wp-json\/wp\/v2\/media?parent=5241"}],"wp:term":[{"taxonomy":"category","embeddable":true,"href":"http:\/\/universofamilia.com\/hu\/wp-json\/wp\/v2\/categories?post=5241"},{"taxonomy":"post_tag","embeddable":true,"href":"http:\/\/universofamilia.com\/hu\/wp-json\/wp\/v2\/tags?post=5241"}],"curies":[{"name":"wp","href":"https:\/\/api.w.org\/{rel}","templated":true}]}}