{"id":5254,"date":"2024-02-20T00:57:52","date_gmt":"2024-02-20T00:57:52","guid":{"rendered":"https:\/\/universofamilia.com\/?p=5254"},"modified":"2025-10-05T00:21:42","modified_gmt":"2025-10-05T03:21:42","slug":"aumenta-la-vida-util-de-la-bateria-de-tu-telefono","status":"publish","type":"post","link":"http:\/\/universofamilia.com\/hu\/aumenta-la-vida-util-de-la-bateria-de-tu-telefono\/","title":{"rendered":"N\u00f6velje telefonja akkumul\u00e1tor\u00e1nak \u00e9lettartam\u00e1t\ud83d\udcf1\u26a1"},"content":{"rendered":"<p>Volt\u00e1l m\u00e1r olyan helyzetben, hogy a telefonod majdnem lemer\u00fcl, \u00e9s messze vagy otthonr\u00f3l? Elfog a szorong\u00e1s, ugye?<\/p>\n\n\n\n<p>Nincs t\u00f6bb kifog\u00e1s a lemer\u00fcl\u00e9sre, hiszen a technol\u00f3gia a kez\u00fcnk \u00fcgy\u00e9ben van.<\/p>\n\n\n\n<p>Ma k\u00e9t olyan alkalmaz\u00e1st fogok bemutatni nektek, amelyek \u00e9letment\u0151ek lehetnek az okostelefon akkumul\u00e1tor\u00e1nak \u00e9lettartam\u00e1nak meghosszabb\u00edt\u00e1s\u00e1ban.<\/p>\n\n\n\n<p>V\u00e9g\u00fcl is ki ne szeretne nyugalmat an\u00e9lk\u00fcl, hogy agg\u00f3dna amiatt, hogy a telefonja kib\u00edrja-e a nap v\u00e9g\u00e9ig? \ud83c\udf1f<\/p>\n\n\n\n<h2 class=\"wp-block-heading\">L\u00e1sd m\u00e9g<\/h2>\n\n\n\n<ul class=\"has-medium-font-size\">\n<li class=\"has-medium-font-size\">\ud83d\udd0d\ud83d\udd75\ufe0f\u200d\u2640\ufe0f\ud83d\udd12<a href=\"https:\/\/universofamilia.com\/hu\/5092\/aplicaciones-espias-para-leer-mensajes-de-texto-en-otro-celular\/\">K\u00e9malkalmaz\u00e1sok sz\u00f6veges \u00fczenetek olvas\u00e1s\u00e1ra egy m\u00e1sik mobiltelefonon<\/a><\/li>\n\n\n\n<li class=\"has-medium-font-size\">\ud83d\udcf8\ud83d\uddbc\ufe0f\ud83d\udcf1<a href=\"https:\/\/universofamilia.com\/hu\/5099\/restaurar-fotos-eliminadas-en-el-telefono-movil\/\">T\u00f6r\u00f6lt fot\u00f3k vissza\u00e1ll\u00edt\u00e1sa mobiltelefonon<\/a><\/li>\n\n\n\n<li class=\"has-medium-font-size\">\ud83d\udc91\u26ea\ufe0f\ud83d\udcd6<a href=\"https:\/\/universofamilia.com\/hu\/5105\/noviazgo-cristiano-para-toda-la-vida\/\">Kereszt\u00e9ny randev\u00faz\u00e1s egy \u00e9letre<\/a><\/li>\n<\/ul>\n\n\n\n<h2 class=\"wp-block-heading\"><strong>A megfelel\u0151 t\u00f6lt\u00e9s fontoss\u00e1ga: Ker\u00fcld az aggodalmakat!<\/strong><\/h2>\n\n\n\n<p>Akkumul\u00e1tor n\u00e9lk\u00fcl m\u00e1szk\u00e1lni gyakorlatilag olyan, mintha a perem\u00e9n \u00e9ln\u00e9nk, nem igaz? Manaps\u00e1g, amikor a mobiltelefonjaink \u00f6nmagunk kiterjeszt\u00e9sei, a lemer\u00fcl\u00e9s kock\u00e1zatos lehet.<\/p>\n\n\n\n<p>Ak\u00e1r munk\u00e1r\u00f3l van sz\u00f3, ak\u00e1r egy leny\u0171g\u00f6z\u0151 szelfi k\u00e9sz\u00edt\u00e9s\u00e9r\u0151l, ak\u00e1r egy addikt\u00edv j\u00e1t\u00e9kr\u00f3l, az akkumul\u00e1tor \u00e9lettartama kulcsfontoss\u00e1g\u00fa a t\u00f6k\u00e9letes \u00e9lm\u00e9nyhez.<\/p>\n\n\n\n<p>\u00c9s pontosan ez\u00e9rt olyan fontos, hogy megtal\u00e1ljuk a m\u00f3dj\u00e1t a telefon \u00e9lettartam\u00e1nak meghosszabb\u00edt\u00e1s\u00e1ra. Lemer\u00fcl az akkumul\u00e1tor, amikor a legnagyobb sz\u00fcks\u00e9ged van r\u00e1? Sz\u00f3 sem lehet r\u00f3la. \ud83d\udca1<\/p>\n\n\n\n<h2 class=\"wp-block-heading\"><strong>Az otthont\u00f3l t\u00e1voli akkumul\u00e1tor-lemer\u00fcl\u00e9s dr\u00e1m\u00e1ja<\/strong><\/h2>\n\n\n\n<p>K\u00e9pzeld el a k\u00f6vetkez\u0151 helyzetet: ismeretlen helyen vagy, GPS-re van sz\u00fcks\u00e9ged a t\u00e1j\u00e9koz\u00f3d\u00e1shoz, \u00e9s hirtelen megjelenik az alacsony akkumul\u00e1tort\u00f6lt\u00f6tts\u00e9g jelz\u00e9se.<\/p>\n\n\n\n<p>A k\u00e9ts\u00e9gbees\u00e9s val\u00f3s, ugye? De ne agg\u00f3dj, nincs ok a p\u00e1nikra! Fedezz\u00fcnk fel k\u00e9t eszk\u00f6zt, amelyek seg\u00edthetnek elker\u00fclni a dr\u00e1m\u00e1t, \u00e9s biztos\u00edthatj\u00e1k, hogy a telefonod mindig k\u00e9szen \u00e1lljon b\u00e1rmire, ami k\u00f6vetkezik. \ud83d\ude0c<\/p>\n\n\n<div class=\"wp-block-image\">\n<figure class=\"aligncenter size-full\"><img loading=\"lazy\" decoding=\"async\" width=\"550\" height=\"350\" src=\"http:\/\/universofamilia.com\/wp-content\/uploads\/sites\/148\/2024\/02\/P-550x350-15.jpg\" alt=\"\" class=\"wp-image-5255\" srcset=\"http:\/\/universofamilia.com\/wp-content\/uploads\/sites\/148\/2024\/02\/P-550x350-15.jpg 550w, http:\/\/universofamilia.com\/wp-content\/uploads\/sites\/148\/2024\/02\/P-550x350-15-300x191.jpg 300w\" sizes=\"(max-width: 550px) 100vw, 550px\" \/><figcaption class=\"wp-element-caption\">N\u00f6velje telefonja akkumul\u00e1tor\u00e1nak \u00e9lettartam\u00e1t\ud83d\udcf1\u26a1<\/figcaption><\/figure><\/div>\n\n\n<h2 class=\"wp-block-heading\"><strong>2 alkalmaz\u00e1s a telefon akkumul\u00e1tor\u00e1nak felp\u00f6rget\u00e9s\u00e9hez<\/strong><\/h2>\n\n\n\n<h3 class=\"wp-block-heading\"><em>1. AccuBattery alkalmaz\u00e1s:<\/em><\/h3>\n\n\n\n<p>Ez az alkalmaz\u00e1s olyan, mint egy szem\u00e9lyi edz\u0151 a dobjaidhoz.<\/p>\n\n\n\n<p>Az AccuBattery 4,6 csillagos \u00e9rt\u00e9kel\u00e9ssel \u00e9s t\u00f6bb mint 1,7 milli\u00f3 Android-v\u00e9lem\u00e9nnyel figyeli az akkumul\u00e1tor \u00e1llapot\u00e1t, \u00e9rt\u00e9kes inform\u00e1ci\u00f3kat ny\u00fajtva a kapacit\u00e1sr\u00f3l, a fennmarad\u00f3 haszn\u00e1lati id\u0151r\u0151l \u00e9s az alkalmaz\u00e1sok \u00e1ltali haszn\u00e1latr\u00f3l. Gyakorlati tippeket is k\u00edn\u00e1l az akkumul\u00e1tor \u00e9lettartam\u00e1nak meghosszabb\u00edt\u00e1s\u00e1hoz. \ud83c\udfcb\ufe0f\u200d\u2642\ufe0f<\/p>\n\n\n\n<h3 class=\"wp-block-heading\">El\u00e9gedett felhaszn\u00e1l\u00f3k osztj\u00e1k meg tapasztalataikat:<\/h3>\n\n\n\n<ul>\n<li>\u201eKiv\u00e1l\u00f3 alkalmaz\u00e1s az akkumul\u00e1tor \u00e1llapot\u00e1nak figyel\u00e9s\u00e9re.\u201d<\/li>\n\n\n\n<li>\u201eSeg\u00edtett meg\u00e9rtenem, hogyan haszn\u00e1lom a mobiltelefon akkumul\u00e1tor\u00e1t, \u00e9s hogyan n\u00f6velhetem az \u00e9lettartam\u00e1t.\u201d<\/li>\n\n\n\n<li>\u201eAz akkumul\u00e1tor-takar\u00e9koss\u00e1gi tippek nagyon hasznosak.\u201d<\/li>\n<\/ul>\n\n\n\n<h2 class=\"wp-block-heading\"><em>2. Greenify alkalmaz\u00e1s:<\/em><\/h2>\n\n\n\n<p>4,4 csillagos \u00e9rt\u00e9kel\u00e9s\u00e9vel \u00e9s t\u00f6bb mint 10 milli\u00f3 Android-v\u00e9lem\u00e9ny\u00e9vel a Greenify olyan, mint egy medit\u00e1ci\u00f3s mester az alkalmaz\u00e1said sz\u00e1m\u00e1ra.<\/p>\n\n\n\n<p>Hibern\u00e1lt \u00e1llapotba helyezi a nem haszn\u00e1lt alkalmaz\u00e1sokat, jelent\u0151sen cs\u00f6kkentve az akkumul\u00e1tor fogyaszt\u00e1s\u00e1t.<\/p>\n\n\n\n<p>Tov\u00e1bbi funkci\u00f3kat is k\u00edn\u00e1l, p\u00e9ld\u00e1ul akkumul\u00e1tor-takar\u00e9kos m\u00f3dot \u00e9s akkumul\u00e1torhaszn\u00e1lat-figyel\u0151t. \ud83c\udf3f<\/p>\n\n\n\n<h3 class=\"wp-block-heading\">El\u00e9gedett felhaszn\u00e1l\u00f3k osztj\u00e1k meg tapasztalataikat:<\/h3>\n\n\n\n<ul>\n<li>\u201eKiv\u00e1l\u00f3 alkalmaz\u00e1s az akkumul\u00e1tor k\u00edm\u00e9l\u00e9s\u00e9re.\u201d<\/li>\n\n\n\n<li>\u201eSeg\u00edtett meghosszabb\u00edtani a mobiltelefonom akkumul\u00e1tor\u00e1nak \u00e9lettartam\u00e1t.\u201d<\/li>\n\n\n\n<li>\u201eAz akkumul\u00e1tork\u00edm\u00e9l\u0151 m\u00f3d nagyon hasznos.\u201d<\/li>\n<\/ul>\n\n\n\n<h2 class=\"wp-block-heading\"><strong>Fontos megfigyel\u00e9sek:<\/strong><\/h2>\n\n\n\n<p>Mindig j\u00f3 megjegyezni, hogy ezeknek az alkalmaz\u00e1soknak a hat\u00e9konys\u00e1ga az eszk\u00f6zt\u0151l \u00e9s az egy\u00e9ni haszn\u00e1latt\u00f3l f\u00fcgg\u0151en v\u00e1ltozhat.<\/p>\n\n\n\n<p>R\u00e1ad\u00e1sul az akkumul\u00e1tor \u00e9lettartama korl\u00e1tozott, \u00e9s v\u00e9g\u00fcl ki kell cser\u00e9lni.<\/p>\n\n\n\n<p>\u00c9s most j\u00f6jj\u00f6n a nagy leleplez\u00e9s! Az AccuBattery \u00e9s a Greenify alkalmaz\u00e1sok h\u0171s\u00e9ges sz\u00f6vets\u00e9geseid lehetnek abban, hogy az akkumul\u00e1torod mindig felt\u00f6lt\u00f6tt \u00e9s k\u00e9szen \u00e1lljon b\u00e1rmire, ami j\u00f6nni fog.<\/p>\n\n\n\n<p>Tapasztald meg \u00e9s oszd meg a saj\u00e1t \u00e9lm\u00e9nyedet! \ud83d\udcac<\/p>\n\n\n\n<h3 class=\"wp-block-heading\"><strong>Linkek az alkalmaz\u00e1sok let\u00f6lt\u00e9s\u00e9hez:<\/strong><\/h3>\n\n\n\n<ul>\n<li>Android:\n<ul>\n<li><a href=\"https:\/\/play.google.com\/store\/apps\/details?id=com.digibites.accubattery&amp;hl=en_US\">AccuBattery<\/a><\/li>\n\n\n\n<li><a href=\"https:\/\/play.google.com\/store\/apps\/details?id=com.oasisfeng.greenify&amp;hl=en_US\">Greenify<\/a><\/li>\n<\/ul>\n<\/li>\n<\/ul>\n\n\n\n<p>Ne habozz megosztani ezeket az alkalmaz\u00e1sokat bar\u00e1taiddal \u00e9s csal\u00e1doddal! Mindannyiunknak lehetnek boldogabb, hosszabb ideig tart\u00f3 akkumul\u00e1torai. \ud83d\ude80\u26a1<\/p>","protected":false},"excerpt":{"rendered":"<p>Volt\u00e1l m\u00e1r olyan helyzetben, hogy a telefonod majdnem lemer\u00fcl, \u00e9s messze vagy otthonr\u00f3l? A szorong\u00e1s eluralkodik rajtad, igaz? Nincs t\u00f6bb kifog\u00e1s a lemer\u00fcl\u00e9sre, hiszen a technol\u00f3gia a kezed \u00fcgy\u00e9ben van. Ma k\u00e9t olyan alkalmaz\u00e1st mutatok be, amelyek \u00e9letment\u0151k lehetnek, amikor [\u2026]<\/p>","protected":false},"author":219,"featured_media":5255,"comment_status":"closed","ping_status":"open","sticky":false,"template":"","format":"standard","meta":{"footnotes":""},"categories":[3],"tags":[384,494,495],"yoast_head":"<!-- This site is optimized with the Yoast SEO plugin v23.3 - https:\/\/yoast.com\/wordpress\/plugins\/seo\/ -->\n<title>Aumenta la Vida \u00datil de la Bater\u00eda de tu Tel\u00e9fono\ud83d\udcf1\u26a1 - Universo Fam\u00edlia<\/title>\n<meta name=\"description\" content=\"Aumenta la Vida \u00datil de la Bater\u00eda de tu Tel\u00e9fono\ud83d\udcf1\u26a1. \u00bfAlguna vez has estado en esa situaci\u00f3n en la que tu tel\u00e9fono est\u00e1 a punto de morir\" \/>\n<meta name=\"robots\" content=\"index, follow, max-snippet:-1, max-image-preview:large, max-video-preview:-1\" \/>\n<link rel=\"canonical\" href=\"http:\/\/universofamilia.com\/hu\/aumenta-la-vida-util-de-la-bateria-de-tu-telefono\/\" \/>\n<meta property=\"og:locale\" content=\"hu_HU\" \/>\n<meta property=\"og:type\" content=\"article\" \/>\n<meta property=\"og:title\" content=\"Aumenta la Vida \u00datil de la Bater\u00eda de tu Tel\u00e9fono\ud83d\udcf1\u26a1 - Universo Fam\u00edlia\" \/>\n<meta property=\"og:description\" content=\"Aumenta la Vida \u00datil de la Bater\u00eda de tu Tel\u00e9fono\ud83d\udcf1\u26a1. \u00bfAlguna vez has estado en esa situaci\u00f3n en la que tu tel\u00e9fono est\u00e1 a punto de morir\" \/>\n<meta property=\"og:url\" content=\"http:\/\/universofamilia.com\/hu\/aumenta-la-vida-util-de-la-bateria-de-tu-telefono\/\" \/>\n<meta property=\"og:site_name\" content=\"Universo Fam\u00edlia\" \/>\n<meta property=\"article:published_time\" content=\"2024-02-20T00:57:52+00:00\" \/>\n<meta property=\"article:modified_time\" content=\"2025-10-05T03:21:42+00:00\" \/>\n<meta property=\"og:image\" content=\"http:\/\/universofamilia.com\/wp-content\/uploads\/sites\/148\/2024\/02\/P-550x350-15.jpg\" \/>\n\t<meta property=\"og:image:width\" content=\"550\" \/>\n\t<meta property=\"og:image:height\" content=\"350\" \/>\n\t<meta property=\"og:image:type\" content=\"image\/jpeg\" \/>\n<meta name=\"author\" content=\"Matheus Sangaletti\" \/>\n<meta name=\"twitter:card\" content=\"summary_large_image\" \/>\n<meta name=\"twitter:label1\" content=\"Written by\" \/>\n\t<meta name=\"twitter:data1\" content=\"Matheus Sangaletti\" \/>\n\t<meta name=\"twitter:label2\" content=\"Est. reading time\" \/>\n\t<meta name=\"twitter:data2\" content=\"4 perc\" \/>\n<script type=\"application\/ld+json\" class=\"yoast-schema-graph\">{\"@context\":\"https:\/\/schema.org\",\"@graph\":[{\"@type\":\"WebPage\",\"@id\":\"http:\/\/universofamilia.com\/aumenta-la-vida-util-de-la-bateria-de-tu-telefono\/\",\"url\":\"http:\/\/universofamilia.com\/aumenta-la-vida-util-de-la-bateria-de-tu-telefono\/\",\"name\":\"Aumenta la Vida \u00datil de la Bater\u00eda de tu Tel\u00e9fono\ud83d\udcf1\u26a1 - Universo Fam\u00edlia\",\"isPartOf\":{\"@id\":\"https:\/\/universofamilia.com\/el\/#website\"},\"primaryImageOfPage\":{\"@id\":\"http:\/\/universofamilia.com\/aumenta-la-vida-util-de-la-bateria-de-tu-telefono\/#primaryimage\"},\"image\":{\"@id\":\"http:\/\/universofamilia.com\/aumenta-la-vida-util-de-la-bateria-de-tu-telefono\/#primaryimage\"},\"thumbnailUrl\":\"http:\/\/universofamilia.com\/wp-content\/uploads\/sites\/148\/2024\/02\/P-550x350-15.jpg\",\"datePublished\":\"2024-02-20T00:57:52+00:00\",\"dateModified\":\"2025-10-05T03:21:42+00:00\",\"author\":{\"@id\":\"https:\/\/universofamilia.com\/el\/#\/schema\/person\/92fcd07e9b1f4323bf74f3170fc0f78a\"},\"description\":\"Aumenta la Vida \u00datil de la Bater\u00eda de tu Tel\u00e9fono\ud83d\udcf1\u26a1. \u00bfAlguna vez has estado en esa situaci\u00f3n en la que tu tel\u00e9fono est\u00e1 a punto de morir\",\"breadcrumb\":{\"@id\":\"http:\/\/universofamilia.com\/aumenta-la-vida-util-de-la-bateria-de-tu-telefono\/#breadcrumb\"},\"inLanguage\":\"hu\",\"potentialAction\":[{\"@type\":\"ReadAction\",\"target\":[\"http:\/\/universofamilia.com\/aumenta-la-vida-util-de-la-bateria-de-tu-telefono\/\"]}]},{\"@type\":\"ImageObject\",\"inLanguage\":\"hu\",\"@id\":\"http:\/\/universofamilia.com\/aumenta-la-vida-util-de-la-bateria-de-tu-telefono\/#primaryimage\",\"url\":\"http:\/\/universofamilia.com\/wp-content\/uploads\/sites\/148\/2024\/02\/P-550x350-15.jpg\",\"contentUrl\":\"http:\/\/universofamilia.com\/wp-content\/uploads\/sites\/148\/2024\/02\/P-550x350-15.jpg\",\"width\":550,\"height\":350,\"caption\":\"Aumenta la Vida \u00datil de la Bater\u00eda de tu Tel\u00e9fono\ud83d\udcf1\u26a1\"},{\"@type\":\"BreadcrumbList\",\"@id\":\"http:\/\/universofamilia.com\/aumenta-la-vida-util-de-la-bateria-de-tu-telefono\/#breadcrumb\",\"itemListElement\":[{\"@type\":\"ListItem\",\"position\":1,\"name\":\"Home\",\"item\":\"https:\/\/universofamilia.com\/el\/\"},{\"@type\":\"ListItem\",\"position\":2,\"name\":\"Aumenta la Vida \u00datil de la Bater\u00eda de tu Tel\u00e9fono\ud83d\udcf1\u26a1\"}]},{\"@type\":\"WebSite\",\"@id\":\"https:\/\/universofamilia.com\/el\/#website\",\"url\":\"https:\/\/universofamilia.com\/el\/\",\"name\":\"Universo Fam\u00edlia\",\"description\":\"\",\"potentialAction\":[{\"@type\":\"SearchAction\",\"target\":{\"@type\":\"EntryPoint\",\"urlTemplate\":\"https:\/\/universofamilia.com\/el\/?s={search_term_string}\"},\"query-input\":\"required name=search_term_string\"}],\"inLanguage\":\"hu\"},{\"@type\":\"Person\",\"@id\":\"https:\/\/universofamilia.com\/el\/#\/schema\/person\/92fcd07e9b1f4323bf74f3170fc0f78a\",\"name\":\"Matheus Sangaletti\",\"image\":{\"@type\":\"ImageObject\",\"inLanguage\":\"hu\",\"@id\":\"https:\/\/universofamilia.com\/el\/#\/schema\/person\/image\/\",\"url\":\"http:\/\/2.gravatar.com\/avatar\/280ea957a14a48e6a1ad2133d2cc27c9?s=96&d=mm&r=g\",\"contentUrl\":\"http:\/\/2.gravatar.com\/avatar\/280ea957a14a48e6a1ad2133d2cc27c9?s=96&d=mm&r=g\",\"caption\":\"Matheus Sangaletti\"},\"url\":\"http:\/\/universofamilia.com\/hu\/author\/matheuss\/\"}]}<\/script>\n<!-- \/ Yoast SEO plugin. -->","yoast_head_json":{"title":"Aumenta la Vida \u00datil de la Bater\u00eda de tu Tel\u00e9fono\ud83d\udcf1\u26a1 - Universo Fam\u00edlia","description":"Aumenta la Vida \u00datil de la Bater\u00eda de tu Tel\u00e9fono\ud83d\udcf1\u26a1. \u00bfAlguna vez has estado en esa situaci\u00f3n en la que tu tel\u00e9fono est\u00e1 a punto de morir","robots":{"index":"index","follow":"follow","max-snippet":"max-snippet:-1","max-image-preview":"max-image-preview:large","max-video-preview":"max-video-preview:-1"},"canonical":"http:\/\/universofamilia.com\/hu\/aumenta-la-vida-util-de-la-bateria-de-tu-telefono\/","og_locale":"hu_HU","og_type":"article","og_title":"Aumenta la Vida \u00datil de la Bater\u00eda de tu Tel\u00e9fono\ud83d\udcf1\u26a1 - Universo Fam\u00edlia","og_description":"Aumenta la Vida \u00datil de la Bater\u00eda de tu Tel\u00e9fono\ud83d\udcf1\u26a1. \u00bfAlguna vez has estado en esa situaci\u00f3n en la que tu tel\u00e9fono est\u00e1 a punto de morir","og_url":"http:\/\/universofamilia.com\/hu\/aumenta-la-vida-util-de-la-bateria-de-tu-telefono\/","og_site_name":"Universo Fam\u00edlia","article_published_time":"2024-02-20T00:57:52+00:00","article_modified_time":"2025-10-05T03:21:42+00:00","og_image":[{"width":550,"height":350,"url":"http:\/\/universofamilia.com\/wp-content\/uploads\/sites\/148\/2024\/02\/P-550x350-15.jpg","type":"image\/jpeg"}],"author":"Matheus Sangaletti","twitter_card":"summary_large_image","twitter_misc":{"Written by":"Matheus Sangaletti","Est. reading time":"4 perc"},"schema":{"@context":"https:\/\/schema.org","@graph":[{"@type":"WebPage","@id":"http:\/\/universofamilia.com\/aumenta-la-vida-util-de-la-bateria-de-tu-telefono\/","url":"http:\/\/universofamilia.com\/aumenta-la-vida-util-de-la-bateria-de-tu-telefono\/","name":"Aumenta la Vida \u00datil de la Bater\u00eda de tu Tel\u00e9fono\ud83d\udcf1\u26a1 - Universo Fam\u00edlia","isPartOf":{"@id":"https:\/\/universofamilia.com\/el\/#website"},"primaryImageOfPage":{"@id":"http:\/\/universofamilia.com\/aumenta-la-vida-util-de-la-bateria-de-tu-telefono\/#primaryimage"},"image":{"@id":"http:\/\/universofamilia.com\/aumenta-la-vida-util-de-la-bateria-de-tu-telefono\/#primaryimage"},"thumbnailUrl":"http:\/\/universofamilia.com\/wp-content\/uploads\/sites\/148\/2024\/02\/P-550x350-15.jpg","datePublished":"2024-02-20T00:57:52+00:00","dateModified":"2025-10-05T03:21:42+00:00","author":{"@id":"https:\/\/universofamilia.com\/el\/#\/schema\/person\/92fcd07e9b1f4323bf74f3170fc0f78a"},"description":"Aumenta la Vida \u00datil de la Bater\u00eda de tu Tel\u00e9fono\ud83d\udcf1\u26a1. \u00bfAlguna vez has estado en esa situaci\u00f3n en la que tu tel\u00e9fono est\u00e1 a punto de morir","breadcrumb":{"@id":"http:\/\/universofamilia.com\/aumenta-la-vida-util-de-la-bateria-de-tu-telefono\/#breadcrumb"},"inLanguage":"hu","potentialAction":[{"@type":"ReadAction","target":["http:\/\/universofamilia.com\/aumenta-la-vida-util-de-la-bateria-de-tu-telefono\/"]}]},{"@type":"ImageObject","inLanguage":"hu","@id":"http:\/\/universofamilia.com\/aumenta-la-vida-util-de-la-bateria-de-tu-telefono\/#primaryimage","url":"http:\/\/universofamilia.com\/wp-content\/uploads\/sites\/148\/2024\/02\/P-550x350-15.jpg","contentUrl":"http:\/\/universofamilia.com\/wp-content\/uploads\/sites\/148\/2024\/02\/P-550x350-15.jpg","width":550,"height":350,"caption":"Aumenta la Vida \u00datil de la Bater\u00eda de tu Tel\u00e9fono\ud83d\udcf1\u26a1"},{"@type":"BreadcrumbList","@id":"http:\/\/universofamilia.com\/aumenta-la-vida-util-de-la-bateria-de-tu-telefono\/#breadcrumb","itemListElement":[{"@type":"ListItem","position":1,"name":"Home","item":"https:\/\/universofamilia.com\/el\/"},{"@type":"ListItem","position":2,"name":"Aumenta la Vida \u00datil de la Bater\u00eda de tu Tel\u00e9fono\ud83d\udcf1\u26a1"}]},{"@type":"WebSite","@id":"https:\/\/universofamilia.com\/el\/#website","url":"https:\/\/universofamilia.com\/el\/","name":"Universo Fam\u00edlia","description":"","potentialAction":[{"@type":"SearchAction","target":{"@type":"EntryPoint","urlTemplate":"https:\/\/universofamilia.com\/el\/?s={search_term_string}"},"query-input":"required name=search_term_string"}],"inLanguage":"hu"},{"@type":"Person","@id":"https:\/\/universofamilia.com\/el\/#\/schema\/person\/92fcd07e9b1f4323bf74f3170fc0f78a","name":"Matheus Sangaletti","image":{"@type":"ImageObject","inLanguage":"hu","@id":"https:\/\/universofamilia.com\/el\/#\/schema\/person\/image\/","url":"http:\/\/2.gravatar.com\/avatar\/280ea957a14a48e6a1ad2133d2cc27c9?s=96&d=mm&r=g","contentUrl":"http:\/\/2.gravatar.com\/avatar\/280ea957a14a48e6a1ad2133d2cc27c9?s=96&d=mm&r=g","caption":"Matheus Sangaletti"},"url":"http:\/\/universofamilia.com\/hu\/author\/matheuss\/"}]}},"_links":{"self":[{"href":"http:\/\/universofamilia.com\/hu\/wp-json\/wp\/v2\/posts\/5254"}],"collection":[{"href":"http:\/\/universofamilia.com\/hu\/wp-json\/wp\/v2\/posts"}],"about":[{"href":"http:\/\/universofamilia.com\/hu\/wp-json\/wp\/v2\/types\/post"}],"author":[{"embeddable":true,"href":"http:\/\/universofamilia.com\/hu\/wp-json\/wp\/v2\/users\/219"}],"replies":[{"embeddable":true,"href":"http:\/\/universofamilia.com\/hu\/wp-json\/wp\/v2\/comments?post=5254"}],"version-history":[{"count":1,"href":"http:\/\/universofamilia.com\/hu\/wp-json\/wp\/v2\/posts\/5254\/revisions"}],"predecessor-version":[{"id":9831,"href":"http:\/\/universofamilia.com\/hu\/wp-json\/wp\/v2\/posts\/5254\/revisions\/9831"}],"wp:featuredmedia":[{"embeddable":true,"href":"http:\/\/universofamilia.com\/hu\/wp-json\/wp\/v2\/media\/5255"}],"wp:attachment":[{"href":"http:\/\/universofamilia.com\/hu\/wp-json\/wp\/v2\/media?parent=5254"}],"wp:term":[{"taxonomy":"category","embeddable":true,"href":"http:\/\/universofamilia.com\/hu\/wp-json\/wp\/v2\/categories?post=5254"},{"taxonomy":"post_tag","embeddable":true,"href":"http:\/\/universofamilia.com\/hu\/wp-json\/wp\/v2\/tags?post=5254"}],"curies":[{"name":"wp","href":"https:\/\/api.w.org\/{rel}","templated":true}]}}