{"id":5274,"date":"2024-02-26T15:23:09","date_gmt":"2024-02-26T15:23:09","guid":{"rendered":"https:\/\/universofamilia.com\/?p=5274"},"modified":"2025-02-07T01:38:27","modified_gmt":"2025-02-07T01:38:27","slug":"protegiendo-a-quienes-amamos","status":"publish","type":"post","link":"http:\/\/universofamilia.com\/hu\/protegiendo-a-quienes-amamos\/","title":{"rendered":"A szeretteink v\u00e9delme"},"content":{"rendered":"<p>\ud83d\udd75\ufe0f\u200d\u2640\ufe0f K\u00e9pzeld el, milyen gy\u00f6trelmes lehet nem tudni, hol vannak a szeretteid, k\u00fcl\u00f6n\u00f6sen egy vesz\u00e9lyekkel teli vil\u00e1gban.<\/p>\n\n\n\n<p>Szerencs\u00e9re a mai technol\u00f3gia megold\u00e1sokat k\u00edn\u00e1l aggodalmainkra \u00e9s szeretteink biztons\u00e1g\u00e1ra.<\/p>\n\n\n\n<p>A telefonsz\u00e1m-k\u00f6vet\u00e9s l\u00e9tfontoss\u00e1g\u00fa eszk\u00f6zz\u00e9 v\u00e1lt szeretteink fenyeget\u00e9sekt\u0151l val\u00f3 v\u00e9delm\u00e9ben, s\u0151t, a p\u00e1rkapcsolati probl\u00e9m\u00e1k elker\u00fcl\u00e9s\u00e9ben is.<\/p>\n\n\n\n<p>Megvizsg\u00e1ljuk ennek a gyakorlatnak a fontoss\u00e1g\u00e1t, \u00e9s azt, hogy hogyan lehet hasznos k\u00fcl\u00f6nb\u00f6z\u0151 helyzetekben.<\/p>\n\n\n\n<h2 class=\"wp-block-heading\"><strong>\ud83d\udc6b Szeretteink v\u00e9delme<\/strong><\/h2>\n\n\n\n<p>Egy olyan vil\u00e1gban, ahol a biztons\u00e1g priorit\u00e1s, a szeretteink telefonsz\u00e1m\u00e1nak nyomon k\u00f6vet\u00e9se elengedhetetlenn\u00e9 v\u00e1lik.<\/p>\n\n\n\n<p>A sz\u00fcl\u0151k sz\u00e1m\u00e1ra a gyermekek tart\u00f3zkod\u00e1si hely\u00e9nek ismerete hat\u00e9kony m\u00f3dja annak, hogy biztons\u00e1gban legyenek a vil\u00e1g felfedez\u00e9se k\u00f6zben.<\/p>\n\n\n\n<p>V\u00e9szhelyzetekben ez a gyakorlat kulcsfontoss\u00e1g\u00fa lehet a gyors \u00e9s hat\u00e9kony reag\u00e1l\u00e1shoz. V\u00e9g\u00fcl is ki ne szeretne biztos lenni gyermekei biztons\u00e1g\u00e1ban?<\/p>\n\n\n\n<h2 class=\"wp-block-heading\">L\u00e1sd m\u00e9g<\/h2>\n\n\n\n<ul class=\"has-medium-font-size\">\n<li class=\"has-medium-font-size\">\ud83d\udcf8\ud83d\uddbc\ufe0f\ud83d\udcf1 <a href=\"https:\/\/universofamilia.com\/hu\/5099\/restaurar-fotos-eliminadas-en-el-telefono-movil\/\">T\u00f6r\u00f6lt fot\u00f3k vissza\u00e1ll\u00edt\u00e1sa mobiltelefonon<\/a><\/li>\n\n\n\n<li class=\"has-medium-font-size\">\ud83d\udc91\u26ea\ufe0f\ud83d\udcd6 <a href=\"https:\/\/universofamilia.com\/hu\/5105\/noviazgo-cristiano-para-toda-la-vida\/\">Kereszt\u00e9ny randev\u00faz\u00e1s egy \u00e9letre<\/a><\/li>\n<\/ul>\n\n\n\n<h2 class=\"wp-block-heading\"><strong>\ud83d\udd0d A h\u0171tlens\u00e9g felfedez\u00e9se a p\u00e1rkapcsolatokban<\/strong><\/h2>\n\n\n\n<p>Sajnos nem minden kapcsolat k\u00f6lcs\u00f6n\u00f6s bizalmon alapul. A telefonsz\u00e1m nyomon k\u00f6vet\u00e9se hasznos eszk\u00f6z lehet a kapcsolatokban el\u0151fordul\u00f3 h\u0171tlens\u00e9g felt\u00e1r\u00e1s\u00e1ban is.<\/p>\n\n\n\n<p>A bizalmatlans\u00e1g al\u00e1\u00e1shatja egy kapcsolat, eljegyz\u00e9s vagy h\u00e1zass\u00e1g alapjait, \u00e9s a partner holl\u00e9t\u00e9nek ellen\u0151rz\u00e9s\u00e9nek lehet\u0151s\u00e9ge megnyugv\u00e1st hozhat, vagy bizonyos esetekben neh\u00e9z igazs\u00e1gokat t\u00e1rhat fel.<\/p>\n\n\n\n<p>A megel\u0151z\u00e9s gyakran kulcsfontoss\u00e1g\u00fa a j\u00f6v\u0151beni probl\u00e9m\u00e1k elker\u00fcl\u00e9s\u00e9hez.<\/p>\n\n\n\n<h2 class=\"wp-block-heading\"><strong>\ud83e\udd14 A megfelel\u0151 alkalmaz\u00e1s kiv\u00e1laszt\u00e1s\u00e1nak fontoss\u00e1ga<\/strong><\/h2>\n\n\n\n<p>Meg\u00e9rtj\u00fck azokat az agg\u00e1lyokat, amelyek felmer\u00fclhetnek a telefonsz\u00e1m-k\u00f6vet\u00e9ssel kapcsolatban. L\u00e9tfontoss\u00e1g\u00fa a megfelel\u0151 eszk\u00f6z kiv\u00e1laszt\u00e1sa, amely egyens\u00falyt teremt az adatv\u00e9delem \u00e9s a biztons\u00e1g k\u00f6z\u00f6tt.<\/p>\n\n\n\n<p>Sok a piacon l\u00e9v\u0151 alkalmaz\u00e1s k\u00edn\u00e1lja ezt a funkci\u00f3t, de n\u00e9h\u00e1ny kiemelkedik a megb\u00edzhat\u00f3s\u00e1g\u00e1val \u00e9s hat\u00e9konys\u00e1g\u00e1val.<\/p>\n\n\n\n<h2 class=\"wp-block-heading\"><strong>\ud83d\ude80 Mit mondanak a felhaszn\u00e1l\u00f3k?<\/strong><\/h2>\n\n\n\n<p>Emberek milli\u00f3i t\u00e1maszkodnak m\u00e1r nyomk\u00f6vet\u0151 alkalmaz\u00e1sokra, hogy biztons\u00e1gban tarts\u00e1k csal\u00e1djukat \u00e9s biztos\u00edts\u00e1k kapcsolataik integrit\u00e1s\u00e1t.<\/p>\n\n\n\n<p>Az \u00e9rt\u00e9kel\u00e9sekben gyakran szerepelnek olyan szavak, mint a \u201emegb\u00edzhat\u00f3\u201d, \u201ehat\u00e9kony\u201d \u00e9s \u201e\u00e9letment\u0151\u201d. Fedezz\u00fcnk fel n\u00e9h\u00e1ny ilyen alkalmaz\u00e1st, \u00e9s azt, hogy mit mondanak r\u00f3luk a felhaszn\u00e1l\u00f3k.<\/p>\n\n\n\n<h2 class=\"wp-block-heading\"><strong>\ud83c\udf10 Eszk\u00f6z keres\u00e9se: A megb\u00edzhat\u00f3 v\u00e1laszt\u00e1s<\/strong><\/h2>\n\n\n\n<p>Az egyik legn\u00e9pszer\u0171bb alkalmaz\u00e1s a \u201eFind My Device\u201d. A leny\u0171g\u00f6z\u0151 4,7 csillagos Google Play \u00e9s 4,8 csillagos App Store \u00e9rt\u00e9kel\u00e9ssel az alkalmaz\u00e1s megb\u00edzhat\u00f3s\u00e1ga tagadhatatlan.<\/p>\n\n\n\n<p>A Google Playen t\u00f6bb mint egymilli\u00e1rd \u00e9rt\u00e9kel\u00e9ssel rendelkez\u0151 felhaszn\u00e1l\u00f3k dics\u00e9rik a pontoss\u00e1g\u00e1t \u00e9s a k\u00f6nny\u0171 haszn\u00e1lhat\u00f3s\u00e1g\u00e1t. Ez az alkalmaz\u00e1s z\u00f6kken\u0151mentes k\u00f6vet\u00e9st biztos\u00edt minden felhaszn\u00e1l\u00f3 sz\u00e1m\u00e1ra.<\/p>\n\n\n\n<h2 class=\"wp-block-heading\"><strong>\ud83d\udccd Life360: Csal\u00e1di biztons\u00e1g<\/strong><\/h2>\n\n\n\n<p>Egy m\u00e1sik n\u00e9pszer\u0171 alkalmaz\u00e1s a \u201eLife360\u201d. A Google Playen 4,5, az App Store-ban pedig 4,7 csillagos \u00e9rt\u00e9kel\u00e9ssel rendelkez\u0151 alkalmaz\u00e1s csal\u00e1dk\u00f6zpont\u00fa megk\u00f6zel\u00edt\u00e9s\u00e9r\u0151l ismert.<\/p>\n\n\n\n<p>T\u00f6bb mint 100 milli\u00f3 \u00e9rt\u00e9kel\u00e9ssel a felhaszn\u00e1l\u00f3k dics\u00e9rik a szeretteikkel val\u00f3 val\u00f3s idej\u0171 kapcsolattart\u00e1s egyszer\u0171s\u00e9g\u00e9t. A Life360 seg\u00edts\u00e9g\u00e9vel a csal\u00e1di biztons\u00e1g egy k\u00e9zn\u00e9l van.<\/p>\n\n\n\n<h2 class=\"wp-block-heading\"><strong>\ud83d\udd10 FamiSafe: Kontroll \u00e9s lelki b\u00e9ke<\/strong><\/h2>\n\n\n\n<p>A gyermekeik online biztons\u00e1ga miatt agg\u00f3d\u00f3 sz\u00fcl\u0151k sz\u00e1m\u00e1ra a FamiSafe j\u00f3 v\u00e1laszt\u00e1s. A Google Playen 4,6 csillagos, az App Store-ban pedig 4,7 csillagos \u00e9rt\u00e9kel\u00e9ssel rendelkez\u0151 alkalmaz\u00e1s hat\u00e9kony sz\u00fcl\u0151i fel\u00fcgyeletet k\u00edn\u00e1l.<\/p>\n\n\n\n<p>T\u00f6bb mint \u00f6tvenmilli\u00f3 \u00e9rt\u00e9kel\u00e9ssel a felhaszn\u00e1l\u00f3k dics\u00e9rik a telefonhaszn\u00e1lat eg\u00e9szs\u00e9ges korl\u00e1tainak be\u00e1ll\u00edt\u00e1s\u00e1nak lehet\u0151s\u00e9g\u00e9t, ami megnyugtatja a sz\u00fcl\u0151ket.<\/p>\n\n\n\n<h2 class=\"wp-block-heading\"><strong>\ud83e\udd10 Az alkalmaz\u00e1snevek sz\u00e1m\u00edtanak, de csak a f\u00e9l\u00fat ut\u00e1n<\/strong><\/h2>\n\n\n\n<p>Most, hogy ismerj\u00fck a rendelkez\u00e9sre \u00e1ll\u00f3 lehet\u0151s\u00e9geket, kulcsfontoss\u00e1g\u00fa meg\u00e9rteni, hogy a megfelel\u0151 alkalmaz\u00e1s kiv\u00e1laszt\u00e1s\u00e1nak \u00e1tgondolt d\u00f6nt\u00e9snek kell lennie.<\/p>\n\n\n\n<p>B\u00e1r kiemelt\u00fcnk n\u00e9h\u00e1ny alkalmaz\u00e1st, a v\u00e9gs\u0151 d\u00f6nt\u00e9st minden felhaszn\u00e1l\u00f3 egyedi ig\u00e9nyei alapj\u00e1n kell meghozni.<\/p>\n\n\n\n<h2 class=\"wp-block-heading\"><strong>\ud83d\udcf2 T\u00f6ltsd le az ide\u00e1lis alkalmaz\u00e1st \u2013 Linkek a cikk v\u00e9g\u00e9n!<\/strong><\/h2>\n\n\n\n<p>Miel\u0151tt belemer\u00fcln\u00e9nk a k\u00f6vet\u00e9s vil\u00e1g\u00e1ba, fontos \u00e1tgondolni az ezzel a gyakorlattal j\u00e1r\u00f3 felel\u0151ss\u00e9get.<\/p>\n\n\n\n<p>Az adatv\u00e9delemnek \u00e9s a biztons\u00e1gnak k\u00e9z a k\u00e9zben kell j\u00e1rnia. Most, hogy t\u00e1j\u00e9koz\u00f3dott a lehet\u0151s\u00e9geir\u0151l, kiv\u00e1laszthatja az \u00d6n ig\u00e9nyeinek \u00e9s agg\u00e1lyainak legink\u00e1bb megfelel\u0151 alkalmaz\u00e1st.<\/p>\n\n\n<div class=\"wp-block-image\">\n<figure class=\"aligncenter size-full\"><img loading=\"lazy\" decoding=\"async\" width=\"550\" height=\"350\" src=\"http:\/\/universofamilia.com\/wp-content\/uploads\/sites\/148\/2024\/02\/P-550x350-2-6.jpg\" alt=\"\" class=\"wp-image-5276\" srcset=\"http:\/\/universofamilia.com\/wp-content\/uploads\/sites\/148\/2024\/02\/P-550x350-2-6.jpg 550w, http:\/\/universofamilia.com\/wp-content\/uploads\/sites\/148\/2024\/02\/P-550x350-2-6-300x191.jpg 300w\" sizes=\"(max-width: 550px) 100vw, 550px\" \/><figcaption class=\"wp-element-caption\">A szeretteink v\u00e9delme<\/figcaption><\/figure><\/div>\n\n\n<h2 class=\"wp-block-heading\"><strong>\ud83d\udc49 K\u00f6vetkeztet\u00e9s: V\u00e9delem \u00e9s kapcsolat<\/strong><\/h2>\n\n\n\n<p>Egy olyan vil\u00e1gban, ahol a technol\u00f3gia jelent\u0151s szerepet j\u00e1tszik az \u00e9let\u00fcnkben, l\u00e9tfontoss\u00e1g\u00fa, hogy olyan m\u00f3don haszn\u00e1ljuk, amely v\u00e9di \u00e9s er\u0151s\u00edti kapcsolatainkat.<\/p>\n\n\n\n<p>A telefonsz\u00e1mok nyomon k\u00f6vet\u00e9se kulcsfontoss\u00e1g\u00fa lehet szeretteink biztons\u00e1g\u00e1nak garant\u00e1l\u00e1s\u00e1ban \u00e9s a kellemetlen meglepet\u00e9sek elker\u00fcl\u00e9s\u00e9ben a p\u00e1rkapcsolatokban.<\/p>\n\n\n\n<p>Ne feledd, a bizalom az alap, de a megel\u0151z\u00e9s a biztons\u00e1gos j\u00f6v\u0151 kulcsa.<\/p>\n\n\n\n<h3 class=\"wp-block-heading\"><strong>\ud83d\udce5 Let\u00f6lt\u00e9si linkek \u2013 Biztos\u00edtsa biztons\u00e1g\u00e1t most!<\/strong><\/h3>\n\n\n\n<ul>\n<li><a href=\"https:\/\/play.google.com\/store\/apps\/details?id=com.google.android.apps.adm&amp;hl=en_US\">Eszk\u00f6zkeres\u0151 (Android)<\/a><\/li>\n\n\n\n<li><a href=\"https:\/\/support.apple.com\/en-us\/102590\">Eszk\u00f6z keres\u00e9se (iOS)<\/a><\/li>\n\n\n\n<li><a href=\"https:\/\/play.google.com\/store\/apps\/details?id=com.life360.android.safetymapd&amp;hl=pt_BR&amp;gl=US\">Life360 (Android)<\/a><\/li>\n\n\n\n<li><a href=\"https:\/\/apps.apple.com\/br\/app\/life360-rastreador-de-celular\/id384830320\">Life360 (iOS)<\/a><\/li>\n\n\n\n<li><a href=\"https:\/\/play.google.com\/store\/apps\/details?id=com.wondershare.famisafe&amp;hl=pt_BR&amp;gl=US\">FamiSafe (Android)<\/a><\/li>\n\n\n\n<li><a href=\"https:\/\/apps.apple.com\/br\/app\/controle-de-pais-famisafe\/id1385417904\">FamiSafe (iOS)<\/a><\/li>\n<\/ul>\n\n\n\n<p>V\u00e9dj, kapcsol\u00f3dj \u00e9s \u00e9lj nyugodtan! \ud83c\udf10\u2728<\/p>","protected":false},"excerpt":{"rendered":"<p>K\u00e9pzeld el a szorong\u00e1st, amikor nem tudod, hol vannak a szeretteid, k\u00fcl\u00f6n\u00f6sen egy vesz\u00e9lyekkel teli vil\u00e1gban. Szerencs\u00e9re a mai technol\u00f3gia megold\u00e1sokat k\u00edn\u00e1l aggodalmainkra \u00e9s szeretteink biztons\u00e1g\u00e1ra. A telefonsz\u00e1m nyomon k\u00f6vet\u00e9se l\u00e9tfontoss\u00e1g\u00fa eszk\u00f6zz\u00e9 v\u00e1lt szeretteink v\u00e9delm\u00e9ben [\u2026]<\/p>","protected":false},"author":139,"featured_media":5276,"comment_status":"closed","ping_status":"open","sticky":false,"template":"","format":"standard","meta":{"footnotes":""},"categories":[5],"tags":[1282,1326,1340],"yoast_head":"<!-- This site is optimized with the Yoast SEO plugin v23.3 - https:\/\/yoast.com\/wordpress\/plugins\/seo\/ -->\n<title>Protegiendo a Quienes Amamos - Universo Fam\u00edlia<\/title>\n<meta name=\"description\" content=\"Protegiendo a Quienes Amamos. \ud83d\udd75\ufe0f\u200d\u2640\ufe0f Imagina la angustia de no saber d\u00f3nde est\u00e1n tus seres queridos, especialmente en un mundo lleno...\" \/>\n<meta name=\"robots\" content=\"index, follow, max-snippet:-1, max-image-preview:large, max-video-preview:-1\" \/>\n<link rel=\"canonical\" href=\"http:\/\/universofamilia.com\/hu\/\u4fdd\u8b77\u6211\u5011\u6240\u611b\u7684\u4eba\/\" \/>\n<meta property=\"og:locale\" content=\"hu_HU\" \/>\n<meta property=\"og:type\" content=\"article\" \/>\n<meta property=\"og:title\" content=\"Protegiendo a Quienes Amamos - Universo Fam\u00edlia\" \/>\n<meta property=\"og:description\" content=\"Protegiendo a Quienes Amamos. \ud83d\udd75\ufe0f\u200d\u2640\ufe0f Imagina la angustia de no saber d\u00f3nde est\u00e1n tus seres queridos, especialmente en un mundo lleno...\" \/>\n<meta property=\"og:url\" content=\"http:\/\/universofamilia.com\/hu\/\u4fdd\u8b77\u6211\u5011\u6240\u611b\u7684\u4eba\/\" \/>\n<meta property=\"og:site_name\" content=\"Universo Fam\u00edlia\" \/>\n<meta property=\"article:published_time\" content=\"2024-02-26T15:23:09+00:00\" \/>\n<meta property=\"article:modified_time\" content=\"2025-02-07T01:38:27+00:00\" \/>\n<meta property=\"og:image\" content=\"http:\/\/universofamilia.com\/wp-content\/uploads\/sites\/148\/2024\/02\/P-550x350-2-6.jpg\" \/>\n\t<meta property=\"og:image:width\" content=\"550\" \/>\n\t<meta property=\"og:image:height\" content=\"350\" \/>\n\t<meta property=\"og:image:type\" content=\"image\/jpeg\" \/>\n<meta name=\"author\" content=\"Pedro Henrique\" \/>\n<meta name=\"twitter:card\" content=\"summary_large_image\" \/>\n<meta name=\"twitter:label1\" content=\"Written by\" \/>\n\t<meta name=\"twitter:data1\" content=\"Pedro Henrique\" \/>\n\t<meta name=\"twitter:label2\" content=\"Est. reading time\" \/>\n\t<meta name=\"twitter:data2\" content=\"5 perc\" \/>\n<script type=\"application\/ld+json\" class=\"yoast-schema-graph\">{\"@context\":\"https:\/\/schema.org\",\"@graph\":[{\"@type\":\"WebPage\",\"@id\":\"http:\/\/universofamilia.com\/zh_hk\/\u4fdd\u8b77\u6211\u5011\u6240\u611b\u7684\u4eba\/\",\"url\":\"http:\/\/universofamilia.com\/zh_hk\/\u4fdd\u8b77\u6211\u5011\u6240\u611b\u7684\u4eba\/\",\"name\":\"Protegiendo a Quienes Amamos - Universo Fam\u00edlia\",\"isPartOf\":{\"@id\":\"https:\/\/universofamilia.com\/el\/#website\"},\"primaryImageOfPage\":{\"@id\":\"http:\/\/universofamilia.com\/zh_hk\/\u4fdd\u8b77\u6211\u5011\u6240\u611b\u7684\u4eba\/#primaryimage\"},\"image\":{\"@id\":\"http:\/\/universofamilia.com\/zh_hk\/\u4fdd\u8b77\u6211\u5011\u6240\u611b\u7684\u4eba\/#primaryimage\"},\"thumbnailUrl\":\"http:\/\/universofamilia.com\/wp-content\/uploads\/sites\/148\/2024\/02\/P-550x350-2-6.jpg\",\"datePublished\":\"2024-02-26T15:23:09+00:00\",\"dateModified\":\"2025-02-07T01:38:27+00:00\",\"author\":{\"@id\":\"https:\/\/universofamilia.com\/el\/#\/schema\/person\/f07ce98187dd84d31154262e79b3b7ca\"},\"description\":\"Protegiendo a Quienes Amamos. \ud83d\udd75\ufe0f\u200d\u2640\ufe0f Imagina la angustia de no saber d\u00f3nde est\u00e1n tus seres queridos, especialmente en un mundo lleno...\",\"breadcrumb\":{\"@id\":\"http:\/\/universofamilia.com\/zh_hk\/\u4fdd\u8b77\u6211\u5011\u6240\u611b\u7684\u4eba\/#breadcrumb\"},\"inLanguage\":\"hu\",\"potentialAction\":[{\"@type\":\"ReadAction\",\"target\":[\"http:\/\/universofamilia.com\/zh_hk\/\u4fdd\u8b77\u6211\u5011\u6240\u611b\u7684\u4eba\/\"]}]},{\"@type\":\"ImageObject\",\"inLanguage\":\"hu\",\"@id\":\"http:\/\/universofamilia.com\/zh_hk\/\u4fdd\u8b77\u6211\u5011\u6240\u611b\u7684\u4eba\/#primaryimage\",\"url\":\"http:\/\/universofamilia.com\/wp-content\/uploads\/sites\/148\/2024\/02\/P-550x350-2-6.jpg\",\"contentUrl\":\"http:\/\/universofamilia.com\/wp-content\/uploads\/sites\/148\/2024\/02\/P-550x350-2-6.jpg\",\"width\":550,\"height\":350,\"caption\":\"Protegiendo a Quienes Amamos\"},{\"@type\":\"BreadcrumbList\",\"@id\":\"http:\/\/universofamilia.com\/zh_hk\/\u4fdd\u8b77\u6211\u5011\u6240\u611b\u7684\u4eba\/#breadcrumb\",\"itemListElement\":[{\"@type\":\"ListItem\",\"position\":1,\"name\":\"Home\",\"item\":\"https:\/\/universofamilia.com\/el\/\"},{\"@type\":\"ListItem\",\"position\":2,\"name\":\"Protegiendo a Quienes Amamos\"}]},{\"@type\":\"WebSite\",\"@id\":\"https:\/\/universofamilia.com\/el\/#website\",\"url\":\"https:\/\/universofamilia.com\/el\/\",\"name\":\"Universo Fam\u00edlia\",\"description\":\"\",\"potentialAction\":[{\"@type\":\"SearchAction\",\"target\":{\"@type\":\"EntryPoint\",\"urlTemplate\":\"https:\/\/universofamilia.com\/el\/?s={search_term_string}\"},\"query-input\":\"required name=search_term_string\"}],\"inLanguage\":\"hu\"},{\"@type\":\"Person\",\"@id\":\"https:\/\/universofamilia.com\/el\/#\/schema\/person\/f07ce98187dd84d31154262e79b3b7ca\",\"name\":\"Pedro Henrique\",\"image\":{\"@type\":\"ImageObject\",\"inLanguage\":\"hu\",\"@id\":\"https:\/\/universofamilia.com\/el\/#\/schema\/person\/image\/\",\"url\":\"http:\/\/0.gravatar.com\/avatar\/9edfeb808cb4e1599f64d6e45b130154?s=96&d=mm&r=g\",\"contentUrl\":\"http:\/\/0.gravatar.com\/avatar\/9edfeb808cb4e1599f64d6e45b130154?s=96&d=mm&r=g\",\"caption\":\"Pedro Henrique\"},\"url\":\"http:\/\/universofamilia.com\/hu\/author\/editor01\/\"}]}<\/script>\n<!-- \/ Yoast SEO plugin. -->","yoast_head_json":{"title":"Protegiendo a Quienes Amamos - Universo Fam\u00edlia","description":"Protegiendo a Quienes Amamos. \ud83d\udd75\ufe0f\u200d\u2640\ufe0f Imagina la angustia de no saber d\u00f3nde est\u00e1n tus seres queridos, especialmente en un mundo lleno...","robots":{"index":"index","follow":"follow","max-snippet":"max-snippet:-1","max-image-preview":"max-image-preview:large","max-video-preview":"max-video-preview:-1"},"canonical":"http:\/\/universofamilia.com\/hu\/\u4fdd\u8b77\u6211\u5011\u6240\u611b\u7684\u4eba\/","og_locale":"hu_HU","og_type":"article","og_title":"Protegiendo a Quienes Amamos - Universo Fam\u00edlia","og_description":"Protegiendo a Quienes Amamos. \ud83d\udd75\ufe0f\u200d\u2640\ufe0f Imagina la angustia de no saber d\u00f3nde est\u00e1n tus seres queridos, especialmente en un mundo lleno...","og_url":"http:\/\/universofamilia.com\/hu\/\u4fdd\u8b77\u6211\u5011\u6240\u611b\u7684\u4eba\/","og_site_name":"Universo Fam\u00edlia","article_published_time":"2024-02-26T15:23:09+00:00","article_modified_time":"2025-02-07T01:38:27+00:00","og_image":[{"width":550,"height":350,"url":"http:\/\/universofamilia.com\/wp-content\/uploads\/sites\/148\/2024\/02\/P-550x350-2-6.jpg","type":"image\/jpeg"}],"author":"Pedro Henrique","twitter_card":"summary_large_image","twitter_misc":{"Written by":"Pedro Henrique","Est. reading time":"5 perc"},"schema":{"@context":"https:\/\/schema.org","@graph":[{"@type":"WebPage","@id":"http:\/\/universofamilia.com\/zh_hk\/\u4fdd\u8b77\u6211\u5011\u6240\u611b\u7684\u4eba\/","url":"http:\/\/universofamilia.com\/zh_hk\/\u4fdd\u8b77\u6211\u5011\u6240\u611b\u7684\u4eba\/","name":"Protegiendo a Quienes Amamos - Universo Fam\u00edlia","isPartOf":{"@id":"https:\/\/universofamilia.com\/el\/#website"},"primaryImageOfPage":{"@id":"http:\/\/universofamilia.com\/zh_hk\/\u4fdd\u8b77\u6211\u5011\u6240\u611b\u7684\u4eba\/#primaryimage"},"image":{"@id":"http:\/\/universofamilia.com\/zh_hk\/\u4fdd\u8b77\u6211\u5011\u6240\u611b\u7684\u4eba\/#primaryimage"},"thumbnailUrl":"http:\/\/universofamilia.com\/wp-content\/uploads\/sites\/148\/2024\/02\/P-550x350-2-6.jpg","datePublished":"2024-02-26T15:23:09+00:00","dateModified":"2025-02-07T01:38:27+00:00","author":{"@id":"https:\/\/universofamilia.com\/el\/#\/schema\/person\/f07ce98187dd84d31154262e79b3b7ca"},"description":"Protegiendo a Quienes Amamos. \ud83d\udd75\ufe0f\u200d\u2640\ufe0f Imagina la angustia de no saber d\u00f3nde est\u00e1n tus seres queridos, especialmente en un mundo lleno...","breadcrumb":{"@id":"http:\/\/universofamilia.com\/zh_hk\/\u4fdd\u8b77\u6211\u5011\u6240\u611b\u7684\u4eba\/#breadcrumb"},"inLanguage":"hu","potentialAction":[{"@type":"ReadAction","target":["http:\/\/universofamilia.com\/zh_hk\/\u4fdd\u8b77\u6211\u5011\u6240\u611b\u7684\u4eba\/"]}]},{"@type":"ImageObject","inLanguage":"hu","@id":"http:\/\/universofamilia.com\/zh_hk\/\u4fdd\u8b77\u6211\u5011\u6240\u611b\u7684\u4eba\/#primaryimage","url":"http:\/\/universofamilia.com\/wp-content\/uploads\/sites\/148\/2024\/02\/P-550x350-2-6.jpg","contentUrl":"http:\/\/universofamilia.com\/wp-content\/uploads\/sites\/148\/2024\/02\/P-550x350-2-6.jpg","width":550,"height":350,"caption":"Protegiendo a Quienes Amamos"},{"@type":"BreadcrumbList","@id":"http:\/\/universofamilia.com\/zh_hk\/\u4fdd\u8b77\u6211\u5011\u6240\u611b\u7684\u4eba\/#breadcrumb","itemListElement":[{"@type":"ListItem","position":1,"name":"Home","item":"https:\/\/universofamilia.com\/el\/"},{"@type":"ListItem","position":2,"name":"Protegiendo a Quienes Amamos"}]},{"@type":"WebSite","@id":"https:\/\/universofamilia.com\/el\/#website","url":"https:\/\/universofamilia.com\/el\/","name":"Universo Fam\u00edlia","description":"","potentialAction":[{"@type":"SearchAction","target":{"@type":"EntryPoint","urlTemplate":"https:\/\/universofamilia.com\/el\/?s={search_term_string}"},"query-input":"required name=search_term_string"}],"inLanguage":"hu"},{"@type":"Person","@id":"https:\/\/universofamilia.com\/el\/#\/schema\/person\/f07ce98187dd84d31154262e79b3b7ca","name":"Pedro Henrique","image":{"@type":"ImageObject","inLanguage":"hu","@id":"https:\/\/universofamilia.com\/el\/#\/schema\/person\/image\/","url":"http:\/\/0.gravatar.com\/avatar\/9edfeb808cb4e1599f64d6e45b130154?s=96&d=mm&r=g","contentUrl":"http:\/\/0.gravatar.com\/avatar\/9edfeb808cb4e1599f64d6e45b130154?s=96&d=mm&r=g","caption":"Pedro Henrique"},"url":"http:\/\/universofamilia.com\/hu\/author\/editor01\/"}]}},"_links":{"self":[{"href":"http:\/\/universofamilia.com\/hu\/wp-json\/wp\/v2\/posts\/5274"}],"collection":[{"href":"http:\/\/universofamilia.com\/hu\/wp-json\/wp\/v2\/posts"}],"about":[{"href":"http:\/\/universofamilia.com\/hu\/wp-json\/wp\/v2\/types\/post"}],"author":[{"embeddable":true,"href":"http:\/\/universofamilia.com\/hu\/wp-json\/wp\/v2\/users\/139"}],"replies":[{"embeddable":true,"href":"http:\/\/universofamilia.com\/hu\/wp-json\/wp\/v2\/comments?post=5274"}],"version-history":[{"count":1,"href":"http:\/\/universofamilia.com\/hu\/wp-json\/wp\/v2\/posts\/5274\/revisions"}],"predecessor-version":[{"id":8600,"href":"http:\/\/universofamilia.com\/hu\/wp-json\/wp\/v2\/posts\/5274\/revisions\/8600"}],"wp:featuredmedia":[{"embeddable":true,"href":"http:\/\/universofamilia.com\/hu\/wp-json\/wp\/v2\/media\/5276"}],"wp:attachment":[{"href":"http:\/\/universofamilia.com\/hu\/wp-json\/wp\/v2\/media?parent=5274"}],"wp:term":[{"taxonomy":"category","embeddable":true,"href":"http:\/\/universofamilia.com\/hu\/wp-json\/wp\/v2\/categories?post=5274"},{"taxonomy":"post_tag","embeddable":true,"href":"http:\/\/universofamilia.com\/hu\/wp-json\/wp\/v2\/tags?post=5274"}],"curies":[{"name":"wp","href":"https:\/\/api.w.org\/{rel}","templated":true}]}}