{"id":5396,"date":"2024-03-15T00:33:56","date_gmt":"2024-03-15T00:33:56","guid":{"rendered":"https:\/\/universofamilia.com\/?p=5396"},"modified":"2025-10-13T18:44:38","modified_gmt":"2025-10-13T21:44:38","slug":"descubre-el-mundo-oculto-de-la-noche-con-tu-celular","status":"publish","type":"post","link":"http:\/\/universofamilia.com\/hu\/descubre-el-mundo-oculto-de-la-noche-con-tu-celular\/","title":{"rendered":"\ud83d\udd26 Fedezd fel az \u00e9jszaka rejtett vil\u00e1g\u00e1t a mobiltelefonoddal! \ud83d\udd26"},"content":{"rendered":"<p>\ud83d\udd26 Fedezd fel az \u00e9jszaka rejtett vil\u00e1g\u00e1t a mobiltelefonoddal! \ud83d\udd26 Elk\u00e9pzelted m\u00e1r, hogy \u00fagy l\u00e1tsz a s\u00f6t\u00e9tben, mintha nappal lenne?<\/p>\n\n\n\n<p>Igen, most m\u00e1r lehets\u00e9ges! \u00c9s ami a legjobb: k\u00f6zvetlen\u00fcl a mobiltelefonodr\u00f3l.<\/p>\n\n\n\n<p>\ud83d\udcf1 Ebben a cikkben az \u00e9jjell\u00e1t\u00f3 alkalmaz\u00e1sok fontoss\u00e1g\u00e1t \u00e9s \u00e9lvezet\u00e9t vizsg\u00e1ljuk meg, amelyek megv\u00e9dhetik csal\u00e1dodat \u00e9s m\u00e9g izgalmasabb\u00e1 tehetik az \u00e9jszakai kalandokat.<\/p>\n\n\n\n<p>\u00c9s ami a legjobb az eg\u00e9szben, ezeket a fantasztikus alkalmaz\u00e1sokat k\u00f6zvetlen\u00fcl alul let\u00f6ltheted. \ud83d\ude09<\/p>\n\n\n\n<h2 class=\"wp-block-heading\">\ud83c\udf19 Mi\u00e9rt fontos az \u00e9jjell\u00e1t\u00f3 a telefonodon?<\/h2>\n\n\n\n<p>N\u00e9zz\u00fcnk szembe a t\u00e9nyekkel, a s\u00f6t\u00e9ts\u00e9g ijeszt\u0151 tud lenni. Ak\u00e1r a csal\u00e1dod biztons\u00e1g\u00e1r\u00f3l van sz\u00f3, ak\u00e1r \u00faj helyeket fedezel fel \u00e9jszaka, a s\u00f6t\u00e9tben val\u00f3 l\u00e1t\u00e1s hatalmas el\u0151ny.<\/p>\n\n\n\n<p>K\u00e9pzeld el, hogy v\u00e9gigs\u00e9t\u00e1lsz egy s\u00f6t\u00e9t utc\u00e1n, \u00e9s \u00e9szreveszed a k\u00f6r\u00fcl\u00f6tted l\u00e9v\u0151 r\u00e9szleteket, vagy ak\u00e1r elk\u00e9sz\u00edted azt a leny\u0171g\u00f6z\u0151 fot\u00f3t an\u00e9lk\u00fcl, hogy az a vaku miatt elmos\u00f3dott lenne.<\/p>\n\n\n\n<p>A telefonod \u00e9jjell\u00e1t\u00f3 funkci\u00f3j\u00e1val mindez lehets\u00e9ges.<\/p>\n\n\n\n<h2 class=\"wp-block-heading\">L\u00e1sd m\u00e9g<\/h2>\n\n\n\n<p class=\"has-medium-font-size\"><\/p>\n\n\n\n<ul class=\"has-medium-font-size\">\n<li class=\"has-medium-font-size\">\ud83d\udd0d\ud83d\udd75\ufe0f\u200d\u2640\ufe0f\ud83d\udd12 <a href=\"https:\/\/universofamilia.com\/hu\/5338\/las-aplicaciones-que-han-revolucionado-el-supermercado\/\">Az alkalmaz\u00e1sok, amelyek forradalmas\u00edtott\u00e1k a szupermarketeket!<\/a><\/li>\n\n\n\n<li class=\"has-medium-font-size\">\ud83d\udcf8\ud83d\uddbc\ufe0f\ud83d\udcf1 <a href=\"https:\/\/universofamilia.com\/hu\/5099\/restaurar-fotos-eliminadas-en-el-telefono-movil\/\">T\u00f6r\u00f6lt fot\u00f3k vissza\u00e1ll\u00edt\u00e1sa mobiltelefonon<\/a><\/li>\n\n\n\n<li class=\"has-medium-font-size\">\ud83d\udc91\u26ea\ufe0f\ud83d\udcd6 <a href=\"https:\/\/universofamilia.com\/hu\/5105\/noviazgo-cristiano-para-toda-la-vida\/\">Kereszt\u00e9ny randev\u00faz\u00e1s egy \u00e9letre<\/a><\/li>\n<\/ul>\n\n\n\n<h2 class=\"wp-block-heading\">\ud83d\udd0d Hogyan m\u0171k\u00f6dnek az \u00e9jjell\u00e1t\u00f3 alkalmaz\u00e1sok?<\/h2>\n\n\n\n<p>Az \u00e9jjell\u00e1t\u00f3 alkalmaz\u00e1sok intelligens algoritmusokat haszn\u00e1lnak a rendelkez\u00e9sre \u00e1ll\u00f3 f\u00e9ny feler\u0151s\u00edt\u00e9s\u00e9re, lehet\u0151v\u00e9 t\u00e9ve a tiszt\u00e1n l\u00e1t\u00e1st gyenge f\u00e9nyviszonyok k\u00f6z\u00f6tt is.<\/p>\n\n\n\n<p>N\u00e9h\u00e1ny koppint\u00e1ssal a telefonod k\u00e9perny\u0151j\u00e9n a s\u00f6t\u00e9ts\u00e9get vil\u00e1gos, \u00e9l\u00e9nk l\u00e1tv\u00e1nny\u00e1 var\u00e1zsolhatod. \u00c9s ami a legjobb, k\u00f6nnyen \u00e9s sz\u00f3rakoztat\u00f3an haszn\u00e1lhat\u00f3!<\/p>\n\n\n\n<h2 class=\"wp-block-heading\">\ud83d\udca1 Alkalmaz\u00e1sok, amelyek \u00e9jszak\u00e1t nappall\u00e1 v\u00e1ltoztatnak<\/h2>\n\n\n\n<p>Most, hogy meg\u00e9rtette az \u00e9jjell\u00e1t\u00f3 funkci\u00f3 fontoss\u00e1g\u00e1t, besz\u00e9lj\u00fcnk azokr\u00f3l az alkalmaz\u00e1sokr\u00f3l, amelyekkel telefonj\u00e1t hat\u00e9kony eszk\u00f6zz\u00e9 alak\u00edthatja a s\u00f6t\u00e9tben val\u00f3 l\u00e1t\u00e1shoz.<\/p>\n\n\n\n<p>De v\u00e1rjunk csak egy pillanatot, miel\u0151tt felfedn\u00e9nk ezeknek a technol\u00f3giai csod\u00e1knak a nev\u00e9t, n\u00e9zz\u00fck meg egy kicsit jobban, mit mondanak r\u00f3luk a felhaszn\u00e1l\u00f3k.<\/p>\n\n\n\n<h2 class=\"wp-block-heading\">\ud83d\udc65 Felhaszn\u00e1l\u00f3i v\u00e9lem\u00e9nyek<\/h2>\n\n\n\n<p>A vil\u00e1g minden t\u00e1j\u00e1n a felhaszn\u00e1l\u00f3k dics\u00e9rik ezeket az \u00e9jjell\u00e1t\u00f3 alkalmaz\u00e1sokat hat\u00e9konys\u00e1guk\u00e9rt \u00e9s k\u00f6nny\u0171 haszn\u00e1latuk\u00e9rt.<\/p>\n\n\n\n<ul>\n<li>Jo\u00e3o S. el van ragadtatva a \u201ehihetetlen \u00e9jszakai fot\u00f3kt\u00f3l\u201d, m\u00edg Maria B. \u00fcnnepli, hogy \u201ev\u00e9gre vaku n\u00e9lk\u00fcl k\u00e9sz\u00edthet \u00e9jszakai fot\u00f3kat\u201d.<\/li>\n\n\n\n<li>Pedro A. \u201egarant\u00e1ltan sz\u00f3rakoztat\u00f3nak tal\u00e1lta a sz\u0171r\u0151ket\u201d, Ana C. pedig az alkalmaz\u00e1st \u201e\u00e9jszakai \u00e1llatok megfigyel\u00e9s\u00e9re\u201d haszn\u00e1lja.<\/li>\n\n\n\n<li>Bruno D. dics\u00e9rte a \u201etiszt\u00e1bb \u00e9s \u00e9lesebb \u00e9jszakai fot\u00f3kat\u201d, Clara F. pedig kiemelte, hogy \u201ek\u00f6nnyen haszn\u00e1lhat\u00f3 \u00e9s j\u00f3 eredm\u00e9nyeket produk\u00e1l\u201d.<\/li>\n<\/ul>\n\n\n\n<p>Most, hogy tudod, mit mondanak a felhaszn\u00e1l\u00f3k ezekr\u0151l az alkalmaz\u00e1sokr\u00f3l, itt az ideje, hogy felfedd a nev\u00fcket \u00e9s megadd a let\u00f6lt\u00e9si linkeket. \ud83d\ude0e<\/p>\n\n\n\n<h2 class=\"wp-block-heading\">\ud83d\udcf1 A legjobb \u00e9jjell\u00e1t\u00f3 alkalmaz\u00e1sok<\/h2>\n\n\n\n<ol>\n<li><strong>\u00c9jszakai kamera:<\/strong> Ez az alkalmaz\u00e1s jav\u00edtja a f\u00e9nyk\u00e9pek \u00e9s vide\u00f3k min\u0151s\u00e9g\u00e9t gyenge f\u00e9nyviszonyok mellett. T\u00f6bb milli\u00f3 pozit\u00edv \u00e9rt\u00e9kel\u00e9ssel megb\u00edzhat\u00f3 v\u00e1laszt\u00e1s az eml\u00e9kezetes \u00e9jszakai pillanatok meg\u00f6r\u00f6k\u00edt\u00e9s\u00e9hez.<\/li>\n\n\n\n<li><strong>\u00c9jjell\u00e1t\u00f3 kamera:<\/strong> Ha sz\u00f3rakoz\u00e1sra v\u00e1gysz az \u00e9jjell\u00e1t\u00f3 sz\u0171r\u0151kkel \u00e9s effektekkel, akkor ez az alkalmaz\u00e1s neked val\u00f3. A sz\u00e9lesk\u00f6r\u0171 opci\u00f3knak k\u00f6sz\u00f6nhet\u0151en k\u00fcl\u00f6nb\u00f6z\u0151 \u00e9jjell\u00e1t\u00f3 \u00e9lm\u00e9nyeket \u00e9lvezhetsz.<\/li>\n\n\n\n<li><strong>\u00c9jszakai m\u00f3d\u00fa kamera:<\/strong> Ez az alkalmaz\u00e1s k\u00fcl\u00f6n \u00e9jszakai m\u00f3dot k\u00edn\u00e1l f\u00e9nyk\u00e9pekhez \u00e9s vide\u00f3khoz, \u00edgy tiszta \u00e9s \u00e9les eredm\u00e9nyeket biztos\u00edt. K\u00f6nnyen haszn\u00e1lhat\u00f3 \u00e9s magas felhaszn\u00e1l\u00f3i \u00e9rt\u00e9kel\u00e9ssel rendelkezik, \u00edgy kiv\u00e1l\u00f3 v\u00e1laszt\u00e1s azok sz\u00e1m\u00e1ra, akik a k\u00e9nyelmet \u00e9s a min\u0151s\u00e9get keresik.<\/li>\n<\/ol>\n\n\n<div class=\"wp-block-image\">\n<figure class=\"aligncenter size-full\"><img loading=\"lazy\" decoding=\"async\" width=\"550\" height=\"350\" src=\"http:\/\/universofamilia.com\/wp-content\/uploads\/sites\/148\/2024\/03\/P-550x350-1-5.jpg\" alt=\"\" class=\"wp-image-5397\" srcset=\"http:\/\/universofamilia.com\/wp-content\/uploads\/sites\/148\/2024\/03\/P-550x350-1-5.jpg 550w, http:\/\/universofamilia.com\/wp-content\/uploads\/sites\/148\/2024\/03\/P-550x350-1-5-300x191.jpg 300w\" sizes=\"(max-width: 550px) 100vw, 550px\" \/><figcaption class=\"wp-element-caption\">\ud83d\udd26 Fedezd fel az \u00e9jszaka rejtett vil\u00e1g\u00e1t a mobiltelefonoddal! \ud83d\udd26<\/figcaption><\/figure><\/div>\n\n\n<h2 class=\"wp-block-heading\">\ud83c\udf1f Konkl\u00fazi\u00f3: L\u00e1sd a vil\u00e1got m\u00e1sk\u00e9pp<\/h2>\n\n\n\n<p>Ezekkel az \u00e9jjell\u00e1t\u00f3 alkalmaz\u00e1sokkal soha t\u00f6bb\u00e9 nem kell agg\u00f3dnod a s\u00f6t\u00e9tben val\u00f3 l\u00e1t\u00e1s miatt.<\/p>\n\n\n\n<p>Ak\u00e1r k\u00fcl\u00f6nleges pillanatokat \u00f6r\u00f6k\u00edtesz meg, ak\u00e1r a csal\u00e1dod biztons\u00e1g\u00e1r\u00f3l gondoskodsz, a s\u00f6t\u00e9tben val\u00f3 l\u00e1t\u00e1s sokat sz\u00e1m\u00edt.<\/p>\n\n\n\n<p>Sz\u00f3val ne vesztegess t\u00f6bb id\u0151t, \u00e9s t\u00f6ltsd le ezeket a csod\u00e1latos alkalmaz\u00e1sokat most!<\/p>\n\n\n\n<p>\ud83d\udcf2 <strong>Let\u00f6lt\u00e9si linkek:<\/strong><\/p>\n\n\n\n<ul>\n<li><strong>Android:<\/strong> <a href=\"https:\/\/play.google.com\/store\/apps\/details?id=com.haraarusowo.nigcammodhdpho&amp;hl=pt_BR&amp;gl=US\">\u00c9jszakai kamera<\/a>, <a href=\"https:\/\/play.google.com\/store\/apps\/details?id=com.white_night.nightvisioncamera&amp;hl=pt_BR&amp;gl=US\">\u00c9jjell\u00e1t\u00f3 kamera<\/a>, <a href=\"https:\/\/play.google.com\/store\/apps\/details?id=com.white_night.nightvisioncamera&amp;hl=en_US\">\u00c9jszakai m\u00f3d\u00fa kamera<\/a><\/li>\n\n\n\n<li><strong>iOS:<\/strong> <a href=\"https:\/\/apps.apple.com\/br\/app\/night-camera-fotos-noturna\/id843439749\">\u00c9jszakai kamera<\/a>, <a href=\"https:\/\/apps.apple.com\/br\/app\/night-camera-fotos-noturna\/id843439749\">\u00c9jjell\u00e1t\u00f3 kamera<\/a>, <a href=\"https:\/\/apps.apple.com\/br\/app\/nightcam-c%C3%A2mera-modo-noturno\/id1485217423\">\u00c9jszakai m\u00f3d\u00fa kamera<\/a><\/li>\n<\/ul>\n\n\n\n<p>Ne habozz kipr\u00f3b\u00e1lni ezeket az alkalmaz\u00e1sokat, \u00e9s fedezz fel egy teljesen \u00faj vil\u00e1got \u00e9jszaka.<\/p>\n\n\n\n<p>\u00c9s ne feledd, az \u00e9jjell\u00e1t\u00f3 min\u0151s\u00e9ge a telefon hardver\u00e9t\u0151l f\u00fcgg\u0151en v\u00e1ltozhat, ez\u00e9rt v\u00e1s\u00e1rl\u00e1s el\u0151tt mindenk\u00e9ppen teszteld az alkalmaz\u00e1sokat.<\/p>\n\n\n\n<p>J\u00f3 sz\u00f3rakoz\u00e1st az \u00e9jszaka felfedez\u00e9s\u00e9hez! \ud83c\udf0c<\/p>","protected":false},"excerpt":{"rendered":"<p>\ud83d\udd26 Fedezd fel az \u00e9jszaka rejtett vil\u00e1g\u00e1t a mobiltelefonoddal! \ud83d\udd26 Elk\u00e9pzelted m\u00e1r, hogy a s\u00f6t\u00e9tben \u00fagy l\u00e1tsz majd, mintha nappal lenne? Igen, most m\u00e1r lehets\u00e9ges! \u00c9s ami a legjobb: k\u00f6zvetlen\u00fcl a mobiltelefonodr\u00f3l. \ud83d\udcf1 Ebben a cikkben a [\u2026] fontoss\u00e1g\u00e1t \u00e9s \u00e9lvezet\u00e9t fogjuk felfedezni.<\/p>","protected":false},"author":218,"featured_media":5397,"comment_status":"closed","ping_status":"open","sticky":false,"template":"","format":"standard","meta":{"footnotes":""},"categories":[2],"tags":[14,112,1706],"yoast_head":"<!-- This site is optimized with the Yoast SEO plugin v23.3 - https:\/\/yoast.com\/wordpress\/plugins\/seo\/ -->\n<title>\ud83d\udd26 \u00a1Descubre el Mundo Oculto de la Noche con tu Celular! \ud83d\udd26 - Universo Fam\u00edlia<\/title>\n<meta name=\"description\" content=\"\ud83d\udd26 \u00a1Descubre el Mundo Oculto de la Noche con tu Celular! \ud83d\udd26. \u00bfAlguna vez has imaginado poder ver en la oscuridad como...\" \/>\n<meta name=\"robots\" content=\"index, follow, max-snippet:-1, max-image-preview:large, max-video-preview:-1\" \/>\n<link rel=\"canonical\" href=\"https:\/\/universofamilia.com\/hu\/descubre-el-mundo-oculto-de-la-noche-con-tu-celular\/\" \/>\n<meta property=\"og:locale\" content=\"hu_HU\" \/>\n<meta property=\"og:type\" content=\"article\" \/>\n<meta property=\"og:title\" content=\"\ud83d\udd26 \u00a1Descubre el Mundo Oculto de la Noche con tu Celular! \ud83d\udd26 - Universo Fam\u00edlia\" \/>\n<meta property=\"og:description\" content=\"\ud83d\udd26 \u00a1Descubre el Mundo Oculto de la Noche con tu Celular! \ud83d\udd26. \u00bfAlguna vez has imaginado poder ver en la oscuridad como...\" \/>\n<meta property=\"og:url\" content=\"https:\/\/universofamilia.com\/hu\/descubre-el-mundo-oculto-de-la-noche-con-tu-celular\/\" \/>\n<meta property=\"og:site_name\" content=\"Universo Fam\u00edlia\" \/>\n<meta property=\"article:published_time\" content=\"2024-03-15T00:33:56+00:00\" \/>\n<meta property=\"article:modified_time\" content=\"2025-10-13T21:44:38+00:00\" \/>\n<meta property=\"og:image\" content=\"https:\/\/universofamilia.com\/wp-content\/uploads\/sites\/148\/2024\/03\/P-550x350-1-5.jpg\" \/>\n\t<meta property=\"og:image:width\" content=\"550\" \/>\n\t<meta property=\"og:image:height\" content=\"350\" \/>\n\t<meta property=\"og:image:type\" content=\"image\/jpeg\" \/>\n<meta name=\"author\" content=\"Jos\u00e9 Guilherme\" \/>\n<meta name=\"twitter:card\" content=\"summary_large_image\" \/>\n<meta name=\"twitter:label1\" content=\"Written by\" \/>\n\t<meta name=\"twitter:data1\" content=\"Jos\u00e9 Guilherme\" \/>\n\t<meta name=\"twitter:label2\" content=\"Est. reading time\" \/>\n\t<meta name=\"twitter:data2\" content=\"5 perc\" \/>\n<script type=\"application\/ld+json\" class=\"yoast-schema-graph\">{\"@context\":\"https:\/\/schema.org\",\"@graph\":[{\"@type\":\"WebPage\",\"@id\":\"https:\/\/universofamilia.com\/ja\/descubre-el-mundo-oculto-de-la-noche-con-tu-celular\/\",\"url\":\"https:\/\/universofamilia.com\/ja\/descubre-el-mundo-oculto-de-la-noche-con-tu-celular\/\",\"name\":\"\ud83d\udd26 \u00a1Descubre el Mundo Oculto de la Noche con tu Celular! \ud83d\udd26 - Universo Fam\u00edlia\",\"isPartOf\":{\"@id\":\"https:\/\/universofamilia.com\/el\/#website\"},\"primaryImageOfPage\":{\"@id\":\"https:\/\/universofamilia.com\/ja\/descubre-el-mundo-oculto-de-la-noche-con-tu-celular\/#primaryimage\"},\"image\":{\"@id\":\"https:\/\/universofamilia.com\/ja\/descubre-el-mundo-oculto-de-la-noche-con-tu-celular\/#primaryimage\"},\"thumbnailUrl\":\"http:\/\/universofamilia.com\/wp-content\/uploads\/sites\/148\/2024\/03\/P-550x350-1-5.jpg\",\"datePublished\":\"2024-03-15T00:33:56+00:00\",\"dateModified\":\"2025-10-13T21:44:38+00:00\",\"author\":{\"@id\":\"https:\/\/universofamilia.com\/el\/#\/schema\/person\/e25a79414e7b182a75ef38581f2644f0\"},\"description\":\"\ud83d\udd26 \u00a1Descubre el Mundo Oculto de la Noche con tu Celular! \ud83d\udd26. \u00bfAlguna vez has imaginado poder ver en la oscuridad como...\",\"breadcrumb\":{\"@id\":\"https:\/\/universofamilia.com\/ja\/descubre-el-mundo-oculto-de-la-noche-con-tu-celular\/#breadcrumb\"},\"inLanguage\":\"hu\",\"potentialAction\":[{\"@type\":\"ReadAction\",\"target\":[\"https:\/\/universofamilia.com\/ja\/descubre-el-mundo-oculto-de-la-noche-con-tu-celular\/\"]}]},{\"@type\":\"ImageObject\",\"inLanguage\":\"hu\",\"@id\":\"https:\/\/universofamilia.com\/ja\/descubre-el-mundo-oculto-de-la-noche-con-tu-celular\/#primaryimage\",\"url\":\"http:\/\/universofamilia.com\/wp-content\/uploads\/sites\/148\/2024\/03\/P-550x350-1-5.jpg\",\"contentUrl\":\"http:\/\/universofamilia.com\/wp-content\/uploads\/sites\/148\/2024\/03\/P-550x350-1-5.jpg\",\"width\":550,\"height\":350,\"caption\":\"\ud83d\udd26 \u00a1Descubre el Mundo Oculto de la Noche con tu Celular! \ud83d\udd26\"},{\"@type\":\"BreadcrumbList\",\"@id\":\"https:\/\/universofamilia.com\/ja\/descubre-el-mundo-oculto-de-la-noche-con-tu-celular\/#breadcrumb\",\"itemListElement\":[{\"@type\":\"ListItem\",\"position\":1,\"name\":\"Home\",\"item\":\"https:\/\/universofamilia.com\/el\/\"},{\"@type\":\"ListItem\",\"position\":2,\"name\":\"\ud83d\udd26 \u00a1Descubre el Mundo Oculto de la Noche con tu Celular! \ud83d\udd26\"}]},{\"@type\":\"WebSite\",\"@id\":\"https:\/\/universofamilia.com\/el\/#website\",\"url\":\"https:\/\/universofamilia.com\/el\/\",\"name\":\"Universo Fam\u00edlia\",\"description\":\"\",\"potentialAction\":[{\"@type\":\"SearchAction\",\"target\":{\"@type\":\"EntryPoint\",\"urlTemplate\":\"https:\/\/universofamilia.com\/el\/?s={search_term_string}\"},\"query-input\":\"required name=search_term_string\"}],\"inLanguage\":\"hu\"},{\"@type\":\"Person\",\"@id\":\"https:\/\/universofamilia.com\/el\/#\/schema\/person\/e25a79414e7b182a75ef38581f2644f0\",\"name\":\"Jos\u00e9 Guilherme\",\"image\":{\"@type\":\"ImageObject\",\"inLanguage\":\"hu\",\"@id\":\"https:\/\/universofamilia.com\/el\/#\/schema\/person\/image\/\",\"url\":\"http:\/\/0.gravatar.com\/avatar\/032cf2a1d86541f7dbb0d90a17751441?s=96&d=mm&r=g\",\"contentUrl\":\"http:\/\/0.gravatar.com\/avatar\/032cf2a1d86541f7dbb0d90a17751441?s=96&d=mm&r=g\",\"caption\":\"Jos\u00e9 Guilherme\"},\"url\":\"http:\/\/universofamilia.com\/hu\/author\/jguilherme\/\"}]}<\/script>\n<!-- \/ Yoast SEO plugin. -->","yoast_head_json":{"title":"\ud83d\udd26 \u00a1Descubre el Mundo Oculto de la Noche con tu Celular! \ud83d\udd26 - Universo Fam\u00edlia","description":"\ud83d\udd26 \u00a1Descubre el Mundo Oculto de la Noche con tu Celular! \ud83d\udd26. \u00bfAlguna vez has imaginado poder ver en la oscuridad como...","robots":{"index":"index","follow":"follow","max-snippet":"max-snippet:-1","max-image-preview":"max-image-preview:large","max-video-preview":"max-video-preview:-1"},"canonical":"https:\/\/universofamilia.com\/hu\/descubre-el-mundo-oculto-de-la-noche-con-tu-celular\/","og_locale":"hu_HU","og_type":"article","og_title":"\ud83d\udd26 \u00a1Descubre el Mundo Oculto de la Noche con tu Celular! \ud83d\udd26 - Universo Fam\u00edlia","og_description":"\ud83d\udd26 \u00a1Descubre el Mundo Oculto de la Noche con tu Celular! \ud83d\udd26. \u00bfAlguna vez has imaginado poder ver en la oscuridad como...","og_url":"https:\/\/universofamilia.com\/hu\/descubre-el-mundo-oculto-de-la-noche-con-tu-celular\/","og_site_name":"Universo Fam\u00edlia","article_published_time":"2024-03-15T00:33:56+00:00","article_modified_time":"2025-10-13T21:44:38+00:00","og_image":[{"width":550,"height":350,"url":"https:\/\/universofamilia.com\/wp-content\/uploads\/sites\/148\/2024\/03\/P-550x350-1-5.jpg","type":"image\/jpeg"}],"author":"Jos\u00e9 Guilherme","twitter_card":"summary_large_image","twitter_misc":{"Written by":"Jos\u00e9 Guilherme","Est. reading time":"5 perc"},"schema":{"@context":"https:\/\/schema.org","@graph":[{"@type":"WebPage","@id":"https:\/\/universofamilia.com\/ja\/descubre-el-mundo-oculto-de-la-noche-con-tu-celular\/","url":"https:\/\/universofamilia.com\/ja\/descubre-el-mundo-oculto-de-la-noche-con-tu-celular\/","name":"\ud83d\udd26 \u00a1Descubre el Mundo Oculto de la Noche con tu Celular! \ud83d\udd26 - Universo Fam\u00edlia","isPartOf":{"@id":"https:\/\/universofamilia.com\/el\/#website"},"primaryImageOfPage":{"@id":"https:\/\/universofamilia.com\/ja\/descubre-el-mundo-oculto-de-la-noche-con-tu-celular\/#primaryimage"},"image":{"@id":"https:\/\/universofamilia.com\/ja\/descubre-el-mundo-oculto-de-la-noche-con-tu-celular\/#primaryimage"},"thumbnailUrl":"http:\/\/universofamilia.com\/wp-content\/uploads\/sites\/148\/2024\/03\/P-550x350-1-5.jpg","datePublished":"2024-03-15T00:33:56+00:00","dateModified":"2025-10-13T21:44:38+00:00","author":{"@id":"https:\/\/universofamilia.com\/el\/#\/schema\/person\/e25a79414e7b182a75ef38581f2644f0"},"description":"\ud83d\udd26 \u00a1Descubre el Mundo Oculto de la Noche con tu Celular! \ud83d\udd26. \u00bfAlguna vez has imaginado poder ver en la oscuridad como...","breadcrumb":{"@id":"https:\/\/universofamilia.com\/ja\/descubre-el-mundo-oculto-de-la-noche-con-tu-celular\/#breadcrumb"},"inLanguage":"hu","potentialAction":[{"@type":"ReadAction","target":["https:\/\/universofamilia.com\/ja\/descubre-el-mundo-oculto-de-la-noche-con-tu-celular\/"]}]},{"@type":"ImageObject","inLanguage":"hu","@id":"https:\/\/universofamilia.com\/ja\/descubre-el-mundo-oculto-de-la-noche-con-tu-celular\/#primaryimage","url":"http:\/\/universofamilia.com\/wp-content\/uploads\/sites\/148\/2024\/03\/P-550x350-1-5.jpg","contentUrl":"http:\/\/universofamilia.com\/wp-content\/uploads\/sites\/148\/2024\/03\/P-550x350-1-5.jpg","width":550,"height":350,"caption":"\ud83d\udd26 \u00a1Descubre el Mundo Oculto de la Noche con tu Celular! \ud83d\udd26"},{"@type":"BreadcrumbList","@id":"https:\/\/universofamilia.com\/ja\/descubre-el-mundo-oculto-de-la-noche-con-tu-celular\/#breadcrumb","itemListElement":[{"@type":"ListItem","position":1,"name":"Home","item":"https:\/\/universofamilia.com\/el\/"},{"@type":"ListItem","position":2,"name":"\ud83d\udd26 \u00a1Descubre el Mundo Oculto de la Noche con tu Celular! \ud83d\udd26"}]},{"@type":"WebSite","@id":"https:\/\/universofamilia.com\/el\/#website","url":"https:\/\/universofamilia.com\/el\/","name":"Universo Fam\u00edlia","description":"","potentialAction":[{"@type":"SearchAction","target":{"@type":"EntryPoint","urlTemplate":"https:\/\/universofamilia.com\/el\/?s={search_term_string}"},"query-input":"required name=search_term_string"}],"inLanguage":"hu"},{"@type":"Person","@id":"https:\/\/universofamilia.com\/el\/#\/schema\/person\/e25a79414e7b182a75ef38581f2644f0","name":"Jos\u00e9 Guilherme","image":{"@type":"ImageObject","inLanguage":"hu","@id":"https:\/\/universofamilia.com\/el\/#\/schema\/person\/image\/","url":"http:\/\/0.gravatar.com\/avatar\/032cf2a1d86541f7dbb0d90a17751441?s=96&d=mm&r=g","contentUrl":"http:\/\/0.gravatar.com\/avatar\/032cf2a1d86541f7dbb0d90a17751441?s=96&d=mm&r=g","caption":"Jos\u00e9 Guilherme"},"url":"http:\/\/universofamilia.com\/hu\/author\/jguilherme\/"}]}},"_links":{"self":[{"href":"http:\/\/universofamilia.com\/hu\/wp-json\/wp\/v2\/posts\/5396"}],"collection":[{"href":"http:\/\/universofamilia.com\/hu\/wp-json\/wp\/v2\/posts"}],"about":[{"href":"http:\/\/universofamilia.com\/hu\/wp-json\/wp\/v2\/types\/post"}],"author":[{"embeddable":true,"href":"http:\/\/universofamilia.com\/hu\/wp-json\/wp\/v2\/users\/218"}],"replies":[{"embeddable":true,"href":"http:\/\/universofamilia.com\/hu\/wp-json\/wp\/v2\/comments?post=5396"}],"version-history":[{"count":1,"href":"http:\/\/universofamilia.com\/hu\/wp-json\/wp\/v2\/posts\/5396\/revisions"}],"predecessor-version":[{"id":10128,"href":"http:\/\/universofamilia.com\/hu\/wp-json\/wp\/v2\/posts\/5396\/revisions\/10128"}],"wp:featuredmedia":[{"embeddable":true,"href":"http:\/\/universofamilia.com\/hu\/wp-json\/wp\/v2\/media\/5397"}],"wp:attachment":[{"href":"http:\/\/universofamilia.com\/hu\/wp-json\/wp\/v2\/media?parent=5396"}],"wp:term":[{"taxonomy":"category","embeddable":true,"href":"http:\/\/universofamilia.com\/hu\/wp-json\/wp\/v2\/categories?post=5396"},{"taxonomy":"post_tag","embeddable":true,"href":"http:\/\/universofamilia.com\/hu\/wp-json\/wp\/v2\/tags?post=5396"}],"curies":[{"name":"wp","href":"https:\/\/api.w.org\/{rel}","templated":true}]}}