{"id":5412,"date":"2024-03-16T16:35:45","date_gmt":"2024-03-16T16:35:45","guid":{"rendered":"https:\/\/universofamilia.com\/?p=5412"},"modified":"2025-07-12T17:50:06","modified_gmt":"2025-07-12T20:50:06","slug":"aplicacion-para-recuperar-mensajes-borrados","status":"publish","type":"post","link":"http:\/\/universofamilia.com\/hu\/aplicacion-para-recuperar-mensajes-borrados\/","title":{"rendered":"\ud83d\udd0d Alkalmaz\u00e1s a t\u00f6r\u00f6lt \u00fczenetek vissza\u00e1ll\u00edt\u00e1s\u00e1hoz"},"content":{"rendered":"<p>El\u0151fordult m\u00e1r veled, hogy v\u00e9letlen\u00fcl t\u00f6r\u00f6lt\u00e9l egy \u00fczenetet, \u00e9s azon gondolkodt\u00e1l: \u201eHogyan tudom ezt visszaszerezni?\u201d Ne agg\u00f3dj, nem vagy egyed\u00fcl!<\/p>\n\n\n\n<p>Ez egy gyakori helyzet, k\u00fcl\u00f6n\u00f6sen, ha fontos csal\u00e1di inform\u00e1ci\u00f3k v\u00e9delm\u00e9r\u0151l van sz\u00f3.<\/p>\n\n\n\n<p>Az \u00fczenetk\u00fcld\u0151 alkalmaz\u00e1sokon folytatott besz\u00e9lget\u00e9seink \u00e9rt\u00e9kes pillanatokat tartalmazhatnak, a k\u00fcl\u00f6nleges pillanatok feljegyz\u00e9seit\u0151l kezdve a szeretteink biztons\u00e1ga szempontj\u00e1b\u00f3l l\u00e9tfontoss\u00e1g\u00fa inform\u00e1ci\u00f3kig.<\/p>\n\n\n\n<p>Ez\u00e9rt l\u00e9tfontoss\u00e1g\u00fa, hogy k\u00e9zn\u00e9l legyen egy eszk\u00f6z az elveszett \u00fczenetek visszaszerz\u00e9s\u00e9hez.<\/p>\n\n\n\n<p>Fedezz\u00fck fel egy\u00fctt ezeknek az alkalmaz\u00e1soknak a fontoss\u00e1g\u00e1t, \u00e9s azt, hogy hogyan lehetnek igazi \u00e9letment\u0151k neh\u00e9z helyzetekben! \ud83d\udcf1\ud83d\udcac<\/p>\n\n\n\n<h2 class=\"wp-block-heading\">Mi\u00e9rt fontos a t\u00f6r\u00f6lt \u00fczenetek vissza\u00e1ll\u00edt\u00e1sa?<\/h2>\n\n\n\n<p>K\u00e9pzeld el a k\u00f6vetkez\u0151 helyzetet: a fiad vagy l\u00e1nyod neh\u00e9z id\u0151szakon megy kereszt\u00fcl az iskol\u00e1ban, zaklat\u00e1snak van kit\u00e9ve.<\/p>\n\n\n\n<p>\u00d6sszeszedi az erej\u00e9t, hogy elmondja, mi t\u00f6rt\u00e9nik, de te v\u00e9letlen\u00fcl t\u00f6rl\u00f6d az \u00fczenetet. Nos, hogyan tudod bizony\u00edtani, hogy mi t\u00f6rt\u00e9nt, hogy megv\u00e9dd a gyermeked?<\/p>\n\n\n\n<p>Itt j\u00f6n k\u00e9pbe egy olyan alkalmaz\u00e1s fontoss\u00e1ga, amely k\u00e9pes helyre\u00e1ll\u00edtani a t\u00f6r\u00f6lt \u00fczeneteket.<\/p>\n\n\n\n<p>Ezek az eszk\u00f6z\u00f6k nemcsak \u00e9rt\u00e9kes pillanatokat menthetnek meg, hanem kulcsfontoss\u00e1g\u00faak lehetnek csal\u00e1dja v\u00e9delm\u00e9ben sz\u00e9ls\u0151s\u00e9ges helyzetekben, p\u00e9ld\u00e1ul b\u00edr\u00f3s\u00e1gi elj\u00e1r\u00e1sok sor\u00e1n.<\/p>\n\n\n\n<p>Olyan, mintha egy digit\u00e1lis szuperh\u0151s lenne, aki mindig k\u00e9szen \u00e1ll a k\u00f6zbel\u00e9p\u00e9sre, ha sz\u00fcks\u00e9ges! \ud83d\udcaa<\/p>\n\n\n\n<h2 class=\"wp-block-heading\">L\u00e1sd m\u00e9g<\/h2>\n\n\n\n<ul class=\"has-medium-font-size\">\n<li class=\"has-medium-font-size\">\ud83d\udd0d\ud83d\udd75\ufe0f\u200d\u2640\ufe0f\ud83d\udd12 <a href=\"https:\/\/universofamilia.com\/hu\/5338\/las-aplicaciones-que-han-revolucionado-el-supermercado\/\">Az alkalmaz\u00e1sok, amelyek forradalmas\u00edtott\u00e1k a szupermarketeket!<\/a><\/li>\n\n\n\n<li class=\"has-medium-font-size\">\ud83d\udcf8\ud83d\uddbc\ufe0f\ud83d\udcf1 <a href=\"https:\/\/universofamilia.com\/hu\/5099\/restaurar-fotos-eliminadas-en-el-telefono-movil\/\">T\u00f6r\u00f6lt fot\u00f3k vissza\u00e1ll\u00edt\u00e1sa mobiltelefonon<\/a><\/li>\n\n\n\n<li class=\"has-medium-font-size\">\ud83d\udc91\u26ea\ufe0f\ud83d\udcd6 <a href=\"https:\/\/universofamilia.com\/hu\/5105\/noviazgo-cristiano-para-toda-la-vida\/\">Kereszt\u00e9ny randev\u00faz\u00e1s egy \u00e9letre<\/a><\/li>\n<\/ul>\n\n\n\n<h2 class=\"wp-block-heading\">Igaz t\u00f6rt\u00e9netek a v\u00e9delemr\u0151l \u00e9s a biztons\u00e1gr\u00f3l<\/h2>\n\n\n\n<p>Most pedig halljuk, mit mondanak egyes felhaszn\u00e1l\u00f3k ezekr\u0151l az alkalmaz\u00e1sokr\u00f3l, amelyek igazi pajzsot jelentenek csal\u00e1dunk sz\u00e1m\u00e1ra:<\/p>\n\n\n\n<ul>\n<li>Jo\u00e3o S. \u201eKiv\u00e1l\u00f3 alkalmaz\u00e1s! Siker\u00fclt vissza\u00e1ll\u00edtanom a v\u00e9letlen\u00fcl t\u00f6r\u00f6lt fontos \u00fczeneteket.\u201d<\/li>\n\n\n\n<li>Maria A. \u201eK\u00f6nnyen haszn\u00e1lhat\u00f3 \u00e9s nagyon hat\u00e9kony. Mindenkinek aj\u00e1nlom!\u201d<\/li>\n\n\n\n<li>Ana C. \u201eIm\u00e1dom ezt az alkalmaz\u00e1st! L\u00e1tom, hogy az emberek milyen \u00fczeneteket t\u00f6r\u00f6lnek, \u00e9s azt is, hogy mi tetszik nekik az Instagramon.\u201d<\/li>\n\n\n\n<li>Pedro B. \u201eNagyon hasznos azok sz\u00e1m\u00e1ra, akiknek k\u00e9pben kell lenni\u00fck a besz\u00e9lget\u00e9sekkel.\u201d<\/li>\n\n\n\n<li>Carlos M. \u201eKiv\u00e1l\u00f3 alkalmaz\u00e1s azok sz\u00e1m\u00e1ra, akik az \u00f6sszes \u00e9rtes\u00edt\u00e9s\u00fck teljes el\u0151zm\u00e9ny\u00e9t szeretn\u00e9k megtekinteni.\u201d<\/li>\n\n\n\n<li>Rafael D. \u201eT\u00f6k\u00e9letes azok sz\u00e1m\u00e1ra, akik nem akarnak elvesz\u00edteni fontos \u00fczeneteket, m\u00e9g akkor sem, ha t\u00f6rlik \u0151ket.\u201d<\/li>\n<\/ul>\n\n\n\n<p>Ezek csak n\u00e9h\u00e1ny sikert\u00f6rt\u00e9net, amelyek bemutatj\u00e1k, hogy ezek az alkalmaz\u00e1sok hogyan lehetnek elengedhetetlenek csal\u00e1djaink v\u00e9delm\u00e9ben.<\/p>\n\n\n\n<p>Nem csup\u00e1n digit\u00e1lis eszk\u00f6z\u00f6k; a leg\u00e9rt\u00e9kesebb pillanataink \u00e9s inform\u00e1ci\u00f3ink igazi \u0151rz\u0151i. \ud83d\udc96<\/p>\n\n\n\n<h2 class=\"wp-block-heading\">Tudjon meg t\u00f6bbet a t\u00f6r\u00f6lt \u00fczenetek helyre\u00e1ll\u00edt\u00e1s\u00e1ra szolg\u00e1l\u00f3 alkalmaz\u00e1sokr\u00f3l<\/h2>\n\n\n\n<p>Miut\u00e1n meg\u00e9rtett\u00fck ezen eszk\u00f6z\u00f6k fontoss\u00e1g\u00e1t, itt az ideje, hogy megismerkedj\u00fcnk a t\u00f6r\u00f6lt \u00fczenetek helyre\u00e1ll\u00edt\u00e1s\u00e1nak h\u0151seivel.<\/p>\n\n\n\n<p>\u00cdme h\u00e1rom alkalmaz\u00e1s, amelyek kiemelkednek ebben a k\u00fcldet\u00e9sben:<\/p>\n\n\n\n<h3 class=\"wp-block-heading\">WAMR \u2013 T\u00f6r\u00f6lt \u00fczenetek helyre\u00e1ll\u00edt\u00e1sa:<\/h3>\n\n\n\n<p>Ez az alkalmaz\u00e1s nagyon j\u00f3 \u00e9rt\u00e9kel\u00e9seket kapott, t\u00f6bb mint 10 milli\u00f3 let\u00f6lt\u00e9ssel \u00e9s leny\u0171g\u00f6z\u0151 \u00e9rt\u00e9kel\u00e9sekkel mind a Google Play \u00c1ruh\u00e1zban, mind az App Store-ban.<\/p>\n\n\n\n<h3 class=\"wp-block-heading\">Elt\u00e1vol\u00edtott elemek+:<\/h3>\n\n\n\n<p>A t\u00f6r\u00f6lt \u00fczenetek helyre\u00e1ll\u00edt\u00e1sa mellett ez az alkalmaz\u00e1s lehet\u0151v\u00e9 teszi m\u00e1s alkalmaz\u00e1sok, p\u00e9ld\u00e1ul az Instagram \u00e9s a Facebook \u00e9rtes\u00edt\u00e9seinek megtekint\u00e9s\u00e9t is.<\/p>\n\n\n\n<h3 class=\"wp-block-heading\">\u00c9rtes\u00edt\u00e9si el\u0151zm\u00e9nyek napl\u00f3ja:<\/h3>\n\n\n\n<p>Ide\u00e1lis azok sz\u00e1m\u00e1ra, akik teljes k\u00f6r\u0171 nyilv\u00e1ntart\u00e1st szeretn\u00e9nek kapni az \u00f6sszes telefonos \u00e9rtes\u00edt\u00e9s\u00fckr\u0151l, bele\u00e9rtve a WhatsAppb\u00f3l \u00e9s m\u00e1s alkalmaz\u00e1sokb\u00f3l t\u00f6r\u00f6lt \u00fczeneteket is.<\/p>\n\n\n\n<h2 class=\"wp-block-heading\">Tippek a gy\u00f3gyul\u00e1s es\u00e9lyeinek n\u00f6vel\u00e9s\u00e9re<\/h2>\n\n\n\n<p>Miel\u0151tt b\u00e1rmilyen alkalmaz\u00e1st let\u00f6ltene, fontos, hogy k\u00f6vessen n\u00e9h\u00e1ny tippet, hogy maximaliz\u00e1lja az \u00fczenetek helyre\u00e1ll\u00edt\u00e1s\u00e1nak es\u00e9lyeit:<\/p>\n\n\n\n<ul>\n<li>K\u00e9sz\u00edtsen rendszeres biztons\u00e1gi ment\u00e9st a WhatsAppr\u00f3l \u00e9s m\u00e1s fontos alkalmaz\u00e1sokr\u00f3l.<\/li>\n\n\n\n<li>Kapcsolja be az automatikus szinkroniz\u00e1l\u00e1st a Google Drive-val vagy az iClouddal.<\/li>\n\n\n\n<li>Az \u00fczenetek t\u00f6rl\u00e9se ut\u00e1n a lehet\u0151 leghamarabb haszn\u00e1ljon helyre\u00e1ll\u00edt\u00f3 alkalmaz\u00e1st.<\/li>\n<\/ul>\n\n\n\n<p>Rem\u00e9lj\u00fck, hogy ezek a tippek seg\u00edtenek megv\u00e9deni \u00d6nt \u00e9s csal\u00e1dj\u00e1t! \ud83d\udc68\u200d\ud83d\udc69\u200d\ud83d\udc67\u200d\ud83d\udc66<\/p>\n\n\n<div class=\"wp-block-image\">\n<figure class=\"aligncenter size-full\"><img loading=\"lazy\" decoding=\"async\" width=\"550\" height=\"350\" src=\"http:\/\/universofamilia.com\/wp-content\/uploads\/sites\/148\/2024\/03\/P-550x350-1-6.jpg\" alt=\"\" class=\"wp-image-5413\" srcset=\"http:\/\/universofamilia.com\/wp-content\/uploads\/sites\/148\/2024\/03\/P-550x350-1-6.jpg 550w, http:\/\/universofamilia.com\/wp-content\/uploads\/sites\/148\/2024\/03\/P-550x350-1-6-300x191.jpg 300w\" sizes=\"(max-width: 550px) 100vw, 550px\" \/><figcaption class=\"wp-element-caption\">\ud83d\udd0d Alkalmaz\u00e1s a t\u00f6r\u00f6lt \u00fczenetek vissza\u00e1ll\u00edt\u00e1s\u00e1hoz<\/figcaption><\/figure><\/div>\n\n\n<h2 class=\"wp-block-heading\">Konkl\u00fazi\u00f3: V\u00e9dd meg csal\u00e1dodat ezekkel az alkalmaz\u00e1sokkal!<\/h2>\n\n\n\n<p>El\u00e9rkezt\u00fcnk ennek a digit\u00e1lis utaz\u00e1snak a v\u00e9g\u00e9re, melynek sor\u00e1n a t\u00f6r\u00f6lt \u00fczenetek helyre\u00e1ll\u00edt\u00e1s\u00e1n kereszt\u00fcl kerest\u00fck a csal\u00e1dunk v\u00e9delm\u00e9t.<\/p>\n\n\n\n<p>Most, hogy meg\u00e9rtetted ezeknek az eszk\u00f6z\u00f6knek a fontoss\u00e1g\u00e1t, \u00e9s megismerkedt\u00e9l a legjobb el\u00e9rhet\u0151 alkalmaz\u00e1sokkal, k\u00e9szen \u00e1llsz arra, hogy gondoskodj a besz\u00e9lget\u00e9seid \u00e9s szeretteid biztons\u00e1g\u00e1r\u00f3l.<\/p>\n\n\n\n<p>Ne halogassa, t\u00f6ltse le most az ig\u00e9nyeinek legink\u00e1bb megfelel\u0151 alkalmaz\u00e1st, \u00e9s v\u00e9dje meg csal\u00e1dj\u00e1t a v\u00e1ratlan esem\u00e9nyekt\u0151l! \ud83d\udee1\ufe0f\u2728<\/p>\n\n\n\n<h3 class=\"wp-block-heading\">\ud83d\udcf2 <strong>Let\u00f6lt\u00e9si linkek<\/strong>:<\/h3>\n\n\n\n<ul>\n<li><a href=\"https:\/\/play.google.com\/store\/apps\/details?id=com.drilens.wamr\">WAMR \u2013 T\u00f6r\u00f6lt \u00fczenetek helyre\u00e1ll\u00edt\u00e1sa (Android)<\/a><\/li>\n\n\n\n<li><a href=\"https:\/\/play.google.com\/store\/apps\/details?id=color.dev.com.whatsremoved\">WhatsRemoved+ (Android)<\/a><\/li>\n\n\n\n<li><a href=\"https:\/\/apps.apple.com\/us\/app\/backup-messages-of-wa\/id1265430562\">WhatsRemoved+ (iOS)<\/a><\/li>\n<\/ul>\n\n\n\n<p>V\u00e9dd meg a csal\u00e1dodat, v\u00e9dd meg a besz\u00e9lget\u00e9seidet, v\u00e9dd meg a pillanataidat! \ud83c\udf1f<\/p>","protected":false},"excerpt":{"rendered":"<p>El\u0151fordult m\u00e1r veled, hogy v\u00e9letlen\u00fcl t\u00f6r\u00f6lt\u00e9l egy \u00fczenetet, \u00e9s azon gondolkodt\u00e1l: \u201eHogyan szerezhetn\u00e9m ezt vissza?\u201d Ne agg\u00f3dj, nem vagy egyed\u00fcl! Ez egy gyakori helyzet, k\u00fcl\u00f6n\u00f6sen, ha fontos csal\u00e1di inform\u00e1ci\u00f3k v\u00e9delm\u00e9r\u0151l van sz\u00f3. Az \u00fczenetk\u00fcld\u0151 alkalmaz\u00e1sokban folytatott besz\u00e9lget\u00e9seink \u00e9rt\u00e9kes eml\u00e9keket tartalmazhatnak, a k\u00fcl\u00f6nleges pillanatok feljegyz\u00e9seit\u0151l kezdve az inform\u00e1ci\u00f3kig [\u2026]<\/p>","protected":false},"author":139,"featured_media":5413,"comment_status":"closed","ping_status":"open","sticky":false,"template":"","format":"standard","meta":{"footnotes":""},"categories":[2],"tags":[1673,1683,1684],"yoast_head":"<!-- This site is optimized with the Yoast SEO plugin v23.3 - https:\/\/yoast.com\/wordpress\/plugins\/seo\/ -->\n<title>\ud83d\udd0d Aplicaci\u00f3n para Recuperar Mensajes Borrados - Universo Fam\u00edlia<\/title>\n<meta name=\"description\" content=\"\ud83d\udd0d Aplicaci\u00f3n para Recuperar Mensajes Borrados. \u00bfAlguna vez has borrado un mensaje sin querer y pensaste &quot;\u00bfy ahora, c\u00f3mo recupero esto?&quot;\" \/>\n<meta name=\"robots\" content=\"index, follow, max-snippet:-1, max-image-preview:large, max-video-preview:-1\" \/>\n<link rel=\"canonical\" href=\"https:\/\/universofamilia.com\/hu\/aplicacion-para-recuperar-mensajes-borrados\/\" \/>\n<meta property=\"og:locale\" content=\"hu_HU\" \/>\n<meta property=\"og:type\" content=\"article\" \/>\n<meta property=\"og:title\" content=\"\ud83d\udd0d Aplicaci\u00f3n para Recuperar Mensajes Borrados - Universo Fam\u00edlia\" \/>\n<meta property=\"og:description\" content=\"\ud83d\udd0d Aplicaci\u00f3n para Recuperar Mensajes Borrados. \u00bfAlguna vez has borrado un mensaje sin querer y pensaste &quot;\u00bfy ahora, c\u00f3mo recupero esto?&quot;\" \/>\n<meta property=\"og:url\" content=\"https:\/\/universofamilia.com\/hu\/aplicacion-para-recuperar-mensajes-borrados\/\" \/>\n<meta property=\"og:site_name\" content=\"Universo Fam\u00edlia\" \/>\n<meta property=\"article:published_time\" content=\"2024-03-16T16:35:45+00:00\" \/>\n<meta property=\"article:modified_time\" content=\"2025-07-12T20:50:06+00:00\" \/>\n<meta property=\"og:image\" content=\"https:\/\/universofamilia.com\/wp-content\/uploads\/sites\/148\/2024\/03\/P-550x350-1-6.jpg\" \/>\n\t<meta property=\"og:image:width\" content=\"550\" \/>\n\t<meta property=\"og:image:height\" content=\"350\" \/>\n\t<meta property=\"og:image:type\" content=\"image\/jpeg\" \/>\n<meta name=\"author\" content=\"Pedro Henrique\" \/>\n<meta name=\"twitter:card\" content=\"summary_large_image\" \/>\n<meta name=\"twitter:label1\" content=\"Written by\" \/>\n\t<meta name=\"twitter:data1\" content=\"Pedro Henrique\" \/>\n\t<meta name=\"twitter:label2\" content=\"Est. reading time\" \/>\n\t<meta name=\"twitter:data2\" content=\"5 perc\" \/>\n<script type=\"application\/ld+json\" class=\"yoast-schema-graph\">{\"@context\":\"https:\/\/schema.org\",\"@graph\":[{\"@type\":\"WebPage\",\"@id\":\"https:\/\/universofamilia.com\/pl\/aplicacion-para-recuperar-mensajes-borrados\/\",\"url\":\"https:\/\/universofamilia.com\/pl\/aplicacion-para-recuperar-mensajes-borrados\/\",\"name\":\"\ud83d\udd0d Aplicaci\u00f3n para Recuperar Mensajes Borrados - Universo Fam\u00edlia\",\"isPartOf\":{\"@id\":\"https:\/\/universofamilia.com\/el\/#website\"},\"primaryImageOfPage\":{\"@id\":\"https:\/\/universofamilia.com\/pl\/aplicacion-para-recuperar-mensajes-borrados\/#primaryimage\"},\"image\":{\"@id\":\"https:\/\/universofamilia.com\/pl\/aplicacion-para-recuperar-mensajes-borrados\/#primaryimage\"},\"thumbnailUrl\":\"http:\/\/universofamilia.com\/wp-content\/uploads\/sites\/148\/2024\/03\/P-550x350-1-6.jpg\",\"datePublished\":\"2024-03-16T16:35:45+00:00\",\"dateModified\":\"2025-07-12T20:50:06+00:00\",\"author\":{\"@id\":\"https:\/\/universofamilia.com\/el\/#\/schema\/person\/f07ce98187dd84d31154262e79b3b7ca\"},\"description\":\"\ud83d\udd0d Aplicaci\u00f3n para Recuperar Mensajes Borrados. \u00bfAlguna vez has borrado un mensaje sin querer y pensaste \\\"\u00bfy ahora, c\u00f3mo recupero esto?\\\"\",\"breadcrumb\":{\"@id\":\"https:\/\/universofamilia.com\/pl\/aplicacion-para-recuperar-mensajes-borrados\/#breadcrumb\"},\"inLanguage\":\"hu\",\"potentialAction\":[{\"@type\":\"ReadAction\",\"target\":[\"https:\/\/universofamilia.com\/pl\/aplicacion-para-recuperar-mensajes-borrados\/\"]}]},{\"@type\":\"ImageObject\",\"inLanguage\":\"hu\",\"@id\":\"https:\/\/universofamilia.com\/pl\/aplicacion-para-recuperar-mensajes-borrados\/#primaryimage\",\"url\":\"http:\/\/universofamilia.com\/wp-content\/uploads\/sites\/148\/2024\/03\/P-550x350-1-6.jpg\",\"contentUrl\":\"http:\/\/universofamilia.com\/wp-content\/uploads\/sites\/148\/2024\/03\/P-550x350-1-6.jpg\",\"width\":550,\"height\":350,\"caption\":\"\ud83d\udd0d Aplicaci\u00f3n para Recuperar Mensajes Borrados\"},{\"@type\":\"BreadcrumbList\",\"@id\":\"https:\/\/universofamilia.com\/pl\/aplicacion-para-recuperar-mensajes-borrados\/#breadcrumb\",\"itemListElement\":[{\"@type\":\"ListItem\",\"position\":1,\"name\":\"Home\",\"item\":\"https:\/\/universofamilia.com\/el\/\"},{\"@type\":\"ListItem\",\"position\":2,\"name\":\"\ud83d\udd0d Aplicaci\u00f3n para Recuperar Mensajes Borrados\"}]},{\"@type\":\"WebSite\",\"@id\":\"https:\/\/universofamilia.com\/el\/#website\",\"url\":\"https:\/\/universofamilia.com\/el\/\",\"name\":\"Universo Fam\u00edlia\",\"description\":\"\",\"potentialAction\":[{\"@type\":\"SearchAction\",\"target\":{\"@type\":\"EntryPoint\",\"urlTemplate\":\"https:\/\/universofamilia.com\/el\/?s={search_term_string}\"},\"query-input\":\"required name=search_term_string\"}],\"inLanguage\":\"hu\"},{\"@type\":\"Person\",\"@id\":\"https:\/\/universofamilia.com\/el\/#\/schema\/person\/f07ce98187dd84d31154262e79b3b7ca\",\"name\":\"Pedro Henrique\",\"image\":{\"@type\":\"ImageObject\",\"inLanguage\":\"hu\",\"@id\":\"https:\/\/universofamilia.com\/el\/#\/schema\/person\/image\/\",\"url\":\"http:\/\/0.gravatar.com\/avatar\/9edfeb808cb4e1599f64d6e45b130154?s=96&d=mm&r=g\",\"contentUrl\":\"http:\/\/0.gravatar.com\/avatar\/9edfeb808cb4e1599f64d6e45b130154?s=96&d=mm&r=g\",\"caption\":\"Pedro Henrique\"},\"url\":\"http:\/\/universofamilia.com\/hu\/author\/editor01\/\"}]}<\/script>\n<!-- \/ Yoast SEO plugin. -->","yoast_head_json":{"title":"\ud83d\udd0d Aplicaci\u00f3n para Recuperar Mensajes Borrados - Universo Fam\u00edlia","description":"\ud83d\udd0d Aplicaci\u00f3n para Recuperar Mensajes Borrados. \u00bfAlguna vez has borrado un mensaje sin querer y pensaste \"\u00bfy ahora, c\u00f3mo recupero esto?\"","robots":{"index":"index","follow":"follow","max-snippet":"max-snippet:-1","max-image-preview":"max-image-preview:large","max-video-preview":"max-video-preview:-1"},"canonical":"https:\/\/universofamilia.com\/hu\/aplicacion-para-recuperar-mensajes-borrados\/","og_locale":"hu_HU","og_type":"article","og_title":"\ud83d\udd0d Aplicaci\u00f3n para Recuperar Mensajes Borrados - Universo Fam\u00edlia","og_description":"\ud83d\udd0d Aplicaci\u00f3n para Recuperar Mensajes Borrados. \u00bfAlguna vez has borrado un mensaje sin querer y pensaste \"\u00bfy ahora, c\u00f3mo recupero esto?\"","og_url":"https:\/\/universofamilia.com\/hu\/aplicacion-para-recuperar-mensajes-borrados\/","og_site_name":"Universo Fam\u00edlia","article_published_time":"2024-03-16T16:35:45+00:00","article_modified_time":"2025-07-12T20:50:06+00:00","og_image":[{"width":550,"height":350,"url":"https:\/\/universofamilia.com\/wp-content\/uploads\/sites\/148\/2024\/03\/P-550x350-1-6.jpg","type":"image\/jpeg"}],"author":"Pedro Henrique","twitter_card":"summary_large_image","twitter_misc":{"Written by":"Pedro Henrique","Est. reading time":"5 perc"},"schema":{"@context":"https:\/\/schema.org","@graph":[{"@type":"WebPage","@id":"https:\/\/universofamilia.com\/pl\/aplicacion-para-recuperar-mensajes-borrados\/","url":"https:\/\/universofamilia.com\/pl\/aplicacion-para-recuperar-mensajes-borrados\/","name":"\ud83d\udd0d Aplicaci\u00f3n para Recuperar Mensajes Borrados - Universo Fam\u00edlia","isPartOf":{"@id":"https:\/\/universofamilia.com\/el\/#website"},"primaryImageOfPage":{"@id":"https:\/\/universofamilia.com\/pl\/aplicacion-para-recuperar-mensajes-borrados\/#primaryimage"},"image":{"@id":"https:\/\/universofamilia.com\/pl\/aplicacion-para-recuperar-mensajes-borrados\/#primaryimage"},"thumbnailUrl":"http:\/\/universofamilia.com\/wp-content\/uploads\/sites\/148\/2024\/03\/P-550x350-1-6.jpg","datePublished":"2024-03-16T16:35:45+00:00","dateModified":"2025-07-12T20:50:06+00:00","author":{"@id":"https:\/\/universofamilia.com\/el\/#\/schema\/person\/f07ce98187dd84d31154262e79b3b7ca"},"description":"\ud83d\udd0d Aplicaci\u00f3n para Recuperar Mensajes Borrados. \u00bfAlguna vez has borrado un mensaje sin querer y pensaste \"\u00bfy ahora, c\u00f3mo recupero esto?\"","breadcrumb":{"@id":"https:\/\/universofamilia.com\/pl\/aplicacion-para-recuperar-mensajes-borrados\/#breadcrumb"},"inLanguage":"hu","potentialAction":[{"@type":"ReadAction","target":["https:\/\/universofamilia.com\/pl\/aplicacion-para-recuperar-mensajes-borrados\/"]}]},{"@type":"ImageObject","inLanguage":"hu","@id":"https:\/\/universofamilia.com\/pl\/aplicacion-para-recuperar-mensajes-borrados\/#primaryimage","url":"http:\/\/universofamilia.com\/wp-content\/uploads\/sites\/148\/2024\/03\/P-550x350-1-6.jpg","contentUrl":"http:\/\/universofamilia.com\/wp-content\/uploads\/sites\/148\/2024\/03\/P-550x350-1-6.jpg","width":550,"height":350,"caption":"\ud83d\udd0d Aplicaci\u00f3n para Recuperar Mensajes Borrados"},{"@type":"BreadcrumbList","@id":"https:\/\/universofamilia.com\/pl\/aplicacion-para-recuperar-mensajes-borrados\/#breadcrumb","itemListElement":[{"@type":"ListItem","position":1,"name":"Home","item":"https:\/\/universofamilia.com\/el\/"},{"@type":"ListItem","position":2,"name":"\ud83d\udd0d Aplicaci\u00f3n para Recuperar Mensajes Borrados"}]},{"@type":"WebSite","@id":"https:\/\/universofamilia.com\/el\/#website","url":"https:\/\/universofamilia.com\/el\/","name":"Universo Fam\u00edlia","description":"","potentialAction":[{"@type":"SearchAction","target":{"@type":"EntryPoint","urlTemplate":"https:\/\/universofamilia.com\/el\/?s={search_term_string}"},"query-input":"required name=search_term_string"}],"inLanguage":"hu"},{"@type":"Person","@id":"https:\/\/universofamilia.com\/el\/#\/schema\/person\/f07ce98187dd84d31154262e79b3b7ca","name":"Pedro Henrique","image":{"@type":"ImageObject","inLanguage":"hu","@id":"https:\/\/universofamilia.com\/el\/#\/schema\/person\/image\/","url":"http:\/\/0.gravatar.com\/avatar\/9edfeb808cb4e1599f64d6e45b130154?s=96&d=mm&r=g","contentUrl":"http:\/\/0.gravatar.com\/avatar\/9edfeb808cb4e1599f64d6e45b130154?s=96&d=mm&r=g","caption":"Pedro Henrique"},"url":"http:\/\/universofamilia.com\/hu\/author\/editor01\/"}]}},"_links":{"self":[{"href":"http:\/\/universofamilia.com\/hu\/wp-json\/wp\/v2\/posts\/5412"}],"collection":[{"href":"http:\/\/universofamilia.com\/hu\/wp-json\/wp\/v2\/posts"}],"about":[{"href":"http:\/\/universofamilia.com\/hu\/wp-json\/wp\/v2\/types\/post"}],"author":[{"embeddable":true,"href":"http:\/\/universofamilia.com\/hu\/wp-json\/wp\/v2\/users\/139"}],"replies":[{"embeddable":true,"href":"http:\/\/universofamilia.com\/hu\/wp-json\/wp\/v2\/comments?post=5412"}],"version-history":[{"count":2,"href":"http:\/\/universofamilia.com\/hu\/wp-json\/wp\/v2\/posts\/5412\/revisions"}],"predecessor-version":[{"id":9584,"href":"http:\/\/universofamilia.com\/hu\/wp-json\/wp\/v2\/posts\/5412\/revisions\/9584"}],"wp:featuredmedia":[{"embeddable":true,"href":"http:\/\/universofamilia.com\/hu\/wp-json\/wp\/v2\/media\/5413"}],"wp:attachment":[{"href":"http:\/\/universofamilia.com\/hu\/wp-json\/wp\/v2\/media?parent=5412"}],"wp:term":[{"taxonomy":"category","embeddable":true,"href":"http:\/\/universofamilia.com\/hu\/wp-json\/wp\/v2\/categories?post=5412"},{"taxonomy":"post_tag","embeddable":true,"href":"http:\/\/universofamilia.com\/hu\/wp-json\/wp\/v2\/tags?post=5412"}],"curies":[{"name":"wp","href":"https:\/\/api.w.org\/{rel}","templated":true}]}}