{"id":5420,"date":"2024-03-18T17:17:46","date_gmt":"2024-03-18T17:17:46","guid":{"rendered":"https:\/\/universofamilia.com\/?p=5420"},"modified":"2025-01-22T01:12:56","modified_gmt":"2025-01-22T01:12:56","slug":"recupera-tus-recuerdos-perdidos","status":"publish","type":"post","link":"http:\/\/universofamilia.com\/hu\/recupera-tus-recuerdos-perdidos\/","title":{"rendered":"\ud83d\udcf8 \u00c1ll\u00edtsd vissza elveszett eml\u00e9keidet \ud83d\udcf1"},"content":{"rendered":"<p>\u00d3, a fot\u00f3k! Olyanok, mint az apr\u00f3 kincsek, amelyek meg\u00f6r\u00f6k\u00edtik a dr\u00e1ga pillanatokat, azokat a pillanatokat, amelyeket \u00f6r\u00f6kre meg szeretn\u00e9nk \u0151rizni.<\/p>\n\n\n\n<p>Ki ne l\u00e1tta volna m\u00e1r mag\u00e1t azon, hogy egy r\u00e9gi f\u00e9nyk\u00e9pet n\u00e9zegetve \u00fajra \u00e1t\u00e9li az akkori \u00e9rz\u00e9seket?<\/p>\n\n\n\n<p>Mintha minden k\u00e9p egy id\u0151kapszula lenne, k\u00e9szen arra, hogy visszarep\u00edtsen minket \u00e9let\u00fcnk legszebb pillanataiba.<\/p>\n\n\n\n<p>De mi t\u00f6rt\u00e9nik, ha ezek a digit\u00e1lis kincsek elt\u0171nnek? Ne ess p\u00e1nikba! Itt vagyok, hogy seg\u00edtsek visszaszerezni az elveszett erekly\u00e9ket. \ud83c\udf1f<\/p>\n\n\n\n<h2 class=\"wp-block-heading\">Az eml\u00e9kek meg\u00f6r\u00f6k\u00edt\u00e9s\u00e9nek fontoss\u00e1ga \ud83c\udf08<\/h2>\n\n\n\n<p>K\u00e9pzeld el! Egyik nap \u00e9ppen a telefonodon keresed azt a k\u00fcl\u00f6nleges fot\u00f3t, \u00e9s az hirtelen elt\u0171nik.<\/p>\n\n\n\n<p>Mintha bel\u0151led is elveszett volna egy darab.<\/p>\n\n\n\n<p>V\u00e9g\u00fcl is a fot\u00f3ink t\u00f6bbet jelentenek, mint pixelek a telefonunk k\u00e9perny\u0151j\u00e9n; \u00e9let\u00fcnk apr\u00f3 darabk\u00e1i, tele \u00e9rzelmekkel, mosolyokkal \u00e9s elmes\u00e9lnival\u00f3 t\u00f6rt\u00e9netekkel. \ud83d\udc96<\/p>\n\n\n\n<h2 class=\"wp-block-heading\">L\u00e1sd m\u00e9g<\/h2>\n\n\n\n<ul class=\"wp-block-list has-medium-font-size\">\n<li class=\"has-medium-font-size\">\ud83d\udd0d\ud83d\udd75\ufe0f\u200d\u2640\ufe0f\ud83d\udd12 <a href=\"https:\/\/universofamilia.com\/hu\/5338\/las-aplicaciones-que-han-revolucionado-el-supermercado\/\">Az alkalmaz\u00e1sok, amelyek forradalmas\u00edtott\u00e1k a szupermarketeket!<\/a><\/li>\n\n\n\n<li class=\"has-medium-font-size\">\ud83d\udcf8\ud83d\uddbc\ufe0f\ud83d\udcf1 <a href=\"https:\/\/universofamilia.com\/hu\/5099\/restaurar-fotos-eliminadas-en-el-telefono-movil\/\">T\u00f6r\u00f6lt fot\u00f3k vissza\u00e1ll\u00edt\u00e1sa mobiltelefonon<\/a><\/li>\n\n\n\n<li class=\"has-medium-font-size\">\ud83d\udc91\u26ea\ufe0f\ud83d\udcd6 <a href=\"https:\/\/universofamilia.com\/hu\/5105\/noviazgo-cristiano-para-toda-la-vida\/\">Kereszt\u00e9ny randev\u00faz\u00e1s egy \u00e9letre<\/a><\/li>\n<\/ul>\n\n\n\n<h2 class=\"wp-block-heading\">Fot\u00f3k: \u00d6r\u00f6kk\u00e9val\u00f3s\u00e1g erekly\u00e9i \ud83d\udcf7<\/h2>\n\n\n\n<p>Minden kattint\u00e1s egy lehet\u0151s\u00e9g arra, hogy meg\u00f6r\u00f6k\u00edts\u00fcnk egy pillanatot az id\u0151ben, hogy meg\u00f6r\u00f6k\u00edts\u00fcnk egy egyedi, soha t\u00f6bb\u00e9 nem ism\u00e9tl\u0151d\u0151 pillanatot.<\/p>\n\n\n\n<p>Ez\u00e9rt l\u00e9tfontoss\u00e1g\u00fa megv\u00e9deni ezeket az \u00e9rt\u00e9kes feljegyz\u00e9seket, \u00e9s ha v\u00e9letlen\u00fcl elvesznek, tudni, hogyan lehet \u0151ket visszaszerezni.<\/p>\n\n\n\n<p>V\u00e9g\u00fcl is ki ne szeretn\u00e9, ha digit\u00e1lis erekly\u00e9i mindig k\u00e9zn\u00e9l lenn\u00e9nek? \ud83d\udc46<\/p>\n\n\n\n<h2 class=\"wp-block-heading\">Az elveszett \u00f6r\u00f6k pillanatok visszaszerz\u00e9s\u00e9nek titka \ud83d\udd75\ufe0f\u200d\u2642\ufe0f<\/h2>\n\n\n\n<p>Nyugi, nincs ok a k\u00e9ts\u00e9gbees\u00e9sre! A megold\u00e1s k\u00f6zelebb van, mint gondoln\u00e1d!<\/p>\n\n\n\n<p>Manaps\u00e1g sz\u00e1mos alkalmaz\u00e1s l\u00e9tezik, amelyeket kifejezetten az elveszett f\u00e9nyk\u00e9pek vissza\u00e1ll\u00edt\u00e1s\u00e1ra terveztek. \u00c9s ami a legjobb az eg\u00e9szben, hogy szuper k\u00f6nnyen haszn\u00e1lhat\u00f3ak!<\/p>\n\n\n\n<p>De miel\u0151tt elmondan\u00e1nk, mik is ezek a csodaalkalmaz\u00e1sok, besz\u00e9lj\u00fcnk egy kicsit arr\u00f3l, mi\u00e9rt fontos, hogy legyen egy ilyen digit\u00e1lis megment\u0151 a telefonodon. \ud83d\udcf2<\/p>\n\n\n\n<h2 class=\"wp-block-heading\">Mi\u00e9rt van sz\u00fcks\u00e9gem fot\u00f3-helyre\u00e1ll\u00edt\u00f3 alkalmaz\u00e1sra? \ud83e\udd14<\/h2>\n\n\n\n<p>N\u00e9zz\u00fcnk szembe a t\u00e9nyekkel: balesetek t\u00f6rt\u00e9nnek. Ak\u00e1r v\u00e9letlen t\u00f6rl\u00e9s, technikai probl\u00e9ma vagy ak\u00e1r v\u00edrust\u00e1mad\u00e1s miatt, a fot\u00f3k figyelmeztet\u00e9s n\u00e9lk\u00fcl elt\u0171nhetnek.<\/p>\n\n\n\n<p>\u00c9s itt j\u00f6n k\u00e9pbe egy megb\u00edzhat\u00f3 alkalmaz\u00e1s fontoss\u00e1ga a helyre\u00e1ll\u00edt\u00e1sukhoz.<\/p>\n\n\n\n<p>Ezekkel az \u00e9letment\u0151 alkalmaz\u00e1sokkal biztos lehetsz benne, hogy eml\u00e9keid mindig biztons\u00e1gban vannak, \u00e9s b\u00e1rmikor el\u0151vehet\u0151k. \ud83d\ude0c<\/p>\n\n\n\n<h2 class=\"wp-block-heading\">\ud83d\ude80 Csod\u00e1latos fot\u00f3-helyre\u00e1ll\u00edt\u00f3 alkalmaz\u00e1sok! \ud83d\ude80<\/h2>\n\n\n\n<p>Most, hogy meg\u00e9rtetted a fot\u00f3-helyre\u00e1ll\u00edt\u00f3 alkalmaz\u00e1s fontoss\u00e1g\u00e1t, itt az ideje, hogy bemutassunk h\u00e1rom nagyszer\u0171 lehet\u0151s\u00e9get, amelyek seg\u00edtenek visszaszerezni elveszett eml\u00e9keidet:<\/p>\n\n\n\n<ol class=\"wp-block-list\">\n<li><strong>DiskDigger fot\u00f3-helyre\u00e1ll\u00edt\u00e1s<\/strong><\/li>\n\n\n\n<li><strong>Vissza\u00e1ll\u00edt t\u00f6r\u00f6lt fot\u00f3k<\/strong><\/li>\n\n\n\n<li><strong>EaseUS MobiSaver Androidra\/iOS-re<\/strong><\/li>\n<\/ol>\n\n\n\n<p>Ezek az alkalmaz\u00e1sok igazi digit\u00e1lis szuperh\u0151s\u00f6kk\u00e9nt k\u00e9szen \u00e1llnak arra, hogy megments\u00e9k a napot \u00e9s megments\u00e9k az elveszett fot\u00f3idat.<\/p>\n\n\n\n<p>Vel\u00fck gyorsan \u00e9s hat\u00e9konyan, fejf\u00e1j\u00e1s n\u00e9lk\u00fcl \u00e1ll\u00edthatja vissza \u00e9rt\u00e9kes k\u00e9peit. De ne feledje: min\u00e9l el\u0151bb cselekszik, ann\u00e1l nagyobb az es\u00e9lye a helyre\u00e1ll\u00edt\u00e1snak.<\/p>\n\n\n\n<p>Sz\u00f3val ne vesztegesd az id\u0151d, \u00e9s t\u00f6ltsd le most az ig\u00e9nyeidnek legink\u00e1bb megfelel\u0151 alkalmaz\u00e1st! \ud83e\uddb8\u200d\u2640\ufe0f<\/p>\n\n\n<div class=\"wp-block-image\">\n<figure class=\"aligncenter size-full\"><img loading=\"lazy\" decoding=\"async\" width=\"550\" height=\"350\" src=\"http:\/\/universofamilia.com\/wp-content\/uploads\/sites\/148\/2024\/03\/P-550x350-11.jpg\" alt=\"\" class=\"wp-image-5421\" srcset=\"http:\/\/universofamilia.com\/wp-content\/uploads\/sites\/148\/2024\/03\/P-550x350-11.jpg 550w, http:\/\/universofamilia.com\/wp-content\/uploads\/sites\/148\/2024\/03\/P-550x350-11-300x191.jpg 300w\" sizes=\"(max-width: 550px) 100vw, 550px\" \/><figcaption class=\"wp-element-caption\">\ud83d\udcf8 \u00c1ll\u00edtsd vissza elveszett eml\u00e9keidet \ud83d\udcf1<\/figcaption><\/figure><\/div>\n\n\n<h2 class=\"wp-block-heading\">Tippek a sikeres fot\u00f3-helyre\u00e1ll\u00edt\u00e1shoz \ud83c\udf1f<\/h2>\n\n\n\n<p>Miel\u0151tt belev\u00e1gn\u00e1l az elveszett f\u00e9nyk\u00e9pek megment\u00e9s\u00e9be, \u00edme n\u00e9h\u00e1ny gyors tipp, amelyekkel n\u00f6velheted a siker es\u00e9lyeit:<\/p>\n\n\n\n<ul class=\"wp-block-list\">\n<li><strong>Cselekedj gyorsan<\/strong>Min\u00e9l el\u0151bb kezdi meg a gy\u00f3gyul\u00e1si folyamatot, ann\u00e1l nagyobb a siker es\u00e9lye.<\/li>\n\n\n\n<li><strong>Ker\u00fclje a k\u00e9sz\u00fcl\u00e9k haszn\u00e1lat\u00e1t<\/strong>Az adatok fel\u00fcl\u00edr\u00e1s\u00e1nak elker\u00fcl\u00e9se \u00e9rdek\u00e9ben fontos, hogy a f\u00e9nyk\u00e9pek elveszt\u00e9s\u00e9t \u00e9szlelve azonnal ker\u00fclje a k\u00e9sz\u00fcl\u00e9k haszn\u00e1lat\u00e1t.<\/li>\n\n\n\n<li><strong>Rendszeresen k\u00e9sz\u00edtsen biztons\u00e1gi ment\u00e9seket<\/strong>A megel\u0151z\u00e9s mindig jobb, mint a gy\u00f3gy\u00edt\u00e1s. Rendszeresen k\u00e9sz\u00edtsen biztons\u00e1gi m\u00e1solatot a f\u00e9nyk\u00e9peir\u0151l, hogy elker\u00fclje a j\u00f6v\u0151beni fejf\u00e1j\u00e1st.<\/li>\n<\/ul>\n\n\n\n<h2 class=\"wp-block-heading\">Konkl\u00fazi\u00f3: Szerezd vissza elveszett eml\u00e9keidet most azonnal! \ud83c\udf08<\/h2>\n\n\n\n<p>K\u00e9szen \u00e1llsz, hogy megmentsd elveszett eml\u00e9keidet? Ne vesztegesd az id\u0151det, \u00e9s t\u00f6ltsd le a t\u00f6k\u00e9letes alkalmaz\u00e1st! \u00c1ll\u00edtsd vissza fot\u00f3idat, \u00e9s \u00e9ld \u00e1t \u00fajra \u00e9leted legszebb pillanatait, amikor csak akarod.<\/p>\n\n\n\n<p>V\u00e9g\u00fcl is az ilyen pillanatok meg\u00e9rdemlik a meg\u00f6r\u00f6k\u00edt\u00e9st, igaz? \ud83d\udcf8\u2728<\/p>\n\n\n\n<h3 class=\"wp-block-heading\">Let\u00f6lt\u00e9si linkek:<\/h3>\n\n\n\n<ul class=\"wp-block-list\">\n<li><strong>DiskDigger fot\u00f3-helyre\u00e1ll\u00edt\u00e1s<\/strong>: <a href=\"https:\/\/play.google.com\/store\/apps\/details?id=com.defianttech.diskdigger&amp;hl=en_US\" target=\"_blank\" rel=\"noreferrer noopener\">Android<\/a> | <a href=\"https:\/\/apps.apple.com\/al\/app\/photo-recovery-deleted-phone\/id1482562954\" target=\"_blank\" rel=\"noreferrer noopener\">iOS<\/a><\/li>\n\n\n\n<li><strong>Vissza\u00e1ll\u00edt t\u00f6r\u00f6lt fot\u00f3k<\/strong>: <a href=\"https:\/\/play.google.com\/store\/apps\/details?id=inshot.data.recovery.restore.deleted.data.diskdigger&amp;hl=en_US\" target=\"_blank\" rel=\"noreferrer noopener\">Android<\/a> | <a href=\"https:\/\/support.apple.com\/guide\/icloud\/recover-deleted-files-mmae56ea1ca5\/icloud\" target=\"_blank\" rel=\"noreferrer noopener\">iOS<\/a><\/li>\n\n\n\n<li><strong>EaseUS MobiSaver Androidra\/iOS-re<\/strong>: <a href=\"https:\/\/play.google.com\/store\/apps\/details?id=com.easeus.mobisaver\" target=\"_blank\" rel=\"noreferrer noopener\">Android<\/a> | <a href=\"https:\/\/apps.apple.com\/us\/app\/easeus-data-recovery-wizard\/id740355970?mt=12\" target=\"_blank\" rel=\"noreferrer noopener\">iOS<\/a><\/li>\n<\/ul>\n\n\n\n<p>Sz\u00f3val, mire v\u00e1rsz? Mentsd meg elveszett eml\u00e9keidet most azonnal, \u00e9s oszd meg ezt a tippet a bar\u00e1taiddal! \ud83d\ude80<\/p>","protected":false},"excerpt":{"rendered":"<p>Ah, las fotos! Son como peque\u00f1os tesoros que capturan momentos preciosos, momentos que queremos mantener para siempre. \u00bfQui\u00e9n no se ha encontrado mirando una foto antigua y reviviendo las emociones de ese momento? Es como si cada imagen fuera una c\u00e1psula del tiempo, lista para transportarnos de vuelta a los mejores momentos de nuestras vidas. [&hellip;]<\/p>","protected":false},"author":139,"featured_media":5421,"comment_status":"closed","ping_status":"open","sticky":false,"template":"","format":"standard","meta":{"footnotes":""},"categories":[2],"tags":[110,1387,1654],"yoast_head":"<!-- This site is optimized with the Yoast SEO plugin v23.3 - https:\/\/yoast.com\/wordpress\/plugins\/seo\/ -->\n<title>\ud83d\udcf8 \u00a1Recupera tus Recuerdos Perdidos\ud83d\udcf1 - Universo Fam\u00edlia<\/title>\n<meta name=\"description\" content=\"\ud83d\udcf8 \u00a1Recupera tus Recuerdos Perdidos\ud83d\udcf1. Ah, las fotos! Son como peque\u00f1os tesoros que capturan momentos preciosos, momentos que queremos...\" \/>\n<meta name=\"robots\" content=\"index, follow, max-snippet:-1, max-image-preview:large, max-video-preview:-1\" \/>\n<link rel=\"canonical\" href=\"http:\/\/universofamilia.com\/hu\/recupera-tus-recuerdos-perdidos\/\" \/>\n<meta property=\"og:locale\" content=\"hu_HU\" \/>\n<meta property=\"og:type\" content=\"article\" \/>\n<meta property=\"og:title\" content=\"\ud83d\udcf8 \u00a1Recupera tus Recuerdos Perdidos\ud83d\udcf1 - Universo Fam\u00edlia\" \/>\n<meta property=\"og:description\" content=\"\ud83d\udcf8 \u00a1Recupera tus Recuerdos Perdidos\ud83d\udcf1. Ah, las fotos! Son como peque\u00f1os tesoros que capturan momentos preciosos, momentos que queremos...\" \/>\n<meta property=\"og:url\" content=\"http:\/\/universofamilia.com\/hu\/recupera-tus-recuerdos-perdidos\/\" \/>\n<meta property=\"og:site_name\" content=\"Universo Fam\u00edlia\" \/>\n<meta property=\"article:published_time\" content=\"2024-03-18T17:17:46+00:00\" \/>\n<meta property=\"article:modified_time\" content=\"2025-01-22T01:12:56+00:00\" \/>\n<meta property=\"og:image\" content=\"http:\/\/universofamilia.com\/wp-content\/uploads\/sites\/148\/2024\/03\/P-550x350-11.jpg\" \/>\n\t<meta property=\"og:image:width\" content=\"550\" \/>\n\t<meta property=\"og:image:height\" content=\"350\" \/>\n\t<meta property=\"og:image:type\" content=\"image\/jpeg\" \/>\n<meta name=\"author\" content=\"Pedro Henrique\" \/>\n<meta name=\"twitter:card\" content=\"summary_large_image\" \/>\n<meta name=\"twitter:label1\" content=\"Written by\" \/>\n\t<meta name=\"twitter:data1\" content=\"Pedro Henrique\" \/>\n\t<meta name=\"twitter:label2\" content=\"Est. reading time\" \/>\n\t<meta name=\"twitter:data2\" content=\"5 perc\" \/>\n<script type=\"application\/ld+json\" class=\"yoast-schema-graph\">{\"@context\":\"https:\/\/schema.org\",\"@graph\":[{\"@type\":\"WebPage\",\"@id\":\"http:\/\/universofamilia.com\/ar\/recupera-tus-recuerdos-perdidos\/\",\"url\":\"http:\/\/universofamilia.com\/ar\/recupera-tus-recuerdos-perdidos\/\",\"name\":\"\ud83d\udcf8 \u00a1Recupera tus Recuerdos Perdidos\ud83d\udcf1 - Universo Fam\u00edlia\",\"isPartOf\":{\"@id\":\"https:\/\/universofamilia.com\/el\/#website\"},\"primaryImageOfPage\":{\"@id\":\"http:\/\/universofamilia.com\/ar\/recupera-tus-recuerdos-perdidos\/#primaryimage\"},\"image\":{\"@id\":\"http:\/\/universofamilia.com\/ar\/recupera-tus-recuerdos-perdidos\/#primaryimage\"},\"thumbnailUrl\":\"http:\/\/universofamilia.com\/wp-content\/uploads\/sites\/148\/2024\/03\/P-550x350-11.jpg\",\"datePublished\":\"2024-03-18T17:17:46+00:00\",\"dateModified\":\"2025-01-22T01:12:56+00:00\",\"author\":{\"@id\":\"https:\/\/universofamilia.com\/el\/#\/schema\/person\/f07ce98187dd84d31154262e79b3b7ca\"},\"description\":\"\ud83d\udcf8 \u00a1Recupera tus Recuerdos Perdidos\ud83d\udcf1. Ah, las fotos! Son como peque\u00f1os tesoros que capturan momentos preciosos, momentos que queremos...\",\"breadcrumb\":{\"@id\":\"http:\/\/universofamilia.com\/ar\/recupera-tus-recuerdos-perdidos\/#breadcrumb\"},\"inLanguage\":\"hu\",\"potentialAction\":[{\"@type\":\"ReadAction\",\"target\":[\"http:\/\/universofamilia.com\/ar\/recupera-tus-recuerdos-perdidos\/\"]}]},{\"@type\":\"ImageObject\",\"inLanguage\":\"hu\",\"@id\":\"http:\/\/universofamilia.com\/ar\/recupera-tus-recuerdos-perdidos\/#primaryimage\",\"url\":\"http:\/\/universofamilia.com\/wp-content\/uploads\/sites\/148\/2024\/03\/P-550x350-11.jpg\",\"contentUrl\":\"http:\/\/universofamilia.com\/wp-content\/uploads\/sites\/148\/2024\/03\/P-550x350-11.jpg\",\"width\":550,\"height\":350,\"caption\":\"\ud83d\udcf8 \u00a1Recupera tus Recuerdos Perdidos\ud83d\udcf1\"},{\"@type\":\"BreadcrumbList\",\"@id\":\"http:\/\/universofamilia.com\/ar\/recupera-tus-recuerdos-perdidos\/#breadcrumb\",\"itemListElement\":[{\"@type\":\"ListItem\",\"position\":1,\"name\":\"Home\",\"item\":\"https:\/\/universofamilia.com\/el\/\"},{\"@type\":\"ListItem\",\"position\":2,\"name\":\"\ud83d\udcf8 \u00a1Recupera tus Recuerdos Perdidos\ud83d\udcf1\"}]},{\"@type\":\"WebSite\",\"@id\":\"https:\/\/universofamilia.com\/el\/#website\",\"url\":\"https:\/\/universofamilia.com\/el\/\",\"name\":\"Universo Fam\u00edlia\",\"description\":\"\",\"potentialAction\":[{\"@type\":\"SearchAction\",\"target\":{\"@type\":\"EntryPoint\",\"urlTemplate\":\"https:\/\/universofamilia.com\/el\/?s={search_term_string}\"},\"query-input\":\"required name=search_term_string\"}],\"inLanguage\":\"hu\"},{\"@type\":\"Person\",\"@id\":\"https:\/\/universofamilia.com\/el\/#\/schema\/person\/f07ce98187dd84d31154262e79b3b7ca\",\"name\":\"Pedro Henrique\",\"image\":{\"@type\":\"ImageObject\",\"inLanguage\":\"hu\",\"@id\":\"https:\/\/universofamilia.com\/el\/#\/schema\/person\/image\/\",\"url\":\"http:\/\/0.gravatar.com\/avatar\/9edfeb808cb4e1599f64d6e45b130154?s=96&d=mm&r=g\",\"contentUrl\":\"http:\/\/0.gravatar.com\/avatar\/9edfeb808cb4e1599f64d6e45b130154?s=96&d=mm&r=g\",\"caption\":\"Pedro Henrique\"},\"url\":\"http:\/\/universofamilia.com\/hu\/author\/editor01\/\"}]}<\/script>\n<!-- \/ Yoast SEO plugin. -->","yoast_head_json":{"title":"\ud83d\udcf8 \u00a1Recupera tus Recuerdos Perdidos\ud83d\udcf1 - Universo Fam\u00edlia","description":"\ud83d\udcf8 \u00a1Recupera tus Recuerdos Perdidos\ud83d\udcf1. Ah, las fotos! Son como peque\u00f1os tesoros que capturan momentos preciosos, momentos que queremos...","robots":{"index":"index","follow":"follow","max-snippet":"max-snippet:-1","max-image-preview":"max-image-preview:large","max-video-preview":"max-video-preview:-1"},"canonical":"http:\/\/universofamilia.com\/hu\/recupera-tus-recuerdos-perdidos\/","og_locale":"hu_HU","og_type":"article","og_title":"\ud83d\udcf8 \u00a1Recupera tus Recuerdos Perdidos\ud83d\udcf1 - Universo Fam\u00edlia","og_description":"\ud83d\udcf8 \u00a1Recupera tus Recuerdos Perdidos\ud83d\udcf1. Ah, las fotos! Son como peque\u00f1os tesoros que capturan momentos preciosos, momentos que queremos...","og_url":"http:\/\/universofamilia.com\/hu\/recupera-tus-recuerdos-perdidos\/","og_site_name":"Universo Fam\u00edlia","article_published_time":"2024-03-18T17:17:46+00:00","article_modified_time":"2025-01-22T01:12:56+00:00","og_image":[{"width":550,"height":350,"url":"http:\/\/universofamilia.com\/wp-content\/uploads\/sites\/148\/2024\/03\/P-550x350-11.jpg","type":"image\/jpeg"}],"author":"Pedro Henrique","twitter_card":"summary_large_image","twitter_misc":{"Written by":"Pedro Henrique","Est. reading time":"5 perc"},"schema":{"@context":"https:\/\/schema.org","@graph":[{"@type":"WebPage","@id":"http:\/\/universofamilia.com\/ar\/recupera-tus-recuerdos-perdidos\/","url":"http:\/\/universofamilia.com\/ar\/recupera-tus-recuerdos-perdidos\/","name":"\ud83d\udcf8 \u00a1Recupera tus Recuerdos Perdidos\ud83d\udcf1 - Universo Fam\u00edlia","isPartOf":{"@id":"https:\/\/universofamilia.com\/el\/#website"},"primaryImageOfPage":{"@id":"http:\/\/universofamilia.com\/ar\/recupera-tus-recuerdos-perdidos\/#primaryimage"},"image":{"@id":"http:\/\/universofamilia.com\/ar\/recupera-tus-recuerdos-perdidos\/#primaryimage"},"thumbnailUrl":"http:\/\/universofamilia.com\/wp-content\/uploads\/sites\/148\/2024\/03\/P-550x350-11.jpg","datePublished":"2024-03-18T17:17:46+00:00","dateModified":"2025-01-22T01:12:56+00:00","author":{"@id":"https:\/\/universofamilia.com\/el\/#\/schema\/person\/f07ce98187dd84d31154262e79b3b7ca"},"description":"\ud83d\udcf8 \u00a1Recupera tus Recuerdos Perdidos\ud83d\udcf1. Ah, las fotos! Son como peque\u00f1os tesoros que capturan momentos preciosos, momentos que queremos...","breadcrumb":{"@id":"http:\/\/universofamilia.com\/ar\/recupera-tus-recuerdos-perdidos\/#breadcrumb"},"inLanguage":"hu","potentialAction":[{"@type":"ReadAction","target":["http:\/\/universofamilia.com\/ar\/recupera-tus-recuerdos-perdidos\/"]}]},{"@type":"ImageObject","inLanguage":"hu","@id":"http:\/\/universofamilia.com\/ar\/recupera-tus-recuerdos-perdidos\/#primaryimage","url":"http:\/\/universofamilia.com\/wp-content\/uploads\/sites\/148\/2024\/03\/P-550x350-11.jpg","contentUrl":"http:\/\/universofamilia.com\/wp-content\/uploads\/sites\/148\/2024\/03\/P-550x350-11.jpg","width":550,"height":350,"caption":"\ud83d\udcf8 \u00a1Recupera tus Recuerdos Perdidos\ud83d\udcf1"},{"@type":"BreadcrumbList","@id":"http:\/\/universofamilia.com\/ar\/recupera-tus-recuerdos-perdidos\/#breadcrumb","itemListElement":[{"@type":"ListItem","position":1,"name":"Home","item":"https:\/\/universofamilia.com\/el\/"},{"@type":"ListItem","position":2,"name":"\ud83d\udcf8 \u00a1Recupera tus Recuerdos Perdidos\ud83d\udcf1"}]},{"@type":"WebSite","@id":"https:\/\/universofamilia.com\/el\/#website","url":"https:\/\/universofamilia.com\/el\/","name":"Universo Fam\u00edlia","description":"","potentialAction":[{"@type":"SearchAction","target":{"@type":"EntryPoint","urlTemplate":"https:\/\/universofamilia.com\/el\/?s={search_term_string}"},"query-input":"required name=search_term_string"}],"inLanguage":"hu"},{"@type":"Person","@id":"https:\/\/universofamilia.com\/el\/#\/schema\/person\/f07ce98187dd84d31154262e79b3b7ca","name":"Pedro Henrique","image":{"@type":"ImageObject","inLanguage":"hu","@id":"https:\/\/universofamilia.com\/el\/#\/schema\/person\/image\/","url":"http:\/\/0.gravatar.com\/avatar\/9edfeb808cb4e1599f64d6e45b130154?s=96&d=mm&r=g","contentUrl":"http:\/\/0.gravatar.com\/avatar\/9edfeb808cb4e1599f64d6e45b130154?s=96&d=mm&r=g","caption":"Pedro Henrique"},"url":"http:\/\/universofamilia.com\/hu\/author\/editor01\/"}]}},"_links":{"self":[{"href":"http:\/\/universofamilia.com\/hu\/wp-json\/wp\/v2\/posts\/5420"}],"collection":[{"href":"http:\/\/universofamilia.com\/hu\/wp-json\/wp\/v2\/posts"}],"about":[{"href":"http:\/\/universofamilia.com\/hu\/wp-json\/wp\/v2\/types\/post"}],"author":[{"embeddable":true,"href":"http:\/\/universofamilia.com\/hu\/wp-json\/wp\/v2\/users\/139"}],"replies":[{"embeddable":true,"href":"http:\/\/universofamilia.com\/hu\/wp-json\/wp\/v2\/comments?post=5420"}],"version-history":[{"count":2,"href":"http:\/\/universofamilia.com\/hu\/wp-json\/wp\/v2\/posts\/5420\/revisions"}],"predecessor-version":[{"id":8280,"href":"http:\/\/universofamilia.com\/hu\/wp-json\/wp\/v2\/posts\/5420\/revisions\/8280"}],"wp:featuredmedia":[{"embeddable":true,"href":"http:\/\/universofamilia.com\/hu\/wp-json\/wp\/v2\/media\/5421"}],"wp:attachment":[{"href":"http:\/\/universofamilia.com\/hu\/wp-json\/wp\/v2\/media?parent=5420"}],"wp:term":[{"taxonomy":"category","embeddable":true,"href":"http:\/\/universofamilia.com\/hu\/wp-json\/wp\/v2\/categories?post=5420"},{"taxonomy":"post_tag","embeddable":true,"href":"http:\/\/universofamilia.com\/hu\/wp-json\/wp\/v2\/tags?post=5420"}],"curies":[{"name":"wp","href":"https:\/\/api.w.org\/{rel}","templated":true}]}}