{"id":5894,"date":"2024-05-07T16:30:35","date_gmt":"2024-05-07T19:30:35","guid":{"rendered":"https:\/\/universofamilia.com\/?p=5894"},"modified":"2025-11-20T23:18:08","modified_gmt":"2025-11-21T02:18:08","slug":"aumenta-la-velocidad-de-tu-celular-y-potencia-tu-productividad","status":"publish","type":"post","link":"http:\/\/universofamilia.com\/hu\/aumenta-la-velocidad-de-tu-celular-y-potencia-tu-productividad\/","title":{"rendered":"N\u00f6veld a mobiltelefonod sebess\u00e9g\u00e9t \u00e9s n\u00f6veld a termel\u00e9kenys\u00e9gedet!"},"content":{"rendered":"<p>N\u00f6veld a mobiltelefonod sebess\u00e9g\u00e9t \u00e9s a termel\u00e9kenys\u00e9gedet! \ud83d\ude80<\/p>\n\n\n\n<p>Gondolt\u00e1l m\u00e1r arra, hogy a mobiltelefonod sebess\u00e9ge hogyan befoly\u00e1solhatja a mindennapi termel\u00e9kenys\u00e9gedet?<\/p>\n\n\n\n<p>Elk\u00e9peszt\u0151, hogy egy kezdetben ilyen gyors eszk\u00f6z id\u0151vel hogyan vesz\u00edt a rugalmass\u00e1g\u00e1b\u00f3l, nem igaz?<\/p>\n\n\n\n<p>De ne agg\u00f3dj, vannak egyszer\u0171 \u00e9s ingyenes m\u00f3dszerek a helyzet jav\u00edt\u00e1s\u00e1ra \u00e9s a telefonod \u00fajra rep\u00fclni val\u00f3 m\u0171k\u00f6d\u00e9s\u00e9re! \ud83d\ude03<\/p>\n\n\n\n<p><\/p>\n\n\n\n<hr class=\"wp-block-separator has-text-color has-luminous-vivid-orange-color has-alpha-channel-opacity has-luminous-vivid-orange-background-color has-background\" \/>\n\n\n\n<h2 class=\"wp-block-heading\">Olvasd el m\u00e9g:<\/h2>\n\n\n\n<div class=\"wp-block-columns is-layout-flex wp-container-core-columns-layout-1 wp-block-columns-is-layout-flex\">\n<div class=\"wp-block-column is-layout-flow wp-block-column-is-layout-flow\">\n<div class=\"wp-block-buttons is-layout-flex wp-block-buttons-is-layout-flex\">\n<div class=\"wp-block-button has-custom-width wp-block-button__width-100\" style=\"text-decoration:none\"><a class=\"wp-block-button__link has-white-color has-vivid-cyan-blue-background-color has-text-color has-background has-link-color has-text-align-left wp-element-button\" href=\"https:\/\/universofamilia.com\/hu\/5099\/restaurar-fotos-eliminadas-en-el-telefono-movil\/\" style=\"border-radius:10px\" target=\"_blank\" rel=\"noreferrer noopener\"><font style=\"vertical-align: inherit\"><font style=\"vertical-align: inherit\">\ud83d\udccc T\u00f6r\u00f6lt fot\u00f3k vissza\u00e1ll\u00edt\u00e1sa<\/font><\/font> &gt;<\/a><\/div>\n\n\n\n<div class=\"wp-block-button has-custom-width wp-block-button__width-100\" style=\"text-decoration:none\"><a class=\"wp-block-button__link has-white-color has-vivid-cyan-blue-background-color has-text-color has-background has-link-color has-text-align-left wp-element-button\" href=\"https:\/\/universofamilia.com\/hu\/5869\/descubre-quien-te-esta-observando-en-las-redes-sociales\/\" style=\"border-radius:10px\" target=\"_blank\" rel=\"noreferrer noopener\"><font style=\"vertical-align: inherit\"><font style=\"vertical-align: inherit\"><font style=\"vertical-align: inherit\"><font style=\"vertical-align: inherit\">\ud83d\udccc Kik l\u00e1togatt\u00e1k meg a profilodat?<\/font><\/font><\/font><\/font> &gt;<\/a><\/div>\n<\/div>\n<\/div>\n\n\n\n<div class=\"wp-block-column is-layout-flow wp-block-column-is-layout-flow\">\n<div class=\"wp-block-buttons is-layout-flex wp-block-buttons-is-layout-flex\">\n<div class=\"wp-block-button has-custom-width wp-block-button__width-100\" style=\"text-decoration:none\"><a class=\"wp-block-button__link has-white-color has-vivid-cyan-blue-background-color has-text-color has-background has-link-color has-text-align-left wp-element-button\" href=\"https:\/\/universofamilia.com\/hu\/5859\/el-encanto-de-las-telenovelas-turcas\/\" style=\"border-radius:10px\" target=\"_blank\" rel=\"noreferrer noopener\"><font style=\"vertical-align: inherit\"><font style=\"vertical-align: inherit\"><font style=\"vertical-align: inherit\"><font style=\"vertical-align: inherit\">\ud83d\udccd<\/font><\/font> T\u00f6r\u00f6k szappanoper\u00e1k &gt;<\/font><\/font><\/a><\/div>\n<\/div>\n<\/div>\n<\/div>\n\n\n\n<hr class=\"wp-block-separator has-text-color has-luminous-vivid-orange-color has-alpha-channel-opacity has-luminous-vivid-orange-background-color has-background\" \/>\n\n\n\n<p><\/p>\n\n\n\n<h2 class=\"wp-block-heading\">Mi\u00e9rt fontos a sebess\u00e9g n\u00f6vel\u00e9se?<\/h2>\n\n\n\n<p>K\u00e9pzeld el ezt: \u00e9ppen egy fontos feladat k\u00f6zep\u00e9n vagy, gyorsan inform\u00e1ci\u00f3kat kell keresned az interneten, de a telefonod lassabb, mint egy tekn\u0151s.<\/p>\n\n\n\n<p>Milyen frusztr\u00e1l\u00f3, ugye? A mobiltelefon sebess\u00e9g\u00e9nek n\u00f6vel\u00e9se nemcsak a k\u00e9nyelem, hanem a hat\u00e9konys\u00e1g k\u00e9rd\u00e9se is.<\/p>\n\n\n\n<p>Egy gyors eszk\u00f6zzel sokkal gyorsabban elv\u00e9gezheted a feladataidat, aminek k\u00f6vetkezt\u00e9ben n\u00f6velheted a termel\u00e9kenys\u00e9gedet. \u00c9s ki ne szeretne t\u00f6bb id\u0151t arra, ami igaz\u00e1n sz\u00e1m\u00edt?<\/p>\n\n\n\n<h2 class=\"wp-block-heading\">A sebess\u00e9g cs\u00f6kken\u00e9se az id\u0151 m\u00fal\u00e1s\u00e1val<\/h2>\n\n\n\n<p>Gyakori \u00e9szrevenni, hogy ahogy telnek a h\u00f3napok, a mobiltelefonunk elkezd lelassulni.<\/p>\n\n\n\n<p>Ez az ideiglenes f\u00e1jlok, a gyors\u00edt\u00f3t\u00e1r \u00e9s egy\u00e9b adatok felhalmoz\u00f3d\u00e1s\u00e1nak k\u00f6sz\u00f6nhet\u0151, amelyek helyet foglalnak el \u00e9s t\u00falterhelik a rendszert.<\/p>\n\n\n\n<p>De ne agg\u00f3djon, vannak olyan eszk\u00f6z\u00f6k, amelyek seg\u00edthetnek megford\u00edtani ezt a helyzetet \u00e9s vissza\u00e1ll\u00edtani az eszk\u00f6z rugalmass\u00e1g\u00e1t.<\/p>\n\n\n\n<h2 class=\"wp-block-heading\">Ingyenes eszk\u00f6z\u00f6k a mobiltelefonod fellend\u00edt\u00e9s\u00e9hez<\/h2>\n\n\n\n<p>A j\u00f3 h\u00edr az, hogy nem kell p\u00e9nzt k\u00f6ltened arra, hogy gyorsabb\u00e1 tedd a telefonod. Jelenleg sz\u00e1mos ingyenes alkalmaz\u00e1s seg\u00edthet ebben a k\u00fcldet\u00e9sben.<\/p>\n\n\n\n<p>Az al\u00e1bbiakban felsorolunk h\u00e1rmat, amelyek rendk\u00edv\u00fcl hat\u00e9konyak \u00e9s a felhaszn\u00e1l\u00f3k \u00e1ltal kedveltek. De el\u0151sz\u00f6r is t\u00e9rj\u00fcnk r\u00e1 a let\u00f6lt\u00e9sre! \ud83d\ude09<\/p>\n\n\n\n<h2 class=\"wp-block-heading\">Alapos tiszt\u00edt\u00e1s \u00e9s fejlett eszk\u00f6z\u00f6k<\/h2>\n\n\n\n<p>Az egyik legn\u00e9pszer\u0171bb alkalmaz\u00e1s a tiszt\u00edt\u00e1s \u00e9s optimaliz\u00e1l\u00e1s ter\u00e9n az SD Maid.<\/p>\n\n\n\n<p>M\u00e9lytiszt\u00edt\u00f3 k\u00e9pess\u00e9geinek \u00e9s fejlett eszk\u00f6zeinek k\u00f6sz\u00f6nhet\u0151en sz\u00e1mos felhaszn\u00e1l\u00f3 kedvenc\u00e9v\u00e9 v\u00e1lt.<\/p>\n\n\n\n<p>Az olyan kommentek, mint a \u201eKiv\u00e1l\u00f3 alkalmaz\u00e1s! Leny\u0171g\u00f6zi a telefonomat!\u201d \u00e9s az \u201e\u00c1tfog\u00f3, nagyon aj\u00e1nlom!\u201d, bizony\u00edtj\u00e1k a hat\u00e9konys\u00e1g\u00e1t. De ne agg\u00f3dj! A let\u00f6lt\u00e9si linket al\u00e1bb tal\u00e1lod! \ud83d\ude09<\/p>\n\n\n\n<h2 class=\"wp-block-heading\">Egyszer\u0171 \u00e9s k\u00f6nnyen haszn\u00e1lhat\u00f3 fel\u00fclet<\/h2>\n\n\n\n<p>Egy m\u00e1sik lehet\u0151s\u00e9g, amit nem szabad kihagynod a list\u00e1dr\u00f3l, a Files by Google. A Google \u00e1ltal fejlesztett alkalmaz\u00e1s egyszer\u0171 \u00e9s k\u00f6nnyen haszn\u00e1lhat\u00f3 fel\u00fclet\u00e9vel t\u0171nik ki.<\/p>\n\n\n\n<p>Ide\u00e1lis azok sz\u00e1m\u00e1ra, akik a praktikumot keresik, \u00e9s nagyon pozit\u00edv \u00e9rt\u00e9kel\u00e9seket kapott mind a Play \u00c1ruh\u00e1zban, mind az App Store-ban. De v\u00e1rj! J\u00f6n a let\u00f6lt\u00e9si link!<\/p>\n\n\n<div class=\"wp-block-image\">\n<figure class=\"aligncenter size-full\"><img loading=\"lazy\" decoding=\"async\" width=\"550\" height=\"350\" src=\"http:\/\/universofamilia.com\/wp-content\/uploads\/sites\/148\/2024\/05\/P-550x350-1-3.jpg\" alt=\"\" class=\"wp-image-5895\" srcset=\"http:\/\/universofamilia.com\/wp-content\/uploads\/sites\/148\/2024\/05\/P-550x350-1-3.jpg 550w, http:\/\/universofamilia.com\/wp-content\/uploads\/sites\/148\/2024\/05\/P-550x350-1-3-300x191.jpg 300w\" sizes=\"(max-width: 550px) 100vw, 550px\" \/><figcaption class=\"wp-element-caption\">N\u00f6veld a mobiltelefonod sebess\u00e9g\u00e9t \u00e9s n\u00f6veld a termel\u00e9kenys\u00e9gedet!<\/figcaption><\/figure><\/div>\n\n\n<h2 class=\"wp-block-heading\">Hat\u00e9konys\u00e1g\u00e1r\u00f3l ismert<\/h2>\n\n\n\n<p>\u00c9s nem szabad megfeledkezn\u00fcnk az optimaliz\u00e1l\u00e1s klasszikus\u00e1r\u00f3l sem: a CCleanerr\u0151l.<\/p>\n\n\n\n<p>A felesleges f\u00e1jlok t\u00f6rl\u00e9s\u00e9ben \u00e9s a t\u00e1rhely felszabad\u00edt\u00e1s\u00e1ban val\u00f3 hat\u00e9konys\u00e1g\u00e1r\u00f3l ismert, \u00edgy biztons\u00e1gos v\u00e1laszt\u00e1s azok sz\u00e1m\u00e1ra, akik jav\u00edtani szeretn\u00e9k telefonjuk teljes\u00edtm\u00e9ny\u00e9t.<\/p>\n\n\n\n<p>Az olyan \u00e9rt\u00e9kel\u00e9sek, mint a \u201e4,4\/5 a Google Playen\u201d \u00e9s a \u201e4,5\/5 az App Store-ban\u201d, a min\u0151s\u00e9g\u00e9t bizony\u00edtj\u00e1k. De a let\u00f6lt\u00e9si link? M\u00e1r majdnem itt van!<\/p>\n\n\n\n<h2 class=\"wp-block-heading\">Extra tippek a m\u00e9g jobb \u00e9lm\u00e9ny\u00e9rt<\/h2>\n\n\n\n<p>Miel\u0151tt let\u00f6lten\u00e9l b\u00e1rmilyen alkalmaz\u00e1st, fontos, hogy megn\u00e9zd m\u00e1s felhaszn\u00e1l\u00f3k \u00e9rt\u00e9kel\u00e9seit \u00e9s v\u00e9lem\u00e9nyeit, hogy biztosan a megfelel\u0151t hozd.<\/p>\n\n\n\n<p>Ezenk\u00edv\u00fcl mindig az ingyenes funkci\u00f3kkal kezdj, miel\u0151tt fizet\u0151s\u00f6kbe fektetn\u00e9l be. \u00c9s ne feledkezz meg egy j\u00f3 v\u00edruskeres\u0151 fontoss\u00e1g\u00e1r\u00f3l sem az eszk\u00f6z\u00f6d biztons\u00e1ga \u00e9rdek\u00e9ben.<\/p>\n\n\n\n<h2 class=\"wp-block-heading\">Konkl\u00fazi\u00f3: Rep\u00fclni fog a mobiltelefonod!<\/h2>\n\n\n\n<p>Ezzel a h\u00e1rom alkalmaz\u00e1ssal \u00e9s egy kis odafigyel\u00e9ssel a telefonod visszanyeri minden sebess\u00e9g\u00e9t \u00e9s rugalmass\u00e1g\u00e1t, \u00edgy a napi feladataid sokkal praktikusabbak \u00e9s hat\u00e9konyabbak lesznek.<\/p>\n\n\n\n<p>Sz\u00f3val, ne vesztegess t\u00f6bb id\u0151t, \u00e9s t\u00f6ltsd le most azonnal! \ud83d\ude0a<\/p>\n\n\n\n<h3 class=\"wp-block-heading\">Let\u00f6lt\u00e9si linkek:<\/h3>\n\n\n\n<ul>\n<li><strong>Android:<\/strong> <a href=\"https:\/\/files.google.com\/\" target=\"_blank\" rel=\"noreferrer noopener\">Google-f\u00e1jlok<\/a>, <a href=\"https:\/\/play.google.com\/store\/apps\/details?id=com.piriform.ccleaner&amp;hl=en&amp;gl=US\" target=\"_blank\" rel=\"noreferrer noopener\">CCleaner<\/a>, <a href=\"https:\/\/play.google.com\/store\/apps\/details?id=eu.thedarken.sdm&amp;hl=en&amp;gl=US\" target=\"_blank\" rel=\"noreferrer noopener\">SD szobal\u00e1ny<\/a><\/li>\n\n\n\n<li><strong>iOS:<\/strong> <a href=\"https:\/\/support.apple.com\/en-us\/102238\" target=\"_blank\" rel=\"noreferrer noopener\">Google-f\u00e1jlok<\/a>, <a href=\"https:\/\/www.ccleaner.com\/knowledge\/ccleaner-for-mac-in-app-store\" target=\"_blank\" rel=\"noreferrer noopener\">CCleaner<\/a><\/li>\n<\/ul>\n\n\n\n<p>Rem\u00e9lj\u00fck, hogy ezek a tippek hasznosak voltak.<\/p>\n\n\n\n<p>Oszd meg ezt a cikket a bar\u00e1taiddal \u00e9s a csal\u00e1doddal, hogy \u0151k is a legt\u00f6bbet hozhass\u00e1k ki mobileszk\u00f6zeikb\u0151l! \ud83d\udcf1\u2728<\/p>\n\n\n\n<p><\/p>\n\n\n\n<hr class=\"wp-block-separator has-text-color has-luminous-vivid-orange-color has-alpha-channel-opacity has-luminous-vivid-orange-background-color has-background\" \/>\n\n\n\n<h2 class=\"wp-block-heading\">Olvasd el m\u00e9g:<\/h2>\n\n\n\n<div class=\"wp-block-columns is-layout-flex wp-container-core-columns-layout-2 wp-block-columns-is-layout-flex\">\n<div class=\"wp-block-column is-layout-flow wp-block-column-is-layout-flow\">\n<div class=\"wp-block-buttons is-layout-flex wp-block-buttons-is-layout-flex\">\n<div class=\"wp-block-button has-custom-width wp-block-button__width-100\" style=\"text-decoration:none\"><a class=\"wp-block-button__link has-white-color has-vivid-cyan-blue-background-color has-text-color has-background has-link-color has-text-align-left wp-element-button\" href=\"https:\/\/universofamilia.com\/hu\/5099\/restaurar-fotos-eliminadas-en-el-telefono-movil\/\" style=\"border-radius:10px\" target=\"_blank\" rel=\"noreferrer noopener\"><font style=\"vertical-align: inherit\"><font style=\"vertical-align: inherit\">\ud83d\udccc T\u00f6r\u00f6lt fot\u00f3k vissza\u00e1ll\u00edt\u00e1sa<\/font><\/font> &gt;<\/a><\/div>\n\n\n\n<div class=\"wp-block-button has-custom-width wp-block-button__width-100\" style=\"text-decoration:none\"><a class=\"wp-block-button__link has-white-color has-vivid-cyan-blue-background-color has-text-color has-background has-link-color has-text-align-left wp-element-button\" href=\"https:\/\/universofamilia.com\/hu\/5869\/descubre-quien-te-esta-observando-en-las-redes-sociales\/\" style=\"border-radius:10px\" target=\"_blank\" rel=\"noreferrer noopener\"><font style=\"vertical-align: inherit\"><font style=\"vertical-align: inherit\"><font style=\"vertical-align: inherit\"><font style=\"vertical-align: inherit\">\ud83d\udccc Kik l\u00e1togatt\u00e1k meg a profilodat?<\/font><\/font><\/font><\/font> &gt;<\/a><\/div>\n<\/div>\n<\/div>\n\n\n\n<div class=\"wp-block-column is-layout-flow wp-block-column-is-layout-flow\">\n<div class=\"wp-block-buttons is-layout-flex wp-block-buttons-is-layout-flex\">\n<div class=\"wp-block-button has-custom-width wp-block-button__width-100\" style=\"text-decoration:none\"><a class=\"wp-block-button__link has-white-color has-vivid-cyan-blue-background-color has-text-color has-background has-link-color has-text-align-left wp-element-button\" href=\"https:\/\/universofamilia.com\/hu\/5859\/el-encanto-de-las-telenovelas-turcas\/\" style=\"border-radius:10px\" target=\"_blank\" rel=\"noreferrer noopener\"><font style=\"vertical-align: inherit\"><font style=\"vertical-align: inherit\"><font style=\"vertical-align: inherit\"><font style=\"vertical-align: inherit\">\ud83d\udccd<\/font><\/font> T\u00f6r\u00f6k szappanoper\u00e1k &gt;<\/font><\/font><\/a><\/div>\n<\/div>\n<\/div>\n<\/div>\n\n\n\n<hr class=\"wp-block-separator has-text-color has-luminous-vivid-orange-color has-alpha-channel-opacity has-luminous-vivid-orange-background-color has-background\" \/>\n\n\n\n<p><\/p>","protected":false},"excerpt":{"rendered":"<p>\u00a1Aumenta la Velocidad de Tu Celular y Potencia tu Productividad! \ud83d\ude80 \u00bfAlguna vez has pensado en c\u00f3mo la velocidad de tu celular puede influir en tu productividad diaria? Es incre\u00edble c\u00f3mo un dispositivo que inicialmente era tan r\u00e1pido va perdiendo su agilidad con el tiempo, \u00bfverdad? Pero no te preocupes, \u00a1hay formas simples y gratuitas [&hellip;]<\/p>","protected":false},"author":219,"featured_media":5895,"comment_status":"closed","ping_status":"open","sticky":false,"template":"","format":"standard","meta":{"footnotes":""},"categories":[2],"tags":[7,10,48],"yoast_head":"<!-- This site is optimized with the Yoast SEO plugin v23.3 - https:\/\/yoast.com\/wordpress\/plugins\/seo\/ -->\n<title>\u00a1Aumenta la Velocidad de Tu Celular y Potencia tu Productividad! - Universo Fam\u00edlia<\/title>\n<meta name=\"description\" content=\"\u00a1Aumenta la Velocidad de Tu Celular y Potencia tu Productividad!. \u00bfAlguna vez has pensado en c\u00f3mo la velocidad de tu celular puede influir en tu...\" \/>\n<meta name=\"robots\" content=\"index, follow, max-snippet:-1, max-image-preview:large, max-video-preview:-1\" \/>\n<link rel=\"canonical\" href=\"https:\/\/universofamilia.com\/hu\/aumenta-la-velocidad-de-tu-celular-y-potencia-tu-productividad\/\" \/>\n<meta property=\"og:locale\" content=\"hu_HU\" \/>\n<meta property=\"og:type\" content=\"article\" \/>\n<meta property=\"og:title\" content=\"\u00a1Aumenta la Velocidad de Tu Celular y Potencia tu Productividad! - Universo Fam\u00edlia\" \/>\n<meta property=\"og:description\" content=\"\u00a1Aumenta la Velocidad de Tu Celular y Potencia tu Productividad!. \u00bfAlguna vez has pensado en c\u00f3mo la velocidad de tu celular puede influir en tu...\" \/>\n<meta property=\"og:url\" content=\"https:\/\/universofamilia.com\/hu\/aumenta-la-velocidad-de-tu-celular-y-potencia-tu-productividad\/\" \/>\n<meta property=\"og:site_name\" content=\"Universo Fam\u00edlia\" \/>\n<meta property=\"article:published_time\" content=\"2024-05-07T19:30:35+00:00\" \/>\n<meta property=\"article:modified_time\" content=\"2025-11-21T02:18:08+00:00\" \/>\n<meta property=\"og:image\" content=\"https:\/\/universofamilia.com\/wp-content\/uploads\/sites\/148\/2024\/05\/P-550x350-1-3.jpg\" \/>\n\t<meta property=\"og:image:width\" content=\"550\" \/>\n\t<meta property=\"og:image:height\" content=\"350\" \/>\n\t<meta property=\"og:image:type\" content=\"image\/jpeg\" \/>\n<meta name=\"author\" content=\"Matheus Sangaletti\" \/>\n<meta name=\"twitter:card\" content=\"summary_large_image\" \/>\n<meta name=\"twitter:label1\" content=\"Written by\" \/>\n\t<meta name=\"twitter:data1\" content=\"Matheus Sangaletti\" \/>\n\t<meta name=\"twitter:label2\" content=\"Est. reading time\" \/>\n\t<meta name=\"twitter:data2\" content=\"5 perc\" \/>\n<script type=\"application\/ld+json\" class=\"yoast-schema-graph\">{\"@context\":\"https:\/\/schema.org\",\"@graph\":[{\"@type\":\"WebPage\",\"@id\":\"https:\/\/universofamilia.com\/cs\/aumenta-la-velocidad-de-tu-celular-y-potencia-tu-productividad\/\",\"url\":\"https:\/\/universofamilia.com\/cs\/aumenta-la-velocidad-de-tu-celular-y-potencia-tu-productividad\/\",\"name\":\"\u00a1Aumenta la Velocidad de Tu Celular y Potencia tu Productividad! - Universo Fam\u00edlia\",\"isPartOf\":{\"@id\":\"https:\/\/universofamilia.com\/el\/#website\"},\"primaryImageOfPage\":{\"@id\":\"https:\/\/universofamilia.com\/cs\/aumenta-la-velocidad-de-tu-celular-y-potencia-tu-productividad\/#primaryimage\"},\"image\":{\"@id\":\"https:\/\/universofamilia.com\/cs\/aumenta-la-velocidad-de-tu-celular-y-potencia-tu-productividad\/#primaryimage\"},\"thumbnailUrl\":\"http:\/\/universofamilia.com\/wp-content\/uploads\/sites\/148\/2024\/05\/P-550x350-1-3.jpg\",\"datePublished\":\"2024-05-07T19:30:35+00:00\",\"dateModified\":\"2025-11-21T02:18:08+00:00\",\"author\":{\"@id\":\"https:\/\/universofamilia.com\/el\/#\/schema\/person\/92fcd07e9b1f4323bf74f3170fc0f78a\"},\"description\":\"\u00a1Aumenta la Velocidad de Tu Celular y Potencia tu Productividad!. \u00bfAlguna vez has pensado en c\u00f3mo la velocidad de tu celular puede influir en tu...\",\"breadcrumb\":{\"@id\":\"https:\/\/universofamilia.com\/cs\/aumenta-la-velocidad-de-tu-celular-y-potencia-tu-productividad\/#breadcrumb\"},\"inLanguage\":\"hu\",\"potentialAction\":[{\"@type\":\"ReadAction\",\"target\":[\"https:\/\/universofamilia.com\/cs\/aumenta-la-velocidad-de-tu-celular-y-potencia-tu-productividad\/\"]}]},{\"@type\":\"ImageObject\",\"inLanguage\":\"hu\",\"@id\":\"https:\/\/universofamilia.com\/cs\/aumenta-la-velocidad-de-tu-celular-y-potencia-tu-productividad\/#primaryimage\",\"url\":\"http:\/\/universofamilia.com\/wp-content\/uploads\/sites\/148\/2024\/05\/P-550x350-1-3.jpg\",\"contentUrl\":\"http:\/\/universofamilia.com\/wp-content\/uploads\/sites\/148\/2024\/05\/P-550x350-1-3.jpg\",\"width\":550,\"height\":350,\"caption\":\"\u00a1Aumenta la Velocidad de Tu Celular y Potencia tu Productividad!\"},{\"@type\":\"BreadcrumbList\",\"@id\":\"https:\/\/universofamilia.com\/cs\/aumenta-la-velocidad-de-tu-celular-y-potencia-tu-productividad\/#breadcrumb\",\"itemListElement\":[{\"@type\":\"ListItem\",\"position\":1,\"name\":\"Home\",\"item\":\"https:\/\/universofamilia.com\/el\/\"},{\"@type\":\"ListItem\",\"position\":2,\"name\":\"\u00a1Aumenta la Velocidad de Tu Celular y Potencia tu Productividad!\"}]},{\"@type\":\"WebSite\",\"@id\":\"https:\/\/universofamilia.com\/el\/#website\",\"url\":\"https:\/\/universofamilia.com\/el\/\",\"name\":\"Universo Fam\u00edlia\",\"description\":\"\",\"potentialAction\":[{\"@type\":\"SearchAction\",\"target\":{\"@type\":\"EntryPoint\",\"urlTemplate\":\"https:\/\/universofamilia.com\/el\/?s={search_term_string}\"},\"query-input\":\"required name=search_term_string\"}],\"inLanguage\":\"hu\"},{\"@type\":\"Person\",\"@id\":\"https:\/\/universofamilia.com\/el\/#\/schema\/person\/92fcd07e9b1f4323bf74f3170fc0f78a\",\"name\":\"Matheus Sangaletti\",\"image\":{\"@type\":\"ImageObject\",\"inLanguage\":\"hu\",\"@id\":\"https:\/\/universofamilia.com\/el\/#\/schema\/person\/image\/\",\"url\":\"http:\/\/2.gravatar.com\/avatar\/280ea957a14a48e6a1ad2133d2cc27c9?s=96&d=mm&r=g\",\"contentUrl\":\"http:\/\/2.gravatar.com\/avatar\/280ea957a14a48e6a1ad2133d2cc27c9?s=96&d=mm&r=g\",\"caption\":\"Matheus Sangaletti\"},\"url\":\"http:\/\/universofamilia.com\/hu\/author\/matheuss\/\"}]}<\/script>\n<!-- \/ Yoast SEO plugin. -->","yoast_head_json":{"title":"\u00a1Aumenta la Velocidad de Tu Celular y Potencia tu Productividad! - Universo Fam\u00edlia","description":"\u00a1Aumenta la Velocidad de Tu Celular y Potencia tu Productividad!. \u00bfAlguna vez has pensado en c\u00f3mo la velocidad de tu celular puede influir en tu...","robots":{"index":"index","follow":"follow","max-snippet":"max-snippet:-1","max-image-preview":"max-image-preview:large","max-video-preview":"max-video-preview:-1"},"canonical":"https:\/\/universofamilia.com\/hu\/aumenta-la-velocidad-de-tu-celular-y-potencia-tu-productividad\/","og_locale":"hu_HU","og_type":"article","og_title":"\u00a1Aumenta la Velocidad de Tu Celular y Potencia tu Productividad! - Universo Fam\u00edlia","og_description":"\u00a1Aumenta la Velocidad de Tu Celular y Potencia tu Productividad!. \u00bfAlguna vez has pensado en c\u00f3mo la velocidad de tu celular puede influir en tu...","og_url":"https:\/\/universofamilia.com\/hu\/aumenta-la-velocidad-de-tu-celular-y-potencia-tu-productividad\/","og_site_name":"Universo Fam\u00edlia","article_published_time":"2024-05-07T19:30:35+00:00","article_modified_time":"2025-11-21T02:18:08+00:00","og_image":[{"width":550,"height":350,"url":"https:\/\/universofamilia.com\/wp-content\/uploads\/sites\/148\/2024\/05\/P-550x350-1-3.jpg","type":"image\/jpeg"}],"author":"Matheus Sangaletti","twitter_card":"summary_large_image","twitter_misc":{"Written by":"Matheus Sangaletti","Est. reading time":"5 perc"},"schema":{"@context":"https:\/\/schema.org","@graph":[{"@type":"WebPage","@id":"https:\/\/universofamilia.com\/cs\/aumenta-la-velocidad-de-tu-celular-y-potencia-tu-productividad\/","url":"https:\/\/universofamilia.com\/cs\/aumenta-la-velocidad-de-tu-celular-y-potencia-tu-productividad\/","name":"\u00a1Aumenta la Velocidad de Tu Celular y Potencia tu Productividad! - Universo Fam\u00edlia","isPartOf":{"@id":"https:\/\/universofamilia.com\/el\/#website"},"primaryImageOfPage":{"@id":"https:\/\/universofamilia.com\/cs\/aumenta-la-velocidad-de-tu-celular-y-potencia-tu-productividad\/#primaryimage"},"image":{"@id":"https:\/\/universofamilia.com\/cs\/aumenta-la-velocidad-de-tu-celular-y-potencia-tu-productividad\/#primaryimage"},"thumbnailUrl":"http:\/\/universofamilia.com\/wp-content\/uploads\/sites\/148\/2024\/05\/P-550x350-1-3.jpg","datePublished":"2024-05-07T19:30:35+00:00","dateModified":"2025-11-21T02:18:08+00:00","author":{"@id":"https:\/\/universofamilia.com\/el\/#\/schema\/person\/92fcd07e9b1f4323bf74f3170fc0f78a"},"description":"\u00a1Aumenta la Velocidad de Tu Celular y Potencia tu Productividad!. \u00bfAlguna vez has pensado en c\u00f3mo la velocidad de tu celular puede influir en tu...","breadcrumb":{"@id":"https:\/\/universofamilia.com\/cs\/aumenta-la-velocidad-de-tu-celular-y-potencia-tu-productividad\/#breadcrumb"},"inLanguage":"hu","potentialAction":[{"@type":"ReadAction","target":["https:\/\/universofamilia.com\/cs\/aumenta-la-velocidad-de-tu-celular-y-potencia-tu-productividad\/"]}]},{"@type":"ImageObject","inLanguage":"hu","@id":"https:\/\/universofamilia.com\/cs\/aumenta-la-velocidad-de-tu-celular-y-potencia-tu-productividad\/#primaryimage","url":"http:\/\/universofamilia.com\/wp-content\/uploads\/sites\/148\/2024\/05\/P-550x350-1-3.jpg","contentUrl":"http:\/\/universofamilia.com\/wp-content\/uploads\/sites\/148\/2024\/05\/P-550x350-1-3.jpg","width":550,"height":350,"caption":"\u00a1Aumenta la Velocidad de Tu Celular y Potencia tu Productividad!"},{"@type":"BreadcrumbList","@id":"https:\/\/universofamilia.com\/cs\/aumenta-la-velocidad-de-tu-celular-y-potencia-tu-productividad\/#breadcrumb","itemListElement":[{"@type":"ListItem","position":1,"name":"Home","item":"https:\/\/universofamilia.com\/el\/"},{"@type":"ListItem","position":2,"name":"\u00a1Aumenta la Velocidad de Tu Celular y Potencia tu Productividad!"}]},{"@type":"WebSite","@id":"https:\/\/universofamilia.com\/el\/#website","url":"https:\/\/universofamilia.com\/el\/","name":"Universo Fam\u00edlia","description":"","potentialAction":[{"@type":"SearchAction","target":{"@type":"EntryPoint","urlTemplate":"https:\/\/universofamilia.com\/el\/?s={search_term_string}"},"query-input":"required name=search_term_string"}],"inLanguage":"hu"},{"@type":"Person","@id":"https:\/\/universofamilia.com\/el\/#\/schema\/person\/92fcd07e9b1f4323bf74f3170fc0f78a","name":"Matheus Sangaletti","image":{"@type":"ImageObject","inLanguage":"hu","@id":"https:\/\/universofamilia.com\/el\/#\/schema\/person\/image\/","url":"http:\/\/2.gravatar.com\/avatar\/280ea957a14a48e6a1ad2133d2cc27c9?s=96&d=mm&r=g","contentUrl":"http:\/\/2.gravatar.com\/avatar\/280ea957a14a48e6a1ad2133d2cc27c9?s=96&d=mm&r=g","caption":"Matheus Sangaletti"},"url":"http:\/\/universofamilia.com\/hu\/author\/matheuss\/"}]}},"_links":{"self":[{"href":"http:\/\/universofamilia.com\/hu\/wp-json\/wp\/v2\/posts\/5894"}],"collection":[{"href":"http:\/\/universofamilia.com\/hu\/wp-json\/wp\/v2\/posts"}],"about":[{"href":"http:\/\/universofamilia.com\/hu\/wp-json\/wp\/v2\/types\/post"}],"author":[{"embeddable":true,"href":"http:\/\/universofamilia.com\/hu\/wp-json\/wp\/v2\/users\/219"}],"replies":[{"embeddable":true,"href":"http:\/\/universofamilia.com\/hu\/wp-json\/wp\/v2\/comments?post=5894"}],"version-history":[{"count":1,"href":"http:\/\/universofamilia.com\/hu\/wp-json\/wp\/v2\/posts\/5894\/revisions"}],"predecessor-version":[{"id":10386,"href":"http:\/\/universofamilia.com\/hu\/wp-json\/wp\/v2\/posts\/5894\/revisions\/10386"}],"wp:featuredmedia":[{"embeddable":true,"href":"http:\/\/universofamilia.com\/hu\/wp-json\/wp\/v2\/media\/5895"}],"wp:attachment":[{"href":"http:\/\/universofamilia.com\/hu\/wp-json\/wp\/v2\/media?parent=5894"}],"wp:term":[{"taxonomy":"category","embeddable":true,"href":"http:\/\/universofamilia.com\/hu\/wp-json\/wp\/v2\/categories?post=5894"},{"taxonomy":"post_tag","embeddable":true,"href":"http:\/\/universofamilia.com\/hu\/wp-json\/wp\/v2\/tags?post=5894"}],"curies":[{"name":"wp","href":"https:\/\/api.w.org\/{rel}","templated":true}]}}