{"id":5952,"date":"2024-05-14T19:23:32","date_gmt":"2024-05-14T22:23:32","guid":{"rendered":"https:\/\/universofamilia.com\/?p=5952"},"modified":"2025-10-13T18:40:50","modified_gmt":"2025-10-13T21:40:50","slug":"descubre-el-mundo-del-radio-walkie-talkie","status":"publish","type":"post","link":"http:\/\/universofamilia.com\/hu\/descubre-el-mundo-del-radio-walkie-talkie\/","title":{"rendered":"\ud83d\udcfb Fedezd fel a walkie-talkie-k vil\u00e1g\u00e1t\ud83d\udce1"},"content":{"rendered":"<p>\ud83d\udcfb Fedezd fel a walkie-talkie-k vil\u00e1g\u00e1t\ud83d\udce1<\/p>\n\n\n\n<p>\ud83d\udc4b Elk\u00e9pzelted m\u00e1r, hogy gyorsan \u00e9s k\u00f6nnyen kommunik\u00e1lhatsz, mint a k\u00e9mfilmekben?<\/p>\n\n\n\n<p>Nos, most m\u00e1r lehets\u00e9ges a walkie-talkie alkalmaz\u00e1sokkal! \ud83d\udd75\ufe0f\u200d\u2642\ufe0f<\/p>\n\n\n\n<h2 class=\"wp-block-heading\">Mi az a walkie-talkie r\u00e1di\u00f3?<\/h2>\n\n\n\n<p>\u0150 <strong>Walkie-talkie r\u00e1di\u00f3<\/strong> Ez egy olyan kommunik\u00e1ci\u00f3s eszk\u00f6z, amely lehet\u0151v\u00e9 teszi a hang\u00fczenetek azonnali cser\u00e9j\u00e9t k\u00e9t vagy t\u00f6bb ember k\u00f6z\u00f6tt, mobilh\u00e1l\u00f3zati infrastrukt\u00fara n\u00e9lk\u00fcl.<\/p>\n\n\n\n<p>Olyan, mintha egy vezet\u00e9k n\u00e9lk\u00fcli telefon lenne, csak modernebb \u00e9s praktikusabb. \ud83d\ude80<\/p>\n\n\n\n<p>Kor\u00e1bban a walkie-talkie r\u00e1di\u00f3 haszn\u00e1lat\u00e1hoz egy adott eszk\u00f6zt kellett v\u00e1s\u00e1rolni.<\/p>\n\n\n\n<p><\/p>\n\n\n\n<hr class=\"wp-block-separator has-text-color has-luminous-vivid-orange-color has-alpha-channel-opacity has-luminous-vivid-orange-background-color has-background\" \/>\n\n\n\n<h2 class=\"wp-block-heading\">Olvasd el m\u00e9g:<\/h2>\n\n\n\n<div class=\"wp-block-columns is-layout-flex wp-container-core-columns-layout-1 wp-block-columns-is-layout-flex\">\n<div class=\"wp-block-column is-layout-flow wp-block-column-is-layout-flow\">\n<div class=\"wp-block-buttons is-layout-flex wp-block-buttons-is-layout-flex\">\n<div class=\"wp-block-button has-custom-width wp-block-button__width-100\" style=\"text-decoration:none\"><a class=\"wp-block-button__link has-white-color has-vivid-cyan-blue-background-color has-text-color has-background has-link-color has-text-align-left wp-element-button\" href=\"https:\/\/universofamilia.com\/hu\/5893\/acelera-tu-celular-despierta-tu-productividad\/\" style=\"border-radius:10px\" target=\"_blank\" rel=\"noreferrer noopener\"><font style=\"vertical-align: inherit\"><font style=\"vertical-align: inherit\">\ud83d\udccc Gyors\u00edtsd fel a mobiltelefonod \ud83d\udcf1<\/font><\/font> &gt;<\/a><\/div>\n\n\n\n<div class=\"wp-block-button has-custom-width wp-block-button__width-100\" style=\"text-decoration:none\"><a class=\"wp-block-button__link has-white-color has-vivid-cyan-blue-background-color has-text-color has-background has-link-color has-text-align-left wp-element-button\" href=\"https:\/\/universofamilia.com\/hu\/5869\/descubre-quien-te-esta-observando-en-las-redes-sociales\/\" style=\"border-radius:10px\" target=\"_blank\" rel=\"noreferrer noopener\"><font style=\"vertical-align: inherit\"><font style=\"vertical-align: inherit\"><font style=\"vertical-align: inherit\"><font style=\"vertical-align: inherit\">\ud83d\udccc Kik l\u00e1togatt\u00e1k meg a profilodat?<\/font><\/font><\/font><\/font> &gt;<\/a><\/div>\n<\/div>\n<\/div>\n\n\n\n<div class=\"wp-block-column is-layout-flow wp-block-column-is-layout-flow\">\n<div class=\"wp-block-buttons is-layout-flex wp-block-buttons-is-layout-flex\">\n<div class=\"wp-block-button has-custom-width wp-block-button__width-100\" style=\"text-decoration:none\"><a class=\"wp-block-button__link has-white-color has-vivid-cyan-blue-background-color has-text-color has-background has-link-color has-text-align-left wp-element-button\" href=\"https:\/\/universofamilia.com\/hu\/5859\/el-encanto-de-las-telenovelas-turcas\/\" style=\"border-radius:10px\" target=\"_blank\" rel=\"noreferrer noopener\"><font style=\"vertical-align: inherit\"><font style=\"vertical-align: inherit\"><font style=\"vertical-align: inherit\"><font style=\"vertical-align: inherit\">\ud83d\udccd<\/font><\/font> T\u00f6r\u00f6k szappanoper\u00e1k &gt;<\/font><\/font><\/a><\/div>\n<\/div>\n<\/div>\n<\/div>\n\n\n\n<hr class=\"wp-block-separator has-text-color has-luminous-vivid-orange-color has-alpha-channel-opacity has-luminous-vivid-orange-background-color has-background\" \/>\n\n\n\n<p><\/p>\n\n\n\n<p>De ma, a technol\u00f3gia egyre gyorsabb fejl\u0151d\u00e9s\u00e9vel, minden k\u00f6nnyebb\u00e9 \u00e9s el\u00e9rhet\u0151bb\u00e9 v\u00e1lt. \ud83d\ude09<\/p>\n\n\n\n<p>Most, csak eggyel <strong>mobiltelefon-alkalmaz\u00e1s<\/strong>, a walkie-talkie r\u00e1di\u00f3 \u00f6sszes funkci\u00f3j\u00e1t a tenyeredben tarthatod!<\/p>\n\n\n\n<p>Igen, nem kell k\u00fcl\u00f6n eszk\u00f6zt cipelned, csak t\u00f6ltsd le az alkalmaz\u00e1st, \u00e9s m\u00e1ris elkezdhetsz kommunik\u00e1lni. \ud83d\udcf1\u2728<\/p>\n\n\n<div class=\"wp-block-image\">\n<figure class=\"aligncenter size-full\"><img loading=\"lazy\" decoding=\"async\" width=\"550\" height=\"350\" src=\"http:\/\/universofamilia.com\/wp-content\/uploads\/sites\/148\/2024\/05\/P-550x350-2.png\" alt=\"\" class=\"wp-image-5956\" srcset=\"http:\/\/universofamilia.com\/wp-content\/uploads\/sites\/148\/2024\/05\/P-550x350-2.png 550w, http:\/\/universofamilia.com\/wp-content\/uploads\/sites\/148\/2024\/05\/P-550x350-2-300x191.png 300w\" sizes=\"(max-width: 550px) 100vw, 550px\" \/><figcaption class=\"wp-element-caption\">\ud83d\udcfb Fedezd fel a walkie-talkie-k vil\u00e1g\u00e1t\ud83d\udce1<\/figcaption><\/figure><\/div>\n\n\n<h2 class=\"wp-block-heading\">A kommunik\u00e1ci\u00f3 \u00faj vil\u00e1ga: Mit tehetsz?<\/h2>\n\n\n\n<p>Ezekkel az innovat\u00edv alkalmaz\u00e1sokkal nem csak hangbesz\u00e9lget\u00e9sekre korl\u00e1toz\u00f3dhatsz. Zen\u00e9t hallgathatsz, val\u00f3s idej\u0171 inform\u00e1ci\u00f3kat kaphatsz, s\u0151t csoportos besz\u00e9lget\u00e9sekben is r\u00e9szt vehetsz.<\/p>\n\n\n\n<p>Olyan, mintha egy szem\u00e9lyre szabott r\u00e1di\u00f3d lenne, mindennel, amire sz\u00fcks\u00e9ged van, k\u00e9zn\u00e9l! \ud83c\udfb6\ud83d\udde3\ufe0f<\/p>\n\n\n\n<h3 class=\"wp-block-heading\">\u2b07\ufe0f T\u00f6ltsd le most!<\/h3>\n\n\n\n<p>Most, hogy alig v\u00e1rod, hogy kipr\u00f3b\u00e1ld ezt az \u00faj kommunik\u00e1ci\u00f3s m\u00f3dot, ne vesztegesd az id\u0151t! T\u00f6ltsd le az al\u00e1bbi alkalmaz\u00e1sokat.<\/p>\n\n\n\n<p>De miel\u0151tt elszaladn\u00e1l, olvass tov\u00e1bb, hogy t\u00f6bbet megtudj ezekr\u0151l a csod\u00e1latos eszk\u00f6z\u00f6kr\u0151l. \ud83d\ude09<\/p>\n\n\n\n<h2 class=\"wp-block-heading\">Mit mondanak a felhaszn\u00e1l\u00f3k<\/h2>\n\n\n\n<p>Miut\u00e1n kipr\u00f3b\u00e1lt\u00e1k ezeket az alkalmaz\u00e1sokat, a felhaszn\u00e1l\u00f3k im\u00e1dj\u00e1k \u0151ket! N\u00e9zze meg, mit mondanak:<\/p>\n\n\n\n<ul>\n<li><strong>Vil\u00e1gos \u00e9s k\u00f6nnyen haszn\u00e1lhat\u00f3 kommunik\u00e1ci\u00f3<\/strong>: \u201eNagyszer\u0171 a csapattal val\u00f3 kommunik\u00e1ci\u00f3hoz rendezv\u00e9nyek sor\u00e1n vagy gyenge mobil t\u00e9rer\u0151 eset\u00e9n. Az intuit\u00edv \u00e9s egyszer\u0171 kezel\u0151fel\u00fcletnek k\u00f6sz\u00f6nhet\u0151en m\u00e9g a gyerekek is k\u00f6nnyen haszn\u00e1lhatj\u00e1k.\u201d \ud83c\udf1f<\/li>\n\n\n\n<li><strong>Biztons\u00e1g az els\u0151 \u00e9s kiv\u00e1l\u00f3 hangmin\u0151s\u00e9g<\/strong>: \u201eBiztons\u00e1gban \u00e9rzem magam, tudv\u00e1n, hogy a besz\u00e9lget\u00e9seim priv\u00e1tak. A hangz\u00e1s krist\u00e1lytiszta \u00e9s z\u00f6kken\u0151mentes, m\u00e9g instabil jel\u0171 ter\u00fcleteken is.\u201d \ud83d\udd12\ud83c\udf99\ufe0f<\/li>\n\n\n\n<li><strong>Teljes eszk\u00f6z csapatok \u00e9s megb\u00edzhat\u00f3 kommunik\u00e1ci\u00f3 sz\u00e1m\u00e1ra<\/strong>: \u201eMinden, amire sz\u00fcks\u00e9gem van ahhoz, hogy a csapatom kapcsolatban maradjon \u00e9s fel\u00fcgyelve legyen, egy helyen van. Soha nem hagytam ki egyetlen h\u00edv\u00e1st vagy \u00fczenetet sem, m\u00e9g kritikus helyzetekben sem.\u201d \ud83d\udcbc\ud83d\udd27<\/li>\n<\/ul>\n\n\n\n<h2 class=\"wp-block-heading\">\ud83d\udcf1 Ismerd meg az alkalmaz\u00e1sokat<\/h2>\n\n\n\n<p>Most, hogy m\u00e1r k\u00e9pben vagy, itt az ideje, hogy megismerkedj azokkal az alkalmaz\u00e1sokkal, amelyek forradalmas\u00edtj\u00e1k a kommunik\u00e1ci\u00f3 m\u00f3dj\u00e1t:<\/p>\n\n\n\n<h4 class=\"wp-block-heading\">1. Zello walkie-talkie<\/h4>\n\n\n\n<ul>\n<li><strong>\u00c9rt\u00e9kel\u00e9s<\/strong>: \u2b50\u2b50\u2b50\u2b50\u2b50 (Google Play) \/ \u2b50\u2b50\u2b50\u2b50 (App Store)<\/li>\n\n\n\n<li><strong>Let\u00f6lt\u00e9si link<\/strong>:\n<ul>\n<li>Android: <a href=\"https:\/\/play.google.com\/store\/apps\/details?id=walkie.talkie.talk&amp;hl=en&amp;gl=US\" target=\"_blank\" rel=\"noreferrer noopener\">Kattintson ide<\/a><\/li>\n\n\n\n<li>iOS: <a href=\"https:\/\/apps.apple.com\/us\/app\/walkie-talkie\/id1459550430\" target=\"_blank\" rel=\"noreferrer noopener\">Kattintson ide<\/a><\/li>\n<\/ul>\n<\/li>\n<\/ul>\n\n\n\n<h4 class=\"wp-block-heading\">2. Voxer walkie-talkie<\/h4>\n\n\n\n<ul>\n<li><strong>\u00c9rt\u00e9kel\u00e9s<\/strong>: \u2b50\u2b50\u2b50\u2b50\u2b50 (Google Play) \/ \u2b50\u2b50\u2b50\u2b50 (App Store)<\/li>\n\n\n\n<li><strong>Let\u00f6lt\u00e9si link<\/strong>:\n<ul>\n<li>Android: <a href=\"https:\/\/play.google.com\/store\/apps\/details?id=walkie.talkie.talk&amp;hl=en&amp;gl=US\" target=\"_blank\" rel=\"noreferrer noopener\">Kattintson ide<\/a><\/li>\n\n\n\n<li>iOS: <a href=\"https:\/\/apps.apple.com\/us\/app\/walkie-talkie\/id1459550430\" target=\"_blank\" rel=\"noreferrer noopener\">Kattintson ide<\/a><\/li>\n<\/ul>\n<\/li>\n<\/ul>\n\n\n\n<h4 class=\"wp-block-heading\">3. BiPTT<\/h4>\n\n\n\n<ul>\n<li><strong>\u00c9rt\u00e9kel\u00e9s<\/strong>: \u2b50\u2b50\u2b50\u2b50\u2b50 (Google Play) \/ \u2b50\u2b50\u2b50\u2b50 (App Store)<\/li>\n\n\n\n<li><strong>Let\u00f6lt\u00e9si link<\/strong>:\n<ul>\n<li>Android: <a href=\"https:\/\/play.google.com\/store\/apps\/details?id=walkie.talkie.talk&amp;hl=en&amp;gl=US\" target=\"_blank\" rel=\"noreferrer noopener\">Kattintson ide<\/a><\/li>\n\n\n\n<li>iOS: <a href=\"https:\/\/apps.apple.com\/us\/app\/walkie-talkie\/id1459550430\" target=\"_blank\" rel=\"noreferrer noopener\">Kattintson ide<\/a><\/li>\n<\/ul>\n<\/li>\n<\/ul>\n\n\n\n<h2 class=\"wp-block-heading\">\ud83c\udf1f Konkl\u00fazi\u00f3: V\u00e1laszd ki a kedvenc alkalmaz\u00e1sodat!<\/h2>\n\n\n\n<p>Miel\u0151tt b\u00e1rmilyen alkalmaz\u00e1st let\u00f6lten\u00e9l, ne felejtsd el elolvasni a felhaszn\u00e1l\u00f3i v\u00e9lem\u00e9nyeket, \u00e9s ellen\u0151rizd a sz\u00fcks\u00e9ges enged\u00e9lyeket.<\/p>\n\n\n\n<p><\/p>\n\n\n\n<hr class=\"wp-block-separator has-text-color has-luminous-vivid-orange-color has-alpha-channel-opacity has-luminous-vivid-orange-background-color has-background\" \/>\n\n\n\n<h2 class=\"wp-block-heading\">Olvasd el m\u00e9g:<\/h2>\n\n\n\n<div class=\"wp-block-columns is-layout-flex wp-container-core-columns-layout-2 wp-block-columns-is-layout-flex\">\n<div class=\"wp-block-column is-layout-flow wp-block-column-is-layout-flow\">\n<div class=\"wp-block-buttons is-layout-flex wp-block-buttons-is-layout-flex\">\n<div class=\"wp-block-button has-custom-width wp-block-button__width-100\" style=\"text-decoration:none\"><a class=\"wp-block-button__link has-white-color has-vivid-cyan-blue-background-color has-text-color has-background has-link-color has-text-align-left wp-element-button\" href=\"https:\/\/universofamilia.com\/hu\/5893\/acelera-tu-celular-despierta-tu-productividad\/\" style=\"border-radius:10px\" target=\"_blank\" rel=\"noreferrer noopener\"><font style=\"vertical-align: inherit\"><font style=\"vertical-align: inherit\">\ud83d\udccc Gyors\u00edtsd fel a mobiltelefonod \ud83d\udcf1<\/font><\/font> &gt;<\/a><\/div>\n\n\n\n<div class=\"wp-block-button has-custom-width wp-block-button__width-100\" style=\"text-decoration:none\"><a class=\"wp-block-button__link has-white-color has-vivid-cyan-blue-background-color has-text-color has-background has-link-color has-text-align-left wp-element-button\" href=\"https:\/\/universofamilia.com\/hu\/5869\/descubre-quien-te-esta-observando-en-las-redes-sociales\/\" style=\"border-radius:10px\" target=\"_blank\" rel=\"noreferrer noopener\"><font style=\"vertical-align: inherit\"><font style=\"vertical-align: inherit\"><font style=\"vertical-align: inherit\"><font style=\"vertical-align: inherit\">\ud83d\udccc Kik l\u00e1togatt\u00e1k meg a profilodat?<\/font><\/font><\/font><\/font> &gt;<\/a><\/div>\n<\/div>\n<\/div>\n\n\n\n<div class=\"wp-block-column is-layout-flow wp-block-column-is-layout-flow\">\n<div class=\"wp-block-buttons is-layout-flex wp-block-buttons-is-layout-flex\">\n<div class=\"wp-block-button has-custom-width wp-block-button__width-100\" style=\"text-decoration:none\"><a class=\"wp-block-button__link has-white-color has-vivid-cyan-blue-background-color has-text-color has-background has-link-color has-text-align-left wp-element-button\" href=\"https:\/\/universofamilia.com\/hu\/5859\/el-encanto-de-las-telenovelas-turcas\/\" style=\"border-radius:10px\" target=\"_blank\" rel=\"noreferrer noopener\"><font style=\"vertical-align: inherit\"><font style=\"vertical-align: inherit\"><font style=\"vertical-align: inherit\"><font style=\"vertical-align: inherit\">\ud83d\udccd<\/font><\/font> T\u00f6r\u00f6k szappanoper\u00e1k &gt;<\/font><\/font><\/a><\/div>\n<\/div>\n<\/div>\n<\/div>\n\n\n\n<hr class=\"wp-block-separator has-text-color has-luminous-vivid-orange-color has-alpha-channel-opacity has-luminous-vivid-orange-background-color has-background\" \/>\n\n\n\n<p><\/p>\n\n\n\n<p>Pr\u00f3b\u00e1ld ki az alkalmaz\u00e1sokat, hogy megtudd, melyik m\u0171k\u00f6dik a legjobban sz\u00e1modra \u00e9s az ig\u00e9nyeidnek. Haszn\u00e1lj er\u0151s jelsz\u00f3t fi\u00f3kod \u00e9s adataid v\u00e9delme \u00e9rdek\u00e9ben.<\/p>\n\n\n\n<p>Rem\u00e9lem, ez az inform\u00e1ci\u00f3 seg\u00edt megtal\u00e1lni az ide\u00e1lis walkie-talkie alkalmaz\u00e1st a v\u00e9delmedhez! \ud83d\ude80\ud83d\udcf2<\/p>","protected":false},"excerpt":{"rendered":"<p>\ud83d\udcfb Fedezd fel a walkie-talkie vil\u00e1g\u00e1t \ud83d\udce1 \ud83d\udc4b Elk\u00e9pzelted m\u00e1r, hogy gyorsan \u00e9s egyszer\u0171en kommunik\u00e1lhatsz, mint a k\u00e9mfilmekben? Nos, most ez lehets\u00e9ges a walkie-talkie alkalmaz\u00e1sokkal! \ud83d\udd75\ufe0f\u200d\u2642\ufe0f Mi az a walkie-talkie? A walkie-talkie egy kommunik\u00e1ci\u00f3s eszk\u00f6z, amely lehet\u0151v\u00e9 teszi [\u2026]<\/p>","protected":false},"author":218,"featured_media":5956,"comment_status":"closed","ping_status":"open","sticky":false,"template":"","format":"standard","meta":{"footnotes":""},"categories":[2],"tags":[1320,1321,1668],"yoast_head":"<!-- This site is optimized with the Yoast SEO plugin v23.3 - https:\/\/yoast.com\/wordpress\/plugins\/seo\/ -->\n<title>\ud83d\udcfb Descubre el Mundo del Radio Walkie Talkie\ud83d\udce1 - Universo Fam\u00edlia<\/title>\n<meta name=\"description\" content=\"\ud83d\udcfb Descubre el Mundo del Radio Walkie Talkie\ud83d\udce1\ud83d\udc4b \u00bfAlguna vez has imaginado poder comunicarte de manera r\u00e1pida y sencilla...\" \/>\n<meta name=\"robots\" content=\"index, follow, max-snippet:-1, max-image-preview:large, max-video-preview:-1\" \/>\n<link rel=\"canonical\" href=\"http:\/\/universofamilia.com\/hu\/\u043e\u0442\u043a\u0440\u0438\u0458\u0442\u0435-\u0441\u0432\u0435\u0442-\u0432\u043e\u043a\u0438-\u0442\u043e\u043a\u0438\u0458\u0430\/\" \/>\n<meta property=\"og:locale\" content=\"hu_HU\" \/>\n<meta property=\"og:type\" content=\"article\" \/>\n<meta property=\"og:title\" content=\"\ud83d\udcfb Descubre el Mundo del Radio Walkie Talkie\ud83d\udce1 - Universo Fam\u00edlia\" \/>\n<meta property=\"og:description\" content=\"\ud83d\udcfb Descubre el Mundo del Radio Walkie Talkie\ud83d\udce1\ud83d\udc4b \u00bfAlguna vez has imaginado poder comunicarte de manera r\u00e1pida y sencilla...\" \/>\n<meta property=\"og:url\" content=\"http:\/\/universofamilia.com\/hu\/\u043e\u0442\u043a\u0440\u0438\u0458\u0442\u0435-\u0441\u0432\u0435\u0442-\u0432\u043e\u043a\u0438-\u0442\u043e\u043a\u0438\u0458\u0430\/\" \/>\n<meta property=\"og:site_name\" content=\"Universo Fam\u00edlia\" \/>\n<meta property=\"article:published_time\" content=\"2024-05-14T22:23:32+00:00\" \/>\n<meta property=\"article:modified_time\" content=\"2025-10-13T21:40:50+00:00\" \/>\n<meta property=\"og:image\" content=\"http:\/\/universofamilia.com\/wp-content\/uploads\/sites\/148\/2024\/05\/P-550x350-2.png\" \/>\n\t<meta property=\"og:image:width\" content=\"550\" \/>\n\t<meta property=\"og:image:height\" content=\"350\" \/>\n\t<meta property=\"og:image:type\" content=\"image\/png\" \/>\n<meta name=\"author\" content=\"Jos\u00e9 Guilherme\" \/>\n<meta name=\"twitter:card\" content=\"summary_large_image\" \/>\n<meta name=\"twitter:label1\" content=\"Written by\" \/>\n\t<meta name=\"twitter:data1\" content=\"Jos\u00e9 Guilherme\" \/>\n\t<meta name=\"twitter:label2\" content=\"Est. reading time\" \/>\n\t<meta name=\"twitter:data2\" content=\"4 perc\" \/>\n<script type=\"application\/ld+json\" class=\"yoast-schema-graph\">{\"@context\":\"https:\/\/schema.org\",\"@graph\":[{\"@type\":\"WebPage\",\"@id\":\"http:\/\/universofamilia.com\/sr\/\u043e\u0442\u043a\u0440\u0438\u0458\u0442\u0435-\u0441\u0432\u0435\u0442-\u0432\u043e\u043a\u0438-\u0442\u043e\u043a\u0438\u0458\u0430\/\",\"url\":\"http:\/\/universofamilia.com\/sr\/\u043e\u0442\u043a\u0440\u0438\u0458\u0442\u0435-\u0441\u0432\u0435\u0442-\u0432\u043e\u043a\u0438-\u0442\u043e\u043a\u0438\u0458\u0430\/\",\"name\":\"\ud83d\udcfb Descubre el Mundo del Radio Walkie Talkie\ud83d\udce1 - Universo Fam\u00edlia\",\"isPartOf\":{\"@id\":\"https:\/\/universofamilia.com\/el\/#website\"},\"primaryImageOfPage\":{\"@id\":\"http:\/\/universofamilia.com\/sr\/\u043e\u0442\u043a\u0440\u0438\u0458\u0442\u0435-\u0441\u0432\u0435\u0442-\u0432\u043e\u043a\u0438-\u0442\u043e\u043a\u0438\u0458\u0430\/#primaryimage\"},\"image\":{\"@id\":\"http:\/\/universofamilia.com\/sr\/\u043e\u0442\u043a\u0440\u0438\u0458\u0442\u0435-\u0441\u0432\u0435\u0442-\u0432\u043e\u043a\u0438-\u0442\u043e\u043a\u0438\u0458\u0430\/#primaryimage\"},\"thumbnailUrl\":\"http:\/\/universofamilia.com\/wp-content\/uploads\/sites\/148\/2024\/05\/P-550x350-2.png\",\"datePublished\":\"2024-05-14T22:23:32+00:00\",\"dateModified\":\"2025-10-13T21:40:50+00:00\",\"author\":{\"@id\":\"https:\/\/universofamilia.com\/el\/#\/schema\/person\/e25a79414e7b182a75ef38581f2644f0\"},\"description\":\"\ud83d\udcfb Descubre el Mundo del Radio Walkie Talkie\ud83d\udce1\ud83d\udc4b \u00bfAlguna vez has imaginado poder comunicarte de manera r\u00e1pida y sencilla...\",\"breadcrumb\":{\"@id\":\"http:\/\/universofamilia.com\/sr\/\u043e\u0442\u043a\u0440\u0438\u0458\u0442\u0435-\u0441\u0432\u0435\u0442-\u0432\u043e\u043a\u0438-\u0442\u043e\u043a\u0438\u0458\u0430\/#breadcrumb\"},\"inLanguage\":\"hu\",\"potentialAction\":[{\"@type\":\"ReadAction\",\"target\":[\"http:\/\/universofamilia.com\/sr\/\u043e\u0442\u043a\u0440\u0438\u0458\u0442\u0435-\u0441\u0432\u0435\u0442-\u0432\u043e\u043a\u0438-\u0442\u043e\u043a\u0438\u0458\u0430\/\"]}]},{\"@type\":\"ImageObject\",\"inLanguage\":\"hu\",\"@id\":\"http:\/\/universofamilia.com\/sr\/\u043e\u0442\u043a\u0440\u0438\u0458\u0442\u0435-\u0441\u0432\u0435\u0442-\u0432\u043e\u043a\u0438-\u0442\u043e\u043a\u0438\u0458\u0430\/#primaryimage\",\"url\":\"http:\/\/universofamilia.com\/wp-content\/uploads\/sites\/148\/2024\/05\/P-550x350-2.png\",\"contentUrl\":\"http:\/\/universofamilia.com\/wp-content\/uploads\/sites\/148\/2024\/05\/P-550x350-2.png\",\"width\":550,\"height\":350,\"caption\":\"\ud83d\udcfb Descubre el Mundo del Radio Walkie Talkie\ud83d\udce1\"},{\"@type\":\"BreadcrumbList\",\"@id\":\"http:\/\/universofamilia.com\/sr\/\u043e\u0442\u043a\u0440\u0438\u0458\u0442\u0435-\u0441\u0432\u0435\u0442-\u0432\u043e\u043a\u0438-\u0442\u043e\u043a\u0438\u0458\u0430\/#breadcrumb\",\"itemListElement\":[{\"@type\":\"ListItem\",\"position\":1,\"name\":\"Home\",\"item\":\"https:\/\/universofamilia.com\/el\/\"},{\"@type\":\"ListItem\",\"position\":2,\"name\":\"\ud83d\udcfb Descubre el Mundo del Radio Walkie Talkie\ud83d\udce1\"}]},{\"@type\":\"WebSite\",\"@id\":\"https:\/\/universofamilia.com\/el\/#website\",\"url\":\"https:\/\/universofamilia.com\/el\/\",\"name\":\"Universo Fam\u00edlia\",\"description\":\"\",\"potentialAction\":[{\"@type\":\"SearchAction\",\"target\":{\"@type\":\"EntryPoint\",\"urlTemplate\":\"https:\/\/universofamilia.com\/el\/?s={search_term_string}\"},\"query-input\":\"required name=search_term_string\"}],\"inLanguage\":\"hu\"},{\"@type\":\"Person\",\"@id\":\"https:\/\/universofamilia.com\/el\/#\/schema\/person\/e25a79414e7b182a75ef38581f2644f0\",\"name\":\"Jos\u00e9 Guilherme\",\"image\":{\"@type\":\"ImageObject\",\"inLanguage\":\"hu\",\"@id\":\"https:\/\/universofamilia.com\/el\/#\/schema\/person\/image\/\",\"url\":\"http:\/\/0.gravatar.com\/avatar\/032cf2a1d86541f7dbb0d90a17751441?s=96&d=mm&r=g\",\"contentUrl\":\"http:\/\/0.gravatar.com\/avatar\/032cf2a1d86541f7dbb0d90a17751441?s=96&d=mm&r=g\",\"caption\":\"Jos\u00e9 Guilherme\"},\"url\":\"http:\/\/universofamilia.com\/hu\/author\/jguilherme\/\"}]}<\/script>\n<!-- \/ Yoast SEO plugin. -->","yoast_head_json":{"title":"\ud83d\udcfb Descubre el Mundo del Radio Walkie Talkie\ud83d\udce1 - Universo Fam\u00edlia","description":"\ud83d\udcfb Descubre el Mundo del Radio Walkie Talkie\ud83d\udce1\ud83d\udc4b \u00bfAlguna vez has imaginado poder comunicarte de manera r\u00e1pida y sencilla...","robots":{"index":"index","follow":"follow","max-snippet":"max-snippet:-1","max-image-preview":"max-image-preview:large","max-video-preview":"max-video-preview:-1"},"canonical":"http:\/\/universofamilia.com\/hu\/\u043e\u0442\u043a\u0440\u0438\u0458\u0442\u0435-\u0441\u0432\u0435\u0442-\u0432\u043e\u043a\u0438-\u0442\u043e\u043a\u0438\u0458\u0430\/","og_locale":"hu_HU","og_type":"article","og_title":"\ud83d\udcfb Descubre el Mundo del Radio Walkie Talkie\ud83d\udce1 - Universo Fam\u00edlia","og_description":"\ud83d\udcfb Descubre el Mundo del Radio Walkie Talkie\ud83d\udce1\ud83d\udc4b \u00bfAlguna vez has imaginado poder comunicarte de manera r\u00e1pida y sencilla...","og_url":"http:\/\/universofamilia.com\/hu\/\u043e\u0442\u043a\u0440\u0438\u0458\u0442\u0435-\u0441\u0432\u0435\u0442-\u0432\u043e\u043a\u0438-\u0442\u043e\u043a\u0438\u0458\u0430\/","og_site_name":"Universo Fam\u00edlia","article_published_time":"2024-05-14T22:23:32+00:00","article_modified_time":"2025-10-13T21:40:50+00:00","og_image":[{"width":550,"height":350,"url":"http:\/\/universofamilia.com\/wp-content\/uploads\/sites\/148\/2024\/05\/P-550x350-2.png","type":"image\/png"}],"author":"Jos\u00e9 Guilherme","twitter_card":"summary_large_image","twitter_misc":{"Written by":"Jos\u00e9 Guilherme","Est. reading time":"4 perc"},"schema":{"@context":"https:\/\/schema.org","@graph":[{"@type":"WebPage","@id":"http:\/\/universofamilia.com\/sr\/\u043e\u0442\u043a\u0440\u0438\u0458\u0442\u0435-\u0441\u0432\u0435\u0442-\u0432\u043e\u043a\u0438-\u0442\u043e\u043a\u0438\u0458\u0430\/","url":"http:\/\/universofamilia.com\/sr\/\u043e\u0442\u043a\u0440\u0438\u0458\u0442\u0435-\u0441\u0432\u0435\u0442-\u0432\u043e\u043a\u0438-\u0442\u043e\u043a\u0438\u0458\u0430\/","name":"\ud83d\udcfb Descubre el Mundo del Radio Walkie Talkie\ud83d\udce1 - Universo Fam\u00edlia","isPartOf":{"@id":"https:\/\/universofamilia.com\/el\/#website"},"primaryImageOfPage":{"@id":"http:\/\/universofamilia.com\/sr\/\u043e\u0442\u043a\u0440\u0438\u0458\u0442\u0435-\u0441\u0432\u0435\u0442-\u0432\u043e\u043a\u0438-\u0442\u043e\u043a\u0438\u0458\u0430\/#primaryimage"},"image":{"@id":"http:\/\/universofamilia.com\/sr\/\u043e\u0442\u043a\u0440\u0438\u0458\u0442\u0435-\u0441\u0432\u0435\u0442-\u0432\u043e\u043a\u0438-\u0442\u043e\u043a\u0438\u0458\u0430\/#primaryimage"},"thumbnailUrl":"http:\/\/universofamilia.com\/wp-content\/uploads\/sites\/148\/2024\/05\/P-550x350-2.png","datePublished":"2024-05-14T22:23:32+00:00","dateModified":"2025-10-13T21:40:50+00:00","author":{"@id":"https:\/\/universofamilia.com\/el\/#\/schema\/person\/e25a79414e7b182a75ef38581f2644f0"},"description":"\ud83d\udcfb Descubre el Mundo del Radio Walkie Talkie\ud83d\udce1\ud83d\udc4b \u00bfAlguna vez has imaginado poder comunicarte de manera r\u00e1pida y sencilla...","breadcrumb":{"@id":"http:\/\/universofamilia.com\/sr\/\u043e\u0442\u043a\u0440\u0438\u0458\u0442\u0435-\u0441\u0432\u0435\u0442-\u0432\u043e\u043a\u0438-\u0442\u043e\u043a\u0438\u0458\u0430\/#breadcrumb"},"inLanguage":"hu","potentialAction":[{"@type":"ReadAction","target":["http:\/\/universofamilia.com\/sr\/\u043e\u0442\u043a\u0440\u0438\u0458\u0442\u0435-\u0441\u0432\u0435\u0442-\u0432\u043e\u043a\u0438-\u0442\u043e\u043a\u0438\u0458\u0430\/"]}]},{"@type":"ImageObject","inLanguage":"hu","@id":"http:\/\/universofamilia.com\/sr\/\u043e\u0442\u043a\u0440\u0438\u0458\u0442\u0435-\u0441\u0432\u0435\u0442-\u0432\u043e\u043a\u0438-\u0442\u043e\u043a\u0438\u0458\u0430\/#primaryimage","url":"http:\/\/universofamilia.com\/wp-content\/uploads\/sites\/148\/2024\/05\/P-550x350-2.png","contentUrl":"http:\/\/universofamilia.com\/wp-content\/uploads\/sites\/148\/2024\/05\/P-550x350-2.png","width":550,"height":350,"caption":"\ud83d\udcfb Descubre el Mundo del Radio Walkie Talkie\ud83d\udce1"},{"@type":"BreadcrumbList","@id":"http:\/\/universofamilia.com\/sr\/\u043e\u0442\u043a\u0440\u0438\u0458\u0442\u0435-\u0441\u0432\u0435\u0442-\u0432\u043e\u043a\u0438-\u0442\u043e\u043a\u0438\u0458\u0430\/#breadcrumb","itemListElement":[{"@type":"ListItem","position":1,"name":"Home","item":"https:\/\/universofamilia.com\/el\/"},{"@type":"ListItem","position":2,"name":"\ud83d\udcfb Descubre el Mundo del Radio Walkie Talkie\ud83d\udce1"}]},{"@type":"WebSite","@id":"https:\/\/universofamilia.com\/el\/#website","url":"https:\/\/universofamilia.com\/el\/","name":"Universo Fam\u00edlia","description":"","potentialAction":[{"@type":"SearchAction","target":{"@type":"EntryPoint","urlTemplate":"https:\/\/universofamilia.com\/el\/?s={search_term_string}"},"query-input":"required name=search_term_string"}],"inLanguage":"hu"},{"@type":"Person","@id":"https:\/\/universofamilia.com\/el\/#\/schema\/person\/e25a79414e7b182a75ef38581f2644f0","name":"Jos\u00e9 Guilherme","image":{"@type":"ImageObject","inLanguage":"hu","@id":"https:\/\/universofamilia.com\/el\/#\/schema\/person\/image\/","url":"http:\/\/0.gravatar.com\/avatar\/032cf2a1d86541f7dbb0d90a17751441?s=96&d=mm&r=g","contentUrl":"http:\/\/0.gravatar.com\/avatar\/032cf2a1d86541f7dbb0d90a17751441?s=96&d=mm&r=g","caption":"Jos\u00e9 Guilherme"},"url":"http:\/\/universofamilia.com\/hu\/author\/jguilherme\/"}]}},"_links":{"self":[{"href":"http:\/\/universofamilia.com\/hu\/wp-json\/wp\/v2\/posts\/5952"}],"collection":[{"href":"http:\/\/universofamilia.com\/hu\/wp-json\/wp\/v2\/posts"}],"about":[{"href":"http:\/\/universofamilia.com\/hu\/wp-json\/wp\/v2\/types\/post"}],"author":[{"embeddable":true,"href":"http:\/\/universofamilia.com\/hu\/wp-json\/wp\/v2\/users\/218"}],"replies":[{"embeddable":true,"href":"http:\/\/universofamilia.com\/hu\/wp-json\/wp\/v2\/comments?post=5952"}],"version-history":[{"count":1,"href":"http:\/\/universofamilia.com\/hu\/wp-json\/wp\/v2\/posts\/5952\/revisions"}],"predecessor-version":[{"id":10124,"href":"http:\/\/universofamilia.com\/hu\/wp-json\/wp\/v2\/posts\/5952\/revisions\/10124"}],"wp:featuredmedia":[{"embeddable":true,"href":"http:\/\/universofamilia.com\/hu\/wp-json\/wp\/v2\/media\/5956"}],"wp:attachment":[{"href":"http:\/\/universofamilia.com\/hu\/wp-json\/wp\/v2\/media?parent=5952"}],"wp:term":[{"taxonomy":"category","embeddable":true,"href":"http:\/\/universofamilia.com\/hu\/wp-json\/wp\/v2\/categories?post=5952"},{"taxonomy":"post_tag","embeddable":true,"href":"http:\/\/universofamilia.com\/hu\/wp-json\/wp\/v2\/tags?post=5952"}],"curies":[{"name":"wp","href":"https:\/\/api.w.org\/{rel}","templated":true}]}}