{"id":5953,"date":"2024-05-14T19:17:38","date_gmt":"2024-05-14T22:17:38","guid":{"rendered":"https:\/\/universofamilia.com\/?p=5953"},"modified":"2025-10-13T22:02:01","modified_gmt":"2025-10-14T01:02:01","slug":"descubre-el-mundo-del-radio-walkie-talkie-en-tu-celular","status":"publish","type":"post","link":"http:\/\/universofamilia.com\/hu\/descubre-el-mundo-del-radio-walkie-talkie-en-tu-celular\/","title":{"rendered":"Fedezd fel a walkie-talkie r\u00e1di\u00f3 vil\u00e1g\u00e1t a mobiltelefonodon! \ud83d\udcfb\ud83d\udcf1"},"content":{"rendered":"<p>Hallott\u00e1l m\u00e1r a csod\u00e1latos walkie-talkie r\u00e1di\u00f3kr\u00f3l?<\/p>\n\n\n\n<p>Ezek az eszk\u00f6z\u00f6k mindig is izgalmas m\u00f3dj\u00e1t jelentett\u00e9k a nagy t\u00e1vols\u00e1g\u00fa kommunik\u00e1ci\u00f3nak, mobilh\u00e1l\u00f3zat n\u00e9lk\u00fcl.<\/p>\n\n\n\n<p>De itt egy izgalmas \u00faj funkci\u00f3: Mostant\u00f3l a walkie-talkie minden izgalm\u00e1t \u00e9s hasznoss\u00e1g\u00e1t k\u00f6zvetlen\u00fcl a mobiltelefonodon is megtapasztalhatod! \ud83d\ude32\ud83d\udcf1<\/p>\n\n\n\n<p><\/p>\n\n\n\n<hr class=\"wp-block-separator has-text-color has-luminous-vivid-orange-color has-alpha-channel-opacity has-luminous-vivid-orange-background-color has-background\" \/>\n\n\n\n<h2 class=\"wp-block-heading\">Olvasd el m\u00e9g:<\/h2>\n\n\n\n<div class=\"wp-block-columns is-layout-flex wp-container-core-columns-layout-1 wp-block-columns-is-layout-flex\">\n<div class=\"wp-block-column is-layout-flow wp-block-column-is-layout-flow\">\n<div class=\"wp-block-buttons is-layout-flex wp-block-buttons-is-layout-flex\">\n<div class=\"wp-block-button has-custom-width wp-block-button__width-100\" style=\"text-decoration:none\"><a class=\"wp-block-button__link has-white-color has-vivid-cyan-blue-background-color has-text-color has-background has-link-color has-text-align-left wp-element-button\" href=\"https:\/\/universofamilia.com\/hu\/5893\/acelera-tu-celular-despierta-tu-productividad\/\" style=\"border-radius:10px\" target=\"_blank\" rel=\"noreferrer noopener\"><font style=\"vertical-align: inherit\"><font style=\"vertical-align: inherit\">\ud83d\udccc Gyors\u00edtsd fel a mobiltelefonod \ud83d\udcf1<\/font><\/font> &gt;<\/a><\/div>\n\n\n\n<div class=\"wp-block-button has-custom-width wp-block-button__width-100\" style=\"text-decoration:none\"><a class=\"wp-block-button__link has-white-color has-vivid-cyan-blue-background-color has-text-color has-background has-link-color has-text-align-left wp-element-button\" href=\"https:\/\/universofamilia.com\/hu\/5869\/descubre-quien-te-esta-observando-en-las-redes-sociales\/\" style=\"border-radius:10px\" target=\"_blank\" rel=\"noreferrer noopener\"><font style=\"vertical-align: inherit\"><font style=\"vertical-align: inherit\"><font style=\"vertical-align: inherit\"><font style=\"vertical-align: inherit\">\ud83d\udccc Kik l\u00e1togatt\u00e1k meg a profilodat?<\/font><\/font><\/font><\/font> &gt;<\/a><\/div>\n<\/div>\n<\/div>\n\n\n\n<div class=\"wp-block-column is-layout-flow wp-block-column-is-layout-flow\">\n<div class=\"wp-block-buttons is-layout-flex wp-block-buttons-is-layout-flex\">\n<div class=\"wp-block-button has-custom-width wp-block-button__width-100\" style=\"text-decoration:none\"><a class=\"wp-block-button__link has-white-color has-vivid-cyan-blue-background-color has-text-color has-background has-link-color has-text-align-left wp-element-button\" href=\"https:\/\/universofamilia.com\/hu\/5859\/el-encanto-de-las-telenovelas-turcas\/\" style=\"border-radius:10px\" target=\"_blank\" rel=\"noreferrer noopener\"><font style=\"vertical-align: inherit\"><font style=\"vertical-align: inherit\"><font style=\"vertical-align: inherit\"><font style=\"vertical-align: inherit\">\ud83d\udccd<\/font><\/font> T\u00f6r\u00f6k szappanoper\u00e1k &gt;<\/font><\/font><\/a><\/div>\n<\/div>\n<\/div>\n<\/div>\n\n\n\n<hr class=\"wp-block-separator has-text-color has-luminous-vivid-orange-color has-alpha-channel-opacity has-luminous-vivid-orange-background-color has-background\" \/>\n\n\n\n<p><\/p>\n\n\n\n<h2 class=\"wp-block-heading\"><strong>Mi az a walkie-talkie r\u00e1di\u00f3?<\/strong><\/h2>\n\n\n\n<p>Miel\u0151tt belemer\u00fcln\u00e9nk a walkie-talkie alkalmaz\u00e1sok vil\u00e1g\u00e1ba, n\u00e9zz\u00fck meg, hogy pontosan mi is az a walkie-talkie.<\/p>\n\n\n\n<p>K\u00e9pzeljen el egy kicsi, hordozhat\u00f3 \u00e9s nagy teljes\u00edtm\u00e9ny\u0171 eszk\u00f6zt, amely lehet\u0151v\u00e9 teszi, hogy val\u00f3s id\u0151ben kommunik\u00e1ljon m\u00e1sokkal, an\u00e9lk\u00fcl, hogy sz\u00fcks\u00e9ge lenne egy ad\u00f3toronyra.<\/p>\n\n\n\n<p>\u00cdgy van, olyan, mintha b\u00e1rhol is vagy, a saj\u00e1t priv\u00e1t kommunik\u00e1ci\u00f3s rendszered lenne!<\/p>\n\n\n\n<h2 class=\"wp-block-heading\"><strong>Nem kell walkie-talkie r\u00e1di\u00f3t venni!<\/strong><\/h2>\n\n\n\n<p>\u00c9s itt a legjobb r\u00e9sz: t\u00f6bb\u00e9 nem kell fizikai eszk\u00f6z\u00f6kbe fektetned!<\/p>\n\n\n\n<p>A technol\u00f3gia fejl\u0151d\u00e9s\u00e9vel ma m\u00e1r egy walkie-talkie \u00f6sszes funkci\u00f3j\u00e1t k\u00f6zvetlen\u00fcl az okostelefonunkon is \u00e9lvezhetj\u00fck.<\/p>\n\n\n\n<p>Ez azt jelenti, hogy p\u00e9nzt \u00e9s helyet takar\u00edthatsz meg, mik\u00f6zben a legt\u00f6bbet hozod ki a telefonod am\u00fagy is k\u00edn\u00e1lta lehet\u0151s\u00e9geib\u0151l. \ud83e\udd11<\/p>\n\n\n\n<h2 class=\"wp-block-heading\"><strong>A r\u00e1di\u00f3kommunik\u00e1tor-alkalmaz\u00e1sok forradalma<\/strong><\/h2>\n\n\n\n<p>Ezeknek a leny\u0171g\u00f6z\u0151 alkalmaz\u00e1soknak az \u00e9rkez\u00e9s\u00e9vel, mint p\u00e9ld\u00e1ul a Zello Walkie Talkie, a Voxer Walkie Talkie \u00e9s a BiPTT, a kommunik\u00e1ci\u00f3 vil\u00e1ga soha t\u00f6bb\u00e9 nem lesz ugyanolyan!<\/p>\n\n\n\n<p>Ezek az alkalmaz\u00e1sok nemcsak a vil\u00e1gos \u00e9s egyszer\u0171 kommunik\u00e1ci\u00f3t teszik lehet\u0151v\u00e9, hanem tov\u00e1bbi funkci\u00f3kat is k\u00edn\u00e1lnak, amelyek m\u00e9g izgalmasabb\u00e1 teszik az \u00e9lm\u00e9nyt.<\/p>\n\n\n\n<p>K\u00e9pzeld el, hogy \u00e9rdekes besz\u00e9lget\u00e9seket, \u00e9l\u00e9nk zen\u00e9t \u00e9s hasznos inform\u00e1ci\u00f3kat hallgathatsz \u2013 mindezt egyetlen gombnyom\u00e1ssal! \ud83d\ude0e\ud83c\udfb6<\/p>\n\n\n<div class=\"wp-block-image\">\n<figure class=\"aligncenter size-full\"><img loading=\"lazy\" decoding=\"async\" width=\"550\" height=\"350\" src=\"http:\/\/universofamilia.com\/wp-content\/uploads\/sites\/148\/2024\/05\/P-550x350-14.jpg\" alt=\"\" class=\"wp-image-5954\" srcset=\"http:\/\/universofamilia.com\/wp-content\/uploads\/sites\/148\/2024\/05\/P-550x350-14.jpg 550w, http:\/\/universofamilia.com\/wp-content\/uploads\/sites\/148\/2024\/05\/P-550x350-14-300x191.jpg 300w\" sizes=\"(max-width: 550px) 100vw, 550px\" \/><figcaption class=\"wp-element-caption\">Fedezd fel a walkie-talkie r\u00e1di\u00f3 vil\u00e1g\u00e1t a mobiltelefonodon! \ud83d\udcfb\ud83d\udcf1<\/figcaption><\/figure><\/div>\n\n\n<h2 class=\"wp-block-heading\"><strong>A vil\u00e1g egy karny\u00fajt\u00e1snyira<\/strong><\/h2>\n\n\n\n<p>Most val\u00f3sz\u00edn\u0171leg azon t\u0171n\u0151dsz: Hogyan juthatok hozz\u00e1 ezekhez a fantasztikus alkalmaz\u00e1sokhoz? Nos, a v\u00e1lasz itt van!<\/p>\n\n\n\n<p>Az al\u00e1bbiakban linkeket tal\u00e1lsz az egyes alkalmaz\u00e1sok let\u00f6lt\u00e9s\u00e9hez. De miel\u0151tt sietn\u00e9l a let\u00f6lt\u00e9s\u00fckkel, hadd mes\u00e9ljek egy kicsit t\u00f6bbet r\u00f3luk.<\/p>\n\n\n\n<h2 class=\"wp-block-heading\"><strong>Zello Walkie-Talkie: A felhaszn\u00e1l\u00f3k kedvence<\/strong><\/h2>\n\n\n\n<p>T\u00f6bb mint 160 milli\u00f3 let\u00f6lt\u00e9ssel \u00e9s kiv\u00e1l\u00f3 \u00e9rt\u00e9kel\u00e9sekkel mind a Google Playen, mind az App Store-ban, a Zello Walkie Talkie sokak kedvenc alkalmaz\u00e1sa.<\/p>\n\n\n\n<p>\u00c9s nem neh\u00e9z bel\u00e1tni, hogy mi\u00e9rt! A vil\u00e1gos kommunik\u00e1ci\u00f3nak, az intuit\u00edv fel\u00fcletnek \u00e9s a sz\u00e1mos hasznos funkci\u00f3nak k\u00f6sz\u00f6nhet\u0151en a Zello gyerekj\u00e1t\u00e9kk\u00e1 teszi a kommunik\u00e1ci\u00f3t.<\/p>\n\n\n\n<p>Felhaszn\u00e1l\u00f3i dics\u00e9rik a k\u00f6nny\u0171 haszn\u00e1lhat\u00f3s\u00e1g\u00e1t \u00e9s a megb\u00edzhat\u00f3s\u00e1g\u00e1t minden helyzetben.<\/p>\n\n\n\n<h2 class=\"wp-block-heading\"><strong>Voxer walkie-talkie: Adatv\u00e9delem \u00e9s multifunkcionalit\u00e1s<\/strong><\/h2>\n\n\n\n<p>Azok sz\u00e1m\u00e1ra, akik \u00e9rt\u00e9kelik a mag\u00e1n\u00e9letet \u00e9s a biztons\u00e1got, a Voxer Walkie Talkie a t\u00f6k\u00e9letes v\u00e1laszt\u00e1s.<\/p>\n\n\n\n<p>A v\u00e9gpontt\u00f3l v\u00e9gpontig terjed\u0151 titkos\u00edt\u00e1snak k\u00f6sz\u00f6nhet\u0151en magabiztosan kommunik\u00e1lhatsz, tudv\u00e1n, hogy besz\u00e9lget\u00e9seid teljesen biztons\u00e1gban vannak.<\/p>\n\n\n\n<p>R\u00e1ad\u00e1sul a Voxer t\u00falmutat a hangh\u00edv\u00e1sokon, lehet\u0151v\u00e9 t\u00e9ve sz\u00f6veges \u00fczenetek, f\u00e9nyk\u00e9pek, vide\u00f3k \u00e9s egyebek k\u00fcld\u00e9s\u00e9t. Olyan, mintha egy k\u00e9tir\u00e1ny\u00fa r\u00e1di\u00f3 \u00e9s egy \u00fczenetk\u00fcld\u0151 lenne egyetlen alkalmaz\u00e1sban!<\/p>\n\n\n\n<h2 class=\"wp-block-heading\"><strong>BiPTT: A profi csapatok kedvence<\/strong><\/h2>\n\n\n\n<p>Ha teljes k\u00f6r\u0171 megold\u00e1st keres a csapatkommunik\u00e1ci\u00f3ra, a BiPTT a v\u00e1lasz.<\/p>\n\n\n\n<p>A fejlett csapatkezel\u00e9si funkci\u00f3kkal, mint p\u00e9ld\u00e1ul a val\u00f3s idej\u0171 helymeghat\u00e1roz\u00e1s \u00e9s a diszp\u00e9cser, ez az alkalmaz\u00e1s az els\u0151 sz\u00e1m\u00fa v\u00e1laszt\u00e1s a professzion\u00e1lis csapatok sz\u00e1m\u00e1ra.<\/p>\n\n\n\n<p>Felhaszn\u00e1l\u00f3i dics\u00e9rik a megb\u00edzhat\u00f3s\u00e1g\u00e1t \u00e9s a z\u00f6kken\u0151mentes integr\u00e1ci\u00f3j\u00e1t m\u00e1s menedzsment rendszerekkel.<\/p>\n\n\n\n<h2 class=\"wp-block-heading\"><strong>V\u00e1laszd ki az alkalmaz\u00e1sodat, \u00e9s kezdj el felfedezni!<\/strong><\/h2>\n\n\n\n<p>Most, hogy m\u00e1r egy kicsit t\u00f6bbet tudsz ezekr\u0151l a csod\u00e1latos walkie-talkie alkalmaz\u00e1sokr\u00f3l, itt az ideje, hogy kipr\u00f3b\u00e1ld \u0151ket magad is!<\/p>\n\n\n\n<p>Az al\u00e1bbiakban linkeket tal\u00e1lsz mindegyik let\u00f6lt\u00e9s\u00e9hez. De ne feledd, let\u00f6lt\u00e9s el\u0151tt mindenk\u00e9ppen olvasd el a felhaszn\u00e1l\u00f3i v\u00e9lem\u00e9nyeket, \u00e9s v\u00e1laszd ki az ig\u00e9nyeidnek legink\u00e1bb megfelel\u0151 alkalmaz\u00e1st.<\/p>\n\n\n\n<p>\u00c9s ne felejts el er\u0151s jelsz\u00f3t haszn\u00e1lni fi\u00f3kod \u00e9s adataid v\u00e9delme \u00e9rdek\u00e9ben. \ud83d\udee1\ufe0f<\/p>\n\n\n\n<h3 class=\"wp-block-heading\"><strong>Let\u00f6lt\u00e9si linkek:<\/strong><\/h3>\n\n\n\n<ul>\n<li>Zello walkie-talkie:\n<ul>\n<li>Android: <a href=\"https:\/\/play.google.com\/store\/apps\/details?id=walkie.talkie.talk&amp;hl=en&amp;gl=US\" target=\"_blank\" rel=\"noreferrer noopener\">Let\u00f6lt\u00e9si link<\/a><\/li>\n\n\n\n<li>iOS: <a href=\"https:\/\/apps.apple.com\/us\/app\/walkie-talkie\/id1459550430\" target=\"_blank\" rel=\"noreferrer noopener\">Let\u00f6lt\u00e9si link<\/a><\/li>\n<\/ul>\n<\/li>\n\n\n\n<li>Voxer walkie-talkie:\n<ul>\n<li>Android: <a href=\"https:\/\/play.google.com\/store\/apps\/details?id=walkie.talkie.talk&amp;hl=en&amp;gl=US\" target=\"_blank\" rel=\"noreferrer noopener\">Let\u00f6lt\u00e9si link<\/a><\/li>\n\n\n\n<li>iOS: <a href=\"https:\/\/apps.apple.com\/us\/app\/walkie-talkie\/id1459550430\" target=\"_blank\" rel=\"noreferrer noopener\">Let\u00f6lt\u00e9si link<\/a><\/li>\n<\/ul>\n<\/li>\n\n\n\n<li>BiPTT:\n<ul>\n<li>Android: <a href=\"https:\/\/play.google.com\/store\/apps\/details?id=walkie.talkie.talk&amp;hl=en&amp;gl=US\" target=\"_blank\" rel=\"noreferrer noopener\">Let\u00f6lt\u00e9si link<\/a><\/li>\n\n\n\n<li>iOS: <a href=\"https:\/\/apps.apple.com\/us\/app\/walkie-talkie\/id1459550430\" target=\"_blank\" rel=\"noreferrer noopener\">Let\u00f6lt\u00e9si link<\/a><\/li>\n<\/ul>\n<\/li>\n<\/ul>\n\n\n\n<p>Rem\u00e9lem, hogy ez az inform\u00e1ci\u00f3 seg\u00edt megtal\u00e1lni a kommunik\u00e1ci\u00f3s ig\u00e9nyeidnek legink\u00e1bb megfelel\u0151 walkie-talkie alkalmaz\u00e1st!<\/p>\n\n\n\n<p>Fedezd fel j\u00f3l magad a mobilkommunik\u00e1ci\u00f3 izgalmas vil\u00e1g\u00e1ban! \ud83d\udcfb\ud83d\ude80<\/p>\n\n\n\n<p><\/p>\n\n\n\n<hr class=\"wp-block-separator has-text-color has-luminous-vivid-orange-color has-alpha-channel-opacity has-luminous-vivid-orange-background-color has-background\" \/>\n\n\n\n<h2 class=\"wp-block-heading\">Olvasd el m\u00e9g:<\/h2>\n\n\n\n<div class=\"wp-block-columns is-layout-flex wp-container-core-columns-layout-2 wp-block-columns-is-layout-flex\">\n<div class=\"wp-block-column is-layout-flow wp-block-column-is-layout-flow\">\n<div class=\"wp-block-buttons is-layout-flex wp-block-buttons-is-layout-flex\">\n<div class=\"wp-block-button has-custom-width wp-block-button__width-100\" style=\"text-decoration:none\"><a class=\"wp-block-button__link has-white-color has-vivid-cyan-blue-background-color has-text-color has-background has-link-color has-text-align-left wp-element-button\" href=\"https:\/\/universofamilia.com\/hu\/5893\/acelera-tu-celular-despierta-tu-productividad\/\" style=\"border-radius:10px\" target=\"_blank\" rel=\"noreferrer noopener\"><font style=\"vertical-align: inherit\"><font style=\"vertical-align: inherit\">\ud83d\udccc Gyors\u00edtsd fel a mobiltelefonod \ud83d\udcf1<\/font><\/font> &gt;<\/a><\/div>\n\n\n\n<div class=\"wp-block-button has-custom-width wp-block-button__width-100\" style=\"text-decoration:none\"><a class=\"wp-block-button__link has-white-color has-vivid-cyan-blue-background-color has-text-color has-background has-link-color has-text-align-left wp-element-button\" href=\"https:\/\/universofamilia.com\/hu\/5869\/descubre-quien-te-esta-observando-en-las-redes-sociales\/\" style=\"border-radius:10px\" target=\"_blank\" rel=\"noreferrer noopener\"><font style=\"vertical-align: inherit\"><font style=\"vertical-align: inherit\"><font style=\"vertical-align: inherit\"><font style=\"vertical-align: inherit\">\ud83d\udccc Kik l\u00e1togatt\u00e1k meg a profilodat?<\/font><\/font><\/font><\/font> &gt;<\/a><\/div>\n<\/div>\n<\/div>\n\n\n\n<div class=\"wp-block-column is-layout-flow wp-block-column-is-layout-flow\">\n<div class=\"wp-block-buttons is-layout-flex wp-block-buttons-is-layout-flex\">\n<div class=\"wp-block-button has-custom-width wp-block-button__width-100\" style=\"text-decoration:none\"><a class=\"wp-block-button__link has-white-color has-vivid-cyan-blue-background-color has-text-color has-background has-link-color has-text-align-left wp-element-button\" href=\"https:\/\/universofamilia.com\/hu\/5859\/el-encanto-de-las-telenovelas-turcas\/\" style=\"border-radius:10px\" target=\"_blank\" rel=\"noreferrer noopener\"><font style=\"vertical-align: inherit\"><font style=\"vertical-align: inherit\"><font style=\"vertical-align: inherit\"><font style=\"vertical-align: inherit\">\ud83d\udccd<\/font><\/font> T\u00f6r\u00f6k szappanoper\u00e1k &gt;<\/font><\/font><\/a><\/div>\n<\/div>\n<\/div>\n<\/div>\n\n\n\n<hr class=\"wp-block-separator has-text-color has-luminous-vivid-orange-color has-alpha-channel-opacity has-luminous-vivid-orange-background-color has-background\" \/>\n\n\n\n<p><\/p>","protected":false},"excerpt":{"rendered":"<p>Hallott\u00e1l m\u00e1r a leny\u0171g\u00f6z\u0151 walkie-talkie r\u00e1di\u00f3kr\u00f3l? Ezek az eszk\u00f6z\u00f6k mindig is izgalmas m\u00f3dj\u00e1t jelentett\u00e9k a nagy t\u00e1vols\u00e1g\u00fa kommunik\u00e1ci\u00f3nak mobilh\u00e1l\u00f3zat n\u00e9lk\u00fcl. De itt egy izgalmas \u00faj fejleszt\u00e9s: mostant\u00f3l a mobiltelefonodon is megtapasztalhatod a walkie-talkie r\u00e1di\u00f3 minden izgalm\u00e1t \u00e9s hasznoss\u00e1g\u00e1t! \ud83d\ude32\ud83d\udcf1 Olvasd el m\u00e9g: Mi az a [\u2026]<\/p>","protected":false},"author":218,"featured_media":5954,"comment_status":"closed","ping_status":"open","sticky":false,"template":"","format":"standard","meta":{"footnotes":""},"categories":[2],"tags":[13,1321],"yoast_head":"<!-- This site is optimized with the Yoast SEO plugin v23.3 - https:\/\/yoast.com\/wordpress\/plugins\/seo\/ -->\n<title>\u00a1Descubre el Mundo del Radio Walkie-Talkie en Tu Celular! \ud83d\udcfb\ud83d\udcf1 - Universo Fam\u00edlia<\/title>\n<meta name=\"description\" content=\"\u00a1Descubre el Mundo del Radio Walkie-Talkie en Tu Celular! \ud83d\udcfb\ud83d\udcf1. \u00bfHas o\u00eddo hablar de los incre\u00edbles radios walkie-talkie?...\" \/>\n<meta name=\"robots\" content=\"index, follow, max-snippet:-1, max-image-preview:large, max-video-preview:-1\" \/>\n<link rel=\"canonical\" href=\"http:\/\/universofamilia.com\/hu\/descubre-el-mundo-del-radio-walkie-talkie-en-tu-celular\/\" \/>\n<meta property=\"og:locale\" content=\"hu_HU\" \/>\n<meta property=\"og:type\" content=\"article\" \/>\n<meta property=\"og:title\" content=\"\u00a1Descubre el Mundo del Radio Walkie-Talkie en Tu Celular! \ud83d\udcfb\ud83d\udcf1 - Universo Fam\u00edlia\" \/>\n<meta property=\"og:description\" content=\"\u00a1Descubre el Mundo del Radio Walkie-Talkie en Tu Celular! \ud83d\udcfb\ud83d\udcf1. \u00bfHas o\u00eddo hablar de los incre\u00edbles radios walkie-talkie?...\" \/>\n<meta property=\"og:url\" content=\"http:\/\/universofamilia.com\/hu\/descubre-el-mundo-del-radio-walkie-talkie-en-tu-celular\/\" \/>\n<meta property=\"og:site_name\" content=\"Universo Fam\u00edlia\" \/>\n<meta property=\"article:published_time\" content=\"2024-05-14T22:17:38+00:00\" \/>\n<meta property=\"article:modified_time\" content=\"2025-10-14T01:02:01+00:00\" \/>\n<meta property=\"og:image\" content=\"http:\/\/universofamilia.com\/wp-content\/uploads\/sites\/148\/2024\/05\/P-550x350-14.jpg\" \/>\n\t<meta property=\"og:image:width\" content=\"550\" \/>\n\t<meta property=\"og:image:height\" content=\"350\" \/>\n\t<meta property=\"og:image:type\" content=\"image\/jpeg\" \/>\n<meta name=\"author\" content=\"Jos\u00e9 Guilherme\" \/>\n<meta name=\"twitter:card\" content=\"summary_large_image\" \/>\n<meta name=\"twitter:label1\" content=\"Written by\" \/>\n\t<meta name=\"twitter:data1\" content=\"Jos\u00e9 Guilherme\" \/>\n\t<meta name=\"twitter:label2\" content=\"Est. reading time\" \/>\n\t<meta name=\"twitter:data2\" content=\"5 perc\" \/>\n<script type=\"application\/ld+json\" class=\"yoast-schema-graph\">{\"@context\":\"https:\/\/schema.org\",\"@graph\":[{\"@type\":\"WebPage\",\"@id\":\"http:\/\/universofamilia.com\/descubre-el-mundo-del-radio-walkie-talkie-en-tu-celular\/\",\"url\":\"http:\/\/universofamilia.com\/descubre-el-mundo-del-radio-walkie-talkie-en-tu-celular\/\",\"name\":\"\u00a1Descubre el Mundo del Radio Walkie-Talkie en Tu Celular! \ud83d\udcfb\ud83d\udcf1 - Universo Fam\u00edlia\",\"isPartOf\":{\"@id\":\"https:\/\/universofamilia.com\/el\/#website\"},\"primaryImageOfPage\":{\"@id\":\"http:\/\/universofamilia.com\/descubre-el-mundo-del-radio-walkie-talkie-en-tu-celular\/#primaryimage\"},\"image\":{\"@id\":\"http:\/\/universofamilia.com\/descubre-el-mundo-del-radio-walkie-talkie-en-tu-celular\/#primaryimage\"},\"thumbnailUrl\":\"http:\/\/universofamilia.com\/wp-content\/uploads\/sites\/148\/2024\/05\/P-550x350-14.jpg\",\"datePublished\":\"2024-05-14T22:17:38+00:00\",\"dateModified\":\"2025-10-14T01:02:01+00:00\",\"author\":{\"@id\":\"https:\/\/universofamilia.com\/el\/#\/schema\/person\/e25a79414e7b182a75ef38581f2644f0\"},\"description\":\"\u00a1Descubre el Mundo del Radio Walkie-Talkie en Tu Celular! \ud83d\udcfb\ud83d\udcf1. \u00bfHas o\u00eddo hablar de los incre\u00edbles radios walkie-talkie?...\",\"breadcrumb\":{\"@id\":\"http:\/\/universofamilia.com\/descubre-el-mundo-del-radio-walkie-talkie-en-tu-celular\/#breadcrumb\"},\"inLanguage\":\"hu\",\"potentialAction\":[{\"@type\":\"ReadAction\",\"target\":[\"http:\/\/universofamilia.com\/descubre-el-mundo-del-radio-walkie-talkie-en-tu-celular\/\"]}]},{\"@type\":\"ImageObject\",\"inLanguage\":\"hu\",\"@id\":\"http:\/\/universofamilia.com\/descubre-el-mundo-del-radio-walkie-talkie-en-tu-celular\/#primaryimage\",\"url\":\"http:\/\/universofamilia.com\/wp-content\/uploads\/sites\/148\/2024\/05\/P-550x350-14.jpg\",\"contentUrl\":\"http:\/\/universofamilia.com\/wp-content\/uploads\/sites\/148\/2024\/05\/P-550x350-14.jpg\",\"width\":550,\"height\":350,\"caption\":\"\u00a1Descubre el Mundo del Radio Walkie-Talkie en Tu Celular! \ud83d\udcfb\ud83d\udcf1\"},{\"@type\":\"BreadcrumbList\",\"@id\":\"http:\/\/universofamilia.com\/descubre-el-mundo-del-radio-walkie-talkie-en-tu-celular\/#breadcrumb\",\"itemListElement\":[{\"@type\":\"ListItem\",\"position\":1,\"name\":\"Home\",\"item\":\"https:\/\/universofamilia.com\/el\/\"},{\"@type\":\"ListItem\",\"position\":2,\"name\":\"\u00a1Descubre el Mundo del Radio Walkie-Talkie en Tu Celular! \ud83d\udcfb\ud83d\udcf1\"}]},{\"@type\":\"WebSite\",\"@id\":\"https:\/\/universofamilia.com\/el\/#website\",\"url\":\"https:\/\/universofamilia.com\/el\/\",\"name\":\"Universo Fam\u00edlia\",\"description\":\"\",\"potentialAction\":[{\"@type\":\"SearchAction\",\"target\":{\"@type\":\"EntryPoint\",\"urlTemplate\":\"https:\/\/universofamilia.com\/el\/?s={search_term_string}\"},\"query-input\":\"required name=search_term_string\"}],\"inLanguage\":\"hu\"},{\"@type\":\"Person\",\"@id\":\"https:\/\/universofamilia.com\/el\/#\/schema\/person\/e25a79414e7b182a75ef38581f2644f0\",\"name\":\"Jos\u00e9 Guilherme\",\"image\":{\"@type\":\"ImageObject\",\"inLanguage\":\"hu\",\"@id\":\"https:\/\/universofamilia.com\/el\/#\/schema\/person\/image\/\",\"url\":\"http:\/\/0.gravatar.com\/avatar\/032cf2a1d86541f7dbb0d90a17751441?s=96&d=mm&r=g\",\"contentUrl\":\"http:\/\/0.gravatar.com\/avatar\/032cf2a1d86541f7dbb0d90a17751441?s=96&d=mm&r=g\",\"caption\":\"Jos\u00e9 Guilherme\"},\"url\":\"http:\/\/universofamilia.com\/hu\/author\/jguilherme\/\"}]}<\/script>\n<!-- \/ Yoast SEO plugin. -->","yoast_head_json":{"title":"\u00a1Descubre el Mundo del Radio Walkie-Talkie en Tu Celular! \ud83d\udcfb\ud83d\udcf1 - Universo Fam\u00edlia","description":"\u00a1Descubre el Mundo del Radio Walkie-Talkie en Tu Celular! \ud83d\udcfb\ud83d\udcf1. \u00bfHas o\u00eddo hablar de los incre\u00edbles radios walkie-talkie?...","robots":{"index":"index","follow":"follow","max-snippet":"max-snippet:-1","max-image-preview":"max-image-preview:large","max-video-preview":"max-video-preview:-1"},"canonical":"http:\/\/universofamilia.com\/hu\/descubre-el-mundo-del-radio-walkie-talkie-en-tu-celular\/","og_locale":"hu_HU","og_type":"article","og_title":"\u00a1Descubre el Mundo del Radio Walkie-Talkie en Tu Celular! \ud83d\udcfb\ud83d\udcf1 - Universo Fam\u00edlia","og_description":"\u00a1Descubre el Mundo del Radio Walkie-Talkie en Tu Celular! \ud83d\udcfb\ud83d\udcf1. \u00bfHas o\u00eddo hablar de los incre\u00edbles radios walkie-talkie?...","og_url":"http:\/\/universofamilia.com\/hu\/descubre-el-mundo-del-radio-walkie-talkie-en-tu-celular\/","og_site_name":"Universo Fam\u00edlia","article_published_time":"2024-05-14T22:17:38+00:00","article_modified_time":"2025-10-14T01:02:01+00:00","og_image":[{"width":550,"height":350,"url":"http:\/\/universofamilia.com\/wp-content\/uploads\/sites\/148\/2024\/05\/P-550x350-14.jpg","type":"image\/jpeg"}],"author":"Jos\u00e9 Guilherme","twitter_card":"summary_large_image","twitter_misc":{"Written by":"Jos\u00e9 Guilherme","Est. reading time":"5 perc"},"schema":{"@context":"https:\/\/schema.org","@graph":[{"@type":"WebPage","@id":"http:\/\/universofamilia.com\/descubre-el-mundo-del-radio-walkie-talkie-en-tu-celular\/","url":"http:\/\/universofamilia.com\/descubre-el-mundo-del-radio-walkie-talkie-en-tu-celular\/","name":"\u00a1Descubre el Mundo del Radio Walkie-Talkie en Tu Celular! \ud83d\udcfb\ud83d\udcf1 - Universo Fam\u00edlia","isPartOf":{"@id":"https:\/\/universofamilia.com\/el\/#website"},"primaryImageOfPage":{"@id":"http:\/\/universofamilia.com\/descubre-el-mundo-del-radio-walkie-talkie-en-tu-celular\/#primaryimage"},"image":{"@id":"http:\/\/universofamilia.com\/descubre-el-mundo-del-radio-walkie-talkie-en-tu-celular\/#primaryimage"},"thumbnailUrl":"http:\/\/universofamilia.com\/wp-content\/uploads\/sites\/148\/2024\/05\/P-550x350-14.jpg","datePublished":"2024-05-14T22:17:38+00:00","dateModified":"2025-10-14T01:02:01+00:00","author":{"@id":"https:\/\/universofamilia.com\/el\/#\/schema\/person\/e25a79414e7b182a75ef38581f2644f0"},"description":"\u00a1Descubre el Mundo del Radio Walkie-Talkie en Tu Celular! \ud83d\udcfb\ud83d\udcf1. \u00bfHas o\u00eddo hablar de los incre\u00edbles radios walkie-talkie?...","breadcrumb":{"@id":"http:\/\/universofamilia.com\/descubre-el-mundo-del-radio-walkie-talkie-en-tu-celular\/#breadcrumb"},"inLanguage":"hu","potentialAction":[{"@type":"ReadAction","target":["http:\/\/universofamilia.com\/descubre-el-mundo-del-radio-walkie-talkie-en-tu-celular\/"]}]},{"@type":"ImageObject","inLanguage":"hu","@id":"http:\/\/universofamilia.com\/descubre-el-mundo-del-radio-walkie-talkie-en-tu-celular\/#primaryimage","url":"http:\/\/universofamilia.com\/wp-content\/uploads\/sites\/148\/2024\/05\/P-550x350-14.jpg","contentUrl":"http:\/\/universofamilia.com\/wp-content\/uploads\/sites\/148\/2024\/05\/P-550x350-14.jpg","width":550,"height":350,"caption":"\u00a1Descubre el Mundo del Radio Walkie-Talkie en Tu Celular! \ud83d\udcfb\ud83d\udcf1"},{"@type":"BreadcrumbList","@id":"http:\/\/universofamilia.com\/descubre-el-mundo-del-radio-walkie-talkie-en-tu-celular\/#breadcrumb","itemListElement":[{"@type":"ListItem","position":1,"name":"Home","item":"https:\/\/universofamilia.com\/el\/"},{"@type":"ListItem","position":2,"name":"\u00a1Descubre el Mundo del Radio Walkie-Talkie en Tu Celular! \ud83d\udcfb\ud83d\udcf1"}]},{"@type":"WebSite","@id":"https:\/\/universofamilia.com\/el\/#website","url":"https:\/\/universofamilia.com\/el\/","name":"Universo Fam\u00edlia","description":"","potentialAction":[{"@type":"SearchAction","target":{"@type":"EntryPoint","urlTemplate":"https:\/\/universofamilia.com\/el\/?s={search_term_string}"},"query-input":"required name=search_term_string"}],"inLanguage":"hu"},{"@type":"Person","@id":"https:\/\/universofamilia.com\/el\/#\/schema\/person\/e25a79414e7b182a75ef38581f2644f0","name":"Jos\u00e9 Guilherme","image":{"@type":"ImageObject","inLanguage":"hu","@id":"https:\/\/universofamilia.com\/el\/#\/schema\/person\/image\/","url":"http:\/\/0.gravatar.com\/avatar\/032cf2a1d86541f7dbb0d90a17751441?s=96&d=mm&r=g","contentUrl":"http:\/\/0.gravatar.com\/avatar\/032cf2a1d86541f7dbb0d90a17751441?s=96&d=mm&r=g","caption":"Jos\u00e9 Guilherme"},"url":"http:\/\/universofamilia.com\/hu\/author\/jguilherme\/"}]}},"_links":{"self":[{"href":"http:\/\/universofamilia.com\/hu\/wp-json\/wp\/v2\/posts\/5953"}],"collection":[{"href":"http:\/\/universofamilia.com\/hu\/wp-json\/wp\/v2\/posts"}],"about":[{"href":"http:\/\/universofamilia.com\/hu\/wp-json\/wp\/v2\/types\/post"}],"author":[{"embeddable":true,"href":"http:\/\/universofamilia.com\/hu\/wp-json\/wp\/v2\/users\/218"}],"replies":[{"embeddable":true,"href":"http:\/\/universofamilia.com\/hu\/wp-json\/wp\/v2\/comments?post=5953"}],"version-history":[{"count":1,"href":"http:\/\/universofamilia.com\/hu\/wp-json\/wp\/v2\/posts\/5953\/revisions"}],"predecessor-version":[{"id":10133,"href":"http:\/\/universofamilia.com\/hu\/wp-json\/wp\/v2\/posts\/5953\/revisions\/10133"}],"wp:featuredmedia":[{"embeddable":true,"href":"http:\/\/universofamilia.com\/hu\/wp-json\/wp\/v2\/media\/5954"}],"wp:attachment":[{"href":"http:\/\/universofamilia.com\/hu\/wp-json\/wp\/v2\/media?parent=5953"}],"wp:term":[{"taxonomy":"category","embeddable":true,"href":"http:\/\/universofamilia.com\/hu\/wp-json\/wp\/v2\/categories?post=5953"},{"taxonomy":"post_tag","embeddable":true,"href":"http:\/\/universofamilia.com\/hu\/wp-json\/wp\/v2\/tags?post=5953"}],"curies":[{"name":"wp","href":"https:\/\/api.w.org\/{rel}","templated":true}]}}