{"id":5958,"date":"2024-05-14T19:53:48","date_gmt":"2024-05-14T22:53:48","guid":{"rendered":"https:\/\/universofamilia.com\/?p=5958"},"modified":"2025-01-29T01:24:11","modified_gmt":"2025-01-29T01:24:11","slug":"recuperando-momentos-perdidos-3","status":"publish","type":"post","link":"http:\/\/universofamilia.com\/hu\/recuperando-momentos-perdidos-3\/","title":{"rendered":"\ud83d\udcf8 Elveszett pillanatok visszaszerz\u00e9se"},"content":{"rendered":"<p>\ud83d\udcf8 Elveszett pillanatok felid\u00e9z\u00e9se: Az eml\u00e9kek meg\u00f6r\u00f6k\u00edt\u00e9s\u00e9nek fontoss\u00e1ga \ud83d\udcf8<\/p>\n\n\n\n<p>\u00d3, a fot\u00f3k! Olyanok, mint a m\u00faltba r\u00e9ved\u0151 kis ablakok, amelyek meg\u00f6r\u00f6k\u00edtik azokat a dr\u00e1ga pillanatokat, amelyeket \u00f6r\u00f6kre meg szeretn\u00e9nk \u0151rizni.<\/p>\n\n\n\n<p>Azonban ezek a digit\u00e1lis kincsek n\u00e9ha elt\u0171nhetnek, ak\u00e1r a telefon v\u00e9letlen meg\u00e9rint\u00e9se, ak\u00e1r valamilyen technol\u00f3giai rejt\u00e9ly miatt.<\/p>\n\n\n\n<p>De ne f\u00e9lj! Ez az \u00fatmutat\u00f3 megmutatja, hogyan szerezheted vissza ezeket az elveszett pillanatokat, \u00e9s hogyan biztos\u00edthatod, hogy eml\u00e9keid \u00f6r\u00f6kk\u00e9 biztons\u00e1gban legyenek.<\/p>\n\n\n\n<p><\/p>\n\n\n\n<hr class=\"wp-block-separator has-text-color has-luminous-vivid-orange-color has-alpha-channel-opacity has-luminous-vivid-orange-background-color has-background\" \/>\n\n\n\n<h2 class=\"wp-block-heading\">Olvasd el m\u00e9g:<\/h2>\n\n\n\n<div class=\"wp-block-columns is-layout-flex wp-container-core-columns-layout-1 wp-block-columns-is-layout-flex\">\n<div class=\"wp-block-column is-layout-flow wp-block-column-is-layout-flow\">\n<div class=\"wp-block-buttons is-layout-flex wp-block-buttons-is-layout-flex\">\n<div class=\"wp-block-button has-custom-width wp-block-button__width-100\" style=\"text-decoration:none\"><a class=\"wp-block-button__link has-white-color has-vivid-cyan-blue-background-color has-text-color has-background has-link-color has-text-align-left wp-element-button\" href=\"https:\/\/universofamilia.com\/hu\/5893\/acelera-tu-celular-despierta-tu-productividad\/\" style=\"border-radius:10px\" target=\"_blank\" rel=\"noreferrer noopener\"><font style=\"vertical-align: inherit\"><font style=\"vertical-align: inherit\">\ud83d\udccc Gyors\u00edtsd fel a mobiltelefonod \ud83d\udcf1<\/font><\/font> &gt;<\/a><\/div>\n\n\n\n<div class=\"wp-block-button has-custom-width wp-block-button__width-100\" style=\"text-decoration:none\"><a class=\"wp-block-button__link has-white-color has-vivid-cyan-blue-background-color has-text-color has-background has-link-color has-text-align-left wp-element-button\" href=\"https:\/\/universofamilia.com\/hu\/5869\/descubre-quien-te-esta-observando-en-las-redes-sociales\/\" style=\"border-radius:10px\" target=\"_blank\" rel=\"noreferrer noopener\"><font style=\"vertical-align: inherit\"><font style=\"vertical-align: inherit\"><font style=\"vertical-align: inherit\"><font style=\"vertical-align: inherit\">\ud83d\udccc Kik l\u00e1togatt\u00e1k meg a profilodat?<\/font><\/font><\/font><\/font> &gt;<\/a><\/div>\n<\/div>\n<\/div>\n\n\n\n<div class=\"wp-block-column is-layout-flow wp-block-column-is-layout-flow\">\n<div class=\"wp-block-buttons is-layout-flex wp-block-buttons-is-layout-flex\">\n<div class=\"wp-block-button has-custom-width wp-block-button__width-100\" style=\"text-decoration:none\"><a class=\"wp-block-button__link has-white-color has-vivid-cyan-blue-background-color has-text-color has-background has-link-color has-text-align-left wp-element-button\" href=\"https:\/\/universofamilia.com\/hu\/5859\/el-encanto-de-las-telenovelas-turcas\/\" style=\"border-radius:10px\" target=\"_blank\" rel=\"noreferrer noopener\"><font style=\"vertical-align: inherit\"><font style=\"vertical-align: inherit\"><font style=\"vertical-align: inherit\"><font style=\"vertical-align: inherit\">\ud83d\udccd<\/font><\/font> T\u00f6r\u00f6k szappanoper\u00e1k &gt;<\/font><\/font><\/a><\/div>\n<\/div>\n<\/div>\n<\/div>\n\n\n\n<hr class=\"wp-block-separator has-text-color has-luminous-vivid-orange-color has-alpha-channel-opacity has-luminous-vivid-orange-background-color has-background\" \/>\n\n\n\n<p><\/p>\n\n\n\n<h2 class=\"wp-block-heading\">A dr\u00e1ga eml\u00e9kek elveszt\u00e9s\u00e9nek f\u00e1jdalma \ud83d\ude22<\/h2>\n\n\n\n<p>Neh\u00e9z szavakba \u00f6nteni azt a szomor\u00fas\u00e1got, amit akkor \u00e9rz\u00fcnk, amikor r\u00e1j\u00f6v\u00fcnk, hogy k\u00fcl\u00f6nleges fot\u00f3k t\u0171ntek el a mobiltelefonjainkr\u00f3l.<\/p>\n\n\n\n<p>Egyedi pillanatok ezek, var\u00e1zslatos pillanatokban meg\u00f6r\u00f6k\u00edtve, amelyek most \u00f6r\u00f6kre elveszni l\u00e1tszanak.<\/p>\n\n\n\n<p>V\u00e9g\u00fcl is ki ne kereste volna m\u00e1r digit\u00e1lis f\u00e1jlok k\u00f6z\u00f6tt azt a felejthetetlen fot\u00f3t egy utaz\u00e1sr\u00f3l vagy egy legjobb bar\u00e1t sz\u00fclet\u00e9snapi bulij\u00e1r\u00f3l?<\/p>\n\n\n\n<p>A f\u00e9nyk\u00e9pek t\u00f6bb mint puszta k\u00e9p; erekly\u00e9k, amelyek a m\u00falthoz k\u00f6tnek minket, tele \u00e9rzelmekkel \u00e9s t\u00f6rt\u00e9netekkel.<\/p>\n\n\n\n<p>\u00c9s amikor ezek az erekly\u00e9k elt\u0171nnek, \u0171rt hagynak a sz\u00edv\u00fcnkben. De ne ess k\u00e9ts\u00e9gbe! Vannak m\u00f3dok arra, hogy visszahozzuk ezeket a pillanatokat az \u00e9letbe, \u00e9s mi megmutatjuk, hogyan.<\/p>\n\n\n\n<h2 class=\"wp-block-heading\">Elveszett f\u00e9nyk\u00e9pek vissza\u00e1ll\u00edt\u00e1sa: l\u00e9p\u00e9sr\u0151l l\u00e9p\u00e9sre \u00fatmutat\u00f3 \ud83d\udd04<\/h2>\n\n\n\n<p>Ha valaha is gy\u00e1szolt\u00e1l \u00e9rt\u00e9kes f\u00e9nyk\u00e9pek elveszt\u00e9s\u00e9t, tudd, hogy van rem\u00e9ny!<\/p>\n\n\n\n<p>A technol\u00f3gia fejl\u0151d\u00e9s\u00e9vel egyre t\u00f6bb alkalmaz\u00e1s l\u00e9tezik, amelyek c\u00e9lja az elveszett vagy v\u00e9letlen\u00fcl t\u00f6r\u00f6lt f\u00e9nyk\u00e9pek helyre\u00e1ll\u00edt\u00e1sa.<\/p>\n\n\n\n<p>De miel\u0151tt belemenn\u00e9nk a r\u00e9szletekbe, fontos meg\u00e9rteni, mi\u00e9rt olyan fontos gyorsan cselekedni, amikor r\u00e1j\u00f6v\u00fcnk, hogy elt\u0171ntek a fot\u00f3ink.<\/p>\n\n\n\n<h2 class=\"wp-block-heading\">\ud83d\udd70\ufe0f Gyors cselekv\u00e9s: A siker kulcsa \ud83d\udd70\ufe0f<\/h2>\n\n\n\n<p>Amint \u00e9szreveszed, hogy elt\u0171ntek a fot\u00f3id, fontos, hogy gyorsan cselekedj.<\/p>\n\n\n\n<p>Min\u00e9l t\u00f6bb id\u0151 telik el, ann\u00e1l nagyobb az es\u00e9lye annak, hogy ezeket az \u00e9rt\u00e9kes f\u00e1jlokat \u00faj adatok fel\u00fcl\u00edrj\u00e1k, ami megnehez\u00edti, ha nem lehetetlenn\u00e9 teszi a helyre\u00e1ll\u00edt\u00e1st.<\/p>\n\n\n\n<p>Teh\u00e1t, amint \u00e9szreveszi, hogy hi\u00e1nyoznak a f\u00e9nyk\u00e9pei, \u00e1ll\u00edtsa le mindent, \u00e9s azonnal kezdje el a helyre\u00e1ll\u00edt\u00e1si folyamatot.<\/p>\n\n\n\n<p>De hogyan lehet visszaszerezni az elveszett fot\u00f3kat? Az al\u00e1bbiakban h\u00e1rom hihetetlen alkalmaz\u00e1st mutatunk be, amelyek seg\u00edthetnek ebben a digit\u00e1lis ment\u0151akci\u00f3ban.<\/p>\n\n\n\n<p>Ne felejts el tov\u00e1bb olvasni, hogy t\u00f6bbet megtudj mindegyikr\u0151l \u00e9s a felhaszn\u00e1l\u00f3k v\u00e9lem\u00e9ny\u00e9r\u0151l!<\/p>\n\n\n<div class=\"wp-block-image\">\n<figure class=\"aligncenter size-full\"><img loading=\"lazy\" decoding=\"async\" width=\"550\" height=\"350\" src=\"http:\/\/universofamilia.com\/wp-content\/uploads\/sites\/148\/2024\/05\/P-550x350-3-2.jpg\" alt=\"\" class=\"wp-image-5960\" srcset=\"http:\/\/universofamilia.com\/wp-content\/uploads\/sites\/148\/2024\/05\/P-550x350-3-2.jpg 550w, http:\/\/universofamilia.com\/wp-content\/uploads\/sites\/148\/2024\/05\/P-550x350-3-2-300x191.jpg 300w\" sizes=\"(max-width: 550px) 100vw, 550px\" \/><figcaption class=\"wp-element-caption\">\ud83d\udcf8 Elveszett pillanatok visszaszerz\u00e9se<\/figcaption><\/figure><\/div>\n\n\n<h2 class=\"wp-block-heading\">\ud83d\udca1 Alkalmaz\u00e1sok az elfeledett pillanatok megment\u00e9s\u00e9re \ud83d\udca1<\/h2>\n\n\n\n<ol>\n<li><strong>DiskDigger fot\u00f3-helyre\u00e1ll\u00edt\u00e1s<\/strong>Ez az alkalmaz\u00e1s olyan, mint egy igazi digit\u00e1lis detekt\u00edv, amely k\u00e9pes m\u00e9lyre \u00e1sni az eszk\u00f6z\u00f6d f\u00e1jljaiban elveszett f\u00e9nyk\u00e9pek ut\u00e1n kutatva. Az intuit\u00edv fel\u00fcletnek k\u00f6sz\u00f6nhet\u0151en a DiskDigger egyszer\u0171v\u00e9 teszi a helyre\u00e1ll\u00edt\u00e1si folyamatot, \u00edgy m\u00e9g a legtapasztalatlanabbak is k\u00f6nnyen el\u00e9rhetik.<\/li>\n\n\n\n<li><strong>Vissza\u00e1ll\u00edt t\u00f6r\u00f6lt fot\u00f3k<\/strong>Ha v\u00e9letlen\u00fcl t\u00f6r\u00f6lted a fot\u00f3idat, ez az alkalmaz\u00e1s a legjobb bar\u00e1tod lehet. A t\u00f6r\u00f6lt fot\u00f3k helyre\u00e1ll\u00edt\u00e1s\u00e1ban magas ar\u00e1ny\u00fa sikerrel az Undeleter egyszer\u0171 \u00e9s hat\u00e9kony megold\u00e1st k\u00edn\u00e1l a k\u00e9ts\u00e9gbeesett pillanatokra.<\/li>\n\n\n\n<li><strong>EaseUS MobiSaver Androidra\/iOS-re<\/strong>Ak\u00e1r Android, ak\u00e1r iOS felhaszn\u00e1l\u00f3 vagy, az EaseUS MobiSaver itt van, hogy seg\u00edtsen. Felhaszn\u00e1l\u00f3bar\u00e1t fel\u00fclet\u00e9vel \u00e9s hat\u00e9kony helyre\u00e1ll\u00edt\u00e1si algoritmusaival ez az alkalmaz\u00e1s n\u00e9lk\u00fcl\u00f6zhetetlen eszk\u00f6z azok sz\u00e1m\u00e1ra, akik elveszett eml\u00e9keiket szeretn\u00e9k visszaszerezni.<\/li>\n<\/ol>\n\n\n\n<h2 class=\"wp-block-heading\">\ud83d\udde3\ufe0f Mit mondanak a felhaszn\u00e1l\u00f3k? \ud83d\udde3\ufe0f<\/h2>\n\n\n\n<p>Miut\u00e1n alaposan megvizsg\u00e1ltuk ezeket az alkalmaz\u00e1sokat, leny\u0171g\u00f6z\u00f6tt minket, amit a felhaszn\u00e1l\u00f3k mondtak.<\/p>\n\n\n\n<p>\u00cdme n\u00e9h\u00e1ny aj\u00e1nl\u00e1s:<\/p>\n\n\n\n<ul>\n<li>\u201eA legjobb fot\u00f3-helyre\u00e1ll\u00edt\u00f3 alkalmaz\u00e1s, amit valaha haszn\u00e1ltam!\u201d \u2013 Jo\u00e3o S.<\/li>\n\n\n\n<li>\u201eSiker\u00fclt visszaszereznem azokat a fot\u00f3kat, amelyekr\u0151l azt hittem, hogy \u00f6r\u00f6kre elvesztek!\u201d \u2013 Mar\u00eda A.<\/li>\n\n\n\n<li>\u201eEgyszer\u0171 \u00e9s hat\u00e9kony alkalmaz\u00e1s a t\u00f6r\u00f6lt fot\u00f3k helyre\u00e1ll\u00edt\u00e1s\u00e1hoz.\u201d \u2013 Pedro B.<\/li>\n\n\n\n<li>\u201eAzoknak aj\u00e1nlom, akiknek elveszett f\u00e9nyk\u00e9peket kell visszaszerezni\u00fck.\u201d \u2013 Ana C.<\/li>\n\n\n\n<li>\u201eSiker\u00fclt vissza\u00e1ll\u00edtanom a v\u00e9letlen\u00fcl t\u00f6r\u00f6lt fot\u00f3kat.\u201d \u2013 Carlos D.<\/li>\n\n\n\n<li>\u201eEgy nagyon j\u00f3 alkalmaz\u00e1s az elveszett adatok helyre\u00e1ll\u00edt\u00e1s\u00e1hoz.\u201d \u2013 Fernanda E.<\/li>\n<\/ul>\n\n\n\n<h2 class=\"wp-block-heading\">\ud83c\udf1f Tippek a sikeres fel\u00e9p\u00fcl\u00e9shez \ud83c\udf1f<\/h2>\n\n\n\n<p>Miel\u0151tt elkezden\u00e9 a gy\u00f3gyul\u00e1si folyamatot, \u00edme n\u00e9h\u00e1ny hasznos tipp a siker es\u00e9lyeinek n\u00f6vel\u00e9se \u00e9rdek\u00e9ben:<\/p>\n\n\n\n<ul>\n<li><strong>Cselekedj gyorsan<\/strong>Min\u00e9l el\u0151bb cselekszel, ann\u00e1l nagyobb es\u00e9lyed van a f\u00e9nyk\u00e9pek visszaszerz\u00e9s\u00e9re.<\/li>\n\n\n\n<li><strong>Ker\u00fclje a k\u00e9sz\u00fcl\u00e9k haszn\u00e1lat\u00e1t<\/strong>Az adatt\u00falcsordul\u00e1s elker\u00fcl\u00e9se \u00e9rdek\u00e9ben fontos, hogy a f\u00e9nyk\u00e9pek elveszt\u00e9s\u00e9t \u00e9szlelve azonnal ker\u00fclje az eszk\u00f6z haszn\u00e1lat\u00e1t.<\/li>\n\n\n\n<li><strong>Rendszeres biztons\u00e1gi ment\u00e9sek k\u00e9sz\u00edt\u00e9se<\/strong>A megel\u0151z\u00e9s mindig jobb, mint a gy\u00f3gy\u00edt\u00e1s. K\u00e9sz\u00edtsen rendszeres biztons\u00e1gi m\u00e1solatot a f\u00e9nyk\u00e9peir\u0151l, hogy elker\u00fclje a j\u00f6v\u0151beni fejf\u00e1j\u00e1st.<\/li>\n<\/ul>\n\n\n\n<h2 class=\"wp-block-heading\">\ud83d\udce5 T\u00f6ltsd le most! \ud83d\udce5<\/h2>\n\n\n\n<p>Most, hogy ismeri az alkalmaz\u00e1sokat \u00e9s k\u00e9szen \u00e1ll az elveszett f\u00e9nyk\u00e9pek visszaszerz\u00e9s\u00e9re, ne vesztegesse az idej\u00e9t!<\/p>\n\n\n\n<p>T\u00f6ltsd le az alkalmaz\u00e1sokat az al\u00e1bbi linkekr\u0151l, \u00e9s keltsd \u00e9letre \u00e9rt\u00e9kes pillanataidat:<\/p>\n\n\n\n<ul>\n<li><strong>DiskDigger fot\u00f3-helyre\u00e1ll\u00edt\u00e1s<\/strong>: <a href=\"https:\/\/play.google.com\/store\/apps\/details?id=com.defianttech.diskdigger&amp;hl=en_US\" target=\"_blank\" rel=\"noreferrer noopener\">Google Play \u00c1ruh\u00e1z<\/a><\/li>\n\n\n\n<li><strong>Vissza\u00e1ll\u00edt t\u00f6r\u00f6lt fot\u00f3k<\/strong>: <a href=\"https:\/\/play.google.com\/store\/apps\/details?id=inshot.data.recovery.restore.deleted.data.diskdigger&amp;hl=en_US\" target=\"_blank\" rel=\"noreferrer noopener\">Google Play \u00c1ruh\u00e1z<\/a> | <a href=\"https:\/\/support.apple.com\/guide\/icloud\/recover-deleted-files-mmae56ea1ca5\/icloud\" target=\"_blank\" rel=\"noreferrer noopener\">App Store<\/a><\/li>\n\n\n\n<li><strong>EaseUS MobiSaver Androidra\/iOS-re<\/strong>: <a href=\"https:\/\/play.google.com\/store\/apps\/details?id=com.easeus.mobisaver\" target=\"_blank\" rel=\"noreferrer noopener\">Google Play \u00c1ruh\u00e1z<\/a> | <a href=\"https:\/\/apps.apple.com\/us\/app\/easeus-data-recovery-wizard\/id740355970?mt=12\" target=\"_blank\" rel=\"noreferrer noopener\">App Store<\/a><\/li>\n<\/ul>\n\n\n\n<p><\/p>\n\n\n\n<hr class=\"wp-block-separator has-text-color has-luminous-vivid-orange-color has-alpha-channel-opacity has-luminous-vivid-orange-background-color has-background\" \/>\n\n\n\n<h2 class=\"wp-block-heading\">Olvasd el m\u00e9g:<\/h2>\n\n\n\n<div class=\"wp-block-columns is-layout-flex wp-container-core-columns-layout-2 wp-block-columns-is-layout-flex\">\n<div class=\"wp-block-column is-layout-flow wp-block-column-is-layout-flow\">\n<div class=\"wp-block-buttons is-layout-flex wp-block-buttons-is-layout-flex\">\n<div class=\"wp-block-button has-custom-width wp-block-button__width-100\" style=\"text-decoration:none\"><a class=\"wp-block-button__link has-white-color has-vivid-cyan-blue-background-color has-text-color has-background has-link-color has-text-align-left wp-element-button\" href=\"https:\/\/universofamilia.com\/hu\/5893\/acelera-tu-celular-despierta-tu-productividad\/\" style=\"border-radius:10px\" target=\"_blank\" rel=\"noreferrer noopener\"><font style=\"vertical-align: inherit\"><font style=\"vertical-align: inherit\">\ud83d\udccc Gyors\u00edtsd fel a mobiltelefonod \ud83d\udcf1<\/font><\/font> &gt;<\/a><\/div>\n\n\n\n<div class=\"wp-block-button has-custom-width wp-block-button__width-100\" style=\"text-decoration:none\"><a class=\"wp-block-button__link has-white-color has-vivid-cyan-blue-background-color has-text-color has-background has-link-color has-text-align-left wp-element-button\" href=\"https:\/\/universofamilia.com\/hu\/5869\/descubre-quien-te-esta-observando-en-las-redes-sociales\/\" style=\"border-radius:10px\" target=\"_blank\" rel=\"noreferrer noopener\"><font style=\"vertical-align: inherit\"><font style=\"vertical-align: inherit\"><font style=\"vertical-align: inherit\"><font style=\"vertical-align: inherit\">\ud83d\udccc Kik l\u00e1togatt\u00e1k meg a profilodat?<\/font><\/font><\/font><\/font> &gt;<\/a><\/div>\n<\/div>\n<\/div>\n\n\n\n<div class=\"wp-block-column is-layout-flow wp-block-column-is-layout-flow\">\n<div class=\"wp-block-buttons is-layout-flex wp-block-buttons-is-layout-flex\">\n<div class=\"wp-block-button has-custom-width wp-block-button__width-100\" style=\"text-decoration:none\"><a class=\"wp-block-button__link has-white-color has-vivid-cyan-blue-background-color has-text-color has-background has-link-color has-text-align-left wp-element-button\" href=\"https:\/\/universofamilia.com\/hu\/5859\/el-encanto-de-las-telenovelas-turcas\/\" style=\"border-radius:10px\" target=\"_blank\" rel=\"noreferrer noopener\"><font style=\"vertical-align: inherit\"><font style=\"vertical-align: inherit\"><font style=\"vertical-align: inherit\"><font style=\"vertical-align: inherit\">\ud83d\udccd<\/font><\/font> T\u00f6r\u00f6k szappanoper\u00e1k &gt;<\/font><\/font><\/a><\/div>\n<\/div>\n<\/div>\n<\/div>\n\n\n\n<hr class=\"wp-block-separator has-text-color has-luminous-vivid-orange-color has-alpha-channel-opacity has-luminous-vivid-orange-background-color has-background\" \/>\n\n\n\n<p><\/p>\n\n\n\n<h2 class=\"wp-block-heading\">\ud83c\udf08 Befejez\u00e9s: A rem\u00e9ny \u00fatja \ud83c\udf08<\/h2>\n\n\n\n<p>A becses f\u00e9nyk\u00e9pek elveszt\u00e9se les\u00fajt\u00f3 \u00e9lm\u00e9ny lehet, de ez nem kell, hogy az eml\u00e9keid v\u00e9g\u00e9t jelentse.<\/p>\n\n\n\n<p>A megfelel\u0151 alkalmaz\u00e1sokkal \u00e9s egy kis elsz\u00e1nts\u00e1ggal visszahozhatod ezeket a pillanatokat az \u00e9letedbe, \u00e9s biztos\u00edthatod, hogy eml\u00e9keid \u00f6r\u00f6kre biztons\u00e1gban legyenek.<\/p>\n\n\n\n<p>Teh\u00e1t ne hagyd, hogy a leg\u00e9rt\u00e9kesebb pillanataid elveszjenek a digit\u00e1lis \u00e9terben.<\/p>\n\n\n\n<p>T\u00f6ltsd le az aj\u00e1nlott alkalmaz\u00e1sokat, k\u00f6vesd a tippjeinket, \u00e9s v\u00e1gj bele a rem\u00e9ny \u00e9s a fel\u00e9p\u00fcl\u00e9s \u00fatj\u00e1ba. Az eml\u00e9keid csak r\u00e1d v\u00e1rnak!<\/p>\n\n\n\n<p>Ne vesztegesd az id\u0151d! T\u00f6ltsd le az alkalmaz\u00e1sokat, \u00e9s mentsd meg elveszett eml\u00e9keidet m\u00e9g ma! \ud83d\udcf8\u2728<\/p>","protected":false},"excerpt":{"rendered":"<p>\ud83d\udcf8 Elveszett pillanatok felid\u00e9z\u00e9se: Az eml\u00e9kek meg\u00f6r\u00f6k\u00edt\u00e9s\u00e9nek fontoss\u00e1ga \ud83d\udcf8 \u00d3, a fot\u00f3k! Olyanok, mint a m\u00faltba r\u00e9ved\u0151 kis ablakok, amelyek meg\u00f6r\u00f6k\u00edtik azokat a dr\u00e1ga pillanatokat, amelyeket \u00f6r\u00f6kre meg szeretn\u00e9nk \u0151rizni. Azonban n\u00e9ha ezek a digit\u00e1lis kincsek elt\u0171nhetnek, ak\u00e1r a telefonon t\u00f6rt\u00e9n\u0151 v\u00e9letlen \u00e9rint\u00e9s, ak\u00e1r valamilyen technol\u00f3giai rejt\u00e9ly miatt. De ne f\u00e9lj! Ez az \u00fatmutat\u00f3 [\u2026]<\/p>","protected":false},"author":139,"featured_media":5960,"comment_status":"closed","ping_status":"open","sticky":false,"template":"","format":"standard","meta":{"footnotes":""},"categories":[2],"tags":[110,151,1660],"yoast_head":"<!-- This site is optimized with the Yoast SEO plugin v23.3 - https:\/\/yoast.com\/wordpress\/plugins\/seo\/ -->\n<title>\ud83d\udcf8 Recuperando Momentos Perdidos - Universo Fam\u00edlia<\/title>\n<meta name=\"description\" content=\"\ud83d\udcf8 Recuperando Momentos Perdidos. \u00a1Ah, las fotos! Son como peque\u00f1as ventanas al pasado, capturando momentos preciosos...\" \/>\n<meta name=\"robots\" content=\"index, follow, max-snippet:-1, max-image-preview:large, max-video-preview:-1\" \/>\n<link rel=\"canonical\" href=\"http:\/\/universofamilia.com\/hu\/recuperando-momentos-perdidos-3\/\" \/>\n<meta property=\"og:locale\" content=\"hu_HU\" \/>\n<meta property=\"og:type\" content=\"article\" \/>\n<meta property=\"og:title\" content=\"\ud83d\udcf8 Recuperando Momentos Perdidos - Universo Fam\u00edlia\" \/>\n<meta property=\"og:description\" content=\"\ud83d\udcf8 Recuperando Momentos Perdidos. \u00a1Ah, las fotos! Son como peque\u00f1as ventanas al pasado, capturando momentos preciosos...\" \/>\n<meta property=\"og:url\" content=\"http:\/\/universofamilia.com\/hu\/recuperando-momentos-perdidos-3\/\" \/>\n<meta property=\"og:site_name\" content=\"Universo Fam\u00edlia\" \/>\n<meta property=\"article:published_time\" content=\"2024-05-14T22:53:48+00:00\" \/>\n<meta property=\"article:modified_time\" content=\"2025-01-29T01:24:11+00:00\" \/>\n<meta property=\"og:image\" content=\"http:\/\/universofamilia.com\/wp-content\/uploads\/sites\/148\/2024\/05\/P-550x350-3-2.jpg\" \/>\n\t<meta property=\"og:image:width\" content=\"550\" \/>\n\t<meta property=\"og:image:height\" content=\"350\" \/>\n\t<meta property=\"og:image:type\" content=\"image\/jpeg\" \/>\n<meta name=\"author\" content=\"Pedro Henrique\" \/>\n<meta name=\"twitter:card\" content=\"summary_large_image\" \/>\n<meta name=\"twitter:label1\" content=\"Written by\" \/>\n\t<meta name=\"twitter:data1\" content=\"Pedro Henrique\" \/>\n\t<meta name=\"twitter:label2\" content=\"Est. reading time\" \/>\n\t<meta name=\"twitter:data2\" content=\"6 perc\" \/>\n<script type=\"application\/ld+json\" class=\"yoast-schema-graph\">{\"@context\":\"https:\/\/schema.org\",\"@graph\":[{\"@type\":\"WebPage\",\"@id\":\"http:\/\/universofamilia.com\/hr\/recuperando-momentos-perdidos-3\/\",\"url\":\"http:\/\/universofamilia.com\/hr\/recuperando-momentos-perdidos-3\/\",\"name\":\"\ud83d\udcf8 Recuperando Momentos Perdidos - Universo Fam\u00edlia\",\"isPartOf\":{\"@id\":\"https:\/\/universofamilia.com\/el\/#website\"},\"primaryImageOfPage\":{\"@id\":\"http:\/\/universofamilia.com\/hr\/recuperando-momentos-perdidos-3\/#primaryimage\"},\"image\":{\"@id\":\"http:\/\/universofamilia.com\/hr\/recuperando-momentos-perdidos-3\/#primaryimage\"},\"thumbnailUrl\":\"http:\/\/universofamilia.com\/wp-content\/uploads\/sites\/148\/2024\/05\/P-550x350-3-2.jpg\",\"datePublished\":\"2024-05-14T22:53:48+00:00\",\"dateModified\":\"2025-01-29T01:24:11+00:00\",\"author\":{\"@id\":\"https:\/\/universofamilia.com\/el\/#\/schema\/person\/f07ce98187dd84d31154262e79b3b7ca\"},\"description\":\"\ud83d\udcf8 Recuperando Momentos Perdidos. \u00a1Ah, las fotos! Son como peque\u00f1as ventanas al pasado, capturando momentos preciosos...\",\"breadcrumb\":{\"@id\":\"http:\/\/universofamilia.com\/hr\/recuperando-momentos-perdidos-3\/#breadcrumb\"},\"inLanguage\":\"hu\",\"potentialAction\":[{\"@type\":\"ReadAction\",\"target\":[\"http:\/\/universofamilia.com\/hr\/recuperando-momentos-perdidos-3\/\"]}]},{\"@type\":\"ImageObject\",\"inLanguage\":\"hu\",\"@id\":\"http:\/\/universofamilia.com\/hr\/recuperando-momentos-perdidos-3\/#primaryimage\",\"url\":\"http:\/\/universofamilia.com\/wp-content\/uploads\/sites\/148\/2024\/05\/P-550x350-3-2.jpg\",\"contentUrl\":\"http:\/\/universofamilia.com\/wp-content\/uploads\/sites\/148\/2024\/05\/P-550x350-3-2.jpg\",\"width\":550,\"height\":350,\"caption\":\"\ud83d\udcf8 Recuperando Momentos Perdidos\"},{\"@type\":\"BreadcrumbList\",\"@id\":\"http:\/\/universofamilia.com\/hr\/recuperando-momentos-perdidos-3\/#breadcrumb\",\"itemListElement\":[{\"@type\":\"ListItem\",\"position\":1,\"name\":\"Home\",\"item\":\"https:\/\/universofamilia.com\/el\/\"},{\"@type\":\"ListItem\",\"position\":2,\"name\":\"\ud83d\udcf8 Recuperando Momentos Perdidos\"}]},{\"@type\":\"WebSite\",\"@id\":\"https:\/\/universofamilia.com\/el\/#website\",\"url\":\"https:\/\/universofamilia.com\/el\/\",\"name\":\"Universo Fam\u00edlia\",\"description\":\"\",\"potentialAction\":[{\"@type\":\"SearchAction\",\"target\":{\"@type\":\"EntryPoint\",\"urlTemplate\":\"https:\/\/universofamilia.com\/el\/?s={search_term_string}\"},\"query-input\":\"required name=search_term_string\"}],\"inLanguage\":\"hu\"},{\"@type\":\"Person\",\"@id\":\"https:\/\/universofamilia.com\/el\/#\/schema\/person\/f07ce98187dd84d31154262e79b3b7ca\",\"name\":\"Pedro Henrique\",\"image\":{\"@type\":\"ImageObject\",\"inLanguage\":\"hu\",\"@id\":\"https:\/\/universofamilia.com\/el\/#\/schema\/person\/image\/\",\"url\":\"http:\/\/0.gravatar.com\/avatar\/9edfeb808cb4e1599f64d6e45b130154?s=96&d=mm&r=g\",\"contentUrl\":\"http:\/\/0.gravatar.com\/avatar\/9edfeb808cb4e1599f64d6e45b130154?s=96&d=mm&r=g\",\"caption\":\"Pedro Henrique\"},\"url\":\"http:\/\/universofamilia.com\/hu\/author\/editor01\/\"}]}<\/script>\n<!-- \/ Yoast SEO plugin. -->","yoast_head_json":{"title":"\ud83d\udcf8 Recuperando Momentos Perdidos - Universo Fam\u00edlia","description":"\ud83d\udcf8 Recuperando Momentos Perdidos. \u00a1Ah, las fotos! Son como peque\u00f1as ventanas al pasado, capturando momentos preciosos...","robots":{"index":"index","follow":"follow","max-snippet":"max-snippet:-1","max-image-preview":"max-image-preview:large","max-video-preview":"max-video-preview:-1"},"canonical":"http:\/\/universofamilia.com\/hu\/recuperando-momentos-perdidos-3\/","og_locale":"hu_HU","og_type":"article","og_title":"\ud83d\udcf8 Recuperando Momentos Perdidos - Universo Fam\u00edlia","og_description":"\ud83d\udcf8 Recuperando Momentos Perdidos. \u00a1Ah, las fotos! Son como peque\u00f1as ventanas al pasado, capturando momentos preciosos...","og_url":"http:\/\/universofamilia.com\/hu\/recuperando-momentos-perdidos-3\/","og_site_name":"Universo Fam\u00edlia","article_published_time":"2024-05-14T22:53:48+00:00","article_modified_time":"2025-01-29T01:24:11+00:00","og_image":[{"width":550,"height":350,"url":"http:\/\/universofamilia.com\/wp-content\/uploads\/sites\/148\/2024\/05\/P-550x350-3-2.jpg","type":"image\/jpeg"}],"author":"Pedro Henrique","twitter_card":"summary_large_image","twitter_misc":{"Written by":"Pedro Henrique","Est. reading time":"6 perc"},"schema":{"@context":"https:\/\/schema.org","@graph":[{"@type":"WebPage","@id":"http:\/\/universofamilia.com\/hr\/recuperando-momentos-perdidos-3\/","url":"http:\/\/universofamilia.com\/hr\/recuperando-momentos-perdidos-3\/","name":"\ud83d\udcf8 Recuperando Momentos Perdidos - Universo Fam\u00edlia","isPartOf":{"@id":"https:\/\/universofamilia.com\/el\/#website"},"primaryImageOfPage":{"@id":"http:\/\/universofamilia.com\/hr\/recuperando-momentos-perdidos-3\/#primaryimage"},"image":{"@id":"http:\/\/universofamilia.com\/hr\/recuperando-momentos-perdidos-3\/#primaryimage"},"thumbnailUrl":"http:\/\/universofamilia.com\/wp-content\/uploads\/sites\/148\/2024\/05\/P-550x350-3-2.jpg","datePublished":"2024-05-14T22:53:48+00:00","dateModified":"2025-01-29T01:24:11+00:00","author":{"@id":"https:\/\/universofamilia.com\/el\/#\/schema\/person\/f07ce98187dd84d31154262e79b3b7ca"},"description":"\ud83d\udcf8 Recuperando Momentos Perdidos. \u00a1Ah, las fotos! Son como peque\u00f1as ventanas al pasado, capturando momentos preciosos...","breadcrumb":{"@id":"http:\/\/universofamilia.com\/hr\/recuperando-momentos-perdidos-3\/#breadcrumb"},"inLanguage":"hu","potentialAction":[{"@type":"ReadAction","target":["http:\/\/universofamilia.com\/hr\/recuperando-momentos-perdidos-3\/"]}]},{"@type":"ImageObject","inLanguage":"hu","@id":"http:\/\/universofamilia.com\/hr\/recuperando-momentos-perdidos-3\/#primaryimage","url":"http:\/\/universofamilia.com\/wp-content\/uploads\/sites\/148\/2024\/05\/P-550x350-3-2.jpg","contentUrl":"http:\/\/universofamilia.com\/wp-content\/uploads\/sites\/148\/2024\/05\/P-550x350-3-2.jpg","width":550,"height":350,"caption":"\ud83d\udcf8 Recuperando Momentos Perdidos"},{"@type":"BreadcrumbList","@id":"http:\/\/universofamilia.com\/hr\/recuperando-momentos-perdidos-3\/#breadcrumb","itemListElement":[{"@type":"ListItem","position":1,"name":"Home","item":"https:\/\/universofamilia.com\/el\/"},{"@type":"ListItem","position":2,"name":"\ud83d\udcf8 Recuperando Momentos Perdidos"}]},{"@type":"WebSite","@id":"https:\/\/universofamilia.com\/el\/#website","url":"https:\/\/universofamilia.com\/el\/","name":"Universo Fam\u00edlia","description":"","potentialAction":[{"@type":"SearchAction","target":{"@type":"EntryPoint","urlTemplate":"https:\/\/universofamilia.com\/el\/?s={search_term_string}"},"query-input":"required name=search_term_string"}],"inLanguage":"hu"},{"@type":"Person","@id":"https:\/\/universofamilia.com\/el\/#\/schema\/person\/f07ce98187dd84d31154262e79b3b7ca","name":"Pedro Henrique","image":{"@type":"ImageObject","inLanguage":"hu","@id":"https:\/\/universofamilia.com\/el\/#\/schema\/person\/image\/","url":"http:\/\/0.gravatar.com\/avatar\/9edfeb808cb4e1599f64d6e45b130154?s=96&d=mm&r=g","contentUrl":"http:\/\/0.gravatar.com\/avatar\/9edfeb808cb4e1599f64d6e45b130154?s=96&d=mm&r=g","caption":"Pedro Henrique"},"url":"http:\/\/universofamilia.com\/hu\/author\/editor01\/"}]}},"_links":{"self":[{"href":"http:\/\/universofamilia.com\/hu\/wp-json\/wp\/v2\/posts\/5958"}],"collection":[{"href":"http:\/\/universofamilia.com\/hu\/wp-json\/wp\/v2\/posts"}],"about":[{"href":"http:\/\/universofamilia.com\/hu\/wp-json\/wp\/v2\/types\/post"}],"author":[{"embeddable":true,"href":"http:\/\/universofamilia.com\/hu\/wp-json\/wp\/v2\/users\/139"}],"replies":[{"embeddable":true,"href":"http:\/\/universofamilia.com\/hu\/wp-json\/wp\/v2\/comments?post=5958"}],"version-history":[{"count":1,"href":"http:\/\/universofamilia.com\/hu\/wp-json\/wp\/v2\/posts\/5958\/revisions"}],"predecessor-version":[{"id":8468,"href":"http:\/\/universofamilia.com\/hu\/wp-json\/wp\/v2\/posts\/5958\/revisions\/8468"}],"wp:featuredmedia":[{"embeddable":true,"href":"http:\/\/universofamilia.com\/hu\/wp-json\/wp\/v2\/media\/5960"}],"wp:attachment":[{"href":"http:\/\/universofamilia.com\/hu\/wp-json\/wp\/v2\/media?parent=5958"}],"wp:term":[{"taxonomy":"category","embeddable":true,"href":"http:\/\/universofamilia.com\/hu\/wp-json\/wp\/v2\/categories?post=5958"},{"taxonomy":"post_tag","embeddable":true,"href":"http:\/\/universofamilia.com\/hu\/wp-json\/wp\/v2\/tags?post=5958"}],"curies":[{"name":"wp","href":"https:\/\/api.w.org\/{rel}","templated":true}]}}