{"id":5959,"date":"2024-05-14T19:59:35","date_gmt":"2024-05-14T22:59:35","guid":{"rendered":"https:\/\/universofamilia.com\/?p=5959"},"modified":"2025-01-28T14:04:08","modified_gmt":"2025-01-28T14:04:08","slug":"alguna-vez-has-pensado-en-la-importancia-de-las-fotos-en-nuestras-vidas","status":"publish","type":"post","link":"http:\/\/universofamilia.com\/hu\/alguna-vez-has-pensado-en-la-importancia-de-las-fotos-en-nuestras-vidas\/","title":{"rendered":"Elveszett eml\u00e9kek helyre\u00e1ll\u00edt\u00e1sa"},"content":{"rendered":"<p>\ud83d\udcf8 Gondolt\u00e1l m\u00e1r arra, hogy milyen fontosak a fot\u00f3k az \u00e9let\u00fcnkben?<\/p>\n\n\n\n<p>Azok a k\u00e9pek, amelyek k\u00fcl\u00f6nleges pillanatokat \u00f6r\u00f6k\u00edtenek meg, azok a mosolyok, amelyek megmelengetik a sz\u00edvet, azok a t\u00e1jak, amelyek l\u00e9legzetvisszafojtva hagynak minket.<\/p>\n\n\n\n<p>A fot\u00f3k olyanok, mint az ablakok a m\u00faltba, lehet\u0151v\u00e9 t\u00e9ve sz\u00e1munkra, hogy \u00fajra \u00e1t\u00e9lj\u00fck a fontos pillanatokat, amikor csak akarjuk.<\/p>\n\n\n\n<p><\/p>\n\n\n\n<hr class=\"wp-block-separator has-text-color has-luminous-vivid-orange-color has-alpha-channel-opacity has-luminous-vivid-orange-background-color has-background\" \/>\n\n\n\n<h2 class=\"wp-block-heading\">Olvasd el m\u00e9g:<\/h2>\n\n\n\n<div class=\"wp-block-columns is-layout-flex wp-container-core-columns-layout-1 wp-block-columns-is-layout-flex\">\n<div class=\"wp-block-column is-layout-flow wp-block-column-is-layout-flow\">\n<div class=\"wp-block-buttons is-layout-flex wp-block-buttons-is-layout-flex\">\n<div class=\"wp-block-button has-custom-width wp-block-button__width-100\" style=\"text-decoration:none\"><a class=\"wp-block-button__link has-white-color has-vivid-cyan-blue-background-color has-text-color has-background has-link-color has-text-align-left wp-element-button\" href=\"https:\/\/universofamilia.com\/hu\/5893\/acelera-tu-celular-despierta-tu-productividad\/\" style=\"border-radius:10px\" target=\"_blank\" rel=\"noreferrer noopener\"><font style=\"vertical-align: inherit\"><font style=\"vertical-align: inherit\">\ud83d\udccc Gyors\u00edtsd fel a mobiltelefonod \ud83d\udcf1<\/font><\/font> &gt;<\/a><\/div>\n\n\n\n<div class=\"wp-block-button has-custom-width wp-block-button__width-100\" style=\"text-decoration:none\"><a class=\"wp-block-button__link has-white-color has-vivid-cyan-blue-background-color has-text-color has-background has-link-color has-text-align-left wp-element-button\" href=\"https:\/\/universofamilia.com\/hu\/5869\/descubre-quien-te-esta-observando-en-las-redes-sociales\/\" style=\"border-radius:10px\" target=\"_blank\" rel=\"noreferrer noopener\"><font style=\"vertical-align: inherit\"><font style=\"vertical-align: inherit\"><font style=\"vertical-align: inherit\"><font style=\"vertical-align: inherit\">\ud83d\udccc Kik l\u00e1togatt\u00e1k meg a profilodat?<\/font><\/font><\/font><\/font> &gt;<\/a><\/div>\n<\/div>\n<\/div>\n\n\n\n<div class=\"wp-block-column is-layout-flow wp-block-column-is-layout-flow\">\n<div class=\"wp-block-buttons is-layout-flex wp-block-buttons-is-layout-flex\">\n<div class=\"wp-block-button has-custom-width wp-block-button__width-100\" style=\"text-decoration:none\"><a class=\"wp-block-button__link has-white-color has-vivid-cyan-blue-background-color has-text-color has-background has-link-color has-text-align-left wp-element-button\" href=\"https:\/\/universofamilia.com\/hu\/5859\/el-encanto-de-las-telenovelas-turcas\/\" style=\"border-radius:10px\" target=\"_blank\" rel=\"noreferrer noopener\"><font style=\"vertical-align: inherit\"><font style=\"vertical-align: inherit\"><font style=\"vertical-align: inherit\"><font style=\"vertical-align: inherit\">\ud83d\udccd<\/font><\/font> T\u00f6r\u00f6k szappanoper\u00e1k &gt;<\/font><\/font><\/a><\/div>\n<\/div>\n<\/div>\n<\/div>\n\n\n\n<hr class=\"wp-block-separator has-text-color has-luminous-vivid-orange-color has-alpha-channel-opacity has-luminous-vivid-orange-background-color has-background\" \/>\n\n\n\n<p><\/p>\n\n\n\n<p>De mi t\u00f6rt\u00e9nik, ha ezek a dr\u00e1ga eml\u00e9kek hirtelen elt\u0171nnek? Hogyan birk\u00f3zhatunk meg azokkal a pillanatokkal, amelyeket biztons\u00e1gban gondoltunk a mobileszk\u00f6zeinken?<\/p>\n\n\n\n<p>Ne agg\u00f3dj! Ebben a cikkben megvizsg\u00e1ljuk az elveszett f\u00e9nyk\u00e9pek helyre\u00e1ll\u00edt\u00e1s\u00e1nak fontoss\u00e1g\u00e1t, \u00e9s azt, hogyan teheted ezt meg egyszer\u0171en \u00e9s hat\u00e9konyan.<\/p>\n\n\n\n<p>Olvass tov\u00e1bb, \u00e9s tudd meg, hogyan mentheted meg az elveszett kincseket!<\/p>\n\n\n\n<h2 class=\"wp-block-heading\">A vesztes\u00e9g szomor\u00fas\u00e1ga: Mi\u00e9rt l\u00e9tfontoss\u00e1g\u00fa a f\u00e9nyk\u00e9pek visszaszerz\u00e9se?<\/h2>\n\n\n\n<p>\ud83d\udcf1 K\u00e9pzeld el a k\u00f6vetkez\u0151 forgat\u00f3k\u00f6nyvet: a telefonodon g\u00f6rgeted a fot\u00f3kat, \u00e9s felid\u00e9zed a felejthetetlen utaz\u00e1sokat, eml\u00e9kezetes bulikat \u00e9s meghat\u00f3 csal\u00e1di pillanatokat.<\/p>\n\n\n\n<p>Hirtelen r\u00e1j\u00f6ssz, hogy ezek k\u00f6z\u00fcl a k\u00e9pek k\u00f6z\u00fcl t\u00f6bb egyszer\u0171en elt\u0171nt.<\/p>\n\n\n\n<p>Ami egy nosztalgikus utaz\u00e1snak indult a fot\u00f3albumban, az elveszett eml\u00e9kek k\u00e9ts\u00e9gbeesett keres\u00e9s\u00e9v\u00e9 v\u00e1lik.<\/p>\n\n\n\n<p>Le\u00edrhatatlan a k\u00e9ts\u00e9gbees\u00e9s \u00e9s szomor\u00fas\u00e1g \u00e9rz\u00e9se, amikor r\u00e1j\u00f6ssz, hogy ezek a pillanatok \u00f6r\u00f6kre elveszhetnek.<\/p>\n\n\n\n<p>De ne f\u00e9lj, van f\u00e9ny az alag\u00fat v\u00e9g\u00e9n!<\/p>\n\n\n\n<figure class=\"wp-block-image size-full\"><img loading=\"lazy\" decoding=\"async\" width=\"550\" height=\"350\" src=\"http:\/\/universofamilia.com\/wp-content\/uploads\/sites\/148\/2024\/05\/P-550x350-2-5.jpg\" alt=\"\" class=\"wp-image-5962\" srcset=\"http:\/\/universofamilia.com\/wp-content\/uploads\/sites\/148\/2024\/05\/P-550x350-2-5.jpg 550w, http:\/\/universofamilia.com\/wp-content\/uploads\/sites\/148\/2024\/05\/P-550x350-2-5-300x191.jpg 300w\" sizes=\"(max-width: 550px) 100vw, 550px\" \/><\/figure>\n\n\n\n<h2 class=\"wp-block-heading\">Az elveszett dolgok helyre\u00e1ll\u00edt\u00e1sa: Hogyan \u00e1ll\u00edtsuk vissza a v\u00e9letlen\u00fcl t\u00f6r\u00f6lt f\u00e9nyk\u00e9peket<\/h2>\n\n\n\n<p>\ud83d\udd0d Ha valaha is ker\u00fclt\u00e9l m\u00e1r ilyen neh\u00e9z helyzetbe, tudod, hogy nem vagy egyed\u00fcl.<\/p>\n\n\n\n<p>Sokan k\u00f6z\u00fcl\u00fcnk v\u00e9letlen\u00fcl t\u00f6r\u00f6lt\u00fcnk \u00e9rt\u00e9kes f\u00e9nyk\u00e9peket, ak\u00e1r egy v\u00e9letlen \u00e9rint\u00e9s, ak\u00e1r rendszerhiba miatt.<\/p>\n\n\n\n<p>Azonban fontos, hogy gyorsan cselekedj\u00fcnk, hogy n\u00f6velj\u00fck a gy\u00f3gyul\u00e1s es\u00e9lyeit.<\/p>\n\n\n\n<p>Els\u0151sorban ker\u00fcld az eszk\u00f6z\u00f6d haszn\u00e1lat\u00e1t, amint \u00e9szreveszed a f\u00e9nyk\u00e9pek elveszt\u00e9s\u00e9t, mivel ez fel\u00fcl\u00edrhatja az adatokat, \u00e9s megnehez\u00edtheti a helyre\u00e1ll\u00edt\u00e1st.<\/p>\n\n\n\n<p>Ehelyett k\u00f6vesse ezeket az egyszer\u0171 tippeket, hogy visszaszerezze \u00e9rt\u00e9kes dolgait:<\/p>\n\n\n\n<ol>\n<li><strong>Ellen\u0151rizze a szemetet<\/strong>Sok eszk\u00f6z\u00f6n a t\u00f6r\u00f6lt fot\u00f3k a v\u00e9gleges t\u00f6rl\u00e9s el\u0151tt a kuk\u00e1ba ker\u00fclnek. Ez\u00e9rt ellen\u0151rizze az eszk\u00f6z kuk\u00e1j\u00e1t, hogy ott vannak-e a fot\u00f3k.<\/li>\n\n\n\n<li><strong>Haszn\u00e1ljon egy fot\u00f3-helyre\u00e1ll\u00edt\u00f3 alkalmaz\u00e1st<\/strong>Sz\u00e1mos alkalmaz\u00e1s \u00e9rhet\u0151 el, amelyek seg\u00edthetnek a t\u00f6r\u00f6lt f\u00e9nyk\u00e9pek vissza\u00e1ll\u00edt\u00e1s\u00e1ban. Ezek az alkalmaz\u00e1sok fejlett algoritmusokat haszn\u00e1lnak az eszk\u00f6z elveszett adatainak beolvas\u00e1s\u00e1ra \u00e9s vissza\u00e1ll\u00edt\u00e1s\u00e1ra. Nem tudja, hol kezdje? Olvasson tov\u00e1bb, \u00e9s fedezze fel a legjobb alkalmaz\u00e1sokat erre a feladatra!<\/li>\n<\/ol>\n\n\n\n<h2 class=\"wp-block-heading\">\u00d6r\u00f6kk\u00e9val\u00f3 pillanatok: Mi\u00e9rt maradnak erekly\u00e9k a fot\u00f3k az \u00f6r\u00f6kk\u00e9val\u00f3s\u00e1g sz\u00e1m\u00e1ra?<\/h2>\n\n\n\n<p>\ud83c\udf1f A fot\u00f3k nem csup\u00e1n statikus k\u00e9pek; port\u00e1lok, amelyek visszarep\u00edtenek minket az id\u0151ben. Lehet\u0151v\u00e9 teszik sz\u00e1munkra, hogy \u00fajra \u00e1t\u00e9lj\u00fck a k\u00fcl\u00f6nleges pillanatokat, megoszthassuk az eml\u00e9keket szeretteinkkel, \u00e9s olyan t\u00f6rt\u00e9neteket mes\u00e9lj\u00fcnk el, amelyek gener\u00e1ci\u00f3kon \u00e1t fennmaradnak.<\/p>\n\n\n\n<p>Amikor elvesz\u00edtj\u00fck ezeket a f\u00e9nyk\u00e9peket, nemcsak a k\u00e9peket vesz\u00edtj\u00fck el, hanem a hozz\u00e1juk kapcsol\u00f3d\u00f3 \u00e9rzelmeket \u00e9s eml\u00e9keket is. Mintha t\u00f6rt\u00e9nelm\u00fcnk egy r\u00e9sze hirtelen kit\u00f6rl\u0151dne.<\/p>\n\n\n\n<p>Ez\u00e9rt elengedhetetlen ezeknek a kincseknek a meg\u0151rz\u00e9se, hogy tov\u00e1bbra is kapcsolatban maradhassunk a m\u00faltunkkal, \u00e9s megoszthassuk azt a j\u00f6v\u0151vel.<\/p>\n\n\n\n<h2 class=\"wp-block-heading\">Fedezze fel a legjobb alkalmaz\u00e1sokat az elveszett f\u00e9nyk\u00e9pek visszaszerz\u00e9s\u00e9re<\/h2>\n\n\n\n<p>\u2699\ufe0f Most, hogy meg\u00e9rtett\u00fck az elveszett f\u00e9nyk\u00e9pek vissza\u00e1ll\u00edt\u00e1s\u00e1nak fontoss\u00e1g\u00e1t, fedezz\u00fck fel a feladathoz el\u00e9rhet\u0151 legjobb alkalmaz\u00e1sokat.<\/p>\n\n\n\n<p>Ezeket az alkalmaz\u00e1sokat hat\u00e9konys\u00e1guk\u00e9rt \u00e9s k\u00f6nny\u0171 haszn\u00e1latuk\u00e9rt dics\u00e9rt\u00e9k, \u00e9s t\u00f6bb ezer embernek seg\u00edtettek visszanyerni elveszett eml\u00e9keiket.<\/p>\n\n\n\n<p>N\u00e9zd meg al\u00e1bb:<\/p>\n\n\n\n<ol>\n<li><strong>DiskDigger fot\u00f3-helyre\u00e1ll\u00edt\u00e1s<\/strong>Ez az alkalmaz\u00e1s er\u0151sen aj\u00e1nlott, mivel k\u00f6nnyed\u00e9n vissza\u00e1ll\u00edtja az elveszett f\u00e9nyk\u00e9peket. Leny\u0171g\u00f6z\u0151 \u00e9rt\u00e9kel\u00e9s\u00e9vel \u00e9s az el\u00e9gedett felhaszn\u00e1l\u00f3k pozit\u00edv v\u00e9lem\u00e9nyeivel a DiskDigger megb\u00edzhat\u00f3 v\u00e1laszt\u00e1s azok sz\u00e1m\u00e1ra, akik \u00e9rt\u00e9kes f\u00e9nyk\u00e9peiket szeretn\u00e9k vissza\u00e1ll\u00edtani.<\/li>\n\n\n\n<li><strong>Vissza\u00e1ll\u00edt t\u00f6r\u00f6lt fot\u00f3k<\/strong>Egy m\u00e1sik kiv\u00e1l\u00f3 lehet\u0151s\u00e9g a v\u00e9letlen\u00fcl t\u00f6r\u00f6lt fot\u00f3k helyre\u00e1ll\u00edt\u00e1s\u00e1ra. Egy egyszer\u0171 \u00e9s hat\u00e9kony fel\u00fclettel ez az alkalmaz\u00e1s egyszer\u0171v\u00e9 \u00e9s k\u00f6nny\u0171v\u00e9 teszi a helyre\u00e1ll\u00edt\u00e1si folyamatot.<\/li>\n\n\n\n<li><strong>EaseUS MobiSaver Androidra\/iOS-re<\/strong>Ha \u00e1tfog\u00f3 megold\u00e1st keresel nemcsak a f\u00e9nyk\u00e9pek, hanem m\u00e1s t\u00edpus\u00fa elveszett adatok helyre\u00e1ll\u00edt\u00e1s\u00e1ra is, az EaseUS MobiSaver a megfelel\u0151 v\u00e1laszt\u00e1s sz\u00e1modra. Magas helyre\u00e1ll\u00edt\u00e1si ar\u00e1ny\u00e1val \u00e9s intuit\u00edv fel\u00fclet\u00e9vel ez az alkalmaz\u00e1s \u00e9rt\u00e9kes eszk\u00f6z azok sz\u00e1m\u00e1ra, akik adatveszt\u00e9ssel szembes\u00fclnek mobil eszk\u00f6zeiken.<\/li>\n<\/ol>\n\n\n\n<h2 class=\"wp-block-heading\">Konkl\u00fazi\u00f3: \u0150rizze meg eml\u00e9keit a legjobb fot\u00f3-helyre\u00e1ll\u00edt\u00f3 alkalmaz\u00e1sokkal<\/h2>\n\n\n\n<p>\ud83d\udd12 A fot\u00f3k t\u00f6bbet jelentenek puszta k\u00e9pn\u00e9l; kincsek, amelyek a legf\u00e9ltettebb eml\u00e9keinket \u0151rzik. Ez\u00e9rt elengedhetetlen, hogy megv\u00e9dj\u00fck ezeket az eml\u00e9keket a v\u00e9letlen elveszt\u00e9st\u0151l.<\/p>\n\n\n\n<p>A megfelel\u0151 alkalmaz\u00e1sokkal vissza\u00e1ll\u00edthatod elveszett fot\u00f3idat, \u00e9s biztos\u00edthatod, hogy ezek az id\u0151tlen pillanatok \u00f6r\u00f6kre meg\u0151rz\u0151djenek.<\/p>\n\n\n\n<p>Ne hagyd, hogy eml\u00e9keid elt\u0171njenek a digit\u00e1lis m\u00e9lys\u00e9gben. T\u00f6ltsd le az egyik aj\u00e1nlott alkalmaz\u00e1sunkat, \u00e9s \u00e1ll\u00edtsd vissza elveszett fot\u00f3idat m\u00e9g ma!<\/p>\n\n\n\n<h3 class=\"wp-block-heading\">\ud83d\udcf2 <strong>Let\u00f6lt\u00e9si linkek<\/strong>:<\/h3>\n\n\n\n<ul>\n<li><strong>Android<\/strong>: <a href=\"https:\/\/play.google.com\/store\/apps\/details?id=com.defianttech.diskdigger&amp;hl=en_US\" target=\"_blank\" rel=\"noreferrer noopener\">DiskDigger fot\u00f3-helyre\u00e1ll\u00edt\u00e1s<\/a>, <a href=\"https:\/\/play.google.com\/store\/apps\/details?id=inshot.data.recovery.restore.deleted.data.diskdigger&amp;hl=en_US\" target=\"_blank\" rel=\"noreferrer noopener\">Vissza\u00e1ll\u00edt t\u00f6r\u00f6lt fot\u00f3k<\/a>, <a href=\"https:\/\/play.google.com\/store\/apps\/details?id=com.easeus.mobisaver\" target=\"_blank\" rel=\"noreferrer noopener\">EaseUS MobiSaver<\/a><\/li>\n\n\n\n<li><strong>iOS<\/strong>: <a href=\"https:\/\/support.apple.com\/guide\/icloud\/recover-deleted-files-mmae56ea1ca5\/icloud\" target=\"_blank\" rel=\"noreferrer noopener\">Vissza\u00e1ll\u00edt t\u00f6r\u00f6lt fot\u00f3k<\/a>, <a href=\"https:\/\/apps.apple.com\/us\/app\/easeus-data-recovery-wizard\/id740355970?mt=12\" target=\"_blank\" rel=\"noreferrer noopener\">EaseUS MobiSaver<\/a><\/li>\n<\/ul>\n\n\n\n<p>\ud83d\udcf8 Soha ne hagyd, hogy az eml\u00e9keid elveszjenek a digit\u00e1lis m\u00e9lys\u00e9gben.<\/p>\n\n\n\n<p>T\u00f6ltsd le most az egyik alkalmaz\u00e1st, \u00e9s \u00e1ll\u00edtsd vissza elveszett fot\u00f3idat k\u00f6nnyed\u00e9n!<\/p>","protected":false},"excerpt":{"rendered":"<p>\ud83d\udcf8 \u00bfAlguna vez has pensado en la importancia de las fotos en nuestras vidas? Esas im\u00e1genes que capturan momentos especiales, esas sonrisas que calientan el coraz\u00f3n, esos paisajes que nos dejan sin aliento. Las fotos son como ventanas al pasado, permiti\u00e9ndonos revivir momentos preciosos siempre que lo deseemos. Lea tambi\u00e9n: Sin embargo, \u00bfqu\u00e9 pasa cuando [&hellip;]<\/p>","protected":false},"author":139,"featured_media":5962,"comment_status":"closed","ping_status":"open","sticky":false,"template":"","format":"standard","meta":{"footnotes":""},"categories":[2],"tags":[110,347,1655],"yoast_head":"<!-- This site is optimized with the Yoast SEO plugin v23.3 - https:\/\/yoast.com\/wordpress\/plugins\/seo\/ -->\n<title>Recuperando Recuerdos Perdidos - Universo Fam\u00edlia<\/title>\n<meta name=\"description\" content=\"\ud83d\udcf8 \u00bfAlguna vez has pensado en la importancia de las fotos en nuestras vidas?Esas im\u00e1genes que capturan momentos especiales...\" \/>\n<meta name=\"robots\" content=\"index, follow, max-snippet:-1, max-image-preview:large, max-video-preview:-1\" \/>\n<link rel=\"canonical\" href=\"http:\/\/universofamilia.com\/hu\/pernahkah-anda-berpikir-tentang-pentingnya-foto-dalam-kehidupan-kita\/\" \/>\n<meta property=\"og:locale\" content=\"hu_HU\" \/>\n<meta property=\"og:type\" content=\"article\" \/>\n<meta property=\"og:title\" content=\"Recuperando Recuerdos Perdidos - Universo Fam\u00edlia\" \/>\n<meta property=\"og:description\" content=\"\ud83d\udcf8 \u00bfAlguna vez has pensado en la importancia de las fotos en nuestras vidas?Esas im\u00e1genes que capturan momentos especiales...\" \/>\n<meta property=\"og:url\" content=\"http:\/\/universofamilia.com\/hu\/pernahkah-anda-berpikir-tentang-pentingnya-foto-dalam-kehidupan-kita\/\" \/>\n<meta property=\"og:site_name\" content=\"Universo Fam\u00edlia\" \/>\n<meta property=\"article:published_time\" content=\"2024-05-14T22:59:35+00:00\" \/>\n<meta property=\"article:modified_time\" content=\"2025-01-28T14:04:08+00:00\" \/>\n<meta property=\"og:image\" content=\"http:\/\/universofamilia.com\/wp-content\/uploads\/sites\/148\/2024\/05\/P-550x350-2-5.jpg\" \/>\n\t<meta property=\"og:image:width\" content=\"550\" \/>\n\t<meta property=\"og:image:height\" content=\"350\" \/>\n\t<meta property=\"og:image:type\" content=\"image\/jpeg\" \/>\n<meta name=\"author\" content=\"Pedro Henrique\" \/>\n<meta name=\"twitter:card\" content=\"summary_large_image\" \/>\n<meta name=\"twitter:label1\" content=\"Written by\" \/>\n\t<meta name=\"twitter:data1\" content=\"Pedro Henrique\" \/>\n\t<meta name=\"twitter:label2\" content=\"Est. reading time\" \/>\n\t<meta name=\"twitter:data2\" content=\"5 perc\" \/>\n<script type=\"application\/ld+json\" class=\"yoast-schema-graph\">{\"@context\":\"https:\/\/schema.org\",\"@graph\":[{\"@type\":\"WebPage\",\"@id\":\"http:\/\/universofamilia.com\/id\/pernahkah-anda-berpikir-tentang-pentingnya-foto-dalam-kehidupan-kita\/\",\"url\":\"http:\/\/universofamilia.com\/id\/pernahkah-anda-berpikir-tentang-pentingnya-foto-dalam-kehidupan-kita\/\",\"name\":\"Recuperando Recuerdos Perdidos - Universo Fam\u00edlia\",\"isPartOf\":{\"@id\":\"https:\/\/universofamilia.com\/el\/#website\"},\"primaryImageOfPage\":{\"@id\":\"http:\/\/universofamilia.com\/id\/pernahkah-anda-berpikir-tentang-pentingnya-foto-dalam-kehidupan-kita\/#primaryimage\"},\"image\":{\"@id\":\"http:\/\/universofamilia.com\/id\/pernahkah-anda-berpikir-tentang-pentingnya-foto-dalam-kehidupan-kita\/#primaryimage\"},\"thumbnailUrl\":\"http:\/\/universofamilia.com\/wp-content\/uploads\/sites\/148\/2024\/05\/P-550x350-2-5.jpg\",\"datePublished\":\"2024-05-14T22:59:35+00:00\",\"dateModified\":\"2025-01-28T14:04:08+00:00\",\"author\":{\"@id\":\"https:\/\/universofamilia.com\/el\/#\/schema\/person\/f07ce98187dd84d31154262e79b3b7ca\"},\"description\":\"\ud83d\udcf8 \u00bfAlguna vez has pensado en la importancia de las fotos en nuestras vidas?Esas im\u00e1genes que capturan momentos especiales...\",\"breadcrumb\":{\"@id\":\"http:\/\/universofamilia.com\/id\/pernahkah-anda-berpikir-tentang-pentingnya-foto-dalam-kehidupan-kita\/#breadcrumb\"},\"inLanguage\":\"hu\",\"potentialAction\":[{\"@type\":\"ReadAction\",\"target\":[\"http:\/\/universofamilia.com\/id\/pernahkah-anda-berpikir-tentang-pentingnya-foto-dalam-kehidupan-kita\/\"]}]},{\"@type\":\"ImageObject\",\"inLanguage\":\"hu\",\"@id\":\"http:\/\/universofamilia.com\/id\/pernahkah-anda-berpikir-tentang-pentingnya-foto-dalam-kehidupan-kita\/#primaryimage\",\"url\":\"http:\/\/universofamilia.com\/wp-content\/uploads\/sites\/148\/2024\/05\/P-550x350-2-5.jpg\",\"contentUrl\":\"http:\/\/universofamilia.com\/wp-content\/uploads\/sites\/148\/2024\/05\/P-550x350-2-5.jpg\",\"width\":550,\"height\":350,\"caption\":\"\ud83d\udcf8 \u00bfAlguna vez has pensado en la importancia de las fotos en nuestras vidas?\"},{\"@type\":\"BreadcrumbList\",\"@id\":\"http:\/\/universofamilia.com\/id\/pernahkah-anda-berpikir-tentang-pentingnya-foto-dalam-kehidupan-kita\/#breadcrumb\",\"itemListElement\":[{\"@type\":\"ListItem\",\"position\":1,\"name\":\"Home\",\"item\":\"https:\/\/universofamilia.com\/el\/\"},{\"@type\":\"ListItem\",\"position\":2,\"name\":\"Recuperando Recuerdos Perdidos\"}]},{\"@type\":\"WebSite\",\"@id\":\"https:\/\/universofamilia.com\/el\/#website\",\"url\":\"https:\/\/universofamilia.com\/el\/\",\"name\":\"Universo Fam\u00edlia\",\"description\":\"\",\"potentialAction\":[{\"@type\":\"SearchAction\",\"target\":{\"@type\":\"EntryPoint\",\"urlTemplate\":\"https:\/\/universofamilia.com\/el\/?s={search_term_string}\"},\"query-input\":\"required name=search_term_string\"}],\"inLanguage\":\"hu\"},{\"@type\":\"Person\",\"@id\":\"https:\/\/universofamilia.com\/el\/#\/schema\/person\/f07ce98187dd84d31154262e79b3b7ca\",\"name\":\"Pedro Henrique\",\"image\":{\"@type\":\"ImageObject\",\"inLanguage\":\"hu\",\"@id\":\"https:\/\/universofamilia.com\/el\/#\/schema\/person\/image\/\",\"url\":\"http:\/\/0.gravatar.com\/avatar\/9edfeb808cb4e1599f64d6e45b130154?s=96&d=mm&r=g\",\"contentUrl\":\"http:\/\/0.gravatar.com\/avatar\/9edfeb808cb4e1599f64d6e45b130154?s=96&d=mm&r=g\",\"caption\":\"Pedro Henrique\"},\"url\":\"http:\/\/universofamilia.com\/hu\/author\/editor01\/\"}]}<\/script>\n<!-- \/ Yoast SEO plugin. -->","yoast_head_json":{"title":"Recuperando Recuerdos Perdidos - Universo Fam\u00edlia","description":"\ud83d\udcf8 \u00bfAlguna vez has pensado en la importancia de las fotos en nuestras vidas?Esas im\u00e1genes que capturan momentos especiales...","robots":{"index":"index","follow":"follow","max-snippet":"max-snippet:-1","max-image-preview":"max-image-preview:large","max-video-preview":"max-video-preview:-1"},"canonical":"http:\/\/universofamilia.com\/hu\/pernahkah-anda-berpikir-tentang-pentingnya-foto-dalam-kehidupan-kita\/","og_locale":"hu_HU","og_type":"article","og_title":"Recuperando Recuerdos Perdidos - Universo Fam\u00edlia","og_description":"\ud83d\udcf8 \u00bfAlguna vez has pensado en la importancia de las fotos en nuestras vidas?Esas im\u00e1genes que capturan momentos especiales...","og_url":"http:\/\/universofamilia.com\/hu\/pernahkah-anda-berpikir-tentang-pentingnya-foto-dalam-kehidupan-kita\/","og_site_name":"Universo Fam\u00edlia","article_published_time":"2024-05-14T22:59:35+00:00","article_modified_time":"2025-01-28T14:04:08+00:00","og_image":[{"width":550,"height":350,"url":"http:\/\/universofamilia.com\/wp-content\/uploads\/sites\/148\/2024\/05\/P-550x350-2-5.jpg","type":"image\/jpeg"}],"author":"Pedro Henrique","twitter_card":"summary_large_image","twitter_misc":{"Written by":"Pedro Henrique","Est. reading time":"5 perc"},"schema":{"@context":"https:\/\/schema.org","@graph":[{"@type":"WebPage","@id":"http:\/\/universofamilia.com\/id\/pernahkah-anda-berpikir-tentang-pentingnya-foto-dalam-kehidupan-kita\/","url":"http:\/\/universofamilia.com\/id\/pernahkah-anda-berpikir-tentang-pentingnya-foto-dalam-kehidupan-kita\/","name":"Recuperando Recuerdos Perdidos - Universo Fam\u00edlia","isPartOf":{"@id":"https:\/\/universofamilia.com\/el\/#website"},"primaryImageOfPage":{"@id":"http:\/\/universofamilia.com\/id\/pernahkah-anda-berpikir-tentang-pentingnya-foto-dalam-kehidupan-kita\/#primaryimage"},"image":{"@id":"http:\/\/universofamilia.com\/id\/pernahkah-anda-berpikir-tentang-pentingnya-foto-dalam-kehidupan-kita\/#primaryimage"},"thumbnailUrl":"http:\/\/universofamilia.com\/wp-content\/uploads\/sites\/148\/2024\/05\/P-550x350-2-5.jpg","datePublished":"2024-05-14T22:59:35+00:00","dateModified":"2025-01-28T14:04:08+00:00","author":{"@id":"https:\/\/universofamilia.com\/el\/#\/schema\/person\/f07ce98187dd84d31154262e79b3b7ca"},"description":"\ud83d\udcf8 \u00bfAlguna vez has pensado en la importancia de las fotos en nuestras vidas?Esas im\u00e1genes que capturan momentos especiales...","breadcrumb":{"@id":"http:\/\/universofamilia.com\/id\/pernahkah-anda-berpikir-tentang-pentingnya-foto-dalam-kehidupan-kita\/#breadcrumb"},"inLanguage":"hu","potentialAction":[{"@type":"ReadAction","target":["http:\/\/universofamilia.com\/id\/pernahkah-anda-berpikir-tentang-pentingnya-foto-dalam-kehidupan-kita\/"]}]},{"@type":"ImageObject","inLanguage":"hu","@id":"http:\/\/universofamilia.com\/id\/pernahkah-anda-berpikir-tentang-pentingnya-foto-dalam-kehidupan-kita\/#primaryimage","url":"http:\/\/universofamilia.com\/wp-content\/uploads\/sites\/148\/2024\/05\/P-550x350-2-5.jpg","contentUrl":"http:\/\/universofamilia.com\/wp-content\/uploads\/sites\/148\/2024\/05\/P-550x350-2-5.jpg","width":550,"height":350,"caption":"\ud83d\udcf8 \u00bfAlguna vez has pensado en la importancia de las fotos en nuestras vidas?"},{"@type":"BreadcrumbList","@id":"http:\/\/universofamilia.com\/id\/pernahkah-anda-berpikir-tentang-pentingnya-foto-dalam-kehidupan-kita\/#breadcrumb","itemListElement":[{"@type":"ListItem","position":1,"name":"Home","item":"https:\/\/universofamilia.com\/el\/"},{"@type":"ListItem","position":2,"name":"Recuperando Recuerdos Perdidos"}]},{"@type":"WebSite","@id":"https:\/\/universofamilia.com\/el\/#website","url":"https:\/\/universofamilia.com\/el\/","name":"Universo Fam\u00edlia","description":"","potentialAction":[{"@type":"SearchAction","target":{"@type":"EntryPoint","urlTemplate":"https:\/\/universofamilia.com\/el\/?s={search_term_string}"},"query-input":"required name=search_term_string"}],"inLanguage":"hu"},{"@type":"Person","@id":"https:\/\/universofamilia.com\/el\/#\/schema\/person\/f07ce98187dd84d31154262e79b3b7ca","name":"Pedro Henrique","image":{"@type":"ImageObject","inLanguage":"hu","@id":"https:\/\/universofamilia.com\/el\/#\/schema\/person\/image\/","url":"http:\/\/0.gravatar.com\/avatar\/9edfeb808cb4e1599f64d6e45b130154?s=96&d=mm&r=g","contentUrl":"http:\/\/0.gravatar.com\/avatar\/9edfeb808cb4e1599f64d6e45b130154?s=96&d=mm&r=g","caption":"Pedro Henrique"},"url":"http:\/\/universofamilia.com\/hu\/author\/editor01\/"}]}},"_links":{"self":[{"href":"http:\/\/universofamilia.com\/hu\/wp-json\/wp\/v2\/posts\/5959"}],"collection":[{"href":"http:\/\/universofamilia.com\/hu\/wp-json\/wp\/v2\/posts"}],"about":[{"href":"http:\/\/universofamilia.com\/hu\/wp-json\/wp\/v2\/types\/post"}],"author":[{"embeddable":true,"href":"http:\/\/universofamilia.com\/hu\/wp-json\/wp\/v2\/users\/139"}],"replies":[{"embeddable":true,"href":"http:\/\/universofamilia.com\/hu\/wp-json\/wp\/v2\/comments?post=5959"}],"version-history":[{"count":1,"href":"http:\/\/universofamilia.com\/hu\/wp-json\/wp\/v2\/posts\/5959\/revisions"}],"predecessor-version":[{"id":8382,"href":"http:\/\/universofamilia.com\/hu\/wp-json\/wp\/v2\/posts\/5959\/revisions\/8382"}],"wp:featuredmedia":[{"embeddable":true,"href":"http:\/\/universofamilia.com\/hu\/wp-json\/wp\/v2\/media\/5962"}],"wp:attachment":[{"href":"http:\/\/universofamilia.com\/hu\/wp-json\/wp\/v2\/media?parent=5959"}],"wp:term":[{"taxonomy":"category","embeddable":true,"href":"http:\/\/universofamilia.com\/hu\/wp-json\/wp\/v2\/categories?post=5959"},{"taxonomy":"post_tag","embeddable":true,"href":"http:\/\/universofamilia.com\/hu\/wp-json\/wp\/v2\/tags?post=5959"}],"curies":[{"name":"wp","href":"https:\/\/api.w.org\/{rel}","templated":true}]}}