{"id":5988,"date":"2024-05-20T15:54:01","date_gmt":"2024-05-20T18:54:01","guid":{"rendered":"https:\/\/universofamilia.com\/?p=5988"},"modified":"2026-04-15T11:19:46","modified_gmt":"2026-04-15T14:19:46","slug":"5-consejos-para-mantenerse-en-forma-despues-de-los-45-anos","status":"publish","type":"post","link":"http:\/\/universofamilia.com\/hu\/5-consejos-para-mantenerse-en-forma-despues-de-los-45-anos\/","title":{"rendered":"\ud83c\udfcb\ufe0f\u200d\u2642\ufe0f5 tipp, hogy 45 felett is form\u00e1ban maradj"},"content":{"rendered":"<p>\ud83c\udfcb\ufe0f\u200d\u2642\ufe0f5 tipp a fitts\u00e9g meg\u0151rz\u00e9s\u00e9hez 45 \u00e9v felett: Hogyan tarts fenn akt\u00edv \u00e9s eg\u00e9szs\u00e9ges \u00e9letm\u00f3dot<\/p>\n\n\n\n<p>45 \u00e9ves korban a fitts\u00e9g meg\u0151rz\u00e9se kih\u00edv\u00e1st jelent\u0151 feladatnak t\u0171nhet, de nem kell annak lennie!<\/p>\n\n\n\n<p>N\u00e9h\u00e1ny egyszer\u0171 \u00e9letm\u00f3dbeli v\u00e1ltoztat\u00e1ssal biztos\u00edthatod, hogy eg\u00e9szs\u00e9ged \u00e9s vitalit\u00e1sod az \u00e9vek sor\u00e1n is er\u0151s maradjon.<\/p>\n\n\n\n<p>Ebben a cikkben \u00f6t fontos tippet fogunk megvizsg\u00e1lni, amelyek seg\u00edtenek 45 \u00e9ves kor ut\u00e1n is fittnek \u00e9s eg\u00e9szs\u00e9gesnek maradni.<\/p>\n\n\n\n<p>Menj\u00fcnk!<\/p>\n\n\n\n<p><\/p>\n\n\n\n<hr class=\"wp-block-separator has-text-color has-luminous-vivid-orange-color has-alpha-channel-opacity has-luminous-vivid-orange-background-color has-background\" \/>\n\n\n\n<h2 class=\"wp-block-heading\">Olvasd el m\u00e9g:<\/h2>\n\n\n\n<div class=\"wp-block-columns is-layout-flex wp-container-core-columns-layout-1 wp-block-columns-is-layout-flex\">\n<div class=\"wp-block-column is-layout-flow wp-block-column-is-layout-flow\">\n<div class=\"wp-block-buttons is-layout-flex wp-block-buttons-is-layout-flex\">\n<div class=\"wp-block-button has-custom-width wp-block-button__width-100\" style=\"text-decoration:none\"><a class=\"wp-block-button__link has-white-color has-vivid-cyan-blue-background-color has-text-color has-background has-link-color has-text-align-left wp-element-button\" href=\"https:\/\/universofamilia.com\/hu\/5893\/acelera-tu-celular-despierta-tu-productividad\/\" style=\"border-radius:10px\" target=\"_blank\" rel=\"noreferrer noopener\"><font style=\"vertical-align: inherit\"><font style=\"vertical-align: inherit\">\ud83d\udccc Gyors\u00edtsd fel a mobiltelefonodat<\/font><\/font> &gt;<\/a><\/div>\n\n\n\n<div class=\"wp-block-button has-custom-width wp-block-button__width-100\" style=\"text-decoration:none\"><a class=\"wp-block-button__link has-white-color has-vivid-cyan-blue-background-color has-text-color has-background has-link-color has-text-align-left wp-element-button\" href=\"https:\/\/universofamilia.com\/hu\/5869\/descubre-quien-te-esta-observando-en-las-redes-sociales\/\" style=\"border-radius:10px\" target=\"_blank\" rel=\"noreferrer noopener\"><font style=\"vertical-align: inherit\"><font style=\"vertical-align: inherit\"><font style=\"vertical-align: inherit\"><font style=\"vertical-align: inherit\">\ud83d\udccc Kik l\u00e1togatt\u00e1k meg a profilodat?<\/font><\/font><\/font><\/font> &gt;<\/a><\/div>\n<\/div>\n<\/div>\n\n\n\n<div class=\"wp-block-column is-layout-flow wp-block-column-is-layout-flow\">\n<div class=\"wp-block-buttons is-layout-flex wp-block-buttons-is-layout-flex\">\n<div class=\"wp-block-button has-custom-width wp-block-button__width-100\" style=\"text-decoration:none\"><a class=\"wp-block-button__link has-white-color has-vivid-cyan-blue-background-color has-text-color has-background has-link-color has-text-align-left wp-element-button\" href=\"https:\/\/universofamilia.com\/hu\/5859\/el-encanto-de-las-telenovelas-turcas\/\" style=\"border-radius:10px\" target=\"_blank\" rel=\"noreferrer noopener\"><font style=\"vertical-align: inherit\"><font style=\"vertical-align: inherit\"><font style=\"vertical-align: inherit\"><font style=\"vertical-align: inherit\">\ud83d\udccd<\/font><\/font> T\u00f6r\u00f6k szappanoper\u00e1k &gt;<\/font><\/font><\/a><\/div>\n<\/div>\n<\/div>\n<\/div>\n\n\n\n<hr class=\"wp-block-separator has-text-color has-luminous-vivid-orange-color has-alpha-channel-opacity has-luminous-vivid-orange-background-color has-background\" \/>\n\n\n\n<p><\/p>\n\n\n\n<h2 class=\"wp-block-heading\">1. \ud83d\udcaa <strong>Aj\u00e1nlott gyakorlatok 45 \u00e9v feletti f\u00e9rfiaknak<\/strong><\/h2>\n\n\n\n<p>Az er\u0151, a rugalmass\u00e1g \u00e9s az \u00e1ltal\u00e1nos eg\u00e9szs\u00e9g meg\u0151rz\u00e9se \u00e9rdek\u00e9ben kulcsfontoss\u00e1g\u00fa, hogy v\u00e1ltozatos gyakorlatokat \u00e9p\u00edts be a rutinodba.<\/p>\n\n\n\n<p>\u00cdme \u00f6t er\u0151sen aj\u00e1nlott gyakorlat:<\/p>\n\n\n\n<p><strong>1. Guggol\u00e1s:<\/strong> Ez az \u00f6sszetett gyakorlat egy igazi multitasking. Megdolgoztatja a n\u00e9gyfej\u0171 combizmokat, a combhajl\u00edt\u00f3 izmokat, a farizmokat \u00e9s a hasizmokat, el\u0151seg\u00edtve az er\u0151t \u00e9s a stabilit\u00e1st.<\/p>\n\n\n\n<p><strong>2. Felh\u00faz\u00e1s:<\/strong> Egy m\u00e1sik \u00f6sszetett gyakorlat, amely er\u0151s\u00edti a h\u00e1tat, a combhajl\u00edt\u00f3 izmokat, a farizmokat \u00e9s az alkarodat. Seg\u00edt jav\u00edtani a testtart\u00e1st \u00e9s megel\u0151zni a s\u00e9r\u00fcl\u00e9seket.<\/p>\n\n\n\n<p><strong>3. Fekvenyom\u00e1s:<\/strong> Kiv\u00e1l\u00f3 a mellkas, a tricepsz \u00e9s a v\u00e1llizmok er\u0151s\u00edt\u00e9s\u00e9re, el\u0151seg\u00edtve a defini\u00e1ltabb \u00e9s rugalmasabb fels\u0151testet.<\/p>\n\n\n\n<p><strong>4. S\u00falyz\u00f3s evez\u00e9s:<\/strong> Ide\u00e1lis a h\u00e1t, a bicepsz \u00e9s az alkarok er\u0151s\u00edt\u00e9s\u00e9re. Seg\u00edt korrig\u00e1lni az izomegyens\u00falyhi\u00e1nyt \u00e9s jav\u00edtja a testtart\u00e1st.<\/p>\n\n\n\n<p><strong>5. Fekv\u0151t\u00e1masz:<\/strong> Egy klasszikus gyakorlat, amely megdolgoztatja a mellizmokat, a tricepszeket, a v\u00e1llakat \u00e9s a hasizmokat. Az eg\u00e9sz testben fokozza az er\u0151t \u00e9s az \u00e1ll\u00f3k\u00e9pess\u00e9get.<\/p>\n\n\n\n<h2 class=\"wp-block-heading\">2. \ud83c\udf4e <strong>Eg\u00e9szs\u00e9ges \u00e9s kiegyens\u00falyozott \u00e9trend<\/strong><\/h2>\n\n\n\n<p>A t\u00e1pl\u00e1l\u00f3 \u00e9trend elengedhetetlen az eg\u00e9szs\u00e9g \u00e9s a fitts\u00e9g meg\u0151rz\u00e9s\u00e9hez 45 \u00e9v felett. \u00cdme n\u00e9h\u00e1ny tipp az eg\u00e9szs\u00e9ges \u00e9tkez\u00e9shez:<\/p>\n\n\n\n<ul>\n<li>R\u00e9szes\u00edtsd el\u0151nyben a teljes \u00e9rt\u00e9k\u0171 \u00e9teleket, p\u00e9ld\u00e1ul a gy\u00fcm\u00f6lcs\u00f6ket, z\u00f6lds\u00e9geket, teljes ki\u0151rl\u00e9s\u0171 gabon\u00e1kat \u00e9s a sov\u00e1ny feh\u00e9rj\u00e9ket.<\/li>\n\n\n\n<li>Cs\u00f6kkentsd a feldolgozott \u00e9lelmiszerek fogyaszt\u00e1s\u00e1t, amelyek s\u00falygyarapod\u00e1shoz \u00e9s eg\u00e9szs\u00e9g\u00fcgyi probl\u00e9m\u00e1khoz vezethetnek.<\/li>\n\n\n\n<li>Maradjon hidrat\u00e1lt az\u00e1ltal, hogy elegend\u0151 vizet fogyaszt a nap folyam\u00e1n, hogy el\u0151seg\u00edtse az em\u00e9szt\u00e9st \u00e9s szab\u00e1lyozza a testh\u0151m\u00e9rs\u00e9klet\u00e9t.<\/li>\n<\/ul>\n\n\n<div class=\"wp-block-image\">\n<figure class=\"aligncenter size-full\"><img loading=\"lazy\" decoding=\"async\" width=\"550\" height=\"350\" src=\"http:\/\/universofamilia.com\/wp-content\/uploads\/sites\/148\/2024\/05\/P-550x350-4-2.jpg\" alt=\"\" class=\"wp-image-5989\" srcset=\"http:\/\/universofamilia.com\/wp-content\/uploads\/sites\/148\/2024\/05\/P-550x350-4-2.jpg 550w, http:\/\/universofamilia.com\/wp-content\/uploads\/sites\/148\/2024\/05\/P-550x350-4-2-300x191.jpg 300w\" sizes=\"(max-width: 550px) 100vw, 550px\" \/><figcaption class=\"wp-element-caption\">\ud83c\udfcb\ufe0f\u200d\u2642\ufe0f5 tipp, hogy 45 felett is form\u00e1ban maradj<\/figcaption><\/figure><\/div>\n\n\n<h2 class=\"wp-block-heading\">3. \ud83d\ude34 <strong>A min\u0151s\u00e9gi alv\u00e1s el\u0151t\u00e9rbe helyez\u00e9se<\/strong><\/h2>\n\n\n\n<p>Az alv\u00e1s kulcsfontoss\u00e1g\u00fa szerepet j\u00e1tszik a fizikai \u00e9s ment\u00e1lis eg\u00e9szs\u00e9gben, k\u00fcl\u00f6n\u00f6sen az \u00f6reged\u00e9ssel. \u00cdme n\u00e9h\u00e1ny tipp az alv\u00e1s min\u0151s\u00e9g\u00e9nek jav\u00edt\u00e1s\u00e1ra:<\/p>\n\n\n\n<ul>\n<li>T\u00f6rekedj arra, hogy \u00e9jszak\u00e1nk\u00e9nt 7-8 \u00f3r\u00e1t aludj, hogy biztos\u00edtsd a tested \u00e9s a lelked megfelel\u0151 regener\u00e1l\u00f3d\u00e1s\u00e1t.<\/li>\n\n\n\n<li>Alak\u00edts ki egy pihentet\u0151 lefekv\u00e9si rutint, ker\u00fcld a koffeint \u00e9s az alkoholt lefekv\u00e9s el\u0151tt, \u00e9s teremts nyugodt l\u00e9gk\u00f6rt a h\u00e1l\u00f3szob\u00e1dban.<\/li>\n<\/ul>\n\n\n\n<h2 class=\"wp-block-heading\">4. \ud83e\uddd8\u200d\u2642\ufe0f <strong>A stressz eg\u00e9szs\u00e9ges kezel\u00e9se<\/strong><\/h2>\n\n\n\n<p>A kr\u00f3nikus stressz jelent\u0151s hat\u00e1ssal lehet az eg\u00e9szs\u00e9gre \u00e9s a j\u00f3l\u00e9tre. \u00cdme n\u00e9h\u00e1ny strat\u00e9gia a stressz eg\u00e9szs\u00e9ges kezel\u00e9s\u00e9re:<\/p>\n\n\n\n<ul>\n<li>V\u00e9gezz relax\u00e1l\u00f3 tev\u00e9kenys\u00e9geket, p\u00e9ld\u00e1ul j\u00f3g\u00e1t, medit\u00e1ci\u00f3t vagy s\u00e9t\u00e1lj a term\u00e9szetben.<\/li>\n\n\n\n<li>Fontolja meg, hogy besz\u00e9ljen egy ment\u00e1lhigi\u00e9n\u00e9s szakemberrel, ha nehezen kezeli a stresszt.<\/li>\n<\/ul>\n\n\n\n<h2 class=\"wp-block-heading\">5. \ud83d\udc68\u200d\u2695\ufe0f <strong>Rendszeresen konzult\u00e1ljon orvos\u00e1val<\/strong><\/h2>\n\n\n\n<p>Fontos, hogy rendszeresen j\u00e1rj orvoshoz az eg\u00e9szs\u00e9ged ellen\u0151rz\u00e9s\u00e9re \u00e9s a megfelel\u0151 megel\u0151z\u0151 int\u00e9zked\u00e9sek megt\u00e9tel\u00e9re.<\/p>\n\n\n\n<p>Orvosa seg\u00edthet \u00d6nnek szem\u00e9lyre szabott eg\u00e9szs\u00e9g\u00fcgyi \u00e9s fitnesz terv kidolgoz\u00e1s\u00e1ban az \u00d6n ig\u00e9nyei szerint.<\/p>\n\n\n\n<p>Mindig ne felejtsd el konzult\u00e1lni egy testnevel\u00e9si szakemberrel, miel\u0151tt b\u00e1rmilyen edz\u00e9sprogramot elkezden\u00e9l, k\u00fcl\u00f6n\u00f6sen, ha m\u00e1r megl\u00e9v\u0151 eg\u00e9szs\u00e9g\u00fcgyi probl\u00e9m\u00e1d van.<\/p>\n\n\n\n<p>Most pedig besz\u00e9lj\u00fcnk h\u00e1rom nagyszer\u0171 alkalmaz\u00e1sr\u00f3l, amelyek seg\u00edthetnek fitneszc\u00e9ljaid el\u00e9r\u00e9s\u00e9ben!<\/p>\n\n\n\n<h2 class=\"wp-block-heading\">\ud83d\udca1 <strong>Fedezd fel a legjobb fitneszalkalmaz\u00e1sokat, hogy 45 \u00e9v felett is akt\u00edv maradhass<\/strong><\/h2>\n\n\n\n<p>Ha hozz\u00e1\u00e9rt\u0151 tech-szak\u00e9rt\u0151 vagy, \u00e9s szeretn\u00e9d a legt\u00f6bbet kihozni okostelefonodb\u00f3l, hogy fitt maradj, \u00edme h\u00e1rom ingyenes fitneszalkalmaz\u00e1s, amit ismerned kell:<\/p>\n\n\n\n<ol>\n<li><strong>Nike Edz\u0151klub<\/strong>Ez az alkalmaz\u00e1s edz\u00e9sek sz\u00e9les v\u00e1laszt\u00e9k\u00e1t k\u00edn\u00e1lja k\u00fcl\u00f6nb\u00f6z\u0151 szintek \u00e9s c\u00e9lok sz\u00e1m\u00e1ra. Kiv\u00e1l\u00f3 min\u0151s\u00e9g\u0171 oktat\u00f3vide\u00f3kkal \u00e9s saj\u00e1t edz\u00e9sek l\u00e9trehoz\u00e1s\u00e1nak lehet\u0151s\u00e9g\u00e9vel a Nike Training Club kiv\u00e1l\u00f3 v\u00e1laszt\u00e1s 45 \u00e9v feletti f\u00e9rfiak \u00e9s n\u0151k sz\u00e1m\u00e1ra.<\/li>\n\n\n\n<li><strong>Adidas edz\u00e9s<\/strong>R\u00f6vid, intenz\u00edv edz\u00e9seivel az Adidas Training t\u00f6k\u00e9letes azok sz\u00e1m\u00e1ra, akiknek kev\u00e9s az idej\u00fck. Emellett sz\u00e1mos gyakorlatot k\u00edn\u00e1l a k\u00fcl\u00f6nb\u00f6z\u0151 testr\u00e9szekre, \u00e9s lehet\u0151s\u00e9get k\u00edn\u00e1l arra, hogy online kih\u00edv\u00e1sokban eddzenek bar\u00e1taikkal.<\/li>\n\n\n\n<li><strong>Strava<\/strong>Ha szeretsz futni, ker\u00e9kp\u00e1rozni, \u00faszni vagy m\u00e1s sportokat \u0171zni, a Strava az ide\u00e1lis alkalmaz\u00e1s sz\u00e1modra. Nyomon k\u00f6veti a halad\u00e1sodat, lehet\u0151v\u00e9 teszi, hogy \u00f6sszehasonl\u00edtsd a bar\u00e1taid\u00e9val, \u00e9s kih\u00edv\u00e1sokat \u00e9s versenyeket k\u00edn\u00e1l a motiv\u00e1ci\u00f3 fenntart\u00e1sa \u00e9rdek\u00e9ben.<\/li>\n<\/ol>\n\n\n\n<p>Ezek az alkalmaz\u00e1sok ingyenesen let\u00f6lthet\u0151k iOS \u00e9s Android eszk\u00f6z\u00f6kre egyar\u00e1nt.<\/p>\n\n\n\n<p>A let\u00f6lt\u00e9shez egyszer\u0171en kattintson az al\u00e1bbi linkekre:<\/p>\n\n\n\n<ul>\n<li><strong>Nike Edz\u0151klub<\/strong>: <a href=\"https:\/\/apps.apple.com\/us\/app\/nike-training-club-wellness\/id301521403\" target=\"_blank\" rel=\"noreferrer noopener\">iOS<\/a> | <a href=\"https:\/\/play.google.com\/store\/\" target=\"_blank\" rel=\"noreferrer noopener\">Android<\/a><\/li>\n\n\n\n<li><strong>Adidas edz\u00e9s<\/strong>: <a href=\"https:\/\/apps.apple.com\/us\/developer\/adidas\/id336599885\" target=\"_blank\" rel=\"noreferrer noopener\">iOS<\/a> | <a href=\"https:\/\/play.google.com\/store\/\" target=\"_blank\" rel=\"noreferrer noopener\">Android<\/a><\/li>\n\n\n\n<li><strong>Strava<\/strong>: <a href=\"https:\/\/apps.apple.com\/us\/developer\/strava-inc\/id426826312\" target=\"_blank\" rel=\"noreferrer noopener\">iOS<\/a> | <a href=\"https:\/\/play.google.com\/store\/\" target=\"_blank\" rel=\"noreferrer noopener\">Android<\/a><\/li>\n<\/ul>\n\n\n\n<p>Most, hogy ismeri a megfelel\u0151 tippeket \u00e9s alkalmaz\u00e1sokat, k\u00e9szen \u00e1ll arra, hogy 45 \u00e9ves kora ut\u00e1n is elinduljon az eg\u00e9szs\u00e9g \u00e9s a fitnesz \u00fatj\u00e1n.<\/p>\n\n\n\n<p>Ne feledd, hogy lassan kell kezdeni, konzult\u00e1lj orvossal, \u00e9s \u00e9lvezd a folyamatot. Meg tudod csin\u00e1lni! \ud83d\ude80<\/p>\n\n\n\n<p><\/p>\n\n\n\n<hr class=\"wp-block-separator has-text-color has-luminous-vivid-orange-color has-alpha-channel-opacity has-luminous-vivid-orange-background-color has-background\" \/>\n\n\n\n<h2 class=\"wp-block-heading\">Olvasd el m\u00e9g:<\/h2>\n\n\n\n<div class=\"wp-block-columns is-layout-flex wp-container-core-columns-layout-2 wp-block-columns-is-layout-flex\">\n<div class=\"wp-block-column is-layout-flow wp-block-column-is-layout-flow\">\n<div class=\"wp-block-buttons is-layout-flex wp-block-buttons-is-layout-flex\">\n<div class=\"wp-block-button has-custom-width wp-block-button__width-100\" style=\"text-decoration:none\"><a class=\"wp-block-button__link has-white-color has-vivid-cyan-blue-background-color has-text-color has-background has-link-color has-text-align-left wp-element-button\" href=\"https:\/\/universofamilia.com\/hu\/5893\/acelera-tu-celular-despierta-tu-productividad\/\" style=\"border-radius:10px\" target=\"_blank\" rel=\"noreferrer noopener\"><font style=\"vertical-align: inherit\"><font style=\"vertical-align: inherit\">\ud83d\udccc Gyors\u00edtsd fel a mobiltelefonodat<\/font><\/font> &gt;<\/a><\/div>\n\n\n\n<div class=\"wp-block-button has-custom-width wp-block-button__width-100\" style=\"text-decoration:none\"><a class=\"wp-block-button__link has-white-color has-vivid-cyan-blue-background-color has-text-color has-background has-link-color has-text-align-left wp-element-button\" href=\"https:\/\/universofamilia.com\/hu\/5869\/descubre-quien-te-esta-observando-en-las-redes-sociales\/\" style=\"border-radius:10px\" target=\"_blank\" rel=\"noreferrer noopener\"><font style=\"vertical-align: inherit\"><font style=\"vertical-align: inherit\"><font style=\"vertical-align: inherit\"><font style=\"vertical-align: inherit\">\ud83d\udccc Kik l\u00e1togatt\u00e1k meg a profilodat?<\/font><\/font><\/font><\/font> &gt;<\/a><\/div>\n<\/div>\n<\/div>\n\n\n\n<div class=\"wp-block-column is-layout-flow wp-block-column-is-layout-flow\">\n<div class=\"wp-block-buttons is-layout-flex wp-block-buttons-is-layout-flex\">\n<div class=\"wp-block-button has-custom-width wp-block-button__width-100\" style=\"text-decoration:none\"><a class=\"wp-block-button__link has-white-color has-vivid-cyan-blue-background-color has-text-color has-background has-link-color has-text-align-left wp-element-button\" href=\"https:\/\/universofamilia.com\/hu\/5859\/el-encanto-de-las-telenovelas-turcas\/\" style=\"border-radius:10px\" target=\"_blank\" rel=\"noreferrer noopener\"><font style=\"vertical-align: inherit\"><font style=\"vertical-align: inherit\"><font style=\"vertical-align: inherit\"><font style=\"vertical-align: inherit\">\ud83d\udccd<\/font><\/font> T\u00f6r\u00f6k szappanoper\u00e1k &gt;<\/font><\/font><\/a><\/div>\n<\/div>\n<\/div>\n<\/div>\n\n\n\n<hr class=\"wp-block-separator has-text-color has-luminous-vivid-orange-color has-alpha-channel-opacity has-luminous-vivid-orange-background-color has-background\" \/>\n\n\n\n<p><\/p>","protected":false},"excerpt":{"rendered":"<p>\ud83c\udfcb\ufe0f\u200d\u2642\ufe0f5 tipp a fitts\u00e9g meg\u0151rz\u00e9s\u00e9hez 45 \u00e9v felett: Hogyan tartsunk fenn akt\u00edv \u00e9s eg\u00e9szs\u00e9ges \u00e9letm\u00f3dot? 45 \u00e9ves korunkban a fitts\u00e9g meg\u0151rz\u00e9se kih\u00edv\u00e1st jelent\u0151 feladatnak t\u0171nhet, de nem kell annak lennie! N\u00e9h\u00e1ny egyszer\u0171 \u00e9letm\u00f3dbeli v\u00e1ltoztat\u00e1ssal biztos\u00edthatod az eg\u00e9szs\u00e9gedet [\u2026]<\/p>","protected":false},"author":219,"featured_media":5989,"comment_status":"closed","ping_status":"open","sticky":false,"template":"","format":"standard","meta":{"footnotes":""},"categories":[3],"tags":[37,1595,1596],"yoast_head":"<!-- This site is optimized with the Yoast SEO plugin v23.3 - https:\/\/yoast.com\/wordpress\/plugins\/seo\/ -->\n<title>\ud83c\udfcb\ufe0f\u200d\u2642\ufe0f5 Consejos para Mantenerse en Forma Despu\u00e9s de los 45 A\u00f1os - Universo Fam\u00edlia<\/title>\n<meta name=\"description\" content=\"\ud83c\udfcb\ufe0f\u200d\u2642\ufe0f5 Consejos para Mantenerse en Forma Despu\u00e9s de los 45 A\u00f1os. Cuando alcanzas los 45 a\u00f1os, mantenerse en forma puede parecer una tarea desafiante, \u00a1pero...\" \/>\n<meta name=\"robots\" content=\"index, follow, max-snippet:-1, max-image-preview:large, max-video-preview:-1\" \/>\n<link rel=\"canonical\" href=\"http:\/\/universofamilia.com\/hu\/5-consejos-para-mantenerse-en-forma-despues-de-los-45-anos\/\" \/>\n<meta property=\"og:locale\" content=\"hu_HU\" \/>\n<meta property=\"og:type\" content=\"article\" \/>\n<meta property=\"og:title\" content=\"\ud83c\udfcb\ufe0f\u200d\u2642\ufe0f5 Consejos para Mantenerse en Forma Despu\u00e9s de los 45 A\u00f1os - Universo Fam\u00edlia\" \/>\n<meta property=\"og:description\" content=\"\ud83c\udfcb\ufe0f\u200d\u2642\ufe0f5 Consejos para Mantenerse en Forma Despu\u00e9s de los 45 A\u00f1os. Cuando alcanzas los 45 a\u00f1os, mantenerse en forma puede parecer una tarea desafiante, \u00a1pero...\" \/>\n<meta property=\"og:url\" content=\"http:\/\/universofamilia.com\/hu\/5-consejos-para-mantenerse-en-forma-despues-de-los-45-anos\/\" \/>\n<meta property=\"og:site_name\" content=\"Universo Fam\u00edlia\" \/>\n<meta property=\"article:published_time\" content=\"2024-05-20T18:54:01+00:00\" \/>\n<meta property=\"article:modified_time\" content=\"2026-04-15T14:19:46+00:00\" \/>\n<meta property=\"og:image\" content=\"http:\/\/universofamilia.com\/wp-content\/uploads\/sites\/148\/2024\/05\/P-550x350-4-2.jpg\" \/>\n\t<meta property=\"og:image:width\" content=\"550\" \/>\n\t<meta property=\"og:image:height\" content=\"350\" \/>\n\t<meta property=\"og:image:type\" content=\"image\/jpeg\" \/>\n<meta name=\"author\" content=\"Matheus Sangaletti\" \/>\n<meta name=\"twitter:card\" content=\"summary_large_image\" \/>\n<meta name=\"twitter:label1\" content=\"Written by\" \/>\n\t<meta name=\"twitter:data1\" content=\"Matheus Sangaletti\" \/>\n\t<meta name=\"twitter:label2\" content=\"Est. reading time\" \/>\n\t<meta name=\"twitter:data2\" content=\"5 perc\" \/>\n<script type=\"application\/ld+json\" class=\"yoast-schema-graph\">{\"@context\":\"https:\/\/schema.org\",\"@graph\":[{\"@type\":\"WebPage\",\"@id\":\"http:\/\/universofamilia.com\/bn\/5-consejos-para-mantenerse-en-forma-despues-de-los-45-anos\/\",\"url\":\"http:\/\/universofamilia.com\/bn\/5-consejos-para-mantenerse-en-forma-despues-de-los-45-anos\/\",\"name\":\"\ud83c\udfcb\ufe0f\u200d\u2642\ufe0f5 Consejos para Mantenerse en Forma Despu\u00e9s de los 45 A\u00f1os - Universo Fam\u00edlia\",\"isPartOf\":{\"@id\":\"https:\/\/universofamilia.com\/el\/#website\"},\"primaryImageOfPage\":{\"@id\":\"http:\/\/universofamilia.com\/bn\/5-consejos-para-mantenerse-en-forma-despues-de-los-45-anos\/#primaryimage\"},\"image\":{\"@id\":\"http:\/\/universofamilia.com\/bn\/5-consejos-para-mantenerse-en-forma-despues-de-los-45-anos\/#primaryimage\"},\"thumbnailUrl\":\"http:\/\/universofamilia.com\/wp-content\/uploads\/sites\/148\/2024\/05\/P-550x350-4-2.jpg\",\"datePublished\":\"2024-05-20T18:54:01+00:00\",\"dateModified\":\"2026-04-15T14:19:46+00:00\",\"author\":{\"@id\":\"https:\/\/universofamilia.com\/el\/#\/schema\/person\/92fcd07e9b1f4323bf74f3170fc0f78a\"},\"description\":\"\ud83c\udfcb\ufe0f\u200d\u2642\ufe0f5 Consejos para Mantenerse en Forma Despu\u00e9s de los 45 A\u00f1os. Cuando alcanzas los 45 a\u00f1os, mantenerse en forma puede parecer una tarea desafiante, \u00a1pero...\",\"breadcrumb\":{\"@id\":\"http:\/\/universofamilia.com\/bn\/5-consejos-para-mantenerse-en-forma-despues-de-los-45-anos\/#breadcrumb\"},\"inLanguage\":\"hu\",\"potentialAction\":[{\"@type\":\"ReadAction\",\"target\":[\"http:\/\/universofamilia.com\/bn\/5-consejos-para-mantenerse-en-forma-despues-de-los-45-anos\/\"]}]},{\"@type\":\"ImageObject\",\"inLanguage\":\"hu\",\"@id\":\"http:\/\/universofamilia.com\/bn\/5-consejos-para-mantenerse-en-forma-despues-de-los-45-anos\/#primaryimage\",\"url\":\"http:\/\/universofamilia.com\/wp-content\/uploads\/sites\/148\/2024\/05\/P-550x350-4-2.jpg\",\"contentUrl\":\"http:\/\/universofamilia.com\/wp-content\/uploads\/sites\/148\/2024\/05\/P-550x350-4-2.jpg\",\"width\":550,\"height\":350,\"caption\":\"\ud83c\udfcb\ufe0f\u200d\u2642\ufe0f5 Consejos para Mantenerse en Forma Despu\u00e9s de los 45 A\u00f1os\"},{\"@type\":\"BreadcrumbList\",\"@id\":\"http:\/\/universofamilia.com\/bn\/5-consejos-para-mantenerse-en-forma-despues-de-los-45-anos\/#breadcrumb\",\"itemListElement\":[{\"@type\":\"ListItem\",\"position\":1,\"name\":\"Home\",\"item\":\"https:\/\/universofamilia.com\/el\/\"},{\"@type\":\"ListItem\",\"position\":2,\"name\":\"\ud83c\udfcb\ufe0f\u200d\u2642\ufe0f5 Consejos para Mantenerse en Forma Despu\u00e9s de los 45 A\u00f1os\"}]},{\"@type\":\"WebSite\",\"@id\":\"https:\/\/universofamilia.com\/el\/#website\",\"url\":\"https:\/\/universofamilia.com\/el\/\",\"name\":\"Universo Fam\u00edlia\",\"description\":\"\",\"potentialAction\":[{\"@type\":\"SearchAction\",\"target\":{\"@type\":\"EntryPoint\",\"urlTemplate\":\"https:\/\/universofamilia.com\/el\/?s={search_term_string}\"},\"query-input\":\"required name=search_term_string\"}],\"inLanguage\":\"hu\"},{\"@type\":\"Person\",\"@id\":\"https:\/\/universofamilia.com\/el\/#\/schema\/person\/92fcd07e9b1f4323bf74f3170fc0f78a\",\"name\":\"Matheus Sangaletti\",\"image\":{\"@type\":\"ImageObject\",\"inLanguage\":\"hu\",\"@id\":\"https:\/\/universofamilia.com\/el\/#\/schema\/person\/image\/\",\"url\":\"http:\/\/2.gravatar.com\/avatar\/280ea957a14a48e6a1ad2133d2cc27c9?s=96&d=mm&r=g\",\"contentUrl\":\"http:\/\/2.gravatar.com\/avatar\/280ea957a14a48e6a1ad2133d2cc27c9?s=96&d=mm&r=g\",\"caption\":\"Matheus Sangaletti\"},\"url\":\"http:\/\/universofamilia.com\/hu\/author\/matheuss\/\"}]}<\/script>\n<!-- \/ Yoast SEO plugin. -->","yoast_head_json":{"title":"\ud83c\udfcb\ufe0f\u200d\u2642\ufe0f5 Consejos para Mantenerse en Forma Despu\u00e9s de los 45 A\u00f1os - Universo Fam\u00edlia","description":"\ud83c\udfcb\ufe0f\u200d\u2642\ufe0f5 Consejos para Mantenerse en Forma Despu\u00e9s de los 45 A\u00f1os. Cuando alcanzas los 45 a\u00f1os, mantenerse en forma puede parecer una tarea desafiante, \u00a1pero...","robots":{"index":"index","follow":"follow","max-snippet":"max-snippet:-1","max-image-preview":"max-image-preview:large","max-video-preview":"max-video-preview:-1"},"canonical":"http:\/\/universofamilia.com\/hu\/5-consejos-para-mantenerse-en-forma-despues-de-los-45-anos\/","og_locale":"hu_HU","og_type":"article","og_title":"\ud83c\udfcb\ufe0f\u200d\u2642\ufe0f5 Consejos para Mantenerse en Forma Despu\u00e9s de los 45 A\u00f1os - Universo Fam\u00edlia","og_description":"\ud83c\udfcb\ufe0f\u200d\u2642\ufe0f5 Consejos para Mantenerse en Forma Despu\u00e9s de los 45 A\u00f1os. Cuando alcanzas los 45 a\u00f1os, mantenerse en forma puede parecer una tarea desafiante, \u00a1pero...","og_url":"http:\/\/universofamilia.com\/hu\/5-consejos-para-mantenerse-en-forma-despues-de-los-45-anos\/","og_site_name":"Universo Fam\u00edlia","article_published_time":"2024-05-20T18:54:01+00:00","article_modified_time":"2026-04-15T14:19:46+00:00","og_image":[{"width":550,"height":350,"url":"http:\/\/universofamilia.com\/wp-content\/uploads\/sites\/148\/2024\/05\/P-550x350-4-2.jpg","type":"image\/jpeg"}],"author":"Matheus Sangaletti","twitter_card":"summary_large_image","twitter_misc":{"Written by":"Matheus Sangaletti","Est. reading time":"5 perc"},"schema":{"@context":"https:\/\/schema.org","@graph":[{"@type":"WebPage","@id":"http:\/\/universofamilia.com\/bn\/5-consejos-para-mantenerse-en-forma-despues-de-los-45-anos\/","url":"http:\/\/universofamilia.com\/bn\/5-consejos-para-mantenerse-en-forma-despues-de-los-45-anos\/","name":"\ud83c\udfcb\ufe0f\u200d\u2642\ufe0f5 Consejos para Mantenerse en Forma Despu\u00e9s de los 45 A\u00f1os - Universo Fam\u00edlia","isPartOf":{"@id":"https:\/\/universofamilia.com\/el\/#website"},"primaryImageOfPage":{"@id":"http:\/\/universofamilia.com\/bn\/5-consejos-para-mantenerse-en-forma-despues-de-los-45-anos\/#primaryimage"},"image":{"@id":"http:\/\/universofamilia.com\/bn\/5-consejos-para-mantenerse-en-forma-despues-de-los-45-anos\/#primaryimage"},"thumbnailUrl":"http:\/\/universofamilia.com\/wp-content\/uploads\/sites\/148\/2024\/05\/P-550x350-4-2.jpg","datePublished":"2024-05-20T18:54:01+00:00","dateModified":"2026-04-15T14:19:46+00:00","author":{"@id":"https:\/\/universofamilia.com\/el\/#\/schema\/person\/92fcd07e9b1f4323bf74f3170fc0f78a"},"description":"\ud83c\udfcb\ufe0f\u200d\u2642\ufe0f5 Consejos para Mantenerse en Forma Despu\u00e9s de los 45 A\u00f1os. Cuando alcanzas los 45 a\u00f1os, mantenerse en forma puede parecer una tarea desafiante, \u00a1pero...","breadcrumb":{"@id":"http:\/\/universofamilia.com\/bn\/5-consejos-para-mantenerse-en-forma-despues-de-los-45-anos\/#breadcrumb"},"inLanguage":"hu","potentialAction":[{"@type":"ReadAction","target":["http:\/\/universofamilia.com\/bn\/5-consejos-para-mantenerse-en-forma-despues-de-los-45-anos\/"]}]},{"@type":"ImageObject","inLanguage":"hu","@id":"http:\/\/universofamilia.com\/bn\/5-consejos-para-mantenerse-en-forma-despues-de-los-45-anos\/#primaryimage","url":"http:\/\/universofamilia.com\/wp-content\/uploads\/sites\/148\/2024\/05\/P-550x350-4-2.jpg","contentUrl":"http:\/\/universofamilia.com\/wp-content\/uploads\/sites\/148\/2024\/05\/P-550x350-4-2.jpg","width":550,"height":350,"caption":"\ud83c\udfcb\ufe0f\u200d\u2642\ufe0f5 Consejos para Mantenerse en Forma Despu\u00e9s de los 45 A\u00f1os"},{"@type":"BreadcrumbList","@id":"http:\/\/universofamilia.com\/bn\/5-consejos-para-mantenerse-en-forma-despues-de-los-45-anos\/#breadcrumb","itemListElement":[{"@type":"ListItem","position":1,"name":"Home","item":"https:\/\/universofamilia.com\/el\/"},{"@type":"ListItem","position":2,"name":"\ud83c\udfcb\ufe0f\u200d\u2642\ufe0f5 Consejos para Mantenerse en Forma Despu\u00e9s de los 45 A\u00f1os"}]},{"@type":"WebSite","@id":"https:\/\/universofamilia.com\/el\/#website","url":"https:\/\/universofamilia.com\/el\/","name":"Universo Fam\u00edlia","description":"","potentialAction":[{"@type":"SearchAction","target":{"@type":"EntryPoint","urlTemplate":"https:\/\/universofamilia.com\/el\/?s={search_term_string}"},"query-input":"required name=search_term_string"}],"inLanguage":"hu"},{"@type":"Person","@id":"https:\/\/universofamilia.com\/el\/#\/schema\/person\/92fcd07e9b1f4323bf74f3170fc0f78a","name":"Matheus Sangaletti","image":{"@type":"ImageObject","inLanguage":"hu","@id":"https:\/\/universofamilia.com\/el\/#\/schema\/person\/image\/","url":"http:\/\/2.gravatar.com\/avatar\/280ea957a14a48e6a1ad2133d2cc27c9?s=96&d=mm&r=g","contentUrl":"http:\/\/2.gravatar.com\/avatar\/280ea957a14a48e6a1ad2133d2cc27c9?s=96&d=mm&r=g","caption":"Matheus Sangaletti"},"url":"http:\/\/universofamilia.com\/hu\/author\/matheuss\/"}]}},"_links":{"self":[{"href":"http:\/\/universofamilia.com\/hu\/wp-json\/wp\/v2\/posts\/5988"}],"collection":[{"href":"http:\/\/universofamilia.com\/hu\/wp-json\/wp\/v2\/posts"}],"about":[{"href":"http:\/\/universofamilia.com\/hu\/wp-json\/wp\/v2\/types\/post"}],"author":[{"embeddable":true,"href":"http:\/\/universofamilia.com\/hu\/wp-json\/wp\/v2\/users\/219"}],"replies":[{"embeddable":true,"href":"http:\/\/universofamilia.com\/hu\/wp-json\/wp\/v2\/comments?post=5988"}],"version-history":[{"count":2,"href":"http:\/\/universofamilia.com\/hu\/wp-json\/wp\/v2\/posts\/5988\/revisions"}],"predecessor-version":[{"id":10755,"href":"http:\/\/universofamilia.com\/hu\/wp-json\/wp\/v2\/posts\/5988\/revisions\/10755"}],"wp:featuredmedia":[{"embeddable":true,"href":"http:\/\/universofamilia.com\/hu\/wp-json\/wp\/v2\/media\/5989"}],"wp:attachment":[{"href":"http:\/\/universofamilia.com\/hu\/wp-json\/wp\/v2\/media?parent=5988"}],"wp:term":[{"taxonomy":"category","embeddable":true,"href":"http:\/\/universofamilia.com\/hu\/wp-json\/wp\/v2\/categories?post=5988"},{"taxonomy":"post_tag","embeddable":true,"href":"http:\/\/universofamilia.com\/hu\/wp-json\/wp\/v2\/tags?post=5988"}],"curies":[{"name":"wp","href":"https:\/\/api.w.org\/{rel}","templated":true}]}}