{"id":6026,"date":"2024-05-28T15:30:59","date_gmt":"2024-05-28T18:30:59","guid":{"rendered":"https:\/\/universofamilia.com\/?p=6026"},"modified":"2025-07-12T17:24:18","modified_gmt":"2025-07-12T20:24:18","slug":"como-recuperar-fotos-perdidas-en-el-celular","status":"publish","type":"post","link":"http:\/\/universofamilia.com\/hu\/como-recuperar-fotos-perdidas-en-el-celular\/","title":{"rendered":"\ud83d\udcf8 Hogyan lehet vissza\u00e1ll\u00edtani az elveszett f\u00e9nyk\u00e9peket a mobiltelefonj\u00e1n"},"content":{"rendered":"<h2 class=\"wp-block-heading\">1. Az eml\u00e9kek meg\u00f6r\u00f6k\u00edt\u00e9s\u00e9nek fontoss\u00e1ga<\/h2>\n\n\n\n<p>\u2728 A fot\u00f3k felbecs\u00fclhetetlen \u00e9rzelmi \u00e9rt\u00e9kkel b\u00edrnak. \u00c9let\u00fcnk \u00e9rt\u00e9kes pillanatait \u00f6r\u00f6k\u00edtik meg, p\u00e9ld\u00e1ul a sz\u00fclet\u00e9snapi bulikat, a felejthetetlen kir\u00e1ndul\u00e1sokat \u00e9s a bar\u00e1tokkal \u00e9s csal\u00e1ddal t\u00f6lt\u00f6tt \u00f6sszej\u00f6veteleket.<\/p>\n\n\n\n<p>Ezeknek a k\u00e9peknek az elveszt\u00e9se les\u00fajt\u00f3 lehet, mivel olyan, mintha a t\u00f6rt\u00e9nelm\u00fcnk darabk\u00e1it vesz\u00edten\u00e9nk el. <\/p>\n\n\n\n<p>Besz\u00e9lj\u00fcnk arr\u00f3l, hogyan biztos\u00edthatjuk ezeknek az eml\u00e9keknek a biztons\u00e1g\u00e1t, \u00e9s hogyan \u00e1ll\u00edthatjuk vissza \u0151ket, ha valami baj t\u00f6rt\u00e9nik.<\/p>\n\n\n\n<p><\/p>\n\n\n\n<hr class=\"wp-block-separator has-text-color has-luminous-vivid-orange-color has-alpha-channel-opacity has-luminous-vivid-orange-background-color has-background\" \/>\n\n\n\n<h2 class=\"wp-block-heading\">Olvasd el m\u00e9g:<\/h2>\n\n\n\n<div class=\"wp-block-columns is-layout-flex wp-container-core-columns-layout-1 wp-block-columns-is-layout-flex\">\n<div class=\"wp-block-column is-layout-flow wp-block-column-is-layout-flow\">\n<div class=\"wp-block-buttons is-layout-flex wp-block-buttons-is-layout-flex\">\n<div class=\"wp-block-button has-custom-width wp-block-button__width-100\" style=\"text-decoration:none\"><a class=\"wp-block-button__link has-white-color has-vivid-cyan-blue-background-color has-text-color has-background has-link-color has-text-align-left wp-element-button\" href=\"https:\/\/universofamilia.com\/hu\/5893\/acelera-tu-celular-despierta-tu-productividad\/\" style=\"border-radius:10px\" target=\"_blank\" rel=\"noreferrer noopener\"><font style=\"vertical-align: inherit\"><font style=\"vertical-align: inherit\">\ud83d\udccc Gyors\u00edtsd fel a mobiltelefonodat<\/font><\/font> &gt;<\/a><\/div>\n\n\n\n<div class=\"wp-block-button has-custom-width wp-block-button__width-100\" style=\"text-decoration:none\"><a class=\"wp-block-button__link has-white-color has-vivid-cyan-blue-background-color has-text-color has-background has-link-color has-text-align-left wp-element-button\" href=\"https:\/\/universofamilia.com\/hu\/5869\/descubre-quien-te-esta-observando-en-las-redes-sociales\/\" style=\"border-radius:10px\" target=\"_blank\" rel=\"noreferrer noopener\"><font style=\"vertical-align: inherit\"><font style=\"vertical-align: inherit\"><font style=\"vertical-align: inherit\"><font style=\"vertical-align: inherit\">\ud83d\udccc Kik l\u00e1togatt\u00e1k meg a profilodat?<\/font><\/font><\/font><\/font> &gt;<\/a><\/div>\n<\/div>\n<\/div>\n<\/div>\n\n\n\n<hr class=\"wp-block-separator has-text-color has-luminous-vivid-orange-color has-alpha-channel-opacity has-luminous-vivid-orange-background-color has-background\" \/>\n\n\n\n<p><\/p>\n\n\n\n<h2 class=\"wp-block-heading\">2. A fot\u00f3veszt\u00e9s gyakori okai<\/h2>\n\n\n\n<p>\ud83d\udeab Sz\u00e1mos t\u00e9nyez\u0151 vezethet a telefonon l\u00e9v\u0151 fot\u00f3k elveszt\u00e9s\u00e9hez. \u00cdme n\u00e9h\u00e1ny a leggyakoribbak k\u00f6z\u00fcl:<\/p>\n\n\n\n<ul>\n<li><strong>Balesetek:<\/strong> Mobiltelefon v\u00edzbe ejt\u00e9se, elt\u00f6r\u00e9se vagy elveszt\u00e9se.<\/li>\n\n\n\n<li><strong>Eszk\u00f6zhib\u00e1k:<\/strong> Technikai probl\u00e9m\u00e1k, p\u00e9ld\u00e1ul a mem\u00f3riak\u00e1rtya vagy maga a mobiltelefon meghib\u00e1sod\u00e1sa.<\/li>\n\n\n\n<li><strong>V\u00e9letlen t\u00f6rl\u00e9sek:<\/strong> V\u00e9letlen\u00fcl t\u00f6r\u00f6lhet f\u00e9nyk\u00e9peket a gal\u00e9ria tiszt\u00edt\u00e1sakor vagy alkalmaz\u00e1sfriss\u00edt\u00e9sek sor\u00e1n.<\/li>\n\n\n\n<li><strong>K\u00e1rtev\u0151k \u00e9s v\u00edrusok:<\/strong> Fert\u0151z\u00e9sek, amelyek fontos f\u00e1jlokat k\u00e1ros\u00edtanak vagy t\u00f6r\u00f6lnek.<\/li>\n\n\n\n<li><strong>Szinkroniz\u00e1ci\u00f3s probl\u00e9m\u00e1k:<\/strong> Hib\u00e1k a felh\u0151szolg\u00e1ltat\u00e1sokkal val\u00f3 szinkroniz\u00e1l\u00e1s vagy a f\u00e9nyk\u00e9pek m\u00e1s eszk\u00f6z\u00f6kre val\u00f3 \u00e1tvitele sor\u00e1n.<\/li>\n<\/ul>\n\n\n\n<h2 class=\"wp-block-heading\">3. A megel\u0151z\u00e9s kulcsfontoss\u00e1g\u00fa<\/h2>\n\n\n\n<p>\ud83d\udd12 A f\u00e9nyk\u00e9pek elveszt\u00e9s\u00e9nek elker\u00fcl\u00e9se \u00e9rdek\u00e9ben elengedhetetlen n\u00e9h\u00e1ny megel\u0151z\u0151 int\u00e9zked\u00e9s megt\u00e9tele:<\/p>\n\n\n\n<ul>\n<li><strong>Rendszeres biztons\u00e1gi ment\u00e9s:<\/strong> \u00c1ll\u00edtson be automatikus biztons\u00e1gi ment\u00e9seket felh\u0151szolg\u00e1ltat\u00e1sokhoz, p\u00e9ld\u00e1ul a Google Fot\u00f3khoz, az iCloudhoz, a Dropboxhoz \u00e9s m\u00e1sokhoz. Ez biztos\u00edtja, hogy a f\u00e9nyk\u00e9pei mindig biztons\u00e1gos helyen legyenek t\u00e1rolva.<\/li>\n\n\n\n<li><strong>Felh\u0151alap\u00fa t\u00e1rol\u00e1s:<\/strong> Haszn\u00e1lj felh\u0151szolg\u00e1ltat\u00e1sokat a fot\u00f3id t\u00e1rol\u00e1s\u00e1ra, ker\u00fcld el, hogy kiz\u00e1r\u00f3lag a telefonod mem\u00f3ri\u00e1j\u00e1ra hagyatkozz.<\/li>\n\n\n\n<li><strong>Min\u0151s\u00e9gi mem\u00f3riak\u00e1rty\u00e1k:<\/strong> V\u00e1s\u00e1roljon megb\u00edzhat\u00f3, m\u00e1rk\u00e1s mem\u00f3riak\u00e1rty\u00e1kat a meghib\u00e1sod\u00e1s kock\u00e1zat\u00e1nak cs\u00f6kkent\u00e9se \u00e9rdek\u00e9ben.<\/li>\n\n\n\n<li><strong>Szervezet:<\/strong> Tartsd rendszerezetten a fot\u00f3idat, \u00e9s rendszeresen ellen\u0151rizd \u0151ket, hogy csak azokat t\u00f6r\u00f6ld, amelyekre nincs sz\u00fcks\u00e9ged.<\/li>\n<\/ul>\n\n\n\n<h2 class=\"wp-block-heading\">4. Cselekedjen gyorsan a f\u00e9nyk\u00e9pek helyre\u00e1ll\u00edt\u00e1s\u00e1hoz<\/h2>\n\n\n\n<p>\u23f3 Ha elvesz\u00edtette fontos f\u00e9nyk\u00e9peit, kulcsfontoss\u00e1g\u00fa a gyors cselekv\u00e9s. Min\u00e9l t\u00f6bb id\u0151 telik el, ann\u00e1l kisebb az es\u00e9lye a helyre\u00e1ll\u00edt\u00e1snak.<\/p>\n\n\n\n<p>Ker\u00fclje az eszk\u00f6z haszn\u00e1lat\u00e1t az elveszett adatok fel\u00fcl\u00edr\u00e1s\u00e1nak elker\u00fcl\u00e9se \u00e9rdek\u00e9ben, \u00e9s a lehet\u0151 leghamarabb haszn\u00e1ljon speci\u00e1lis helyre\u00e1ll\u00edt\u00f3 eszk\u00f6z\u00f6ket.<\/p>\n\n\n<div class=\"wp-block-image\">\n<figure class=\"aligncenter size-full\"><img loading=\"lazy\" decoding=\"async\" width=\"550\" height=\"350\" src=\"http:\/\/universofamilia.com\/wp-content\/uploads\/sites\/148\/2024\/05\/P-550x350-2-8.jpg\" alt=\"\" class=\"wp-image-6029\" srcset=\"http:\/\/universofamilia.com\/wp-content\/uploads\/sites\/148\/2024\/05\/P-550x350-2-8.jpg 550w, http:\/\/universofamilia.com\/wp-content\/uploads\/sites\/148\/2024\/05\/P-550x350-2-8-300x191.jpg 300w\" sizes=\"(max-width: 550px) 100vw, 550px\" \/><figcaption class=\"wp-element-caption\">\ud83d\udcf8 Hogyan lehet vissza\u00e1ll\u00edtani az elveszett f\u00e9nyk\u00e9peket a mobiltelefonj\u00e1n<\/figcaption><\/figure><\/div>\n\n\n<h2 class=\"wp-block-heading\">5. Fot\u00f3-helyre\u00e1ll\u00edt\u00f3 szoftver<\/h2>\n\n\n\n<p>\ud83d\udee0\ufe0f Sz\u00e1mos megb\u00edzhat\u00f3 alkalmaz\u00e1s seg\u00edthet az elveszett f\u00e9nyk\u00e9pek vissza\u00e1ll\u00edt\u00e1s\u00e1ban. \u00cdme h\u00e1rom a legjobbak k\u00f6z\u00fcl:<\/p>\n\n\n\n<h3 class=\"wp-block-heading\">DiskDigger fot\u00f3-helyre\u00e1ll\u00edt\u00e1s<\/h3>\n\n\n\n<p>\ud83d\udcf2 <strong>V\u00e9lem\u00e9nyek:<\/strong><\/p>\n\n\n\n<ul>\n<li><strong>Android:<\/strong> 4,6\/5 csillag (Google Play) \u2013 t\u00f6bb mint 5 milli\u00f3 let\u00f6lt\u00e9s<\/li>\n\n\n\n<li><strong>iOS:<\/strong> 4,8\/5 csillag (App Store) \u2013 t\u00f6bb mint 250 000 let\u00f6lt\u00e9s<\/li>\n<\/ul>\n\n\n\n<p>\ud83d\udcac <strong>Pozit\u00edv v\u00e9lem\u00e9nyek:<\/strong><\/p>\n\n\n\n<ul>\n<li>\u201eEgyszer\u0171 \u00e9s hat\u00e9kony! Siker\u00fclt vissza\u00e1ll\u00edtanom azokat a fot\u00f3kat, amelyekr\u0151l azt hittem, hogy \u00f6r\u00f6kre elvesztek.\u201d \u2013 Android Central<\/li>\n\n\n\n<li>\u201eFelhaszn\u00e1l\u00f3bar\u00e1t fel\u00fclet \u00e9s gyors szkennel\u00e9s. Aj\u00e1nlom!\u201d \u2013 TecMundo<\/li>\n<\/ul>\n\n\n\n<h3 class=\"wp-block-heading\">Recuva fot\u00f3-helyre\u00e1ll\u00edt\u00e1s<\/h3>\n\n\n\n<p>\ud83d\udcf2 <strong>V\u00e9lem\u00e9nyek:<\/strong><\/p>\n\n\n\n<ul>\n<li><strong>Android:<\/strong> 4,5\/5 csillag (Google Play) \u2013 t\u00f6bb mint 1 milli\u00f3 let\u00f6lt\u00e9s<\/li>\n\n\n\n<li><strong>iOS:<\/strong> 4,7\/5 csillag (App Store) \u2013 t\u00f6bb mint 500 000 let\u00f6lt\u00e9s<\/li>\n<\/ul>\n\n\n\n<p>\ud83d\udcac <strong>Pozit\u00edv v\u00e9lem\u00e9nyek:<\/strong><\/p>\n\n\n\n<ul>\n<li>\u201eVissza\u00e1ll\u00edtottam a fot\u00f3imat egy v\u00e9letlen form\u00e1z\u00e1sb\u00f3l. Megmentettem az \u00e9letemet!\u201d \u2013 XDA Developers<\/li>\n\n\n\n<li>\u201eRendk\u00edv\u00fcl megb\u00edzhat\u00f3 \u00e9s tele van helyre\u00e1ll\u00edt\u00e1si funkci\u00f3kkal.\u201d \u2013 Android Authority<\/li>\n<\/ul>\n\n\n\n<h3 class=\"wp-block-heading\">EaseUS MobiSaver<\/h3>\n\n\n\n<p>\ud83d\udcf2 <strong>V\u00e9lem\u00e9nyek:<\/strong><\/p>\n\n\n\n<ul>\n<li><strong>Android:<\/strong> 4,2\/5 csillag (Google Play) \u2013 t\u00f6bb mint 10 milli\u00f3 let\u00f6lt\u00e9s<\/li>\n\n\n\n<li><strong>iOS:<\/strong> 4,5\/5 csillag (App Store) \u2013 t\u00f6bb mint 1 milli\u00f3 let\u00f6lt\u00e9s<\/li>\n<\/ul>\n\n\n\n<p>\ud83d\udcac <strong>Pozit\u00edv v\u00e9lem\u00e9nyek:<\/strong><\/p>\n\n\n\n<ul>\n<li>\u201eHat\u00e9kony \u00e9s sokoldal\u00fa, f\u00e9nyk\u00e9peket, vide\u00f3kat \u00e9s m\u00e1s f\u00e1jlokat \u00e1ll\u00edt helyre.\u201d \u2013 MakeUseOf<\/li>\n\n\n\n<li>\u201eIntuit\u00edv kezel\u0151fel\u00fclet \u00e9s egyszer\u0171 helyre\u00e1ll\u00edt\u00e1si folyamat.\u201d \u2013 TechRadar<\/li>\n<\/ul>\n\n\n\n<h2 class=\"wp-block-heading\">K\u00f6vetkeztet\u00e9s<\/h2>\n\n\n\n<p>\ud83d\udcc8 A f\u00e9nyk\u00e9pek elveszt\u00e9se f\u00e1jdalmas \u00e9lm\u00e9ny lehet, de a megfelel\u0151 eszk\u00f6z\u00f6kkel \u00e9s gyors l\u00e9p\u00e9sekkel helyre\u00e1ll\u00edthat\u00f3k.<\/p>\n\n\n\n<p>Mindig ne felejts el rendszeres biztons\u00e1gi ment\u00e9seket k\u00e9sz\u00edteni, \u00e9s megb\u00edzhat\u00f3 t\u00e1rol\u00e1si megold\u00e1sokat haszn\u00e1lj eml\u00e9keid v\u00e9delme \u00e9rdek\u00e9ben.<\/p>\n\n\n\n<p>Itt vannak a linkek a fent eml\u00edtett alkalmaz\u00e1sok let\u00f6lt\u00e9s\u00e9hez:<\/p>\n\n\n\n<p><strong>DiskDigger fot\u00f3-helyre\u00e1ll\u00edt\u00e1s<\/strong><\/p>\n\n\n\n<ul>\n<li><a href=\"https:\/\/play.google.com\/store\/apps\/details?id=com.defianttech.diskdigger&amp;hl=en&amp;gl=US\" target=\"_blank\" rel=\"noreferrer noopener\">Android<\/a><\/li>\n<\/ul>\n\n\n\n<p><strong>EaseUS MobiSaver<\/strong><\/p>\n\n\n\n<ul>\n<li><a href=\"https:\/\/play.google.com\/store\/apps\/details?id=com.easeus.mobisaver&amp;hl=en\" target=\"_blank\" rel=\"noreferrer noopener\">Android<\/a><\/li>\n\n\n\n<li><a href=\"https:\/\/apps.apple.com\/us\/app\/easeus-data-recovery-wizard\/id740355970?mt=12\" target=\"_blank\" rel=\"noreferrer noopener\">iOS<\/a><\/li>\n<\/ul>\n\n\n\n<p>Most, hogy ismeri a f\u00e9nyk\u00e9pek helyre\u00e1ll\u00edt\u00e1s\u00e1nak legjobb gyakorlatait \u00e9s eszk\u00f6zeit, ossza meg ezeket az \u00e9rt\u00e9kes tippeket bar\u00e1taival \u00e9s csal\u00e1dj\u00e1val.<\/p>\n\n\n\n<p>V\u00e9g\u00fcl is a legf\u00e9ltettebb eml\u00e9keink v\u00e9delme elengedhetetlen! \ud83d\udcf7\u2764\ufe0f<\/p>","protected":false},"excerpt":{"rendered":"<p>1. Az eml\u00e9kek halhatatlann\u00e1 t\u00e9tel\u00e9nek fontoss\u00e1ga \u2728 A f\u00e9nyk\u00e9pek felbecs\u00fclhetetlen \u00e9rzelmi \u00e9rt\u00e9kkel b\u00edrnak. \u00c9let\u00fcnk \u00e9rt\u00e9kes pillanatait \u00f6r\u00f6k\u00edtik meg, p\u00e9ld\u00e1ul a sz\u00fclet\u00e9snapi bulikat, a felejthetetlen utaz\u00e1sokat, valamint a bar\u00e1tokkal \u00e9s csal\u00e1ddal val\u00f3 tal\u00e1lkoz\u00e1sokat. Ezeknek a k\u00e9peknek az elveszt\u00e9se les\u00fajt\u00f3 lehet, mivel olyan, mintha a t\u00f6rt\u00e9nelm\u00fcnk darabk\u00e1it vesz\u00edten\u00e9nk el. Besz\u00e9lj\u00fcnk arr\u00f3l, hogyan biztos\u00edthatjuk, hogy ezek az eml\u00e9kek mindig [\u2026]<\/p>","protected":false},"author":139,"featured_media":6029,"comment_status":"closed","ping_status":"open","sticky":false,"template":"","format":"standard","meta":{"footnotes":""},"categories":[2],"tags":[110,151,1656],"yoast_head":"<!-- This site is optimized with the Yoast SEO plugin v23.3 - https:\/\/yoast.com\/wordpress\/plugins\/seo\/ -->\n<title>\ud83d\udcf8 C\u00f3mo Recuperar Fotos Perdidas en el Celular - Universo Fam\u00edlia<\/title>\n<meta name=\"description\" content=\"\ud83d\udcf8 C\u00f3mo Recuperar Fotos Perdidas en el Celular. \u2728 Las fotos tienen un valor sentimental incalculable. Capturan momentos preciosos...\" \/>\n<meta name=\"robots\" content=\"index, follow, max-snippet:-1, max-image-preview:large, max-video-preview:-1\" \/>\n<link rel=\"canonical\" href=\"http:\/\/universofamilia.com\/hu\/como-recuperar-fotos-perdidas-en-el-celular\/\" \/>\n<meta property=\"og:locale\" content=\"hu_HU\" \/>\n<meta property=\"og:type\" content=\"article\" \/>\n<meta property=\"og:title\" content=\"\ud83d\udcf8 C\u00f3mo Recuperar Fotos Perdidas en el Celular - Universo Fam\u00edlia\" \/>\n<meta property=\"og:description\" content=\"\ud83d\udcf8 C\u00f3mo Recuperar Fotos Perdidas en el Celular. \u2728 Las fotos tienen un valor sentimental incalculable. Capturan momentos preciosos...\" \/>\n<meta property=\"og:url\" content=\"http:\/\/universofamilia.com\/hu\/como-recuperar-fotos-perdidas-en-el-celular\/\" \/>\n<meta property=\"og:site_name\" content=\"Universo Fam\u00edlia\" \/>\n<meta property=\"article:published_time\" content=\"2024-05-28T18:30:59+00:00\" \/>\n<meta property=\"article:modified_time\" content=\"2025-07-12T20:24:18+00:00\" \/>\n<meta property=\"og:image\" content=\"http:\/\/universofamilia.com\/wp-content\/uploads\/sites\/148\/2024\/05\/P-550x350-2-8.jpg\" \/>\n\t<meta property=\"og:image:width\" content=\"550\" \/>\n\t<meta property=\"og:image:height\" content=\"350\" \/>\n\t<meta property=\"og:image:type\" content=\"image\/jpeg\" \/>\n<meta name=\"author\" content=\"Pedro Henrique\" \/>\n<meta name=\"twitter:card\" content=\"summary_large_image\" \/>\n<meta name=\"twitter:label1\" content=\"Written by\" \/>\n\t<meta name=\"twitter:data1\" content=\"Pedro Henrique\" \/>\n\t<meta name=\"twitter:label2\" content=\"Est. reading time\" \/>\n\t<meta name=\"twitter:data2\" content=\"4 perc\" \/>\n<script type=\"application\/ld+json\" class=\"yoast-schema-graph\">{\"@context\":\"https:\/\/schema.org\",\"@graph\":[{\"@type\":\"WebPage\",\"@id\":\"http:\/\/universofamilia.com\/bn\/como-recuperar-fotos-perdidas-en-el-celular\/\",\"url\":\"http:\/\/universofamilia.com\/bn\/como-recuperar-fotos-perdidas-en-el-celular\/\",\"name\":\"\ud83d\udcf8 C\u00f3mo Recuperar Fotos Perdidas en el Celular - Universo Fam\u00edlia\",\"isPartOf\":{\"@id\":\"https:\/\/universofamilia.com\/el\/#website\"},\"primaryImageOfPage\":{\"@id\":\"http:\/\/universofamilia.com\/bn\/como-recuperar-fotos-perdidas-en-el-celular\/#primaryimage\"},\"image\":{\"@id\":\"http:\/\/universofamilia.com\/bn\/como-recuperar-fotos-perdidas-en-el-celular\/#primaryimage\"},\"thumbnailUrl\":\"http:\/\/universofamilia.com\/wp-content\/uploads\/sites\/148\/2024\/05\/P-550x350-2-8.jpg\",\"datePublished\":\"2024-05-28T18:30:59+00:00\",\"dateModified\":\"2025-07-12T20:24:18+00:00\",\"author\":{\"@id\":\"https:\/\/universofamilia.com\/el\/#\/schema\/person\/f07ce98187dd84d31154262e79b3b7ca\"},\"description\":\"\ud83d\udcf8 C\u00f3mo Recuperar Fotos Perdidas en el Celular. \u2728 Las fotos tienen un valor sentimental incalculable. Capturan momentos preciosos...\",\"breadcrumb\":{\"@id\":\"http:\/\/universofamilia.com\/bn\/como-recuperar-fotos-perdidas-en-el-celular\/#breadcrumb\"},\"inLanguage\":\"hu\",\"potentialAction\":[{\"@type\":\"ReadAction\",\"target\":[\"http:\/\/universofamilia.com\/bn\/como-recuperar-fotos-perdidas-en-el-celular\/\"]}]},{\"@type\":\"ImageObject\",\"inLanguage\":\"hu\",\"@id\":\"http:\/\/universofamilia.com\/bn\/como-recuperar-fotos-perdidas-en-el-celular\/#primaryimage\",\"url\":\"http:\/\/universofamilia.com\/wp-content\/uploads\/sites\/148\/2024\/05\/P-550x350-2-8.jpg\",\"contentUrl\":\"http:\/\/universofamilia.com\/wp-content\/uploads\/sites\/148\/2024\/05\/P-550x350-2-8.jpg\",\"width\":550,\"height\":350,\"caption\":\"\ud83d\udcf8 C\u00f3mo Recuperar Fotos Perdidas en el Celular\"},{\"@type\":\"BreadcrumbList\",\"@id\":\"http:\/\/universofamilia.com\/bn\/como-recuperar-fotos-perdidas-en-el-celular\/#breadcrumb\",\"itemListElement\":[{\"@type\":\"ListItem\",\"position\":1,\"name\":\"Home\",\"item\":\"https:\/\/universofamilia.com\/el\/\"},{\"@type\":\"ListItem\",\"position\":2,\"name\":\"\ud83d\udcf8 C\u00f3mo Recuperar Fotos Perdidas en el Celular\"}]},{\"@type\":\"WebSite\",\"@id\":\"https:\/\/universofamilia.com\/el\/#website\",\"url\":\"https:\/\/universofamilia.com\/el\/\",\"name\":\"Universo Fam\u00edlia\",\"description\":\"\",\"potentialAction\":[{\"@type\":\"SearchAction\",\"target\":{\"@type\":\"EntryPoint\",\"urlTemplate\":\"https:\/\/universofamilia.com\/el\/?s={search_term_string}\"},\"query-input\":\"required name=search_term_string\"}],\"inLanguage\":\"hu\"},{\"@type\":\"Person\",\"@id\":\"https:\/\/universofamilia.com\/el\/#\/schema\/person\/f07ce98187dd84d31154262e79b3b7ca\",\"name\":\"Pedro Henrique\",\"image\":{\"@type\":\"ImageObject\",\"inLanguage\":\"hu\",\"@id\":\"https:\/\/universofamilia.com\/el\/#\/schema\/person\/image\/\",\"url\":\"http:\/\/0.gravatar.com\/avatar\/9edfeb808cb4e1599f64d6e45b130154?s=96&d=mm&r=g\",\"contentUrl\":\"http:\/\/0.gravatar.com\/avatar\/9edfeb808cb4e1599f64d6e45b130154?s=96&d=mm&r=g\",\"caption\":\"Pedro Henrique\"},\"url\":\"http:\/\/universofamilia.com\/hu\/author\/editor01\/\"}]}<\/script>\n<!-- \/ Yoast SEO plugin. -->","yoast_head_json":{"title":"\ud83d\udcf8 C\u00f3mo Recuperar Fotos Perdidas en el Celular - Universo Fam\u00edlia","description":"\ud83d\udcf8 C\u00f3mo Recuperar Fotos Perdidas en el Celular. \u2728 Las fotos tienen un valor sentimental incalculable. Capturan momentos preciosos...","robots":{"index":"index","follow":"follow","max-snippet":"max-snippet:-1","max-image-preview":"max-image-preview:large","max-video-preview":"max-video-preview:-1"},"canonical":"http:\/\/universofamilia.com\/hu\/como-recuperar-fotos-perdidas-en-el-celular\/","og_locale":"hu_HU","og_type":"article","og_title":"\ud83d\udcf8 C\u00f3mo Recuperar Fotos Perdidas en el Celular - Universo Fam\u00edlia","og_description":"\ud83d\udcf8 C\u00f3mo Recuperar Fotos Perdidas en el Celular. \u2728 Las fotos tienen un valor sentimental incalculable. Capturan momentos preciosos...","og_url":"http:\/\/universofamilia.com\/hu\/como-recuperar-fotos-perdidas-en-el-celular\/","og_site_name":"Universo Fam\u00edlia","article_published_time":"2024-05-28T18:30:59+00:00","article_modified_time":"2025-07-12T20:24:18+00:00","og_image":[{"width":550,"height":350,"url":"http:\/\/universofamilia.com\/wp-content\/uploads\/sites\/148\/2024\/05\/P-550x350-2-8.jpg","type":"image\/jpeg"}],"author":"Pedro Henrique","twitter_card":"summary_large_image","twitter_misc":{"Written by":"Pedro Henrique","Est. reading time":"4 perc"},"schema":{"@context":"https:\/\/schema.org","@graph":[{"@type":"WebPage","@id":"http:\/\/universofamilia.com\/bn\/como-recuperar-fotos-perdidas-en-el-celular\/","url":"http:\/\/universofamilia.com\/bn\/como-recuperar-fotos-perdidas-en-el-celular\/","name":"\ud83d\udcf8 C\u00f3mo Recuperar Fotos Perdidas en el Celular - Universo Fam\u00edlia","isPartOf":{"@id":"https:\/\/universofamilia.com\/el\/#website"},"primaryImageOfPage":{"@id":"http:\/\/universofamilia.com\/bn\/como-recuperar-fotos-perdidas-en-el-celular\/#primaryimage"},"image":{"@id":"http:\/\/universofamilia.com\/bn\/como-recuperar-fotos-perdidas-en-el-celular\/#primaryimage"},"thumbnailUrl":"http:\/\/universofamilia.com\/wp-content\/uploads\/sites\/148\/2024\/05\/P-550x350-2-8.jpg","datePublished":"2024-05-28T18:30:59+00:00","dateModified":"2025-07-12T20:24:18+00:00","author":{"@id":"https:\/\/universofamilia.com\/el\/#\/schema\/person\/f07ce98187dd84d31154262e79b3b7ca"},"description":"\ud83d\udcf8 C\u00f3mo Recuperar Fotos Perdidas en el Celular. \u2728 Las fotos tienen un valor sentimental incalculable. Capturan momentos preciosos...","breadcrumb":{"@id":"http:\/\/universofamilia.com\/bn\/como-recuperar-fotos-perdidas-en-el-celular\/#breadcrumb"},"inLanguage":"hu","potentialAction":[{"@type":"ReadAction","target":["http:\/\/universofamilia.com\/bn\/como-recuperar-fotos-perdidas-en-el-celular\/"]}]},{"@type":"ImageObject","inLanguage":"hu","@id":"http:\/\/universofamilia.com\/bn\/como-recuperar-fotos-perdidas-en-el-celular\/#primaryimage","url":"http:\/\/universofamilia.com\/wp-content\/uploads\/sites\/148\/2024\/05\/P-550x350-2-8.jpg","contentUrl":"http:\/\/universofamilia.com\/wp-content\/uploads\/sites\/148\/2024\/05\/P-550x350-2-8.jpg","width":550,"height":350,"caption":"\ud83d\udcf8 C\u00f3mo Recuperar Fotos Perdidas en el Celular"},{"@type":"BreadcrumbList","@id":"http:\/\/universofamilia.com\/bn\/como-recuperar-fotos-perdidas-en-el-celular\/#breadcrumb","itemListElement":[{"@type":"ListItem","position":1,"name":"Home","item":"https:\/\/universofamilia.com\/el\/"},{"@type":"ListItem","position":2,"name":"\ud83d\udcf8 C\u00f3mo Recuperar Fotos Perdidas en el Celular"}]},{"@type":"WebSite","@id":"https:\/\/universofamilia.com\/el\/#website","url":"https:\/\/universofamilia.com\/el\/","name":"Universo Fam\u00edlia","description":"","potentialAction":[{"@type":"SearchAction","target":{"@type":"EntryPoint","urlTemplate":"https:\/\/universofamilia.com\/el\/?s={search_term_string}"},"query-input":"required name=search_term_string"}],"inLanguage":"hu"},{"@type":"Person","@id":"https:\/\/universofamilia.com\/el\/#\/schema\/person\/f07ce98187dd84d31154262e79b3b7ca","name":"Pedro Henrique","image":{"@type":"ImageObject","inLanguage":"hu","@id":"https:\/\/universofamilia.com\/el\/#\/schema\/person\/image\/","url":"http:\/\/0.gravatar.com\/avatar\/9edfeb808cb4e1599f64d6e45b130154?s=96&d=mm&r=g","contentUrl":"http:\/\/0.gravatar.com\/avatar\/9edfeb808cb4e1599f64d6e45b130154?s=96&d=mm&r=g","caption":"Pedro Henrique"},"url":"http:\/\/universofamilia.com\/hu\/author\/editor01\/"}]}},"_links":{"self":[{"href":"http:\/\/universofamilia.com\/hu\/wp-json\/wp\/v2\/posts\/6026"}],"collection":[{"href":"http:\/\/universofamilia.com\/hu\/wp-json\/wp\/v2\/posts"}],"about":[{"href":"http:\/\/universofamilia.com\/hu\/wp-json\/wp\/v2\/types\/post"}],"author":[{"embeddable":true,"href":"http:\/\/universofamilia.com\/hu\/wp-json\/wp\/v2\/users\/139"}],"replies":[{"embeddable":true,"href":"http:\/\/universofamilia.com\/hu\/wp-json\/wp\/v2\/comments?post=6026"}],"version-history":[{"count":2,"href":"http:\/\/universofamilia.com\/hu\/wp-json\/wp\/v2\/posts\/6026\/revisions"}],"predecessor-version":[{"id":9566,"href":"http:\/\/universofamilia.com\/hu\/wp-json\/wp\/v2\/posts\/6026\/revisions\/9566"}],"wp:featuredmedia":[{"embeddable":true,"href":"http:\/\/universofamilia.com\/hu\/wp-json\/wp\/v2\/media\/6029"}],"wp:attachment":[{"href":"http:\/\/universofamilia.com\/hu\/wp-json\/wp\/v2\/media?parent=6026"}],"wp:term":[{"taxonomy":"category","embeddable":true,"href":"http:\/\/universofamilia.com\/hu\/wp-json\/wp\/v2\/categories?post=6026"},{"taxonomy":"post_tag","embeddable":true,"href":"http:\/\/universofamilia.com\/hu\/wp-json\/wp\/v2\/tags?post=6026"}],"curies":[{"name":"wp","href":"https:\/\/api.w.org\/{rel}","templated":true}]}}