{"id":6031,"date":"2024-05-28T16:22:49","date_gmt":"2024-05-28T19:22:49","guid":{"rendered":"https:\/\/universofamilia.com\/?p=6031"},"modified":"2025-01-29T01:18:14","modified_gmt":"2025-01-29T01:18:14","slug":"evita-perder-tus-recuerdos","status":"publish","type":"post","link":"http:\/\/universofamilia.com\/hu\/evita-perder-tus-recuerdos\/","title":{"rendered":"Ker\u00fcld el az eml\u00e9keid elveszt\u00e9s\u00e9t"},"content":{"rendered":"<p>\u00c9rt\u00e9kes f\u00e9nyk\u00e9pek elveszt\u00e9se a mobiltelefonunkr\u00f3l olyan, mintha elvesz\u00edten\u00e9nk egy darab t\u00f6rt\u00e9nelm\u00fcnket.<\/p>\n\n\n\n<p>Ki ne \u00e9rzett volna m\u00e1r szomor\u00fas\u00e1got, hogy nem tal\u00e1lta meg azt a k\u00fcl\u00f6nleges k\u00e9pet?<\/p>\n\n\n\n<p>De ne agg\u00f3dj! Ebben az \u00fatmutat\u00f3ban felt\u00e1rjuk az elveszett f\u00e9nyk\u00e9pek visszaszerz\u00e9s\u00e9nek legjobb m\u00f3djait, \u00e9s ami m\u00e9g fontosabb, a j\u00f6v\u0151beni vesztes\u00e9gek megel\u0151z\u00e9s\u00e9nek m\u00f3djait.<\/p>\n\n\n\n<p>Menj\u00fcnk!<\/p>\n\n\n\n<h2 class=\"wp-block-heading\">1. Az eml\u00e9kek meg\u00f6r\u00f6k\u00edt\u00e9s\u00e9nek fontoss\u00e1ga \ud83c\udf1f<\/h2>\n\n\n\n<p>Fot\u00f3ink t\u00f6bbet jelentenek puszta k\u00e9pn\u00e9l; \u00e9rt\u00e9kes eml\u00e9kek egyedi \u00e9s felejthetetlen pillanatokr\u00f3l.<\/p>\n\n\n\n<p>Legyen sz\u00f3 ak\u00e1r egy leny\u0171g\u00f6z\u0151 naplement\u00e9r\u0151l, egy eml\u00e9kezetes sz\u00fclet\u00e9snapr\u00f3l vagy egy sz\u00edvb\u0151l j\u00f6v\u0151 mosolyr\u00f3l, minden fot\u00f3 egy t\u00f6rt\u00e9netet mes\u00e9l.<\/p>\n\n\n\n<p>Ez\u00e9rt elengedhetetlen ezeknek az eml\u00e9keknek a meg\u0151rz\u00e9se, hogy \u00fajra \u00e1t\u00e9lhess\u00fck ezeket a k\u00fcl\u00f6nleges pillanatokat, amikor csak akarjuk.<\/p>\n\n\n\n<p><\/p>\n\n\n\n<hr class=\"wp-block-separator has-text-color has-luminous-vivid-orange-color has-alpha-channel-opacity has-luminous-vivid-orange-background-color has-background\" \/>\n\n\n\n<h2 class=\"wp-block-heading\">Olvasd el m\u00e9g:<\/h2>\n\n\n\n<div class=\"wp-block-columns is-layout-flex wp-container-core-columns-layout-1 wp-block-columns-is-layout-flex\">\n<div class=\"wp-block-column is-layout-flow wp-block-column-is-layout-flow\">\n<div class=\"wp-block-buttons is-layout-flex wp-block-buttons-is-layout-flex\">\n<div class=\"wp-block-button has-custom-width wp-block-button__width-100\" style=\"text-decoration:none\"><a class=\"wp-block-button__link has-white-color has-vivid-cyan-blue-background-color has-text-color has-background has-link-color has-text-align-left wp-element-button\" href=\"https:\/\/universofamilia.com\/hu\/5893\/acelera-tu-celular-despierta-tu-productividad\/\" style=\"border-radius:10px\" target=\"_blank\" rel=\"noreferrer noopener\"><font style=\"vertical-align: inherit\"><font style=\"vertical-align: inherit\">\ud83d\udccc Gyors\u00edtsd fel a mobiltelefonodat<\/font><\/font> &gt;<\/a><\/div>\n\n\n\n<div class=\"wp-block-button has-custom-width wp-block-button__width-100\" style=\"text-decoration:none\"><a class=\"wp-block-button__link has-white-color has-vivid-cyan-blue-background-color has-text-color has-background has-link-color has-text-align-left wp-element-button\" href=\"https:\/\/universofamilia.com\/hu\/5869\/descubre-quien-te-esta-observando-en-las-redes-sociales\/\" style=\"border-radius:10px\" target=\"_blank\" rel=\"noreferrer noopener\"><font style=\"vertical-align: inherit\"><font style=\"vertical-align: inherit\"><font style=\"vertical-align: inherit\"><font style=\"vertical-align: inherit\">\ud83d\udccc Kik l\u00e1togatt\u00e1k meg a profilodat?<\/font><\/font><\/font><\/font> &gt;<\/a><\/div>\n<\/div>\n<\/div>\n\n\n\n<div class=\"wp-block-column is-layout-flow wp-block-column-is-layout-flow\">\n<div class=\"wp-block-buttons is-layout-flex wp-block-buttons-is-layout-flex\">\n<div class=\"wp-block-button has-custom-width wp-block-button__width-100\" style=\"text-decoration:none\"><a class=\"wp-block-button__link has-white-color has-vivid-cyan-blue-background-color has-text-color has-background has-link-color has-text-align-left wp-element-button\" href=\"https:\/\/universofamilia.com\/hu\/5859\/el-encanto-de-las-telenovelas-turcas\/\" style=\"border-radius:10px\" target=\"_blank\" rel=\"noreferrer noopener\"><font style=\"vertical-align: inherit\"><font style=\"vertical-align: inherit\"><font style=\"vertical-align: inherit\"><font style=\"vertical-align: inherit\">\ud83d\udccd<\/font><\/font> T\u00f6r\u00f6k szappanoper\u00e1k &gt;<\/font><\/font><\/a><\/div>\n<\/div>\n<\/div>\n<\/div>\n\n\n\n<hr class=\"wp-block-separator has-text-color has-luminous-vivid-orange-color has-alpha-channel-opacity has-luminous-vivid-orange-background-color has-background\" \/>\n\n\n\n<p><\/p>\n\n\n\n<h2 class=\"wp-block-heading\">2. A fot\u00f3k elveszt\u00e9s\u00e9nek gyakori okai \ud83d\ude1e<\/h2>\n\n\n\n<p>A f\u00e9nyk\u00e9pek elveszt\u00e9s\u00e9nek okai v\u00e1ltozatosak lehetnek, a v\u00e9letlen t\u00f6rl\u00e9st\u0151l a telefonrendszer meghib\u00e1sod\u00e1s\u00e1ig.<\/p>\n\n\n\n<p>Egy\u00e9b gyakori okok k\u00f6z\u00e9 tartozik a v\u00e9letlen form\u00e1z\u00e1s, a v\u00edrust\u00e1mad\u00e1sok \u00e9s az eszk\u00f6z fizikai s\u00e9r\u00fcl\u00e9se.<\/p>\n\n\n\n<p>Fontos, hogy tiszt\u00e1ban legy\u00fcnk ezekkel a lehet\u0151s\u00e9gekkel, hogy megel\u0151z\u0151 int\u00e9zked\u00e9seket tehess\u00fcnk.<\/p>\n\n\n\n<h2 class=\"wp-block-heading\">3. A megel\u0151z\u00e9s a kulcs \ud83d\udd12<\/h2>\n\n\n\n<p>A f\u00e9nyk\u00e9pek elveszt\u00e9s\u00e9nek okozta csal\u00f3d\u00e1s elker\u00fcl\u00e9s\u00e9nek legjobb m\u00f3dja a rendszeres biztons\u00e1gi ment\u00e9sek k\u00e9sz\u00edt\u00e9se.<\/p>\n\n\n\n<p>Haszn\u00e1lj felh\u0151szolg\u00e1ltat\u00e1sokat, p\u00e9ld\u00e1ul a Google Fot\u00f3kat vagy az iCloudot a k\u00e9peid biztons\u00e1gos t\u00e1rol\u00e1s\u00e1hoz.<\/p>\n\n\n\n<p>Fontold meg az automatikus biztons\u00e1gi ment\u00e9si alkalmaz\u00e1sok haszn\u00e1lat\u00e1t is, amelyek biztos\u00edtj\u00e1k, hogy a f\u00e9nyk\u00e9peid v\u00e9dve maradjanak m\u00e9g eszk\u00f6zhiba eset\u00e9n is.<\/p>\n\n\n\n<h2 class=\"wp-block-heading\">4. Cselekedj gyorsan a fot\u00f3k helyre\u00e1ll\u00edt\u00e1s\u00e1hoz \ud83d\ude80<\/h2>\n\n\n\n<p>Ha r\u00e1j\u00f6ssz, hogy a fot\u00f3id v\u00e9letlen\u00fcl t\u00f6r\u00f6lve lettek, cselekedj gyorsan! Min\u00e9l el\u0151bb cselekszel, ann\u00e1l nagyobb az es\u00e9lye a sikeres helyre\u00e1ll\u00edt\u00e1snak.<\/p>\n\n\n\n<p>Ker\u00fclje az eszk\u00f6z haszn\u00e1lat\u00e1t \u00faj f\u00e9nyk\u00e9pek k\u00e9sz\u00edt\u00e9s\u00e9re vagy alkalmaz\u00e1sok telep\u00edt\u00e9s\u00e9re, mivel ez fel\u00fcl\u00edrhatja az elveszett adatokat.<\/p>\n\n\n<div class=\"wp-block-image\">\n<figure class=\"aligncenter size-full\"><img loading=\"lazy\" decoding=\"async\" width=\"550\" height=\"350\" src=\"http:\/\/universofamilia.com\/wp-content\/uploads\/sites\/148\/2024\/05\/P-550x350-1-10.jpg\" alt=\"\" class=\"wp-image-6032\" srcset=\"http:\/\/universofamilia.com\/wp-content\/uploads\/sites\/148\/2024\/05\/P-550x350-1-10.jpg 550w, http:\/\/universofamilia.com\/wp-content\/uploads\/sites\/148\/2024\/05\/P-550x350-1-10-300x191.jpg 300w\" sizes=\"(max-width: 550px) 100vw, 550px\" \/><figcaption class=\"wp-element-caption\">Ker\u00fcld el az eml\u00e9keid elveszt\u00e9s\u00e9t<\/figcaption><\/figure><\/div>\n\n\n<h2 class=\"wp-block-heading\">5. Fot\u00f3-helyre\u00e1ll\u00edt\u00f3 szoftver \ud83d\udee0\ufe0f<\/h2>\n\n\n\n<p>Sz\u00e1mos eszk\u00f6z \u00e1ll rendelkez\u00e9sre az elveszett f\u00e9nyk\u00e9pek vissza\u00e1ll\u00edt\u00e1s\u00e1hoz.<\/p>\n\n\n\n<p>Az al\u00e1bbiakban h\u00e1rom, felhaszn\u00e1l\u00f3k \u00e9s szak\u00e9rt\u0151k \u00e1ltal aj\u00e1nlott alkalmaz\u00e1st tal\u00e1lsz:<\/p>\n\n\n\n<h3 class=\"wp-block-heading\">1. DiskDigger fot\u00f3-helyre\u00e1ll\u00edt\u00e1s<\/h3>\n\n\n\n<p>Kiv\u00e1l\u00f3 \u00e9rt\u00e9kel\u00e9seivel \u00e9s intuit\u00edv kezel\u0151fel\u00fclet\u00e9vel a DiskDigger n\u00e9pszer\u0171 v\u00e1laszt\u00e1s az elveszett f\u00e9nyk\u00e9pek helyre\u00e1ll\u00edt\u00e1s\u00e1hoz. A felhaszn\u00e1l\u00f3k dics\u00e9rik hat\u00e9konys\u00e1g\u00e1t \u00e9s egyszer\u0171s\u00e9g\u00e9t.<\/p>\n\n\n\n<h3 class=\"wp-block-heading\">2. Recuva fot\u00f3-helyre\u00e1ll\u00edt\u00e1s<\/h3>\n\n\n\n<p>A Recuva rendk\u00edv\u00fcl megb\u00edzhat\u00f3 \u00e9s sz\u00e9lesk\u00f6r\u0171 helyre\u00e1ll\u00edt\u00e1si funkci\u00f3kat k\u00edn\u00e1l. A felhaszn\u00e1l\u00f3k dics\u00e9rik a v\u00e9letlen form\u00e1z\u00e1s ut\u00e1ni f\u00e9nyk\u00e9pek helyre\u00e1ll\u00edt\u00e1s\u00e1nak k\u00e9pess\u00e9g\u00e9t \u00e9s a felhaszn\u00e1l\u00f3bar\u00e1t fel\u00fcletet.<\/p>\n\n\n\n<h3 class=\"wp-block-heading\">3. EaseUS MobiSaver<\/h3>\n\n\n\n<p>Sokoldal\u00fa \u00e9s hat\u00e9kony, az EaseUS MobiSaver nemcsak f\u00e9nyk\u00e9pek, hanem vide\u00f3k \u00e9s m\u00e1s f\u00e1jlok helyre\u00e1ll\u00edt\u00e1s\u00e1ra is k\u00e9pes. Intuit\u00edv fel\u00fclet\u00e9t \u00e9s probl\u00e9mamentes folyamat\u00e1t a felhaszn\u00e1l\u00f3k dics\u00e9rik.<\/p>\n\n\n\n<h2 class=\"wp-block-heading\">Konkl\u00fazi\u00f3: \u00d3vd meg az eml\u00e9keidet! \ud83d\udee1\ufe0f<\/h2>\n\n\n\n<p>Az \u00e9rt\u00e9kes f\u00e9nyk\u00e9pek elveszt\u00e9se katasztrof\u00e1lis lehet, de a megfelel\u0151 int\u00e9zked\u00e9sekkel elker\u00fclhet\u0151 ez a r\u00e9m\u00e1lom.<\/p>\n\n\n\n<p>Mindig ne felejts el rendszeresen biztons\u00e1gi ment\u00e9seket k\u00e9sz\u00edteni, \u00e9s l\u00e9gy felk\u00e9sz\u00fclve a gyors cselekv\u00e9sre adatveszt\u00e9s eset\u00e9n.<\/p>\n\n\n\n<p>A megfelel\u0151 alkalmaz\u00e1sokkal az eml\u00e9keid mindig biztons\u00e1gban lesznek!<\/p>\n\n\n\n<h2 class=\"wp-block-heading\">\ud83d\udcf1 <strong>Let\u00f6lt\u00e9si linkek:<\/strong><\/h2>\n\n\n\n<ul>\n<li>Lemezfelt\u00e1r\u00f3: <a href=\"https:\/\/play.google.com\/store\/apps\/details?id=com.defianttech.diskdigger&amp;hl=en&amp;gl=US\" target=\"_blank\" rel=\"noreferrer noopener\">Android<\/a><\/li>\n\n\n\n<li>Recuva: <a href=\"https:\/\/drfone.wondershare.com\/recycle-bin-data\/recuva-iphone.html\" target=\"_blank\" rel=\"noreferrer noopener\">iOS<\/a><\/li>\n\n\n\n<li>EaseUS MobiSaver: <a href=\"https:\/\/play.google.com\/store\/apps\/details?id=com.easeus.mobisaver&amp;hl=en\" target=\"_blank\" rel=\"noreferrer noopener\">Android<\/a> \/ <a href=\"https:\/\/apps.apple.com\/us\/app\/easeus-data-recovery-wizard\/id740355970?mt=12\" target=\"_blank\" rel=\"noreferrer noopener\">iOS<\/a><\/li>\n<\/ul>\n\n\n\n<p>Ne hagyd, hogy az eml\u00e9keid elveszjenek az id\u0151 m\u00fal\u00e1s\u00e1val. V\u00e9dd meg \u0151ket m\u00e9g ma! \ud83d\udcf8\u2728<\/p>","protected":false},"excerpt":{"rendered":"<p>\u00c9rt\u00e9kes f\u00e9nyk\u00e9pek elveszt\u00e9se a telefonodr\u00f3l olyan, mint egy darab t\u00f6rt\u00e9nelem elveszt\u00e9se. Ki ne \u00e9rzett volna m\u00e1r szomor\u00fas\u00e1got amiatt, hogy nem tal\u00e1lja meg azt a k\u00fcl\u00f6nleges k\u00e9pet? De ne agg\u00f3dj! Ebben az \u00fatmutat\u00f3ban felt\u00e1rjuk az elveszett f\u00e9nyk\u00e9pek visszaszerz\u00e9s\u00e9nek legjobb m\u00f3djait, \u00e9s ami m\u00e9g fontosabb, hogyan el\u0151zhetj\u00fck meg a j\u00f6v\u0151beni vesztes\u00e9geket. Kezdj\u00fck is! 1. A [\u2026] fontoss\u00e1ga<\/p>","protected":false},"author":139,"featured_media":6032,"comment_status":"closed","ping_status":"open","sticky":false,"template":"","format":"standard","meta":{"footnotes":""},"categories":[2],"tags":[110,151,848],"yoast_head":"<!-- This site is optimized with the Yoast SEO plugin v23.3 - https:\/\/yoast.com\/wordpress\/plugins\/seo\/ -->\n<title>Evita perder tus recuerdos - Universo Fam\u00edlia<\/title>\n<meta name=\"description\" content=\"Evita perder tus recuerdos. Perder fotos preciosas del celular es como perder un pedacito de nuestra historia....\" \/>\n<meta name=\"robots\" content=\"index, follow, max-snippet:-1, max-image-preview:large, max-video-preview:-1\" \/>\n<link rel=\"canonical\" href=\"http:\/\/universofamilia.com\/hu\/\u09a4\u09cb\u09ae\u09be\u09b0-\u09b8\u09cd\u09ae\u09c3\u09a4\u09bf-\u09b9\u09be\u09b0\u09be\u09a8\u09cb-\u098f\u09a1\u09bc\u09bf\/\" \/>\n<meta property=\"og:locale\" content=\"hu_HU\" \/>\n<meta property=\"og:type\" content=\"article\" \/>\n<meta property=\"og:title\" content=\"Evita perder tus recuerdos - Universo Fam\u00edlia\" \/>\n<meta property=\"og:description\" content=\"Evita perder tus recuerdos. Perder fotos preciosas del celular es como perder un pedacito de nuestra historia....\" \/>\n<meta property=\"og:url\" content=\"http:\/\/universofamilia.com\/hu\/\u09a4\u09cb\u09ae\u09be\u09b0-\u09b8\u09cd\u09ae\u09c3\u09a4\u09bf-\u09b9\u09be\u09b0\u09be\u09a8\u09cb-\u098f\u09a1\u09bc\u09bf\/\" \/>\n<meta property=\"og:site_name\" content=\"Universo Fam\u00edlia\" \/>\n<meta property=\"article:published_time\" content=\"2024-05-28T19:22:49+00:00\" \/>\n<meta property=\"article:modified_time\" content=\"2025-01-29T01:18:14+00:00\" \/>\n<meta property=\"og:image\" content=\"http:\/\/universofamilia.com\/wp-content\/uploads\/sites\/148\/2024\/05\/P-550x350-1-10.jpg\" \/>\n\t<meta property=\"og:image:width\" content=\"550\" \/>\n\t<meta property=\"og:image:height\" content=\"350\" \/>\n\t<meta property=\"og:image:type\" content=\"image\/jpeg\" \/>\n<meta name=\"author\" content=\"Pedro Henrique\" \/>\n<meta name=\"twitter:card\" content=\"summary_large_image\" \/>\n<meta name=\"twitter:label1\" content=\"Written by\" \/>\n\t<meta name=\"twitter:data1\" content=\"Pedro Henrique\" \/>\n\t<meta name=\"twitter:label2\" content=\"Est. reading time\" \/>\n\t<meta name=\"twitter:data2\" content=\"4 perc\" \/>\n<script type=\"application\/ld+json\" class=\"yoast-schema-graph\">{\"@context\":\"https:\/\/schema.org\",\"@graph\":[{\"@type\":\"WebPage\",\"@id\":\"http:\/\/universofamilia.com\/bn\/\u09a4\u09cb\u09ae\u09be\u09b0-\u09b8\u09cd\u09ae\u09c3\u09a4\u09bf-\u09b9\u09be\u09b0\u09be\u09a8\u09cb-\u098f\u09a1\u09bc\u09bf\/\",\"url\":\"http:\/\/universofamilia.com\/bn\/\u09a4\u09cb\u09ae\u09be\u09b0-\u09b8\u09cd\u09ae\u09c3\u09a4\u09bf-\u09b9\u09be\u09b0\u09be\u09a8\u09cb-\u098f\u09a1\u09bc\u09bf\/\",\"name\":\"Evita perder tus recuerdos - Universo Fam\u00edlia\",\"isPartOf\":{\"@id\":\"https:\/\/universofamilia.com\/el\/#website\"},\"primaryImageOfPage\":{\"@id\":\"http:\/\/universofamilia.com\/bn\/\u09a4\u09cb\u09ae\u09be\u09b0-\u09b8\u09cd\u09ae\u09c3\u09a4\u09bf-\u09b9\u09be\u09b0\u09be\u09a8\u09cb-\u098f\u09a1\u09bc\u09bf\/#primaryimage\"},\"image\":{\"@id\":\"http:\/\/universofamilia.com\/bn\/\u09a4\u09cb\u09ae\u09be\u09b0-\u09b8\u09cd\u09ae\u09c3\u09a4\u09bf-\u09b9\u09be\u09b0\u09be\u09a8\u09cb-\u098f\u09a1\u09bc\u09bf\/#primaryimage\"},\"thumbnailUrl\":\"http:\/\/universofamilia.com\/wp-content\/uploads\/sites\/148\/2024\/05\/P-550x350-1-10.jpg\",\"datePublished\":\"2024-05-28T19:22:49+00:00\",\"dateModified\":\"2025-01-29T01:18:14+00:00\",\"author\":{\"@id\":\"https:\/\/universofamilia.com\/el\/#\/schema\/person\/f07ce98187dd84d31154262e79b3b7ca\"},\"description\":\"Evita perder tus recuerdos. Perder fotos preciosas del celular es como perder un pedacito de nuestra historia....\",\"breadcrumb\":{\"@id\":\"http:\/\/universofamilia.com\/bn\/\u09a4\u09cb\u09ae\u09be\u09b0-\u09b8\u09cd\u09ae\u09c3\u09a4\u09bf-\u09b9\u09be\u09b0\u09be\u09a8\u09cb-\u098f\u09a1\u09bc\u09bf\/#breadcrumb\"},\"inLanguage\":\"hu\",\"potentialAction\":[{\"@type\":\"ReadAction\",\"target\":[\"http:\/\/universofamilia.com\/bn\/\u09a4\u09cb\u09ae\u09be\u09b0-\u09b8\u09cd\u09ae\u09c3\u09a4\u09bf-\u09b9\u09be\u09b0\u09be\u09a8\u09cb-\u098f\u09a1\u09bc\u09bf\/\"]}]},{\"@type\":\"ImageObject\",\"inLanguage\":\"hu\",\"@id\":\"http:\/\/universofamilia.com\/bn\/\u09a4\u09cb\u09ae\u09be\u09b0-\u09b8\u09cd\u09ae\u09c3\u09a4\u09bf-\u09b9\u09be\u09b0\u09be\u09a8\u09cb-\u098f\u09a1\u09bc\u09bf\/#primaryimage\",\"url\":\"http:\/\/universofamilia.com\/wp-content\/uploads\/sites\/148\/2024\/05\/P-550x350-1-10.jpg\",\"contentUrl\":\"http:\/\/universofamilia.com\/wp-content\/uploads\/sites\/148\/2024\/05\/P-550x350-1-10.jpg\",\"width\":550,\"height\":350,\"caption\":\"Evita perder tus recuerdos\"},{\"@type\":\"BreadcrumbList\",\"@id\":\"http:\/\/universofamilia.com\/bn\/\u09a4\u09cb\u09ae\u09be\u09b0-\u09b8\u09cd\u09ae\u09c3\u09a4\u09bf-\u09b9\u09be\u09b0\u09be\u09a8\u09cb-\u098f\u09a1\u09bc\u09bf\/#breadcrumb\",\"itemListElement\":[{\"@type\":\"ListItem\",\"position\":1,\"name\":\"Home\",\"item\":\"https:\/\/universofamilia.com\/el\/\"},{\"@type\":\"ListItem\",\"position\":2,\"name\":\"Evita perder tus recuerdos\"}]},{\"@type\":\"WebSite\",\"@id\":\"https:\/\/universofamilia.com\/el\/#website\",\"url\":\"https:\/\/universofamilia.com\/el\/\",\"name\":\"Universo Fam\u00edlia\",\"description\":\"\",\"potentialAction\":[{\"@type\":\"SearchAction\",\"target\":{\"@type\":\"EntryPoint\",\"urlTemplate\":\"https:\/\/universofamilia.com\/el\/?s={search_term_string}\"},\"query-input\":\"required name=search_term_string\"}],\"inLanguage\":\"hu\"},{\"@type\":\"Person\",\"@id\":\"https:\/\/universofamilia.com\/el\/#\/schema\/person\/f07ce98187dd84d31154262e79b3b7ca\",\"name\":\"Pedro Henrique\",\"image\":{\"@type\":\"ImageObject\",\"inLanguage\":\"hu\",\"@id\":\"https:\/\/universofamilia.com\/el\/#\/schema\/person\/image\/\",\"url\":\"http:\/\/0.gravatar.com\/avatar\/9edfeb808cb4e1599f64d6e45b130154?s=96&d=mm&r=g\",\"contentUrl\":\"http:\/\/0.gravatar.com\/avatar\/9edfeb808cb4e1599f64d6e45b130154?s=96&d=mm&r=g\",\"caption\":\"Pedro Henrique\"},\"url\":\"http:\/\/universofamilia.com\/hu\/author\/editor01\/\"}]}<\/script>\n<!-- \/ Yoast SEO plugin. -->","yoast_head_json":{"title":"Evita perder tus recuerdos - Universo Fam\u00edlia","description":"Evita perder tus recuerdos. Perder fotos preciosas del celular es como perder un pedacito de nuestra historia....","robots":{"index":"index","follow":"follow","max-snippet":"max-snippet:-1","max-image-preview":"max-image-preview:large","max-video-preview":"max-video-preview:-1"},"canonical":"http:\/\/universofamilia.com\/hu\/\u09a4\u09cb\u09ae\u09be\u09b0-\u09b8\u09cd\u09ae\u09c3\u09a4\u09bf-\u09b9\u09be\u09b0\u09be\u09a8\u09cb-\u098f\u09a1\u09bc\u09bf\/","og_locale":"hu_HU","og_type":"article","og_title":"Evita perder tus recuerdos - Universo Fam\u00edlia","og_description":"Evita perder tus recuerdos. Perder fotos preciosas del celular es como perder un pedacito de nuestra historia....","og_url":"http:\/\/universofamilia.com\/hu\/\u09a4\u09cb\u09ae\u09be\u09b0-\u09b8\u09cd\u09ae\u09c3\u09a4\u09bf-\u09b9\u09be\u09b0\u09be\u09a8\u09cb-\u098f\u09a1\u09bc\u09bf\/","og_site_name":"Universo Fam\u00edlia","article_published_time":"2024-05-28T19:22:49+00:00","article_modified_time":"2025-01-29T01:18:14+00:00","og_image":[{"width":550,"height":350,"url":"http:\/\/universofamilia.com\/wp-content\/uploads\/sites\/148\/2024\/05\/P-550x350-1-10.jpg","type":"image\/jpeg"}],"author":"Pedro Henrique","twitter_card":"summary_large_image","twitter_misc":{"Written by":"Pedro Henrique","Est. reading time":"4 perc"},"schema":{"@context":"https:\/\/schema.org","@graph":[{"@type":"WebPage","@id":"http:\/\/universofamilia.com\/bn\/\u09a4\u09cb\u09ae\u09be\u09b0-\u09b8\u09cd\u09ae\u09c3\u09a4\u09bf-\u09b9\u09be\u09b0\u09be\u09a8\u09cb-\u098f\u09a1\u09bc\u09bf\/","url":"http:\/\/universofamilia.com\/bn\/\u09a4\u09cb\u09ae\u09be\u09b0-\u09b8\u09cd\u09ae\u09c3\u09a4\u09bf-\u09b9\u09be\u09b0\u09be\u09a8\u09cb-\u098f\u09a1\u09bc\u09bf\/","name":"Evita perder tus recuerdos - Universo Fam\u00edlia","isPartOf":{"@id":"https:\/\/universofamilia.com\/el\/#website"},"primaryImageOfPage":{"@id":"http:\/\/universofamilia.com\/bn\/\u09a4\u09cb\u09ae\u09be\u09b0-\u09b8\u09cd\u09ae\u09c3\u09a4\u09bf-\u09b9\u09be\u09b0\u09be\u09a8\u09cb-\u098f\u09a1\u09bc\u09bf\/#primaryimage"},"image":{"@id":"http:\/\/universofamilia.com\/bn\/\u09a4\u09cb\u09ae\u09be\u09b0-\u09b8\u09cd\u09ae\u09c3\u09a4\u09bf-\u09b9\u09be\u09b0\u09be\u09a8\u09cb-\u098f\u09a1\u09bc\u09bf\/#primaryimage"},"thumbnailUrl":"http:\/\/universofamilia.com\/wp-content\/uploads\/sites\/148\/2024\/05\/P-550x350-1-10.jpg","datePublished":"2024-05-28T19:22:49+00:00","dateModified":"2025-01-29T01:18:14+00:00","author":{"@id":"https:\/\/universofamilia.com\/el\/#\/schema\/person\/f07ce98187dd84d31154262e79b3b7ca"},"description":"Evita perder tus recuerdos. Perder fotos preciosas del celular es como perder un pedacito de nuestra historia....","breadcrumb":{"@id":"http:\/\/universofamilia.com\/bn\/\u09a4\u09cb\u09ae\u09be\u09b0-\u09b8\u09cd\u09ae\u09c3\u09a4\u09bf-\u09b9\u09be\u09b0\u09be\u09a8\u09cb-\u098f\u09a1\u09bc\u09bf\/#breadcrumb"},"inLanguage":"hu","potentialAction":[{"@type":"ReadAction","target":["http:\/\/universofamilia.com\/bn\/\u09a4\u09cb\u09ae\u09be\u09b0-\u09b8\u09cd\u09ae\u09c3\u09a4\u09bf-\u09b9\u09be\u09b0\u09be\u09a8\u09cb-\u098f\u09a1\u09bc\u09bf\/"]}]},{"@type":"ImageObject","inLanguage":"hu","@id":"http:\/\/universofamilia.com\/bn\/\u09a4\u09cb\u09ae\u09be\u09b0-\u09b8\u09cd\u09ae\u09c3\u09a4\u09bf-\u09b9\u09be\u09b0\u09be\u09a8\u09cb-\u098f\u09a1\u09bc\u09bf\/#primaryimage","url":"http:\/\/universofamilia.com\/wp-content\/uploads\/sites\/148\/2024\/05\/P-550x350-1-10.jpg","contentUrl":"http:\/\/universofamilia.com\/wp-content\/uploads\/sites\/148\/2024\/05\/P-550x350-1-10.jpg","width":550,"height":350,"caption":"Evita perder tus recuerdos"},{"@type":"BreadcrumbList","@id":"http:\/\/universofamilia.com\/bn\/\u09a4\u09cb\u09ae\u09be\u09b0-\u09b8\u09cd\u09ae\u09c3\u09a4\u09bf-\u09b9\u09be\u09b0\u09be\u09a8\u09cb-\u098f\u09a1\u09bc\u09bf\/#breadcrumb","itemListElement":[{"@type":"ListItem","position":1,"name":"Home","item":"https:\/\/universofamilia.com\/el\/"},{"@type":"ListItem","position":2,"name":"Evita perder tus recuerdos"}]},{"@type":"WebSite","@id":"https:\/\/universofamilia.com\/el\/#website","url":"https:\/\/universofamilia.com\/el\/","name":"Universo Fam\u00edlia","description":"","potentialAction":[{"@type":"SearchAction","target":{"@type":"EntryPoint","urlTemplate":"https:\/\/universofamilia.com\/el\/?s={search_term_string}"},"query-input":"required name=search_term_string"}],"inLanguage":"hu"},{"@type":"Person","@id":"https:\/\/universofamilia.com\/el\/#\/schema\/person\/f07ce98187dd84d31154262e79b3b7ca","name":"Pedro Henrique","image":{"@type":"ImageObject","inLanguage":"hu","@id":"https:\/\/universofamilia.com\/el\/#\/schema\/person\/image\/","url":"http:\/\/0.gravatar.com\/avatar\/9edfeb808cb4e1599f64d6e45b130154?s=96&d=mm&r=g","contentUrl":"http:\/\/0.gravatar.com\/avatar\/9edfeb808cb4e1599f64d6e45b130154?s=96&d=mm&r=g","caption":"Pedro Henrique"},"url":"http:\/\/universofamilia.com\/hu\/author\/editor01\/"}]}},"_links":{"self":[{"href":"http:\/\/universofamilia.com\/hu\/wp-json\/wp\/v2\/posts\/6031"}],"collection":[{"href":"http:\/\/universofamilia.com\/hu\/wp-json\/wp\/v2\/posts"}],"about":[{"href":"http:\/\/universofamilia.com\/hu\/wp-json\/wp\/v2\/types\/post"}],"author":[{"embeddable":true,"href":"http:\/\/universofamilia.com\/hu\/wp-json\/wp\/v2\/users\/139"}],"replies":[{"embeddable":true,"href":"http:\/\/universofamilia.com\/hu\/wp-json\/wp\/v2\/comments?post=6031"}],"version-history":[{"count":1,"href":"http:\/\/universofamilia.com\/hu\/wp-json\/wp\/v2\/posts\/6031\/revisions"}],"predecessor-version":[{"id":8464,"href":"http:\/\/universofamilia.com\/hu\/wp-json\/wp\/v2\/posts\/6031\/revisions\/8464"}],"wp:featuredmedia":[{"embeddable":true,"href":"http:\/\/universofamilia.com\/hu\/wp-json\/wp\/v2\/media\/6032"}],"wp:attachment":[{"href":"http:\/\/universofamilia.com\/hu\/wp-json\/wp\/v2\/media?parent=6031"}],"wp:term":[{"taxonomy":"category","embeddable":true,"href":"http:\/\/universofamilia.com\/hu\/wp-json\/wp\/v2\/categories?post=6031"},{"taxonomy":"post_tag","embeddable":true,"href":"http:\/\/universofamilia.com\/hu\/wp-json\/wp\/v2\/tags?post=6031"}],"curies":[{"name":"wp","href":"https:\/\/api.w.org\/{rel}","templated":true}]}}