{"id":6034,"date":"2024-05-28T16:30:41","date_gmt":"2024-05-28T19:30:41","guid":{"rendered":"https:\/\/universofamilia.com\/?p=6034"},"modified":"2025-01-28T13:48:55","modified_gmt":"2025-01-28T13:48:55","slug":"como-recuperar-fotos-perdidas-en-tu-telefono-movil","status":"publish","type":"post","link":"http:\/\/universofamilia.com\/hu\/como-recuperar-fotos-perdidas-en-tu-telefono-movil\/","title":{"rendered":"Hogyan \u00e1ll\u00edthatod vissza az elveszett f\u00e9nyk\u00e9peket a mobiltelefonodon \ud83d\udcf8"},"content":{"rendered":"<p>Tapasztaltad m\u00e1r azt a frusztr\u00e1ci\u00f3t, hogy elvesz\u00edted azokat a k\u00fcl\u00f6nleges f\u00e9nyk\u00e9peket, amelyek felejthetetlen pillanatokat \u00f6r\u00f6k\u00edtenek meg?<\/p>\n\n\n\n<p>Ha \u00edgy van, akkor tudod, milyen les\u00fajt\u00f3 lehet elvesz\u00edteni ezeket a dr\u00e1ga eml\u00e9keket. De ne ess p\u00e1nikba!<\/p>\n\n\n\n<p>Ez az \u00e1tfog\u00f3 \u00fatmutat\u00f3 bemutatja, hogyan \u00e1ll\u00edthatja vissza elveszett f\u00e9nyk\u00e9peit, \u00e9s hogyan biztos\u00edthatja azok \u00f6r\u00f6k biztons\u00e1g\u00e1t.<\/p>\n\n\n\n<p>Gyer\u00fcnk! \ud83d\ude80<\/p>\n\n\n\n<p><\/p>\n\n\n\n<hr class=\"wp-block-separator has-text-color has-luminous-vivid-orange-color has-alpha-channel-opacity has-luminous-vivid-orange-background-color has-background\" \/>\n\n\n\n<h2 class=\"wp-block-heading\">Olvasd el m\u00e9g:<\/h2>\n\n\n\n<div class=\"wp-block-columns is-layout-flex wp-container-core-columns-layout-1 wp-block-columns-is-layout-flex\">\n<div class=\"wp-block-column is-layout-flow wp-block-column-is-layout-flow\">\n<div class=\"wp-block-buttons is-layout-flex wp-block-buttons-is-layout-flex\">\n<div class=\"wp-block-button has-custom-width wp-block-button__width-100\" style=\"text-decoration:none\"><a class=\"wp-block-button__link has-white-color has-vivid-cyan-blue-background-color has-text-color has-background has-link-color has-text-align-left wp-element-button\" href=\"https:\/\/universofamilia.com\/hu\/5893\/acelera-tu-celular-despierta-tu-productividad\/\" style=\"border-radius:10px\" target=\"_blank\" rel=\"noreferrer noopener\"><font style=\"vertical-align: inherit\"><font style=\"vertical-align: inherit\">\ud83d\udccc Gyors\u00edtsd fel a mobiltelefonodat<\/font><\/font> &gt;<\/a><\/div>\n\n\n\n<div class=\"wp-block-button has-custom-width wp-block-button__width-100\" style=\"text-decoration:none\"><a class=\"wp-block-button__link has-white-color has-vivid-cyan-blue-background-color has-text-color has-background has-link-color has-text-align-left wp-element-button\" href=\"https:\/\/universofamilia.com\/hu\/5869\/descubre-quien-te-esta-observando-en-las-redes-sociales\/\" style=\"border-radius:10px\" target=\"_blank\" rel=\"noreferrer noopener\"><font style=\"vertical-align: inherit\"><font style=\"vertical-align: inherit\"><font style=\"vertical-align: inherit\"><font style=\"vertical-align: inherit\">\ud83d\udccc Kik l\u00e1togatt\u00e1k meg a profilodat?<\/font><\/font><\/font><\/font> &gt;<\/a><\/div>\n<\/div>\n<\/div>\n\n\n\n<div class=\"wp-block-column is-layout-flow wp-block-column-is-layout-flow\">\n<div class=\"wp-block-buttons is-layout-flex wp-block-buttons-is-layout-flex\">\n<div class=\"wp-block-button has-custom-width wp-block-button__width-100\" style=\"text-decoration:none\"><a class=\"wp-block-button__link has-white-color has-vivid-cyan-blue-background-color has-text-color has-background has-link-color has-text-align-left wp-element-button\" href=\"https:\/\/universofamilia.com\/hu\/5859\/el-encanto-de-las-telenovelas-turcas\/\" style=\"border-radius:10px\" target=\"_blank\" rel=\"noreferrer noopener\"><font style=\"vertical-align: inherit\"><font style=\"vertical-align: inherit\"><font style=\"vertical-align: inherit\"><font style=\"vertical-align: inherit\">\ud83d\udccd<\/font><\/font> T\u00f6r\u00f6k szappanoper\u00e1k &gt;<\/font><\/font><\/a><\/div>\n<\/div>\n<\/div>\n<\/div>\n\n\n\n<hr class=\"wp-block-separator has-text-color has-luminous-vivid-orange-color has-alpha-channel-opacity has-luminous-vivid-orange-background-color has-background\" \/>\n\n\n\n<p><\/p>\n\n\n\n<h2 class=\"wp-block-heading\">1. Az eml\u00e9kek meg\u00f6r\u00f6k\u00edt\u00e9s\u00e9nek fontoss\u00e1ga \ud83c\udf1f<\/h2>\n\n\n\n<p>A f\u00e9nyk\u00e9pek t\u00f6bbet jelentenek puszta k\u00e9pn\u00e9l; olyan pillanatok meg\u00f6r\u00f6k\u00edt\u00e9sei, amelyek soha nem t\u00e9rnek vissza.<\/p>\n\n\n\n<p>Lehet\u0151v\u00e9 teszik sz\u00e1munkra, hogy feleleven\u00edts\u00fck a k\u00fcl\u00f6nleges eml\u00e9keket, megosszuk a boldog pillanatokat, \u00e9s meg\u0151rizz\u00fck az \u00f6r\u00f6ks\u00e9get a j\u00f6v\u0151 gener\u00e1ci\u00f3i sz\u00e1m\u00e1ra.<\/p>\n\n\n\n<p>Ez\u00e9rt l\u00e9tfontoss\u00e1g\u00fa megv\u00e9deni ezeket az eml\u00e9keket a v\u00e9letlen elveszt\u00e9st\u0151l.<\/p>\n\n\n\n<h2 class=\"wp-block-heading\">2. A fot\u00f3k elveszt\u00e9s\u00e9nek gyakori okai \u274c<\/h2>\n\n\n\n<p>A fot\u00f3k sz\u00e1mos okb\u00f3l elt\u0171nhetnek a telefonr\u00f3l, bele\u00e9rtve a rendszerhib\u00e1t, a v\u00e9letlen t\u00f6rl\u00e9st, a nem megfelel\u0151 form\u00e1z\u00e1st vagy ak\u00e1r a k\u00e9sz\u00fcl\u00e9k fizikai s\u00e9r\u00fcl\u00e9s\u00e9t is.<\/p>\n\n\n\n<p>Ezen okok meg\u00e9rt\u00e9se seg\u00edthet megel\u0151zni a j\u00f6v\u0151beni vesztes\u00e9geket.<\/p>\n\n\n\n<h2 class=\"wp-block-heading\">3. A megel\u0151z\u00e9s a kulcs \ud83d\udd10<\/h2>\n\n\n\n<p>A f\u00e9nyk\u00e9pek elveszt\u00e9s\u00e9nek f\u00e1jdalm\u00e1nak elker\u00fcl\u00e9s\u00e9nek legjobb m\u00f3dja a rendszeres biztons\u00e1gi ment\u00e9sek k\u00e9sz\u00edt\u00e9se.<\/p>\n\n\n\n<p>Haszn\u00e1lj felh\u0151szolg\u00e1ltat\u00e1sokat, mint p\u00e9ld\u00e1ul a Google Fot\u00f3k vagy az iCloud, hogy biztons\u00e1gosan t\u00e1rold a k\u00e9peidet, \u00e9s b\u00e1rhonnan el\u00e9rhesd \u0151ket.<\/p>\n\n\n\n<p>Ker\u00fcld a fontos f\u00e9nyk\u00e9pek t\u00f6rl\u00e9s\u00e9t is gondos ellen\u0151rz\u00e9s n\u00e9lk\u00fcl.<\/p>\n\n\n\n<h2 class=\"wp-block-heading\">4. Cselekedj gyorsan a fot\u00f3k helyre\u00e1ll\u00edt\u00e1s\u00e1hoz \ud83d\udd52<\/h2>\n\n\n\n<p>Ha azt veszed \u00e9szre, hogy elt\u0171ntek a fot\u00f3id, l\u00e9tfontoss\u00e1g\u00fa, hogy gyorsan cselekedj. Azonnal hagyd abba a k\u00e9sz\u00fcl\u00e9ked haszn\u00e1lat\u00e1t, hogy elker\u00fcld az elveszett adatok fel\u00fcl\u00edr\u00e1s\u00e1t.<\/p>\n\n\n\n<p>Min\u00e9l el\u0151bb kezdi meg a gy\u00f3gyul\u00e1si folyamatot, ann\u00e1l nagyobb az es\u00e9lye a sikerre.<\/p>\n\n\n<div class=\"wp-block-image\">\n<figure class=\"aligncenter size-full\"><img loading=\"lazy\" decoding=\"async\" width=\"550\" height=\"350\" src=\"http:\/\/universofamilia.com\/wp-content\/uploads\/sites\/148\/2024\/05\/P-550x350-21.jpg\" alt=\"\" class=\"wp-image-6035\" srcset=\"http:\/\/universofamilia.com\/wp-content\/uploads\/sites\/148\/2024\/05\/P-550x350-21.jpg 550w, http:\/\/universofamilia.com\/wp-content\/uploads\/sites\/148\/2024\/05\/P-550x350-21-300x191.jpg 300w\" sizes=\"(max-width: 550px) 100vw, 550px\" \/><figcaption class=\"wp-element-caption\">Hogyan \u00e1ll\u00edthatod vissza az elveszett f\u00e9nyk\u00e9peket a mobiltelefonodon \ud83d\udcf8<\/figcaption><\/figure><\/div>\n\n\n<h2 class=\"wp-block-heading\">5. Fot\u00f3-helyre\u00e1ll\u00edt\u00f3 szoftver \ud83d\udee0\ufe0f<\/h2>\n\n\n\n<p>Szerencs\u00e9re sz\u00e1mos hat\u00e9kony eszk\u00f6z l\u00e9tezik az elveszett f\u00e9nyk\u00e9pek mobiltelefonon t\u00f6rt\u00e9n\u0151 helyre\u00e1ll\u00edt\u00e1s\u00e1ra.<\/p>\n\n\n\n<p>Az al\u00e1bbiakban bemutatjuk a jelenleg el\u00e9rhet\u0151 h\u00e1rom legjobb alkalmaz\u00e1st, felhaszn\u00e1l\u00f3i v\u00e9lem\u00e9nyek alapj\u00e1n:<\/p>\n\n\n\n<h3 class=\"wp-block-heading\">1. DiskDigger fot\u00f3-helyre\u00e1ll\u00edt\u00e1s<\/h3>\n\n\n\n<p>V\u00e9lem\u00e9nyek:<\/p>\n\n\n\n<ul>\n<li>Android: \u2b50\u2b50\u2b50\u2b50\u2b50 (Google Play) \u2013 T\u00f6bb mint 5 milli\u00f3 let\u00f6lt\u00e9s<\/li>\n<\/ul>\n\n\n\n<p>Pozit\u00edv v\u00e9lem\u00e9nyek:<\/p>\n\n\n\n<ul>\n<li>\u201eEgyszer\u0171 \u00e9s hat\u00e9kony! Siker\u00fclt vissza\u00e1ll\u00edtanom azokat a fot\u00f3kat, amelyekr\u0151l azt hittem, hogy \u00f6r\u00f6kre elvesztek.\u201d \u2013 Android Central<\/li>\n\n\n\n<li>\u201eFelhaszn\u00e1l\u00f3bar\u00e1t fel\u00fclet \u00e9s gyors szkennel\u00e9s. Aj\u00e1nlom!\u201d \u2013 TecMundo<\/li>\n<\/ul>\n\n\n\n<p>A DiskDigger Photo Recovery let\u00f6lt\u00e9s\u00e9hez kattintson ide <a href=\"https:\/\/play.google.com\/store\/apps\/details?id=com.defianttech.diskdigger&amp;hl=en&amp;gl=US\" target=\"_blank\" rel=\"noreferrer noopener\">itt<\/a> Androidra.<\/p>\n\n\n\n<h3 class=\"wp-block-heading\">2. Recuva fot\u00f3-helyre\u00e1ll\u00edt\u00e1s<\/h3>\n\n\n\n<p>V\u00e9lem\u00e9nyek:<\/p>\n\n\n\n<ul>\n<li>iOS: \u2b50\u2b50\u2b50\u2b50\u2b50 (App Store) \u2013 T\u00f6bb mint 500 000 let\u00f6lt\u00e9s<\/li>\n<\/ul>\n\n\n\n<p>Pozit\u00edv v\u00e9lem\u00e9nyek:<\/p>\n\n\n\n<ul>\n<li>\u201eVissza\u00e1ll\u00edtottam a fot\u00f3imat a v\u00e9letlen form\u00e1z\u00e1s ut\u00e1n! Megmentette az \u00e9letemet!\u201d \u2013 XDA Developers<\/li>\n\n\n\n<li>\u201eNagyon megb\u00edzhat\u00f3 \u00e9s sz\u00e1mos helyre\u00e1ll\u00edt\u00e1si funkci\u00f3val.\u201d \u2013 Android Authority<\/li>\n<\/ul>\n\n\n\n<p>A Recuva Photo Recovery let\u00f6lt\u00e9s\u00e9hez kattintson ide <a href=\"https:\/\/drfone.wondershare.com\/recycle-bin-data\/recuva-iphone.html\" target=\"_blank\" rel=\"noreferrer noopener\">itt<\/a> iOS-re.<\/p>\n\n\n\n<h3 class=\"wp-block-heading\">3. EaseUS MobiSaver<\/h3>\n\n\n\n<p>V\u00e9lem\u00e9nyek:<\/p>\n\n\n\n<ul>\n<li>Android: \u2b50\u2b50\u2b50\u2b50 (Google Play) \u2013 T\u00f6bb mint 10 milli\u00f3 let\u00f6lt\u00e9s<\/li>\n\n\n\n<li>iOS: \u2b50\u2b50\u2b50\u2b50\u2b50 (App Store) \u2013 T\u00f6bb mint 1 milli\u00f3 let\u00f6lt\u00e9s<\/li>\n<\/ul>\n\n\n\n<p>Pozit\u00edv v\u00e9lem\u00e9nyek:<\/p>\n\n\n\n<ul>\n<li>\u201eHat\u00e9kony \u00e9s sokoldal\u00fa, f\u00e9nyk\u00e9peket, vide\u00f3kat \u00e9s m\u00e1s f\u00e1jlokat \u00e1ll\u00edt helyre.\u201d \u2013 MakeUseOf<\/li>\n\n\n\n<li>\u201eIntuit\u00edv kezel\u0151fel\u00fclet \u00e9s gondtalan helyre\u00e1ll\u00edt\u00e1si folyamat.\u201d \u2013 TechRadar<\/li>\n<\/ul>\n\n\n\n<p>Az EaseUS MobiSaver let\u00f6lt\u00e9s\u00e9hez kattintson ide <a href=\"https:\/\/play.google.com\/store\/apps\/details?id=com.easeus.mobisaver&amp;hl=en\" target=\"_blank\" rel=\"noreferrer noopener\">itt<\/a> Androidra \u00e9s <a href=\"https:\/\/apps.apple.com\/us\/app\/easeus-data-recovery-wizard\/id740355970?mt=12\" target=\"_blank\" rel=\"noreferrer noopener\">itt<\/a> iOS-re.<\/p>\n\n\n\n<h2 class=\"wp-block-heading\">Konkl\u00fazi\u00f3 \ud83c\udf89<\/h2>\n\n\n\n<p>A f\u00e9nyk\u00e9pek elveszt\u00e9se lehangol\u00f3 lehet, de a megfelel\u0151 eszk\u00f6z\u00f6kkel \u00e9s gyors cselekv\u00e9ssel visszanyerheti ezeket a dr\u00e1ga eml\u00e9keket.<\/p>\n\n\n\n<p>Ne felejts el rendszeresen biztons\u00e1gi m\u00e1solatot k\u00e9sz\u00edteni, \u00e9s cselekedj gyorsan, ha elveszett fot\u00f3kat \u00e9szlelsz. Ne hagyd, hogy a k\u00fcl\u00f6nleges pillanatok elveszjenek az id\u0151ben!<\/p>\n\n\n\n<p>T\u00f6ltsd le most a v\u00e1lasztott alkalmaz\u00e1st, \u00e9s \u00e1ll\u00edtsd vissza elveszett fot\u00f3idat.<\/p>\n\n\n\n<p>B\u00e1rmit is v\u00e1lasztasz, ne feledd: az eml\u00e9keid meg\u00e9rdemlik, hogy meg\u0151rizz\u00fck \u0151ket! \ud83d\udcf1\u2728<\/p>\n\n\n\n<p><\/p>","protected":false},"excerpt":{"rendered":"<p>Tapasztaltad m\u00e1r azt a frusztr\u00e1ci\u00f3t, hogy elvesz\u00edted azokat a k\u00fcl\u00f6nleges fot\u00f3kat, amelyek felejthetetlen pillanatokat \u00f6r\u00f6k\u00edtenek meg? Ha igen, akkor tudod, milyen les\u00fajt\u00f3 lehet elvesz\u00edteni ezeket a dr\u00e1ga eml\u00e9keket. De ne ess p\u00e1nikba! Ez a teljes \u00fatmutat\u00f3 megmutatja, hogyan \u00e1ll\u00edthatod vissza elveszett fot\u00f3idat, \u00e9s hogyan biztos\u00edthatod, hogy \u00f6r\u00f6kre biztons\u00e1gban maradjanak. Kezdj\u00fck! \ud83d\ude80 Olvasd el [\u2026]<\/p>","protected":false},"author":139,"featured_media":6035,"comment_status":"closed","ping_status":"open","sticky":false,"template":"","format":"standard","meta":{"footnotes":""},"categories":[2],"tags":[110,151,625],"yoast_head":"<!-- This site is optimized with the Yoast SEO plugin v23.3 - https:\/\/yoast.com\/wordpress\/plugins\/seo\/ -->\n<title>C\u00f3mo Recuperar Fotos Perdidas en tu Tel\u00e9fono M\u00f3vil \ud83d\udcf8 - Universo Fam\u00edlia<\/title>\n<meta name=\"description\" content=\"C\u00f3mo Recuperar Fotos Perdidas en tu Tel\u00e9fono M\u00f3vil \ud83d\udcf8. \u00bfAlguna vez has experimentado la frustraci\u00f3n de perder esas fotos....\" \/>\n<meta name=\"robots\" content=\"index, follow, max-snippet:-1, max-image-preview:large, max-video-preview:-1\" \/>\n<link rel=\"canonical\" href=\"http:\/\/universofamilia.com\/hu\/como-recuperar-fotos-perdidas-en-tu-telefono-movil\/\" \/>\n<meta property=\"og:locale\" content=\"hu_HU\" \/>\n<meta property=\"og:type\" content=\"article\" \/>\n<meta property=\"og:title\" content=\"C\u00f3mo Recuperar Fotos Perdidas en tu Tel\u00e9fono M\u00f3vil \ud83d\udcf8 - Universo Fam\u00edlia\" \/>\n<meta property=\"og:description\" content=\"C\u00f3mo Recuperar Fotos Perdidas en tu Tel\u00e9fono M\u00f3vil \ud83d\udcf8. \u00bfAlguna vez has experimentado la frustraci\u00f3n de perder esas fotos....\" \/>\n<meta property=\"og:url\" content=\"http:\/\/universofamilia.com\/hu\/como-recuperar-fotos-perdidas-en-tu-telefono-movil\/\" \/>\n<meta property=\"og:site_name\" content=\"Universo Fam\u00edlia\" \/>\n<meta property=\"article:published_time\" content=\"2024-05-28T19:30:41+00:00\" \/>\n<meta property=\"article:modified_time\" content=\"2025-01-28T13:48:55+00:00\" \/>\n<meta property=\"og:image\" content=\"http:\/\/universofamilia.com\/wp-content\/uploads\/sites\/148\/2024\/05\/P-550x350-21.jpg\" \/>\n\t<meta property=\"og:image:width\" content=\"550\" \/>\n\t<meta property=\"og:image:height\" content=\"350\" \/>\n\t<meta property=\"og:image:type\" content=\"image\/jpeg\" \/>\n<meta name=\"author\" content=\"Pedro Henrique\" \/>\n<meta name=\"twitter:card\" content=\"summary_large_image\" \/>\n<meta name=\"twitter:label1\" content=\"Written by\" \/>\n\t<meta name=\"twitter:data1\" content=\"Pedro Henrique\" \/>\n\t<meta name=\"twitter:label2\" content=\"Est. reading time\" \/>\n\t<meta name=\"twitter:data2\" content=\"4 perc\" \/>\n<script type=\"application\/ld+json\" class=\"yoast-schema-graph\">{\"@context\":\"https:\/\/schema.org\",\"@graph\":[{\"@type\":\"WebPage\",\"@id\":\"http:\/\/universofamilia.com\/pt\/como-recuperar-fotos-perdidas-en-tu-telefono-movil\/\",\"url\":\"http:\/\/universofamilia.com\/pt\/como-recuperar-fotos-perdidas-en-tu-telefono-movil\/\",\"name\":\"C\u00f3mo Recuperar Fotos Perdidas en tu Tel\u00e9fono M\u00f3vil \ud83d\udcf8 - Universo Fam\u00edlia\",\"isPartOf\":{\"@id\":\"https:\/\/universofamilia.com\/el\/#website\"},\"primaryImageOfPage\":{\"@id\":\"http:\/\/universofamilia.com\/pt\/como-recuperar-fotos-perdidas-en-tu-telefono-movil\/#primaryimage\"},\"image\":{\"@id\":\"http:\/\/universofamilia.com\/pt\/como-recuperar-fotos-perdidas-en-tu-telefono-movil\/#primaryimage\"},\"thumbnailUrl\":\"http:\/\/universofamilia.com\/wp-content\/uploads\/sites\/148\/2024\/05\/P-550x350-21.jpg\",\"datePublished\":\"2024-05-28T19:30:41+00:00\",\"dateModified\":\"2025-01-28T13:48:55+00:00\",\"author\":{\"@id\":\"https:\/\/universofamilia.com\/el\/#\/schema\/person\/f07ce98187dd84d31154262e79b3b7ca\"},\"description\":\"C\u00f3mo Recuperar Fotos Perdidas en tu Tel\u00e9fono M\u00f3vil \ud83d\udcf8. \u00bfAlguna vez has experimentado la frustraci\u00f3n de perder esas fotos....\",\"breadcrumb\":{\"@id\":\"http:\/\/universofamilia.com\/pt\/como-recuperar-fotos-perdidas-en-tu-telefono-movil\/#breadcrumb\"},\"inLanguage\":\"hu\",\"potentialAction\":[{\"@type\":\"ReadAction\",\"target\":[\"http:\/\/universofamilia.com\/pt\/como-recuperar-fotos-perdidas-en-tu-telefono-movil\/\"]}]},{\"@type\":\"ImageObject\",\"inLanguage\":\"hu\",\"@id\":\"http:\/\/universofamilia.com\/pt\/como-recuperar-fotos-perdidas-en-tu-telefono-movil\/#primaryimage\",\"url\":\"http:\/\/universofamilia.com\/wp-content\/uploads\/sites\/148\/2024\/05\/P-550x350-21.jpg\",\"contentUrl\":\"http:\/\/universofamilia.com\/wp-content\/uploads\/sites\/148\/2024\/05\/P-550x350-21.jpg\",\"width\":550,\"height\":350,\"caption\":\"C\u00f3mo Recuperar Fotos Perdidas en tu Tel\u00e9fono M\u00f3vil \ud83d\udcf8\"},{\"@type\":\"BreadcrumbList\",\"@id\":\"http:\/\/universofamilia.com\/pt\/como-recuperar-fotos-perdidas-en-tu-telefono-movil\/#breadcrumb\",\"itemListElement\":[{\"@type\":\"ListItem\",\"position\":1,\"name\":\"Home\",\"item\":\"https:\/\/universofamilia.com\/el\/\"},{\"@type\":\"ListItem\",\"position\":2,\"name\":\"C\u00f3mo Recuperar Fotos Perdidas en tu Tel\u00e9fono M\u00f3vil \ud83d\udcf8\"}]},{\"@type\":\"WebSite\",\"@id\":\"https:\/\/universofamilia.com\/el\/#website\",\"url\":\"https:\/\/universofamilia.com\/el\/\",\"name\":\"Universo Fam\u00edlia\",\"description\":\"\",\"potentialAction\":[{\"@type\":\"SearchAction\",\"target\":{\"@type\":\"EntryPoint\",\"urlTemplate\":\"https:\/\/universofamilia.com\/el\/?s={search_term_string}\"},\"query-input\":\"required name=search_term_string\"}],\"inLanguage\":\"hu\"},{\"@type\":\"Person\",\"@id\":\"https:\/\/universofamilia.com\/el\/#\/schema\/person\/f07ce98187dd84d31154262e79b3b7ca\",\"name\":\"Pedro Henrique\",\"image\":{\"@type\":\"ImageObject\",\"inLanguage\":\"hu\",\"@id\":\"https:\/\/universofamilia.com\/el\/#\/schema\/person\/image\/\",\"url\":\"http:\/\/0.gravatar.com\/avatar\/9edfeb808cb4e1599f64d6e45b130154?s=96&d=mm&r=g\",\"contentUrl\":\"http:\/\/0.gravatar.com\/avatar\/9edfeb808cb4e1599f64d6e45b130154?s=96&d=mm&r=g\",\"caption\":\"Pedro Henrique\"},\"url\":\"http:\/\/universofamilia.com\/hu\/author\/editor01\/\"}]}<\/script>\n<!-- \/ Yoast SEO plugin. -->","yoast_head_json":{"title":"C\u00f3mo Recuperar Fotos Perdidas en tu Tel\u00e9fono M\u00f3vil \ud83d\udcf8 - Universo Fam\u00edlia","description":"C\u00f3mo Recuperar Fotos Perdidas en tu Tel\u00e9fono M\u00f3vil \ud83d\udcf8. \u00bfAlguna vez has experimentado la frustraci\u00f3n de perder esas fotos....","robots":{"index":"index","follow":"follow","max-snippet":"max-snippet:-1","max-image-preview":"max-image-preview:large","max-video-preview":"max-video-preview:-1"},"canonical":"http:\/\/universofamilia.com\/hu\/como-recuperar-fotos-perdidas-en-tu-telefono-movil\/","og_locale":"hu_HU","og_type":"article","og_title":"C\u00f3mo Recuperar Fotos Perdidas en tu Tel\u00e9fono M\u00f3vil \ud83d\udcf8 - Universo Fam\u00edlia","og_description":"C\u00f3mo Recuperar Fotos Perdidas en tu Tel\u00e9fono M\u00f3vil \ud83d\udcf8. \u00bfAlguna vez has experimentado la frustraci\u00f3n de perder esas fotos....","og_url":"http:\/\/universofamilia.com\/hu\/como-recuperar-fotos-perdidas-en-tu-telefono-movil\/","og_site_name":"Universo Fam\u00edlia","article_published_time":"2024-05-28T19:30:41+00:00","article_modified_time":"2025-01-28T13:48:55+00:00","og_image":[{"width":550,"height":350,"url":"http:\/\/universofamilia.com\/wp-content\/uploads\/sites\/148\/2024\/05\/P-550x350-21.jpg","type":"image\/jpeg"}],"author":"Pedro Henrique","twitter_card":"summary_large_image","twitter_misc":{"Written by":"Pedro Henrique","Est. reading time":"4 perc"},"schema":{"@context":"https:\/\/schema.org","@graph":[{"@type":"WebPage","@id":"http:\/\/universofamilia.com\/pt\/como-recuperar-fotos-perdidas-en-tu-telefono-movil\/","url":"http:\/\/universofamilia.com\/pt\/como-recuperar-fotos-perdidas-en-tu-telefono-movil\/","name":"C\u00f3mo Recuperar Fotos Perdidas en tu Tel\u00e9fono M\u00f3vil \ud83d\udcf8 - Universo Fam\u00edlia","isPartOf":{"@id":"https:\/\/universofamilia.com\/el\/#website"},"primaryImageOfPage":{"@id":"http:\/\/universofamilia.com\/pt\/como-recuperar-fotos-perdidas-en-tu-telefono-movil\/#primaryimage"},"image":{"@id":"http:\/\/universofamilia.com\/pt\/como-recuperar-fotos-perdidas-en-tu-telefono-movil\/#primaryimage"},"thumbnailUrl":"http:\/\/universofamilia.com\/wp-content\/uploads\/sites\/148\/2024\/05\/P-550x350-21.jpg","datePublished":"2024-05-28T19:30:41+00:00","dateModified":"2025-01-28T13:48:55+00:00","author":{"@id":"https:\/\/universofamilia.com\/el\/#\/schema\/person\/f07ce98187dd84d31154262e79b3b7ca"},"description":"C\u00f3mo Recuperar Fotos Perdidas en tu Tel\u00e9fono M\u00f3vil \ud83d\udcf8. \u00bfAlguna vez has experimentado la frustraci\u00f3n de perder esas fotos....","breadcrumb":{"@id":"http:\/\/universofamilia.com\/pt\/como-recuperar-fotos-perdidas-en-tu-telefono-movil\/#breadcrumb"},"inLanguage":"hu","potentialAction":[{"@type":"ReadAction","target":["http:\/\/universofamilia.com\/pt\/como-recuperar-fotos-perdidas-en-tu-telefono-movil\/"]}]},{"@type":"ImageObject","inLanguage":"hu","@id":"http:\/\/universofamilia.com\/pt\/como-recuperar-fotos-perdidas-en-tu-telefono-movil\/#primaryimage","url":"http:\/\/universofamilia.com\/wp-content\/uploads\/sites\/148\/2024\/05\/P-550x350-21.jpg","contentUrl":"http:\/\/universofamilia.com\/wp-content\/uploads\/sites\/148\/2024\/05\/P-550x350-21.jpg","width":550,"height":350,"caption":"C\u00f3mo Recuperar Fotos Perdidas en tu Tel\u00e9fono M\u00f3vil \ud83d\udcf8"},{"@type":"BreadcrumbList","@id":"http:\/\/universofamilia.com\/pt\/como-recuperar-fotos-perdidas-en-tu-telefono-movil\/#breadcrumb","itemListElement":[{"@type":"ListItem","position":1,"name":"Home","item":"https:\/\/universofamilia.com\/el\/"},{"@type":"ListItem","position":2,"name":"C\u00f3mo Recuperar Fotos Perdidas en tu Tel\u00e9fono M\u00f3vil \ud83d\udcf8"}]},{"@type":"WebSite","@id":"https:\/\/universofamilia.com\/el\/#website","url":"https:\/\/universofamilia.com\/el\/","name":"Universo Fam\u00edlia","description":"","potentialAction":[{"@type":"SearchAction","target":{"@type":"EntryPoint","urlTemplate":"https:\/\/universofamilia.com\/el\/?s={search_term_string}"},"query-input":"required name=search_term_string"}],"inLanguage":"hu"},{"@type":"Person","@id":"https:\/\/universofamilia.com\/el\/#\/schema\/person\/f07ce98187dd84d31154262e79b3b7ca","name":"Pedro Henrique","image":{"@type":"ImageObject","inLanguage":"hu","@id":"https:\/\/universofamilia.com\/el\/#\/schema\/person\/image\/","url":"http:\/\/0.gravatar.com\/avatar\/9edfeb808cb4e1599f64d6e45b130154?s=96&d=mm&r=g","contentUrl":"http:\/\/0.gravatar.com\/avatar\/9edfeb808cb4e1599f64d6e45b130154?s=96&d=mm&r=g","caption":"Pedro Henrique"},"url":"http:\/\/universofamilia.com\/hu\/author\/editor01\/"}]}},"_links":{"self":[{"href":"http:\/\/universofamilia.com\/hu\/wp-json\/wp\/v2\/posts\/6034"}],"collection":[{"href":"http:\/\/universofamilia.com\/hu\/wp-json\/wp\/v2\/posts"}],"about":[{"href":"http:\/\/universofamilia.com\/hu\/wp-json\/wp\/v2\/types\/post"}],"author":[{"embeddable":true,"href":"http:\/\/universofamilia.com\/hu\/wp-json\/wp\/v2\/users\/139"}],"replies":[{"embeddable":true,"href":"http:\/\/universofamilia.com\/hu\/wp-json\/wp\/v2\/comments?post=6034"}],"version-history":[{"count":1,"href":"http:\/\/universofamilia.com\/hu\/wp-json\/wp\/v2\/posts\/6034\/revisions"}],"predecessor-version":[{"id":8370,"href":"http:\/\/universofamilia.com\/hu\/wp-json\/wp\/v2\/posts\/6034\/revisions\/8370"}],"wp:featuredmedia":[{"embeddable":true,"href":"http:\/\/universofamilia.com\/hu\/wp-json\/wp\/v2\/media\/6035"}],"wp:attachment":[{"href":"http:\/\/universofamilia.com\/hu\/wp-json\/wp\/v2\/media?parent=6034"}],"wp:term":[{"taxonomy":"category","embeddable":true,"href":"http:\/\/universofamilia.com\/hu\/wp-json\/wp\/v2\/categories?post=6034"},{"taxonomy":"post_tag","embeddable":true,"href":"http:\/\/universofamilia.com\/hu\/wp-json\/wp\/v2\/tags?post=6034"}],"curies":[{"name":"wp","href":"https:\/\/api.w.org\/{rel}","templated":true}]}}