{"id":6352,"date":"2024-08-14T16:27:30","date_gmt":"2024-08-14T19:27:30","guid":{"rendered":"https:\/\/universofamilia.com\/?p=6352"},"modified":"2025-10-13T15:42:07","modified_gmt":"2025-10-13T18:42:07","slug":"aplicaciones-para-recuperar-fotos-eliminadas-en-el-celular","status":"publish","type":"post","link":"http:\/\/universofamilia.com\/hu\/aplicaciones-para-recuperar-fotos-eliminadas-en-el-celular\/","title":{"rendered":"Alkalmaz\u00e1sok a t\u00f6r\u00f6lt fot\u00f3k helyre\u00e1ll\u00edt\u00e1s\u00e1hoz a mobiltelefonon"},"content":{"rendered":"<p>A nap mint nap k\u00e9sz\u00edtett f\u00e9nyk\u00e9pek a k\u00fcl\u00f6nleges pillanatok meg\u00f6r\u00f6k\u00edt\u00e9s\u00e9re szolg\u00e1lnak.<\/p>\n\n\n\n<p>Ak\u00e1r egy sz\u00fclet\u00e9snapi bulir\u00f3l, egy felejthetetlen utaz\u00e1sr\u00f3l, vagy ak\u00e1r csak egy bar\u00e1ti \u00f6sszej\u00f6vetelr\u0151l van sz\u00f3, minden fot\u00f3 egyedi eml\u00e9ket k\u00e9pvisel.<\/p>\n\n\n\n<p>Azonban mindannyian j\u00e1rtunk m\u00e1r ott, amikor v\u00e9letlen\u00fcl t\u00f6r\u00f6lt\u00fcnk egy fontos fot\u00f3t, \u00e9s hideg futkosott rajtunk, amikor r\u00e1j\u00f6tt\u00fcnk, mi t\u00f6rt\u00e9nt.<\/p>\n\n\n\n<p>Szerencs\u00e9re a technol\u00f3gia hat\u00e9kony megold\u00e1sokat k\u00edn\u00e1l ezeknek a k\u00e9peknek a helyre\u00e1ll\u00edt\u00e1s\u00e1ra.<\/p>\n\n\n\n<p>Ebben a cikkben megvizsg\u00e1ljuk az eml\u00e9keink f\u00e9nyk\u00e9peken kereszt\u00fcli meg\u0151rz\u00e9s\u00e9nek fontoss\u00e1g\u00e1t, \u00e9s bemutatunk h\u00e1rom alkalmaz\u00e1st, amelyek seg\u00edthetnek a telefonon t\u00f6r\u00f6lt f\u00e9nyk\u00e9pek vissza\u00e1ll\u00edt\u00e1s\u00e1ban.<\/p>\n\n\n\n<p>C\u00e9lunk a t\u00e1j\u00e9koztat\u00e1s \u00e9s az oktat\u00e1s, \u00e9s rem\u00e9lj\u00fck, hogy megosztod ezeket a tippeket azokkal a bar\u00e1taiddal, akiknek szint\u00e9n haszn\u00e1ra v\u00e1lhatnak.<\/p>\n\n\n\n<h2 class=\"wp-block-heading\">A fot\u00f3z\u00e1s \u00e9s a pillanatok meg\u00f6r\u00f6k\u00edt\u00e9s\u00e9nek fontoss\u00e1ga<\/h2>\n\n\n\n<p>Egy olyan korban \u00e9l\u00fcnk, amikor a f\u00e9nyk\u00e9pez\u00e9s szerves r\u00e9sze az \u00e9let\u00fcnknek.<\/p>\n\n\n\n<p>A mobiltelefonok kamer\u00e1i hat\u00e9kony eszk\u00f6z\u00f6kk\u00e9 v\u00e1ltak olyan pillanatok meg\u00f6r\u00f6k\u00edt\u00e9s\u00e9re, amelyek egy\u00e9bk\u00e9nt elfelejt\u0151dhetn\u00e9nek.<\/p>\n\n\n\n<p>A fot\u00f3k nem csup\u00e1n k\u00e9pek; \u00e9rzelmeket, t\u00f6rt\u00e9neteket \u00e9s \u00e9lm\u00e9nyeket hordoznak, amelyeket \u00e9letben szeretn\u00e9nk tartani.<\/p>\n\n\n\n<p>Egy f\u00e9nyk\u00e9p elveszt\u00e9se \u00e9rt\u00e9kes eml\u00e9k elveszt\u00e9s\u00e9t jelentheti, ez\u00e9rt elengedhetetlen, hogy megb\u00edzhat\u00f3 eszk\u00f6z\u00f6k \u00e1lljanak rendelkez\u00e9sre ezeknek a k\u00e9peknek a helyre\u00e1ll\u00edt\u00e1s\u00e1hoz.<\/p>\n\n\n\n<p><\/p>\n\n\n\n<hr class=\"wp-block-separator has-text-color has-luminous-vivid-orange-color has-alpha-channel-opacity has-luminous-vivid-orange-background-color has-background\" \/>\n\n\n\n<h2 class=\"wp-block-heading\">Olvasd el m\u00e9g:<\/h2>\n\n\n\n<div class=\"wp-block-columns is-layout-flex wp-container-core-columns-layout-1 wp-block-columns-is-layout-flex\">\n<div class=\"wp-block-column is-layout-flow wp-block-column-is-layout-flow\">\n<div class=\"wp-block-buttons is-layout-flex wp-block-buttons-is-layout-flex\">\n<div class=\"wp-block-button has-custom-width wp-block-button__width-100 has-custom-font-size has-medium-font-size\" style=\"text-decoration:none\"><a class=\"wp-block-button__link has-white-color has-vivid-cyan-blue-background-color has-text-color has-background has-link-color has-text-align-left wp-element-button\" href=\"https:\/\/universofamilia.com\/hu\/5893\/acelera-tu-celular-despierta-tu-productividad\/\" style=\"border-radius:10px\" target=\"_blank\" rel=\"noreferrer noopener\"><font style=\"vertical-align: inherit\"><font style=\"vertical-align: inherit\">\ud83d\udccc Gyors\u00edtsd fel a mobiltelefonodat<\/font><\/font> &gt;<\/a><\/div>\n\n\n\n<div class=\"wp-block-button has-custom-width wp-block-button__width-100 has-custom-font-size has-medium-font-size\" style=\"text-decoration:none\"><a class=\"wp-block-button__link has-white-color has-vivid-cyan-blue-background-color has-text-color has-background has-link-color has-text-align-left wp-element-button\" href=\"https:\/\/universofamilia.com\/hu\/5869\/descubre-quien-te-esta-observando-en-las-redes-sociales\/\" style=\"border-radius:10px\" target=\"_blank\" rel=\"noreferrer noopener\"><font style=\"vertical-align: inherit\"><font style=\"vertical-align: inherit\"><font style=\"vertical-align: inherit\"><font style=\"vertical-align: inherit\">\ud83d\udccc Kik l\u00e1togatt\u00e1k meg a profilodat?<\/font><\/font><\/font><\/font> &gt;<\/a><\/div>\n<\/div>\n<\/div>\n<\/div>\n\n\n\n<h3 class=\"wp-block-heading\"><mark class=\"has-inline-color has-luminous-vivid-orange-color\">Oszd meg ezt a cikket<\/mark><\/h3>\n\n\n\n<pre class=\"wp-block-verse\"><strong>Ha hasznosnak tal\u00e1ltad ezt a cikket, k\u00e9rlek oszd meg bar\u00e1taiddal \u00e9s csal\u00e1doddal, hogy \u0151k is hasznos inform\u00e1ci\u00f3khoz jussanak.<\/strong><\/pre>\n\n\n\n<p><\/p>\n\n\n\n<hr class=\"wp-block-separator has-text-color has-luminous-vivid-orange-color has-alpha-channel-opacity has-luminous-vivid-orange-background-color has-background\" \/>\n\n\n\n<p><\/p>\n\n\n\n<h2 class=\"wp-block-heading\">Hogyan lehet vissza\u00e1ll\u00edtani a t\u00f6r\u00f6lt f\u00e9nyk\u00e9peket a mobiltelefonj\u00e1n<\/h2>\n\n\n\n<p>Ha v\u00e9letlen\u00fcl t\u00f6r\u00f6lt\u00e9l egy fontos fot\u00f3t, ne ess p\u00e1nikba. Vannak speci\u00e1lis alkalmaz\u00e1sok, amelyek seg\u00edthetnek a k\u00e9pek vissza\u00e1ll\u00edt\u00e1s\u00e1ban.<\/p>\n\n\n\n<p>Az al\u00e1bbiakban felsorolunk h\u00e1rom, a piacon el\u00e9rhet\u0151 legjobb alkalmaz\u00e1st, amelyek k\u00f6nnyen haszn\u00e1lhat\u00f3k \u00e9s j\u00f3 felhaszn\u00e1l\u00f3i \u00e9rt\u00e9kel\u00e9sekkel rendelkeznek.<\/p>\n\n\n\n<h2 class=\"wp-block-heading\">1. <strong>DiskDigger fot\u00f3-helyre\u00e1ll\u00edt\u00e1s<\/strong><\/h2>\n\n\n\n<p><strong>DiskDigger fot\u00f3-helyre\u00e1ll\u00edt\u00e1s<\/strong> az egyik legn\u00e9pszer\u0171bb alkalmaz\u00e1s a t\u00f6r\u00f6lt fot\u00f3k helyre\u00e1ll\u00edt\u00e1s\u00e1ra.<\/p>\n\n\n\n<p>Vizsg\u00e1ld meg a k\u00e9sz\u00fcl\u00e9keden a t\u00f6r\u00f6lt k\u00e9peket, \u00e9s \u00e1ll\u00edtsd vissza \u0151ket n\u00e9h\u00e1ny kattint\u00e1ssal.<\/p>\n\n\n\n<p>Az alkalmaz\u00e1s egyszer\u0171s\u00e9ge \u00e9s hat\u00e9konys\u00e1ga a fot\u00f3-helyre\u00e1ll\u00edt\u00e1sban kiv\u00e1l\u00f3 v\u00e1laszt\u00e1ss\u00e1 teszi azok sz\u00e1m\u00e1ra, akik gyors \u00e9s hat\u00e9kony megold\u00e1st keresnek.<\/p>\n\n\n\n<ul class=\"wp-block-list\">\n<li><strong>Google Play \u00c9rt\u00e9kel\u00e9s:<\/strong> 4,2\/5 (t\u00f6bb mint 100 000 \u00e9rt\u00e9kel\u00e9s)<\/li>\n\n\n\n<li><strong>Let\u00f6lt\u00e9si link:<\/strong>\n<ul class=\"wp-block-list\">\n<li><a href=\"https:\/\/play.google.com\/store\/apps\/details?id=com.defianttech.diskdigger&amp;hl=pt_BR\" target=\"_blank\" rel=\"noreferrer noopener\">Google Play<\/a><\/li>\n<\/ul>\n<\/li>\n<\/ul>\n\n\n\n<h2 class=\"wp-block-heading\">2. <strong>PhotoRec<\/strong><\/h2>\n\n\n\n<p><strong>PhotoRec<\/strong> Ez egy m\u00e1sik rendk\u00edv\u00fcl hat\u00e9kony alkalmaz\u00e1s a t\u00f6r\u00f6lt f\u00e9nyk\u00e9pek helyre\u00e1ll\u00edt\u00e1s\u00e1ra. Nemcsak a k\u00e9peket, hanem m\u00e1s t\u00edpus\u00fa f\u00e1jlokat is helyre\u00e1ll\u00edtja, amelyeket v\u00e9letlen\u00fcl t\u00f6r\u00f6lhettek.<\/p>\n\n\n\n<p>Ez az alkalmaz\u00e1s a hat\u00e9kony algoritmus\u00e1r\u00f3l ismert, amely form\u00e1z\u00e1s ut\u00e1n is \u00e1tvizsg\u00e1lja a telefon mem\u00f3ri\u00e1j\u00e1t a t\u00f6r\u00f6lt f\u00e9nyk\u00e9pek ut\u00e1n.<\/p>\n\n\n\n<ul class=\"wp-block-list\">\n<li><strong>Google Play \u00c9rt\u00e9kel\u00e9s:<\/strong> 4,3\/5 (t\u00f6bb mint 150 ezer \u00e9rt\u00e9kel\u00e9s)<\/li>\n\n\n\n<li><strong>Apple Store \u00e9rt\u00e9kel\u00e9s:<\/strong> 4,1\/5 (t\u00f6bb mint 60 ezer \u00e9rt\u00e9kel\u00e9s)<\/li>\n\n\n\n<li><strong>Let\u00f6lt\u00e9si link:<\/strong><\/li>\n\n\n\n<li><a href=\"https:\/\/apps.apple.com\/br\/app\/photo-recovery-phone-i-cloud\/id1482562954\">Apple \u00c1ruh\u00e1z<\/a><\/li>\n<\/ul>\n\n\n\n<h3 class=\"wp-block-heading\">3. <strong>Kont\u00e9ner<\/strong><\/h3>\n\n\n\n<p><strong>Kont\u00e9ner<\/strong> \u00dagy m\u0171k\u00f6dik, mint egy telefonod lomt\u00e1rja, lehet\u0151v\u00e9 t\u00e9ve a t\u00f6r\u00f6lt f\u00e9nyk\u00e9pek \u00e9s f\u00e1jlok vissza\u00e1ll\u00edt\u00e1s\u00e1t.<\/p>\n\n\n\n<p>Az alkalmaz\u00e1s egyik el\u0151nye, hogy a felh\u0151ben t\u00e1rolja a f\u00e9nyk\u00e9peid m\u00e1solat\u00e1t, \u00edgy extra v\u00e9delmet ny\u00fajt a v\u00e9letlen elveszt\u00e9s ellen.<\/p>\n\n\n\n<p>Ezenk\u00edv\u00fcl t\u00e1mogatja a k\u00fcl\u00f6nf\u00e9le f\u00e1jlform\u00e1tumok helyre\u00e1ll\u00edt\u00e1s\u00e1t, \u00edgy sokoldal\u00fa eszk\u00f6zz\u00e9 v\u00e1lik.<\/p>\n\n\n\n<ul class=\"wp-block-list\">\n<li><strong>Google Play \u00c9rt\u00e9kel\u00e9s:<\/strong> 4,6\/5 (t\u00f6bb mint 300 ezer \u00e9rt\u00e9kel\u00e9s)<\/li>\n\n\n\n<li><strong>Apple Store \u00e9rt\u00e9kel\u00e9s:<\/strong> 4,4\/5 (t\u00f6bb mint 100 000 \u00e9rt\u00e9kel\u00e9s)<\/li>\n\n\n\n<li><strong>Let\u00f6lt\u00e9si link:<\/strong>\n<ul class=\"wp-block-list\">\n<li><a href=\"https:\/\/play.google.com\/store\/apps\/details?id=com.baloota.dumpster&amp;hl=pt_BR\" target=\"_blank\" rel=\"noreferrer noopener\">Google Play<\/a><\/li>\n<\/ul>\n<\/li>\n<\/ul>\n\n\n\n<h2 class=\"wp-block-heading\">Fontos tippek a gy\u00f3gyul\u00e1si es\u00e9lyek n\u00f6vel\u00e9s\u00e9re<\/h2>\n\n\n\n<p>A fent eml\u00edtett alkalmaz\u00e1sok haszn\u00e1lata mellett n\u00e9h\u00e1ny gyakorlat is n\u00f6velheti a f\u00e9nyk\u00e9pek helyre\u00e1ll\u00edt\u00e1s\u00e1nak es\u00e9lyeit:<\/p>\n\n\n\n<ol class=\"wp-block-list\">\n<li><strong>Ker\u00fcld a mobiltelefonod haszn\u00e1lat\u00e1t<\/strong>Min\u00e9l t\u00f6bbet haszn\u00e1lod a telefonodat egy fot\u00f3 t\u00f6rl\u00e9se ut\u00e1n, ann\u00e1l kisebb az es\u00e9lye a helyre\u00e1ll\u00edt\u00e1snak. Ez az\u00e9rt van, mert az \u00faj adatok fel\u00fcl\u00edrhatj\u00e1k a t\u00f6r\u00f6lt fot\u00f3k t\u00e1rol\u00e1si hely\u00e9t.<\/li>\n\n\n\n<li><strong>Rendszeresen k\u00e9sz\u00edtsen biztons\u00e1gi ment\u00e9seket<\/strong>A f\u00e9nyk\u00e9pek rendszeres biztons\u00e1gi ment\u00e9se, ak\u00e1r a felh\u0151ben, ak\u00e1r egy m\u00e1sik eszk\u00f6z\u00f6n, megel\u0151zheti a j\u00f6v\u0151beni probl\u00e9m\u00e1kat. Az olyan alkalmaz\u00e1sok, mint a Google Fot\u00f3k \u00e9s az iCloud, automatikus biztons\u00e1gi ment\u00e9si szolg\u00e1ltat\u00e1sokat k\u00edn\u00e1lnak.<\/li>\n\n\n\n<li><strong>Haszn\u00e1lja a helyre\u00e1ll\u00edt\u00f3 szoftvert a lehet\u0151 leghamarabb<\/strong>Min\u00e9l el\u0151bb megpr\u00f3b\u00e1lod vissza\u00e1ll\u00edtani a t\u00f6r\u00f6lt f\u00e9nyk\u00e9peket, ann\u00e1l nagyobb az es\u00e9lye a sikernek.<\/li>\n<\/ol>\n\n\n<div class=\"wp-block-image\">\n<figure class=\"aligncenter size-full\"><img loading=\"lazy\" decoding=\"async\" width=\"550\" height=\"350\" src=\"http:\/\/universofamilia.com\/wp-content\/uploads\/sites\/148\/2024\/08\/P-550x350-9.jpg\" alt=\"\" class=\"wp-image-6353\" srcset=\"http:\/\/universofamilia.com\/wp-content\/uploads\/sites\/148\/2024\/08\/P-550x350-9.jpg 550w, http:\/\/universofamilia.com\/wp-content\/uploads\/sites\/148\/2024\/08\/P-550x350-9-300x191.jpg 300w\" sizes=\"(max-width: 550px) 100vw, 550px\" \/><figcaption class=\"wp-element-caption\">Alkalmaz\u00e1sok a t\u00f6r\u00f6lt fot\u00f3k helyre\u00e1ll\u00edt\u00e1s\u00e1hoz a mobiltelefonon<\/figcaption><\/figure><\/div>\n\n\n<h2 class=\"wp-block-heading\">K\u00f6vetkeztet\u00e9s<\/h2>\n\n\n\n<p>Egy fontos f\u00e9nyk\u00e9p elveszt\u00e9se frusztr\u00e1l\u00f3 \u00e9lm\u00e9ny lehet, de a megfelel\u0151 alkalmaz\u00e1sokkal helyre\u00e1ll\u00edthatjuk \u00e9rt\u00e9kes eml\u00e9keinket.<\/p>\n\n\n\n<p><strong>DiskDigger fot\u00f3-helyre\u00e1ll\u00edt\u00e1s<\/strong>, <strong>PhotoRec<\/strong> \u00e9s <strong>Kont\u00e9ner<\/strong> kiv\u00e1l\u00f3 lehet\u0151s\u00e9gek azok sz\u00e1m\u00e1ra, akiknek vissza kell \u00e1ll\u00edtaniuk a t\u00f6r\u00f6lt f\u00e9nyk\u00e9peket, mindegyik olyan speci\u00e1lis funkci\u00f3kat k\u00edn\u00e1l, amelyek k\u00fcl\u00f6nb\u00f6z\u0151 helyzetekben hasznosak lehetnek.<\/p>\n\n\n\n<p>Mindig ne felejts el biztons\u00e1gi m\u00e1solatot k\u00e9sz\u00edteni a f\u00e9nyk\u00e9peidr\u0151l, \u00e9s cselekedj gyorsan, ha vissza kell \u00e1ll\u00edtanod \u0151ket.<\/p>\n\n\n\n<p>Ha hasznosnak tal\u00e1ltad ezt a cikket, ne felejtsd el megosztani bar\u00e1taiddal \u00e9s csal\u00e1doddal, akiknek szint\u00e9n hasznosak lehetnek ezek a tippek!<\/p>\n\n\n\n<h3 class=\"wp-block-heading\">Fontos inform\u00e1ci\u00f3k<\/h3>\n\n\n\n<ul class=\"wp-block-list\">\n<li><strong>A sz\u00f6veg c\u00e9lja:<\/strong> T\u00e1j\u00e9koztasd \u00e9s oktasd az olvas\u00f3kat arr\u00f3l, hogyan \u00e1ll\u00edthatj\u00e1k vissza a t\u00f6r\u00f6lt f\u00e9nyk\u00e9peket a mobiltelefonjukon, \u00e9s \u00f6szt\u00f6n\u00f6zd \u0151ket a bejegyz\u00e9s megoszt\u00e1s\u00e1ra.<\/li>\n\n\n\n<li><strong>C\u00e9lk\u00f6z\u00f6ns\u00e9g:<\/strong> 35 \u00e9s 65 \u00e9v k\u00f6z\u00f6tti f\u00e9rfiak \u00e9s n\u0151k, akiknek alkalmaz\u00e1sokra van sz\u00fcks\u00e9g\u00fck a mobiltelefonjukon t\u00f6r\u00f6lt f\u00e9nyk\u00e9pek vissza\u00e1ll\u00edt\u00e1s\u00e1hoz.<\/li>\n<\/ul>\n\n\n\n<p>Ezekkel a tippekkel \u00e9s eszk\u00f6z\u00f6kkel felk\u00e9sz\u00fclhetsz a v\u00e9letlen fot\u00f3veszt\u00e9s kezel\u00e9s\u00e9re, biztos\u00edtva, hogy eml\u00e9keid biztons\u00e1gban \u00e9s k\u00f6nnyen hozz\u00e1f\u00e9rhet\u0151ek maradjanak.<\/p>","protected":false},"excerpt":{"rendered":"<p>A nap mint nap k\u00e9sz\u00edtett fot\u00f3k seg\u00edts\u00e9g\u00e9vel \u00f6r\u00f6k\u00edthetj\u00fck meg a k\u00fcl\u00f6nleges pillanatokat. Legyen sz\u00f3 sz\u00fclet\u00e9snapi bulir\u00f3l, egy felejthetetlen utaz\u00e1sr\u00f3l, vagy ak\u00e1r csak egy bar\u00e1ti \u00f6sszej\u00f6vetelr\u0151l, minden fot\u00f3 egyedi eml\u00e9ket k\u00e9pvisel. Mindannyian \u00e1t\u00e9lt\u00fck m\u00e1r azt az \u00e9lm\u00e9nyt, hogy v\u00e9letlen\u00fcl t\u00f6r\u00f6lt\u00fcnk egy fontos fot\u00f3t, \u00e9s \u00fagy \u00e9rezt\u00fck, hogy [\u2026]<\/p>","protected":false},"author":139,"featured_media":6353,"comment_status":"closed","ping_status":"open","sticky":false,"template":"","format":"standard","meta":{"footnotes":""},"categories":[2],"tags":[31,150,348],"yoast_head":"<!-- This site is optimized with the Yoast SEO plugin v23.3 - https:\/\/yoast.com\/wordpress\/plugins\/seo\/ -->\n<title>Aplicaciones para Recuperar Fotos Eliminadas en el Celular - Universo Fam\u00edlia<\/title>\n<meta name=\"description\" content=\"Aplicaciones para Recuperar Fotos Eliminadas en el Celular. Las fotos que tomamos en el d\u00eda a d\u00eda son una manera de eternizar momentos especiales.\" \/>\n<meta name=\"robots\" content=\"index, follow, max-snippet:-1, max-image-preview:large, max-video-preview:-1\" \/>\n<link rel=\"canonical\" href=\"http:\/\/universofamilia.com\/hu\/aplicaciones-para-recuperar-fotos-eliminadas-en-el-celular\/\" \/>\n<meta property=\"og:locale\" content=\"hu_HU\" \/>\n<meta property=\"og:type\" content=\"article\" \/>\n<meta property=\"og:title\" content=\"Aplicaciones para Recuperar Fotos Eliminadas en el Celular - Universo Fam\u00edlia\" \/>\n<meta property=\"og:description\" content=\"Aplicaciones para Recuperar Fotos Eliminadas en el Celular. Las fotos que tomamos en el d\u00eda a d\u00eda son una manera de eternizar momentos especiales.\" \/>\n<meta property=\"og:url\" content=\"http:\/\/universofamilia.com\/hu\/aplicaciones-para-recuperar-fotos-eliminadas-en-el-celular\/\" \/>\n<meta property=\"og:site_name\" content=\"Universo Fam\u00edlia\" \/>\n<meta property=\"article:published_time\" content=\"2024-08-14T19:27:30+00:00\" \/>\n<meta property=\"article:modified_time\" content=\"2025-10-13T18:42:07+00:00\" \/>\n<meta property=\"og:image\" content=\"http:\/\/universofamilia.com\/wp-content\/uploads\/sites\/148\/2024\/08\/P-550x350-9.jpg\" \/>\n\t<meta property=\"og:image:width\" content=\"550\" \/>\n\t<meta property=\"og:image:height\" content=\"350\" \/>\n\t<meta property=\"og:image:type\" content=\"image\/jpeg\" \/>\n<meta name=\"author\" content=\"Pedro Henrique\" \/>\n<meta name=\"twitter:card\" content=\"summary_large_image\" \/>\n<meta name=\"twitter:label1\" content=\"Written by\" \/>\n\t<meta name=\"twitter:data1\" content=\"Pedro Henrique\" \/>\n\t<meta name=\"twitter:label2\" content=\"Est. reading time\" \/>\n\t<meta name=\"twitter:data2\" content=\"5 perc\" \/>\n<script type=\"application\/ld+json\" class=\"yoast-schema-graph\">{\"@context\":\"https:\/\/schema.org\",\"@graph\":[{\"@type\":\"WebPage\",\"@id\":\"http:\/\/universofamilia.com\/zh_hk\/aplicaciones-para-recuperar-fotos-eliminadas-en-el-celular\/\",\"url\":\"http:\/\/universofamilia.com\/zh_hk\/aplicaciones-para-recuperar-fotos-eliminadas-en-el-celular\/\",\"name\":\"Aplicaciones para Recuperar Fotos Eliminadas en el Celular - Universo Fam\u00edlia\",\"isPartOf\":{\"@id\":\"https:\/\/universofamilia.com\/el\/#website\"},\"primaryImageOfPage\":{\"@id\":\"http:\/\/universofamilia.com\/zh_hk\/aplicaciones-para-recuperar-fotos-eliminadas-en-el-celular\/#primaryimage\"},\"image\":{\"@id\":\"http:\/\/universofamilia.com\/zh_hk\/aplicaciones-para-recuperar-fotos-eliminadas-en-el-celular\/#primaryimage\"},\"thumbnailUrl\":\"http:\/\/universofamilia.com\/wp-content\/uploads\/sites\/148\/2024\/08\/P-550x350-9.jpg\",\"datePublished\":\"2024-08-14T19:27:30+00:00\",\"dateModified\":\"2025-10-13T18:42:07+00:00\",\"author\":{\"@id\":\"https:\/\/universofamilia.com\/el\/#\/schema\/person\/f07ce98187dd84d31154262e79b3b7ca\"},\"description\":\"Aplicaciones para Recuperar Fotos Eliminadas en el Celular. Las fotos que tomamos en el d\u00eda a d\u00eda son una manera de eternizar momentos especiales.\",\"breadcrumb\":{\"@id\":\"http:\/\/universofamilia.com\/zh_hk\/aplicaciones-para-recuperar-fotos-eliminadas-en-el-celular\/#breadcrumb\"},\"inLanguage\":\"hu\",\"potentialAction\":[{\"@type\":\"ReadAction\",\"target\":[\"http:\/\/universofamilia.com\/zh_hk\/aplicaciones-para-recuperar-fotos-eliminadas-en-el-celular\/\"]}]},{\"@type\":\"ImageObject\",\"inLanguage\":\"hu\",\"@id\":\"http:\/\/universofamilia.com\/zh_hk\/aplicaciones-para-recuperar-fotos-eliminadas-en-el-celular\/#primaryimage\",\"url\":\"http:\/\/universofamilia.com\/wp-content\/uploads\/sites\/148\/2024\/08\/P-550x350-9.jpg\",\"contentUrl\":\"http:\/\/universofamilia.com\/wp-content\/uploads\/sites\/148\/2024\/08\/P-550x350-9.jpg\",\"width\":550,\"height\":350,\"caption\":\"Aplicaciones para Recuperar Fotos Eliminadas en el Celular\"},{\"@type\":\"BreadcrumbList\",\"@id\":\"http:\/\/universofamilia.com\/zh_hk\/aplicaciones-para-recuperar-fotos-eliminadas-en-el-celular\/#breadcrumb\",\"itemListElement\":[{\"@type\":\"ListItem\",\"position\":1,\"name\":\"Home\",\"item\":\"https:\/\/universofamilia.com\/el\/\"},{\"@type\":\"ListItem\",\"position\":2,\"name\":\"Aplicaciones para Recuperar Fotos Eliminadas en el Celular\"}]},{\"@type\":\"WebSite\",\"@id\":\"https:\/\/universofamilia.com\/el\/#website\",\"url\":\"https:\/\/universofamilia.com\/el\/\",\"name\":\"Universo Fam\u00edlia\",\"description\":\"\",\"potentialAction\":[{\"@type\":\"SearchAction\",\"target\":{\"@type\":\"EntryPoint\",\"urlTemplate\":\"https:\/\/universofamilia.com\/el\/?s={search_term_string}\"},\"query-input\":\"required name=search_term_string\"}],\"inLanguage\":\"hu\"},{\"@type\":\"Person\",\"@id\":\"https:\/\/universofamilia.com\/el\/#\/schema\/person\/f07ce98187dd84d31154262e79b3b7ca\",\"name\":\"Pedro Henrique\",\"image\":{\"@type\":\"ImageObject\",\"inLanguage\":\"hu\",\"@id\":\"https:\/\/universofamilia.com\/el\/#\/schema\/person\/image\/\",\"url\":\"http:\/\/0.gravatar.com\/avatar\/9edfeb808cb4e1599f64d6e45b130154?s=96&d=mm&r=g\",\"contentUrl\":\"http:\/\/0.gravatar.com\/avatar\/9edfeb808cb4e1599f64d6e45b130154?s=96&d=mm&r=g\",\"caption\":\"Pedro Henrique\"},\"url\":\"http:\/\/universofamilia.com\/hu\/author\/editor01\/\"}]}<\/script>\n<!-- \/ Yoast SEO plugin. -->","yoast_head_json":{"title":"Aplicaciones para Recuperar Fotos Eliminadas en el Celular - Universo Fam\u00edlia","description":"Aplicaciones para Recuperar Fotos Eliminadas en el Celular. Las fotos que tomamos en el d\u00eda a d\u00eda son una manera de eternizar momentos especiales.","robots":{"index":"index","follow":"follow","max-snippet":"max-snippet:-1","max-image-preview":"max-image-preview:large","max-video-preview":"max-video-preview:-1"},"canonical":"http:\/\/universofamilia.com\/hu\/aplicaciones-para-recuperar-fotos-eliminadas-en-el-celular\/","og_locale":"hu_HU","og_type":"article","og_title":"Aplicaciones para Recuperar Fotos Eliminadas en el Celular - Universo Fam\u00edlia","og_description":"Aplicaciones para Recuperar Fotos Eliminadas en el Celular. Las fotos que tomamos en el d\u00eda a d\u00eda son una manera de eternizar momentos especiales.","og_url":"http:\/\/universofamilia.com\/hu\/aplicaciones-para-recuperar-fotos-eliminadas-en-el-celular\/","og_site_name":"Universo Fam\u00edlia","article_published_time":"2024-08-14T19:27:30+00:00","article_modified_time":"2025-10-13T18:42:07+00:00","og_image":[{"width":550,"height":350,"url":"http:\/\/universofamilia.com\/wp-content\/uploads\/sites\/148\/2024\/08\/P-550x350-9.jpg","type":"image\/jpeg"}],"author":"Pedro Henrique","twitter_card":"summary_large_image","twitter_misc":{"Written by":"Pedro Henrique","Est. reading time":"5 perc"},"schema":{"@context":"https:\/\/schema.org","@graph":[{"@type":"WebPage","@id":"http:\/\/universofamilia.com\/zh_hk\/aplicaciones-para-recuperar-fotos-eliminadas-en-el-celular\/","url":"http:\/\/universofamilia.com\/zh_hk\/aplicaciones-para-recuperar-fotos-eliminadas-en-el-celular\/","name":"Aplicaciones para Recuperar Fotos Eliminadas en el Celular - Universo Fam\u00edlia","isPartOf":{"@id":"https:\/\/universofamilia.com\/el\/#website"},"primaryImageOfPage":{"@id":"http:\/\/universofamilia.com\/zh_hk\/aplicaciones-para-recuperar-fotos-eliminadas-en-el-celular\/#primaryimage"},"image":{"@id":"http:\/\/universofamilia.com\/zh_hk\/aplicaciones-para-recuperar-fotos-eliminadas-en-el-celular\/#primaryimage"},"thumbnailUrl":"http:\/\/universofamilia.com\/wp-content\/uploads\/sites\/148\/2024\/08\/P-550x350-9.jpg","datePublished":"2024-08-14T19:27:30+00:00","dateModified":"2025-10-13T18:42:07+00:00","author":{"@id":"https:\/\/universofamilia.com\/el\/#\/schema\/person\/f07ce98187dd84d31154262e79b3b7ca"},"description":"Aplicaciones para Recuperar Fotos Eliminadas en el Celular. Las fotos que tomamos en el d\u00eda a d\u00eda son una manera de eternizar momentos especiales.","breadcrumb":{"@id":"http:\/\/universofamilia.com\/zh_hk\/aplicaciones-para-recuperar-fotos-eliminadas-en-el-celular\/#breadcrumb"},"inLanguage":"hu","potentialAction":[{"@type":"ReadAction","target":["http:\/\/universofamilia.com\/zh_hk\/aplicaciones-para-recuperar-fotos-eliminadas-en-el-celular\/"]}]},{"@type":"ImageObject","inLanguage":"hu","@id":"http:\/\/universofamilia.com\/zh_hk\/aplicaciones-para-recuperar-fotos-eliminadas-en-el-celular\/#primaryimage","url":"http:\/\/universofamilia.com\/wp-content\/uploads\/sites\/148\/2024\/08\/P-550x350-9.jpg","contentUrl":"http:\/\/universofamilia.com\/wp-content\/uploads\/sites\/148\/2024\/08\/P-550x350-9.jpg","width":550,"height":350,"caption":"Aplicaciones para Recuperar Fotos Eliminadas en el Celular"},{"@type":"BreadcrumbList","@id":"http:\/\/universofamilia.com\/zh_hk\/aplicaciones-para-recuperar-fotos-eliminadas-en-el-celular\/#breadcrumb","itemListElement":[{"@type":"ListItem","position":1,"name":"Home","item":"https:\/\/universofamilia.com\/el\/"},{"@type":"ListItem","position":2,"name":"Aplicaciones para Recuperar Fotos Eliminadas en el Celular"}]},{"@type":"WebSite","@id":"https:\/\/universofamilia.com\/el\/#website","url":"https:\/\/universofamilia.com\/el\/","name":"Universo Fam\u00edlia","description":"","potentialAction":[{"@type":"SearchAction","target":{"@type":"EntryPoint","urlTemplate":"https:\/\/universofamilia.com\/el\/?s={search_term_string}"},"query-input":"required name=search_term_string"}],"inLanguage":"hu"},{"@type":"Person","@id":"https:\/\/universofamilia.com\/el\/#\/schema\/person\/f07ce98187dd84d31154262e79b3b7ca","name":"Pedro Henrique","image":{"@type":"ImageObject","inLanguage":"hu","@id":"https:\/\/universofamilia.com\/el\/#\/schema\/person\/image\/","url":"http:\/\/0.gravatar.com\/avatar\/9edfeb808cb4e1599f64d6e45b130154?s=96&d=mm&r=g","contentUrl":"http:\/\/0.gravatar.com\/avatar\/9edfeb808cb4e1599f64d6e45b130154?s=96&d=mm&r=g","caption":"Pedro Henrique"},"url":"http:\/\/universofamilia.com\/hu\/author\/editor01\/"}]}},"_links":{"self":[{"href":"http:\/\/universofamilia.com\/hu\/wp-json\/wp\/v2\/posts\/6352"}],"collection":[{"href":"http:\/\/universofamilia.com\/hu\/wp-json\/wp\/v2\/posts"}],"about":[{"href":"http:\/\/universofamilia.com\/hu\/wp-json\/wp\/v2\/types\/post"}],"author":[{"embeddable":true,"href":"http:\/\/universofamilia.com\/hu\/wp-json\/wp\/v2\/users\/139"}],"replies":[{"embeddable":true,"href":"http:\/\/universofamilia.com\/hu\/wp-json\/wp\/v2\/comments?post=6352"}],"version-history":[{"count":3,"href":"http:\/\/universofamilia.com\/hu\/wp-json\/wp\/v2\/posts\/6352\/revisions"}],"predecessor-version":[{"id":10095,"href":"http:\/\/universofamilia.com\/hu\/wp-json\/wp\/v2\/posts\/6352\/revisions\/10095"}],"wp:featuredmedia":[{"embeddable":true,"href":"http:\/\/universofamilia.com\/hu\/wp-json\/wp\/v2\/media\/6353"}],"wp:attachment":[{"href":"http:\/\/universofamilia.com\/hu\/wp-json\/wp\/v2\/media?parent=6352"}],"wp:term":[{"taxonomy":"category","embeddable":true,"href":"http:\/\/universofamilia.com\/hu\/wp-json\/wp\/v2\/categories?post=6352"},{"taxonomy":"post_tag","embeddable":true,"href":"http:\/\/universofamilia.com\/hu\/wp-json\/wp\/v2\/tags?post=6352"}],"curies":[{"name":"wp","href":"https:\/\/api.w.org\/{rel}","templated":true}]}}