{"id":7195,"date":"2024-10-23T15:05:37","date_gmt":"2024-10-23T18:05:37","guid":{"rendered":"https:\/\/universofamilia.com\/?p=7195"},"modified":"2024-10-23T15:05:37","modified_gmt":"2024-10-23T18:05:37","slug":"descubra-quem-visitou-seu-perfil-agora","status":"publish","type":"post","link":"http:\/\/universofamilia.com\/hu\/descubra-quem-visitou-seu-perfil-agora\/","title":{"rendered":"Tudja meg, kik l\u00e1togatt\u00e1k meg a profilj\u00e1t most"},"content":{"rendered":"<p>Szeretn\u00e9d tudni, hogy kik l\u00e1togatt\u00e1k meg a profilodat? A K\u00f6z\u00f6ss\u00e9gi M\u00e9diak\u00f6vet\u0151vel egyszer\u0171!<\/p>\n\n\n\n<h3 class=\"wp-block-heading\">Mi\u00e9rt fontos tudni, hogy kik n\u00e9zt\u00e9k meg a profilodat?<\/h3>\n\n\n\n<p>Az, hogy kik n\u00e9zik meg a k\u00f6z\u00f6ss\u00e9gi m\u00e9dia profilodat, nem csak k\u00edv\u00e1ncsis\u00e1g k\u00e9rd\u00e9se.<\/p>\n\n\n\n<p>Sok ember sz\u00e1m\u00e1ra ez a biztons\u00e1g \u00e9s az ellen\u0151rz\u00e9s k\u00e9rd\u00e9se, hogy ki f\u00e9rhet hozz\u00e1 a szem\u00e9lyes adataikhoz.<\/p>\n\n\n\n<p>Gondolkozz el egy pillanatra: Ha egy ismeretlen szem\u00e9ly gyakran l\u00e1togatja a profilodat, tal\u00e1n itt az ideje m\u00f3dos\u00edtanod az adatv\u00e9delmi be\u00e1ll\u00edt\u00e1saidat, igaz?<\/p>\n\n\n\n<p>Ezenk\u00edv\u00fcl \u00e9rdekes m\u00f3dja lehet annak, hogy nyomon k\u00f6vesd, kik tekintik meg a bejegyz\u00e9seidet, hogy meg\u00e9rtsd a k\u00f6vet\u0151id viselked\u00e9s\u00e9t.<\/p>\n\n\n\n<p>K\u00e9pzeld el, hogy tudod, milyen t\u00edpus\u00fa bejegyz\u00e9sek kapj\u00e1k a legt\u00f6bb figyelmet, vagy melyik bar\u00e1taid vannak a legink\u00e1bb elfoglalva a tartalmaiddal.<\/p>\n\n\n\n<p>Az influenszerek \u00e9s a k\u00f6z\u00f6ss\u00e9gi m\u00e9dia szakemberek sz\u00e1m\u00e1ra ez \u00e9rt\u00e9kes a kommunik\u00e1ci\u00f3s strat\u00e9gi\u00e1ik finomhangol\u00e1s\u00e1hoz.<\/p>\n\n\n\n<p><\/p>\n\n\n\n<hr class=\"wp-block-separator has-text-color has-luminous-vivid-orange-color has-alpha-channel-opacity has-luminous-vivid-orange-background-color has-background is-style-wide\"\/>\n\n\n\n<h3 class=\"wp-block-heading\">Olvasd el m\u00e9g:<\/h3>\n\n\n\n<ul class=\"wp-block-list has-small-font-size\">\n<li style=\"padding-top:0;padding-right:var(--wp--preset--spacing--40);padding-bottom:0;padding-left:var(--wp--preset--spacing--40);font-style:normal;font-weight:400\" class=\"has-medium-font-size\"><a href=\"https:\/\/universofamilia.com\/hu\/6855\/grabar-llamadas-recibidas\/\"><mark style=\"background-color:rgba(0, 0, 0, 0);color:#f94c45\" class=\"has-inline-color\">Bej\u00f6v\u0151 h\u00edv\u00e1sok r\u00f6gz\u00edt\u00e9se &gt;<\/mark><\/a><\/li>\n\n\n\n<li style=\"padding-top:0;padding-right:var(--wp--preset--spacing--40);padding-bottom:0;padding-left:var(--wp--preset--spacing--40);font-style:normal;font-weight:400\" class=\"has-medium-font-size\"><a href=\"https:\/\/universofamilia.com\/hu\/6898\/leer-la-biblia-catolica-en-tu-celular\/\"><mark style=\"background-color:rgba(0, 0, 0, 0);color:#f94c45\" class=\"has-inline-color\"><font style=\"vertical-align: inherit;\"><font style=\"vertical-align: inherit;\">Olvasd a katolikus Bibli\u00e1t a mobiltelefonodon<\/font><\/font> &gt;<\/mark><\/a><\/li>\n\n\n\n<li style=\"padding-top:0;padding-right:var(--wp--preset--spacing--40);padding-bottom:0;padding-left:var(--wp--preset--spacing--40);font-style:normal;font-weight:400\" class=\"has-medium-font-size\"><a href=\"https:\/\/universofamilia.com\/hu\/6832\/aplicacion-para-bailar-zumba\/\"><mark style=\"background-color:rgba(0, 0, 0, 0);color:#f94c45\" class=\"has-inline-color\">Zumba t\u00e1ncalkalmaz\u00e1s &gt;<\/mark><\/a><\/li>\n\n\n\n<li style=\"padding-top:0;padding-right:var(--wp--preset--spacing--40);padding-bottom:0;padding-left:var(--wp--preset--spacing--40);font-style:normal;font-weight:400\" class=\"has-medium-font-size\"><a href=\"https:\/\/universofamilia.com\/hu\/6952\/descubre-quien-visita-tu-perfil-redes-sociales\/\"><mark style=\"background-color:rgba(0, 0, 0, 0);color:#f94c45\" class=\"has-inline-color\">Tudja meg, kik l\u00e1togatj\u00e1k a k\u00f6z\u00f6ss\u00e9gi m\u00e9dia profilj\u00e1t &gt;<\/mark><\/a><\/li>\n<\/ul>\n\n\n\n<hr class=\"wp-block-separator has-text-color has-luminous-vivid-orange-color has-alpha-channel-opacity has-luminous-vivid-orange-background-color has-background is-style-wide\"\/>\n\n\n\n<p><\/p>\n\n\n\n<h3 class=\"wp-block-heading\">A profilod l\u00e1togat\u00e1sainak figyel\u00e9se<\/h3>\n\n\n\n<p>A k\u00f6z\u00f6ss\u00e9gi m\u00e9dia haszn\u00e1lat\u00e1nak n\u00f6veked\u00e9s\u00e9vel megn\u0151tt az ig\u00e9ny az online jelenl\u00e9t\u00fcnk nyomon k\u00f6vet\u00e9s\u00e9re szolg\u00e1l\u00f3 m\u00f3dszerekre is.<\/p>\n\n\n\n<p>A legt\u00f6bb platform nem k\u00edn\u00e1l be\u00e9p\u00edtett funkci\u00f3t, amely megmutatn\u00e1, hogy kik tekintett\u00e9k meg a profilodat, \u00e9s ez\u00e9rt m\u0171k\u00f6dnek olyan alkalmaz\u00e1sok, mint a <strong>K\u00f6z\u00f6ss\u00e9gi m\u00e9dia k\u00f6vet\u0151<\/strong>.<\/p>\n\n\n\n<p>Ez az eszk\u00f6z pontosan megmutatja, hogy ki l\u00e9p kapcsolatba, n\u00e9zi vagy ak\u00e1r \u201ek\u00e9mkedik\u201d a k\u00f6z\u00f6ss\u00e9gi m\u00e9di\u00e1dban.<\/p>\n\n\n\n<h3 class=\"wp-block-heading\">Az alkalmaz\u00e1s f\u0151 jellemz\u0151je<\/h3>\n\n\n\n<p>Mi teszi ezt <strong>K\u00f6z\u00f6ss\u00e9gi m\u00e9dia k\u00f6vet\u0151<\/strong> Legf\u0151bb jellemz\u0151je az egyszer\u0171s\u00e9g \u00e9s a hat\u00e9konys\u00e1g.<\/p>\n\n\n\n<p>Ezzel az alkalmaz\u00e1ssal egy helyen k\u00f6vetheted nyomon a profilod megtekint\u00e9seit k\u00fcl\u00f6nb\u00f6z\u0151 k\u00f6z\u00f6ss\u00e9gi m\u00e9dia platformokon.<\/p>\n\n\n\n<p>K\u00e9pzelje el, hogy egy egyszer\u0171, k\u00f6nnyen haszn\u00e1lhat\u00f3 fel\u00fcleten kereszt\u00fcl kezelheti az \u00f6sszes interakci\u00f3j\u00e1t.<\/p>\n\n\n\n<p>Ezenk\u00edv\u00fcl az alkalmaz\u00e1s \u00e9rtes\u00edt\u00e9seket k\u00fcld, amikor valaki \u00faj l\u00e1togat\u00f3t keres fel a profilodra, \u00edgy gyorsan d\u00f6nt\u00e9seket hozhatsz az adatv\u00e9delmeddel \u00e9s biztons\u00e1goddal kapcsolatban.<\/p>\n\n\n\n<p>Mindez technikai bonyodalmak n\u00e9lk\u00fcl, csup\u00e1n n\u00e9h\u00e1ny koppint\u00e1ssal a mobil k\u00e9perny\u0151j\u00e9n.<\/p>\n\n\n\n<h3 class=\"wp-block-heading\">K\u00f6z\u00f6ss\u00e9gi m\u00e9dia k\u00f6vet\u0151: Biztons\u00e1g \u00e9s kontroll egy kattint\u00e1snyira<\/h3>\n\n\n\n<p>A legnagyobb el\u0151nye <strong>K\u00f6z\u00f6ss\u00e9gi m\u00e9dia k\u00f6vet\u0151<\/strong> az a biztons\u00e1g, amit ny\u00fajt.<\/p>\n\n\n\n<p>Azokban az id\u0151kben, amikor az online adatv\u00e9delem \u00e1lland\u00f3 aggodalomra ad okot, egy ilyen eszk\u00f6z birtokl\u00e1sa nyugalmat ad.<\/p>\n\n\n\n<p>Ha tudod, hogy kik tekintik meg a bejegyz\u00e9seidet, nagyobb kontrollt kapsz a digit\u00e1lis jelenl\u00e9ted felett. Ha egy ismeretlen gyakran felkeresi a profilodat, te leszel az els\u0151, aki \u00e9rtes\u00fcl r\u00f3la, \u00e9s ennek megfelel\u0151en cselekedhetsz.<\/p>\n\n\n\n<p>Ide\u00e1lis azok sz\u00e1m\u00e1ra is, akik professzion\u00e1lisan dolgoznak a k\u00f6z\u00f6ss\u00e9gi m\u00e9di\u00e1val, mivel lehet\u0151v\u00e9 teszi a l\u00e1togat\u00e1sok r\u00e9szletes elemz\u00e9s\u00e9t.<\/p>\n\n\n\n<p>Emellett testreszab\u00e1si lehet\u0151s\u00e9geket is k\u00edn\u00e1l, p\u00e9ld\u00e1ul megjelen\u00edt\u00e9si sz\u0171r\u0151ket, hogy a felhaszn\u00e1l\u00f3i \u00e9lm\u00e9ny m\u00e9g biztons\u00e1gosabb \u00e9s hat\u00e9konyabb legyen.<\/p>\n\n\n\n<h3 class=\"wp-block-heading\">El\u0151ny\u00f6k<\/h3>\n\n\n\n<p>A haszn\u00e1lata <strong>K\u00f6z\u00f6ss\u00e9gi m\u00e9dia k\u00f6vet\u0151<\/strong> T\u00f6bb el\u0151nye is van, k\u00fcl\u00f6n\u00f6sen, ha meg szeretn\u00e9d v\u00e9deni a szem\u00e9lyes adataidat, vagy jobban meg szeretn\u00e9d \u00e9rteni a k\u00f6vet\u0151idet.<\/p>\n\n\n\n<p>A f\u0151bbek k\u00f6z\u00e9 tartoznak:<\/p>\n\n\n\n<ul class=\"wp-block-list\">\n<li><strong>Val\u00f3s idej\u0171 monitoroz\u00e1s<\/strong>: Azonnali inform\u00e1ci\u00f3t kaphatsz arr\u00f3l, hogy kik tekintett\u00e9k meg a profilodat.<\/li>\n\n\n\n<li><strong>Biztons\u00e1g<\/strong>: Szab\u00e1lyozhatja, hogy ki f\u00e9rhet hozz\u00e1 a k\u00f6z\u00f6ss\u00e9gi h\u00e1l\u00f3zataihoz, \u00e9s m\u00f3dos\u00edthatja az adatv\u00e9delmet.<\/li>\n\n\n\n<li><strong>K\u00f6vet\u0151elemz\u00e9s<\/strong>Jobban meg\u00e9rtheted a k\u00f6vet\u0151idet \u00e9s azt, hogyan l\u00e9pnek kapcsolatba veled.<\/li>\n\n\n\n<li><strong>K\u00f6nnyen haszn\u00e1lhat\u00f3<\/strong>: egyszer\u0171 \u00e9s k\u00f6nnyen navig\u00e1lhat\u00f3 fel\u00fclet.<\/li>\n\n\n\n<li><strong>Push \u00e9rtes\u00edt\u00e9sek<\/strong>\u00c9rtes\u00edt\u00e9st kapsz minden alkalommal, amikor valaki hozz\u00e1f\u00e9r a profilodhoz.<\/li>\n<\/ul>\n\n\n\n<h3 class=\"wp-block-heading\">Felhaszn\u00e1l\u00f3i v\u00e9lem\u00e9nyek<\/h3>\n\n\n\n<p>Hogy m\u00e9g magabiztosabb legy\u00e9l a d\u00f6nt\u00e9sedben, \u00edme h\u00e1rom val\u00f3di felhaszn\u00e1l\u00f3 v\u00e9lem\u00e9nye, akik kipr\u00f3b\u00e1lt\u00e1k. <strong>K\u00f6z\u00f6ss\u00e9gi m\u00e9dia k\u00f6vet\u0151<\/strong> \u00e9s megel\u00e9gedtek:<\/p>\n\n\n\n<ul class=\"wp-block-list\">\n<li><strong>Lucas A.<\/strong> (45 \u00e9ves): \u201eMindig is k\u00edv\u00e1ncsi voltam, hogy ki l\u00e1togatja az Instagram-profilomat, \u00e9s a Social Tracker megadta erre a v\u00e1laszt. Most jobban tudom be\u00e1ll\u00edtani az adatv\u00e9delmet \u00e9s elemezni a k\u00f6vet\u0151im \u00e9rdekl\u0151d\u00e9si k\u00f6r\u00e9t.\u201d<\/li>\n\n\n\n<li><strong>Claudia S.<\/strong> (52 \u00e9ves): \u201eAz alkalmaz\u00e1st az\u00e9rt haszn\u00e1lom, hogy biztons\u00e1gosabban \u00e9rezzem magam. Pontosan tudom, kik n\u00e9zik a profilomat, \u00e9s \u00edgy elker\u00fclhetem a nem k\u00edv\u00e1nt embereket.\u201d<\/li>\n\n\n\n<li><strong>Fernando M.<\/strong> (39 \u00e9ves): \u201eA K\u00f6z\u00f6ss\u00e9gi M\u00e9dia Nyomk\u00f6vet\u0151 seg\u00edtett jav\u00edtani az online jelenl\u00e9temet. Az, hogy tudj\u00e1k, kik l\u00e1tj\u00e1k a tartalmaimat, sokat sz\u00e1m\u00edt annak, aki k\u00f6z\u00f6ss\u00e9gi m\u00e9di\u00e1val dolgozik.\u201d<\/li>\n<\/ul>\n\n\n<div class=\"wp-block-image\">\n<figure class=\"aligncenter size-full\"><img loading=\"lazy\" decoding=\"async\" width=\"550\" height=\"350\" src=\"http:\/\/universofamilia.com\/wp-content\/uploads\/sites\/148\/2024\/10\/DESTAQUE-UNIVERSO-550-x-350-8-2.jpg\" alt=\"\" class=\"wp-image-7196\" srcset=\"http:\/\/universofamilia.com\/wp-content\/uploads\/sites\/148\/2024\/10\/DESTAQUE-UNIVERSO-550-x-350-8-2.jpg 550w, http:\/\/universofamilia.com\/wp-content\/uploads\/sites\/148\/2024\/10\/DESTAQUE-UNIVERSO-550-x-350-8-2-300x191.jpg 300w\" sizes=\"(max-width: 550px) 100vw, 550px\" \/><figcaption class=\"wp-element-caption\">Tudja meg, kik l\u00e1togatt\u00e1k meg a profilj\u00e1t most<\/figcaption><\/figure><\/div>\n\n\n<h3 class=\"wp-block-heading\">Mit mondanak a felhaszn\u00e1l\u00f3k?<\/h3>\n\n\n\n<p>A felhaszn\u00e1l\u00f3k v\u00e9lem\u00e9nyei egyhang\u00faak: <strong>K\u00f6z\u00f6ss\u00e9gi m\u00e9dia k\u00f6vet\u0151<\/strong> Praktikus, k\u00f6nnyen haszn\u00e1lhat\u00f3 \u00e9s hat\u00e9kony.<\/p>\n\n\n\n<p>Sokan megjegyzik, hogy az alkalmaz\u00e1s n\u00f6velte a biztons\u00e1gukat \u00e9s az online interakci\u00f3ik feletti kontrollt.<\/p>\n\n\n\n<p>Ez egy olyan eszk\u00f6z, amely extra v\u00e9delmet ny\u00fajt, mik\u00f6zben lehet\u0151v\u00e9 teszi a k\u00f6z\u00f6ns\u00e9g jobb meg\u00e9rt\u00e9s\u00e9t.<\/p>\n\n\n\n<h3 class=\"wp-block-heading\">K\u00f6vetkeztet\u00e9s: Maradjon v\u00e9dve \u00e9s t\u00e1j\u00e9kozott<\/h3>\n\n\n\n<p>Ha meg szeretn\u00e9 v\u00e9deni online biztons\u00e1g\u00e1t, \u00e9s meg szeretn\u00e9 tudni, hogy kik l\u00e1togatj\u00e1k a profilj\u00e1t, <strong>K\u00f6z\u00f6ss\u00e9gi m\u00e9dia k\u00f6vet\u0151<\/strong> a t\u00f6k\u00e9letes eszk\u00f6z.<\/p>\n\n\n\n<p>Ne agg\u00f3dj vagy bizonytalanodj el; tudd meg pontosan, hogy kik n\u00e9zik a bejegyz\u00e9seidet, \u00e9s tartsd k\u00e9zben az adatv\u00e9delmedet.<\/p>\n\n\n\n<h3 class=\"wp-block-heading\">Hol lehet megtal\u00e1lni ezeket a digit\u00e1lis h\u0151s\u00f6ket?<\/h3>\n\n\n\n<ul class=\"wp-block-list\">\n<li><strong>K\u00f6z\u00f6ss\u00e9gi m\u00e9dia k\u00f6vet\u0151<\/strong>: <a href=\"https:\/\/apps.apple.com\/br\/app\/social-tracker\/id1189139278\">App Store<\/a> | <a href=\"https:\/\/play.google.com\/store\/apps\/details?id=com.mobiversite.lookAtMe&amp;hl=pt_BR&amp;pli=1\">Google Play<\/a><\/li>\n<\/ul>\n\n\n\n<hr class=\"wp-block-separator has-alpha-channel-opacity\"\/>\n\n\n\n<h3 class=\"wp-block-heading\">Gyakran Ism\u00e9telt K\u00e9rd\u00e9sek (GYIK)<\/h3>\n\n\n\n<p><strong>Biztons\u00e1gos a K\u00f6z\u00f6ss\u00e9gi Nyomk\u00f6vet\u0151?<\/strong><br>Igen, a Social Tracker garant\u00e1lja fi\u00f3kod \u00e9s adataid v\u00e9delm\u00e9t. Biztons\u00e1gosan nyomon k\u00f6vetheted, hogy kik l\u00e1togatj\u00e1k a profilodat an\u00e9lk\u00fcl, hogy vesz\u00e9lyeztetn\u00e9d az adataidat.<\/p>\n\n\n\n<p><strong>Haszn\u00e1lhatom a Social Tracker-t t\u00f6bb k\u00f6z\u00f6ss\u00e9gi h\u00e1l\u00f3zaton is?<\/strong><br>Igen, a Social Tracker t\u00f6bb k\u00f6z\u00f6ss\u00e9gi platformot is t\u00e1mogat, \u00edgy egyetlen alkalmaz\u00e1sb\u00f3l figyelheted \u0151ket.<\/p>\n\n\n\n<p><strong>Hogyan tudom let\u00f6lteni a Social Tracker alkalmaz\u00e1st?<\/strong><br>Az alkalmaz\u00e1st k\u00f6zvetlen\u00fcl az App Store-b\u00f3l (iOS) vagy a Google Play \u00e1ruh\u00e1zb\u00f3l (Android) t\u00f6ltheted le a cikk v\u00e9g\u00e9n tal\u00e1lhat\u00f3 linkek seg\u00edts\u00e9g\u00e9vel.<\/p>\n\n\n\n<p><strong>Ingyenes az alkalmaz\u00e1s?<\/strong><br>A Social Tracker ingyenes verzi\u00f3t k\u00edn\u00e1l korl\u00e1tozott funkci\u00f3kkal, valamint pr\u00e9mium verzi\u00f3t fejlett funkci\u00f3kkal, p\u00e9ld\u00e1ul szem\u00e9lyre szabott \u00e9rtes\u00edt\u00e9sekkel.<\/p>\n\n\n\n<p><strong>Neh\u00e9z haszn\u00e1lni?<\/strong><br>Nem, a Social Tracker nagyon k\u00f6nnyen haszn\u00e1lhat\u00f3, felhaszn\u00e1l\u00f3bar\u00e1t fel\u00fclettel, amelyet b\u00e1rki meg\u00e9rt, m\u00e9g a kev\u00e9s technol\u00f3giai tapasztalattal rendelkez\u0151k is.<\/p>","protected":false},"excerpt":{"rendered":"<p>Szeretn\u00e9d tudni, hogy kik l\u00e1togatt\u00e1k meg a profilodat? A K\u00f6z\u00f6ss\u00e9gi M\u00e9dia K\u00f6vet\u0151vel ez egyszer\u0171! Mi\u00e9rt fontos tudni, hogy kik n\u00e9zt\u00e9k meg a profilodat? Az, hogy kik n\u00e9zik meg a k\u00f6z\u00f6ss\u00e9gi m\u00e9dia profilodat, nem csak k\u00edv\u00e1ncsis\u00e1g k\u00e9rd\u00e9se. Sok ember sz\u00e1m\u00e1ra ez a biztons\u00e1g \u00e9s az inform\u00e1ci\u00f3ikhoz val\u00f3 hozz\u00e1f\u00e9r\u00e9s feletti kontroll k\u00e9rd\u00e9se [\u2026]<\/p>","protected":false},"author":0,"featured_media":7196,"comment_status":"closed","ping_status":"open","sticky":false,"template":"","format":"standard","meta":{"footnotes":""},"categories":[3],"tags":[143,693,1440,1462,1494],"yoast_head":"<!-- This site is optimized with the Yoast SEO plugin v23.3 - https:\/\/yoast.com\/wordpress\/plugins\/seo\/ -->\n<title>Descubre Qui\u00e9n Visit\u00f3 Tu Perfil Ahora - Universo Fam\u00edlia<\/title>\n<meta name=\"description\" content=\"Descubre Qui\u00e9n Visit\u00f3 Tu Perfil Ahora. \u00bfQuieres saber qui\u00e9n ha visitado tu perfil? \u00a1Con Social Tracker, es f\u00e1cil!...\" \/>\n<meta name=\"robots\" content=\"index, follow, max-snippet:-1, max-image-preview:large, max-video-preview:-1\" \/>\n<link rel=\"canonical\" href=\"http:\/\/universofamilia.com\/hu\/descubra-quem-visitou-seu-perfil-agora\/\" \/>\n<meta property=\"og:locale\" content=\"hu_HU\" \/>\n<meta property=\"og:type\" content=\"article\" \/>\n<meta property=\"og:title\" content=\"Descubre Qui\u00e9n Visit\u00f3 Tu Perfil Ahora - Universo Fam\u00edlia\" \/>\n<meta property=\"og:description\" content=\"Descubre Qui\u00e9n Visit\u00f3 Tu Perfil Ahora. \u00bfQuieres saber qui\u00e9n ha visitado tu perfil? \u00a1Con Social Tracker, es f\u00e1cil!...\" \/>\n<meta property=\"og:url\" content=\"http:\/\/universofamilia.com\/hu\/descubra-quem-visitou-seu-perfil-agora\/\" \/>\n<meta property=\"og:site_name\" content=\"Universo Fam\u00edlia\" \/>\n<meta property=\"article:published_time\" content=\"2024-10-23T18:05:37+00:00\" \/>\n<meta property=\"og:image\" content=\"http:\/\/universofamilia.com\/wp-content\/uploads\/sites\/148\/2024\/10\/DESTAQUE-UNIVERSO-550-x-350-8-2.jpg\" \/>\n\t<meta property=\"og:image:width\" content=\"550\" \/>\n\t<meta property=\"og:image:height\" content=\"350\" \/>\n\t<meta property=\"og:image:type\" content=\"image\/jpeg\" \/>\n<meta name=\"twitter:card\" content=\"summary_large_image\" \/>\n<meta name=\"twitter:label1\" content=\"Est. reading time\" \/>\n\t<meta name=\"twitter:data1\" content=\"6 perc\" \/>\n<script type=\"application\/ld+json\" class=\"yoast-schema-graph\">{\"@context\":\"https:\/\/schema.org\",\"@graph\":[{\"@type\":\"WebPage\",\"@id\":\"http:\/\/universofamilia.com\/sr\/descubra-quem-visitou-seu-perfil-agora\/\",\"url\":\"http:\/\/universofamilia.com\/sr\/descubra-quem-visitou-seu-perfil-agora\/\",\"name\":\"Descubre Qui\u00e9n Visit\u00f3 Tu Perfil Ahora - Universo Fam\u00edlia\",\"isPartOf\":{\"@id\":\"https:\/\/universofamilia.com\/el\/#website\"},\"primaryImageOfPage\":{\"@id\":\"http:\/\/universofamilia.com\/sr\/descubra-quem-visitou-seu-perfil-agora\/#primaryimage\"},\"image\":{\"@id\":\"http:\/\/universofamilia.com\/sr\/descubra-quem-visitou-seu-perfil-agora\/#primaryimage\"},\"thumbnailUrl\":\"http:\/\/universofamilia.com\/wp-content\/uploads\/sites\/148\/2024\/10\/DESTAQUE-UNIVERSO-550-x-350-8-2.jpg\",\"datePublished\":\"2024-10-23T18:05:37+00:00\",\"dateModified\":\"2024-10-23T18:05:37+00:00\",\"author\":{\"@id\":\"\"},\"description\":\"Descubre Qui\u00e9n Visit\u00f3 Tu Perfil Ahora. \u00bfQuieres saber qui\u00e9n ha visitado tu perfil? \u00a1Con Social Tracker, es f\u00e1cil!...\",\"breadcrumb\":{\"@id\":\"http:\/\/universofamilia.com\/sr\/descubra-quem-visitou-seu-perfil-agora\/#breadcrumb\"},\"inLanguage\":\"hu\",\"potentialAction\":[{\"@type\":\"ReadAction\",\"target\":[\"http:\/\/universofamilia.com\/sr\/descubra-quem-visitou-seu-perfil-agora\/\"]}]},{\"@type\":\"ImageObject\",\"inLanguage\":\"hu\",\"@id\":\"http:\/\/universofamilia.com\/sr\/descubra-quem-visitou-seu-perfil-agora\/#primaryimage\",\"url\":\"http:\/\/universofamilia.com\/wp-content\/uploads\/sites\/148\/2024\/10\/DESTAQUE-UNIVERSO-550-x-350-8-2.jpg\",\"contentUrl\":\"http:\/\/universofamilia.com\/wp-content\/uploads\/sites\/148\/2024\/10\/DESTAQUE-UNIVERSO-550-x-350-8-2.jpg\",\"width\":550,\"height\":350,\"caption\":\"Descubre Qui\u00e9n Visit\u00f3 Tu Perfil Ahora\"},{\"@type\":\"BreadcrumbList\",\"@id\":\"http:\/\/universofamilia.com\/sr\/descubra-quem-visitou-seu-perfil-agora\/#breadcrumb\",\"itemListElement\":[{\"@type\":\"ListItem\",\"position\":1,\"name\":\"Home\",\"item\":\"https:\/\/universofamilia.com\/el\/\"},{\"@type\":\"ListItem\",\"position\":2,\"name\":\"Descubre Qui\u00e9n Visit\u00f3 Tu Perfil Ahora\"}]},{\"@type\":\"WebSite\",\"@id\":\"https:\/\/universofamilia.com\/el\/#website\",\"url\":\"https:\/\/universofamilia.com\/el\/\",\"name\":\"Universo Fam\u00edlia\",\"description\":\"\",\"potentialAction\":[{\"@type\":\"SearchAction\",\"target\":{\"@type\":\"EntryPoint\",\"urlTemplate\":\"https:\/\/universofamilia.com\/el\/?s={search_term_string}\"},\"query-input\":\"required name=search_term_string\"}],\"inLanguage\":\"hu\"}]}<\/script>\n<!-- \/ Yoast SEO plugin. -->","yoast_head_json":{"title":"Descubre Qui\u00e9n Visit\u00f3 Tu Perfil Ahora - Universo Fam\u00edlia","description":"Descubre Qui\u00e9n Visit\u00f3 Tu Perfil Ahora. \u00bfQuieres saber qui\u00e9n ha visitado tu perfil? \u00a1Con Social Tracker, es f\u00e1cil!...","robots":{"index":"index","follow":"follow","max-snippet":"max-snippet:-1","max-image-preview":"max-image-preview:large","max-video-preview":"max-video-preview:-1"},"canonical":"http:\/\/universofamilia.com\/hu\/descubra-quem-visitou-seu-perfil-agora\/","og_locale":"hu_HU","og_type":"article","og_title":"Descubre Qui\u00e9n Visit\u00f3 Tu Perfil Ahora - Universo Fam\u00edlia","og_description":"Descubre Qui\u00e9n Visit\u00f3 Tu Perfil Ahora. \u00bfQuieres saber qui\u00e9n ha visitado tu perfil? \u00a1Con Social Tracker, es f\u00e1cil!...","og_url":"http:\/\/universofamilia.com\/hu\/descubra-quem-visitou-seu-perfil-agora\/","og_site_name":"Universo Fam\u00edlia","article_published_time":"2024-10-23T18:05:37+00:00","og_image":[{"width":550,"height":350,"url":"http:\/\/universofamilia.com\/wp-content\/uploads\/sites\/148\/2024\/10\/DESTAQUE-UNIVERSO-550-x-350-8-2.jpg","type":"image\/jpeg"}],"twitter_card":"summary_large_image","twitter_misc":{"Est. reading time":"6 perc"},"schema":{"@context":"https:\/\/schema.org","@graph":[{"@type":"WebPage","@id":"http:\/\/universofamilia.com\/sr\/descubra-quem-visitou-seu-perfil-agora\/","url":"http:\/\/universofamilia.com\/sr\/descubra-quem-visitou-seu-perfil-agora\/","name":"Descubre Qui\u00e9n Visit\u00f3 Tu Perfil Ahora - Universo Fam\u00edlia","isPartOf":{"@id":"https:\/\/universofamilia.com\/el\/#website"},"primaryImageOfPage":{"@id":"http:\/\/universofamilia.com\/sr\/descubra-quem-visitou-seu-perfil-agora\/#primaryimage"},"image":{"@id":"http:\/\/universofamilia.com\/sr\/descubra-quem-visitou-seu-perfil-agora\/#primaryimage"},"thumbnailUrl":"http:\/\/universofamilia.com\/wp-content\/uploads\/sites\/148\/2024\/10\/DESTAQUE-UNIVERSO-550-x-350-8-2.jpg","datePublished":"2024-10-23T18:05:37+00:00","dateModified":"2024-10-23T18:05:37+00:00","author":{"@id":""},"description":"Descubre Qui\u00e9n Visit\u00f3 Tu Perfil Ahora. \u00bfQuieres saber qui\u00e9n ha visitado tu perfil? \u00a1Con Social Tracker, es f\u00e1cil!...","breadcrumb":{"@id":"http:\/\/universofamilia.com\/sr\/descubra-quem-visitou-seu-perfil-agora\/#breadcrumb"},"inLanguage":"hu","potentialAction":[{"@type":"ReadAction","target":["http:\/\/universofamilia.com\/sr\/descubra-quem-visitou-seu-perfil-agora\/"]}]},{"@type":"ImageObject","inLanguage":"hu","@id":"http:\/\/universofamilia.com\/sr\/descubra-quem-visitou-seu-perfil-agora\/#primaryimage","url":"http:\/\/universofamilia.com\/wp-content\/uploads\/sites\/148\/2024\/10\/DESTAQUE-UNIVERSO-550-x-350-8-2.jpg","contentUrl":"http:\/\/universofamilia.com\/wp-content\/uploads\/sites\/148\/2024\/10\/DESTAQUE-UNIVERSO-550-x-350-8-2.jpg","width":550,"height":350,"caption":"Descubre Qui\u00e9n Visit\u00f3 Tu Perfil Ahora"},{"@type":"BreadcrumbList","@id":"http:\/\/universofamilia.com\/sr\/descubra-quem-visitou-seu-perfil-agora\/#breadcrumb","itemListElement":[{"@type":"ListItem","position":1,"name":"Home","item":"https:\/\/universofamilia.com\/el\/"},{"@type":"ListItem","position":2,"name":"Descubre Qui\u00e9n Visit\u00f3 Tu Perfil Ahora"}]},{"@type":"WebSite","@id":"https:\/\/universofamilia.com\/el\/#website","url":"https:\/\/universofamilia.com\/el\/","name":"Universo Fam\u00edlia","description":"","potentialAction":[{"@type":"SearchAction","target":{"@type":"EntryPoint","urlTemplate":"https:\/\/universofamilia.com\/el\/?s={search_term_string}"},"query-input":"required name=search_term_string"}],"inLanguage":"hu"}]}},"_links":{"self":[{"href":"http:\/\/universofamilia.com\/hu\/wp-json\/wp\/v2\/posts\/7195"}],"collection":[{"href":"http:\/\/universofamilia.com\/hu\/wp-json\/wp\/v2\/posts"}],"about":[{"href":"http:\/\/universofamilia.com\/hu\/wp-json\/wp\/v2\/types\/post"}],"replies":[{"embeddable":true,"href":"http:\/\/universofamilia.com\/hu\/wp-json\/wp\/v2\/comments?post=7195"}],"version-history":[{"count":0,"href":"http:\/\/universofamilia.com\/hu\/wp-json\/wp\/v2\/posts\/7195\/revisions"}],"wp:featuredmedia":[{"embeddable":true,"href":"http:\/\/universofamilia.com\/hu\/wp-json\/wp\/v2\/media\/7196"}],"wp:attachment":[{"href":"http:\/\/universofamilia.com\/hu\/wp-json\/wp\/v2\/media?parent=7195"}],"wp:term":[{"taxonomy":"category","embeddable":true,"href":"http:\/\/universofamilia.com\/hu\/wp-json\/wp\/v2\/categories?post=7195"},{"taxonomy":"post_tag","embeddable":true,"href":"http:\/\/universofamilia.com\/hu\/wp-json\/wp\/v2\/tags?post=7195"}],"curies":[{"name":"wp","href":"https:\/\/api.w.org\/{rel}","templated":true}]}}