{"id":7539,"date":"2024-11-25T16:44:40","date_gmt":"2024-11-25T19:44:40","guid":{"rendered":"https:\/\/universofamilia.com\/?p=7539"},"modified":"2024-11-25T16:44:40","modified_gmt":"2024-11-25T19:44:40","slug":"libera-espacio-en-tu-celular-rapidamente","status":"publish","type":"post","link":"http:\/\/universofamilia.com\/hu\/libera-espacio-en-tu-celular-rapidamente\/","title":{"rendered":"Szabad\u00edtson fel gyorsan helyet a mobiltelefonj\u00e1n"},"content":{"rendered":"<p>Optimaliz\u00e1ld a telefonodat, \u00e9s nyerj t\u00e1rhelyet percek alatt, egy fill\u00e9r k\u00f6lt\u00e9se n\u00e9lk\u00fcl!<\/p>\n\n\n\n<p>El\u0151fordult m\u00e1r, hogy megpr\u00f3b\u00e1lt\u00e1l fontos fot\u00f3t k\u00e9sz\u00edteni, \u00e9s m\u00e9gis ezt az \u00fczenetet kaptad: <strong>\u201eNincs el\u00e9g hely\u201d?<\/strong> Frusztr\u00e1l\u00f3, nem igaz?<\/p>\n\n\n\n<p>Annyi alkalmaz\u00e1s, fot\u00f3, vide\u00f3 \u00e9s m\u00e9m mellett, amit naponta kapunk, a telefonjaink m\u00e1sodpercek alatt megtelnek.<\/p>\n\n\n\n<p>A j\u00f3 h\u00edr az, hogy vannak gyors \u00e9s egyszer\u0171 m\u00f3dszerek a t\u00e1rhely felszabad\u00edt\u00e1s\u00e1ra, \u00e9s a legjobb az eg\u00e9szben, hogy nem kell vagyonokat k\u00f6ltened egy \u00faj telefonra!<\/p>\n\n\n\n<p>Ebben a cikkben h\u00e1rom nagyszer\u0171 alkalmaz\u00e1st mutatok be, amelyek seg\u00edtenek rendszerezni a telefonod, n\u00f6velni a sebess\u00e9g\u00e9t \u00e9s gyorsan felszabad\u00edtani a t\u00e1rhelyet.<\/p>\n\n\n\n<p>Emellett megosztom a gyakorlati tippeket \u00e9s v\u00e9lem\u00e9nyeket olyan felhaszn\u00e1l\u00f3kt\u00f3l, akik m\u00e1r kipr\u00f3b\u00e1lt\u00e1k \u0151ket. K\u00e9szen \u00e1llsz?<\/p>\n\n\n\n<h3 class=\"wp-block-heading\">A legjobb alkalmaz\u00e1sok a telefonon l\u00e9v\u0151 hely felszabad\u00edt\u00e1s\u00e1ra<\/h3>\n\n\n\n<p><strong>Google F\u00e1jlok:<\/strong> Ez az ingyenes Google eszk\u00f6z k\u00f6nnyen haszn\u00e1lhat\u00f3, \u00e9s seg\u00edt t\u00e1rhelyet felszabad\u00edtani, gyorsan megtal\u00e1lni a f\u00e1jlokat, \u00e9s internet n\u00e9lk\u00fcl megosztani a dokumentumokat.<\/p>\n\n\n\n<p>M\u00e9g olyan csoportok m\u00e9mjeit \u00e9s vide\u00f3it is azonos\u00edtja, amelyeket val\u00f3sz\u00edn\u0171leg nem kell megtartanod.<\/p>\n\n\n\n<p><\/p>\n\n\n\n<div class=\"wp-block-media-text is-stacked-on-mobile\"><figure class=\"wp-block-media-text__media\"><img loading=\"lazy\" decoding=\"async\" width=\"550\" height=\"350\" src=\"http:\/\/universofamilia.com\/wp-content\/uploads\/sites\/148\/2024\/11\/DESTAQUE-UNIVERSO-550-x-350-4-3.jpg\" alt=\"\" class=\"wp-image-7540 size-full\" srcset=\"http:\/\/universofamilia.com\/wp-content\/uploads\/sites\/148\/2024\/11\/DESTAQUE-UNIVERSO-550-x-350-4-3.jpg 550w, http:\/\/universofamilia.com\/wp-content\/uploads\/sites\/148\/2024\/11\/DESTAQUE-UNIVERSO-550-x-350-4-3-300x191.jpg 300w\" sizes=\"(max-width: 550px) 100vw, 550px\" \/><\/figure><div class=\"wp-block-media-text__content\">\n<p class=\"has-medium-font-size\"><strong>Google F\u00e1jlok<\/strong><\/p>\n<\/div><\/div>\n\n\n\n<div class=\"wp-block-columns is-layout-flex wp-container-core-columns-layout-1 wp-block-columns-is-layout-flex\">\n<div class=\"wp-block-column is-layout-flow wp-block-column-is-layout-flow\" style=\"flex-basis:100%\">\n<div class=\"wp-block-buttons is-content-justification-center is-layout-flex wp-container-core-buttons-layout-1 wp-block-buttons-is-layout-flex\">\n<div class=\"wp-block-button has-custom-width wp-block-button__width-100 has-custom-font-size is-style-outline has-small-font-size\" style=\"text-decoration:none\"><a class=\"wp-block-button__link has-white-color has-ast-global-color-8-background-color has-text-color has-background has-link-color has-text-align-center wp-element-button\" href=\"https:\/\/files.google.com\/\" style=\"border-radius:6px\">Alkalmaz\u00e1s let\u00f6lt\u00e9se<\/a><\/div>\n<\/div>\n<\/div>\n<\/div>\n\n\n\n<p class=\"has-text-align-center has-small-font-size\"><strong><em>Ugyanott fogsz maradni.<\/em><\/strong><\/p>\n\n\n\n<hr class=\"wp-block-separator has-text-color has-luminous-vivid-orange-color has-alpha-channel-opacity has-luminous-vivid-orange-background-color has-background is-style-wide\"\/>\n\n\n\n<p><\/p>\n\n\n\n<p><strong>CCleaner:<\/strong> Sz\u00e1m\u00edt\u00f3g\u00e9peken h\u00edres, de mobiltelefonokon is el\u00e9rhet\u0151.<\/p>\n\n\n\n<p>T\u00f6r\u00f6ld az alkalmaz\u00e1s gyors\u00edt\u00f3t\u00e1r\u00e1t, t\u00f6r\u00f6ld az ideiglenes f\u00e1jlokat, \u00e9s figyeld az eszk\u00f6z teljes\u00edtm\u00e9ny\u00e9t.<\/p>\n\n\n\n<p><\/p>\n\n\n\n<div class=\"wp-block-media-text is-stacked-on-mobile\"><figure class=\"wp-block-media-text__media\"><img loading=\"lazy\" decoding=\"async\" width=\"550\" height=\"350\" src=\"http:\/\/universofamilia.com\/wp-content\/uploads\/sites\/148\/2024\/11\/DESTAQUE-UNIVERSO-550-x-350-5-3.jpg\" alt=\"\" class=\"wp-image-7541 size-full\" srcset=\"http:\/\/universofamilia.com\/wp-content\/uploads\/sites\/148\/2024\/11\/DESTAQUE-UNIVERSO-550-x-350-5-3.jpg 550w, http:\/\/universofamilia.com\/wp-content\/uploads\/sites\/148\/2024\/11\/DESTAQUE-UNIVERSO-550-x-350-5-3-300x191.jpg 300w\" sizes=\"(max-width: 550px) 100vw, 550px\" \/><\/figure><div class=\"wp-block-media-text__content\">\n<p class=\"has-medium-font-size\"><strong><strong><strong>CCleaner<\/strong><\/strong><\/strong><\/p>\n<\/div><\/div>\n\n\n\n<div class=\"wp-block-columns is-layout-flex wp-container-core-columns-layout-2 wp-block-columns-is-layout-flex\">\n<div class=\"wp-block-column is-layout-flow wp-block-column-is-layout-flow\" style=\"flex-basis:100%\">\n<div class=\"wp-block-buttons is-content-justification-center is-layout-flex wp-container-core-buttons-layout-2 wp-block-buttons-is-layout-flex\">\n<div class=\"wp-block-button has-custom-width wp-block-button__width-100 has-custom-font-size is-style-outline has-small-font-size\" style=\"text-decoration:none\"><a class=\"wp-block-button__link has-white-color has-ast-global-color-8-background-color has-text-color has-background has-link-color has-text-align-center wp-element-button\" href=\"https:\/\/www.ccleaner.com\/ccleaner-android?srsltid=AfmBOoqNDVUU8XHgrciZVcfcPmT_qCozQB8rbUGulNw1sIytd33-e4aD&amp;cc-noredirect=\" style=\"border-radius:6px\">Alkalmaz\u00e1s let\u00f6lt\u00e9se<\/a><\/div>\n<\/div>\n<\/div>\n<\/div>\n\n\n\n<p class=\"has-text-align-center has-small-font-size\"><strong><em>Ugyanott fogsz maradni.<\/em><\/strong><\/p>\n\n\n\n<hr class=\"wp-block-separator has-text-color has-luminous-vivid-orange-color has-alpha-channel-opacity has-luminous-vivid-orange-background-color has-background is-style-wide\"\/>\n\n\n\n<p><\/p>\n\n\n\n<p><strong>Avast tiszt\u00edt\u00e1s:<\/strong> Az alapvet\u0151 tiszt\u00edt\u00e1s mellett olyan fejlett funkci\u00f3kat is k\u00edn\u00e1l, mint a helytakar\u00e9kos fot\u00f3t\u00f6m\u00f6r\u00edt\u00e9s \u00e9s a mem\u00f3ri\u00e1t foglal\u00f3 nagy f\u00e1jlok r\u00e9szletes elemz\u00e9se.<\/p>\n\n\n\n<p><\/p>\n\n\n\n<div class=\"wp-block-media-text is-stacked-on-mobile\"><figure class=\"wp-block-media-text__media\"><img loading=\"lazy\" decoding=\"async\" width=\"550\" height=\"350\" src=\"http:\/\/universofamilia.com\/wp-content\/uploads\/sites\/148\/2024\/11\/DESTAQUE-UNIVERSO-550-x-350-3-4.jpg\" alt=\"\" class=\"wp-image-7542 size-full\" srcset=\"http:\/\/universofamilia.com\/wp-content\/uploads\/sites\/148\/2024\/11\/DESTAQUE-UNIVERSO-550-x-350-3-4.jpg 550w, http:\/\/universofamilia.com\/wp-content\/uploads\/sites\/148\/2024\/11\/DESTAQUE-UNIVERSO-550-x-350-3-4-300x191.jpg 300w\" sizes=\"(max-width: 550px) 100vw, 550px\" \/><\/figure><div class=\"wp-block-media-text__content\">\n<p class=\"has-medium-font-size\"><strong><strong><strong><strong>Avast takar\u00edt\u00e1s<\/strong><\/strong><\/strong><\/strong><\/p>\n<\/div><\/div>\n\n\n\n<div class=\"wp-block-columns is-layout-flex wp-container-core-columns-layout-3 wp-block-columns-is-layout-flex\">\n<div class=\"wp-block-column is-layout-flow wp-block-column-is-layout-flow\" style=\"flex-basis:100%\">\n<div class=\"wp-block-buttons is-content-justification-center is-layout-flex wp-container-core-buttons-layout-3 wp-block-buttons-is-layout-flex\">\n<div class=\"wp-block-button has-custom-width wp-block-button__width-100 has-custom-font-size is-style-outline has-small-font-size\" style=\"text-decoration:none\"><a class=\"wp-block-button__link has-white-color has-ast-global-color-8-background-color has-text-color has-background has-link-color has-text-align-center wp-element-button\" href=\"https:\/\/www.avast.com\/pt-br\/free-mobile-security#pc\" style=\"border-radius:6px\">Alkalmaz\u00e1s let\u00f6lt\u00e9se<\/a><\/div>\n<\/div>\n<\/div>\n<\/div>\n\n\n\n<p class=\"has-text-align-center has-small-font-size\"><strong><em>Ugyanott fogsz maradni.<\/em><\/strong><\/p>\n\n\n\n<hr class=\"wp-block-separator has-text-color has-luminous-vivid-orange-color has-alpha-channel-opacity has-luminous-vivid-orange-background-color has-background is-style-wide\"\/>\n\n\n\n<p><\/p>\n\n\n\n<h3 class=\"wp-block-heading\">Mi\u00e9rt haszn\u00e1ljunk alkalmaz\u00e1sokat a telefonon l\u00e9v\u0151 hely felszabad\u00edt\u00e1s\u00e1ra?<\/h3>\n\n\n\n<p>Azt gondolhatod: \u201eNos, \u00e9n csak t\u00f6r\u00f6lhetek n\u00e9h\u00e1ny fot\u00f3t, vagy elt\u00e1vol\u00edthatok r\u00e9gi alkalmaz\u00e1sokat.\u201d Az optimaliz\u00e1l\u00f3 alkalmaz\u00e1sok azonban enn\u00e9l sokkal t\u00f6bbet tesznek.<\/p>\n\n\n\n<p>Elemzik, hogy mi foglal helyet a telefonodon, \u00e9s intelligens megold\u00e1sokat k\u00edn\u00e1lnak a mem\u00f3ria hat\u00e9kony felszabad\u00edt\u00e1s\u00e1ra.<\/p>\n\n\n\n<p>K\u00e9pzeld el, hogy \u00f3r\u00e1kat t\u00f6ltesz felesleges f\u00e1jlok keres\u00e9s\u00e9vel, \u00e9s m\u00e9g mindig nem tal\u00e1lsz meg mindent. Egy speci\u00e1lis alkalmaz\u00e1ssal ez a feladat percek alatt elv\u00e9gezhet\u0151, fejf\u00e1j\u00e1s n\u00e9lk\u00fcl.<\/p>\n\n\n\n<p>Ezenk\u00edv\u00fcl ezek az eszk\u00f6z\u00f6k \u00fagy vannak kialak\u00edtva, hogy azonos\u00edts\u00e1k a duplik\u00e1lt f\u00e1jlokat, t\u00f6r\u00f6lj\u00e9k az elfelejtett alkalmaz\u00e1sok gyors\u00edt\u00f3t\u00e1r\u00e1t, \u00e9s javaslatokat tegyenek a telefon teljes\u00edtm\u00e9ny\u00e9t jav\u00edt\u00f3 m\u00f3dos\u00edt\u00e1sokra.<\/p>\n\n\n\n<h3 class=\"wp-block-heading\">Az alkalmaz\u00e1sok haszn\u00e1lat\u00e1nak el\u0151nyei a t\u00e1rhely optimaliz\u00e1l\u00e1s\u00e1ra<\/h3>\n\n\n\n<p><strong>N\u00f6veld a mobiltelefonod sebess\u00e9g\u00e9t:<\/strong> A felesleges f\u00e1jlok \u00e9s a megtelt mem\u00f3ria a lass\u00fa eszk\u00f6z f\u0151 b\u0171n\u00f6sei.<\/p>\n\n\n\n<p>Alkalmaz\u00e1sok, mint p\u00e9ld\u00e1ul <strong>Google F\u00e1jlok<\/strong> \u00e9s <strong>Avast takar\u00edt\u00e1s<\/strong> Tiszt\u00edtj\u00e1k a RAM-ot \u00e9s optimaliz\u00e1lj\u00e1k a h\u00e1tt\u00e9rfolyamatokat, \u00edgy az eszk\u00f6z gyorsabban fut.<\/p>\n\n\n\n<p><strong>Sp\u00f3rolj p\u00e9nzt \u2013 ne vegy\u00e9l \u00faj mobiltelefont:<\/strong> Az okostelefonok nem olcs\u00f3k. Ha a ti\u00e9d lass\u00fa vagy nincs el\u00e9g t\u00e1rhelye, lehet, hogy m\u00e9g nem kell lecser\u00e9lned.<\/p>\n\n\n\n<p>A megfelel\u0151 eszk\u00f6z\u00f6kkel visszanyerheti a teljes\u00edtm\u00e9ny\u00e9t \u00e9s elhalaszthatja a v\u00e1s\u00e1rl\u00e1st.<\/p>\n\n\n\n<p><strong>Intelligens t\u00e9rkiad\u00e1s:<\/strong> Ezek az alkalmaz\u00e1sok nem csak v\u00e9letlenszer\u0171en t\u00f6r\u00f6lnek f\u00e1jlokat.<\/p>\n\n\n\n<p>Elemezik, hogy mi sz\u00e1m\u00edt igaz\u00e1n sz\u00e1modra, \u00e9s javaslatokat tesznek arra, hogy mit t\u00f6r\u00f6lhetsz megb\u00e1n\u00e1s n\u00e9lk\u00fcl.<\/p>\n\n\n\n<p><\/p>\n\n\n\n<hr class=\"wp-block-separator has-text-color has-luminous-vivid-orange-color has-alpha-channel-opacity has-luminous-vivid-orange-background-color has-background is-style-wide\"\/>\n\n\n\n<h3 class=\"wp-block-heading\">L\u00e1sd m\u00e9g:<\/h3>\n\n\n\n<ul class=\"wp-block-list has-small-font-size\">\n<li class=\"has-medium-font-size\" style=\"padding-top:0;padding-right:var(--wp--preset--spacing--40);padding-bottom:0;padding-left:var(--wp--preset--spacing--40);font-style:normal;font-weight:400\"><a href=\"https:\/\/universofamilia.com\/hu\/6855\/grabar-llamadas-recibidas\/\"><mark style=\"background-color:rgba(0, 0, 0, 0);color:#f94c45\" class=\"has-inline-color\">Bej\u00f6v\u0151 h\u00edv\u00e1sok r\u00f6gz\u00edt\u00e9se &gt;<\/mark><\/a><\/li>\n\n\n\n<li class=\"has-medium-font-size\" style=\"padding-top:0;padding-right:var(--wp--preset--spacing--40);padding-bottom:0;padding-left:var(--wp--preset--spacing--40);font-style:normal;font-weight:400\"><a href=\"https:\/\/universofamilia.com\/hu\/6898\/leer-la-biblia-catolica-en-tu-celular\/\"><mark style=\"background-color:rgba(0, 0, 0, 0);color:#f94c45\" class=\"has-inline-color\"><font style=\"vertical-align: inherit;\"><font style=\"vertical-align: inherit;\">Olvasd a katolikus Bibli\u00e1t a mobiltelefonodon<\/font><\/font> &gt;<\/mark><\/a><\/li>\n\n\n\n<li class=\"has-medium-font-size\" style=\"padding-top:0;padding-right:var(--wp--preset--spacing--40);padding-bottom:0;padding-left:var(--wp--preset--spacing--40);font-style:normal;font-weight:400\"><a href=\"https:\/\/universofamilia.com\/hu\/6832\/aplicacion-para-bailar-zumba\/\"><mark style=\"background-color:rgba(0, 0, 0, 0);color:#f94c45\" class=\"has-inline-color\">Zumba t\u00e1ncalkalmaz\u00e1s &gt;<\/mark><\/a><\/li>\n\n\n\n<li class=\"has-medium-font-size\" style=\"padding-top:0;padding-right:var(--wp--preset--spacing--40);padding-bottom:0;padding-left:var(--wp--preset--spacing--40);font-style:normal;font-weight:400\"><a href=\"https:\/\/universofamilia.com\/hu\/6952\/descubre-quien-visita-tu-perfil-redes-sociales\/\"><mark style=\"background-color:rgba(0, 0, 0, 0);color:#f94c45\" class=\"has-inline-color\">Tudja meg, kik l\u00e1togatj\u00e1k a k\u00f6z\u00f6ss\u00e9gi m\u00e9dia profilj\u00e1t &gt;<\/mark><\/a><\/li>\n<\/ul>\n\n\n\n<hr class=\"wp-block-separator has-text-color has-luminous-vivid-orange-color has-alpha-channel-opacity has-luminous-vivid-orange-background-color has-background is-style-wide\"\/>\n\n\n\n<p><\/p>\n\n\n\n<h3 class=\"wp-block-heading\">Mit mondanak a felhaszn\u00e1l\u00f3k?<\/h3>\n\n\n\n<p><strong>M\u00e1ria, 42 \u00e9ves:<\/strong> \u201eT\u00f6bb mint 1000 m\u00e1solatfot\u00f3m volt, \u00e9s m\u00e9g csak nem is tudtam r\u00f3la. A Google Files perceken bel\u00fcl megtal\u00e1lta \u0151ket.\u201d<\/p>\n\n\n\n<p><strong>K\u00e1roly, 58 \u00e9ves:<\/strong> \u201eA CCleaner haszn\u00e1lata ut\u00e1n a telefonom \u00fajra gyors volt. Nem kellett \u00fajat vennem.\u201d<\/p>\n\n\n\n<p><strong>Anna, 37 \u00e9ves:<\/strong> \u201eAz Avast Cleanup t\u00f6m\u00f6r\u00edtette a fot\u00f3imat, \u00e9s majdnem 2 GB-ot takar\u00edtott meg. Aj\u00e1nlom.\u201d<\/p>\n\n\n\n<h3 class=\"wp-block-heading\">K\u00f6vetkeztet\u00e9s: Szabad\u00edtson fel helyet \u00e9s optimaliz\u00e1lja telefonj\u00e1t<\/h3>\n\n\n\n<p>A telefonon l\u00e9v\u0151 t\u00e1rhely felszabad\u00edt\u00e1sa nem kell, hogy probl\u00e9m\u00e1t jelentsen. Olyan eszk\u00f6z\u00f6kkel, mint a <strong>Google F\u00e1jlok<\/strong>, <strong>CCleaner<\/strong> \u00e9s <strong>Avast takar\u00edt\u00e1s<\/strong>, gyorsan \u00e9s egyszer\u0171en optimaliz\u00e1lhatja a t\u00e1rhelyet an\u00e9lk\u00fcl, hogy p\u00e9nzt kellene k\u00f6ltenie egy \u00faj eszk\u00f6zre.<\/p>\n\n\n\n<p>Ezek az alkalmaz\u00e1sok nemcsak a felesleges vagy ism\u00e9tl\u0151d\u0151 f\u00e1jlokat azonos\u00edtj\u00e1k, hanem a telefon sebess\u00e9g\u00e9t is jav\u00edtj\u00e1k, lehet\u0151v\u00e9 t\u00e9ve, hogy a legt\u00f6bbet hozd ki bel\u0151le.<\/p>\n\n\n\n<p>R\u00e1ad\u00e1sul a t\u00e1rhely feletti kontroll \u00e1tv\u00e9tele nagyobb szabads\u00e1got biztos\u00edt arra, hogy mentse azt, ami igaz\u00e1n sz\u00e1m\u00edt: a f\u00e9nyk\u00e9peket, vide\u00f3kat \u00e9s a nap mint nap haszn\u00e1lt alkalmaz\u00e1sokat.<\/p>\n\n\n\n<p>A legjobb r\u00e9sz? M\u00e1r most elkezdheted. T\u00f6ltsd le az alkalmaz\u00e1sokat, k\u00f6vesd az aj\u00e1nl\u00e1sokat, \u00e9s n\u00e9h\u00e1ny perc m\u00falva \u00e9rezni fogod a k\u00fcl\u00f6nbs\u00e9get.<\/p>\n\n\n\n<p>Ha hasznosnak tal\u00e1ltad ezt az inform\u00e1ci\u00f3t, k\u00e9rlek oszd meg bar\u00e1taiddal \u00e9s csal\u00e1doddal. Mindannyian profit\u00e1lhatunk egy gyorsabb \u00e9s rendszerezettebb telefonb\u00f3l!<\/p>\n\n\n\n<p>Ne feledd, hogy a kis v\u00e1ltoz\u00e1sok is nagy hat\u00e1ssal lehetnek a mindennapi \u00e9letedre. \ud83d\ude0a<\/p>\n\n\n\n<h2 class=\"wp-block-heading\">10 gyakran ism\u00e9telt k\u00e9rd\u00e9s a telefonon t\u00e1rhely felszabad\u00edt\u00e1s\u00e1ra szolg\u00e1l\u00f3 alkalmaz\u00e1sokkal kapcsolatban<\/h2>\n\n\n\n<h3 class=\"wp-block-heading\">Mi a Google F\u00e1jlok \u00e9s hogyan m\u0171k\u00f6dik?<\/h3>\n\n\n\n<p>A Google F\u00e1jlok egy Google \u00e1ltal fejlesztett alkalmaz\u00e1s, amely seg\u00edt a telefon t\u00e1rhely\u00e9nek kezel\u00e9s\u00e9ben. Azonos\u00edtja a felesleges f\u00e1jlokat, p\u00e9ld\u00e1ul a duplik\u00e1tumokat, m\u00e9meket \u00e9s csoportos vide\u00f3kat, \u00e9s lehet\u0151v\u00e9 teszi azok gyors t\u00f6rl\u00e9s\u00e9t. Emellett rendszerezi a dokumentumokat, \u00e9s megk\u00f6nny\u00edti a f\u00e1jlok offline megoszt\u00e1s\u00e1t.<\/p>\n\n\n\n<h3 class=\"wp-block-heading\">Biztons\u00e1gos a CCleaner haszn\u00e1lata a telefonomon?<\/h3>\n\n\n\n<p>Igen, a CCleaner egy megb\u00edzhat\u00f3 \u00e9s sz\u00e9les k\u00f6rben haszn\u00e1lt alkalmaz\u00e1s mobileszk\u00f6z\u00f6kre \u00e9s sz\u00e1m\u00edt\u00f3g\u00e9pekre. \u00dagy tervezt\u00e9k, hogy megtiszt\u00edtsa az ideiglenes f\u00e1jlokat, a gyors\u00edt\u00f3t\u00e1rat \u00e9s a felesleges adatokat an\u00e9lk\u00fcl, hogy befoly\u00e1soln\u00e1 a fontos f\u00e1jlokat. Azt is megtekinti, hogy mi ker\u00fcl t\u00f6rl\u00e9sre, \u00edgy teljes kontrollt biztos\u00edt a folyamat felett.<\/p>\n\n\n\n<h3 class=\"wp-block-heading\">Miben k\u00fcl\u00f6nb\u00f6zik az Avast Cleanup a t\u00f6bbi tiszt\u00edt\u00f3alkalmaz\u00e1st\u00f3l?<\/h3>\n\n\n\n<p>Az Avast Cleanup kiemelkedik az alaposabb tiszt\u00edt\u00e1s k\u00e9pess\u00e9g\u00e9vel. Az ideiglenes f\u00e1jlok t\u00f6rl\u00e9se mellett lehet\u0151v\u00e9 teszi a f\u00e9nyk\u00e9pek t\u00f6m\u00f6r\u00edt\u00e9s\u00e9t a helytakar\u00e9koss\u00e1g \u00e9rdek\u00e9ben a min\u0151s\u00e9g roml\u00e1sa n\u00e9lk\u00fcl. Emellett azonos\u00edtja a nem gyakran haszn\u00e1lt alkalmaz\u00e1sokat, \u00e9s elemzi a nagy f\u00e1jlokat, amelyek sz\u00fcks\u00e9gtelen\u00fcl foglalhatj\u00e1k a mem\u00f3ri\u00e1t.<\/p>\n\n\n\n<h3 class=\"wp-block-heading\">Ezek az alkalmaz\u00e1sok kompatibilisek b\u00e1rmilyen eszk\u00f6zzel?<\/h3>\n\n\n\n<p>Igen, a Google Files, a CCleaner \u00e9s az Avast Cleanup el\u00e9rhet\u0151 Android \u00e9s iOS eszk\u00f6z\u00f6kre is. Csak le kell t\u00f6ltenie a megfelel\u0151 verzi\u00f3t a Google Play \u00c1ruh\u00e1zb\u00f3l vagy az Apple App Store-b\u00f3l a haszn\u00e1latuk megkezd\u00e9s\u00e9hez.<\/p>\n\n\n\n<h3 class=\"wp-block-heading\">Milyen t\u00edpus\u00fa f\u00e1jlokat t\u00f6r\u00f6l a Google F\u00e1jlok?<\/h3>\n\n\n\n<p>A Google F\u00e1jlok elt\u00e1vol\u00edtja a duplik\u00e1lt f\u00e1jlokat, a nagy vide\u00f3kat, a felesleges k\u00e9peket (p\u00e9ld\u00e1ul m\u00e9meket) \u00e9s az ideiglenes alkalmaz\u00e1sf\u00e1jlokat. Emellett t\u00f6rli a gyors\u00edt\u00f3t\u00e1rat, \u00e9s javaslatokat tesz arra, hogy mely dokumentumokat vagy alkalmaz\u00e1sokat t\u00f6r\u00f6lheti a t\u00e1rhely felszabad\u00edt\u00e1sa \u00e9rdek\u00e9ben an\u00e9lk\u00fcl, hogy a fontos adatait \u00e9rinten\u00e9.<\/p>\n\n\n\n<h3 class=\"wp-block-heading\">A CCleaner sokat fogyaszt az akkumul\u00e1tort haszn\u00e1lat k\u00f6zben?<\/h3>\n\n\n\n<p>Nem, a CCleaner k\u00f6nny\u0171 \u00e9s hat\u00e9kony. Az akkumul\u00e1torra gyakorolt hat\u00e1sa minim\u00e1lis, mivel csak akkor fut, ha aktiv\u00e1ljuk. Emellett seg\u00edt optimaliz\u00e1lni az eszk\u00f6z teljes\u00edtm\u00e9ny\u00e9t, ami jav\u00edthatja az energiafogyaszt\u00e1st.<\/p>\n\n\n\n<h3 class=\"wp-block-heading\">Hogyan jav\u00edtja az Avast Cleanup a mobiltelefon sebess\u00e9g\u00e9t?<\/h3>\n\n\n\n<p>Az Avast Cleanup optimaliz\u00e1lja a h\u00e1tt\u00e9rfolyamatokat a RAM-ot fogyaszt\u00f3 felesleges adatok elt\u00e1vol\u00edt\u00e1s\u00e1val. Emellett le\u00e1ll\u00edtja az er\u0151forr\u00e1s-ig\u00e9nyes alkalmaz\u00e1sokat, \u00e9s elemzi a t\u00e1rhelyet a hely felszabad\u00edt\u00e1sa \u00e9rdek\u00e9ben, jav\u00edtva az eszk\u00f6z teljes\u00edtm\u00e9ny\u00e9t.<\/p>\n\n\n\n<h3 class=\"wp-block-heading\">Vannak ezeknek az alkalmaz\u00e1soknak ingyenes funkci\u00f3i?<\/h3>\n\n\n\n<p>Igen, a fent eml\u00edtett alkalmaz\u00e1sok mindegyike ingyenes verzi\u00f3t k\u00edn\u00e1l olyan alapvet\u0151 funkci\u00f3kkal, mint a f\u00e1jltiszt\u00edt\u00e1s, a gyors\u00edt\u00f3t\u00e1r t\u00f6rl\u00e9se \u00e9s a t\u00e1rhelyelemz\u00e9s. Vannak azonban pr\u00e9mium opci\u00f3ik is, amelyek fejlett eszk\u00f6z\u00f6ket adnak hozz\u00e1, p\u00e9ld\u00e1ul a fot\u00f3t\u00f6m\u00f6r\u00edt\u00e9st az Avast Cleanupban.<\/p>\n\n\n\n<h3 class=\"wp-block-heading\">Mennyi helyet lehet felszabad\u00edtani ezekkel az alkalmaz\u00e1sokkal?<\/h3>\n\n\n\n<p>A felszabad\u00edthat\u00f3 t\u00e1rhely mennyis\u00e9ge az eszk\u00f6z \u00e1llapot\u00e1t\u00f3l f\u00fcgg. A felhaszn\u00e1l\u00f3k jellemz\u0151en 2 \u00e9s 10 GB k\u00f6z\u00f6tti t\u00e1rhely felszabad\u00edt\u00e1s\u00e1r\u00f3l sz\u00e1molnak be a Google Files, a CCleaner vagy az Avast Cleanup haszn\u00e1lata ut\u00e1n, k\u00fcl\u00f6n\u00f6sen, ha kor\u00e1bban nem v\u00e9geztek gyakori takar\u00edt\u00e1st.<\/p>\n\n\n\n<h3 class=\"wp-block-heading\">\u00c9rdemes t\u00f6bb takar\u00edt\u00f3alkalmaz\u00e1st haszn\u00e1lni?<\/h3>\n\n\n\n<p>Nem sz\u00fcks\u00e9ges egyszerre t\u00f6bb alkalmaz\u00e1st haszn\u00e1lni, mivel mindegyik hasonl\u00f3 funkci\u00f3kat l\u00e1t el. Ha azonban c\u00e9lzottabb tiszt\u00edt\u00e1st szeretne, az eszk\u00f6z\u00f6ket ig\u00e9nyei szerint kombin\u00e1lhatja, p\u00e9ld\u00e1ul az Avast Cleanup seg\u00edts\u00e9g\u00e9vel f\u00e9nyk\u00e9peket, a Google Files seg\u00edts\u00e9g\u00e9vel pedig ism\u00e9tl\u0151d\u0151 f\u00e1jlokat tiszt\u00edthat.<\/p>","protected":false},"excerpt":{"rendered":"<p>Optimaliz\u00e1ld a telefonod, \u00e9s nyerj t\u00e1rhelyet percek alatt, egy fill\u00e9r k\u00f6lt\u00e9se n\u00e9lk\u00fcl! El\u0151fordult m\u00e1r, hogy megpr\u00f3b\u00e1lt\u00e1l egy fontos fot\u00f3t k\u00e9sz\u00edteni, \u00e9s a \u201eNincs el\u00e9g t\u00e1rhely\u201d \u00fczenetet kaptad? Bosszant\u00f3, ugye? Annyi alkalmaz\u00e1s, fot\u00f3, vide\u00f3 \u00e9s m\u00e9m k\u00f6z\u00f6tt, amit naponta kapunk, a telefonunk m\u00e1sodpercek alatt megtelik. A j\u00f3 h\u00edr az, hogy vannak m\u00f3dok [\u2026]<\/p>","protected":false},"author":0,"featured_media":7540,"comment_status":"closed","ping_status":"open","sticky":false,"template":"","format":"standard","meta":{"footnotes":""},"categories":[2],"tags":[178,585,660,791,1424],"yoast_head":"<!-- This site is optimized with the Yoast SEO plugin v23.3 - https:\/\/yoast.com\/wordpress\/plugins\/seo\/ -->\n<title>Libera espacio en tu celular r\u00e1pidamente - Universo Fam\u00edlia<\/title>\n<meta name=\"description\" content=\"Libera espacio en tu celular r\u00e1pidamente. \u00bfAlguna vez intentaste tomar una foto importante y te apareci\u00f3 el mensaje: &quot;Espacio insuficiente&quot;?\" \/>\n<meta name=\"robots\" content=\"index, follow, max-snippet:-1, max-image-preview:large, max-video-preview:-1\" \/>\n<link rel=\"canonical\" href=\"https:\/\/universofamilia.com\/hu\/libera-espacio-en-tu-celular-rapidamente\/\" \/>\n<meta property=\"og:locale\" content=\"hu_HU\" \/>\n<meta property=\"og:type\" content=\"article\" \/>\n<meta property=\"og:title\" content=\"Libera espacio en tu celular r\u00e1pidamente - Universo Fam\u00edlia\" \/>\n<meta property=\"og:description\" content=\"Libera espacio en tu celular r\u00e1pidamente. \u00bfAlguna vez intentaste tomar una foto importante y te apareci\u00f3 el mensaje: &quot;Espacio insuficiente&quot;?\" \/>\n<meta property=\"og:url\" content=\"https:\/\/universofamilia.com\/hu\/libera-espacio-en-tu-celular-rapidamente\/\" \/>\n<meta property=\"og:site_name\" content=\"Universo Fam\u00edlia\" \/>\n<meta property=\"article:published_time\" content=\"2024-11-25T19:44:40+00:00\" \/>\n<meta property=\"og:image\" content=\"https:\/\/universofamilia.com\/wp-content\/uploads\/sites\/148\/2024\/11\/DESTAQUE-UNIVERSO-550-x-350-4-3.jpg\" \/>\n\t<meta property=\"og:image:width\" content=\"550\" \/>\n\t<meta property=\"og:image:height\" content=\"350\" \/>\n\t<meta property=\"og:image:type\" content=\"image\/jpeg\" \/>\n<meta name=\"twitter:card\" content=\"summary_large_image\" \/>\n<meta name=\"twitter:label1\" content=\"Est. reading time\" \/>\n\t<meta name=\"twitter:data1\" content=\"8 perc\" \/>\n<script type=\"application\/ld+json\" class=\"yoast-schema-graph\">{\"@context\":\"https:\/\/schema.org\",\"@graph\":[{\"@type\":\"WebPage\",\"@id\":\"https:\/\/universofamilia.com\/nl\/libera-espacio-en-tu-celular-rapidamente\/\",\"url\":\"https:\/\/universofamilia.com\/nl\/libera-espacio-en-tu-celular-rapidamente\/\",\"name\":\"Libera espacio en tu celular r\u00e1pidamente - Universo Fam\u00edlia\",\"isPartOf\":{\"@id\":\"https:\/\/universofamilia.com\/el\/#website\"},\"primaryImageOfPage\":{\"@id\":\"https:\/\/universofamilia.com\/nl\/libera-espacio-en-tu-celular-rapidamente\/#primaryimage\"},\"image\":{\"@id\":\"https:\/\/universofamilia.com\/nl\/libera-espacio-en-tu-celular-rapidamente\/#primaryimage\"},\"thumbnailUrl\":\"http:\/\/universofamilia.com\/wp-content\/uploads\/sites\/148\/2024\/11\/DESTAQUE-UNIVERSO-550-x-350-4-3.jpg\",\"datePublished\":\"2024-11-25T19:44:40+00:00\",\"dateModified\":\"2024-11-25T19:44:40+00:00\",\"author\":{\"@id\":\"\"},\"description\":\"Libera espacio en tu celular r\u00e1pidamente. \u00bfAlguna vez intentaste tomar una foto importante y te apareci\u00f3 el mensaje: \\\"Espacio insuficiente\\\"?\",\"breadcrumb\":{\"@id\":\"https:\/\/universofamilia.com\/nl\/libera-espacio-en-tu-celular-rapidamente\/#breadcrumb\"},\"inLanguage\":\"hu\",\"potentialAction\":[{\"@type\":\"ReadAction\",\"target\":[\"https:\/\/universofamilia.com\/nl\/libera-espacio-en-tu-celular-rapidamente\/\"]}]},{\"@type\":\"ImageObject\",\"inLanguage\":\"hu\",\"@id\":\"https:\/\/universofamilia.com\/nl\/libera-espacio-en-tu-celular-rapidamente\/#primaryimage\",\"url\":\"http:\/\/universofamilia.com\/wp-content\/uploads\/sites\/148\/2024\/11\/DESTAQUE-UNIVERSO-550-x-350-4-3.jpg\",\"contentUrl\":\"http:\/\/universofamilia.com\/wp-content\/uploads\/sites\/148\/2024\/11\/DESTAQUE-UNIVERSO-550-x-350-4-3.jpg\",\"width\":550,\"height\":350,\"caption\":\"Libera espacio en tu celular r\u00e1pidamente\"},{\"@type\":\"BreadcrumbList\",\"@id\":\"https:\/\/universofamilia.com\/nl\/libera-espacio-en-tu-celular-rapidamente\/#breadcrumb\",\"itemListElement\":[{\"@type\":\"ListItem\",\"position\":1,\"name\":\"Home\",\"item\":\"https:\/\/universofamilia.com\/el\/\"},{\"@type\":\"ListItem\",\"position\":2,\"name\":\"Libera espacio en tu celular r\u00e1pidamente\"}]},{\"@type\":\"WebSite\",\"@id\":\"https:\/\/universofamilia.com\/el\/#website\",\"url\":\"https:\/\/universofamilia.com\/el\/\",\"name\":\"Universo Fam\u00edlia\",\"description\":\"\",\"potentialAction\":[{\"@type\":\"SearchAction\",\"target\":{\"@type\":\"EntryPoint\",\"urlTemplate\":\"https:\/\/universofamilia.com\/el\/?s={search_term_string}\"},\"query-input\":\"required name=search_term_string\"}],\"inLanguage\":\"hu\"}]}<\/script>\n<!-- \/ Yoast SEO plugin. -->","yoast_head_json":{"title":"Libera espacio en tu celular r\u00e1pidamente - Universo Fam\u00edlia","description":"Libera espacio en tu celular r\u00e1pidamente. \u00bfAlguna vez intentaste tomar una foto importante y te apareci\u00f3 el mensaje: \"Espacio insuficiente\"?","robots":{"index":"index","follow":"follow","max-snippet":"max-snippet:-1","max-image-preview":"max-image-preview:large","max-video-preview":"max-video-preview:-1"},"canonical":"https:\/\/universofamilia.com\/hu\/libera-espacio-en-tu-celular-rapidamente\/","og_locale":"hu_HU","og_type":"article","og_title":"Libera espacio en tu celular r\u00e1pidamente - Universo Fam\u00edlia","og_description":"Libera espacio en tu celular r\u00e1pidamente. \u00bfAlguna vez intentaste tomar una foto importante y te apareci\u00f3 el mensaje: \"Espacio insuficiente\"?","og_url":"https:\/\/universofamilia.com\/hu\/libera-espacio-en-tu-celular-rapidamente\/","og_site_name":"Universo Fam\u00edlia","article_published_time":"2024-11-25T19:44:40+00:00","og_image":[{"width":550,"height":350,"url":"https:\/\/universofamilia.com\/wp-content\/uploads\/sites\/148\/2024\/11\/DESTAQUE-UNIVERSO-550-x-350-4-3.jpg","type":"image\/jpeg"}],"twitter_card":"summary_large_image","twitter_misc":{"Est. reading time":"8 perc"},"schema":{"@context":"https:\/\/schema.org","@graph":[{"@type":"WebPage","@id":"https:\/\/universofamilia.com\/nl\/libera-espacio-en-tu-celular-rapidamente\/","url":"https:\/\/universofamilia.com\/nl\/libera-espacio-en-tu-celular-rapidamente\/","name":"Libera espacio en tu celular r\u00e1pidamente - Universo Fam\u00edlia","isPartOf":{"@id":"https:\/\/universofamilia.com\/el\/#website"},"primaryImageOfPage":{"@id":"https:\/\/universofamilia.com\/nl\/libera-espacio-en-tu-celular-rapidamente\/#primaryimage"},"image":{"@id":"https:\/\/universofamilia.com\/nl\/libera-espacio-en-tu-celular-rapidamente\/#primaryimage"},"thumbnailUrl":"http:\/\/universofamilia.com\/wp-content\/uploads\/sites\/148\/2024\/11\/DESTAQUE-UNIVERSO-550-x-350-4-3.jpg","datePublished":"2024-11-25T19:44:40+00:00","dateModified":"2024-11-25T19:44:40+00:00","author":{"@id":""},"description":"Libera espacio en tu celular r\u00e1pidamente. \u00bfAlguna vez intentaste tomar una foto importante y te apareci\u00f3 el mensaje: \"Espacio insuficiente\"?","breadcrumb":{"@id":"https:\/\/universofamilia.com\/nl\/libera-espacio-en-tu-celular-rapidamente\/#breadcrumb"},"inLanguage":"hu","potentialAction":[{"@type":"ReadAction","target":["https:\/\/universofamilia.com\/nl\/libera-espacio-en-tu-celular-rapidamente\/"]}]},{"@type":"ImageObject","inLanguage":"hu","@id":"https:\/\/universofamilia.com\/nl\/libera-espacio-en-tu-celular-rapidamente\/#primaryimage","url":"http:\/\/universofamilia.com\/wp-content\/uploads\/sites\/148\/2024\/11\/DESTAQUE-UNIVERSO-550-x-350-4-3.jpg","contentUrl":"http:\/\/universofamilia.com\/wp-content\/uploads\/sites\/148\/2024\/11\/DESTAQUE-UNIVERSO-550-x-350-4-3.jpg","width":550,"height":350,"caption":"Libera espacio en tu celular r\u00e1pidamente"},{"@type":"BreadcrumbList","@id":"https:\/\/universofamilia.com\/nl\/libera-espacio-en-tu-celular-rapidamente\/#breadcrumb","itemListElement":[{"@type":"ListItem","position":1,"name":"Home","item":"https:\/\/universofamilia.com\/el\/"},{"@type":"ListItem","position":2,"name":"Libera espacio en tu celular r\u00e1pidamente"}]},{"@type":"WebSite","@id":"https:\/\/universofamilia.com\/el\/#website","url":"https:\/\/universofamilia.com\/el\/","name":"Universo Fam\u00edlia","description":"","potentialAction":[{"@type":"SearchAction","target":{"@type":"EntryPoint","urlTemplate":"https:\/\/universofamilia.com\/el\/?s={search_term_string}"},"query-input":"required name=search_term_string"}],"inLanguage":"hu"}]}},"_links":{"self":[{"href":"http:\/\/universofamilia.com\/hu\/wp-json\/wp\/v2\/posts\/7539"}],"collection":[{"href":"http:\/\/universofamilia.com\/hu\/wp-json\/wp\/v2\/posts"}],"about":[{"href":"http:\/\/universofamilia.com\/hu\/wp-json\/wp\/v2\/types\/post"}],"replies":[{"embeddable":true,"href":"http:\/\/universofamilia.com\/hu\/wp-json\/wp\/v2\/comments?post=7539"}],"version-history":[{"count":0,"href":"http:\/\/universofamilia.com\/hu\/wp-json\/wp\/v2\/posts\/7539\/revisions"}],"wp:featuredmedia":[{"embeddable":true,"href":"http:\/\/universofamilia.com\/hu\/wp-json\/wp\/v2\/media\/7540"}],"wp:attachment":[{"href":"http:\/\/universofamilia.com\/hu\/wp-json\/wp\/v2\/media?parent=7539"}],"wp:term":[{"taxonomy":"category","embeddable":true,"href":"http:\/\/universofamilia.com\/hu\/wp-json\/wp\/v2\/categories?post=7539"},{"taxonomy":"post_tag","embeddable":true,"href":"http:\/\/universofamilia.com\/hu\/wp-json\/wp\/v2\/tags?post=7539"}],"curies":[{"name":"wp","href":"https:\/\/api.w.org\/{rel}","templated":true}]}}