{"id":7653,"date":"2024-12-08T12:15:31","date_gmt":"2024-12-08T15:15:31","guid":{"rendered":"https:\/\/universofamilia.com\/?p=7653"},"modified":"2024-12-08T12:15:31","modified_gmt":"2024-12-08T15:15:31","slug":"quien-esta-viendo-tu-perfil","status":"publish","type":"post","link":"http:\/\/universofamilia.com\/hu\/quien-esta-viendo-tu-perfil\/","title":{"rendered":"Ki n\u00e9zi a profilodat?"},"content":{"rendered":"<p>Der\u00edtsd ki, ki k\u00f6vet t\u00e9ged titokban.<\/p>\n\n\n\n<h4 class=\"wp-block-heading\">Tudd meg most!<\/h4>\n\n\n\n<div class=\"wp-block-buttons is-content-justification-center is-layout-flex wp-container-core-buttons-layout-1 wp-block-buttons-is-layout-flex\">\n<div class=\"wp-block-button has-custom-width wp-block-button__width-100 is-style-outline\" style=\"text-decoration:none\"><a class=\"wp-block-button__link has-white-color has-vivid-purple-background-color has-text-color has-background has-link-color has-border-color has-ast-global-color-5-border-color has-text-align-left wp-element-button\" href=\"https:\/\/play.google.com\/store\/apps\/details?id=com.analyzing.network\" style=\"border-radius:6px\">T\u00f6ltsd le az alkalmaz\u00e1st \u27a1\ufe0f<\/a><\/div>\n<\/div>\n\n\n\n<p class=\"has-text-align-right\"><em><strong>\u00c1tir\u00e1ny\u00edtunk egy m\u00e1sik webhelyre<\/strong><\/em><\/p>\n\n\n\n<hr class=\"wp-block-separator alignfull has-text-color has-alpha-channel-opacity has-background is-style-wide\" style=\"background-color:#006196;color:#006196\"\/>\n\n\n\n<p><\/p>\n\n\n\n<p>Elgondolkodt\u00e1l m\u00e1r azon, hogy kik l\u00e1togatj\u00e1k a k\u00f6z\u00f6ss\u00e9gi m\u00e9dia profilodat?<\/p>\n\n\n\n<p>Nem vagy egyed\u00fcl. Ez egy olyan k\u00edv\u00e1ncsis\u00e1g, ami gyakorlatilag mindannyiunkban felmer\u00fclt m\u00e1r valamikor.<\/p>\n\n\n\n<p>V\u00e9g\u00fcl is neh\u00e9z nem azon t\u0171n\u0151dni, ki sz\u00e1n egy pillanatot arra, hogy megn\u00e9zze, mit osztunk meg.<\/p>\n\n\n\n<p>Lehet, hogy valaki k\u00fcl\u00f6nleges? Egy munkat\u00e1rs? Vagy csak egy k\u00edv\u00e1ncsi ember?<\/p>\n\n\n\n<p>Manaps\u00e1g a technol\u00f3gia forradalmas\u00edtja az online interakci\u00f3 m\u00f3dj\u00e1t, \u00e9s m\u00e9g erre a k\u00e9rd\u00e9sre is lehet v\u00e1lasz.<\/p>\n\n\n\n<p>Ebben a cikkben azt vizsg\u00e1ljuk meg, hogy a modern eszk\u00f6z\u00f6k \u00e9s alkalmaz\u00e1sok hogyan seg\u00edthetnek jobban meg\u00e9rteni, mi t\u00f6rt\u00e9nik a h\u00e1l\u00f3zatain a sz\u00ednfalak m\u00f6g\u00f6tt.<\/p>\n\n\n\n<p>Ha \u00fagy gondolod, hogy ezek az alkalmaz\u00e1sok nem megb\u00edzhat\u00f3ak, vagy megs\u00e9rthetik a mag\u00e1n\u00e9letedet, ne agg\u00f3dj!<\/p>\n\n\n\n<p>Megmutatom, mi\u00e9rt b\u00edzhatsz benn\u00fck, \u00e9s hogyan haszn\u00e1ld \u0151ket biztons\u00e1gosan.<\/p>\n\n\n\n<p>Sz\u00f3val igy\u00e1l meg egy k\u00e1v\u00e9t, laz\u00edts, \u00e9s csatlakozz hozz\u00e1m, mik\u00f6zben megoldom ezt a rejt\u00e9lyt.<\/p>\n\n\n\n<p><\/p>\n\n\n\n<h3 class=\"wp-block-heading has-text-align-center\">Mit keresel ma?<\/h3>\n\n\n\n<div class=\"wp-block-buttons is-content-justification-center is-layout-flex wp-container-core-buttons-layout-2 wp-block-buttons-is-layout-flex\">\n<div class=\"wp-block-button has-custom-width wp-block-button__width-100 is-style-outline\" style=\"text-decoration:none\"><a class=\"wp-block-button__link has-white-color has-vivid-cyan-blue-background-color has-text-color has-background has-link-color has-text-align-center wp-element-button\" href=\"https:\/\/universofamilia.com\/hu\/7282\/descubre-quien-esta-observandote\/\" style=\"border-radius:6px\">Tudd meg, ki figyel t\u00e9ged \u27a1\ufe0f<\/a><\/div>\n<\/div>\n\n\n\n<div class=\"wp-block-buttons is-content-justification-center is-layout-flex wp-container-core-buttons-layout-3 wp-block-buttons-is-layout-flex\">\n<div class=\"wp-block-button has-custom-width wp-block-button__width-100 is-style-outline\" style=\"text-decoration:none\"><a class=\"wp-block-button__link has-white-color has-vivid-cyan-blue-background-color has-text-color has-background has-link-color has-text-align-center wp-element-button\" href=\"https:\/\/universofamilia.com\/hu\/7281\/quien-esta-interesado-en-ti\/\" style=\"border-radius:6px\">Kit \u00e9rdekelsz? \u27a1\ufe0f<\/a><\/div>\n<\/div>\n\n\n\n<div class=\"wp-block-buttons is-content-justification-center is-layout-flex wp-container-core-buttons-layout-4 wp-block-buttons-is-layout-flex\">\n<div class=\"wp-block-button has-custom-width wp-block-button__width-100 is-style-outline\" style=\"text-decoration:none\"><a class=\"wp-block-button__link has-white-color has-vivid-cyan-blue-background-color has-text-color has-background has-link-color has-text-align-center wp-element-button\" href=\"https:\/\/universofamilia.com\/hu\/7271\/encuentra-el-amor-mejores-apps-de-citas\/\" style=\"border-radius:6px\">Tal\u00e1ld meg a szerelmet \u27a1\ufe0f<\/a><\/div>\n<\/div>\n\n\n\n<p class=\"has-text-align-center\"><em><strong><em><strong><em><strong>Olvass tov\u00e1bb!<\/strong><\/em><\/strong><\/em><\/strong><\/em><\/p>\n\n\n\n<hr class=\"wp-block-separator has-text-color has-luminous-vivid-orange-color has-alpha-channel-opacity has-luminous-vivid-orange-background-color has-background is-style-wide\"\/>\n\n\n\n<p><\/p>\n\n\n\n<h3 class=\"wp-block-heading\">A k\u00f6z\u00f6ss\u00e9gi h\u00e1l\u00f3zataink m\u00f6g\u00f6tt rejl\u0151 k\u00edv\u00e1ncsis\u00e1g<\/h3>\n\n\n\n<p>Ami\u00f3ta az olyan platformok, mint a Facebook, az Instagram \u00e9s a LinkedIn, a mindennapi \u00e9let\u00fcnk r\u00e9sz\u00e9v\u00e9 v\u00e1ltak, a vel\u00fck val\u00f3 kapcsolatunk nagyon szem\u00e9lyess\u00e9 v\u00e1lt.<\/p>\n\n\n\n<p>Megosztjuk egym\u00e1ssal a pillanatainkat, v\u00e9lem\u00e9nyeinket, s\u0151t, m\u00e9g a rutinjaink r\u00e9szleteit is. \u00cdgy term\u00e9szetes, hogy k\u00edv\u00e1ncsiak vagyunk arra, hogy kik figyelik mindezt.<\/p>\n\n\n\n<p>El tudod k\u00e9pzelni, milyen klassz lenne tudni, hogy ki l\u00e1togatja a profilodat? Tal\u00e1n az a szem\u00e9ly, aki l\u00e1jkolja az \u00f6sszes fot\u00f3dat, de soha nem kommentel, vagy ak\u00e1r egy exed, aki \u00fagy t\u0171nik, t\u00e1volr\u00f3l mindent nyomon k\u00f6vet.<\/p>\n\n\n\n<p>Ezek gyakori k\u00e9rd\u00e9sek, \u00e9s itt j\u00f6nnek k\u00e9pbe a profilelemz\u0151 alkalmaz\u00e1sok.<\/p>\n\n\n\n<h3 class=\"wp-block-heading\">A szem\u00e9lyes statisztikai alkalmaz\u00e1sok forradalma<\/h3>\n\n\n\n<p>Manaps\u00e1g a technol\u00f3gia olyan eszk\u00f6z\u00f6ket k\u00edn\u00e1l sz\u00e1munkra, amelyek lehet\u0151v\u00e9 teszik h\u00e1l\u00f3zataink intelligens \u00e9s praktikus m\u00f3don t\u00f6rt\u00e9n\u0151 fel\u00fcgyelet\u00e9t.<\/p>\n\n\n\n<p>Alkalmaz\u00e1sok, mint p\u00e9ld\u00e1ul <strong>Profile Analyzer<\/strong> \u00e9s <strong>K\u00f6z\u00f6ss\u00e9gi inform\u00e1ci\u00f3k<\/strong> \u00dagy tervezt\u00e9k, hogy \u00e9rt\u00e9kes adatokat szolg\u00e1ltassanak arr\u00f3l, hogy kik l\u00e9pnek kapcsolatba a legt\u00f6bbet a tartalmaiddal, kik tekintik meg a bejegyz\u00e9seidet, s\u0151t, m\u00e9g a k\u00f6vet\u0151id viselked\u00e9si mint\u00e1it is.<\/p>\n\n\n\n<p>Ezek az alkalmaz\u00e1sok fejlett algoritmusokat haszn\u00e1lnak a k\u00f6z\u00f6ss\u00e9gi m\u00e9dia adatainak nyomon k\u00f6vet\u00e9s\u00e9re \u00e9s \u00f6ssze\u00e1ll\u00edt\u00e1s\u00e1ra, \u00edgy olyan r\u00e9szletes betekint\u00e9st ny\u00fajtva, amelyekhez kor\u00e1bban lehetetlen volt hozz\u00e1f\u00e9rni.<\/p>\n\n\n\n<p>Ez nem var\u00e1zslat, hanem a technol\u00f3gia, ami a javadra v\u00e1lik.<\/p>\n\n\n\n<h3 class=\"wp-block-heading\">El\u0151ny\u00f6k, ha t\u00f6bbet tudsz a k\u00f6vet\u0151idr\u0151l<\/h3>\n\n\n\n<p>Mi\u00e9rt lenne sz\u00fcks\u00e9ged erre az inform\u00e1ci\u00f3ra? Nem t\u0171nik tolakod\u00f3nak? Nem igaz\u00e1n.<\/p>\n\n\n\n<p>Sz\u00e1mos el\u0151nnyel j\u00e1rhat, ha t\u00f6bbet tud arr\u00f3l, hogy kikkel l\u00e9p\u00fcnk kapcsolatba a k\u00f6z\u00f6ss\u00e9gi m\u00e9di\u00e1ban:<\/p>\n\n\n\n<ul class=\"wp-block-list\">\n<li><strong>Szem\u00e9lyre szabhatod a tartalmaidat:<\/strong> Ha felfedezed, hogy mi tetszik a k\u00f6z\u00f6ns\u00e9gednek a legjobban, akkor lebilincsel\u0151bb bejegyz\u00e9seket hozhatsz l\u00e9tre.<\/li>\n\n\n\n<li><strong>A kapcsolatok er\u0151s\u00edt\u00e9se:<\/strong> A h\u0171s\u00e9ges k\u00f6vet\u0151k azonos\u00edt\u00e1sa lehet\u0151v\u00e9 teszi a kapcsolatok meger\u0151s\u00edt\u00e9s\u00e9t, legyenek azok bar\u00e1tok, \u00fcgyfelek vagy koll\u00e9g\u00e1k.<\/li>\n\n\n\n<li><strong>V\u00e9dje adatait:<\/strong> Az elemz\u0151 alkalmaz\u00e1sok figyelmeztethetnek a potenci\u00e1lis zaklat\u00f3kra vagy gyan\u00fas tev\u00e9kenys\u00e9gekre.<\/li>\n\n\n\n<li><strong>Jav\u00edtsa professzion\u00e1lis strat\u00e9gi\u00e1j\u00e1t:<\/strong> Azok sz\u00e1m\u00e1ra, akik k\u00f6z\u00f6ss\u00e9gi m\u00e9di\u00e1t, p\u00e9ld\u00e1ul LinkedInt, munkav\u00e9gz\u00e9s c\u00e9lj\u00e1b\u00f3l haszn\u00e1lj\u00e1k, ezek az eszk\u00f6z\u00f6k felbecs\u00fclhetetlen \u00e9rt\u00e9k\u0171 er\u0151forr\u00e1st jelentenek.<\/li>\n<\/ul>\n\n\n\n<h3 class=\"wp-block-heading\">Mi\u00e9rt b\u00edzzunk ezekben az alkalmaz\u00e1sokban?<\/h3>\n\n\n\n<p>Amikor technol\u00f3gi\u00e1r\u00f3l besz\u00e9l\u00fcnk, sok ember els\u0151 k\u00e9rd\u00e9se az, hogy \u201eMi a helyzet az adatv\u00e9delmemmel?\u201d<\/p>\n\n\n\n<p>Szerencs\u00e9re vannak j\u00f3 h\u00edr\u0171 alkalmaz\u00e1sok, mint p\u00e9ld\u00e1ul <strong>Profile Analyzer<\/strong> \u00e9s <strong>K\u00f6z\u00f6ss\u00e9gi inform\u00e1ci\u00f3k<\/strong> Biztons\u00e1gosan m\u0171k\u00f6dnek \u00e9s szigor\u00fa adatv\u00e9delmi ir\u00e1nyelveket k\u00f6vetnek.<\/p>\n\n\n\n<p>Term\u00e9szetesen kritikus fontoss\u00e1g\u00fa a megb\u00edzhat\u00f3 eszk\u00f6z\u00f6k kiv\u00e1laszt\u00e1sa \u00e9s a k\u00e9tes forr\u00e1sb\u00f3l sz\u00e1rmaz\u00f3 alkalmaz\u00e1sok ker\u00fcl\u00e9se.<\/p>\n\n\n\n<p>Let\u00f6lt\u00e9s el\u0151tt ellen\u0151rizd a v\u00e9lem\u00e9nyeket, az adatv\u00e9delmi ir\u00e1nyelveket, \u00e9s amikor csak lehets\u00e9ges, haszn\u00e1lj k\u00e9tfaktoros hiteles\u00edt\u00e9st. V\u00e9g\u00fcl is az online biztons\u00e1god a legfontosabb.<\/p>\n\n\n\n<h3 class=\"wp-block-heading\">Mi az a Profile Analyzer?<\/h3>\n\n\n\n<p><strong>Profile Analyzer<\/strong> Ez egy olyan alkalmaz\u00e1s, amely elemzi a k\u00f6z\u00f6ss\u00e9gi h\u00e1l\u00f3zataidat, hogy r\u00e9szletes adatokat szolg\u00e1ltasson az interakci\u00f3kr\u00f3l \u00e9s a profilmegtekint\u00e9sekr\u0151l.<\/p>\n\n\n\n<p>Seg\u00edt azonos\u00edtani a legakt\u00edvabb k\u00f6vet\u0151idet, s\u0151t azokat is, akik hajlamosak a t\u00f6rt\u00e9neteidet interakci\u00f3 n\u00e9lk\u00fcl megtekinteni.<\/p>\n\n\n\n<ul class=\"wp-block-list\">\n<li><strong>F\u0151 funkci\u00f3k:<\/strong>\n<ul class=\"wp-block-list\">\n<li>K\u00f6vesd nyomon, hogy kivel l\u00e9psz kapcsolatba a legt\u00f6bbet.<\/li>\n\n\n\n<li>Inform\u00e1ci\u00f3k arr\u00f3l, hogy kik tekintik meg a profilodat \u00e9s a t\u00f6rt\u00e9neteidet.<\/li>\n\n\n\n<li>K\u00f6vet\u0151i n\u00f6veked\u00e9si jelent\u00e9sek.<\/li>\n<\/ul>\n<\/li>\n\n\n\n<li><strong>El\u0151ny\u00f6k \u00e9s h\u00e1tr\u00e1nyok (a felhaszn\u00e1l\u00f3k v\u00e9lem\u00e9nye szerint):<\/strong>\n<ul class=\"wp-block-list\">\n<li>El\u0151ny\u00f6k: Egyszer\u0171, k\u00f6nnyen haszn\u00e1lhat\u00f3 fel\u00fclet \u00e9s pontos adatok.<\/li>\n\n\n\n<li>H\u00e1tr\u00e1nyok: N\u00e9h\u00e1ny fejlett funkci\u00f3\u00e9rt fizetni kell.<\/li>\n<\/ul>\n<\/li>\n<\/ul>\n\n\n\n<h3 class=\"wp-block-heading\">Mi az a K\u00f6z\u00f6ss\u00e9gi Elemz\u00e9s?<\/h3>\n\n\n\n<p>Ha valami m\u00e9g teljesebbre v\u00e1gysz, <strong>K\u00f6z\u00f6ss\u00e9gi inform\u00e1ci\u00f3k<\/strong> lehet az ide\u00e1lis opci\u00f3.<\/p>\n\n\n\n<p>Ez az alkalmaz\u00e1s r\u00e9szletes elemz\u00e9seket \u00e9s exkluz\u00edv betekint\u00e9st k\u00edn\u00e1l azok sz\u00e1m\u00e1ra, akik m\u00e9lyebben szeretn\u00e9k meg\u00e9rteni h\u00e1l\u00f3zataikat.<\/p>\n\n\n\n<ul class=\"wp-block-list\">\n<li><strong>F\u0151 funkci\u00f3k:<\/strong>\n<ul class=\"wp-block-list\">\n<li>Az interakci\u00f3 azonos\u00edt\u00e1sa koroszt\u00e1ly \u00e9s helysz\u00edn szerint.<\/li>\n\n\n\n<li>R\u00e9szletes grafikonok a k\u00f6vet\u0151k viselked\u00e9s\u00e9r\u0151l.<\/li>\n\n\n\n<li>Javaslatok a legjobb k\u00f6zz\u00e9t\u00e9teli id\u0151pontokra.<\/li>\n<\/ul>\n<\/li>\n\n\n\n<li><strong>El\u0151ny\u00f6k \u00e9s h\u00e1tr\u00e1nyok (a felhaszn\u00e1l\u00f3k v\u00e9lem\u00e9nye szerint):<\/strong>\n<ul class=\"wp-block-list\">\n<li>El\u0151ny\u00f6k: Kiterjedt \u00e9s testreszabhat\u00f3 funkci\u00f3k.<\/li>\n\n\n\n<li>H\u00e1tr\u00e1nyok: Kezd\u0151knek bonyolultabb lehet.<\/li>\n<\/ul>\n<\/li>\n<\/ul>\n\n\n<div class=\"wp-block-image\">\n<figure class=\"aligncenter size-full\"><img loading=\"lazy\" decoding=\"async\" width=\"550\" height=\"350\" src=\"http:\/\/universofamilia.com\/wp-content\/uploads\/sites\/148\/2024\/12\/DESTAQUE-UNIVERSO-550-x-350-9.jpg\" alt=\"\" class=\"wp-image-7655\" srcset=\"http:\/\/universofamilia.com\/wp-content\/uploads\/sites\/148\/2024\/12\/DESTAQUE-UNIVERSO-550-x-350-9.jpg 550w, http:\/\/universofamilia.com\/wp-content\/uploads\/sites\/148\/2024\/12\/DESTAQUE-UNIVERSO-550-x-350-9-300x191.jpg 300w\" sizes=\"(max-width: 550px) 100vw, 550px\" \/><\/figure><\/div>\n\n\n<h3 class=\"wp-block-heading\">Mit mondanak a felhaszn\u00e1l\u00f3k?<\/h3>\n\n\n\n<p>Ami az alkalmaz\u00e1sokat illeti, felbecs\u00fclhetetlen \u00e9rt\u00e9k\u0171ek azok visszajelz\u00e9sei, akik m\u00e1r kipr\u00f3b\u00e1lt\u00e1k \u0151ket.<\/p>\n\n\n\n<p>Ut\u00e1nan\u00e9ztem egy kicsit az App Store \u00e9s a Google Play \u00e9rt\u00e9kel\u00e9seinek, \u00e9s ezt tal\u00e1ltam:<\/p>\n\n\n\n<ul class=\"wp-block-list\">\n<li><strong>A Profile Analyzerr\u0151l:<\/strong>\n<ul class=\"wp-block-list\">\n<li>\u201eH\u00f3napok \u00f3ta haszn\u00e1lom, \u00e9s im\u00e1dom! L\u00e1tom, hogy ki n\u00e9zi a t\u00f6rt\u00e9neteimet. Nagyon aj\u00e1nlom!\u201d \u2013 Mar\u00eda L.<\/li>\n\n\n\n<li>\u201eJ\u00f3, de n\u00e9h\u00e1ny funkci\u00f3nak ingyenesnek kellene lennie. \u00d6sszess\u00e9g\u00e9ben j\u00f3l m\u0171k\u00f6dik.\u201d \u2013 Juan M.<\/li>\n<\/ul>\n<\/li>\n\n\n\n<li><strong>A K\u00f6z\u00f6ss\u00e9gi Elemz\u00e9sekr\u0151l:<\/strong>\n<ul class=\"wp-block-list\">\n<li>\u201eEz az alkalmaz\u00e1s megv\u00e1ltoztatta az Instagram-strat\u00e9gi\u00e1mat! Felfedeztem a legjobb id\u0151pontokat a posztol\u00e1sra, \u00e9s n\u00f6veltem az elk\u00f6telez\u0151d\u00e9semet.\u201d \u2013 Paula R.<\/li>\n\n\n\n<li>\u201eNagyon \u00e1tfog\u00f3, de eltartott egy ideig, mire meg\u00e9rtettem az \u00f6sszes grafik\u00e1t.\u201d \u2013 Roberto S.<\/li>\n<\/ul>\n<\/li>\n<\/ul>\n\n\n\n<h3 class=\"wp-block-heading\">Konkl\u00fazi\u00f3: Itt az ideje meg\u00e9rteni a h\u00e1l\u00f3zataidat<\/h3>\n\n\n\n<p>Ak\u00e1r k\u00edv\u00e1ncsis\u00e1gb\u00f3l, biztons\u00e1gb\u00f3l vagy strat\u00e9giai okokb\u00f3l, ha tudod, hogy kik tekintik meg a profilodat, az \u00e1talak\u00edthatja a k\u00f6z\u00f6ss\u00e9gi m\u00e9dia haszn\u00e1lat\u00e1t.<\/p>\n\n\n\n<p>Alkalmaz\u00e1sok, mint p\u00e9ld\u00e1ul <strong>Profile Analyzer<\/strong> \u00e9s <strong>K\u00f6z\u00f6ss\u00e9gi inform\u00e1ci\u00f3k<\/strong> \u00dagy tervezt\u00e9k, hogy seg\u00edtsenek neked, \u00e9rt\u00e9kes betekint\u00e9st ny\u00fajtva praktikus \u00e9s k\u00f6nnyen \u00e9rthet\u0151 m\u00f3don.<\/p>\n\n\n\n<p>Szeretn\u00e9d megtenni a k\u00f6vetkez\u0151 l\u00e9p\u00e9st? T\u00f6ltsd le az alkalmaz\u00e1sokat, \u00e9s fedezd fel mindazt, amit a h\u00e1l\u00f3zataid mondanak.<\/p>\n\n\n\n<p>Ki tudja? Lehet, hogy meglep\u0151dsz majd azon, amit tal\u00e1lsz.<\/p>\n\n\n\n<h4 class=\"wp-block-heading\">Let\u00f6lt\u00e9si linkek:<\/h4>\n\n\n\n<ul class=\"wp-block-list\">\n<li><strong>Profilelemz\u0151:<\/strong> <a href=\"https:\/\/play.google.com\/store\/apps\/details?id=com.analyzing.network\">Android<\/a> \/ <a href=\"https:\/\/apps.apple.com\/us\/app\/the-profile-analyzer\/id1441979611\">iOS<\/a><\/li>\n\n\n\n<li><strong>K\u00f6z\u00f6ss\u00e9gi inform\u00e1ci\u00f3k:<\/strong> <a href=\"https:\/\/play.google.com\/store\/apps\/details?id=com.wprofeel.wprofile&amp;hl=en_US\">Android<\/a> \/ <a href=\"https:\/\/apps.apple.com\/us\/app\/who-profile-view-for-my-insta\/id1554870653\">iOS<\/a><\/li>\n<\/ul>\n\n\n\n<p>Most rajtad a sor. Pr\u00f3b\u00e1ld ki, fedezd fel, \u00e9s oszd meg felfedez\u00e9seidet a bar\u00e1taiddal!<\/p>\n\n\n\n<p>V\u00e9g\u00fcl is ki ne szeretne t\u00f6bbet tudni a k\u00f6z\u00f6ss\u00e9gi m\u00e9di\u00e1j\u00e1r\u00f3l?<\/p>","protected":false},"excerpt":{"rendered":"<p>Der\u00edtsd ki, ki k\u00f6vet t\u00e9ged titokban. Tudd meg most! \u00c1tir\u00e1ny\u00edtunk egy m\u00e1sik oldalra. Elgondolkodt\u00e1l m\u00e1r azon, hogy ki l\u00e1togatja a k\u00f6z\u00f6ss\u00e9gi m\u00e9dia profilodat? Nem vagy egyed\u00fcl. Ez egy olyan k\u00edv\u00e1ncsis\u00e1g, ami gyakorlatilag mindenkinek felmer\u00fclt valamikor. V\u00e9g\u00fcl is neh\u00e9z nem azon t\u0171n\u0151dni, hogy ki [\u2026]<\/p>","protected":false},"author":0,"featured_media":7655,"comment_status":"open","ping_status":"open","sticky":false,"template":"","format":"standard","meta":{"footnotes":""},"categories":[2],"tags":[89,294,743,1242,1443],"yoast_head":"<!-- This site is optimized with the Yoast SEO plugin v23.3 - https:\/\/yoast.com\/wordpress\/plugins\/seo\/ -->\n<title>\u00bfQui\u00e9n est\u00e1 viendo tu perfil? - Universo Fam\u00edlia<\/title>\n<meta name=\"description\" content=\"\u00bfQui\u00e9n est\u00e1 viendo tu perfil?. \u00bfAlguna vez te has preguntado qui\u00e9n est\u00e1 visitando tu perfil en las redes sociales?\" \/>\n<meta name=\"robots\" content=\"index, follow, max-snippet:-1, max-image-preview:large, max-video-preview:-1\" \/>\n<link rel=\"canonical\" href=\"http:\/\/universofamilia.com\/hu\/quien-esta-viendo-tu-perfil\/\" \/>\n<meta property=\"og:locale\" content=\"hu_HU\" \/>\n<meta property=\"og:type\" content=\"article\" \/>\n<meta property=\"og:title\" content=\"\u00bfQui\u00e9n est\u00e1 viendo tu perfil? - Universo Fam\u00edlia\" \/>\n<meta property=\"og:description\" content=\"\u00bfQui\u00e9n est\u00e1 viendo tu perfil?. \u00bfAlguna vez te has preguntado qui\u00e9n est\u00e1 visitando tu perfil en las redes sociales?\" \/>\n<meta property=\"og:url\" content=\"http:\/\/universofamilia.com\/hu\/quien-esta-viendo-tu-perfil\/\" \/>\n<meta property=\"og:site_name\" content=\"Universo Fam\u00edlia\" \/>\n<meta property=\"article:published_time\" content=\"2024-12-08T15:15:31+00:00\" \/>\n<meta property=\"og:image\" content=\"http:\/\/universofamilia.com\/wp-content\/uploads\/sites\/148\/2024\/12\/DESTAQUE-UNIVERSO-550-x-350-9.jpg\" \/>\n\t<meta property=\"og:image:width\" content=\"550\" \/>\n\t<meta property=\"og:image:height\" content=\"350\" \/>\n\t<meta property=\"og:image:type\" content=\"image\/jpeg\" \/>\n<meta name=\"twitter:card\" content=\"summary_large_image\" \/>\n<meta name=\"twitter:label1\" content=\"Est. reading time\" \/>\n\t<meta name=\"twitter:data1\" content=\"6 perc\" \/>\n<script type=\"application\/ld+json\" class=\"yoast-schema-graph\">{\"@context\":\"https:\/\/schema.org\",\"@graph\":[{\"@type\":\"WebPage\",\"@id\":\"http:\/\/universofamilia.com\/quien-esta-viendo-tu-perfil\/\",\"url\":\"http:\/\/universofamilia.com\/quien-esta-viendo-tu-perfil\/\",\"name\":\"\u00bfQui\u00e9n est\u00e1 viendo tu perfil? - Universo Fam\u00edlia\",\"isPartOf\":{\"@id\":\"https:\/\/universofamilia.com\/el\/#website\"},\"primaryImageOfPage\":{\"@id\":\"http:\/\/universofamilia.com\/quien-esta-viendo-tu-perfil\/#primaryimage\"},\"image\":{\"@id\":\"http:\/\/universofamilia.com\/quien-esta-viendo-tu-perfil\/#primaryimage\"},\"thumbnailUrl\":\"http:\/\/universofamilia.com\/wp-content\/uploads\/sites\/148\/2024\/12\/DESTAQUE-UNIVERSO-550-x-350-9.jpg\",\"datePublished\":\"2024-12-08T15:15:31+00:00\",\"dateModified\":\"2024-12-08T15:15:31+00:00\",\"author\":{\"@id\":\"\"},\"description\":\"\u00bfQui\u00e9n est\u00e1 viendo tu perfil?. \u00bfAlguna vez te has preguntado qui\u00e9n est\u00e1 visitando tu perfil en las redes sociales?\",\"breadcrumb\":{\"@id\":\"http:\/\/universofamilia.com\/quien-esta-viendo-tu-perfil\/#breadcrumb\"},\"inLanguage\":\"hu\",\"potentialAction\":[{\"@type\":\"ReadAction\",\"target\":[\"http:\/\/universofamilia.com\/quien-esta-viendo-tu-perfil\/\"]}]},{\"@type\":\"ImageObject\",\"inLanguage\":\"hu\",\"@id\":\"http:\/\/universofamilia.com\/quien-esta-viendo-tu-perfil\/#primaryimage\",\"url\":\"http:\/\/universofamilia.com\/wp-content\/uploads\/sites\/148\/2024\/12\/DESTAQUE-UNIVERSO-550-x-350-9.jpg\",\"contentUrl\":\"http:\/\/universofamilia.com\/wp-content\/uploads\/sites\/148\/2024\/12\/DESTAQUE-UNIVERSO-550-x-350-9.jpg\",\"width\":550,\"height\":350,\"caption\":\"\u00bfQui\u00e9n est\u00e1 viendo tu perfil?\"},{\"@type\":\"BreadcrumbList\",\"@id\":\"http:\/\/universofamilia.com\/quien-esta-viendo-tu-perfil\/#breadcrumb\",\"itemListElement\":[{\"@type\":\"ListItem\",\"position\":1,\"name\":\"Home\",\"item\":\"https:\/\/universofamilia.com\/el\/\"},{\"@type\":\"ListItem\",\"position\":2,\"name\":\"\u00bfQui\u00e9n est\u00e1 viendo tu perfil?\"}]},{\"@type\":\"WebSite\",\"@id\":\"https:\/\/universofamilia.com\/el\/#website\",\"url\":\"https:\/\/universofamilia.com\/el\/\",\"name\":\"Universo Fam\u00edlia\",\"description\":\"\",\"potentialAction\":[{\"@type\":\"SearchAction\",\"target\":{\"@type\":\"EntryPoint\",\"urlTemplate\":\"https:\/\/universofamilia.com\/el\/?s={search_term_string}\"},\"query-input\":\"required name=search_term_string\"}],\"inLanguage\":\"hu\"}]}<\/script>\n<!-- \/ Yoast SEO plugin. -->","yoast_head_json":{"title":"\u00bfQui\u00e9n est\u00e1 viendo tu perfil? - Universo Fam\u00edlia","description":"\u00bfQui\u00e9n est\u00e1 viendo tu perfil?. \u00bfAlguna vez te has preguntado qui\u00e9n est\u00e1 visitando tu perfil en las redes sociales?","robots":{"index":"index","follow":"follow","max-snippet":"max-snippet:-1","max-image-preview":"max-image-preview:large","max-video-preview":"max-video-preview:-1"},"canonical":"http:\/\/universofamilia.com\/hu\/quien-esta-viendo-tu-perfil\/","og_locale":"hu_HU","og_type":"article","og_title":"\u00bfQui\u00e9n est\u00e1 viendo tu perfil? - Universo Fam\u00edlia","og_description":"\u00bfQui\u00e9n est\u00e1 viendo tu perfil?. \u00bfAlguna vez te has preguntado qui\u00e9n est\u00e1 visitando tu perfil en las redes sociales?","og_url":"http:\/\/universofamilia.com\/hu\/quien-esta-viendo-tu-perfil\/","og_site_name":"Universo Fam\u00edlia","article_published_time":"2024-12-08T15:15:31+00:00","og_image":[{"width":550,"height":350,"url":"http:\/\/universofamilia.com\/wp-content\/uploads\/sites\/148\/2024\/12\/DESTAQUE-UNIVERSO-550-x-350-9.jpg","type":"image\/jpeg"}],"twitter_card":"summary_large_image","twitter_misc":{"Est. reading time":"6 perc"},"schema":{"@context":"https:\/\/schema.org","@graph":[{"@type":"WebPage","@id":"http:\/\/universofamilia.com\/quien-esta-viendo-tu-perfil\/","url":"http:\/\/universofamilia.com\/quien-esta-viendo-tu-perfil\/","name":"\u00bfQui\u00e9n est\u00e1 viendo tu perfil? - Universo Fam\u00edlia","isPartOf":{"@id":"https:\/\/universofamilia.com\/el\/#website"},"primaryImageOfPage":{"@id":"http:\/\/universofamilia.com\/quien-esta-viendo-tu-perfil\/#primaryimage"},"image":{"@id":"http:\/\/universofamilia.com\/quien-esta-viendo-tu-perfil\/#primaryimage"},"thumbnailUrl":"http:\/\/universofamilia.com\/wp-content\/uploads\/sites\/148\/2024\/12\/DESTAQUE-UNIVERSO-550-x-350-9.jpg","datePublished":"2024-12-08T15:15:31+00:00","dateModified":"2024-12-08T15:15:31+00:00","author":{"@id":""},"description":"\u00bfQui\u00e9n est\u00e1 viendo tu perfil?. \u00bfAlguna vez te has preguntado qui\u00e9n est\u00e1 visitando tu perfil en las redes sociales?","breadcrumb":{"@id":"http:\/\/universofamilia.com\/quien-esta-viendo-tu-perfil\/#breadcrumb"},"inLanguage":"hu","potentialAction":[{"@type":"ReadAction","target":["http:\/\/universofamilia.com\/quien-esta-viendo-tu-perfil\/"]}]},{"@type":"ImageObject","inLanguage":"hu","@id":"http:\/\/universofamilia.com\/quien-esta-viendo-tu-perfil\/#primaryimage","url":"http:\/\/universofamilia.com\/wp-content\/uploads\/sites\/148\/2024\/12\/DESTAQUE-UNIVERSO-550-x-350-9.jpg","contentUrl":"http:\/\/universofamilia.com\/wp-content\/uploads\/sites\/148\/2024\/12\/DESTAQUE-UNIVERSO-550-x-350-9.jpg","width":550,"height":350,"caption":"\u00bfQui\u00e9n est\u00e1 viendo tu perfil?"},{"@type":"BreadcrumbList","@id":"http:\/\/universofamilia.com\/quien-esta-viendo-tu-perfil\/#breadcrumb","itemListElement":[{"@type":"ListItem","position":1,"name":"Home","item":"https:\/\/universofamilia.com\/el\/"},{"@type":"ListItem","position":2,"name":"\u00bfQui\u00e9n est\u00e1 viendo tu perfil?"}]},{"@type":"WebSite","@id":"https:\/\/universofamilia.com\/el\/#website","url":"https:\/\/universofamilia.com\/el\/","name":"Universo Fam\u00edlia","description":"","potentialAction":[{"@type":"SearchAction","target":{"@type":"EntryPoint","urlTemplate":"https:\/\/universofamilia.com\/el\/?s={search_term_string}"},"query-input":"required name=search_term_string"}],"inLanguage":"hu"}]}},"_links":{"self":[{"href":"http:\/\/universofamilia.com\/hu\/wp-json\/wp\/v2\/posts\/7653"}],"collection":[{"href":"http:\/\/universofamilia.com\/hu\/wp-json\/wp\/v2\/posts"}],"about":[{"href":"http:\/\/universofamilia.com\/hu\/wp-json\/wp\/v2\/types\/post"}],"replies":[{"embeddable":true,"href":"http:\/\/universofamilia.com\/hu\/wp-json\/wp\/v2\/comments?post=7653"}],"version-history":[{"count":0,"href":"http:\/\/universofamilia.com\/hu\/wp-json\/wp\/v2\/posts\/7653\/revisions"}],"wp:featuredmedia":[{"embeddable":true,"href":"http:\/\/universofamilia.com\/hu\/wp-json\/wp\/v2\/media\/7655"}],"wp:attachment":[{"href":"http:\/\/universofamilia.com\/hu\/wp-json\/wp\/v2\/media?parent=7653"}],"wp:term":[{"taxonomy":"category","embeddable":true,"href":"http:\/\/universofamilia.com\/hu\/wp-json\/wp\/v2\/categories?post=7653"},{"taxonomy":"post_tag","embeddable":true,"href":"http:\/\/universofamilia.com\/hu\/wp-json\/wp\/v2\/tags?post=7653"}],"curies":[{"name":"wp","href":"https:\/\/api.w.org\/{rel}","templated":true}]}}