{"id":7734,"date":"2024-12-13T13:40:06","date_gmt":"2024-12-13T16:40:06","guid":{"rendered":"https:\/\/universofamilia.com\/?p=7734"},"modified":"2024-12-13T13:40:06","modified_gmt":"2024-12-13T16:40:06","slug":"mejora-el-volumen-de-tu-movil","status":"publish","type":"post","link":"http:\/\/universofamilia.com\/hu\/mejora-el-volumen-de-tu-movil\/","title":{"rendered":"N\u00f6veld a mobilod hangerej\u00e9t"},"content":{"rendered":"<p>Fedezz fel olyan alkalmaz\u00e1sokat, amelyek jav\u00edtj\u00e1k a telefonod hangz\u00e1s\u00e1t.<\/p>\n\n\n\n<p>Ha valaha is megpr\u00f3b\u00e1lt\u00e1l vide\u00f3t n\u00e9zni vagy kedvenc zen\u00e9idet hallgatni, \u00e9s r\u00e1j\u00f6tt\u00e9l, hogy a telefonod hangja nem el\u00e9g hangos, ne agg\u00f3dj, nem vagy egyed\u00fcl.<\/p>\n\n\n\n<p>Sokan szembes\u00fclnek ezzel a probl\u00e9m\u00e1val, k\u00fcl\u00f6n\u00f6sen zajos k\u00f6rnyezetben vagy r\u00e9gebbi eszk\u00f6z\u00f6k haszn\u00e1latakor.<\/p>\n\n\n\n<p>A j\u00f3 h\u00edr az, hogy vannak nagyszer\u0171 alkalmaz\u00e1sok, amelyek seg\u00edthetnek n\u00f6velni az eszk\u00f6z hangerej\u00e9t \u00e9s jav\u00edtani a hang\u00e9lm\u00e9nyt.<\/p>\n\n\n\n<p>N\u00e9zz\u00fcnk n\u00e9h\u00e1ny egyszer\u0171 \u00e9s hat\u00e9kony megold\u00e1st erre a probl\u00e9m\u00e1ra.<\/p>\n\n\n\n<h3 class=\"wp-block-heading\">Mi\u00e9rt \u00e9rdemes hanger\u0151n\u00f6vel\u0151 alkalmaz\u00e1sokat haszn\u00e1lni?<\/h3>\n\n\n\n<p>A telefonok be\u00e9p\u00edtett hangsz\u00f3r\u00f3i nem mindig a legnagyobb hanger\u0151 biztos\u00edt\u00e1s\u00e1ra vannak tervezve.<\/p>\n\n\n\n<p>Egyes eszk\u00f6z\u00f6k hanger\u0151szab\u00e1lyz\u00f3kkal is rendelkeznek, hogy megv\u00e9dj\u00e9k a fejhallgat\u00f3t vagy magukat az alkatr\u00e9szeket.<\/p>\n\n\n\n<p>Itt j\u00f6nnek k\u00e9pbe a speci\u00e1lis alkalmaz\u00e1sok: szem\u00e9lyre szabott be\u00e1ll\u00edt\u00e1sokat, hanger\u0151s\u00edt\u00e9st, s\u0151t m\u00e9g a m\u00e9ly \u00e9s magas hangok kiemel\u00e9s\u00e9t is k\u00edn\u00e1lj\u00e1k.<\/p>\n\n\n\n<p>R\u00e1ad\u00e1sul sok k\u00f6z\u00fcl\u00fck k\u00f6nnyen haszn\u00e1lhat\u00f3 \u00e9s ingyenesen el\u00e9rhet\u0151.<\/p>\n\n\n\n<p>Most ismerkedj\u00fcnk meg a legjobb alkalmaz\u00e1sokkal, amelyekkel n\u00f6velhetj\u00fck a telefonunk hangerej\u00e9t, \u00e9s meg\u00e9rthetj\u00fck, hogyan lehetnek hasznosak a mindennapi \u00e9letben.<\/p>\n\n\n\n<h4 class=\"wp-block-heading has-text-align-center\">Van b\u00e1rmilyen k\u00e9rd\u00e9se?<\/h4>\n\n\n\n<div class=\"wp-block-buttons is-content-justification-center is-layout-flex wp-container-core-buttons-layout-1 wp-block-buttons-is-layout-flex\">\n<div class=\"wp-block-button has-custom-width wp-block-button__width-100 has-custom-font-size is-style-outline has-large-font-size\" style=\"text-decoration:none\"><a class=\"wp-block-button__link has-white-color has-vivid-purple-background-color has-text-color has-background has-link-color has-border-color has-ast-global-color-5-border-color has-text-align-center wp-element-button\" href=\"https:\/\/www.messenger.com\/login.php?next=https%3A%2F%2Fwww.messenger.com%2Ft%2F110263563681990%2F%3Fref%3Dw30174560--utm_campaign%253D%257B%257Badset.id%257D%257D%26messaging_source%3Dsource%253Apages%253Amessage_shortlink%26source_id%3D1441792%26recurring_notification%3D0\" style=\"border-radius:6px\">\ud83d\udcac Besz\u00e9lj\u00fcnk! \ud83d\udc69\u200d\ud83e\uddb0\u200d\ud83c\udfa7<\/a><\/div>\n<\/div>\n\n\n\n<p class=\"has-text-align-right\"><em><strong>\u00c1tir\u00e1ny\u00edtunk egy m\u00e1sik webhelyre<\/strong><\/em><\/p>\n\n\n\n<h3 class=\"wp-block-heading\">Hangsz\u00f3r\u00f3kiemel\u00e9s: N\u00f6velje a hangz\u00e1st komplik\u00e1ci\u00f3k n\u00e9lk\u00fcl<\/h3>\n\n\n\n<p><strong>Hangsz\u00f3r\u00f3 er\u0151s\u00edt\u00e9se<\/strong> Ez az egyik legn\u00e9pszer\u0171bb alkalmaz\u00e1s azok sz\u00e1m\u00e1ra, akiknek er\u0151sebb hangz\u00e1sra van sz\u00fcks\u00e9g\u00fck.<\/p>\n\n\n\n<p>Lehet\u0151v\u00e9 teszi a bels\u0151 hangsz\u00f3r\u00f3k \u00e9s fejhallgat\u00f3k hangerej\u00e9nek n\u00f6vel\u00e9s\u00e9t, \u00e9s nagyon k\u00f6nnyen haszn\u00e1lhat\u00f3.<\/p>\n\n\n\n<p>Egyszer\u0171en nyisd meg az alkalmaz\u00e1st, \u00e1ll\u00edtsd be a hanger\u0151 cs\u00faszk\u00e1t, \u00e9s m\u00e1r indulhatsz is! Ide\u00e1lis azok sz\u00e1m\u00e1ra, akik szeretnek vide\u00f3kat n\u00e9zni vagy podcastokat hallgatni zs\u00fafolt helyeken.<\/p>\n\n\n\n<h4 class=\"wp-block-heading\">F\u0151bb jellemz\u0151k:<\/h4>\n\n\n\n<ul class=\"wp-block-list\">\n<li>Hanger\u0151s\u00edt\u00e9s ak\u00e1r 40%-ig;<\/li>\n\n\n\n<li>Felhaszn\u00e1l\u00f3bar\u00e1t fel\u00fclet;<\/li>\n\n\n\n<li>Lehet\u0151s\u00e9gek a m\u00e9ly \u00e9s magas hangok be\u00e1ll\u00edt\u00e1s\u00e1ra.<\/li>\n<\/ul>\n\n\n\n<p><strong>Mit mondanak a felhaszn\u00e1l\u00f3k?<\/strong> Sokan megjegyzik, hogy az alkalmaz\u00e1s hihetetlen\u00fcl j\u00f3l m\u0171k\u00f6dik v\u00e9szhelyzetekben, p\u00e9ld\u00e1ul amikor egy film vagy zene hangja t\u00fal halk.<\/p>\n\n\n\n<p>Vannak azonban, akik hangs\u00falyozz\u00e1k az alkalmaz\u00e1s m\u00e9rt\u00e9kletes haszn\u00e1lat\u00e1nak fontoss\u00e1g\u00e1t, hogy elker\u00fclj\u00e9k a telefon hangsz\u00f3r\u00f3inak k\u00e1rosod\u00e1s\u00e1t.<\/p>\n\n\n\n<p><\/p>\n\n\n\n<hr class=\"wp-block-separator has-text-color has-luminous-vivid-orange-color has-alpha-channel-opacity has-luminous-vivid-orange-background-color has-background is-style-wide\"\/>\n\n\n\n<h3 class=\"wp-block-heading\">L\u00e1sd m\u00e9g:<\/h3>\n\n\n\n<ul class=\"wp-block-list has-small-font-size\">\n<li class=\"has-medium-font-size\" style=\"padding-top:0;padding-right:var(--wp--preset--spacing--40);padding-bottom:0;padding-left:var(--wp--preset--spacing--40);font-style:normal;font-weight:400\"><a href=\"https:\/\/universofamilia.com\/hu\/6855\/grabar-llamadas-recibidas\/\"><mark style=\"background-color:rgba(0, 0, 0, 0);color:#f94c45\" class=\"has-inline-color\">Bej\u00f6v\u0151 h\u00edv\u00e1sok r\u00f6gz\u00edt\u00e9se &gt;<\/mark><\/a><\/li>\n\n\n\n<li class=\"has-medium-font-size\" style=\"padding-top:0;padding-right:var(--wp--preset--spacing--40);padding-bottom:0;padding-left:var(--wp--preset--spacing--40);font-style:normal;font-weight:400\"><a href=\"https:\/\/universofamilia.com\/hu\/6898\/leer-la-biblia-catolica-en-tu-celular\/\"><mark style=\"background-color:rgba(0, 0, 0, 0);color:#f94c45\" class=\"has-inline-color\"><font style=\"vertical-align: inherit;\"><font style=\"vertical-align: inherit;\">Olvasd a katolikus Bibli\u00e1t a mobiltelefonodon<\/font><\/font> &gt;<\/mark><\/a><\/li>\n\n\n\n<li class=\"has-medium-font-size\" style=\"padding-top:0;padding-right:var(--wp--preset--spacing--40);padding-bottom:0;padding-left:var(--wp--preset--spacing--40);font-style:normal;font-weight:400\"><a href=\"https:\/\/universofamilia.com\/hu\/6832\/aplicacion-para-bailar-zumba\/\"><mark style=\"background-color:rgba(0, 0, 0, 0);color:#f94c45\" class=\"has-inline-color\">Zumba t\u00e1ncalkalmaz\u00e1s &gt;<\/mark><\/a><\/li>\n\n\n\n<li class=\"has-medium-font-size\" style=\"padding-top:0;padding-right:var(--wp--preset--spacing--40);padding-bottom:0;padding-left:var(--wp--preset--spacing--40);font-style:normal;font-weight:400\"><a href=\"https:\/\/universofamilia.com\/hu\/6952\/descubre-quien-visita-tu-perfil-redes-sociales\/\"><mark style=\"background-color:rgba(0, 0, 0, 0);color:#f94c45\" class=\"has-inline-color\">Tudja meg, kik l\u00e1togatj\u00e1k a k\u00f6z\u00f6ss\u00e9gi m\u00e9dia profilj\u00e1t &gt;<\/mark><\/a><\/li>\n<\/ul>\n\n\n\n<hr class=\"wp-block-separator has-text-color has-luminous-vivid-orange-color has-alpha-channel-opacity has-luminous-vivid-orange-background-color has-background is-style-wide\"\/>\n\n\n\n<p><\/p>\n\n\n\n<h3 class=\"wp-block-heading\">Hanger\u0151n\u00f6vel\u0151: Egy\u00e9rint\u00e9ses k\u00e9nyelem<\/h3>\n\n\n\n<p>Ahogy a neve is sugallja, <strong>Hanger\u0151n\u00f6vel\u0151<\/strong> Azoknak sz\u00f3l, akik az egyszer\u0171s\u00e9get \u00e9s a hat\u00e9konys\u00e1got keresik.<\/p>\n\n\n\n<p>Ez az alkalmaz\u00e1s sz\u00e1mos hangsz\u00ednszab\u00e1lyoz\u00e1si lehet\u0151s\u00e9get k\u00edn\u00e1l, \u00e9s k\u00e9pes hangbe\u00e1ll\u00edt\u00e1sokat l\u00e9trehozni k\u00fcl\u00f6nb\u00f6z\u0151 helyzetekhez, p\u00e9ld\u00e1ul zenehallgat\u00e1shoz vagy filmn\u00e9z\u00e9shez.<\/p>\n\n\n\n<h4 class=\"wp-block-heading\">F\u0151bb jellemz\u0151k:<\/h4>\n\n\n\n<ul class=\"wp-block-list\">\n<li>Egy\u00e9ni EQ be\u00e1ll\u00edt\u00e1sok;<\/li>\n\n\n\n<li>K\u00fcl\u00f6nb\u00f6z\u0151 m\u00e9diaform\u00e1tumok t\u00e1mogat\u00e1sa;<\/li>\n\n\n\n<li>K\u00f6nnyen haszn\u00e1lhat\u00f3 hangvez\u00e9rl\u00e9s.<\/li>\n<\/ul>\n\n\n\n<p><strong>Mit mondanak a felhaszn\u00e1l\u00f3k?<\/strong> \u201eNagyon sokat jav\u00edtott a fejhallgat\u00f3val val\u00f3 \u00e9lm\u00e9nyemen!\u201d \u2013 ez az egyik leggyakoribb megjegyz\u00e9s.<\/p>\n\n\n\n<p>Sokan dics\u00e9rik az alkalmaz\u00e1s stabilit\u00e1s\u00e1t \u00e9s az \u00f6sszeoml\u00e1sok hi\u00e1ny\u00e1t is.<\/p>\n\n\n<div class=\"wp-block-image\">\n<figure class=\"aligncenter size-full\"><img loading=\"lazy\" decoding=\"async\" width=\"550\" height=\"350\" src=\"http:\/\/universofamilia.com\/wp-content\/uploads\/sites\/148\/2024\/12\/DESTAQUE-UNIVERSO-550-x-350-11.jpg\" alt=\"\" class=\"wp-image-7735\" srcset=\"http:\/\/universofamilia.com\/wp-content\/uploads\/sites\/148\/2024\/12\/DESTAQUE-UNIVERSO-550-x-350-11.jpg 550w, http:\/\/universofamilia.com\/wp-content\/uploads\/sites\/148\/2024\/12\/DESTAQUE-UNIVERSO-550-x-350-11-300x191.jpg 300w\" sizes=\"(max-width: 550px) 100vw, 550px\" \/><figcaption class=\"wp-element-caption\">N\u00f6veld a mobilod hangerej\u00e9t<\/figcaption><\/figure><\/div>\n\n\n<h3 class=\"wp-block-heading\">Basszuskiemel\u0151: Er\u0151teljes basszus \u00e9s min\u0151s\u00e9gi hangz\u00e1s<\/h3>\n\n\n\n<p>Ha a j\u00f3l defini\u00e1lt basszusok szerelmese vagy, <strong>Basszuskiemel\u0151<\/strong> a megfelel\u0151 v\u00e1laszt\u00e1s. Ez az alkalmaz\u00e1s nem csak a hanger\u0151 n\u00f6vel\u00e9s\u00e9t teszi lehet\u0151v\u00e9.<\/p>\n\n\n\n<p>Fejlett hangsz\u00ednszab\u00e1lyz\u00f3t k\u00edn\u00e1l az egyes frekvenci\u00e1k be\u00e1ll\u00edt\u00e1s\u00e1hoz \u00e9s az \u00e1ltal\u00e1nos hangmin\u0151s\u00e9g jav\u00edt\u00e1s\u00e1hoz. T\u00f6k\u00e9letes azok sz\u00e1m\u00e1ra, akik \u00e9lvezik az er\u0151s ritmus\u00fa zen\u00e9t.<\/p>\n\n\n\n<h4 class=\"wp-block-heading\">F\u0151bb jellemz\u0151k:<\/h4>\n\n\n\n<ul class=\"wp-block-list\">\n<li>10 s\u00e1vos hangsz\u00ednszab\u00e1lyz\u00f3;<\/li>\n\n\n\n<li>K\u00fcl\u00f6nb\u00f6z\u0151 zenei m\u0171fajok el\u0151re be\u00e1ll\u00edtott \u00e9rt\u00e9kei;<\/li>\n\n\n\n<li>Jav\u00edtott basszusmin\u0151s\u00e9g.<\/li>\n<\/ul>\n\n\n\n<p><strong>Mit mondanak a felhaszn\u00e1l\u00f3k?<\/strong> Sokan megjegyzik, hogy az alkalmaz\u00e1s teljesen \u00e1talak\u00edtja a zenehallgat\u00e1si \u00e9lm\u00e9nyt, olyan \u00e9rz\u00e9st keltve, mintha egy \u00e9l\u0151 koncerten lenn\u00e9nk.<\/p>\n\n\n\n<p>N\u00e9h\u00e1nyan kiemelik a hangz\u00e1s saj\u00e1t \u00edzl\u00e9s\u00fck szerinti testreszab\u00e1s\u00e1nak egyszer\u0171s\u00e9g\u00e9t is.<\/p>\n\n\n\n<h3 class=\"wp-block-heading\">Manu\u00e1lis hangol\u00e1s: alternat\u00edva az alkalmaz\u00e1sokhoz k\u00e9pest<\/h3>\n\n\n\n<p>Ha nem szeretn\u00e9l alkalmaz\u00e1sokat haszn\u00e1lni, a k\u00e9sz\u00fcl\u00e9ked bels\u0151 hangsz\u00ednszab\u00e1lyz\u00f3j\u00e1nak be\u00e1ll\u00edt\u00e1sa j\u00f3 megold\u00e1s lehet.<\/p>\n\n\n\n<p>Sok modern eszk\u00f6z rendelkezik be\u00e9p\u00edtett hangsz\u00ednszab\u00e1lyz\u00f3val a hangbe\u00e1ll\u00edt\u00e1saiban.<\/p>\n\n\n\n<p>Kiemelheted a m\u00e9ly \u00e9s magas hangokat, vagy ak\u00e1r olyan el\u0151be\u00e1ll\u00edt\u00e1sokat is be\u00e1ll\u00edthatsz, mint a \u201eRock\u201d vagy a \u201eClassic\u201d a hangmin\u0151s\u00e9g jav\u00edt\u00e1sa \u00e9rdek\u00e9ben.<\/p>\n\n\n\n<h4 class=\"wp-block-heading\">Hogyan kell csin\u00e1lni?<\/h4>\n\n\n\n<ul class=\"wp-block-list\">\n<li>Nyissa meg az eszk\u00f6z hangbe\u00e1ll\u00edt\u00e1sait;<\/li>\n\n\n\n<li>Keresd meg az ekvalizer opci\u00f3t;<\/li>\n\n\n\n<li>Pr\u00f3b\u00e1lj ki k\u00fcl\u00f6nb\u00f6z\u0151 be\u00e1ll\u00edt\u00e1sokat, am\u00edg meg nem tal\u00e1lod az ide\u00e1lisat.<\/li>\n<\/ul>\n\n\n\n<p>B\u00e1r nem er\u0151s\u00edti fel a hangokat, mint a speci\u00e1lis alkalmaz\u00e1sok, ez a lehet\u0151s\u00e9g hasznos azok sz\u00e1m\u00e1ra, akik finomabb be\u00e1ll\u00edt\u00e1sokat keresnek.<\/p>\n\n\n\n<h3 class=\"wp-block-heading\">Mit mondanak a felhaszn\u00e1l\u00f3k ezekr\u0151l az alkalmaz\u00e1sokr\u00f3l?<\/h3>\n\n\n\n<p>A bemutatott h\u00e1rom alkalmaz\u00e1s t\u00f6bb ezer pozit\u00edv \u00e9rt\u00e9kel\u00e9ssel rendelkezik az alkalmaz\u00e1sboltokban, egyszer\u0171s\u00e9g\u00fckkel \u00e9s hat\u00e9konys\u00e1gukkal t\u0171nnek ki.<\/p>\n\n\n\n<p>Fontos azonban megjegyezni, hogy a hanger\u0151s\u00edt\u0151k t\u00falzott haszn\u00e1lata vesz\u00e9lyeztetheti a telefon hangsz\u00f3r\u00f3inak tart\u00f3ss\u00e1g\u00e1t.<\/p>\n\n\n\n<p>Ez\u00e9rt csak m\u00e9rt\u00e9kkel \u00e9s legsz\u00fcks\u00e9gesebb esetekben haszn\u00e1ld \u0151ket.<\/p>\n\n\n\n<h3 class=\"wp-block-heading\">K\u00f6vetkeztet\u00e9s<\/h3>\n\n\n\n<p>Nem frusztr\u00e1l\u00f3, ha a telefonod hangereje nem t\u0171nik el\u00e9gnek? Szerencs\u00e9re olyan alkalmaz\u00e1sok, mint a <strong>Hangsz\u00f3r\u00f3 er\u0151s\u00edt\u00e9se<\/strong>, <strong>Hanger\u0151n\u00f6vel\u0151<\/strong> \u00e9s <strong>Basszuskiemel\u0151<\/strong> itt vannak, hogy megments\u00e9k a helyzetet.<\/p>\n\n\n\n<p>Gyakorlatias \u00e9s hat\u00e9kony megold\u00e1sokat k\u00edn\u00e1lnak a hangz\u00e1s jav\u00edt\u00e1s\u00e1ra \u00e9s a hang\u00e9lm\u00e9ny jav\u00edt\u00e1s\u00e1ra, ak\u00e1r filmet n\u00e9z, zen\u00e9t hallgat, vagy fontos h\u00edv\u00e1st fogad.<\/p>\n\n\n\n<p>Most, hogy ismeri ezeket a lehet\u0151s\u00e9geket, mi\u00e9rt ne pr\u00f3b\u00e1ln\u00e1 ki \u0151ket? De ne feledje: \u00f3vatosan haszn\u00e1lja \u0151ket, hogy elker\u00fclje az eszk\u00f6z alkatr\u00e9szeinek k\u00e1rosod\u00e1s\u00e1t.<\/p>\n\n\n\n<p>Let\u00f6lt\u00e9si linkek:<\/p>\n\n\n\n<ul class=\"wp-block-list\">\n<li><strong>Hangsz\u00f3r\u00f3 er\u0151s\u00edt\u00e9se<\/strong>: <a href=\"https:\/\/speaker-boost.br.uptodown.com\/android\">Android<\/a> \/ <a href=\"https:\/\/apps.apple.com\/us\/app\/speaker-boost-volume-booster\/id6444353953\">iOS<\/a><\/li>\n\n\n\n<li><strong>Hanger\u0151n\u00f6vel\u0151<\/strong>: <a href=\"https:\/\/play.google.com\/store\/apps\/details?id=com.abrar.volumeboost&amp;hl=pt_BR\">Android<\/a><\/li>\n\n\n\n<li><strong>Basszuskiemel\u0151<\/strong>: <a href=\"https:\/\/play.google.com\/store\/apps\/details?id=ru.g000sha256.bass_booster&amp;hl=pt_BR\">Android<\/a> \/ <a href=\"https:\/\/apps.apple.com\/br\/app\/bass-booster-volume-boost-eq\/id1475414196\">iOS<\/a><\/li>\n<\/ul>\n\n\n\n<h3 class=\"wp-block-heading\">Gyakran Ism\u00e9telt K\u00e9rd\u00e9sek a Hanger\u0151n\u00f6vel\u0151 Alkalmaz\u00e1sokkal Kapcsolatban<\/h3>\n\n\n\n<h4 class=\"wp-block-heading\">1. Biztons\u00e1gos alkalmaz\u00e1sokat haszn\u00e1lni a telefonom hangerej\u00e9nek n\u00f6vel\u00e9s\u00e9re?<\/h4>\n\n\n\n<p>Igen, felt\u00e9ve, hogy m\u00e9rt\u00e9kkel haszn\u00e1lod \u0151ket. Az olyan alkalmaz\u00e1sok, mint a Speaker Boost \u00e9s a Bass Booster, \u00fagy vannak kialak\u00edtva, hogy a hangot a k\u00e9sz\u00fcl\u00e9k k\u00e1ros\u00edt\u00e1sa n\u00e9lk\u00fcl er\u0151s\u00edts\u00e9k fel. Fontos azonban, hogy ne tekerd folyamatosan a hanger\u0151t a maximumra, mivel ez befoly\u00e1solhatja a be\u00e9p\u00edtett hangsz\u00f3r\u00f3k vagy fejhallgat\u00f3k min\u0151s\u00e9g\u00e9t.<\/p>\n\n\n\n<h4 class=\"wp-block-heading\">2. Ezek az alkalmaz\u00e1sok minden telefonon m\u0171k\u00f6dnek?<\/h4>\n\n\n\n<p>A legt\u00f6bb hanger\u0151n\u00f6vel\u0151 alkalmaz\u00e1s kompatibilis mind Android, mind iOS eszk\u00f6z\u00f6kkel, de hat\u00e9konys\u00e1guk a telefon modellj\u00e9t\u0151l \u00e9s m\u00e1rk\u00e1j\u00e1t\u00f3l f\u00fcgg\u0151en v\u00e1ltozhat. P\u00e9ld\u00e1ul egyes r\u00e9gebbi eszk\u00f6z\u00f6k\u00f6n a hanger\u0151s\u00edt\u00e9s kev\u00e9sb\u00e9 \u00e9szrevehet\u0151 lehet a hardveres korl\u00e1tok miatt.<\/p>\n\n\n\n<h4 class=\"wp-block-heading\">3. Befoly\u00e1solj\u00e1k ezek az alkalmaz\u00e1sok a hangmin\u0151s\u00e9get?<\/h4>\n\n\n\n<p>Att\u00f3l f\u00fcgg, hogyan haszn\u00e1lod \u0151ket. N\u00e9h\u00e1ny alkalmaz\u00e1s, mint p\u00e9ld\u00e1ul a Bass Booster, fejlett hangsz\u00ednszab\u00e1lyz\u00f3kat k\u00edn\u00e1l, amelyek bizonyos frekvenci\u00e1k be\u00e1ll\u00edt\u00e1s\u00e1val jav\u00edtj\u00e1k a hangmin\u0151s\u00e9get. Ha azonban t\u00fals\u00e1gosan felhangos\u00edtod a hanger\u0151t, torz\u00edt\u00e1st tapasztalhatsz, k\u00fcl\u00f6n\u00f6sen az alacsony min\u0151s\u00e9g\u0171 hangsz\u00f3r\u00f3kn\u00e1l.<\/p>\n\n\n\n<h4 class=\"wp-block-heading\">4. Sz\u00fcks\u00e9ges-e m\u0171szaki ismeretek ezen alkalmaz\u00e1sok haszn\u00e1lat\u00e1hoz?<\/h4>\n\n\n\n<p>Nem, ezek az alkalmaz\u00e1sok nagyon k\u00f6nnyen haszn\u00e1lhat\u00f3ak. Intuit\u00edv kialak\u00edt\u00e1s\u00faak, egyszer\u0171 fel\u00fclettel, amely lehet\u0151v\u00e9 teszi a hanger\u0151 vagy a basszus be\u00e1ll\u00edt\u00e1s\u00e1t n\u00e9h\u00e1ny koppint\u00e1ssal. M\u00e9g ha nincs el\u0151zetes tapasztalatod, gyorsan be\u00e1ll\u00edthatod \u0151ket.<\/p>\n\n\n\n<h4 class=\"wp-block-heading\">5. K\u00e1ros\u00edthatj\u00e1k ezek az alkalmaz\u00e1sok a fejhallgat\u00f3mat vagy a hangsz\u00f3r\u00f3imat?<\/h4>\n\n\n\n<p>T\u00falzott haszn\u00e1lat eset\u00e9n cs\u00f6kkenthetik a fejhallgat\u00f3 vagy a hangsz\u00f3r\u00f3 \u00e9lettartam\u00e1t. Ez\u00e9rt aj\u00e1nlott a hanger\u0151t fokozatosan szab\u00e1lyozni, \u00e9s nem szabad hossz\u00fa ideig magas szinten tartani. A biztons\u00e1gos haszn\u00e1lat \u00e9rdek\u00e9ben ellen\u0151rizze az egyes alkalmaz\u00e1sok utas\u00edt\u00e1sait is.<\/p>\n\n\n\n<h4 class=\"wp-block-heading\">6. Mennyibe ker\u00fclnek ezek az alkalmaz\u00e1sok?<\/h4>\n\n\n\n<p>Sok hanger\u0151n\u00f6vel\u0151 alkalmaz\u00e1s, mint p\u00e9ld\u00e1ul a Speaker Boost, ingyenes, b\u00e1r n\u00e9h\u00e1ny pr\u00e9mium funkci\u00f3kat k\u00edn\u00e1l alkalmaz\u00e1son bel\u00fcli v\u00e1s\u00e1rl\u00e1sokon kereszt\u00fcl. Ezek a kieg\u00e9sz\u00edt\u0151 funkci\u00f3k gyakran tartalmaznak fejlettebb hangsz\u00ednszab\u00e1lyz\u00f3kat, rekl\u00e1melt\u00e1vol\u00edt\u00e1st vagy egy\u00e9ni el\u0151be\u00e1ll\u00edt\u00e1sokat.<\/p>\n\n\n\n<h4 class=\"wp-block-heading\">7. Haszn\u00e1lhatom ezeket az alkalmaz\u00e1sokat Bluetooth hangsz\u00f3r\u00f3kkal?<\/h4>\n\n\n\n<p>Igen, ezek az alkalmaz\u00e1sok t\u00f6bbnyire t\u00f6k\u00e9letesen m\u0171k\u00f6dnek Bluetooth-eszk\u00f6z\u00f6kkel, bele\u00e9rtve a vezet\u00e9k n\u00e9lk\u00fcli hangsz\u00f3r\u00f3kat \u00e9s fejhallgat\u00f3kat is. Csak csatlakoztatnod kell az eszk\u00f6z\u00f6det a hangsz\u00f3r\u00f3hoz, \u00e9s be kell \u00e1ll\u00edtani a hangz\u00e1st az alkalmaz\u00e1sb\u00f3l.<\/p>\n\n\n\n<h4 class=\"wp-block-heading\">8. Mit tegyek, ha az alkalmaz\u00e1s nem jav\u00edtja a hanger\u0151t a v\u00e1rt m\u00f3don?<\/h4>\n\n\n\n<p>El\u0151sz\u00f6r is, gy\u0151z\u0151dj meg r\u00f3la, hogy az eszk\u00f6z\u00f6d hangereje maxim\u00e1lisra van \u00e1ll\u00edtva, miel\u0151tt haszn\u00e1ln\u00e1d az alkalmaz\u00e1st. Kipr\u00f3b\u00e1lhatsz k\u00fcl\u00f6nb\u00f6z\u0151 be\u00e1ll\u00edt\u00e1sokat az alkalmaz\u00e1s hangsz\u00ednszab\u00e1lyz\u00f3j\u00e1n bel\u00fcl is. Ha a probl\u00e9ma tov\u00e1bbra is fenn\u00e1ll, ellen\u0151rizd az el\u00e9rhet\u0151 friss\u00edt\u00e9seket, vagy pr\u00f3b\u00e1lj ki egy m\u00e1sik alkalmaz\u00e1st, hogy l\u00e1sd, melyik m\u0171k\u00f6dik a legjobban az eszk\u00f6z\u00f6d\u00f6n.<\/p>","protected":false},"excerpt":{"rendered":"<p>Descubre apps que potencian el sonido de tu m\u00f3vil. Si alguna vez has intentado ver un video o escuchar tu m\u00fasica favorita y te diste cuenta de que el sonido de tu tel\u00e9fono no era lo suficientemente alto, tranquilo, no est\u00e1s solo. Muchas personas enfrentan este problema, especialmente en ambientes ruidosos o al usar dispositivos [&hellip;]<\/p>","protected":false},"author":0,"featured_media":7735,"comment_status":"closed","ping_status":"open","sticky":false,"template":"","format":"standard","meta":{"footnotes":""},"categories":[2],"tags":[86,366,445,1073,1495],"yoast_head":"<!-- This site is optimized with the Yoast SEO plugin v23.3 - https:\/\/yoast.com\/wordpress\/plugins\/seo\/ -->\n<title>Mejora el volumen de tu m\u00f3vil - Universo Fam\u00edlia<\/title>\n<meta name=\"description\" content=\"Mejora el volumen de tu m\u00f3vil. Descubre apps que potencian el sonido de tu m\u00f3vil. Si alguna vez has intentado ver un video o escuchar tu m\u00fasica...\" \/>\n<meta name=\"robots\" content=\"index, follow, max-snippet:-1, max-image-preview:large, max-video-preview:-1\" \/>\n<link rel=\"canonical\" href=\"https:\/\/universofamilia.com\/hu\/mejora-el-volumen-de-tu-movil\/\" \/>\n<meta property=\"og:locale\" content=\"hu_HU\" \/>\n<meta property=\"og:type\" content=\"article\" \/>\n<meta property=\"og:title\" content=\"Mejora el volumen de tu m\u00f3vil - Universo Fam\u00edlia\" \/>\n<meta property=\"og:description\" content=\"Mejora el volumen de tu m\u00f3vil. Descubre apps que potencian el sonido de tu m\u00f3vil. Si alguna vez has intentado ver un video o escuchar tu m\u00fasica...\" \/>\n<meta property=\"og:url\" content=\"https:\/\/universofamilia.com\/hu\/mejora-el-volumen-de-tu-movil\/\" \/>\n<meta property=\"og:site_name\" content=\"Universo Fam\u00edlia\" \/>\n<meta property=\"article:published_time\" content=\"2024-12-13T16:40:06+00:00\" \/>\n<meta property=\"og:image\" content=\"https:\/\/universofamilia.com\/wp-content\/uploads\/sites\/148\/2024\/12\/DESTAQUE-UNIVERSO-550-x-350-11.jpg\" \/>\n\t<meta property=\"og:image:width\" content=\"550\" \/>\n\t<meta property=\"og:image:height\" content=\"350\" \/>\n\t<meta property=\"og:image:type\" content=\"image\/jpeg\" \/>\n<meta name=\"twitter:card\" content=\"summary_large_image\" \/>\n<meta name=\"twitter:label1\" content=\"Est. reading time\" \/>\n\t<meta name=\"twitter:data1\" content=\"8 perc\" \/>\n<script type=\"application\/ld+json\" class=\"yoast-schema-graph\">{\"@context\":\"https:\/\/schema.org\",\"@graph\":[{\"@type\":\"WebPage\",\"@id\":\"https:\/\/universofamilia.com\/zh\/mejora-el-volumen-de-tu-movil\/\",\"url\":\"https:\/\/universofamilia.com\/zh\/mejora-el-volumen-de-tu-movil\/\",\"name\":\"Mejora el volumen de tu m\u00f3vil - Universo Fam\u00edlia\",\"isPartOf\":{\"@id\":\"https:\/\/universofamilia.com\/el\/#website\"},\"primaryImageOfPage\":{\"@id\":\"https:\/\/universofamilia.com\/zh\/mejora-el-volumen-de-tu-movil\/#primaryimage\"},\"image\":{\"@id\":\"https:\/\/universofamilia.com\/zh\/mejora-el-volumen-de-tu-movil\/#primaryimage\"},\"thumbnailUrl\":\"http:\/\/universofamilia.com\/wp-content\/uploads\/sites\/148\/2024\/12\/DESTAQUE-UNIVERSO-550-x-350-11.jpg\",\"datePublished\":\"2024-12-13T16:40:06+00:00\",\"dateModified\":\"2024-12-13T16:40:06+00:00\",\"author\":{\"@id\":\"\"},\"description\":\"Mejora el volumen de tu m\u00f3vil. Descubre apps que potencian el sonido de tu m\u00f3vil. Si alguna vez has intentado ver un video o escuchar tu m\u00fasica...\",\"breadcrumb\":{\"@id\":\"https:\/\/universofamilia.com\/zh\/mejora-el-volumen-de-tu-movil\/#breadcrumb\"},\"inLanguage\":\"hu\",\"potentialAction\":[{\"@type\":\"ReadAction\",\"target\":[\"https:\/\/universofamilia.com\/zh\/mejora-el-volumen-de-tu-movil\/\"]}]},{\"@type\":\"ImageObject\",\"inLanguage\":\"hu\",\"@id\":\"https:\/\/universofamilia.com\/zh\/mejora-el-volumen-de-tu-movil\/#primaryimage\",\"url\":\"http:\/\/universofamilia.com\/wp-content\/uploads\/sites\/148\/2024\/12\/DESTAQUE-UNIVERSO-550-x-350-11.jpg\",\"contentUrl\":\"http:\/\/universofamilia.com\/wp-content\/uploads\/sites\/148\/2024\/12\/DESTAQUE-UNIVERSO-550-x-350-11.jpg\",\"width\":550,\"height\":350,\"caption\":\"Mejora el volumen de tu m\u00f3vil\"},{\"@type\":\"BreadcrumbList\",\"@id\":\"https:\/\/universofamilia.com\/zh\/mejora-el-volumen-de-tu-movil\/#breadcrumb\",\"itemListElement\":[{\"@type\":\"ListItem\",\"position\":1,\"name\":\"Home\",\"item\":\"https:\/\/universofamilia.com\/el\/\"},{\"@type\":\"ListItem\",\"position\":2,\"name\":\"Mejora el volumen de tu m\u00f3vil\"}]},{\"@type\":\"WebSite\",\"@id\":\"https:\/\/universofamilia.com\/el\/#website\",\"url\":\"https:\/\/universofamilia.com\/el\/\",\"name\":\"Universo Fam\u00edlia\",\"description\":\"\",\"potentialAction\":[{\"@type\":\"SearchAction\",\"target\":{\"@type\":\"EntryPoint\",\"urlTemplate\":\"https:\/\/universofamilia.com\/el\/?s={search_term_string}\"},\"query-input\":\"required name=search_term_string\"}],\"inLanguage\":\"hu\"}]}<\/script>\n<!-- \/ Yoast SEO plugin. -->","yoast_head_json":{"title":"Mejora el volumen de tu m\u00f3vil - Universo Fam\u00edlia","description":"Mejora el volumen de tu m\u00f3vil. Descubre apps que potencian el sonido de tu m\u00f3vil. Si alguna vez has intentado ver un video o escuchar tu m\u00fasica...","robots":{"index":"index","follow":"follow","max-snippet":"max-snippet:-1","max-image-preview":"max-image-preview:large","max-video-preview":"max-video-preview:-1"},"canonical":"https:\/\/universofamilia.com\/hu\/mejora-el-volumen-de-tu-movil\/","og_locale":"hu_HU","og_type":"article","og_title":"Mejora el volumen de tu m\u00f3vil - Universo Fam\u00edlia","og_description":"Mejora el volumen de tu m\u00f3vil. Descubre apps que potencian el sonido de tu m\u00f3vil. Si alguna vez has intentado ver un video o escuchar tu m\u00fasica...","og_url":"https:\/\/universofamilia.com\/hu\/mejora-el-volumen-de-tu-movil\/","og_site_name":"Universo Fam\u00edlia","article_published_time":"2024-12-13T16:40:06+00:00","og_image":[{"width":550,"height":350,"url":"https:\/\/universofamilia.com\/wp-content\/uploads\/sites\/148\/2024\/12\/DESTAQUE-UNIVERSO-550-x-350-11.jpg","type":"image\/jpeg"}],"twitter_card":"summary_large_image","twitter_misc":{"Est. reading time":"8 perc"},"schema":{"@context":"https:\/\/schema.org","@graph":[{"@type":"WebPage","@id":"https:\/\/universofamilia.com\/zh\/mejora-el-volumen-de-tu-movil\/","url":"https:\/\/universofamilia.com\/zh\/mejora-el-volumen-de-tu-movil\/","name":"Mejora el volumen de tu m\u00f3vil - Universo Fam\u00edlia","isPartOf":{"@id":"https:\/\/universofamilia.com\/el\/#website"},"primaryImageOfPage":{"@id":"https:\/\/universofamilia.com\/zh\/mejora-el-volumen-de-tu-movil\/#primaryimage"},"image":{"@id":"https:\/\/universofamilia.com\/zh\/mejora-el-volumen-de-tu-movil\/#primaryimage"},"thumbnailUrl":"http:\/\/universofamilia.com\/wp-content\/uploads\/sites\/148\/2024\/12\/DESTAQUE-UNIVERSO-550-x-350-11.jpg","datePublished":"2024-12-13T16:40:06+00:00","dateModified":"2024-12-13T16:40:06+00:00","author":{"@id":""},"description":"Mejora el volumen de tu m\u00f3vil. Descubre apps que potencian el sonido de tu m\u00f3vil. Si alguna vez has intentado ver un video o escuchar tu m\u00fasica...","breadcrumb":{"@id":"https:\/\/universofamilia.com\/zh\/mejora-el-volumen-de-tu-movil\/#breadcrumb"},"inLanguage":"hu","potentialAction":[{"@type":"ReadAction","target":["https:\/\/universofamilia.com\/zh\/mejora-el-volumen-de-tu-movil\/"]}]},{"@type":"ImageObject","inLanguage":"hu","@id":"https:\/\/universofamilia.com\/zh\/mejora-el-volumen-de-tu-movil\/#primaryimage","url":"http:\/\/universofamilia.com\/wp-content\/uploads\/sites\/148\/2024\/12\/DESTAQUE-UNIVERSO-550-x-350-11.jpg","contentUrl":"http:\/\/universofamilia.com\/wp-content\/uploads\/sites\/148\/2024\/12\/DESTAQUE-UNIVERSO-550-x-350-11.jpg","width":550,"height":350,"caption":"Mejora el volumen de tu m\u00f3vil"},{"@type":"BreadcrumbList","@id":"https:\/\/universofamilia.com\/zh\/mejora-el-volumen-de-tu-movil\/#breadcrumb","itemListElement":[{"@type":"ListItem","position":1,"name":"Home","item":"https:\/\/universofamilia.com\/el\/"},{"@type":"ListItem","position":2,"name":"Mejora el volumen de tu m\u00f3vil"}]},{"@type":"WebSite","@id":"https:\/\/universofamilia.com\/el\/#website","url":"https:\/\/universofamilia.com\/el\/","name":"Universo Fam\u00edlia","description":"","potentialAction":[{"@type":"SearchAction","target":{"@type":"EntryPoint","urlTemplate":"https:\/\/universofamilia.com\/el\/?s={search_term_string}"},"query-input":"required name=search_term_string"}],"inLanguage":"hu"}]}},"_links":{"self":[{"href":"http:\/\/universofamilia.com\/hu\/wp-json\/wp\/v2\/posts\/7734"}],"collection":[{"href":"http:\/\/universofamilia.com\/hu\/wp-json\/wp\/v2\/posts"}],"about":[{"href":"http:\/\/universofamilia.com\/hu\/wp-json\/wp\/v2\/types\/post"}],"replies":[{"embeddable":true,"href":"http:\/\/universofamilia.com\/hu\/wp-json\/wp\/v2\/comments?post=7734"}],"version-history":[{"count":0,"href":"http:\/\/universofamilia.com\/hu\/wp-json\/wp\/v2\/posts\/7734\/revisions"}],"wp:featuredmedia":[{"embeddable":true,"href":"http:\/\/universofamilia.com\/hu\/wp-json\/wp\/v2\/media\/7735"}],"wp:attachment":[{"href":"http:\/\/universofamilia.com\/hu\/wp-json\/wp\/v2\/media?parent=7734"}],"wp:term":[{"taxonomy":"category","embeddable":true,"href":"http:\/\/universofamilia.com\/hu\/wp-json\/wp\/v2\/categories?post=7734"},{"taxonomy":"post_tag","embeddable":true,"href":"http:\/\/universofamilia.com\/hu\/wp-json\/wp\/v2\/tags?post=7734"}],"curies":[{"name":"wp","href":"https:\/\/api.w.org\/{rel}","templated":true}]}}