{"id":7739,"date":"2024-12-13T14:48:41","date_gmt":"2024-12-13T17:48:41","guid":{"rendered":"https:\/\/universofamilia.com\/?p=7739"},"modified":"2024-12-13T14:48:41","modified_gmt":"2024-12-13T17:48:41","slug":"optimiza-tu-bateria-ahora","status":"publish","type":"post","link":"http:\/\/universofamilia.com\/hu\/optimiza-tu-bateria-ahora\/","title":{"rendered":"Optimaliz\u00e1ld az akkumul\u00e1torodat most"},"content":{"rendered":"<p>Fedezze fel, hogyan hosszabb\u00edthatja meg egyszer\u0171en akkumul\u00e1tora \u00e9lettartam\u00e1t.<\/p>\n\n\n\n<p>K\u00e9pzeld el: Egy mozgalmas nap k\u00f6zep\u00e9n vagy, a telefonoddal dolgozol, sz\u00f3rakozol, vagy a bar\u00e1taiddal tartod a kapcsolatot, \u00e9s hirtelen felugrik az alacsony akkumul\u00e1tort\u00f6lt\u00f6tts\u00e9gr\u0151l sz\u00f3l\u00f3 \u00e9rtes\u00edt\u00e9s.<\/p>\n\n\n\n<p>Frusztr\u00e1l\u00f3, nem igaz? Szerencs\u00e9re vannak egyszer\u0171 \u00e9s hat\u00e9kony megold\u00e1sok a mobiltelefon akkumul\u00e1tor\u00e1nak optimaliz\u00e1l\u00e1s\u00e1ra, biztos\u00edtva, hogy eg\u00e9sz nap kitartson.<\/p>\n\n\n\n<h2 class=\"wp-block-heading\"><strong>Mi\u00e9rt \u00e9rdemes optimaliz\u00e1lni a telefon akkumul\u00e1tor\u00e1t?<\/strong><\/h2>\n\n\n\n<p>A telefon akkumul\u00e1tora olyan, mint a k\u00e9sz\u00fcl\u00e9k lelke.<\/p>\n\n\n\n<p>En\u00e9lk\u00fcl semmi sem m\u0171k\u00f6dik. \u00c9s valljuk be, senki sem szeret \u00e1lland\u00f3an t\u00f6lt\u0151h\u00f6z k\u00f6tve lenni.<\/p>\n\n\n\n<p>A telefon akkumul\u00e1tor\u00e1nak optimaliz\u00e1l\u00e1s\u00e1val nemcsak a haszn\u00e1lati idej\u00e9t hosszabb\u00edtod meg, hanem az eszk\u00f6z \u00e9lettartam\u00e1t is meg\u0151rz\u00f6d.<\/p>\n\n\n\n<p>Ez kevesebb karbantart\u00e1si k\u00f6lts\u00e9get \u00e9s t\u00f6bb id\u0151t jelent azzal, ami igaz\u00e1n sz\u00e1m\u00edt.<\/p>\n\n\n\n<h4 class=\"wp-block-heading has-text-align-center\">Van b\u00e1rmilyen k\u00e9rd\u00e9se?<\/h4>\n\n\n\n<div class=\"wp-block-buttons is-content-justification-center is-layout-flex wp-container-core-buttons-layout-1 wp-block-buttons-is-layout-flex\">\n<div class=\"wp-block-button has-custom-width wp-block-button__width-100 has-custom-font-size is-style-outline has-large-font-size\" style=\"text-decoration:none\"><a class=\"wp-block-button__link has-white-color has-vivid-purple-background-color has-text-color has-background has-link-color has-border-color has-ast-global-color-5-border-color has-text-align-center wp-element-button\" href=\"https:\/\/www.messenger.com\/login.php?next=https%3A%2F%2Fwww.messenger.com%2Ft%2F110263563681990%2F%3Fref%3Dw30174560--utm_campaign%253D%257B%257Badset.id%257D%257D%26messaging_source%3Dsource%253Apages%253Amessage_shortlink%26source_id%3D1441792%26recurring_notification%3D0\" style=\"border-radius:6px\">\ud83d\udcac Besz\u00e9lj\u00fcnk! \ud83d\udc69\u200d\ud83e\uddb0\u200d\ud83c\udfa7<\/a><\/div>\n<\/div>\n\n\n\n<p class=\"has-text-align-right\"><em><strong>\u00c1tir\u00e1ny\u00edtunk egy m\u00e1sik webhelyre<\/strong><\/em><\/p>\n\n\n\n<p>Ezenk\u00edv\u00fcl az akkumul\u00e1tor megfelel\u0151 haszn\u00e1lat\u00e1val cs\u00f6kkentheted a k\u00f6rnyezeti terhel\u00e9sedet is.<\/p>\n\n\n\n<p>A hosszabb \u00e9lettartam\u00fa telefonok kevesebb elektronikus hullad\u00e9kot termelnek.<\/p>\n\n\n\n<p>Ez egy egyszer\u0171 m\u00f3dja annak, hogy seg\u00edts a bolyg\u00f3n, \u00e9s k\u00f6zben p\u00e9nzt is megtakar\u00edts.<\/p>\n\n\n\n<h2 class=\"wp-block-heading\"><strong>Az akkumul\u00e1toroptimaliz\u00e1l\u00f3 alkalmaz\u00e1s haszn\u00e1lat\u00e1nak el\u0151nyei<\/strong><\/h2>\n\n\n\n<p>Legy\u00fcnk \u0151szint\u00e9k, a manu\u00e1lis optimaliz\u00e1l\u00e1s bonyolult lehet.<\/p>\n\n\n\n<p>Nem mindenki tudja, hogyan kell m\u00f3dos\u00edtani a be\u00e1ll\u00edt\u00e1sokat, figyelni az energiaig\u00e9nyes alkalmaz\u00e1sokat, vagy meg\u00e9rteni az energiatakar\u00e9kos m\u00f3d \u00e1rnyalatait.<\/p>\n\n\n\n<p>\u00c9s itt j\u00f6nnek k\u00e9pbe az optimaliz\u00e1l\u00f3 alkalmaz\u00e1sok, mint igazi megment\u0151k.<\/p>\n\n\n\n<p>Ezek az alkalmaz\u00e1sok automatikusan elemzik az eszk\u00f6z teljes\u00edtm\u00e9ny\u00e9t, \u00e9s intelligens megold\u00e1sokat alkalmaznak az akkumul\u00e1tor \u00e9lettartam\u00e1nak meg\u0151rz\u00e9se \u00e9rdek\u00e9ben.<\/p>\n\n\n\n<p>Nem kell tech zseninek lenned ahhoz, hogy haszn\u00e1ld \u0151ket.<\/p>\n\n\n\n<p>Ezenk\u00edv\u00fcl sz\u00e1mos alkalmaz\u00e1s r\u00e9szletes statisztik\u00e1kat k\u00edn\u00e1l, p\u00e9ld\u00e1ul hogy mely alkalmaz\u00e1sok fogyasztj\u00e1k a legt\u00f6bb energi\u00e1t, \u00edgy megalapozott d\u00f6nt\u00e9seket hozhat.<\/p>\n\n\n\n<p><\/p>\n\n\n\n<hr class=\"wp-block-separator has-text-color has-luminous-vivid-orange-color has-alpha-channel-opacity has-luminous-vivid-orange-background-color has-background is-style-wide\"\/>\n\n\n\n<h3 class=\"wp-block-heading\">L\u00e1sd m\u00e9g:<\/h3>\n\n\n\n<ul class=\"wp-block-list has-small-font-size\">\n<li class=\"has-medium-font-size\" style=\"padding-top:0;padding-right:var(--wp--preset--spacing--40);padding-bottom:0;padding-left:var(--wp--preset--spacing--40);font-style:normal;font-weight:400\"><a href=\"https:\/\/universofamilia.com\/hu\/6855\/grabar-llamadas-recibidas\/\"><mark style=\"background-color:rgba(0, 0, 0, 0);color:#f94c45\" class=\"has-inline-color\">Bej\u00f6v\u0151 h\u00edv\u00e1sok r\u00f6gz\u00edt\u00e9se &gt;<\/mark><\/a><\/li>\n\n\n\n<li class=\"has-medium-font-size\" style=\"padding-top:0;padding-right:var(--wp--preset--spacing--40);padding-bottom:0;padding-left:var(--wp--preset--spacing--40);font-style:normal;font-weight:400\"><a href=\"https:\/\/universofamilia.com\/hu\/6898\/leer-la-biblia-catolica-en-tu-celular\/\"><mark style=\"background-color:rgba(0, 0, 0, 0);color:#f94c45\" class=\"has-inline-color\"><font style=\"vertical-align: inherit;\"><font style=\"vertical-align: inherit;\">Olvasd a katolikus Bibli\u00e1t a mobiltelefonodon<\/font><\/font> &gt;<\/mark><\/a><\/li>\n\n\n\n<li class=\"has-medium-font-size\" style=\"padding-top:0;padding-right:var(--wp--preset--spacing--40);padding-bottom:0;padding-left:var(--wp--preset--spacing--40);font-style:normal;font-weight:400\"><a href=\"https:\/\/universofamilia.com\/hu\/6832\/aplicacion-para-bailar-zumba\/\"><mark style=\"background-color:rgba(0, 0, 0, 0);color:#f94c45\" class=\"has-inline-color\">Zumba t\u00e1ncalkalmaz\u00e1s &gt;<\/mark><\/a><\/li>\n\n\n\n<li class=\"has-medium-font-size\" style=\"padding-top:0;padding-right:var(--wp--preset--spacing--40);padding-bottom:0;padding-left:var(--wp--preset--spacing--40);font-style:normal;font-weight:400\"><a href=\"https:\/\/universofamilia.com\/hu\/6952\/descubre-quien-visita-tu-perfil-redes-sociales\/\"><mark style=\"background-color:rgba(0, 0, 0, 0);color:#f94c45\" class=\"has-inline-color\">Tudja meg, kik l\u00e1togatj\u00e1k a k\u00f6z\u00f6ss\u00e9gi m\u00e9dia profilj\u00e1t &gt;<\/mark><\/a><\/li>\n<\/ul>\n\n\n\n<hr class=\"wp-block-separator has-text-color has-luminous-vivid-orange-color has-alpha-channel-opacity has-luminous-vivid-orange-background-color has-background is-style-wide\"\/>\n\n\n\n<p><\/p>\n\n\n\n<h2 class=\"wp-block-heading\"><strong>Az akkumul\u00e1tor optimaliz\u00e1l\u00e1s\u00e1nak tapasztalata egy alkalmaz\u00e1ssal<\/strong><\/h2>\n\n\n\n<p>Nemr\u00e9g magam is \u00e1t\u00e9ltem ezt.<\/p>\n\n\n\n<p>A telefonom alig b\u00edrta ki a d\u00e9lut\u00e1n v\u00e9g\u00e9t t\u00f6lt\u0151 n\u00e9lk\u00fcl. Ekkor d\u00f6nt\u00f6ttem \u00fagy, hogy kipr\u00f3b\u00e1lom az alkalmaz\u00e1st. <strong>Akkumul\u00e1tor \u2013 Akkumul\u00e1tor<\/strong>.<\/p>\n\n\n\n<p>A telep\u00edt\u00e9s szupergyors volt, \u00e9s perceken bel\u00fcl m\u0171k\u00f6d\u00f6tt a rendszer.<\/p>\n\n\n\n<p>Intuit\u00edv kialak\u00edt\u00e1s\u00e1nak k\u00f6sz\u00f6nhet\u0151en az alkalmaz\u00e1s felismerte a legt\u00f6bb energi\u00e1t fogyaszt\u00f3 alkalmaz\u00e1sokat, \u00e9s lehet\u0151s\u00e9geket k\u00edn\u00e1lt fel a kezel\u00e9s\u00fckre.<\/p>\n\n\n\n<p>Az alkalmaz\u00e1s \u00e1ltal aktiv\u00e1lt ment\u00e9si m\u00f3d leny\u0171g\u00f6z\u0151 volt.<\/p>\n\n\n\n<p>Cs\u00f6kkentette a k\u00e9perny\u0151 f\u00e9nyerej\u00e9t, letiltotta a felesleges h\u00e1tt\u00e9rfunkci\u00f3kat, \u00e9s jelent\u0151sen meghosszabb\u00edtotta az akkumul\u00e1tor \u00e9lettartam\u00e1t.<\/p>\n\n\n<div class=\"wp-block-image\">\n<figure class=\"aligncenter size-full\"><img loading=\"lazy\" decoding=\"async\" width=\"550\" height=\"350\" src=\"http:\/\/universofamilia.com\/wp-content\/uploads\/sites\/148\/2024\/12\/DESTAQUE-UNIVERSO-550-x-350-1-6.jpg\" alt=\"Optimaliz\u00e1ld az akkumul\u00e1torodat most\" class=\"wp-image-7740\" srcset=\"http:\/\/universofamilia.com\/wp-content\/uploads\/sites\/148\/2024\/12\/DESTAQUE-UNIVERSO-550-x-350-1-6.jpg 550w, http:\/\/universofamilia.com\/wp-content\/uploads\/sites\/148\/2024\/12\/DESTAQUE-UNIVERSO-550-x-350-1-6-300x191.jpg 300w\" sizes=\"(max-width: 550px) 100vw, 550px\" \/><figcaption class=\"wp-element-caption\">Optimaliz\u00e1ld az akkumul\u00e1torodat most<\/figcaption><\/figure><\/div>\n\n\n<h2 class=\"wp-block-heading\"><strong>Tippek az akkumul\u00e1tor maxim\u00e1lis kihaszn\u00e1l\u00e1s\u00e1hoz<\/strong><\/h2>\n\n\n\n<p>Nem csak az alkalmaz\u00e1sokr\u00f3l van sz\u00f3.<\/p>\n\n\n\n<p>Van n\u00e9h\u00e1ny egyszer\u0171 gyakorlat is, amelyeket naponta alkalmazhatsz a telefon akkumul\u00e1tor\u00e1nak teljes\u00edtm\u00e9ny\u00e9nek jav\u00edt\u00e1sa \u00e9rdek\u00e9ben. N\u00e9zd meg \u0151ket:<\/p>\n\n\n\n<ul class=\"wp-block-list\">\n<li><strong>Cs\u00f6kkentse a k\u00e9perny\u0151 f\u00e9nyerej\u00e9t<\/strong>Nyilv\u00e1nval\u00f3nak t\u0171nik, de nagy k\u00fcl\u00f6nbs\u00e9get jelent. Haszn\u00e1lj automatikus f\u00e9nyer\u0151t a k\u00f6rnyezeti f\u00e9nyviszonyoknak megfelel\u0151 be\u00e1ll\u00edt\u00e1shoz.<\/li>\n\n\n\n<li><strong>Kapcsold ki a Wi-Fi-t \u00e9s a Bluetooth-t, amikor nem haszn\u00e1lod \u0151ket.<\/strong>Ezek az er\u0151forr\u00e1sok sok energi\u00e1t fogyasztanak, m\u00e9g a h\u00e1tt\u00e9rben is.<\/li>\n\n\n\n<li><strong>Z\u00e1rja be a nem haszn\u00e1lt alkalmaz\u00e1sokat<\/strong>N\u00e9h\u00e1ny alkalmaz\u00e1s akkor is fogyaszt energi\u00e1t, ha nem haszn\u00e1lod \u0151ket.<\/li>\n\n\n\n<li><strong>Haszn\u00e1lja az akkumul\u00e1tork\u00edm\u00e9l\u0151 m\u00f3dot<\/strong>: Szinte minden okostelefonban be\u00e9p\u00edtett\u00e9k ezt a funkci\u00f3t.<\/li>\n\n\n\n<li><strong>Ker\u00fclje a sz\u00e9ls\u0151s\u00e9ges h\u0151m\u00e9rs\u00e9kleteket<\/strong>: Ha a telefont napon vagy nagyon hideg helyen hagyja, az k\u00e1ros\u00edthatja az akkumul\u00e1tort.<\/li>\n<\/ul>\n\n\n\n<h2 class=\"wp-block-heading\"><strong>A telefon akkumul\u00e1tor\u00e1nak optimaliz\u00e1l\u00e1s\u00e1nak tov\u00e1bbi el\u0151nyei<\/strong><\/h2>\n\n\n\n<p>Tudtad, hogy az akkumul\u00e1tor optimaliz\u00e1l\u00e1sa a k\u00e9sz\u00fcl\u00e9ked teljes\u00edtm\u00e9ny\u00e9t is jav\u00edthatja?<\/p>\n\n\n\n<p>A nagy teljes\u00edtm\u00e9nyig\u00e9ny\u0171 alkalmaz\u00e1sok \u00e1ltal\u00e1ban sok mem\u00f3ri\u00e1t \u00e9s feldolgoz\u00e1si teljes\u00edtm\u00e9nyt is ig\u00e9nybe vesznek.<\/p>\n\n\n\n<p>Ezek kezel\u00e9s\u00e9vel gyorsabb \u00e9s \u00e9rz\u00e9kenyebb telefont fogsz tapasztalni.<\/p>\n\n\n\n<p>Egy m\u00e1sik szempont a biztons\u00e1g. N\u00e9h\u00e1ny akkumul\u00e1tor-ig\u00e9nyes alkalmaz\u00e1s sebezhet\u0151 lehet a t\u00e1mad\u00e1sokkal vagy a rosszindulat\u00fa programokkal szemben.<\/p>\n\n\n\n<p>Haszn\u00e1lj egy megb\u00edzhat\u00f3 alkalmaz\u00e1st, mint p\u00e9ld\u00e1ul <strong>Akkumul\u00e1tor \u2013 Akkumul\u00e1tor<\/strong> seg\u00edt azonos\u00edtani ezeket a probl\u00e9m\u00e1kat, miel\u0151tt azok \u00e9rinten\u00e9k \u00d6nt.<\/p>\n\n\n\n<h2 class=\"wp-block-heading\"><strong>Mit mondanak a felhaszn\u00e1l\u00f3k?<\/strong><\/h2>\n\n\n\n<p>Egy kicsit jobban ut\u00e1naj\u00e1rva <strong>Akkumul\u00e1tor \u2013 Akkumul\u00e1tor<\/strong>Sz\u00e1mos pozit\u00edv \u00e9rt\u00e9kel\u00e9st tal\u00e1ltam mind az Apple Store-ban, mind a Google Playen.<\/p>\n\n\n\n<p>A felhaszn\u00e1l\u00f3k dics\u00e9rik az alkalmaz\u00e1s k\u00f6nny\u0171 kezelhet\u0151s\u00e9g\u00e9t, energiatakar\u00e9kos hat\u00e9konys\u00e1g\u00e1t \u00e9s folyamatos friss\u00edt\u00e9seit.<\/p>\n\n\n\n<p>Az egyik hozz\u00e1sz\u00f3l\u00e1s, ami felkeltette az \u00e9rdekl\u0151d\u00e9semet, egy felhaszn\u00e1l\u00f3t\u00f3l sz\u00e1rmazott, aki ezt mondta: \u201eSoha nem gondoltam volna, hogy egy alkalmaz\u00e1s ekkora k\u00fcl\u00f6nbs\u00e9get tud tenni!\u201d<\/p>\n\n\n\n<p>\u201eMost a telefonom egy teljes napot kib\u00edr egyetlen t\u00f6lt\u00e9ssel, m\u00e9g intenz\u00edv haszn\u00e1lat mellett is.\u201d Ez bizony\u00edtja, hogy a hat\u00e9konys\u00e1g mellett val\u00f3ban megfelel a felhaszn\u00e1l\u00f3k ig\u00e9nyeinek.<\/p>\n\n\n\n<h2 class=\"wp-block-heading\"><strong>K\u00f6vetkeztet\u00e9s<\/strong><\/h2>\n\n\n\n<p>Ha eleged van abb\u00f3l, hogy agg\u00f3dsz amiatt, hogy a telefonod akkumul\u00e1tora a legrosszabbkor mer\u00fcl le, itt az ideje ezen v\u00e1ltoztatni.<\/p>\n\n\n\n<p>Haszn\u00e1lj egy megb\u00edzhat\u00f3 alkalmaz\u00e1st, mint p\u00e9ld\u00e1ul <strong>Akkumul\u00e1tor \u2013 Akkumul\u00e1tor<\/strong> Ez egy praktikus \u00e9s hat\u00e9kony megold\u00e1s.<\/p>\n\n\n\n<p>Kombin\u00e1ld ezt az itt megosztott tippekkel, \u00e9s m\u00e1ris egy olyan telefont kapsz, amely l\u00e9p\u00e9st tart a mindennapi \u00e9let temp\u00f3j\u00e1val.<\/p>\n\n\n\n<p>Ne vesztegesd az id\u0151d! Pr\u00f3b\u00e1ld ki! <strong>Akkumul\u00e1tor \u2013 Akkumul\u00e1tor<\/strong> ma. Itt vannak a let\u00f6lt\u00e9si linkek:<\/p>\n\n\n\n<ul class=\"wp-block-list\">\n<li><a href=\"https:\/\/play.google.com\/store\/apps\/details?id=com.macropinch.pearl&amp;hl=pt_BR\">Akkumul\u00e1tor \u2013 Akkumul\u00e1tor Androidhoz<\/a><\/li>\n\n\n\n<li><a href=\"https:\/\/apps.apple.com\/br\/app\/battery-life\/id1080930585\">Akkumul\u00e1tor \u2013 Akkumul\u00e1tor iOS-hez<\/a><\/li>\n<\/ul>\n\n\n\n<p>Most rajtad a sor. Mondd el nek\u00fcnk a hozz\u00e1sz\u00f3l\u00e1sokban, hogyan vigy\u00e1zol a telefonod akkumul\u00e1tor\u00e1ra, \u00e9s oszd meg ezt a cikket a bar\u00e1taiddal, akiknek hasznosak lehetnek ezek a tippek.<\/p>\n\n\n\n<h2 class=\"wp-block-heading\"><strong>Gyakran ism\u00e9telt k\u00e9rd\u00e9sek az akkumul\u00e1toroptimaliz\u00e1l\u00f3 alkalmaz\u00e1sokkal kapcsolatban<\/strong><\/h2>\n\n\n\n<h4 class=\"wp-block-heading\"><strong>Mit csin\u00e1l egy akkumul\u00e1toroptimaliz\u00e1l\u00f3 alkalmaz\u00e1s?<\/strong><\/h4>\n\n\n\n<p>Az akkumul\u00e1toroptimaliz\u00e1l\u00f3 alkalmaz\u00e1sokat \u00fagy tervezt\u00e9k, hogy hat\u00e9konyan kezelje az eszk\u00f6z energiafogyaszt\u00e1s\u00e1t. Azonos\u00edtja az er\u0151forr\u00e1s-ig\u00e9nyes alkalmaz\u00e1sokat, m\u00f3dos\u00edtja a be\u00e1ll\u00edt\u00e1sokat, p\u00e9ld\u00e1ul a k\u00e9perny\u0151 f\u00e9nyerej\u00e9t vagy a h\u00e1tt\u00e9rszinkroniz\u00e1l\u00e1st, \u00e9s aktiv\u00e1lja az energiatakar\u00e9kos m\u00f3dokat az akkumul\u00e1tor \u00e9lettartam\u00e1nak meghosszabb\u00edt\u00e1sa \u00e9rdek\u00e9ben. C\u00e9lja, hogy a telefon hosszabb ideig m\u0171k\u00f6dj\u00f6n an\u00e9lk\u00fcl, hogy folyamatosan t\u00f6lteni kellene.<\/p>\n\n\n\n<h4 class=\"wp-block-heading\"><strong>Biztons\u00e1gosak ezek az alkalmaz\u00e1sok?<\/strong><\/h4>\n\n\n\n<p>\u00c1ltal\u00e1noss\u00e1gban elmondhat\u00f3, hogy a hivatalos forr\u00e1sokb\u00f3l, p\u00e9ld\u00e1ul a Google Playr\u0151l vagy az Apple Store-b\u00f3l let\u00f6lt\u00f6tt megb\u00edzhat\u00f3 alkalmaz\u00e1sok biztons\u00e1gosak. Fontos azonban ellen\u0151rizni az \u00e9rt\u00e9kel\u00e9seket, a felhaszn\u00e1l\u00f3i v\u00e9lem\u00e9nyeket \u00e9s az alkalmaz\u00e1s \u00e1ltal k\u00e9rt enged\u00e9lyeket. Ker\u00fclje az ismeretlen forr\u00e1sokb\u00f3l sz\u00e1rmaz\u00f3 alkalmaz\u00e1sok let\u00f6lt\u00e9s\u00e9t, mivel azok rosszindulat\u00fa programokat tartalmazhatnak, vagy befoly\u00e1solhatj\u00e1k az eszk\u00f6z teljes\u00edtm\u00e9ny\u00e9t.<\/p>\n\n\n\n<h4 class=\"wp-block-heading\"><strong>Kell fizetni egy optimaliz\u00e1l\u00f3 alkalmaz\u00e1s\u00e9rt?<\/strong><\/h4>\n\n\n\n<p>Nem mindig. Sok ingyenes alkalmaz\u00e1s k\u00edn\u00e1l alapvet\u0151 akkumul\u00e1tor-optimaliz\u00e1l\u00f3 funkci\u00f3kat, p\u00e9ld\u00e1ul a h\u00e1tt\u00e9rfolyamatok le\u00e1ll\u00edt\u00e1s\u00e1t vagy az energiafogyaszt\u00e1s cs\u00f6kkent\u00e9s\u00e9t. A pr\u00e9mium verzi\u00f3k azonban gyakran tartalmaznak tov\u00e1bbi funkci\u00f3kat, p\u00e9ld\u00e1ul fejlett elemz\u00e9seket, hirdet\u00e9selt\u00e1vol\u00edt\u00e1st \u00e9s testreszabott be\u00e1ll\u00edt\u00e1sokat. A v\u00e1laszt\u00e1s az ig\u00e9nyeidt\u0151l \u00e9s a k\u00f6lts\u00e9gvet\u00e9sedt\u0151l f\u00fcgg.<\/p>\n\n\n\n<h4 class=\"wp-block-heading\"><strong>Hogyan v\u00e1lasszam ki a legjobb alkalmaz\u00e1st a telefonomra?<\/strong><\/h4>\n\n\n\n<p>A legjobb alkalmaz\u00e1s kiv\u00e1laszt\u00e1sa sz\u00e1mos t\u00e9nyez\u0151t\u0151l f\u00fcgg. Keressen magas \u00e9rt\u00e9kel\u00e9s\u0171 \u00e9s j\u00f3 v\u00e9lem\u00e9nyekkel rendelkez\u0151 alkalmaz\u00e1sokat a hivatalos \u00e1ruh\u00e1zakban. Ellen\u0151rizze, hogy az alkalmaz\u00e1s kompatibilis-e az oper\u00e1ci\u00f3s rendszer\u00e9vel, \u00e9s tekintse \u00e1t a k\u00edn\u00e1lt funkci\u00f3kat. A legn\u00e9pszer\u0171bb alkalmaz\u00e1sok, mint p\u00e9ld\u00e1ul a <strong>Akkumul\u00e1tor \u2013 Akkumul\u00e1tor<\/strong>, \u00e1ltal\u00e1ban j\u00f3 v\u00e1laszt\u00e1snak bizonyulnak megb\u00edzhat\u00f3s\u00e1guk \u00e9s k\u00f6nny\u0171 haszn\u00e1latuk miatt.<\/p>\n\n\n\n<h4 class=\"wp-block-heading\"><strong>Mennyit sp\u00f3rolhatok egy ilyen alkalmaz\u00e1ssal?<\/strong><\/h4>\n\n\n\n<p>A pontos megtakar\u00edt\u00e1s att\u00f3l f\u00fcgg, hogyan haszn\u00e1lod az eszk\u00f6z\u00f6det. Ezek az alkalmaz\u00e1sok \u00e1tlagosan 10 \u00e9s 30 Mbps k\u00f6z\u00f6tti sebess\u00e9ggel n\u00f6velhetik az akkumul\u00e1tor \u00e9lettartam\u00e1t. Ez azt jelenti, hogy ahelyett, hogy naponta k\u00e9tszer vagy h\u00e1romszor kellene t\u00f6ltened a telefonodat, lehet, hogy csak egyszer kell tenned. Ez egy praktikus megold\u00e1s azok sz\u00e1m\u00e1ra, akik eg\u00e9sz nap a telefonjukra t\u00e1maszkodnak.<\/p>\n\n\n\n<h4 class=\"wp-block-heading\"><strong>Az optimaliz\u00e1l\u00f3 alkalmaz\u00e1sok befoly\u00e1solj\u00e1k a telefon teljes\u00edtm\u00e9ny\u00e9t?<\/strong><\/h4>\n\n\n\n<p>Nem kellene. Val\u00f3j\u00e1ban egy j\u00f3 alkalmaz\u00e1s jav\u00edthatja a teljes\u00edtm\u00e9nyt a felesleges folyamatok bez\u00e1r\u00e1s\u00e1val \u00e9s a mem\u00f3ria felszabad\u00edt\u00e1s\u00e1val. Azonban n\u00e9h\u00e1ny rosszul megtervezett alkalmaz\u00e1s lelass\u00edthatja a telefont, vagy t\u00fal sok hirdet\u00e9st jelen\u00edthet meg. Ez\u00e9rt elengedhetetlen, hogy megb\u00edzhat\u00f3 fejleszt\u0151kt\u0151l sz\u00e1rmaz\u00f3, j\u00f3l ellen\u0151rz\u00f6tt alkalmaz\u00e1sokat v\u00e1lassz.<\/p>\n\n\n\n<h4 class=\"wp-block-heading\"><strong>Ezek az alkalmaz\u00e1sok csak telefonokon m\u0171k\u00f6dnek, vagy tableteken is?<\/strong><\/h4>\n\n\n\n<p>A legt\u00f6bb akkumul\u00e1toroptimaliz\u00e1l\u00f3 alkalmaz\u00e1s t\u00e1blag\u00e9pekkel is kompatibilis. Mindig ellen\u0151rizd az alkalmaz\u00e1s le\u00edr\u00e1s\u00e1t, hogy kompatibilis-e az adott eszk\u00f6z\u00f6ddel. Mind a telefonok, mind a t\u00e1blag\u00e9pek profit\u00e1lhatnak az alkalmaz\u00e1sok \u00e1ltal k\u00edn\u00e1lt energiamegtakar\u00edt\u00e1sb\u00f3l.<\/p>\n\n\n\n<h4 class=\"wp-block-heading\"><strong>Mi a teend\u0151, ha egy alkalmaz\u00e1s nem jav\u00edtja az akkumul\u00e1tor \u00e9lettartam\u00e1t?<\/strong><\/h4>\n\n\n\n<p>Ha egy alkalmaz\u00e1s nem m\u0171k\u00f6dik, ellen\u0151rizze az eszk\u00f6z be\u00e1ll\u00edt\u00e1sait. El\u0151fordulhat, hogy az optimaliz\u00e1l\u00e1s nem m\u0171k\u00f6dik megfelel\u0151en a rendszerbe\u00e1ll\u00edt\u00e1sok, p\u00e9ld\u00e1ul az Active Sync vagy a h\u00e1tt\u00e9rben fut\u00f3, energiaig\u00e9nyes alkalmaz\u00e1sok miatt. Pr\u00f3b\u00e1ljon ki egy m\u00e1sik alkalmaz\u00e1st, vagy konzult\u00e1ljon szak\u00e9rt\u0151i aj\u00e1nl\u00e1sokkal f\u00f3rumokon \u00e9s online k\u00f6z\u00f6ss\u00e9gekben, hogy megtal\u00e1lja az ig\u00e9nyeinek megfelel\u0151 megold\u00e1st.<\/p>","protected":false},"excerpt":{"rendered":"<p>Descubre c\u00f3mo alargar la vida \u00fatil de tu bater\u00eda f\u00e1cilmente. Imag\u00ednate esto: est\u00e1s en medio de un d\u00eda ocupado, usando tu tel\u00e9fono para trabajar, divertirte o conectarte con amigos, y de repente aparece la notificaci\u00f3n de bater\u00eda baja. Frustrante, \u00bfno? Por suerte, existen soluciones simples y efectivas para optimizar la bater\u00eda de tu tel\u00e9fono m\u00f3vil, [&hellip;]<\/p>","protected":false},"author":0,"featured_media":7740,"comment_status":"closed","ping_status":"open","sticky":false,"template":"","format":"standard","meta":{"footnotes":""},"categories":[2],"tags":[321,674,885,1074,1193],"yoast_head":"<!-- This site is optimized with the Yoast SEO plugin v23.3 - https:\/\/yoast.com\/wordpress\/plugins\/seo\/ -->\n<title>Optimiza tu bater\u00eda ahora - Universo Fam\u00edlia<\/title>\n<meta name=\"description\" content=\"Optimiza tu bater\u00eda ahora. Descubre c\u00f3mo alargar la vida \u00fatil de tu bater\u00eda f\u00e1cilmente.\" \/>\n<meta name=\"robots\" content=\"index, follow, max-snippet:-1, max-image-preview:large, max-video-preview:-1\" \/>\n<link rel=\"canonical\" href=\"https:\/\/universofamilia.com\/hu\/optimiza-tu-bateria-ahora\/\" \/>\n<meta property=\"og:locale\" content=\"hu_HU\" \/>\n<meta property=\"og:type\" content=\"article\" \/>\n<meta property=\"og:title\" content=\"Optimiza tu bater\u00eda ahora - Universo Fam\u00edlia\" \/>\n<meta property=\"og:description\" content=\"Optimiza tu bater\u00eda ahora. Descubre c\u00f3mo alargar la vida \u00fatil de tu bater\u00eda f\u00e1cilmente.\" \/>\n<meta property=\"og:url\" content=\"https:\/\/universofamilia.com\/hu\/optimiza-tu-bateria-ahora\/\" \/>\n<meta property=\"og:site_name\" content=\"Universo Fam\u00edlia\" \/>\n<meta property=\"article:published_time\" content=\"2024-12-13T17:48:41+00:00\" \/>\n<meta property=\"og:image\" content=\"https:\/\/universofamilia.com\/wp-content\/uploads\/sites\/148\/2024\/12\/DESTAQUE-UNIVERSO-550-x-350-1-6.jpg\" \/>\n\t<meta property=\"og:image:width\" content=\"550\" \/>\n\t<meta property=\"og:image:height\" content=\"350\" \/>\n\t<meta property=\"og:image:type\" content=\"image\/jpeg\" \/>\n<meta name=\"twitter:card\" content=\"summary_large_image\" \/>\n<meta name=\"twitter:label1\" content=\"Est. reading time\" \/>\n\t<meta name=\"twitter:data1\" content=\"8 perc\" \/>\n<script type=\"application\/ld+json\" class=\"yoast-schema-graph\">{\"@context\":\"https:\/\/schema.org\",\"@graph\":[{\"@type\":\"WebPage\",\"@id\":\"https:\/\/universofamilia.com\/cs\/optimiza-tu-bateria-ahora\/\",\"url\":\"https:\/\/universofamilia.com\/cs\/optimiza-tu-bateria-ahora\/\",\"name\":\"Optimiza tu bater\u00eda ahora - Universo Fam\u00edlia\",\"isPartOf\":{\"@id\":\"https:\/\/universofamilia.com\/el\/#website\"},\"primaryImageOfPage\":{\"@id\":\"https:\/\/universofamilia.com\/cs\/optimiza-tu-bateria-ahora\/#primaryimage\"},\"image\":{\"@id\":\"https:\/\/universofamilia.com\/cs\/optimiza-tu-bateria-ahora\/#primaryimage\"},\"thumbnailUrl\":\"http:\/\/universofamilia.com\/wp-content\/uploads\/sites\/148\/2024\/12\/DESTAQUE-UNIVERSO-550-x-350-1-6.jpg\",\"datePublished\":\"2024-12-13T17:48:41+00:00\",\"dateModified\":\"2024-12-13T17:48:41+00:00\",\"author\":{\"@id\":\"\"},\"description\":\"Optimiza tu bater\u00eda ahora. Descubre c\u00f3mo alargar la vida \u00fatil de tu bater\u00eda f\u00e1cilmente.\",\"breadcrumb\":{\"@id\":\"https:\/\/universofamilia.com\/cs\/optimiza-tu-bateria-ahora\/#breadcrumb\"},\"inLanguage\":\"hu\",\"potentialAction\":[{\"@type\":\"ReadAction\",\"target\":[\"https:\/\/universofamilia.com\/cs\/optimiza-tu-bateria-ahora\/\"]}]},{\"@type\":\"ImageObject\",\"inLanguage\":\"hu\",\"@id\":\"https:\/\/universofamilia.com\/cs\/optimiza-tu-bateria-ahora\/#primaryimage\",\"url\":\"http:\/\/universofamilia.com\/wp-content\/uploads\/sites\/148\/2024\/12\/DESTAQUE-UNIVERSO-550-x-350-1-6.jpg\",\"contentUrl\":\"http:\/\/universofamilia.com\/wp-content\/uploads\/sites\/148\/2024\/12\/DESTAQUE-UNIVERSO-550-x-350-1-6.jpg\",\"width\":550,\"height\":350,\"caption\":\"Optimiza tu bater\u00eda ahora\"},{\"@type\":\"BreadcrumbList\",\"@id\":\"https:\/\/universofamilia.com\/cs\/optimiza-tu-bateria-ahora\/#breadcrumb\",\"itemListElement\":[{\"@type\":\"ListItem\",\"position\":1,\"name\":\"Home\",\"item\":\"https:\/\/universofamilia.com\/el\/\"},{\"@type\":\"ListItem\",\"position\":2,\"name\":\"Optimiza tu bater\u00eda ahora\"}]},{\"@type\":\"WebSite\",\"@id\":\"https:\/\/universofamilia.com\/el\/#website\",\"url\":\"https:\/\/universofamilia.com\/el\/\",\"name\":\"Universo Fam\u00edlia\",\"description\":\"\",\"potentialAction\":[{\"@type\":\"SearchAction\",\"target\":{\"@type\":\"EntryPoint\",\"urlTemplate\":\"https:\/\/universofamilia.com\/el\/?s={search_term_string}\"},\"query-input\":\"required name=search_term_string\"}],\"inLanguage\":\"hu\"}]}<\/script>\n<!-- \/ Yoast SEO plugin. -->","yoast_head_json":{"title":"Optimiza tu bater\u00eda ahora - Universo Fam\u00edlia","description":"Optimiza tu bater\u00eda ahora. Descubre c\u00f3mo alargar la vida \u00fatil de tu bater\u00eda f\u00e1cilmente.","robots":{"index":"index","follow":"follow","max-snippet":"max-snippet:-1","max-image-preview":"max-image-preview:large","max-video-preview":"max-video-preview:-1"},"canonical":"https:\/\/universofamilia.com\/hu\/optimiza-tu-bateria-ahora\/","og_locale":"hu_HU","og_type":"article","og_title":"Optimiza tu bater\u00eda ahora - Universo Fam\u00edlia","og_description":"Optimiza tu bater\u00eda ahora. Descubre c\u00f3mo alargar la vida \u00fatil de tu bater\u00eda f\u00e1cilmente.","og_url":"https:\/\/universofamilia.com\/hu\/optimiza-tu-bateria-ahora\/","og_site_name":"Universo Fam\u00edlia","article_published_time":"2024-12-13T17:48:41+00:00","og_image":[{"width":550,"height":350,"url":"https:\/\/universofamilia.com\/wp-content\/uploads\/sites\/148\/2024\/12\/DESTAQUE-UNIVERSO-550-x-350-1-6.jpg","type":"image\/jpeg"}],"twitter_card":"summary_large_image","twitter_misc":{"Est. reading time":"8 perc"},"schema":{"@context":"https:\/\/schema.org","@graph":[{"@type":"WebPage","@id":"https:\/\/universofamilia.com\/cs\/optimiza-tu-bateria-ahora\/","url":"https:\/\/universofamilia.com\/cs\/optimiza-tu-bateria-ahora\/","name":"Optimiza tu bater\u00eda ahora - Universo Fam\u00edlia","isPartOf":{"@id":"https:\/\/universofamilia.com\/el\/#website"},"primaryImageOfPage":{"@id":"https:\/\/universofamilia.com\/cs\/optimiza-tu-bateria-ahora\/#primaryimage"},"image":{"@id":"https:\/\/universofamilia.com\/cs\/optimiza-tu-bateria-ahora\/#primaryimage"},"thumbnailUrl":"http:\/\/universofamilia.com\/wp-content\/uploads\/sites\/148\/2024\/12\/DESTAQUE-UNIVERSO-550-x-350-1-6.jpg","datePublished":"2024-12-13T17:48:41+00:00","dateModified":"2024-12-13T17:48:41+00:00","author":{"@id":""},"description":"Optimiza tu bater\u00eda ahora. Descubre c\u00f3mo alargar la vida \u00fatil de tu bater\u00eda f\u00e1cilmente.","breadcrumb":{"@id":"https:\/\/universofamilia.com\/cs\/optimiza-tu-bateria-ahora\/#breadcrumb"},"inLanguage":"hu","potentialAction":[{"@type":"ReadAction","target":["https:\/\/universofamilia.com\/cs\/optimiza-tu-bateria-ahora\/"]}]},{"@type":"ImageObject","inLanguage":"hu","@id":"https:\/\/universofamilia.com\/cs\/optimiza-tu-bateria-ahora\/#primaryimage","url":"http:\/\/universofamilia.com\/wp-content\/uploads\/sites\/148\/2024\/12\/DESTAQUE-UNIVERSO-550-x-350-1-6.jpg","contentUrl":"http:\/\/universofamilia.com\/wp-content\/uploads\/sites\/148\/2024\/12\/DESTAQUE-UNIVERSO-550-x-350-1-6.jpg","width":550,"height":350,"caption":"Optimiza tu bater\u00eda ahora"},{"@type":"BreadcrumbList","@id":"https:\/\/universofamilia.com\/cs\/optimiza-tu-bateria-ahora\/#breadcrumb","itemListElement":[{"@type":"ListItem","position":1,"name":"Home","item":"https:\/\/universofamilia.com\/el\/"},{"@type":"ListItem","position":2,"name":"Optimiza tu bater\u00eda ahora"}]},{"@type":"WebSite","@id":"https:\/\/universofamilia.com\/el\/#website","url":"https:\/\/universofamilia.com\/el\/","name":"Universo Fam\u00edlia","description":"","potentialAction":[{"@type":"SearchAction","target":{"@type":"EntryPoint","urlTemplate":"https:\/\/universofamilia.com\/el\/?s={search_term_string}"},"query-input":"required name=search_term_string"}],"inLanguage":"hu"}]}},"_links":{"self":[{"href":"http:\/\/universofamilia.com\/hu\/wp-json\/wp\/v2\/posts\/7739"}],"collection":[{"href":"http:\/\/universofamilia.com\/hu\/wp-json\/wp\/v2\/posts"}],"about":[{"href":"http:\/\/universofamilia.com\/hu\/wp-json\/wp\/v2\/types\/post"}],"replies":[{"embeddable":true,"href":"http:\/\/universofamilia.com\/hu\/wp-json\/wp\/v2\/comments?post=7739"}],"version-history":[{"count":0,"href":"http:\/\/universofamilia.com\/hu\/wp-json\/wp\/v2\/posts\/7739\/revisions"}],"wp:featuredmedia":[{"embeddable":true,"href":"http:\/\/universofamilia.com\/hu\/wp-json\/wp\/v2\/media\/7740"}],"wp:attachment":[{"href":"http:\/\/universofamilia.com\/hu\/wp-json\/wp\/v2\/media?parent=7739"}],"wp:term":[{"taxonomy":"category","embeddable":true,"href":"http:\/\/universofamilia.com\/hu\/wp-json\/wp\/v2\/categories?post=7739"},{"taxonomy":"post_tag","embeddable":true,"href":"http:\/\/universofamilia.com\/hu\/wp-json\/wp\/v2\/tags?post=7739"}],"curies":[{"name":"wp","href":"https:\/\/api.w.org\/{rel}","templated":true}]}}