{"id":7878,"date":"2024-12-26T13:37:47","date_gmt":"2024-12-26T16:37:47","guid":{"rendered":"https:\/\/universofamilia.com\/?p=7878"},"modified":"2025-01-28T14:04:34","modified_gmt":"2025-01-28T14:04:34","slug":"recuperando-memorias-perdidas-3","status":"publish","type":"post","link":"http:\/\/universofamilia.com\/hu\/recuperando-memorias-perdidas-3\/","title":{"rendered":"Elveszett eml\u00e9kek visszaszerz\u00e9se"},"content":{"rendered":"<p>Ne vesz\u00edtsd el az eml\u00e9keidet, szerezd vissza \u0151ket k\u00f6nnyed\u00e9n!<\/p>\n\n\n\n<h4 class=\"wp-block-heading has-text-align-center\">Van b\u00e1rmilyen k\u00e9rd\u00e9se?<\/h4>\n\n\n\n<div class=\"wp-block-buttons is-content-justification-center is-layout-flex wp-container-core-buttons-layout-1 wp-block-buttons-is-layout-flex\">\n<div class=\"wp-block-button has-custom-width wp-block-button__width-100 has-custom-font-size is-style-outline has-medium-font-size\" style=\"text-decoration:none\"><a class=\"wp-block-button__link has-white-color has-vivid-purple-background-color has-text-color has-background has-link-color has-border-color has-ast-global-color-5-border-color has-text-align-center wp-element-button\" href=\"https:\/\/www.messenger.com\/login.php?next=https%3A%2F%2Fwww.messenger.com%2Ft%2F110263563681990%2F%3Fref%3Dw30174560--utm_campaign%253D%257B%257Badset.id%257D%257D%26messaging_source%3Dsource%253Apages%253Amessage_shortlink%26source_id%3D1441792%26recurring_notification%3D0\" style=\"border-radius:6px\">\ud83d\udcac Besz\u00e9lj\u00fcnk! \ud83d\udc69\u200d\ud83e\uddb0\u200d\ud83c\udfa7<\/a><\/div>\n<\/div>\n\n\n\n<p class=\"has-text-align-right\"><em><strong>\u00c1tir\u00e1ny\u00edtunk egy m\u00e1sik webhelyre<\/strong><\/em><\/p>\n\n\n\n<hr class=\"wp-block-separator alignfull has-text-color has-alpha-channel-opacity has-background is-style-wide\" style=\"background-color:#006196;color:#006196\" \/>\n\n\n\n<p><\/p>\n\n\n\n<p>A fontos f\u00e9nyk\u00e9pek vagy vide\u00f3k elveszt\u00e9se sok kellemetlens\u00e9get okozhat.<\/p>\n\n\n\n<p>Ak\u00e1r egy k\u00fcl\u00f6nleges pillanat eml\u00e9k\u00e9r\u0151l, egy felejthetetlen utaz\u00e1sr\u00f3l vagy csak egy bar\u00e1tokkal t\u00f6lt\u00f6tt napr\u00f3l van sz\u00f3, a gondolat, hogy soha nem kapjuk vissza ezeket a f\u00e1jlokat, les\u00fajt\u00f3.<\/p>\n\n\n\n<p>Szerencs\u00e9re a technol\u00f3gia praktikus \u00e9s el\u00e9rhet\u0151 megold\u00e1sokat k\u00edn\u00e1l erre a probl\u00e9m\u00e1ra.<\/p>\n\n\n\n<h2 class=\"wp-block-heading\">A felvett pillanatok elveszt\u00e9s\u00e9nek szomor\u00fas\u00e1ga<\/h2>\n\n\n\n<p>Veled is t\u00f6rt\u00e9nt m\u00e1r ilyen?<\/p>\n\n\n\n<p>Cs\u00fasz\u00e1s a k\u00e9perny\u0151n, egy s\u00e9r\u00fclt eszk\u00f6z, vagy ak\u00e1r egy mem\u00f3riak\u00e1rtya meghib\u00e1sod\u00e1sa.<\/p>\n\n\n\n<p>Minden elt\u0171nik egy szempillant\u00e1s alatt.<\/p>\n\n\n\n<p>Egy Google Play-felhaszn\u00e1l\u00f3 \u00edgy fogalmazott: \u201eAzt hittem, \u00f6r\u00f6kre elvesztettem a fiam sz\u00fclet\u00e9snapi fot\u00f3it, de egy alkalmaz\u00e1s megmentette a helyzetet.\u201d<\/p>\n\n\n\n<p>Az ehhez hasonl\u00f3 t\u00f6rt\u00e9netek azt mutatj\u00e1k, hogy a digit\u00e1lis helyre\u00e1ll\u00edt\u00e1s t\u00falmutat a technikain: olyan eml\u00e9kek helyre\u00e1ll\u00edt\u00e1s\u00e1r\u00f3l sz\u00f3l, amelyek \u00f6sszekapcsolnak minket a szem\u00e9lyes t\u00f6rt\u00e9nelm\u00fcnkkel.<\/p>\n\n\n\n<hr class=\"wp-block-separator has-text-color has-luminous-vivid-orange-color has-alpha-channel-opacity has-luminous-vivid-orange-background-color has-background is-style-wide\" \/>\n\n\n\n<h4 class=\"wp-block-heading has-text-align-center\">Mit szeretn\u00e9l el\u0151sz\u00f6r csin\u00e1lni?<\/h4>\n\n\n\n<div class=\"wp-block-buttons is-content-justification-center is-layout-flex wp-container-core-buttons-layout-2 wp-block-buttons-is-layout-flex\">\n<div class=\"wp-block-button has-custom-width wp-block-button__width-100 is-style-outline\" style=\"text-decoration:none\"><a class=\"wp-block-button__link has-white-color has-vivid-cyan-blue-background-color has-text-color has-background has-link-color has-text-align-left wp-element-button\" href=\"https:\/\/universofamilia.com\/hu\/6744\/restaurar-fotos-usando-el-celular\/\" style=\"border-radius:10px\">Fot\u00f3k vissza\u00e1ll\u00edt\u00e1sa mobiltelefonnal \u27a1\ufe0f<\/a><\/div>\n<\/div>\n\n\n\n<div class=\"wp-block-buttons is-content-justification-center is-layout-flex wp-container-core-buttons-layout-3 wp-block-buttons-is-layout-flex\">\n<div class=\"wp-block-button has-custom-width wp-block-button__width-100 is-style-outline\" style=\"text-decoration:none\"><a class=\"wp-block-button__link has-white-color has-vivid-cyan-blue-background-color has-text-color has-background has-link-color has-text-align-left wp-element-button\" href=\"https:\/\/universofamilia.com\/hu\/6739\/encontrar-fotos-ocultas-en-el-celular\/\" style=\"border-radius:10px\">Rejtett fot\u00f3k keres\u00e9se a mobiltelefonodon \u27a1\ufe0f<\/a><\/div>\n<\/div>\n\n\n\n<div class=\"wp-block-buttons is-content-justification-center is-layout-flex wp-container-core-buttons-layout-4 wp-block-buttons-is-layout-flex\">\n<div class=\"wp-block-button has-custom-width wp-block-button__width-100 is-style-outline\" style=\"text-decoration:none\"><a class=\"wp-block-button__link has-white-color has-vivid-cyan-blue-background-color has-text-color has-background has-link-color has-text-align-left wp-element-button\" href=\"https:\/\/universofamilia.com\/hu\/6733\/recuperar-cualquier-archivo-digital-eliminado\/\" style=\"border-radius:10px\">T\u00f6r\u00f6lt digit\u00e1lis f\u00e1jlok helyre\u00e1ll\u00edt\u00e1sa \u27a1\ufe0f<\/a><\/div>\n<\/div>\n\n\n\n<p class=\"has-text-align-right\"><em><strong><em><strong><em><strong><em><strong><em><strong>Olvass tov\u00e1bb!<\/strong><\/em><\/strong><\/em><\/strong><\/em><\/strong><\/em><\/strong><\/em><\/p>\n\n\n\n<hr class=\"wp-block-separator has-text-color has-luminous-vivid-orange-color has-alpha-channel-opacity has-luminous-vivid-orange-background-color has-background is-style-wide\" \/>\n\n\n\n<p><\/p>\n\n\n\n<h2 class=\"wp-block-heading\">A fellend\u00fcl\u00e9s h\u0151sei<\/h2>\n\n\n\n<p>Annyi el\u00e9rhet\u0151 alkalmaz\u00e1s k\u00f6z\u00fcl neh\u00e9z lehet eld\u00f6nteni, hogy melyiket v\u00e1lasszuk.<\/p>\n\n\n\n<p>De elv\u00e9gezt\u00fck a munk\u00e1t helyetted, \u00e9s kiv\u00e1lasztottunk h\u00e1rom nagyszer\u0171 lehet\u0151s\u00e9get, amelyek vil\u00e1gszerte t\u00f6bb ezer embernek seg\u00edtettek:<\/p>\n\n\n\n<ul class=\"wp-block-list\">\n<li>\ud83d\udd04 <strong>A DiskDigger helyre\u00e1ll\u00edtja a f\u00e9nyk\u00e9peket<\/strong><\/li>\n\n\n\n<li>\ud83d\udd04 <strong>Vissza\u00e1ll\u00edt\u00f3 Androidra<\/strong><\/li>\n\n\n\n<li>\ud83d\udd04 <strong>MobiSaver \u2013 Fot\u00f3k \u00e9s adatok helyre\u00e1ll\u00edt\u00e1sa<\/strong><\/li>\n<\/ul>\n\n\n\n<p>Ezek az eszk\u00f6z\u00f6k nemcsak hat\u00e9konyak, de k\u00f6nnyen haszn\u00e1lhat\u00f3ak is, m\u00e9g azok sz\u00e1m\u00e1ra is, akik most ismerkednek a technol\u00f3gi\u00e1val.<\/p>\n\n\n\n<h2 class=\"wp-block-heading\">A fel\u00e9p\u00fcl\u00e9s var\u00e1zsa: Mit mondanak a felhaszn\u00e1l\u00f3k?<\/h2>\n\n\n\n<p>Tudtad, hogy ezek az alkalmaz\u00e1sok m\u00e1r t\u00f6bb milli\u00f3 embernek seg\u00edtettek? Egy DiskDigger-felhaszn\u00e1l\u00f3 szerint: \u201eVissza\u00e1ll\u00edtottam az esk\u00fcv\u0151i fot\u00f3imat, miut\u00e1n v\u00e9letlen\u00fcl t\u00f6r\u00f6ltem \u0151ket.\u201d<\/p>\n\n\n\n<p>\u201eEl sem hittem, amikor \u00fajra megl\u00e1ttam \u0151ket!\u201d Az Undeleternek is megvan a maga h\u00edrneve. Egy fejleszt\u0151 azt mondta, hogy siker\u00fclt vissza\u00e1ll\u00edtania a h\u00f3napokkal ezel\u0151tt t\u00f6r\u00f6lt k\u00f3dokat az alkalmaz\u00e1s seg\u00edts\u00e9g\u00e9vel.<\/p>\n\n\n\n<p>A MobiSaver eset\u00e9ben a v\u00e9lem\u00e9nyek kiemelik a pontoss\u00e1g\u00e1t. \u201eNemcsak megtal\u00e1lta a f\u00e1jlokat, hanem vissza is \u00e1ll\u00edtotta azokat eredeti min\u0151s\u00e9g\u00fckbe.<\/p>\n\n\n\n<p>\u201eDigit\u00e1lis csoda!\u201d \u2013 osztotta meg egy h\u00e1l\u00e1s felhaszn\u00e1l\u00f3.<\/p>\n\n\n\n<figure class=\"wp-block-image alignfull size-full\"><img loading=\"lazy\" decoding=\"async\" width=\"550\" height=\"350\" src=\"http:\/\/universofamilia.com\/wp-content\/uploads\/sites\/148\/2024\/12\/DESTAQUE-UNIVERSO-550-x-350-18.jpg\" alt=\"\" class=\"wp-image-7879\" srcset=\"http:\/\/universofamilia.com\/wp-content\/uploads\/sites\/148\/2024\/12\/DESTAQUE-UNIVERSO-550-x-350-18.jpg 550w, http:\/\/universofamilia.com\/wp-content\/uploads\/sites\/148\/2024\/12\/DESTAQUE-UNIVERSO-550-x-350-18-300x191.jpg 300w\" sizes=\"(max-width: 550px) 100vw, 550px\" \/><figcaption class=\"wp-element-caption\">Elveszett eml\u00e9kek visszaszerz\u00e9se<\/figcaption><\/figure>\n\n\n\n<h2 class=\"wp-block-heading\">Az alkalmaz\u00e1sok szuperh\u0151sei<\/h2>\n\n\n\n<p>Ezen alkalmaz\u00e1sok mindegyike egyedi funkci\u00f3kkal rendelkezik, amelyek k\u00fcl\u00f6nb\u00f6z\u0151 ig\u00e9nyeket el\u00e9g\u00edtenek ki:<\/p>\n\n\n\n<ul class=\"wp-block-list\">\n<li>\ud83c\udf10 <strong>A DiskDigger helyre\u00e1ll\u00edtja a f\u00e9nyk\u00e9peket:<\/strong> A f\u00e9nyk\u00e9pekre specializ\u00e1l\u00f3dott alkalmaz\u00e1s ide\u00e1lis azok sz\u00e1m\u00e1ra, akik t\u00f6r\u00f6lt k\u00e9peket szeretn\u00e9nek vissza\u00e1ll\u00edtani bels\u0151 vagy k\u00fcls\u0151 t\u00e1rol\u00f3r\u00f3l. Egyszer\u0171 fel\u00fclet\u00e9vel t\u00f6k\u00e9letes a gyors megold\u00e1sokat keres\u0151 felhaszn\u00e1l\u00f3k sz\u00e1m\u00e1ra.<\/li>\n\n\n\n<li>\ud83c\udf10 <strong>Vissza\u00e1ll\u00edt\u00f3 Androidra:<\/strong> Egy \u00e1tfog\u00f3bb opci\u00f3, amely nemcsak a f\u00e9nyk\u00e9peket, hanem a vide\u00f3kat, dokumentumokat \u00e9s m\u00e9g a t\u00f6r\u00f6lt \u00fczeneteket is helyre\u00e1ll\u00edtja. M\u00e9g nem rootolt eszk\u00f6z\u00f6k\u00f6n is m\u0171k\u00f6dik.<\/li>\n\n\n\n<li>\ud83c\udf10 <strong>MobiSaver \u2013 Fot\u00f3 \u00e9s adatok helyre\u00e1ll\u00edt\u00e1sa:<\/strong> Ez az ide\u00e1lis alkalmaz\u00e1s azok sz\u00e1m\u00e1ra, akik \u00e1tfog\u00f3 \u00e9s megb\u00edzhat\u00f3 megold\u00e1st keresnek. Alaposan \u00e1tvizsg\u00e1lja az eszk\u00f6zt, \u00e9s arr\u00f3l ismert, hogy megtal\u00e1lja azokat az elveszett f\u00e1jlokat, amelyeket m\u00e1s alkalmaz\u00e1sok nem \u00e9szlelnek.<\/li>\n<\/ul>\n\n\n\n<h2 class=\"wp-block-heading\">Tippek a sikeres fel\u00e9p\u00fcl\u00e9shez<\/h2>\n\n\n\n<p>Ha maximaliz\u00e1lni szeretn\u00e9 f\u00e1jljai helyre\u00e1ll\u00edt\u00e1s\u00e1nak es\u00e9lyeit, k\u00f6vesse az al\u00e1bbi tippeket:<\/p>\n\n\n\n<ol class=\"wp-block-list\">\n<li>\u26a1 <strong>Ker\u00fclje a k\u00e9sz\u00fcl\u00e9k haszn\u00e1lat\u00e1t:<\/strong> Amint r\u00e1j\u00f6ssz, hogy valamit elvesztett\u00e9l, hagyd abba az \u00faj f\u00e1jlok ment\u00e9s\u00e9t. Ez cs\u00f6kkenti a t\u00f6r\u00f6lt adatok fel\u00fcl\u00edr\u00e1s\u00e1nak kock\u00e1zat\u00e1t.<\/li>\n\n\n\n<li>\u26a1 <strong>V\u00e1laszd ki a megfelel\u0151 alkalmaz\u00e1st:<\/strong> Hat\u00e1rozza meg, hogy melyik alkalmaz\u00e1s a legmegfelel\u0151bb az \u00d6n helyzet\u00e9ben.<\/li>\n\n\n\n<li>\u26a1 <strong>Oktat\u00f3anyagok olvas\u00e1sa:<\/strong> Sok alkalmaz\u00e1s l\u00e9p\u00e9sr\u0151l l\u00e9p\u00e9sre \u00fatmutat\u00f3kat k\u00edn\u00e1l. Ezen utas\u00edt\u00e1sok k\u00f6vet\u00e9se nagy k\u00fcl\u00f6nbs\u00e9get jelenthet.<\/li>\n\n\n\n<li>\u26a1 <strong>L\u00e9gy t\u00fcrelmes:<\/strong> Az eszk\u00f6z m\u00e9ret\u00e9t\u0151l f\u00fcgg\u0151en a szkennel\u00e9si folyamat eltarthat egy ideig. V\u00e1rja meg a teljes eredm\u00e9nyt, miel\u0151tt b\u00e1rmilyen d\u00f6nt\u00e9st hozna.<\/li>\n<\/ol>\n\n\n\n<h2 class=\"wp-block-heading\">Mit mondanak a felhaszn\u00e1l\u00f3k?<\/h2>\n\n\n\n<p>Nem t\u00falz\u00e1s azt \u00e1ll\u00edtani, hogy ezek az alkalmaz\u00e1sok \u00e9leteket v\u00e1ltoztattak meg. Az olyan \u00e1ruh\u00e1zakban, mint a Google Play, tal\u00e1lhat\u00f3 v\u00e9lem\u00e9nyek a sikerr\u0151l \u00e9s a h\u00e1l\u00e1r\u00f3l sz\u00f3lnak.<\/p>\n\n\n\n<p>Ezenk\u00edv\u00fcl sokan kiemelik, hogy ezek az alkalmaz\u00e1sok mennyire intuit\u00edvak, \u00e9s nem ig\u00e9nyelnek speci\u00e1lis ismereteket a m\u0171k\u00f6dtet\u00e9s\u00fckh\u00f6z.<\/p>\n\n\n\n<h2 class=\"wp-block-heading\">K\u00f6vetkeztet\u00e9s<\/h2>\n\n\n\n<p>A digit\u00e1lis eml\u00e9kek elveszt\u00e9se nem felt\u00e9tlen\u00fcl jelenti a v\u00e9g\u00e9t. Olyan eszk\u00f6z\u00f6kkel, mint a <strong>LemezDigger<\/strong>, <strong>Vissza\u00e1ll\u00edt<\/strong> \u00e9s <strong>MobiSaver<\/strong>, visszaszerezheted azt, ami \u00f6r\u00f6kre elveszettnek t\u0171nt.<\/p>\n\n\n\n<p>\u00c9s ne feledj\u00fck, n\u00e9ha el\u00e9g csak egy es\u00e9ly a technol\u00f3gi\u00e1ra, hogy visszahozza az eml\u00e9keinket.<\/p>\n\n\n\n<p>Sz\u00f3val, ha ezzel a probl\u00e9m\u00e1val szembes\u00fclsz, pr\u00f3b\u00e1ld ki ezeket az alkalmaz\u00e1sokat m\u00e9g ma. Ki tudja, tal\u00e1n az eml\u00e9keid csak egy kattint\u00e1snyira vannak.<\/p>\n\n\n\n<p><strong>Let\u00f6lt\u00e9si linkek:<\/strong><\/p>\n\n\n\n<ul class=\"wp-block-list\">\n<li><a href=\"https:\/\/play.google.com\/store\/apps\/details?id=com.defianttech.diskdigger&amp;hl=es\">DiskDigger helyre\u00e1ll\u00edtja a f\u00e9nyk\u00e9peket: Android<\/a><\/li>\n\n\n\n<li><a href=\"https:\/\/play.google.com\/store\/apps\/details?id=inshot.data.recovery.restore.deleted.data.diskdigger&amp;hl=es\">Vissza\u00e1ll\u00edt\u00f3 Androidra: Android<\/a><\/li>\n\n\n\n<li><a href=\"https:\/\/play.google.com\/store\/apps\/details?id=com.easeus.mobisaver\">MobiSaver \u2013 Fot\u00f3k \u00e9s adatok helyre\u00e1ll\u00edt\u00e1sa: Android<\/a><\/li>\n<\/ul>\n\n\n\n<h3 class=\"wp-block-heading\"><strong>Gyakran ism\u00e9telt k\u00e9rd\u00e9sek az adat-helyre\u00e1ll\u00edt\u00e1si alkalmaz\u00e1sokkal kapcsolatban<\/strong><\/h3>\n\n\n\n<p><strong>1. Milyen t\u00edpus\u00fa f\u00e1jlokat lehet helyre\u00e1ll\u00edtani ezekkel az alkalmaz\u00e1sokkal?<\/strong><br>Alkalmaz\u00e1sok, mint p\u00e9ld\u00e1ul <strong>LemezDigger<\/strong>, <strong>Vissza\u00e1ll\u00edt<\/strong> \u00e9s <strong>MobiSaver<\/strong> \u00dagy tervezt\u00e9k \u0151ket, hogy sokf\u00e9le f\u00e1jlt helyre\u00e1ll\u00edtsanak, bele\u00e9rtve a f\u00e9nyk\u00e9peket, vide\u00f3kat, dokumentumokat \u00e9s ak\u00e1r t\u00f6r\u00f6lt \u00fczeneteket is. Minden alkalmaz\u00e1snak egyedi funkci\u00f3i vannak, de \u00e1ltal\u00e1ban a v\u00e9letlen\u00fcl t\u00f6r\u00f6lt vagy rendszerhib\u00e1k miatt elveszett f\u00e1jlokra \u00f6sszpontos\u00edtanak.<\/p>\n\n\n\n<p><strong>2. Sz\u00fcks\u00e9ges rootolni az eszk\u00f6z\u00f6met ezen alkalmaz\u00e1sok haszn\u00e1lat\u00e1hoz?<\/strong><br>Nem mindig sz\u00fcks\u00e9ges rootolni az eszk\u00f6zt. P\u00e9ld\u00e1ul, <strong>LemezDigger<\/strong> lehet\u0151v\u00e9 teszi az alapvet\u0151 f\u00e1jlok helyre\u00e1ll\u00edt\u00e1s\u00e1t root n\u00e9lk\u00fcl, de a fejlettebb helyre\u00e1ll\u00edt\u00e1shoz root hozz\u00e1f\u00e9r\u00e9sre lehet sz\u00fcks\u00e9g. <strong>Vissza\u00e1ll\u00edt<\/strong> Nem rootolt eszk\u00f6z\u00f6k\u00f6n is m\u0171k\u00f6dik, b\u00e1r rootolt eszk\u00f6z\u00f6k\u00f6n t\u00f6bb lehet\u0151s\u00e9get k\u00edn\u00e1l.<\/p>\n\n\n\n<p><strong>3. Mennyire hat\u00e9konyak ezek az alkalmaz\u00e1sok az adatok helyre\u00e1ll\u00edt\u00e1s\u00e1ban?<\/strong><br>A hat\u00e9konys\u00e1g a f\u00e1jl elveszt\u00e9se \u00f3ta eltelt id\u0151t\u0151l \u00e9s a t\u00e1rhely fel\u00fcl\u00edr\u00e1s\u00e1t\u00f3l f\u00fcgg. \u00c1ltal\u00e1noss\u00e1gban elmondhat\u00f3, hogy az olyan alkalmaz\u00e1sok, mint a <strong>MobiSaver<\/strong> Elismerik \u0151ket a f\u00e1jlok eredeti min\u0151s\u00e9gben t\u00f6rt\u00e9n\u0151 helyre\u00e1ll\u00edt\u00e1s\u00e1nak magas ar\u00e1ny\u00e1r\u00f3l.<\/p>\n\n\n\n<p><strong>4. Lehet adatokat helyre\u00e1ll\u00edtani mem\u00f3riak\u00e1rty\u00e1kr\u00f3l vagy USB-meghajt\u00f3kr\u00f3l?<\/strong><br>Igen, k\u00fcl\u00f6n\u00f6sen <strong>LemezDigger<\/strong>, amely ide\u00e1lis mind a bels\u0151, mind a k\u00fcls\u0151 t\u00e1rol\u00f3eszk\u00f6z\u00f6k, bele\u00e9rtve a telefonhoz csatlakoztatott SD-k\u00e1rty\u00e1kat \u00e9s USB-eszk\u00f6z\u00f6ket, szkennel\u00e9s\u00e9re.<\/p>\n\n\n\n<p><strong>5. Biztons\u00e1gosak ezek az alkalmaz\u00e1sok?<\/strong><br>Igen, az aj\u00e1nlott alkalmaz\u00e1sok j\u00f3 \u00e9rt\u00e9kel\u00e9sekkel \u00e9s t\u00f6bb milli\u00f3 let\u00f6lt\u00e9ssel rendelkeznek a Google Playen, ami garant\u00e1lja a megb\u00edzhat\u00f3s\u00e1gukat. Gy\u0151z\u0151dj\u00f6n meg r\u00f3la, hogy hivatalos forr\u00e1sokb\u00f3l t\u00f6lti le \u0151ket.<\/p>\n\n\n\n<p><strong>6. Mennyi ideig tart a f\u00e1jlok helyre\u00e1ll\u00edt\u00e1sa?<\/strong><br>Az id\u0151 a t\u00e1rhely m\u00e9ret\u00e9t\u0151l \u00e9s a helyre\u00e1ll\u00edtani k\u00edv\u00e1nt f\u00e1jl t\u00edpus\u00e1t\u00f3l f\u00fcgg. Egyes alkalmaz\u00e1sok alapos vizsg\u00e1lata perceket vehet ig\u00e9nybe, m\u00edg m\u00e1soknak t\u00f6bb id\u0151re van sz\u00fcks\u00e9g\u00fck a m\u00e9lyrehat\u00f3 vizsg\u00e1lathoz.<\/p>\n\n\n\n<p><strong>7. Mit tegyek, ha els\u0151re nem siker\u00fcl vissza\u00e1ll\u00edtani a f\u00e1jljaimat?<\/strong><br>Ha nem tudja vissza\u00e1ll\u00edtani az adatait, pr\u00f3b\u00e1lkozzon egy m\u00e1sik vizsg\u00e1lattal vagy egy m\u00e1sik alkalmaz\u00e1ssal. Ker\u00fclje az eszk\u00f6z haszn\u00e1lat\u00e1t is, hogy elker\u00fclje a t\u00f6r\u00f6lt adatok fel\u00fcl\u00edr\u00e1s\u00e1t.<\/p>","protected":false},"excerpt":{"rendered":"<p>Ne vesz\u00edtse el eml\u00e9keit, \u00e1ll\u00edtsa vissza \u0151ket k\u00f6nnyed\u00e9n! K\u00e9rd\u00e9se van? \u00c1tir\u00e1ny\u00edtunk egy m\u00e1sik oldalra. A fontos f\u00e9nyk\u00e9pek vagy vide\u00f3k elveszt\u00e9se sok stresszt okozhat. Legyen sz\u00f3 ak\u00e1r egy k\u00fcl\u00f6nleges pillanat eml\u00e9k\u00e9r\u0151l, egy felejthetetlen utaz\u00e1sr\u00f3l, vagy csak egy bar\u00e1tokkal t\u00f6lt\u00f6tt napr\u00f3l, a gondolat, hogy soha nem kapjuk vissza ezeket a f\u00e1jlokat, les\u00fajt\u00f3. Szerencs\u00e9re a technol\u00f3gia lehet\u0151v\u00e9 tette sz\u00e1munkra, hogy [\u2026]<\/p>","protected":false},"author":139,"featured_media":7879,"comment_status":"closed","ping_status":"open","sticky":false,"template":"","format":"standard","meta":{"footnotes":""},"categories":[2],"tags":[251,1372,1386],"yoast_head":"<!-- This site is optimized with the Yoast SEO plugin v23.3 - https:\/\/yoast.com\/wordpress\/plugins\/seo\/ -->\n<title>Recuperando memorias perdidas - Universo Fam\u00edlia<\/title>\n<meta name=\"description\" content=\"Recuperando memorias perdidas. a sea un recuerdo de un momento especial, un viaje inolvidable o simplemente un d\u00eda con amigos, la idea de nunca recuperar esos archivos es desoladora.\" \/>\n<meta name=\"robots\" content=\"index, follow, max-snippet:-1, max-image-preview:large, max-video-preview:-1\" \/>\n<link rel=\"canonical\" href=\"http:\/\/universofamilia.com\/hu\/recuperando-memorias-perdidas-3\/\" \/>\n<meta property=\"og:locale\" content=\"hu_HU\" \/>\n<meta property=\"og:type\" content=\"article\" \/>\n<meta property=\"og:title\" content=\"Recuperando memorias perdidas - Universo Fam\u00edlia\" \/>\n<meta property=\"og:description\" content=\"Recuperando memorias perdidas. a sea un recuerdo de un momento especial, un viaje inolvidable o simplemente un d\u00eda con amigos, la idea de nunca recuperar esos archivos es desoladora.\" \/>\n<meta property=\"og:url\" content=\"http:\/\/universofamilia.com\/hu\/recuperando-memorias-perdidas-3\/\" \/>\n<meta property=\"og:site_name\" content=\"Universo Fam\u00edlia\" \/>\n<meta property=\"article:published_time\" content=\"2024-12-26T16:37:47+00:00\" \/>\n<meta property=\"article:modified_time\" content=\"2025-01-28T14:04:34+00:00\" \/>\n<meta property=\"og:image\" content=\"http:\/\/universofamilia.com\/wp-content\/uploads\/sites\/148\/2024\/12\/DESTAQUE-UNIVERSO-550-x-350-18.jpg\" \/>\n\t<meta property=\"og:image:width\" content=\"550\" \/>\n\t<meta property=\"og:image:height\" content=\"350\" \/>\n\t<meta property=\"og:image:type\" content=\"image\/jpeg\" \/>\n<meta name=\"author\" content=\"Pedro Henrique\" \/>\n<meta name=\"twitter:card\" content=\"summary_large_image\" \/>\n<meta name=\"twitter:label1\" content=\"Written by\" \/>\n\t<meta name=\"twitter:data1\" content=\"Pedro Henrique\" \/>\n\t<meta name=\"twitter:label2\" content=\"Est. reading time\" \/>\n\t<meta name=\"twitter:data2\" content=\"6 perc\" \/>\n<script type=\"application\/ld+json\" class=\"yoast-schema-graph\">{\"@context\":\"https:\/\/schema.org\",\"@graph\":[{\"@type\":\"WebPage\",\"@id\":\"http:\/\/universofamilia.com\/ro\/recuperando-memorias-perdidas-3\/\",\"url\":\"http:\/\/universofamilia.com\/ro\/recuperando-memorias-perdidas-3\/\",\"name\":\"Recuperando memorias perdidas - Universo Fam\u00edlia\",\"isPartOf\":{\"@id\":\"https:\/\/universofamilia.com\/el\/#website\"},\"primaryImageOfPage\":{\"@id\":\"http:\/\/universofamilia.com\/ro\/recuperando-memorias-perdidas-3\/#primaryimage\"},\"image\":{\"@id\":\"http:\/\/universofamilia.com\/ro\/recuperando-memorias-perdidas-3\/#primaryimage\"},\"thumbnailUrl\":\"http:\/\/universofamilia.com\/wp-content\/uploads\/sites\/148\/2024\/12\/DESTAQUE-UNIVERSO-550-x-350-18.jpg\",\"datePublished\":\"2024-12-26T16:37:47+00:00\",\"dateModified\":\"2025-01-28T14:04:34+00:00\",\"author\":{\"@id\":\"https:\/\/universofamilia.com\/el\/#\/schema\/person\/f07ce98187dd84d31154262e79b3b7ca\"},\"description\":\"Recuperando memorias perdidas. a sea un recuerdo de un momento especial, un viaje inolvidable o simplemente un d\u00eda con amigos, la idea de nunca recuperar esos archivos es desoladora.\",\"breadcrumb\":{\"@id\":\"http:\/\/universofamilia.com\/ro\/recuperando-memorias-perdidas-3\/#breadcrumb\"},\"inLanguage\":\"hu\",\"potentialAction\":[{\"@type\":\"ReadAction\",\"target\":[\"http:\/\/universofamilia.com\/ro\/recuperando-memorias-perdidas-3\/\"]}]},{\"@type\":\"ImageObject\",\"inLanguage\":\"hu\",\"@id\":\"http:\/\/universofamilia.com\/ro\/recuperando-memorias-perdidas-3\/#primaryimage\",\"url\":\"http:\/\/universofamilia.com\/wp-content\/uploads\/sites\/148\/2024\/12\/DESTAQUE-UNIVERSO-550-x-350-18.jpg\",\"contentUrl\":\"http:\/\/universofamilia.com\/wp-content\/uploads\/sites\/148\/2024\/12\/DESTAQUE-UNIVERSO-550-x-350-18.jpg\",\"width\":550,\"height\":350,\"caption\":\"Recuperando memorias perdidas\"},{\"@type\":\"BreadcrumbList\",\"@id\":\"http:\/\/universofamilia.com\/ro\/recuperando-memorias-perdidas-3\/#breadcrumb\",\"itemListElement\":[{\"@type\":\"ListItem\",\"position\":1,\"name\":\"Home\",\"item\":\"https:\/\/universofamilia.com\/el\/\"},{\"@type\":\"ListItem\",\"position\":2,\"name\":\"Recuperando memorias perdidas\"}]},{\"@type\":\"WebSite\",\"@id\":\"https:\/\/universofamilia.com\/el\/#website\",\"url\":\"https:\/\/universofamilia.com\/el\/\",\"name\":\"Universo Fam\u00edlia\",\"description\":\"\",\"potentialAction\":[{\"@type\":\"SearchAction\",\"target\":{\"@type\":\"EntryPoint\",\"urlTemplate\":\"https:\/\/universofamilia.com\/el\/?s={search_term_string}\"},\"query-input\":\"required name=search_term_string\"}],\"inLanguage\":\"hu\"},{\"@type\":\"Person\",\"@id\":\"https:\/\/universofamilia.com\/el\/#\/schema\/person\/f07ce98187dd84d31154262e79b3b7ca\",\"name\":\"Pedro Henrique\",\"image\":{\"@type\":\"ImageObject\",\"inLanguage\":\"hu\",\"@id\":\"https:\/\/universofamilia.com\/el\/#\/schema\/person\/image\/\",\"url\":\"http:\/\/0.gravatar.com\/avatar\/9edfeb808cb4e1599f64d6e45b130154?s=96&d=mm&r=g\",\"contentUrl\":\"http:\/\/0.gravatar.com\/avatar\/9edfeb808cb4e1599f64d6e45b130154?s=96&d=mm&r=g\",\"caption\":\"Pedro Henrique\"},\"url\":\"http:\/\/universofamilia.com\/hu\/author\/editor01\/\"}]}<\/script>\n<!-- \/ Yoast SEO plugin. -->","yoast_head_json":{"title":"Recuperando memorias perdidas - Universo Fam\u00edlia","description":"Recuperando memorias perdidas. a sea un recuerdo de un momento especial, un viaje inolvidable o simplemente un d\u00eda con amigos, la idea de nunca recuperar esos archivos es desoladora.","robots":{"index":"index","follow":"follow","max-snippet":"max-snippet:-1","max-image-preview":"max-image-preview:large","max-video-preview":"max-video-preview:-1"},"canonical":"http:\/\/universofamilia.com\/hu\/recuperando-memorias-perdidas-3\/","og_locale":"hu_HU","og_type":"article","og_title":"Recuperando memorias perdidas - Universo Fam\u00edlia","og_description":"Recuperando memorias perdidas. a sea un recuerdo de un momento especial, un viaje inolvidable o simplemente un d\u00eda con amigos, la idea de nunca recuperar esos archivos es desoladora.","og_url":"http:\/\/universofamilia.com\/hu\/recuperando-memorias-perdidas-3\/","og_site_name":"Universo Fam\u00edlia","article_published_time":"2024-12-26T16:37:47+00:00","article_modified_time":"2025-01-28T14:04:34+00:00","og_image":[{"width":550,"height":350,"url":"http:\/\/universofamilia.com\/wp-content\/uploads\/sites\/148\/2024\/12\/DESTAQUE-UNIVERSO-550-x-350-18.jpg","type":"image\/jpeg"}],"author":"Pedro Henrique","twitter_card":"summary_large_image","twitter_misc":{"Written by":"Pedro Henrique","Est. reading time":"6 perc"},"schema":{"@context":"https:\/\/schema.org","@graph":[{"@type":"WebPage","@id":"http:\/\/universofamilia.com\/ro\/recuperando-memorias-perdidas-3\/","url":"http:\/\/universofamilia.com\/ro\/recuperando-memorias-perdidas-3\/","name":"Recuperando memorias perdidas - Universo Fam\u00edlia","isPartOf":{"@id":"https:\/\/universofamilia.com\/el\/#website"},"primaryImageOfPage":{"@id":"http:\/\/universofamilia.com\/ro\/recuperando-memorias-perdidas-3\/#primaryimage"},"image":{"@id":"http:\/\/universofamilia.com\/ro\/recuperando-memorias-perdidas-3\/#primaryimage"},"thumbnailUrl":"http:\/\/universofamilia.com\/wp-content\/uploads\/sites\/148\/2024\/12\/DESTAQUE-UNIVERSO-550-x-350-18.jpg","datePublished":"2024-12-26T16:37:47+00:00","dateModified":"2025-01-28T14:04:34+00:00","author":{"@id":"https:\/\/universofamilia.com\/el\/#\/schema\/person\/f07ce98187dd84d31154262e79b3b7ca"},"description":"Recuperando memorias perdidas. a sea un recuerdo de un momento especial, un viaje inolvidable o simplemente un d\u00eda con amigos, la idea de nunca recuperar esos archivos es desoladora.","breadcrumb":{"@id":"http:\/\/universofamilia.com\/ro\/recuperando-memorias-perdidas-3\/#breadcrumb"},"inLanguage":"hu","potentialAction":[{"@type":"ReadAction","target":["http:\/\/universofamilia.com\/ro\/recuperando-memorias-perdidas-3\/"]}]},{"@type":"ImageObject","inLanguage":"hu","@id":"http:\/\/universofamilia.com\/ro\/recuperando-memorias-perdidas-3\/#primaryimage","url":"http:\/\/universofamilia.com\/wp-content\/uploads\/sites\/148\/2024\/12\/DESTAQUE-UNIVERSO-550-x-350-18.jpg","contentUrl":"http:\/\/universofamilia.com\/wp-content\/uploads\/sites\/148\/2024\/12\/DESTAQUE-UNIVERSO-550-x-350-18.jpg","width":550,"height":350,"caption":"Recuperando memorias perdidas"},{"@type":"BreadcrumbList","@id":"http:\/\/universofamilia.com\/ro\/recuperando-memorias-perdidas-3\/#breadcrumb","itemListElement":[{"@type":"ListItem","position":1,"name":"Home","item":"https:\/\/universofamilia.com\/el\/"},{"@type":"ListItem","position":2,"name":"Recuperando memorias perdidas"}]},{"@type":"WebSite","@id":"https:\/\/universofamilia.com\/el\/#website","url":"https:\/\/universofamilia.com\/el\/","name":"Universo Fam\u00edlia","description":"","potentialAction":[{"@type":"SearchAction","target":{"@type":"EntryPoint","urlTemplate":"https:\/\/universofamilia.com\/el\/?s={search_term_string}"},"query-input":"required name=search_term_string"}],"inLanguage":"hu"},{"@type":"Person","@id":"https:\/\/universofamilia.com\/el\/#\/schema\/person\/f07ce98187dd84d31154262e79b3b7ca","name":"Pedro Henrique","image":{"@type":"ImageObject","inLanguage":"hu","@id":"https:\/\/universofamilia.com\/el\/#\/schema\/person\/image\/","url":"http:\/\/0.gravatar.com\/avatar\/9edfeb808cb4e1599f64d6e45b130154?s=96&d=mm&r=g","contentUrl":"http:\/\/0.gravatar.com\/avatar\/9edfeb808cb4e1599f64d6e45b130154?s=96&d=mm&r=g","caption":"Pedro Henrique"},"url":"http:\/\/universofamilia.com\/hu\/author\/editor01\/"}]}},"_links":{"self":[{"href":"http:\/\/universofamilia.com\/hu\/wp-json\/wp\/v2\/posts\/7878"}],"collection":[{"href":"http:\/\/universofamilia.com\/hu\/wp-json\/wp\/v2\/posts"}],"about":[{"href":"http:\/\/universofamilia.com\/hu\/wp-json\/wp\/v2\/types\/post"}],"author":[{"embeddable":true,"href":"http:\/\/universofamilia.com\/hu\/wp-json\/wp\/v2\/users\/139"}],"replies":[{"embeddable":true,"href":"http:\/\/universofamilia.com\/hu\/wp-json\/wp\/v2\/comments?post=7878"}],"version-history":[{"count":1,"href":"http:\/\/universofamilia.com\/hu\/wp-json\/wp\/v2\/posts\/7878\/revisions"}],"predecessor-version":[{"id":8383,"href":"http:\/\/universofamilia.com\/hu\/wp-json\/wp\/v2\/posts\/7878\/revisions\/8383"}],"wp:featuredmedia":[{"embeddable":true,"href":"http:\/\/universofamilia.com\/hu\/wp-json\/wp\/v2\/media\/7879"}],"wp:attachment":[{"href":"http:\/\/universofamilia.com\/hu\/wp-json\/wp\/v2\/media?parent=7878"}],"wp:term":[{"taxonomy":"category","embeddable":true,"href":"http:\/\/universofamilia.com\/hu\/wp-json\/wp\/v2\/categories?post=7878"},{"taxonomy":"post_tag","embeddable":true,"href":"http:\/\/universofamilia.com\/hu\/wp-json\/wp\/v2\/tags?post=7878"}],"curies":[{"name":"wp","href":"https:\/\/api.w.org\/{rel}","templated":true}]}}