{"id":7885,"date":"2024-12-26T21:47:22","date_gmt":"2024-12-27T00:47:22","guid":{"rendered":"https:\/\/universofamilia.com\/?p=7885"},"modified":"2025-08-04T21:42:03","modified_gmt":"2025-08-05T00:42:03","slug":"el-amor-esta-en-el-aire","status":"publish","type":"post","link":"http:\/\/universofamilia.com\/hu\/el-amor-esta-en-el-aire\/","title":{"rendered":"Szerelem van a leveg\u0151ben \ud83c\udf1f\ud83c\udf38\ud83d\udc95"},"content":{"rendered":"<p>\u00d3, szerelem!<\/p>\n\n\n\n<h4 class=\"wp-block-heading has-text-align-center\">Besz\u00e9ljen vel\u00fcnk!<\/h4>\n\n\n    <section class=\"mx-1 my-10\">\n                                                <a href=\"https:\/\/www.messenger.com\/login.php?next=https%3A%2F%2Fwww.messenger.com%2Ft%2F110263563681990%2F%3Fref%3Dw30174560--utm_campaign%253D%257B%257Badset.id%257D%257D%26messaging_source%3Dsource%253Apages%253Amessage_shortlink%26source_id%3D1441792%26recurring_notification%3D0\" class=\"text-white\" data-analytics-label=\"optionsButton\"\n                    data-action=\"analytics#trackCTA\">\n                    <div data-options-target=\"option\"\n                        class=\"custom-section rounded-xl border p-3 shadow-md w-full bg-green-700 my-3\">\n                        <div class=\"flex w-full items-center justify-between\">\n                            <div class=\"flex items-center space-x-3\">\n                                <div class=\"text-lg font-bold\">\n                                    Besz\u00e9lget\u00e9s ind\u00edt\u00e1sa \u27a1\ufe0f \u279d\n                                <\/div>\n                            <\/div>\n                        <\/div>\n                    <\/div>\n                <\/a>\n                            <p class=\"text-xs text-gray-500 text-right\"\n            style=\"margin-left: 50%; margin-bottom: 50px; margin-top: 5px;\">\n            <!-- You will be redirected to another website -->\n        <\/p>\n    <\/section>\n\n\n\n\n<p class=\"has-text-align-right\"><em><strong>\u00c1tir\u00e1ny\u00edtunk egy m\u00e1sik webhelyre<\/strong><\/em><\/p>\n\n\n\n<hr class=\"wp-block-separator has-alpha-channel-opacity is-style-wide\" \/>\n\n\n\n<p>A legv\u00e1ratlanabb pillanatokban bukkanhat fel, \u00e9s olyan m\u00f3don v\u00e1ltoztathatja meg az \u00e9let\u00fcnket, amire kor\u00e1bban nem is sz\u00e1m\u00edtottunk.<\/p>\n\n\n\n<p>Ak\u00e1r csak k\u00edv\u00e1ncsi vagy, bar\u00e1ts\u00e1got keresel, vagy egy els\u00f6pr\u0151 rom\u00e1ncot, a szerelem k\u00f6zelebb van, mint gondoln\u00e1d. \ud83c\udf38\ud83d\ude0d\ud83c\udf1f<\/p>\n\n\n\n<p>Fedezz\u00fck fel, hogyan k\u00edn\u00e1l a modern vil\u00e1g hihetetlen eszk\u00f6z\u00f6ket az igazi kapcsolatok megtal\u00e1l\u00e1s\u00e1hoz, kort\u00f3l vagy tapasztalatt\u00f3l f\u00fcggetlen\u00fcl.<\/p>\n\n\n\n<p>K\u00e9sz\u00fclj fel, hogy megismerd azokat az alkalmaz\u00e1sokat, amelyek \u00e1talak\u00edthatj\u00e1k a kapcsolattart\u00e1s m\u00f3dj\u00e1t, mik\u00f6zben megvitatjuk, hogyan befoly\u00e1solj\u00e1k ezek a tal\u00e1lkoz\u00e1sok \u00e9rzelmi j\u00f3l\u00e9t\u00fcnket \u00e9s a boldogs\u00e1g keres\u00e9s\u00e9t. \ud83d\udc95\ud83d\ude09\ud83c\udf1f<\/p>\n\n\n\n<p><\/p>\n\n\n\n<hr class=\"wp-block-separator has-alpha-channel-opacity is-style-wide\" \/>\n\n\n\n<h4 class=\"wp-block-heading has-text-align-center\">Milyen koroszt\u00e1lyt keresel?<\/h4>\n\n\n    <section class=\"mx-1 my-10\">\n                                                <a href=\"https:\/\/universofamilia.com\/hu\/7431\/redescubre-el-amor-y-transforma-tu-vida\/\" class=\"text-white\" data-analytics-label=\"optionsButton\"\n                    data-action=\"analytics#trackCTA\">\n                    <div data-options-target=\"option\"\n                        class=\"custom-section rounded-xl border p-3 shadow-md w-full bg-green-700 my-3\">\n                        <div class=\"flex w-full items-center justify-between\">\n                            <div class=\"flex items-center space-x-3\">\n                                <div class=\"text-lg font-bold\">\n                                    21 \u00e9s 35 \u00e9v k\u00f6z\u00f6ttieknek sz\u00f3l\u00f3 alkalmaz\u00e1s\u27a1\ufe0f \u279d\n                                <\/div>\n                            <\/div>\n                        <\/div>\n                    <\/div>\n                <\/a>\n                                                            <a href=\"https:\/\/universofamilia.com\/hu\/7469\/conoce-quien-cruzo-tu-camino\/\" class=\"text-white\" data-analytics-label=\"optionsButton\"\n                    data-action=\"analytics#trackCTA\">\n                    <div data-options-target=\"option\"\n                        class=\"custom-section rounded-xl border p-3 shadow-md w-full bg-green-700 my-3\">\n                        <div class=\"flex w-full items-center justify-between\">\n                            <div class=\"flex items-center space-x-3\">\n                                <div class=\"text-lg font-bold\">\n                                    35 \u00e9s 50 \u00e9v k\u00f6z\u00f6ttieknek \u27a1\ufe0f \u279d\n                                <\/div>\n                            <\/div>\n                        <\/div>\n                    <\/div>\n                <\/a>\n                                                            <a href=\"https:\/\/universofamilia.com\/hu\/7459\/encuentros-faciles-para-mayores-de-50-anos\/\" class=\"text-white\" data-analytics-label=\"optionsButton\"\n                    data-action=\"analytics#trackCTA\">\n                    <div data-options-target=\"option\"\n                        class=\"custom-section rounded-xl border p-3 shadow-md w-full bg-green-700 my-3\">\n                        <div class=\"flex w-full items-center justify-between\">\n                            <div class=\"flex items-center space-x-3\">\n                                <div class=\"text-lg font-bold\">\n                                    Applik\u00e1ci\u00f3 50 \u00e9v felettieknek \u27a1\ufe0f \u279d\n                                <\/div>\n                            <\/div>\n                        <\/div>\n                    <\/div>\n                <\/a>\n                            <p class=\"text-xs text-gray-500 text-right hidden\"\n            style=\"margin-left: 50%; margin-bottom: 50px; margin-top: 5px;\">\n            <!-- You will be redirected to another website -->\n        <\/p>\n    <\/section>\n\n\n\n\n<p class=\"has-text-align-right has-small-font-size\"><em><strong><em><strong><em><strong><em><strong><em><strong>Olvass tov\u00e1bb!<\/strong><\/em><\/strong><\/em><\/strong><\/em><\/strong><\/em><\/strong><\/em><\/p>\n\n\n\n<hr class=\"wp-block-separator has-text-color has-luminous-vivid-orange-color has-alpha-channel-opacity has-luminous-vivid-orange-background-color has-background is-style-wide\" \/>\n\n\n\n<p><\/p>\n\n\n\n<h2 class=\"wp-block-heading\">A szerelem k\u00f6zelebb van, mint gondoln\u00e1d \ud83c\udf1f\ud83d\ude0d\ud83c\udf38<\/h2>\n\n\n\n<p>Egy olyan vil\u00e1gban \u00e9l\u00fcnk, ahol a technol\u00f3gia \u00e1thidalja a szakad\u00e9kot, \u00e9s olyan emberek k\u00f6z\u00f6tt teremt szakad\u00e9kot, akik egy\u00e9bk\u00e9nt soha nem tal\u00e1lkozn\u00e1nak.<\/p>\n\n\n\n<p>A randialkalmaz\u00e1sok a t\u00e1rsas interakci\u00f3ink term\u00e9szetes kiterjeszt\u00e9s\u00e9v\u00e9 v\u00e1lnak.<\/p>\n\n\n\n<p>Ak\u00e1r egy laza \u00fczenetr\u0151l, egy m\u00e9ly besz\u00e9lget\u00e9sr\u0151l vagy egy var\u00e1zslatos tal\u00e1lkoz\u00e1sr\u00f3l van sz\u00f3, k\u00f6zelebb hozz\u00e1k a szerelmet. \ud83c\udf38\ud83c\udf1f\ud83d\ude0d<\/p>\n\n\n\n<p>Tudtad, hogy az elm\u00falt \u00f6t \u00e9vben megismert p\u00e1rok k\u00f6zel 391%-a online kezdte szerelmi t\u00f6rt\u00e9net\u00e9t?<\/p>\n\n\n\n<p>Leny\u0171g\u00f6z\u0151 statisztika, amely megmutatja, hogy ezek az alkalmaz\u00e1sok hogyan k\u00f6tik \u00f6ssze az embereket kor\u00e1bban elk\u00e9pzelhetetlen m\u00f3don. \ud83c\udf1f\ud83d\ude0d\ud83c\udf38<\/p>\n\n\n\n<h2 class=\"wp-block-heading\">Bar\u00e1ts\u00e1g, alkalmi vagy komoly kapcsolat? \ud83d\ude0a\ud83c\udf1f\ud83c\udf38<\/h2>\n\n\n\n<p>Nem mindenki ugyanolyan t\u00edpus\u00fa kapcsolatot keres. Vannak, akik \u0151szinte bar\u00e1ts\u00e1gra v\u00e1gynak, hogy megossz\u00e1k a mindennapi pillanatokat.<\/p>\n\n\n\n<p>M\u00e1sok nyitottak a k\u00f6tetlen tal\u00e1lkoz\u00e1sokra, m\u00edg egyesek komoly kapcsolatra v\u00e1gynak elk\u00f6telezetts\u00e9ggel \u00e9s t\u00e1rsas\u00e1ggal.<\/p>\n\n\n\n<p>Szerencs\u00e9re vannak olyan alkalmaz\u00e1sok, amelyek megfelelnek ezeknek az elv\u00e1r\u00e1soknak. \ud83c\udf38\ud83c\udf1f\ud83d\ude0a<\/p>\n\n\n\n<p>B\u00e1rmi is legyen a c\u00e9lod, a l\u00e9nyeg, hogy l\u00e9gy nyitott \u00e9s \u0151szinte azzal kapcsolatban, hogy mit keresel.<\/p>\n\n\n\n<p>Ez seg\u00edt olyan embereket tal\u00e1lni, akiknek kompatibilisek a c\u00e9ljaik, \u00e9s n\u00f6veli az es\u00e9ly\u00e9t egy tartalmas kapcsolat kialak\u00edt\u00e1s\u00e1nak. \ud83d\ude0a\ud83c\udf38\ud83c\udf1f<\/p>\n\n\n\n<h3 class=\"wp-block-heading\">A legjobb alkalmaz\u00e1sok a szerelem megtal\u00e1l\u00e1s\u00e1hoz \ud83c\udf1f\ud83c\udf38\ud83d\udc95<\/h3>\n\n\n\n<p>Ha szeretn\u00e9d felfedezni a randialkalmaz\u00e1sok vil\u00e1g\u00e1t, \u00edme h\u00e1rom fantasztikus lehet\u0151s\u00e9g, amelyek k\u00fcl\u00f6nb\u00f6z\u0151 ig\u00e9nyeket el\u00e9g\u00edtenek ki: \ud83c\udf38\ud83c\udf1f\ud83d\udc95<\/p>\n\n\n\n<h4 class=\"wp-block-heading\">SilverSingles \ud83d\ude0d\ud83c\udf1f\ud83c\udf38<\/h4>\n\n\n\n<p>50 \u00e9v feletti egyed\u00fcl\u00e1ll\u00f3kra \u00f6sszpontos\u00edtva, <strong>SilverSingles<\/strong> Ide\u00e1lis azok sz\u00e1m\u00e1ra, akik egy \u00e9rett \u00e9s tartalmas kapcsolatot keresnek.<\/p>\n\n\n\n<p>A platform szem\u00e9lyis\u00e9galap\u00fa p\u00e1ros\u00edt\u00e1si rendszert haszn\u00e1l, \u00edgy biztos\u00edtva, hogy hasonl\u00f3 \u00e9rdekl\u0151d\u00e9s\u0171 \u00e9s \u00e9rt\u00e9kekkel rendelkez\u0151 emberekkel tal\u00e1lkozz. \ud83c\udf38\ud83c\udf1f\ud83d\ude0d<\/p>\n\n\n\n<h4 class=\"wp-block-heading\">OurTime \ud83c\udf38\ud83d\ude0a\ud83c\udf1f<\/h4>\n\n\n\n<p>Kifejezetten id\u0151sebb feln\u0151ttek sz\u00e1m\u00e1ra tervezve, <strong>A mi id\u0151nk<\/strong> el\u0151seg\u00edti a k\u00f6nnyed besz\u00e9lget\u00e9seket \u00e9s a term\u00e9szetes kapcsolatokat.<\/p>\n\n\n\n<p>Olyan eszk\u00f6z\u00f6kkel, mint a vide\u00f3\u00fczenetek \u00e9s a helyi esem\u00e9nyek, teljes \u00e9lm\u00e9nyt k\u00edn\u00e1l azok sz\u00e1m\u00e1ra, akik hasonl\u00f3 \u00e9rdekl\u0151d\u00e9s\u0171 emberekkel szeretn\u00e9nek tal\u00e1lkozni. \ud83d\ude0a\ud83c\udf38\ud83c\udf1f<\/p>\n\n\n\n<h4 class=\"wp-block-heading\">\u00d6lt\u00e9s \ud83d\ude0d\ud83c\udf38\ud83c\udf1f<\/h4>\n\n\n\n<p>Valami m\u00e1st keres? <strong>\u00d6lt\u00e9s<\/strong> Egyes\u00edti a t\u00e1rsas\u00e1gi kapcsolatokat \u00e9s a romantikus tal\u00e1lkoz\u00e1sokat. Kiemelked\u0151 abban, hogy nemcsak partnereket, hanem bar\u00e1tokat \u00e9s k\u00f6z\u00f6s \u00e9rdekl\u0151d\u00e9s\u0171 csoportokat is tal\u00e1lhatsz \u00e1ltala. \ud83c\udf1f\ud83c\udf38\ud83d\ude0d<\/p>\n\n\n\n<h3 class=\"wp-block-heading\">Annak fontoss\u00e1ga, hogy tal\u00e1ljunk valakit, akivel besz\u00e9lgethet\u00fcnk \ud83d\ude0a\ud83c\udf38\ud83c\udf1f<\/h3>\n\n\n\n<p>A ment\u00e1lis \u00e9s \u00e9rzelmi eg\u00e9szs\u00e9g\u00fcnk szempontj\u00e1b\u00f3l elengedhetetlen, hogy legyen kivel besz\u00e9lgetn\u00fcnk. Amikor megosztjuk gondolatainkat, \u00f6r\u00f6meinket \u00e9s aggodalmainkat, meg\u00e9rt\u00e9s \u00e9s t\u00e1mogat\u00e1s ter\u00e9t teremtj\u00fck meg.<\/p>\n\n\n\n<p>Az olyan alkalmaz\u00e1sok, mint a SilverSingles, az OurTime \u00e9s a Stitch, t\u00f6bbet k\u00edn\u00e1lnak, mint puszt\u00e1n alkalmi ismerked\u00e9st: olyan kapcsolatokat teremtenek, amelyek val\u00f3ban sz\u00e1m\u00edtanak. \ud83d\ude0a\ud83c\udf1f\ud83c\udf38<\/p>\n\n\n\n<p>K\u00e9pzeld el, milyen hat\u00e1ssal van r\u00e1d valaki, aki meghallgat \u00e9s osztozik az \u00e9rdekl\u0151d\u00e9sedben. Ez nemcsak vigaszt ny\u00fajt, hanem er\u0151s\u00edti a hovatartoz\u00e1s \u00e9rz\u00e9s\u00e9t is. \ud83c\udf38\ud83d\ude0a\ud83c\udf1f<\/p>\n\n\n\n<h3 class=\"wp-block-heading\">A j\u00f3ll\u00e9t, ha van kivel besz\u00e9lgetni \ud83c\udf38\ud83d\ude0a\ud83c\udf1f<\/h3>\n\n\n\n<p>Kutat\u00e1sok kimutatt\u00e1k, hogy az er\u0151s t\u00e1rsas k\u00f6tel\u00e9kekkel rendelkez\u0151 emberek hosszabb ideig \u00e9lnek, \u00e9s kevesebb stresszt \u00e9lnek \u00e1t.<\/p>\n\n\n\n<p>Nem v\u00e9letlen, hogy a szerelem \u00e9s a bar\u00e1ts\u00e1g gyakran a boldogs\u00e1ggal t\u00e1rsul. M\u00e1r egy egyszer\u0171 \u00fczenet is mosolyt csalhat az arcunkra \u00e9s feldobhatja a napunkat. \ud83c\udf1f\ud83c\udf38\ud83d\ude0d<\/p>\n\n\n\n<p>Ez\u00e9rt a randialkalmaz\u00e1sok felfedez\u00e9se nem csak a romantik\u00e1r\u00f3l sz\u00f3l, hanem az \u00f6nmagunkkal val\u00f3 t\u00f6r\u0151d\u00e9sr\u0151l is.<\/p>\n\n\n\n<p>Meg\u00e9rdemled, hogy \u00e9rtelmes pillanatokat \u00e9lj \u00e1t \u00e9s olyan kapcsolatokat \u00e9p\u00edts, amelyek gazdag\u00edtj\u00e1k az \u00e9leted. \ud83c\udf38\ud83c\udf1f\ud83d\ude0a<\/p>\n\n\n\n<h3 class=\"wp-block-heading\">Kapcsol\u00f3d\u00e1s a sz\u00edvvel \u00e9s a l\u00e9lekkel \ud83c\udf1f\ud83c\udf38\ud83d\ude0d<\/h3>\n\n\n\n<p>A hiteles kapcsolatok t\u00falmutatnak a szavakon. Elk\u00f6telezetts\u00e9get, emp\u00e1ti\u00e1t \u00e9s mindenekel\u0151tt \u0151szintes\u00e9get ig\u00e9nyelnek.<\/p>\n\n\n\n<p>A fent eml\u00edtett alkalmaz\u00e1sok hat\u00e9kony eszk\u00f6z\u00f6k ezeknek a kapcsolatoknak a kezdem\u00e9nyez\u00e9s\u00e9hez, de az igazi munka az, hogy \u0151szint\u00e9n \u00e9s szeretettel \u00e1poljuk ezeket a k\u00f6tel\u00e9keket. \ud83c\udf38\ud83d\ude0d\ud83c\udf1f<\/p>\n\n\n\n<p>K\u00e9szen \u00e1llsz megnyitni a sz\u00edved? Ne feledd, a kapcsolatok var\u00e1zsa akkor kezd\u0151dik, amikor megengedj\u00fck egy m\u00e1sik embernek, hogy megl\u00e1ssa, kik is vagyunk val\u00f3j\u00e1ban. \ud83c\udf38\ud83d\ude0a\ud83c\udf1f<\/p>\n\n\n<div class=\"wp-block-image\">\n<figure class=\"aligncenter size-full\"><img loading=\"lazy\" decoding=\"async\" width=\"550\" height=\"350\" src=\"http:\/\/universofamilia.com\/wp-content\/uploads\/sites\/148\/2024\/12\/DESTAQUE-UNIVERSO-550-x-350-2-11.jpg\" alt=\"\" class=\"wp-image-7886\" srcset=\"http:\/\/universofamilia.com\/wp-content\/uploads\/sites\/148\/2024\/12\/DESTAQUE-UNIVERSO-550-x-350-2-11.jpg 550w, http:\/\/universofamilia.com\/wp-content\/uploads\/sites\/148\/2024\/12\/DESTAQUE-UNIVERSO-550-x-350-2-11-300x191.jpg 300w\" sizes=\"(max-width: 550px) 100vw, 550px\" \/><figcaption class=\"wp-element-caption\">Szerelem van a leveg\u0151ben \ud83c\udf1f\ud83c\udf38\ud83d\udc95<\/figcaption><\/figure><\/div>\n\n\n<h3 class=\"wp-block-heading\">\u00daj kapcsolatok: Az \u00faj kezdetek var\u00e1zsa \ud83d\ude0d\ud83c\udf1f\ud83c\udf38<\/h3>\n\n\n\n<p>Nincs izgalmasabb egy \u00faj kapcsolat kezdet\u00e9n\u00e9l. Ez egy v\u00e1rakoz\u00e1ssal, pillang\u00f3kkal a gyomorban \u00e9s v\u00e9gtelen lehet\u0151s\u00e9gekkel teli id\u0151szak.<\/p>\n\n\n\n<p>Minden \u00faj kapcsolat egy lehet\u0151s\u00e9g a tanul\u00e1sra, a fejl\u0151d\u00e9sre, \u00e9s ki tudja, m\u00e9g arra is, hogy megtal\u00e1ld azt a k\u00fcl\u00f6nleges valakit. \ud83c\udf1f\ud83d\ude0a\ud83c\udf38<\/p>\n\n\n\n<p>Akkor mi\u00e9rt ne pr\u00f3b\u00e1ln\u00e1l ki valami \u00fajat? A SilverSingles, az OurTime \u00e9s a Stitch alkalmaz\u00e1sok felfedez\u00e9s\u00e9vel r\u00e1j\u00f6hetsz, hogy a szerelem csak n\u00e9h\u00e1ny kattint\u00e1snyira van. \ud83c\udf38\ud83c\udf1f\ud83d\ude0d<\/p>\n\n\n\n<h3 class=\"wp-block-heading\">Mit mondanak a felhaszn\u00e1l\u00f3k? \ud83c\udf38\ud83d\ude0a\ud83c\udf1f<\/h3>\n\n\n\n<p>\u201eA lelki t\u00e1rsamat a SilverSingles-en tal\u00e1ltam meg. Soha nem gondoltam volna, hogy tal\u00e1lok valakit, aki ennyire kompatibilis az \u00e9rt\u00e9keimmel.\u201d \u2013 Carla, 58. \ud83c\udf38\ud83d\ude0d\ud83c\udf1f<\/p>\n\n\n\n<p>\u201eAz OurTime seg\u00edtett kil\u00e9pni a komfortz\u00f3n\u00e1mb\u00f3l. Ma hihetetlen bar\u00e1ti t\u00e1rsas\u00e1gom van, \u00e9s csod\u00e1latos p\u00e1rkapcsolatban \u00e9lek.\u201d \u2013 Roberto, 62. \ud83c\udf1f\ud83c\udf38\ud83d\ude0a<\/p>\n\n\n\n<p>\u201eA Stitch egyed\u00fcl\u00e1ll\u00f3. Befogad\u00f3 k\u00f6z\u00f6ss\u00e9gre tal\u00e1ltam, \u00e9s ek\u00f6zben megismerkedtem egy k\u00fcl\u00f6nleges emberrel.\u201d \u2013 Luisa, 55. \ud83c\udf1f\ud83d\ude0d\ud83c\udf38<\/p>\n\n\n\n<h3 class=\"wp-block-heading\">Konkl\u00fazi\u00f3 \ud83c\udf38\ud83c\udf1f\ud83d\ude0a<\/h3>\n\n\n\n<p>Szerelem van a leveg\u0151ben, \u00e9s a technol\u00f3gia itt van, hogy seg\u00edtsen nek\u00fcnk el\u00e9rni.<\/p>\n\n\n\n<p>Ak\u00e1r \u0151szinte bar\u00e1ts\u00e1gr\u00f3l, ak\u00e1r laza kapcsolatr\u00f3l, ak\u00e1r komoly elk\u00f6telez\u0151d\u00e9sr\u0151l van sz\u00f3, a t\u00e1rskeres\u0151 alkalmaz\u00e1sok \u00faj \u00e9lm\u00e9nyek \u00e9s felejthetetlen kapcsolatok kapuj\u00e1t nyitj\u00e1k meg. \ud83c\udf38\ud83d\ude0d\ud83c\udf1f<\/p>\n\n\n\n<p>Adj egy es\u00e9lyt a v\u00e1ratlannak, fedezd fel ezeket a platformokat, \u00e9s fedezd fel, hogy a szerelem gyakran csak egy kattint\u00e1snyira van. \ud83c\udf1f\ud83c\udf38\ud83d\ude0a<\/p>\n\n\n\n<h3 class=\"wp-block-heading\">Let\u00f6lt\u00e9si linkek:<\/h3>\n\n\n\n<ul class=\"wp-block-list\">\n<li><strong>SilverSingles<\/strong>: <a href=\"https:\/\/play.google.com\/store\/apps\/details?id=net.spark.silversingles.android.app.m1&amp;hl=pt_BR\">Android<\/a> \/ <a href=\"https:\/\/apps.apple.com\/us\/app\/silversingles-mature-dating\/id6448954405\">iOS<\/a><\/li>\n\n\n\n<li><strong>\u00d6lt\u00e9s<\/strong>: <a href=\"https:\/\/play.google.com\/store\/apps\/details?id=net.stitch.app&amp;hl=pt_BR\">Android<\/a> \/ <a href=\"https:\/\/apps.apple.com\/br\/app\/stitch\/id1581052096\">iOS<\/a><\/li>\n<\/ul>","protected":false},"excerpt":{"rendered":"<p>\u00d3, szerelmem! Besz\u00e9lj vel\u00fcnk! \u00c1tir\u00e1ny\u00edtunk egy m\u00e1sik oldalra. A legv\u00e1ratlanabb pillanatokban is felbukkanhat, \u00e9s olyan m\u00f3don v\u00e1ltoztathatja meg az \u00e9let\u00fcnket, amire soha nem is gondoltunk volna. Ak\u00e1r csak k\u00edv\u00e1ncsi vagy, ak\u00e1r bar\u00e1ts\u00e1got keresel, ak\u00e1r egy \u00e1tfog\u00f3 rom\u00e1ncot, a szerelem k\u00f6zelebb van, mint gondoln\u00e1d. \ud83c\udf38\ud83d\ude0d\ud83c\udf1f N\u00e9zz\u00fck [\u2026]<\/p>","protected":false},"author":139,"featured_media":7886,"comment_status":"closed","ping_status":"open","sticky":false,"template":"","format":"standard","meta":{"footnotes":""},"categories":[2],"tags":[178,662,1413],"yoast_head":"<!-- This site is optimized with the Yoast SEO plugin v23.3 - https:\/\/yoast.com\/wordpress\/plugins\/seo\/ -->\n<title>El Amor Est\u00e1 en el Aire \ud83c\udf1f\ud83c\udf38\ud83d\udc95 - Universo Fam\u00edlia<\/title>\n<meta name=\"description\" content=\"El Amor Est\u00e1 en el Aire \ud83c\udf1f\ud83c\udf38\ud83d\udc95 Puede surgir en los momentos m\u00e1s inesperados y transformar nuestras vidas de formas que nunca imaginamos.\" \/>\n<meta name=\"robots\" content=\"index, follow, max-snippet:-1, max-image-preview:large, max-video-preview:-1\" \/>\n<link rel=\"canonical\" href=\"http:\/\/universofamilia.com\/hu\/el-amor-esta-en-el-aire\/\" \/>\n<meta property=\"og:locale\" content=\"hu_HU\" \/>\n<meta property=\"og:type\" content=\"article\" \/>\n<meta property=\"og:title\" content=\"El Amor Est\u00e1 en el Aire \ud83c\udf1f\ud83c\udf38\ud83d\udc95 - Universo Fam\u00edlia\" \/>\n<meta property=\"og:description\" content=\"El Amor Est\u00e1 en el Aire \ud83c\udf1f\ud83c\udf38\ud83d\udc95 Puede surgir en los momentos m\u00e1s inesperados y transformar nuestras vidas de formas que nunca imaginamos.\" \/>\n<meta property=\"og:url\" content=\"http:\/\/universofamilia.com\/hu\/el-amor-esta-en-el-aire\/\" \/>\n<meta property=\"og:site_name\" content=\"Universo Fam\u00edlia\" \/>\n<meta property=\"article:published_time\" content=\"2024-12-27T00:47:22+00:00\" \/>\n<meta property=\"article:modified_time\" content=\"2025-08-05T00:42:03+00:00\" \/>\n<meta property=\"og:image\" content=\"http:\/\/universofamilia.com\/wp-content\/uploads\/sites\/148\/2024\/12\/DESTAQUE-UNIVERSO-550-x-350-2-11.jpg\" \/>\n\t<meta property=\"og:image:width\" content=\"550\" \/>\n\t<meta property=\"og:image:height\" content=\"350\" \/>\n\t<meta property=\"og:image:type\" content=\"image\/jpeg\" \/>\n<meta name=\"author\" content=\"Pedro Henrique\" \/>\n<meta name=\"twitter:card\" content=\"summary_large_image\" \/>\n<meta name=\"twitter:label1\" content=\"Written by\" \/>\n\t<meta name=\"twitter:data1\" content=\"Pedro Henrique\" \/>\n\t<meta name=\"twitter:label2\" content=\"Est. reading time\" \/>\n\t<meta name=\"twitter:data2\" content=\"6 perc\" \/>\n<script type=\"application\/ld+json\" class=\"yoast-schema-graph\">{\"@context\":\"https:\/\/schema.org\",\"@graph\":[{\"@type\":\"WebPage\",\"@id\":\"http:\/\/universofamilia.com\/sk\/el-amor-esta-en-el-aire\/\",\"url\":\"http:\/\/universofamilia.com\/sk\/el-amor-esta-en-el-aire\/\",\"name\":\"El Amor Est\u00e1 en el Aire \ud83c\udf1f\ud83c\udf38\ud83d\udc95 - Universo Fam\u00edlia\",\"isPartOf\":{\"@id\":\"https:\/\/universofamilia.com\/el\/#website\"},\"primaryImageOfPage\":{\"@id\":\"http:\/\/universofamilia.com\/sk\/el-amor-esta-en-el-aire\/#primaryimage\"},\"image\":{\"@id\":\"http:\/\/universofamilia.com\/sk\/el-amor-esta-en-el-aire\/#primaryimage\"},\"thumbnailUrl\":\"http:\/\/universofamilia.com\/wp-content\/uploads\/sites\/148\/2024\/12\/DESTAQUE-UNIVERSO-550-x-350-2-11.jpg\",\"datePublished\":\"2024-12-27T00:47:22+00:00\",\"dateModified\":\"2025-08-05T00:42:03+00:00\",\"author\":{\"@id\":\"https:\/\/universofamilia.com\/el\/#\/schema\/person\/f07ce98187dd84d31154262e79b3b7ca\"},\"description\":\"El Amor Est\u00e1 en el Aire \ud83c\udf1f\ud83c\udf38\ud83d\udc95 Puede surgir en los momentos m\u00e1s inesperados y transformar nuestras vidas de formas que nunca imaginamos.\",\"breadcrumb\":{\"@id\":\"http:\/\/universofamilia.com\/sk\/el-amor-esta-en-el-aire\/#breadcrumb\"},\"inLanguage\":\"hu\",\"potentialAction\":[{\"@type\":\"ReadAction\",\"target\":[\"http:\/\/universofamilia.com\/sk\/el-amor-esta-en-el-aire\/\"]}]},{\"@type\":\"ImageObject\",\"inLanguage\":\"hu\",\"@id\":\"http:\/\/universofamilia.com\/sk\/el-amor-esta-en-el-aire\/#primaryimage\",\"url\":\"http:\/\/universofamilia.com\/wp-content\/uploads\/sites\/148\/2024\/12\/DESTAQUE-UNIVERSO-550-x-350-2-11.jpg\",\"contentUrl\":\"http:\/\/universofamilia.com\/wp-content\/uploads\/sites\/148\/2024\/12\/DESTAQUE-UNIVERSO-550-x-350-2-11.jpg\",\"width\":550,\"height\":350,\"caption\":\"El Amor Est\u00e1 en el Aire \ud83c\udf1f\ud83c\udf38\ud83d\udc95\"},{\"@type\":\"BreadcrumbList\",\"@id\":\"http:\/\/universofamilia.com\/sk\/el-amor-esta-en-el-aire\/#breadcrumb\",\"itemListElement\":[{\"@type\":\"ListItem\",\"position\":1,\"name\":\"Home\",\"item\":\"https:\/\/universofamilia.com\/el\/\"},{\"@type\":\"ListItem\",\"position\":2,\"name\":\"El Amor Est\u00e1 en el Aire \ud83c\udf1f\ud83c\udf38\ud83d\udc95\"}]},{\"@type\":\"WebSite\",\"@id\":\"https:\/\/universofamilia.com\/el\/#website\",\"url\":\"https:\/\/universofamilia.com\/el\/\",\"name\":\"Universo Fam\u00edlia\",\"description\":\"\",\"potentialAction\":[{\"@type\":\"SearchAction\",\"target\":{\"@type\":\"EntryPoint\",\"urlTemplate\":\"https:\/\/universofamilia.com\/el\/?s={search_term_string}\"},\"query-input\":\"required name=search_term_string\"}],\"inLanguage\":\"hu\"},{\"@type\":\"Person\",\"@id\":\"https:\/\/universofamilia.com\/el\/#\/schema\/person\/f07ce98187dd84d31154262e79b3b7ca\",\"name\":\"Pedro Henrique\",\"image\":{\"@type\":\"ImageObject\",\"inLanguage\":\"hu\",\"@id\":\"https:\/\/universofamilia.com\/el\/#\/schema\/person\/image\/\",\"url\":\"http:\/\/0.gravatar.com\/avatar\/9edfeb808cb4e1599f64d6e45b130154?s=96&d=mm&r=g\",\"contentUrl\":\"http:\/\/0.gravatar.com\/avatar\/9edfeb808cb4e1599f64d6e45b130154?s=96&d=mm&r=g\",\"caption\":\"Pedro Henrique\"},\"url\":\"http:\/\/universofamilia.com\/hu\/author\/editor01\/\"}]}<\/script>\n<!-- \/ Yoast SEO plugin. -->","yoast_head_json":{"title":"El Amor Est\u00e1 en el Aire \ud83c\udf1f\ud83c\udf38\ud83d\udc95 - Universo Fam\u00edlia","description":"El Amor Est\u00e1 en el Aire \ud83c\udf1f\ud83c\udf38\ud83d\udc95 Puede surgir en los momentos m\u00e1s inesperados y transformar nuestras vidas de formas que nunca imaginamos.","robots":{"index":"index","follow":"follow","max-snippet":"max-snippet:-1","max-image-preview":"max-image-preview:large","max-video-preview":"max-video-preview:-1"},"canonical":"http:\/\/universofamilia.com\/hu\/el-amor-esta-en-el-aire\/","og_locale":"hu_HU","og_type":"article","og_title":"El Amor Est\u00e1 en el Aire \ud83c\udf1f\ud83c\udf38\ud83d\udc95 - Universo Fam\u00edlia","og_description":"El Amor Est\u00e1 en el Aire \ud83c\udf1f\ud83c\udf38\ud83d\udc95 Puede surgir en los momentos m\u00e1s inesperados y transformar nuestras vidas de formas que nunca imaginamos.","og_url":"http:\/\/universofamilia.com\/hu\/el-amor-esta-en-el-aire\/","og_site_name":"Universo Fam\u00edlia","article_published_time":"2024-12-27T00:47:22+00:00","article_modified_time":"2025-08-05T00:42:03+00:00","og_image":[{"width":550,"height":350,"url":"http:\/\/universofamilia.com\/wp-content\/uploads\/sites\/148\/2024\/12\/DESTAQUE-UNIVERSO-550-x-350-2-11.jpg","type":"image\/jpeg"}],"author":"Pedro Henrique","twitter_card":"summary_large_image","twitter_misc":{"Written by":"Pedro Henrique","Est. reading time":"6 perc"},"schema":{"@context":"https:\/\/schema.org","@graph":[{"@type":"WebPage","@id":"http:\/\/universofamilia.com\/sk\/el-amor-esta-en-el-aire\/","url":"http:\/\/universofamilia.com\/sk\/el-amor-esta-en-el-aire\/","name":"El Amor Est\u00e1 en el Aire \ud83c\udf1f\ud83c\udf38\ud83d\udc95 - Universo Fam\u00edlia","isPartOf":{"@id":"https:\/\/universofamilia.com\/el\/#website"},"primaryImageOfPage":{"@id":"http:\/\/universofamilia.com\/sk\/el-amor-esta-en-el-aire\/#primaryimage"},"image":{"@id":"http:\/\/universofamilia.com\/sk\/el-amor-esta-en-el-aire\/#primaryimage"},"thumbnailUrl":"http:\/\/universofamilia.com\/wp-content\/uploads\/sites\/148\/2024\/12\/DESTAQUE-UNIVERSO-550-x-350-2-11.jpg","datePublished":"2024-12-27T00:47:22+00:00","dateModified":"2025-08-05T00:42:03+00:00","author":{"@id":"https:\/\/universofamilia.com\/el\/#\/schema\/person\/f07ce98187dd84d31154262e79b3b7ca"},"description":"El Amor Est\u00e1 en el Aire \ud83c\udf1f\ud83c\udf38\ud83d\udc95 Puede surgir en los momentos m\u00e1s inesperados y transformar nuestras vidas de formas que nunca imaginamos.","breadcrumb":{"@id":"http:\/\/universofamilia.com\/sk\/el-amor-esta-en-el-aire\/#breadcrumb"},"inLanguage":"hu","potentialAction":[{"@type":"ReadAction","target":["http:\/\/universofamilia.com\/sk\/el-amor-esta-en-el-aire\/"]}]},{"@type":"ImageObject","inLanguage":"hu","@id":"http:\/\/universofamilia.com\/sk\/el-amor-esta-en-el-aire\/#primaryimage","url":"http:\/\/universofamilia.com\/wp-content\/uploads\/sites\/148\/2024\/12\/DESTAQUE-UNIVERSO-550-x-350-2-11.jpg","contentUrl":"http:\/\/universofamilia.com\/wp-content\/uploads\/sites\/148\/2024\/12\/DESTAQUE-UNIVERSO-550-x-350-2-11.jpg","width":550,"height":350,"caption":"El Amor Est\u00e1 en el Aire \ud83c\udf1f\ud83c\udf38\ud83d\udc95"},{"@type":"BreadcrumbList","@id":"http:\/\/universofamilia.com\/sk\/el-amor-esta-en-el-aire\/#breadcrumb","itemListElement":[{"@type":"ListItem","position":1,"name":"Home","item":"https:\/\/universofamilia.com\/el\/"},{"@type":"ListItem","position":2,"name":"El Amor Est\u00e1 en el Aire \ud83c\udf1f\ud83c\udf38\ud83d\udc95"}]},{"@type":"WebSite","@id":"https:\/\/universofamilia.com\/el\/#website","url":"https:\/\/universofamilia.com\/el\/","name":"Universo Fam\u00edlia","description":"","potentialAction":[{"@type":"SearchAction","target":{"@type":"EntryPoint","urlTemplate":"https:\/\/universofamilia.com\/el\/?s={search_term_string}"},"query-input":"required name=search_term_string"}],"inLanguage":"hu"},{"@type":"Person","@id":"https:\/\/universofamilia.com\/el\/#\/schema\/person\/f07ce98187dd84d31154262e79b3b7ca","name":"Pedro Henrique","image":{"@type":"ImageObject","inLanguage":"hu","@id":"https:\/\/universofamilia.com\/el\/#\/schema\/person\/image\/","url":"http:\/\/0.gravatar.com\/avatar\/9edfeb808cb4e1599f64d6e45b130154?s=96&d=mm&r=g","contentUrl":"http:\/\/0.gravatar.com\/avatar\/9edfeb808cb4e1599f64d6e45b130154?s=96&d=mm&r=g","caption":"Pedro Henrique"},"url":"http:\/\/universofamilia.com\/hu\/author\/editor01\/"}]}},"_links":{"self":[{"href":"http:\/\/universofamilia.com\/hu\/wp-json\/wp\/v2\/posts\/7885"}],"collection":[{"href":"http:\/\/universofamilia.com\/hu\/wp-json\/wp\/v2\/posts"}],"about":[{"href":"http:\/\/universofamilia.com\/hu\/wp-json\/wp\/v2\/types\/post"}],"author":[{"embeddable":true,"href":"http:\/\/universofamilia.com\/hu\/wp-json\/wp\/v2\/users\/139"}],"replies":[{"embeddable":true,"href":"http:\/\/universofamilia.com\/hu\/wp-json\/wp\/v2\/comments?post=7885"}],"version-history":[{"count":4,"href":"http:\/\/universofamilia.com\/hu\/wp-json\/wp\/v2\/posts\/7885\/revisions"}],"predecessor-version":[{"id":9657,"href":"http:\/\/universofamilia.com\/hu\/wp-json\/wp\/v2\/posts\/7885\/revisions\/9657"}],"wp:featuredmedia":[{"embeddable":true,"href":"http:\/\/universofamilia.com\/hu\/wp-json\/wp\/v2\/media\/7886"}],"wp:attachment":[{"href":"http:\/\/universofamilia.com\/hu\/wp-json\/wp\/v2\/media?parent=7885"}],"wp:term":[{"taxonomy":"category","embeddable":true,"href":"http:\/\/universofamilia.com\/hu\/wp-json\/wp\/v2\/categories?post=7885"},{"taxonomy":"post_tag","embeddable":true,"href":"http:\/\/universofamilia.com\/hu\/wp-json\/wp\/v2\/tags?post=7885"}],"curies":[{"name":"wp","href":"https:\/\/api.w.org\/{rel}","templated":true}]}}