{"id":7903,"date":"2024-12-29T14:41:20","date_gmt":"2024-12-29T17:41:20","guid":{"rendered":"https:\/\/universofamilia.com\/?p=7903"},"modified":"2025-07-12T17:08:54","modified_gmt":"2025-07-12T20:08:54","slug":"prolonga-la-bateria-de-tu-movil","status":"publish","type":"post","link":"http:\/\/universofamilia.com\/hu\/prolonga-la-bateria-de-tu-movil\/","title":{"rendered":"N\u00f6velje mobilja akkumul\u00e1tor\u00e1nak \u00e9lettartam\u00e1t"},"content":{"rendered":"<p>Fedezze fel, hogyan takar\u00edthat meg egyszer\u0171en akkumul\u00e1tor-\u00fczemid\u0151t.<\/p>\n\n\n\n<h4 class=\"wp-block-heading has-text-align-center\">Mit szeretn\u00e9l el\u0151sz\u00f6r csin\u00e1lni?<\/h4>\n\n\n\n<div class=\"wp-block-buttons is-content-justification-center is-layout-flex wp-container-core-buttons-layout-1 wp-block-buttons-is-layout-flex\">\n<div class=\"wp-block-button has-custom-width wp-block-button__width-100 is-style-outline\" style=\"text-decoration:none\"><a class=\"wp-block-button__link has-white-color has-vivid-cyan-blue-background-color has-text-color has-background has-link-color has-text-align-left wp-element-button\" href=\"https:\/\/universofamilia.com\/hu\/7832\/aprende-acordeon-gratis-ahora-mismo\/\" style=\"border-radius:10px\">Tanulj harmonik\u00e1zni ingyen most \u27a1\ufe0f<\/a><\/div>\n<\/div>\n\n\n\n<div class=\"wp-block-buttons is-content-justification-center is-layout-flex wp-container-core-buttons-layout-2 wp-block-buttons-is-layout-flex\">\n<div class=\"wp-block-button has-custom-width wp-block-button__width-100 is-style-outline\" style=\"text-decoration:none\"><a class=\"wp-block-button__link has-white-color has-vivid-cyan-blue-background-color has-text-color has-background has-link-color has-text-align-left wp-element-button\" href=\"https:\/\/universofamilia.com\/hu\/7802\/aprende-a-tocar-la-trompeta-facilmente\/\" style=\"border-radius:10px\">Tanulj meg k\u00f6nnyed\u00e9n trombit\u00e1n j\u00e1tszani \u27a1\ufe0f<\/a><\/div>\n<\/div>\n\n\n\n<div class=\"wp-block-buttons is-content-justification-center is-layout-flex wp-container-core-buttons-layout-3 wp-block-buttons-is-layout-flex\">\n<div class=\"wp-block-button has-custom-width wp-block-button__width-100 is-style-outline\" style=\"text-decoration:none\"><a class=\"wp-block-button__link has-white-color has-vivid-cyan-blue-background-color has-text-color has-background has-link-color has-text-align-left wp-element-button\" href=\"https:\/\/universofamilia.com\/hu\/7815\/aplicaciones-para-encontrar-el-amor\/\" style=\"border-radius:10px\">Alkalmaz\u00e1sok a szerelem megtal\u00e1l\u00e1s\u00e1hoz \u27a1\ufe0f<\/a><\/div>\n<\/div>\n\n\n\n<p class=\"has-text-align-right\"><em><strong><em><strong><em><strong><em><strong><em><strong>Olvass tov\u00e1bb!<\/strong><\/em><\/strong><\/em><\/strong><\/em><\/strong><\/em><\/strong><\/em><\/p>\n\n\n\n<hr class=\"wp-block-separator has-text-color has-luminous-vivid-orange-color has-alpha-channel-opacity has-luminous-vivid-orange-background-color has-background is-style-wide\" \/>\n\n\n\n<p><\/p>\n\n\n\n<p>Ki ne \u00e9rzett volna m\u00e1r p\u00e1nikrohamot, amikor l\u00e1tta, hogy telefonja akkumul\u00e1tora egy kritikus pillanatban lemer\u00fclni k\u00e9sz\u00fcl?<\/p>\n\n\n\n<p>Ak\u00e1r egy fontos megbesz\u00e9l\u00e9sen vagy, ak\u00e1r egy s\u00fcrg\u0151s h\u00edv\u00e1sra v\u00e1rsz, vagy egy utaz\u00e1s k\u00f6zep\u00e9n vagy, az akkumul\u00e1tor lemer\u00fcl\u00e9se igazi fejf\u00e1j\u00e1st okozhat.<\/p>\n\n\n\n<p>Manaps\u00e1g annyira f\u00fcgg\u00fcnk az eszk\u00f6zeinkt\u0151l, hogy ak\u00e1r n\u00e9h\u00e1ny percnyi kikapcsolts\u00e1g is \u00f6r\u00f6kk\u00e9val\u00f3s\u00e1gnak t\u0171nhet.<\/p>\n\n\n\n<p>De nem kell ennek \u00edgy lennie.<\/p>\n\n\n\n<p>Ebben a cikkben felfedezheted, hogyan n\u00f6velheted a telefonod akkumul\u00e1tor\u00e1nak \u00e9lettartam\u00e1t egyszer\u0171 gyakorlatokkal \u00e9s ingyenes alkalmaz\u00e1sokkal, amelyek val\u00f3ban nagy v\u00e1ltoz\u00e1st hoznak. Kezdhetj\u00fck?<\/p>\n\n\n\n<h4 class=\"wp-block-heading has-text-align-center\">Van b\u00e1rmilyen k\u00e9rd\u00e9se?<\/h4>\n\n\n\n<div class=\"wp-block-buttons is-content-justification-center is-layout-flex wp-container-core-buttons-layout-4 wp-block-buttons-is-layout-flex\">\n<div class=\"wp-block-button has-custom-width wp-block-button__width-100 has-custom-font-size is-style-outline has-large-font-size\" style=\"text-decoration:none\"><a class=\"wp-block-button__link has-white-color has-vivid-purple-background-color has-text-color has-background has-link-color has-border-color has-ast-global-color-5-border-color has-text-align-center wp-element-button\" href=\"https:\/\/www.messenger.com\/login.php?next=https%3A%2F%2Fwww.messenger.com%2Ft%2F110263563681990%2F%3Fref%3Dw30174560--utm_campaign%253D%257B%257Badset.id%257D%257D%26messaging_source%3Dsource%253Apages%253Amessage_shortlink%26source_id%3D1441792%26recurring_notification%3D0\" style=\"border-radius:6px\">\ud83d\udcac Besz\u00e9lj\u00fcnk! \ud83d\udc69\u200d\ud83e\uddb0\u200d\ud83c\udfa7<\/a><\/div>\n<\/div>\n\n\n\n<p class=\"has-text-align-right\"><em><strong>\u00c1tir\u00e1ny\u00edtunk egy m\u00e1sik webhelyre<\/strong><\/em><\/p>\n\n\n\n<hr class=\"wp-block-separator alignfull has-text-color has-alpha-channel-opacity has-background is-style-wide\" style=\"background-color:#006196;color:#006196\" \/>\n\n\n\n<p><\/p>\n\n\n\n<h3 class=\"wp-block-heading\"><strong>A mobiltelefon akkumul\u00e1tor\u00e1nak lemer\u00fcl\u00e9s\u00e9nek kock\u00e1zatai<\/strong><\/h3>\n\n\n\n<p>K\u00e9pzeld el a k\u00f6vetkez\u0151 helyzetet: egy ismeretlen helyre utazol, \u00e9s a telefonod GPS-e az egyetlen eszk\u00f6z, ami eligaz\u00edt.<\/p>\n\n\n\n<p>Hirtelen lemer\u00fcl az akkumul\u00e1torod. Vagy tal\u00e1n s\u00fcrg\u0151s h\u00edv\u00e1st kell kezdem\u00e9nyezned, \u00e9s r\u00e1j\u00f6ssz, hogy a k\u00e9sz\u00fcl\u00e9ked kikapcsolt.<\/p>\n\n\n\n<p>Ezek a helyzetek gyakoribbak, mint gondoln\u00e1nk, \u00e9s megmutatj\u00e1k, mennyire sebezhet\u0151ek lehet\u00fcnk, amikor a mobiltelefonunk magunkra hagy minket.<\/p>\n\n\n\n<p>Az akkumul\u00e1tor lemer\u00fcl\u00e9se nemcsak k\u00e9nyelmetlen, de a kontextust\u00f3l f\u00fcgg\u0151en vesz\u00e9lyes is lehet.<\/p>\n\n\n\n<p>Ez\u00e9rt a telefon akkumul\u00e1tor\u00e1nak \u00e9lettartam\u00e1r\u00f3l val\u00f3 gondoskod\u00e1s nem csup\u00e1n k\u00e9nyelmi k\u00e9rd\u00e9s, hanem sz\u00fcks\u00e9gszer\u0171s\u00e9g.<\/p>\n\n\n\n<h3 class=\"wp-block-heading\"><strong>A hosszabb \u00e9lettartam\u00fa akkumul\u00e1tor fontoss\u00e1ga<\/strong><\/h3>\n\n\n\n<p>A hossz\u00fa \u00fczemidej\u0171 akkumul\u00e1tor lehet\u0151v\u00e9 teszi, hogy a legt\u00f6bbet hozd ki a napodb\u00f3l an\u00e9lk\u00fcl, hogy folyamatosan agg\u00f3dnod kellene a konnektor keres\u00e9se vagy a hordozhat\u00f3 t\u00f6lt\u0151 mindenhov\u00e1 cipel\u00e9se miatt.<\/p>\n\n\n\n<p>Ezenk\u00edv\u00fcl a t\u00f6lt\u00e9s gyakoris\u00e1g\u00e1nak cs\u00f6kkent\u00e9se cs\u00f6kkenti a k\u00e9sz\u00fcl\u00e9k kop\u00e1s\u00e1t, mivel a ritk\u00e1bb t\u00f6lt\u00e9s megakad\u00e1lyozza a t\u00falmeleged\u00e9st \u00e9s meghosszabb\u00edtja az akkumul\u00e1tor \u00e9lettartam\u00e1t.<\/p>\n\n\n\n<p>Ez\u00e9rt elengedhetetlen olyan gyakorlatok bevezet\u00e9se, amelyek optimaliz\u00e1lj\u00e1k az energiafogyaszt\u00e1st.<\/p>\n\n\n\n<p>Az al\u00e1bbiakban megvizsg\u00e1ljuk a legjobb tippeket \u00e9s eszk\u00f6z\u00f6ket ehhez.<\/p>\n\n\n\n<h3 class=\"wp-block-heading\"><strong>Mi\u00e9rt mer\u00fcl le gyorsan a mobiltelefonom akkumul\u00e1tora?<\/strong><\/h3>\n\n\n\n<p>Ha \u00fagy \u00e9rzed, hogy a telefonod akkumul\u00e1tora t\u00fal gyorsan lemer\u00fcl, ennek t\u00f6bb oka is lehet.<\/p>\n\n\n\n<p>A leggyakoribbak a k\u00f6vetkez\u0151k:<\/p>\n\n\n\n<ul class=\"wp-block-list\">\n<li><strong>H\u00e1tt\u00e9ralkalmaz\u00e1sok:<\/strong> Sok alkalmaz\u00e1s akkor is fut, ha nincsenek megnyitva. A k\u00f6z\u00f6ss\u00e9gi m\u00e9dia, a j\u00e1t\u00e9kok \u00e9s a h\u00edralkalmaz\u00e1sok gyakran a f\u0151 b\u0171n\u00f6s\u00f6k.<\/li>\n\n\n\n<li><strong>Magas k\u00e9perny\u0151 f\u00e9nyer\u0151:<\/strong> A f\u00e9nyer\u0151 maxim\u00e1lisra \u00e1ll\u00edt\u00e1sa sokkal t\u00f6bb energi\u00e1t fogyaszt, mint gondoln\u00e1d.<\/li>\n\n\n\n<li><strong>T\u00falzott sz\u00e1m\u00fa \u00e9rtes\u00edt\u00e9s:<\/strong> Az \u00fczenetekb\u0151l, e-mailekb\u0151l \u00e9s alkalmaz\u00e1sokb\u00f3l \u00e9rkez\u0151 folyamatos \u00e9rtes\u00edt\u00e9sek rezg\u00e9shez vagy a k\u00e9perny\u0151 bekapcsol\u00e1s\u00e1hoz t\u00e1pell\u00e1t\u00e1st ig\u00e9nyelnek.<\/li>\n\n\n\n<li><strong>Akt\u00edv kapcsolatok:<\/strong> A Wi-Fi, a Bluetooth vagy a GPS sz\u00fcks\u00e9gtelen bekapcsol\u00e1sa szint\u00e9n mer\u00edti az akkumul\u00e1tort.<\/li>\n\n\n\n<li><strong>Elhaszn\u00e1l\u00f3dott akkumul\u00e1tor:<\/strong> Id\u0151vel az akkumul\u00e1torok vesz\u00edtenek a kapacit\u00e1sukb\u00f3l \u00e9s gyorsabban mer\u00fclnek le, mint amikor a k\u00e9sz\u00fcl\u00e9k \u00faj volt.<\/li>\n<\/ul>\n\n\n\n<p>Az akkumul\u00e1tor \u00e9lettartam\u00e1nak n\u00f6vel\u00e9se fel\u00e9 vezet\u0151 els\u0151 l\u00e9p\u00e9s az, hogy azonos\u00edtsa azokat a t\u00e9nyez\u0151ket, amelyek a legt\u00f6bb energi\u00e1t fogyasztj\u00e1k az eszk\u00f6z\u00e9n.<\/p>\n\n\n\n<h3 class=\"wp-block-heading\"><strong>Hogyan n\u00f6velheted az akkumul\u00e1tor \u00e9lettartam\u00e1t<\/strong><\/h3>\n\n\n\n<p>\u00cdme n\u00e9h\u00e1ny gyakorlati tipp, amelyek v\u00e1ltoz\u00e1st hozhatnak:<\/p>\n\n\n\n<ol class=\"wp-block-list\">\n<li>Cs\u00f6kkentsd a k\u00e9perny\u0151 f\u00e9nyerej\u00e9t, vagy kapcsold be az automatikus f\u00e9nyer\u0151-szab\u00e1lyoz\u00e1st.<\/li>\n\n\n\n<li>Kapcsold ki az olyan kapcsolatokat, mint a Bluetooth, a Wi-Fi \u00e9s a GPS, amikor nincs r\u00e1juk sz\u00fcks\u00e9ged.<\/li>\n\n\n\n<li>Aktiv\u00e1lja az energiatakar\u00e9kos m\u00f3dot, amely a legt\u00f6bb mobiltelefonon el\u0151re telep\u00edtve van.<\/li>\n\n\n\n<li>Ker\u00fcld a felesleges widgeteket a kezd\u0151k\u00e9perny\u0151n, p\u00e9ld\u00e1ul az id\u0151j\u00e1r\u00e1s-el\u0151rejelz\u00e9seket vagy az interakt\u00edv parancsikonokat.<\/li>\n\n\n\n<li>Z\u00e1rd be a nem haszn\u00e1lt alkalmaz\u00e1sokat, \u00e9s ker\u00fcld el, hogy t\u00fal sok legyen egyszerre megnyitva.<\/li>\n<\/ol>\n\n\n\n<p>Ezek az apr\u00f3 v\u00e1ltoztat\u00e1sok jelent\u0151sen jav\u00edthatj\u00e1k a telefon energiafogyaszt\u00e1s\u00e1t.<\/p>\n\n\n\n<h3 class=\"wp-block-heading\"><strong>Az akkumul\u00e1tork\u00edm\u00e9l\u0151 alkalmaz\u00e1sok haszn\u00e1lat\u00e1nak el\u0151nyei<\/strong><\/h3>\n\n\n\n<p>A fenti aj\u00e1nl\u00e1sok v\u00e9grehajt\u00e1sa mellett sz\u00e1m\u00edthat speci\u00e1lis alkalmaz\u00e1sok seg\u00edts\u00e9g\u00e9re is.<\/p>\n\n\n\n<p>Ezek a programok optimaliz\u00e1lj\u00e1k az eszk\u00f6z teljes\u00edtm\u00e9ny\u00e9t az\u00e1ltal, hogy azonos\u00edtj\u00e1k \u00e9s le\u00e1ll\u00edtj\u00e1k a sz\u00fcks\u00e9gtelen\u00fcl energi\u00e1t fogyaszt\u00f3 folyamatokat. El\u0151nyeik t\u00f6bbek k\u00f6z\u00f6tt:<\/p>\n\n\n\n<ul class=\"wp-block-list\">\n<li>Automatikus fogyaszt\u00e1skezel\u00e9s.<\/li>\n\n\n\n<li>R\u00e9szletes jelent\u00e9sek az akkumul\u00e1torhaszn\u00e1latr\u00f3l.<\/li>\n\n\n\n<li>Szem\u00e9lyre szabott aj\u00e1nl\u00e1sok a felhaszn\u00e1l\u00f3i t\u00edpus alapj\u00e1n.<\/li>\n<\/ul>\n\n\n\n<p>Miel\u0151tt azonban b\u00e1rmilyen alkalmaz\u00e1st telep\u00edten\u00e9nk, fontos tudni, hogyan v\u00e1lasszuk ki a legmegb\u00edzhat\u00f3bb lehet\u0151s\u00e9geket.<\/p>\n\n\n\n<h3 class=\"wp-block-heading\"><strong>Mit kell tenni egy akkumul\u00e1tork\u00edm\u00e9l\u0151 alkalmaz\u00e1s telep\u00edt\u00e9se el\u0151tt<\/strong><\/h3>\n\n\n\n<p>Nem minden akkumul\u00e1tork\u00edm\u00e9l\u0151 alkalmaz\u00e1s biztons\u00e1gos. N\u00e9melyik t\u00fal sok hirdet\u00e9st tartalmazhat, vagy ak\u00e1r vesz\u00e9lyeztetheti az adatbiztons\u00e1got.<\/p>\n\n\n\n<p>A probl\u00e9m\u00e1k elker\u00fcl\u00e9se \u00e9rdek\u00e9ben k\u00f6vesse az al\u00e1bbi aj\u00e1nl\u00e1sokat:<\/p>\n\n\n\n<ol class=\"wp-block-list\">\n<li>N\u00e9zd meg az \u00e9rt\u00e9kel\u00e9seket \u00e9s v\u00e9lem\u00e9nyeket a Google Playen vagy az App Store-ban.<\/li>\n\n\n\n<li>Olvasd el az alkalmaz\u00e1s le\u00edr\u00e1s\u00e1t, hogy meg\u00e9rtsd a funkci\u00f3it.<\/li>\n\n\n\n<li>R\u00e9szes\u00edtsd el\u0151nyben a n\u00e9pszer\u0171 \u00e9s magas \u00e9rt\u00e9kel\u00e9s\u0171 alkalmaz\u00e1sokat.<\/li>\n\n\n\n<li>Gy\u0151z\u0151dj\u00f6n meg r\u00f3la, hogy az alkalmaz\u00e1s nem fogyaszt t\u00f6bb energi\u00e1t, mint amennyit megtakar\u00edt.<\/li>\n<\/ol>\n\n\n\n<p>Ezt szem el\u0151tt tartva, n\u00e9zz\u00fck meg a legjobb alkalmaz\u00e1sokat, amelyekkel meghosszabb\u00edthatod a telefon akkumul\u00e1tor\u00e1nak \u00e9lettartam\u00e1t.<\/p>\n\n\n<div class=\"wp-block-image\">\n<figure class=\"aligncenter size-full\"><img loading=\"lazy\" decoding=\"async\" width=\"550\" height=\"350\" src=\"http:\/\/universofamilia.com\/wp-content\/uploads\/sites\/148\/2024\/12\/DESTAQUE-UNIVERSO-550-x-350-2-13.jpg\" alt=\"\" class=\"wp-image-7904\" srcset=\"http:\/\/universofamilia.com\/wp-content\/uploads\/sites\/148\/2024\/12\/DESTAQUE-UNIVERSO-550-x-350-2-13.jpg 550w, http:\/\/universofamilia.com\/wp-content\/uploads\/sites\/148\/2024\/12\/DESTAQUE-UNIVERSO-550-x-350-2-13-300x191.jpg 300w\" sizes=\"(max-width: 550px) 100vw, 550px\" \/><figcaption class=\"wp-element-caption\">N\u00f6velje mobilja akkumul\u00e1tor\u00e1nak \u00e9lettartam\u00e1t<\/figcaption><\/figure><\/div>\n\n\n<h3 class=\"wp-block-heading\"><strong>A legjobb ingyenes alkalmaz\u00e1sok az akkumul\u00e1tor \u00e9lettartam\u00e1nak meg\u0151rz\u00e9s\u00e9hez<\/strong><\/h3>\n\n\n\n<h4 class=\"wp-block-heading\"><strong>Akkumul\u00e1tork\u00edm\u00e9l\u0151 \u2013 Energiamester<\/strong><\/h4>\n\n\n\n<p>Ez a program egyszer\u0171s\u00e9g\u00e9vel \u00e9s hat\u00e9konys\u00e1g\u00e1val t\u0171nik ki. Automatikus energiatakar\u00e9kos m\u00f3dot k\u00edn\u00e1l, egyetlen koppint\u00e1ssal lez\u00e1rva a felesleges folyamatokat.<\/p>\n\n\n\n<p>Val\u00f3s id\u0151ben figyeli az akkumul\u00e1torhaszn\u00e1latot is, megmutatva, hogy mely alkalmaz\u00e1sok fogyasztj\u00e1k a legt\u00f6bb energi\u00e1t.<\/p>\n\n\n\n<ul class=\"wp-block-list\">\n<li><strong>Kiemelt jellemz\u0151k:<\/strong>\n<ul class=\"wp-block-list\">\n<li>Felhaszn\u00e1l\u00f3bar\u00e1t fel\u00fclet.<\/li>\n\n\n\n<li>K\u00f6nnyen haszn\u00e1lhat\u00f3, kezd\u0151knek ide\u00e1lis.<\/li>\n\n\n\n<li>Val\u00f3s idej\u0171 optimaliz\u00e1l\u00e1s.<\/li>\n<\/ul>\n<\/li>\n<\/ul>\n\n\n\n<h4 class=\"wp-block-heading\"><strong>Greenify<\/strong><\/h4>\n\n\n\n<p>A Greenify nagyszer\u0171 v\u00e1laszt\u00e1s azok sz\u00e1m\u00e1ra, akik nagyobb kontrollt szeretn\u00e9nek gyakorolni az akkumul\u00e1tort mer\u00edt\u0151 alkalmaz\u00e1sok felett.<\/p>\n\n\n\n<p>Ez a program a nem haszn\u00e1lt alkalmaz\u00e1sokat \u201ehibern\u00e1lt m\u00f3dba\u201d helyezi, megakad\u00e1lyozva, hogy a h\u00e1tt\u00e9rben fussanak.<\/p>\n\n\n\n<ul class=\"wp-block-list\">\n<li><strong>Kiemelt jellemz\u0151k:<\/strong>\n<ul class=\"wp-block-list\">\n<li>Alacsony rendszerer\u0151forr\u00e1s-fogyaszt\u00e1s.<\/li>\n\n\n\n<li>Ide\u00e1lis halad\u00f3 felhaszn\u00e1l\u00f3k sz\u00e1m\u00e1ra.<\/li>\n\n\n\n<li>R\u00e9gebbi mobiltelefonokkal kompatibilis.<\/li>\n<\/ul>\n<\/li>\n<\/ul>\n\n\n\n<h4 class=\"wp-block-heading\"><strong>AccuBattery \u2013 Akkumul\u00e1tor<\/strong><\/h4>\n\n\n\n<p>Ez az alkalmaz\u00e1s nemcsak az akkumul\u00e1tor \u00e9lettartam\u00e1nak megtakar\u00edt\u00e1s\u00e1ban seg\u00edt, hanem r\u00e9szletes jelent\u00e9seket is k\u00e9sz\u00edt annak \u00e1llapot\u00e1r\u00f3l.<\/p>\n\n\n\n<p>M\u00e9ri az akkumul\u00e1tor t\u00e9nyleges kapacit\u00e1s\u00e1t, \u00e9s seg\u00edt nyomon k\u00f6vetni a teljes\u00edtm\u00e9ny\u00e9t az id\u0151 m\u00fal\u00e1s\u00e1val.<\/p>\n\n\n\n<ul class=\"wp-block-list\">\n<li><strong>Kiemelt jellemz\u0151k:<\/strong>\n<ul class=\"wp-block-list\">\n<li>Koncentr\u00e1lj az akkumul\u00e1tor \u00e1llapot\u00e1ra.<\/li>\n\n\n\n<li>R\u00e9szletes inform\u00e1ci\u00f3k a fogyaszt\u00e1sr\u00f3l.<\/li>\n\n\n\n<li>Seg\u00edt meghosszabb\u00edtani az akkumul\u00e1tor \u00e9lettartam\u00e1t.<\/li>\n<\/ul>\n<\/li>\n<\/ul>\n\n\n\n<h3 class=\"wp-block-heading\"><strong>Mit gondolnak a felhaszn\u00e1l\u00f3k?<\/strong><\/h3>\n\n\n\n<p>Sok felhaszn\u00e1l\u00f3 sz\u00e1molt be pozit\u00edv eredm\u00e9nyekr\u0151l ezen alkalmaz\u00e1sok haszn\u00e1lat\u00e1val kapcsolatban.<\/p>\n\n\n\n<p>P\u00e9ld\u00e1ul a Greenify felhaszn\u00e1l\u00f3i kiemelik, hogyan jav\u00edtotta a telefonjuk teljes\u00edtm\u00e9ny\u00e9t, m\u00edg az AccuBattery rajong\u00f3i nagyra \u00e9rt\u00e9kelik a r\u00e9szletes jelent\u00e9seket, amelyek lehet\u0151v\u00e9 teszik sz\u00e1mukra, hogy jobban meg\u00e9rts\u00e9k energiafogyaszt\u00e1sukat.<\/p>\n\n\n\n<p>M\u00e1sr\u00e9szt a Power Master az el\u0151nyben r\u00e9szes\u00edtett v\u00e1laszt\u00e1s azok sz\u00e1m\u00e1ra, akik gyors \u00e9s praktikus megold\u00e1st keresnek.<\/p>\n\n\n\n<h3 class=\"wp-block-heading\"><strong>K\u00f6vetkeztet\u00e9s<\/strong><\/h3>\n\n\n\n<p>A telefon akkumul\u00e1tor\u00e1nak hosszabb \u00fczemideje elengedhetetlen a mindennapi \u00e9let k\u00e9nyelme \u00e9s biztons\u00e1ga \u00e9rdek\u00e9ben.<\/p>\n\n\n\n<p>A haszn\u00e1lati szok\u00e1sok apr\u00f3 v\u00e1ltoztat\u00e1saival \u00e9s a megb\u00edzhat\u00f3 alkalmaz\u00e1sok t\u00e1mogat\u00e1s\u00e1val jelent\u0151sen cs\u00f6kkentheti az energiafogyaszt\u00e1st \u00e9s elker\u00fclheti a visszaes\u00e9seket.<\/p>\n\n\n\n<p>Pr\u00f3b\u00e1ld ki a fent eml\u00edtett tippeket \u00e9s alkalmaz\u00e1sokat, \u00e9s oszd meg ezt a cikket a bar\u00e1taiddal.<\/p>\n\n\n\n<p>V\u00e9g\u00fcl is ki ne szeretne kevesebb id\u0151t t\u00f6lteni kikapcsol\u00f3d\u00e1s keres\u00e9s\u00e9vel, \u00e9s t\u00f6bb id\u0151t azzal, ami igaz\u00e1n sz\u00e1m\u00edt?<\/p>\n\n\n\n<h3 class=\"wp-block-heading\"><strong>Let\u00f6lt\u00e9si linkek<\/strong><\/h3>\n\n\n\n<ul class=\"wp-block-list\">\n<li><strong>Akkumul\u00e1tork\u00edm\u00e9l\u0151 \u2013 Energiamester:<\/strong> <a href=\"https:\/\/apps.apple.com\/us\/app\/battery-saver-power-master\/id1514077251\">iOS<\/a><\/li>\n\n\n\n<li><strong>Z\u00f6ld\u00edt\u00e9s:<\/strong> <a href=\"https:\/\/play.google.com\/store\/apps\/details?id=com.oasisfeng.greenify\">Android<\/a><\/li>\n\n\n\n<li><strong>AccuBattery \u2013 Akkumul\u00e1tor:<\/strong> <a href=\"https:\/\/play.google.com\/store\/apps\/details?id=com.digibites.accubattery\">Android<\/a><\/li>\n<\/ul>\n\n\n\n<p><\/p>","protected":false},"excerpt":{"rendered":"<p>Fedezd fel, hogyan takar\u00edthatsz meg egyszer\u0171en akkumul\u00e1tor-\u00fczemid\u0151t. Mit szeretn\u00e9l el\u0151sz\u00f6r csin\u00e1lni? Olvass tov\u00e1bb! Ki ne p\u00e1nikolt volna m\u00e1r, amikor a telefonja akkumul\u00e1tora egy kritikus pillanatban lemer\u00fclni k\u00e9sz\u00fcl? Ak\u00e1r egy fontos megbesz\u00e9l\u00e9sen, ak\u00e1r egy s\u00fcrg\u0151s h\u00edv\u00e1sra v\u00e1rva, vagy egy utaz\u00e1s k\u00f6zep\u00e9n, az akkumul\u00e1tor lemer\u00fcl\u00e9se [\u2026]<\/p>","protected":false},"author":139,"featured_media":7904,"comment_status":"closed","ping_status":"open","sticky":false,"template":"","format":"standard","meta":{"footnotes":""},"categories":[2],"tags":[57,260,1194],"yoast_head":"<!-- This site is optimized with the Yoast SEO plugin v23.3 - https:\/\/yoast.com\/wordpress\/plugins\/seo\/ -->\n<title>Prolonga la bater\u00eda de tu m\u00f3vil - Universo Fam\u00edlia<\/title>\n<meta name=\"description\" content=\"Prolonga la bater\u00eda de tu m\u00f3vil. \u00bfQui\u00e9n no ha sentido el p\u00e1nico de ver que la bater\u00eda de su m\u00f3vil est\u00e1 a punto de agotarse en un momento cr\u00edtico?\" \/>\n<meta name=\"robots\" content=\"index, follow, max-snippet:-1, max-image-preview:large, max-video-preview:-1\" \/>\n<link rel=\"canonical\" href=\"http:\/\/universofamilia.com\/hu\/\u0986\u09aa\u09a8\u09be\u09b0-\u09ae\u09cb\u09ac\u09be\u0987\u09b2-\u09ab\u09cb\u09a8\u09c7\u09b0-\u09ac\u09cd\u09af\u09be\u099f\/\" \/>\n<meta property=\"og:locale\" content=\"hu_HU\" \/>\n<meta property=\"og:type\" content=\"article\" \/>\n<meta property=\"og:title\" content=\"Prolonga la bater\u00eda de tu m\u00f3vil - Universo Fam\u00edlia\" \/>\n<meta property=\"og:description\" content=\"Prolonga la bater\u00eda de tu m\u00f3vil. \u00bfQui\u00e9n no ha sentido el p\u00e1nico de ver que la bater\u00eda de su m\u00f3vil est\u00e1 a punto de agotarse en un momento cr\u00edtico?\" \/>\n<meta property=\"og:url\" content=\"http:\/\/universofamilia.com\/hu\/\u0986\u09aa\u09a8\u09be\u09b0-\u09ae\u09cb\u09ac\u09be\u0987\u09b2-\u09ab\u09cb\u09a8\u09c7\u09b0-\u09ac\u09cd\u09af\u09be\u099f\/\" \/>\n<meta property=\"og:site_name\" content=\"Universo Fam\u00edlia\" \/>\n<meta property=\"article:published_time\" content=\"2024-12-29T17:41:20+00:00\" \/>\n<meta property=\"article:modified_time\" content=\"2025-07-12T20:08:54+00:00\" \/>\n<meta property=\"og:image\" content=\"http:\/\/universofamilia.com\/wp-content\/uploads\/sites\/148\/2024\/12\/DESTAQUE-UNIVERSO-550-x-350-2-13.jpg\" \/>\n\t<meta property=\"og:image:width\" content=\"550\" \/>\n\t<meta property=\"og:image:height\" content=\"350\" \/>\n\t<meta property=\"og:image:type\" content=\"image\/jpeg\" \/>\n<meta name=\"author\" content=\"Pedro Henrique\" \/>\n<meta name=\"twitter:card\" content=\"summary_large_image\" \/>\n<meta name=\"twitter:label1\" content=\"Written by\" \/>\n\t<meta name=\"twitter:data1\" content=\"Pedro Henrique\" \/>\n\t<meta name=\"twitter:label2\" content=\"Est. reading time\" \/>\n\t<meta name=\"twitter:data2\" content=\"7 perc\" \/>\n<script type=\"application\/ld+json\" class=\"yoast-schema-graph\">{\"@context\":\"https:\/\/schema.org\",\"@graph\":[{\"@type\":\"WebPage\",\"@id\":\"http:\/\/universofamilia.com\/bn\/\u0986\u09aa\u09a8\u09be\u09b0-\u09ae\u09cb\u09ac\u09be\u0987\u09b2-\u09ab\u09cb\u09a8\u09c7\u09b0-\u09ac\u09cd\u09af\u09be\u099f\/\",\"url\":\"http:\/\/universofamilia.com\/bn\/\u0986\u09aa\u09a8\u09be\u09b0-\u09ae\u09cb\u09ac\u09be\u0987\u09b2-\u09ab\u09cb\u09a8\u09c7\u09b0-\u09ac\u09cd\u09af\u09be\u099f\/\",\"name\":\"Prolonga la bater\u00eda de tu m\u00f3vil - Universo Fam\u00edlia\",\"isPartOf\":{\"@id\":\"http:\/\/universofamilia.com\/zh_hk\/#website\"},\"primaryImageOfPage\":{\"@id\":\"http:\/\/universofamilia.com\/bn\/\u0986\u09aa\u09a8\u09be\u09b0-\u09ae\u09cb\u09ac\u09be\u0987\u09b2-\u09ab\u09cb\u09a8\u09c7\u09b0-\u09ac\u09cd\u09af\u09be\u099f\/#primaryimage\"},\"image\":{\"@id\":\"http:\/\/universofamilia.com\/bn\/\u0986\u09aa\u09a8\u09be\u09b0-\u09ae\u09cb\u09ac\u09be\u0987\u09b2-\u09ab\u09cb\u09a8\u09c7\u09b0-\u09ac\u09cd\u09af\u09be\u099f\/#primaryimage\"},\"thumbnailUrl\":\"http:\/\/universofamilia.com\/wp-content\/uploads\/sites\/148\/2024\/12\/DESTAQUE-UNIVERSO-550-x-350-2-13.jpg\",\"datePublished\":\"2024-12-29T17:41:20+00:00\",\"dateModified\":\"2025-07-12T20:08:54+00:00\",\"author\":{\"@id\":\"http:\/\/universofamilia.com\/zh_hk\/#\/schema\/person\/f07ce98187dd84d31154262e79b3b7ca\"},\"description\":\"Prolonga la bater\u00eda de tu m\u00f3vil. \u00bfQui\u00e9n no ha sentido el p\u00e1nico de ver que la bater\u00eda de su m\u00f3vil est\u00e1 a punto de agotarse en un momento cr\u00edtico?\",\"breadcrumb\":{\"@id\":\"http:\/\/universofamilia.com\/bn\/\u0986\u09aa\u09a8\u09be\u09b0-\u09ae\u09cb\u09ac\u09be\u0987\u09b2-\u09ab\u09cb\u09a8\u09c7\u09b0-\u09ac\u09cd\u09af\u09be\u099f\/#breadcrumb\"},\"inLanguage\":\"hu\",\"potentialAction\":[{\"@type\":\"ReadAction\",\"target\":[\"http:\/\/universofamilia.com\/bn\/\u0986\u09aa\u09a8\u09be\u09b0-\u09ae\u09cb\u09ac\u09be\u0987\u09b2-\u09ab\u09cb\u09a8\u09c7\u09b0-\u09ac\u09cd\u09af\u09be\u099f\/\"]}]},{\"@type\":\"ImageObject\",\"inLanguage\":\"hu\",\"@id\":\"http:\/\/universofamilia.com\/bn\/\u0986\u09aa\u09a8\u09be\u09b0-\u09ae\u09cb\u09ac\u09be\u0987\u09b2-\u09ab\u09cb\u09a8\u09c7\u09b0-\u09ac\u09cd\u09af\u09be\u099f\/#primaryimage\",\"url\":\"http:\/\/universofamilia.com\/wp-content\/uploads\/sites\/148\/2024\/12\/DESTAQUE-UNIVERSO-550-x-350-2-13.jpg\",\"contentUrl\":\"http:\/\/universofamilia.com\/wp-content\/uploads\/sites\/148\/2024\/12\/DESTAQUE-UNIVERSO-550-x-350-2-13.jpg\",\"width\":550,\"height\":350,\"caption\":\"Prolonga la bater\u00eda de tu m\u00f3vil\"},{\"@type\":\"BreadcrumbList\",\"@id\":\"http:\/\/universofamilia.com\/bn\/\u0986\u09aa\u09a8\u09be\u09b0-\u09ae\u09cb\u09ac\u09be\u0987\u09b2-\u09ab\u09cb\u09a8\u09c7\u09b0-\u09ac\u09cd\u09af\u09be\u099f\/#breadcrumb\",\"itemListElement\":[{\"@type\":\"ListItem\",\"position\":1,\"name\":\"Home\",\"item\":\"http:\/\/universofamilia.com\/zh_hk\/\"},{\"@type\":\"ListItem\",\"position\":2,\"name\":\"Prolonga la bater\u00eda de tu m\u00f3vil\"}]},{\"@type\":\"WebSite\",\"@id\":\"http:\/\/universofamilia.com\/zh_hk\/#website\",\"url\":\"http:\/\/universofamilia.com\/zh_hk\/\",\"name\":\"Universo Fam\u00edlia\",\"description\":\"\",\"potentialAction\":[{\"@type\":\"SearchAction\",\"target\":{\"@type\":\"EntryPoint\",\"urlTemplate\":\"http:\/\/universofamilia.com\/zh_hk\/?s={search_term_string}\"},\"query-input\":\"required name=search_term_string\"}],\"inLanguage\":\"hu\"},{\"@type\":\"Person\",\"@id\":\"http:\/\/universofamilia.com\/zh_hk\/#\/schema\/person\/f07ce98187dd84d31154262e79b3b7ca\",\"name\":\"Pedro Henrique\",\"image\":{\"@type\":\"ImageObject\",\"inLanguage\":\"hu\",\"@id\":\"http:\/\/universofamilia.com\/zh_hk\/#\/schema\/person\/image\/\",\"url\":\"http:\/\/0.gravatar.com\/avatar\/9edfeb808cb4e1599f64d6e45b130154?s=96&d=mm&r=g\",\"contentUrl\":\"http:\/\/0.gravatar.com\/avatar\/9edfeb808cb4e1599f64d6e45b130154?s=96&d=mm&r=g\",\"caption\":\"Pedro Henrique\"},\"url\":\"http:\/\/universofamilia.com\/hu\/author\/editor01\/\"}]}<\/script>\n<!-- \/ Yoast SEO plugin. -->","yoast_head_json":{"title":"Prolonga la bater\u00eda de tu m\u00f3vil - Universo Fam\u00edlia","description":"Prolonga la bater\u00eda de tu m\u00f3vil. \u00bfQui\u00e9n no ha sentido el p\u00e1nico de ver que la bater\u00eda de su m\u00f3vil est\u00e1 a punto de agotarse en un momento cr\u00edtico?","robots":{"index":"index","follow":"follow","max-snippet":"max-snippet:-1","max-image-preview":"max-image-preview:large","max-video-preview":"max-video-preview:-1"},"canonical":"http:\/\/universofamilia.com\/hu\/\u0986\u09aa\u09a8\u09be\u09b0-\u09ae\u09cb\u09ac\u09be\u0987\u09b2-\u09ab\u09cb\u09a8\u09c7\u09b0-\u09ac\u09cd\u09af\u09be\u099f\/","og_locale":"hu_HU","og_type":"article","og_title":"Prolonga la bater\u00eda de tu m\u00f3vil - Universo Fam\u00edlia","og_description":"Prolonga la bater\u00eda de tu m\u00f3vil. \u00bfQui\u00e9n no ha sentido el p\u00e1nico de ver que la bater\u00eda de su m\u00f3vil est\u00e1 a punto de agotarse en un momento cr\u00edtico?","og_url":"http:\/\/universofamilia.com\/hu\/\u0986\u09aa\u09a8\u09be\u09b0-\u09ae\u09cb\u09ac\u09be\u0987\u09b2-\u09ab\u09cb\u09a8\u09c7\u09b0-\u09ac\u09cd\u09af\u09be\u099f\/","og_site_name":"Universo Fam\u00edlia","article_published_time":"2024-12-29T17:41:20+00:00","article_modified_time":"2025-07-12T20:08:54+00:00","og_image":[{"width":550,"height":350,"url":"http:\/\/universofamilia.com\/wp-content\/uploads\/sites\/148\/2024\/12\/DESTAQUE-UNIVERSO-550-x-350-2-13.jpg","type":"image\/jpeg"}],"author":"Pedro Henrique","twitter_card":"summary_large_image","twitter_misc":{"Written by":"Pedro Henrique","Est. reading time":"7 perc"},"schema":{"@context":"https:\/\/schema.org","@graph":[{"@type":"WebPage","@id":"http:\/\/universofamilia.com\/bn\/\u0986\u09aa\u09a8\u09be\u09b0-\u09ae\u09cb\u09ac\u09be\u0987\u09b2-\u09ab\u09cb\u09a8\u09c7\u09b0-\u09ac\u09cd\u09af\u09be\u099f\/","url":"http:\/\/universofamilia.com\/bn\/\u0986\u09aa\u09a8\u09be\u09b0-\u09ae\u09cb\u09ac\u09be\u0987\u09b2-\u09ab\u09cb\u09a8\u09c7\u09b0-\u09ac\u09cd\u09af\u09be\u099f\/","name":"Prolonga la bater\u00eda de tu m\u00f3vil - Universo Fam\u00edlia","isPartOf":{"@id":"http:\/\/universofamilia.com\/zh_hk\/#website"},"primaryImageOfPage":{"@id":"http:\/\/universofamilia.com\/bn\/\u0986\u09aa\u09a8\u09be\u09b0-\u09ae\u09cb\u09ac\u09be\u0987\u09b2-\u09ab\u09cb\u09a8\u09c7\u09b0-\u09ac\u09cd\u09af\u09be\u099f\/#primaryimage"},"image":{"@id":"http:\/\/universofamilia.com\/bn\/\u0986\u09aa\u09a8\u09be\u09b0-\u09ae\u09cb\u09ac\u09be\u0987\u09b2-\u09ab\u09cb\u09a8\u09c7\u09b0-\u09ac\u09cd\u09af\u09be\u099f\/#primaryimage"},"thumbnailUrl":"http:\/\/universofamilia.com\/wp-content\/uploads\/sites\/148\/2024\/12\/DESTAQUE-UNIVERSO-550-x-350-2-13.jpg","datePublished":"2024-12-29T17:41:20+00:00","dateModified":"2025-07-12T20:08:54+00:00","author":{"@id":"http:\/\/universofamilia.com\/zh_hk\/#\/schema\/person\/f07ce98187dd84d31154262e79b3b7ca"},"description":"Prolonga la bater\u00eda de tu m\u00f3vil. \u00bfQui\u00e9n no ha sentido el p\u00e1nico de ver que la bater\u00eda de su m\u00f3vil est\u00e1 a punto de agotarse en un momento cr\u00edtico?","breadcrumb":{"@id":"http:\/\/universofamilia.com\/bn\/\u0986\u09aa\u09a8\u09be\u09b0-\u09ae\u09cb\u09ac\u09be\u0987\u09b2-\u09ab\u09cb\u09a8\u09c7\u09b0-\u09ac\u09cd\u09af\u09be\u099f\/#breadcrumb"},"inLanguage":"hu","potentialAction":[{"@type":"ReadAction","target":["http:\/\/universofamilia.com\/bn\/\u0986\u09aa\u09a8\u09be\u09b0-\u09ae\u09cb\u09ac\u09be\u0987\u09b2-\u09ab\u09cb\u09a8\u09c7\u09b0-\u09ac\u09cd\u09af\u09be\u099f\/"]}]},{"@type":"ImageObject","inLanguage":"hu","@id":"http:\/\/universofamilia.com\/bn\/\u0986\u09aa\u09a8\u09be\u09b0-\u09ae\u09cb\u09ac\u09be\u0987\u09b2-\u09ab\u09cb\u09a8\u09c7\u09b0-\u09ac\u09cd\u09af\u09be\u099f\/#primaryimage","url":"http:\/\/universofamilia.com\/wp-content\/uploads\/sites\/148\/2024\/12\/DESTAQUE-UNIVERSO-550-x-350-2-13.jpg","contentUrl":"http:\/\/universofamilia.com\/wp-content\/uploads\/sites\/148\/2024\/12\/DESTAQUE-UNIVERSO-550-x-350-2-13.jpg","width":550,"height":350,"caption":"Prolonga la bater\u00eda de tu m\u00f3vil"},{"@type":"BreadcrumbList","@id":"http:\/\/universofamilia.com\/bn\/\u0986\u09aa\u09a8\u09be\u09b0-\u09ae\u09cb\u09ac\u09be\u0987\u09b2-\u09ab\u09cb\u09a8\u09c7\u09b0-\u09ac\u09cd\u09af\u09be\u099f\/#breadcrumb","itemListElement":[{"@type":"ListItem","position":1,"name":"Home","item":"http:\/\/universofamilia.com\/zh_hk\/"},{"@type":"ListItem","position":2,"name":"Prolonga la bater\u00eda de tu m\u00f3vil"}]},{"@type":"WebSite","@id":"http:\/\/universofamilia.com\/zh_hk\/#website","url":"http:\/\/universofamilia.com\/zh_hk\/","name":"Universo Fam\u00edlia","description":"","potentialAction":[{"@type":"SearchAction","target":{"@type":"EntryPoint","urlTemplate":"http:\/\/universofamilia.com\/zh_hk\/?s={search_term_string}"},"query-input":"required name=search_term_string"}],"inLanguage":"hu"},{"@type":"Person","@id":"http:\/\/universofamilia.com\/zh_hk\/#\/schema\/person\/f07ce98187dd84d31154262e79b3b7ca","name":"Pedro Henrique","image":{"@type":"ImageObject","inLanguage":"hu","@id":"http:\/\/universofamilia.com\/zh_hk\/#\/schema\/person\/image\/","url":"http:\/\/0.gravatar.com\/avatar\/9edfeb808cb4e1599f64d6e45b130154?s=96&d=mm&r=g","contentUrl":"http:\/\/0.gravatar.com\/avatar\/9edfeb808cb4e1599f64d6e45b130154?s=96&d=mm&r=g","caption":"Pedro Henrique"},"url":"http:\/\/universofamilia.com\/hu\/author\/editor01\/"}]}},"_links":{"self":[{"href":"http:\/\/universofamilia.com\/hu\/wp-json\/wp\/v2\/posts\/7903"}],"collection":[{"href":"http:\/\/universofamilia.com\/hu\/wp-json\/wp\/v2\/posts"}],"about":[{"href":"http:\/\/universofamilia.com\/hu\/wp-json\/wp\/v2\/types\/post"}],"author":[{"embeddable":true,"href":"http:\/\/universofamilia.com\/hu\/wp-json\/wp\/v2\/users\/139"}],"replies":[{"embeddable":true,"href":"http:\/\/universofamilia.com\/hu\/wp-json\/wp\/v2\/comments?post=7903"}],"version-history":[{"count":1,"href":"http:\/\/universofamilia.com\/hu\/wp-json\/wp\/v2\/posts\/7903\/revisions"}],"predecessor-version":[{"id":9556,"href":"http:\/\/universofamilia.com\/hu\/wp-json\/wp\/v2\/posts\/7903\/revisions\/9556"}],"wp:featuredmedia":[{"embeddable":true,"href":"http:\/\/universofamilia.com\/hu\/wp-json\/wp\/v2\/media\/7904"}],"wp:attachment":[{"href":"http:\/\/universofamilia.com\/hu\/wp-json\/wp\/v2\/media?parent=7903"}],"wp:term":[{"taxonomy":"category","embeddable":true,"href":"http:\/\/universofamilia.com\/hu\/wp-json\/wp\/v2\/categories?post=7903"},{"taxonomy":"post_tag","embeddable":true,"href":"http:\/\/universofamilia.com\/hu\/wp-json\/wp\/v2\/tags?post=7903"}],"curies":[{"name":"wp","href":"https:\/\/api.w.org\/{rel}","templated":true}]}}