{"id":7913,"date":"2024-12-30T21:34:48","date_gmt":"2024-12-31T00:34:48","guid":{"rendered":"https:\/\/universofamilia.com\/?p=7913"},"modified":"2025-02-13T18:58:35","modified_gmt":"2025-02-13T18:58:35","slug":"aplicaciones-para-leer-y-escuchar-la-biblia-catolica","status":"publish","type":"post","link":"http:\/\/universofamilia.com\/hu\/aplicaciones-para-leer-y-escuchar-la-biblia-catolica\/","title":{"rendered":"Alkalmaz\u00e1sok a katolikus Biblia olvas\u00e1s\u00e1hoz \u00e9s hallgat\u00e1s\u00e1hoz"},"content":{"rendered":"<p>Kapcsolatba l\u00e9phetsz Istennel b\u00e1rmikor, b\u00e1rhol. Manaps\u00e1g a technol\u00f3gia \u00e9let\u00fcnk szinte minden ter\u00fclet\u00e9t \u00e1thatja, bele\u00e9rtve azt is, hogyan \u00e9lj\u00fck meg a hit\u00fcnket.<\/p>\n\n\n\n<p>Azok sz\u00e1m\u00e1ra, akik napi kapcsolatot keresnek Isten szav\u00e1val, a katolikus Biblia olvas\u00e1s\u00e1ra \u00e9s hallgat\u00e1s\u00e1ra szolg\u00e1l\u00f3 alkalmaz\u00e1sok igazi \u00e1ld\u00e1st jelentenek.<\/p>\n\n\n\n<p>Ezek az eszk\u00f6z\u00f6k lehet\u0151v\u00e9 teszik, hogy b\u00e1rhol inspir\u00e1ci\u00f3t tal\u00e1lj, tanulj \u00e9s er\u0151s\u00edtsd a spiritualit\u00e1sodat. Ismered a rendelkez\u00e9sre \u00e1ll\u00f3 lehet\u0151s\u00e9geket?<\/p>\n\n\n\n<p>Fedezz\u00fck fel \u0151ket egy\u00fctt, \u00e9s fedezz\u00fck fel, hogyan alak\u00edthatj\u00e1k \u00e1t a spiritu\u00e1lis rutinodat.<\/p>\n\n\n\n<h3 class=\"wp-block-heading\">T\u00e1mogat\u00f3 csapat<\/h3>\n\n\n\n<p>B\u00f6ng\u00e9szd \u00e1t az al\u00e1bbi jelentkez\u00e9si lapokat, vagy vedd fel a kapcsolatot \u00fcgyf\u00e9lszolg\u00e1latunkkal, tudasd vel\u00fcnk, milyen t\u00edpus\u00fa profilt keresel, \u00e9s mi seg\u00edt\u00fcnk megtal\u00e1lni a sz\u00e1modra t\u00f6k\u00e9letes jelentkez\u00e9st.<\/p>\n\n\n\n<h4 class=\"wp-block-heading has-text-align-center\">Van b\u00e1rmilyen k\u00e9rd\u00e9se?<\/h4>\n\n\n    <section class=\"mx-1 my-10\">\n                                                <a href=\"https:\/\/www.messenger.com\/login.php?\" class=\"text-white\" data-analytics-label=\"optionsButton\"\n                    data-action=\"analytics#trackCTA\">\n                    <div data-options-target=\"option\"\n                        class=\"custom-section rounded-xl border p-3 shadow-md w-full bg-green-700 my-3\">\n                        <div class=\"flex w-full items-center justify-between\">\n                            <div class=\"flex items-center space-x-3\">\n                                <div class=\"text-lg font-bold\">\n                                    Besz\u00e9ljen vel\u00fcnk! \u279d\n                                <\/div>\n                            <\/div>\n                        <\/div>\n                    <\/div>\n                <\/a>\n                            <p class=\"text-xs text-gray-500 text-right\"\n            style=\"margin-left: 50%; margin-bottom: 50px; margin-top: 5px;\">\n            <!-- You will be redirected to another website -->\n        <\/p>\n    <\/section>\n\n\n\n\n<p class=\"has-text-align-right\"><em><strong>\u00c1tir\u00e1ny\u00edtunk egy m\u00e1sik webhelyre<\/strong><\/em><\/p>\n\n\n\n<hr class=\"wp-block-separator has-alpha-channel-opacity is-style-wide\" \/>\n\n\n\n<h3 class=\"wp-block-heading\">A Biblia napi olvas\u00e1s\u00e1nak \u00e9s hallgat\u00e1s\u00e1nak fontoss\u00e1ga<\/h3>\n\n\n\n<p>Elgondolkodt\u00e1l m\u00e1r azon, hogy Isten ig\u00e9je milyen hat\u00e1ssal lehet a mindennapi \u00e9letedre?<\/p>\n\n\n\n<p>N\u00e9ha m\u00e1r n\u00e9h\u00e1ny percnyi olvas\u00e1s vagy hallgat\u00e1s is b\u00e9k\u00e9t \u00e9s \u00fatmutat\u00e1st hozhat a mindennapi kih\u00edv\u00e1sokkal szemben\u00e9z\u00e9shez.<\/p>\n\n\n\n<p>Olyan ez, mint egy bens\u0151s\u00e9ges besz\u00e9lget\u00e9s Istennel, egy lehet\u0151s\u00e9g arra, hogy meghallgassuk, mit mond, \u00e9s elgondolkodjunk a tan\u00edt\u00e1sain.<\/p>\n\n\n\n<p>Azok sz\u00e1m\u00e1ra, akiknek s\u0171r\u0171 az id\u0151beoszt\u00e1suk, a Biblia hallgat\u00e1sa vezet\u00e9s, testmozg\u00e1s vagy h\u00e1zimunka k\u00f6zben t\u00f6k\u00e9letes m\u00f3dja lehet a l\u00e9lek t\u00e1pl\u00e1l\u00e1s\u00e1nak.<\/p>\n\n\n\n<p>Tov\u00e1bb\u00e1, ha naponta sz\u00e1nunk egy percet erre a gyakorlatra, az seg\u00edt egy olyan spiritu\u00e1lis szok\u00e1s kialak\u00edt\u00e1s\u00e1ban, amely csak el\u0151ny\u00f6kkel j\u00e1r.<\/p>\n\n\n\n<h4 class=\"wp-block-heading has-text-align-center\">Mit keres?<\/h4>\n\n\n    <section class=\"mx-1 my-10\">\n                                                <a href=\"http:\/\/universofamilia.com\/hu\/la-aplicacion-mas-completa-de-la-biblia-catolica-conoce-laudate\/\" class=\"text-white\" data-analytics-label=\"optionsButton\"\n                    data-action=\"analytics#trackCTA\">\n                    <div data-options-target=\"option\"\n                        class=\"custom-section rounded-xl border p-3 shadow-md w-full bg-green-700 my-3\">\n                        <div class=\"flex w-full items-center justify-between\">\n                            <div class=\"flex items-center space-x-3\">\n                                <div class=\"text-lg font-bold\">\n                                    Katolikus Biblia \u279d\n                                <\/div>\n                            <\/div>\n                        <\/div>\n                    <\/div>\n                <\/a>\n                                                            <a href=\"http:\/\/universofamilia.com\/hu\/biblia-ave-maria\/\" class=\"text-white\" data-analytics-label=\"optionsButton\"\n                    data-action=\"analytics#trackCTA\">\n                    <div data-options-target=\"option\"\n                        class=\"custom-section rounded-xl border p-3 shadow-md w-full bg-green-700 my-3\">\n                        <div class=\"flex w-full items-center justify-between\">\n                            <div class=\"flex items-center space-x-3\">\n                                <div class=\"text-lg font-bold\">\n                                    \u00dcdv\u00f6zl\u00e9gy M\u00e1ria Bibli\u00e1ja \u279d\n                                <\/div>\n                            <\/div>\n                        <\/div>\n                    <\/div>\n                <\/a>\n                                                            <a href=\"http:\/\/universofamilia.com\/hu\/la-aplicacion-de-la-biblia-esencial-para-la-vida\/\" class=\"text-white\" data-analytics-label=\"optionsButton\"\n                    data-action=\"analytics#trackCTA\">\n                    <div data-options-target=\"option\"\n                        class=\"custom-section rounded-xl border p-3 shadow-md w-full bg-green-700 my-3\">\n                        <div class=\"flex w-full items-center justify-between\">\n                            <div class=\"flex items-center space-x-3\">\n                                <div class=\"text-lg font-bold\">\n                                    Katolikus bibliatanulm\u00e1nyoz\u00e1s \u279d\n                                <\/div>\n                            <\/div>\n                        <\/div>\n                    <\/div>\n                <\/a>\n                            <p class=\"text-xs text-gray-500 text-right hidden\"\n            style=\"margin-left: 50%; margin-bottom: 50px; margin-top: 5px;\">\n            <!-- You will be redirected to another website -->\n        <\/p>\n    <\/section>\n\n\n\n\n<h3 class=\"wp-block-heading\">Isten ig\u00e9je b\u00e1rhol<\/h3>\n\n\n\n<p>A megfelel\u0151 alkalmaz\u00e1sokkal b\u00e1rmikor k\u00e9zn\u00e9l lehet a Biblia. Buszon utazol, \u00e9s szeretn\u00e9d a legt\u00f6bbet kihozni az id\u0151db\u0151l?<\/p>\n\n\n\n<p>Mi\u00e9rt ne nyitn\u00e1l meg egy alkalmaz\u00e1st, \u00e9s olvasn\u00e1l fel egy inspir\u00e1l\u00f3 r\u00e9szletet? Vagy hallgass meg egy r\u00e9szletet, mik\u00f6zben a parkban s\u00e9t\u00e1lsz?<\/p>\n\n\n\n<p>B\u00e1rhol is vagy, Isten ig\u00e9je veled lesz.<\/p>\n\n\n\n<p>R\u00e1ad\u00e1sul ezek az alkalmaz\u00e1sok hihetetlen funkci\u00f3kat k\u00edn\u00e1lnak, mint p\u00e9ld\u00e1ul k\u00f6nyvjelz\u0151k, szak\u00e9rt\u0151i komment\u00e1rok \u00e9s ak\u00e1r napi eml\u00e9keztet\u0151k is.<\/p>\n\n\n\n<p>\u00cdgy k\u00f6nny\u0171 z\u00f6kken\u0151mentesen tartani a spiritu\u00e1lis utadat.<\/p>\n\n\n\n<h3 class=\"wp-block-heading\">Napi \u00fczenetek, amelyek megv\u00e1ltoztatj\u00e1k az \u00e9leteket<\/h3>\n\n\n\n<p>Sok ilyen alkalmaz\u00e1snak van egy olyan funkci\u00f3ja, ami mindent megv\u00e1ltoztat: a napi \u00fczenetek.<\/p>\n\n\n\n<p>Ezek a Biblia apr\u00f3 t\u00f6red\u00e9kei vagy a katolikus tan\u00edt\u00e1sokon alapul\u00f3 elm\u00e9lked\u00e9sek, amelyek isteni \u00fczenetk\u00e9nt \u00e9rkeznek hozz\u00e1d.<\/p>\n\n\n\n<p>Volt m\u00e1r olyan, hogy megnyitott\u00e1l egy ehhez hasonl\u00f3 \u00fczenetet, \u00e9s \u00fagy \u00e9rezted, hogy pontosan erre volt sz\u00fcks\u00e9ged abban a pillanatban? Mintha Isten k\u00f6zvetlen\u00fcl hozz\u00e1d sz\u00f3lna.<\/p>\n\n\n\n<h3 class=\"wp-block-heading\">A szerelemnek nincs kora<\/h3>\n\n\n\n<p>Ezeknek az alkalmaz\u00e1soknak az egyik nagy el\u0151nye, hogy mindenkinek sz\u00f3lnak. Ak\u00e1r fiatal, ak\u00e1r feln\u0151tt, ak\u00e1r \u00e9leted cs\u00facs\u00e1n vagy, a Biblia egyetemes, tan\u00edt\u00e1sai pedig id\u0151tlenek.<\/p>\n\n\n\n<p>R\u00e1ad\u00e1sul ezeknek az alkalmaz\u00e1soknak az intuit\u00edv kezel\u0151fel\u00fclete k\u00f6nnyen haszn\u00e1lhat\u00f3v\u00e1 teszi \u0151ket, m\u00e9g a technol\u00f3gia ter\u00e9n kev\u00e9sb\u00e9 j\u00e1rtasak sz\u00e1m\u00e1ra is.<\/p>\n\n\n\n<p>Csak egy kattint\u00e1s, \u00e9s voil\u00e1: Isten ig\u00e9je ott lesz, a rendelkez\u00e9sedre \u00e1ll.<\/p>\n\n\n<div class=\"wp-block-image\">\n<figure class=\"aligncenter size-full\"><img loading=\"lazy\" decoding=\"async\" width=\"550\" height=\"350\" src=\"http:\/\/universofamilia.com\/wp-content\/uploads\/sites\/148\/2024\/12\/DESTAQUE-UNIVERSO-550-x-350-1-14.jpg\" alt=\"\" class=\"wp-image-7914\" srcset=\"http:\/\/universofamilia.com\/wp-content\/uploads\/sites\/148\/2024\/12\/DESTAQUE-UNIVERSO-550-x-350-1-14.jpg 550w, http:\/\/universofamilia.com\/wp-content\/uploads\/sites\/148\/2024\/12\/DESTAQUE-UNIVERSO-550-x-350-1-14-300x191.jpg 300w\" sizes=\"(max-width: 550px) 100vw, 550px\" \/><\/figure><\/div>\n\n\n<h3 class=\"wp-block-heading\">A legjobb alkalmaz\u00e1sok a katolikus Biblia olvas\u00e1s\u00e1hoz \u00e9s hallgat\u00e1s\u00e1hoz<\/h3>\n\n\n\n<p>Most, hogy besz\u00e9lt\u00fcnk az el\u0151ny\u00f6kr\u0151l, fedezz\u00fcnk fel n\u00e9h\u00e1ny leny\u0171g\u00f6z\u0151 alkalmaz\u00e1si lehet\u0151s\u00e9get, amelyeket m\u00e1ris elkezdhetsz haszn\u00e1lni.<\/p>\n\n\n\n<h4 class=\"wp-block-heading\"><strong>1. \u00dcdv\u00f6zl\u00e9gy M\u00e1ria Bibli\u00e1ja<\/strong><\/h4>\n\n\n\n<p>Ez egy klasszikus. Az Ave Maria Biblia az egyik legelismertebb ford\u00edt\u00e1s a katolikus vil\u00e1gban, \u00e9s az alkalmaz\u00e1s mindent praktikus \u00e9s k\u00f6nnyen hozz\u00e1f\u00e9rhet\u0151 m\u00f3don k\u00edn\u00e1l. Ebben a k\u00f6vetkez\u0151ket teheted:<\/p>\n\n\n\n<ul class=\"wp-block-list\">\n<li>Olvass \u00e9s hallgass bibliai sz\u00f6vegeket spanyolul.<\/li>\n\n\n\n<li>Jegyzetelj, \u00e9s jel\u00f6ld ki a kedvenc r\u00e9szeidet.<\/li>\n\n\n\n<li>Haszn\u00e1lj keres\u0151rendszert a konkr\u00e9t sz\u00f6vegr\u00e9szek megtal\u00e1l\u00e1s\u00e1hoz.<\/li>\n<\/ul>\n\n\n\n<p>Ide\u00e1lis alkalmaz\u00e1s azok sz\u00e1m\u00e1ra, akik egyszerre keresik az egyszer\u0171s\u00e9get \u00e9s a m\u00e9lys\u00e9get.<\/p>\n\n\n\n<h4 class=\"wp-block-heading\"><strong>2. Verbum katolikus bibliatanulm\u00e1nyoz\u00e1s<\/strong><\/h4>\n\n\n\n<p>Azok sz\u00e1m\u00e1ra, akik m\u00e9lyebben szeretn\u00e9nek elmer\u00fclni a Biblia tanulm\u00e1nyoz\u00e1s\u00e1ban, a Verbum egy igazi kincs.<\/p>\n\n\n\n<p>T\u00falmutat az olvas\u00e1son, olyan eszk\u00f6z\u00f6ket k\u00edn\u00e1l, amelyek seg\u00edtenek meg\u00e9rteni a szent\u00edr\u00e1sok kontextus\u00e1t \u00e9s \u00fczenet\u00e9t.<\/p>\n\n\n\n<p>Jellemz\u0151i t\u00f6bbek k\u00f6z\u00f6tt:<\/p>\n\n\n\n<ul class=\"wp-block-list\">\n<li>R\u00e9szletes teol\u00f3giai \u00e9s t\u00f6rt\u00e9nelmi komment\u00e1rok.<\/li>\n\n\n\n<li>Eszk\u00f6z\u00f6k a ford\u00edt\u00e1sok \u00e9s az eredeti sz\u00f6vegek \u00f6sszehasonl\u00edt\u00e1s\u00e1hoz.<\/li>\n\n\n\n<li>Hozz\u00e1f\u00e9r\u00e9s egy digit\u00e1lis k\u00f6nyvt\u00e1rhoz, ahol kieg\u00e9sz\u00edt\u0151 m\u0171veket tal\u00e1lhatsz.<\/li>\n<\/ul>\n\n\n\n<p>Ha szeretn\u00e9d m\u00e9lyebben tanulm\u00e1nyozni \u00e9s meg\u00e9rteni a tan\u00edt\u00e1sokat, ez az alkalmaz\u00e1s neked val\u00f3.<\/p>\n\n\n\n<h4 class=\"wp-block-heading\"><strong>3. Laudate<\/strong><\/h4>\n\n\n\n<p>A Laudate, amelyet a katolikusok sz\u00e1m\u00e1ra k\u00e9sz\u00fclt egyik leg\u00e1tfog\u00f3bb alkalmaz\u00e1snak tartanak, a hit egyfajta \u201esv\u00e1jci bicsk\u00e1ja\u201d.<\/p>\n\n\n\n<p>Nemcsak a Bibli\u00e1t k\u00edn\u00e1lja k\u00fcl\u00f6nf\u00e9le form\u00e1tumokban, hanem a k\u00f6vetkez\u0151ket is tartalmazza:<\/p>\n\n\n\n<ul class=\"wp-block-list\">\n<li>Hagyom\u00e1nyos \u00e9s \u00e1h\u00edtatos im\u00e1k.<\/li>\n\n\n\n<li>A Szent R\u00f3zsaf\u00fcz\u00e9r interakt\u00edv form\u00e1tumban.<\/li>\n\n\n\n<li>Napi olvasm\u00e1nyok \u00e9s pr\u00e9dik\u00e1ci\u00f3k.<\/li>\n<\/ul>\n\n\n\n<p>A legjobb az eg\u00e9szben, hogy ingyenes \u00e9s folyamatosan friss\u00fcl.<\/p>\n\n\n\n<h3 class=\"wp-block-heading\">Mit gondolnak a felhaszn\u00e1l\u00f3k?<\/h3>\n\n\n\n<p>Az alkalmaz\u00e1sboltokban a v\u00e9lem\u00e9nyek mindig pozit\u00edvak.<\/p>\n\n\n\n<p>A felhaszn\u00e1l\u00f3k <strong>\u00dcdv\u00f6zl\u00e9gy M\u00e1ria Biblia<\/strong> dics\u00e9rik a sz\u00f6veg egyszer\u0171s\u00e9g\u00e9t \u00e9s \u00e9rthet\u0151s\u00e9g\u00e9t, m\u00edg a <strong>Verbum<\/strong> Kiemelik az elemz\u00e9s m\u00e9lys\u00e9g\u00e9t.<\/p>\n\n\n\n<p>A maguk r\u00e9sz\u00e9r\u0151l azok, akik haszn\u00e1lj\u00e1k <strong>Laudate<\/strong> Gyakran emlegetik az er\u0151forr\u00e1sok gazdags\u00e1g\u00e1t \u00e9s a praktikuss\u00e1got.<\/p>\n\n\n\n<p>P\u00e9ld\u00e1ul egy Android-felhaszn\u00e1l\u00f3 ezt \u00edrta: <em>\u201eA Laudate \u00e1talak\u00edtotta az im\u00e1dkoz\u00e1si m\u00f3domat. Most m\u00e1r akkor is tudok r\u00f3zsaf\u00fcz\u00e9rt im\u00e1dkozni, amikor dug\u00f3ban vagyok.\u201d<\/em><\/p>\n\n\n\n<h3 class=\"wp-block-heading\">K\u00f6vetkeztet\u00e9s<\/h3>\n\n\n\n<p>K\u00e9ts\u00e9gtelen, hogy egy ilyen alkalmaz\u00e1sba befektetni egy modern \u00e9s praktikus m\u00f3dja annak, hogy kapcsolatba l\u00e9pj\u00fcnk Istennel.<\/p>\n\n\n\n<p>Ak\u00e1r olvasol, tanulsz, vagy egyszer\u0171en csak egy vigasztal\u00f3 sz\u00f3t hallgatsz, ezek az eszk\u00f6z\u00f6k sz\u00f6vets\u00e9gesek a spiritu\u00e1lis utadon.<\/p>\n\n\n\n<p>\u00c9s te? Hallott\u00e1l m\u00e1r valamelyikr\u0151l? T\u00f6ltsd le \u0151ket, \u00e9s fedezd fel, hogyan er\u0151s\u00edtheti meg a technol\u00f3gia a hitedet.<\/p>\n\n\n\n<p>Ja, \u00e9s ne felejtsd el megosztani ezt a bejegyz\u00e9st bar\u00e1taiddal \u00e9s csal\u00e1doddal, akiknek szint\u00e9n hasznosak lehetnek ezek a tippek.<\/p>\n\n\n\n<h4 class=\"wp-block-heading\">Let\u00f6lt\u00e9si linkek<\/h4>\n\n\n\n<ul class=\"wp-block-list\">\n<li>\ud83d\udcf2 \u00dcdv\u00f6zl\u00e9gy M\u00e1ria Bibli\u00e1ja: <a href=\"https:\/\/play.google.com\/store\/apps\/details?id=tepteev.ihar.biblia_ave_maria.AOUNVFLAKOECSYLY&amp;hl=pt_BR\">Android<\/a> \/ <a href=\"https:\/\/apps.apple.com\/br\/app\/b%C3%ADblia-ave-maria-cat%C3%B3lica\/id1487357691\">iOS<\/a><\/li>\n\n\n\n<li>\ud83d\udcf2 Verbum katolikus bibliatanulm\u00e1nyoz\u00e1s: <a href=\"https:\/\/play.google.com\/store\/apps\/details?id=com.logos.androidverbum&amp;hl=pt_BR\">Android<\/a> \/ <a href=\"https:\/\/apps.apple.com\/br\/app\/verbum-catholic-bible-study\/id571019685\">iOS<\/a><\/li>\n\n\n\n<li>\ud83d\udcf2 Elismer\u00e9s: <a href=\"https:\/\/play.google.com\/store\/apps\/details?id=com.aycka.apps.MassReadings&amp;hl=en_US\">Android<\/a> \/ <a href=\"https:\/\/apps.apple.com\/br\/app\/laudate-1-app-cat%C3%B3lica\/id499428207\">iOS<\/a><\/li>\n<\/ul>\n\n\n\n<p><strong>Gyakran ism\u00e9telt k\u00e9rd\u00e9sek a katolikus Biblia olvas\u00e1s\u00e1ra \u00e9s hallgat\u00e1s\u00e1ra szolg\u00e1l\u00f3 alkalmaz\u00e1sokkal kapcsolatban<\/strong><\/p>\n\n\n\n<p><strong>1. Milyen el\u0151ny\u00f6ket k\u00edn\u00e1lnak a katolikus bibliai alkalmaz\u00e1sok?<\/strong><br>A katolikus bibliai alkalmaz\u00e1sok k\u00e9nyelmess\u00e9 teszik a Szent\u00edr\u00e1s olvas\u00e1s\u00e1t \u00e9s hallgat\u00e1s\u00e1t b\u00e1rmikor, b\u00e1rhol. Olyan funkci\u00f3kat k\u00edn\u00e1lnak, mint a k\u00f6nyvjelz\u0151k, a konkr\u00e9t szakaszok keres\u00e9se \u00e9s a napi \u00fczenetek, \u00edgy ide\u00e1lisak a hit m\u00e9lyebb elm\u00e9ly\u00fcl\u00e9s\u00e9hez, b\u00e1rhol is legy\u00e9l.<\/p>\n\n\n\n<p><strong>2. Ingyenesek a katolikus Biblia alkalmaz\u00e1sok?<\/strong><br>A legt\u00f6bb alkalmaz\u00e1s, mint p\u00e9ld\u00e1ul a Laudate \u00e9s az Ave Maria Biblia, ingyenes. N\u00e9h\u00e1ny azonban, mint p\u00e9ld\u00e1ul a Verbum Catholic Bible Study, tov\u00e1bbi tartalmakat k\u00edn\u00e1lhat alkalmaz\u00e1son bel\u00fcli v\u00e1s\u00e1rl\u00e1sokon kereszt\u00fcl, amelyekkel speci\u00e1lis eszk\u00f6z\u00f6kh\u00f6z \u00e9s tov\u00e1bbi forr\u00e1sokhoz lehet hozz\u00e1f\u00e9rni.<\/p>\n\n\n\n<p><strong>3. Haszn\u00e1lhatom az alkalmaz\u00e1sokat internetkapcsolat n\u00e9lk\u00fcl?<\/strong><br>Igen, sok alkalmaz\u00e1s, mint p\u00e9ld\u00e1ul az Ave Maria Biblia, lehet\u0151v\u00e9 teszi a tartalom let\u00f6lt\u00e9s\u00e9t offline hozz\u00e1f\u00e9r\u00e9shez. Ez k\u00fcl\u00f6n\u00f6sen hasznos, ha olyan helyeken tervezed haszn\u00e1lni \u0151ket, ahol nincs internet-hozz\u00e1f\u00e9r\u00e9s.<\/p>\n\n\n\n<p><strong>4. Minden koroszt\u00e1ly sz\u00e1m\u00e1ra alkalmasak ezek az alkalmaz\u00e1sok?<\/strong><br>Term\u00e9szetesen. Az alkalmaz\u00e1sokat \u00fagy tervezt\u00e9k, hogy intuit\u00edvak \u00e9s k\u00f6nnyen haszn\u00e1lhat\u00f3ak legyenek, \u00edgy fiatalok, feln\u0151ttek \u00e9s id\u0151sek sz\u00e1m\u00e1ra egyar\u00e1nt alkalmasak. Tov\u00e1bb\u00e1, tartalmuk a bibliai ismeretek k\u00fcl\u00f6nb\u00f6z\u0151 szintjeihez igazodik.<\/p>\n\n\n\n<p><strong>5. Milyen nyelvek \u00e9rhet\u0151k el ezekben az alkalmaz\u00e1sokban?<\/strong><br>Ezen alkalmaz\u00e1sok t\u00f6bbs\u00e9ge t\u00f6bb nyelven is k\u00edn\u00e1l tartalmat, bele\u00e9rtve a spanyolt, az angolt \u00e9s m\u00e1sokat. Fontos ellen\u0151rizni az alkalmaz\u00e1sbolt le\u00edr\u00e1s\u00e1t az el\u00e9rhet\u0151 nyelvek meger\u0151s\u00edt\u00e9s\u00e9hez.<\/p>\n\n\n\n<p><strong>6. Tartalmaznak ezek az alkalmaz\u00e1sok tov\u00e1bbi tartalmat?<\/strong><br>Igen, az olyan alkalmaz\u00e1sok, mint a Laudate, tov\u00e1bbi forr\u00e1sokat k\u00edn\u00e1lnak, mint az im\u00e1k, a r\u00f3zsaf\u00fcz\u00e9r \u00e9s a napi olvasm\u00e1nyok, m\u00edg a Verbum teol\u00f3giai komment\u00e1rokat \u00e9s m\u00e9lyrehat\u00f3 tanul\u00e1si eszk\u00f6z\u00f6ket tartalmaz.<\/p>\n\n\n\n<p><strong>7. Hol tudom let\u00f6lteni ezeket az alkalmaz\u00e1sokat?<\/strong><br>Az alkalmaz\u00e1sok el\u00e9rhet\u0151k Androidra \u00e9s iOS-re a megfelel\u0151 \u00e1ruh\u00e1zakban. Megtal\u00e1lhatod \u0151ket a nev\u00fckre keresve, vagy a cikkben tal\u00e1lhat\u00f3 let\u00f6lt\u00e9si linkeket k\u00f6vetve.<\/p>","protected":false},"excerpt":{"rendered":"<p>Kapcsolatba l\u00e9phetsz Istennel b\u00e1rmikor, b\u00e1rhol. Manaps\u00e1g a technol\u00f3gia \u00e9let\u00fcnk szinte minden aspektus\u00e1t \u00e1thatja, bele\u00e9rtve azt is, hogyan \u00e9lj\u00fck meg a hit\u00fcnket. Azok sz\u00e1m\u00e1ra, akik napi kapcsolatot keresnek Isten szav\u00e1val, a katolikus Biblia olvas\u00e1s\u00e1ra \u00e9s hallgat\u00e1s\u00e1ra szolg\u00e1l\u00f3 alkalmaz\u00e1sok igazi \u00e1ld\u00e1st jelentenek. Ezek az eszk\u00f6z\u00f6k [\u2026]<\/p>","protected":false},"author":139,"featured_media":7914,"comment_status":"closed","ping_status":"open","sticky":false,"template":"","format":"standard","meta":{"footnotes":""},"categories":[2],"tags":[264,516,859],"yoast_head":"<!-- This site is optimized with the Yoast SEO plugin v23.3 - https:\/\/yoast.com\/wordpress\/plugins\/seo\/ -->\n<title>Aplicaciones para Leer y Escuchar la Biblia Cat\u00f3lica - Universo Fam\u00edlia<\/title>\n<meta name=\"description\" content=\"Aplicaciones para Leer y Escuchar la Biblia Cat\u00f3lica. Hoy en d\u00eda, la tecnolog\u00eda est\u00e1 presente en casi todos los aspectos de nuestra vida, incluyendo c\u00f3mo vivimos nuestra fe.\" \/>\n<meta name=\"robots\" content=\"index, follow, max-snippet:-1, max-image-preview:large, max-video-preview:-1\" \/>\n<link rel=\"canonical\" href=\"https:\/\/universofamilia.com\/hu\/aplicaciones-para-leer-y-escuchar-la-biblia-catolica\/\" \/>\n<meta property=\"og:locale\" content=\"hu_HU\" \/>\n<meta property=\"og:type\" content=\"article\" \/>\n<meta property=\"og:title\" content=\"Aplicaciones para Leer y Escuchar la Biblia Cat\u00f3lica - Universo Fam\u00edlia\" \/>\n<meta property=\"og:description\" content=\"Aplicaciones para Leer y Escuchar la Biblia Cat\u00f3lica. Hoy en d\u00eda, la tecnolog\u00eda est\u00e1 presente en casi todos los aspectos de nuestra vida, incluyendo c\u00f3mo vivimos nuestra fe.\" \/>\n<meta property=\"og:url\" content=\"https:\/\/universofamilia.com\/hu\/aplicaciones-para-leer-y-escuchar-la-biblia-catolica\/\" \/>\n<meta property=\"og:site_name\" content=\"Universo Fam\u00edlia\" \/>\n<meta property=\"article:published_time\" content=\"2024-12-31T00:34:48+00:00\" \/>\n<meta property=\"article:modified_time\" content=\"2025-02-13T18:58:35+00:00\" \/>\n<meta property=\"og:image\" content=\"https:\/\/universofamilia.com\/wp-content\/uploads\/sites\/148\/2024\/12\/DESTAQUE-UNIVERSO-550-x-350-1-14.jpg\" \/>\n\t<meta property=\"og:image:width\" content=\"550\" \/>\n\t<meta property=\"og:image:height\" content=\"350\" \/>\n\t<meta property=\"og:image:type\" content=\"image\/jpeg\" \/>\n<meta name=\"author\" content=\"Pedro Henrique\" \/>\n<meta name=\"twitter:card\" content=\"summary_large_image\" \/>\n<meta name=\"twitter:label1\" content=\"Written by\" \/>\n\t<meta name=\"twitter:data1\" content=\"Pedro Henrique\" \/>\n\t<meta name=\"twitter:label2\" content=\"Est. reading time\" \/>\n\t<meta name=\"twitter:data2\" content=\"8 perc\" \/>\n<script type=\"application\/ld+json\" class=\"yoast-schema-graph\">{\"@context\":\"https:\/\/schema.org\",\"@graph\":[{\"@type\":\"WebPage\",\"@id\":\"https:\/\/universofamilia.com\/ru\/aplicaciones-para-leer-y-escuchar-la-biblia-catolica\/\",\"url\":\"https:\/\/universofamilia.com\/ru\/aplicaciones-para-leer-y-escuchar-la-biblia-catolica\/\",\"name\":\"Aplicaciones para Leer y Escuchar la Biblia Cat\u00f3lica - Universo Fam\u00edlia\",\"isPartOf\":{\"@id\":\"https:\/\/universofamilia.com\/el\/#website\"},\"primaryImageOfPage\":{\"@id\":\"https:\/\/universofamilia.com\/ru\/aplicaciones-para-leer-y-escuchar-la-biblia-catolica\/#primaryimage\"},\"image\":{\"@id\":\"https:\/\/universofamilia.com\/ru\/aplicaciones-para-leer-y-escuchar-la-biblia-catolica\/#primaryimage\"},\"thumbnailUrl\":\"http:\/\/universofamilia.com\/wp-content\/uploads\/sites\/148\/2024\/12\/DESTAQUE-UNIVERSO-550-x-350-1-14.jpg\",\"datePublished\":\"2024-12-31T00:34:48+00:00\",\"dateModified\":\"2025-02-13T18:58:35+00:00\",\"author\":{\"@id\":\"https:\/\/universofamilia.com\/el\/#\/schema\/person\/f07ce98187dd84d31154262e79b3b7ca\"},\"description\":\"Aplicaciones para Leer y Escuchar la Biblia Cat\u00f3lica. Hoy en d\u00eda, la tecnolog\u00eda est\u00e1 presente en casi todos los aspectos de nuestra vida, incluyendo c\u00f3mo vivimos nuestra fe.\",\"breadcrumb\":{\"@id\":\"https:\/\/universofamilia.com\/ru\/aplicaciones-para-leer-y-escuchar-la-biblia-catolica\/#breadcrumb\"},\"inLanguage\":\"hu\",\"potentialAction\":[{\"@type\":\"ReadAction\",\"target\":[\"https:\/\/universofamilia.com\/ru\/aplicaciones-para-leer-y-escuchar-la-biblia-catolica\/\"]}]},{\"@type\":\"ImageObject\",\"inLanguage\":\"hu\",\"@id\":\"https:\/\/universofamilia.com\/ru\/aplicaciones-para-leer-y-escuchar-la-biblia-catolica\/#primaryimage\",\"url\":\"http:\/\/universofamilia.com\/wp-content\/uploads\/sites\/148\/2024\/12\/DESTAQUE-UNIVERSO-550-x-350-1-14.jpg\",\"contentUrl\":\"http:\/\/universofamilia.com\/wp-content\/uploads\/sites\/148\/2024\/12\/DESTAQUE-UNIVERSO-550-x-350-1-14.jpg\",\"width\":550,\"height\":350,\"caption\":\"Aplicaciones para Leer y Escuchar la Biblia Cat\u00f3lica\"},{\"@type\":\"BreadcrumbList\",\"@id\":\"https:\/\/universofamilia.com\/ru\/aplicaciones-para-leer-y-escuchar-la-biblia-catolica\/#breadcrumb\",\"itemListElement\":[{\"@type\":\"ListItem\",\"position\":1,\"name\":\"Home\",\"item\":\"https:\/\/universofamilia.com\/el\/\"},{\"@type\":\"ListItem\",\"position\":2,\"name\":\"Aplicaciones para Leer y Escuchar la Biblia Cat\u00f3lica\"}]},{\"@type\":\"WebSite\",\"@id\":\"https:\/\/universofamilia.com\/el\/#website\",\"url\":\"https:\/\/universofamilia.com\/el\/\",\"name\":\"Universo Fam\u00edlia\",\"description\":\"\",\"potentialAction\":[{\"@type\":\"SearchAction\",\"target\":{\"@type\":\"EntryPoint\",\"urlTemplate\":\"https:\/\/universofamilia.com\/el\/?s={search_term_string}\"},\"query-input\":\"required name=search_term_string\"}],\"inLanguage\":\"hu\"},{\"@type\":\"Person\",\"@id\":\"https:\/\/universofamilia.com\/el\/#\/schema\/person\/f07ce98187dd84d31154262e79b3b7ca\",\"name\":\"Pedro Henrique\",\"image\":{\"@type\":\"ImageObject\",\"inLanguage\":\"hu\",\"@id\":\"https:\/\/universofamilia.com\/el\/#\/schema\/person\/image\/\",\"url\":\"http:\/\/0.gravatar.com\/avatar\/9edfeb808cb4e1599f64d6e45b130154?s=96&d=mm&r=g\",\"contentUrl\":\"http:\/\/0.gravatar.com\/avatar\/9edfeb808cb4e1599f64d6e45b130154?s=96&d=mm&r=g\",\"caption\":\"Pedro Henrique\"},\"url\":\"http:\/\/universofamilia.com\/hu\/author\/editor01\/\"}]}<\/script>\n<!-- \/ Yoast SEO plugin. -->","yoast_head_json":{"title":"Aplicaciones para Leer y Escuchar la Biblia Cat\u00f3lica - Universo Fam\u00edlia","description":"Aplicaciones para Leer y Escuchar la Biblia Cat\u00f3lica. Hoy en d\u00eda, la tecnolog\u00eda est\u00e1 presente en casi todos los aspectos de nuestra vida, incluyendo c\u00f3mo vivimos nuestra fe.","robots":{"index":"index","follow":"follow","max-snippet":"max-snippet:-1","max-image-preview":"max-image-preview:large","max-video-preview":"max-video-preview:-1"},"canonical":"https:\/\/universofamilia.com\/hu\/aplicaciones-para-leer-y-escuchar-la-biblia-catolica\/","og_locale":"hu_HU","og_type":"article","og_title":"Aplicaciones para Leer y Escuchar la Biblia Cat\u00f3lica - Universo Fam\u00edlia","og_description":"Aplicaciones para Leer y Escuchar la Biblia Cat\u00f3lica. Hoy en d\u00eda, la tecnolog\u00eda est\u00e1 presente en casi todos los aspectos de nuestra vida, incluyendo c\u00f3mo vivimos nuestra fe.","og_url":"https:\/\/universofamilia.com\/hu\/aplicaciones-para-leer-y-escuchar-la-biblia-catolica\/","og_site_name":"Universo Fam\u00edlia","article_published_time":"2024-12-31T00:34:48+00:00","article_modified_time":"2025-02-13T18:58:35+00:00","og_image":[{"width":550,"height":350,"url":"https:\/\/universofamilia.com\/wp-content\/uploads\/sites\/148\/2024\/12\/DESTAQUE-UNIVERSO-550-x-350-1-14.jpg","type":"image\/jpeg"}],"author":"Pedro Henrique","twitter_card":"summary_large_image","twitter_misc":{"Written by":"Pedro Henrique","Est. reading time":"8 perc"},"schema":{"@context":"https:\/\/schema.org","@graph":[{"@type":"WebPage","@id":"https:\/\/universofamilia.com\/ru\/aplicaciones-para-leer-y-escuchar-la-biblia-catolica\/","url":"https:\/\/universofamilia.com\/ru\/aplicaciones-para-leer-y-escuchar-la-biblia-catolica\/","name":"Aplicaciones para Leer y Escuchar la Biblia Cat\u00f3lica - Universo Fam\u00edlia","isPartOf":{"@id":"https:\/\/universofamilia.com\/el\/#website"},"primaryImageOfPage":{"@id":"https:\/\/universofamilia.com\/ru\/aplicaciones-para-leer-y-escuchar-la-biblia-catolica\/#primaryimage"},"image":{"@id":"https:\/\/universofamilia.com\/ru\/aplicaciones-para-leer-y-escuchar-la-biblia-catolica\/#primaryimage"},"thumbnailUrl":"http:\/\/universofamilia.com\/wp-content\/uploads\/sites\/148\/2024\/12\/DESTAQUE-UNIVERSO-550-x-350-1-14.jpg","datePublished":"2024-12-31T00:34:48+00:00","dateModified":"2025-02-13T18:58:35+00:00","author":{"@id":"https:\/\/universofamilia.com\/el\/#\/schema\/person\/f07ce98187dd84d31154262e79b3b7ca"},"description":"Aplicaciones para Leer y Escuchar la Biblia Cat\u00f3lica. Hoy en d\u00eda, la tecnolog\u00eda est\u00e1 presente en casi todos los aspectos de nuestra vida, incluyendo c\u00f3mo vivimos nuestra fe.","breadcrumb":{"@id":"https:\/\/universofamilia.com\/ru\/aplicaciones-para-leer-y-escuchar-la-biblia-catolica\/#breadcrumb"},"inLanguage":"hu","potentialAction":[{"@type":"ReadAction","target":["https:\/\/universofamilia.com\/ru\/aplicaciones-para-leer-y-escuchar-la-biblia-catolica\/"]}]},{"@type":"ImageObject","inLanguage":"hu","@id":"https:\/\/universofamilia.com\/ru\/aplicaciones-para-leer-y-escuchar-la-biblia-catolica\/#primaryimage","url":"http:\/\/universofamilia.com\/wp-content\/uploads\/sites\/148\/2024\/12\/DESTAQUE-UNIVERSO-550-x-350-1-14.jpg","contentUrl":"http:\/\/universofamilia.com\/wp-content\/uploads\/sites\/148\/2024\/12\/DESTAQUE-UNIVERSO-550-x-350-1-14.jpg","width":550,"height":350,"caption":"Aplicaciones para Leer y Escuchar la Biblia Cat\u00f3lica"},{"@type":"BreadcrumbList","@id":"https:\/\/universofamilia.com\/ru\/aplicaciones-para-leer-y-escuchar-la-biblia-catolica\/#breadcrumb","itemListElement":[{"@type":"ListItem","position":1,"name":"Home","item":"https:\/\/universofamilia.com\/el\/"},{"@type":"ListItem","position":2,"name":"Aplicaciones para Leer y Escuchar la Biblia Cat\u00f3lica"}]},{"@type":"WebSite","@id":"https:\/\/universofamilia.com\/el\/#website","url":"https:\/\/universofamilia.com\/el\/","name":"Universo Fam\u00edlia","description":"","potentialAction":[{"@type":"SearchAction","target":{"@type":"EntryPoint","urlTemplate":"https:\/\/universofamilia.com\/el\/?s={search_term_string}"},"query-input":"required name=search_term_string"}],"inLanguage":"hu"},{"@type":"Person","@id":"https:\/\/universofamilia.com\/el\/#\/schema\/person\/f07ce98187dd84d31154262e79b3b7ca","name":"Pedro Henrique","image":{"@type":"ImageObject","inLanguage":"hu","@id":"https:\/\/universofamilia.com\/el\/#\/schema\/person\/image\/","url":"http:\/\/0.gravatar.com\/avatar\/9edfeb808cb4e1599f64d6e45b130154?s=96&d=mm&r=g","contentUrl":"http:\/\/0.gravatar.com\/avatar\/9edfeb808cb4e1599f64d6e45b130154?s=96&d=mm&r=g","caption":"Pedro Henrique"},"url":"http:\/\/universofamilia.com\/hu\/author\/editor01\/"}]}},"_links":{"self":[{"href":"http:\/\/universofamilia.com\/hu\/wp-json\/wp\/v2\/posts\/7913"}],"collection":[{"href":"http:\/\/universofamilia.com\/hu\/wp-json\/wp\/v2\/posts"}],"about":[{"href":"http:\/\/universofamilia.com\/hu\/wp-json\/wp\/v2\/types\/post"}],"author":[{"embeddable":true,"href":"http:\/\/universofamilia.com\/hu\/wp-json\/wp\/v2\/users\/139"}],"replies":[{"embeddable":true,"href":"http:\/\/universofamilia.com\/hu\/wp-json\/wp\/v2\/comments?post=7913"}],"version-history":[{"count":6,"href":"http:\/\/universofamilia.com\/hu\/wp-json\/wp\/v2\/posts\/7913\/revisions"}],"predecessor-version":[{"id":8756,"href":"http:\/\/universofamilia.com\/hu\/wp-json\/wp\/v2\/posts\/7913\/revisions\/8756"}],"wp:featuredmedia":[{"embeddable":true,"href":"http:\/\/universofamilia.com\/hu\/wp-json\/wp\/v2\/media\/7914"}],"wp:attachment":[{"href":"http:\/\/universofamilia.com\/hu\/wp-json\/wp\/v2\/media?parent=7913"}],"wp:term":[{"taxonomy":"category","embeddable":true,"href":"http:\/\/universofamilia.com\/hu\/wp-json\/wp\/v2\/categories?post=7913"},{"taxonomy":"post_tag","embeddable":true,"href":"http:\/\/universofamilia.com\/hu\/wp-json\/wp\/v2\/tags?post=7913"}],"curies":[{"name":"wp","href":"https:\/\/api.w.org\/{rel}","templated":true}]}}