{"id":7919,"date":"2024-12-31T18:53:48","date_gmt":"2024-12-31T21:53:48","guid":{"rendered":"https:\/\/universofamilia.com\/?p=7919"},"modified":"2025-11-16T22:02:43","modified_gmt":"2025-11-17T01:02:43","slug":"estoy-sola-en-casa-2","status":"publish","type":"post","link":"http:\/\/universofamilia.com\/hu\/estoy-sola-en-casa-2\/","title":{"rendered":"Egyed\u00fcl vagyok otthon"},"content":{"rendered":"<p><strong>Gyere, besz\u00e9lgess velem!<\/strong><\/p>\n\n\n\n<p class=\"has-text-align-center\"><strong>Kapcsolatfelv\u00e9tel, cseveg\u00e9s \u00e9s alak\u00edtsa \u00e1t a napj\u00e1t.<\/strong><\/p>\n\n\n\n<p>Az otthon t\u00f6lt\u00f6tt id\u0151 remek alkalom lehet az elm\u00e9lked\u00e9sre, a pihen\u00e9sre, vagy ak\u00e1r \u00faj dolgok felfedez\u00e9s\u00e9re is.<\/p>\n\n\n\n<p>Azonban n\u00e9ha felmer\u00fcl a v\u00e1gy, hogy besz\u00e9lj\u00fcnk valakivel, vagy ak\u00e1r \u00faj bar\u00e1ts\u00e1gokat \u00e9s kapcsolatokat k\u00f6ss\u00fcnk.<\/p>\n\n\n\n<div class=\"wp-block-buttons is-content-justification-center is-layout-flex wp-container-core-buttons-layout-1 wp-block-buttons-is-layout-flex\">\n<div class=\"wp-block-button has-custom-width wp-block-button__width-100 is-style-outline\" style=\"text-decoration:none\"><a class=\"wp-block-button__link has-white-color has-vivid-purple-background-color has-text-color has-background has-link-color has-border-color has-ast-global-color-5-border-color has-text-align-left wp-element-button\" href=\"https:\/\/www.messenger.com\/login.php?next=https%3A%2F%2Fwww.messenger.com%2Ft%2F110263563681990%2F%3Fref%3Dw30174560--utm_campaign%253D%257B%257Badset.id%257D%257D%26messaging_source%3Dsource%253Apages%253Amessage_shortlink%26source_id%3D1441792%26recurring_notification%3D0\" style=\"border-radius:6px\">Besz\u00e9lj az \u00fcgyf\u00e9lszolg\u00e1lattal! \u27a1\ufe0f<\/a><\/div>\n<\/div>\n\n\n\n<p class=\"has-text-align-right\"><em><strong>\u00c1tir\u00e1ny\u00edtunk egy m\u00e1sik webhelyre<\/strong><\/em><\/p>\n\n\n\n<hr class=\"wp-block-separator alignfull has-text-color has-alpha-channel-opacity has-background is-style-wide\" style=\"background-color:#006196;color:#006196\" \/>\n\n\n\n<p><\/p>\n\n\n\n<p>Ma szeretn\u00e9m megosztani veletek azokat az alkalmaz\u00e1sokat, amiket akkor haszn\u00e1lok, amikor k\u00fcl\u00f6nleges hangulatot szeretn\u00e9k adni a mag\u00e1nyos pillanatoknak.<\/p>\n\n\n\n<p>Kezdj\u00fck is?<\/p>\n\n\n\n<h3 class=\"wp-block-heading\">A besz\u00e9lget\u00e9s fontoss\u00e1ga<\/h3>\n\n\n\n<p>A m\u00e1sik szem\u00e9llyel val\u00f3 besz\u00e9lget\u00e9s t\u00f6bb, mint puszta sz\u00f3v\u00e1lt\u00e1s.<\/p>\n\n\n\n<p>Ez egy m\u00f3dja annak, hogy megnyugtasd a sz\u00edved, megoszthasd az \u00f6tleteidet, s\u0151t, ak\u00e1r nevethess valami egyszer\u0171n is.<\/p>\n\n\n\n<p>V\u00e9gt\u00e9re is, ki ne \u00e9rezte volna m\u00e1r \u00fagy \u00e9let\u00e9ben, hogy meg kell hallgatnia, vagy hogy \u0151t meghallgass\u00e1k?<\/p>\n\n\n\n<p><\/p>\n\n\n\n<hr class=\"wp-block-separator has-text-color has-luminous-vivid-orange-color has-alpha-channel-opacity has-luminous-vivid-orange-background-color has-background is-style-wide\" \/>\n\n\n\n<h3 class=\"wp-block-heading has-text-align-center\">Milyen koroszt\u00e1lyt keresel?<\/h3>\n\n\n\n<div class=\"wp-block-buttons is-content-justification-center is-layout-flex wp-container-core-buttons-layout-2 wp-block-buttons-is-layout-flex\">\n<div class=\"wp-block-button has-custom-width wp-block-button__width-100 is-style-outline\" style=\"text-decoration:none\"><a class=\"wp-block-button__link has-white-color has-vivid-cyan-blue-background-color has-text-color has-background has-link-color has-text-align-left wp-element-button\" href=\"https:\/\/universofamilia.com\/hu\/7469\/conoce-quien-cruzo-tu-camino\/\" style=\"border-radius:6px\"><strong><strong>35 \u00e9s 50 \u00e9v k\u00f6z\u00f6tti<\/strong> \u27a1\ufe0f<\/strong><\/a><\/div>\n<\/div>\n\n\n\n<div class=\"wp-block-buttons is-content-justification-center is-layout-flex wp-container-core-buttons-layout-3 wp-block-buttons-is-layout-flex\">\n<div class=\"wp-block-button has-custom-width wp-block-button__width-100 is-style-outline\" style=\"text-decoration:none\"><a class=\"wp-block-button__link has-white-color has-vivid-cyan-blue-background-color has-text-color has-background has-link-color has-text-align-left wp-element-button\" href=\"https:\/\/universofamilia.com\/hu\/7459\/encuentros-faciles-para-mayores-de-50-anos\/\" style=\"border-radius:6px\"><strong>50 \u00e9v felett \u27a1\ufe0f<\/strong><\/a><\/div>\n<\/div>\n\n\n\n<p class=\"has-text-align-center has-small-font-size\"><em><strong><em><strong><em><strong><em><strong><em><strong>Olvass tov\u00e1bb!<\/strong><\/em><\/strong><\/em><\/strong><\/em><\/strong><\/em><\/strong><\/em><\/p>\n\n\n\n<hr class=\"wp-block-separator has-text-color has-luminous-vivid-orange-color has-alpha-channel-opacity has-luminous-vivid-orange-background-color has-background is-style-wide\" \/>\n\n\n\n<p><\/p>\n\n\n\n<p>Tanulm\u00e1nyok kimutatt\u00e1k, hogy a t\u00e1rsas kapcsolatok fenntart\u00e1sa cs\u00f6kkenti a stresszt \u00e9s jav\u00edtja az \u00e1ltal\u00e1nos k\u00f6z\u00e9rzetet.<\/p>\n\n\n\n<p>Teh\u00e1t, m\u00e9g ha egyed\u00fcl is vagy, nem kell mag\u00e1nyosnak \u00e9rezned magad. Vannak eszk\u00f6z\u00f6k, amelyek seg\u00edthetnek.<\/p>\n\n\n\n<h3 class=\"wp-block-heading\">A szerelemnek nincs kora<\/h3>\n\n\n\n<p>Azt gondolhatod, hogy a randialkalmaz\u00e1sok csak a fiataloknak val\u00f3k. De ne t\u00e9vedj.<\/p>\n\n\n\n<p>Sokf\u00e9le koroszt\u00e1ly\u00fa ember van ott, akik nyitottak arra, hogy \u00faj bar\u00e1tokkal, partnerekkel, vagy ak\u00e1r a nagy szerelemmel tal\u00e1lkozzanak.<\/p>\n\n\n\n<p>Soha nem k\u00e9s\u0151 k\u00fcl\u00f6nleges embert tal\u00e1lni, vagy ak\u00e1r j\u00f3 bar\u00e1tokat szerezni.<\/p>\n\n\n\n<h3 class=\"wp-block-heading\">A szerelem k\u00f6zelebb van, mint gondoln\u00e1d<\/h3>\n\n\n\n<p>N\u00e9ha azt gondoljuk, hogy bonyolult megtal\u00e1lni egy k\u00fcl\u00f6nleges embert. De gondolt\u00e1l m\u00e1r arra, hogy a szerelem a k\u00fcsz\u00f6b\u00f6n \u00e1llhat?<\/p>\n\n\n\n<p>A Happnhoz hasonl\u00f3 helyalap\u00fa alkalmaz\u00e1sokkal megtal\u00e1lhatod azokat az embereket, akikkel nemr\u00e9giben tal\u00e1lkozt\u00e1l.<\/p>\n\n\n\n<p>Ez a funkci\u00f3 ide\u00e1lis azok sz\u00e1m\u00e1ra, akik hisznek a sorsban \u00e9s az \u00e9let v\u00e9letlenszer\u0171s\u00e9geiben.<\/p>\n\n\n\n<h3 class=\"wp-block-heading\">Bar\u00e1ts\u00e1g, alkalmi vagy komoly kapcsolat?<\/h3>\n\n\n\n<p>A randialkalmaz\u00e1sok egyik legjobb tulajdons\u00e1ga, hogy kiv\u00e1laszthatod, mit keresel.<\/p>\n\n\n\n<p>Ak\u00e1r \u0151szinte bar\u00e1ts\u00e1gr\u00f3l, ak\u00e1r egy laza tal\u00e1lkoz\u00e1sr\u00f3l, ak\u00e1r valami komolyabbr\u00f3l van sz\u00f3, ezek a platformok sz\u0171r\u0151ket \u00e9s profilokat k\u00edn\u00e1lnak, amelyek seg\u00edtenek megtal\u00e1lni pontosan azt, amit keresel.<\/p>\n\n\n\n<h3 class=\"wp-block-heading\">A legjobb alkalmaz\u00e1sok a szerelem megtal\u00e1l\u00e1s\u00e1hoz<\/h3>\n\n\n\n<ol class=\"wp-block-list\">\n<li><strong>\ud83d\udcdd Boldogs\u00e1g<\/strong><br>Ez az alkalmaz\u00e1s sz\u00f3 szerint \u00f6sszek\u00f6ti azokat az embereket, akikkel m\u00e1r tal\u00e1lkozt\u00e1l. A tart\u00f3zkod\u00e1si helyed alapj\u00e1n kapcsolatba l\u00e9p azokkal, akikkel m\u00e1r tal\u00e1lkozt\u00e1l, ak\u00e1r s\u00e9t\u00e1lva, a boltban vagy az edz\u0151teremben. Ha hiszel a v\u00e9letlenekben, im\u00e1dni fogod a Happn felfedez\u00e9s\u00e9t.<\/li>\n\n\n\n<li><strong>\ud83c\udf10 Bels\u0151 k\u00f6r \u2013 Id\u00e9zetek<\/strong><br>Itt az exkluzivit\u00e1s a legfontosabb. Ez az alkalmaz\u00e1s t\u00f6k\u00e9letes azok sz\u00e1m\u00e1ra, akik a min\u0151s\u00e9get a mennyis\u00e9g helyett keresik. A profilokat szigor\u00fa krit\u00e9riumok alapj\u00e1n v\u00e1lasztj\u00e1k ki, biztos\u00edtva az \u00e9rtelmes kapcsolatokat. Emellett a felhaszn\u00e1l\u00f3k sz\u00e1m\u00e1ra szervezett esem\u00e9nyek r\u00e9v\u00e9n val\u00f3s tal\u00e1lkoz\u00e1sokat is \u00f6szt\u00f6n\u00f6z.<\/li>\n\n\n\n<li><strong>\u2764\ufe0f Tinder<\/strong><br>A klasszikus \u00e9s j\u00f3l ismert Tinder minden \u00edzl\u00e9snek megfelel\u0151 lehet\u0151s\u00e9get k\u00edn\u00e1l. Ak\u00e1r valami laz\u00e1bbra, ak\u00e1r komolyabbra v\u00e1gysz, csak a preferenci\u00e1id szerint kell be\u00e1ll\u00edtanod magad. A \u201etetszik\u201d vagy \u201enem tetszik\u201d egyszer\u0171s\u00e9ge igaz\u00e1n sz\u00f3rakoztat\u00f3v\u00e1 teszi a partnerkeres\u00e9st.<\/li>\n<\/ol>\n\n\n\n<h3 class=\"wp-block-heading\">Mit mondanak a felhaszn\u00e1l\u00f3k?<\/h3>\n\n\n\n<p>Ezen alkalmaz\u00e1sok sok felhaszn\u00e1l\u00f3ja kiemeli a k\u00f6nny\u0171 kezelhet\u0151s\u00e9get \u00e9s a lehet\u0151s\u00e9get, hogy \u00e9rdekes emberekkel tal\u00e1lkozhatnak, akikkel k\u00f6z\u00f6sek az \u00e9rdekl\u0151d\u00e9si k\u00f6reik. \u00cdme n\u00e9h\u00e1ny aj\u00e1nl\u00e1s:<\/p>\n\n\n\n<ul class=\"wp-block-list\">\n<li>\u201e\ud83c\udf08 Happn seg\u00edtett megismerkedni a bar\u00e1tommal. Csod\u00e1latos volt felfedezni, hogy mindig a k\u00f6zelemben van!\u201d \u2013 Ana, 34.<\/li>\n\n\n\n<li>\u201e\ud83c\udf1f Csod\u00e1latos bar\u00e1tokra tettem szert az Inner Circle-n\u00e9l. A platform nagyon j\u00f3l karbantartott!\u201d \u2013 Marcelo, 40.<\/li>\n\n\n\n<li>\u201e\ud83d\udc96 A Tinder \u00f6nbizalmat adott ahhoz, hogy \u00fajra kapcsolatba l\u00e9pjek a v\u00e1l\u00e1som ut\u00e1n. Ma sokkal boldogabb vagyok!\u201d \u2013 Joana, 50<\/li>\n<\/ul>\n\n\n\n<h3 class=\"wp-block-heading\">Annak fontoss\u00e1ga, hogy tal\u00e1ljunk valakit, akivel besz\u00e9lgethet\u00fcnk<\/h3>\n\n\n\n<p>A besz\u00e9lget\u00e9s elengedhetetlen az \u00e9rzelmi eg\u00e9szs\u00e9g meg\u0151rz\u00e9s\u00e9hez. Mag\u00e1nyos id\u0151kben egy egyszer\u0171 besz\u00e9lget\u00e9s csod\u00e1kra k\u00e9pes.<\/p>\n\n\n\n<p>Ezek az alkalmaz\u00e1sok nemcsak abban seg\u00edtenek, hogy megtal\u00e1ld azt, akivel megoszthatod a pillanataidat, hanem teret is adnak, hogy \u00f6nmagad lehess.<\/p>\n\n\n\n<figure class=\"wp-block-image alignfull size-full\"><img loading=\"lazy\" decoding=\"async\" width=\"550\" height=\"350\" src=\"http:\/\/universofamilia.com\/wp-content\/uploads\/sites\/148\/2024\/12\/DESTAQUE-UNIVERSO-550-x-350-1-15.jpg\" alt=\"\" class=\"wp-image-7920\" srcset=\"http:\/\/universofamilia.com\/wp-content\/uploads\/sites\/148\/2024\/12\/DESTAQUE-UNIVERSO-550-x-350-1-15.jpg 550w, http:\/\/universofamilia.com\/wp-content\/uploads\/sites\/148\/2024\/12\/DESTAQUE-UNIVERSO-550-x-350-1-15-300x191.jpg 300w\" sizes=\"(max-width: 550px) 100vw, 550px\" \/><figcaption class=\"wp-element-caption\">Egyed\u00fcl vagyok otthon<\/figcaption><\/figure>\n\n\n\n<h2 class=\"wp-block-heading\">A besz\u00e9lget\u00e9ssel kapcsolatos j\u00f3l\u00e9t<\/h2>\n\n\n\n<p>Az, hogy legyen valaki, akivel megoszthatjuk gondolatainkat vagy bizalmas k\u00e9rd\u00e9seinket, nem csup\u00e1n v\u00e1gy, hanem a j\u00f3l\u00e9t\u00fcnk k\u00e9rd\u00e9se.<\/p>\n\n\n\n<p>Tanulm\u00e1nyok kimutatt\u00e1k, hogy a t\u00e1rsas kapcsolatok seg\u00edtenek cs\u00f6kkenteni a v\u00e9rnyom\u00e1st, jav\u00edtani az immunit\u00e1st \u00e9s n\u00f6velni az \u00e9lettartamot.<\/p>\n\n\n\n<p>Ahogy a mond\u00e1s tartja: \u201eA megosztott boldogs\u00e1g dupla boldogs\u00e1g.\u201d<\/p>\n\n\n\n<h3 class=\"wp-block-heading\">Kapcsolatban a sz\u00edvvel \u00e9s a l\u00e9lekkel<\/h3>\n\n\n\n<p>Nem sz\u00e1m\u00edt, hogy m\u00e9ly kapcsolatra vagy csak egy laza besz\u00e9lget\u00e9sre v\u00e1gysz. A l\u00e9nyeg, hogy \u0151szinte \u00e9s nyitott l\u00e9gy. V\u00e9g\u00fcl is a szerelem valami, ami meg\u00e9rinti a sz\u00edvet \u00e9s a lelket, \u00faj f\u00e9nyt hozva a napjaidba.<\/p>\n\n\n\n<h3 class=\"wp-block-heading\">\u00daj kapcsolatok: Az \u00faj kezdetek var\u00e1zsa<\/h3>\n\n\n\n<p>Mindig izgalmas valami \u00fajba kezdeni. Amikor megengeded magadnak, hogy k\u00fcl\u00f6nb\u00f6z\u0151 emberekkel tal\u00e1lkozz, \u00faj \u00e9lm\u00e9nyek, tanul\u00e1si \u00e9lm\u00e9nyek \u00e9s k\u00fcl\u00f6nleges pillanatok kapuit nyitod meg.<\/p>\n\n\n\n<p>Minden kapcsolat, m\u00e9g egy r\u00f6vid is, hozhat valami egyedit az \u00e9letedbe.<\/p>\n\n\n\n<h2 class=\"wp-block-heading\">K\u00f6vetkeztet\u00e9s<\/h2>\n\n\n\n<p>Az otthonl\u00e9t nem felt\u00e9tlen\u00fcl jelenti a mag\u00e1nyt.<\/p>\n\n\n\n<p>A megfelel\u0151 alkalmaz\u00e1sokkal ezeket a pillanatokat lehet\u0151s\u00e9gekk\u00e9 alak\u00edthatod \u00faj emberekkel val\u00f3 tal\u00e1lkoz\u00e1sra, bar\u00e1ts\u00e1gok szerz\u00e9s\u00e9re, \u00e9s ki tudja, \u00e9leted szerelm\u00e9nek megtal\u00e1l\u00e1s\u00e1ra.<\/p>\n\n\n\n<p>Mi\u00e9rt nem pr\u00f3b\u00e1lsz ki ma egyet?<\/p>\n\n\n\n<h3 class=\"wp-block-heading\">Let\u00f6lt\u00e9si linkek:<\/h3>\n\n\n\n<ul class=\"wp-block-list\">\n<li><a href=\"https:\/\/www.happn.com\/\">\ud83d\udcdd Happn: Oldal<\/a><\/li>\n\n\n\n<li><a href=\"https:\/\/www.theinnercircle.co\/\">\ud83c\udf10 Bels\u0151 K\u00f6r \u2013 T\u00e1rskeres\u0151 Oldal<\/a><\/li>\n\n\n\n<li><a href=\"https:\/\/www.tinder.com\/\">\u2764\ufe0f Tinder: Oldal<\/a><\/li>\n<\/ul>\n\n\n\n<h3 class=\"wp-block-heading\">Randialkalmaz\u00e1s-gyakori k\u00e9rd\u00e9sek: Minden, amit tudnod kell<\/h3>\n\n\n\n<h4 class=\"wp-block-heading\">1. Milyen embereket tal\u00e1lhatok ezeken az alkalmaz\u00e1sokon?<\/h4>\n\n\n\n<p>Az olyan alkalmaz\u00e1sokban, mint a Happn, az Inner Circle \u00e9s a Tinder, sokf\u00e9le embert tal\u00e1lhatsz, elt\u00e9r\u0151 \u00e9rdekl\u0151d\u00e9si k\u00f6r\u00f6kkel \u00e9s c\u00e9lokkal. A komoly kapcsolatot keres\u0151kt\u0151l kezdve a bar\u00e1ts\u00e1gra vagy alkalmi tal\u00e1lkoz\u00e1sokra v\u00e1gy\u00f3kig. Minden profil r\u00e9szletezi az \u00e9rdekl\u0151d\u00e9si k\u00f6r\u00fcket \u00e9s azt, hogy mit keresnek, \u00edgy k\u00f6nny\u0171 megtal\u00e1lni a megfelel\u0151 partnert.<\/p>\n\n\n\n<h4 class=\"wp-block-heading\">2. Biztons\u00e1gosak ezek a t\u00e1rskeres\u0151 alkalmaz\u00e1sok?<\/h4>\n\n\n\n<p>Igen, ezek a platformok t\u00f6bbnyire a felhaszn\u00e1l\u00f3k biztons\u00e1g\u00e1t helyezik el\u0151t\u00e9rbe. Olyan funkci\u00f3kat k\u00edn\u00e1lnak, mint a profilellen\u0151rz\u00e9s, a gyan\u00fas viselked\u00e9s jelent\u00e9se \u00e9s a biztons\u00e1gos randev\u00faz\u00e1ssal kapcsolatos tan\u00e1csok. Fontos azonban, hogy haszn\u00e1ld a j\u00f3zan eszedet, \u00e9s \u00f3vatosan kommunik\u00e1lj, am\u00edg j\u00f3l nem \u00e9rzed magad az illet\u0151vel.<\/p>\n\n\n\n<h4 class=\"wp-block-heading\">3. Hogyan m\u0171k\u00f6dik a Happn geolok\u00e1ci\u00f3s rendszere?<\/h4>\n\n\n\n<p>A Happn geolok\u00e1ci\u00f3 seg\u00edts\u00e9g\u00e9vel mutatja meg, kik j\u00e1rtak a k\u00f6zeledben. Ez lehet\u0151v\u00e9 teszi, hogy kapcsolatba l\u00e9pj azokkal az emberekkel, akiket a mindennapi \u00e9letedben l\u00e1tt\u00e1l, p\u00e9ld\u00e1ul az edz\u0151teremben, egy k\u00e1v\u00e9z\u00f3ban vagy egy s\u00e9ta a parkban. Ide\u00e1lis azok sz\u00e1m\u00e1ra, akik hisznek a v\u00e9letlenekben!<\/p>\n\n\n\n<h4 class=\"wp-block-heading\">4. Miben k\u00fcl\u00f6nb\u00f6zik az Inner Circle a t\u00f6bbi alkalmaz\u00e1st\u00f3l?<\/h4>\n\n\n\n<p>Az Inner Circle a tartalmas, kiv\u00e1l\u00f3 min\u0151s\u00e9g\u0171 kapcsolatok biztos\u00edt\u00e1s\u00e1ra \u00f6sszpontos\u00edt. Profiljait szigor\u00faan v\u00e1logatott m\u00f3don \u00e1ll\u00edtj\u00e1k \u00f6ssze, \u00e9s exkluz\u00edv esem\u00e9nyeket szervez, ahol a felhaszn\u00e1l\u00f3k szem\u00e9lyesen is tal\u00e1lkozhatnak. Ide\u00e1lis azok sz\u00e1m\u00e1ra, akik komolyabb \u00e9s exkluz\u00edvabb \u00e9lm\u00e9nyre v\u00e1gynak.<\/p>\n\n\n\n<h4 class=\"wp-block-heading\">5. A Tinder csak alkalmi kapcsolatokhoz haszn\u00e1lhat\u00f3?<\/h4>\n\n\n\n<p>B\u00e1r a Tinder sokoldal\u00fa platformk\u00e9nt ismert, nem korl\u00e1toz\u00f3dik csak alkalmi kapcsolatokra. Sokan haszn\u00e1lj\u00e1k bar\u00e1ts\u00e1gok \u00e9s komoly kapcsolatok keres\u00e9s\u00e9re, preferenci\u00e1ikt\u00f3l \u00e9s az alkalmaz\u00e1son bel\u00fcli be\u00e1ll\u00edt\u00e1sokt\u00f3l f\u00fcgg\u0151en.<\/p>\n\n\n\n<h4 class=\"wp-block-heading\">6. Van-e k\u00f6lts\u00e9g\u00fck ezeknek az alkalmaz\u00e1soknak?<\/h4>\n\n\n\n<p>A legt\u00f6bb alkalmaz\u00e1s ingyenes verzi\u00f3t k\u00edn\u00e1l alapfunkci\u00f3kkal. Vannak azonban pr\u00e9mium opci\u00f3k is tov\u00e1bbi funkci\u00f3kkal, p\u00e9ld\u00e1ul fejlett sz\u0171r\u0151kkel, fokozott l\u00e1that\u00f3s\u00e1ggal \u00e9s hirdet\u00e9selt\u00e1vol\u00edt\u00e1ssal.<\/p>\n\n\n\n<h4 class=\"wp-block-heading\">7. Haszn\u00e1lhatom \u0151ket b\u00e1rhol a vil\u00e1gon?<\/h4>\n\n\n\n<p>Igen, ezeket az alkalmaz\u00e1sokat glob\u00e1lis haszn\u00e1latra tervezt\u00e9k. Ak\u00e1r a v\u00e1rosodban vagy, ak\u00e1r utazol, kapcsolatba l\u00e9phetsz a k\u00f6zeledben l\u00e9v\u0151 emberekkel, \u00e9s b\u0151v\u00edtheted a t\u00e1rsas\u00e1gi k\u00f6r\u00f6det.<\/p>","protected":false},"excerpt":{"rendered":"<p>Gyere, besz\u00e9lgess velem! Kapcsol\u00f3dj, csevegj, \u00e9s v\u00e1ltoztasd meg a napodat. Az otthon t\u00f6lt\u00f6tt egyed\u00fcll\u00e9t lehet\u0151s\u00e9get adhat az elm\u00e9lked\u00e9sre, a pihen\u00e9sre, vagy ak\u00e1r \u00faj dolgok felfedez\u00e9s\u00e9re is. Azonban n\u00e9ha felmer\u00fcl a v\u00e1gy, hogy besz\u00e9lgess valakivel, vagy ak\u00e1r \u00faj bar\u00e1ts\u00e1gokat \u00e9s kapcsolatokat k\u00f6ss. \u00c1tir\u00e1ny\u00edtunk egy m\u00e1sik oldalra. Ma szeretn\u00e9m megosztani [\u2026]<\/p>","protected":false},"author":139,"featured_media":7920,"comment_status":"closed","ping_status":"open","sticky":false,"template":"","format":"standard","meta":{"footnotes":""},"categories":[2],"tags":[410,667,1417],"yoast_head":"<!-- This site is optimized with the Yoast SEO plugin v23.3 - https:\/\/yoast.com\/wordpress\/plugins\/seo\/ -->\n<title>Estoy Sola en Casa - Universo Fam\u00edlia<\/title>\n<meta name=\"description\" content=\"Estoy Sola en Casa. Estar sola en casa puede ser un momento para reflexionar, descansar o incluso una oportunidad para descubrir...\" \/>\n<meta name=\"robots\" content=\"index, follow, max-snippet:-1, max-image-preview:large, max-video-preview:-1\" \/>\n<link rel=\"canonical\" href=\"http:\/\/universofamilia.com\/hu\/estoy-sola-en-casa-2\/\" \/>\n<meta property=\"og:locale\" content=\"hu_HU\" \/>\n<meta property=\"og:type\" content=\"article\" \/>\n<meta property=\"og:title\" content=\"Estoy Sola en Casa - Universo Fam\u00edlia\" \/>\n<meta property=\"og:description\" content=\"Estoy Sola en Casa. Estar sola en casa puede ser un momento para reflexionar, descansar o incluso una oportunidad para descubrir...\" \/>\n<meta property=\"og:url\" content=\"http:\/\/universofamilia.com\/hu\/estoy-sola-en-casa-2\/\" \/>\n<meta property=\"og:site_name\" content=\"Universo Fam\u00edlia\" \/>\n<meta property=\"article:published_time\" content=\"2024-12-31T21:53:48+00:00\" \/>\n<meta property=\"article:modified_time\" content=\"2025-11-17T01:02:43+00:00\" \/>\n<meta property=\"og:image\" content=\"http:\/\/universofamilia.com\/wp-content\/uploads\/sites\/148\/2024\/12\/DESTAQUE-UNIVERSO-550-x-350-1-15.jpg\" \/>\n\t<meta property=\"og:image:width\" content=\"550\" \/>\n\t<meta property=\"og:image:height\" content=\"350\" \/>\n\t<meta property=\"og:image:type\" content=\"image\/jpeg\" \/>\n<meta name=\"author\" content=\"Pedro Henrique\" \/>\n<meta name=\"twitter:card\" content=\"summary_large_image\" \/>\n<meta name=\"twitter:label1\" content=\"Written by\" \/>\n\t<meta name=\"twitter:data1\" content=\"Pedro Henrique\" \/>\n\t<meta name=\"twitter:label2\" content=\"Est. reading time\" \/>\n\t<meta name=\"twitter:data2\" content=\"7 perc\" \/>\n<script type=\"application\/ld+json\" class=\"yoast-schema-graph\">{\"@context\":\"https:\/\/schema.org\",\"@graph\":[{\"@type\":\"WebPage\",\"@id\":\"http:\/\/universofamilia.com\/sk\/estoy-sola-en-casa-2\/\",\"url\":\"http:\/\/universofamilia.com\/sk\/estoy-sola-en-casa-2\/\",\"name\":\"Estoy Sola en Casa - Universo Fam\u00edlia\",\"isPartOf\":{\"@id\":\"https:\/\/universofamilia.com\/el\/#website\"},\"primaryImageOfPage\":{\"@id\":\"http:\/\/universofamilia.com\/sk\/estoy-sola-en-casa-2\/#primaryimage\"},\"image\":{\"@id\":\"http:\/\/universofamilia.com\/sk\/estoy-sola-en-casa-2\/#primaryimage\"},\"thumbnailUrl\":\"http:\/\/universofamilia.com\/wp-content\/uploads\/sites\/148\/2024\/12\/DESTAQUE-UNIVERSO-550-x-350-1-15.jpg\",\"datePublished\":\"2024-12-31T21:53:48+00:00\",\"dateModified\":\"2025-11-17T01:02:43+00:00\",\"author\":{\"@id\":\"https:\/\/universofamilia.com\/el\/#\/schema\/person\/f07ce98187dd84d31154262e79b3b7ca\"},\"description\":\"Estoy Sola en Casa. Estar sola en casa puede ser un momento para reflexionar, descansar o incluso una oportunidad para descubrir...\",\"breadcrumb\":{\"@id\":\"http:\/\/universofamilia.com\/sk\/estoy-sola-en-casa-2\/#breadcrumb\"},\"inLanguage\":\"hu\",\"potentialAction\":[{\"@type\":\"ReadAction\",\"target\":[\"http:\/\/universofamilia.com\/sk\/estoy-sola-en-casa-2\/\"]}]},{\"@type\":\"ImageObject\",\"inLanguage\":\"hu\",\"@id\":\"http:\/\/universofamilia.com\/sk\/estoy-sola-en-casa-2\/#primaryimage\",\"url\":\"http:\/\/universofamilia.com\/wp-content\/uploads\/sites\/148\/2024\/12\/DESTAQUE-UNIVERSO-550-x-350-1-15.jpg\",\"contentUrl\":\"http:\/\/universofamilia.com\/wp-content\/uploads\/sites\/148\/2024\/12\/DESTAQUE-UNIVERSO-550-x-350-1-15.jpg\",\"width\":550,\"height\":350,\"caption\":\"Estoy Sola en Casa\"},{\"@type\":\"BreadcrumbList\",\"@id\":\"http:\/\/universofamilia.com\/sk\/estoy-sola-en-casa-2\/#breadcrumb\",\"itemListElement\":[{\"@type\":\"ListItem\",\"position\":1,\"name\":\"Home\",\"item\":\"https:\/\/universofamilia.com\/el\/\"},{\"@type\":\"ListItem\",\"position\":2,\"name\":\"Estoy Sola en Casa\"}]},{\"@type\":\"WebSite\",\"@id\":\"https:\/\/universofamilia.com\/el\/#website\",\"url\":\"https:\/\/universofamilia.com\/el\/\",\"name\":\"Universo Fam\u00edlia\",\"description\":\"\",\"potentialAction\":[{\"@type\":\"SearchAction\",\"target\":{\"@type\":\"EntryPoint\",\"urlTemplate\":\"https:\/\/universofamilia.com\/el\/?s={search_term_string}\"},\"query-input\":\"required name=search_term_string\"}],\"inLanguage\":\"hu\"},{\"@type\":\"Person\",\"@id\":\"https:\/\/universofamilia.com\/el\/#\/schema\/person\/f07ce98187dd84d31154262e79b3b7ca\",\"name\":\"Pedro Henrique\",\"image\":{\"@type\":\"ImageObject\",\"inLanguage\":\"hu\",\"@id\":\"https:\/\/universofamilia.com\/el\/#\/schema\/person\/image\/\",\"url\":\"http:\/\/0.gravatar.com\/avatar\/9edfeb808cb4e1599f64d6e45b130154?s=96&d=mm&r=g\",\"contentUrl\":\"http:\/\/0.gravatar.com\/avatar\/9edfeb808cb4e1599f64d6e45b130154?s=96&d=mm&r=g\",\"caption\":\"Pedro Henrique\"},\"url\":\"http:\/\/universofamilia.com\/hu\/author\/editor01\/\"}]}<\/script>\n<!-- \/ Yoast SEO plugin. -->","yoast_head_json":{"title":"Estoy Sola en Casa - Universo Fam\u00edlia","description":"Estoy Sola en Casa. Estar sola en casa puede ser un momento para reflexionar, descansar o incluso una oportunidad para descubrir...","robots":{"index":"index","follow":"follow","max-snippet":"max-snippet:-1","max-image-preview":"max-image-preview:large","max-video-preview":"max-video-preview:-1"},"canonical":"http:\/\/universofamilia.com\/hu\/estoy-sola-en-casa-2\/","og_locale":"hu_HU","og_type":"article","og_title":"Estoy Sola en Casa - Universo Fam\u00edlia","og_description":"Estoy Sola en Casa. Estar sola en casa puede ser un momento para reflexionar, descansar o incluso una oportunidad para descubrir...","og_url":"http:\/\/universofamilia.com\/hu\/estoy-sola-en-casa-2\/","og_site_name":"Universo Fam\u00edlia","article_published_time":"2024-12-31T21:53:48+00:00","article_modified_time":"2025-11-17T01:02:43+00:00","og_image":[{"width":550,"height":350,"url":"http:\/\/universofamilia.com\/wp-content\/uploads\/sites\/148\/2024\/12\/DESTAQUE-UNIVERSO-550-x-350-1-15.jpg","type":"image\/jpeg"}],"author":"Pedro Henrique","twitter_card":"summary_large_image","twitter_misc":{"Written by":"Pedro Henrique","Est. reading time":"7 perc"},"schema":{"@context":"https:\/\/schema.org","@graph":[{"@type":"WebPage","@id":"http:\/\/universofamilia.com\/sk\/estoy-sola-en-casa-2\/","url":"http:\/\/universofamilia.com\/sk\/estoy-sola-en-casa-2\/","name":"Estoy Sola en Casa - Universo Fam\u00edlia","isPartOf":{"@id":"https:\/\/universofamilia.com\/el\/#website"},"primaryImageOfPage":{"@id":"http:\/\/universofamilia.com\/sk\/estoy-sola-en-casa-2\/#primaryimage"},"image":{"@id":"http:\/\/universofamilia.com\/sk\/estoy-sola-en-casa-2\/#primaryimage"},"thumbnailUrl":"http:\/\/universofamilia.com\/wp-content\/uploads\/sites\/148\/2024\/12\/DESTAQUE-UNIVERSO-550-x-350-1-15.jpg","datePublished":"2024-12-31T21:53:48+00:00","dateModified":"2025-11-17T01:02:43+00:00","author":{"@id":"https:\/\/universofamilia.com\/el\/#\/schema\/person\/f07ce98187dd84d31154262e79b3b7ca"},"description":"Estoy Sola en Casa. Estar sola en casa puede ser un momento para reflexionar, descansar o incluso una oportunidad para descubrir...","breadcrumb":{"@id":"http:\/\/universofamilia.com\/sk\/estoy-sola-en-casa-2\/#breadcrumb"},"inLanguage":"hu","potentialAction":[{"@type":"ReadAction","target":["http:\/\/universofamilia.com\/sk\/estoy-sola-en-casa-2\/"]}]},{"@type":"ImageObject","inLanguage":"hu","@id":"http:\/\/universofamilia.com\/sk\/estoy-sola-en-casa-2\/#primaryimage","url":"http:\/\/universofamilia.com\/wp-content\/uploads\/sites\/148\/2024\/12\/DESTAQUE-UNIVERSO-550-x-350-1-15.jpg","contentUrl":"http:\/\/universofamilia.com\/wp-content\/uploads\/sites\/148\/2024\/12\/DESTAQUE-UNIVERSO-550-x-350-1-15.jpg","width":550,"height":350,"caption":"Estoy Sola en Casa"},{"@type":"BreadcrumbList","@id":"http:\/\/universofamilia.com\/sk\/estoy-sola-en-casa-2\/#breadcrumb","itemListElement":[{"@type":"ListItem","position":1,"name":"Home","item":"https:\/\/universofamilia.com\/el\/"},{"@type":"ListItem","position":2,"name":"Estoy Sola en Casa"}]},{"@type":"WebSite","@id":"https:\/\/universofamilia.com\/el\/#website","url":"https:\/\/universofamilia.com\/el\/","name":"Universo Fam\u00edlia","description":"","potentialAction":[{"@type":"SearchAction","target":{"@type":"EntryPoint","urlTemplate":"https:\/\/universofamilia.com\/el\/?s={search_term_string}"},"query-input":"required name=search_term_string"}],"inLanguage":"hu"},{"@type":"Person","@id":"https:\/\/universofamilia.com\/el\/#\/schema\/person\/f07ce98187dd84d31154262e79b3b7ca","name":"Pedro Henrique","image":{"@type":"ImageObject","inLanguage":"hu","@id":"https:\/\/universofamilia.com\/el\/#\/schema\/person\/image\/","url":"http:\/\/0.gravatar.com\/avatar\/9edfeb808cb4e1599f64d6e45b130154?s=96&d=mm&r=g","contentUrl":"http:\/\/0.gravatar.com\/avatar\/9edfeb808cb4e1599f64d6e45b130154?s=96&d=mm&r=g","caption":"Pedro Henrique"},"url":"http:\/\/universofamilia.com\/hu\/author\/editor01\/"}]}},"_links":{"self":[{"href":"http:\/\/universofamilia.com\/hu\/wp-json\/wp\/v2\/posts\/7919"}],"collection":[{"href":"http:\/\/universofamilia.com\/hu\/wp-json\/wp\/v2\/posts"}],"about":[{"href":"http:\/\/universofamilia.com\/hu\/wp-json\/wp\/v2\/types\/post"}],"author":[{"embeddable":true,"href":"http:\/\/universofamilia.com\/hu\/wp-json\/wp\/v2\/users\/139"}],"replies":[{"embeddable":true,"href":"http:\/\/universofamilia.com\/hu\/wp-json\/wp\/v2\/comments?post=7919"}],"version-history":[{"count":2,"href":"http:\/\/universofamilia.com\/hu\/wp-json\/wp\/v2\/posts\/7919\/revisions"}],"predecessor-version":[{"id":10333,"href":"http:\/\/universofamilia.com\/hu\/wp-json\/wp\/v2\/posts\/7919\/revisions\/10333"}],"wp:featuredmedia":[{"embeddable":true,"href":"http:\/\/universofamilia.com\/hu\/wp-json\/wp\/v2\/media\/7920"}],"wp:attachment":[{"href":"http:\/\/universofamilia.com\/hu\/wp-json\/wp\/v2\/media?parent=7919"}],"wp:term":[{"taxonomy":"category","embeddable":true,"href":"http:\/\/universofamilia.com\/hu\/wp-json\/wp\/v2\/categories?post=7919"},{"taxonomy":"post_tag","embeddable":true,"href":"http:\/\/universofamilia.com\/hu\/wp-json\/wp\/v2\/tags?post=7919"}],"curies":[{"name":"wp","href":"https:\/\/api.w.org\/{rel}","templated":true}]}}