{"id":7958,"date":"2025-01-02T16:22:40","date_gmt":"2025-01-02T19:22:40","guid":{"rendered":"https:\/\/universofamilia.com\/?p=7924"},"modified":"2025-01-02T16:22:40","modified_gmt":"2025-01-02T19:22:40","slug":"descubre-como-recuperar-fotos-y-videos-eliminados","status":"publish","type":"post","link":"http:\/\/universofamilia.com\/hu\/descubre-como-recuperar-fotos-y-videos-eliminados\/","title":{"rendered":"Ismerje meg, hogyan \u00e1ll\u00edthatja vissza a t\u00f6r\u00f6lt f\u00e9nyk\u00e9peket \u00e9s vide\u00f3kat"},"content":{"rendered":"<p>Ne vesz\u00edtsd el az eml\u00e9keidet, szerezd vissza \u0151ket most azonnal.<\/p>\n\n\n\n<h4 class=\"wp-block-heading has-text-align-center\">Mit szeretn\u00e9l el\u0151sz\u00f6r csin\u00e1lni?<\/h4>\n\n\n\n<div class=\"wp-block-buttons is-content-justification-center is-layout-flex wp-container-core-buttons-layout-1 wp-block-buttons-is-layout-flex\">\n<div class=\"wp-block-button has-custom-width wp-block-button__width-100 is-style-outline\" style=\"text-decoration:none\"><a class=\"wp-block-button__link has-white-color has-vivid-cyan-blue-background-color has-text-color has-background has-link-color has-text-align-left wp-element-button\" href=\"https:\/\/universofamilia.com\/hu\/6744\/restaurar-fotos-usando-el-celular\/\" style=\"border-radius:10px\">Fot\u00f3k vissza\u00e1ll\u00edt\u00e1sa mobiltelefonnal \u27a1\ufe0f<\/a><\/div>\n<\/div>\n\n\n\n<div class=\"wp-block-buttons is-content-justification-center is-layout-flex wp-container-core-buttons-layout-2 wp-block-buttons-is-layout-flex\">\n<div class=\"wp-block-button has-custom-width wp-block-button__width-100 is-style-outline\" style=\"text-decoration:none\"><a class=\"wp-block-button__link has-white-color has-vivid-cyan-blue-background-color has-text-color has-background has-link-color has-text-align-left wp-element-button\" href=\"https:\/\/universofamilia.com\/hu\/6739\/encontrar-fotos-ocultas-en-el-celular\/\" style=\"border-radius:10px\">Rejtett fot\u00f3k keres\u00e9se a mobiltelefonodon \u27a1\ufe0f<\/a><\/div>\n<\/div>\n\n\n\n<div class=\"wp-block-buttons is-content-justification-center is-layout-flex wp-container-core-buttons-layout-3 wp-block-buttons-is-layout-flex\">\n<div class=\"wp-block-button has-custom-width wp-block-button__width-100 is-style-outline\" style=\"text-decoration:none\"><a class=\"wp-block-button__link has-white-color has-vivid-cyan-blue-background-color has-text-color has-background has-link-color has-text-align-left wp-element-button\" href=\"https:\/\/universofamilia.com\/hu\/6733\/recuperar-cualquier-archivo-digital-eliminado\/\" style=\"border-radius:10px\">T\u00f6r\u00f6lt digit\u00e1lis f\u00e1jlok helyre\u00e1ll\u00edt\u00e1sa \u27a1\ufe0f<\/a><\/div>\n<\/div>\n\n\n\n<p class=\"has-text-align-right\"><em><strong><em><strong><em><strong><em><strong><em><strong>Olvass tov\u00e1bb!<\/strong><\/em><\/strong><\/em><\/strong><\/em><\/strong><\/em><\/strong><\/em><\/p>\n\n\n\n<hr class=\"wp-block-separator has-text-color has-luminous-vivid-orange-color has-alpha-channel-opacity has-luminous-vivid-orange-background-color has-background is-style-wide\"\/>\n\n\n\n<p><\/p>\n\n\n\n<p>\u00c9rezt\u00e9l m\u00e1r olyan frusztr\u00e1ci\u00f3t, hogy elvesz\u00edtesz fontos fot\u00f3kat \u00e9s vide\u00f3kat?<\/p>\n\n\n\n<p>Ak\u00e1r f\u00e1jlt\u00f6rl\u00e9si hiba, ak\u00e1r eszk\u00f6zprobl\u00e9ma miatt van, sz\u00f6rny\u0171 \u00e9rz\u00e9s.<\/p>\n\n\n\n<p>De ne agg\u00f3djon, vannak megold\u00e1sok, amelyek seg\u00edthetnek visszanyerni ezeket a dr\u00e1ga eml\u00e9keket.<\/p>\n\n\n\n<p>Ebben a cikkben megvizsg\u00e1ljuk, hogyan lehet vissza\u00e1ll\u00edtani a t\u00f6r\u00f6lt f\u00e9nyk\u00e9peket \u00e9s vide\u00f3kat bizonyos alkalmaz\u00e1sok seg\u00edts\u00e9g\u00e9vel.<\/p>\n\n\n\n<p>N\u00e9zz\u00fck meg egy\u00fctt, mi m\u0171k\u00f6dik, \u00e9s melyek a legjobb lehet\u0151s\u00e9gek az \u00d6n sz\u00e1m\u00e1ra.<\/p>\n\n\n\n<h3 class=\"wp-block-heading\"><strong>A f\u00e1jl-helyre\u00e1ll\u00edt\u00f3 alkalmaz\u00e1sok el\u0151nyei<\/strong><\/h3>\n\n\n\n<p>A technol\u00f3gia az\u00e9rt j\u00f6tt, hogy megk\u00f6nny\u00edtse az \u00e9let\u00fcnket, igaz? A f\u00e1jl-helyre\u00e1ll\u00edt\u00f3 alkalmaz\u00e1sok t\u00f6k\u00e9letes p\u00e9ld\u00e1i ennek.<\/p>\n\n\n\n<p>Egyszer\u0171 megold\u00e1sokat k\u00edn\u00e1lnak a l\u00e1tsz\u00f3lag bonyolult probl\u00e9m\u00e1kra.<\/p>\n\n\n\n<p>\u00cdme n\u00e9h\u00e1ny el\u0151nye ezen alkalmaz\u00e1sok haszn\u00e1lat\u00e1nak:<\/p>\n\n\n\n<ul class=\"wp-block-list\">\n<li>\ud83d\udcf1 <strong>K\u00f6nny\u0171 haszn\u00e1lat<\/strong>A legt\u00f6bb alkalmaz\u00e1s intuit\u00edv fel\u00fclettel rendelkezik, amely lehet\u0151v\u00e9 teszi m\u00e9g azok sz\u00e1m\u00e1ra is, akik nem igaz\u00e1n j\u00e1rtasak a technol\u00f3gi\u00e1ban, hogy haszn\u00e1lj\u00e1k \u0151ket.<\/li>\n\n\n\n<li>\u26a1 <strong>Sebess\u00e9g<\/strong>N\u00e9h\u00e1ny kattint\u00e1ssal elind\u00edthatja a helyre\u00e1ll\u00edt\u00e1si folyamatot.<\/li>\n\n\n\n<li>\ud83d\udd04 <strong>Sokoldal\u00fas\u00e1g<\/strong>Sok alkalmaz\u00e1s bels\u0151 eszk\u00f6z\u00f6k\u00f6n \u00e9s SD-k\u00e1rty\u00e1kon is fut.<\/li>\n\n\n\n<li>\ud83c\udd93 <strong>Megk\u00f6zel\u00edthet\u0151s\u00e9g<\/strong>Sok alkalmaz\u00e1s ingyenesen el\u00e9rhet\u0151, pr\u00e9mium opci\u00f3kkal azok sz\u00e1m\u00e1ra, akik tov\u00e1bbi funkci\u00f3kat keresnek.<\/li>\n<\/ul>\n\n\n\n<h4 class=\"wp-block-heading has-text-align-center\">Van b\u00e1rmilyen k\u00e9rd\u00e9se?<\/h4>\n\n\n\n<div class=\"wp-block-buttons is-content-justification-center is-layout-flex wp-container-core-buttons-layout-4 wp-block-buttons-is-layout-flex\">\n<div class=\"wp-block-button has-custom-width wp-block-button__width-100 has-custom-font-size is-style-outline has-large-font-size\" style=\"text-decoration:none\"><a class=\"wp-block-button__link has-white-color has-vivid-purple-background-color has-text-color has-background has-link-color has-border-color has-ast-global-color-5-border-color has-text-align-center wp-element-button\" href=\"https:\/\/www.messenger.com\/login.php?next=https%3A%2F%2Fwww.messenger.com%2Ft%2F110263563681990%2F%3Fref%3Dw30174560--utm_campaign%253D%257B%257Badset.id%257D%257D%26messaging_source%3Dsource%253Apages%253Amessage_shortlink%26source_id%3D1441792%26recurring_notification%3D0\" style=\"border-radius:6px\">\ud83d\udcac Besz\u00e9lj\u00fcnk! \ud83d\udc69\u200d\ud83e\uddb0\u200d\ud83c\udfa7<\/a><\/div>\n<\/div>\n\n\n\n<p class=\"has-text-align-right\"><em><strong>\u00c1tir\u00e1ny\u00edtunk egy m\u00e1sik webhelyre<\/strong><\/em><\/p>\n\n\n\n<hr class=\"wp-block-separator alignfull has-text-color has-alpha-channel-opacity has-background is-style-wide\" style=\"background-color:#006196;color:#006196\"\/>\n\n\n\n<p><\/p>\n\n\n\n<h3 class=\"wp-block-heading\"><strong>Ezek az alkalmaz\u00e1sok t\u00e9nyleg vissza\u00e1ll\u00edtj\u00e1k az \u00f6sszes t\u00f6r\u00f6lt f\u00e1jlt?<\/strong><\/h3>\n\n\n\n<p>Most j\u00f6n a milli\u00f3 doll\u00e1ros k\u00e9rd\u00e9s: Val\u00f3ban m\u0171k\u00f6dnek ezek az alkalmaz\u00e1sok? A v\u00e1lasz igen, de bizonyos felt\u00e9telekkel.<\/p>\n\n\n\n<p>A hat\u00e9konys\u00e1g olyan t\u00e9nyez\u0151kt\u0151l f\u00fcgg, mint:<\/p>\n\n\n\n<ul class=\"wp-block-list\">\n<li>\u23f3 A f\u00e1jl t\u00f6rl\u00e9se \u00f3ta eltelt id\u0151.<\/li>\n\n\n\n<li>\ud83d\uddb4 Ha a k\u00e9sz\u00fcl\u00e9ket t\u00f6rl\u00e9s ut\u00e1n haszn\u00e1lt\u00e1k, mivel az \u00faj adatok fel\u00fcl\u00edrhatj\u00e1k a r\u00e9gi f\u00e1jlokat.<\/li>\n\n\n\n<li>\ud83d\udcc2 A haszn\u00e1lt alkalmaz\u00e1s t\u00edpusa.<\/li>\n<\/ul>\n\n\n\n<p>Ez\u00e9rt mindig a legjobb gyorsan cselekedni, ha \u00e9szreveszed, hogy elveszett egy f\u00e1jl.<\/p>\n\n\n\n<p>Min\u00e9l el\u0151bb haszn\u00e1lsz egy helyre\u00e1ll\u00edt\u00f3 alkalmaz\u00e1st, ann\u00e1l nagyobb az es\u00e9lye a sikernek.<\/p>\n\n\n\n<h3 class=\"wp-block-heading\"><strong>Biztons\u00e1gos ezeket az alkalmaz\u00e1sokat haszn\u00e1lni adatok helyre\u00e1ll\u00edt\u00e1s\u00e1ra?<\/strong><\/h3>\n\n\n\n<p>A biztons\u00e1g jogos aggodalomra ad okot. V\u00e9g\u00fcl is szem\u00e9lyes f\u00e1jlokr\u00f3l besz\u00e9l\u00fcnk.<\/p>\n\n\n\n<p>A legt\u00f6bb megb\u00edzhat\u00f3 alkalmaz\u00e1s magas szint\u0171 biztons\u00e1got \u00e9s adatv\u00e9delmet k\u00edn\u00e1l. Fontos azonban, hogy:<\/p>\n\n\n\n<ul class=\"wp-block-list\">\n<li>\u2705 Csak megb\u00edzhat\u00f3 alkalmaz\u00e1sokat t\u00f6lts le hivatalos \u00e1ruh\u00e1zakb\u00f3l, p\u00e9ld\u00e1ul a Google Playr\u0151l vagy az Apple Store-b\u00f3l.<\/li>\n\n\n\n<li>\u2b50 Olvasd el m\u00e1s felhaszn\u00e1l\u00f3k \u00e9rt\u00e9kel\u00e9seit \u00e9s v\u00e9lem\u00e9nyeit.<\/li>\n\n\n\n<li>\ud83d\udeab Ker\u00fcld a felesleges enged\u00e9lyeket k\u00e9r\u0151 alkalmaz\u00e1sokat.<\/li>\n<\/ul>\n\n\n\n<h3 class=\"wp-block-heading\"><strong>T\u00e9nyleg ingyenesek az alkalmaz\u00e1sok?<\/strong><\/h3>\n\n\n\n<p>Az egyik legnagyobb aggodalomra okot ad\u00f3 t\u00e9nyez\u0151 ezeknek az alkalmaz\u00e1soknak az \u00e1ra. Sokuk ingyenes verzi\u00f3t k\u00edn\u00e1l korl\u00e1tozott funkcionalit\u00e1ssal, m\u00edg a pr\u00e9mium opci\u00f3k fejlettebb funkci\u00f3kat tartalmaznak, p\u00e9ld\u00e1ul:<\/p>\n\n\n\n<ul class=\"wp-block-list\">\n<li>\ud83d\udcc8 Nagyobb sz\u00e1m\u00fa f\u00e1jl helyre\u00e1ll\u00edt\u00e1sa.<\/li>\n\n\n\n<li>\ud83d\udd0d T\u00f6bb f\u00e1jlform\u00e1tum t\u00e1mogat\u00e1sa.<\/li>\n\n\n\n<li>\ud83d\udc68\u200d\ud83d\udcbc Els\u0151bbs\u00e9gi \u00fcgyf\u00e9lszolg\u00e1lat.<\/li>\n<\/ul>\n\n\n\n<p>\u00c9rdemes kipr\u00f3b\u00e1lni az ingyenes verzi\u00f3kat, miel\u0151tt el\u0151fizet\u00e9s mellett d\u00f6nten\u00e9l.<\/p>\n\n\n\n<h3 class=\"wp-block-heading\"><strong>Haszn\u00e1lhatom ezeket az alkalmaz\u00e1sokat f\u00e1jlok SD-k\u00e1rty\u00e1n t\u00f6rt\u00e9n\u0151 helyre\u00e1ll\u00edt\u00e1s\u00e1ra?<\/strong><\/h3>\n\n\n\n<p>Igen, sok alkalmaz\u00e1s lehet\u0151v\u00e9 teszi az SD-k\u00e1rty\u00e1n t\u00e1rolt f\u00e1jlok helyre\u00e1ll\u00edt\u00e1s\u00e1t.<\/p>\n\n\n\n<p>Ez k\u00fcl\u00f6n\u00f6sen hasznos azok sz\u00e1m\u00e1ra, akik elvesztett\u00e9k a f\u00e9nyk\u00e9peket \u00e9s vide\u00f3kat kamer\u00e1kr\u00f3l vagy m\u00e1s eszk\u00f6z\u00f6kr\u0151l. Csak ne felejtsd el csatlakoztatni a k\u00e1rty\u00e1t ahhoz az eszk\u00f6zh\u00f6z, amelyre az alkalmaz\u00e1s telep\u00edtve van.<\/p>\n\n\n\n<figure class=\"wp-block-image alignfull size-full\"><img decoding=\"async\" src=\"http:\/\/universofamilia.com\/wp-content\/uploads\/sites\/148\/2025\/01\/DESTAQUE-UNIVERSO-550-x-350.jpg\" alt=\"\" class=\"wp-image-7925\"\/><figcaption class=\"wp-element-caption\">Ismerje meg, hogyan \u00e1ll\u00edthatja vissza a t\u00f6r\u00f6lt f\u00e9nyk\u00e9peket \u00e9s vide\u00f3kat<\/figcaption><\/figure>\n\n\n\n<h3 class=\"wp-block-heading\"><strong>Az alkalmaz\u00e1sok ismertet\u00e9se \u00e9s pozit\u00edv felhaszn\u00e1l\u00f3i v\u00e9lem\u00e9nyek<\/strong><\/h3>\n\n\n\n<p>Most, hogy meg\u00e9rtetted, hogyan m\u0171k\u00f6dnek, n\u00e9zz\u00fcnk meg h\u00e1rom n\u00e9pszer\u0171 alkalmaz\u00e1st, amelyek seg\u00edthetnek:<\/p>\n\n\n\n<ul class=\"wp-block-list\">\n<li>\ud83d\udcf8 <strong>LemezDigger<\/strong>Ez az alkalmaz\u00e1s nagyon n\u00e9pszer\u0171 a fot\u00f3k helyre\u00e1ll\u00edt\u00e1s\u00e1hoz. Egyszer\u0171 fel\u00fclettel rendelkezik, \u00e9s lehet\u0151v\u00e9 teszi a helyre\u00e1ll\u00edthat\u00f3 f\u00e1jlok megtekint\u00e9s\u00e9t a ment\u00e9s el\u0151tt. A felhaszn\u00e1l\u00f3k dics\u00e9rik a hat\u00e9konys\u00e1g\u00e1t Android-eszk\u00f6z\u00f6k\u00f6n.<\/li>\n\n\n\n<li>\ud83d\uddc2\ufe0f <strong>Vissza\u00e1ll\u00edt<\/strong>Egy hat\u00e9kony opci\u00f3, amely a f\u00e9nyk\u00e9pek mellett m\u00e1s t\u00edpus\u00fa f\u00e1jlokat, p\u00e9ld\u00e1ul dokumentumokat is helyre\u00e1ll\u00edt. Er\u0151sen aj\u00e1nlott azok sz\u00e1m\u00e1ra, akiknek nagyobb rugalmass\u00e1gra van sz\u00fcks\u00e9g\u00fck.<\/li>\n\n\n\n<li>\ud83e\udd33 <strong>MobiSaver<\/strong>Ez az alkalmaz\u00e1s kiemelkedik a k\u00f6nny\u0171 haszn\u00e1lhat\u00f3s\u00e1g\u00e1val \u00e9s azzal, hogy megb\u00edzhat\u00f3 megold\u00e1st k\u00edn\u00e1l az okostelefonokon l\u00e9v\u0151 adatok helyre\u00e1ll\u00edt\u00e1s\u00e1ra. Sokan megjegyzik a gyors \u00e9s hat\u00e9kony \u00fcgyf\u00e9lszolg\u00e1lat\u00e1t.<\/li>\n<\/ul>\n\n\n\n<h3 class=\"wp-block-heading\"><strong>Mit mondanak a felhaszn\u00e1l\u00f3k?<\/strong><\/h3>\n\n\n\n<p>A felhaszn\u00e1l\u00f3i \u00e9lm\u00e9ny kulcsfontoss\u00e1g\u00fa. Sokan osztanak meg sikert\u00f6rt\u00e9neteket, p\u00e9ld\u00e1ul sz\u00fclet\u00e9snapi fot\u00f3k vagy felejthetetlen utaz\u00e1si vide\u00f3k vissza\u00e1ll\u00edt\u00e1s\u00e1r\u00f3l.<\/p>\n\n\n\n<p>Ugyanakkor korl\u00e1toz\u00e1sokr\u00f3l is \u00e9rkeztek jelent\u00e9sek, p\u00e9ld\u00e1ul arr\u00f3l, hogy a teljes funkci\u00f3k el\u00e9r\u00e9s\u00e9hez el\u0151fizet\u00e9sre van sz\u00fcks\u00e9g.<\/p>\n\n\n\n<p>Ez\u00e9rt azt tan\u00e1csoljuk, hogy pr\u00f3b\u00e1ljon ki k\u00fcl\u00f6nb\u00f6z\u0151 alkalmaz\u00e1sokat, \u00e9s v\u00e1lassza ki azt, amelyik a legjobban megfelel az \u00d6n ig\u00e9nyeinek.<\/p>\n\n\n\n<h3 class=\"wp-block-heading\"><strong>K\u00f6vetkeztet\u00e9s<\/strong><\/h3>\n\n\n\n<p>A fontos f\u00e1jlok elveszt\u00e9se bonyolult helyzet, de a helyre\u00e1ll\u00edt\u00e1si alkalmaz\u00e1sok megk\u00f6nny\u00edtik az \u00e9letedet.<\/p>\n\n\n\n<p>Az olyan lehet\u0151s\u00e9gekkel, mint a DiskDigger, az Undeleter \u00e9s a MobiSaver, megb\u00edzhat\u00f3 megold\u00e1sokat tal\u00e1lhat \u00e9rt\u00e9kes eml\u00e9keinek helyre\u00e1ll\u00edt\u00e1s\u00e1ra.<\/p>\n\n\n\n<p>Ne feledd, hogy gyorsan kell cselekedned, \u00e9s a legjobb eredm\u00e9ny el\u00e9r\u00e9se \u00e9rdek\u00e9ben megb\u00edzhat\u00f3 forr\u00e1sb\u00f3l sz\u00e1rmaz\u00f3 alkalmaz\u00e1sokat kell v\u00e1lasztanod.<\/p>\n\n\n\n<h4 class=\"wp-block-heading\"><strong>Let\u00f6lt\u00e9si linkek:<\/strong><\/h4>\n\n\n\n<ul class=\"wp-block-list\">\n<li><a href=\"https:\/\/play.google.com\/store\/apps\/details?id=com.defianttech.diskdigger&amp;hl=es\">DiskDigger helyre\u00e1ll\u00edtja a f\u00e9nyk\u00e9peket: Android<\/a><\/li>\n\n\n\n<li><a href=\"https:\/\/play.google.com\/store\/apps\/details?id=inshot.data.recovery.restore.deleted.data.diskdigger&amp;hl=es\">Vissza\u00e1ll\u00edt\u00f3 Androidra: Android<\/a><\/li>\n\n\n\n<li><a href=\"https:\/\/play.google.com\/store\/apps\/details?id=com.easeus.mobisaver\">MobiSaver \u2013 Fot\u00f3k \u00e9s adatok helyre\u00e1ll\u00edt\u00e1sa: Android<\/a><\/li>\n<\/ul>\n\n\n\n<h3 class=\"wp-block-heading\"><strong>Gyakran ism\u00e9telt k\u00e9rd\u00e9sek a f\u00e1jl-helyre\u00e1ll\u00edt\u00f3 alkalmaz\u00e1sokkal kapcsolatban<\/strong><\/h3>\n\n\n\n<h4 class=\"wp-block-heading\"><strong>1. Milyen t\u00edpus\u00fa f\u00e1jlokat tudnak ezek az alkalmaz\u00e1sok helyre\u00e1ll\u00edtani?<\/strong><\/h4>\n\n\n\n<p>A legt\u00f6bb adat-helyre\u00e1ll\u00edt\u00f3 alkalmaz\u00e1s, mint p\u00e9ld\u00e1ul a DiskDigger \u00e9s az Undeleter, f\u00e9nyk\u00e9pek, vide\u00f3k \u00e9s dokumentumok helyre\u00e1ll\u00edt\u00e1s\u00e1ra szolg\u00e1l. Egyesek m\u00e1s t\u00edpus\u00fa f\u00e1jlokat is vissza tudnak \u00e1ll\u00edtani, p\u00e9ld\u00e1ul zen\u00e9ket vagy alkalmaz\u00e1sadatokat. A hat\u00e9konys\u00e1g azonban a f\u00e1jlt\u00edpust\u00f3l \u00e9s a t\u00e1rol\u00e1si eszk\u00f6zt\u0151l f\u00fcgg\u0151en v\u00e1ltozhat.<\/p>\n\n\n\n<h4 class=\"wp-block-heading\"><strong>2. Vissza tudom \u00e1ll\u00edtani a r\u00e9gen t\u00f6r\u00f6lt f\u00e1jlokat?<\/strong><\/h4>\n\n\n\n<p>Att\u00f3l f\u00fcgg, mennyi id\u0151 telt el, \u00e9s hogy az adatok fel\u00fcl lettek-e \u00edrva. Ha az eszk\u00f6z t\u00e1rhely\u00e9t a f\u00e1jlok t\u00f6rl\u00e9se \u00f3ta nem haszn\u00e1lt\u00e1k intenz\u00edven, a helyre\u00e1ll\u00edt\u00e1s es\u00e9lye megn\u0151. Ez\u00e9rt tan\u00e1csos gyorsan cselekedni, ha elveszett f\u00e1jlt \u00e9szlel.<\/p>\n\n\n\n<h4 class=\"wp-block-heading\"><strong>3. Sz\u00fcks\u00e9gem van root hozz\u00e1f\u00e9r\u00e9sre ezeknek az alkalmaz\u00e1soknak a haszn\u00e1lat\u00e1hoz?<\/strong><\/h4>\n\n\n\n<p><br>N\u00e9h\u00e1ny alkalmaz\u00e1s, mint p\u00e9ld\u00e1ul az Undeleter, root hozz\u00e1f\u00e9r\u00e9st ig\u00e9nyel a teljes m\u0171k\u00f6d\u00e9shez, mivel speci\u00e1lis enged\u00e9lyekre van sz\u00fcks\u00e9g\u00fck a t\u00e1rhely m\u00e9lyebb ter\u00fcletein tal\u00e1lhat\u00f3 f\u00e1jlok keres\u00e9s\u00e9hez. M\u00e1s alkalmaz\u00e1sok, mint p\u00e9ld\u00e1ul a DiskDigger, alapvet\u0151 nem root lehet\u0151s\u00e9geket k\u00edn\u00e1lnak, de korl\u00e1tozott k\u00e9pess\u00e9gekkel. Telep\u00edt\u00e9s el\u0151tt ellen\u0151rizze a k\u00f6vetelm\u00e9nyeket.<\/p>\n\n\n\n<h4 class=\"wp-block-heading\"><strong>4. Az ingyenes alkalmaz\u00e1sok ugyanolyan hat\u00e9konyak, mint a fizet\u0151sek?<\/strong><\/h4>\n\n\n\n<p>Az ingyenes verzi\u00f3k \u00e1ltal\u00e1ban hat\u00e9konyak az alapvet\u0151 feladatokhoz, p\u00e9ld\u00e1ul a legut\u00f3bbi f\u00e9nyk\u00e9pek \u00e9s vide\u00f3k helyre\u00e1ll\u00edt\u00e1s\u00e1hoz. A pr\u00e9mium opci\u00f3k azonban tov\u00e1bbi funkci\u00f3kat k\u00edn\u00e1lnak, p\u00e9ld\u00e1ul fejlett t\u00e1mogat\u00e1st, t\u00f6bb form\u00e1tum helyre\u00e1ll\u00edt\u00e1s\u00e1t \u00e9s m\u00e9lyebb adatelemz\u00e9st. Kritikus esetekben a fizet\u0151s verzi\u00f3k hasznosabbak lehetnek.<\/p>\n\n\n\n<h4 class=\"wp-block-heading\"><strong>5. Mit tegyek, ha nem tal\u00e1lom a keresett f\u00e1jlokat?<\/strong><\/h4>\n\n\n\n<p>Ha az egyik alkalmaz\u00e1ssal nem tudod helyre\u00e1ll\u00edtani a f\u00e1jljaidat, pr\u00f3b\u00e1lj ki egy m\u00e1sikat, mivel mindegyik m\u00e1s algoritmusokat haszn\u00e1l. Megpr\u00f3b\u00e1lhatod a k\u00e9sz\u00fcl\u00e9kedet egy sz\u00e1m\u00edt\u00f3g\u00e9phez csatlakoztatni, \u00e9s speci\u00e1lis helyre\u00e1ll\u00edt\u00f3 szoftvert haszn\u00e1lni. Ne feledd, hogy ker\u00fcld az \u00faj adatok \u00edr\u00e1s\u00e1t a k\u00e9sz\u00fcl\u00e9kre, hogy elker\u00fcld az elveszett f\u00e1jlok fel\u00fcl\u00edr\u00e1s\u00e1t.<\/p>\n\n\n\n<h4 class=\"wp-block-heading\"><strong>6. Hogyan v\u00e1lasszam ki a legjobb alkalmaz\u00e1st az eszk\u00f6z\u00f6mre?<\/strong><\/h4>\n\n\n\n<p>Ellen\u0151rizd az \u00e9rt\u00e9kel\u00e9seket \u00e9s v\u00e9lem\u00e9nyeket az alkalmaz\u00e1sboltokban. Keress olyan lehet\u0151s\u00e9geket, amelyek kompatibilisek az oper\u00e1ci\u00f3s rendszereddel, \u00e9s amelyek hat\u00e9konys\u00e1g\u00e1t \u00e9s k\u00f6nny\u0171 haszn\u00e1lhat\u00f3s\u00e1g\u00e1t j\u00f3 \u00e9rt\u00e9kel\u00e9sek t\u00e1masztj\u00e1k al\u00e1. Az olyan alkalmaz\u00e1sok, mint a MobiSaver \u00e9s a DiskDigger, megb\u00edzhat\u00f3s\u00e1guk miatt er\u0151sen aj\u00e1nlottak.<\/p>\n\n\n\n<h4 class=\"wp-block-heading\"><strong>7. Garant\u00e1lj\u00e1k ezek az alkalmaz\u00e1sok az adataim helyre\u00e1ll\u00edt\u00e1s\u00e1t?<\/strong><\/h4>\n\n\n\n<p>Egyetlen alkalmaz\u00e1s sem garant\u00e1lhatja a teljes helyre\u00e1ll\u00edt\u00e1st, mivel a siker sz\u00e1mos t\u00e9nyez\u0151t\u0151l f\u00fcgg, p\u00e9ld\u00e1ul a t\u00f6rl\u00e9s \u00f3ta eltelt id\u0151t\u0151l \u00e9s az eszk\u00f6z \u00e1llapot\u00e1t\u00f3l. A megb\u00edzhat\u00f3 alkalmaz\u00e1sok haszn\u00e1lata azonban n\u00f6veli a siker es\u00e9ly\u00e9t.<\/p>","protected":false},"excerpt":{"rendered":"<p>No pierdas tus recuerdos, recup\u00e9ralos ahora mismo. \u00bfQu\u00e9 te gustar\u00eda hacer Primero? \u00a1Siga leyendo! \u00bfAlguna vez has sentido la frustraci\u00f3n de perder fotos y videos importantes? Ya sea por un error al borrar archivos o por un problema en el dispositivo, es una sensaci\u00f3n terrible. Pero no te preocupes, porque existen soluciones que pueden ayudarte [&hellip;]<\/p>","protected":false},"author":0,"featured_media":7932,"comment_status":"closed","ping_status":"open","sticky":false,"template":"","format":"standard","meta":{"footnotes":""},"categories":[2],"tags":[251,1372,1380],"yoast_head":"<!-- This site is optimized with the Yoast SEO plugin v23.3 - https:\/\/yoast.com\/wordpress\/plugins\/seo\/ -->\n<title>Descubre c\u00f3mo recuperar fotos y videos eliminados - Universo Fam\u00edlia<\/title>\n<meta name=\"description\" content=\"Descubre c\u00f3mo recuperar fotos y videos eliminados. \u00bfAlguna vez has sentido la frustraci\u00f3n de perder fotos y videos importantes?...\" \/>\n<meta name=\"robots\" content=\"index, follow, max-snippet:-1, max-image-preview:large, max-video-preview:-1\" \/>\n<link rel=\"canonical\" href=\"http:\/\/universofamilia.com\/hu\/descubre-como-recuperar-fotos-y-videos-eliminados\/\" \/>\n<meta property=\"og:locale\" content=\"hu_HU\" \/>\n<meta property=\"og:type\" content=\"article\" \/>\n<meta property=\"og:title\" content=\"Descubre c\u00f3mo recuperar fotos y videos eliminados - Universo Fam\u00edlia\" \/>\n<meta property=\"og:description\" content=\"Descubre c\u00f3mo recuperar fotos y videos eliminados. \u00bfAlguna vez has sentido la frustraci\u00f3n de perder fotos y videos importantes?...\" \/>\n<meta property=\"og:url\" content=\"http:\/\/universofamilia.com\/hu\/descubre-como-recuperar-fotos-y-videos-eliminados\/\" \/>\n<meta property=\"og:site_name\" content=\"Universo Fam\u00edlia\" \/>\n<meta property=\"article:published_time\" content=\"2025-01-02T19:22:40+00:00\" \/>\n<meta property=\"og:image\" content=\"http:\/\/universofamilia.com\/wp-content\/uploads\/sites\/148\/2025\/01\/DESTAQUE-UNIVERSO-550-x-350.jpg\" \/>\n\t<meta property=\"og:image:width\" content=\"550\" \/>\n\t<meta property=\"og:image:height\" content=\"350\" \/>\n\t<meta property=\"og:image:type\" content=\"image\/jpeg\" \/>\n<meta name=\"twitter:card\" content=\"summary_large_image\" \/>\n<meta name=\"twitter:label1\" content=\"Est. reading time\" \/>\n\t<meta name=\"twitter:data1\" content=\"7 perc\" \/>\n<script type=\"application\/ld+json\" class=\"yoast-schema-graph\">{\"@context\":\"https:\/\/schema.org\",\"@graph\":[{\"@type\":\"WebPage\",\"@id\":\"http:\/\/universofamilia.com\/sk\/descubre-como-recuperar-fotos-y-videos-eliminados\/\",\"url\":\"http:\/\/universofamilia.com\/sk\/descubre-como-recuperar-fotos-y-videos-eliminados\/\",\"name\":\"Descubre c\u00f3mo recuperar fotos y videos eliminados - Universo Fam\u00edlia\",\"isPartOf\":{\"@id\":\"https:\/\/universofamilia.com\/el\/#website\"},\"primaryImageOfPage\":{\"@id\":\"http:\/\/universofamilia.com\/sk\/descubre-como-recuperar-fotos-y-videos-eliminados\/#primaryimage\"},\"image\":{\"@id\":\"http:\/\/universofamilia.com\/sk\/descubre-como-recuperar-fotos-y-videos-eliminados\/#primaryimage\"},\"thumbnailUrl\":\"http:\/\/universofamilia.com\/wp-content\/uploads\/sites\/148\/2025\/01\/DESTAQUE-UNIVERSO-550-x-350.jpg\",\"datePublished\":\"2025-01-02T19:22:40+00:00\",\"dateModified\":\"2025-01-02T19:22:40+00:00\",\"author\":{\"@id\":\"\"},\"description\":\"Descubre c\u00f3mo recuperar fotos y videos eliminados. \u00bfAlguna vez has sentido la frustraci\u00f3n de perder fotos y videos importantes?...\",\"breadcrumb\":{\"@id\":\"http:\/\/universofamilia.com\/sk\/descubre-como-recuperar-fotos-y-videos-eliminados\/#breadcrumb\"},\"inLanguage\":\"hu\",\"potentialAction\":[{\"@type\":\"ReadAction\",\"target\":[\"http:\/\/universofamilia.com\/sk\/descubre-como-recuperar-fotos-y-videos-eliminados\/\"]}]},{\"@type\":\"ImageObject\",\"inLanguage\":\"hu\",\"@id\":\"http:\/\/universofamilia.com\/sk\/descubre-como-recuperar-fotos-y-videos-eliminados\/#primaryimage\",\"url\":\"http:\/\/universofamilia.com\/wp-content\/uploads\/sites\/148\/2025\/01\/DESTAQUE-UNIVERSO-550-x-350.jpg\",\"contentUrl\":\"http:\/\/universofamilia.com\/wp-content\/uploads\/sites\/148\/2025\/01\/DESTAQUE-UNIVERSO-550-x-350.jpg\",\"width\":550,\"height\":350,\"caption\":\"Descubre c\u00f3mo recuperar fotos y videos eliminados\"},{\"@type\":\"BreadcrumbList\",\"@id\":\"http:\/\/universofamilia.com\/sk\/descubre-como-recuperar-fotos-y-videos-eliminados\/#breadcrumb\",\"itemListElement\":[{\"@type\":\"ListItem\",\"position\":1,\"name\":\"Home\",\"item\":\"https:\/\/universofamilia.com\/el\/\"},{\"@type\":\"ListItem\",\"position\":2,\"name\":\"Descubre c\u00f3mo recuperar fotos y videos eliminados\"}]},{\"@type\":\"WebSite\",\"@id\":\"https:\/\/universofamilia.com\/el\/#website\",\"url\":\"https:\/\/universofamilia.com\/el\/\",\"name\":\"Universo Fam\u00edlia\",\"description\":\"\",\"potentialAction\":[{\"@type\":\"SearchAction\",\"target\":{\"@type\":\"EntryPoint\",\"urlTemplate\":\"https:\/\/universofamilia.com\/el\/?s={search_term_string}\"},\"query-input\":\"required name=search_term_string\"}],\"inLanguage\":\"hu\"}]}<\/script>\n<!-- \/ Yoast SEO plugin. -->","yoast_head_json":{"title":"Descubre c\u00f3mo recuperar fotos y videos eliminados - Universo Fam\u00edlia","description":"Descubre c\u00f3mo recuperar fotos y videos eliminados. \u00bfAlguna vez has sentido la frustraci\u00f3n de perder fotos y videos importantes?...","robots":{"index":"index","follow":"follow","max-snippet":"max-snippet:-1","max-image-preview":"max-image-preview:large","max-video-preview":"max-video-preview:-1"},"canonical":"http:\/\/universofamilia.com\/hu\/descubre-como-recuperar-fotos-y-videos-eliminados\/","og_locale":"hu_HU","og_type":"article","og_title":"Descubre c\u00f3mo recuperar fotos y videos eliminados - Universo Fam\u00edlia","og_description":"Descubre c\u00f3mo recuperar fotos y videos eliminados. \u00bfAlguna vez has sentido la frustraci\u00f3n de perder fotos y videos importantes?...","og_url":"http:\/\/universofamilia.com\/hu\/descubre-como-recuperar-fotos-y-videos-eliminados\/","og_site_name":"Universo Fam\u00edlia","article_published_time":"2025-01-02T19:22:40+00:00","og_image":[{"width":550,"height":350,"url":"http:\/\/universofamilia.com\/wp-content\/uploads\/sites\/148\/2025\/01\/DESTAQUE-UNIVERSO-550-x-350.jpg","type":"image\/jpeg"}],"twitter_card":"summary_large_image","twitter_misc":{"Est. reading time":"7 perc"},"schema":{"@context":"https:\/\/schema.org","@graph":[{"@type":"WebPage","@id":"http:\/\/universofamilia.com\/sk\/descubre-como-recuperar-fotos-y-videos-eliminados\/","url":"http:\/\/universofamilia.com\/sk\/descubre-como-recuperar-fotos-y-videos-eliminados\/","name":"Descubre c\u00f3mo recuperar fotos y videos eliminados - Universo Fam\u00edlia","isPartOf":{"@id":"https:\/\/universofamilia.com\/el\/#website"},"primaryImageOfPage":{"@id":"http:\/\/universofamilia.com\/sk\/descubre-como-recuperar-fotos-y-videos-eliminados\/#primaryimage"},"image":{"@id":"http:\/\/universofamilia.com\/sk\/descubre-como-recuperar-fotos-y-videos-eliminados\/#primaryimage"},"thumbnailUrl":"http:\/\/universofamilia.com\/wp-content\/uploads\/sites\/148\/2025\/01\/DESTAQUE-UNIVERSO-550-x-350.jpg","datePublished":"2025-01-02T19:22:40+00:00","dateModified":"2025-01-02T19:22:40+00:00","author":{"@id":""},"description":"Descubre c\u00f3mo recuperar fotos y videos eliminados. \u00bfAlguna vez has sentido la frustraci\u00f3n de perder fotos y videos importantes?...","breadcrumb":{"@id":"http:\/\/universofamilia.com\/sk\/descubre-como-recuperar-fotos-y-videos-eliminados\/#breadcrumb"},"inLanguage":"hu","potentialAction":[{"@type":"ReadAction","target":["http:\/\/universofamilia.com\/sk\/descubre-como-recuperar-fotos-y-videos-eliminados\/"]}]},{"@type":"ImageObject","inLanguage":"hu","@id":"http:\/\/universofamilia.com\/sk\/descubre-como-recuperar-fotos-y-videos-eliminados\/#primaryimage","url":"http:\/\/universofamilia.com\/wp-content\/uploads\/sites\/148\/2025\/01\/DESTAQUE-UNIVERSO-550-x-350.jpg","contentUrl":"http:\/\/universofamilia.com\/wp-content\/uploads\/sites\/148\/2025\/01\/DESTAQUE-UNIVERSO-550-x-350.jpg","width":550,"height":350,"caption":"Descubre c\u00f3mo recuperar fotos y videos eliminados"},{"@type":"BreadcrumbList","@id":"http:\/\/universofamilia.com\/sk\/descubre-como-recuperar-fotos-y-videos-eliminados\/#breadcrumb","itemListElement":[{"@type":"ListItem","position":1,"name":"Home","item":"https:\/\/universofamilia.com\/el\/"},{"@type":"ListItem","position":2,"name":"Descubre c\u00f3mo recuperar fotos y videos eliminados"}]},{"@type":"WebSite","@id":"https:\/\/universofamilia.com\/el\/#website","url":"https:\/\/universofamilia.com\/el\/","name":"Universo Fam\u00edlia","description":"","potentialAction":[{"@type":"SearchAction","target":{"@type":"EntryPoint","urlTemplate":"https:\/\/universofamilia.com\/el\/?s={search_term_string}"},"query-input":"required name=search_term_string"}],"inLanguage":"hu"}]}},"_links":{"self":[{"href":"http:\/\/universofamilia.com\/hu\/wp-json\/wp\/v2\/posts\/7958"}],"collection":[{"href":"http:\/\/universofamilia.com\/hu\/wp-json\/wp\/v2\/posts"}],"about":[{"href":"http:\/\/universofamilia.com\/hu\/wp-json\/wp\/v2\/types\/post"}],"replies":[{"embeddable":true,"href":"http:\/\/universofamilia.com\/hu\/wp-json\/wp\/v2\/comments?post=7958"}],"version-history":[{"count":0,"href":"http:\/\/universofamilia.com\/hu\/wp-json\/wp\/v2\/posts\/7958\/revisions"}],"wp:featuredmedia":[{"embeddable":true,"href":"http:\/\/universofamilia.com\/hu\/wp-json\/wp\/v2\/media\/7932"}],"wp:attachment":[{"href":"http:\/\/universofamilia.com\/hu\/wp-json\/wp\/v2\/media?parent=7958"}],"wp:term":[{"taxonomy":"category","embeddable":true,"href":"http:\/\/universofamilia.com\/hu\/wp-json\/wp\/v2\/categories?post=7958"},{"taxonomy":"post_tag","embeddable":true,"href":"http:\/\/universofamilia.com\/hu\/wp-json\/wp\/v2\/tags?post=7958"}],"curies":[{"name":"wp","href":"https:\/\/api.w.org\/{rel}","templated":true}]}}