{"id":8614,"date":"2025-02-07T14:43:15","date_gmt":"2025-02-07T14:43:15","guid":{"rendered":"https:\/\/universofamilia.com\/?p=8614"},"modified":"2025-10-13T15:29:33","modified_gmt":"2025-10-13T18:29:33","slug":"la-aplicacion-mas-completa-de-la-biblia-catolica-conoce-laudate","status":"publish","type":"post","link":"http:\/\/universofamilia.com\/hu\/la-aplicacion-mas-completa-de-la-biblia-catolica-conoce-laudate\/","title":{"rendered":"A katolikus Biblia legteljesebb alkalmaz\u00e1sa: Fedezze fel a Laudate-ot"},"content":{"rendered":"<p>A technol\u00f3gia megk\u00f6nny\u00edtette Isten szav\u00e1hoz val\u00f3 hozz\u00e1f\u00e9r\u00e9st, \u00e9s ma m\u00e1r lehets\u00e9ges, hogy a Bibli\u00e1t a zseb\u00fcnkben hordjuk, praktikus \u00e9s \u00e1tfog\u00f3 alkalmaz\u00e1sokkal.<\/p>\n\n\n\n<p>Ha keresel egy <strong>Katolikus Biblia alkalmaz\u00e1s<\/strong> teljes, im\u00e1kkal, napi olvasm\u00e1nyokkal \u00e9s egy\u00e9b forr\u00e1sokkal, <strong>Laudate<\/strong> kiv\u00e1l\u00f3 lehet\u0151s\u00e9g.<\/p>\n\n\n\n<h2 class=\"wp-block-heading\">Mi\u00e9rt \u00e9rdemes katolikus Bibliaalkalmaz\u00e1st haszn\u00e1lni?<\/h2>\n\n\n\n<p>A katolikus bibliai alkalmaz\u00e1sok k\u00f6nnyen hozz\u00e1f\u00e9rhet\u0151 \u00e9s praktikus m\u00f3dot k\u00edn\u00e1lnak a hit elm\u00e9ly\u00edt\u00e9s\u00e9re.<\/p>\n\n\n\n<p>A napi olvasm\u00e1nyokt\u00f3l az interakt\u00edv imaeszk\u00f6z\u00f6kig terjed\u0151 funkci\u00f3kkal ezek az alkalmaz\u00e1sok mag\u00e1val ragad\u00f3bb \u00e9s \u00e1tfog\u00f3bb \u00e9lm\u00e9nyt ny\u00fajtanak.<\/p>\n\n\n\n<p><strong>Laudate<\/strong> Ez az egyik legn\u00e9pszer\u0171bb alkalmaz\u00e1s, \u00e9s sz\u00e1mos el\u0151nnyel j\u00e1r a h\u00edv\u0151k sz\u00e1m\u00e1ra, akik er\u0151s\u00edteni szeretn\u00e9k lelkis\u00e9g\u00fcket.<\/p>\n\n\n\n<h2 class=\"wp-block-heading\">Mi az a Laudate alkalmaz\u00e1s?<\/h2>\n\n\n\n<p><strong>Laudate<\/strong> Ez az egyik legteljesebb katolikus alkalmaz\u00e1s, ingyenesen el\u00e9rhet\u0151 <strong>Android<\/strong> \u00e9s <strong>iOS<\/strong>.<\/p>\n\n\n\n<p>\u00dagy tervezt\u00e9k, hogy seg\u00edtse a h\u00edv\u0151ket lelki \u00e9let\u00fckben, \u00e9s sz\u00e1mos alapvet\u0151 eszk\u00f6zt k\u00edn\u00e1l, amelyek megk\u00f6nny\u00edtik a hozz\u00e1f\u00e9r\u00e9st Isten Ig\u00e9j\u00e9hez \u00e9s m\u00e1s \u00e1h\u00edtatos gyakorlatokhoz.<\/p>\n\n\n\n<p>M\u00e1s alkalmaz\u00e1sokkal ellent\u00e9tben, <strong>Laudate<\/strong> Nemcsak a Szent\u00edr\u00e1s olvas\u00e1s\u00e1t teszi lehet\u0151v\u00e9, hanem kieg\u00e9sz\u00edt\u0151 forr\u00e1sokat is biztos\u00edt, mint p\u00e9ld\u00e1ul a Katolikus Egyh\u00e1z Katekizmusa \u00e9s a hivatalos Vatik\u00e1ni dokumentumok.<\/p>\n\n\n\n<p>Intuit\u00edv kezel\u0151fel\u00fclet\u00e9nek \u00e9s kiterjedt tartalomt\u00e1r\u00e1nak k\u00f6sz\u00f6nhet\u0151en, <strong>Laudate<\/strong> n\u00e9lk\u00fcl\u00f6zhetetlen er\u0151forr\u00e1ss\u00e1 v\u00e1lt h\u00edv\u0151k milli\u00f3i sz\u00e1m\u00e1ra vil\u00e1gszerte.<\/p>\n\n\n\n<p>Az is el\u0151nye, hogy szem\u00e9lyre szabott felhaszn\u00e1l\u00f3i \u00e9lm\u00e9nyt ny\u00fajt. Be\u00e1ll\u00edthatsz napi \u00e9rtes\u00edt\u00e9seket, hogy bibliai r\u00e9szeket, aj\u00e1nlott im\u00e1kat \u00e9s lelki elm\u00e9lked\u00e9seket kapj.<\/p>\n\n\n\n<p>Az audio funkci\u00f3 egy m\u00e1sik kiemelked\u0151 elem, amely lehet\u0151v\u00e9 teszi a felhaszn\u00e1l\u00f3k sz\u00e1m\u00e1ra, hogy bibliai olvasm\u00e1nyokat \u00e9s elm\u00e9lked\u00e9seket hallgathassanak, mik\u00f6zben m\u00e1s napi tev\u00e9kenys\u00e9geket v\u00e9geznek.<\/p>\n\n\n\n<h3 class=\"wp-block-heading\">A Laudate f\u0151bb jellemz\u0151i<\/h3>\n\n\n\n<ul>\n<li><strong>Teljes katolikus Biblia<\/strong>Offline olvas\u00e1s k\u00fcl\u00f6nb\u00f6z\u0151 v\u00e1ltozatokb\u00f3l, bele\u00e9rtve az \u00daj Amerikai Bibli\u00e1t (NAB) \u00e9s a Douay-Rheims-et.<\/li>\n\n\n\n<li><strong>A mise napi olvasm\u00e1nyai<\/strong>Hozz\u00e1f\u00e9r\u00e9s a napi liturgi\u00e1hoz, hangfelv\u00e9tellel.<\/li>\n\n\n\n<li><strong>Az \u00d3r\u00e1k Liturgi\u00e1ja<\/strong>Az egyh\u00e1z hivatalos im\u00e1i a nap k\u00fcl\u00f6nb\u00f6z\u0151 szakaszaira.<\/li>\n\n\n\n<li><strong>Interakt\u00edv r\u00f3zsaf\u00fcz\u00e9r<\/strong>: Teljes k\u00f6r\u0171 \u00fatmutat\u00f3 a r\u00f3zsaf\u00fcz\u00e9r im\u00e1dkoz\u00e1s\u00e1hoz.<\/li>\n\n\n\n<li><strong>A Katolikus Egyh\u00e1z Katekizmusa<\/strong>Teljes sz\u00f6veg tanulm\u00e1nyoz\u00e1shoz \u00e9s elm\u00e9lked\u00e9shez.<\/li>\n\n\n\n<li><strong>K\u00fcl\u00f6nb\u00f6z\u0151 im\u00e1k<\/strong>: Tartalmazza a hagyom\u00e1nyos im\u00e1kat, kilencedet \u00e9s \u00e1h\u00edtatokat.<\/li>\n\n\n\n<li><strong>Napi misek\u00f6nyv<\/strong>Seg\u00edts\u00e9g a szentmis\u00e9n val\u00f3 akt\u00edv r\u00e9szv\u00e9telben.<\/li>\n\n\n\n<li><strong>Vatik\u00e1ni dokumentumok<\/strong>Hozz\u00e1f\u00e9r\u00e9s enciklik\u00e1khoz \u00e9s m\u00e1s hivatalos dokumentumokhoz.<\/li>\n\n\n\n<li><strong>A mise \u00e9l\u0151 k\u00f6zvet\u00edt\u00e9se<\/strong>: T\u00e1volr\u00f3l k\u00f6vetni az \u00fcnnepl\u00e9st.<\/li>\n\n\n\n<li><strong>Vezetett gy\u00f3n\u00e1s<\/strong>: Eszk\u00f6z, amely seg\u00edt a lelkiismeret-vizsg\u00e1latban \u00e9s a gy\u00f3n\u00e1sra val\u00f3 felk\u00e9sz\u00fcl\u00e9sben.<\/li>\n\n\n\n<li><strong>Medit\u00e1ci\u00f3k \u00e9s elm\u00e9lked\u00e9sek<\/strong>Napi spiritu\u00e1lis tartalom a hit meger\u0151s\u00edt\u00e9s\u00e9re.<\/li>\n\n\n\n<li><strong>A nap szentjei<\/strong>Inform\u00e1ci\u00f3k az \u00e9v egyes napj\u00e1n \u00fcnnepelt szentek \u00e9let\u00e9r\u0151l.<\/li>\n<\/ul>\n\n\n\n<p>Ezekkel az er\u0151forr\u00e1sokkal, <strong>Laudate<\/strong> v\u00e1lik a <strong>a katolikus Biblia legteljesebb alkalmaz\u00e1sa<\/strong>, ide\u00e1lis azok sz\u00e1m\u00e1ra, akik a gyakorlatiass\u00e1got \u00e9s a hit\u00fck m\u00e9lyebb meg\u00e9rt\u00e9s\u00e9t keresik.<\/p>\n\n\n\n<h2 class=\"wp-block-heading\">Egy\u00e9b aj\u00e1nlott alkalmaz\u00e1sok<\/h2>\n\n\n\n<p>R\u00e1ad\u00e1sul <strong>Laudate<\/strong>, vannak m\u00e1sok is <strong>Bibliaolvas\u00f3 alkalmaz\u00e1sok<\/strong> \u00e9s im\u00e1k, amelyek seg\u00edthetnek a hit\u00e9letedben. Fedezd fel \u0151ket:<\/p>\n\n\n\n<h3 class=\"wp-block-heading\">1. <strong>Bibliaalkalmaz\u00e1s \u2013 YouVersion<\/strong><\/h3>\n\n\n\n<p>A <strong>Bibliaalkalmaz\u00e1s<\/strong> a vil\u00e1g egyik legn\u00e9pszer\u0171bb bibliaolvas\u00f3 alkalmaz\u00e1sa.<\/p>\n\n\n\n<p>T\u00f6bbf\u00e9le ford\u00edt\u00e1st, hangosk\u00f6nyv-v\u00e1ltozatot \u00e9s olvas\u00e1si tervet k\u00edn\u00e1l. B\u00e1r nem kiz\u00e1r\u00f3lag katolikusoknak sz\u00f3l, olyan lehet\u0151s\u00e9geket is k\u00edn\u00e1l, amelyek j\u00f3l illeszkednek ehhez a k\u00f6z\u00f6ns\u00e9ghez.<\/p>\n\n\n\n<h3 class=\"wp-block-heading\">2. <strong>Im\u00e1dkoz\u00f3 katolikus<\/strong><\/h3>\n\n\n\n<p>Ez a brazil alkalmaz\u00e1s a k\u00f6vetkez\u0151ket k\u00edn\u00e1lja: <strong>Napi liturgia<\/strong>, im\u00e1k, a Nap Szentje \u00e9s a r\u00f3zsaf\u00fcz\u00e9r.<\/p>\n\n\n\n<p>Ez egy kiv\u00e1l\u00f3 lehet\u0151s\u00e9g azok sz\u00e1m\u00e1ra, akik egy <strong>Katolikus imaalkalmaz\u00e1s<\/strong>.<\/p>\n\n\n\n<h3 class=\"wp-block-heading\">3. <strong>A nap evang\u00e9liuma<\/strong><\/h3>\n\n\n\n<p>A napi olvasm\u00e1nyokra \u00f6sszpontos\u00edtva, ez <strong>napi misek\u00f6nyv alkalmaz\u00e1s<\/strong> lehet\u0151v\u00e9 teszi, hogy minden nap k\u00f6vesd Isten Ig\u00e9j\u00e9t.<\/p>\n\n\n\n<p>Ide\u00e1lis azok sz\u00e1m\u00e1ra, akik napi elm\u00e9lked\u00e9sre \u00e9s im\u00e1ra v\u00e1gynak.<\/p>\n\n\n\n<h2 class=\"wp-block-heading\">Az alkalmaz\u00e1sok hat\u00e1sa a spiritualit\u00e1sra<\/h2>\n\n\n\n<p>A vall\u00e1si alkalmaz\u00e1sok fontos szerepet j\u00e1tszanak a modern h\u00edv\u0151k \u00e9let\u00e9ben.<\/p>\n\n\n\n<p>A rohan\u00f3, digit\u00e1lis vil\u00e1gban sok embernek neh\u00e9zs\u00e9get okoz a lelki fegyelm\u00e9nek fenntart\u00e1sa.<\/p>\n\n\n\n<p>Alkalmaz\u00e1sok, mint p\u00e9ld\u00e1ul <strong>Laudate<\/strong> \u00e9s m\u00e1s aj\u00e1nl\u00e1sok gyakorlati megold\u00e1sokat k\u00edn\u00e1lnak a hit meger\u0151s\u00edt\u00e9s\u00e9re, lehet\u0151v\u00e9 t\u00e9ve a felhaszn\u00e1l\u00f3k sz\u00e1m\u00e1ra, hogy mindig k\u00e9zn\u00e9l legyenek a Szent\u00edr\u00e1sok, az im\u00e1k \u00e9s az elm\u00e9lked\u00e9sek.<\/p>\n\n\n\n<p>Ezenk\u00edv\u00fcl ezek az alkalmaz\u00e1sok \u00f6szt\u00f6nzik a napi ima \u00e9s a bibliaolvas\u00e1s szok\u00e1s\u00e1t, \u00edgy a katolikus hit m\u00e9lyebb meg\u00e9rt\u00e9se k\u00f6nnyebben el\u00e9rhet\u0151.<\/p>\n\n\n\n<p>Az olyan funkci\u00f3k, mint a napi \u00e9rtes\u00edt\u00e9sek \u00e9s az imaeml\u00e9keztet\u0151k, seg\u00edtenek a felhaszn\u00e1l\u00f3knak k\u00f6vetkezetes lelki rutint fenntartani, ami elengedhetetlen a hitben val\u00f3 n\u00f6veked\u00e9shez.<\/p>\n\n\n\n<h2 class=\"wp-block-heading\">K\u00f6vetkeztet\u00e9s<\/h2>\n\n\n\n<p>Ha szeretn\u00e9l egyet <strong>alkalmaz\u00e1s a Biblia olvas\u00e1s\u00e1hoz a mobiltelefonodon<\/strong>, <strong>Laudate<\/strong> az egyik legjobb lehet\u0151s\u00e9g.<\/p>\n\n\n\n<p>Van <strong>ingyenes, teljes \u00e9s k\u00fcl\u00f6nf\u00e9le forr\u00e1sokkal<\/strong> amelyek seg\u00edtik a katolikus lelkis\u00e9get. Ezenk\u00edv\u00fcl olyan alkalmaz\u00e1sok is, mint <strong>Bibliaalkalmaz\u00e1s, im\u00e1dkoz\u00f3 katolikus<\/strong> \u00e9s <strong>A nap evang\u00e9liuma<\/strong> szint\u00e9n kiv\u00e1l\u00f3 alternat\u00edv\u00e1k.<\/p>\n\n\n\n<p>F\u00fcggetlen\u00fcl att\u00f3l, hogy melyik alkalmaz\u00e1st v\u00e1lasztod, a legfontosabb, hogy a hit \u00e9s az ima jelen legyen a mindennapi \u00e9letedben.<\/p>\n\n\n\n<p>V\u00e1laszd ki a rutinodhoz legink\u00e1bb ill\u0151 alkalmaz\u00e1st, \u00e9s er\u0151s\u00edtsd a spiritualit\u00e1sodat. \ud83d\ude4f<\/p>\n\n\n\n<h3 class=\"wp-block-heading\">\ud83d\udccc <strong>Gyakran Ism\u00e9telt K\u00e9rd\u00e9sek (GYIK) a Katolikus Bibliaalkalmaz\u00e1sokr\u00f3l<\/strong><\/h3>\n\n\n\n<h4 class=\"wp-block-heading\"><strong>1. Melyik a legjobb alkalmaz\u00e1s a katolikus Biblia olvas\u00e1s\u00e1hoz a mobiltelefonomon?<\/strong><\/h4>\n\n\n\n<p>A legjobb alkalmaz\u00e1s az olvas\u00e1shoz <strong>Katolikus Biblia<\/strong> a mobiltelefonon az van <strong>Laudate<\/strong>, mivel a teljes Bibli\u00e1t t\u00f6bb v\u00e1ltozatban k\u00edn\u00e1lja, valamint olyan eszk\u00f6z\u00f6ket, mint a Szent R\u00f3zsaf\u00fcz\u00e9r, a Katolikus Egyh\u00e1z Katekizmusa \u00e9s az Ima\u00f3r\u00e1k Liturgi\u00e1ja.<\/p>\n\n\n\n<p>Ezenk\u00edv\u00fcl b\u00e1rmikor hozz\u00e1f\u00e9rhetsz a napi olvasm\u00e1nyokhoz \u00e9s im\u00e1khoz. Tov\u00e1bbi aj\u00e1nlott alkalmaz\u00e1sok: <strong>Bibliaalkalmaz\u00e1s \u2013 YouVersion<\/strong>, <strong>Im\u00e1dkoz\u00f3 katolikus<\/strong> \u00e9s <strong>A nap evang\u00e9liuma<\/strong>.<\/p>\n\n\n\n<h4 class=\"wp-block-heading\"><strong>2. M\u0171k\u00f6dnek a katolikus Biblia alkalmaz\u00e1sok internetkapcsolat n\u00e9lk\u00fcl?<\/strong><\/h4>\n\n\n\n<p>Igen, sok <strong>Bibliaolvas\u00f3 alkalmaz\u00e1sok<\/strong> hozz\u00e1f\u00e9r\u00e9s enged\u00e9lyez\u00e9se internetkapcsolat n\u00e9lk\u00fcl. <strong>Laudate<\/strong> Ebben az \u00e9rtelemben az egyik legteljesebb, mivel lehet\u0151v\u00e9 teszi a Biblia \u00e9s m\u00e1s forr\u00e1sok, p\u00e9ld\u00e1ul a Katekizmus \u00e9s az im\u00e1k let\u00f6lt\u00e9s\u00e9t.<\/p>\n\n\n\n<p>Bizonyos funkci\u00f3khoz, p\u00e9ld\u00e1ul a mis\u00e9k \u00e9l\u0151 k\u00f6zvet\u00edt\u00e9s\u00e9hez azonban internetkapcsolat sz\u00fcks\u00e9ges.<\/p>\n\n\n\n<h4 class=\"wp-block-heading\"><strong>3. Vannak hangosk\u00f6nyves katolikus bibliai alkalmaz\u00e1sok?<\/strong><\/h4>\n\n\n\n<p>Igen, sz\u00e1mos alkalmaz\u00e1s k\u00edn\u00e1lja a lehet\u0151s\u00e9get <strong>Hangos Biblia<\/strong> hogy b\u00e1rmikor k\u00f6nnyebb legyen hallgatni a Szent\u00edr\u00e1st.<\/p>\n\n\n\n<p><strong>Laudate<\/strong> \u00e9s <strong>Bibliaalkalmaz\u00e1s \u2013 YouVersion<\/strong> Lehet\u0151v\u00e9 teszik, hogy napi verseket \u00e9s olvasm\u00e1nyokat hallgass, ami ide\u00e1lis azok sz\u00e1m\u00e1ra, akik ink\u00e1bb hallgatnak, mint olvasnak.<\/p>\n\n\n\n<h4 class=\"wp-block-heading\"><strong>4. Melyik a legjobb katolikus alkalmaz\u00e1s a napi im\u00e1hoz?<\/strong><\/h4>\n\n\n\n<p>Ha keresel egy <strong>Katolikus imaalkalmaz\u00e1s<\/strong>, <strong>Laudate<\/strong> Kiv\u00e1l\u00f3 v\u00e1laszt\u00e1s, mivel nagysz\u00e1m\u00fa im\u00e1t, kilencedet \u00e9s \u00e1h\u00edtatot tartalmaz.<\/p>\n\n\n\n<p><strong>Im\u00e1dkoz\u00f3 katolikus<\/strong> Aj\u00e1nlott alternat\u00edvak\u00e9nt is haszn\u00e1lhat\u00f3, exkluz\u00edv spanyol nyelv\u0171 tartalommal \u00e9s olyan eszk\u00f6z\u00f6kkel, mint a Napi Szent \u00e9s a Napi Liturgia.<\/p>\n\n\n\n<h4 class=\"wp-block-heading\"><strong>5. Vannak alkalmaz\u00e1sok, amelyekkel \u00e9l\u0151ben lehet n\u00e9zni a mis\u00e9t?<\/strong><\/h4>\n\n\n\n<p>Igen, egyes alkalmaz\u00e1sok lehet\u0151v\u00e9 teszik a megtekint\u00e9s\u00e9t <strong>\u00c9l\u0151 mise<\/strong> val\u00f3s idej\u0171 \u00e1tviteleken kereszt\u00fcl.<\/p>\n\n\n\n<p><strong>Laudate<\/strong> hozz\u00e1f\u00e9r\u00e9st biztos\u00edt a Vatik\u00e1nb\u00f3l \u00e9s m\u00e1s helysz\u00ednekr\u0151l k\u00f6zvet\u00edtett mis\u00e9khez, \u00edgy k\u00f6nnyen r\u00e9szt vehet az Euchariszti\u00e1ban a vil\u00e1g b\u00e1rmely pontj\u00e1r\u00f3l.<\/p>\n\n\n\n<h4 class=\"wp-block-heading\"><strong>6. Ingyenesek a katolikus Biblia alkalmaz\u00e1sok?<\/strong><\/h4>\n\n\n\n<p>A legt\u00f6bb <strong>ingyenes katolikus alkalmaz\u00e1sok<\/strong> Ingyenesen el\u00e9rhet\u0151v\u00e9 teszik a Bibli\u00e1t, az im\u00e1kat \u00e9s a napi olvasm\u00e1nyokat.<\/p>\n\n\n\n<p><strong>Laudate, im\u00e1dkoz\u00f3 katolikus<\/strong> \u00e9s <strong>A nap evang\u00e9liuma<\/strong> fizet\u00e9s n\u00e9lk\u00fcl el\u00e9rhet\u0151k, b\u00e1r egyes alkalmaz\u00e1sok tartalmazhatnak opcion\u00e1lis v\u00e1s\u00e1rl\u00e1sokat tov\u00e1bbi funkci\u00f3k felold\u00e1s\u00e1hoz.<\/p>\n\n\n\n<h4 class=\"wp-block-heading\"><strong>7. Melyik a legjobb katolikus alkalmaz\u00e1s bibliatanulm\u00e1nyoz\u00e1shoz?<\/strong><\/h4>\n\n\n\n<p>Mert <strong>m\u00e9lyrehat\u00f3 bibliatanulm\u00e1nyoz\u00e1sok<\/strong>, <strong>Laudate<\/strong> Ez az egyik legjobb lehet\u0151s\u00e9g, mivel tartalmazza a k\u00f6vetkez\u0151ket: <strong>A Katolikus Egyh\u00e1z Katekizmusa<\/strong>, Vatik\u00e1ni dokumentumok \u00e9s hozz\u00e1f\u00e9r\u00e9s a Biblia k\u00fcl\u00f6nb\u00f6z\u0151 v\u00e1ltozataihoz.<\/p>\n\n\n\n<p>Az is aj\u00e1nlott <strong>Bibliaalkalmaz\u00e1s \u2013 YouVersion<\/strong>, amely olvas\u00e1si terveket \u00e9s ir\u00e1ny\u00edtott tanulm\u00e1nyokat k\u00edn\u00e1l.<\/p>","protected":false},"excerpt":{"rendered":"<p>A technol\u00f3gia megk\u00f6nny\u00edtette Isten szav\u00e1hoz val\u00f3 hozz\u00e1f\u00e9r\u00e9st, \u00e9s ma m\u00e1r lehet\u0151s\u00e9g van arra, hogy a Bibli\u00e1t a zseb\u00fcnkben hordjuk a praktikus \u00e9s \u00e1tfog\u00f3 alkalmaz\u00e1sokkal. Ha egy teljes katolikus bibliai alkalmaz\u00e1st keresel im\u00e1kkal, napi olvasm\u00e1nyokkal \u00e9s egy\u00e9b forr\u00e1sokkal, a Laudate kiv\u00e1l\u00f3 v\u00e1laszt\u00e1s. Mi\u00e9rt \u00e9rdemes katolikus bibliai alkalmaz\u00e1st haszn\u00e1lni?<\/p>","protected":false},"author":139,"featured_media":8615,"comment_status":"closed","ping_status":"open","sticky":false,"template":"","format":"standard","meta":{"footnotes":""},"categories":[2],"tags":[1819,1821,1818,1820,1822],"yoast_head":"<!-- This site is optimized with the Yoast SEO plugin v23.3 - https:\/\/yoast.com\/wordpress\/plugins\/seo\/ -->\n<title>La aplicaci\u00f3n m\u00e1s completa de la Biblia Cat\u00f3lica: Conoce Laudate - Universo Fam\u00edlia<\/title>\n<meta name=\"description\" content=\"La aplicaci\u00f3n m\u00e1s completa de la Biblia Cat\u00f3lica: Conoce Laudate. La tecnolog\u00eda ha facilitado el acceso a la palabra de Dios, y hoy es posible...\" \/>\n<meta name=\"robots\" content=\"index, follow, max-snippet:-1, max-image-preview:large, max-video-preview:-1\" \/>\n<link rel=\"canonical\" href=\"https:\/\/universofamilia.com\/hu\/la-aplicacion-mas-completa-de-la-biblia-catolica-conoce-laudate\/\" \/>\n<meta property=\"og:locale\" content=\"hu_HU\" \/>\n<meta property=\"og:type\" content=\"article\" \/>\n<meta property=\"og:title\" content=\"La aplicaci\u00f3n m\u00e1s completa de la Biblia Cat\u00f3lica: Conoce Laudate - Universo Fam\u00edlia\" \/>\n<meta property=\"og:description\" content=\"La aplicaci\u00f3n m\u00e1s completa de la Biblia Cat\u00f3lica: Conoce Laudate. La tecnolog\u00eda ha facilitado el acceso a la palabra de Dios, y hoy es posible...\" \/>\n<meta property=\"og:url\" content=\"https:\/\/universofamilia.com\/hu\/la-aplicacion-mas-completa-de-la-biblia-catolica-conoce-laudate\/\" \/>\n<meta property=\"og:site_name\" content=\"Universo Fam\u00edlia\" \/>\n<meta property=\"article:published_time\" content=\"2025-02-07T14:43:15+00:00\" \/>\n<meta property=\"article:modified_time\" content=\"2025-10-13T18:29:33+00:00\" \/>\n<meta property=\"og:image\" content=\"https:\/\/universofamilia.com\/wp-content\/uploads\/sites\/148\/2025\/02\/POST-PARA-APP-ARTIGO-2-1.jpg\" \/>\n\t<meta property=\"og:image:width\" content=\"1080\" \/>\n\t<meta property=\"og:image:height\" content=\"1080\" \/>\n\t<meta property=\"og:image:type\" content=\"image\/jpeg\" \/>\n<meta name=\"author\" content=\"Pedro Henrique\" \/>\n<meta name=\"twitter:card\" content=\"summary_large_image\" \/>\n<meta name=\"twitter:label1\" content=\"Written by\" \/>\n\t<meta name=\"twitter:data1\" content=\"Pedro Henrique\" \/>\n\t<meta name=\"twitter:label2\" content=\"Est. reading time\" \/>\n\t<meta name=\"twitter:data2\" content=\"7 perc\" \/>\n<script type=\"application\/ld+json\" class=\"yoast-schema-graph\">{\"@context\":\"https:\/\/schema.org\",\"@graph\":[{\"@type\":\"WebPage\",\"@id\":\"https:\/\/universofamilia.com\/ro\/la-aplicacion-mas-completa-de-la-biblia-catolica-conoce-laudate\/\",\"url\":\"https:\/\/universofamilia.com\/ro\/la-aplicacion-mas-completa-de-la-biblia-catolica-conoce-laudate\/\",\"name\":\"La aplicaci\u00f3n m\u00e1s completa de la Biblia Cat\u00f3lica: Conoce Laudate - Universo Fam\u00edlia\",\"isPartOf\":{\"@id\":\"https:\/\/universofamilia.com\/el\/#website\"},\"primaryImageOfPage\":{\"@id\":\"https:\/\/universofamilia.com\/ro\/la-aplicacion-mas-completa-de-la-biblia-catolica-conoce-laudate\/#primaryimage\"},\"image\":{\"@id\":\"https:\/\/universofamilia.com\/ro\/la-aplicacion-mas-completa-de-la-biblia-catolica-conoce-laudate\/#primaryimage\"},\"thumbnailUrl\":\"http:\/\/universofamilia.com\/wp-content\/uploads\/sites\/148\/2025\/02\/POST-PARA-APP-ARTIGO-2-1.jpg\",\"datePublished\":\"2025-02-07T14:43:15+00:00\",\"dateModified\":\"2025-10-13T18:29:33+00:00\",\"author\":{\"@id\":\"https:\/\/universofamilia.com\/el\/#\/schema\/person\/f07ce98187dd84d31154262e79b3b7ca\"},\"description\":\"La aplicaci\u00f3n m\u00e1s completa de la Biblia Cat\u00f3lica: Conoce Laudate. La tecnolog\u00eda ha facilitado el acceso a la palabra de Dios, y hoy es posible...\",\"breadcrumb\":{\"@id\":\"https:\/\/universofamilia.com\/ro\/la-aplicacion-mas-completa-de-la-biblia-catolica-conoce-laudate\/#breadcrumb\"},\"inLanguage\":\"hu\",\"potentialAction\":[{\"@type\":\"ReadAction\",\"target\":[\"https:\/\/universofamilia.com\/ro\/la-aplicacion-mas-completa-de-la-biblia-catolica-conoce-laudate\/\"]}]},{\"@type\":\"ImageObject\",\"inLanguage\":\"hu\",\"@id\":\"https:\/\/universofamilia.com\/ro\/la-aplicacion-mas-completa-de-la-biblia-catolica-conoce-laudate\/#primaryimage\",\"url\":\"http:\/\/universofamilia.com\/wp-content\/uploads\/sites\/148\/2025\/02\/POST-PARA-APP-ARTIGO-2-1.jpg\",\"contentUrl\":\"http:\/\/universofamilia.com\/wp-content\/uploads\/sites\/148\/2025\/02\/POST-PARA-APP-ARTIGO-2-1.jpg\",\"width\":1080,\"height\":1080,\"caption\":\"La aplicaci\u00f3n m\u00e1s completa de la Biblia Cat\u00f3lica: Conoce Laudate\"},{\"@type\":\"BreadcrumbList\",\"@id\":\"https:\/\/universofamilia.com\/ro\/la-aplicacion-mas-completa-de-la-biblia-catolica-conoce-laudate\/#breadcrumb\",\"itemListElement\":[{\"@type\":\"ListItem\",\"position\":1,\"name\":\"Home\",\"item\":\"https:\/\/universofamilia.com\/el\/\"},{\"@type\":\"ListItem\",\"position\":2,\"name\":\"La aplicaci\u00f3n m\u00e1s completa de la Biblia Cat\u00f3lica: Conoce Laudate\"}]},{\"@type\":\"WebSite\",\"@id\":\"https:\/\/universofamilia.com\/el\/#website\",\"url\":\"https:\/\/universofamilia.com\/el\/\",\"name\":\"Universo Fam\u00edlia\",\"description\":\"\",\"potentialAction\":[{\"@type\":\"SearchAction\",\"target\":{\"@type\":\"EntryPoint\",\"urlTemplate\":\"https:\/\/universofamilia.com\/el\/?s={search_term_string}\"},\"query-input\":\"required name=search_term_string\"}],\"inLanguage\":\"hu\"},{\"@type\":\"Person\",\"@id\":\"https:\/\/universofamilia.com\/el\/#\/schema\/person\/f07ce98187dd84d31154262e79b3b7ca\",\"name\":\"Pedro Henrique\",\"image\":{\"@type\":\"ImageObject\",\"inLanguage\":\"hu\",\"@id\":\"https:\/\/universofamilia.com\/el\/#\/schema\/person\/image\/\",\"url\":\"http:\/\/0.gravatar.com\/avatar\/9edfeb808cb4e1599f64d6e45b130154?s=96&d=mm&r=g\",\"contentUrl\":\"http:\/\/0.gravatar.com\/avatar\/9edfeb808cb4e1599f64d6e45b130154?s=96&d=mm&r=g\",\"caption\":\"Pedro Henrique\"},\"url\":\"http:\/\/universofamilia.com\/hu\/author\/editor01\/\"}]}<\/script>\n<!-- \/ Yoast SEO plugin. -->","yoast_head_json":{"title":"La aplicaci\u00f3n m\u00e1s completa de la Biblia Cat\u00f3lica: Conoce Laudate - Universo Fam\u00edlia","description":"La aplicaci\u00f3n m\u00e1s completa de la Biblia Cat\u00f3lica: Conoce Laudate. La tecnolog\u00eda ha facilitado el acceso a la palabra de Dios, y hoy es posible...","robots":{"index":"index","follow":"follow","max-snippet":"max-snippet:-1","max-image-preview":"max-image-preview:large","max-video-preview":"max-video-preview:-1"},"canonical":"https:\/\/universofamilia.com\/hu\/la-aplicacion-mas-completa-de-la-biblia-catolica-conoce-laudate\/","og_locale":"hu_HU","og_type":"article","og_title":"La aplicaci\u00f3n m\u00e1s completa de la Biblia Cat\u00f3lica: Conoce Laudate - Universo Fam\u00edlia","og_description":"La aplicaci\u00f3n m\u00e1s completa de la Biblia Cat\u00f3lica: Conoce Laudate. La tecnolog\u00eda ha facilitado el acceso a la palabra de Dios, y hoy es posible...","og_url":"https:\/\/universofamilia.com\/hu\/la-aplicacion-mas-completa-de-la-biblia-catolica-conoce-laudate\/","og_site_name":"Universo Fam\u00edlia","article_published_time":"2025-02-07T14:43:15+00:00","article_modified_time":"2025-10-13T18:29:33+00:00","og_image":[{"width":1080,"height":1080,"url":"https:\/\/universofamilia.com\/wp-content\/uploads\/sites\/148\/2025\/02\/POST-PARA-APP-ARTIGO-2-1.jpg","type":"image\/jpeg"}],"author":"Pedro Henrique","twitter_card":"summary_large_image","twitter_misc":{"Written by":"Pedro Henrique","Est. reading time":"7 perc"},"schema":{"@context":"https:\/\/schema.org","@graph":[{"@type":"WebPage","@id":"https:\/\/universofamilia.com\/ro\/la-aplicacion-mas-completa-de-la-biblia-catolica-conoce-laudate\/","url":"https:\/\/universofamilia.com\/ro\/la-aplicacion-mas-completa-de-la-biblia-catolica-conoce-laudate\/","name":"La aplicaci\u00f3n m\u00e1s completa de la Biblia Cat\u00f3lica: Conoce Laudate - Universo Fam\u00edlia","isPartOf":{"@id":"https:\/\/universofamilia.com\/el\/#website"},"primaryImageOfPage":{"@id":"https:\/\/universofamilia.com\/ro\/la-aplicacion-mas-completa-de-la-biblia-catolica-conoce-laudate\/#primaryimage"},"image":{"@id":"https:\/\/universofamilia.com\/ro\/la-aplicacion-mas-completa-de-la-biblia-catolica-conoce-laudate\/#primaryimage"},"thumbnailUrl":"http:\/\/universofamilia.com\/wp-content\/uploads\/sites\/148\/2025\/02\/POST-PARA-APP-ARTIGO-2-1.jpg","datePublished":"2025-02-07T14:43:15+00:00","dateModified":"2025-10-13T18:29:33+00:00","author":{"@id":"https:\/\/universofamilia.com\/el\/#\/schema\/person\/f07ce98187dd84d31154262e79b3b7ca"},"description":"La aplicaci\u00f3n m\u00e1s completa de la Biblia Cat\u00f3lica: Conoce Laudate. La tecnolog\u00eda ha facilitado el acceso a la palabra de Dios, y hoy es posible...","breadcrumb":{"@id":"https:\/\/universofamilia.com\/ro\/la-aplicacion-mas-completa-de-la-biblia-catolica-conoce-laudate\/#breadcrumb"},"inLanguage":"hu","potentialAction":[{"@type":"ReadAction","target":["https:\/\/universofamilia.com\/ro\/la-aplicacion-mas-completa-de-la-biblia-catolica-conoce-laudate\/"]}]},{"@type":"ImageObject","inLanguage":"hu","@id":"https:\/\/universofamilia.com\/ro\/la-aplicacion-mas-completa-de-la-biblia-catolica-conoce-laudate\/#primaryimage","url":"http:\/\/universofamilia.com\/wp-content\/uploads\/sites\/148\/2025\/02\/POST-PARA-APP-ARTIGO-2-1.jpg","contentUrl":"http:\/\/universofamilia.com\/wp-content\/uploads\/sites\/148\/2025\/02\/POST-PARA-APP-ARTIGO-2-1.jpg","width":1080,"height":1080,"caption":"La aplicaci\u00f3n m\u00e1s completa de la Biblia Cat\u00f3lica: Conoce Laudate"},{"@type":"BreadcrumbList","@id":"https:\/\/universofamilia.com\/ro\/la-aplicacion-mas-completa-de-la-biblia-catolica-conoce-laudate\/#breadcrumb","itemListElement":[{"@type":"ListItem","position":1,"name":"Home","item":"https:\/\/universofamilia.com\/el\/"},{"@type":"ListItem","position":2,"name":"La aplicaci\u00f3n m\u00e1s completa de la Biblia Cat\u00f3lica: Conoce Laudate"}]},{"@type":"WebSite","@id":"https:\/\/universofamilia.com\/el\/#website","url":"https:\/\/universofamilia.com\/el\/","name":"Universo Fam\u00edlia","description":"","potentialAction":[{"@type":"SearchAction","target":{"@type":"EntryPoint","urlTemplate":"https:\/\/universofamilia.com\/el\/?s={search_term_string}"},"query-input":"required name=search_term_string"}],"inLanguage":"hu"},{"@type":"Person","@id":"https:\/\/universofamilia.com\/el\/#\/schema\/person\/f07ce98187dd84d31154262e79b3b7ca","name":"Pedro Henrique","image":{"@type":"ImageObject","inLanguage":"hu","@id":"https:\/\/universofamilia.com\/el\/#\/schema\/person\/image\/","url":"http:\/\/0.gravatar.com\/avatar\/9edfeb808cb4e1599f64d6e45b130154?s=96&d=mm&r=g","contentUrl":"http:\/\/0.gravatar.com\/avatar\/9edfeb808cb4e1599f64d6e45b130154?s=96&d=mm&r=g","caption":"Pedro Henrique"},"url":"http:\/\/universofamilia.com\/hu\/author\/editor01\/"}]}},"_links":{"self":[{"href":"http:\/\/universofamilia.com\/hu\/wp-json\/wp\/v2\/posts\/8614"}],"collection":[{"href":"http:\/\/universofamilia.com\/hu\/wp-json\/wp\/v2\/posts"}],"about":[{"href":"http:\/\/universofamilia.com\/hu\/wp-json\/wp\/v2\/types\/post"}],"author":[{"embeddable":true,"href":"http:\/\/universofamilia.com\/hu\/wp-json\/wp\/v2\/users\/139"}],"replies":[{"embeddable":true,"href":"http:\/\/universofamilia.com\/hu\/wp-json\/wp\/v2\/comments?post=8614"}],"version-history":[{"count":9,"href":"http:\/\/universofamilia.com\/hu\/wp-json\/wp\/v2\/posts\/8614\/revisions"}],"predecessor-version":[{"id":10089,"href":"http:\/\/universofamilia.com\/hu\/wp-json\/wp\/v2\/posts\/8614\/revisions\/10089"}],"wp:featuredmedia":[{"embeddable":true,"href":"http:\/\/universofamilia.com\/hu\/wp-json\/wp\/v2\/media\/8615"}],"wp:attachment":[{"href":"http:\/\/universofamilia.com\/hu\/wp-json\/wp\/v2\/media?parent=8614"}],"wp:term":[{"taxonomy":"category","embeddable":true,"href":"http:\/\/universofamilia.com\/hu\/wp-json\/wp\/v2\/categories?post=8614"},{"taxonomy":"post_tag","embeddable":true,"href":"http:\/\/universofamilia.com\/hu\/wp-json\/wp\/v2\/tags?post=8614"}],"curies":[{"name":"wp","href":"https:\/\/api.w.org\/{rel}","templated":true}]}}