{"id":8873,"date":"2025-03-02T14:35:27","date_gmt":"2025-03-02T14:35:27","guid":{"rendered":"https:\/\/universofamilia.com\/?p=8873"},"modified":"2025-03-02T18:02:45","modified_gmt":"2025-03-02T18:02:45","slug":"visito-tu-perfil-varias-veces-y-no-lo-sabes","status":"publish","type":"post","link":"http:\/\/universofamilia.com\/hu\/visito-tu-perfil-varias-veces-y-no-lo-sabes\/","title":{"rendered":"T\u00f6bbsz\u00f6r is megl\u00e1togatta a profilodat, \u00e9s te ezt nem is tudod!"},"content":{"rendered":"<p class=\"has-text-align-center\">Elgondolkodt\u00e1l m\u00e1r azon, hogy h\u00e1nyszor sz\u00f3lt\u00e1l m\u00e1r olyan emberekhez, akik <strong>nem ismered \u00e9s csod\u00e1lod<\/strong> a k\u00f6z\u00f6ss\u00e9gi m\u00e9di\u00e1ban?<\/p>\n\n\n\n    <div class=\"d-sm-block py-3 mx-auto px-3 mb-3\"\n        style=\"border-top: 1px solid rgb(204, 204, 204); border-bottom: 1px solid rgb(204, 204, 204);\">\n        <div class=\"text-center mb-4\">\n            <h6 class=\"pt-3 text-center text-gray-900 text-2xl title-font font-medium mb-12\">Tudd meg most azonnal, ki figyel t\u00e9ged.<\/h6>\n        <\/div>\n        <div class=\"row\">\n            <div class=\"col-lg-5 col-md-5 col-sm-12 mb-4 mb-lg-0\">\n                <img decoding=\"async\" alt=\"k\u00e1rtya\" style=\"height: 190px; object-fit: cover;\"\n                    class=\"w-100 h-100 object-cover object-center rounded border\" src=\"http:\/\/universofamilia.com\/wp-content\/uploads\/sites\/148\/2025\/03\/BLOCO-APP-ARTIGO-3.jpg\">\n            <\/div>\n            <div class=\"col-lg-7 col-md-7 col-sm-12 d-flex flex-column justify-content-between\">\n                <h3 class=\"text-gray-900 text-3xl title-font font-medium mb-1\"><\/h3>\n\n                                <div class=\"d-block text-justify py-3\">Tudd meg, ki l\u00e1togatja titokban a profilodat mostan\u00e1ban. Kattints az al\u00e1bbi gombra, \u00e9s l\u00e9gy \u00e1mulva az eredm\u00e9nyeken! \ud83d\udc47<\/div>\n                <div class=\"mt-auto d-flex flex-column align-items-end\">\n                    <a class=\"d-inline-block text-center text-white border-0 py-2 px-8 text-lg focus:outline-none rounded bg-green-700 hover:bg-green-800 btn-block\"\n                        href=\"https:\/\/influxy.br.uptodown.com\/android\"                         data-analytics-label=\"landingPageFirstButton\" data-action=\"analytics#trackCTA\">\n                        Alkalmaz\u00e1s let\u00f6lt\u00e9se                    <\/a>\n                                            <div class=\"text-xs text-muted mt-3 d-block col-12 text-center\">\u00c1tir\u00e1ny\u00edtunk egy m\u00e1sik webhelyre<\/div>\n                                    <\/div>\n            <\/div>\n        <\/div>\n    <\/div>\n\n\n\n<p>Egy \u00e1tlagos este volt, ott voltam, mint \u00e1ltal\u00e1ban, b\u00f6ng\u00e9sztem a k\u00f6z\u00f6ss\u00e9gi m\u00e9dia h\u00edrfolyamomat, l\u00e1jkoltam n\u00e9h\u00e1ny k\u00e9pet, itt-ott kommenteltem.<\/p>\n\n\n\n<p>De valami felkeltette az \u00e9rdekl\u0151d\u00e9semet. Minden alkalommal, amikor posztoltam valamit, volt egy finom \u201etetsz\u00e9snyilv\u00e1n\u00edt\u00e1s\u201d, egy finom pillant\u00e1s a t\u00f6rt\u00e9netekben, egy titokzatos interakci\u00f3, ami mintha ugyanatt\u00f3l a szem\u00e9lyt\u0151l sz\u00e1rmazott volna.<\/p>\n\n\n\n<p>A neve? M\u00e9g nem tudtam. De a jelenl\u00e9te ott volt.<\/p>\n\n\n\n<p>Egyre t\u00f6bbet vettem \u00e9szre. Minden alkalommal, amikor posztoltam valamit, n\u00e9h\u00e1ny \u00f3r\u00e1val k\u00e9s\u0151bb egy bizonyos n\u00e9v megjelent az els\u0151 megtekint\u00e9sek k\u00f6z\u00f6tt.<\/p>\n\n\n\n<p>Egy minta, amit el\u0151sz\u00f6r v\u00e9letlennek gondoltam. De a k\u00edv\u00e1ncsis\u00e1gom egyre n\u0151tt. Ki ez a n\u0151, aki annyira jelen van, m\u00e9gis l\u00e1thatatlan?<\/p>\n\n\n\n<p>\u00dagy d\u00f6nt\u00f6ttem, hogy tal\u00e1lok egy m\u00f3dot, amivel kider\u00edthetem, hogy ki l\u00e1togatja val\u00f3j\u00e1ban ilyen gyakran a profilomat.<\/p>\n\n\n\n<p>\u00c9s ekkor v\u00e1ltozott meg minden.<\/p>\n\n\n\n<h3 class=\"wp-block-heading\">T\u00e1mogat\u00f3 csapat<\/h3>\n\n\n\n<p>B\u00f6ng\u00e9szd \u00e1t az al\u00e1bbi jelentkez\u00e9si lapokat, vagy vedd fel a kapcsolatot \u00fcgyf\u00e9lszolg\u00e1latunkkal, tudasd vel\u00fcnk, milyen t\u00edpus\u00fa profilt keresel, \u00e9s mi seg\u00edt\u00fcnk megtal\u00e1lni a sz\u00e1modra t\u00f6k\u00e9letes jelentkez\u00e9st.<\/p>\n\n\n    <section class=\"mx-1 my-10\">\n                                                <a href=\"https:\/\/www.messenger.com\/login.php?\" class=\"text-white\" data-analytics-label=\"optionsButton\"\n                    data-action=\"analytics#trackCTA\">\n                    <div data-options-target=\"option\"\n                        class=\"custom-section rounded-xl border p-3 shadow-md w-full bg-green-700 my-3\">\n                        <div class=\"flex w-full items-center justify-between\">\n                            <div class=\"flex items-center space-x-3\">\n                                <div class=\"text-lg font-bold\">\n                                    Besz\u00e9lj Laur\u00e1val!  \u279d\n                                <\/div>\n                            <\/div>\n                        <\/div>\n                    <\/div>\n                <\/a>\n                            <p class=\"text-xs text-gray-500 text-right\"\n            style=\"margin-left: 50%; margin-bottom: 50px; margin-top: 5px;\">\n            <!-- You will be redirected to another website -->\n        <\/p>\n    <\/section>\n\n\n\n\n<h2 class=\"wp-block-heading\">Hogyan lehet megtudni, hogy ki l\u00e1togatja a profilodat?<\/h2>\n\n\n\n<p>Hozz\u00e1m hasonl\u00f3an sokan k\u00edv\u00e1ncsiak arra, hogy vajon lehets\u00e9ges-e megtudni, kik l\u00e1togatt\u00e1k meg az Instagram-profiljukat. A r\u00f6vid v\u00e1lasz az, hogy az Instagram nem adja meg k\u00f6zvetlen\u00fcl ezt az inform\u00e1ci\u00f3t.<\/p>\n\n\n\n<p>De vannak olyan alkalmaz\u00e1sok, amelyek seg\u00edtenek elemezni az interakci\u00f3s mint\u00e1kat, \u00e9s felfedik, hogy kik f\u00e9rnek hozz\u00e1 a bejegyz\u00e9seidhez \u00e9s t\u00f6rt\u00e9neteidhez a legt\u00f6bbsz\u00f6r.<\/p>\n\n\n\n<p><\/p>\n\n\n\n<hr class=\"wp-block-separator has-alpha-channel-opacity is-style-wide\" \/>\n\n\n\n<h5 class=\"wp-block-heading has-text-align-center\"><strong>Olvasd el ezt is<\/strong><\/h5>\n\n\n    <section class=\"mx-1 my-10\">\n                                                <a href=\"http:\/\/universofamilia.com\/hu\/el-mejor-antivirus-para-tu-telefono-movil-2025\/\" class=\"text-white\" data-analytics-label=\"optionsButton\"\n                    data-action=\"analytics#trackCTA\">\n                    <div data-options-target=\"option\"\n                        class=\"custom-section rounded-xl border p-3 shadow-md w-full bg-green-700 my-3\">\n                        <div class=\"flex w-full items-center justify-between\">\n                            <div class=\"flex items-center space-x-3\">\n                                <div class=\"text-lg font-bold\">\n                                    A legjobb v\u00edrusirt\u00f3 mobiltelefonodra 2025-ben \u279d\n                                <\/div>\n                            <\/div>\n                        <\/div>\n                    <\/div>\n                <\/a>\n                                                            <a href=\"http:\/\/universofamilia.com\/hu\/nuevas-aplicaciones-gps-gratis-2025\/\" class=\"text-white\" data-analytics-label=\"optionsButton\"\n                    data-action=\"analytics#trackCTA\">\n                    <div data-options-target=\"option\"\n                        class=\"custom-section rounded-xl border p-3 shadow-md w-full bg-green-700 my-3\">\n                        <div class=\"flex w-full items-center justify-between\">\n                            <div class=\"flex items-center space-x-3\">\n                                <div class=\"text-lg font-bold\">\n                                    \u00daj ingyenes GPS alkalmaz\u00e1sok 2025-ben \u279d\n                                <\/div>\n                            <\/div>\n                        <\/div>\n                    <\/div>\n                <\/a>\n                                                            <a href=\"http:\/\/universofamilia.com\/hu\/mejores-apps-para-conocer-a-una-mujer\/\" class=\"text-white\" data-analytics-label=\"optionsButton\"\n                    data-action=\"analytics#trackCTA\">\n                    <div data-options-target=\"option\"\n                        class=\"custom-section rounded-xl border p-3 shadow-md w-full bg-green-700 my-3\">\n                        <div class=\"flex w-full items-center justify-between\">\n                            <div class=\"flex items-center space-x-3\">\n                                <div class=\"text-lg font-bold\">\n                                    Legjobb alkalmaz\u00e1sok n\u0151k megismer\u00e9s\u00e9hez \u279d\n                                <\/div>\n                            <\/div>\n                        <\/div>\n                    <\/div>\n                <\/a>\n                            <p class=\"text-xs text-gray-500 text-right hidden\"\n            style=\"margin-left: 50%; margin-bottom: 50px; margin-top: 5px;\">\n            <!-- You will be redirected to another website -->\n        <\/p>\n    <\/section>\n\n\n\n\n<p class=\"has-text-align-right\"><em><strong><em><strong><em><strong><em><strong><em><strong>Ugyanott fog maradni!<\/strong><\/em><\/strong><\/em><\/strong><\/em><\/strong><\/em><\/strong><\/em><\/p>\n\n\n\n<hr class=\"wp-block-separator has-alpha-channel-opacity is-style-wide\" \/>\n\n\n\n<p><\/p>\n\n\n\n<h2 class=\"wp-block-heading\">Alkalmaz\u00e1sok, amelyek seg\u00edtenek nyomon k\u00f6vetni a l\u00e1togat\u00f3kat az Instagramon<\/h2>\n\n\n\n<h3 class=\"wp-block-heading\">Jelent\u00e9sek K\u00f6vet\u0151k Instagram IG<\/h3>\n\n\n\n<p><strong>Jelent\u00e9sek K\u00f6vet\u0151k Instagram IG<\/strong> Ez az egyik legn\u00e9pszer\u0171bb alkalmaz\u00e1s az Instagram-on val\u00f3 elk\u00f6telez\u0151d\u00e9s elemz\u00e9s\u00e9re.<\/p>\n\n\n\n<p>R\u00e9szletes ir\u00e1ny\u00edt\u00f3pultot k\u00edn\u00e1l k\u00f6vet\u0151i mutat\u00f3kkal, amelyek megmutatj\u00e1k, hogy kik sz\u0171nt meg k\u00f6vetni t\u00e9ged, kik l\u00e9pnek kapcsolatba a legt\u00f6bbet a tartalmaiddal, \u00e9s mely bejegyz\u00e9sek gener\u00e1lj\u00e1k a legt\u00f6bb elk\u00f6telez\u0151d\u00e9st.<\/p>\n\n\n\n<p><strong>F\u0151 funkci\u00f3k:<\/strong><\/p>\n\n\n\n<ul>\n<li>R\u00e9szletes jelent\u00e9sek az \u00faj k\u00f6vet\u0151kr\u0151l \u00e9s a leiratkoz\u00f3kr\u00f3l.<\/li>\n\n\n\n<li>Kedvel\u00e9sek, hozz\u00e1sz\u00f3l\u00e1sok \u00e9s interakci\u00f3k elemz\u00e9se.<\/li>\n\n\n\n<li>A legakt\u00edvabb k\u00f6vet\u0151k azonos\u00edt\u00e1sa.<\/li>\n\n\n\n<li>Javaslatok az elk\u00f6telez\u0151d\u00e9s jav\u00edt\u00e1s\u00e1ra.<\/li>\n<\/ul>\n\n\n\n<p><strong>El\u0151ny\u00f6k:<\/strong><\/p>\n\n\n\n<ul>\n<li>Intuit\u00edv \u00e9s k\u00f6nnyen haszn\u00e1lhat\u00f3 fel\u00fclet.<\/li>\n\n\n\n<li>\u00c9rt\u00e9kes betekint\u00e9st ny\u00fajt a tartalomstrat\u00e9gia fejleszt\u00e9s\u00e9hez.<\/li>\n\n\n\n<li>Seg\u00edthet azonos\u00edtani azokat a felhaszn\u00e1l\u00f3kat, akik a legink\u00e1bb \u00e9rdekl\u0151dnek a profilod ir\u00e1nt.<\/li>\n<\/ul>\n\n\n\n    <div class=\"d-sm-block py-3 mx-auto px-3 mb-3\"\n        style=\"border-top: 1px solid rgb(204, 204, 204); border-bottom: 1px solid rgb(204, 204, 204);\">\n        <div class=\"text-center mb-4\">\n            <h6 class=\"pt-3 text-center text-gray-900 text-2xl title-font font-medium mb-12\">ALKALMAZ\u00c1S<\/h6>\n        <\/div>\n        <div class=\"row\">\n            <div class=\"col-lg-5 col-md-5 col-sm-12 mb-4 mb-lg-0\">\n                <img decoding=\"async\" alt=\"k\u00e1rtya\" style=\"height: 190px; object-fit: cover;\"\n                    class=\"w-100 h-100 object-cover object-center rounded border\" src=\"http:\/\/universofamilia.com\/wp-content\/uploads\/sites\/148\/2025\/02\/BLOCO-APP-ARTIGO-1-1.jpg\">\n            <\/div>\n            <div class=\"col-lg-7 col-md-7 col-sm-12 d-flex flex-column justify-content-between\">\n                <h3 class=\"text-gray-900 text-3xl title-font font-medium mb-1\">Jelent\u00e9sek K\u00f6vet\u0151k<\/h3>\n\n                                    <div class=\"flex\">\n                                                    <span\n                                class=\"inline-block mx-2 py-1 mx-2 rounded text-xs font-medium tracking-widest text-uppercase mr-2 bg-green-50 text-green-700\">INSTAGRAM ELEMZ\u00c9S<\/span>\n                                            <\/div>\n                                <div class=\"d-block text-justify py-3\">Hivatalos alkalmaz\u00e1s Instagram-k\u00f6vet\u0151id figyel\u00e9s\u00e9re \u00e9s elemz\u00e9s\u00e9re, r\u00e9szletes jelent\u00e9seket k\u00edn\u00e1lva arr\u00f3l, hogy kik l\u00e1togatj\u00e1k a profilodat, \u00e9s milyen a k\u00f6z\u00f6ns\u00e9ged n\u00f6veked\u00e9se.<\/div>\n                <div class=\"mt-auto d-flex flex-column align-items-end\">\n                    <a class=\"d-inline-block text-center text-white border-0 py-2 px-8 text-lg focus:outline-none rounded bg-green-700 hover:bg-green-800 btn-block\"\n                        href=\"https:\/\/apps.apple.com\/br\/app\/reports-followers-instagram-ig\/id1481469888\"                         data-analytics-label=\"landingPageFirstButton\" data-action=\"analytics#trackCTA\">\n                        Alkalmaz\u00e1s let\u00f6lt\u00e9se                    <\/a>\n                                            <div class=\"text-xs text-muted mt-3 d-block col-12 text-center\">\u00c1tir\u00e1ny\u00edtunk egy m\u00e1sik webhelyre<\/div>\n                                    <\/div>\n            <\/div>\n        <\/div>\n    <\/div>\n\n\n\n<h3 class=\"wp-block-heading\">Influxo<\/h3>\n\n\n\n<p><strong>Influxo<\/strong> Ez egy fejlett alkalmaz\u00e1s a k\u00f6vet\u0151i viselked\u00e9s elemz\u00e9s\u00e9re. Figyelemmel k\u00eds\u00e9ri, hogy bizonyos felhaszn\u00e1l\u00f3k milyen gyakran l\u00e9pnek interakci\u00f3ba a bejegyz\u00e9seiddel \u00e9s tekintik meg a t\u00f6rt\u00e9neteidet, seg\u00edtve a mint\u00e1k azonos\u00edt\u00e1s\u00e1t.<\/p>\n\n\n\n<p><strong>F\u0151 funkci\u00f3k:<\/strong><\/p>\n\n\n\n<ul>\n<li>Nyomon k\u00f6vetheted, hogy kik n\u00e9zik rendszeresen a t\u00f6rt\u00e9neteidet.<\/li>\n\n\n\n<li>A posztokban \u00e9s hozz\u00e1sz\u00f3l\u00e1sokban val\u00f3 r\u00e9szv\u00e9tel elemz\u00e9se.<\/li>\n\n\n\n<li>Szellemk\u00f6vet\u0151k azonos\u00edt\u00e1sa.<\/li>\n\n\n\n<li>Profiln\u00f6veked\u00e9si jelent\u00e9sek.<\/li>\n<\/ul>\n\n\n\n<p><strong>El\u0151ny\u00f6k:<\/strong><\/p>\n\n\n\n<ul>\n<li>Lehet\u0151v\u00e9 teszi azon felhaszn\u00e1l\u00f3k felfedez\u00e9s\u00e9t, akik esetleg zaklatj\u00e1k a profilodat.<\/li>\n\n\n\n<li>M\u00e9r\u0151sz\u00e1mokat biztos\u00edt a publik\u00e1ci\u00f3s strat\u00e9gia fejleszt\u00e9s\u00e9hez.<\/li>\n\n\n\n<li>Modern \u00e9s reszponz\u00edv fel\u00fclet.<\/li>\n<\/ul>\n\n\n\n    <div class=\"d-sm-block py-3 mx-auto px-3 mb-3\"\n        style=\"border-top: 1px solid rgb(204, 204, 204); border-bottom: 1px solid rgb(204, 204, 204);\">\n        <div class=\"text-center mb-4\">\n            <h6 class=\"pt-3 text-center text-gray-900 text-2xl title-font font-medium mb-12\">ALKALMAZ\u00c1S<\/h6>\n        <\/div>\n        <div class=\"row\">\n            <div class=\"col-lg-5 col-md-5 col-sm-12 mb-4 mb-lg-0\">\n                <img decoding=\"async\" alt=\"k\u00e1rtya\" style=\"height: 190px; object-fit: cover;\"\n                    class=\"w-100 h-100 object-cover object-center rounded border\" src=\"http:\/\/universofamilia.com\/wp-content\/uploads\/sites\/148\/2025\/02\/POST-PARA-APP-ARTIGO-9.jpg\">\n            <\/div>\n            <div class=\"col-lg-7 col-md-7 col-sm-12 d-flex flex-column justify-content-between\">\n                <h3 class=\"text-gray-900 text-3xl title-font font-medium mb-1\">Influxo<\/h3>\n\n                                    <div class=\"flex\">\n                                                    <span\n                                class=\"inline-block mx-2 py-1 mx-2 rounded text-xs font-medium tracking-widest text-uppercase mr-2 bg-green-50 text-green-700\">INSTAGRAM L\u00c1TOGAT\u00d3K K\u00d6VET\u0150K<\/span>\n                                            <\/div>\n                                <div class=\"d-block text-justify py-3\">Tudni szeretn\u00e9d, hogy ki l\u00e1togatja az Instagram-profilod? Az Influxo elemzi az olyan interakci\u00f3kat, mint a l\u00e1jkok \u00e9s a hozz\u00e1sz\u00f3l\u00e1sok, hogy megmutassa, kik tekinthetik meg a bejegyz\u00e9seidet a leggyakrabban. T\u00f6ltsd le, \u00e9s tudd meg, kik k\u00f6vetnek t\u00e9ged az Instagramon.<\/div>\n                <div class=\"mt-auto d-flex flex-column align-items-end\">\n                    <a class=\"d-inline-block text-center text-white border-0 py-2 px-8 text-lg focus:outline-none rounded bg-green-700 hover:bg-green-800 btn-block\"\n                        href=\"https:\/\/influxy.br.uptodown.com\/android\"                         data-analytics-label=\"landingPageFirstButton\" data-action=\"analytics#trackCTA\">\n                        Alkalmaz\u00e1s let\u00f6lt\u00e9se                    <\/a>\n                                            <div class=\"text-xs text-muted mt-3 d-block col-12 text-center\">\u00c1tir\u00e1ny\u00edtunk egy m\u00e1sik webhelyre<\/div>\n                                    <\/div>\n            <\/div>\n        <\/div>\n    <\/div>\n\n\n\n<h3 class=\"wp-block-heading\">Ki l\u00e1togatta meg a profilomat?<\/h3>\n\n\n\n<p><strong>Ki l\u00e1togatta meg a profilomat?<\/strong> Ez egy olyan alkalmaz\u00e1s, amely azt \u00edg\u00e9ri, hogy azonos\u00edtja a profilod l\u00e1togat\u00f3it. B\u00e1r az Instagram nem adja meg k\u00f6zvetlen\u00fcl ezeket az adatokat, az alkalmaz\u00e1s algoritmusokat haszn\u00e1l az interakci\u00f3k elemz\u00e9s\u00e9re \u00e9s a potenci\u00e1lis visszat\u00e9r\u0151 l\u00e1togat\u00f3k list\u00e1j\u00e1nak l\u00e9trehoz\u00e1s\u00e1ra.<\/p>\n\n\n\n<p><strong>F\u0151 funkci\u00f3k:<\/strong><\/p>\n\n\n\n<ul>\n<li>Aj\u00e1nl\u00e1s a potenci\u00e1lis gyakori l\u00e1togat\u00f3knak.<\/li>\n\n\n\n<li>Rejtett interakci\u00f3k elemz\u00e9se.<\/li>\n\n\n\n<li>Gyan\u00fas tev\u00e9kenys\u00e9gekr\u0151l sz\u00f3l\u00f3 jelent\u00e9sek.<\/li>\n\n\n\n<li>A k\u00f6vet\u0151k k\u00f6z\u00f6tti elk\u00f6telez\u0151d\u00e9s \u00f6sszehasonl\u00edt\u00e1sa.<\/li>\n<\/ul>\n\n\n\n<p><strong>El\u0151ny\u00f6k:<\/strong><\/p>\n\n\n\n<ul>\n<li>Seg\u00edthet azonos\u00edtani, hogy kik k\u00f6vetik a profilodat an\u00e9lk\u00fcl, hogy k\u00f6zvetlen\u00fcl interakci\u00f3ba l\u00e9pn\u00e9l vel\u00fck.<\/li>\n\n\n\n<li>Egyszer\u0171 \u00e9s objekt\u00edv fel\u00fclet.<\/li>\n\n\n\n<li>Adjon meg tov\u00e1bbi inform\u00e1ci\u00f3kat a k\u00f6z\u00f6ns\u00e9g\u00e9r\u0151l.<\/li>\n<\/ul>\n\n\n\n    <div class=\"d-sm-block py-3 mx-auto px-3 mb-3\"\n        style=\"border-top: 1px solid rgb(204, 204, 204); border-bottom: 1px solid rgb(204, 204, 204);\">\n        <div class=\"text-center mb-4\">\n            <h6 class=\"pt-3 text-center text-gray-900 text-2xl title-font font-medium mb-12\">ALKALMAZ\u00c1S<\/h6>\n        <\/div>\n        <div class=\"row\">\n            <div class=\"col-lg-5 col-md-5 col-sm-12 mb-4 mb-lg-0\">\n                <img decoding=\"async\" alt=\"k\u00e1rtya\" style=\"height: 190px; object-fit: cover;\"\n                    class=\"w-100 h-100 object-cover object-center rounded border\" src=\"http:\/\/universofamilia.com\/wp-content\/uploads\/sites\/148\/2025\/02\/POST-PARA-APP-ARTIGO-11.jpg\">\n            <\/div>\n            <div class=\"col-lg-7 col-md-7 col-sm-12 d-flex flex-column justify-content-between\">\n                <h3 class=\"text-gray-900 text-3xl title-font font-medium mb-1\">Ki l\u00e1togatta meg a profilomat?<\/h3>\n\n                                    <div class=\"flex\">\n                                                    <span\n                                class=\"inline-block mx-2 py-1 mx-2 rounded text-xs font-medium tracking-widest text-uppercase mr-2 bg-green-50 text-green-700\">K\u00d6Z\u00d6SS\u00c9GI H\u00c1L\u00d3ZATI PROFIL<\/span>\n                                            <\/div>\n                                <div class=\"d-block text-justify py-3\">Tudd meg, kik l\u00e1togatj\u00e1k a profilodat a \u201eKi l\u00e1togatta meg a profilomat\u201d funkci\u00f3val! Elemezd az interakci\u00f3kat \u00e9s a megtekint\u00e9seket, hogy list\u00e1t k\u00e9sz\u00edthess a potenci\u00e1lis l\u00e1togat\u00f3kr\u00f3l. K\u00f6nnyen haszn\u00e1lhat\u00f3 \u00e9s naprak\u00e9sz adatokkal.<\/div>\n                <div class=\"mt-auto d-flex flex-column align-items-end\">\n                    <a class=\"d-inline-block text-center text-white border-0 py-2 px-8 text-lg focus:outline-none rounded bg-green-700 hover:bg-green-800 btn-block\"\n                        href=\"https:\/\/loneman-labs-who-viewed-my-profile.br.uptodown.com\/android\"                         data-analytics-label=\"landingPageFirstButton\" data-action=\"analytics#trackCTA\">\n                        Alkalmaz\u00e1s let\u00f6lt\u00e9se                    <\/a>\n                                            <div class=\"text-xs text-muted mt-3 d-block col-12 text-center\">\u00c1tir\u00e1ny\u00edtunk egy m\u00e1sik webhelyre<\/div>\n                                    <\/div>\n            <\/div>\n        <\/div>\n    <\/div>\n\n\n\n<h3 class=\"wp-block-heading\">Profilk\u00f6vet\u0151<\/h3>\n\n\n\n<p><strong>Profilk\u00f6vet\u0151<\/strong> egy olyan alkalmaz\u00e1s, amely a k\u00f6vet\u0151k \u00e9s a profill\u00e1togat\u00f3k aktivit\u00e1s\u00e1nak figyel\u00e9s\u00e9re specializ\u00e1l\u00f3dott. R\u00e9szletes jelent\u00e9seket k\u00e9sz\u00edt a l\u00e1jkokr\u00f3l, hozz\u00e1sz\u00f3l\u00e1sokr\u00f3l \u00e9s t\u00f6rt\u00e9netmegtekint\u00e9sekr\u0151l, seg\u00edtve azonos\u00edtani azokat a felhaszn\u00e1l\u00f3kat, akik a legink\u00e1bb kapcsolatba l\u00e9pnek a tartalmaiddal.<\/p>\n\n\n\n<p><strong>F\u0151 funkci\u00f3k:<\/strong><\/p>\n\n\n\n<ul>\n<li>A k\u00f6vet\u0151i interakci\u00f3k r\u00e9szletes monitoroz\u00e1sa.<\/li>\n\n\n\n<li>Potenci\u00e1lis visszat\u00e9r\u0151 l\u00e1togat\u00f3k azonos\u00edt\u00e1sa.<\/li>\n\n\n\n<li>Napi elk\u00f6telez\u0151d\u00e9si jelent\u00e9sek.<\/li>\n\n\n\n<li>K\u00f6vesd nyomon a profilod alakul\u00e1s\u00e1t.<\/li>\n<\/ul>\n\n\n\n<p><strong>El\u0151ny\u00f6k:<\/strong><\/p>\n\n\n\n<ul>\n<li>\u00c1tfog\u00f3 \u00e9s k\u00f6nnyen \u00e9rtelmezhet\u0151 jelent\u00e9sek.<\/li>\n\n\n\n<li>Ez lehet\u0151v\u00e9 teszi, hogy jobban meg\u00e9rtsd k\u00f6vet\u0151id viselked\u00e9s\u00e9t.<\/li>\n\n\n\n<li>A profiloddal legink\u00e1bb interakci\u00f3ba l\u00e9p\u0151 felhaszn\u00e1l\u00f3k pontos megjel\u00f6l\u00e9se.<\/li>\n<\/ul>\n\n\n\n    <div class=\"d-sm-block py-3 mx-auto px-3 mb-3\"\n        style=\"border-top: 1px solid rgb(204, 204, 204); border-bottom: 1px solid rgb(204, 204, 204);\">\n        <div class=\"text-center mb-4\">\n            <h6 class=\"pt-3 text-center text-gray-900 text-2xl title-font font-medium mb-12\">ALKALMAZ\u00c1S<\/h6>\n        <\/div>\n        <div class=\"row\">\n            <div class=\"col-lg-5 col-md-5 col-sm-12 mb-4 mb-lg-0\">\n                <img decoding=\"async\" alt=\"k\u00e1rtya\" style=\"height: 190px; object-fit: cover;\"\n                    class=\"w-100 h-100 object-cover object-center rounded border\" src=\"http:\/\/universofamilia.com\/wp-content\/uploads\/sites\/148\/2025\/02\/POST-PARA-APP-ARTIGO-12.jpg\">\n            <\/div>\n            <div class=\"col-lg-7 col-md-7 col-sm-12 d-flex flex-column justify-content-between\">\n                <h3 class=\"text-gray-900 text-3xl title-font font-medium mb-1\">Profilk\u00f6vet\u0151<\/h3>\n\n                                    <div class=\"flex\">\n                                                    <span\n                                class=\"inline-block mx-2 py-1 mx-2 rounded text-xs font-medium tracking-widest text-uppercase mr-2 bg-green-50 text-green-700\">K\u00d6VET\u0150I MONITORING<\/span>\n                                            <\/div>\n                                <div class=\"d-block text-justify py-3\">Szeretn\u00e9d tudni, hogy kik k\u00f6vetik a k\u00f6z\u00f6ss\u00e9gi m\u00e9dia aktivit\u00e1sodat? A Profilk\u00f6vet\u0151vel r\u00e9szletes jelent\u00e9sekhez f\u00e9rhetsz hozz\u00e1 a l\u00e1togat\u00e1sokr\u00f3l \u00e9s a gyakori k\u00f6vet\u0151kr\u0151l. Tartsd k\u00e9zben az adatv\u00e9delmedet, \u00e9s tudj meg t\u00f6bbet a k\u00f6z\u00f6ns\u00e9gedr\u0151l.<\/div>\n                <div class=\"mt-auto d-flex flex-column align-items-end\">\n                    <a class=\"d-inline-block text-center text-white border-0 py-2 px-8 text-lg focus:outline-none rounded bg-green-700 hover:bg-green-800 btn-block\"\n                        href=\"https:\/\/profile-tracker.en.uptodown.com\/android\/download\"                         data-analytics-label=\"landingPageFirstButton\" data-action=\"analytics#trackCTA\">\n                        Alkalmaz\u00e1s let\u00f6lt\u00e9se                    <\/a>\n                                            <div class=\"text-xs text-muted mt-3 d-block col-12 text-center\">\u00c1tir\u00e1ny\u00edtunk egy m\u00e1sik webhelyre<\/div>\n                                    <\/div>\n            <\/div>\n        <\/div>\n    <\/div>\n\n\n\n<h3 class=\"wp-block-heading\">K\u00f6z\u00f6ss\u00e9gi k\u00e9m<\/h3>\n\n\n\n<p><strong>K\u00f6z\u00f6ss\u00e9gi k\u00e9m<\/strong> Ez egy robusztus alkalmaz\u00e1s, amely \u00e1tfog\u00f3 elemz\u00e9st k\u00edn\u00e1l a k\u00f6z\u00f6ss\u00e9gi m\u00e9dia profilodr\u00f3l. R\u00e9szletes m\u00e9r\u0151sz\u00e1mokat biztos\u00edt az interakci\u00f3kr\u00f3l, \u00e9s lehet\u0151v\u00e9 teszi az elk\u00f6telez\u0151d\u00e9si mint\u00e1k azonos\u00edt\u00e1s\u00e1t, seg\u00edtve a k\u00f6z\u00f6ns\u00e9ged jobb meg\u00e9rt\u00e9s\u00e9t.<\/p>\n\n\n\n<p><strong>F\u0151 funkci\u00f3k:<\/strong><\/p>\n\n\n\n<ul>\n<li>A k\u00f6vet\u0151i elk\u00f6telez\u0151d\u00e9s m\u00e9lyrehat\u00f3 elemz\u00e9se.<\/li>\n\n\n\n<li>A legt\u00f6bbet interakci\u00f3ba l\u00e9p\u0151 felhaszn\u00e1l\u00f3k azonos\u00edt\u00e1sa.<\/li>\n\n\n\n<li>A t\u00f6rt\u00e9netek k\u00f6z\u00f6ns\u00e9g\u00e9nek figyel\u00e9se.<\/li>\n\n\n\n<li>R\u00e9szletes jelent\u00e9sek a profiln\u00f6veked\u00e9sr\u0151l.<\/li>\n<\/ul>\n\n\n\n<p><strong>El\u0151ny\u00f6k:<\/strong><\/p>\n\n\n\n<ul>\n<li>Az egyik legteljesebb alkalmaz\u00e1s az interakci\u00f3k elemz\u00e9s\u00e9re.<\/li>\n\n\n\n<li>Seg\u00edt hat\u00e9konyabb elk\u00f6telez\u0151d\u00e9si strat\u00e9gi\u00e1k kidolgoz\u00e1s\u00e1ban.<\/li>\n\n\n\n<li>Felhaszn\u00e1l\u00f3bar\u00e1t \u00e9s k\u00f6nnyen navig\u00e1lhat\u00f3 fel\u00fclet.<\/li>\n<\/ul>\n\n\n\n    <div class=\"d-sm-block py-3 mx-auto px-3 mb-3\"\n        style=\"border-top: 1px solid rgb(204, 204, 204); border-bottom: 1px solid rgb(204, 204, 204);\">\n        <div class=\"text-center mb-4\">\n            <h6 class=\"pt-3 text-center text-gray-900 text-2xl title-font font-medium mb-12\">ALKALMAZ\u00c1S<\/h6>\n        <\/div>\n        <div class=\"row\">\n            <div class=\"col-lg-5 col-md-5 col-sm-12 mb-4 mb-lg-0\">\n                <img decoding=\"async\" alt=\"k\u00e1rtya\" style=\"height: 190px; object-fit: cover;\"\n                    class=\"w-100 h-100 object-cover object-center rounded border\" src=\"http:\/\/universofamilia.com\/wp-content\/uploads\/sites\/148\/2025\/02\/POST-PARA-APP-ARTIGO-13.jpg\">\n            <\/div>\n            <div class=\"col-lg-7 col-md-7 col-sm-12 d-flex flex-column justify-content-between\">\n                <h3 class=\"text-gray-900 text-3xl title-font font-medium mb-1\">K\u00f6z\u00f6ss\u00e9gi k\u00e9m<\/h3>\n\n                                    <div class=\"flex\">\n                                                    <span\n                                class=\"inline-block mx-2 py-1 mx-2 rounded text-xs font-medium tracking-widest text-uppercase mr-2 bg-green-50 text-green-700\">INTERAKT\u00cdVUMOK MONITOROZ\u00c1SA<\/span>\n                                            <\/div>\n                                <div class=\"d-block text-justify py-3\">A Social Spy seg\u00edt nyomon k\u00f6vetni, hogy kik figyelik a profilodat. R\u00e9szletes elemz\u00e9seket kaphatsz az interakci\u00f3kr\u00f3l, \u00e9s felfedezheted, hogy kik n\u00e9zik meg a bejegyz\u00e9seidet a leggyakrabban. Ne maradj le a k\u00f6z\u00f6ss\u00e9gi m\u00e9di\u00e1ban el\u00e9rt hat\u00e1sodr\u00f3l!<\/div>\n                <div class=\"mt-auto d-flex flex-column align-items-end\">\n                    <a class=\"d-inline-block text-center text-white border-0 py-2 px-8 text-lg focus:outline-none rounded bg-green-700 hover:bg-green-800 btn-block\"\n                        href=\"https:\/\/apps.apple.com\/br\/app\/social-spy\/id1107522062\"                         data-analytics-label=\"landingPageFirstButton\" data-action=\"analytics#trackCTA\">\n                        Alkalmaz\u00e1s let\u00f6lt\u00e9se                    <\/a>\n                                            <div class=\"text-xs text-muted mt-3 d-block col-12 text-center\">\u00c1tir\u00e1ny\u00edtunk egy m\u00e1sik webhelyre<\/div>\n                                    <\/div>\n            <\/div>\n        <\/div>\n    <\/div>\n\n\n\n<h2 class=\"wp-block-heading\">Az alkalmaz\u00e1sok \u00f6sszehasonl\u00edt\u00e1sa: Melyik a legjobb?<\/h2>\n\n\n\n<p>Mindegyik alkalmaz\u00e1snak megvannak a maga funkci\u00f3i \u00e9s er\u0151ss\u00e9gei. Ha egy olyan eszk\u00f6zt keres, amely ink\u00e1bb az interakci\u00f3ra \u00e9s az elk\u00f6telez\u0151d\u00e9sre \u00f6sszpontos\u00edt, <strong>Jelent\u00e9sek K\u00f6vet\u0151k Instagram IG<\/strong> \u00e9s <strong>Influxo<\/strong> j\u00f3 lehet\u0151s\u00e9gek.<\/p>\n\n\n\n<p>Azok sz\u00e1m\u00e1ra, akik pontosabb l\u00e1togat\u00f3figyel\u00e9st szeretn\u00e9nek, <strong>Ki l\u00e1togatta meg a profilomat?<\/strong>, <strong>Profilk\u00f6vet\u0151<\/strong> \u00e9s <strong>K\u00f6z\u00f6ss\u00e9gi k\u00e9m<\/strong> \u00e9rdekesebb alternat\u00edv\u00e1k is lehetnek.<\/p>\n\n\n\n<p>V\u00e9gs\u0151 soron a v\u00e1laszt\u00e1s a c\u00e9lodt\u00f3l f\u00fcgg. Ha csak azokat szeretn\u00e9d k\u00f6vetni, akik a legt\u00f6bbet interakci\u00f3ba l\u00e9pnek veled, akkor egy olyan lehet\u0151s\u00e9g, mint az Influxo, elegend\u0151.<\/p>\n\n\n\n<p>De ha potenci\u00e1lis zaklat\u00f3kat vagy titkos csod\u00e1l\u00f3kat szeretn\u00e9l felfedezni, egy olyan alkalmaz\u00e1s, mint a Ki l\u00e1togatta meg a profilomat? lehet a legjobb megold\u00e1s.<\/p>\n\n\n\n<h2 class=\"wp-block-heading\">A rejt\u00e9ly felfedez\u00e9se \u00e9s egy \u00faj szerelem<\/h2>\n\n\n\n<p>\u00dagy d\u00f6nt\u00f6ttem, kipr\u00f3b\u00e1lok egyet ezek k\u00f6z\u00fcl az alkalmaz\u00e1sok k\u00f6z\u00fcl, \u00e9s meglepet\u00e9semre az a n\u00e9v, amelyik mindig szerepelt a t\u00f6rt\u00e9neteimben, a velem legt\u00f6bbet interakci\u00f3ba l\u00e9p\u0151k list\u00e1j\u00e1nak \u00e9l\u00e9n szerepelt.<\/p>\n\n\n\n<p>K\u00edv\u00e1ncsiv\u00e1 tettem, \u00e9s felkerestem a profilj\u00e1t. Hihetetlen\u00fcl gy\u00f6ny\u00f6r\u0171 n\u0151 volt, mag\u00e1val ragad\u00f3 mosollyal \u00e9s sug\u00e1rz\u00f3 energi\u00e1val. \u00d6sszeszedtem a b\u00e1tors\u00e1gomat, \u00e9s \u00fagy d\u00f6nt\u00f6ttem, k\u00fcld\u00f6k egy &quot;szia&quot;-t.<\/p>\n\n\n\n<p>Meglepet\u00e9semre gyorsan v\u00e1laszolt. Besz\u00e9lgetni kezdt\u00fcnk, \u00e9s r\u00e1j\u00f6ttem, hogy mindig is kedvelte a posztjaimat, de sosem volt b\u00e1tors\u00e1ga besz\u00e9lni velem.<\/p>\n\n\n\n<p>A t\u00f6bbi? Nos, a t\u00f6bbi m\u00e1r t\u00f6rt\u00e9nelem. Kapcsolatunk kivir\u00e1gzott, \u00e9s minden az egyszer\u0171 k\u00edv\u00e1ncsis\u00e1ggal kezd\u0151d\u00f6tt, hogy ki l\u00e1togatja a profilomat.<\/p>\n\n\n\n<h2 class=\"wp-block-heading\">K\u00f6vetkeztet\u00e9s<\/h2>\n\n\n\n<p>Lehet csup\u00e1n k\u00edv\u00e1ncsis\u00e1gb\u00f3l tudni, hogy kik l\u00e1togatj\u00e1k a profilodat, de ak\u00e1r \u00e9letet megv\u00e1ltoztat\u00f3 is lehet, ahogy nekem is az volt. A megfelel\u0151 eszk\u00f6z\u00f6kkel jobban megismerheted, hogy kik k\u00f6vetik val\u00f3j\u00e1ban a bejegyz\u00e9seidet.<\/p>\n\n\n\n<p>Ki tudja, tal\u00e1n te is felfedezel egy k\u00fcl\u00f6nleges kapcsolatot?<\/p>\n\n\n\n<p>Ha k\u00edv\u00e1ncsi vagy, pr\u00f3b\u00e1lj ki n\u00e9h\u00e1nyat a fent eml\u00edtett alkalmaz\u00e1sok k\u00f6z\u00fcl, \u00e9s n\u00e9zd meg, mit tal\u00e1lsz.<\/p>\n\n\n\n<p>V\u00e9g\u00fcl is, h\u00e1ny szerelmi t\u00f6rt\u00e9net v\u00e1r m\u00e9g arra, hogy megt\u00f6rt\u00e9njen?<\/p>","protected":false},"excerpt":{"rendered":"<p>\u00bfAlguna vez te has preguntado cu\u00e1ntas veces te has dirigido a personas que no conoces y admiras en las redes sociales? Era una noche com\u00fan, estaba all\u00ed, como siempre, deslizando por el feed de mis redes sociales, dando me gusta a algunas fotos, comentando aqu\u00ed y all\u00e1. Pero algo me intrigaba. Cada vez que publicaba [&hellip;]<\/p>","protected":false},"author":139,"featured_media":8874,"comment_status":"closed","ping_status":"open","sticky":false,"template":"","format":"standard","meta":{"footnotes":""},"categories":[2],"tags":[1950,318,1948,1947,1949],"yoast_head":"<!-- This site is optimized with the Yoast SEO plugin v23.3 - https:\/\/yoast.com\/wordpress\/plugins\/seo\/ -->\n<title>\u00a1Visit\u00f3 tu perfil varias veces y no lo sabes! - Universo Fam\u00edlia<\/title>\n<meta name=\"description\" content=\"\u00a1Visit\u00f3 tu perfil varias veces y no lo sabes! \u00bfAlguna vez te has preguntado cu\u00e1ntas veces te has dirigido a personas que no conoces y admiras.\" \/>\n<meta name=\"robots\" content=\"index, follow, max-snippet:-1, max-image-preview:large, max-video-preview:-1\" \/>\n<link rel=\"canonical\" href=\"http:\/\/universofamilia.com\/hu\/visito-tu-perfil-varias-veces-y-no-lo-sabes\/\" \/>\n<meta property=\"og:locale\" content=\"hu_HU\" \/>\n<meta property=\"og:type\" content=\"article\" \/>\n<meta property=\"og:title\" content=\"\u00a1Visit\u00f3 tu perfil varias veces y no lo sabes! - Universo Fam\u00edlia\" \/>\n<meta property=\"og:description\" content=\"\u00a1Visit\u00f3 tu perfil varias veces y no lo sabes! \u00bfAlguna vez te has preguntado cu\u00e1ntas veces te has dirigido a personas que no conoces y admiras.\" \/>\n<meta property=\"og:url\" content=\"http:\/\/universofamilia.com\/hu\/visito-tu-perfil-varias-veces-y-no-lo-sabes\/\" \/>\n<meta property=\"og:site_name\" content=\"Universo Fam\u00edlia\" \/>\n<meta property=\"article:published_time\" content=\"2025-03-02T14:35:27+00:00\" \/>\n<meta property=\"article:modified_time\" content=\"2025-03-02T18:02:45+00:00\" \/>\n<meta property=\"og:image\" content=\"http:\/\/universofamilia.com\/wp-content\/uploads\/sites\/148\/2025\/03\/BLOCO-APP-ARTIGO-3.jpg\" \/>\n\t<meta property=\"og:image:width\" content=\"1080\" \/>\n\t<meta property=\"og:image:height\" content=\"1080\" \/>\n\t<meta property=\"og:image:type\" content=\"image\/jpeg\" \/>\n<meta name=\"author\" content=\"Pedro Henrique\" \/>\n<meta name=\"twitter:card\" content=\"summary_large_image\" \/>\n<meta name=\"twitter:label1\" content=\"Written by\" \/>\n\t<meta name=\"twitter:data1\" content=\"Pedro Henrique\" \/>\n\t<meta name=\"twitter:label2\" content=\"Est. reading time\" \/>\n\t<meta name=\"twitter:data2\" content=\"6 perc\" \/>\n<script type=\"application\/ld+json\" class=\"yoast-schema-graph\">{\"@context\":\"https:\/\/schema.org\",\"@graph\":[{\"@type\":\"WebPage\",\"@id\":\"http:\/\/universofamilia.com\/pl\/visito-tu-perfil-varias-veces-y-no-lo-sabes\/\",\"url\":\"http:\/\/universofamilia.com\/pl\/visito-tu-perfil-varias-veces-y-no-lo-sabes\/\",\"name\":\"\u00a1Visit\u00f3 tu perfil varias veces y no lo sabes! - Universo Fam\u00edlia\",\"isPartOf\":{\"@id\":\"https:\/\/universofamilia.com\/el\/#website\"},\"primaryImageOfPage\":{\"@id\":\"http:\/\/universofamilia.com\/pl\/visito-tu-perfil-varias-veces-y-no-lo-sabes\/#primaryimage\"},\"image\":{\"@id\":\"http:\/\/universofamilia.com\/pl\/visito-tu-perfil-varias-veces-y-no-lo-sabes\/#primaryimage\"},\"thumbnailUrl\":\"http:\/\/universofamilia.com\/wp-content\/uploads\/sites\/148\/2025\/03\/BLOCO-APP-ARTIGO-3.jpg\",\"datePublished\":\"2025-03-02T14:35:27+00:00\",\"dateModified\":\"2025-03-02T18:02:45+00:00\",\"author\":{\"@id\":\"https:\/\/universofamilia.com\/el\/#\/schema\/person\/f07ce98187dd84d31154262e79b3b7ca\"},\"description\":\"\u00a1Visit\u00f3 tu perfil varias veces y no lo sabes! \u00bfAlguna vez te has preguntado cu\u00e1ntas veces te has dirigido a personas que no conoces y admiras.\",\"breadcrumb\":{\"@id\":\"http:\/\/universofamilia.com\/pl\/visito-tu-perfil-varias-veces-y-no-lo-sabes\/#breadcrumb\"},\"inLanguage\":\"hu\",\"potentialAction\":[{\"@type\":\"ReadAction\",\"target\":[\"http:\/\/universofamilia.com\/pl\/visito-tu-perfil-varias-veces-y-no-lo-sabes\/\"]}]},{\"@type\":\"ImageObject\",\"inLanguage\":\"hu\",\"@id\":\"http:\/\/universofamilia.com\/pl\/visito-tu-perfil-varias-veces-y-no-lo-sabes\/#primaryimage\",\"url\":\"http:\/\/universofamilia.com\/wp-content\/uploads\/sites\/148\/2025\/03\/BLOCO-APP-ARTIGO-3.jpg\",\"contentUrl\":\"http:\/\/universofamilia.com\/wp-content\/uploads\/sites\/148\/2025\/03\/BLOCO-APP-ARTIGO-3.jpg\",\"width\":1080,\"height\":1080,\"caption\":\"\u00a1Visit\u00f3 tu perfil varias veces y no lo sabes!\"},{\"@type\":\"BreadcrumbList\",\"@id\":\"http:\/\/universofamilia.com\/pl\/visito-tu-perfil-varias-veces-y-no-lo-sabes\/#breadcrumb\",\"itemListElement\":[{\"@type\":\"ListItem\",\"position\":1,\"name\":\"Home\",\"item\":\"https:\/\/universofamilia.com\/el\/\"},{\"@type\":\"ListItem\",\"position\":2,\"name\":\"\u00a1Visit\u00f3 tu perfil varias veces y no lo sabes!\"}]},{\"@type\":\"WebSite\",\"@id\":\"https:\/\/universofamilia.com\/el\/#website\",\"url\":\"https:\/\/universofamilia.com\/el\/\",\"name\":\"Universo Fam\u00edlia\",\"description\":\"\",\"potentialAction\":[{\"@type\":\"SearchAction\",\"target\":{\"@type\":\"EntryPoint\",\"urlTemplate\":\"https:\/\/universofamilia.com\/el\/?s={search_term_string}\"},\"query-input\":\"required name=search_term_string\"}],\"inLanguage\":\"hu\"},{\"@type\":\"Person\",\"@id\":\"https:\/\/universofamilia.com\/el\/#\/schema\/person\/f07ce98187dd84d31154262e79b3b7ca\",\"name\":\"Pedro Henrique\",\"image\":{\"@type\":\"ImageObject\",\"inLanguage\":\"hu\",\"@id\":\"https:\/\/universofamilia.com\/el\/#\/schema\/person\/image\/\",\"url\":\"http:\/\/0.gravatar.com\/avatar\/9edfeb808cb4e1599f64d6e45b130154?s=96&d=mm&r=g\",\"contentUrl\":\"http:\/\/0.gravatar.com\/avatar\/9edfeb808cb4e1599f64d6e45b130154?s=96&d=mm&r=g\",\"caption\":\"Pedro Henrique\"},\"url\":\"http:\/\/universofamilia.com\/hu\/author\/editor01\/\"}]}<\/script>\n<!-- \/ Yoast SEO plugin. -->","yoast_head_json":{"title":"\u00a1Visit\u00f3 tu perfil varias veces y no lo sabes! - Universo Fam\u00edlia","description":"\u00a1Visit\u00f3 tu perfil varias veces y no lo sabes! \u00bfAlguna vez te has preguntado cu\u00e1ntas veces te has dirigido a personas que no conoces y admiras.","robots":{"index":"index","follow":"follow","max-snippet":"max-snippet:-1","max-image-preview":"max-image-preview:large","max-video-preview":"max-video-preview:-1"},"canonical":"http:\/\/universofamilia.com\/hu\/visito-tu-perfil-varias-veces-y-no-lo-sabes\/","og_locale":"hu_HU","og_type":"article","og_title":"\u00a1Visit\u00f3 tu perfil varias veces y no lo sabes! - Universo Fam\u00edlia","og_description":"\u00a1Visit\u00f3 tu perfil varias veces y no lo sabes! \u00bfAlguna vez te has preguntado cu\u00e1ntas veces te has dirigido a personas que no conoces y admiras.","og_url":"http:\/\/universofamilia.com\/hu\/visito-tu-perfil-varias-veces-y-no-lo-sabes\/","og_site_name":"Universo Fam\u00edlia","article_published_time":"2025-03-02T14:35:27+00:00","article_modified_time":"2025-03-02T18:02:45+00:00","og_image":[{"width":1080,"height":1080,"url":"http:\/\/universofamilia.com\/wp-content\/uploads\/sites\/148\/2025\/03\/BLOCO-APP-ARTIGO-3.jpg","type":"image\/jpeg"}],"author":"Pedro Henrique","twitter_card":"summary_large_image","twitter_misc":{"Written by":"Pedro Henrique","Est. reading time":"6 perc"},"schema":{"@context":"https:\/\/schema.org","@graph":[{"@type":"WebPage","@id":"http:\/\/universofamilia.com\/pl\/visito-tu-perfil-varias-veces-y-no-lo-sabes\/","url":"http:\/\/universofamilia.com\/pl\/visito-tu-perfil-varias-veces-y-no-lo-sabes\/","name":"\u00a1Visit\u00f3 tu perfil varias veces y no lo sabes! - Universo Fam\u00edlia","isPartOf":{"@id":"https:\/\/universofamilia.com\/el\/#website"},"primaryImageOfPage":{"@id":"http:\/\/universofamilia.com\/pl\/visito-tu-perfil-varias-veces-y-no-lo-sabes\/#primaryimage"},"image":{"@id":"http:\/\/universofamilia.com\/pl\/visito-tu-perfil-varias-veces-y-no-lo-sabes\/#primaryimage"},"thumbnailUrl":"http:\/\/universofamilia.com\/wp-content\/uploads\/sites\/148\/2025\/03\/BLOCO-APP-ARTIGO-3.jpg","datePublished":"2025-03-02T14:35:27+00:00","dateModified":"2025-03-02T18:02:45+00:00","author":{"@id":"https:\/\/universofamilia.com\/el\/#\/schema\/person\/f07ce98187dd84d31154262e79b3b7ca"},"description":"\u00a1Visit\u00f3 tu perfil varias veces y no lo sabes! \u00bfAlguna vez te has preguntado cu\u00e1ntas veces te has dirigido a personas que no conoces y admiras.","breadcrumb":{"@id":"http:\/\/universofamilia.com\/pl\/visito-tu-perfil-varias-veces-y-no-lo-sabes\/#breadcrumb"},"inLanguage":"hu","potentialAction":[{"@type":"ReadAction","target":["http:\/\/universofamilia.com\/pl\/visito-tu-perfil-varias-veces-y-no-lo-sabes\/"]}]},{"@type":"ImageObject","inLanguage":"hu","@id":"http:\/\/universofamilia.com\/pl\/visito-tu-perfil-varias-veces-y-no-lo-sabes\/#primaryimage","url":"http:\/\/universofamilia.com\/wp-content\/uploads\/sites\/148\/2025\/03\/BLOCO-APP-ARTIGO-3.jpg","contentUrl":"http:\/\/universofamilia.com\/wp-content\/uploads\/sites\/148\/2025\/03\/BLOCO-APP-ARTIGO-3.jpg","width":1080,"height":1080,"caption":"\u00a1Visit\u00f3 tu perfil varias veces y no lo sabes!"},{"@type":"BreadcrumbList","@id":"http:\/\/universofamilia.com\/pl\/visito-tu-perfil-varias-veces-y-no-lo-sabes\/#breadcrumb","itemListElement":[{"@type":"ListItem","position":1,"name":"Home","item":"https:\/\/universofamilia.com\/el\/"},{"@type":"ListItem","position":2,"name":"\u00a1Visit\u00f3 tu perfil varias veces y no lo sabes!"}]},{"@type":"WebSite","@id":"https:\/\/universofamilia.com\/el\/#website","url":"https:\/\/universofamilia.com\/el\/","name":"Universo Fam\u00edlia","description":"","potentialAction":[{"@type":"SearchAction","target":{"@type":"EntryPoint","urlTemplate":"https:\/\/universofamilia.com\/el\/?s={search_term_string}"},"query-input":"required name=search_term_string"}],"inLanguage":"hu"},{"@type":"Person","@id":"https:\/\/universofamilia.com\/el\/#\/schema\/person\/f07ce98187dd84d31154262e79b3b7ca","name":"Pedro Henrique","image":{"@type":"ImageObject","inLanguage":"hu","@id":"https:\/\/universofamilia.com\/el\/#\/schema\/person\/image\/","url":"http:\/\/0.gravatar.com\/avatar\/9edfeb808cb4e1599f64d6e45b130154?s=96&d=mm&r=g","contentUrl":"http:\/\/0.gravatar.com\/avatar\/9edfeb808cb4e1599f64d6e45b130154?s=96&d=mm&r=g","caption":"Pedro Henrique"},"url":"http:\/\/universofamilia.com\/hu\/author\/editor01\/"}]}},"_links":{"self":[{"href":"http:\/\/universofamilia.com\/hu\/wp-json\/wp\/v2\/posts\/8873"}],"collection":[{"href":"http:\/\/universofamilia.com\/hu\/wp-json\/wp\/v2\/posts"}],"about":[{"href":"http:\/\/universofamilia.com\/hu\/wp-json\/wp\/v2\/types\/post"}],"author":[{"embeddable":true,"href":"http:\/\/universofamilia.com\/hu\/wp-json\/wp\/v2\/users\/139"}],"replies":[{"embeddable":true,"href":"http:\/\/universofamilia.com\/hu\/wp-json\/wp\/v2\/comments?post=8873"}],"version-history":[{"count":2,"href":"http:\/\/universofamilia.com\/hu\/wp-json\/wp\/v2\/posts\/8873\/revisions"}],"predecessor-version":[{"id":8876,"href":"http:\/\/universofamilia.com\/hu\/wp-json\/wp\/v2\/posts\/8873\/revisions\/8876"}],"wp:featuredmedia":[{"embeddable":true,"href":"http:\/\/universofamilia.com\/hu\/wp-json\/wp\/v2\/media\/8874"}],"wp:attachment":[{"href":"http:\/\/universofamilia.com\/hu\/wp-json\/wp\/v2\/media?parent=8873"}],"wp:term":[{"taxonomy":"category","embeddable":true,"href":"http:\/\/universofamilia.com\/hu\/wp-json\/wp\/v2\/categories?post=8873"},{"taxonomy":"post_tag","embeddable":true,"href":"http:\/\/universofamilia.com\/hu\/wp-json\/wp\/v2\/tags?post=8873"}],"curies":[{"name":"wp","href":"https:\/\/api.w.org\/{rel}","templated":true}]}}