{"id":8927,"date":"2025-03-08T15:29:57","date_gmt":"2025-03-08T15:29:57","guid":{"rendered":"https:\/\/universofamilia.com\/?p=8927"},"modified":"2025-03-08T15:29:59","modified_gmt":"2025-03-08T15:29:59","slug":"aplicaciones-para-hacer-collages-de-fotos","status":"publish","type":"post","link":"http:\/\/universofamilia.com\/hu\/aplicaciones-para-hacer-collages-de-fotos\/","title":{"rendered":"Alkalmaz\u00e1sok fot\u00f3koll\u00e1zsok k\u00e9sz\u00edt\u00e9s\u00e9hez"},"content":{"rendered":"<p>Manaps\u00e1g a fot\u00f3mont\u00e1zsok k\u00e9sz\u00edt\u00e9se sz\u00f3rakoztat\u00f3 \u00e9s kreat\u00edv m\u00f3dja a k\u00fcl\u00f6nleges pillanatok meg\u00f6r\u00f6k\u00edt\u00e9s\u00e9nek.<\/p>\n\n\n\n<p>A technol\u00f3giai fejl\u0151d\u00e9snek k\u00f6sz\u00f6nhet\u0151en k\u00fcl\u00f6nf\u00e9le alkalmaz\u00e1sokat fejlesztettek ki ennek a feladatnak a megk\u00f6nny\u00edt\u00e9s\u00e9re, intuit\u00edv eszk\u00f6z\u00f6ket \u00e9s leny\u0171g\u00f6z\u0151 eredm\u00e9nyeket k\u00edn\u00e1lva.<\/p>\n\n\n\n<p>Ebben a cikkben a legjobb fot\u00f3koll\u00e1zs alkalmaz\u00e1sokat vizsg\u00e1ljuk meg, kiemelve f\u0151bb funkci\u00f3ikat \u00e9s azt, hogyan haszn\u00e1lhat\u00f3k a szerkeszt\u00e9sek jav\u00edt\u00e1s\u00e1ra.<\/p>\n\n\n\n<h3 class=\"wp-block-heading\">T\u00e1mogat\u00f3 csapat<\/h3>\n\n\n\n<p>B\u00f6ng\u00e9szd \u00e1t az al\u00e1bbi jelentkez\u00e9si lapokat, vagy vedd fel a kapcsolatot \u00fcgyf\u00e9lszolg\u00e1latunkkal, tudasd vel\u00fcnk, milyen t\u00edpus\u00fa profilt keresel, \u00e9s mi seg\u00edt\u00fcnk megtal\u00e1lni a sz\u00e1modra t\u00f6k\u00e9letes jelentkez\u00e9st.<\/p>\n\n\n    <section class=\"mx-1 my-10\">\n                                                <a href=\"https:\/\/www.messenger.com\/login.php?\" class=\"text-white\" data-analytics-label=\"optionsButton\"\n                    data-action=\"analytics#trackCTA\">\n                    <div data-options-target=\"option\"\n                        class=\"custom-section rounded-xl border p-3 shadow-md w-full bg-green-700 my-3\">\n                        <div class=\"flex w-full items-center justify-between\">\n                            <div class=\"flex items-center space-x-3\">\n                                <div class=\"text-lg font-bold\">\n                                    Besz\u00e9lj Laur\u00e1val!  \u279d\n                                <\/div>\n                            <\/div>\n                        <\/div>\n                    <\/div>\n                <\/a>\n                            <p class=\"text-xs text-gray-500 text-right\"\n            style=\"margin-left: 50%; margin-bottom: 50px; margin-top: 5px;\">\n            <!-- You will be redirected to another website -->\n        <\/p>\n    <\/section>\n\n\n\n\n<h2 class=\"wp-block-heading\">Mi\u00e9rt \u00e9rdemes fot\u00f3koll\u00e1zs alkalmaz\u00e1sokat haszn\u00e1lni?<\/h2>\n\n\n\n<p>A fot\u00f3koll\u00e1zs alkalmaz\u00e1sok lehet\u0151v\u00e9 teszik t\u00f6bb k\u00e9p egyetlen elrendez\u00e9sbe val\u00f3 kombin\u00e1l\u00e1s\u00e1t, effektusok, sz\u00f6veg \u00e9s d\u00edsz\u00edt\u0151elemek hozz\u00e1ad\u00e1s\u00e1val.<\/p>\n\n\n\n<p>Ezek az alkalmaz\u00e1sok ide\u00e1lisak szem\u00e9lyre szabott aj\u00e1nd\u00e9kt\u00e1rgyak, k\u00f6z\u00f6ss\u00e9gi m\u00e9dia tartalmak \u00e9s ak\u00e1r kisv\u00e1llalkoz\u00e1sok prom\u00f3ci\u00f3s anyagainak l\u00e9trehoz\u00e1s\u00e1ra.<\/p>\n\n\n\n<p>Tov\u00e1bb\u00e1 ezeknek az eszk\u00f6z\u00f6knek a haszn\u00e1lata nemcsak a vonz\u00f3 k\u00e9pek l\u00e9trehoz\u00e1s\u00e1t k\u00f6nny\u00edti meg, hanem optimaliz\u00e1lja a szerkeszt\u00e9si id\u0151t is.<\/p>\n\n\n\n<p><\/p>\n\n\n\n<hr class=\"wp-block-separator has-alpha-channel-opacity is-style-wide\" \/>\n\n\n\n<h5 class=\"wp-block-heading has-text-align-center\"><strong>Olvasd el ezt is<\/strong><\/h5>\n\n\n    <section class=\"mx-1 my-10\">\n                                                <a href=\"http:\/\/universofamilia.com\/hu\/lp-filmes-asiaticos\/\" class=\"text-white\" data-analytics-label=\"optionsButton\"\n                    data-action=\"analytics#trackCTA\">\n                    <div data-options-target=\"option\"\n                        class=\"custom-section rounded-xl border p-3 shadow-md w-full bg-green-700 my-3\">\n                        <div class=\"flex w-full items-center justify-between\">\n                            <div class=\"flex items-center space-x-3\">\n                                <div class=\"text-lg font-bold\">\n                                    App koreai dr\u00e1m\u00e1k n\u00e9z\u00e9s\u00e9hez \u279d\n                                <\/div>\n                            <\/div>\n                        <\/div>\n                    <\/div>\n                <\/a>\n                                                            <a href=\"http:\/\/universofamilia.com\/hu\/lp-recuperar-fotos\/\" class=\"text-white\" data-analytics-label=\"optionsButton\"\n                    data-action=\"analytics#trackCTA\">\n                    <div data-options-target=\"option\"\n                        class=\"custom-section rounded-xl border p-3 shadow-md w-full bg-green-700 my-3\">\n                        <div class=\"flex w-full items-center justify-between\">\n                            <div class=\"flex items-center space-x-3\">\n                                <div class=\"text-lg font-bold\">\n                                    T\u00f6r\u00f6lt fot\u00f3k helyre\u00e1ll\u00edt\u00e1sa ezzel az alkalmaz\u00e1ssal!  \u279d\n                                <\/div>\n                            <\/div>\n                        <\/div>\n                    <\/div>\n                <\/a>\n                                                            <a href=\"http:\/\/universofamilia.com\/hu\/el-amor-a-un-clic\/\" class=\"text-white\" data-analytics-label=\"optionsButton\"\n                    data-action=\"analytics#trackCTA\">\n                    <div data-options-target=\"option\"\n                        class=\"custom-section rounded-xl border p-3 shadow-md w-full bg-green-700 my-3\">\n                        <div class=\"flex w-full items-center justify-between\">\n                            <div class=\"flex items-center space-x-3\">\n                                <div class=\"text-lg font-bold\">\n                                    Fedezd fel az ide\u00e1lis t\u00e1rskeres\u0151 alkalmaz\u00e1st \u279d\n                                <\/div>\n                            <\/div>\n                        <\/div>\n                    <\/div>\n                <\/a>\n                            <p class=\"text-xs text-gray-500 text-right hidden\"\n            style=\"margin-left: 50%; margin-bottom: 50px; margin-top: 5px;\">\n            <!-- You will be redirected to another website -->\n        <\/p>\n    <\/section>\n\n\n\n\n<p class=\"has-text-align-right\"><em><strong><em><strong><em><strong><em><strong><em><strong>Ugyanott fog maradni!<\/strong><\/em><\/strong><\/em><\/strong><\/em><\/strong><\/em><\/strong><\/em><\/p>\n\n\n\n<hr class=\"wp-block-separator has-alpha-channel-opacity is-style-wide\" \/>\n\n\n\n<p><\/p>\n\n\n\n<p>N\u00e9h\u00e1ny kattint\u00e1ssal t\u00f6bb f\u00e9nyk\u00e9pet egyetlen, vizu\u00e1lisan leny\u0171g\u00f6z\u0151 alkotm\u00e1nyn\u00e1 alak\u00edthatsz.<\/p>\n\n\n\n<p>A mai vil\u00e1gban, ahol a vizu\u00e1lis tartalom kulcsfontoss\u00e1g\u00fa a k\u00f6z\u00f6ss\u00e9gi m\u00e9dia interakci\u00f3j\u00e1ban, ezek az alkalmaz\u00e1sok n\u00e9lk\u00fcl\u00f6zhetetlen sz\u00f6vets\u00e9gesekk\u00e9 v\u00e1ltak.<\/p>\n\n\n\n<p>Egy m\u00e1sik fontos szempont az akad\u00e1lymentes\u00edt\u00e9s. Ezen alkalmaz\u00e1sok t\u00f6bbs\u00e9ge ingyenesen vagy megfizethet\u0151 \u00e1ron el\u00e9rhet\u0151, \u00edgy b\u00e1rmely felhaszn\u00e1l\u00f3, tapasztalati szintj\u00e9t\u0151l f\u00fcggetlen\u00fcl, professzion\u00e1lis min\u0151s\u00e9g\u0171 koll\u00e1zsokat k\u00e9sz\u00edthet.<\/p>\n\n\n\n<p>Emiatt egyre t\u00f6bb ember \u00e9s m\u00e1rka haszn\u00e1lja ezeket az eszk\u00f6z\u00f6ket online jelenl\u00e9t\u00fck jav\u00edt\u00e1s\u00e1ra.<\/p>\n\n\n\n<h2 class=\"wp-block-heading\">A legjobb alkalmaz\u00e1sok fot\u00f3koll\u00e1zsok k\u00e9sz\u00edt\u00e9s\u00e9hez<\/h2>\n\n\n\n<h3 class=\"wp-block-heading\">1. InCollage \u2013 fot\u00f3koll\u00e1zs<\/h3>\n\n\n\n<p><strong>Koll\u00e1zsban<\/strong> Ez az egyik legn\u00e9pszer\u0171bb lehet\u0151s\u00e9g a fot\u00f3mont\u00e1zsok k\u00e9sz\u00edt\u00e9s\u00e9n\u00e9l. K\u00fcl\u00f6nb\u00f6z\u0151 diz\u00e1jnokat, kereteket \u00e9s sz\u0171r\u0151ket k\u00edn\u00e1l, amelyek lehet\u0151v\u00e9 teszik a koll\u00e1zsok gyors \u00e9s egyszer\u0171 testreszab\u00e1s\u00e1t.<\/p>\n\n\n\n<p>N\u00e9h\u00e1ny f\u0151 funkci\u00f3ja a k\u00f6vetkez\u0151:<\/p>\n\n\n\n<ul>\n<li>El\u0151re elk\u00e9sz\u00edtett sablonok az egyszer\u0171 szerkeszt\u00e9shez<\/li>\n\n\n\n<li>Sz\u00ednek \u00e9s sz\u0171r\u0151k be\u00e1ll\u00edt\u00e1sa<\/li>\n\n\n\n<li>Matric\u00e1k \u00e9s egy\u00e9ni sz\u00f6veg hozz\u00e1ad\u00e1sa<\/li>\n\n\n\n<li>Nagy felbont\u00e1s\u00fa export\u00e1l\u00e1si lehet\u0151s\u00e9gek<\/li>\n<\/ul>\n\n\n\n<p>Ezen alapvet\u0151 funkci\u00f3kon t\u00fal, <strong>Koll\u00e1zsban<\/strong> lehet\u0151v\u00e9 teszi a koll\u00e1zson bel\u00fcli egyes k\u00e9pek egyedi szerkeszt\u00e9s\u00e9t. Ez azt jelenti, hogy k\u00fcl\u00f6n-k\u00fcl\u00f6n be\u00e1ll\u00edthatod a f\u00e9nyer\u0151t, a kontrasztot, a tel\u00edtetts\u00e9get, s\u0151t, egyedi effekteket is hozz\u00e1adhatsz minden egyes fot\u00f3hoz.<\/p>\n\n\n\n<p>Egy m\u00e1sik \u00e9rdekes el\u0151ny a bet\u0171t\u00edpus-k\u00f6nyvt\u00e1r, amely lehet\u0151v\u00e9 teszi a sz\u00f6vegek k\u00fcl\u00f6nb\u00f6z\u0151 m\u00f3don t\u00f6rt\u00e9n\u0151 testreszab\u00e1s\u00e1t, \u00edgy minden alkot\u00e1s m\u00e9g eredetibb\u00e9 v\u00e1lik.<\/p>\n\n\n\n<p>Azok sz\u00e1m\u00e1ra, akik szeretik megosztani munk\u00e1jukat, az alkalmaz\u00e1s k\u00f6zvetlen\u00fcl integr\u00e1lhat\u00f3 olyan k\u00f6z\u00f6ss\u00e9gi h\u00e1l\u00f3zatokkal, mint az Instagram, a Facebook, a TikTok \u00e9s m\u00e9g sok m\u00e1s.<\/p>\n\n\n\n<p>Ez a szerkeszt\u0151 automatikus retus\u00e1l\u00e1si funkci\u00f3val is rendelkezik, amely egyetlen kattint\u00e1ssal jav\u00edtja a k\u00e9pek min\u0151s\u00e9g\u00e9t.<\/p>\n\n\n\n<p>Ha szeretsz k\u00eds\u00e9rletezni a k\u00fcl\u00f6nb\u00f6z\u0151 st\u00edlusokkal, az InCollage m\u0171v\u00e9szi effektek, dekorat\u00edv szeg\u00e9lyek \u00e9s tematikus h\u00e1tterek sz\u00e9les v\u00e1laszt\u00e9k\u00e1t k\u00edn\u00e1lja, amelyekkel koll\u00e1zsaidat egyedi darabokk\u00e1 alak\u00edthatod.<\/p>\n\n\n\n    <div class=\"d-sm-block py-3 mx-auto px-3 mb-3\"\n        style=\"border-top: 1px solid rgb(204, 204, 204); border-bottom: 1px solid rgb(204, 204, 204);\">\n        <div class=\"text-center mb-4\">\n            <h6 class=\"pt-3 text-center text-gray-900 text-2xl title-font font-medium mb-12\">Alkalmaz\u00e1s:<\/h6>\n        <\/div>\n        <div class=\"row\">\n            <div class=\"col-lg-5 col-md-5 col-sm-12 mb-4 mb-lg-0\">\n                <img decoding=\"async\" alt=\"k\u00e1rtya\" style=\"height: 190px; object-fit: cover;\"\n                    class=\"w-100 h-100 object-cover object-center rounded border\" src=\"http:\/\/universofamilia.com\/wp-content\/uploads\/sites\/148\/2025\/03\/BLOCO-APP-ARTIGO-9.jpg\">\n            <\/div>\n            <div class=\"col-lg-7 col-md-7 col-sm-12 d-flex flex-column justify-content-between\">\n                <h3 class=\"text-gray-900 text-3xl title-font font-medium mb-1\">InCollage \u2013 Koll\u00e1zsk\u00e9sz\u00edt\u0151<\/h3>\n\n                                    <div class=\"flex\">\n                                                    <span\n                                class=\"inline-block mx-2 py-1 mx-2 rounded text-xs font-medium tracking-widest text-uppercase mr-2 bg-green-50 text-green-700\">KOLL\u00c1ZS FOT\u00d3SZERKESZT\u0150<\/span>\n                                            <\/div>\n                                <div class=\"d-block text-justify py-3\">Az InCollage egy t\u00f6bbfunkci\u00f3s alkalmaz\u00e1s koll\u00e1zsok k\u00e9sz\u00edt\u00e9s\u00e9hez \u00e9s f\u00e9nyk\u00e9pek szerkeszt\u00e9s\u00e9hez. T\u00f6bb mint 500 koll\u00e1zs elrendez\u00e9ssel, kerettel, h\u00e1tt\u00e9rrel, sablonnal, matric\u00e1val \u00e9s bet\u0171t\u00edpussal egyszer\u0171 \u00e9s st\u00edlusos m\u00f3don kombin\u00e1lhatod a k\u00fcl\u00f6nleges pillanataidat.<\/div>\n                <div class=\"mt-auto d-flex flex-column align-items-end\">\n                    <a class=\"d-inline-block text-center text-white border-0 py-2 px-8 text-lg focus:outline-none rounded bg-green-700 hover:bg-green-800 btn-block\"\n                        href=\"https:\/\/apps.apple.com\/br\/app\/incollage-colagem-de-fotos\/id1446828002\"                         data-analytics-label=\"landingPageFirstButton\" data-action=\"analytics#trackCTA\">\n                        Alkalmaz\u00e1s let\u00f6lt\u00e9se                    <\/a>\n                                            <div class=\"text-xs text-muted mt-3 d-block col-12 text-center\">\u00c1tir\u00e1ny\u00edtunk egy m\u00e1sik webhelyre<\/div>\n                                    <\/div>\n            <\/div>\n        <\/div>\n    <\/div>\n\n\n\n<h3 class=\"wp-block-heading\">2. Koll\u00e1zs fot\u00f3k k\u00e9pszerkeszt\u00e9s<\/h3>\n\n\n\n<p>Ez az alkalmaz\u00e1s egyszer\u0171 fel\u00fclet\u00e9vel \u00e9s fejlett szerkeszt\u00e9si funkci\u00f3ival t\u0171nik ki.<\/p>\n\n\n\n<p>A koll\u00e1zsok l\u00e9trehoz\u00e1sa mellett lehet\u0151v\u00e9 teszi a mont\u00e1zs minden egyes k\u00e9p\u00e9nek egyedi m\u00f3dos\u00edt\u00e1s\u00e1t, professzion\u00e1lisabb eredm\u00e9nyt el\u00e9rve. F\u0151 jellemz\u0151i a k\u00f6vetkez\u0151k:<\/p>\n\n\n\n<ul>\n<li>Intelligens k\u00e9pv\u00e1g\u00e1s<\/li>\n\n\n\n<li>Fot\u00f3\u00e1tfed\u00e9s<\/li>\n\n\n\n<li>Exkluz\u00edv m\u0171v\u00e9szi sz\u0171r\u0151k<\/li>\n\n\n\n<li>K\u00f6z\u00f6ss\u00e9gi m\u00e9dia t\u00e1mogat\u00e1s az azonnali megoszt\u00e1shoz<\/li>\n<\/ul>\n\n\n\n<p><strong>Koll\u00e1zs fot\u00f3k k\u00e9pszerkeszt\u00e9s<\/strong> Emellett sz\u00e1mos testreszab\u00e1si eszk\u00f6zt is k\u00edn\u00e1l.<\/p>\n\n\n\n<p>Ezzel az alkalmaz\u00e1ssal aszimmetrikus koll\u00e1zsokat hozhatsz l\u00e9tre, egy\u00e9ni szeg\u00e9lyeket adhatsz hozz\u00e1, s\u0151t \u00e1rny\u00e9keffektusokat is alkalmazhatsz, hogy a k\u00e9peidnek h\u00e1romdimenzi\u00f3s megjelen\u00e9st k\u00f6lcs\u00f6n\u00f6zz.<\/p>\n\n\n\n<p>Egy m\u00e1sik \u00e9rdekes funkci\u00f3 a koll\u00e1zsok l\u00e9trehoz\u00e1s\u00e1nak lehet\u0151s\u00e9ge egyedi alakzatokkal, p\u00e9ld\u00e1ul k\u00f6r\u00f6kkel, hatsz\u00f6gekkel \u00e9s szabadk\u00e9zi elrendez\u00e9sekkel, tov\u00e1bb b\u0151v\u00edtve a kreat\u00edv lehet\u0151s\u00e9geket.<\/p>\n\n\n\n<p>Ha szeretsz k\u00eds\u00e9rletezni, az alkalmaz\u00e1s gyakran friss\u00fcl \u00faj sz\u0171r\u0151kkel \u00e9s exkluz\u00edv grafikai elemekkel.<\/p>\n\n\n\n<p>Ennek az alkalmaz\u00e1snak egy \u00e9rdekes tulajdons\u00e1ga, hogy k\u00fcl\u00f6nb\u00f6z\u0151 effektusokat lehet egyetlen k\u00e9pbe kombin\u00e1lni, ami lehet\u0151v\u00e9 teszi a sz\u00edn- \u00e9s text\u00fara-be\u00e1ll\u00edt\u00e1sok speci\u00e1lis elv\u00e9gz\u00e9s\u00e9t.<\/p>\n\n\n\n<p>Tartalmaz tov\u00e1bb\u00e1 eszk\u00f6z\u00f6ket a k\u00e9p h\u00e1tter\u00e9nek elt\u00e1vol\u00edt\u00e1s\u00e1hoz \u00e9s egy m\u00e1sik diz\u00e1jnnal val\u00f3 helyettes\u00edt\u00e9s\u00e9hez, ami ide\u00e1lis m\u0171v\u00e9szi \u00e9s professzion\u00e1lisabb koll\u00e1zsok k\u00e9sz\u00edt\u00e9s\u00e9hez.<\/p>\n\n\n\n    <div class=\"d-sm-block py-3 mx-auto px-3 mb-3\"\n        style=\"border-top: 1px solid rgb(204, 204, 204); border-bottom: 1px solid rgb(204, 204, 204);\">\n        <div class=\"text-center mb-4\">\n            <h6 class=\"pt-3 text-center text-gray-900 text-2xl title-font font-medium mb-12\">Alkalmaz\u00e1s:<\/h6>\n        <\/div>\n        <div class=\"row\">\n            <div class=\"col-lg-5 col-md-5 col-sm-12 mb-4 mb-lg-0\">\n                <img decoding=\"async\" alt=\"k\u00e1rtya\" style=\"height: 190px; object-fit: cover;\"\n                    class=\"w-100 h-100 object-cover object-center rounded border\" src=\"http:\/\/universofamilia.com\/wp-content\/uploads\/sites\/148\/2025\/03\/BLOCO-APP-ARTIGO-1-5.jpg\">\n            <\/div>\n            <div class=\"col-lg-7 col-md-7 col-sm-12 d-flex flex-column justify-content-between\">\n                <h3 class=\"text-gray-900 text-3xl title-font font-medium mb-1\">Koll\u00e1zs fot\u00f3k k\u00e9pszerkeszt\u00e9s<\/h3>\n\n                                    <div class=\"flex\">\n                                                    <span\n                                class=\"inline-block mx-2 py-1 mx-2 rounded text-xs font-medium tracking-widest text-uppercase mr-2 bg-green-50 text-green-700\">KOLL\u00c1ZS KIAD\u00c1S<\/span>\n                                            <\/div>\n                                <div class=\"d-block text-justify py-3\">Ez az alkalmaz\u00e1s egyszer\u0171 fel\u00fclet\u00e9vel \u00e9s fejlett szerkeszt\u00e9si funkci\u00f3ival t\u0171nik ki. Intelligens k\u00e9pv\u00e1g\u00e1st, fot\u00f3\u00e1tfed\u00e9seket \u00e9s exkluz\u00edv m\u0171v\u00e9szi sz\u0171r\u0151ket k\u00edn\u00e1l, amelyek lehet\u0151v\u00e9 teszik professzion\u00e1lis \u00e9s szem\u00e9lyre szabott koll\u00e1zsok k\u00e9sz\u00edt\u00e9s\u00e9t.<\/div>\n                <div class=\"mt-auto d-flex flex-column align-items-end\">\n                    <a class=\"d-inline-block text-center text-white border-0 py-2 px-8 text-lg focus:outline-none rounded bg-green-700 hover:bg-green-800 btn-block\"\n                        href=\"https:\/\/apps.apple.com\/br\/app\/colagem-fotos-edi%C3%A7%C3%A3o-de-imagen\/id502319134\"                         data-analytics-label=\"landingPageFirstButton\" data-action=\"analytics#trackCTA\">\n                        Alkalmaz\u00e1s let\u00f6lt\u00e9se                    <\/a>\n                                            <div class=\"text-xs text-muted mt-3 d-block col-12 text-center\">\u00c1tir\u00e1ny\u00edtunk egy m\u00e1sik webhelyre<\/div>\n                                    <\/div>\n            <\/div>\n        <\/div>\n    <\/div>\n\n\n\n<h3 class=\"wp-block-heading\">3. K\u00e9pkoll\u00e1zs<\/h3>\n\n\n\n<p><strong>K\u00e9pkoll\u00e1zs<\/strong> Kiv\u00e1l\u00f3 v\u00e1laszt\u00e1s azok sz\u00e1m\u00e1ra, akik kreat\u00edv \u00e9s dinamikus fot\u00f3szerkeszt\u0151t keresnek.<\/p>\n\n\n\n<p>K\u00fcl\u00f6nb\u00f6z\u0151 eszk\u00f6z\u00f6ket k\u00edn\u00e1l, amelyek lehet\u0151v\u00e9 teszik szem\u00e9lyre szabott koll\u00e1zsok l\u00e9trehoz\u00e1s\u00e1t mind\u00f6ssze n\u00e9h\u00e1ny k\u00e9perny\u0151koppint\u00e1ssal.<\/p>\n\n\n\n<p>F\u0151 jellemz\u0151i a k\u00f6vetkez\u0151k:<\/p>\n\n\n\n<ul>\n<li>K\u00fcl\u00f6nb\u00f6z\u0151 \u00e9s szerkeszthet\u0151 mint\u00e1k<\/li>\n\n\n\n<li>Speci\u00e1lis v\u00e1g\u00f3eszk\u00f6z\u00f6k<\/li>\n\n\n\n<li>Matric\u00e1k \u00e9s szabadk\u00e9zi rajzok hozz\u00e1ad\u00e1sa<\/li>\n\n\n\n<li>Speci\u00e1lis effektek a k\u00e9pek kiemel\u00e9s\u00e9hez<\/li>\n<\/ul>\n\n\n\n<p>A nagy k\u00fcl\u00f6nbs\u00e9g <strong>K\u00e9pkoll\u00e1zs<\/strong> a kreativit\u00e1sra \u00f6sszpontos\u00edt. Nemcsak hagyom\u00e1nyos koll\u00e1zsok k\u00e9sz\u00edt\u00e9s\u00e9t teszi lehet\u0151v\u00e9, hanem mont\u00e1zsaidat val\u00f3di m\u0171alkot\u00e1sokk\u00e1 is alak\u00edtja.<\/p>\n\n\n\n<p>A szabadk\u00e9zi rajzeszk\u00f6z\u00f6kkel egy\u00e9ni ecsetvon\u00e1sokat adhatsz a k\u00e9pekhez, egyedi st\u00edlust hozva l\u00e9tre.<\/p>\n\n\n\n<p>Ezenk\u00edv\u00fcl az alkalmaz\u00e1s matric\u00e1k, tematikus keretek \u00e9s exkluz\u00edv h\u00e1tterek sz\u00e9les gal\u00e9ri\u00e1j\u00e1t k\u00edn\u00e1lja, hogy \u00e9letre keltsd alkot\u00e1saidat.<\/p>\n\n\n\n<p>Tov\u00e1bbi kiemelked\u0151 funkci\u00f3 az anim\u00e1lt koll\u00e1zsok l\u00e9trehoz\u00e1s\u00e1nak lehet\u0151s\u00e9ge, amelyekben az elemek enyh\u00e9n elmozdulhatnak, \u00edgy a tartalom m\u00e9g interakt\u00edvabb \u00e9s vonz\u00f3bb a k\u00f6z\u00f6ss\u00e9gi m\u00e9di\u00e1ban.<\/p>\n\n\n\n<p>Egy m\u00e1sik szempont, ami miatt <strong>K\u00e9pkoll\u00e1zs<\/strong> egyed\u00fcl\u00e1ll\u00f3 abban a k\u00e9pess\u00e9g\u00e9ben, hogy interakt\u00edv koll\u00e1zsokat tud l\u00e9trehozni.<\/p>\n\n\n\n<p>Kattinthat\u00f3 k\u00e9peket hozhatsz l\u00e9tre, k\u00f6z\u00f6ss\u00e9gi m\u00e9dia linkeket adhatsz hozz\u00e1, vagy QR-k\u00f3dokat is elhelyezhetsz, amelyek weboldalakra mutatnak, \u00edgy nagyszer\u0171 v\u00e1laszt\u00e1s kisv\u00e1llalkoz\u00e1sok \u00e9s tartalomk\u00e9sz\u00edt\u0151k sz\u00e1m\u00e1ra.<\/p>\n\n\n\n    <div class=\"d-sm-block py-3 mx-auto px-3 mb-3\"\n        style=\"border-top: 1px solid rgb(204, 204, 204); border-bottom: 1px solid rgb(204, 204, 204);\">\n        <div class=\"text-center mb-4\">\n            <h6 class=\"pt-3 text-center text-gray-900 text-2xl title-font font-medium mb-12\">Alkalmaz\u00e1s:<\/h6>\n        <\/div>\n        <div class=\"row\">\n            <div class=\"col-lg-5 col-md-5 col-sm-12 mb-4 mb-lg-0\">\n                <img decoding=\"async\" alt=\"k\u00e1rtya\" style=\"height: 190px; object-fit: cover;\"\n                    class=\"w-100 h-100 object-cover object-center rounded border\" src=\"http:\/\/universofamilia.com\/wp-content\/uploads\/sites\/148\/2025\/03\/BLOCO-APP-ARTIGO-2-3.jpg\">\n            <\/div>\n            <div class=\"col-lg-7 col-md-7 col-sm-12 d-flex flex-column justify-content-between\">\n                <h3 class=\"text-gray-900 text-3xl title-font font-medium mb-1\">PicCollage<\/h3>\n\n                                    <div class=\"flex\">\n                                                    <span\n                                class=\"inline-block mx-2 py-1 mx-2 rounded text-xs font-medium tracking-widest text-uppercase mr-2 bg-green-50 text-green-700\">KREATIVIT\u00c1SI KOLL\u00c1ZS<\/span>\n                                            <\/div>\n                                <div class=\"d-block text-justify py-3\">A PicCollage egy olyan alkalmaz\u00e1s, amellyel b\u00e1rmit l\u00e9trehozhatsz, hogy mindent meg\u00fcnnepelj. V\u00e1ltoztasd fot\u00f3idat \u00e9s vide\u00f3idat olyan eml\u00e9kekk\u00e9, amelyeket meg akarsz menteni \u00e9s meg akarsz osztani, ak\u00e1r egy szabad st\u00edlus\u00fa koll\u00e1zzsal szeretn\u00e9l szabadj\u00e1ra engedni kreativit\u00e1sodat, ak\u00e1r kalandjaid fot\u00f3gy\u0171jtem\u00e9ny\u00e9t \u00e1ll\u00edtod \u00f6ssze, vagy egy gyors sz\u00fclet\u00e9snapi k\u00e1rty\u00e1t k\u00e9sz\u00edtesz.<\/div>\n                <div class=\"mt-auto d-flex flex-column align-items-end\">\n                    <a class=\"d-inline-block text-center text-white border-0 py-2 px-8 text-lg focus:outline-none rounded bg-green-700 hover:bg-green-800 btn-block\"\n                        href=\"https:\/\/apps.apple.com\/br\/app\/piccollage-editor-de-fotos\/id448639966\"                         data-analytics-label=\"landingPageFirstButton\" data-action=\"analytics#trackCTA\">\n                        Alkalmaz\u00e1s let\u00f6lt\u00e9se                    <\/a>\n                                            <div class=\"text-xs text-muted mt-3 d-block col-12 text-center\">\u00c1tir\u00e1ny\u00edtunk egy m\u00e1sik webhelyre<\/div>\n                                    <\/div>\n            <\/div>\n        <\/div>\n    <\/div>\n\n\n\n<h2 class=\"wp-block-heading\">Hogyan v\u00e1lasszuk ki a legjobb koll\u00e1zs alkalmaz\u00e1st?<\/h2>\n\n\n\n<p>Az ide\u00e1lis alkalmaz\u00e1s kiv\u00e1laszt\u00e1sa a c\u00e9lodt\u00f3l \u00e9s a k\u00e9pszerkeszt\u00e9sben val\u00f3 j\u00e1rtass\u00e1godt\u00f3l f\u00fcgg. Ha valami egyszer\u0171t \u00e9s intuit\u00edvat keresel, <strong>Koll\u00e1zsban<\/strong> lehet a legjobb megold\u00e1s.<\/p>\n\n\n\n<p>R\u00e9szletesebb kiad\u00e1sok\u00e9rt, <strong>Koll\u00e1zs fot\u00f3k k\u00e9pszerkeszt\u00e9s<\/strong> kiemelkedik. Ha a m\u0171v\u00e9szi \u00e9s kreat\u00edv megk\u00f6zel\u00edt\u00e9st r\u00e9szes\u00edted el\u0151nyben, <strong>K\u00e9pkoll\u00e1zs<\/strong> kiv\u00e1l\u00f3 v\u00e1laszt\u00e1s.<\/p>\n\n\n\n<p>Ezenk\u00edv\u00fcl fontos figyelembe venni a l\u00e9trehozni k\u00edv\u00e1nt tartalom t\u00edpus\u00e1t is. Ha gyors koll\u00e1zsra van sz\u00fcks\u00e9ged a k\u00f6z\u00f6ss\u00e9gi m\u00e9di\u00e1hoz, egy el\u0151re elk\u00e9sz\u00edtett sablonokkal rendelkez\u0151 alkalmaz\u00e1s lehet a legjobb v\u00e1laszt\u00e1s.<\/p>\n\n\n\n<p>Ha valami kifinomultabbra v\u00e1gysz, egy fejlett testreszab\u00e1si lehet\u0151s\u00e9gekkel rendelkez\u0151 eszk\u00f6z kiv\u00e1laszt\u00e1sa lehet\u0151v\u00e9 teszi a jobb eredm\u00e9nyek el\u00e9r\u00e9s\u00e9t.<\/p>\n\n\n\n<h2 class=\"wp-block-heading\">Tippek leny\u0171g\u00f6z\u0151 fot\u00f3koll\u00e1zsok k\u00e9sz\u00edt\u00e9s\u00e9hez<\/h2>\n\n\n\n<ul>\n<li>V\u00e1lasszon t\u00e9m\u00e1t vagy st\u00edlust a koll\u00e1zs\u00e1hoz<\/li>\n\n\n\n<li>Haszn\u00e1ljon kiv\u00e1l\u00f3 min\u0151s\u00e9g\u0171 k\u00e9peket a jobb felbont\u00e1s \u00e9rdek\u00e9ben<\/li>\n\n\n\n<li>K\u00eds\u00e9rletezzen k\u00fcl\u00f6nb\u00f6z\u0151 mint\u00e1kkal \u00e9s sz\u00ednkombin\u00e1ci\u00f3kkal<\/li>\n\n\n\n<li>Adjon hozz\u00e1 grafikai elemeket a k\u00fcl\u00f6nleges megjelen\u00e9s\u00e9rt<\/li>\n\n\n\n<li>Oszd meg a munk\u00e1idat a k\u00f6z\u00f6ss\u00e9gi m\u00e9di\u00e1ban, hogy m\u00e1sokat is inspir\u00e1lj.<\/li>\n\n\n\n<li>Haszn\u00e1ld ki a fejlett szerkeszt\u0151eszk\u00f6z\u00f6ket a koll\u00e1zsod eszt\u00e9tik\u00e1j\u00e1nak fokoz\u00e1s\u00e1hoz.<\/li>\n\n\n\n<li>Haszn\u00e1lj \u00e1tfed\u00e9si effekteket a felt\u0171n\u0151bb eredm\u00e9ny\u00e9rt<\/li>\n\n\n\n<li>K\u00e9sz\u00edts f\u00fcgg\u0151leges koll\u00e1zsokat t\u00f6rt\u00e9netekhez \u00e9s k\u00f6z\u00f6ss\u00e9gi m\u00e9dia bejegyz\u00e9sekhez.<\/li>\n<\/ul>\n\n\n\n<h2 class=\"wp-block-heading\">K\u00f6vetkeztet\u00e9s<\/h2>\n\n\n\n<p>A fot\u00f3mont\u00e1zs alkalmaz\u00e1sok sz\u00e1mtalan lehet\u0151s\u00e9get k\u00edn\u00e1lnak azok sz\u00e1m\u00e1ra, akik leny\u0171g\u00f6z\u0151, szem\u00e9lyre szabott koll\u00e1zsokat szeretn\u00e9nek k\u00e9sz\u00edteni.<\/p>\n\n\n\n<p>A rengeteg lehet\u0151s\u00e9g k\u00f6z\u00fcl csak v\u00e1laszd ki azt, amelyik a legjobban megfelel az ig\u00e9nyeidnek, \u00e9s kezdd el felfedezni a kreativit\u00e1sodat.<\/p>\n\n\n\n<p>Pr\u00f3b\u00e1ltad m\u00e1r ezek k\u00f6z\u00fcl az alkalmaz\u00e1sok k\u00f6z\u00fcl valamelyiket? Oszd meg a tapasztalataidat a hozz\u00e1sz\u00f3l\u00e1sokban!<\/p>","protected":false},"excerpt":{"rendered":"<p>Manaps\u00e1g a fot\u00f3mont\u00e1zsok k\u00e9sz\u00edt\u00e9se sz\u00f3rakoztat\u00f3 \u00e9s kreat\u00edv m\u00f3dja a k\u00fcl\u00f6nleges pillanatok meg\u00f6r\u00f6k\u00edt\u00e9s\u00e9nek. A technol\u00f3giai fejl\u0151d\u00e9ssel sz\u00e1mos alkalmaz\u00e1s jelent meg ennek a feladatnak a megk\u00f6nny\u00edt\u00e9s\u00e9re, intuit\u00edv eszk\u00f6z\u00f6ket \u00e9s leny\u0171g\u00f6z\u0151 eredm\u00e9nyeket k\u00edn\u00e1lva. Ebben a cikkben a fot\u00f3koll\u00e1zsok k\u00e9sz\u00edt\u00e9s\u00e9hez legjobb alkalmaz\u00e1sokat vizsg\u00e1ljuk meg, kiemelve azok f\u0151bb jellemz\u0151it.<\/p>","protected":false},"author":139,"featured_media":8930,"comment_status":"closed","ping_status":"open","sticky":false,"template":"","format":"standard","meta":{"footnotes":""},"categories":[2],"tags":[2002,2003,2000,1999,2004],"yoast_head":"<!-- This site is optimized with the Yoast SEO plugin v23.3 - https:\/\/yoast.com\/wordpress\/plugins\/seo\/ -->\n<title>Aplicaciones para Hacer Collages de Fotos - Universo Fam\u00edlia<\/title>\n<meta name=\"description\" content=\"Aplicaciones para Hacer Collages de Fotos. Hoy en d\u00eda, crear montajes de fotos se ha convertido en una forma divertida y creativa...\" \/>\n<meta name=\"robots\" content=\"index, follow, max-snippet:-1, max-image-preview:large, max-video-preview:-1\" \/>\n<link rel=\"canonical\" href=\"http:\/\/universofamilia.com\/hu\/aplicaciones-para-hacer-collages-de-fotos\/\" \/>\n<meta property=\"og:locale\" content=\"hu_HU\" \/>\n<meta property=\"og:type\" content=\"article\" \/>\n<meta property=\"og:title\" content=\"Aplicaciones para Hacer Collages de Fotos - Universo Fam\u00edlia\" \/>\n<meta property=\"og:description\" content=\"Aplicaciones para Hacer Collages de Fotos. Hoy en d\u00eda, crear montajes de fotos se ha convertido en una forma divertida y creativa...\" \/>\n<meta property=\"og:url\" content=\"http:\/\/universofamilia.com\/hu\/aplicaciones-para-hacer-collages-de-fotos\/\" \/>\n<meta property=\"og:site_name\" content=\"Universo Fam\u00edlia\" \/>\n<meta property=\"article:published_time\" content=\"2025-03-08T15:29:57+00:00\" \/>\n<meta property=\"article:modified_time\" content=\"2025-03-08T15:29:59+00:00\" \/>\n<meta property=\"og:image\" content=\"http:\/\/universofamilia.com\/wp-content\/uploads\/sites\/148\/2025\/03\/BLOCO-APP-ARTIGO-2-3.jpg\" \/>\n\t<meta property=\"og:image:width\" content=\"1080\" \/>\n\t<meta property=\"og:image:height\" content=\"1080\" \/>\n\t<meta property=\"og:image:type\" content=\"image\/jpeg\" \/>\n<meta name=\"author\" content=\"Pedro Henrique\" \/>\n<meta name=\"twitter:card\" content=\"summary_large_image\" \/>\n<meta name=\"twitter:label1\" content=\"Written by\" \/>\n\t<meta name=\"twitter:data1\" content=\"Pedro Henrique\" \/>\n\t<meta name=\"twitter:label2\" content=\"Est. reading time\" \/>\n\t<meta name=\"twitter:data2\" content=\"7 perc\" \/>\n<script type=\"application\/ld+json\" class=\"yoast-schema-graph\">{\"@context\":\"https:\/\/schema.org\",\"@graph\":[{\"@type\":\"WebPage\",\"@id\":\"http:\/\/universofamilia.com\/hu\/aplicaciones-para-hacer-collages-de-fotos\/\",\"url\":\"http:\/\/universofamilia.com\/hu\/aplicaciones-para-hacer-collages-de-fotos\/\",\"name\":\"Aplicaciones para Hacer Collages de Fotos - Universo Fam\u00edlia\",\"isPartOf\":{\"@id\":\"https:\/\/universofamilia.com\/el\/#website\"},\"primaryImageOfPage\":{\"@id\":\"http:\/\/universofamilia.com\/hu\/aplicaciones-para-hacer-collages-de-fotos\/#primaryimage\"},\"image\":{\"@id\":\"http:\/\/universofamilia.com\/hu\/aplicaciones-para-hacer-collages-de-fotos\/#primaryimage\"},\"thumbnailUrl\":\"http:\/\/universofamilia.com\/wp-content\/uploads\/sites\/148\/2025\/03\/BLOCO-APP-ARTIGO-2-3.jpg\",\"datePublished\":\"2025-03-08T15:29:57+00:00\",\"dateModified\":\"2025-03-08T15:29:59+00:00\",\"author\":{\"@id\":\"https:\/\/universofamilia.com\/el\/#\/schema\/person\/f07ce98187dd84d31154262e79b3b7ca\"},\"description\":\"Aplicaciones para Hacer Collages de Fotos. Hoy en d\u00eda, crear montajes de fotos se ha convertido en una forma divertida y creativa...\",\"breadcrumb\":{\"@id\":\"http:\/\/universofamilia.com\/hu\/aplicaciones-para-hacer-collages-de-fotos\/#breadcrumb\"},\"inLanguage\":\"hu\",\"potentialAction\":[{\"@type\":\"ReadAction\",\"target\":[\"http:\/\/universofamilia.com\/hu\/aplicaciones-para-hacer-collages-de-fotos\/\"]}]},{\"@type\":\"ImageObject\",\"inLanguage\":\"hu\",\"@id\":\"http:\/\/universofamilia.com\/hu\/aplicaciones-para-hacer-collages-de-fotos\/#primaryimage\",\"url\":\"http:\/\/universofamilia.com\/wp-content\/uploads\/sites\/148\/2025\/03\/BLOCO-APP-ARTIGO-2-3.jpg\",\"contentUrl\":\"http:\/\/universofamilia.com\/wp-content\/uploads\/sites\/148\/2025\/03\/BLOCO-APP-ARTIGO-2-3.jpg\",\"width\":1080,\"height\":1080,\"caption\":\"PicCollage\"},{\"@type\":\"BreadcrumbList\",\"@id\":\"http:\/\/universofamilia.com\/hu\/aplicaciones-para-hacer-collages-de-fotos\/#breadcrumb\",\"itemListElement\":[{\"@type\":\"ListItem\",\"position\":1,\"name\":\"Home\",\"item\":\"https:\/\/universofamilia.com\/el\/\"},{\"@type\":\"ListItem\",\"position\":2,\"name\":\"Aplicaciones para Hacer Collages de Fotos\"}]},{\"@type\":\"WebSite\",\"@id\":\"https:\/\/universofamilia.com\/el\/#website\",\"url\":\"https:\/\/universofamilia.com\/el\/\",\"name\":\"Universo Fam\u00edlia\",\"description\":\"\",\"potentialAction\":[{\"@type\":\"SearchAction\",\"target\":{\"@type\":\"EntryPoint\",\"urlTemplate\":\"https:\/\/universofamilia.com\/el\/?s={search_term_string}\"},\"query-input\":\"required name=search_term_string\"}],\"inLanguage\":\"hu\"},{\"@type\":\"Person\",\"@id\":\"https:\/\/universofamilia.com\/el\/#\/schema\/person\/f07ce98187dd84d31154262e79b3b7ca\",\"name\":\"Pedro Henrique\",\"image\":{\"@type\":\"ImageObject\",\"inLanguage\":\"hu\",\"@id\":\"https:\/\/universofamilia.com\/el\/#\/schema\/person\/image\/\",\"url\":\"http:\/\/0.gravatar.com\/avatar\/9edfeb808cb4e1599f64d6e45b130154?s=96&d=mm&r=g\",\"contentUrl\":\"http:\/\/0.gravatar.com\/avatar\/9edfeb808cb4e1599f64d6e45b130154?s=96&d=mm&r=g\",\"caption\":\"Pedro Henrique\"},\"url\":\"http:\/\/universofamilia.com\/hu\/author\/editor01\/\"}]}<\/script>\n<!-- \/ Yoast SEO plugin. -->","yoast_head_json":{"title":"Aplicaciones para Hacer Collages de Fotos - Universo Fam\u00edlia","description":"Aplicaciones para Hacer Collages de Fotos. Hoy en d\u00eda, crear montajes de fotos se ha convertido en una forma divertida y creativa...","robots":{"index":"index","follow":"follow","max-snippet":"max-snippet:-1","max-image-preview":"max-image-preview:large","max-video-preview":"max-video-preview:-1"},"canonical":"http:\/\/universofamilia.com\/hu\/aplicaciones-para-hacer-collages-de-fotos\/","og_locale":"hu_HU","og_type":"article","og_title":"Aplicaciones para Hacer Collages de Fotos - Universo Fam\u00edlia","og_description":"Aplicaciones para Hacer Collages de Fotos. Hoy en d\u00eda, crear montajes de fotos se ha convertido en una forma divertida y creativa...","og_url":"http:\/\/universofamilia.com\/hu\/aplicaciones-para-hacer-collages-de-fotos\/","og_site_name":"Universo Fam\u00edlia","article_published_time":"2025-03-08T15:29:57+00:00","article_modified_time":"2025-03-08T15:29:59+00:00","og_image":[{"width":1080,"height":1080,"url":"http:\/\/universofamilia.com\/wp-content\/uploads\/sites\/148\/2025\/03\/BLOCO-APP-ARTIGO-2-3.jpg","type":"image\/jpeg"}],"author":"Pedro Henrique","twitter_card":"summary_large_image","twitter_misc":{"Written by":"Pedro Henrique","Est. reading time":"7 perc"},"schema":{"@context":"https:\/\/schema.org","@graph":[{"@type":"WebPage","@id":"http:\/\/universofamilia.com\/hu\/aplicaciones-para-hacer-collages-de-fotos\/","url":"http:\/\/universofamilia.com\/hu\/aplicaciones-para-hacer-collages-de-fotos\/","name":"Aplicaciones para Hacer Collages de Fotos - Universo Fam\u00edlia","isPartOf":{"@id":"https:\/\/universofamilia.com\/el\/#website"},"primaryImageOfPage":{"@id":"http:\/\/universofamilia.com\/hu\/aplicaciones-para-hacer-collages-de-fotos\/#primaryimage"},"image":{"@id":"http:\/\/universofamilia.com\/hu\/aplicaciones-para-hacer-collages-de-fotos\/#primaryimage"},"thumbnailUrl":"http:\/\/universofamilia.com\/wp-content\/uploads\/sites\/148\/2025\/03\/BLOCO-APP-ARTIGO-2-3.jpg","datePublished":"2025-03-08T15:29:57+00:00","dateModified":"2025-03-08T15:29:59+00:00","author":{"@id":"https:\/\/universofamilia.com\/el\/#\/schema\/person\/f07ce98187dd84d31154262e79b3b7ca"},"description":"Aplicaciones para Hacer Collages de Fotos. Hoy en d\u00eda, crear montajes de fotos se ha convertido en una forma divertida y creativa...","breadcrumb":{"@id":"http:\/\/universofamilia.com\/hu\/aplicaciones-para-hacer-collages-de-fotos\/#breadcrumb"},"inLanguage":"hu","potentialAction":[{"@type":"ReadAction","target":["http:\/\/universofamilia.com\/hu\/aplicaciones-para-hacer-collages-de-fotos\/"]}]},{"@type":"ImageObject","inLanguage":"hu","@id":"http:\/\/universofamilia.com\/hu\/aplicaciones-para-hacer-collages-de-fotos\/#primaryimage","url":"http:\/\/universofamilia.com\/wp-content\/uploads\/sites\/148\/2025\/03\/BLOCO-APP-ARTIGO-2-3.jpg","contentUrl":"http:\/\/universofamilia.com\/wp-content\/uploads\/sites\/148\/2025\/03\/BLOCO-APP-ARTIGO-2-3.jpg","width":1080,"height":1080,"caption":"PicCollage"},{"@type":"BreadcrumbList","@id":"http:\/\/universofamilia.com\/hu\/aplicaciones-para-hacer-collages-de-fotos\/#breadcrumb","itemListElement":[{"@type":"ListItem","position":1,"name":"Home","item":"https:\/\/universofamilia.com\/el\/"},{"@type":"ListItem","position":2,"name":"Aplicaciones para Hacer Collages de Fotos"}]},{"@type":"WebSite","@id":"https:\/\/universofamilia.com\/el\/#website","url":"https:\/\/universofamilia.com\/el\/","name":"Universo Fam\u00edlia","description":"","potentialAction":[{"@type":"SearchAction","target":{"@type":"EntryPoint","urlTemplate":"https:\/\/universofamilia.com\/el\/?s={search_term_string}"},"query-input":"required name=search_term_string"}],"inLanguage":"hu"},{"@type":"Person","@id":"https:\/\/universofamilia.com\/el\/#\/schema\/person\/f07ce98187dd84d31154262e79b3b7ca","name":"Pedro Henrique","image":{"@type":"ImageObject","inLanguage":"hu","@id":"https:\/\/universofamilia.com\/el\/#\/schema\/person\/image\/","url":"http:\/\/0.gravatar.com\/avatar\/9edfeb808cb4e1599f64d6e45b130154?s=96&d=mm&r=g","contentUrl":"http:\/\/0.gravatar.com\/avatar\/9edfeb808cb4e1599f64d6e45b130154?s=96&d=mm&r=g","caption":"Pedro Henrique"},"url":"http:\/\/universofamilia.com\/hu\/author\/editor01\/"}]}},"_links":{"self":[{"href":"http:\/\/universofamilia.com\/hu\/wp-json\/wp\/v2\/posts\/8927"}],"collection":[{"href":"http:\/\/universofamilia.com\/hu\/wp-json\/wp\/v2\/posts"}],"about":[{"href":"http:\/\/universofamilia.com\/hu\/wp-json\/wp\/v2\/types\/post"}],"author":[{"embeddable":true,"href":"http:\/\/universofamilia.com\/hu\/wp-json\/wp\/v2\/users\/139"}],"replies":[{"embeddable":true,"href":"http:\/\/universofamilia.com\/hu\/wp-json\/wp\/v2\/comments?post=8927"}],"version-history":[{"count":1,"href":"http:\/\/universofamilia.com\/hu\/wp-json\/wp\/v2\/posts\/8927\/revisions"}],"predecessor-version":[{"id":8931,"href":"http:\/\/universofamilia.com\/hu\/wp-json\/wp\/v2\/posts\/8927\/revisions\/8931"}],"wp:featuredmedia":[{"embeddable":true,"href":"http:\/\/universofamilia.com\/hu\/wp-json\/wp\/v2\/media\/8930"}],"wp:attachment":[{"href":"http:\/\/universofamilia.com\/hu\/wp-json\/wp\/v2\/media?parent=8927"}],"wp:term":[{"taxonomy":"category","embeddable":true,"href":"http:\/\/universofamilia.com\/hu\/wp-json\/wp\/v2\/categories?post=8927"},{"taxonomy":"post_tag","embeddable":true,"href":"http:\/\/universofamilia.com\/hu\/wp-json\/wp\/v2\/tags?post=8927"}],"curies":[{"name":"wp","href":"https:\/\/api.w.org\/{rel}","templated":true}]}}