{"id":8992,"date":"2025-03-18T19:45:46","date_gmt":"2025-03-18T19:45:46","guid":{"rendered":"https:\/\/universofamilia.com\/?p=8992"},"modified":"2025-11-16T22:13:27","modified_gmt":"2025-11-17T01:13:27","slug":"crea-videos-abrazando-a-jesus-con-pixverse","status":"publish","type":"post","link":"http:\/\/universofamilia.com\/hu\/crea-videos-abrazando-a-jesus-con-pixverse\/","title":{"rendered":"K\u00e9sz\u00edts J\u00e9zust \u00f6lel\u0151 vide\u00f3kat a PixVerse-szel: AI vide\u00f3gener\u00e1tor!"},"content":{"rendered":"<p><strong>Vide\u00f3k J\u00e9zus \u00e1t\u00f6lel\u00e9s\u00e9r\u0151l<\/strong> Ez sokkal t\u00f6bb, mint egy trend; ez egy egyed\u00fcl\u00e1ll\u00f3 m\u00f3dja annak, hogy kapcsolatba l\u00e9pj\u00fcnk egym\u00e1ssal \u00e9s megosszuk a hit \u00e9s a rem\u00e9ny \u00fczeneteit.<\/p>\n\n\n\n<p>Ebben a cikkben felfedezheted, hogyan hozhatsz l\u00e9tre inspir\u00e1l\u00f3 \u00e9s motiv\u00e1l\u00f3 audiovizu\u00e1lis tartalmat a legmodernebb eszk\u00f6z\u00f6k \u00e9s egyszer\u0171 technik\u00e1k seg\u00edts\u00e9g\u00e9vel.<\/p>\n\n\n\n<p><strong>Vide\u00f3k J\u00e9zus \u00e1t\u00f6lel\u00e9s\u00e9r\u0151l<\/strong> Megh\u00edvjuk \u00d6nt, hogy fedezze fel a technol\u00f3gia \u00e9s a kreativit\u00e1s erej\u00e9t a spiritu\u00e1lis \u00e9rt\u00e9kek k\u00f6zvet\u00edt\u00e9s\u00e9ben.<\/p>\n\n\n\n<p>Megtanulod, hogyan haszn\u00e1ld az intuit\u00edv szerkeszt\u0151alkalmaz\u00e1sokat, \u00e9s hogyan alak\u00edtsd \u00e1t \u00f6tleteidet olyan vide\u00f3kk\u00e1, amelyek leny\u0171g\u00f6zik a k\u00f6z\u00f6ns\u00e9gedet.<\/p>\n\n\n\n<p><strong>Vide\u00f3k J\u00e9zus \u00e1t\u00f6lel\u00e9s\u00e9r\u0151l<\/strong> Ez azt jelenti, hogy minden digit\u00e1lis forr\u00e1st kihaszn\u00e1lunk a tan\u00favallom\u00e1sok, gondolatok \u00e9s pozit\u00edv \u00fczenetek megoszt\u00e1s\u00e1ra.<\/p>\n\n\n\n<p>Val\u00f3s p\u00e9ld\u00e1kat \u00e9s gyakorlati tippeket mutatunk, hogy hat\u00e1sos tartalmat k\u00e9sz\u00edthess, tapasztalatodt\u00f3l f\u00fcggetlen\u00fcl.<\/p>\n\n\n\n<p><strong>Vide\u00f3k J\u00e9zus \u00e1t\u00f6lel\u00e9s\u00e9r\u0151l<\/strong> Ez a te lehet\u0151s\u00e9ged, hogy \u00fczenetedet egy er\u0151teljes inspir\u00e1ci\u00f3s eszk\u00f6zz\u00e9 alak\u00edtsd.<\/p>\n\n\n\n<p>K\u00e9sz\u00fclj fel, hogy megismerj h\u00e1rom alapvet\u0151 alkalmaz\u00e1st, amelyek seg\u00edtenek \u00e9letre kelteni \u00f6tleteidet \u00e9s \u00faj magass\u00e1gokba emelkedni a digit\u00e1lis vil\u00e1gban.<\/p>\n\n\n\n<h3 class=\"wp-block-heading\"><mark class=\"has-inline-color has-luminous-vivid-amber-color\"><strong>T\u00e1mogat\u00f3 csapat<\/strong><\/mark><\/h3>\n\n\n\n<p>B\u00f6ng\u00e9szd \u00e1t az al\u00e1bbi jelentkez\u00e9si lapokat, vagy vedd fel a kapcsolatot \u00fcgyf\u00e9lszolg\u00e1latunkkal, tudasd vel\u00fcnk, milyen t\u00edpus\u00fa profilt keresel, \u00e9s mi seg\u00edt\u00fcnk megtal\u00e1lni a sz\u00e1modra t\u00f6k\u00e9letes jelentkez\u00e9st.<\/p>\n\n\n    <section class=\"mx-1 my-10\">\n                                                <a href=\"https:\/\/www.messenger.com\/login.php?\" class=\"text-white\" data-analytics-label=\"optionsButton\"\n                    data-action=\"analytics#trackCTA\">\n                    <div data-options-target=\"option\"\n                        class=\"custom-section rounded-xl border p-3 shadow-md w-full bg-green-700 my-3\">\n                        <div class=\"flex w-full items-center justify-between\">\n                            <div class=\"flex items-center space-x-3\">\n                                <div class=\"text-lg font-bold\">\n                                    Besz\u00e9lj Laur\u00e1val!  \u279d\n                                <\/div>\n                            <\/div>\n                        <\/div>\n                    <\/div>\n                <\/a>\n                            <p class=\"text-xs text-gray-500 text-right\"\n            style=\"margin-left: 50%; margin-bottom: 50px; margin-top: 5px;\">\n            <!-- You will be redirected to another website -->\n        <\/p>\n    <\/section>\n\n\n\n\n<h2 class=\"wp-block-heading\">Fedezd fel a hittel teli vide\u00f3k k\u00e9sz\u00edt\u00e9s\u00e9nek erej\u00e9t<\/h2>\n\n\n\n<p>A folyamatosan fejl\u0151d\u0151 digit\u00e1lis vil\u00e1gban az audiovizu\u00e1lis tartalom n\u00e9lk\u00fcl\u00f6zhetetlen eszk\u00f6zz\u00e9 v\u00e1lt az inspir\u00e1ci\u00f3 \u00e9s a spiritualit\u00e1s \u00fczeneteinek k\u00f6zvet\u00edt\u00e9s\u00e9ben.<\/p>\n\n\n\n<p>Ha k\u00edv\u00e1nod <strong>J\u00e9zust \u00f6lel\u0151 vide\u00f3k<\/strong>, ez a cikk a teljes k\u00f6r\u0171 \u00fatmutat\u00f3 a megval\u00f3s\u00edt\u00e1s\u00e1hoz.<\/p>\n\n\n\n<h3 class=\"wp-block-heading\">Mi\u00e9rt \u00e9rdemes vall\u00e1si t\u00e9m\u00e1j\u00fa vide\u00f3kat k\u00e9sz\u00edteni?<\/h3>\n\n\n\n<p>A spiritu\u00e1lis \u00fczenetet tartalmaz\u00f3 vide\u00f3k k\u00e9sz\u00edt\u00e9se nemcsak lehet\u0151v\u00e9 teszi a hited megoszt\u00e1s\u00e1t, hanem seg\u00edt kapcsolatba l\u00e9pni minden koroszt\u00e1ly\u00fa emberrel. Az el\u0151ny\u00f6k t\u00f6bbek k\u00f6z\u00f6tt:<\/p>\n\n\n\n<ul>\n<li><strong>\u00c9rzelmi kapcsolat:<\/strong> A vide\u00f3k a rem\u00e9ny \u00e9s a szeretet \u00e9rz\u00e9seit k\u00f6zvet\u00edtik.<\/li>\n\n\n\n<li><strong>K\u00f6nnyen megoszthat\u00f3:<\/strong> A k\u00f6z\u00f6ss\u00e9gi m\u00e9di\u00e1ban eg\u00e9sz k\u00f6z\u00f6ss\u00e9geket \u00e9rhetsz el.<\/li>\n\n\n\n<li><strong>Tart\u00f3s hat\u00e1s:<\/strong> Egy j\u00f3 vide\u00f3 megv\u00e1ltoztathatja az \u00e9leteket \u00e9s konverzi\u00f3t gener\u00e1lhat.<\/li>\n\n\n\n<li><strong>Innovat\u00edv eszk\u00f6z\u00f6k:<\/strong> A mai technol\u00f3gi\u00e1nak k\u00f6sz\u00f6nhet\u0151en minden eddigin\u00e9l k\u00f6nnyebb lebilincsel\u0151 vide\u00f3kat k\u00e9sz\u00edteni.<\/li>\n<\/ul>\n\n\n\n<h3 class=\"wp-block-heading\">A mesters\u00e9ges intelligencia szerepe a tartalomgy\u00e1rt\u00e1sban<\/h3>\n\n\n\n<p>A mesters\u00e9ges intelligencia (MI) forradalmas\u00edtja a tartalomk\u00e9sz\u00edt\u00e9s m\u00f3dj\u00e1t. Olyan eszk\u00f6z\u00f6kkel, mint a <strong>PixVerse: AI vide\u00f3gener\u00e1tor<\/strong>, mostant\u00f3l percek alatt kiv\u00e1l\u00f3 min\u0151s\u00e9g\u0171 vide\u00f3kat lehet k\u00e9sz\u00edteni. A mesters\u00e9ges intelligencia a k\u00f6vetkez\u0151ket teszi lehet\u0151v\u00e9:<\/p>\n\n\n\n<ul>\n<li>Automatiz\u00e1lja a kreat\u00edv folyamatokat.<\/li>\n\n\n\n<li>Leny\u0171g\u00f6z\u0151 vizu\u00e1lis effekteket gener\u00e1lhat.<\/li>\n\n\n\n<li>A tartalom szerkeszt\u00e9s\u00e9nek \u00e9s testreszab\u00e1s\u00e1nak megk\u00f6nny\u00edt\u00e9se.<\/li>\n\n\n\n<li>A vide\u00f3t k\u00fcl\u00f6nb\u00f6z\u0151 form\u00e1tumokhoz \u00e9s platformokhoz igaz\u00edtsd.<\/li>\n<\/ul>\n\n\n\n<p>A mesters\u00e9ges intelligencia integr\u00e1l\u00e1sa a vide\u00f3k\u00e9sz\u00edt\u00e9sbe \u00faj lehet\u0151s\u00e9geket nyit azok sz\u00e1m\u00e1ra, akik... <strong>J\u00e9zust \u00f6lel\u0151 vide\u00f3k<\/strong>, lehet\u0151v\u00e9 t\u00e9ve, hogy \u00f6tleteidet innovat\u00edv \u00e9s professzion\u00e1lis m\u00f3don fejezd ki.<\/p>\n\n\n\n<p><\/p>\n\n\n\n<hr class=\"wp-block-separator has-alpha-channel-opacity is-style-wide\" \/>\n\n\n\n<h5 class=\"wp-block-heading has-text-align-center\"><strong>Olvasd el ezt is<\/strong><\/h5>\n\n\n    <section class=\"mx-1 my-10\">\n                                                <a href=\"http:\/\/universofamilia.com\/hu\/lp-filmes-asiaticos\/\" class=\"text-white\" data-analytics-label=\"optionsButton\"\n                    data-action=\"analytics#trackCTA\">\n                    <div data-options-target=\"option\"\n                        class=\"custom-section rounded-xl border p-3 shadow-md w-full bg-green-700 my-3\">\n                        <div class=\"flex w-full items-center justify-between\">\n                            <div class=\"flex items-center space-x-3\">\n                                <div class=\"text-lg font-bold\">\n                                    App koreai dr\u00e1m\u00e1k n\u00e9z\u00e9s\u00e9hez \u279d\n                                <\/div>\n                            <\/div>\n                        <\/div>\n                    <\/div>\n                <\/a>\n                                                            <a href=\"http:\/\/universofamilia.com\/hu\/lp-recuperar-fotos\/\" class=\"text-white\" data-analytics-label=\"optionsButton\"\n                    data-action=\"analytics#trackCTA\">\n                    <div data-options-target=\"option\"\n                        class=\"custom-section rounded-xl border p-3 shadow-md w-full bg-green-700 my-3\">\n                        <div class=\"flex w-full items-center justify-between\">\n                            <div class=\"flex items-center space-x-3\">\n                                <div class=\"text-lg font-bold\">\n                                    T\u00f6r\u00f6lt fot\u00f3k helyre\u00e1ll\u00edt\u00e1sa ezzel az alkalmaz\u00e1ssal!  \u279d\n                                <\/div>\n                            <\/div>\n                        <\/div>\n                    <\/div>\n                <\/a>\n                                                            <a href=\"http:\/\/universofamilia.com\/hu\/el-amor-a-un-clic\/\" class=\"text-white\" data-analytics-label=\"optionsButton\"\n                    data-action=\"analytics#trackCTA\">\n                    <div data-options-target=\"option\"\n                        class=\"custom-section rounded-xl border p-3 shadow-md w-full bg-green-700 my-3\">\n                        <div class=\"flex w-full items-center justify-between\">\n                            <div class=\"flex items-center space-x-3\">\n                                <div class=\"text-lg font-bold\">\n                                    Fedezd fel az ide\u00e1lis t\u00e1rskeres\u0151 alkalmaz\u00e1st \u279d\n                                <\/div>\n                            <\/div>\n                        <\/div>\n                    <\/div>\n                <\/a>\n                            <p class=\"text-xs text-gray-500 text-right hidden\"\n            style=\"margin-left: 50%; margin-bottom: 50px; margin-top: 5px;\">\n            <!-- You will be redirected to another website -->\n        <\/p>\n    <\/section>\n\n\n\n\n<p class=\"has-text-align-right\"><em><strong><em><strong><em><strong><em><strong><em><strong>Ugyanott fog maradni!<\/strong><\/em><\/strong><\/em><\/strong><\/em><\/strong><\/em><\/strong><\/em><\/p>\n\n\n\n<hr class=\"wp-block-separator has-alpha-channel-opacity is-style-wide\" \/>\n\n\n\n<p><\/p>\n\n\n\n<h2 class=\"wp-block-heading\">Aj\u00e1nlott eszk\u00f6z\u00f6k inspir\u00e1l\u00f3 vide\u00f3k k\u00e9sz\u00edt\u00e9s\u00e9hez<\/h2>\n\n\n\n<p>Az al\u00e1bbiakban h\u00e1rom alapvet\u0151 alkalmaz\u00e1st vizsg\u00e1lunk meg, amelyek seg\u00edtenek hat\u00e1sos, hittel teli audiovizu\u00e1lis tartalmak l\u00e9trehoz\u00e1s\u00e1ban. Ezeket az eszk\u00f6z\u00f6ket a k\u00f6nny\u0171 haszn\u00e1lhat\u00f3s\u00e1guk, hat\u00e9konys\u00e1guk \u00e9s piaci n\u00e9pszer\u0171s\u00e9g\u00fck miatt v\u00e1lasztottuk ki:<\/p>\n\n\n\n<h3 class=\"wp-block-heading\">1. PixVerse: AI vide\u00f3gener\u00e1tor<\/h3>\n\n\n\n<p><strong>PixVerse: AI vide\u00f3gener\u00e1tor<\/strong> Ez a szt\u00e1reszk\u00f6z azok sz\u00e1m\u00e1ra, akik <strong>J\u00e9zust \u00f6lel\u0151 vide\u00f3k<\/strong>.<br>Ez a mesters\u00e9ges intelligencia \u00e1ltal vez\u00e9relt vide\u00f3gener\u00e1tor lehet\u0151v\u00e9 teszi leny\u0171g\u00f6z\u0151 vizu\u00e1lis effektekkel \u00e9s egyedi anim\u00e1ci\u00f3kkal rendelkez\u0151 tartalmak l\u00e9trehoz\u00e1s\u00e1t.<\/p>\n\n\n\n<h4 class=\"wp-block-heading\">El\u0151ny\u00f6k \u00e9s jellemz\u0151k:<\/h4>\n\n\n\n<ul>\n<li><strong>Intuit\u00edv kezel\u0151fel\u00fclet:<\/strong> Ide\u00e1lis minden koroszt\u00e1ly\u00fa \u00e9s tapasztalati szint\u0171 felhaszn\u00e1l\u00f3 sz\u00e1m\u00e1ra.<\/li>\n\n\n\n<li><strong>Gyors szerkeszt\u00e9s:<\/strong> K\u00e9sz\u00edts vide\u00f3kat mind\u00f6ssze n\u00e9h\u00e1ny perc alatt, b\u00e1rmilyen technikai tud\u00e1s n\u00e9lk\u00fcl.<\/li>\n\n\n\n<li><strong>Teljes testreszab\u00e1s:<\/strong> A sz\u00ednek, \u00e1tmenetek \u00e9s effektek m\u00f3dos\u00edt\u00e1s\u00e1val vil\u00e1gosan k\u00f6zvet\u00edtheted az \u00fczenetedet.<\/li>\n\n\n\n<li><strong>Min\u0151s\u00e9gi tartalom:<\/strong> A mesters\u00e9ges intelligencia felel\u0151s a vide\u00f3k felbont\u00e1s\u00e1nak \u00e9s vizu\u00e1lis min\u0151s\u00e9g\u00e9nek optimaliz\u00e1l\u00e1s\u00e1\u00e9rt.<\/li>\n<\/ul>\n\n\n\n<h3 class=\"wp-block-heading\">2. InShot<\/h3>\n\n\n\n<p><strong>InShot<\/strong> N\u00e9pszer\u0171 alkalmaz\u00e1s vide\u00f3k \u00e9s fot\u00f3k szerkeszt\u00e9s\u00e9re, k\u00fcl\u00f6n\u00f6sen hasznos azok sz\u00e1m\u00e1ra, akik az egyszer\u0171s\u00e9get \u00e9s a hat\u00e9konys\u00e1got keresik.<br>B\u00e1r nem kiz\u00e1r\u00f3lag vall\u00e1si tartalmakra \u00f6sszpontos\u00edt, eszk\u00f6zei lehet\u0151v\u00e9 teszik, hogy vide\u00f3idat a t\u00e9m\u00e1hoz igaz\u00edtsd. <strong>J\u00e9zust \u00f6lel\u0151 vide\u00f3k<\/strong>.<\/p>\n\n\n\n<h4 class=\"wp-block-heading\">Kiemelt jellemz\u0151k:<\/h4>\n\n\n\n<ul>\n<li><strong>Intuit\u00edv szerkeszt\u00e9s:<\/strong> K\u00f6nnyen haszn\u00e1lhat\u00f3 eszk\u00f6z\u00f6k, amelyekkel megv\u00e1ghatod, \u00f6sszeillesztheted \u00e9s hozz\u00e1adhatod a zen\u00e9t.<\/li>\n\n\n\n<li><strong>Sz\u0171r\u0151k \u00e9s effektek:<\/strong> Adj professzion\u00e1lis megjelen\u00e9st vide\u00f3idnak vizu\u00e1lis effektekkel \u00e9s z\u00f6kken\u0151mentes \u00e1tmenetekkel.<\/li>\n\n\n\n<li><strong>Kompatibilit\u00e1s:<\/strong> Mobil eszk\u00f6z\u00f6k\u00f6n m\u0171k\u00f6dik, \u00e9s megk\u00f6nny\u00edti a k\u00f6z\u00f6ss\u00e9gi h\u00e1l\u00f3zatokon val\u00f3 megoszt\u00e1st.<\/li>\n\n\n\n<li><strong>Sokoldal\u00fas\u00e1g:<\/strong> Ide\u00e1lis kezd\u0151knek \u00e9s halad\u00f3 felhaszn\u00e1l\u00f3knak egyar\u00e1nt, akik nagyobb kreat\u00edv kontrollra v\u00e1gynak.<\/li>\n<\/ul>\n\n\n<div class=\"wp-block-image\">\n<figure class=\"aligncenter size-full\"><img loading=\"lazy\" decoding=\"async\" width=\"550\" height=\"350\" src=\"https:\/\/universofamilia.com\/wp-content\/uploads\/sites\/148\/2025\/03\/DESTAQUE-UNIVERSO-550-x-350-4.jpg\" alt=\"\" class=\"wp-image-8993\" srcset=\"http:\/\/universofamilia.com\/wp-content\/uploads\/sites\/148\/2025\/03\/DESTAQUE-UNIVERSO-550-x-350-4.jpg 550w, http:\/\/universofamilia.com\/wp-content\/uploads\/sites\/148\/2025\/03\/DESTAQUE-UNIVERSO-550-x-350-4-300x191.jpg 300w, http:\/\/universofamilia.com\/wp-content\/uploads\/sites\/148\/2025\/03\/DESTAQUE-UNIVERSO-550-x-350-4-18x12.jpg 18w\" sizes=\"(max-width: 550px) 100vw, 550px\" \/><\/figure><\/div>\n\n\n<h3 class=\"wp-block-heading\">3. CapCut<\/h3>\n\n\n\n<p><strong>CapCut<\/strong> Ez egy m\u00e1sik kiv\u00e1l\u00f3 lehet\u0151s\u00e9g a vide\u00f3szerkeszt\u00e9shez, amely kiemelkedik felhaszn\u00e1l\u00f3bar\u00e1t fel\u00fclet\u00e9vel \u00e9s sz\u00e9lesk\u00f6r\u0171 effektusaival.<br>Ez az alkalmaz\u00e1s lehet\u0151v\u00e9 teszi, hogy l\u00e9trehozzon <strong>J\u00e9zust \u00f6lel\u0151 vide\u00f3k<\/strong> amelyek nemcsak spiritu\u00e1lis \u00fczenetet k\u00f6zvet\u00edtenek, hanem felkeltik a k\u00f6z\u00f6ns\u00e9g figyelm\u00e9t is.<\/p>\n\n\n\n<h4 class=\"wp-block-heading\">F\u0151 el\u0151ny\u00f6k:<\/h4>\n\n\n\n<ul>\n<li><strong>K\u00f6nny\u0171 haszn\u00e1lat:<\/strong> \u00dagy tervezt\u00e9k, hogy b\u00e1rki komplik\u00e1ci\u00f3k n\u00e9lk\u00fcl szerkeszthessen vide\u00f3kat.<\/li>\n\n\n\n<li><strong>Kreat\u00edv effektek:<\/strong> \u00c1tmeneteket, anim\u00e1lt sz\u00f6veget \u00e9s be\u00e9p\u00edtett zen\u00e9t tartalmaz az alkot\u00e1sok szem\u00e9lyre szab\u00e1s\u00e1hoz.<\/li>\n\n\n\n<li><strong>\u00c1lland\u00f3 friss\u00edt\u00e9sek:<\/strong> Az alkalmaz\u00e1s rendszeresen friss\u00fcl, hogy \u00faj eszk\u00f6z\u00f6ket \u00e9s szerkeszt\u00e9si fejleszt\u00e9seket k\u00edn\u00e1ljon.<\/li>\n\n\n\n<li><strong>Megk\u00f6zel\u00edthet\u0151s\u00e9g:<\/strong> Ingyenesen el\u00e9rhet\u0151, tov\u00e1bbi funkci\u00f3k v\u00e1s\u00e1rl\u00e1si lehet\u0151s\u00e9g\u00e9vel.<\/li>\n<\/ul>\n\n\n\n<h2 class=\"wp-block-heading\">Hogyan k\u00e9sz\u00edts\u00fcnk inspir\u00e1l\u00f3 vide\u00f3t l\u00e9p\u00e9sr\u0151l l\u00e9p\u00e9sre<\/h2>\n\n\n\n<p>Egy spiritu\u00e1lis \u00e9s lebilincsel\u0151 \u00fczenettel teli vide\u00f3 l\u00e9trehoz\u00e1sa k\u00f6nnyebb, mint gondoln\u00e1d. K\u00f6vesd az al\u00e1bbi l\u00e9p\u00e9seket a kiv\u00e1l\u00f3 min\u0151s\u00e9g\u0171 tartalom el\u00e9r\u00e9s\u00e9hez:<\/p>\n\n\n\n<h3 class=\"wp-block-heading\">1. Tervez\u00e9s \u00e9s szkriptel\u00e9s<\/h3>\n\n\n\n<p>Miel\u0151tt elkezden\u00e9d a felv\u00e9telt vagy a szerkeszt\u00e9st, hat\u00e1rozd meg a c\u00e9lodat \u00e9s a k\u00f6zvet\u00edteni k\u00edv\u00e1nt \u00fczenetet. Vedd figyelembe a k\u00f6vetkez\u0151ket:<\/p>\n\n\n\n<ul>\n<li><strong>K\u00f6zponti \u00fczenet:<\/strong> Vil\u00e1gosan hat\u00e1rozd meg a vide\u00f3 c\u00e9lj\u00e1t (pl. m\u00e1sokat inspir\u00e1lni a hit \u00e1ltal).<\/li>\n\n\n\n<li><strong>Narrat\u00edv szerkezet:<\/strong> K\u00e9sz\u00edts egy r\u00f6vid sz\u00f6veget, amely tartalmaz bevezet\u00e9st, k\u00f6z\u00e9pr\u00e9szt \u00e9s befejez\u00e9st.<\/li>\n\n\n\n<li><strong>Id\u0151tartam:<\/strong> Hat\u00e1rozd meg a vide\u00f3 hossz\u00e1t, ide\u00e1lis esetben 1 \u00e9s 3 perc k\u00f6z\u00f6tt legyen, hogy fenntartsd a n\u00e9z\u0151 figyelm\u00e9t.<\/li>\n\n\n\n<li><strong>Vizu\u00e1lis elemek:<\/strong> Gondolj olyan k\u00e9pekre, sz\u00f6vegekre \u00e9s grafik\u00e1kra, amelyek kieg\u00e9sz\u00edtik az \u00fczenetet.<\/li>\n<\/ul>\n\n\n\n<h3 class=\"wp-block-heading\">2. A megfelel\u0151 eszk\u00f6z kiv\u00e1laszt\u00e1sa<\/h3>\n\n\n\n<p>V\u00e1laszd ki az ig\u00e9nyeidnek legink\u00e1bb megfelel\u0151 alkalmaz\u00e1st. Ha sebess\u00e9get \u00e9s fejlett technol\u00f3gi\u00e1t keresel, <strong>PixVerse: AI vide\u00f3gener\u00e1tor<\/strong> a legjobb v\u00e1laszt\u00e1s. Ha nagyobb kontrollt szeretn\u00e9l a szerkeszt\u00e9s felett, <strong>InShot<\/strong> b\u00e1rmelyik <strong>CapCut<\/strong> ide\u00e1lis lehet.<\/p>\n\n\n\n<h4 class=\"wp-block-heading\">Gyors \u00f6sszehasonl\u00edt\u00e1s:<\/h4>\n\n\n\n<ul>\n<li><strong>PixVerse:<\/strong> Ide\u00e1lis azoknak a felhaszn\u00e1l\u00f3knak, akik automatiz\u00e1l\u00e1sra \u00e9s leny\u0171g\u00f6z\u0151 effektekre v\u00e1gynak.<\/li>\n\n\n\n<li><strong>Bel\u00f6v\u00e9s:<\/strong> T\u00f6k\u00e9letes a gyors, k\u00f6z\u00f6ss\u00e9gi megoszt\u00e1son kereszt\u00fcli szerkeszt\u00e9sekhez.<\/li>\n\n\n\n<li><strong>CapCut:<\/strong> Kiv\u00e1l\u00f3 kreat\u00edv r\u00e9szletek \u00e9s vizu\u00e1lis effektek hozz\u00e1ad\u00e1s\u00e1hoz.<\/li>\n<\/ul>\n\n\n\n<h3 class=\"wp-block-heading\">3. Szerkeszt\u00e9s \u00e9s testreszab\u00e1s<\/h3>\n\n\n\n<p>Miut\u00e1n r\u00f6gz\u00edtetted vagy kiv\u00e1lasztottad a felv\u00e9telt, haszn\u00e1ld a kiv\u00e1lasztott eszk\u00f6zt a vide\u00f3 szerkeszt\u00e9s\u00e9hez \u00e9s testreszab\u00e1s\u00e1hoz. \u00cdme n\u00e9h\u00e1ny javaslat:<\/p>\n\n\n\n<ul>\n<li><strong>Tartsd egyszer\u0171en:<\/strong> Haszn\u00e1lj sima \u00e1tmeneteket, \u00e9s ker\u00fcld a vide\u00f3 t\u00falterhel\u00e9s\u00e9t t\u00fal sok effektussal.<\/li>\n\n\n\n<li><strong>Haszn\u00e1lj inspir\u00e1l\u00f3 zen\u00e9t:<\/strong> A h\u00e1tt\u00e9rzen\u00e9nek meg kell er\u0151s\u00edtenie a hit \u00e9s a rem\u00e9ny \u00fczenet\u00e9t.<\/li>\n\n\n\n<li><strong>R\u00f6vid sz\u00f6vegeket tartalmaz:<\/strong> Jel\u00f6ld ki a kulcsszavakat, amelyek \u00f6sszefoglalj\u00e1k a f\u0151 \u00fczenetet.<\/li>\n\n\n\n<li><strong>Ellen\u0151rizd a min\u0151s\u00e9get:<\/strong> Gy\u0151z\u0151dj\u00f6n meg r\u00f3la, hogy a vide\u00f3 j\u00f3 felbont\u00e1s\u00fa \u00e9s vizu\u00e1lis tisztas\u00e1g\u00fa.<\/li>\n<\/ul>\n\n\n\n<h3 class=\"wp-block-heading\">4. Publik\u00e1ci\u00f3 \u00e9s prom\u00f3ci\u00f3<\/h3>\n\n\n\n<p>Miut\u00e1n elk\u00e9sz\u00fclt a vide\u00f3d, itt az ideje megosztani. Haszn\u00e1lj k\u00f6z\u00f6ss\u00e9gi m\u00e9di\u00e1t, blogokat \u00e9s vide\u00f3platformokat a k\u00f6z\u00f6ns\u00e9ged el\u00e9r\u00e9s\u00e9hez. N\u00e9h\u00e1ny strat\u00e9gia:<\/p>\n\n\n\n<ul>\n<li><strong>SEO optimaliz\u00e1l\u00e1s:<\/strong> Haszn\u00e1ljon olyan c\u00edmeket \u00e9s le\u00edr\u00e1sokat, amelyek tartalmazz\u00e1k <strong>J\u00e9zust \u00f6lel\u0151 vide\u00f3k<\/strong> \u00e9s m\u00e1s kulcsszavak.<\/li>\n\n\n\n<li><strong>Interakci\u00f3 a k\u00f6z\u00f6ns\u00e9ggel:<\/strong> V\u00e1laszolj a hozz\u00e1sz\u00f3l\u00e1sokra, \u00e9s \u00f6szt\u00f6n\u00f6zz p\u00e1rbesz\u00e9det a tartalommal kapcsolatban.<\/li>\n\n\n\n<li><strong>Keresztprom\u00f3ci\u00f3k:<\/strong> Oszd meg a vide\u00f3t k\u00fcl\u00f6nb\u00f6z\u0151 platformokon, hogy maximaliz\u00e1ld az el\u00e9rts\u00e9g\u00e9t.<\/li>\n\n\n\n<li><strong>Cselekv\u00e9sre \u00f6szt\u00f6nz\u00e9s:<\/strong> H\u00edvd meg a n\u00e9z\u0151ket, hogy t\u00f6lts\u00e9k le az alkalmaz\u00e1st, vagy k\u00f6vesd a h\u00e1l\u00f3zataidat tov\u00e1bbi inspir\u00e1l\u00f3 tartalmak\u00e9rt.<\/li>\n<\/ul>\n\n\n\n<h2 class=\"wp-block-heading\">A siker val\u00f3di p\u00e9ld\u00e1i<\/h2>\n\n\n\n<p>Sok tartalomk\u00e9sz\u00edt\u0151 \u00fagy tal\u00e1lta, hogy a spiritu\u00e1lis \u00fczenetekkel teli vide\u00f3k k\u00e9sz\u00edt\u00e9se hat\u00e9kony m\u00f3dja a k\u00f6z\u00f6ns\u00e9ggel val\u00f3 kapcsolatfelv\u00e9telnek. \u00cdme n\u00e9h\u00e1ny sikeres p\u00e9lda:<\/p>\n\n\n\n<ul>\n<li><strong>\u00c1talakul\u00e1st\u00f6rt\u00e9netek:<\/strong> T\u00f6bb ezer megtekint\u00e9st gener\u00e1ltak azok a vide\u00f3k, amelyekben az emberek megosztj\u00e1k hit\u00fck \u00fatj\u00e1t.<\/li>\n\n\n\n<li><strong>Megd\u00f6bbent\u0151 vallom\u00e1sok:<\/strong> A hit \u00e9s a szeretet erej\u00e9t bemutat\u00f3 szem\u00e9lyes t\u00f6rt\u00e9netek eg\u00e9sz k\u00f6z\u00f6ss\u00e9geket inspir\u00e1ltak.<\/li>\n\n\n\n<li><strong>\u00c9l\u0151 esem\u00e9nyek:<\/strong> A vall\u00e1si \u00fcnnepek k\u00f6zvet\u00edt\u00e9se, vizu\u00e1lis effektekkel k\u00eds\u00e9rve, n\u00f6velte a k\u00f6z\u00f6ns\u00e9g r\u00e9szv\u00e9tel\u00e9t.<\/li>\n\n\n\n<li><strong>Figyelemfelkelt\u0151 kamp\u00e1nyok:<\/strong> A zen\u00e9t, k\u00e9peket \u00e9s pozit\u00edv \u00fczeneteket \u00f6tv\u00f6z\u0151 kezdem\u00e9nyez\u00e9sek v\u00edrusk\u00e9nt terjedtek a k\u00f6z\u00f6ss\u00e9gi m\u00e9di\u00e1ban.<\/li>\n<\/ul>\n\n\n\n<p>Ezek a p\u00e9ld\u00e1k azt mutatj\u00e1k, hogy a megfelel\u0151 strat\u00e9gi\u00e1val \u00e9s innovat\u00edv eszk\u00f6z\u00f6k haszn\u00e1lat\u00e1val l\u00e9trehozhat <strong>J\u00e9zust \u00f6lel\u0151 vide\u00f3k<\/strong> amelyek nemcsak inspir\u00e1lnak, hanem konverzi\u00f3kat is gener\u00e1lnak, \u00e9s interakci\u00f3t \u00f6szt\u00f6n\u00f6znek a k\u00f6z\u00f6ns\u00e9geddel.<\/p>\n\n\n\n<h2 class=\"wp-block-heading\">Aj\u00e1nlott alkalmaz\u00e1sok let\u00f6lt\u00e9si szakasza<\/h2>\n\n\n\n<p>Az al\u00e1bbiakban \u00f6sszefoglaljuk azokat az aj\u00e1nlott alkalmaz\u00e1sokat, amelyek seg\u00edtenek min\u0151s\u00e9gi audiovizu\u00e1lis tartalmak k\u00e9sz\u00edt\u00e9s\u00e9ben:<\/p>\n\n\n\n<h3 class=\"wp-block-heading\">PixVerse: AI vide\u00f3gener\u00e1tor<\/h3>\n\n\n\n<ul>\n<li><strong>Le\u00edr\u00e1s:<\/strong> Egy \u00e9lvonalbeli eszk\u00f6z, amely mesters\u00e9ges intelligenci\u00e1t haszn\u00e1l hat\u00e1sos vide\u00f3k k\u00e9sz\u00edt\u00e9s\u00e9hez.<\/li>\n\n\n\n<li><strong>El\u0151ny\u00f6k:<\/strong> Gyors szerkeszt\u00e9s, fejlett testreszab\u00e1si lehet\u0151s\u00e9gek \u00e9s kiv\u00e1l\u00f3 min\u0151s\u00e9g\u0171 eredm\u00e9nyek.<\/li>\n\n\n\n<li><strong>Ide\u00e1lis a k\u00f6vetkez\u0151kh\u00f6z:<\/strong> Azok a felhaszn\u00e1l\u00f3k, akik <strong>J\u00e9zust \u00f6lel\u0151 vide\u00f3k<\/strong> modern \u00e9s professzion\u00e1lis megk\u00f6zel\u00edt\u00e9ssel.<\/li>\n<\/ul>\n\n\n\n<h3 class=\"wp-block-heading\">InShot<\/h3>\n\n\n\n<ul>\n<li><strong>Le\u00edr\u00e1s:<\/strong> Egy intuit\u00edv szerkeszt\u0151alkalmaz\u00e1s, amellyel k\u00f6nnyed\u00e9n megv\u00e1ghatod, \u00f6sszeillesztheted \u00e9s testreszabhatod a vide\u00f3kat.<\/li>\n\n\n\n<li><strong>El\u0151ny\u00f6k:<\/strong> Sz\u0171r\u0151k, effektek \u00e9s t\u00f6bb eszk\u00f6z t\u00e1mogat\u00e1sa.<\/li>\n\n\n\n<li><strong>Ide\u00e1lis a k\u00f6vetkez\u0151kh\u00f6z:<\/strong> Az alkot\u00f3k gyors, megoszthat\u00f3 eredm\u00e9nyeket keresnek a k\u00f6z\u00f6ss\u00e9gi m\u00e9di\u00e1ban.<\/li>\n<\/ul>\n\n\n\n<h3 class=\"wp-block-heading\">CapCut<\/h3>\n\n\n\n<ul>\n<li><strong>Le\u00edr\u00e1s:<\/strong> Sokoldal\u00fa lehet\u0151s\u00e9g kreat\u00edv szerkeszt\u00e9shez, olyan eszk\u00f6z\u00f6kkel, amelyek lehet\u0151v\u00e9 teszik \u00e1tmenetek, anim\u00e1lt sz\u00f6veg \u00e9s be\u00e9p\u00edtett zene hozz\u00e1ad\u00e1s\u00e1t.<\/li>\n\n\n\n<li><strong>El\u0151ny\u00f6k:<\/strong> Felhaszn\u00e1l\u00f3bar\u00e1t fel\u00fclet \u00e9s folyamatos friss\u00edt\u00e9sek, hogy mindig l\u00e9p\u00e9st tarthass a j\u00e1t\u00e9kkal.<\/li>\n\n\n\n<li><strong>Ide\u00e1lis a k\u00f6vetkez\u0151kh\u00f6z:<\/strong> Azok a felhaszn\u00e1l\u00f3k, akik egyedi \u00e9s professzion\u00e1lis megjelen\u00e9st szeretn\u00e9nek adni a weboldaluknak <strong>J\u00e9zust \u00f6lel\u0151 vide\u00f3k<\/strong>.<\/li>\n<\/ul>\n\n\n\n<h2 class=\"wp-block-heading\">Gyakorlati p\u00e9lda: K\u00e9sz\u00edtsd el saj\u00e1t inspir\u00e1l\u00f3 vide\u00f3dat<\/h2>\n\n\n\n<p>Inspir\u00e1ci\u00f3k\u00e9nt \u00edme egy l\u00e9p\u00e9sr\u0151l l\u00e9p\u00e9sre bemutatott p\u00e9lda arra, hogyan k\u00e9sz\u00edthetsz egy olyan vide\u00f3t, amely megsz\u00f3l\u00edtja a k\u00f6z\u00f6ns\u00e9gedet:<\/p>\n\n\n\n<ol>\n<li><strong>Tervezze meg az \u00fczenet\u00e9t:<\/strong> D\u00f6ntsd el, milyen t\u00f6rt\u00e9netet vagy tan\u00fas\u00e1gt\u00e9telt szeretn\u00e9l megosztani, \u00e9s \u00edrj egy r\u00f6vid forgat\u00f3k\u00f6nyvet.<\/li>\n\n\n\n<li><strong>V\u00e1lassza ki az eszk\u00f6z\u00e9t:<\/strong> V\u00e1lasszon <strong>PixVerse: AI vide\u00f3gener\u00e1tor<\/strong> a mesters\u00e9ges intelligencia kiakn\u00e1z\u00e1sa \u00e9s meglep\u0151 hat\u00e1sok gener\u00e1l\u00e1sa.<\/li>\n\n\n\n<li><strong>R\u00f6gz\u00edt\u00e9s \u00e9s szerkeszt\u00e9s:<\/strong> Az InShot vagy a CapCut seg\u00edts\u00e9g\u00e9vel v\u00e1gd meg \u00e9s szabd testre a felvett tartalmaidat.<\/li>\n\n\n\n<li><strong>Zene \u00e9s sz\u00f6veg hozz\u00e1ad\u00e1sa:<\/strong> Haszn\u00e1lj egy olyan hangs\u00e1vot, amely meger\u0151s\u00edti az \u00fczenetet, \u00e9s f\u00e9lk\u00f6v\u00e9r bet\u0171t\u00edpussal emeld ki a kulcsmondatokat.<\/li>\n\n\n\n<li><strong>K\u00f6zz\u00e9t\u00e9tel \u00e9s megoszt\u00e1s:<\/strong> T\u00f6ltsd fel a vide\u00f3dat k\u00f6z\u00f6ss\u00e9gi platformokra, \u00e9s haszn\u00e1lj SEO-optimaliz\u00e1lt c\u00edmk\u00e9ket \u00e9s le\u00edr\u00e1sokat.<\/li>\n<\/ol>\n\n\n\n<p>Ez a folyamat seg\u00edt l\u00e9trehozni <strong>J\u00e9zust \u00f6lel\u0151 vide\u00f3k<\/strong> amelyek nemcsak a hitedet terjesztik, hanem m\u00e1sokat is arra \u00f6szt\u00f6n\u00f6znek, hogy felfedezz\u00e9k \u00e9s let\u00f6lts\u00e9k ezeket a csod\u00e1latos alkalmaz\u00e1sokat.<\/p>\n\n\n\n<h2 class=\"wp-block-heading\">Ezen eszk\u00f6z\u00f6k haszn\u00e1lat\u00e1nak el\u0151nyei<\/h2>\n\n\n\n<p>A speci\u00e1lis vide\u00f3k\u00e9sz\u00edt\u0151 alkalmaz\u00e1sok haszn\u00e1lata sz\u00e1mos el\u0151nnyel j\u00e1r, k\u00fcl\u00f6n\u00f6sen azok sz\u00e1m\u00e1ra, akik vil\u00e1gosan \u00e9s lebilincsel\u0151en szeretn\u00e9k k\u00f6zvet\u00edteni a spiritu\u00e1lis \u00fczeneteket:<\/p>\n\n\n\n<ul>\n<li><strong>Id\u0151megtakar\u00edt\u00e1s:<\/strong> Automatiz\u00e1lja azokat a folyamatokat, amelyek \u00e1ltal\u00e1ban \u00f3r\u00e1kig tart\u00f3 szerkeszt\u00e9st ig\u00e9nyeln\u00e9nek.<\/li>\n\n\n\n<li><strong>Professzion\u00e1lis min\u0151s\u00e9g:<\/strong> M\u00e9g el\u0151zetes tapasztalat n\u00e9lk\u00fcl is kiv\u00e1l\u00f3 min\u0151s\u00e9g\u0171 eredm\u00e9nyeket \u00e9rhet el.<\/li>\n\n\n\n<li><strong>K\u00f6nnyen haszn\u00e1lhat\u00f3:<\/strong> Az intuit\u00edv kezel\u0151fel\u00fclet lehet\u0151v\u00e9 teszi minden koroszt\u00e1ly sz\u00e1m\u00e1ra a neh\u00e9zs\u00e9gek n\u00e9lk\u00fcli haszn\u00e1lat\u00e1t.<\/li>\n\n\n\n<li><strong>Vizu\u00e1lis vonzer\u0151:<\/strong> Az el\u00e9rhet\u0151 effektek \u00e9s \u00e1tmenetek megragadj\u00e1k a n\u00e9z\u0151 figyelm\u00e9t \u00e9s meger\u0151s\u00edtik az \u00fczenetet.<\/li>\n\n\n\n<li><strong>Kompatibilit\u00e1s:<\/strong> Ezen alkalmaz\u00e1sok t\u00f6bbs\u00e9ge mobilbar\u00e1t, \u00edgy k\u00f6nnyen szerkeszthet\u0151 \u00fatk\u00f6zben is.<\/li>\n<\/ul>\n\n\n\n<h2 class=\"wp-block-heading\">Hat\u00e1s a k\u00f6z\u00f6ss\u00e9gre \u00e9s a spiritu\u00e1lis \u00fczenetre<\/h2>\n\n\n\n<p>L\u00e9trehoz\u00e1s \u00e9s megoszt\u00e1s <strong>J\u00e9zust \u00f6lel\u0151 vide\u00f3k<\/strong> Nemcsak a technol\u00f3gi\u00e1ra van hat\u00e1ssal, hanem er\u0151s\u00edti a vall\u00e1si k\u00f6z\u00f6ss\u00e9gek k\u00f6z\u00f6tti kapcsolatot is. Ezen eszk\u00f6z\u00f6k haszn\u00e1lat\u00e1val a k\u00f6vetkez\u0151kre leszel k\u00e9pes:<\/p>\n\n\n\n<ul>\n<li>Terjessz pozit\u00edv \u00e9s rem\u00e9nykelt\u0151 \u00fczeneteket.<\/li>\n\n\n\n<li>Azokat az embereket el\u00e9rni, akik inspir\u00e1ci\u00f3ra v\u00e1gynak a mindennapi rutinjukban.<\/li>\n\n\n\n<li>\u00d6szt\u00f6n\u00f6zd a reflexi\u00f3t \u00e9s a spiritu\u00e1lis elk\u00f6telezetts\u00e9get.<\/li>\n\n\n\n<li>\u00c9p\u00edts online k\u00f6z\u00f6ss\u00e9get \u00e9rt\u00e9kek \u00e9s hagyom\u00e1nyok alapj\u00e1n.<\/li>\n\n\n\n<li>Gener\u00e1ljon konverzi\u00f3kat j\u00f3l defini\u00e1lt cselekv\u00e9sre \u00f6szt\u00f6nz\u00e9seken kereszt\u00fcl.<\/li>\n<\/ul>\n\n\n\n<h2 class=\"wp-block-heading\">Hogyan m\u00e9rheted a vide\u00f3id sikeress\u00e9g\u00e9t?<\/h2>\n\n\n\n<p>Annak \u00e9rdek\u00e9ben, hogy a vide\u00f3k\u00e9sz\u00edt\u00e9si er\u0151fesz\u00edt\u00e9seid a k\u00edv\u00e1nt hat\u00e1st \u00e9rj\u00e9k el, fontos bizonyos mutat\u00f3kat m\u00e9rni:<\/p>\n\n\n\n<ul>\n<li><strong>Megtekint\u00e9sek:<\/strong> A vide\u00f3 lej\u00e1tsz\u00e1sainak sz\u00e1ma.<\/li>\n\n\n\n<li><strong>Interakci\u00f3k:<\/strong> Hozz\u00e1sz\u00f3l\u00e1sok, l\u00e1jkok \u00e9s megoszt\u00e1sok a k\u00f6z\u00f6ss\u00e9gi h\u00e1l\u00f3zatokon.<\/li>\n\n\n\n<li><strong>Konverzi\u00f3s ar\u00e1ny:<\/strong> Az aj\u00e1nlott alkalmaz\u00e1sok let\u00f6lt\u00e9seinek sz\u00e1ma a vide\u00f3 megtekint\u00e9se ut\u00e1n.<\/li>\n\n\n\n<li><strong>Visszacsatol\u00e1s:<\/strong> A n\u00e9z\u0151k v\u00e9lem\u00e9nyei \u00e9s besz\u00e1mol\u00f3i.<\/li>\n<\/ul>\n\n\n\n<p>Ezen mutat\u00f3k elemz\u00e9se seg\u00edt a strat\u00e9gi\u00e1k kiigaz\u00edt\u00e1s\u00e1ban \u00e9s a tartalom min\u0151s\u00e9g\u00e9nek folyamatos jav\u00edt\u00e1s\u00e1ban.<\/p>\n\n\n\n<h2 class=\"wp-block-heading\">Kezdje el utaz\u00e1s\u00e1t most<\/h2>\n\n\n\n<p>R\u00f6viden, hozz l\u00e9tre <strong>J\u00e9zust \u00f6lel\u0151 vide\u00f3k<\/strong> Ez egy innovat\u00edv \u00e9s hat\u00e9kony m\u00f3dja annak, hogy megosszd a hitedet \u00e9s kapcsolatba l\u00e9pj minden koroszt\u00e1ly\u00fa emberrel.<\/p>\n\n\n\n<p>Olyan eszk\u00f6z\u00f6kkel, mint <strong>PixVerse: AI vide\u00f3gener\u00e1tor<\/strong>, <strong>InShot<\/strong> \u00e9s <strong>CapCut<\/strong>, lehet\u0151s\u00e9ged van egyszer\u0171 \u00f6tleteket leny\u0171g\u00f6z\u0151 audiovizu\u00e1lis alkot\u00e1sokk\u00e1 alak\u00edtani.<\/p>\n\n\n\n<p>Megh\u00edvunk, hogy fedezd fel ezeket az alkalmaz\u00e1sokat, \u00e9s kezdj el olyan tartalmakat l\u00e9trehozni, amelyek inspir\u00e1lj\u00e1k, oktatj\u00e1k \u00e9s motiv\u00e1lj\u00e1k k\u00f6vet\u0151idet.<\/p>\n\n\n\n<p>Ne feledd, hogy minden vide\u00f3 lehet\u0151s\u00e9get ad arra, hogy meg\u00e9rintsd az emberek \u00e9let\u00e9t, pozit\u00edv \u00fczenetet terjessz, \u00e9s egy egys\u00e9ges h\u00edv\u0151 k\u00f6z\u00f6ss\u00e9get \u00e9p\u00edts. Ne v\u00e1rj tov\u00e1bb; t\u00f6ltsd le ezeket az alkalmaz\u00e1sokat m\u00e9g ma, hogy \u00fczenetedet egy er\u0151teljes vide\u00f3v\u00e1 alak\u00edtsd!<\/p>\n\n\n\n<p><strong>Cselekv\u00e9sre \u00f6szt\u00f6nz\u00e9s:<\/strong><\/p>\n\n\n\n<ul>\n<li>Mentes\u00edt\u00e9s <strong>PixVerse: AI vide\u00f3gener\u00e1tor<\/strong> \u00e9s tapasztald meg a mesters\u00e9ges intelligencia var\u00e1zs\u00e1t.<\/li>\n\n\n\n<li>Bizony\u00edt\u00e9k <strong>InShot<\/strong> gyors \u00e9s professzion\u00e1lis szerkeszt\u00e9sekhez.<\/li>\n\n\n\n<li>Felfedez\u00e9s <strong>CapCut<\/strong> \u00e9s adj egyedi hangulatot a vide\u00f3idnak.<\/li>\n<\/ul>\n\n\n\n<h3 class=\"wp-block-heading\"><mark class=\"has-inline-color has-luminous-vivid-amber-color\"><strong>T\u00f6ltse le az alkalmaz\u00e1sokat<\/strong>.<\/mark><\/h3>\n\n\n\n<ul>\n<li class=\"has-medium-font-size\"><strong>PixVerse: Mesters\u00e9ges intelligencia vide\u00f3gener\u00e1tor \u2013 <a href=\"https:\/\/apkpure.com\/pixverse-ai-video-generator\/com.pixverseai.pixverse\">Android<\/a><\/strong><\/li>\n<\/ul>","protected":false},"excerpt":{"rendered":"<p>Videos abrazando a Jes\u00fas es mucho m\u00e1s que una simple tendencia; es una forma \u00fanica de conectar y compartir mensajes de fe y esperanza. En este art\u00edculo, descubrir\u00e1s c\u00f3mo crear contenido audiovisual que inspire y motive, utilizando herramientas de vanguardia y t\u00e9cnicas simples. Videos abrazando a Jes\u00fas te invitan a explorar el poder de la [&hellip;]<\/p>","protected":false},"author":139,"featured_media":8993,"comment_status":"closed","ping_status":"open","sticky":false,"template":"","format":"standard","meta":{"footnotes":""},"categories":[2],"tags":[2045,2048,2050,2052,2051],"yoast_head":"<!-- This site is optimized with the Yoast SEO plugin v23.3 - https:\/\/yoast.com\/wordpress\/plugins\/seo\/ -->\n<title>\u00a1Crea videos abrazando a Jes\u00fas con PixVerse: AI Video Generator! - Universo Fam\u00edlia<\/title>\n<meta name=\"description\" content=\"\u00a1Crea videos abrazando a Jes\u00fas con PixVerse: AI Video Generator!. Videos abrazando a Jes\u00fas es mucho m\u00e1s que una simple...\" \/>\n<meta name=\"robots\" content=\"index, follow, max-snippet:-1, max-image-preview:large, max-video-preview:-1\" \/>\n<link rel=\"canonical\" href=\"http:\/\/universofamilia.com\/hu\/\u03b4\u03b7\u03bc\u03b9\u03bf\u03c5\u03c1\u03b3\u03ae\u03c3\u03c4\u03b5-\u03b2\u03af\u03bd\u03c4\u03b5\u03bf-\u03c0\u03bf\u03c5-\u03b1\u03b3\u03ba\u03b1\u03bb\u03b9\u03ac\u03b6\u03bf\u03c5\u03bd\/\" \/>\n<meta property=\"og:locale\" content=\"hu_HU\" \/>\n<meta property=\"og:type\" content=\"article\" \/>\n<meta property=\"og:title\" content=\"\u00a1Crea videos abrazando a Jes\u00fas con PixVerse: AI Video Generator! - Universo Fam\u00edlia\" \/>\n<meta property=\"og:description\" content=\"\u00a1Crea videos abrazando a Jes\u00fas con PixVerse: AI Video Generator!. Videos abrazando a Jes\u00fas es mucho m\u00e1s que una simple...\" \/>\n<meta property=\"og:url\" content=\"http:\/\/universofamilia.com\/hu\/\u03b4\u03b7\u03bc\u03b9\u03bf\u03c5\u03c1\u03b3\u03ae\u03c3\u03c4\u03b5-\u03b2\u03af\u03bd\u03c4\u03b5\u03bf-\u03c0\u03bf\u03c5-\u03b1\u03b3\u03ba\u03b1\u03bb\u03b9\u03ac\u03b6\u03bf\u03c5\u03bd\/\" \/>\n<meta property=\"og:site_name\" content=\"Universo Fam\u00edlia\" \/>\n<meta property=\"article:published_time\" content=\"2025-03-18T19:45:46+00:00\" \/>\n<meta property=\"article:modified_time\" content=\"2025-11-17T01:13:27+00:00\" \/>\n<meta property=\"og:image\" content=\"http:\/\/universofamilia.com\/wp-content\/uploads\/sites\/148\/2025\/03\/DESTAQUE-UNIVERSO-550-x-350-4.jpg\" \/>\n\t<meta property=\"og:image:width\" content=\"550\" \/>\n\t<meta property=\"og:image:height\" content=\"350\" \/>\n\t<meta property=\"og:image:type\" content=\"image\/jpeg\" \/>\n<meta name=\"author\" content=\"Pedro Henrique\" \/>\n<meta name=\"twitter:card\" content=\"summary_large_image\" \/>\n<meta name=\"twitter:label1\" content=\"Written by\" \/>\n\t<meta name=\"twitter:data1\" content=\"Pedro Henrique\" \/>\n\t<meta name=\"twitter:label2\" content=\"Est. reading time\" \/>\n\t<meta name=\"twitter:data2\" content=\"12 perc\" \/>\n<script type=\"application\/ld+json\" class=\"yoast-schema-graph\">{\"@context\":\"https:\/\/schema.org\",\"@graph\":[{\"@type\":\"WebPage\",\"@id\":\"http:\/\/universofamilia.com\/el\/\u03b4\u03b7\u03bc\u03b9\u03bf\u03c5\u03c1\u03b3\u03ae\u03c3\u03c4\u03b5-\u03b2\u03af\u03bd\u03c4\u03b5\u03bf-\u03c0\u03bf\u03c5-\u03b1\u03b3\u03ba\u03b1\u03bb\u03b9\u03ac\u03b6\u03bf\u03c5\u03bd\/\",\"url\":\"http:\/\/universofamilia.com\/el\/\u03b4\u03b7\u03bc\u03b9\u03bf\u03c5\u03c1\u03b3\u03ae\u03c3\u03c4\u03b5-\u03b2\u03af\u03bd\u03c4\u03b5\u03bf-\u03c0\u03bf\u03c5-\u03b1\u03b3\u03ba\u03b1\u03bb\u03b9\u03ac\u03b6\u03bf\u03c5\u03bd\/\",\"name\":\"\u00a1Crea videos abrazando a Jes\u00fas con PixVerse: AI Video Generator! - Universo Fam\u00edlia\",\"isPartOf\":{\"@id\":\"https:\/\/universofamilia.com\/el\/#website\"},\"primaryImageOfPage\":{\"@id\":\"http:\/\/universofamilia.com\/el\/\u03b4\u03b7\u03bc\u03b9\u03bf\u03c5\u03c1\u03b3\u03ae\u03c3\u03c4\u03b5-\u03b2\u03af\u03bd\u03c4\u03b5\u03bf-\u03c0\u03bf\u03c5-\u03b1\u03b3\u03ba\u03b1\u03bb\u03b9\u03ac\u03b6\u03bf\u03c5\u03bd\/#primaryimage\"},\"image\":{\"@id\":\"http:\/\/universofamilia.com\/el\/\u03b4\u03b7\u03bc\u03b9\u03bf\u03c5\u03c1\u03b3\u03ae\u03c3\u03c4\u03b5-\u03b2\u03af\u03bd\u03c4\u03b5\u03bf-\u03c0\u03bf\u03c5-\u03b1\u03b3\u03ba\u03b1\u03bb\u03b9\u03ac\u03b6\u03bf\u03c5\u03bd\/#primaryimage\"},\"thumbnailUrl\":\"http:\/\/universofamilia.com\/wp-content\/uploads\/sites\/148\/2025\/03\/DESTAQUE-UNIVERSO-550-x-350-4.jpg\",\"datePublished\":\"2025-03-18T19:45:46+00:00\",\"dateModified\":\"2025-11-17T01:13:27+00:00\",\"author\":{\"@id\":\"https:\/\/universofamilia.com\/el\/#\/schema\/person\/f07ce98187dd84d31154262e79b3b7ca\"},\"description\":\"\u00a1Crea videos abrazando a Jes\u00fas con PixVerse: AI Video Generator!. Videos abrazando a Jes\u00fas es mucho m\u00e1s que una simple...\",\"breadcrumb\":{\"@id\":\"http:\/\/universofamilia.com\/el\/\u03b4\u03b7\u03bc\u03b9\u03bf\u03c5\u03c1\u03b3\u03ae\u03c3\u03c4\u03b5-\u03b2\u03af\u03bd\u03c4\u03b5\u03bf-\u03c0\u03bf\u03c5-\u03b1\u03b3\u03ba\u03b1\u03bb\u03b9\u03ac\u03b6\u03bf\u03c5\u03bd\/#breadcrumb\"},\"inLanguage\":\"hu\",\"potentialAction\":[{\"@type\":\"ReadAction\",\"target\":[\"http:\/\/universofamilia.com\/el\/\u03b4\u03b7\u03bc\u03b9\u03bf\u03c5\u03c1\u03b3\u03ae\u03c3\u03c4\u03b5-\u03b2\u03af\u03bd\u03c4\u03b5\u03bf-\u03c0\u03bf\u03c5-\u03b1\u03b3\u03ba\u03b1\u03bb\u03b9\u03ac\u03b6\u03bf\u03c5\u03bd\/\"]}]},{\"@type\":\"ImageObject\",\"inLanguage\":\"hu\",\"@id\":\"http:\/\/universofamilia.com\/el\/\u03b4\u03b7\u03bc\u03b9\u03bf\u03c5\u03c1\u03b3\u03ae\u03c3\u03c4\u03b5-\u03b2\u03af\u03bd\u03c4\u03b5\u03bf-\u03c0\u03bf\u03c5-\u03b1\u03b3\u03ba\u03b1\u03bb\u03b9\u03ac\u03b6\u03bf\u03c5\u03bd\/#primaryimage\",\"url\":\"http:\/\/universofamilia.com\/wp-content\/uploads\/sites\/148\/2025\/03\/DESTAQUE-UNIVERSO-550-x-350-4.jpg\",\"contentUrl\":\"http:\/\/universofamilia.com\/wp-content\/uploads\/sites\/148\/2025\/03\/DESTAQUE-UNIVERSO-550-x-350-4.jpg\",\"width\":550,\"height\":350,\"caption\":\"\u00a1Crea videos abrazando a Jes\u00fas con PixVerse: AI Video Generator!\"},{\"@type\":\"BreadcrumbList\",\"@id\":\"http:\/\/universofamilia.com\/el\/\u03b4\u03b7\u03bc\u03b9\u03bf\u03c5\u03c1\u03b3\u03ae\u03c3\u03c4\u03b5-\u03b2\u03af\u03bd\u03c4\u03b5\u03bf-\u03c0\u03bf\u03c5-\u03b1\u03b3\u03ba\u03b1\u03bb\u03b9\u03ac\u03b6\u03bf\u03c5\u03bd\/#breadcrumb\",\"itemListElement\":[{\"@type\":\"ListItem\",\"position\":1,\"name\":\"Home\",\"item\":\"https:\/\/universofamilia.com\/el\/\"},{\"@type\":\"ListItem\",\"position\":2,\"name\":\"\u00a1Crea videos abrazando a Jes\u00fas con PixVerse: AI Video Generator!\"}]},{\"@type\":\"WebSite\",\"@id\":\"https:\/\/universofamilia.com\/el\/#website\",\"url\":\"https:\/\/universofamilia.com\/el\/\",\"name\":\"Universo Fam\u00edlia\",\"description\":\"\",\"potentialAction\":[{\"@type\":\"SearchAction\",\"target\":{\"@type\":\"EntryPoint\",\"urlTemplate\":\"https:\/\/universofamilia.com\/el\/?s={search_term_string}\"},\"query-input\":\"required name=search_term_string\"}],\"inLanguage\":\"hu\"},{\"@type\":\"Person\",\"@id\":\"https:\/\/universofamilia.com\/el\/#\/schema\/person\/f07ce98187dd84d31154262e79b3b7ca\",\"name\":\"Pedro Henrique\",\"image\":{\"@type\":\"ImageObject\",\"inLanguage\":\"hu\",\"@id\":\"https:\/\/universofamilia.com\/el\/#\/schema\/person\/image\/\",\"url\":\"http:\/\/0.gravatar.com\/avatar\/9edfeb808cb4e1599f64d6e45b130154?s=96&d=mm&r=g\",\"contentUrl\":\"http:\/\/0.gravatar.com\/avatar\/9edfeb808cb4e1599f64d6e45b130154?s=96&d=mm&r=g\",\"caption\":\"Pedro Henrique\"},\"url\":\"http:\/\/universofamilia.com\/hu\/author\/editor01\/\"}]}<\/script>\n<!-- \/ Yoast SEO plugin. -->","yoast_head_json":{"title":"\u00a1Crea videos abrazando a Jes\u00fas con PixVerse: AI Video Generator! - Universo Fam\u00edlia","description":"\u00a1Crea videos abrazando a Jes\u00fas con PixVerse: AI Video Generator!. Videos abrazando a Jes\u00fas es mucho m\u00e1s que una simple...","robots":{"index":"index","follow":"follow","max-snippet":"max-snippet:-1","max-image-preview":"max-image-preview:large","max-video-preview":"max-video-preview:-1"},"canonical":"http:\/\/universofamilia.com\/hu\/\u03b4\u03b7\u03bc\u03b9\u03bf\u03c5\u03c1\u03b3\u03ae\u03c3\u03c4\u03b5-\u03b2\u03af\u03bd\u03c4\u03b5\u03bf-\u03c0\u03bf\u03c5-\u03b1\u03b3\u03ba\u03b1\u03bb\u03b9\u03ac\u03b6\u03bf\u03c5\u03bd\/","og_locale":"hu_HU","og_type":"article","og_title":"\u00a1Crea videos abrazando a Jes\u00fas con PixVerse: AI Video Generator! - Universo Fam\u00edlia","og_description":"\u00a1Crea videos abrazando a Jes\u00fas con PixVerse: AI Video Generator!. Videos abrazando a Jes\u00fas es mucho m\u00e1s que una simple...","og_url":"http:\/\/universofamilia.com\/hu\/\u03b4\u03b7\u03bc\u03b9\u03bf\u03c5\u03c1\u03b3\u03ae\u03c3\u03c4\u03b5-\u03b2\u03af\u03bd\u03c4\u03b5\u03bf-\u03c0\u03bf\u03c5-\u03b1\u03b3\u03ba\u03b1\u03bb\u03b9\u03ac\u03b6\u03bf\u03c5\u03bd\/","og_site_name":"Universo Fam\u00edlia","article_published_time":"2025-03-18T19:45:46+00:00","article_modified_time":"2025-11-17T01:13:27+00:00","og_image":[{"width":550,"height":350,"url":"http:\/\/universofamilia.com\/wp-content\/uploads\/sites\/148\/2025\/03\/DESTAQUE-UNIVERSO-550-x-350-4.jpg","type":"image\/jpeg"}],"author":"Pedro Henrique","twitter_card":"summary_large_image","twitter_misc":{"Written by":"Pedro Henrique","Est. reading time":"12 perc"},"schema":{"@context":"https:\/\/schema.org","@graph":[{"@type":"WebPage","@id":"http:\/\/universofamilia.com\/el\/\u03b4\u03b7\u03bc\u03b9\u03bf\u03c5\u03c1\u03b3\u03ae\u03c3\u03c4\u03b5-\u03b2\u03af\u03bd\u03c4\u03b5\u03bf-\u03c0\u03bf\u03c5-\u03b1\u03b3\u03ba\u03b1\u03bb\u03b9\u03ac\u03b6\u03bf\u03c5\u03bd\/","url":"http:\/\/universofamilia.com\/el\/\u03b4\u03b7\u03bc\u03b9\u03bf\u03c5\u03c1\u03b3\u03ae\u03c3\u03c4\u03b5-\u03b2\u03af\u03bd\u03c4\u03b5\u03bf-\u03c0\u03bf\u03c5-\u03b1\u03b3\u03ba\u03b1\u03bb\u03b9\u03ac\u03b6\u03bf\u03c5\u03bd\/","name":"\u00a1Crea videos abrazando a Jes\u00fas con PixVerse: AI Video Generator! - Universo Fam\u00edlia","isPartOf":{"@id":"https:\/\/universofamilia.com\/el\/#website"},"primaryImageOfPage":{"@id":"http:\/\/universofamilia.com\/el\/\u03b4\u03b7\u03bc\u03b9\u03bf\u03c5\u03c1\u03b3\u03ae\u03c3\u03c4\u03b5-\u03b2\u03af\u03bd\u03c4\u03b5\u03bf-\u03c0\u03bf\u03c5-\u03b1\u03b3\u03ba\u03b1\u03bb\u03b9\u03ac\u03b6\u03bf\u03c5\u03bd\/#primaryimage"},"image":{"@id":"http:\/\/universofamilia.com\/el\/\u03b4\u03b7\u03bc\u03b9\u03bf\u03c5\u03c1\u03b3\u03ae\u03c3\u03c4\u03b5-\u03b2\u03af\u03bd\u03c4\u03b5\u03bf-\u03c0\u03bf\u03c5-\u03b1\u03b3\u03ba\u03b1\u03bb\u03b9\u03ac\u03b6\u03bf\u03c5\u03bd\/#primaryimage"},"thumbnailUrl":"http:\/\/universofamilia.com\/wp-content\/uploads\/sites\/148\/2025\/03\/DESTAQUE-UNIVERSO-550-x-350-4.jpg","datePublished":"2025-03-18T19:45:46+00:00","dateModified":"2025-11-17T01:13:27+00:00","author":{"@id":"https:\/\/universofamilia.com\/el\/#\/schema\/person\/f07ce98187dd84d31154262e79b3b7ca"},"description":"\u00a1Crea videos abrazando a Jes\u00fas con PixVerse: AI Video Generator!. Videos abrazando a Jes\u00fas es mucho m\u00e1s que una simple...","breadcrumb":{"@id":"http:\/\/universofamilia.com\/el\/\u03b4\u03b7\u03bc\u03b9\u03bf\u03c5\u03c1\u03b3\u03ae\u03c3\u03c4\u03b5-\u03b2\u03af\u03bd\u03c4\u03b5\u03bf-\u03c0\u03bf\u03c5-\u03b1\u03b3\u03ba\u03b1\u03bb\u03b9\u03ac\u03b6\u03bf\u03c5\u03bd\/#breadcrumb"},"inLanguage":"hu","potentialAction":[{"@type":"ReadAction","target":["http:\/\/universofamilia.com\/el\/\u03b4\u03b7\u03bc\u03b9\u03bf\u03c5\u03c1\u03b3\u03ae\u03c3\u03c4\u03b5-\u03b2\u03af\u03bd\u03c4\u03b5\u03bf-\u03c0\u03bf\u03c5-\u03b1\u03b3\u03ba\u03b1\u03bb\u03b9\u03ac\u03b6\u03bf\u03c5\u03bd\/"]}]},{"@type":"ImageObject","inLanguage":"hu","@id":"http:\/\/universofamilia.com\/el\/\u03b4\u03b7\u03bc\u03b9\u03bf\u03c5\u03c1\u03b3\u03ae\u03c3\u03c4\u03b5-\u03b2\u03af\u03bd\u03c4\u03b5\u03bf-\u03c0\u03bf\u03c5-\u03b1\u03b3\u03ba\u03b1\u03bb\u03b9\u03ac\u03b6\u03bf\u03c5\u03bd\/#primaryimage","url":"http:\/\/universofamilia.com\/wp-content\/uploads\/sites\/148\/2025\/03\/DESTAQUE-UNIVERSO-550-x-350-4.jpg","contentUrl":"http:\/\/universofamilia.com\/wp-content\/uploads\/sites\/148\/2025\/03\/DESTAQUE-UNIVERSO-550-x-350-4.jpg","width":550,"height":350,"caption":"\u00a1Crea videos abrazando a Jes\u00fas con PixVerse: AI Video Generator!"},{"@type":"BreadcrumbList","@id":"http:\/\/universofamilia.com\/el\/\u03b4\u03b7\u03bc\u03b9\u03bf\u03c5\u03c1\u03b3\u03ae\u03c3\u03c4\u03b5-\u03b2\u03af\u03bd\u03c4\u03b5\u03bf-\u03c0\u03bf\u03c5-\u03b1\u03b3\u03ba\u03b1\u03bb\u03b9\u03ac\u03b6\u03bf\u03c5\u03bd\/#breadcrumb","itemListElement":[{"@type":"ListItem","position":1,"name":"Home","item":"https:\/\/universofamilia.com\/el\/"},{"@type":"ListItem","position":2,"name":"\u00a1Crea videos abrazando a Jes\u00fas con PixVerse: AI Video Generator!"}]},{"@type":"WebSite","@id":"https:\/\/universofamilia.com\/el\/#website","url":"https:\/\/universofamilia.com\/el\/","name":"Universo Fam\u00edlia","description":"","potentialAction":[{"@type":"SearchAction","target":{"@type":"EntryPoint","urlTemplate":"https:\/\/universofamilia.com\/el\/?s={search_term_string}"},"query-input":"required name=search_term_string"}],"inLanguage":"hu"},{"@type":"Person","@id":"https:\/\/universofamilia.com\/el\/#\/schema\/person\/f07ce98187dd84d31154262e79b3b7ca","name":"Pedro Henrique","image":{"@type":"ImageObject","inLanguage":"hu","@id":"https:\/\/universofamilia.com\/el\/#\/schema\/person\/image\/","url":"http:\/\/0.gravatar.com\/avatar\/9edfeb808cb4e1599f64d6e45b130154?s=96&d=mm&r=g","contentUrl":"http:\/\/0.gravatar.com\/avatar\/9edfeb808cb4e1599f64d6e45b130154?s=96&d=mm&r=g","caption":"Pedro Henrique"},"url":"http:\/\/universofamilia.com\/hu\/author\/editor01\/"}]}},"_links":{"self":[{"href":"http:\/\/universofamilia.com\/hu\/wp-json\/wp\/v2\/posts\/8992"}],"collection":[{"href":"http:\/\/universofamilia.com\/hu\/wp-json\/wp\/v2\/posts"}],"about":[{"href":"http:\/\/universofamilia.com\/hu\/wp-json\/wp\/v2\/types\/post"}],"author":[{"embeddable":true,"href":"http:\/\/universofamilia.com\/hu\/wp-json\/wp\/v2\/users\/139"}],"replies":[{"embeddable":true,"href":"http:\/\/universofamilia.com\/hu\/wp-json\/wp\/v2\/comments?post=8992"}],"version-history":[{"count":3,"href":"http:\/\/universofamilia.com\/hu\/wp-json\/wp\/v2\/posts\/8992\/revisions"}],"predecessor-version":[{"id":10343,"href":"http:\/\/universofamilia.com\/hu\/wp-json\/wp\/v2\/posts\/8992\/revisions\/10343"}],"wp:featuredmedia":[{"embeddable":true,"href":"http:\/\/universofamilia.com\/hu\/wp-json\/wp\/v2\/media\/8993"}],"wp:attachment":[{"href":"http:\/\/universofamilia.com\/hu\/wp-json\/wp\/v2\/media?parent=8992"}],"wp:term":[{"taxonomy":"category","embeddable":true,"href":"http:\/\/universofamilia.com\/hu\/wp-json\/wp\/v2\/categories?post=8992"},{"taxonomy":"post_tag","embeddable":true,"href":"http:\/\/universofamilia.com\/hu\/wp-json\/wp\/v2\/tags?post=8992"}],"curies":[{"name":"wp","href":"https:\/\/api.w.org\/{rel}","templated":true}]}}