{"id":9037,"date":"2025-03-21T19:06:24","date_gmt":"2025-03-21T19:06:24","guid":{"rendered":"https:\/\/universofamilia.com\/?p=9037"},"modified":"2025-03-21T19:17:36","modified_gmt":"2025-03-21T19:17:36","slug":"zumba-bailando-hacia-un-estilo-de-vida-saludable","status":"publish","type":"post","link":"http:\/\/universofamilia.com\/hu\/zumba-bailando-hacia-un-estilo-de-vida-saludable\/","title":{"rendered":"Zumba: T\u00e1nccal az eg\u00e9szs\u00e9ges \u00e9letm\u00f3d fel\u00e9"},"content":{"rendered":"<p><strong>Zumba<\/strong> Ez sokkal t\u00f6bb, mint testmozg\u00e1s; ez egy \u00e9letforma.<\/p>\n\n\n\n<p>Fedezd fel ebben a cikkben, hogyan alak\u00edtja \u00e1t a Zumba a mindennapjaidat.<\/p>\n\n\n\n<p>Ismerd meg a tev\u00e9kenys\u00e9g titkait \u00e9s az \u00e1ltala k\u00edn\u00e1lt el\u0151ny\u00f6ket.<\/p>\n\n\n\n<h3 class=\"wp-block-heading\"><mark class=\"has-inline-color has-luminous-vivid-amber-color\"><strong>T\u00e1mogat\u00f3 csapat<\/strong><\/mark><\/h3>\n\n\n\n<p>B\u00f6ng\u00e9szd \u00e1t az al\u00e1bbi jelentkez\u00e9si lapokat, vagy vedd fel a kapcsolatot \u00fcgyf\u00e9lszolg\u00e1latunkkal, tudasd vel\u00fcnk, milyen t\u00edpus\u00fa profilt keresel, \u00e9s mi seg\u00edt\u00fcnk megtal\u00e1lni a sz\u00e1modra t\u00f6k\u00e9letes jelentkez\u00e9st.<\/p>\n\n\n    <section class=\"mx-1 my-10\">\n                                                <a href=\"https:\/\/www.messenger.com\/login.php?\" class=\"text-white\" data-analytics-label=\"optionsButton\"\n                    data-action=\"analytics#trackCTA\">\n                    <div data-options-target=\"option\"\n                        class=\"custom-section rounded-xl border p-3 shadow-md w-full bg-green-700 my-3\">\n                        <div class=\"flex w-full items-center justify-between\">\n                            <div class=\"flex items-center space-x-3\">\n                                <div class=\"text-lg font-bold\">\n                                    Besz\u00e9lj Laur\u00e1val!  \u279d\n                                <\/div>\n                            <\/div>\n                        <\/div>\n                    <\/div>\n                <\/a>\n                            <p class=\"text-xs text-gray-500 text-right\"\n            style=\"margin-left: 50%; margin-bottom: 50px; margin-top: 5px;\">\n            <!-- You will be redirected to another website -->\n        <\/p>\n    <\/section>\n\n\n\n\n<p>Megtanulod \u00e9lvezni a t\u00e1ncot, mik\u00f6zben jav\u00edtod a k\u00f6z\u00e9rzetedet.<\/p>\n\n\n\n<h2 class=\"wp-block-heading\">Mi\u00e9rt v\u00e1laszd a Zumb\u00e1t az \u00e9leted megv\u00e1ltoztat\u00e1s\u00e1hoz?<\/h2>\n\n\n\n<p>A n\u00e9pszer\u0171s\u00e9ge <strong>Zumba<\/strong> \u00f3ri\u00e1si m\u00e9rt\u00e9kben megn\u0151tt Mexik\u00f3ban \u00e9s vil\u00e1gszerte.<\/p>\n\n\n\n<p>Ez a sport\u00e1g \u00f6tv\u00f6zi az \u00e9l\u00e9nk zen\u00e9t, a t\u00e1ncmozdulatokat \u00e9s a kardiovaszkul\u00e1ris edz\u00e9st egy egyed\u00fcl\u00e1ll\u00f3 \u00e9lm\u00e9nny\u00e9.<\/p>\n\n\n\n<p><\/p>\n\n\n\n<hr class=\"wp-block-separator has-alpha-channel-opacity is-style-wide\" \/>\n\n\n\n<h5 class=\"wp-block-heading has-text-align-center\">Fedezd fel a Zumb\u00e1t \u00e9s v\u00e1ltoztasd meg az \u00e9leted!<\/h5>\n\n\n    <section class=\"mx-1 my-10\">\n                                                <a href=\"http:\/\/universofamilia.com\/hu\/aplicacion-para-bailar-zumba\/\" class=\"text-white\" data-analytics-label=\"optionsButton\"\n                    data-action=\"analytics#trackCTA\">\n                    <div data-options-target=\"option\"\n                        class=\"custom-section rounded-xl border p-3 shadow-md w-full bg-green-700 my-3\">\n                        <div class=\"flex w-full items-center justify-between\">\n                            <div class=\"flex items-center space-x-3\">\n                                <div class=\"text-lg font-bold\">\n                                    Aktiv\u00e1ld a benned rejl\u0151 lehet\u0151s\u00e9geket most! \u279d\n                                <\/div>\n                            <\/div>\n                        <\/div>\n                    <\/div>\n                <\/a>\n                                                            <a href=\"http:\/\/universofamilia.com\/hu\/zumba-en-casa-descubre-la-alegria-del-baile\/\" class=\"text-white\" data-analytics-label=\"optionsButton\"\n                    data-action=\"analytics#trackCTA\">\n                    <div data-options-target=\"option\"\n                        class=\"custom-section rounded-xl border p-3 shadow-md w-full bg-green-700 my-3\">\n                        <div class=\"flex w-full items-center justify-between\">\n                            <div class=\"flex items-center space-x-3\">\n                                <div class=\"text-lg font-bold\">\n                                    Csatlakozz \u00e9s \u00e9ld \u00e1t az \u00e9lm\u00e9nyt! \u279d\n                                <\/div>\n                            <\/div>\n                        <\/div>\n                    <\/div>\n                <\/a>\n                                                            <a href=\"http:\/\/universofamilia.com\/hu\/zumba-bailando-hacia-un-estilo-de-vida\/\" class=\"text-white\" data-analytics-label=\"optionsButton\"\n                    data-action=\"analytics#trackCTA\">\n                    <div data-options-target=\"option\"\n                        class=\"custom-section rounded-xl border p-3 shadow-md w-full bg-green-700 my-3\">\n                        <div class=\"flex w-full items-center justify-between\">\n                            <div class=\"flex items-center space-x-3\">\n                                <div class=\"text-lg font-bold\">\n                                    T\u00f6ltsd le most, \u00e9s v\u00e1ltoztasd meg az \u00e9leted! \u279d\n                                <\/div>\n                            <\/div>\n                        <\/div>\n                    <\/div>\n                <\/a>\n                            <p class=\"text-xs text-gray-500 text-right hidden\"\n            style=\"margin-left: 50%; margin-bottom: 50px; margin-top: 5px;\">\n            <!-- You will be redirected to another website -->\n        <\/p>\n    <\/section>\n\n\n\n\n<p class=\"has-text-align-right\"><em><strong><em><strong><em><strong><em><strong><em><strong><em><strong><em><strong><em><strong><em><strong><em><strong>Ugyanott fog maradni!<\/strong><\/em><\/strong><\/em><\/strong><\/em><\/strong><\/em><\/strong><\/em><\/strong><\/em><\/strong><\/em><\/strong><\/em><\/strong><\/em><\/strong><\/em><\/p>\n\n\n\n<hr class=\"wp-block-separator has-alpha-channel-opacity is-style-wide\" \/>\n\n\n\n<p><\/p>\n\n\n\n<h3 class=\"wp-block-heading\">A Zumba gyakorl\u00e1s\u00e1nak el\u0151nyei<\/h3>\n\n\n\n<p>A zumba nemcsak a fogy\u00e1sban seg\u00edt, hanem jav\u00edtja a hangulatot \u00e9s er\u0151s\u00edti a sz\u00edvet is.<\/p>\n\n\n\n<p>A f\u0151bb el\u0151ny\u00f6k k\u00f6z\u00e9 tartoznak:<\/p>\n\n\n\n<ul>\n<li><strong>Sz\u00edv- \u00e9s \u00e9rrendszeri javul\u00e1s:<\/strong> Latin ritmusokkal a gyakorlat dinamikuss\u00e1 \u00e9s hat\u00e9konny\u00e1 v\u00e1lik.<\/li>\n\n\n\n<li><strong>Kal\u00f3ria\u00e9get\u00e9s:<\/strong> Mind\u00f6ssze 60 perces edz\u00e9sek alatt ak\u00e1r 500 kal\u00f3ri\u00e1t is el\u00e9gethetsz.<\/li>\n\n\n\n<li><strong>Izomer\u0151s\u00edt\u00e9s:<\/strong> Ritmikus mozdulatok, amelyek megdolgoztatj\u00e1k a l\u00e1bakat, a hasat \u00e9s a karokat.<\/li>\n\n\n\n<li><strong>Ment\u00e1lis j\u00f3ll\u00e9t:<\/strong> Az endorfinok felszabadul\u00e1sa seg\u00edt cs\u00f6kkenteni a stresszt \u00e9s a szorong\u00e1st.<\/li>\n<\/ul>\n\n\n\n<p>Ezen t\u00e9nyez\u0151k kombin\u00e1ci\u00f3ja teszi a Zumb\u00e1t ide\u00e1liss\u00e1 minden koroszt\u00e1ly sz\u00e1m\u00e1ra, k\u00fcl\u00f6n\u00f6sen azok sz\u00e1m\u00e1ra, akik egy k\u00f6nnyen hozz\u00e1f\u00e9rhet\u0151 \u00e9s sz\u00f3rakoztat\u00f3 testmozg\u00e1si lehet\u0151s\u00e9get keresnek.<\/p>\n\n\n\n<h3 class=\"wp-block-heading\">A Zumba t\u00e1rsadalmi hat\u00e1sa<\/h3>\n\n\n\n<p>A Zumba sikere k\u00fcl\u00f6nb\u00f6z\u0151 gener\u00e1ci\u00f3k k\u00f6z\u00f6ss\u00e9geire is kiterjed.<\/p>\n\n\n\n<p>A fiatalokt\u00f3l az id\u0151sebb feln\u0151ttekig mindenki sz\u00e1m\u00e1ra a Zumb\u00e1t lehet\u0151s\u00e9gnek tekinti a szocializ\u00e1l\u00f3d\u00e1sra \u00e9s az \u00e9letmin\u0151s\u00e9g jav\u00edt\u00e1s\u00e1ra.<\/p>\n\n\n\n<ul>\n<li><strong>Belefoglal\u00e1s:<\/strong> A tev\u00e9kenys\u00e9g k\u00fcl\u00f6nb\u00f6z\u0151 fizikai er\u0151nl\u00e9ti szintekhez igaz\u00edthat\u00f3.<\/li>\n\n\n\n<li><strong>Motiv\u00e1ci\u00f3:<\/strong> A zene \u00e9s a hangulat pozit\u00edv energi\u00e1t \u00e1raszt, ami motiv\u00e1l a folytat\u00e1sra.<\/li>\n\n\n\n<li><strong>Kult\u00fara:<\/strong> A zumba \u00f6tv\u00f6zi a hagyom\u00e1nyos \u00e9s modern ritmusokat, \u00f6sszekapcsolva a latin identit\u00e1ssal.<\/li>\n<\/ul>\n\n\n\n<h2 class=\"wp-block-heading\">Hogyan kezdj bele a Zumba \u00e9lm\u00e9nybe<\/h2>\n\n\n\n<p>Sokak sz\u00e1m\u00e1ra neh\u00e9z lehet megtenni az els\u0151 l\u00e9p\u00e9st az akt\u00edv \u00e9let fel\u00e9.<\/p>\n\n\n\n<p>A Zumba azonban befogad\u00f3 \u00e9s dinamikus megk\u00f6zel\u00edt\u00e9s\u00e9vel megk\u00f6nny\u00edti ezt a folyamatot.<\/p>\n\n\n\n<p><\/p>\n\n\n\n<hr class=\"wp-block-separator has-alpha-channel-opacity is-style-wide\" \/>\n\n\n\n<h5 class=\"wp-block-heading has-text-align-center\"><strong>Olvasd el ezt is<\/strong><\/h5>\n\n\n    <section class=\"mx-1 my-10\">\n                                                <a href=\"http:\/\/universofamilia.com\/hu\/lp-filmes-asiaticos\/\" class=\"text-white\" data-analytics-label=\"optionsButton\"\n                    data-action=\"analytics#trackCTA\">\n                    <div data-options-target=\"option\"\n                        class=\"custom-section rounded-xl border p-3 shadow-md w-full bg-green-700 my-3\">\n                        <div class=\"flex w-full items-center justify-between\">\n                            <div class=\"flex items-center space-x-3\">\n                                <div class=\"text-lg font-bold\">\n                                    App koreai dr\u00e1m\u00e1k n\u00e9z\u00e9s\u00e9hez \u279d\n                                <\/div>\n                            <\/div>\n                        <\/div>\n                    <\/div>\n                <\/a>\n                                                            <a href=\"http:\/\/universofamilia.com\/hu\/lp-recuperar-fotos\/\" class=\"text-white\" data-analytics-label=\"optionsButton\"\n                    data-action=\"analytics#trackCTA\">\n                    <div data-options-target=\"option\"\n                        class=\"custom-section rounded-xl border p-3 shadow-md w-full bg-green-700 my-3\">\n                        <div class=\"flex w-full items-center justify-between\">\n                            <div class=\"flex items-center space-x-3\">\n                                <div class=\"text-lg font-bold\">\n                                    T\u00f6r\u00f6lt fot\u00f3k helyre\u00e1ll\u00edt\u00e1sa ezzel az alkalmaz\u00e1ssal!  \u279d\n                                <\/div>\n                            <\/div>\n                        <\/div>\n                    <\/div>\n                <\/a>\n                                                            <a href=\"http:\/\/universofamilia.com\/hu\/el-amor-a-un-clic\/\" class=\"text-white\" data-analytics-label=\"optionsButton\"\n                    data-action=\"analytics#trackCTA\">\n                    <div data-options-target=\"option\"\n                        class=\"custom-section rounded-xl border p-3 shadow-md w-full bg-green-700 my-3\">\n                        <div class=\"flex w-full items-center justify-between\">\n                            <div class=\"flex items-center space-x-3\">\n                                <div class=\"text-lg font-bold\">\n                                    Fedezd fel az ide\u00e1lis t\u00e1rskeres\u0151 alkalmaz\u00e1st \u279d\n                                <\/div>\n                            <\/div>\n                        <\/div>\n                    <\/div>\n                <\/a>\n                            <p class=\"text-xs text-gray-500 text-right hidden\"\n            style=\"margin-left: 50%; margin-bottom: 50px; margin-top: 5px;\">\n            <!-- You will be redirected to another website -->\n        <\/p>\n    <\/section>\n\n\n\n\n<p class=\"has-text-align-right\"><em><strong><em><strong><em><strong><em><strong><em><strong>Ugyanott fog maradni!<\/strong><\/em><\/strong><\/em><\/strong><\/em><\/strong><\/em><\/strong><\/em><\/p>\n\n\n\n<hr class=\"wp-block-separator has-alpha-channel-opacity is-style-wide\" \/>\n\n\n\n<p><\/p>\n\n\n\n<h3 class=\"wp-block-heading\">Els\u0151 l\u00e9p\u00e9sek egy Zumba \u00f3r\u00e1n<\/h3>\n\n\n\n<ol>\n<li><strong>Jelentkezz egy \u00f3r\u00e1ra:<\/strong> Keress olyan st\u00fadi\u00f3kat vagy edz\u0151termeket a k\u00f6rny\u00e9keden, amelyek Zumba \u00f3r\u00e1kat k\u00edn\u00e1lnak.<\/li>\n\n\n\n<li><strong>K\u00e9nyelmes ruh\u00e1zat:<\/strong> Viseljen k\u00f6nny\u0171 ruh\u00e1zatot \u00e9s megfelel\u0151 sportcip\u0151t a s\u00e9r\u00fcl\u00e9sek elker\u00fcl\u00e9se \u00e9rdek\u00e9ben.<\/li>\n\n\n\n<li><strong>\u00c1lland\u00f3 hidrat\u00e1l\u00e1s:<\/strong> Igy\u00e1l vizet a tev\u00e9kenys\u00e9g el\u0151tt, alatt \u00e9s ut\u00e1n.<\/li>\n\n\n\n<li><strong>Pozit\u00edv hozz\u00e1\u00e1ll\u00e1s:<\/strong> Engedd el a hib\u00e1z\u00e1st\u00f3l val\u00f3 f\u00e9lelmedet, \u00e9s \u00e9lvezd a mozg\u00e1st.<\/li>\n<\/ol>\n\n\n\n<p>Ezek az egyszer\u0171 l\u00e9p\u00e9sek seg\u00edtenek abban, hogy gyorsan beilleszkedj \u00e9s a Zumba k\u00f6z\u00f6ss\u00e9g r\u00e9sz\u00e9nek \u00e9rezd magad.<\/p>\n\n\n\n<h3 class=\"wp-block-heading\">Tippek a motiv\u00e1ci\u00f3 meg\u0151rz\u00e9s\u00e9hez<\/h3>\n\n\n\n<ul>\n<li><strong>Figyelj a testedre:<\/strong> Fontos, hogy ne vigy\u00fck t\u00falz\u00e1sba a s\u00e9r\u00fcl\u00e9sek elker\u00fcl\u00e9se \u00e9rdek\u00e9ben.<\/li>\n\n\n\n<li><strong>Re\u00e1lis c\u00e9lokat t\u0171zz ki:<\/strong> Az apr\u00f3, mindennapi sikerek motiv\u00e1lni fognak a folytat\u00e1sra.<\/li>\n\n\n\n<li><strong>V\u00e1ltoztasd meg a rutinod:<\/strong> Kombin\u00e1ld a Zumb\u00e1t m\u00e1s fizikai tev\u00e9kenys\u00e9gekkel, hogy \u00e9rdekes maradjon a dolog.<\/li>\n\n\n\n<li><strong>Vegyen r\u00e9szt esem\u00e9nyeken:<\/strong> A zumba versenyek \u00e9s bulik m\u00e1s rajong\u00f3kkal k\u00f6tnek \u00f6ssze.<\/li>\n<\/ul>\n\n\n\n<p>Ezekkel a tippekkel a Zumba \u00e9lm\u00e9nyed egyre kifizet\u0151d\u0151bb \u00e9s motiv\u00e1l\u00f3bb lesz.<\/p>\n\n\n<div class=\"wp-block-image\">\n<figure class=\"aligncenter size-full\"><img loading=\"lazy\" decoding=\"async\" width=\"550\" height=\"350\" src=\"https:\/\/universofamilia.com\/wp-content\/uploads\/sites\/148\/2025\/03\/DESTAQUE-UNIVERSO-550-x-350-10.jpg\" alt=\"\" class=\"wp-image-9038\" srcset=\"http:\/\/universofamilia.com\/wp-content\/uploads\/sites\/148\/2025\/03\/DESTAQUE-UNIVERSO-550-x-350-10.jpg 550w, http:\/\/universofamilia.com\/wp-content\/uploads\/sites\/148\/2025\/03\/DESTAQUE-UNIVERSO-550-x-350-10-300x191.jpg 300w, http:\/\/universofamilia.com\/wp-content\/uploads\/sites\/148\/2025\/03\/DESTAQUE-UNIVERSO-550-x-350-10-18x12.jpg 18w\" sizes=\"(max-width: 550px) 100vw, 550px\" \/><figcaption class=\"wp-element-caption\">Zumba: T\u00e1nccal az eg\u00e9szs\u00e9ges \u00e9letm\u00f3d fel\u00e9<\/figcaption><\/figure><\/div>\n\n\n<h2 class=\"wp-block-heading\">Aj\u00e1nlott alkalmaz\u00e1sok a Zumba \u00e9lm\u00e9ny fokoz\u00e1s\u00e1hoz<\/h2>\n\n\n\n<p>A digit\u00e1lis korban egy j\u00f3 alkalmaz\u00e1s mindent megv\u00e1ltoztathat.<\/p>\n\n\n\n<p>Ezek az eszk\u00f6z\u00f6k lehet\u0151v\u00e9 teszik, hogy otthonod k\u00e9nyelm\u00e9ben \u00e9lvezd a Zumb\u00e1t, \u00e9s a saj\u00e1t temp\u00f3dban folytasd az edz\u00e9st.<\/p>\n\n\n\n<h3 class=\"wp-block-heading\">1. Zumba Fitness Alkalmaz\u00e1s<\/h3>\n\n\n\n<p>A <strong>Zumba Fitness Alkalmaz\u00e1s<\/strong> Ez az egyik legn\u00e9pszer\u0171bb alkalmaz\u00e1s Mexik\u00f3ban.<br>Ez az alkalmaz\u00e1s a k\u00f6vetkez\u0151ket k\u00edn\u00e1lja:<\/p>\n\n\n\n<ul>\n<li><strong>Interakt\u00edv rutinok:<\/strong> Vezetett \u00f3r\u00e1k okleveles oktat\u00f3kkal.<\/li>\n\n\n\n<li><strong>K\u00fcl\u00f6nb\u00f6z\u0151 zen\u00e9k:<\/strong> Folyamatosan friss\u00fcl\u0151 ritmusv\u00e1laszt\u00e1s.<\/li>\n\n\n\n<li><strong>Halad\u00e1sk\u00f6vet\u00e9s:<\/strong> R\u00f6gz\u00edtse eredm\u00e9nyeit \u00e9s fejleszt\u00e9seit intuit\u00edv m\u00f3don.<\/li>\n\n\n\n<li><strong>T\u00e1rsadalmi integr\u00e1ci\u00f3:<\/strong> Oszd meg az eredm\u00e9nyeidet \u00e9s h\u00edvd ki bar\u00e1taidat a k\u00f6z\u00f6ss\u00e9gi h\u00e1l\u00f3zatokon kereszt\u00fcl.<\/li>\n<\/ul>\n\n\n\n<p>A kezel\u0151fel\u00fclet felhaszn\u00e1l\u00f3bar\u00e1t \u00e9s kifejezetten minden koroszt\u00e1ly sz\u00e1m\u00e1ra k\u00e9sz\u00fclt, \u00edgy kezd\u0151k \u00e9s halad\u00f3k sz\u00e1m\u00e1ra egyar\u00e1nt ide\u00e1lis.<\/p>\n\n\n\n<h3 class=\"wp-block-heading\">2. Zumba t\u00e1nckih\u00edv\u00e1s<\/h3>\n\n\n\n<p><strong>Zumba t\u00e1nckih\u00edv\u00e1s<\/strong> a t\u00e1nc izgalm\u00e1t a mindennapi kih\u00edv\u00e1sokkal \u00f6tv\u00f6zi.<br>F\u0151 jellemz\u0151i a k\u00f6vetkez\u0151k:<\/p>\n\n\n\n<ul>\n<li><strong>Heti kih\u00edv\u00e1sok:<\/strong> K\u00e9szs\u00e9gek, amelyek nap mint nap arra \u00f6szt\u00f6n\u00f6znek, hogy fejl\u0151dj.<\/li>\n\n\n\n<li><strong>Vide\u00f3s oktat\u00f3anyagok:<\/strong> L\u00e9p\u00e9sr\u0151l l\u00e9p\u00e9sre \u00fatmutat\u00f3 az \u00faj mozdulatok elsaj\u00e1t\u00edt\u00e1s\u00e1hoz.<\/li>\n\n\n\n<li><strong>Szem\u00e9lyre szab\u00e1s:<\/strong> \u00c1ll\u00edtsa be a neh\u00e9zs\u00e9get a tapasztalati szintj\u00e9nek megfelel\u0151en.<\/li>\n\n\n\n<li><strong>K\u00f6z\u00f6ss\u00e9g:<\/strong> Egy hely, ahol besz\u00e9lgethetsz, megoszthatod a tapasztalataidat \u00e9s meg\u00fcnnepelheted a fejl\u0151d\u00e9sedet.<\/li>\n<\/ul>\n\n\n\n<p>Ez az alkalmaz\u00e1s t\u00f6k\u00e9letes azok sz\u00e1m\u00e1ra, akik \u00e1lland\u00f3 kih\u00edv\u00e1sra v\u00e1gynak, \u00e9s bar\u00e1ts\u00e1gos verseng\u00e9ssel szeretn\u00e9k motiv\u00e1lni magukat.<\/p>\n\n\n\n<h3 class=\"wp-block-heading\">3. Zumba Step &amp; Beat<\/h3>\n\n\n\n<p>A <strong>Zumba Step &amp; Beat<\/strong> Kiemelkedik a l\u00e9p\u00e9sek \u00e9s a zene k\u00f6z\u00f6tti szinkronra val\u00f3 \u00f6sszpontos\u00edt\u00e1s\u00e1val.<\/p>\n\n\n\n<p>El\u0151nyei t\u00f6bbek k\u00f6z\u00f6tt:<\/p>\n\n\n\n<ul>\n<li><strong>Szinkroniz\u00e1lt ritmusok:<\/strong> Seg\u00edt jav\u00edtani a koordin\u00e1ci\u00f3t \u00e9s az agilit\u00e1st.<\/li>\n\n\n\n<li><strong>R\u00f6vid foglalkoz\u00e1sok:<\/strong> Ide\u00e1lis azokra a napokra, amikor kev\u00e9s az id\u0151.<\/li>\n\n\n\n<li><strong>Val\u00f3s idej\u0171 statisztik\u00e1k:<\/strong> Azonnal figyeld a mozg\u00e1saidat \u00e9s a fejl\u0151d\u00e9sedet.<\/li>\n\n\n\n<li><strong>Kompatibilit\u00e1s:<\/strong> Mobileszk\u00f6z\u00f6k\u00f6n \u00e9s viselhet\u0151 eszk\u00f6z\u00f6k\u00f6n is m\u0171k\u00f6dik a pontosabb k\u00f6vet\u00e9s \u00e9rdek\u00e9ben.<\/li>\n<\/ul>\n\n\n\n<p>Mindegyik alkalmaz\u00e1s \u00fagy lett kialak\u00edtva, hogy kieg\u00e9sz\u00edtse az edz\u00e9sedet, \u00e9s biztos\u00edtsa, hogy minden Zumba edz\u00e9s sz\u00f3rakoztat\u00f3 \u00e9s hat\u00e9kony legyen.<\/p>\n\n\n\n<h2 class=\"wp-block-heading\">Strat\u00e9gi\u00e1k a Zumb\u00e1val el\u00e9rt eredm\u00e9nyek maximaliz\u00e1l\u00e1s\u00e1ra<\/h2>\n\n\n\n<p>A Zumb\u00e1ban a siker nemcsak a rendszeres gyakorl\u00e1son m\u00falik, hanem a kieg\u00e9sz\u00edt\u0151 strat\u00e9gi\u00e1kon is, amelyek optimaliz\u00e1lj\u00e1k az eredm\u00e9nyeket.<\/p>\n\n\n\n<p>\u00cdme n\u00e9h\u00e1ny aj\u00e1nl\u00e1s:<\/p>\n\n\n\n<h3 class=\"wp-block-heading\">K\u00e9pz\u00e9stervez\u00e9s<\/h3>\n\n\n\n<ul>\n<li><strong>Heti napt\u00e1r:<\/strong> Szervezd meg az edz\u00e9seidet, \u00e9s hat\u00e1rozz meg pihen\u0151napokat a t\u00falterhel\u00e9s elker\u00fcl\u00e9se \u00e9rdek\u00e9ben.<\/li>\n\n\n\n<li><strong>Diverzifik\u00e1ci\u00f3:<\/strong> V\u00e1ltogasd a k\u00fcl\u00f6nb\u00f6z\u0151 t\u00edpus\u00fa \u00f3r\u00e1kat, hogy a tested k\u00fcl\u00f6nb\u00f6z\u0151 ter\u00fcleteit megdolgoztasd.<\/li>\n\n\n\n<li><strong>\u00c1lland\u00f3 \u00e9rt\u00e9kel\u00e9s:<\/strong> K\u00f6vesd nyomon a fejl\u0151d\u00e9sedet, \u00e9s minden h\u00f3napban m\u00f3dos\u00edtsd a c\u00e9ljaidat.<\/li>\n<\/ul>\n\n\n\n<h3 class=\"wp-block-heading\">\u00c9trend \u00e9s eg\u00e9szs\u00e9ges \u00e9letm\u00f3d<\/h3>\n\n\n\n<ul>\n<li><strong>Kiegyens\u00falyozott t\u00e1pl\u00e1lkoz\u00e1s:<\/strong> A kiegyens\u00falyozott \u00e9trend fokozza az eredm\u00e9nyeket \u00e9s megadja a sz\u00fcks\u00e9ges energi\u00e1t.<\/li>\n\n\n\n<li><strong>Hidrat\u00e1ci\u00f3:<\/strong> L\u00e9tfontoss\u00e1g\u00fa a teljes\u00edtm\u00e9ny fenntart\u00e1sa a Zumba \u00f3r\u00e1k alatt.<\/li>\n\n\n\n<li><strong>Pihentet\u0151 alv\u00e1s:<\/strong> A j\u00f3 \u00e9jszakai alv\u00e1s elengedhetetlen az izmok regener\u00e1l\u00f3d\u00e1s\u00e1hoz \u00e9s az \u00e1ltal\u00e1nos j\u00f3l\u00e9thez.<\/li>\n\n\n\n<li><strong>Pihen\u00e9s:<\/strong> Az olyan tev\u00e9kenys\u00e9gek, mint a medit\u00e1ci\u00f3, seg\u00edthetnek fenntartani a ment\u00e1lis \u00e9s \u00e9rzelmi egyens\u00falyt.<\/li>\n<\/ul>\n\n\n\n<h3 class=\"wp-block-heading\">A k\u00f6vetkezetess\u00e9g fontoss\u00e1ga<\/h3>\n\n\n\n<p>B\u00e1rmely fizikai tev\u00e9kenys\u00e9gben a siker a fegyelemen \u00e9s a kitart\u00e1son alapul.<\/p>\n\n\n\n<p>A pozit\u00edv \u00e9s kitart\u00f3 gondolkod\u00e1sm\u00f3d elsaj\u00e1t\u00edt\u00e1sa elengedhetetlen a c\u00e9ljaid el\u00e9r\u00e9s\u00e9hez \u00e9s az \u00e9leted megv\u00e1ltoztat\u00e1s\u00e1hoz.<\/p>\n\n\n\n<ul>\n<li><strong>Egy\u00e9rtelm\u0171 c\u00e9lok:<\/strong> Hat\u00e1rozzon meg r\u00f6vid, k\u00f6z\u00e9p \u00e9s hossz\u00fa t\u00e1v\u00fa c\u00e9lokat.<\/li>\n\n\n\n<li><strong>Halad\u00e1sk\u00f6vet\u00e9s:<\/strong> Haszn\u00e1lj alkalmaz\u00e1sokat vagy edz\u00e9snapl\u00f3kat a halad\u00e1sod vizualiz\u00e1l\u00e1s\u00e1ra.<\/li>\n\n\n\n<li><strong>Szoci\u00e1lis t\u00e1mogat\u00e1s:<\/strong> Csatlakozz Zumba k\u00f6z\u00f6ss\u00e9gekhez vagy csoportokhoz, hogy tippeket \u00e9s motiv\u00e1ci\u00f3t kapj.<\/li>\n<\/ul>\n\n\n\n<h2 class=\"wp-block-heading\">Sikert\u00f6rt\u00e9netek \u00e9s val\u00f3di aj\u00e1nl\u00e1sok<\/h2>\n\n\n\n<p>T\u00f6bb ezer ember tapasztalata, akik elkezdt\u00e9k a Zumb\u00e1t, al\u00e1t\u00e1masztja annak hat\u00e9konys\u00e1g\u00e1t \u00e9s el\u0151nyeit.<\/p>\n\n\n\n<p>\u00cdme n\u00e9h\u00e1ny aj\u00e1nl\u00e1s, amely illusztr\u00e1lja e tev\u00e9kenys\u00e9g pozit\u00edv hat\u00e1s\u00e1t:<\/p>\n\n\n\n<ul>\n<li><strong>M\u00e1ria, 65 \u00e9ves:<\/strong> &quot;K\u00f6sz\u00f6net \u00e9rte <strong>Zumba<\/strong>\u201eEnergikusabbnak \u00e9rzem magam, \u00e9s javult az \u00e1ltal\u00e1nos eg\u00e9szs\u00e9gi \u00e1llapotom. Elk\u00e9peszt\u0151, hogy egy ilyen sz\u00f3rakoztat\u00f3 tev\u00e9kenys\u00e9g mennyire megv\u00e1ltoztathatja az \u00e9letedet.\u201d<\/li>\n\n\n\n<li><strong>Juan, 40 \u00e9ves:<\/strong> \u201eA Zumba be\u00e9p\u00edt\u00e9se a rutinomba seg\u00edtett a fogy\u00e1sban \u00e9s abban, hogy csod\u00e1latos emberekkel ismerkedjek meg. Az \u00f3r\u00e1k dinamikusak, \u00e9s mindig t\u00f6bbet akarok t\u0151le.\u201d<\/li>\n\n\n\n<li><strong>Luisa, 52 \u00e9ves:<\/strong> \u201eA Zumb\u00e1val minden alkalom egy buli. A zene, a ritmus \u00e9s a hangulat arra \u00f6szt\u00f6n\u00f6z, hogy kitartsak \u00e9s vigy\u00e1zzak a k\u00f6z\u00e9rzetemre.\u201d<\/li>\n<\/ul>\n\n\n\n<p>Ezek a t\u00f6rt\u00e9netek bizony\u00edtj\u00e1k, hogy kort\u00f3l f\u00fcggetlen\u00fcl a Zumba ide\u00e1lis v\u00e1laszt\u00e1s egy akt\u00edvabb \u00e9s eg\u00e9szs\u00e9gesebb \u00e9let el\u00e9r\u00e9s\u00e9hez.<\/p>\n\n\n\n<h2 class=\"wp-block-heading\">A Zumba be\u00e9p\u00edt\u00e9se a mindennapokba<\/h2>\n\n\n\n<p>A Zumba be\u00e9p\u00edt\u00e9se az \u00e9letm\u00f3dodba kulcsfontoss\u00e1g\u00fa lehet az eg\u00e9szs\u00e9ged \u00e9s a j\u00f3l\u00e9ted megv\u00e1ltoztat\u00e1s\u00e1hoz.<\/p>\n\n\n\n<p>Ez a fajta k\u00e9pz\u00e9s rugalmas \u00e9s alkalmazkodik az \u00d6n ig\u00e9nyeihez, ak\u00e1r otthon, ak\u00e1r egy speci\u00e1lis k\u00f6zpontban.<\/p>\n\n\n\n<h3 class=\"wp-block-heading\">Tippek, hogy a legt\u00f6bbet hozd ki a Zumba \u00f3r\u00e1idb\u00f3l<\/h3>\n\n\n\n<ul>\n<li><strong>Teremtsen megfelel\u0151 teret:<\/strong> Ha otthon fogsz gyakorolni, gy\u0151z\u0151dj meg r\u00f3la, hogy van el\u00e9g helyed \u00e9s biztons\u00e1god.<\/li>\n\n\n\n<li><strong>Szerelkezz fel helyesen:<\/strong> Fektess be egy j\u00f3 p\u00e1r sportcip\u0151be \u00e9s l\u00e9g\u00e1tereszt\u0151 ruh\u00e1zatba, hogy optimaliz\u00e1ld a mozg\u00e1sodat.<\/li>\n\n\n\n<li><strong>Tev\u00e9kenys\u00e9gek kombin\u00e1l\u00e1sa:<\/strong> Eg\u00e9sz\u00edtse ki a Zumba \u00f3r\u00e1it ny\u00fajt\u00f3- vagy j\u00f3gagyakorlatokkal a s\u00e9r\u00fcl\u00e9sek megel\u0151z\u00e9se \u00e9rdek\u00e9ben.<\/li>\n\n\n\n<li><strong>\u00c9rt\u00e9keld az eredm\u00e9nyeidet:<\/strong> Rendszeresen v\u00e9gezz \u00f6n\u00e9rt\u00e9kel\u00e9st, \u00e9s a saj\u00e1t ig\u00e9nyeidhez \u00e9s c\u00e9ljaidhoz igaz\u00edtsd a rutinodat.<\/li>\n<\/ul>\n\n\n\n<h2 class=\"wp-block-heading\">Kezdje el utaz\u00e1s\u00e1t most<\/h2>\n\n\n\n<p>Elj\u00f6tt az id\u0151, hogy \u00e1talak\u00edtsd az \u00e9leted az\u00e1ltal, <strong>Zumba<\/strong>.<\/p>\n\n\n\n<p>Ebben a cikkben megismerkedhett\u00e9l a sz\u00e1mos el\u0151ny\u00e9vel, \u00e9s azzal, hogyan \u00e9p\u00edtheted be a mindennapjaidba, hogy jav\u00edtsd mind a fizikai, mind a ment\u00e1lis eg\u00e9szs\u00e9gedet.<\/p>\n\n\n\n<p>Ismerd meg az aj\u00e1nlott alkalmaz\u00e1sokat, \u00e9s v\u00e1laszd ki azt, amelyik a legjobban megfelel az ig\u00e9nyeidnek.<\/p>\n\n\n\n<p>Ne v\u00e1rj tov\u00e1bb, kezdj el egy akt\u00edv, sz\u00f3rakoztat\u00f3 \u00e9s eg\u00e9szs\u00e9ges \u00e9letm\u00f3dot.<\/p>\n\n\n\n<h3 class=\"wp-block-heading\">Cselekv\u00e9sre \u00f6szt\u00f6nz\u00e9s<\/h3>\n\n\n\n<ul>\n<li><strong>T\u00f6ltsd le most a Zumba Fitness alkalmaz\u00e1st<\/strong> \u00e9s kezdj el interakt\u00edv \u00f3r\u00e1kat venni min\u0151s\u00edtett oktat\u00f3kkal.<\/li>\n\n\n\n<li><strong>Csatlakozz a Zumba t\u00e1nckih\u00edv\u00e1shoz<\/strong> hogy szemben\u00e9zz a mindennapi kih\u00edv\u00e1sokkal \u00e9s a motiv\u00e1ci\u00f3dat a cs\u00facson tartsd.<\/li>\n\n\n\n<li><strong>Pr\u00f3b\u00e1ld ki a Zumba Step &amp; Beat-et<\/strong> \u00e9s jav\u00edtsd a koordin\u00e1ci\u00f3dat \u00e9s a ritmustud\u00e1sodat, mik\u00f6zben minden alkalommal j\u00f3l \u00e9rzed magad.<\/li>\n<\/ul>\n\n\n\n<p>Kezdd el az \u00e1talakul\u00e1st m\u00e9g ma, \u00e9s csatlakozz ahhoz a k\u00f6z\u00f6ss\u00e9ghez, akik m\u00e1r most is \u00e9lvezik a Zumb\u00e1t!<\/p>\n\n\n\n<p>A j\u00f3l\u00e9ted \u00e9s a boldogs\u00e1god csak egy kattint\u00e1snyira van. Ne habozz tov\u00e1bb, \u00e9s t\u00f6ltsd le az alkalmaz\u00e1st, amely megv\u00e1ltoztatja az \u00e9leted!<\/p>\n\n\n\n<h3 class=\"wp-block-heading\"><mark class=\"has-inline-color has-luminous-vivid-amber-color\"><strong>T\u00f6ltse le az alkalmaz\u00e1sokat<\/strong>.<\/mark><\/h3>\n\n\n\n<ul>\n<li class=\"has-medium-font-size\"><strong><strong>Zumba Fitness Alkalmaz\u00e1s<\/strong>  &#8211; <a href=\"https:\/\/www.zumba.com\/pt-BR\/app\/subscription\">Android <\/a>\/ <a href=\"https:\/\/apps.apple.com\/br\/app\/zumba-dance-exercicios-em-casa\/id6447769025\">iOS<\/a><\/strong><\/li>\n\n\n\n<li class=\"has-medium-font-size\"><strong>Zumba t\u00e1nckih\u00edv\u00e1s<\/strong> <strong>&#8211; <a href=\"https:\/\/zumba-dance-fitness.br.uptodown.com\/android\/download\">Android<\/a><\/strong><\/li>\n\n\n\n<li class=\"has-medium-font-size\"><strong><strong>Zumba Step &amp; Beat<\/strong>  &#8211; <a href=\"https:\/\/zumba.en.uptodown.com\/android\">Android<\/a><\/strong><\/li>\n<\/ul>\n\n\n\n<p><\/p>","protected":false},"excerpt":{"rendered":"<p>Zumba es mucho m\u00e1s que un ejercicio; es una forma de vida. Descubre en este art\u00edculo c\u00f3mo Zumba transforma tu rutina diaria. Conoce los secretos detr\u00e1s de esta actividad y los beneficios que te ofrece. Equipo de soporte Explora las aplicaciones a continuaci\u00f3n o contacta a nuestro equipo de soporte, ind\u00edcanos el tipo de perfil [&hellip;]<\/p>","protected":false},"author":139,"featured_media":9038,"comment_status":"closed","ping_status":"open","sticky":false,"template":"","format":"standard","meta":{"footnotes":""},"categories":[2],"tags":[2045,2076,2077,2075,1570],"yoast_head":"<!-- This site is optimized with the Yoast SEO plugin v23.3 - https:\/\/yoast.com\/wordpress\/plugins\/seo\/ -->\n<title>Zumba: Bailando hacia un estilo de vida saludable - Universo Fam\u00edlia<\/title>\n<meta name=\"description\" content=\"Zumba: Bailando hacia un estilo de vida saludable. Zumba es mucho m\u00e1s que un ejercicio; es una forma de vida.Descubre...\" \/>\n<meta name=\"robots\" content=\"index, follow, max-snippet:-1, max-image-preview:large, max-video-preview:-1\" \/>\n<link rel=\"canonical\" href=\"http:\/\/universofamilia.com\/hu\/\u5c0a\u5df4\u821e\u52a9\u529b\u5065\u5eb7\u751f\u6d3b\u65b9\u5f0f\/\" \/>\n<meta property=\"og:locale\" content=\"hu_HU\" \/>\n<meta property=\"og:type\" content=\"article\" \/>\n<meta property=\"og:title\" content=\"Zumba: Bailando hacia un estilo de vida saludable - Universo Fam\u00edlia\" \/>\n<meta property=\"og:description\" content=\"Zumba: Bailando hacia un estilo de vida saludable. Zumba es mucho m\u00e1s que un ejercicio; es una forma de vida.Descubre...\" \/>\n<meta property=\"og:url\" content=\"http:\/\/universofamilia.com\/hu\/\u5c0a\u5df4\u821e\u52a9\u529b\u5065\u5eb7\u751f\u6d3b\u65b9\u5f0f\/\" \/>\n<meta property=\"og:site_name\" content=\"Universo Fam\u00edlia\" \/>\n<meta property=\"article:published_time\" content=\"2025-03-21T19:06:24+00:00\" \/>\n<meta property=\"article:modified_time\" content=\"2025-03-21T19:17:36+00:00\" \/>\n<meta property=\"og:image\" content=\"http:\/\/universofamilia.com\/wp-content\/uploads\/sites\/148\/2025\/03\/DESTAQUE-UNIVERSO-550-x-350-10.jpg\" \/>\n\t<meta property=\"og:image:width\" content=\"550\" \/>\n\t<meta property=\"og:image:height\" content=\"350\" \/>\n\t<meta property=\"og:image:type\" content=\"image\/jpeg\" \/>\n<meta name=\"author\" content=\"Pedro Henrique\" \/>\n<meta name=\"twitter:card\" content=\"summary_large_image\" \/>\n<meta name=\"twitter:label1\" content=\"Written by\" \/>\n\t<meta name=\"twitter:data1\" content=\"Pedro Henrique\" \/>\n\t<meta name=\"twitter:label2\" content=\"Est. reading time\" \/>\n\t<meta name=\"twitter:data2\" content=\"9 perc\" \/>\n<script type=\"application\/ld+json\" class=\"yoast-schema-graph\">{\"@context\":\"https:\/\/schema.org\",\"@graph\":[{\"@type\":\"WebPage\",\"@id\":\"http:\/\/universofamilia.com\/zh\/\u5c0a\u5df4\u821e\u52a9\u529b\u5065\u5eb7\u751f\u6d3b\u65b9\u5f0f\/\",\"url\":\"http:\/\/universofamilia.com\/zh\/\u5c0a\u5df4\u821e\u52a9\u529b\u5065\u5eb7\u751f\u6d3b\u65b9\u5f0f\/\",\"name\":\"Zumba: Bailando hacia un estilo de vida saludable - Universo Fam\u00edlia\",\"isPartOf\":{\"@id\":\"https:\/\/universofamilia.com\/el\/#website\"},\"primaryImageOfPage\":{\"@id\":\"http:\/\/universofamilia.com\/zh\/\u5c0a\u5df4\u821e\u52a9\u529b\u5065\u5eb7\u751f\u6d3b\u65b9\u5f0f\/#primaryimage\"},\"image\":{\"@id\":\"http:\/\/universofamilia.com\/zh\/\u5c0a\u5df4\u821e\u52a9\u529b\u5065\u5eb7\u751f\u6d3b\u65b9\u5f0f\/#primaryimage\"},\"thumbnailUrl\":\"http:\/\/universofamilia.com\/wp-content\/uploads\/sites\/148\/2025\/03\/DESTAQUE-UNIVERSO-550-x-350-10.jpg\",\"datePublished\":\"2025-03-21T19:06:24+00:00\",\"dateModified\":\"2025-03-21T19:17:36+00:00\",\"author\":{\"@id\":\"https:\/\/universofamilia.com\/el\/#\/schema\/person\/f07ce98187dd84d31154262e79b3b7ca\"},\"description\":\"Zumba: Bailando hacia un estilo de vida saludable. Zumba es mucho m\u00e1s que un ejercicio; es una forma de vida.Descubre...\",\"breadcrumb\":{\"@id\":\"http:\/\/universofamilia.com\/zh\/\u5c0a\u5df4\u821e\u52a9\u529b\u5065\u5eb7\u751f\u6d3b\u65b9\u5f0f\/#breadcrumb\"},\"inLanguage\":\"hu\",\"potentialAction\":[{\"@type\":\"ReadAction\",\"target\":[\"http:\/\/universofamilia.com\/zh\/\u5c0a\u5df4\u821e\u52a9\u529b\u5065\u5eb7\u751f\u6d3b\u65b9\u5f0f\/\"]}]},{\"@type\":\"ImageObject\",\"inLanguage\":\"hu\",\"@id\":\"http:\/\/universofamilia.com\/zh\/\u5c0a\u5df4\u821e\u52a9\u529b\u5065\u5eb7\u751f\u6d3b\u65b9\u5f0f\/#primaryimage\",\"url\":\"http:\/\/universofamilia.com\/wp-content\/uploads\/sites\/148\/2025\/03\/DESTAQUE-UNIVERSO-550-x-350-10.jpg\",\"contentUrl\":\"http:\/\/universofamilia.com\/wp-content\/uploads\/sites\/148\/2025\/03\/DESTAQUE-UNIVERSO-550-x-350-10.jpg\",\"width\":550,\"height\":350,\"caption\":\"Zumba: Bailando hacia un estilo de vida saludable\"},{\"@type\":\"BreadcrumbList\",\"@id\":\"http:\/\/universofamilia.com\/zh\/\u5c0a\u5df4\u821e\u52a9\u529b\u5065\u5eb7\u751f\u6d3b\u65b9\u5f0f\/#breadcrumb\",\"itemListElement\":[{\"@type\":\"ListItem\",\"position\":1,\"name\":\"Home\",\"item\":\"https:\/\/universofamilia.com\/el\/\"},{\"@type\":\"ListItem\",\"position\":2,\"name\":\"Zumba: Bailando hacia un estilo de vida saludable\"}]},{\"@type\":\"WebSite\",\"@id\":\"https:\/\/universofamilia.com\/el\/#website\",\"url\":\"https:\/\/universofamilia.com\/el\/\",\"name\":\"Universo Fam\u00edlia\",\"description\":\"\",\"potentialAction\":[{\"@type\":\"SearchAction\",\"target\":{\"@type\":\"EntryPoint\",\"urlTemplate\":\"https:\/\/universofamilia.com\/el\/?s={search_term_string}\"},\"query-input\":\"required name=search_term_string\"}],\"inLanguage\":\"hu\"},{\"@type\":\"Person\",\"@id\":\"https:\/\/universofamilia.com\/el\/#\/schema\/person\/f07ce98187dd84d31154262e79b3b7ca\",\"name\":\"Pedro Henrique\",\"image\":{\"@type\":\"ImageObject\",\"inLanguage\":\"hu\",\"@id\":\"https:\/\/universofamilia.com\/el\/#\/schema\/person\/image\/\",\"url\":\"http:\/\/0.gravatar.com\/avatar\/9edfeb808cb4e1599f64d6e45b130154?s=96&d=mm&r=g\",\"contentUrl\":\"http:\/\/0.gravatar.com\/avatar\/9edfeb808cb4e1599f64d6e45b130154?s=96&d=mm&r=g\",\"caption\":\"Pedro Henrique\"},\"url\":\"http:\/\/universofamilia.com\/hu\/author\/editor01\/\"}]}<\/script>\n<!-- \/ Yoast SEO plugin. -->","yoast_head_json":{"title":"Zumba: Bailando hacia un estilo de vida saludable - Universo Fam\u00edlia","description":"Zumba: Bailando hacia un estilo de vida saludable. Zumba es mucho m\u00e1s que un ejercicio; es una forma de vida.Descubre...","robots":{"index":"index","follow":"follow","max-snippet":"max-snippet:-1","max-image-preview":"max-image-preview:large","max-video-preview":"max-video-preview:-1"},"canonical":"http:\/\/universofamilia.com\/hu\/\u5c0a\u5df4\u821e\u52a9\u529b\u5065\u5eb7\u751f\u6d3b\u65b9\u5f0f\/","og_locale":"hu_HU","og_type":"article","og_title":"Zumba: Bailando hacia un estilo de vida saludable - Universo Fam\u00edlia","og_description":"Zumba: Bailando hacia un estilo de vida saludable. Zumba es mucho m\u00e1s que un ejercicio; es una forma de vida.Descubre...","og_url":"http:\/\/universofamilia.com\/hu\/\u5c0a\u5df4\u821e\u52a9\u529b\u5065\u5eb7\u751f\u6d3b\u65b9\u5f0f\/","og_site_name":"Universo Fam\u00edlia","article_published_time":"2025-03-21T19:06:24+00:00","article_modified_time":"2025-03-21T19:17:36+00:00","og_image":[{"width":550,"height":350,"url":"http:\/\/universofamilia.com\/wp-content\/uploads\/sites\/148\/2025\/03\/DESTAQUE-UNIVERSO-550-x-350-10.jpg","type":"image\/jpeg"}],"author":"Pedro Henrique","twitter_card":"summary_large_image","twitter_misc":{"Written by":"Pedro Henrique","Est. reading time":"9 perc"},"schema":{"@context":"https:\/\/schema.org","@graph":[{"@type":"WebPage","@id":"http:\/\/universofamilia.com\/zh\/\u5c0a\u5df4\u821e\u52a9\u529b\u5065\u5eb7\u751f\u6d3b\u65b9\u5f0f\/","url":"http:\/\/universofamilia.com\/zh\/\u5c0a\u5df4\u821e\u52a9\u529b\u5065\u5eb7\u751f\u6d3b\u65b9\u5f0f\/","name":"Zumba: Bailando hacia un estilo de vida saludable - Universo Fam\u00edlia","isPartOf":{"@id":"https:\/\/universofamilia.com\/el\/#website"},"primaryImageOfPage":{"@id":"http:\/\/universofamilia.com\/zh\/\u5c0a\u5df4\u821e\u52a9\u529b\u5065\u5eb7\u751f\u6d3b\u65b9\u5f0f\/#primaryimage"},"image":{"@id":"http:\/\/universofamilia.com\/zh\/\u5c0a\u5df4\u821e\u52a9\u529b\u5065\u5eb7\u751f\u6d3b\u65b9\u5f0f\/#primaryimage"},"thumbnailUrl":"http:\/\/universofamilia.com\/wp-content\/uploads\/sites\/148\/2025\/03\/DESTAQUE-UNIVERSO-550-x-350-10.jpg","datePublished":"2025-03-21T19:06:24+00:00","dateModified":"2025-03-21T19:17:36+00:00","author":{"@id":"https:\/\/universofamilia.com\/el\/#\/schema\/person\/f07ce98187dd84d31154262e79b3b7ca"},"description":"Zumba: Bailando hacia un estilo de vida saludable. Zumba es mucho m\u00e1s que un ejercicio; es una forma de vida.Descubre...","breadcrumb":{"@id":"http:\/\/universofamilia.com\/zh\/\u5c0a\u5df4\u821e\u52a9\u529b\u5065\u5eb7\u751f\u6d3b\u65b9\u5f0f\/#breadcrumb"},"inLanguage":"hu","potentialAction":[{"@type":"ReadAction","target":["http:\/\/universofamilia.com\/zh\/\u5c0a\u5df4\u821e\u52a9\u529b\u5065\u5eb7\u751f\u6d3b\u65b9\u5f0f\/"]}]},{"@type":"ImageObject","inLanguage":"hu","@id":"http:\/\/universofamilia.com\/zh\/\u5c0a\u5df4\u821e\u52a9\u529b\u5065\u5eb7\u751f\u6d3b\u65b9\u5f0f\/#primaryimage","url":"http:\/\/universofamilia.com\/wp-content\/uploads\/sites\/148\/2025\/03\/DESTAQUE-UNIVERSO-550-x-350-10.jpg","contentUrl":"http:\/\/universofamilia.com\/wp-content\/uploads\/sites\/148\/2025\/03\/DESTAQUE-UNIVERSO-550-x-350-10.jpg","width":550,"height":350,"caption":"Zumba: Bailando hacia un estilo de vida saludable"},{"@type":"BreadcrumbList","@id":"http:\/\/universofamilia.com\/zh\/\u5c0a\u5df4\u821e\u52a9\u529b\u5065\u5eb7\u751f\u6d3b\u65b9\u5f0f\/#breadcrumb","itemListElement":[{"@type":"ListItem","position":1,"name":"Home","item":"https:\/\/universofamilia.com\/el\/"},{"@type":"ListItem","position":2,"name":"Zumba: Bailando hacia un estilo de vida saludable"}]},{"@type":"WebSite","@id":"https:\/\/universofamilia.com\/el\/#website","url":"https:\/\/universofamilia.com\/el\/","name":"Universo Fam\u00edlia","description":"","potentialAction":[{"@type":"SearchAction","target":{"@type":"EntryPoint","urlTemplate":"https:\/\/universofamilia.com\/el\/?s={search_term_string}"},"query-input":"required name=search_term_string"}],"inLanguage":"hu"},{"@type":"Person","@id":"https:\/\/universofamilia.com\/el\/#\/schema\/person\/f07ce98187dd84d31154262e79b3b7ca","name":"Pedro Henrique","image":{"@type":"ImageObject","inLanguage":"hu","@id":"https:\/\/universofamilia.com\/el\/#\/schema\/person\/image\/","url":"http:\/\/0.gravatar.com\/avatar\/9edfeb808cb4e1599f64d6e45b130154?s=96&d=mm&r=g","contentUrl":"http:\/\/0.gravatar.com\/avatar\/9edfeb808cb4e1599f64d6e45b130154?s=96&d=mm&r=g","caption":"Pedro Henrique"},"url":"http:\/\/universofamilia.com\/hu\/author\/editor01\/"}]}},"_links":{"self":[{"href":"http:\/\/universofamilia.com\/hu\/wp-json\/wp\/v2\/posts\/9037"}],"collection":[{"href":"http:\/\/universofamilia.com\/hu\/wp-json\/wp\/v2\/posts"}],"about":[{"href":"http:\/\/universofamilia.com\/hu\/wp-json\/wp\/v2\/types\/post"}],"author":[{"embeddable":true,"href":"http:\/\/universofamilia.com\/hu\/wp-json\/wp\/v2\/users\/139"}],"replies":[{"embeddable":true,"href":"http:\/\/universofamilia.com\/hu\/wp-json\/wp\/v2\/comments?post=9037"}],"version-history":[{"count":6,"href":"http:\/\/universofamilia.com\/hu\/wp-json\/wp\/v2\/posts\/9037\/revisions"}],"predecessor-version":[{"id":9054,"href":"http:\/\/universofamilia.com\/hu\/wp-json\/wp\/v2\/posts\/9037\/revisions\/9054"}],"wp:featuredmedia":[{"embeddable":true,"href":"http:\/\/universofamilia.com\/hu\/wp-json\/wp\/v2\/media\/9038"}],"wp:attachment":[{"href":"http:\/\/universofamilia.com\/hu\/wp-json\/wp\/v2\/media?parent=9037"}],"wp:term":[{"taxonomy":"category","embeddable":true,"href":"http:\/\/universofamilia.com\/hu\/wp-json\/wp\/v2\/categories?post=9037"},{"taxonomy":"post_tag","embeddable":true,"href":"http:\/\/universofamilia.com\/hu\/wp-json\/wp\/v2\/tags?post=9037"}],"curies":[{"name":"wp","href":"https:\/\/api.w.org\/{rel}","templated":true}]}}