{"id":9057,"date":"2025-03-22T19:59:44","date_gmt":"2025-03-22T19:59:44","guid":{"rendered":"https:\/\/universofamilia.com\/?p=9057"},"modified":"2025-04-07T18:36:17","modified_gmt":"2025-04-07T18:36:17","slug":"tu-archivo-de-memoria-restaurado-con-un-solo-toque","status":"publish","type":"post","link":"http:\/\/universofamilia.com\/hu\/tu-archivo-de-memoria-restaurado-con-un-solo-toque\/","title":{"rendered":"Az eml\u00e9kf\u00e1jl egyetlen koppint\u00e1ssal vissza\u00e1ll\u00edthat\u00f3"},"content":{"rendered":"<p><strong>Az eml\u00e9kf\u00e1jl egyetlen koppint\u00e1ssal vissza\u00e1ll\u00edthat\u00f3<\/strong> Ide\u00e1lis megold\u00e1s a felejthetetlen pillanatok \u00e9s fontos adatok gyors \u00e9s egyszer\u0171 helyre\u00e1ll\u00edt\u00e1s\u00e1ra.<\/p>\n\n\n\n<p><\/p>\n\n\n\n<hr class=\"wp-block-separator has-alpha-channel-opacity is-style-wide\" \/>\n\n\n\n<p class=\"has-text-align-center\">Fedezze fel a k\u00f6vetkez\u0151 lehet\u0151s\u00e9geket a t\u00e9m\u00e1hoz kapcsol\u00f3d\u00f3an <strong>t\u00f6r\u00f6lt fot\u00f3k helyre\u00e1ll\u00edt\u00e1sa<\/strong>.<\/p>\n\n\n    <section class=\"mx-1 my-10\">\n                                                <a href=\"http:\/\/universofamilia.com\/hu\/recupera-cualquier-foto-perdida-con-este-aplicativo\/\" class=\"text-white\" data-analytics-label=\"optionsButton\"\n                    data-action=\"analytics#trackCTA\">\n                    <div data-options-target=\"option\"\n                        class=\"custom-section rounded-xl border p-3 shadow-md w-full bg-green-700 my-3\">\n                        <div class=\"flex w-full items-center justify-between\">\n                            <div class=\"flex items-center space-x-3\">\n                                <div class=\"text-lg font-bold\">\n                                    R\u00c9GI FOT\u00d3K HELYRE\u00c1LL\u00cdT\u00c1SA \u279d\n                                <\/div>\n                            <\/div>\n                        <\/div>\n                    <\/div>\n                <\/a>\n                                                            <a href=\"http:\/\/universofamilia.com\/hu\/lp-recupera-cualquier-foto-perdida\/\" class=\"text-white\" data-analytics-label=\"optionsButton\"\n                    data-action=\"analytics#trackCTA\">\n                    <div data-options-target=\"option\"\n                        class=\"custom-section rounded-xl border p-3 shadow-md w-full bg-green-700 my-3\">\n                        <div class=\"flex w-full items-center justify-between\">\n                            <div class=\"flex items-center space-x-3\">\n                                <div class=\"text-lg font-bold\">\n                                    HOZZ\u00c1F\u00c9R\u00c9S A REJTETT SZEM\u00c9THEZ \u279d\n                                <\/div>\n                            <\/div>\n                        <\/div>\n                    <\/div>\n                <\/a>\n                                                            <a href=\"http:\/\/universofamilia.com\/hu\/lp-recuperar-fotos\/\" class=\"text-white\" data-analytics-label=\"optionsButton\"\n                    data-action=\"analytics#trackCTA\">\n                    <div data-options-target=\"option\"\n                        class=\"custom-section rounded-xl border p-3 shadow-md w-full bg-green-700 my-3\">\n                        <div class=\"flex w-full items-center justify-between\">\n                            <div class=\"flex items-center space-x-3\">\n                                <div class=\"text-lg font-bold\">\n                                    HELYRE\u00c1LL\u00cdTSA FOT\u00d3IT \u279d\n                                <\/div>\n                            <\/div>\n                        <\/div>\n                    <\/div>\n                <\/a>\n                            <p class=\"text-xs text-gray-500 text-right hidden\"\n            style=\"margin-left: 50%; margin-bottom: 50px; margin-top: 5px;\">\n            <!-- You will be redirected to another website -->\n        <\/p>\n    <\/section>\n\n\n\n\n<p class=\"has-text-align-right\"><em><strong><em><strong><em><strong><em><strong><em><strong><em><strong><em><strong><em><strong><em><strong><em><strong>Ugyanott fog maradni!<\/strong><\/em><\/strong><\/em><\/strong><\/em><\/strong><\/em><\/strong><\/em><\/strong><\/em><\/strong><\/em><\/strong><\/em><\/strong><\/em><\/strong><\/em><\/p>\n\n\n\n<hr class=\"wp-block-separator has-alpha-channel-opacity is-style-wide\" \/>\n\n\n\n<p><\/p>\n\n\n\n<p>Ismerje meg, hogyan \u00e1ll\u00edthatja vissza biztons\u00e1gosan a f\u00e1jlokat komplik\u00e1ci\u00f3k n\u00e9lk\u00fcl.<\/p>\n\n\n\n<p>A mai technol\u00f3gia hat\u00e9kony eszk\u00f6z\u00f6ket k\u00edn\u00e1l sz\u00e1munkra az elveszett adatok helyre\u00e1ll\u00edt\u00e1s\u00e1hoz.<\/p>\n\n\n\n<p>Ebben a cikkben megtudhatod, hogyan haszn\u00e1lhatsz olyan alkalmaz\u00e1sokat, amelyek seg\u00edtenek vissza\u00e1ll\u00edtani a digit\u00e1lis mem\u00f3ri\u00e1dat.<\/p>\n\n\n\n<p>Megtanulod a speci\u00e1lis alkalmaz\u00e1sok haszn\u00e1lat\u00e1nak el\u0151nyeit, \u00e9s azt, hogyan v\u00e9dhetnek meg \u00e9rt\u00e9kes eml\u00e9keid elveszt\u00e9s\u00e9t.<\/p>\n\n\n\n<p>Val\u00f3s p\u00e9ld\u00e1kat \u00e9s aj\u00e1nl\u00e1sokat mutatunk be, amelyek megv\u00e1ltoztatj\u00e1k a f\u00e1jlkezel\u00e9s m\u00f3dj\u00e1t.<\/p>\n\n\n\n<p>Az adat-helyre\u00e1ll\u00edt\u00e1si \u00e9lm\u00e9ny m\u00e9g soha nem volt ennyire el\u00e9rhet\u0151.<\/p>\n\n\n\n<p>K\u00e9sz\u00fclj fel digit\u00e1lis \u00e9leted \u00e1talak\u00edt\u00e1s\u00e1ra, \u00e9s \u00e1ll\u00edtsd vissza azokat a f\u00e1jlokat, amelyeket elveszettnek hitt\u00e9l.<\/p>\n\n\n\n<h3 class=\"wp-block-heading\"><mark class=\"has-inline-color has-luminous-vivid-amber-color\"><strong>T\u00e1mogat\u00f3 csapat<\/strong><\/mark><\/h3>\n\n\n\n<p>B\u00f6ng\u00e9szd \u00e1t az al\u00e1bbi jelentkez\u00e9si lapokat, vagy vedd fel a kapcsolatot \u00fcgyf\u00e9lszolg\u00e1latunkkal, tudasd vel\u00fcnk, milyen t\u00edpus\u00fa profilt keresel, \u00e9s mi seg\u00edt\u00fcnk megtal\u00e1lni a sz\u00e1modra t\u00f6k\u00e9letes jelentkez\u00e9st.<\/p>\n\n\n    <section class=\"mx-1 my-10\">\n                                                <a href=\"https:\/\/www.messenger.com\/login.php?\" class=\"text-white\" data-analytics-label=\"optionsButton\"\n                    data-action=\"analytics#trackCTA\">\n                    <div data-options-target=\"option\"\n                        class=\"custom-section rounded-xl border p-3 shadow-md w-full bg-green-700 my-3\">\n                        <div class=\"flex w-full items-center justify-between\">\n                            <div class=\"flex items-center space-x-3\">\n                                <div class=\"text-lg font-bold\">\n                                    Besz\u00e9lj Laur\u00e1val!  \u279d\n                                <\/div>\n                            <\/div>\n                        <\/div>\n                    <\/div>\n                <\/a>\n                            <p class=\"text-xs text-gray-500 text-right\"\n            style=\"margin-left: 50%; margin-bottom: 50px; margin-top: 5px;\">\n            <!-- You will be redirected to another website -->\n        <\/p>\n    <\/section>\n\n\n\n\n<h2 class=\"wp-block-heading\">Az eml\u00e9kf\u00e1jl helyre\u00e1ll\u00edt\u00e1s\u00e1nak fontoss\u00e1ga<\/h2>\n\n\n\n<p>Az adatveszt\u00e9s b\u00e1rmikor bek\u00f6vetkezhet, \u00e9s mind a fontos dokumentumokat, mind a p\u00f3tolhatatlan eml\u00e9keket \u00e9rinti.<\/p>\n\n\n\n<p>Van egy <strong>f\u00e1jl helyre\u00e1ll\u00edt\u00e1s<\/strong> A hat\u00e9kony m\u0171k\u00f6d\u00e9s l\u00e9tfontoss\u00e1g\u00fa az adataid biztons\u00e1g\u00e1nak garant\u00e1l\u00e1sa \u00e9rdek\u00e9ben.<\/p>\n\n\n\n<h3 class=\"wp-block-heading\">A gyors \u00e9s hat\u00e9kony restaur\u00e1ci\u00f3 el\u0151nyei<\/h3>\n\n\n\n<ul>\n<li><strong>Az eml\u00e9kek v\u00e9delme:<\/strong> Megakad\u00e1lyozhatja a fontos f\u00e9nyk\u00e9pek, vide\u00f3k \u00e9s f\u00e1jlok elveszt\u00e9s\u00e9t.<\/li>\n\n\n\n<li><strong>Digit\u00e1lis biztons\u00e1g:<\/strong> V\u00e9dje szem\u00e9lyes adatait a technikai hib\u00e1kt\u00f3l \u00e9s t\u00e1mad\u00e1sokt\u00f3l.<\/li>\n\n\n\n<li><strong>Id\u0151t \u00e9s p\u00e9nzt takar\u00edthat meg:<\/strong> Az egy\u00e9rint\u00e9ses adatment\u00e9s megk\u00edm\u00e9li \u00d6nt a k\u00f6lts\u00e9ges helyre\u00e1ll\u00edt\u00e1si folyamatokt\u00f3l.<\/li>\n\n\n\n<li><strong>K\u00f6nny\u0171 haszn\u00e1lat:<\/strong> A jelenlegi alkalmaz\u00e1sok intuit\u00edvak \u00e9s minden k\u00f6z\u00f6ns\u00e9g sz\u00e1m\u00e1ra el\u00e9rhet\u0151ek.<\/li>\n<\/ul>\n\n\n\n<p>Ezek az el\u0151ny\u00f6k nemcsak megk\u00f6nny\u00edtik az adatkezel\u00e9st, hanem lehet\u0151v\u00e9 teszik a stresszmentes digit\u00e1lis \u00e9let \u00e9lvezet\u00e9t is.<\/p>\n\n\n\n<p>A mem\u00f3ria biztons\u00e1ga egy olyan priorit\u00e1s, amelyet nem szabad al\u00e1becs\u00fclni, mivel minden f\u00e1jl felbecs\u00fclhetetlen \u00e9rt\u00e9k\u0171 lehet.<\/p>\n\n\n\n<p><\/p>\n\n\n\n<hr class=\"wp-block-separator has-alpha-channel-opacity is-style-wide\" \/>\n\n\n\n<h5 class=\"wp-block-heading has-text-align-center\"><strong>Olvasd el ezt is<\/strong><\/h5>\n\n\n    <section class=\"mx-1 my-10\">\n                                                <a href=\"http:\/\/universofamilia.com\/hu\/lp-filmes-asiaticos\/\" class=\"text-white\" data-analytics-label=\"optionsButton\"\n                    data-action=\"analytics#trackCTA\">\n                    <div data-options-target=\"option\"\n                        class=\"custom-section rounded-xl border p-3 shadow-md w-full bg-green-700 my-3\">\n                        <div class=\"flex w-full items-center justify-between\">\n                            <div class=\"flex items-center space-x-3\">\n                                <div class=\"text-lg font-bold\">\n                                    App koreai dr\u00e1m\u00e1k n\u00e9z\u00e9s\u00e9hez \u279d\n                                <\/div>\n                            <\/div>\n                        <\/div>\n                    <\/div>\n                <\/a>\n                                                            <a href=\"http:\/\/universofamilia.com\/hu\/lp-recuperar-fotos\/\" class=\"text-white\" data-analytics-label=\"optionsButton\"\n                    data-action=\"analytics#trackCTA\">\n                    <div data-options-target=\"option\"\n                        class=\"custom-section rounded-xl border p-3 shadow-md w-full bg-green-700 my-3\">\n                        <div class=\"flex w-full items-center justify-between\">\n                            <div class=\"flex items-center space-x-3\">\n                                <div class=\"text-lg font-bold\">\n                                    T\u00f6r\u00f6lt fot\u00f3k helyre\u00e1ll\u00edt\u00e1sa ezzel az alkalmaz\u00e1ssal!  \u279d\n                                <\/div>\n                            <\/div>\n                        <\/div>\n                    <\/div>\n                <\/a>\n                                                            <a href=\"http:\/\/universofamilia.com\/hu\/el-amor-a-un-clic\/\" class=\"text-white\" data-analytics-label=\"optionsButton\"\n                    data-action=\"analytics#trackCTA\">\n                    <div data-options-target=\"option\"\n                        class=\"custom-section rounded-xl border p-3 shadow-md w-full bg-green-700 my-3\">\n                        <div class=\"flex w-full items-center justify-between\">\n                            <div class=\"flex items-center space-x-3\">\n                                <div class=\"text-lg font-bold\">\n                                    Fedezd fel az ide\u00e1lis t\u00e1rskeres\u0151 alkalmaz\u00e1st \u279d\n                                <\/div>\n                            <\/div>\n                        <\/div>\n                    <\/div>\n                <\/a>\n                            <p class=\"text-xs text-gray-500 text-right hidden\"\n            style=\"margin-left: 50%; margin-bottom: 50px; margin-top: 5px;\">\n            <!-- You will be redirected to another website -->\n        <\/p>\n    <\/section>\n\n\n\n\n<p class=\"has-text-align-right\"><em><strong><em><strong><em><strong><em><strong><em><strong>Ugyanott fog maradni!<\/strong><\/em><\/strong><\/em><\/strong><\/em><\/strong><\/em><\/strong><\/em><\/p>\n\n\n\n<hr class=\"wp-block-separator has-alpha-channel-opacity is-style-wide\" \/>\n\n\n\n<p><\/p>\n\n\n\n<h2 class=\"wp-block-heading\">Mi\u00e9rt fontos az eml\u00e9kf\u00e1jlok vissza\u00e1ll\u00edt\u00e1sa?<\/h2>\n\n\n\n<p>A f\u00e1jlok vissza\u00e1ll\u00edt\u00e1sa biztos\u00edtja, hogy egyetlen eml\u00e9k sem vesszen el a digit\u00e1lis m\u00e9lys\u00e9gben.<\/p>\n\n\n\n<p>A modern technol\u00f3gia lehet\u0151v\u00e9 teszi, hogy minim\u00e1lis er\u0151fesz\u00edt\u00e9ssel megmenthesd a fontos f\u00e9nyk\u00e9peket \u00e9s dokumentumokat.<\/p>\n\n\n\n<h3 class=\"wp-block-heading\">A technol\u00f3gia jelent\u0151s\u00e9ge az adatment\u00e9sben<\/h3>\n\n\n\n<ul>\n<li><strong>\u00c1lland\u00f3 innov\u00e1ci\u00f3:<\/strong> Az alkalmaz\u00e1sok folyamatosan friss\u00fclnek, hogy megfeleljenek az \u00faj kih\u00edv\u00e1soknak.<\/li>\n\n\n\n<li><strong>Alkalmazkod\u00f3k\u00e9pess\u00e9g:<\/strong> Minden koroszt\u00e1ly \u00e9s technol\u00f3giai szint sz\u00e1m\u00e1ra tervezett eszk\u00f6z\u00f6k.<\/li>\n\n\n\n<li><strong>Hat\u00e9konys\u00e1g:<\/strong> A helyre\u00e1ll\u00edt\u00e1s m\u00e1sodpercek alatt, automatiz\u00e1lt folyamatokkal t\u00f6rt\u00e9nik.<\/li>\n\n\n\n<li><strong>M\u0171szaki t\u00e1mogat\u00e1s:<\/strong> Sok alkalmaz\u00e1s k\u00edn\u00e1l t\u00e1mogat\u00e1st \u00e9s oktat\u00f3anyagokat, amelyek v\u00e9gigvezetnek minden l\u00e9p\u00e9sen.<\/li>\n<\/ul>\n\n\n\n<p>Ezek a funkci\u00f3k egyszer\u0171v\u00e9 \u00e9s k\u00f6nnyen hozz\u00e1f\u00e9rhet\u0151v\u00e9 teszik a f\u00e1jlok helyre\u00e1ll\u00edt\u00e1s\u00e1t, m\u00e9g a kev\u00e9sb\u00e9 technol\u00f3giai tapasztalattal rendelkez\u0151k sz\u00e1m\u00e1ra is.<\/p>\n\n\n\n<p>Ak\u00e1r fiatal, ak\u00e1r id\u0151s vagy, a mai technol\u00f3gia \u00fagy van kialak\u00edtva, hogy mindenki \u00e9let\u00e9t megk\u00f6nny\u00edtse.<\/p>\n\n\n\n<h2 class=\"wp-block-heading\">Hogyan m\u0171k\u00f6dnek az adat-helyre\u00e1ll\u00edt\u00f3 alkalmaz\u00e1sok<\/h2>\n\n\n\n<p>A speci\u00e1lis f\u00e1jl-helyre\u00e1ll\u00edt\u00f3 alkalmaz\u00e1sok fejlett algoritmusokat haszn\u00e1lnak az elveszett adatok azonos\u00edt\u00e1s\u00e1ra \u00e9s helyre\u00e1ll\u00edt\u00e1s\u00e1ra.<\/p>\n\n\n\n<p>A folyamat a k\u00e9sz\u00fcl\u00e9k gyors \u00e9s r\u00e9szletes vizsg\u00e1lat\u00e1val kezd\u0151dik.<\/p>\n\n\n<div class=\"wp-block-image\">\n<figure class=\"aligncenter size-full\"><img loading=\"lazy\" decoding=\"async\" width=\"550\" height=\"350\" src=\"https:\/\/universofamilia.com\/wp-content\/uploads\/sites\/148\/2025\/03\/DESTAQUE-UNIVERSO-550-x-350-11.jpg\" alt=\"\" class=\"wp-image-9058\" srcset=\"http:\/\/universofamilia.com\/wp-content\/uploads\/sites\/148\/2025\/03\/DESTAQUE-UNIVERSO-550-x-350-11.jpg 550w, http:\/\/universofamilia.com\/wp-content\/uploads\/sites\/148\/2025\/03\/DESTAQUE-UNIVERSO-550-x-350-11-300x191.jpg 300w, http:\/\/universofamilia.com\/wp-content\/uploads\/sites\/148\/2025\/03\/DESTAQUE-UNIVERSO-550-x-350-11-18x12.jpg 18w\" sizes=\"(max-width: 550px) 100vw, 550px\" \/><figcaption class=\"wp-element-caption\">Az eml\u00e9kf\u00e1jl egyetlen koppint\u00e1ssal vissza\u00e1ll\u00edthat\u00f3<\/figcaption><\/figure><\/div>\n\n\n<h3 class=\"wp-block-heading\">L\u00e9p\u00e9sr\u0151l l\u00e9p\u00e9sre t\u00f6rt\u00e9n\u0151 helyre\u00e1ll\u00edt\u00e1si folyamat<\/h3>\n\n\n\n<ol>\n<li><strong>M\u00e9lyszkennel\u00e9s:<\/strong> Az alkalmaz\u00e1s \u00e1tvizsg\u00e1lja az eszk\u00f6zt t\u00f6r\u00f6lt vagy s\u00e9r\u00fclt f\u00e1jlok ut\u00e1n kutatva.<br>Minden egyes inform\u00e1ci\u00f3t \u00e9rt\u00e9kelnek annak \u00e9letk\u00e9pess\u00e9g\u00e9nek meg\u00e1llap\u00edt\u00e1sa \u00e9rdek\u00e9ben.<\/li>\n\n\n\n<li><strong>Adatazonos\u00edt\u00e1s:<\/strong> Az inform\u00e1ci\u00f3kat f\u00e9nyk\u00e9pekre, vide\u00f3kra, dokumentumokra \u00e9s m\u00e1s fontos f\u00e1jlokra osztj\u00e1k.<br>Ez a folyamat biztos\u00edtja, hogy semmi ne maradjon h\u00e1tra.<\/li>\n\n\n\n<li><strong>Hat\u00e9kony helyre\u00e1ll\u00edt\u00e1s:<\/strong> Egyetlen koppint\u00e1ssal lek\u00e9rheti a kiv\u00e1lasztott adatokat, \u00e9s biztons\u00e1gosan elmentheti azokat.<br>Az intuit\u00edv kezel\u0151fel\u00fclet lehet\u0151v\u00e9 teszi, hogy b\u00e1rki komplik\u00e1ci\u00f3k n\u00e9lk\u00fcl haszn\u00e1lhassa.<\/li>\n\n\n\n<li><strong>Ellen\u0151rz\u00e9s \u00e9s ment\u00e9s:<\/strong> V\u00e9g\u00fcl egy ellen\u0151rz\u00e9st hajtanak v\u00e9gre annak meger\u0151s\u00edt\u00e9s\u00e9re, hogy a helyre\u00e1ll\u00edt\u00e1s sikeres volt.<br>A f\u00e1jljaid rendszerezettek \u00e9s k\u00e9szen \u00e1llnak az \u00fajabb \u00e9lvezetre.<\/li>\n<\/ol>\n\n\n\n<p>Az alkalmaz\u00e1sok m\u00f6g\u00f6tt \u00e1ll\u00f3 technol\u00f3gia m\u00e1sodpercek alatt k\u00e9pes m\u0171k\u00f6dni, gyors megold\u00e1st k\u00edn\u00e1lva a kritikus pillanatokban.<\/p>\n\n\n\n<p>Minden friss\u00edt\u00e9ssel ezeknek az eszk\u00f6z\u00f6knek a pontoss\u00e1ga \u00e9s hat\u00e9konys\u00e1ga folyamatosan javul.<\/p>\n\n\n\n<h2 class=\"wp-block-heading\">Aj\u00e1nlott alkalmaz\u00e1sok a mem\u00f3riaf\u00e1jl vissza\u00e1ll\u00edt\u00e1s\u00e1hoz<\/h2>\n\n\n\n<p>Az al\u00e1bbiakban h\u00e1rom olyan alkalmaz\u00e1st mutatunk be, amelyek hat\u00e9konys\u00e1guk \u00e9s k\u00f6nny\u0171 haszn\u00e1lhat\u00f3s\u00e1guk miatt t\u0171nnek ki.<br>Ezeket az alkalmaz\u00e1sokat n\u00e9pszer\u0171s\u00e9g\u00fck \u00e9s az adat-helyre\u00e1ll\u00edt\u00e1sban bizony\u00edtott hat\u00e9konys\u00e1guk alapj\u00e1n v\u00e1lasztottuk ki.<\/p>\n\n\n\n<h3 class=\"wp-block-heading\">1. Dr.Fone \u2013 Mobil adatment\u00e9s<\/h3>\n\n\n\n<p>A Dr.Fone egy piacvezet\u0151 eszk\u00f6z, amely elismert a t\u00f6r\u00f6lt f\u00e9nyk\u00e9pek, vide\u00f3k \u00e9s dokumentumok vissza\u00e1ll\u00edt\u00e1s\u00e1nak k\u00e9pess\u00e9g\u00e9r\u0151l.<\/p>\n\n\n\n<p>Intuit\u00edv kezel\u0151fel\u00fclete \u00e9s magas sikeress\u00e9gi ar\u00e1nya miatt sok felhaszn\u00e1l\u00f3 sz\u00e1m\u00e1ra az el\u0151nyben r\u00e9szes\u00edtett v\u00e1laszt\u00e1s.<\/p>\n\n\n\n<ul>\n<li><strong>Jellemz\u0151k:<\/strong>\n<ul>\n<li>M\u00e9ly \u00e9s gyors szkennel\u00e9s.<\/li>\n\n\n\n<li>T\u00f6bb f\u00e1jlt\u00edpus helyre\u00e1ll\u00edt\u00e1sa.<\/li>\n\n\n\n<li>Felhaszn\u00e1l\u00f3bar\u00e1t fel\u00fclet \u00e9s speci\u00e1lis technikai t\u00e1mogat\u00e1s.<\/li>\n<\/ul>\n<\/li>\n\n\n\n<li><strong>El\u0151ny\u00f6k:<\/strong>\n<ul>\n<li>Ide\u00e1lis azoknak a felhaszn\u00e1l\u00f3knak, akik azonnali eredm\u00e9nyeket szeretn\u00e9nek.<\/li>\n\n\n\n<li>K\u00fcl\u00f6nb\u00f6z\u0151 eszk\u00f6z\u00f6kkel \u00e9s oper\u00e1ci\u00f3s rendszerekkel kompatibilis.<\/li>\n\n\n\n<li>A gyakori friss\u00edt\u00e9sek maxim\u00e1lis biztons\u00e1got ny\u00fajtanak a vissza\u00e1ll\u00edt\u00e1s sor\u00e1n.<\/li>\n<\/ul>\n<\/li>\n<\/ul>\n\n\n\n<p>Ez az alkalmaz\u00e1s kezd\u0151 \u00e9s tapasztalt felhaszn\u00e1l\u00f3k sz\u00e1m\u00e1ra egyar\u00e1nt alkalmas, egyszer\u0171 \u00e9s hat\u00e9kony \u00e9lm\u00e9nyt ny\u00fajtva.<\/p>\n\n\n\n<p>Ha megb\u00edzhat\u00f3 megold\u00e1st keres digit\u00e1lis mem\u00f3ri\u00e1j\u00e1nak vissza\u00e1ll\u00edt\u00e1s\u00e1ra, a Dr.Fone biztons\u00e1gos v\u00e1laszt\u00e1s.<\/p>\n\n\n\n<h3 class=\"wp-block-heading\">2. DiskDigger \u2013 Fot\u00f3k \u00e9s f\u00e1jlok helyre\u00e1ll\u00edt\u00e1sa<\/h3>\n\n\n\n<p>A DiskDigger egy m\u00e1sik kiemelked\u0151 lehet\u0151s\u00e9g, amelyet k\u00fcl\u00f6n\u00f6sen az\u00e9rt \u00e9rt\u00e9kelnek, mert k\u00e9pes helyre\u00e1ll\u00edtani az elveszettnek hitt f\u00e9nyk\u00e9peket \u00e9s vide\u00f3kat.<\/p>\n\n\n\n<p>Egyszer\u0171 haszn\u00e1lat\u00e1nak \u00e9s gyors helyre\u00e1ll\u00edt\u00e1si folyamat\u00e1nak k\u00f6sz\u00f6nhet\u0151en ide\u00e1lis mindazok sz\u00e1m\u00e1ra, akiknek adatok vissza\u00e1ll\u00edt\u00e1s\u00e1ra van sz\u00fcks\u00e9g\u00fck.<\/p>\n\n\n\n<ul>\n<li><strong>Jellemz\u0151k:<\/strong>\n<ul>\n<li>K\u00e9pek \u00e9s multim\u00e9di\u00e1s f\u00e1jlok helyre\u00e1ll\u00edt\u00e1sa.<\/li>\n\n\n\n<li>Gyors \u00e9s m\u00e9ly szkennel\u00e9si m\u00f3d a nagyobb pontoss\u00e1g \u00e9rdek\u00e9ben.<\/li>\n\n\n\n<li>Egyszer\u0171 fel\u00fclet, amely l\u00e9p\u00e9sr\u0151l l\u00e9p\u00e9sre vezeti a felhaszn\u00e1l\u00f3t.<\/li>\n<\/ul>\n<\/li>\n\n\n\n<li><strong>El\u0151ny\u00f6k:<\/strong>\n<ul>\n<li>T\u00f6k\u00e9letes \u00e9rt\u00e9kes eml\u00e9kek ment\u00e9s\u00e9re s\u00e9r\u00fclt vagy form\u00e1zott eszk\u00f6z\u00f6kr\u0151l.<\/li>\n\n\n\n<li>Sz\u00e9les eszk\u00f6zv\u00e1laszt\u00e9kon m\u0171k\u00f6dik.<\/li>\n\n\n\n<li>T\u00f6bb haszn\u00e1lhat\u00f3s\u00e1gi tesztben is bizony\u00edtott eredm\u00e9nyek.<\/li>\n<\/ul>\n<\/li>\n<\/ul>\n\n\n\n<p>A DiskDigger kiemelkedik a k\u00e9pek \u00e9s vide\u00f3k specializ\u00e1ci\u00f3j\u00e1val, \u00edgy t\u00f6k\u00e9letes azok sz\u00e1m\u00e1ra, akik meg akarj\u00e1k v\u00e9deni leg\u00e9rt\u00e9kesebb pillanataikat.<\/p>\n\n\n\n<p>Az alkalmaz\u00e1s praktikus \u00e9s hat\u00e9kony megold\u00e1st k\u00edn\u00e1l az adatment\u00e9sre.<\/p>\n\n\n\n<h3 class=\"wp-block-heading\">3. EaseUS MobiSaver \u2013 \u00c1tfog\u00f3 helyre\u00e1ll\u00edt\u00e1si megold\u00e1s<\/h3>\n\n\n\n<p>Az EaseUS MobiSaver \u00e1tfog\u00f3 lehet\u0151s\u00e9gk\u00e9nt pozicion\u00e1lja mag\u00e1t a mobil eszk\u00f6z\u00f6k\u00f6n t\u00f6rt\u00e9n\u0151 adat-helyre\u00e1ll\u00edt\u00e1shoz.<\/p>\n\n\n\n<p>Ez az eszk\u00f6z nagy hat\u00e9konys\u00e1g\u00e1r\u00f3l \u00e9s k\u00f6nny\u0171 haszn\u00e1lat\u00e1r\u00f3l ismert, lehet\u0151v\u00e9 t\u00e9ve, hogy n\u00e9h\u00e1ny kattint\u00e1ssal minden t\u00edpus\u00fa f\u00e1jlt helyre\u00e1ll\u00edtson.<\/p>\n\n\n\n<ul>\n<li><strong>Jellemz\u0151k:<\/strong>\n<ul>\n<li>Adatment\u00e9s t\u00e1mogat\u00e1sa t\u00f6bb form\u00e1tumban.<\/li>\n\n\n\n<li>Felhaszn\u00e1l\u00f3bar\u00e1t fel\u00fclet \u00e9s ir\u00e1ny\u00edtott folyamat minden szint\u0171 felhaszn\u00e1l\u00f3 sz\u00e1m\u00e1ra.<\/li>\n\n\n\n<li>Eszk\u00f6z\u00f6d pontos \u00e9s r\u00e9szletes szkennel\u00e9se.<\/li>\n<\/ul>\n<\/li>\n\n\n\n<li><strong>El\u0151ny\u00f6k:<\/strong>\n<ul>\n<li>Kiv\u00e1l\u00f3 azoknak a felhaszn\u00e1l\u00f3knak, akik \u00e1tfog\u00f3 megold\u00e1st keresnek.<\/li>\n\n\n\n<li>Lehet\u0151v\u00e9 teszi az adatok helyre\u00e1ll\u00edt\u00e1s\u00e1t m\u00e9g az eszk\u00f6z fizikai s\u00e9r\u00fcl\u00e9se eset\u00e9n is.<\/li>\n\n\n\n<li>\u00c1lland\u00f3 friss\u00edt\u00e9sek, amelyek meg\u0151rzik hat\u00e9konys\u00e1gukat az \u00faj technol\u00f3giai kih\u00edv\u00e1sokkal szemben.<\/li>\n<\/ul>\n<\/li>\n<\/ul>\n\n\n\n<p>Az EaseUS MobiSaver ide\u00e1lis v\u00e1laszt\u00e1s azok sz\u00e1m\u00e1ra, akik teljes \u00e9s gondtalan f\u00e1jl-helyre\u00e1ll\u00edt\u00e1si \u00e9lm\u00e9nyt keresnek.<\/p>\n\n\n\n<p>Robusztus kialak\u00edt\u00e1sa \u00e9s k\u00f6nny\u0171 haszn\u00e1lhat\u00f3s\u00e1ga n\u00e9lk\u00fcl\u00f6zhetetlen eszk\u00f6zz\u00e9 teszi a digit\u00e1lis biztons\u00e1g ter\u00e9n.<\/p>\n\n\n\n<h2 class=\"wp-block-heading\">Strat\u00e9gi\u00e1k a f\u00e1jlok helyre\u00e1ll\u00edt\u00e1s\u00e1nak maximaliz\u00e1l\u00e1s\u00e1ra<\/h2>\n\n\n\n<p>A sikeres helyre\u00e1ll\u00edt\u00e1s \u00e9rdek\u00e9ben fontos bizonyos strat\u00e9gi\u00e1kat k\u00f6vetni, amelyek seg\u00edtenek optimaliz\u00e1lni ezen alkalmaz\u00e1sok haszn\u00e1lat\u00e1t.<\/p>\n\n\n\n<p>\u00cdme n\u00e9h\u00e1ny javaslat, amelyekkel n\u00f6velheti eszk\u00f6ze teljes\u00edtm\u00e9ny\u00e9t.<\/p>\n\n\n\n<h3 class=\"wp-block-heading\">Gyakorlati tippek a hat\u00e9kony restaur\u00e1l\u00e1shoz<\/h3>\n\n\n\n<ul>\n<li><strong>V\u00e9gezzen id\u0151szakos vizsg\u00e1latokat:<\/strong><br>Tartsa naprak\u00e9szen eszk\u00f6zinform\u00e1ci\u00f3it, hogy id\u0151ben \u00e9szlelhesse az esetleges adatveszt\u00e9st.<\/li>\n\n\n\n<li><strong>Mindig a leg\u00fajabb verzi\u00f3t haszn\u00e1ld az alkalmaz\u00e1sb\u00f3l:<\/strong><br>A friss\u00edt\u00e9sek biztons\u00e1gi fejleszt\u00e9seket \u00e9s \u00faj funkci\u00f3kat tartalmaznak.<\/li>\n\n\n\n<li><strong>F\u00e1jljaid biztons\u00e1gi ment\u00e9se:<\/strong><br>Egy biztons\u00e1gi ment\u00e9s megakad\u00e1lyozza a fontos inform\u00e1ci\u00f3k elveszt\u00e9s\u00e9t meghib\u00e1sod\u00e1s eset\u00e9n.<\/li>\n\n\n\n<li><strong>Ker\u00fclje az eszk\u00f6z intenz\u00edv haszn\u00e1lat\u00e1t a fel\u00e9p\u00fcl\u00e9s sor\u00e1n:<\/strong><br>Minimaliz\u00e1lja a rendszeraktivit\u00e1st a pontosabb vizsg\u00e1lati folyamat \u00e9rdek\u00e9ben.<\/li>\n<\/ul>\n\n\n\n<p>Ezen tippek betart\u00e1sa nemcsak az adat-helyre\u00e1ll\u00edt\u00e1st jav\u00edtja, hanem a digit\u00e1lis adataid \u00e1ltal\u00e1nos biztons\u00e1g\u00e1t is er\u0151s\u00edti.<\/p>\n\n\n\n<p>Alkalmazd ezeket a strat\u00e9gi\u00e1kat, \u00e9s l\u00e1tni fogod, hogyan v\u00e1lik egyszer\u0171 feladatt\u00e1 az eml\u00e9keid v\u00e9delme.<\/p>\n\n\n\n<h3 class=\"wp-block-heading\">Gyakori hib\u00e1k, amelyeket el kell ker\u00fclni<\/h3>\n\n\n\n<ul>\n<li><strong>Nem k\u00e9sz\u00fcl rendszeres biztons\u00e1gi ment\u00e9s az adatokr\u00f3l:<\/strong><br>A biztons\u00e1gi ment\u00e9sek elmulaszt\u00e1sa teljes adatveszt\u00e9st eredm\u00e9nyezhet.<\/li>\n\n\n\n<li><strong>Alkalmaz\u00e1sfriss\u00edt\u00e9sek figyelmen k\u00edv\u00fcl hagy\u00e1sa:<\/strong><br>A friss\u00edt\u00e9s elmulaszt\u00e1sa hib\u00e1kat \u00e9s \u00f6sszeoml\u00e1sokat okozhat az eszk\u00f6z\u00f6dben.<\/li>\n\n\n\n<li><strong>Nem megb\u00edzhat\u00f3 szoftver haszn\u00e1lata:<\/strong><br>Mindig olyan ismert alkalmaz\u00e1sokat v\u00e1lassz, amelyekr\u0151l j\u00f3k a v\u00e9lem\u00e9nyek.<\/li>\n\n\n\n<li><strong>A k\u00e9sz\u00fcl\u00e9k helytelen kezel\u00e9se:<\/strong><br>A nem megfelel\u0151 kezel\u00e9s helyrehozhatatlan k\u00e1rokat okozhat \u00e9s bonyol\u00edthatja a gy\u00f3gyul\u00e1st.<\/li>\n<\/ul>\n\n\n\n<p>Ezen hib\u00e1k felismer\u00e9se \u00e9s elker\u00fcl\u00e9se seg\u00edt meg\u0151rizni az adatok integrit\u00e1s\u00e1t \u00e9s maximaliz\u00e1lni a helyre\u00e1ll\u00edt\u00e1s hat\u00e9konys\u00e1g\u00e1t.<\/p>\n\n\n\n<p>A megel\u0151z\u00e9s kulcsfontoss\u00e1g\u00fa a z\u00f6kken\u0151mentes digit\u00e1lis \u00e9lm\u00e9nyhez.<\/p>\n\n\n\n<h2 class=\"wp-block-heading\">A f\u00e1jl-vissza\u00e1ll\u00edt\u00e1s technikai \u00e9s biztons\u00e1gi vonatkoz\u00e1sai<\/h2>\n\n\n\n<p>A helyre\u00e1ll\u00edt\u00f3 alkalmaz\u00e1sok m\u00f6g\u00f6tt \u00e1ll\u00f3 technol\u00f3gia fejlett algoritmusokon alapul, amelyek biztos\u00edtj\u00e1k a vissza\u00e1ll\u00edtott adatok integrit\u00e1s\u00e1t.<\/p>\n\n\n\n<p>Az adataid biztons\u00e1ga priorit\u00e1s, ez\u00e9rt ezek az eszk\u00f6z\u00f6k t\u00f6bbr\u00e9teg\u0171 v\u00e9delemmel rendelkeznek.<\/p>\n\n\n\n<h3 class=\"wp-block-heading\">Adatainak biztons\u00e1ga \u00e9s bizalmas kezel\u00e9se<\/h3>\n\n\n\n<ul>\n<li><strong>Adattitkos\u00edt\u00e1s:<\/strong><br>A legt\u00f6bb alkalmaz\u00e1s titkos\u00edt\u00e1si technik\u00e1kat haszn\u00e1l az adatok v\u00e9delme \u00e9rdek\u00e9ben a helyre\u00e1ll\u00edt\u00e1si folyamat sor\u00e1n.<\/li>\n\n\n\n<li><strong>Korl\u00e1tozott hozz\u00e1f\u00e9r\u00e9s:<\/strong><br>Csak a jogosult felhaszn\u00e1l\u00f3 f\u00e9rhet hozz\u00e1 a helyre\u00e1ll\u00edtott adatokhoz.<\/li>\n\n\n\n<li><strong>Adatv\u00e9delmi protokollok:<\/strong><br>Az alkalmaz\u00e1sok megfelelnek a nemzetk\u00f6zi el\u0151\u00edr\u00e1soknak az adataid bizalmass\u00e1g\u00e1nak biztos\u00edt\u00e1sa \u00e9rdek\u00e9ben.<\/li>\n\n\n\n<li><strong>Speci\u00e1lis m\u0171szaki t\u00e1mogat\u00e1s:<\/strong><br>Probl\u00e9ma eset\u00e9n az \u00fcgyf\u00e9lszolg\u00e1lat seg\u00edt a gyors \u00e9s biztons\u00e1gos megold\u00e1sban.<\/li>\n<\/ul>\n\n\n\n<p>Ezek a mechanizmusok biztos\u00edtj\u00e1k, hogy szem\u00e9lyes adataid ne ker\u00fcljenek vesz\u00e9lybe a folyamat sor\u00e1n.<\/p>\n\n\n\n<p>Ezen int\u00e9zked\u00e9sek megl\u00e9te magabiztoss\u00e1got ad arra, hogy aggodalom n\u00e9lk\u00fcl haszn\u00e1lhassa ezeket az eszk\u00f6z\u00f6ket.<\/p>\n\n\n\n<h3 class=\"wp-block-heading\">Technol\u00f3giai \u00faj\u00edt\u00e1sok, amelyek el\u0151seg\u00edtik a fel\u00e9p\u00fcl\u00e9st<\/h3>\n\n\n\n<ul>\n<li><strong>Mesters\u00e9ges intelligencia:<\/strong><br>A mesters\u00e9ges intelligencia alap\u00fa algoritmusok lehet\u0151v\u00e9 teszik az adatok millim\u00e9teres pontoss\u00e1ggal t\u00f6rt\u00e9n\u0151 azonos\u00edt\u00e1s\u00e1t \u00e9s kinyer\u00e9s\u00e9t.<\/li>\n\n\n\n<li><strong>Folyamatoptimaliz\u00e1l\u00e1s:<\/strong><br>Az alkalmaz\u00e1sokat folyamatosan friss\u00edtj\u00fck a helyre\u00e1ll\u00edt\u00e1si sebess\u00e9g \u00e9s hat\u00e9konys\u00e1g jav\u00edt\u00e1sa \u00e9rdek\u00e9ben.<\/li>\n\n\n\n<li><strong>T\u00f6bb eszk\u00f6zzel val\u00f3 integr\u00e1ci\u00f3:<\/strong><br>A k\u00fcl\u00f6nb\u00f6z\u0151 oper\u00e1ci\u00f3s rendszerekkel val\u00f3 kompatibilit\u00e1s b\u0151v\u00edti a helyre\u00e1ll\u00edt\u00e1si lehet\u0151s\u00e9geket.<\/li>\n\n\n\n<li><strong>Adapt\u00edv interf\u00e9sz:<\/strong><br>\u00dagy tervezt\u00e9k, hogy szem\u00e9lyre szabott \u00e9lm\u00e9nyt ny\u00fajtson minden felhaszn\u00e1l\u00f3 sz\u00e1m\u00e1ra, f\u00fcggetlen\u00fcl a technikai tud\u00e1sszintj\u00fckt\u0151l.<\/li>\n<\/ul>\n\n\n\n<p>A folyamatos technol\u00f3giai fejl\u0151d\u00e9s biztos\u00edtja, hogy a helyre\u00e1ll\u00edt\u00e1si folyamat napr\u00f3l napra gyorsabb \u00e9s biztons\u00e1gosabb legyen.<\/p>\n\n\n\n<p>Ezek az \u00faj\u00edt\u00e1sok mindenki sz\u00e1m\u00e1ra el\u00e9rhet\u0151v\u00e9 \u00e9s hat\u00e9konny\u00e1 teszik az adatment\u00e9st.<\/p>\n\n\n\n<h2 class=\"wp-block-heading\">Aj\u00e1nl\u00e1sok \u00e9s sikert\u00f6rt\u00e9netek<\/h2>\n\n\n\n<p>Sz\u00e1mos felhaszn\u00e1l\u00f3 tapasztalt leny\u0171g\u00f6z\u0151 eredm\u00e9nyeket, amikor ezeket az alkalmaz\u00e1sokat haszn\u00e1lta mem\u00f3riaf\u00e1jljainak helyre\u00e1ll\u00edt\u00e1s\u00e1ra.<\/p>\n\n\n\n<p>A sikert\u00f6rt\u00e9netek r\u00e1vil\u00e1g\u00edtanak a megb\u00edzhat\u00f3 eszk\u00f6z\u00f6k fontoss\u00e1g\u00e1ra a kritikus pillanatokban.<\/p>\n\n\n\n<h3 class=\"wp-block-heading\">Val\u00f3s felhaszn\u00e1l\u00f3i \u00e9lm\u00e9nyek<\/h3>\n\n\n\n<ul>\n<li><strong>M\u00e1ria, 62 \u00e9ves:<\/strong><br>\u201eA Dr.Fone-nak k\u00f6sz\u00f6nhet\u0151en vissza tudtam \u00e1ll\u00edtani az esk\u00fcv\u0151i fot\u00f3imat, amiket \u00f6r\u00f6kre elveszettnek hittem. Az alkalmaz\u00e1s hihetetlen\u00fcl k\u00f6nnyen haszn\u00e1lhat\u00f3.\u201d<\/li>\n\n\n\n<li><strong>Jos\u00e9, 55 \u00e9ves:<\/strong><br>\u201eA DiskDigger seg\u00edtett vissza\u00e1ll\u00edtani a v\u00e9letlen\u00fcl t\u00f6r\u00f6lt csal\u00e1di vide\u00f3imat. Mindenkinek aj\u00e1nlom ezt az eszk\u00f6zt.\u201d<\/li>\n\n\n\n<li><strong>Luis, 48 \u00e9ves:<\/strong><br>\u201eAz EaseUS MobiSaver volt az \u00e9letment\u0151m. Vissza\u00e1ll\u00edtottam fontos dokumentumokat, \u00e9s ami a legfontosabb, az eml\u00e9keimet. Ez egy k\u00f6telez\u0151 alkalmaz\u00e1s mindenkinek.\u201d<\/li>\n<\/ul>\n\n\n\n<p>Ezek az aj\u00e1nl\u00e1sok t\u00fckr\u00f6zik az egyes alkalmaz\u00e1sok hat\u00e9konys\u00e1g\u00e1t, valamint a k\u00fcl\u00f6nb\u00f6z\u0151 kor\u00fa \u00e9s technol\u00f3giai tud\u00e1sszint\u0171 felhaszn\u00e1l\u00f3k el\u00e9gedetts\u00e9g\u00e9t.<\/p>\n\n\n\n<p>Minden tapasztalat meger\u0151s\u00edti, hogy a f\u00e1jlok helyre\u00e1ll\u00edt\u00e1sa lehets\u00e9ges \u00e9s mindenki sz\u00e1m\u00e1ra el\u00e9rhet\u0151.<\/p>\n\n\n\n<h3 class=\"wp-block-heading\">Hat\u00e1s a digit\u00e1lis \u00e9letre<\/h3>\n\n\n\n<p>Az adat-helyre\u00e1ll\u00edt\u00e1si k\u00e9pess\u00e9g nemcsak a f\u00e1jlokat \u00e1ll\u00edtja vissza, hanem nyugalmat is ad azoknak, akik f\u00e9lnek az eml\u00e9keik elveszt\u00e9s\u00e9t\u0151l.<\/p>\n\n\n\n<p>Ezek a sikert\u00f6rt\u00e9netek bizony\u00edtj\u00e1k, hogy a megfelel\u0151 eszk\u00f6zzel egyetlen f\u00e1jl sem helyre\u00e1ll\u00edthatatlan.<\/p>\n\n\n\n<h2 class=\"wp-block-heading\">Hogyan v\u00e1laszd ki a sz\u00e1modra legmegfelel\u0151bb alkalmaz\u00e1st<\/h2>\n\n\n\n<p>A haszn\u00e1land\u00f3 alkalmaz\u00e1s kiv\u00e1laszt\u00e1sa az \u00d6n konkr\u00e9t ig\u00e9nyeit\u0151l \u00e9s a helyre\u00e1ll\u00edtani k\u00edv\u00e1nt f\u00e1jlok t\u00edpus\u00e1t\u00f3l f\u00fcgg.<\/p>\n\n\n\n<p>Elemezze az egyes alkalmaz\u00e1sok funkci\u00f3it, \u00e9s v\u00e1lassza ki azt, amelyik a legjobban illik a profilj\u00e1hoz.<\/p>\n\n\n\n<h3 class=\"wp-block-heading\">Figyelembe veend\u0151 t\u00e9nyez\u0151k a helyre\u00e1ll\u00edt\u00e1si alkalmaz\u00e1s kiv\u00e1laszt\u00e1sakor<\/h3>\n\n\n\n<ul>\n<li><strong>Kompatibilit\u00e1s az eszk\u00f6z\u00f6ddel:<\/strong><br>Gy\u0151z\u0151dj\u00f6n meg arr\u00f3l, hogy az alkalmaz\u00e1s m\u0171k\u00f6dik az oper\u00e1ci\u00f3s rendszer\u00e9n \u00e9s az eszk\u00f6z\u00e9n.<\/li>\n\n\n\n<li><strong>K\u00f6nny\u0171 haszn\u00e1lat:<\/strong><br>Keressen egy intuit\u00edv fel\u00fcletet \u00e9s egy ir\u00e1ny\u00edtott helyre\u00e1ll\u00edt\u00e1si folyamatot.<\/li>\n\n\n\n<li><strong>Bizony\u00edtott sikerr\u00e1ta:<\/strong><br>Kutasson v\u00e9lem\u00e9nyeket \u00e9s aj\u00e1nl\u00e1sokat, hogy megtudja az alkalmaz\u00e1s val\u00f3di hat\u00e9konys\u00e1g\u00e1t.<\/li>\n\n\n\n<li><strong>Friss\u00edt\u00e9sek \u00e9s t\u00e1mogat\u00e1s:<\/strong><br>Egy folyamatosan fejl\u0151d\u0151 \u00e9s kiv\u00e1l\u00f3 technikai t\u00e1mogat\u00e1st ny\u00fajt\u00f3 alkalmaz\u00e1s a bizalom garanci\u00e1ja.<\/li>\n<\/ul>\n\n\n\n<p>Ezek a t\u00e9nyez\u0151k lehet\u0151v\u00e9 teszik, hogy megalapozott d\u00f6nt\u00e9st hozzon, \u00e9s biztos\u00edtsa, hogy f\u00e1jljai j\u00f3 kezekben legyenek.<\/p>\n\n\n\n<p>Ne feledd, hogy egy min\u0151s\u00e9gi eszk\u00f6zbe val\u00f3 befektet\u00e9s n\u00e9ha mindent megv\u00e1ltoztathat a kritikus pillanatokban.<\/p>\n\n\n\n<h3 class=\"wp-block-heading\">Az aj\u00e1nlott alkalmaz\u00e1sok gyors \u00f6sszehasonl\u00edt\u00e1sa<\/h3>\n\n\n\n<figure class=\"wp-block-table\"><table><thead><tr><th>Alkalmaz\u00e1s<\/th><th>K\u00f6nny\u0171 haszn\u00e1lat<\/th><th>Visszanyer\u00e9si hat\u00e9konys\u00e1g<\/th><th>Kompatibilit\u00e1s<\/th><th>M\u0171szaki t\u00e1mogat\u00e1s<\/th><\/tr><\/thead><tbody><tr><td><strong>Dr.Fone<\/strong><\/td><td>Magas<\/td><td>Nagyon magas<\/td><td>T\u00f6bb<\/td><td>Specializ\u00e1lt<\/td><\/tr><tr><td><strong>LemezDigger<\/strong><\/td><td>Magas<\/td><td>Magas<\/td><td>K\u00fcl\u00f6nf\u00e9le<\/td><td>Hat\u00e9kony \u00e9s gyors<\/td><\/tr><tr><td><strong>EaseUS MobiSaver<\/strong><\/td><td>Nagyon magas<\/td><td>Magas<\/td><td>Sz\u00e9les<\/td><td>\u00c1tfog\u00f3<\/td><\/tr><\/tbody><\/table><figcaption class=\"wp-element-caption\">Az eml\u00e9kf\u00e1jl egyetlen koppint\u00e1ssal vissza\u00e1ll\u00edthat\u00f3<\/figcaption><\/figure>\n\n\n\n<p>Ez az \u00f6sszehasonl\u00edt\u00f3 t\u00e1bl\u00e1zat \u00e1ttekint\u00e9st ny\u00fajt az egyes alkalmaz\u00e1sok f\u0151bb funkci\u00f3ir\u00f3l.<\/p>\n\n\n\n<p>V\u00e1laszd ki az ig\u00e9nyeidnek legink\u00e1bb megfelel\u0151t, \u00e9s \u00e9lvezd a nyugalmat, hogy eml\u00e9keid mindig biztons\u00e1gban vannak.<\/p>\n\n\n\n<h2 class=\"wp-block-heading\">Kezdje el utaz\u00e1s\u00e1t most!<\/h2>\n\n\n\n<p>Az eml\u00e9keid helyre\u00e1ll\u00edt\u00e1sa k\u00f6nnyebb, mint gondoln\u00e1d.<\/p>\n\n\n\n<p>Az aj\u00e1nlott alkalmaz\u00e1sokkal m\u00e1sodpercek alatt vissza\u00e1ll\u00edthatod a f\u00e9nyk\u00e9peidet, vide\u00f3idat \u00e9s dokumentumaidat.<\/p>\n\n\n\n<p>Ne v\u00e1rd meg, hogy elvesz\u00edtsd azt, ami p\u00f3tolhatatlan.<\/p>\n\n\n\n<p>Tedd meg az els\u0151 l\u00e9p\u00e9st, \u00e9s t\u00f6ltsd le az egyik alkalmaz\u00e1st, hogy biztons\u00e1gos \u00e9s gondtalan digit\u00e1lis \u00e9lm\u00e9nyben legyen r\u00e9szed.<\/p>\n\n\n\n<h3 class=\"wp-block-heading\"><mark class=\"has-inline-color has-luminous-vivid-amber-color\"><strong>T\u00f6ltse le az alkalmaz\u00e1sokat<\/strong>.<\/mark><\/h3>\n\n\n\n<ul>\n<li class=\"has-medium-font-size\"><strong><strong><strong>Dr.Fone<\/strong><\/strong>  &#8211; <a href=\"https:\/\/drfone.wondershare.net\/br\/ad\/\">Android <\/a>\/ <a href=\"https:\/\/apps.apple.com\/br\/app\/dr-fone-limpar-fotos-iphone\/id1030298807\">iOS<\/a><\/strong><\/li>\n\n\n\n<li class=\"has-medium-font-size\"><strong><strong>LemezDigger<\/strong><\/strong> <strong>&#8211; <a href=\"https:\/\/diskdigger.br.uptodown.com\/android\">Android<\/a><a href=\"https:\/\/help.netflix.com\/pt\/node\/101653\"> <\/a>\/ <a href=\"https:\/\/apps.apple.com\/br\/app\/diskdigger-photo-recovery\/id6741019146\">iOS<\/a><\/strong><\/li>\n\n\n\n<li class=\"has-medium-font-size\"><strong><strong><strong>EaseUS MobiSaver<\/strong><\/strong>  &#8211; <a href=\"https:\/\/easeus-mobisaver.br.uptodown.com\/android\">Android<\/a><a href=\"https:\/\/help.netflix.com\/pt\/node\/101653\"> <\/a>\/ <a href=\"https:\/\/apps.apple.com\/us\/app\/easeus-data-recovery-wizard\/id740355970?mt=12\">iOS<\/a><\/strong><\/li>\n<\/ul>\n\n\n\n<p><\/p>","protected":false},"excerpt":{"rendered":"<p>Tu archivo de memoria restaurado con un solo toque es la soluci\u00f3n ideal para recuperar momentos inolvidables y datos importantes de manera r\u00e1pida y sencilla. Explora las siguientes opciones relacionadas con la recuperaci\u00f3n de fotos borradas. \u00a1Permanecer\u00e1 en el mismo sitio! Descubre c\u00f3mo restaurar archivos de forma segura sin complicaciones. La tecnolog\u00eda actual nos brinda [&hellip;]<\/p>","protected":false},"author":139,"featured_media":9058,"comment_status":"closed","ping_status":"open","sticky":false,"template":"","format":"standard","meta":{"footnotes":""},"categories":[2],"tags":[2045,2085,2086,2084,2058],"yoast_head":"<!-- This site is optimized with the Yoast SEO plugin v23.3 - https:\/\/yoast.com\/wordpress\/plugins\/seo\/ -->\n<title>Tu archivo de memoria restaurado con un solo toque - Universo Fam\u00edlia<\/title>\n<meta name=\"description\" content=\"Tu archivo de memoria restaurado con un solo toque. Tu archivo de memoria restaurado con un solo toque es la soluci\u00f3n ideal para...\" \/>\n<meta name=\"robots\" content=\"index, follow, max-snippet:-1, max-image-preview:large, max-video-preview:-1\" \/>\n<link rel=\"canonical\" href=\"http:\/\/universofamilia.com\/hu\/\u0432\u043e\u0441\u0441\u0442\u0430\u043d\u043e\u0432\u043b\u0435\u043d\u0438\u0435-\u0444\u0430\u0439\u043b\u0430-\u043f\u0430\u043c\u044f\u0442\u0438-\u043e\u0434\u043d\u0438\u043c-\u043d\u0430\/\" \/>\n<meta property=\"og:locale\" content=\"hu_HU\" \/>\n<meta property=\"og:type\" content=\"article\" \/>\n<meta property=\"og:title\" content=\"Tu archivo de memoria restaurado con un solo toque - Universo Fam\u00edlia\" \/>\n<meta property=\"og:description\" content=\"Tu archivo de memoria restaurado con un solo toque. Tu archivo de memoria restaurado con un solo toque es la soluci\u00f3n ideal para...\" \/>\n<meta property=\"og:url\" content=\"http:\/\/universofamilia.com\/hu\/\u0432\u043e\u0441\u0441\u0442\u0430\u043d\u043e\u0432\u043b\u0435\u043d\u0438\u0435-\u0444\u0430\u0439\u043b\u0430-\u043f\u0430\u043c\u044f\u0442\u0438-\u043e\u0434\u043d\u0438\u043c-\u043d\u0430\/\" \/>\n<meta property=\"og:site_name\" content=\"Universo Fam\u00edlia\" \/>\n<meta property=\"article:published_time\" content=\"2025-03-22T19:59:44+00:00\" \/>\n<meta property=\"article:modified_time\" content=\"2025-04-07T18:36:17+00:00\" \/>\n<meta property=\"og:image\" content=\"http:\/\/universofamilia.com\/wp-content\/uploads\/sites\/148\/2025\/03\/DESTAQUE-UNIVERSO-550-x-350-11.jpg\" \/>\n\t<meta property=\"og:image:width\" content=\"550\" \/>\n\t<meta property=\"og:image:height\" content=\"350\" \/>\n\t<meta property=\"og:image:type\" content=\"image\/jpeg\" \/>\n<meta name=\"author\" content=\"Pedro Henrique\" \/>\n<meta name=\"twitter:card\" content=\"summary_large_image\" \/>\n<meta name=\"twitter:label1\" content=\"Written by\" \/>\n\t<meta name=\"twitter:data1\" content=\"Pedro Henrique\" \/>\n\t<meta name=\"twitter:label2\" content=\"Est. reading time\" \/>\n\t<meta name=\"twitter:data2\" content=\"12 perc\" \/>\n<script type=\"application\/ld+json\" class=\"yoast-schema-graph\">{\"@context\":\"https:\/\/schema.org\",\"@graph\":[{\"@type\":\"WebPage\",\"@id\":\"http:\/\/universofamilia.com\/ru\/\u0432\u043e\u0441\u0441\u0442\u0430\u043d\u043e\u0432\u043b\u0435\u043d\u0438\u0435-\u0444\u0430\u0439\u043b\u0430-\u043f\u0430\u043c\u044f\u0442\u0438-\u043e\u0434\u043d\u0438\u043c-\u043d\u0430\/\",\"url\":\"http:\/\/universofamilia.com\/ru\/\u0432\u043e\u0441\u0441\u0442\u0430\u043d\u043e\u0432\u043b\u0435\u043d\u0438\u0435-\u0444\u0430\u0439\u043b\u0430-\u043f\u0430\u043c\u044f\u0442\u0438-\u043e\u0434\u043d\u0438\u043c-\u043d\u0430\/\",\"name\":\"Tu archivo de memoria restaurado con un solo toque - Universo Fam\u00edlia\",\"isPartOf\":{\"@id\":\"https:\/\/universofamilia.com\/el\/#website\"},\"primaryImageOfPage\":{\"@id\":\"http:\/\/universofamilia.com\/ru\/\u0432\u043e\u0441\u0441\u0442\u0430\u043d\u043e\u0432\u043b\u0435\u043d\u0438\u0435-\u0444\u0430\u0439\u043b\u0430-\u043f\u0430\u043c\u044f\u0442\u0438-\u043e\u0434\u043d\u0438\u043c-\u043d\u0430\/#primaryimage\"},\"image\":{\"@id\":\"http:\/\/universofamilia.com\/ru\/\u0432\u043e\u0441\u0441\u0442\u0430\u043d\u043e\u0432\u043b\u0435\u043d\u0438\u0435-\u0444\u0430\u0439\u043b\u0430-\u043f\u0430\u043c\u044f\u0442\u0438-\u043e\u0434\u043d\u0438\u043c-\u043d\u0430\/#primaryimage\"},\"thumbnailUrl\":\"http:\/\/universofamilia.com\/wp-content\/uploads\/sites\/148\/2025\/03\/DESTAQUE-UNIVERSO-550-x-350-11.jpg\",\"datePublished\":\"2025-03-22T19:59:44+00:00\",\"dateModified\":\"2025-04-07T18:36:17+00:00\",\"author\":{\"@id\":\"https:\/\/universofamilia.com\/el\/#\/schema\/person\/f07ce98187dd84d31154262e79b3b7ca\"},\"description\":\"Tu archivo de memoria restaurado con un solo toque. Tu archivo de memoria restaurado con un solo toque es la soluci\u00f3n ideal para...\",\"breadcrumb\":{\"@id\":\"http:\/\/universofamilia.com\/ru\/\u0432\u043e\u0441\u0441\u0442\u0430\u043d\u043e\u0432\u043b\u0435\u043d\u0438\u0435-\u0444\u0430\u0439\u043b\u0430-\u043f\u0430\u043c\u044f\u0442\u0438-\u043e\u0434\u043d\u0438\u043c-\u043d\u0430\/#breadcrumb\"},\"inLanguage\":\"hu\",\"potentialAction\":[{\"@type\":\"ReadAction\",\"target\":[\"http:\/\/universofamilia.com\/ru\/\u0432\u043e\u0441\u0441\u0442\u0430\u043d\u043e\u0432\u043b\u0435\u043d\u0438\u0435-\u0444\u0430\u0439\u043b\u0430-\u043f\u0430\u043c\u044f\u0442\u0438-\u043e\u0434\u043d\u0438\u043c-\u043d\u0430\/\"]}]},{\"@type\":\"ImageObject\",\"inLanguage\":\"hu\",\"@id\":\"http:\/\/universofamilia.com\/ru\/\u0432\u043e\u0441\u0441\u0442\u0430\u043d\u043e\u0432\u043b\u0435\u043d\u0438\u0435-\u0444\u0430\u0439\u043b\u0430-\u043f\u0430\u043c\u044f\u0442\u0438-\u043e\u0434\u043d\u0438\u043c-\u043d\u0430\/#primaryimage\",\"url\":\"http:\/\/universofamilia.com\/wp-content\/uploads\/sites\/148\/2025\/03\/DESTAQUE-UNIVERSO-550-x-350-11.jpg\",\"contentUrl\":\"http:\/\/universofamilia.com\/wp-content\/uploads\/sites\/148\/2025\/03\/DESTAQUE-UNIVERSO-550-x-350-11.jpg\",\"width\":550,\"height\":350,\"caption\":\"Tu archivo de memoria restaurado con un solo toque\"},{\"@type\":\"BreadcrumbList\",\"@id\":\"http:\/\/universofamilia.com\/ru\/\u0432\u043e\u0441\u0441\u0442\u0430\u043d\u043e\u0432\u043b\u0435\u043d\u0438\u0435-\u0444\u0430\u0439\u043b\u0430-\u043f\u0430\u043c\u044f\u0442\u0438-\u043e\u0434\u043d\u0438\u043c-\u043d\u0430\/#breadcrumb\",\"itemListElement\":[{\"@type\":\"ListItem\",\"position\":1,\"name\":\"Home\",\"item\":\"https:\/\/universofamilia.com\/el\/\"},{\"@type\":\"ListItem\",\"position\":2,\"name\":\"Tu archivo de memoria restaurado con un solo toque\"}]},{\"@type\":\"WebSite\",\"@id\":\"https:\/\/universofamilia.com\/el\/#website\",\"url\":\"https:\/\/universofamilia.com\/el\/\",\"name\":\"Universo Fam\u00edlia\",\"description\":\"\",\"potentialAction\":[{\"@type\":\"SearchAction\",\"target\":{\"@type\":\"EntryPoint\",\"urlTemplate\":\"https:\/\/universofamilia.com\/el\/?s={search_term_string}\"},\"query-input\":\"required name=search_term_string\"}],\"inLanguage\":\"hu\"},{\"@type\":\"Person\",\"@id\":\"https:\/\/universofamilia.com\/el\/#\/schema\/person\/f07ce98187dd84d31154262e79b3b7ca\",\"name\":\"Pedro Henrique\",\"image\":{\"@type\":\"ImageObject\",\"inLanguage\":\"hu\",\"@id\":\"https:\/\/universofamilia.com\/el\/#\/schema\/person\/image\/\",\"url\":\"http:\/\/0.gravatar.com\/avatar\/9edfeb808cb4e1599f64d6e45b130154?s=96&d=mm&r=g\",\"contentUrl\":\"http:\/\/0.gravatar.com\/avatar\/9edfeb808cb4e1599f64d6e45b130154?s=96&d=mm&r=g\",\"caption\":\"Pedro Henrique\"},\"url\":\"http:\/\/universofamilia.com\/hu\/author\/editor01\/\"}]}<\/script>\n<!-- \/ Yoast SEO plugin. -->","yoast_head_json":{"title":"Tu archivo de memoria restaurado con un solo toque - Universo Fam\u00edlia","description":"Tu archivo de memoria restaurado con un solo toque. Tu archivo de memoria restaurado con un solo toque es la soluci\u00f3n ideal para...","robots":{"index":"index","follow":"follow","max-snippet":"max-snippet:-1","max-image-preview":"max-image-preview:large","max-video-preview":"max-video-preview:-1"},"canonical":"http:\/\/universofamilia.com\/hu\/\u0432\u043e\u0441\u0441\u0442\u0430\u043d\u043e\u0432\u043b\u0435\u043d\u0438\u0435-\u0444\u0430\u0439\u043b\u0430-\u043f\u0430\u043c\u044f\u0442\u0438-\u043e\u0434\u043d\u0438\u043c-\u043d\u0430\/","og_locale":"hu_HU","og_type":"article","og_title":"Tu archivo de memoria restaurado con un solo toque - Universo Fam\u00edlia","og_description":"Tu archivo de memoria restaurado con un solo toque. Tu archivo de memoria restaurado con un solo toque es la soluci\u00f3n ideal para...","og_url":"http:\/\/universofamilia.com\/hu\/\u0432\u043e\u0441\u0441\u0442\u0430\u043d\u043e\u0432\u043b\u0435\u043d\u0438\u0435-\u0444\u0430\u0439\u043b\u0430-\u043f\u0430\u043c\u044f\u0442\u0438-\u043e\u0434\u043d\u0438\u043c-\u043d\u0430\/","og_site_name":"Universo Fam\u00edlia","article_published_time":"2025-03-22T19:59:44+00:00","article_modified_time":"2025-04-07T18:36:17+00:00","og_image":[{"width":550,"height":350,"url":"http:\/\/universofamilia.com\/wp-content\/uploads\/sites\/148\/2025\/03\/DESTAQUE-UNIVERSO-550-x-350-11.jpg","type":"image\/jpeg"}],"author":"Pedro Henrique","twitter_card":"summary_large_image","twitter_misc":{"Written by":"Pedro Henrique","Est. reading time":"12 perc"},"schema":{"@context":"https:\/\/schema.org","@graph":[{"@type":"WebPage","@id":"http:\/\/universofamilia.com\/ru\/\u0432\u043e\u0441\u0441\u0442\u0430\u043d\u043e\u0432\u043b\u0435\u043d\u0438\u0435-\u0444\u0430\u0439\u043b\u0430-\u043f\u0430\u043c\u044f\u0442\u0438-\u043e\u0434\u043d\u0438\u043c-\u043d\u0430\/","url":"http:\/\/universofamilia.com\/ru\/\u0432\u043e\u0441\u0441\u0442\u0430\u043d\u043e\u0432\u043b\u0435\u043d\u0438\u0435-\u0444\u0430\u0439\u043b\u0430-\u043f\u0430\u043c\u044f\u0442\u0438-\u043e\u0434\u043d\u0438\u043c-\u043d\u0430\/","name":"Tu archivo de memoria restaurado con un solo toque - Universo Fam\u00edlia","isPartOf":{"@id":"https:\/\/universofamilia.com\/el\/#website"},"primaryImageOfPage":{"@id":"http:\/\/universofamilia.com\/ru\/\u0432\u043e\u0441\u0441\u0442\u0430\u043d\u043e\u0432\u043b\u0435\u043d\u0438\u0435-\u0444\u0430\u0439\u043b\u0430-\u043f\u0430\u043c\u044f\u0442\u0438-\u043e\u0434\u043d\u0438\u043c-\u043d\u0430\/#primaryimage"},"image":{"@id":"http:\/\/universofamilia.com\/ru\/\u0432\u043e\u0441\u0441\u0442\u0430\u043d\u043e\u0432\u043b\u0435\u043d\u0438\u0435-\u0444\u0430\u0439\u043b\u0430-\u043f\u0430\u043c\u044f\u0442\u0438-\u043e\u0434\u043d\u0438\u043c-\u043d\u0430\/#primaryimage"},"thumbnailUrl":"http:\/\/universofamilia.com\/wp-content\/uploads\/sites\/148\/2025\/03\/DESTAQUE-UNIVERSO-550-x-350-11.jpg","datePublished":"2025-03-22T19:59:44+00:00","dateModified":"2025-04-07T18:36:17+00:00","author":{"@id":"https:\/\/universofamilia.com\/el\/#\/schema\/person\/f07ce98187dd84d31154262e79b3b7ca"},"description":"Tu archivo de memoria restaurado con un solo toque. Tu archivo de memoria restaurado con un solo toque es la soluci\u00f3n ideal para...","breadcrumb":{"@id":"http:\/\/universofamilia.com\/ru\/\u0432\u043e\u0441\u0441\u0442\u0430\u043d\u043e\u0432\u043b\u0435\u043d\u0438\u0435-\u0444\u0430\u0439\u043b\u0430-\u043f\u0430\u043c\u044f\u0442\u0438-\u043e\u0434\u043d\u0438\u043c-\u043d\u0430\/#breadcrumb"},"inLanguage":"hu","potentialAction":[{"@type":"ReadAction","target":["http:\/\/universofamilia.com\/ru\/\u0432\u043e\u0441\u0441\u0442\u0430\u043d\u043e\u0432\u043b\u0435\u043d\u0438\u0435-\u0444\u0430\u0439\u043b\u0430-\u043f\u0430\u043c\u044f\u0442\u0438-\u043e\u0434\u043d\u0438\u043c-\u043d\u0430\/"]}]},{"@type":"ImageObject","inLanguage":"hu","@id":"http:\/\/universofamilia.com\/ru\/\u0432\u043e\u0441\u0441\u0442\u0430\u043d\u043e\u0432\u043b\u0435\u043d\u0438\u0435-\u0444\u0430\u0439\u043b\u0430-\u043f\u0430\u043c\u044f\u0442\u0438-\u043e\u0434\u043d\u0438\u043c-\u043d\u0430\/#primaryimage","url":"http:\/\/universofamilia.com\/wp-content\/uploads\/sites\/148\/2025\/03\/DESTAQUE-UNIVERSO-550-x-350-11.jpg","contentUrl":"http:\/\/universofamilia.com\/wp-content\/uploads\/sites\/148\/2025\/03\/DESTAQUE-UNIVERSO-550-x-350-11.jpg","width":550,"height":350,"caption":"Tu archivo de memoria restaurado con un solo toque"},{"@type":"BreadcrumbList","@id":"http:\/\/universofamilia.com\/ru\/\u0432\u043e\u0441\u0441\u0442\u0430\u043d\u043e\u0432\u043b\u0435\u043d\u0438\u0435-\u0444\u0430\u0439\u043b\u0430-\u043f\u0430\u043c\u044f\u0442\u0438-\u043e\u0434\u043d\u0438\u043c-\u043d\u0430\/#breadcrumb","itemListElement":[{"@type":"ListItem","position":1,"name":"Home","item":"https:\/\/universofamilia.com\/el\/"},{"@type":"ListItem","position":2,"name":"Tu archivo de memoria restaurado con un solo toque"}]},{"@type":"WebSite","@id":"https:\/\/universofamilia.com\/el\/#website","url":"https:\/\/universofamilia.com\/el\/","name":"Universo Fam\u00edlia","description":"","potentialAction":[{"@type":"SearchAction","target":{"@type":"EntryPoint","urlTemplate":"https:\/\/universofamilia.com\/el\/?s={search_term_string}"},"query-input":"required name=search_term_string"}],"inLanguage":"hu"},{"@type":"Person","@id":"https:\/\/universofamilia.com\/el\/#\/schema\/person\/f07ce98187dd84d31154262e79b3b7ca","name":"Pedro Henrique","image":{"@type":"ImageObject","inLanguage":"hu","@id":"https:\/\/universofamilia.com\/el\/#\/schema\/person\/image\/","url":"http:\/\/0.gravatar.com\/avatar\/9edfeb808cb4e1599f64d6e45b130154?s=96&d=mm&r=g","contentUrl":"http:\/\/0.gravatar.com\/avatar\/9edfeb808cb4e1599f64d6e45b130154?s=96&d=mm&r=g","caption":"Pedro Henrique"},"url":"http:\/\/universofamilia.com\/hu\/author\/editor01\/"}]}},"_links":{"self":[{"href":"http:\/\/universofamilia.com\/hu\/wp-json\/wp\/v2\/posts\/9057"}],"collection":[{"href":"http:\/\/universofamilia.com\/hu\/wp-json\/wp\/v2\/posts"}],"about":[{"href":"http:\/\/universofamilia.com\/hu\/wp-json\/wp\/v2\/types\/post"}],"author":[{"embeddable":true,"href":"http:\/\/universofamilia.com\/hu\/wp-json\/wp\/v2\/users\/139"}],"replies":[{"embeddable":true,"href":"http:\/\/universofamilia.com\/hu\/wp-json\/wp\/v2\/comments?post=9057"}],"version-history":[{"count":3,"href":"http:\/\/universofamilia.com\/hu\/wp-json\/wp\/v2\/posts\/9057\/revisions"}],"predecessor-version":[{"id":9236,"href":"http:\/\/universofamilia.com\/hu\/wp-json\/wp\/v2\/posts\/9057\/revisions\/9236"}],"wp:featuredmedia":[{"embeddable":true,"href":"http:\/\/universofamilia.com\/hu\/wp-json\/wp\/v2\/media\/9058"}],"wp:attachment":[{"href":"http:\/\/universofamilia.com\/hu\/wp-json\/wp\/v2\/media?parent=9057"}],"wp:term":[{"taxonomy":"category","embeddable":true,"href":"http:\/\/universofamilia.com\/hu\/wp-json\/wp\/v2\/categories?post=9057"},{"taxonomy":"post_tag","embeddable":true,"href":"http:\/\/universofamilia.com\/hu\/wp-json\/wp\/v2\/tags?post=9057"}],"curies":[{"name":"wp","href":"https:\/\/api.w.org\/{rel}","templated":true}]}}