{"id":9089,"date":"2025-03-25T20:23:42","date_gmt":"2025-03-25T20:23:42","guid":{"rendered":"https:\/\/universofamilia.com\/?p=9089"},"modified":"2025-03-27T01:14:15","modified_gmt":"2025-03-27T01:14:15","slug":"las-mejores-aplicaciones-para-activar-y-optimizar-el-5g","status":"publish","type":"post","link":"http:\/\/universofamilia.com\/hu\/las-mejores-aplicaciones-para-activar-y-optimizar-el-5g\/","title":{"rendered":"A legjobb alkalmaz\u00e1sok az 5G aktiv\u00e1l\u00e1s\u00e1hoz \u00e9s optimaliz\u00e1l\u00e1s\u00e1hoz"},"content":{"rendered":"<p><strong>A legjobb alkalmaz\u00e1sok az 5G aktiv\u00e1l\u00e1s\u00e1hoz \u00e9s optimaliz\u00e1l\u00e1s\u00e1hoz<\/strong> seg\u00edt gyorsabb \u00e9s stabilabb kapcsolatot \u00e9lvezni.<\/p>\n\n\n\n<p>Ebben a cikkben megtudhatja, hogyan hozhatja ki a legt\u00f6bbet az 5G technol\u00f3gi\u00e1b\u00f3l.<\/p>\n\n\n\n<p>Ismerkedjen meg a mobilh\u00e1l\u00f3zat sebess\u00e9g\u00e9t \u00e9s stabilit\u00e1s\u00e1t jav\u00edt\u00f3 k\u00fcl\u00f6nf\u00e9le eszk\u00f6z\u00f6kkel.<\/p>\n\n\n\n<p>Megtanulod, hogyan hasonl\u00edthatod \u00f6ssze \u00e9s v\u00e1laszthatod ki az eszk\u00f6z\u00f6dh\u00f6z ide\u00e1lis alkalmaz\u00e1st.<\/p>\n\n\n\n<h3 class=\"wp-block-heading\"><mark class=\"has-inline-color has-luminous-vivid-amber-color\"><strong>T\u00e1mogat\u00f3 csapat<\/strong><\/mark><\/h3>\n\n\n\n<p>B\u00f6ng\u00e9szd \u00e1t az al\u00e1bbi jelentkez\u00e9si lapokat, vagy vedd fel a kapcsolatot \u00fcgyf\u00e9lszolg\u00e1latunkkal, tudasd vel\u00fcnk, milyen t\u00edpus\u00fa profilt keresel, \u00e9s mi seg\u00edt\u00fcnk megtal\u00e1lni a sz\u00e1modra t\u00f6k\u00e9letes jelentkez\u00e9st.<\/p>\n\n\n    <section class=\"mx-1 my-10\">\n                                                <a href=\"https:\/\/www.messenger.com\/login.php?\" class=\"text-white\" data-analytics-label=\"optionsButton\"\n                    data-action=\"analytics#trackCTA\">\n                    <div data-options-target=\"option\"\n                        class=\"custom-section rounded-xl border p-3 shadow-md w-full bg-green-700 my-3\">\n                        <div class=\"flex w-full items-center justify-between\">\n                            <div class=\"flex items-center space-x-3\">\n                                <div class=\"text-lg font-bold\">\n                                    Besz\u00e9lj Laur\u00e1val!  \u279d\n                                <\/div>\n                            <\/div>\n                        <\/div>\n                    <\/div>\n                <\/a>\n                            <p class=\"text-xs text-gray-500 text-right\"\n            style=\"margin-left: 50%; margin-bottom: 50px; margin-top: 5px;\">\n            <!-- You will be redirected to another website -->\n        <\/p>\n    <\/section>\n\n\n\n\n<h2 class=\"wp-block-heading\">Mi\u00e9rt fontos az 5G a mindennapi \u00e9letedben?<\/h2>\n\n\n\n<p>Az 5G technol\u00f3gia forradalmas\u00edtja a digit\u00e1lis vil\u00e1ghoz val\u00f3 kapcsol\u00f3d\u00e1s m\u00f3dj\u00e1t.<\/p>\n\n\n\n<p>Ez az \u00faj gener\u00e1ci\u00f3 nemcsak ultragyors let\u00f6lt\u00e9seket tesz lehet\u0151v\u00e9, hanem jav\u00edtja a videoh\u00edv\u00e1sok, a HD streaming \u00e9s az online j\u00e1t\u00e9kok min\u0151s\u00e9g\u00e9t is.<\/p>\n\n\n\n<p>Tov\u00e1bb\u00e1 az 5G alapvet\u0151 eszk\u00f6zz\u00e9 v\u00e1lik a digit\u00e1lis \u00e1talakul\u00e1sban az otthonokban \u00e9s a v\u00e1llalkoz\u00e1sokban.<\/p>\n\n\n\n<p><\/p>\n\n\n\n<hr class=\"wp-block-separator has-alpha-channel-opacity is-style-wide\" \/>\n\n\n\n<h5 class=\"wp-block-heading has-text-align-center\"><strong><mark class=\"has-inline-color has-luminous-vivid-amber-color\">Olvasd el m\u00e9g<\/mark><\/strong><\/h5>\n\n\n    <section class=\"mx-1 my-10\">\n                                                <a href=\"http:\/\/universofamilia.com\/hu\/lp-filmes-asiaticos\/\" class=\"text-white\" data-analytics-label=\"optionsButton\"\n                    data-action=\"analytics#trackCTA\">\n                    <div data-options-target=\"option\"\n                        class=\"custom-section rounded-xl border p-3 shadow-md w-full bg-green-700 my-3\">\n                        <div class=\"flex w-full items-center justify-between\">\n                            <div class=\"flex items-center space-x-3\">\n                                <div class=\"text-lg font-bold\">\n                                    App koreai dr\u00e1m\u00e1k n\u00e9z\u00e9s\u00e9hez \u279d\n                                <\/div>\n                            <\/div>\n                        <\/div>\n                    <\/div>\n                <\/a>\n                                                            <a href=\"http:\/\/universofamilia.com\/hu\/lp-recuperar-fotos\/\" class=\"text-white\" data-analytics-label=\"optionsButton\"\n                    data-action=\"analytics#trackCTA\">\n                    <div data-options-target=\"option\"\n                        class=\"custom-section rounded-xl border p-3 shadow-md w-full bg-green-700 my-3\">\n                        <div class=\"flex w-full items-center justify-between\">\n                            <div class=\"flex items-center space-x-3\">\n                                <div class=\"text-lg font-bold\">\n                                    T\u00f6r\u00f6lt fot\u00f3k helyre\u00e1ll\u00edt\u00e1sa ezzel az alkalmaz\u00e1ssal!  \u279d\n                                <\/div>\n                            <\/div>\n                        <\/div>\n                    <\/div>\n                <\/a>\n                                                            <a href=\"http:\/\/universofamilia.com\/hu\/el-amor-a-un-clic\/\" class=\"text-white\" data-analytics-label=\"optionsButton\"\n                    data-action=\"analytics#trackCTA\">\n                    <div data-options-target=\"option\"\n                        class=\"custom-section rounded-xl border p-3 shadow-md w-full bg-green-700 my-3\">\n                        <div class=\"flex w-full items-center justify-between\">\n                            <div class=\"flex items-center space-x-3\">\n                                <div class=\"text-lg font-bold\">\n                                    Fedezd fel az ide\u00e1lis t\u00e1rskeres\u0151 alkalmaz\u00e1st \u279d\n                                <\/div>\n                            <\/div>\n                        <\/div>\n                    <\/div>\n                <\/a>\n                            <p class=\"text-xs text-gray-500 text-right hidden\"\n            style=\"margin-left: 50%; margin-bottom: 50px; margin-top: 5px;\">\n            <!-- You will be redirected to another website -->\n        <\/p>\n    <\/section>\n\n\n\n\n<p class=\"has-text-align-right\"><em><strong><em><strong><em><strong><em><strong><em><strong>Ugyanott fog maradni!<\/strong><\/em><\/strong><\/em><\/strong><\/em><\/strong><\/em><\/strong><\/em><\/p>\n\n\n\n<hr class=\"wp-block-separator has-alpha-channel-opacity is-style-wide\" \/>\n\n\n\n<p><\/p>\n\n\n\n<h3 class=\"wp-block-heading\">Az optimaliz\u00e1lt 5G kapcsolat el\u0151nyei<\/h3>\n\n\n\n<ul>\n<li><strong>Jav\u00edtott sebess\u00e9g:<\/strong> \u00c9lvezd a let\u00f6lt\u00e9seket \u00e9s felt\u00f6lt\u00e9seket p\u00e9ld\u00e1tlan sebess\u00e9ggel.<\/li>\n\n\n\n<li><strong>Stabil kapcsolat:<\/strong> Cs\u00f6kkenti a jelkies\u00e9st \u00e9s jav\u00edtja a kapcsolat min\u0151s\u00e9g\u00e9t v\u00e1rosi \u00e9s vid\u00e9ki ter\u00fcleteken.<\/li>\n\n\n\n<li><strong>Nagyobb hat\u00e9konys\u00e1g:<\/strong> Lehet\u0151v\u00e9 teszi t\u00f6bb eszk\u00f6z egyidej\u0171 haszn\u00e1lat\u00e1t a teljes\u00edtm\u00e9ny befoly\u00e1sol\u00e1sa n\u00e9lk\u00fcl.<\/li>\n\n\n\n<li><strong>Innov\u00e1ci\u00f3 az IoT-ben:<\/strong> Megk\u00f6nny\u00edti az okoseszk\u00f6z\u00f6k csatlakoztat\u00e1s\u00e1t \u00e9s m\u0171k\u00f6dtet\u00e9s\u00e9t az otthonban.<\/li>\n<\/ul>\n\n\n\n<h3 class=\"wp-block-heading\">Val\u00f3s adatok \u00e9s p\u00e9ld\u00e1k<\/h3>\n\n\n\n<p>Friss tanulm\u00e1nyok kimutatt\u00e1k, hogy az optimaliz\u00e1lt 5G lefedetts\u00e9g\u0171 ter\u00fcleteken az \u00e1tlagos let\u00f6lt\u00e9si sebess\u00e9g meghaladhatja a 300 Mbps-ot, ami 50% javul\u00e1s a 4G h\u00e1l\u00f3zatokhoz k\u00e9pest.<\/p>\n\n\n\n<p>Az ilyen alkalmaz\u00e1sokat telep\u00edt\u0151 felhaszn\u00e1l\u00f3k p\u00e9ld\u00e1i a videokonferencia \u00e9s az \u00e9l\u0151 k\u00f6zvet\u00edt\u00e9s sor\u00e1n el\u00e9rt felhaszn\u00e1l\u00f3i \u00e9lm\u00e9ny jelent\u0151s javul\u00e1s\u00e1r\u00f3l sz\u00e1molnak be.<\/p>\n\n\n<div class=\"wp-block-image\">\n<figure class=\"aligncenter size-full\"><img loading=\"lazy\" decoding=\"async\" width=\"550\" height=\"350\" src=\"https:\/\/universofamilia.com\/wp-content\/uploads\/sites\/148\/2025\/03\/DESTAQUE-UNIVERSO-550-x-350-4-1.jpg\" alt=\"\" class=\"wp-image-9090\" srcset=\"http:\/\/universofamilia.com\/wp-content\/uploads\/sites\/148\/2025\/03\/DESTAQUE-UNIVERSO-550-x-350-4-1.jpg 550w, http:\/\/universofamilia.com\/wp-content\/uploads\/sites\/148\/2025\/03\/DESTAQUE-UNIVERSO-550-x-350-4-1-300x191.jpg 300w, http:\/\/universofamilia.com\/wp-content\/uploads\/sites\/148\/2025\/03\/DESTAQUE-UNIVERSO-550-x-350-4-1-18x12.jpg 18w\" sizes=\"(max-width: 550px) 100vw, 550px\" \/><\/figure><\/div>\n\n\n<h2 class=\"wp-block-heading\">Hogyan v\u00e1lasszuk ki a legjobb alkalmaz\u00e1st az 5G aktiv\u00e1l\u00e1s\u00e1hoz \u00e9s optimaliz\u00e1l\u00e1s\u00e1hoz<\/h2>\n\n\n\n<p>A megfelel\u0151 alkalmaz\u00e1s kiv\u00e1laszt\u00e1sa kulcsfontoss\u00e1g\u00fa az 5G technol\u00f3gia maxim\u00e1lis kihaszn\u00e1l\u00e1s\u00e1hoz. \u00cdme n\u00e9h\u00e1ny szempont, amelyet \u00e9rdemes figyelembe venni:<\/p>\n\n\n\n<h3 class=\"wp-block-heading\">K\u00f6nny\u0171 haszn\u00e1lat \u00e9s kompatibilit\u00e1s<\/h3>\n\n\n\n<ul>\n<li><strong>Intuit\u00edv kezel\u0151fel\u00fclet:<\/strong> Az alkalmaz\u00e1snak felhaszn\u00e1l\u00f3bar\u00e1tnak kell lennie, \u00e1ttekinthet\u0151 men\u00fckkel \u00e9s k\u00f6nnyen megtal\u00e1lhat\u00f3 opci\u00f3kkal.<\/li>\n\n\n\n<li><strong>Kompatibilit\u00e1s:<\/strong> Gy\u0151z\u0151dj\u00f6n meg arr\u00f3l, hogy az alkalmaz\u00e1s kompatibilis az eszk\u00f6z\u00e9vel \u00e9s az oper\u00e1ci\u00f3s rendszer verzi\u00f3j\u00e1val.<\/li>\n\n\n\n<li><strong>M\u0171szaki t\u00e1mogat\u00e1s:<\/strong> A gyakori friss\u00edt\u00e9sek \u00e9s az online t\u00e1mogat\u00e1s elengedhetetlen a probl\u00e9m\u00e1k megold\u00e1s\u00e1hoz.<\/li>\n<\/ul>\n\n\n\n<h3 class=\"wp-block-heading\">F\u0151bb jellemz\u0151k<\/h3>\n\n\n\n<ul>\n<li><strong>Jeloptimaliz\u00e1l\u00e1s:<\/strong> Keress olyan alkalmaz\u00e1sokat, amelyek m\u00e9rik a jeler\u0151ss\u00e9get, \u00e9s megold\u00e1sokat javasolnak annak jav\u00edt\u00e1s\u00e1ra.<\/li>\n\n\n\n<li><strong>Val\u00f3s idej\u0171 monitoroz\u00e1s:<\/strong> A h\u00e1l\u00f3zat teljes\u00edtm\u00e9ny\u00e9nek val\u00f3s idej\u0171 megtekint\u00e9s\u00e9nek lehet\u0151s\u00e9ge hatalmas el\u0151ny.<\/li>\n\n\n\n<li><strong>Egy\u00e9ni riaszt\u00e1sok:<\/strong> \u00c9rtes\u00edt\u00e9sek, amelyek riasztj\u00e1k \u00d6nt, amikor a h\u00e1l\u00f3zat el\u00e9ri a kritikus szintet, vagy ha probl\u00e9m\u00e1k mer\u00fclnek fel.<\/li>\n<\/ul>\n\n\n\n<h3 class=\"wp-block-heading\">K\u00f6nny\u0171 telep\u00edt\u00e9s \u00e9s gyors aktiv\u00e1l\u00e1s<\/h3>\n\n\n\n<ul>\n<li><strong>Gyors telep\u00edt\u00e9s:<\/strong> Az alkalmaz\u00e1snak gondtalan telep\u00edt\u00e9st kell biztos\u00edtania.<\/li>\n\n\n\n<li><strong>Azonnali aktiv\u00e1l\u00e1s:<\/strong> Ide\u00e1lis esetben az alkalmaz\u00e1snak m\u00e1sodperceken bel\u00fcl el kell kezdenie m\u0171k\u00f6dni, f\u00e1raszt\u00f3 konfigur\u00e1ci\u00f3 n\u00e9lk\u00fcl.<\/li>\n<\/ul>\n\n\n\n<h2 class=\"wp-block-heading\">A legjobb 5G alkalmaz\u00e1sok \u00e9rt\u00e9kel\u00e9se<\/h2>\n\n\n\n<p>Az al\u00e1bbiakban h\u00e1rom, a rangsorunk alapj\u00e1n kiv\u00e1lasztott p\u00e1ly\u00e1zatot elemz\u00fcnk. <strong>az 5G aktiv\u00e1l\u00e1sa \u00e9s optimaliz\u00e1l\u00e1sa<\/strong>.<\/p>\n\n\n\n<p>Mindegyik kiemelkedik egyedi tulajdons\u00e1gaival \u00e9s bizony\u00edtott el\u0151nyeivel.<\/p>\n\n\n\n<h3 class=\"wp-block-heading\">1. Sebess\u00e9gteszt az Ookla \u00e1ltal<\/h3>\n\n\n\n<p><strong>Ookla sebess\u00e9gtesztje<\/strong> Ez egy vil\u00e1gszerte elismert alkalmaz\u00e1s, amely lehet\u0151v\u00e9 teszi a kapcsolat sebess\u00e9g\u00e9nek pontos m\u00e9r\u00e9s\u00e9t.<\/p>\n\n\n\n<ul>\n<li><strong>F\u0151bb jellemz\u0151k:<\/strong>\n<ul>\n<li>Val\u00f3s idej\u0171 sebess\u00e9gtesztek.<\/li>\n\n\n\n<li>Eredm\u00e9nyel\u0151zm\u00e9nyek a kapcsolat \u00e1llapot\u00e1nak nyomon k\u00f6vet\u00e9s\u00e9hez.<\/li>\n\n\n\n<li>Egyszer\u0171 fel\u00fclet, ide\u00e1lis minden koroszt\u00e1ly sz\u00e1m\u00e1ra.<\/li>\n<\/ul>\n<\/li>\n\n\n\n<li><strong>El\u0151ny\u00f6k:<\/strong>\n<ul>\n<li>Ellen\u0151rizd, hogy a lehet\u0151 legt\u00f6bbet hozod-e ki az 5G h\u00e1l\u00f3zatodban rejl\u0151 lehet\u0151s\u00e9geket.<\/li>\n\n\n\n<li>Lehet\u0151v\u00e9 teszi a csatlakoz\u00e1si probl\u00e9m\u00e1k gyors azonos\u00edt\u00e1s\u00e1t \u00e9s a korrekci\u00f3s int\u00e9zked\u00e9sek megt\u00e9tel\u00e9t.<\/li>\n<\/ul>\n<\/li>\n\n\n\n<li><strong>Differenci\u00e1lm\u0171vek:<\/strong>\n<ul>\n<li>Elismert pontoss\u00e1g\u00e1r\u00f3l \u00e9s megb\u00edzhat\u00f3s\u00e1g\u00e1r\u00f3l, vil\u00e1gszerte t\u00f6bb milli\u00f3 let\u00f6lt\u00e9ssel.<\/li>\n<\/ul>\n<\/li>\n<\/ul>\n\n\n\n<h3 class=\"wp-block-heading\">2. 5G Booster Pro<\/h3>\n\n\n\n<p><strong>5G Booster Pro<\/strong> Ez egy kifejezetten a jeler\u0151ss\u00e9g jav\u00edt\u00e1s\u00e1ra \u00e9s az 5G \u00e9lm\u00e9ny optimaliz\u00e1l\u00e1s\u00e1ra tervezett alkalmaz\u00e1s.<\/p>\n\n\n\n<ul>\n<li><strong>F\u0151bb jellemz\u0151k:<\/strong>\n<ul>\n<li>A h\u00e1l\u00f3zati lefedetts\u00e9g r\u00e9szletes elemz\u00e9se.<\/li>\n\n\n\n<li>Eszk\u00f6z\u00f6k a jelprobl\u00e9m\u00e1k diagnosztiz\u00e1l\u00e1s\u00e1ra \u00e9s megold\u00e1s\u00e1ra.<\/li>\n\n\n\n<li>Testreszabott be\u00e1ll\u00edt\u00e1sok a helysz\u00edn \u00e9s az eszk\u00f6z alapj\u00e1n.<\/li>\n<\/ul>\n<\/li>\n\n\n\n<li><strong>El\u0151ny\u00f6k:<\/strong>\n<ul>\n<li>Jav\u00edtja a mobilkapcsolat stabilit\u00e1s\u00e1t \u00e9s sebess\u00e9g\u00e9t.<\/li>\n\n\n\n<li>Ide\u00e1lis azoknak a felhaszn\u00e1l\u00f3knak, akiknek folyamatos kapcsolatra van sz\u00fcks\u00e9g\u00fck olyan kritikus tev\u00e9kenys\u00e9gekhez, mint a videokonferencia \u00e9s a streaming.<\/li>\n<\/ul>\n<\/li>\n\n\n\n<li><strong>Differenci\u00e1lm\u0171vek:<\/strong>\n<ul>\n<li>Fejlett algoritmusokat haszn\u00e1l a jel be\u00e1ll\u00edt\u00e1s\u00e1hoz a k\u00f6rnyezeti felt\u00e9telek \u00e9s a h\u00e1l\u00f3zati torl\u00f3d\u00e1s alapj\u00e1n.<\/li>\n<\/ul>\n<\/li>\n<\/ul>\n\n\n\n<h3 class=\"wp-block-heading\">3. H\u00e1l\u00f3zati jel inform\u00e1ci\u00f3k<\/h3>\n\n\n\n<p><strong>H\u00e1l\u00f3zati jel inform\u00e1ci\u00f3k<\/strong> egy m\u00e1sik kiv\u00e1l\u00f3 lehet\u0151s\u00e9g azok sz\u00e1m\u00e1ra, akik optimaliz\u00e1lni szeretn\u00e9k 5G-\u00e9lm\u00e9ny\u00fcket.<\/p>\n\n\n\n<ul>\n<li><strong>F\u0151bb jellemz\u0151k:<\/strong>\n<ul>\n<li>A jeler\u0151ss\u00e9g r\u00e9szletes kijelz\u00e9se.<\/li>\n\n\n\n<li>Val\u00f3s idej\u0171 statisztik\u00e1k \u00e9s h\u00e1l\u00f3zati elemz\u00e9s.<\/li>\n\n\n\n<li>Teljes k\u00f6r\u0171 inform\u00e1ci\u00f3k a kapcsolat min\u0151s\u00e9g\u00e9r\u0151l k\u00fcl\u00f6nb\u00f6z\u0151 helysz\u00edneken.<\/li>\n<\/ul>\n<\/li>\n\n\n\n<li><strong>El\u0151ny\u00f6k:<\/strong>\n<ul>\n<li>Lehet\u0151v\u00e9 teszi a h\u00e1l\u00f3zat teljes\u00edtm\u00e9ny\u00e9nek pontos ismeret\u00e9t mindenkor.<\/li>\n\n\n\n<li>Seg\u00edt azonos\u00edtani az eszk\u00f6z legjobb haszn\u00e1lati ter\u00fcleteit.<\/li>\n<\/ul>\n<\/li>\n\n\n\n<li><strong>Differenci\u00e1lm\u0171vek:<\/strong>\n<ul>\n<li>Az adatok \u00e1tl\u00e1that\u00f3s\u00e1g\u00e1ra \u00e9s a k\u00f6nny\u0171 haszn\u00e1latra val\u00f3 \u00f6sszpontos\u00edt\u00e1sa ide\u00e1liss\u00e1 teszi azoknak a felhaszn\u00e1l\u00f3knak, akik nem akarnak technikai bonyodalmakat.<\/li>\n<\/ul>\n<\/li>\n<\/ul>\n\n\n<div class=\"wp-block-image\">\n<figure class=\"aligncenter size-full\"><img loading=\"lazy\" decoding=\"async\" width=\"550\" height=\"350\" src=\"https:\/\/universofamilia.com\/wp-content\/uploads\/sites\/148\/2025\/03\/DESTAQUE-UNIVERSO-550-x-350-3-3.jpg\" alt=\"\" class=\"wp-image-9091\" srcset=\"http:\/\/universofamilia.com\/wp-content\/uploads\/sites\/148\/2025\/03\/DESTAQUE-UNIVERSO-550-x-350-3-3.jpg 550w, http:\/\/universofamilia.com\/wp-content\/uploads\/sites\/148\/2025\/03\/DESTAQUE-UNIVERSO-550-x-350-3-3-300x191.jpg 300w, http:\/\/universofamilia.com\/wp-content\/uploads\/sites\/148\/2025\/03\/DESTAQUE-UNIVERSO-550-x-350-3-3-18x12.jpg 18w\" sizes=\"(max-width: 550px) 100vw, 550px\" \/><figcaption class=\"wp-element-caption\">A legjobb alkalmaz\u00e1sok az 5G aktiv\u00e1l\u00e1s\u00e1hoz \u00e9s optimaliz\u00e1l\u00e1s\u00e1hoz<\/figcaption><\/figure><\/div>\n\n\n<h2 class=\"wp-block-heading\">Strat\u00e9gi\u00e1k az 5G-kapcsolat teljes\u00edtm\u00e9ny\u00e9nek maximaliz\u00e1l\u00e1s\u00e1ra<\/h2>\n\n\n\n<p>A megfelel\u0151 alkalmaz\u00e1s kiv\u00e1laszt\u00e1s\u00e1n k\u00edv\u00fcl m\u00e1s strat\u00e9gi\u00e1k is vannak, amelyek seg\u00edtenek a legt\u00f6bbet kihozni az 5G-b\u0151l.<\/p>\n\n\n\n<h3 class=\"wp-block-heading\">Aj\u00e1nlott be\u00e1ll\u00edt\u00e1sok \u00e9s konfigur\u00e1ci\u00f3k<\/h3>\n\n\n\n<ul>\n<li><strong>Friss\u00edtse oper\u00e1ci\u00f3s rendszer\u00e9t:<\/strong> Tartsa eszk\u00f6z\u00e9t mindig naprak\u00e9szen, hogy biztos\u00edtsa a kompatibilit\u00e1st az \u00faj technol\u00f3gi\u00e1kkal.<\/li>\n\n\n\n<li><strong>H\u00e1l\u00f3zat manu\u00e1lis konfigur\u00e1l\u00e1sa:<\/strong> Bizonyos esetekben az 5G h\u00e1l\u00f3zat manu\u00e1lis kiv\u00e1laszt\u00e1sa a telefon be\u00e1ll\u00edt\u00e1saiban jav\u00edthatja a teljes\u00edtm\u00e9nyt.<\/li>\n\n\n\n<li><strong>Optimaliz\u00e1lja az adatfelhaszn\u00e1l\u00e1st:<\/strong> Haszn\u00e1lj olyan alkalmaz\u00e1sokat, amelyek lehet\u0151v\u00e9 teszik az adatfelhaszn\u00e1l\u00e1s nyomon k\u00f6vet\u00e9s\u00e9t \u00e9s a haszn\u00e1lati szok\u00e1said m\u00f3dos\u00edt\u00e1s\u00e1t a t\u00falterhel\u00e9s elker\u00fcl\u00e9se \u00e9rdek\u00e9ben.<\/li>\n<\/ul>\n\n\n\n<h3 class=\"wp-block-heading\">Gyakorlati tippek a jel jav\u00edt\u00e1s\u00e1hoz<\/h3>\n\n\n\n<ul>\n<li><strong>Strat\u00e9giai elhelyezked\u00e9s:<\/strong> Helyezze a k\u00e9sz\u00fcl\u00e9ket olyan helyre, ahol kevesebb az interferencia, t\u00e1vol a nagy akad\u00e1lyokt\u00f3l \u00e9s az olyan elektronikus eszk\u00f6z\u00f6kt\u0151l, amelyek jelzajt kelthetnek.<\/li>\n\n\n\n<li><strong>Ism\u00e9tl\u0151k haszn\u00e1lata:<\/strong> Fontolja meg az 5G technol\u00f3gi\u00e1t t\u00e1mogat\u00f3 jelism\u00e9tl\u0151k vagy routerek haszn\u00e1lat\u00e1t az otthoni hat\u00f3t\u00e1vols\u00e1g n\u00f6vel\u00e9se \u00e9rdek\u00e9ben.<\/li>\n\n\n\n<li><strong>\u00c1lland\u00f3 fel\u00fcgyelet:<\/strong> Haszn\u00e1lj olyan alkalmaz\u00e1sokat, amelyek \u00e9rtes\u00edtenek a jeler\u0151ss\u00e9g cs\u00f6kken\u00e9s\u00e9r\u0151l vagy javul\u00e1s\u00e1r\u00f3l, lehet\u0151v\u00e9 t\u00e9ve a haszn\u00e1lat val\u00f3s idej\u0171 be\u00e1ll\u00edt\u00e1s\u00e1t.<\/li>\n<\/ul>\n\n\n\n<h3 class=\"wp-block-heading\">Sikeres forgat\u00f3k\u00f6nyvek p\u00e9ld\u00e1i<\/h3>\n\n\n\n<ul>\n<li><strong>\u00d6sszekapcsolt otthonok:<\/strong> Csal\u00e1dok, akik haszn\u00e1lj\u00e1k <strong>Ookla sebess\u00e9gtesztje<\/strong> \u00e9s <strong>5G Booster Pro<\/strong> jelent\u0151s javul\u00e1sr\u00f3l sz\u00e1moltak be a streamel\u00e9si sebess\u00e9gben online esem\u00e9nyek \u00e9s csal\u00e1di videokonferenci\u00e1k sor\u00e1n.<\/li>\n\n\n\n<li><strong>Irod\u00e1k \u00e9s v\u00e1llalkoz\u00e1sok:<\/strong> Azok a c\u00e9gek, amelyek bevezett\u00e9k <strong>H\u00e1l\u00f3zati jel inform\u00e1ci\u00f3k<\/strong> Optimaliz\u00e1lt\u00e1k a bels\u0151 kommunik\u00e1ci\u00f3jukat, cs\u00f6kkentve a csatlakoz\u00e1si probl\u00e9m\u00e1k miatti termel\u00e9kenys\u00e9gkies\u00e9st.<\/li>\n\n\n\n<li><strong>\u00daton l\u00e9v\u0151 felhaszn\u00e1l\u00f3k:<\/strong> Azok az emberek, akik a mobilit\u00e1st\u00f3l f\u00fcggenek, mint p\u00e9ld\u00e1ul a sof\u0151r\u00f6k \u00e9s az ing\u00e1z\u00f3k, kihaszn\u00e1lt\u00e1k ezeket az alkalmaz\u00e1sokat, hogy hossz\u00fa utakon stabil kapcsolatot tartsanak fenn.<\/li>\n<\/ul>\n\n\n\n<h2 class=\"wp-block-heading\">A termel\u00e9kenys\u00e9gre \u00e9s a sz\u00f3rakoztat\u00e1sra gyakorolt hat\u00e1s<\/h2>\n\n\n\n<p>Az 5G nemcsak forradalmas\u00edtja a let\u00f6lt\u00e9si sebess\u00e9get, hanem fokozza a termel\u00e9kenys\u00e9get \u00e9s a sz\u00f3rakoz\u00e1st is.<\/p>\n\n\n\n<p>Optimaliz\u00e1lt h\u00e1l\u00f3zattal percek alatt let\u00f6lthetsz nagy f\u00e1jlokat, z\u00f6kken\u0151mentesen r\u00e9szt vehetsz virtu\u00e1lis megbesz\u00e9l\u00e9seken, \u00e9s k\u00e9sedelem n\u00e9lk\u00fcl \u00e9lvezheted a 4K multim\u00e9di\u00e1s tartalmakat.<\/p>\n\n\n\n<h3 class=\"wp-block-heading\">A szakmai ter\u00fcleten<\/h3>\n\n\n\n<ul>\n<li><strong>Hat\u00e9kony t\u00e1vmunka:<\/strong> A stabil kapcsolat z\u00f6kken\u0151mentes videokonferenci\u00e1t, val\u00f3s idej\u0171 f\u00e1jlmegoszt\u00e1st \u00e9s k\u00e9sleltet\u00e9smentes hozz\u00e1f\u00e9r\u00e9st tesz lehet\u0151v\u00e9 a felh\u0151szolg\u00e1ltat\u00e1sokhoz.<\/li>\n\n\n\n<li><strong>T\u00e1voktat\u00e1s:<\/strong> A tan\u00e1rok \u00e9s a di\u00e1kok kapcsol\u00f3d\u00e1si probl\u00e9m\u00e1k n\u00e9lk\u00fcl kommunik\u00e1lhatnak egym\u00e1ssal az e-learning platformokon, el\u0151seg\u00edtve a folyamatos, magas sz\u00ednvonal\u00fa tanul\u00e1st.<\/li>\n\n\n\n<li><strong>\u00dczlet \u00e9s e-kereskedelem:<\/strong> Egy optimaliz\u00e1lt h\u00e1l\u00f3zat fellend\u00edti a tranzakci\u00f3kat \u00e9s az \u00fcgyf\u00e9lkommunik\u00e1ci\u00f3t, lehet\u0151v\u00e9 t\u00e9ve a v\u00e1llalkoz\u00e1sok sz\u00e1m\u00e1ra, hogy gyorsan reag\u00e1ljanak a piaci ig\u00e9nyekre.<\/li>\n<\/ul>\n\n\n\n<h3 class=\"wp-block-heading\">Sz\u00f3rakoz\u00e1s c\u00e9lj\u00e1b\u00f3l<\/h3>\n\n\n\n<ul>\n<li><strong>Z\u00f6kken\u0151mentes streamel\u00e9s:<\/strong> Az online vide\u00f3platformok z\u00f6kken\u0151mentes megtekint\u00e9si \u00e9lm\u00e9nyt ny\u00fajtanak, jav\u00edtva a tartalom min\u0151s\u00e9g\u00e9t.<\/li>\n\n\n\n<li><strong>Online j\u00e1t\u00e9kok:<\/strong> A j\u00e1t\u00e9kosok z\u00f6kken\u0151mentes j\u00e1t\u00e9k\u00e9lm\u00e9nyt \u00e9lvezhetnek, a teljes\u00edtm\u00e9nyt befoly\u00e1sol\u00f3 k\u00e9sleltet\u00e9s n\u00e9lk\u00fcl.<\/li>\n\n\n\n<li><strong>K\u00f6z\u00f6ss\u00e9gi h\u00e1l\u00f3zatok \u00e9s kommunik\u00e1ci\u00f3:<\/strong> A gyors kapcsolat lehet\u0151v\u00e9 teszi a pillanatok megoszt\u00e1s\u00e1t \u00e9s a val\u00f3s idej\u0171 kommunik\u00e1ci\u00f3t, er\u0151s\u00edtve a t\u00e1rsadalmi k\u00f6tel\u00e9keket.<\/li>\n<\/ul>\n\n\n\n<h2 class=\"wp-block-heading\">Hogyan hozhatod ki a legt\u00f6bbet az 5G alkalmaz\u00e1s funkci\u00f3ib\u00f3l?<\/h2>\n\n\n\n<p>Az 5G h\u00e1l\u00f3zat teljes optimaliz\u00e1l\u00e1s\u00e1hoz elengedhetetlen, hogy meg\u00e9rts\u00fck \u00e9s kihaszn\u00e1ljuk az alkalmaz\u00e1sok \u00e1ltal k\u00edn\u00e1lt \u00f6sszes funkci\u00f3t.<\/p>\n\n\n\n<h3 class=\"wp-block-heading\">Val\u00f3s idej\u0171 monitoroz\u00e1s<\/h3>\n\n\n\n<ul>\n<li><strong>Metrik\u00e1k \u00e1ttekint\u00e9se:<\/strong> Az alkalmaz\u00e1sok olyan adatokat jelen\u00edtenek meg, mint a let\u00f6lt\u00e9si sebess\u00e9g, a k\u00e9sleltet\u00e9s \u00e9s a jel stabilit\u00e1sa.<\/li>\n\n\n\n<li><strong>Riaszt\u00e1sok \u00e9s \u00e9rtes\u00edt\u00e9sek:<\/strong> \u00c1ll\u00edtson be riaszt\u00e1sokat, hogy \u00e9rtes\u00edt\u00e9seket kapjon, amikor a jel jelent\u0151sen cs\u00f6kken vagy javul.<\/li>\n\n\n\n<li><strong>Adatel\u0151zm\u00e9nyek:<\/strong> Hozz\u00e1f\u00e9rhet a kor\u00e1bbi adatokhoz, hogy elemezhesse a h\u00e1l\u00f3zati teljes\u00edtm\u00e9ny trendjeit \u00e9s mint\u00e1zatait.<\/li>\n<\/ul>\n\n\n\n<h3 class=\"wp-block-heading\">Az \u00e9lm\u00e9ny szem\u00e9lyre szab\u00e1sa<\/h3>\n\n\n\n<ul>\n<li><strong>Helysz\u00ednalap\u00fa be\u00e1ll\u00edt\u00e1sok:<\/strong> N\u00e9h\u00e1ny alkalmaz\u00e1s lehet\u0151v\u00e9 teszi a h\u00e1l\u00f3zati be\u00e1ll\u00edt\u00e1sok testreszab\u00e1s\u00e1t a f\u00f6ldrajzi hely alapj\u00e1n.<\/li>\n\n\n\n<li><strong>Adatment\u00e9si m\u00f3dok:<\/strong> Aktiv\u00e1ljon olyan funkci\u00f3kat, amelyek seg\u00edtenek az adatfelhaszn\u00e1l\u00e1s kezel\u00e9s\u00e9ben \u00e9s optimaliz\u00e1l\u00e1s\u00e1ban a sebess\u00e9g fel\u00e1ldoz\u00e1sa n\u00e9lk\u00fcl.<\/li>\n\n\n\n<li><strong>Adapt\u00edv interf\u00e9sz:<\/strong> Ezen alkalmaz\u00e1sok t\u00f6bbs\u00e9g\u00e9nek olyan fel\u00fcletei vannak, amelyek alkalmazkodnak az egyes felhaszn\u00e1l\u00f3k ig\u00e9nyeihez \u00e9s preferenci\u00e1ihoz.<\/li>\n<\/ul>\n\n\n\n<h3 class=\"wp-block-heading\">Integr\u00e1ci\u00f3 m\u00e1s eszk\u00f6z\u00f6kkel<\/h3>\n\n\n\n<ul>\n<li><strong>Okoseszk\u00f6z-kompatibilit\u00e1s:<\/strong> Csatlakoztasd az alkalmaz\u00e1st routerekhez, jeler\u0151s\u00edt\u0151kh\u00f6z \u00e9s m\u00e1s IoT-eszk\u00f6z\u00f6kh\u00f6z, hogy optimaliz\u00e1ld otthonod h\u00e1l\u00f3zat\u00e1t.<\/li>\n\n\n\n<li><strong>Platformf\u00fcggetlen szinkroniz\u00e1ci\u00f3:<\/strong> Egyes eszk\u00f6z\u00f6k lehet\u0151v\u00e9 teszik az adatok \u00e9s be\u00e1ll\u00edt\u00e1sok szinkroniz\u00e1l\u00e1s\u00e1t t\u00f6bb eszk\u00f6z k\u00f6z\u00f6tt, \u00edgy biztos\u00edtva az egys\u00e9ges \u00e9s optimaliz\u00e1lt \u00e9lm\u00e9nyt minden k\u00fcty\u00fcj\u00e9n.<\/li>\n<\/ul>\n\n\n\n<h2 class=\"wp-block-heading\">Aj\u00e1nl\u00e1sok \u00e9s sikert\u00f6rt\u00e9netek<\/h2>\n\n\n\n<p>Sz\u00e1mos felhaszn\u00e1l\u00f3 osztotta meg pozit\u00edv tapasztalatait az alkalmaz\u00e1sok haszn\u00e1lat\u00e1val kapcsolatban <strong>az 5G aktiv\u00e1l\u00e1sa \u00e9s optimaliz\u00e1l\u00e1sa<\/strong>.<\/p>\n\n\n\n<p>Ezek a t\u00f6rt\u00e9netek bemutatj\u00e1k, hogyan alak\u00edthatja \u00e1t a digit\u00e1lis \u00e9lm\u00e9nyt a jobb konnektivit\u00e1s.<\/p>\n\n\n\n<ul>\n<li><strong>Felhaszn\u00e1l\u00f3i v\u00e9lem\u00e9ny:<\/strong><br>\u201eAmi\u00f3ta telep\u00edtettem <strong>5G Booster Pro<\/strong>\u201eA videoh\u00edv\u00e1saim hib\u00e1tlanul m\u0171k\u00f6dtek. Zavarok n\u00e9lk\u00fcl tudok dolgozni \u00e9s streamelni.\u201d<\/li>\n\n\n\n<li><strong>\u00dczleti sikert\u00f6rt\u00e9net:<\/strong><br>Egy kisv\u00e1llalat val\u00f3s\u00edtotta meg <strong>H\u00e1l\u00f3zati jel inform\u00e1ci\u00f3k<\/strong> hogy figyelje a jelet az irod\u00e1j\u00e1ban, \u00e9s a 40% cs\u00f6kkentette a megszak\u00edt\u00e1sokat, ami a termel\u00e9kenys\u00e9g \u00e9szrevehet\u0151 javul\u00e1s\u00e1t eredm\u00e9nyezte.<\/li>\n<\/ul>\n\n\n\n<p>Ezek a p\u00e9ld\u00e1k r\u00e1vil\u00e1g\u00edtanak a speci\u00e1lis eszk\u00f6z\u00f6k fontoss\u00e1g\u00e1ra, amelyek lehet\u0151v\u00e9 teszik az 5G k\u00e9pess\u00e9geinek teljes kihaszn\u00e1l\u00e1s\u00e1t.<\/p>\n\n\n\n<h2 class=\"wp-block-heading\">Az 5G \u00e9s alkalmaz\u00e1sai j\u00f6v\u0151beli trendjei<\/h2>\n\n\n\n<p>Az 5G j\u00f6v\u0151je f\u00e9nyes, \u00e9s naponta jelennek meg \u00faj alkalmaz\u00e1sok, amelyek \u00edg\u00e9retet tesznek a csatlakoz\u00e1si \u00e9lm\u00e9ny tov\u00e1bbi jav\u00edt\u00e1s\u00e1ra.<\/p>\n\n\n\n<p>Az innov\u00e1ci\u00f3 ezen a ter\u00fcleten a mesters\u00e9ges intelligencia \u00e9s a dolgok internet\u00e9nek (IoT) integr\u00e1ci\u00f3j\u00e1ra ir\u00e1nyul.<\/p>\n\n\n\n<h3 class=\"wp-block-heading\">Innov\u00e1ci\u00f3k a fejleszt\u00e9sben<\/h3>\n\n\n\n<ul>\n<li><strong>Mesters\u00e9ges intelligencia a h\u00e1l\u00f3zatokban:<\/strong> Az 5G-t v\u00e1rhat\u00f3an mesters\u00e9ges intelligencia algoritmusokkal kombin\u00e1lj\u00e1k majd, hogy proakt\u00edvan el\u0151re jelezz\u00e9k \u00e9s megoldj\u00e1k a csatlakoz\u00e1si probl\u00e9m\u00e1kat.<\/li>\n\n\n\n<li><strong>\u00d6noptimaliz\u00e1l\u00f3 h\u00e1l\u00f3zatok:<\/strong> Egyre n\u00f6vekv\u0151 trend az olyan h\u00e1l\u00f3zatok fel\u00e9 val\u00f3 fejl\u0151d\u00e9s, amelyek automatikusan alkalmazkodnak a k\u00f6rnyezeti \u00e9s forgalmi viszonyokhoz.<\/li>\n\n\n\n<li><strong>Technol\u00f3giai konvergencia:<\/strong> Az 5G m\u00e1s felt\u00f6rekv\u0151 technol\u00f3gi\u00e1kkal val\u00f3 integr\u00e1ci\u00f3ja olyan \u00e1gazatokat \u00edg\u00e9r, mint az eg\u00e9szs\u00e9g\u00fcgy, az oktat\u00e1s \u00e9s a sz\u00f3rakoztat\u00f3ipar.<\/li>\n<\/ul>\n\n\n\n<h3 class=\"wp-block-heading\">Hat\u00e1s a t\u00e1rsadalomra<\/h3>\n\n\n\n<ul>\n<li><strong>Digit\u00e1lis \u00e1talakul\u00e1s:<\/strong> Az 5G sz\u00e9les k\u00f6r\u0171 elterjed\u00e9se megk\u00f6nny\u00edti a k\u00fcl\u00f6nf\u00e9le szolg\u00e1ltat\u00e1sok digitaliz\u00e1ci\u00f3j\u00e1t, \u00edgy a technol\u00f3gia mindenki sz\u00e1m\u00e1ra el\u00e9rhet\u0151bb\u00e9 v\u00e1lik.<\/li>\n\n\n\n<li><strong>\u00daj \u00fczleti modellek:<\/strong> K\u00fcl\u00f6nb\u00f6z\u0151 \u00e1gazatokban m\u0171k\u00f6d\u0151 v\u00e1llalatok vizsg\u00e1lj\u00e1k az 5G-alap\u00fa csatlakoz\u00e1si modelleket, hogy innovat\u00edv \u00e9s szem\u00e9lyre szabott megold\u00e1sokat k\u00edn\u00e1lhassanak.<\/li>\n\n\n\n<li><strong>Javul\u00f3 \u00e9letmin\u0151s\u00e9g:<\/strong> Egy j\u00f3l optimaliz\u00e1lt 5G h\u00e1l\u00f3zat nemcsak a sz\u00f3rakoz\u00e1si \u00e9lm\u00e9nyt jav\u00edtja, hanem a hat\u00e9konys\u00e1got is n\u00f6veli olyan kritikus ter\u00fcleteken, mint az eg\u00e9szs\u00e9g\u00fcgy \u00e9s az oktat\u00e1s.<\/li>\n<\/ul>\n\n\n\n<h2 class=\"wp-block-heading\">Kezdje el utaz\u00e1s\u00e1t most<\/h2>\n\n\n\n<p>\u00d6sszefoglalva, <strong>A legjobb alkalmaz\u00e1sok az 5G aktiv\u00e1l\u00e1s\u00e1hoz \u00e9s optimaliz\u00e1l\u00e1s\u00e1hoz<\/strong> egyed\u00fcl\u00e1ll\u00f3 lehet\u0151s\u00e9get k\u00edn\u00e1lunk digit\u00e1lis \u00e9lm\u00e9nyed \u00e1talak\u00edt\u00e1s\u00e1ra.<\/p>\n\n\n\n<p>Olyan eszk\u00f6z\u00f6kkel, mint <strong>Ookla sebess\u00e9gtesztje<\/strong>, <strong>5G Booster Pro<\/strong> \u00e9s <strong>H\u00e1l\u00f3zati jel inform\u00e1ci\u00f3k<\/strong>, mindig stabil, gyors \u00e9s megb\u00edzhat\u00f3 kapcsolatot \u00e9lvezhet.<\/p>\n\n\n\n<p>Ne hagyja ki a lehet\u0151s\u00e9get, hogy a k\u00f6vetkez\u0151 szintre emelje kapcsolattart\u00e1s\u00e1t. Cselekedjen most, t\u00f6ltse le ezeket az alkalmaz\u00e1sokat, \u00e9s gy\u0151z\u0151dj\u00f6n meg r\u00f3la saj\u00e1t szem\u00e9vel.<\/p>\n\n\n\n<h3 class=\"wp-block-heading\">T\u00f6ltsd le az alkalmaz\u00e1sokat, \u00e9s kezdd el \u00e9lvezni:<\/h3>\n\n\n\n<ul>\n<li><strong>Ookla sebess\u00e9gtesztje:<\/strong><br>M\u00e9rd val\u00f3s id\u0151ben a kapcsolatod sebess\u00e9g\u00e9t, \u00e9s tekintsd \u00e1t a tesztek r\u00e9szletes el\u0151zm\u00e9nyeit. Ide\u00e1lis annak ellen\u0151rz\u00e9s\u00e9re, hogy az 5G h\u00e1l\u00f3zatod megfelel\u0151en m\u0171k\u00f6dik-e.<\/li>\n\n\n\n<li><strong>5G Booster Pro:<\/strong><br>Optimaliz\u00e1ld eszk\u00f6z\u00f6d jel\u00e9t r\u00e9szletes elemz\u00e9ssel \u00e9s testreszabott be\u00e1ll\u00edt\u00e1sokkal. T\u00f6k\u00e9letes azok sz\u00e1m\u00e1ra, akiknek \u00e1lland\u00f3, kiv\u00e1l\u00f3 min\u0151s\u00e9g\u0171 kapcsolatra van sz\u00fcks\u00e9g\u00fck.<\/li>\n\n\n\n<li><strong>H\u00e1l\u00f3zati jel inform\u00e1ci\u00f3k:<\/strong><br>Pontos inform\u00e1ci\u00f3kat ny\u00fajt a h\u00e1l\u00f3zat jeler\u0151ss\u00e9g\u00e9r\u0151l \u00e9s teljes\u00edtm\u00e9ny\u00e9r\u0151l, seg\u00edtve a legjobb haszn\u00e1lati helyek azonos\u00edt\u00e1s\u00e1t.<\/li>\n<\/ul>\n\n\n\n<h3 class=\"wp-block-heading\"><mark class=\"has-inline-color has-luminous-vivid-amber-color\"><strong>T\u00f6ltse le az alkalmaz\u00e1sokat<\/strong>.<\/mark><\/h3>\n\n\n\n<ol class=\"has-medium-font-size\">\n<li class=\"has-medium-font-size\"><strong><strong>Ookla sebess\u00e9gtesztje<\/strong><\/strong> <strong>&#8211; <a href=\"https:\/\/www.speedtest.net\/pt\">Android <\/a>\/ <a href=\"https:\/\/apps.apple.com\/us\/app\/speedtest-by-ookla\/id300704847\">iOS<\/a><\/strong><\/li>\n\n\n\n<li class=\"has-medium-font-size\"><strong><strong>5G Booster Pro<\/strong>  &#8211; <a href=\"https:\/\/www.reddit.com\/r\/ATT\/comments\/1gzk9gj\/att_5g_cell_booster_pro_now_available\/?tl=pt-br&amp;rdt=61578\">Android<\/a><\/strong><\/li>\n\n\n\n<li class=\"has-medium-font-size\"><strong><strong><strong>H\u00e1l\u00f3zati jel inform\u00e1ci\u00f3k<\/strong><\/strong>  &#8211; <a href=\"https:\/\/network-signal-info.en.uptodown.com\/android\">Android <\/a>\/ <a href=\"https:\/\/apps.apple.com\/us\/app\/cellular-network-signal-finder\/id447158532\">iOS<\/a><\/strong><\/li>\n<\/ol>\n\n\n\n<p><\/p>\n\n\n\n<p>Ezek az alkalmaz\u00e1sok sz\u00e1mos k\u00f6rnyezetben hat\u00e9konynak bizonyultak, az otthonokt\u00f3l az irod\u00e1kon \u00e1t a mindennapi haszn\u00e1latig.<\/p>\n\n\n\n<p>Ezen eszk\u00f6z\u00f6k bevezet\u00e9se lehet\u0151v\u00e9 teszi az 5G technol\u00f3gia teljes kihaszn\u00e1l\u00e1s\u00e1t, \u00e9s azonnal jav\u00edtja digit\u00e1lis \u00e9lm\u00e9ny\u00e9t.<\/p>\n\n\n\n<p>Ezenk\u00edv\u00fcl ezeknek az alkalmaz\u00e1soknak a haszn\u00e1lata id\u0151t takar\u00edt meg, \u00e9s elker\u00fclheti az instabil kapcsolatok okozta frusztr\u00e1ci\u00f3kat.<\/p>\n\n\n\n<p>Ak\u00e1r \u00e1tlagos felhaszn\u00e1l\u00f3 vagy, ak\u00e1r fejlett technol\u00f3giai ig\u00e9nyekkel rendelkez\u0151 szem\u00e9ly, a k\u00f6nny\u0171 haszn\u00e1lat \u00e9s a bizony\u00edtott el\u0151ny\u00f6k meggy\u0151znek arr\u00f3l, hogy ez a legjobb befektet\u00e9s az eszk\u00f6z\u00f6dbe.<\/p>\n\n\n\n<h3 class=\"wp-block-heading\">V\u00e9gs\u0151 k\u00f6vetkeztet\u00e9s<\/h3>\n\n\n\n<p>Az egyre ink\u00e1bb digit\u00e1lis vil\u00e1gban az optimaliz\u00e1lt 5G-kapcsolat elengedhetetlenn\u00e9 v\u00e1lt a kapcsolattart\u00e1shoz \u00e9s a hat\u00e9konys\u00e1g fenntart\u00e1s\u00e1hoz.<\/p>\n\n\n\n<p>A bemutatott alkalmaz\u00e1sok nemcsak a nagy sebess\u00e9g\u0171 h\u00e1l\u00f3zathoz val\u00f3 hozz\u00e1f\u00e9r\u00e9st k\u00f6nny\u00edtik meg, hanem praktikus \u00e9s hat\u00e9kony megold\u00e1sokat is k\u00edn\u00e1lnak b\u00e1rmilyen csatlakoz\u00e1si probl\u00e9m\u00e1ra.<\/p>\n\n\n\n<p>Ne feledd, hogy a technol\u00f3gia folyamatosan fejl\u0151dik, \u00e9s a megfelel\u0151 eszk\u00f6z kiv\u00e1laszt\u00e1sa nagyban befoly\u00e1solhatja a mindennapi \u00e9lm\u00e9nyeidet. Ne v\u00e1rj tov\u00e1bb, cselekedj m\u00e9g ma!<\/p>","protected":false},"excerpt":{"rendered":"<p>A legjobb 5G aktiv\u00e1l\u00e1si \u00e9s optimaliz\u00e1l\u00e1si alkalmaz\u00e1sok seg\u00edtenek gyorsabb \u00e9s stabilabb kapcsolatot \u00e9lvezni. Ebben a cikkben megtudhatod, hogyan hozhatod ki a legt\u00f6bbet az 5G technol\u00f3gi\u00e1b\u00f3l. Ismerj meg k\u00fcl\u00f6nf\u00e9le eszk\u00f6z\u00f6ket, amelyek jav\u00edtj\u00e1k a mobilh\u00e1l\u00f3zatod sebess\u00e9g\u00e9t \u00e9s stabilit\u00e1s\u00e1t. Megtanulod, hogyan hasonl\u00edthatod \u00f6ssze \u00e9s v\u00e1laszthatod ki az ide\u00e1lis alkalmaz\u00e1st [\u2026]<\/p>","protected":false},"author":139,"featured_media":9090,"comment_status":"closed","ping_status":"open","sticky":false,"template":"","format":"standard","meta":{"footnotes":""},"categories":[2],"tags":[2045,2059,2098,1742,2097],"yoast_head":"<!-- This site is optimized with the Yoast SEO plugin v23.3 - https:\/\/yoast.com\/wordpress\/plugins\/seo\/ -->\n<title>Las mejores aplicaciones para activar y optimizar el 5G - Universo Fam\u00edlia<\/title>\n<meta name=\"description\" content=\"Las mejores aplicaciones para activar y optimizar el 5G. Las mejores aplicaciones para activar y optimizar el 5G te ayudar\u00e1n a disfrutar...\" \/>\n<meta name=\"robots\" content=\"index, follow, max-snippet:-1, max-image-preview:large, max-video-preview:-1\" \/>\n<link rel=\"canonical\" href=\"http:\/\/universofamilia.com\/hu\/las-mejores-aplicaciones-para-activar-y-optimizar-el-5g\/\" \/>\n<meta property=\"og:locale\" content=\"hu_HU\" \/>\n<meta property=\"og:type\" content=\"article\" \/>\n<meta property=\"og:title\" content=\"Las mejores aplicaciones para activar y optimizar el 5G - Universo Fam\u00edlia\" \/>\n<meta property=\"og:description\" content=\"Las mejores aplicaciones para activar y optimizar el 5G. Las mejores aplicaciones para activar y optimizar el 5G te ayudar\u00e1n a disfrutar...\" \/>\n<meta property=\"og:url\" content=\"http:\/\/universofamilia.com\/hu\/las-mejores-aplicaciones-para-activar-y-optimizar-el-5g\/\" \/>\n<meta property=\"og:site_name\" content=\"Universo Fam\u00edlia\" \/>\n<meta property=\"article:published_time\" content=\"2025-03-25T20:23:42+00:00\" \/>\n<meta property=\"article:modified_time\" content=\"2025-03-27T01:14:15+00:00\" \/>\n<meta property=\"og:image\" content=\"http:\/\/universofamilia.com\/wp-content\/uploads\/sites\/148\/2025\/03\/DESTAQUE-UNIVERSO-550-x-350-4-1.jpg\" \/>\n\t<meta property=\"og:image:width\" content=\"550\" \/>\n\t<meta property=\"og:image:height\" content=\"350\" \/>\n\t<meta property=\"og:image:type\" content=\"image\/jpeg\" \/>\n<meta name=\"author\" content=\"Pedro Henrique\" \/>\n<meta name=\"twitter:card\" content=\"summary_large_image\" \/>\n<meta name=\"twitter:label1\" content=\"Written by\" \/>\n\t<meta name=\"twitter:data1\" content=\"Pedro Henrique\" \/>\n\t<meta name=\"twitter:label2\" content=\"Est. reading time\" \/>\n\t<meta name=\"twitter:data2\" content=\"13 perc\" \/>\n<script type=\"application\/ld+json\" class=\"yoast-schema-graph\">{\"@context\":\"https:\/\/schema.org\",\"@graph\":[{\"@type\":\"WebPage\",\"@id\":\"http:\/\/universofamilia.com\/da\/las-mejores-aplicaciones-para-activar-y-optimizar-el-5g\/\",\"url\":\"http:\/\/universofamilia.com\/da\/las-mejores-aplicaciones-para-activar-y-optimizar-el-5g\/\",\"name\":\"Las mejores aplicaciones para activar y optimizar el 5G - Universo Fam\u00edlia\",\"isPartOf\":{\"@id\":\"https:\/\/universofamilia.com\/el\/#website\"},\"primaryImageOfPage\":{\"@id\":\"http:\/\/universofamilia.com\/da\/las-mejores-aplicaciones-para-activar-y-optimizar-el-5g\/#primaryimage\"},\"image\":{\"@id\":\"http:\/\/universofamilia.com\/da\/las-mejores-aplicaciones-para-activar-y-optimizar-el-5g\/#primaryimage\"},\"thumbnailUrl\":\"http:\/\/universofamilia.com\/wp-content\/uploads\/sites\/148\/2025\/03\/DESTAQUE-UNIVERSO-550-x-350-4-1.jpg\",\"datePublished\":\"2025-03-25T20:23:42+00:00\",\"dateModified\":\"2025-03-27T01:14:15+00:00\",\"author\":{\"@id\":\"https:\/\/universofamilia.com\/el\/#\/schema\/person\/f07ce98187dd84d31154262e79b3b7ca\"},\"description\":\"Las mejores aplicaciones para activar y optimizar el 5G. Las mejores aplicaciones para activar y optimizar el 5G te ayudar\u00e1n a disfrutar...\",\"breadcrumb\":{\"@id\":\"http:\/\/universofamilia.com\/da\/las-mejores-aplicaciones-para-activar-y-optimizar-el-5g\/#breadcrumb\"},\"inLanguage\":\"hu\",\"potentialAction\":[{\"@type\":\"ReadAction\",\"target\":[\"http:\/\/universofamilia.com\/da\/las-mejores-aplicaciones-para-activar-y-optimizar-el-5g\/\"]}]},{\"@type\":\"ImageObject\",\"inLanguage\":\"hu\",\"@id\":\"http:\/\/universofamilia.com\/da\/las-mejores-aplicaciones-para-activar-y-optimizar-el-5g\/#primaryimage\",\"url\":\"http:\/\/universofamilia.com\/wp-content\/uploads\/sites\/148\/2025\/03\/DESTAQUE-UNIVERSO-550-x-350-4-1.jpg\",\"contentUrl\":\"http:\/\/universofamilia.com\/wp-content\/uploads\/sites\/148\/2025\/03\/DESTAQUE-UNIVERSO-550-x-350-4-1.jpg\",\"width\":550,\"height\":350,\"caption\":\"Las mejores aplicaciones para activar y optimizar el 5G\"},{\"@type\":\"BreadcrumbList\",\"@id\":\"http:\/\/universofamilia.com\/da\/las-mejores-aplicaciones-para-activar-y-optimizar-el-5g\/#breadcrumb\",\"itemListElement\":[{\"@type\":\"ListItem\",\"position\":1,\"name\":\"Home\",\"item\":\"https:\/\/universofamilia.com\/el\/\"},{\"@type\":\"ListItem\",\"position\":2,\"name\":\"Las mejores aplicaciones para activar y optimizar el 5G\"}]},{\"@type\":\"WebSite\",\"@id\":\"https:\/\/universofamilia.com\/el\/#website\",\"url\":\"https:\/\/universofamilia.com\/el\/\",\"name\":\"Universo Fam\u00edlia\",\"description\":\"\",\"potentialAction\":[{\"@type\":\"SearchAction\",\"target\":{\"@type\":\"EntryPoint\",\"urlTemplate\":\"https:\/\/universofamilia.com\/el\/?s={search_term_string}\"},\"query-input\":\"required name=search_term_string\"}],\"inLanguage\":\"hu\"},{\"@type\":\"Person\",\"@id\":\"https:\/\/universofamilia.com\/el\/#\/schema\/person\/f07ce98187dd84d31154262e79b3b7ca\",\"name\":\"Pedro Henrique\",\"image\":{\"@type\":\"ImageObject\",\"inLanguage\":\"hu\",\"@id\":\"https:\/\/universofamilia.com\/el\/#\/schema\/person\/image\/\",\"url\":\"http:\/\/0.gravatar.com\/avatar\/9edfeb808cb4e1599f64d6e45b130154?s=96&d=mm&r=g\",\"contentUrl\":\"http:\/\/0.gravatar.com\/avatar\/9edfeb808cb4e1599f64d6e45b130154?s=96&d=mm&r=g\",\"caption\":\"Pedro Henrique\"},\"url\":\"http:\/\/universofamilia.com\/hu\/author\/editor01\/\"}]}<\/script>\n<!-- \/ Yoast SEO plugin. -->","yoast_head_json":{"title":"Las mejores aplicaciones para activar y optimizar el 5G - Universo Fam\u00edlia","description":"Las mejores aplicaciones para activar y optimizar el 5G. Las mejores aplicaciones para activar y optimizar el 5G te ayudar\u00e1n a disfrutar...","robots":{"index":"index","follow":"follow","max-snippet":"max-snippet:-1","max-image-preview":"max-image-preview:large","max-video-preview":"max-video-preview:-1"},"canonical":"http:\/\/universofamilia.com\/hu\/las-mejores-aplicaciones-para-activar-y-optimizar-el-5g\/","og_locale":"hu_HU","og_type":"article","og_title":"Las mejores aplicaciones para activar y optimizar el 5G - Universo Fam\u00edlia","og_description":"Las mejores aplicaciones para activar y optimizar el 5G. Las mejores aplicaciones para activar y optimizar el 5G te ayudar\u00e1n a disfrutar...","og_url":"http:\/\/universofamilia.com\/hu\/las-mejores-aplicaciones-para-activar-y-optimizar-el-5g\/","og_site_name":"Universo Fam\u00edlia","article_published_time":"2025-03-25T20:23:42+00:00","article_modified_time":"2025-03-27T01:14:15+00:00","og_image":[{"width":550,"height":350,"url":"http:\/\/universofamilia.com\/wp-content\/uploads\/sites\/148\/2025\/03\/DESTAQUE-UNIVERSO-550-x-350-4-1.jpg","type":"image\/jpeg"}],"author":"Pedro Henrique","twitter_card":"summary_large_image","twitter_misc":{"Written by":"Pedro Henrique","Est. reading time":"13 perc"},"schema":{"@context":"https:\/\/schema.org","@graph":[{"@type":"WebPage","@id":"http:\/\/universofamilia.com\/da\/las-mejores-aplicaciones-para-activar-y-optimizar-el-5g\/","url":"http:\/\/universofamilia.com\/da\/las-mejores-aplicaciones-para-activar-y-optimizar-el-5g\/","name":"Las mejores aplicaciones para activar y optimizar el 5G - Universo Fam\u00edlia","isPartOf":{"@id":"https:\/\/universofamilia.com\/el\/#website"},"primaryImageOfPage":{"@id":"http:\/\/universofamilia.com\/da\/las-mejores-aplicaciones-para-activar-y-optimizar-el-5g\/#primaryimage"},"image":{"@id":"http:\/\/universofamilia.com\/da\/las-mejores-aplicaciones-para-activar-y-optimizar-el-5g\/#primaryimage"},"thumbnailUrl":"http:\/\/universofamilia.com\/wp-content\/uploads\/sites\/148\/2025\/03\/DESTAQUE-UNIVERSO-550-x-350-4-1.jpg","datePublished":"2025-03-25T20:23:42+00:00","dateModified":"2025-03-27T01:14:15+00:00","author":{"@id":"https:\/\/universofamilia.com\/el\/#\/schema\/person\/f07ce98187dd84d31154262e79b3b7ca"},"description":"Las mejores aplicaciones para activar y optimizar el 5G. Las mejores aplicaciones para activar y optimizar el 5G te ayudar\u00e1n a disfrutar...","breadcrumb":{"@id":"http:\/\/universofamilia.com\/da\/las-mejores-aplicaciones-para-activar-y-optimizar-el-5g\/#breadcrumb"},"inLanguage":"hu","potentialAction":[{"@type":"ReadAction","target":["http:\/\/universofamilia.com\/da\/las-mejores-aplicaciones-para-activar-y-optimizar-el-5g\/"]}]},{"@type":"ImageObject","inLanguage":"hu","@id":"http:\/\/universofamilia.com\/da\/las-mejores-aplicaciones-para-activar-y-optimizar-el-5g\/#primaryimage","url":"http:\/\/universofamilia.com\/wp-content\/uploads\/sites\/148\/2025\/03\/DESTAQUE-UNIVERSO-550-x-350-4-1.jpg","contentUrl":"http:\/\/universofamilia.com\/wp-content\/uploads\/sites\/148\/2025\/03\/DESTAQUE-UNIVERSO-550-x-350-4-1.jpg","width":550,"height":350,"caption":"Las mejores aplicaciones para activar y optimizar el 5G"},{"@type":"BreadcrumbList","@id":"http:\/\/universofamilia.com\/da\/las-mejores-aplicaciones-para-activar-y-optimizar-el-5g\/#breadcrumb","itemListElement":[{"@type":"ListItem","position":1,"name":"Home","item":"https:\/\/universofamilia.com\/el\/"},{"@type":"ListItem","position":2,"name":"Las mejores aplicaciones para activar y optimizar el 5G"}]},{"@type":"WebSite","@id":"https:\/\/universofamilia.com\/el\/#website","url":"https:\/\/universofamilia.com\/el\/","name":"Universo Fam\u00edlia","description":"","potentialAction":[{"@type":"SearchAction","target":{"@type":"EntryPoint","urlTemplate":"https:\/\/universofamilia.com\/el\/?s={search_term_string}"},"query-input":"required name=search_term_string"}],"inLanguage":"hu"},{"@type":"Person","@id":"https:\/\/universofamilia.com\/el\/#\/schema\/person\/f07ce98187dd84d31154262e79b3b7ca","name":"Pedro Henrique","image":{"@type":"ImageObject","inLanguage":"hu","@id":"https:\/\/universofamilia.com\/el\/#\/schema\/person\/image\/","url":"http:\/\/0.gravatar.com\/avatar\/9edfeb808cb4e1599f64d6e45b130154?s=96&d=mm&r=g","contentUrl":"http:\/\/0.gravatar.com\/avatar\/9edfeb808cb4e1599f64d6e45b130154?s=96&d=mm&r=g","caption":"Pedro Henrique"},"url":"http:\/\/universofamilia.com\/hu\/author\/editor01\/"}]}},"_links":{"self":[{"href":"http:\/\/universofamilia.com\/hu\/wp-json\/wp\/v2\/posts\/9089"}],"collection":[{"href":"http:\/\/universofamilia.com\/hu\/wp-json\/wp\/v2\/posts"}],"about":[{"href":"http:\/\/universofamilia.com\/hu\/wp-json\/wp\/v2\/types\/post"}],"author":[{"embeddable":true,"href":"http:\/\/universofamilia.com\/hu\/wp-json\/wp\/v2\/users\/139"}],"replies":[{"embeddable":true,"href":"http:\/\/universofamilia.com\/hu\/wp-json\/wp\/v2\/comments?post=9089"}],"version-history":[{"count":1,"href":"http:\/\/universofamilia.com\/hu\/wp-json\/wp\/v2\/posts\/9089\/revisions"}],"predecessor-version":[{"id":9092,"href":"http:\/\/universofamilia.com\/hu\/wp-json\/wp\/v2\/posts\/9089\/revisions\/9092"}],"wp:featuredmedia":[{"embeddable":true,"href":"http:\/\/universofamilia.com\/hu\/wp-json\/wp\/v2\/media\/9090"}],"wp:attachment":[{"href":"http:\/\/universofamilia.com\/hu\/wp-json\/wp\/v2\/media?parent=9089"}],"wp:term":[{"taxonomy":"category","embeddable":true,"href":"http:\/\/universofamilia.com\/hu\/wp-json\/wp\/v2\/categories?post=9089"},{"taxonomy":"post_tag","embeddable":true,"href":"http:\/\/universofamilia.com\/hu\/wp-json\/wp\/v2\/tags?post=9089"}],"curies":[{"name":"wp","href":"https:\/\/api.w.org\/{rel}","templated":true}]}}