{"id":9125,"date":"2025-03-27T19:54:57","date_gmt":"2025-03-27T19:54:57","guid":{"rendered":"https:\/\/universofamilia.com\/?p=9125"},"modified":"2025-11-09T18:18:36","modified_gmt":"2025-11-09T21:18:36","slug":"a-palabra-de-dios-donde-y-cuando-quieras","status":"publish","type":"post","link":"http:\/\/universofamilia.com\/hu\/a-palabra-de-dios-donde-y-cuando-quieras\/","title":{"rendered":"Isten Ig\u00e9je, b\u00e1rhol \u00e9s b\u00e1rmikor, amikor csak akarod"},"content":{"rendered":"<p><\/p>\n\n\n\n<h4 class=\"wp-block-heading has-text-align-center\">Mit keres?<\/h4>\n\n\n    <section class=\"mx-1 my-10\">\n                                                <a href=\"http:\/\/universofamilia.com\/hu\/la-aplicacion-mas-completa-de-la-biblia-catolica-conoce-laudate\/\" class=\"text-white\" data-analytics-label=\"optionsButton\"\n                    data-action=\"analytics#trackCTA\">\n                    <div data-options-target=\"option\"\n                        class=\"custom-section rounded-xl border p-3 shadow-md w-full bg-green-700 my-3\">\n                        <div class=\"flex w-full items-center justify-between\">\n                            <div class=\"flex items-center space-x-3\">\n                                <div class=\"text-lg font-bold\">\n                                    Katolikus Biblia \u279d\n                                <\/div>\n                            <\/div>\n                        <\/div>\n                    <\/div>\n                <\/a>\n                                                            <a href=\"http:\/\/universofamilia.com\/hu\/biblia-ave-maria\/\" class=\"text-white\" data-analytics-label=\"optionsButton\"\n                    data-action=\"analytics#trackCTA\">\n                    <div data-options-target=\"option\"\n                        class=\"custom-section rounded-xl border p-3 shadow-md w-full bg-green-700 my-3\">\n                        <div class=\"flex w-full items-center justify-between\">\n                            <div class=\"flex items-center space-x-3\">\n                                <div class=\"text-lg font-bold\">\n                                    \u00dcdv\u00f6zl\u00e9gy M\u00e1ria Bibli\u00e1ja \u279d\n                                <\/div>\n                            <\/div>\n                        <\/div>\n                    <\/div>\n                <\/a>\n                                                            <a href=\"http:\/\/universofamilia.com\/hu\/la-aplicacion-de-la-biblia-esencial-para-la-vida\/\" class=\"text-white\" data-analytics-label=\"optionsButton\"\n                    data-action=\"analytics#trackCTA\">\n                    <div data-options-target=\"option\"\n                        class=\"custom-section rounded-xl border p-3 shadow-md w-full bg-green-700 my-3\">\n                        <div class=\"flex w-full items-center justify-between\">\n                            <div class=\"flex items-center space-x-3\">\n                                <div class=\"text-lg font-bold\">\n                                    Katolikus bibliatanulm\u00e1nyoz\u00e1s \u279d\n                                <\/div>\n                            <\/div>\n                        <\/div>\n                    <\/div>\n                <\/a>\n                            <p class=\"text-xs text-gray-500 text-right hidden\"\n            style=\"margin-left: 50%; margin-bottom: 50px; margin-top: 5px;\">\n            <!-- You will be redirected to another website -->\n        <\/p>\n    <\/section>\n\n\n\n\n<p class=\"has-text-align-right\"><em><strong><em><strong><em><strong><em><strong><em><strong>Ugyanott fog maradni!<\/strong><\/em><\/strong><\/em><\/strong><\/em><\/strong><\/em><\/strong><\/em><\/p>\n\n\n\n<p>\u00c9rezt\u00e9l m\u00e1r \u00fagy, hogy kapcsolatba kell l\u00e9pned Istennel, mik\u00f6zben dug\u00f3ban \u00fclsz, f\u0151z\u00f6l, vagy lefekv\u00e9s el\u0151tt, de nem volt k\u00e9zn\u00e9l a Biblia?<\/p>\n\n\n\n<p>Nos, ne agg\u00f3dj, mert ma k\u00f6nnyebb, mint valaha magaddal vinni az Ig\u00e9t, b\u00e1rhol is vagy. \u00c9s ami a legjobb: semmibe sem ker\u00fcl.<\/p>\n\n\n\n<p>Besz\u00e9lj\u00fcnk a legjobbakr\u00f3l <strong>alkalmaz\u00e1sok a Biblia olvas\u00e1s\u00e1hoz \u00e9s hallgat\u00e1s\u00e1hoz<\/strong> a mobiltelefonodr\u00f3l. Ide\u00e1lis azok sz\u00e1m\u00e1ra, akik hitet, b\u00e9k\u00e9t \u00e9s ir\u00e1nymutat\u00e1st keresnek a mindennapi \u00e9let\u00fckben.<\/p>\n\n\n\n<h3 class=\"wp-block-heading\"><mark class=\"has-inline-color has-luminous-vivid-amber-color\"><strong>T\u00e1mogat\u00f3 csapat<\/strong><\/mark><\/h3>\n\n\n\n<p>B\u00f6ng\u00e9szd \u00e1t az al\u00e1bbi jelentkez\u00e9si lapokat, vagy vedd fel a kapcsolatot \u00fcgyf\u00e9lszolg\u00e1latunkkal, tudasd vel\u00fcnk, milyen t\u00edpus\u00fa profilt keresel, \u00e9s mi seg\u00edt\u00fcnk megtal\u00e1lni a sz\u00e1modra t\u00f6k\u00e9letes jelentkez\u00e9st.<\/p>\n\n\n    <section class=\"mx-1 my-10\">\n                                                <a href=\"https:\/\/www.messenger.com\/login.php?\" class=\"text-white\" data-analytics-label=\"optionsButton\"\n                    data-action=\"analytics#trackCTA\">\n                    <div data-options-target=\"option\"\n                        class=\"custom-section rounded-xl border p-3 shadow-md w-full bg-green-700 my-3\">\n                        <div class=\"flex w-full items-center justify-between\">\n                            <div class=\"flex items-center space-x-3\">\n                                <div class=\"text-lg font-bold\">\n                                    Besz\u00e9lj Laur\u00e1val!  \u279d\n                                <\/div>\n                            <\/div>\n                        <\/div>\n                    <\/div>\n                <\/a>\n                            <p class=\"text-xs text-gray-500 text-right\"\n            style=\"margin-left: 50%; margin-bottom: 50px; margin-top: 5px;\">\n            <!-- You will be redirected to another website -->\n        <\/p>\n    <\/section>\n\n\n\n\n<p>Ebben a cikkben bemutatom a legjobb lehet\u0151s\u00e9geket arra, hogy praktikus m\u00f3don \u00e9lvezhesd a Bibli\u00e1t, hihetetlen funkci\u00f3kkal \u00e9s minden koroszt\u00e1ly sz\u00e1m\u00e1ra adapt\u00e1lva.<\/p>\n\n\n\n<p>Ak\u00e1r reggel olvasol, ak\u00e1r s\u00e9ta k\u00f6zben hallgatod a zen\u00e9t, ezek a... <strong>Kereszt\u00e9ny alkalmaz\u00e1sok<\/strong> Egy igazi \u00e1ld\u00e1s. Hajr\u00e1!<\/p>\n\n\n\n<h2 class=\"wp-block-heading\">Mi\u00e9rt \u00e9rdemes bibliaolvas\u00f3 alkalmaz\u00e1st haszn\u00e1lni?<\/h2>\n\n\n\n<p>Hadd legyek \u0151szinte: nem mindenki hordhat mag\u00e1val \u00e1lland\u00f3an egy fizikai Bibli\u00e1t. De szinte mindannyiunknak van egy mobiltelefonja a zseb\u00e9ben, igaz?<\/p>\n\n\n\n<p>Sz\u00f3val, ezt kihaszn\u00e1lni, hogy k\u00f6zelebb ker\u00fclj\u00fcnk Istenhez, egyszer\u0171en zseni\u00e1lis. Tov\u00e1bb\u00e1:<\/p>\n\n\n\n<ul>\n<li>Tud <strong>olvasd a Bibli\u00e1t minden nap<\/strong>, helysz\u00ednt\u0151l f\u00fcggetlen\u00fcl.<\/li>\n\n\n\n<li>N\u00e9h\u00e1ny alkalmaz\u00e1s <strong>felolvasni<\/strong> (igen, mint egy hangosk\u00f6nyv).<\/li>\n\n\n\n<li>Vannak napi olvas\u00e1si tervek, eml\u00e9keztet\u0151k \u00e9s \u00e1h\u00edtatok.<\/li>\n\n\n\n<li>Ide\u00e1lisak fiataloknak, elfoglalt feln\u0151tteknek, s\u0151t m\u00e9g nagysz\u00fcl\u0151knek is.<\/li>\n\n\n\n<li>\u00c9s sokuk ingyenesen el\u00e9rhet\u0151!<\/li>\n<\/ul>\n\n\n\n<p>Ezek az alkalmaz\u00e1sok nemcsak abban seg\u00edtenek, hogy \u00e9letben tartsd a hitedet, hanem arra is \u00f6szt\u00f6n\u00f6znek, hogy t\u00f6bbet tanulj, elm\u00e9lkedj \u00e9s megoszd az Ig\u00e9t m\u00e1sokkal.<\/p>\n\n\n\n<p><\/p>\n\n\n\n<hr class=\"wp-block-separator has-alpha-channel-opacity is-style-wide\" \/>\n\n\n\n<h5 class=\"wp-block-heading has-text-align-center\"><strong><mark class=\"has-inline-color has-luminous-vivid-amber-color\">Olvasd el m\u00e9g<\/mark><\/strong><\/h5>\n\n\n    <section class=\"mx-1 my-10\">\n                                                <a href=\"http:\/\/universofamilia.com\/hu\/lp-filmes-asiaticos\/\" class=\"text-white\" data-analytics-label=\"optionsButton\"\n                    data-action=\"analytics#trackCTA\">\n                    <div data-options-target=\"option\"\n                        class=\"custom-section rounded-xl border p-3 shadow-md w-full bg-green-700 my-3\">\n                        <div class=\"flex w-full items-center justify-between\">\n                            <div class=\"flex items-center space-x-3\">\n                                <div class=\"text-lg font-bold\">\n                                    App koreai dr\u00e1m\u00e1k n\u00e9z\u00e9s\u00e9hez \u279d\n                                <\/div>\n                            <\/div>\n                        <\/div>\n                    <\/div>\n                <\/a>\n                                                            <a href=\"http:\/\/universofamilia.com\/hu\/lp-recuperar-fotos\/\" class=\"text-white\" data-analytics-label=\"optionsButton\"\n                    data-action=\"analytics#trackCTA\">\n                    <div data-options-target=\"option\"\n                        class=\"custom-section rounded-xl border p-3 shadow-md w-full bg-green-700 my-3\">\n                        <div class=\"flex w-full items-center justify-between\">\n                            <div class=\"flex items-center space-x-3\">\n                                <div class=\"text-lg font-bold\">\n                                    T\u00f6r\u00f6lt fot\u00f3k helyre\u00e1ll\u00edt\u00e1sa ezzel az alkalmaz\u00e1ssal!  \u279d\n                                <\/div>\n                            <\/div>\n                        <\/div>\n                    <\/div>\n                <\/a>\n                                                            <a href=\"http:\/\/universofamilia.com\/hu\/el-amor-a-un-clic\/\" class=\"text-white\" data-analytics-label=\"optionsButton\"\n                    data-action=\"analytics#trackCTA\">\n                    <div data-options-target=\"option\"\n                        class=\"custom-section rounded-xl border p-3 shadow-md w-full bg-green-700 my-3\">\n                        <div class=\"flex w-full items-center justify-between\">\n                            <div class=\"flex items-center space-x-3\">\n                                <div class=\"text-lg font-bold\">\n                                    Fedezd fel az ide\u00e1lis t\u00e1rskeres\u0151 alkalmaz\u00e1st \u279d\n                                <\/div>\n                            <\/div>\n                        <\/div>\n                    <\/div>\n                <\/a>\n                            <p class=\"text-xs text-gray-500 text-right hidden\"\n            style=\"margin-left: 50%; margin-bottom: 50px; margin-top: 5px;\">\n            <!-- You will be redirected to another website -->\n        <\/p>\n    <\/section>\n\n\n\n\n<p class=\"has-text-align-right\"><em><strong><em><strong><em><strong><em><strong><em><strong>Ugyanott fog maradni!<\/strong><\/em><\/strong><\/em><\/strong><\/em><\/strong><\/em><\/strong><\/em><\/p>\n\n\n\n<hr class=\"wp-block-separator has-alpha-channel-opacity is-style-wide\" \/>\n\n\n\n<p><\/p>\n\n\n\n<h2 class=\"wp-block-heading\">A legjobb alkalmaz\u00e1sok a Biblia olvas\u00e1s\u00e1hoz \u00e9s hallgat\u00e1s\u00e1hoz<\/h2>\n\n\n\n<p>T\u00f6bb lehet\u0151s\u00e9g tesztel\u00e9se \u00e9s \u00f6sszehasonl\u00edt\u00e1sa ut\u00e1n kiv\u00e1lasztottuk a h\u00e1rom legjobbat <strong>Kereszt\u00e9ny alkalmaz\u00e1sok<\/strong> amelyek lehet\u0151v\u00e9 teszik <strong>olvasd a Bibli\u00e1t minden nap<\/strong> \u00e9s akkor is hallgasd meg, amikor nem tudsz olvasni. N\u00e9zd meg ezt:<\/p>\n\n\n\n<h3 class=\"wp-block-heading\">1. YouVersion: Bibliaalkalmaz\u00e1s<\/h3>\n\n\n\n<p><strong>A legteljesebb \u00e9s legn\u00e9pszer\u0171bb.<\/strong> A YouVersion szinte klasszikus a digit\u00e1lis kereszt\u00e9ny vil\u00e1gban. Minden megtal\u00e1lhat\u00f3 benne:<\/p>\n\n\n\n<ul>\n<li>T\u00f6bb mint 2000 Biblia-v\u00e1ltozat t\u00f6bb sz\u00e1z nyelven.<\/li>\n\n\n\n<li><strong>Ingyenes hangos Biblia<\/strong> tiszta \u00e9s j\u00f3 min\u0151s\u00e9g\u0171 hangokkal.<\/li>\n\n\n\n<li>Olvas\u00e1si tervek fiataloknak, p\u00e1roknak, szorong\u00e1ssal, hittel kapcsolatos k\u00e9rd\u00e9sekre stb.<\/li>\n\n\n\n<li>Kedvenc verseit k\u00f6nyvjelz\u0151vel megjel\u00f6lheti \u00e9s megoszthatja.<\/li>\n\n\n\n<li>Napi \u00e1h\u00edtatok \u00e9s k\u00f6z\u00f6ss\u00e9g a hozz\u00e1sz\u00f3l\u00e1sokhoz.<\/li>\n<\/ul>\n\n\n\n<p>\ud83d\udfe2 <em>El\u00e9rhet\u0151 Androidra \u00e9s iOS-re.<\/em><\/p>\n\n\n\n<h3 class=\"wp-block-heading\">2. Reina Valera Biblia + Hanganyag<\/h3>\n\n\n\n<p>Ha klasszikusabb \u00e9lm\u00e9nyre v\u00e1gysz a Reina Valera Bibli\u00e1val, ez az alkalmaz\u00e1s neked val\u00f3:<\/p>\n\n\n\n<ul>\n<li>A sz\u00f6veg <strong>Reina Valera 1960<\/strong> szuper egyszer\u0171 navig\u00e1ci\u00f3val.<\/li>\n\n\n\n<li><strong>Hang m\u00f3d<\/strong> hogy teljes fejezeteket hallgasson meg.<\/li>\n\n\n\n<li>Kiemel\u00e9s, jegyzetek \u00e9s k\u00f6nyvjelz\u0151k funkci\u00f3.<\/li>\n\n\n\n<li>Internet n\u00e9lk\u00fcl m\u0171k\u00f6dik (ide\u00e1lis, ha utazol vagy korl\u00e1tozott adatforgalommal rendelkezel).<\/li>\n<\/ul>\n\n\n\n<p>\ud83d\udfe2 <em>Ide\u00e1lis azok sz\u00e1m\u00e1ra, akik a hagyom\u00e1nyos v\u00e1ltozatokat kedvelik.<\/em><\/p>\n\n\n\n<h3 class=\"wp-block-heading\">3. Napi bibliai vers hanganyag<\/h3>\n\n\n\n<p>Ez az alkalmaz\u00e1s arra \u00f6sszpontos\u00edt, hogy minden nap kis adag hitet adjon neked:<\/p>\n\n\n\n<ul>\n<li>Napi versek sz\u00f6veges form\u00e1tumban \u00e9s <strong>hang-<\/strong>.<\/li>\n\n\n\n<li>R\u00f6vid elm\u00e9lked\u00e9sek \u00e9s im\u00e1k a nap j\u00f3 ind\u00edt\u00e1s\u00e1hoz.<\/li>\n\n\n\n<li>Megoszthatod a k\u00f6z\u00f6ss\u00e9gi oldalakon, vagy elmentheted a kedvenceidet.<\/li>\n\n\n\n<li>Egyszer\u0171 \u00e9s k\u00f6nnyen haszn\u00e1lhat\u00f3 kialak\u00edt\u00e1s.<\/li>\n<\/ul>\n\n\n\n<p>\ud83d\udfe2 <em>T\u00f6k\u00e9letes azok sz\u00e1m\u00e1ra, akik el akarj\u00e1k kezdeni olvasni a Bibli\u00e1t an\u00e9lk\u00fcl, hogy t\u00falterheltnek \u00e9rezn\u00e9k magukat.<\/em><\/p>\n\n\n<div class=\"wp-block-image\">\n<figure class=\"aligncenter size-full\"><img loading=\"lazy\" decoding=\"async\" width=\"550\" height=\"350\" src=\"https:\/\/universofamilia.com\/wp-content\/uploads\/sites\/148\/2025\/03\/DESTAQUE-UNIVERSO-550-x-350-9-1.jpg\" alt=\"\" class=\"wp-image-9128\" srcset=\"http:\/\/universofamilia.com\/wp-content\/uploads\/sites\/148\/2025\/03\/DESTAQUE-UNIVERSO-550-x-350-9-1.jpg 550w, http:\/\/universofamilia.com\/wp-content\/uploads\/sites\/148\/2025\/03\/DESTAQUE-UNIVERSO-550-x-350-9-1-300x191.jpg 300w, http:\/\/universofamilia.com\/wp-content\/uploads\/sites\/148\/2025\/03\/DESTAQUE-UNIVERSO-550-x-350-9-1-18x12.jpg 18w\" sizes=\"(max-width: 550px) 100vw, 550px\" \/><figcaption class=\"wp-element-caption\">Isten Ig\u00e9je, b\u00e1rhol \u00e9s b\u00e1rmikor, amikor csak akarod<\/figcaption><\/figure><\/div>\n\n\n<h2 class=\"wp-block-heading\">Az ingyenes hangos Biblia haszn\u00e1lat\u00e1nak el\u0151nyei<\/h2>\n\n\n\n<p>Tudtad, hogy sokan jobban \u00e9rtik a sz\u00f6veget, ha hallgatj\u00e1k, mint ha olvasnak?<\/p>\n\n\n\n<p>Ez\u00e9rt egy <strong>Ingyenes hangos Biblia<\/strong> Ez egy nagyszer\u0171 eszk\u00f6z. N\u00e9zd meg az el\u0151nyeit:<\/p>\n\n\n\n<ul>\n<li>Hallgathatod vezet\u00e9s, f\u0151z\u00e9s vagy s\u00e9ta k\u00f6zben is.<\/li>\n\n\n\n<li>Ide\u00e1lis l\u00e1t\u00e1si vagy olvas\u00e1si probl\u00e9m\u00e1kkal k\u00fczd\u0151k sz\u00e1m\u00e1ra.<\/li>\n\n\n\n<li>Seg\u00edt jobban megjegyezni a verseket.<\/li>\n\n\n\n<li>Lehet\u0151v\u00e9 teszi, hogy \u00e9rzelmesebben \u00e9s m\u00e9lyebben \u00e9ld meg az Ig\u00e9t.<\/li>\n<\/ul>\n\n\n\n<p>\u00c9s a legjobb az eg\u00e9szben: a hangok annyira kellemesek, mintha egy szeretettel elmes\u00e9lt t\u00f6rt\u00e9netet hallgatn\u00e1l.<\/p>\n\n\n\n<h2 class=\"wp-block-heading\">Hogyan kezdj\u00fcnk el minden nap Bibli\u00e1t olvasni?<\/h2>\n\n\n\n<p>Az egyik leggyakoribb kih\u00edv\u00e1s a k\u00f6vetkezetess\u00e9g. K\u00f6nny\u0171 elkezdeni, de kitartani\u2026 az m\u00e1r m\u00e1s t\u00e9szta.<\/p>\n\n\n\n<p>\u00cdme n\u00e9h\u00e1ny tipp a k\u00f6vetkez\u0151kre: <strong>olvasd a Bibli\u00e1t minden nap<\/strong>:<\/p>\n\n\n\n<ul>\n<li>Tegy\u00e9l egy <strong>napi eml\u00e9keztet\u0151<\/strong> az alkalmaz\u00e1sban vagy a napt\u00e1radban.<\/li>\n\n\n\n<li>V\u00e1lassz egy olyan olvas\u00e1si tervet, ami \u00e9rdekel (szerelem, szorong\u00e1s, c\u00e9l stb.).<\/li>\n\n\n\n<li>Olvass, m\u00e9g ha csak napi 5 percet is, az sz\u00e1m\u00edt!<\/li>\n\n\n\n<li>Hallgasd a Bibli\u00e1t, mik\u00f6zben a h\u00e1zi feladatodat csin\u00e1lod.<\/li>\n\n\n\n<li>Ossz meg egy verset valakivel minden nap.<\/li>\n<\/ul>\n\n\n\n<p>P\u00e9ld\u00e1ul egy 7 napos h\u00e1la-tervvel kezdtem.<\/p>\n\n\n\n<p>Annyira gy\u00f6ny\u00f6r\u0171 volt, hogy befejeztem, \u00e9s most m\u00e1r a negyedik tervemn\u00e9l tartok egym\u00e1s ut\u00e1n. Hidd el, meg lehet csin\u00e1lni.<\/p>\n\n\n\n<h2 class=\"wp-block-heading\">Melyik a legjobb kereszt\u00e9ny alkalmaz\u00e1s sz\u00e1modra?<\/h2>\n\n\n\n<p>A v\u00e1lasz az \u00e9letm\u00f3dodt\u00f3l f\u00fcgg:<\/p>\n\n\n\n<ul>\n<li>Szereted a modern \u00e9s funkci\u00f3kban gazdag term\u00e9keket? \u27a1\ufe0f YouVersion<\/li>\n\n\n\n<li>Ink\u00e1bb valami klasszikusat \u00e9s zavar\u00f3 t\u00e9nyez\u0151kt\u0151l menteset szeretn\u00e9l? \u27a1\ufe0f Reina Valera + Hanganyag<\/li>\n\n\n\n<li>Szeretn\u00e9l valami egyszer\u0171t \u00e9s motiv\u00e1l\u00f3t? \u27a1\ufe0f Napi bibliai vers hanganyag<\/li>\n<\/ul>\n\n\n\n<p>A l\u00e9nyeg az, hogy elkezdd. Nem sz\u00e1m\u00edt, hogy naponta egy verset vagy egy eg\u00e9sz fejezetet olvasol el. Isten nem oldalakat sz\u00e1mol, hanem a k\u00e9szs\u00e9ges sz\u00edveket.<\/p>\n\n\n\n<h2 class=\"wp-block-heading\">Kezdj el kapcsolatot Istennel m\u00e9g ma!<\/h2>\n\n\n\n<p>Nincsenek kifog\u00e1sok. Ma let\u00f6lthetsz egyet ezek k\u00f6z\u00fcl. <strong>Kereszt\u00e9ny alkalmaz\u00e1sok<\/strong>, kezdj el egy tervet, \u00e9s <strong>olvasd a Bibli\u00e1t minden nap<\/strong>.<\/p>\n\n\n\n<p>Egy <strong>Ingyenes hangos Biblia<\/strong>, akkor is magaddal viheted az Ig\u00e9t, ha nincs id\u0151d le\u00fclni \u00e9s olvasni.<\/p>\n\n\n\n<p>Tedd meg magad\u00e9rt, a b\u00e9k\u00e9d\u00e9rt, a hited\u00e9rt. Nem sz\u00e1m\u00edt a korod, a megszokott rutinod vagy a Bibli\u00e1val kapcsolatos tapasztalatod. Kezdd ott, ahol vagy, azzal, amid van. Isten gondoskodik a t\u00f6bbir\u0151l.<\/p>\n\n\n\n<p>\ud83d\udcf2 <strong>T\u00f6ltsd le az egyik aj\u00e1nlott alkalmaz\u00e1st most azonnal<\/strong> \u00e9s b\u00f6lcsess\u00e9ggel, szeretettel \u00e9s c\u00e9llal alak\u00edtsd \u00e1t a mindennapjaidat.<\/p>\n\n\n\n<h2 class=\"wp-block-heading\">Az aj\u00e1nlott alkalmaz\u00e1sok \u00f6sszefoglal\u00e1sa:<\/h2>\n\n\n\n<ul>\n<li><strong>YouVersion<\/strong>Teljes, modern \u00e9s k\u00f6z\u00f6ss\u00e9ggel rendelkez\u0151. Ingyenes hangos Biblia.<\/li>\n\n\n\n<li><strong>Reina Valera Biblia + Hanganyag<\/strong>Klasszikus, egyszer\u0171 \u00e9s offline.<\/li>\n\n\n\n<li><strong>Napi bibliai vers hanganyag<\/strong>Motiv\u00e1l\u00f3 \u00e9s t\u00f6k\u00e9letes kezd\u00e9snek.<\/li>\n<\/ul>\n\n\n\n<h3 class=\"wp-block-heading\"><mark class=\"has-inline-color has-luminous-vivid-amber-color\"><strong>T\u00f6ltse le az alkalmaz\u00e1sokat<\/strong>.<\/mark><\/h3>\n\n\n\n<ol class=\"has-medium-font-size\">\n<li class=\"has-medium-font-size\"><strong><strong>Reina Valera Biblia + Hanganyag<\/strong>  &#8211; <a href=\"https:\/\/www.bible.com\/pt\/audio-bible-app-versions\/1782\">Android<\/a><\/strong><\/li>\n\n\n\n<li class=\"has-medium-font-size\"><strong><strong><strong><strong><strong><strong>Napi bibliai vers hanganyag<\/strong><\/strong><\/strong><\/strong><\/strong>  &#8211; <a href=\"https:\/\/dailyaudiobible.com\/\">Android<\/a><\/strong><\/li>\n<\/ol>\n\n\n\n<p><\/p>","protected":false},"excerpt":{"rendered":"<p>\u00bfQu\u00e9 est\u00e1s buscando? \u00a1Permanecer\u00e1 en el mismo sitio! \u00bfAlguna vez te ha pasado que sentiste la necesidad de conectar con Dios en medio del tr\u00e1fico, mientras cocinas o antes de dormir, pero no ten\u00edas una Biblia a la mano? Pues tranquilo, porque hoy en d\u00eda es m\u00e1s f\u00e1cil que nunca llevar la Palabra contigo, sin [&hellip;]<\/p>","protected":false},"author":139,"featured_media":9128,"comment_status":"closed","ping_status":"open","sticky":false,"template":"","format":"standard","meta":{"footnotes":""},"categories":[2],"tags":[2007,2112,2109,2110,2111],"yoast_head":"<!-- This site is optimized with the Yoast SEO plugin v23.3 - https:\/\/yoast.com\/wordpress\/plugins\/seo\/ -->\n<title>A Palabra de Dios Donde y Cuando Quieras - Universo Fam\u00edlia<\/title>\n<meta name=\"description\" content=\"A Palabra de Dios Donde y Cuando Quieras. \u00bfAlguna vez te ha pasado que sentiste la necesidad de conectar con Dios en medio del tr\u00e1fico\" \/>\n<meta name=\"robots\" content=\"index, follow, max-snippet:-1, max-image-preview:large, max-video-preview:-1\" \/>\n<link rel=\"canonical\" href=\"http:\/\/universofamilia.com\/hu\/a-palavra-de-deus-onde-e-quando-voce-quiser\/\" \/>\n<meta property=\"og:locale\" content=\"hu_HU\" \/>\n<meta property=\"og:type\" content=\"article\" \/>\n<meta property=\"og:title\" content=\"A Palabra de Dios Donde y Cuando Quieras - Universo Fam\u00edlia\" \/>\n<meta property=\"og:description\" content=\"A Palabra de Dios Donde y Cuando Quieras. \u00bfAlguna vez te ha pasado que sentiste la necesidad de conectar con Dios en medio del tr\u00e1fico\" \/>\n<meta property=\"og:url\" content=\"http:\/\/universofamilia.com\/hu\/a-palavra-de-deus-onde-e-quando-voce-quiser\/\" \/>\n<meta property=\"og:site_name\" content=\"Universo Fam\u00edlia\" \/>\n<meta property=\"article:published_time\" content=\"2025-03-27T19:54:57+00:00\" \/>\n<meta property=\"article:modified_time\" content=\"2025-11-09T21:18:36+00:00\" \/>\n<meta property=\"og:image\" content=\"http:\/\/universofamilia.com\/wp-content\/uploads\/sites\/148\/2025\/03\/DESTAQUE-UNIVERSO-550-x-350-9-1.jpg\" \/>\n\t<meta property=\"og:image:width\" content=\"550\" \/>\n\t<meta property=\"og:image:height\" content=\"350\" \/>\n\t<meta property=\"og:image:type\" content=\"image\/jpeg\" \/>\n<meta name=\"author\" content=\"Pedro Henrique\" \/>\n<meta name=\"twitter:card\" content=\"summary_large_image\" \/>\n<meta name=\"twitter:label1\" content=\"Written by\" \/>\n\t<meta name=\"twitter:data1\" content=\"Pedro Henrique\" \/>\n\t<meta name=\"twitter:label2\" content=\"Est. reading time\" \/>\n\t<meta name=\"twitter:data2\" content=\"6 perc\" \/>\n<script type=\"application\/ld+json\" class=\"yoast-schema-graph\">{\"@context\":\"https:\/\/schema.org\",\"@graph\":[{\"@type\":\"WebPage\",\"@id\":\"http:\/\/universofamilia.com\/pt_pt\/a-palavra-de-deus-onde-e-quando-voce-quiser\/\",\"url\":\"http:\/\/universofamilia.com\/pt_pt\/a-palavra-de-deus-onde-e-quando-voce-quiser\/\",\"name\":\"A Palabra de Dios Donde y Cuando Quieras - Universo Fam\u00edlia\",\"isPartOf\":{\"@id\":\"http:\/\/universofamilia.com\/zh_hk\/#website\"},\"primaryImageOfPage\":{\"@id\":\"http:\/\/universofamilia.com\/pt_pt\/a-palavra-de-deus-onde-e-quando-voce-quiser\/#primaryimage\"},\"image\":{\"@id\":\"http:\/\/universofamilia.com\/pt_pt\/a-palavra-de-deus-onde-e-quando-voce-quiser\/#primaryimage\"},\"thumbnailUrl\":\"http:\/\/universofamilia.com\/wp-content\/uploads\/sites\/148\/2025\/03\/DESTAQUE-UNIVERSO-550-x-350-9-1.jpg\",\"datePublished\":\"2025-03-27T19:54:57+00:00\",\"dateModified\":\"2025-11-09T21:18:36+00:00\",\"author\":{\"@id\":\"http:\/\/universofamilia.com\/zh_hk\/#\/schema\/person\/f07ce98187dd84d31154262e79b3b7ca\"},\"description\":\"A Palabra de Dios Donde y Cuando Quieras. \u00bfAlguna vez te ha pasado que sentiste la necesidad de conectar con Dios en medio del tr\u00e1fico\",\"breadcrumb\":{\"@id\":\"http:\/\/universofamilia.com\/pt_pt\/a-palavra-de-deus-onde-e-quando-voce-quiser\/#breadcrumb\"},\"inLanguage\":\"hu\",\"potentialAction\":[{\"@type\":\"ReadAction\",\"target\":[\"http:\/\/universofamilia.com\/pt_pt\/a-palavra-de-deus-onde-e-quando-voce-quiser\/\"]}]},{\"@type\":\"ImageObject\",\"inLanguage\":\"hu\",\"@id\":\"http:\/\/universofamilia.com\/pt_pt\/a-palavra-de-deus-onde-e-quando-voce-quiser\/#primaryimage\",\"url\":\"http:\/\/universofamilia.com\/wp-content\/uploads\/sites\/148\/2025\/03\/DESTAQUE-UNIVERSO-550-x-350-9-1.jpg\",\"contentUrl\":\"http:\/\/universofamilia.com\/wp-content\/uploads\/sites\/148\/2025\/03\/DESTAQUE-UNIVERSO-550-x-350-9-1.jpg\",\"width\":550,\"height\":350,\"caption\":\"A Palabra de Dios Donde y Cuando Quieras\"},{\"@type\":\"BreadcrumbList\",\"@id\":\"http:\/\/universofamilia.com\/pt_pt\/a-palavra-de-deus-onde-e-quando-voce-quiser\/#breadcrumb\",\"itemListElement\":[{\"@type\":\"ListItem\",\"position\":1,\"name\":\"Home\",\"item\":\"http:\/\/universofamilia.com\/zh_hk\/\"},{\"@type\":\"ListItem\",\"position\":2,\"name\":\"A Palabra de Dios Donde y Cuando Quieras\"}]},{\"@type\":\"WebSite\",\"@id\":\"http:\/\/universofamilia.com\/zh_hk\/#website\",\"url\":\"http:\/\/universofamilia.com\/zh_hk\/\",\"name\":\"Universo Fam\u00edlia\",\"description\":\"\",\"potentialAction\":[{\"@type\":\"SearchAction\",\"target\":{\"@type\":\"EntryPoint\",\"urlTemplate\":\"http:\/\/universofamilia.com\/zh_hk\/?s={search_term_string}\"},\"query-input\":\"required name=search_term_string\"}],\"inLanguage\":\"hu\"},{\"@type\":\"Person\",\"@id\":\"http:\/\/universofamilia.com\/zh_hk\/#\/schema\/person\/f07ce98187dd84d31154262e79b3b7ca\",\"name\":\"Pedro Henrique\",\"image\":{\"@type\":\"ImageObject\",\"inLanguage\":\"hu\",\"@id\":\"http:\/\/universofamilia.com\/zh_hk\/#\/schema\/person\/image\/\",\"url\":\"http:\/\/0.gravatar.com\/avatar\/9edfeb808cb4e1599f64d6e45b130154?s=96&d=mm&r=g\",\"contentUrl\":\"http:\/\/0.gravatar.com\/avatar\/9edfeb808cb4e1599f64d6e45b130154?s=96&d=mm&r=g\",\"caption\":\"Pedro Henrique\"},\"url\":\"http:\/\/universofamilia.com\/hu\/author\/editor01\/\"}]}<\/script>\n<!-- \/ Yoast SEO plugin. -->","yoast_head_json":{"title":"A Palabra de Dios Donde y Cuando Quieras - Universo Fam\u00edlia","description":"A Palabra de Dios Donde y Cuando Quieras. \u00bfAlguna vez te ha pasado que sentiste la necesidad de conectar con Dios en medio del tr\u00e1fico","robots":{"index":"index","follow":"follow","max-snippet":"max-snippet:-1","max-image-preview":"max-image-preview:large","max-video-preview":"max-video-preview:-1"},"canonical":"http:\/\/universofamilia.com\/hu\/a-palavra-de-deus-onde-e-quando-voce-quiser\/","og_locale":"hu_HU","og_type":"article","og_title":"A Palabra de Dios Donde y Cuando Quieras - Universo Fam\u00edlia","og_description":"A Palabra de Dios Donde y Cuando Quieras. \u00bfAlguna vez te ha pasado que sentiste la necesidad de conectar con Dios en medio del tr\u00e1fico","og_url":"http:\/\/universofamilia.com\/hu\/a-palavra-de-deus-onde-e-quando-voce-quiser\/","og_site_name":"Universo Fam\u00edlia","article_published_time":"2025-03-27T19:54:57+00:00","article_modified_time":"2025-11-09T21:18:36+00:00","og_image":[{"width":550,"height":350,"url":"http:\/\/universofamilia.com\/wp-content\/uploads\/sites\/148\/2025\/03\/DESTAQUE-UNIVERSO-550-x-350-9-1.jpg","type":"image\/jpeg"}],"author":"Pedro Henrique","twitter_card":"summary_large_image","twitter_misc":{"Written by":"Pedro Henrique","Est. reading time":"6 perc"},"schema":{"@context":"https:\/\/schema.org","@graph":[{"@type":"WebPage","@id":"http:\/\/universofamilia.com\/pt_pt\/a-palavra-de-deus-onde-e-quando-voce-quiser\/","url":"http:\/\/universofamilia.com\/pt_pt\/a-palavra-de-deus-onde-e-quando-voce-quiser\/","name":"A Palabra de Dios Donde y Cuando Quieras - Universo Fam\u00edlia","isPartOf":{"@id":"http:\/\/universofamilia.com\/zh_hk\/#website"},"primaryImageOfPage":{"@id":"http:\/\/universofamilia.com\/pt_pt\/a-palavra-de-deus-onde-e-quando-voce-quiser\/#primaryimage"},"image":{"@id":"http:\/\/universofamilia.com\/pt_pt\/a-palavra-de-deus-onde-e-quando-voce-quiser\/#primaryimage"},"thumbnailUrl":"http:\/\/universofamilia.com\/wp-content\/uploads\/sites\/148\/2025\/03\/DESTAQUE-UNIVERSO-550-x-350-9-1.jpg","datePublished":"2025-03-27T19:54:57+00:00","dateModified":"2025-11-09T21:18:36+00:00","author":{"@id":"http:\/\/universofamilia.com\/zh_hk\/#\/schema\/person\/f07ce98187dd84d31154262e79b3b7ca"},"description":"A Palabra de Dios Donde y Cuando Quieras. \u00bfAlguna vez te ha pasado que sentiste la necesidad de conectar con Dios en medio del tr\u00e1fico","breadcrumb":{"@id":"http:\/\/universofamilia.com\/pt_pt\/a-palavra-de-deus-onde-e-quando-voce-quiser\/#breadcrumb"},"inLanguage":"hu","potentialAction":[{"@type":"ReadAction","target":["http:\/\/universofamilia.com\/pt_pt\/a-palavra-de-deus-onde-e-quando-voce-quiser\/"]}]},{"@type":"ImageObject","inLanguage":"hu","@id":"http:\/\/universofamilia.com\/pt_pt\/a-palavra-de-deus-onde-e-quando-voce-quiser\/#primaryimage","url":"http:\/\/universofamilia.com\/wp-content\/uploads\/sites\/148\/2025\/03\/DESTAQUE-UNIVERSO-550-x-350-9-1.jpg","contentUrl":"http:\/\/universofamilia.com\/wp-content\/uploads\/sites\/148\/2025\/03\/DESTAQUE-UNIVERSO-550-x-350-9-1.jpg","width":550,"height":350,"caption":"A Palabra de Dios Donde y Cuando Quieras"},{"@type":"BreadcrumbList","@id":"http:\/\/universofamilia.com\/pt_pt\/a-palavra-de-deus-onde-e-quando-voce-quiser\/#breadcrumb","itemListElement":[{"@type":"ListItem","position":1,"name":"Home","item":"http:\/\/universofamilia.com\/zh_hk\/"},{"@type":"ListItem","position":2,"name":"A Palabra de Dios Donde y Cuando Quieras"}]},{"@type":"WebSite","@id":"http:\/\/universofamilia.com\/zh_hk\/#website","url":"http:\/\/universofamilia.com\/zh_hk\/","name":"Universo Fam\u00edlia","description":"","potentialAction":[{"@type":"SearchAction","target":{"@type":"EntryPoint","urlTemplate":"http:\/\/universofamilia.com\/zh_hk\/?s={search_term_string}"},"query-input":"required name=search_term_string"}],"inLanguage":"hu"},{"@type":"Person","@id":"http:\/\/universofamilia.com\/zh_hk\/#\/schema\/person\/f07ce98187dd84d31154262e79b3b7ca","name":"Pedro Henrique","image":{"@type":"ImageObject","inLanguage":"hu","@id":"http:\/\/universofamilia.com\/zh_hk\/#\/schema\/person\/image\/","url":"http:\/\/0.gravatar.com\/avatar\/9edfeb808cb4e1599f64d6e45b130154?s=96&d=mm&r=g","contentUrl":"http:\/\/0.gravatar.com\/avatar\/9edfeb808cb4e1599f64d6e45b130154?s=96&d=mm&r=g","caption":"Pedro Henrique"},"url":"http:\/\/universofamilia.com\/hu\/author\/editor01\/"}]}},"_links":{"self":[{"href":"http:\/\/universofamilia.com\/hu\/wp-json\/wp\/v2\/posts\/9125"}],"collection":[{"href":"http:\/\/universofamilia.com\/hu\/wp-json\/wp\/v2\/posts"}],"about":[{"href":"http:\/\/universofamilia.com\/hu\/wp-json\/wp\/v2\/types\/post"}],"author":[{"embeddable":true,"href":"http:\/\/universofamilia.com\/hu\/wp-json\/wp\/v2\/users\/139"}],"replies":[{"embeddable":true,"href":"http:\/\/universofamilia.com\/hu\/wp-json\/wp\/v2\/comments?post=9125"}],"version-history":[{"count":2,"href":"http:\/\/universofamilia.com\/hu\/wp-json\/wp\/v2\/posts\/9125\/revisions"}],"predecessor-version":[{"id":10316,"href":"http:\/\/universofamilia.com\/hu\/wp-json\/wp\/v2\/posts\/9125\/revisions\/10316"}],"wp:featuredmedia":[{"embeddable":true,"href":"http:\/\/universofamilia.com\/hu\/wp-json\/wp\/v2\/media\/9128"}],"wp:attachment":[{"href":"http:\/\/universofamilia.com\/hu\/wp-json\/wp\/v2\/media?parent=9125"}],"wp:term":[{"taxonomy":"category","embeddable":true,"href":"http:\/\/universofamilia.com\/hu\/wp-json\/wp\/v2\/categories?post=9125"},{"taxonomy":"post_tag","embeddable":true,"href":"http:\/\/universofamilia.com\/hu\/wp-json\/wp\/v2\/tags?post=9125"}],"curies":[{"name":"wp","href":"https:\/\/api.w.org\/{rel}","templated":true}]}}