{"id":9151,"date":"2025-03-29T20:02:01","date_gmt":"2025-03-29T20:02:01","guid":{"rendered":"https:\/\/universofamilia.com\/?p=9151"},"modified":"2025-04-01T00:36:26","modified_gmt":"2025-04-01T00:36:26","slug":"libera-memoria-en-el-celular-ahora","status":"publish","type":"post","link":"http:\/\/universofamilia.com\/hu\/szabaditson-fel-memoriat-a-mobiltelefonjan-most\/","title":{"rendered":"Szabad\u00edts fel mem\u00f3ri\u00e1t a telefonodon most!"},"content":{"rendered":"<p class=\"has-text-align-center\"><strong>Szabad\u00edtson fel mem\u00f3ri\u00e1t a mobiltelefonj\u00e1n<\/strong> Lehet, hogy bonyolultnak t\u0171nik, de val\u00f3j\u00e1ban k\u00f6nnyebb, mint gondoln\u00e1d.<\/p>\n\n\n\n<p><\/p>\n\n\n\n<hr class=\"wp-block-separator has-alpha-channel-opacity is-style-wide\" \/>\n\n\n\n<h5 class=\"wp-block-heading has-text-align-center\"><strong><mark class=\"has-inline-color has-vivid-red-color\">Mit akarsz?<\/mark><\/strong><\/h5>\n\n\n    <section class=\"mx-1 my-10\">\n                                                <a href=\"http:\/\/universofamilia.com\/hu\/la-mejor-y-mas-eficaz-aplicacion-de-limpieza-de-telefono-en-2025\/\" class=\"text-white\" data-analytics-label=\"optionsButton\"\n                    data-action=\"analytics#trackCTA\">\n                    <div data-options-target=\"option\"\n                        class=\"custom-section rounded-xl border p-3 shadow-md w-full bg-green-700 my-3\">\n                        <div class=\"flex w-full items-center justify-between\">\n                            <div class=\"flex items-center space-x-3\">\n                                <div class=\"text-lg font-bold\">\n                                    TISZT\u00cdTSA MOST \u279d\n                                <\/div>\n                            <\/div>\n                        <\/div>\n                    <\/div>\n                <\/a>\n                                                            <a href=\"http:\/\/universofamilia.com\/hu\/elimina-virus-de-tu-celular-y-anuncios-no-deseados\/\" class=\"text-white\" data-analytics-label=\"optionsButton\"\n                    data-action=\"analytics#trackCTA\">\n                    <div data-options-target=\"option\"\n                        class=\"custom-section rounded-xl border p-3 shadow-md w-full bg-green-700 my-3\">\n                        <div class=\"flex w-full items-center justify-between\">\n                            <div class=\"flex items-center space-x-3\">\n                                <div class=\"text-lg font-bold\">\n                                    Rekl\u00e1mok \u00e9s v\u00edrusok elt\u00e1vol\u00edt\u00e1sa \u279d\n                                <\/div>\n                            <\/div>\n                        <\/div>\n                    <\/div>\n                <\/a>\n                                                            <a href=\"http:\/\/universofamilia.com\/hu\/app-limpeza-celular\/\" class=\"text-white\" data-analytics-label=\"optionsButton\"\n                    data-action=\"analytics#trackCTA\">\n                    <div data-options-target=\"option\"\n                        class=\"custom-section rounded-xl border p-3 shadow-md w-full bg-green-700 my-3\">\n                        <div class=\"flex w-full items-center justify-between\">\n                            <div class=\"flex items-center space-x-3\">\n                                <div class=\"text-lg font-bold\">\n                                    Mem\u00f3ria n\u00f6vel\u00e9se \u279d\n                                <\/div>\n                            <\/div>\n                        <\/div>\n                    <\/div>\n                <\/a>\n                            <p class=\"text-xs text-gray-500 text-right hidden\"\n            style=\"margin-left: 50%; margin-bottom: 50px; margin-top: 5px;\">\n            <!-- You will be redirected to another website -->\n        <\/p>\n    <\/section>\n\n\n\n\n<p>Ha a telefonod lefagy, felmelegszik, vagy fogy bel\u0151le a t\u00e1rhely, ez a cikk neked sz\u00f3l.<\/p>\n\n\n\n<p>Megmutatjuk, hogyan teheted telefonodat n\u00e9h\u00e1ny koppint\u00e1ssal \u00fajj\u00e1.<\/p>\n\n\n\n<p>\u00c9s a legjobb: haszn\u00e1lva <strong>ingyenes alkalmaz\u00e1sok<\/strong>, biztons\u00e1gos \u00e9s k\u00f6nnyen haszn\u00e1lhat\u00f3.<\/p>\n\n\n\n<h2 class=\"wp-block-heading\">Mi\u00e9rt telik meg a mobiltelefon mem\u00f3ri\u00e1ja?<\/h2>\n\n\n\n<p>A mobiltelefonod t\u00f6bb dolgot t\u00e1rol, mint gondoln\u00e1d. M\u00e1sodp\u00e9ld\u00e1nyok, WhatsApp-vide\u00f3k, ideiglenes f\u00e1jlok, m\u00e1r nem haszn\u00e1lt alkalmaz\u00e1sok...<\/p>\n\n\n\n<h3 class=\"wp-block-heading\">Mindez felhalmoz\u00f3dik \u00e9s probl\u00e9m\u00e1kat okoz, mint p\u00e9ld\u00e1ul:<\/h3>\n\n\n\n<ul>\n<li>Lass\u00fas\u00e1g az alkalmaz\u00e1sok megnyit\u00e1sakor<\/li>\n\n\n\n<li>Helyhi\u00e1ny miatt nem siker\u00fclt fot\u00f3kat k\u00e9sz\u00edteni<\/li>\n\n\n\n<li>Nem lehet friss\u00edteni a rendszert vagy \u00faj alkalmaz\u00e1sokat telep\u00edteni<\/li>\n\n\n\n<li>Eszk\u00f6z t\u00falmeleged\u00e9se<\/li>\n<\/ul>\n\n\n\n<p>A legrosszabb az eg\u00e9szben az, hogy sokszor <strong>nem tudjuk, mit t\u00f6r\u00f6lj\u00fcnk<\/strong>, vagy f\u00e9l\u00fcnk t\u00f6r\u00f6lni valami fontosat.<\/p>\n\n\n\n<p>Itt j\u00f6nnek k\u00e9pbe a speci\u00e1lis alkalmaz\u00e1sok.<\/p>\n\n\n\n<p><\/p>\n\n\n\n<hr class=\"wp-block-separator has-alpha-channel-opacity is-style-wide\" \/>\n\n\n\n<h4 class=\"wp-block-heading has-text-align-center\"><strong><mark class=\"has-inline-color has-luminous-vivid-orange-color\">Olvasd el ezt is<\/mark><\/strong><\/h4>\n\n\n    <section class=\"mx-1 my-10\">\n                                                <a href=\"http:\/\/universofamilia.com\/hu\/lp-filmes-asiaticos\/\" class=\"text-white\" data-analytics-label=\"optionsButton\"\n                    data-action=\"analytics#trackCTA\">\n                    <div data-options-target=\"option\"\n                        class=\"custom-section rounded-xl border p-3 shadow-md w-full bg-green-700 my-3\">\n                        <div class=\"flex w-full items-center justify-between\">\n                            <div class=\"flex items-center space-x-3\">\n                                <div class=\"text-lg font-bold\">\n                                    App koreai dr\u00e1m\u00e1k n\u00e9z\u00e9s\u00e9hez \u279d\n                                <\/div>\n                            <\/div>\n                        <\/div>\n                    <\/div>\n                <\/a>\n                                                            <a href=\"http:\/\/universofamilia.com\/hu\/lp-recuperar-fotos\/\" class=\"text-white\" data-analytics-label=\"optionsButton\"\n                    data-action=\"analytics#trackCTA\">\n                    <div data-options-target=\"option\"\n                        class=\"custom-section rounded-xl border p-3 shadow-md w-full bg-green-700 my-3\">\n                        <div class=\"flex w-full items-center justify-between\">\n                            <div class=\"flex items-center space-x-3\">\n                                <div class=\"text-lg font-bold\">\n                                    T\u00f6r\u00f6lt fot\u00f3k helyre\u00e1ll\u00edt\u00e1sa ezzel az alkalmaz\u00e1ssal!  \u279d\n                                <\/div>\n                            <\/div>\n                        <\/div>\n                    <\/div>\n                <\/a>\n                                                            <a href=\"http:\/\/universofamilia.com\/hu\/el-amor-a-un-clic\/\" class=\"text-white\" data-analytics-label=\"optionsButton\"\n                    data-action=\"analytics#trackCTA\">\n                    <div data-options-target=\"option\"\n                        class=\"custom-section rounded-xl border p-3 shadow-md w-full bg-green-700 my-3\">\n                        <div class=\"flex w-full items-center justify-between\">\n                            <div class=\"flex items-center space-x-3\">\n                                <div class=\"text-lg font-bold\">\n                                    Fedezd fel az ide\u00e1lis t\u00e1rskeres\u0151 alkalmaz\u00e1st \u279d\n                                <\/div>\n                            <\/div>\n                        <\/div>\n                    <\/div>\n                <\/a>\n                            <p class=\"text-xs text-gray-500 text-right hidden\"\n            style=\"margin-left: 50%; margin-bottom: 50px; margin-top: 5px;\">\n            <!-- You will be redirected to another website -->\n        <\/p>\n    <\/section>\n\n\n\n\n<p class=\"has-text-align-right\"><em><strong><em><strong><em><strong><em><strong><em><strong>Ugyanott fog maradni!<\/strong><\/em><\/strong><\/em><\/strong><\/em><\/strong><\/em><\/strong><\/em><\/p>\n\n\n\n<hr class=\"wp-block-separator has-alpha-channel-opacity is-style-wide\" \/>\n\n\n\n<p><\/p>\n\n\n\n<h2 class=\"wp-block-heading\">Hogyan szabad\u00edtsunk fel mem\u00f3ri\u00e1t a telefonon an\u00e9lk\u00fcl, hogy t\u00f6r\u00f6ln\u00e9nk a fot\u00f3inkat?<\/h2>\n\n\n\n<p>Ha lehets\u00e9ges. \u00c9s a legjobb az eg\u00e9szben: nem kell ehhez m\u0171szaki szak\u00e9rt\u0151nek lenned!<\/p>\n\n\n\n<h3 class=\"wp-block-heading\">A takar\u00edt\u00f3alkalmaz\u00e1sok seg\u00edtenek:<\/h3>\n\n\n\n<ul>\n<li>Duplik\u00e1lt f\u00e1jlok \u00e9szlel\u00e9se<\/li>\n\n\n\n<li>T\u00f6r\u00f6ld a m\u00e1r nem haszn\u00e1lt alkalmaz\u00e1sok gyors\u00edt\u00f3t\u00e1r\u00e1t<\/li>\n\n\n\n<li>T\u00f6r\u00f6lje a felesleges f\u00e1jlokat<\/li>\n\n\n\n<li>Rendszerezd a gal\u00e9ri\u00e1dat \u00e9s szabad\u00edts fel helyet eml\u00e9kek elveszt\u00e9se n\u00e9lk\u00fcl<\/li>\n<\/ul>\n\n\n\n<p>Ezek az eszk\u00f6z\u00f6k elemzik a telefonodat, \u00e9s megmutatj\u00e1k, <strong>amit biztons\u00e1gosan t\u00f6r\u00f6lhetsz<\/strong>.<\/p>\n\n\n\n<p>Ezenk\u00edv\u00fcl n\u00e9h\u00e1ny extra funkci\u00f3kat is k\u00edn\u00e1l, p\u00e9ld\u00e1ul v\u00edruskeres\u0151t, akkumul\u00e1toroptimaliz\u00e1l\u00f3t \u00e9s CPU-h\u0171t\u0151t.<\/p>\n\n\n\n<h2 class=\"wp-block-heading\">A 3 legmegb\u00edzhat\u00f3bb telefontiszt\u00edt\u00f3 alkalmaz\u00e1s 2025-ben<\/h2>\n\n\n\n<p>Legk\u00f6zelebb megmutatjuk, <strong>a legjobb val\u00f3di alkalmaz\u00e1sok<\/strong>, amely el\u00e9rhet\u0151 a Play \u00c1ruh\u00e1zban, hogy n\u00e9h\u00e1ny perc alatt kitakar\u00edtsa a telefonj\u00e1t \u00e9s felszabad\u00edtson t\u00e1rhelyet.<\/p>\n\n\n\n<h3 class=\"wp-block-heading\">1. <strong>CCleaner \u2013 Mobil tiszt\u00edt\u00f3<\/strong><\/h3>\n\n\n\n<p>Egy veter\u00e1n alkalmaz\u00e1s, vil\u00e1gszerte ismert.<br>A CCleaner nem csak a szemetet tiszt\u00edtja meg: azt is <strong>figyelje mobiltelefonja teljes\u00edtm\u00e9ny\u00e9t<\/strong>.<\/p>\n\n\n\n<p><strong>F\u0151bb jellemz\u0151k:<\/strong><\/p>\n\n\n\n<ul>\n<li>T\u00f6r\u00f6lje a gyors\u00edt\u00f3t\u00e1rat, a b\u00f6ng\u00e9sz\u00e9si el\u0151zm\u00e9nyeket \u00e9s a marad\u00e9k f\u00e1jlokat<\/li>\n\n\n\n<li>Alkalmaz\u00e1skezel\u0151 a nem haszn\u00e1lt alkalmaz\u00e1sok elt\u00e1vol\u00edt\u00e1s\u00e1hoz<\/li>\n\n\n\n<li>RAM \u00e9s CPU haszn\u00e1lat elemz\u00e9se<\/li>\n<\/ul>\n\n\n\n<p><strong>Ide\u00e1lis a k\u00f6vetkez\u0151kh\u00f6z:<\/strong> azoknak, akik megb\u00edzhat\u00f3 \u00e9s teljes k\u00f6r\u0171 megold\u00e1st keresnek.<\/p>\n\n\n\n<h3 class=\"wp-block-heading\">2. <strong>Google F\u00e1jlok<\/strong><\/h3>\n\n\n\n<p>Igen, a Google-nek is van saj\u00e1t alkalmaz\u00e1sa a mem\u00f3ria felszabad\u00edt\u00e1s\u00e1ra.<br>A f\u00e1jlok <strong>k\u00f6nny\u0171, gyors \u00e9s nagyon intuit\u00edv<\/strong>.<\/p>\n\n\n\n<p><strong>A Files legjobbjai:<\/strong><\/p>\n\n\n\n<ul>\n<li>Elmos\u00f3dott fot\u00f3k, m\u00e9mek \u00e9s ideiglenes f\u00e1jlok t\u00f6rl\u00e9se<\/li>\n\n\n\n<li>Haszn\u00e1lat alapj\u00e1n javasolja, hogy mit \u00e9rdemes t\u00f6r\u00f6lni<\/li>\n\n\n\n<li>Lehet\u0151v\u00e9 teszi f\u00e1jlok internetkapcsolat n\u00e9lk\u00fcli k\u00fcld\u00e9s\u00e9t is eszk\u00f6z\u00f6k k\u00f6z\u00f6tt.<\/li>\n<\/ul>\n\n\n\n<p><strong>Ide\u00e1lis a k\u00f6vetkez\u0151kh\u00f6z:<\/strong> azoknak, akik valami k\u00f6nnyen haszn\u00e1lhat\u00f3t szeretn\u00e9nek, komplik\u00e1ci\u00f3k n\u00e9lk\u00fcl.<\/p>\n\n\n\n<h3 class=\"wp-block-heading\">3. <strong>AVG Cleaner \u2013 Android tiszt\u00edt\u00f3<\/strong><\/h3>\n\n\n\n<p>Egy hat\u00e9kony eszk\u00f6z, ami t\u00falmutat a tiszt\u00edt\u00e1son.<\/p>\n\n\n\n<p><strong>Mit k\u00edn\u00e1l az AVG Cleaner?<\/strong><\/p>\n\n\n\n<ul>\n<li>\u00dctemezett automatikus tiszt\u00edt\u00e1s<\/li>\n\n\n\n<li>Teljes\u00edtm\u00e9nyn\u00f6vel\u0151<\/li>\n\n\n\n<li>Az akkumul\u00e1tort vagy adatforgalmat fogyaszt\u00f3 alkalmaz\u00e1sok azonos\u00edt\u00f3ja<\/li>\n<\/ul>\n\n\n\n<p><strong>Ide\u00e1lis a k\u00f6vetkez\u0151kh\u00f6z:<\/strong> azok, akik k\u00edv\u00e1nnak <strong>optimaliz\u00e1ld a mobiltelefonodat a lehet\u0151 legjobban<\/strong>, statisztik\u00e1kkal \u00e9s fejlett funkci\u00f3kkal.<\/p>\n\n\n<div class=\"wp-block-image\">\n<figure class=\"aligncenter size-full\"><img loading=\"lazy\" decoding=\"async\" width=\"550\" height=\"350\" src=\"https:\/\/universofamilia.com\/wp-content\/uploads\/sites\/148\/2025\/03\/DESTAQUE-UNIVERSO-550-x-350-16.jpg\" alt=\"\" class=\"wp-image-9154\" srcset=\"http:\/\/universofamilia.com\/wp-content\/uploads\/sites\/148\/2025\/03\/DESTAQUE-UNIVERSO-550-x-350-16.jpg 550w, http:\/\/universofamilia.com\/wp-content\/uploads\/sites\/148\/2025\/03\/DESTAQUE-UNIVERSO-550-x-350-16-300x191.jpg 300w, http:\/\/universofamilia.com\/wp-content\/uploads\/sites\/148\/2025\/03\/DESTAQUE-UNIVERSO-550-x-350-16-18x12.jpg 18w\" sizes=\"(max-width: 550px) 100vw, 550px\" \/><figcaption class=\"wp-element-caption\">Szabad\u00edts fel mem\u00f3ri\u00e1t a telefonodon most!<\/figcaption><\/figure><\/div>\n\n\n<h2 class=\"wp-block-heading\">Mit kell t\u00f6r\u00f6lni \u00e9s mit nem?<\/h2>\n\n\n\n<p>N\u00e9ha az \u201eelhamarkodott\u201d t\u00f6rl\u00e9s tov\u00e1bbi probl\u00e9m\u00e1kat okozhat.<br>Ez\u00e9rt jobb, ha k\u00f6veted az alkalmaz\u00e1sok javaslatait, amelyek <strong>f\u00e1jlok csoportos\u00edt\u00e1sa t\u00edpus \u00e9s felhaszn\u00e1l\u00e1s szerint<\/strong>.<\/p>\n\n\n\n<h3 class=\"wp-block-heading\">Amit f\u00e9lelem n\u00e9lk\u00fcl t\u00f6r\u00f6lhetsz:<\/h3>\n\n\n\n<ul>\n<li>Alkalmaz\u00e1s gyors\u00edt\u00f3t\u00e1r (nem t\u00f6rli az adatokat)<\/li>\n\n\n\n<li>Ideiglenes \u00e9s duplik\u00e1lt f\u00e1jlok<\/li>\n\n\n\n<li>Elt\u00e1vol\u00edtott alkalmaz\u00e1sokb\u00f3l sz\u00e1rmaz\u00f3 marad\u00e9k f\u00e1jlok<\/li>\n\n\n\n<li>WhatsAppon tov\u00e1bb\u00edtott vide\u00f3k<\/li>\n<\/ul>\n\n\n\n<h3 class=\"wp-block-heading\">Szem! Legyen \u00f3vatos a k\u00f6vetkez\u0151kkel:<\/h3>\n\n\n\n<ul>\n<li>Csal\u00e1di fot\u00f3k (ment\u00e9s)<\/li>\n\n\n\n<li>Fontos dokumentumok<\/li>\n\n\n\n<li>Banki vagy munkahelyi alkalmaz\u00e1sf\u00e1jlok<\/li>\n<\/ul>\n\n\n\n<h2 class=\"wp-block-heading\">Milyen gyakran kell helyet felszabad\u00edtani a mobiltelefonodon?<\/h2>\n\n\n\n<p>A haszn\u00e1latt\u00f3l f\u00fcgg.<br>De \u00e1ltal\u00e1nos szab\u00e1lyk\u00e9nt az ide\u00e1lis az, ha megcsin\u00e1ljuk <strong>hetente egyszer<\/strong>.<\/p>\n\n\n\n<p>Ha sok vide\u00f3t streamelsz, vagy neh\u00e9z alkalmaz\u00e1sokat haszn\u00e1lsz, mint p\u00e9ld\u00e1ul a TikTok vagy az Instagram, akkor ezt gyakrabban kell tenned.<\/p>\n\n\n\n<h3 class=\"wp-block-heading\">Tippek a mem\u00f3ria gyors megtel\u00e9s\u00e9nek elker\u00fcl\u00e9s\u00e9re:<\/h3>\n\n\n\n<ul>\n<li>A k\u00e9pek felh\u0151be ment\u00e9s\u00e9hez haszn\u00e1ld a Google Fot\u00f3kat vagy a Drive-ot<\/li>\n\n\n\n<li>Rendszeresen t\u00f6r\u00f6ld a WhatsApp tartalmakat<\/li>\n\n\n\n<li>T\u00e1vol\u00edtsd el azokat az alkalmaz\u00e1sokat, amelyeket t\u00f6bb mint egy h\u00f3napja nem haszn\u00e1lt\u00e1l<\/li>\n<\/ul>\n\n\n\n<h2 class=\"wp-block-heading\">Mi t\u00f6rt\u00e9nik, ha soha nem szabad\u00edtod fel a mem\u00f3ri\u00e1dat?<\/h2>\n\n\n\n<p>A telefonod nem fog felrobbanni, de el\u00e9g sokat fog szenvedni...<\/p>\n\n\n\n<ul>\n<li>Lassabb lesz<\/li>\n\n\n\n<li>\u00d6nmagukban k\u00f6zeli alkalmaz\u00e1sok<\/li>\n\n\n\n<li>\u00c1lland\u00f3 \u201emem\u00f3ria megtelt\u201d hib\u00e1k vagy \u00e9rtes\u00edt\u00e9sek jelennek meg<\/li>\n\n\n\n<li>Cs\u00f6kkenti az akkumul\u00e1tor \u00e9lettartam\u00e1t<\/li>\n<\/ul>\n\n\n\n<p>\u00c9s a legrosszabb az eg\u00e9szben: megtehetn\u00e9d <strong>elvesz\u00edti a fontos f\u00e1jlokat<\/strong> ha a rendszer \u00f6sszeomlik.<\/p>\n\n\n\n<h2 class=\"wp-block-heading\">Ez alkalmaz\u00e1sok n\u00e9lk\u00fcl is megoldhat\u00f3?<\/h2>\n\n\n\n<p>Igen, manu\u00e1lisan is megteheted. De\u2026<\/p>\n\n\n\n<ul>\n<li>Lassabb<\/li>\n\n\n\n<li>V\u00e9letlen\u00fcl is t\u00f6r\u00f6lhetsz dolgokat.<\/li>\n\n\n\n<li>Nem optimaliz\u00e1l annyira, mint egy speci\u00e1lis alkalmaz\u00e1s<\/li>\n<\/ul>\n\n\n\n<h3 class=\"wp-block-heading\">Az alkalmaz\u00e1sok mindent m\u00e1sodpercek alatt elint\u00e9znek:<\/h3>\n\n\n\n<ul>\n<li>Elemezik a rendszert<\/li>\n\n\n\n<li>Szem\u00e9tf\u00e1jlok \u00e9szlelve<\/li>\n\n\n\n<li>Megmutatj\u00e1k, mit kell elt\u00e1vol\u00edtani<\/li>\n\n\n\n<li>\u00c9s egy kattint\u00e1ssal k\u00e9sz is!<\/li>\n<\/ul>\n\n\n\n<h2 class=\"wp-block-heading\">Igaz t\u00f6rt\u00e9netek: \u201eAzt hittem, elromlott a telefonom\u201d<\/h2>\n\n\n\n<blockquote class=\"wp-block-quote\">\n<p>\u201eA telefonom folyton kikapcsolt. M\u00e9g fot\u00f3kat sem tudtam k\u00e9sz\u00edteni. Telep\u00edtettem a F\u00e1jlok a Google-t\u00f3l alkalmaz\u00e1st, t\u00f6r\u00f6ltem 2 GB szemetet... \u00e9s \u00fajra \u00e9letre kelt!\u201d \u2014 Marianna, 33 \u00e9ves.<\/p>\n\n\n\n<p>\u201eMinden h\u00e9ten haszn\u00e1lom a CCleanert. Ennek k\u00f6sz\u00f6nhet\u0151en a telefonom soha nem omlik \u00f6ssze, \u00e9s m\u00e9g \u00fajat sem kell vennem.\u201d \u2014 Don Miguel, 61 \u00e9ves.<\/p>\n<\/blockquote>\n\n\n\n<p>Ezek a tapasztalatok gyakoriak.<br>N\u00e9ha csak egy kis seg\u00edts\u00e9gre van sz\u00fcks\u00e9g\u00fcnk... \u00e9s egy j\u00f3 alkalmaz\u00e1sra.<\/p>\n\n\n\n<h2 class=\"wp-block-heading\">Cselekedj m\u00e9g ma!<\/h2>\n\n\n\n<p>Lass\u00fa, t\u00falmelegedett, vagy tele van szem\u00e9ttel a telefonod?<br>Tudod, mit kell tenned!<\/p>\n\n\n\n<ul>\n<li><strong>Telep\u00edtsd a h\u00e1rom aj\u00e1nlott alkalmaz\u00e1s egyik\u00e9t<\/strong><\/li>\n\n\n\n<li>Szabad\u00edtson fel mem\u00f3ri\u00e1t f\u00e9nyk\u00e9pek elveszt\u00e9se n\u00e9lk\u00fcl<\/li>\n\n\n\n<li>Optimaliz\u00e1lja a teljes\u00edtm\u00e9nyt percek alatt<\/li>\n\n\n\n<li>Ker\u00fcld el a feleslegesen v\u00e1s\u00e1rolt \u00fajabb telefont<\/li>\n<\/ul>\n\n\n\n<p>Ne hagyd, hogy t\u00fal sok f\u00e1jl t\u00f6nkretegye a napodat. T\u00f6ltsd le a sz\u00e1modra legmegfelel\u0151bb alkalmaz\u00e1st, \u00e9s <strong>Adj \u00faj \u00e9letet a mobiltelefonodnak most!<\/strong>.<\/p>\n\n\n\n<h3 class=\"wp-block-heading\"><mark class=\"has-inline-color has-luminous-vivid-amber-color\"><strong>T\u00f6ltse le az alkalmaz\u00e1sokat<\/strong>.<\/mark><\/h3>\n\n\n\n<ol class=\"has-medium-font-size\">\n<li class=\"has-medium-font-size\"><strong>CCleaner<\/strong> <strong>&#8211; <a href=\"https:\/\/www.ccleaner.com\/ccleaner-android?cc-noredirect=\">Android <\/a>\/ <a href=\"https:\/\/apps.apple.com\/br\/app\/ccleaner-limpeza-de-celular\/id6450901367\">iOS<\/a><\/strong><\/li>\n\n\n\n<li class=\"has-medium-font-size\"><strong><strong>Google-f\u00e1jlok<\/strong>  &#8211; <a href=\"https:\/\/files-go.br.uptodown.com\/android\">Android <\/a>\/ <a href=\"https:\/\/apps.apple.com\/br\/app\/files\/id669786908\">iOS<\/a><\/strong><\/li>\n\n\n\n<li class=\"has-medium-font-size\"><strong><strong>Avast takar\u00edt\u00e1s<\/strong>  &#8211; <a href=\"https:\/\/www.avast.com\/pt-br\/cleanup-android#pc\">Android <\/a>\/ <a href=\"https:\/\/apps.apple.com\/br\/app\/avast-cleanup-limpador\/id6478222193\">iOS<\/a><\/strong><\/li>\n<\/ol>","protected":false},"excerpt":{"rendered":"<p>A telefonon a mem\u00f3ria felszabad\u00edt\u00e1sa bonyolultnak t\u0171nhet, de val\u00f3j\u00e1ban egyszer\u0171bb, mint gondoln\u00e1d. Mit szeretn\u00e9l? Ha a telefonod lefagy, felmelegszik, vagy fogy bel\u0151le a t\u00e1rhely, ez a cikk neked sz\u00f3l. Megmutatjuk, hogyan var\u00e1zsolhatod a telefonod \u00fajszer\u0171v\u00e9 mind\u00f6ssze n\u00e9h\u00e1ny koppint\u00e1ssal. \u00c9s a legjobb az eg\u00e9szben: az alkalmaz\u00e1sok haszn\u00e1lata [\u2026]<\/p>","protected":false},"author":139,"featured_media":9154,"comment_status":"closed","ping_status":"open","sticky":false,"template":"","format":"standard","meta":{"footnotes":""},"categories":[2],"tags":[2137,2139,2138,2136,2133],"yoast_head":"<!-- This site is optimized with the Yoast SEO plugin v23.3 - https:\/\/yoast.com\/wordpress\/plugins\/seo\/ -->\n<title>\u00a1Libera memoria en el celular ahora! - Universo Fam\u00edlia<\/title>\n<meta name=\"description\" content=\"\u00a1Libera memoria en el celular ahora!. Liberar memoria en el celular puede parecer complicado, pero en realidad es m\u00e1s f\u00e1cil...\" \/>\n<meta name=\"robots\" content=\"index, follow, max-snippet:-1, max-image-preview:large, max-video-preview:-1\" \/>\n<link rel=\"canonical\" href=\"http:\/\/universofamilia.com\/hu\/libere-memoria-do-seu-celular-agora\/\" \/>\n<meta property=\"og:locale\" content=\"hu_HU\" \/>\n<meta property=\"og:type\" content=\"article\" \/>\n<meta property=\"og:title\" content=\"\u00a1Libera memoria en el celular ahora! - Universo Fam\u00edlia\" \/>\n<meta property=\"og:description\" content=\"\u00a1Libera memoria en el celular ahora!. Liberar memoria en el celular puede parecer complicado, pero en realidad es m\u00e1s f\u00e1cil...\" \/>\n<meta property=\"og:url\" content=\"http:\/\/universofamilia.com\/hu\/libere-memoria-do-seu-celular-agora\/\" \/>\n<meta property=\"og:site_name\" content=\"Universo Fam\u00edlia\" \/>\n<meta property=\"article:published_time\" content=\"2025-03-29T20:02:01+00:00\" \/>\n<meta property=\"article:modified_time\" content=\"2025-04-01T00:36:26+00:00\" \/>\n<meta property=\"og:image\" content=\"http:\/\/universofamilia.com\/wp-content\/uploads\/sites\/148\/2025\/03\/DESTAQUE-UNIVERSO-550-x-350-16.jpg\" \/>\n\t<meta property=\"og:image:width\" content=\"550\" \/>\n\t<meta property=\"og:image:height\" content=\"350\" \/>\n\t<meta property=\"og:image:type\" content=\"image\/jpeg\" \/>\n<meta name=\"author\" content=\"Pedro Henrique\" \/>\n<meta name=\"twitter:card\" content=\"summary_large_image\" \/>\n<meta name=\"twitter:label1\" content=\"Written by\" \/>\n\t<meta name=\"twitter:data1\" content=\"Pedro Henrique\" \/>\n\t<meta name=\"twitter:label2\" content=\"Est. reading time\" \/>\n\t<meta name=\"twitter:data2\" content=\"5 perc\" \/>\n<script type=\"application\/ld+json\" class=\"yoast-schema-graph\">{\"@context\":\"https:\/\/schema.org\",\"@graph\":[{\"@type\":\"WebPage\",\"@id\":\"http:\/\/universofamilia.com\/pt\/libere-memoria-do-seu-celular-agora\/\",\"url\":\"http:\/\/universofamilia.com\/pt\/libere-memoria-do-seu-celular-agora\/\",\"name\":\"\u00a1Libera memoria en el celular ahora! - Universo Fam\u00edlia\",\"isPartOf\":{\"@id\":\"https:\/\/universofamilia.com\/el\/#website\"},\"primaryImageOfPage\":{\"@id\":\"http:\/\/universofamilia.com\/pt\/libere-memoria-do-seu-celular-agora\/#primaryimage\"},\"image\":{\"@id\":\"http:\/\/universofamilia.com\/pt\/libere-memoria-do-seu-celular-agora\/#primaryimage\"},\"thumbnailUrl\":\"http:\/\/universofamilia.com\/wp-content\/uploads\/sites\/148\/2025\/03\/DESTAQUE-UNIVERSO-550-x-350-16.jpg\",\"datePublished\":\"2025-03-29T20:02:01+00:00\",\"dateModified\":\"2025-04-01T00:36:26+00:00\",\"author\":{\"@id\":\"https:\/\/universofamilia.com\/el\/#\/schema\/person\/f07ce98187dd84d31154262e79b3b7ca\"},\"description\":\"\u00a1Libera memoria en el celular ahora!. Liberar memoria en el celular puede parecer complicado, pero en realidad es m\u00e1s f\u00e1cil...\",\"breadcrumb\":{\"@id\":\"http:\/\/universofamilia.com\/pt\/libere-memoria-do-seu-celular-agora\/#breadcrumb\"},\"inLanguage\":\"hu\",\"potentialAction\":[{\"@type\":\"ReadAction\",\"target\":[\"http:\/\/universofamilia.com\/pt\/libere-memoria-do-seu-celular-agora\/\"]}]},{\"@type\":\"ImageObject\",\"inLanguage\":\"hu\",\"@id\":\"http:\/\/universofamilia.com\/pt\/libere-memoria-do-seu-celular-agora\/#primaryimage\",\"url\":\"http:\/\/universofamilia.com\/wp-content\/uploads\/sites\/148\/2025\/03\/DESTAQUE-UNIVERSO-550-x-350-16.jpg\",\"contentUrl\":\"http:\/\/universofamilia.com\/wp-content\/uploads\/sites\/148\/2025\/03\/DESTAQUE-UNIVERSO-550-x-350-16.jpg\",\"width\":550,\"height\":350,\"caption\":\"\u00a1Libera memoria en el celular ahora!\"},{\"@type\":\"BreadcrumbList\",\"@id\":\"http:\/\/universofamilia.com\/pt\/libere-memoria-do-seu-celular-agora\/#breadcrumb\",\"itemListElement\":[{\"@type\":\"ListItem\",\"position\":1,\"name\":\"Home\",\"item\":\"https:\/\/universofamilia.com\/el\/\"},{\"@type\":\"ListItem\",\"position\":2,\"name\":\"\u00a1Libera memoria en el celular ahora!\"}]},{\"@type\":\"WebSite\",\"@id\":\"https:\/\/universofamilia.com\/el\/#website\",\"url\":\"https:\/\/universofamilia.com\/el\/\",\"name\":\"Universo Fam\u00edlia\",\"description\":\"\",\"potentialAction\":[{\"@type\":\"SearchAction\",\"target\":{\"@type\":\"EntryPoint\",\"urlTemplate\":\"https:\/\/universofamilia.com\/el\/?s={search_term_string}\"},\"query-input\":\"required name=search_term_string\"}],\"inLanguage\":\"hu\"},{\"@type\":\"Person\",\"@id\":\"https:\/\/universofamilia.com\/el\/#\/schema\/person\/f07ce98187dd84d31154262e79b3b7ca\",\"name\":\"Pedro Henrique\",\"image\":{\"@type\":\"ImageObject\",\"inLanguage\":\"hu\",\"@id\":\"https:\/\/universofamilia.com\/el\/#\/schema\/person\/image\/\",\"url\":\"http:\/\/0.gravatar.com\/avatar\/9edfeb808cb4e1599f64d6e45b130154?s=96&d=mm&r=g\",\"contentUrl\":\"http:\/\/0.gravatar.com\/avatar\/9edfeb808cb4e1599f64d6e45b130154?s=96&d=mm&r=g\",\"caption\":\"Pedro Henrique\"},\"url\":\"http:\/\/universofamilia.com\/hu\/author\/editor01\/\"}]}<\/script>\n<!-- \/ Yoast SEO plugin. -->","yoast_head_json":{"title":"\u00a1Libera memoria en el celular ahora! - Universo Fam\u00edlia","description":"\u00a1Libera memoria en el celular ahora!. Liberar memoria en el celular puede parecer complicado, pero en realidad es m\u00e1s f\u00e1cil...","robots":{"index":"index","follow":"follow","max-snippet":"max-snippet:-1","max-image-preview":"max-image-preview:large","max-video-preview":"max-video-preview:-1"},"canonical":"http:\/\/universofamilia.com\/hu\/libere-memoria-do-seu-celular-agora\/","og_locale":"hu_HU","og_type":"article","og_title":"\u00a1Libera memoria en el celular ahora! - Universo Fam\u00edlia","og_description":"\u00a1Libera memoria en el celular ahora!. Liberar memoria en el celular puede parecer complicado, pero en realidad es m\u00e1s f\u00e1cil...","og_url":"http:\/\/universofamilia.com\/hu\/libere-memoria-do-seu-celular-agora\/","og_site_name":"Universo Fam\u00edlia","article_published_time":"2025-03-29T20:02:01+00:00","article_modified_time":"2025-04-01T00:36:26+00:00","og_image":[{"width":550,"height":350,"url":"http:\/\/universofamilia.com\/wp-content\/uploads\/sites\/148\/2025\/03\/DESTAQUE-UNIVERSO-550-x-350-16.jpg","type":"image\/jpeg"}],"author":"Pedro Henrique","twitter_card":"summary_large_image","twitter_misc":{"Written by":"Pedro Henrique","Est. reading time":"5 perc"},"schema":{"@context":"https:\/\/schema.org","@graph":[{"@type":"WebPage","@id":"http:\/\/universofamilia.com\/pt\/libere-memoria-do-seu-celular-agora\/","url":"http:\/\/universofamilia.com\/pt\/libere-memoria-do-seu-celular-agora\/","name":"\u00a1Libera memoria en el celular ahora! - Universo Fam\u00edlia","isPartOf":{"@id":"https:\/\/universofamilia.com\/el\/#website"},"primaryImageOfPage":{"@id":"http:\/\/universofamilia.com\/pt\/libere-memoria-do-seu-celular-agora\/#primaryimage"},"image":{"@id":"http:\/\/universofamilia.com\/pt\/libere-memoria-do-seu-celular-agora\/#primaryimage"},"thumbnailUrl":"http:\/\/universofamilia.com\/wp-content\/uploads\/sites\/148\/2025\/03\/DESTAQUE-UNIVERSO-550-x-350-16.jpg","datePublished":"2025-03-29T20:02:01+00:00","dateModified":"2025-04-01T00:36:26+00:00","author":{"@id":"https:\/\/universofamilia.com\/el\/#\/schema\/person\/f07ce98187dd84d31154262e79b3b7ca"},"description":"\u00a1Libera memoria en el celular ahora!. Liberar memoria en el celular puede parecer complicado, pero en realidad es m\u00e1s f\u00e1cil...","breadcrumb":{"@id":"http:\/\/universofamilia.com\/pt\/libere-memoria-do-seu-celular-agora\/#breadcrumb"},"inLanguage":"hu","potentialAction":[{"@type":"ReadAction","target":["http:\/\/universofamilia.com\/pt\/libere-memoria-do-seu-celular-agora\/"]}]},{"@type":"ImageObject","inLanguage":"hu","@id":"http:\/\/universofamilia.com\/pt\/libere-memoria-do-seu-celular-agora\/#primaryimage","url":"http:\/\/universofamilia.com\/wp-content\/uploads\/sites\/148\/2025\/03\/DESTAQUE-UNIVERSO-550-x-350-16.jpg","contentUrl":"http:\/\/universofamilia.com\/wp-content\/uploads\/sites\/148\/2025\/03\/DESTAQUE-UNIVERSO-550-x-350-16.jpg","width":550,"height":350,"caption":"\u00a1Libera memoria en el celular ahora!"},{"@type":"BreadcrumbList","@id":"http:\/\/universofamilia.com\/pt\/libere-memoria-do-seu-celular-agora\/#breadcrumb","itemListElement":[{"@type":"ListItem","position":1,"name":"Home","item":"https:\/\/universofamilia.com\/el\/"},{"@type":"ListItem","position":2,"name":"\u00a1Libera memoria en el celular ahora!"}]},{"@type":"WebSite","@id":"https:\/\/universofamilia.com\/el\/#website","url":"https:\/\/universofamilia.com\/el\/","name":"Universo Fam\u00edlia","description":"","potentialAction":[{"@type":"SearchAction","target":{"@type":"EntryPoint","urlTemplate":"https:\/\/universofamilia.com\/el\/?s={search_term_string}"},"query-input":"required name=search_term_string"}],"inLanguage":"hu"},{"@type":"Person","@id":"https:\/\/universofamilia.com\/el\/#\/schema\/person\/f07ce98187dd84d31154262e79b3b7ca","name":"Pedro Henrique","image":{"@type":"ImageObject","inLanguage":"hu","@id":"https:\/\/universofamilia.com\/el\/#\/schema\/person\/image\/","url":"http:\/\/0.gravatar.com\/avatar\/9edfeb808cb4e1599f64d6e45b130154?s=96&d=mm&r=g","contentUrl":"http:\/\/0.gravatar.com\/avatar\/9edfeb808cb4e1599f64d6e45b130154?s=96&d=mm&r=g","caption":"Pedro Henrique"},"url":"http:\/\/universofamilia.com\/hu\/author\/editor01\/"}]}},"_links":{"self":[{"href":"http:\/\/universofamilia.com\/hu\/wp-json\/wp\/v2\/posts\/9151"}],"collection":[{"href":"http:\/\/universofamilia.com\/hu\/wp-json\/wp\/v2\/posts"}],"about":[{"href":"http:\/\/universofamilia.com\/hu\/wp-json\/wp\/v2\/types\/post"}],"author":[{"embeddable":true,"href":"http:\/\/universofamilia.com\/hu\/wp-json\/wp\/v2\/users\/139"}],"replies":[{"embeddable":true,"href":"http:\/\/universofamilia.com\/hu\/wp-json\/wp\/v2\/comments?post=9151"}],"version-history":[{"count":2,"href":"http:\/\/universofamilia.com\/hu\/wp-json\/wp\/v2\/posts\/9151\/revisions"}],"predecessor-version":[{"id":9176,"href":"http:\/\/universofamilia.com\/hu\/wp-json\/wp\/v2\/posts\/9151\/revisions\/9176"}],"wp:featuredmedia":[{"embeddable":true,"href":"http:\/\/universofamilia.com\/hu\/wp-json\/wp\/v2\/media\/9154"}],"wp:attachment":[{"href":"http:\/\/universofamilia.com\/hu\/wp-json\/wp\/v2\/media?parent=9151"}],"wp:term":[{"taxonomy":"category","embeddable":true,"href":"http:\/\/universofamilia.com\/hu\/wp-json\/wp\/v2\/categories?post=9151"},{"taxonomy":"post_tag","embeddable":true,"href":"http:\/\/universofamilia.com\/hu\/wp-json\/wp\/v2\/tags?post=9151"}],"curies":[{"name":"wp","href":"https:\/\/api.w.org\/{rel}","templated":true}]}}