{"id":9160,"date":"2025-04-01T00:33:10","date_gmt":"2025-04-01T00:33:10","guid":{"rendered":"https:\/\/universofamilia.com\/?p=9160"},"modified":"2025-10-13T15:38:53","modified_gmt":"2025-10-13T18:38:53","slug":"quien-ve-tu-perfil-en-secreto","status":"publish","type":"post","link":"http:\/\/universofamilia.com\/hu\/quien-ve-tu-perfil-en-secreto\/","title":{"rendered":"Ki l\u00e1tja titokban a profilodat?"},"content":{"rendered":"<h3 class=\"wp-block-heading\">Szeretn\u00e9d tudni, hogy ki n\u00e9zi a profilodat an\u00e9lk\u00fcl, hogy \u00e9szrevenn\u00e9d?<\/h3>\n\n\n\n<p><strong>Ki l\u00e1tja a k\u00f6z\u00f6ss\u00e9gi m\u00e9dia profilomat?<\/strong> a k\u00edv\u00e1ncsi felhaszn\u00e1l\u00f3k \u00e1ltal leggyakrabban keresett k\u00e9rd\u00e9s.<\/p>\n\n\n\n<p>Mindannyian tudni akarjuk, hogy az a k\u00fcl\u00f6nleges valaki, egy volt partner\u00fcnk vagy egy v\u00e1ratlan szem\u00e9ly n\u00e9zi-e a bejegyz\u00e9seinket.<\/p>\n\n\n\n<p>A k\u00edv\u00e1ncsis\u00e1g term\u00e9szetes, \u00e9s a technol\u00f3gi\u00e1nak k\u00f6sz\u00f6nhet\u0151en m\u00e1r nem kell t\u0171n\u0151dn\u00f6d.<\/p>\n\n\n\n<p>Ebben a cikkben megmutatom nektek <strong>A legjobb alkalmaz\u00e1sok, amelyekkel kider\u00edtheted, ki k\u00e9mkedik ut\u00e1nad a k\u00f6z\u00f6ss\u00e9gi m\u00e9di\u00e1ban<\/strong>Val\u00f3di, biztons\u00e1gos \u00e9s k\u00f6nnyen haszn\u00e1lhat\u00f3 alkalmaz\u00e1sok.<\/p>\n\n\n\n<p>Nem kell tech szak\u00e9rt\u0151nek lenned. N\u00e9h\u00e1ny kattint\u00e1ssal nagyobb kontrollt gyakorolhatsz az adatv\u00e9delmed felett.<\/p>\n\n\n\n<p>Olvass tov\u00e1bb, \u00e9s fedezd fel, hogyan l\u00e1thatod titokban, hogy kik l\u00e1togatj\u00e1k a profilodat, olyan eszk\u00f6z\u00f6kkel, amelyek meglepnek majd, \u00e9s seg\u00edthetnek megalapozott d\u00f6nt\u00e9seket hozni a k\u00f6z\u00f6ss\u00e9gi m\u00e9dia fi\u00f3kjaiddal kapcsolatban.<\/p>\n\n\n\n<h2 class=\"wp-block-heading\">K\u00f6z\u00f6ss\u00e9gi h\u00e1l\u00f3zatok \u00e9s az emberi k\u00edv\u00e1ncsis\u00e1g<\/h2>\n\n\n\n<h3 class=\"wp-block-heading\">Mindannyian megn\u00e9zz\u00fck a profilokat... de nem mindenki vallja be!<\/h3>\n\n\n\n<p>Legyen sz\u00f3 Facebookr\u00f3l, Instagramr\u00f3l, TikTokr\u00f3l vagy Twitterr\u0151l, mindannyian k\u00edv\u00e1ncsiak vagyunk arra, hogy t\u00f6bbet megtudjunk valakir\u0151l valamikor, \u00e9s ez arra k\u00e9sztet minket, hogy interakci\u00f3 n\u00e9lk\u00fcl b\u00f6ng\u00e9ssz\u00fcnk a profilok k\u00f6z\u00f6tt.<\/p>\n\n\n\n<p>Ez egy bevett gyakorlat, szinte term\u00e9szetes a digit\u00e1lis vil\u00e1gban.<\/p>\n\n\n\n<p><\/p>\n\n\n\n<hr class=\"wp-block-separator has-alpha-channel-opacity is-style-wide\" \/>\n\n\n\n<h4 class=\"wp-block-heading has-text-align-center\"><strong><mark class=\"has-inline-color has-luminous-vivid-orange-color\">Olvasd el ezt is<\/mark><\/strong><\/h4>\n\n\n    <section class=\"mx-1 my-10\">\n                                                <a href=\"http:\/\/universofamilia.com\/hu\/lp-filmes-asiaticos\/\" class=\"text-white\" data-analytics-label=\"optionsButton\"\n                    data-action=\"analytics#trackCTA\">\n                    <div data-options-target=\"option\"\n                        class=\"custom-section rounded-xl border p-3 shadow-md w-full bg-green-700 my-3\">\n                        <div class=\"flex w-full items-center justify-between\">\n                            <div class=\"flex items-center space-x-3\">\n                                <div class=\"text-lg font-bold\">\n                                    App koreai dr\u00e1m\u00e1k n\u00e9z\u00e9s\u00e9hez \u279d\n                                <\/div>\n                            <\/div>\n                        <\/div>\n                    <\/div>\n                <\/a>\n                                                            <a href=\"http:\/\/universofamilia.com\/hu\/lp-recuperar-fotos\/\" class=\"text-white\" data-analytics-label=\"optionsButton\"\n                    data-action=\"analytics#trackCTA\">\n                    <div data-options-target=\"option\"\n                        class=\"custom-section rounded-xl border p-3 shadow-md w-full bg-green-700 my-3\">\n                        <div class=\"flex w-full items-center justify-between\">\n                            <div class=\"flex items-center space-x-3\">\n                                <div class=\"text-lg font-bold\">\n                                    T\u00f6r\u00f6lt fot\u00f3k helyre\u00e1ll\u00edt\u00e1sa ezzel az alkalmaz\u00e1ssal!  \u279d\n                                <\/div>\n                            <\/div>\n                        <\/div>\n                    <\/div>\n                <\/a>\n                                                            <a href=\"http:\/\/universofamilia.com\/hu\/el-amor-a-un-clic\/\" class=\"text-white\" data-analytics-label=\"optionsButton\"\n                    data-action=\"analytics#trackCTA\">\n                    <div data-options-target=\"option\"\n                        class=\"custom-section rounded-xl border p-3 shadow-md w-full bg-green-700 my-3\">\n                        <div class=\"flex w-full items-center justify-between\">\n                            <div class=\"flex items-center space-x-3\">\n                                <div class=\"text-lg font-bold\">\n                                    Fedezd fel az ide\u00e1lis t\u00e1rskeres\u0151 alkalmaz\u00e1st \u279d\n                                <\/div>\n                            <\/div>\n                        <\/div>\n                    <\/div>\n                <\/a>\n                            <p class=\"text-xs text-gray-500 text-right hidden\"\n            style=\"margin-left: 50%; margin-bottom: 50px; margin-top: 5px;\">\n            <!-- You will be redirected to another website -->\n        <\/p>\n    <\/section>\n\n\n\n\n<p class=\"has-text-align-right\"><em><strong><em><strong><em><strong><em><strong><em><strong>Ugyanott fog maradni!<\/strong><\/em><\/strong><\/em><\/strong><\/em><\/strong><\/em><\/strong><\/em><\/p>\n\n\n\n<hr class=\"wp-block-separator has-alpha-channel-opacity is-style-wide\" \/>\n\n\n\n<p><\/p>\n\n\n\n<p>\u00c9s persze azt is k\u00e9rdezz\u00fck magunkt\u00f3l: \u201e<strong>Ki csin\u00e1lja ezt velem?<\/strong>\u201e\u201d.<\/p>\n\n\n\n<p>Itt j\u00f6n k\u00e9pbe a technol\u00f3gia var\u00e1zsa. Vannak olyan eszk\u00f6z\u00f6k, amelyek b\u00e1r nem adnak pontos nevet (adatv\u00e9delmi okokb\u00f3l), \u00e9rt\u00e9kes adatokat k\u00edn\u00e1lnak, p\u00e9ld\u00e1ul:<\/p>\n\n\n\n<ul>\n<li>A profilod l\u00e1togat\u00e1s\u00e1nak gyakoris\u00e1ga.<\/li>\n\n\n\n<li>Azok a felhaszn\u00e1l\u00f3k, akik a legt\u00f6bbet l\u00e9pnek kapcsolatba veled.<\/li>\n\n\n\n<li>\u00daj gyan\u00fas k\u00f6vet\u0151k.<\/li>\n\n\n\n<li>Szokatlan tev\u00e9kenys\u00e9g, amely mint\u00e1kat t\u00e1rhat fel.<\/li>\n<\/ul>\n\n\n\n<p>Ezek az eszk\u00f6z\u00f6k elemzik a viselked\u00e9st. \u00c9s ezek a viselked\u00e9sek, ha helyesen \u00e9rtelmezik \u0151ket, nagyon \u00e9rdekes inform\u00e1ci\u00f3kkal szolg\u00e1lhatnak.<\/p>\n\n\n\n<p>Nem csak a k\u00edv\u00e1ncsis\u00e1g kiel\u00e9g\u00edt\u00e9s\u00e9r\u0151l van sz\u00f3, hanem a digit\u00e1lis tered v\u00e9delm\u00e9r\u0151l is.<\/p>\n\n\n\n<h3 class=\"wp-block-heading\">Lehets\u00e9ges pontosan tudni, hogy kik n\u00e9zik meg a profilodat?<\/h3>\n\n\n\n<p>A legt\u00f6bb k\u00f6z\u00f6ss\u00e9gi h\u00e1l\u00f3zat <strong>ne enged\u00e9lyezze a l\u00e1togat\u00f3k k\u00f6zvetlen megjelen\u00edt\u00e9s\u00e9t<\/strong>.<\/p>\n\n\n\n<p>De ez nem jelenti azt, hogy nem kaphatsz fontos nyomokat. Vannak m\u00f3dok a tev\u00e9kenys\u00e9gek nyomon k\u00f6vet\u00e9s\u00e9re l\u00e1that\u00f3 interakci\u00f3kon kereszt\u00fcl, \u00e9s sz\u00e1mos alkalmaz\u00e1s c\u00e9lja, hogy seg\u00edtsen azonos\u00edtani a kulcsfontoss\u00e1g\u00fa jeleket.<\/p>\n\n\n\n<p>Ezek az alkalmaz\u00e1sok az interakci\u00f3k, a tev\u00e9kenys\u00e9gi mint\u00e1k \u00e9s a viselked\u00e9s elemz\u00e9s\u00e9vel m\u0171k\u00f6dnek, amelyek seg\u00edtenek <strong>potenci\u00e1lis \u201ek\u00e9mek\u201d azonos\u00edt\u00e1sa<\/strong>.<\/p>\n\n\n\n<p>M\u00e9g ha nem is l\u00e1tod a l\u00e1togat\u00f3 teljes nev\u00e9t, akkor is kital\u00e1lhatod, hogy ki figyel r\u00e1d.<\/p>\n\n\n\n<p>Ezenk\u00edv\u00fcl ezek k\u00f6z\u00fcl az eszk\u00f6z\u00f6k k\u00f6z\u00fcl sok statisztik\u00e1kat k\u00edn\u00e1l, amelyeket felhaszn\u00e1lhatsz a tartalmaid fejleszt\u00e9s\u00e9re, a k\u00f6z\u00f6ns\u00e9ged megismer\u00e9s\u00e9re vagy egyszer\u0171en csak a biztons\u00e1gosabb online megjelen\u00e9sre.<\/p>\n\n\n\n<h2 class=\"wp-block-heading\">3 legjobb alkalmaz\u00e1s, amivel megtudhatod, ki figyel t\u00e9ged titokban<\/h2>\n\n\n\n<h3 class=\"wp-block-heading\">1. <strong>InStalker<\/strong> \u2013 R\u00e9szletes Instagram-elemz\u00e9s<\/h3>\n\n\n\n<p>Ez az alkalmaz\u00e1s nagyon n\u00e9pszer\u0171v\u00e9 v\u00e1lt, mivel k\u00e9pes megjelen\u00edteni:<\/p>\n\n\n\n<ul>\n<li>Kik sz\u0171ntek meg nemr\u00e9g k\u00f6vetni t\u00e9ged?<\/li>\n\n\n\n<li>Ki l\u00e1tja a t\u00f6rt\u00e9neteidet an\u00e9lk\u00fcl, hogy interakci\u00f3ba l\u00e9pn\u00e9l vel\u00fck.<\/li>\n\n\n\n<li>Reag\u00e1l\u00e1s n\u00e9lk\u00fcli szellemk\u00f6vet\u0151k.<\/li>\n\n\n\n<li>Azok a felhaszn\u00e1l\u00f3k, akik a legt\u00f6bbsz\u00f6r megtekintik a profilodat, m\u00e9g akkor is, ha nem kommentelnek vagy l\u00e1jkolj\u00e1k.<\/li>\n<\/ul>\n\n\n\n<p><strong>El\u0151ny\u00f6k:<\/strong><\/p>\n\n\n\n<ul>\n<li>Felhaszn\u00e1l\u00f3bar\u00e1t \u00e9s intuit\u00edv fel\u00fclet.<\/li>\n\n\n\n<li>Gyors eredm\u00e9nyek tiszta grafik\u00e1val.<\/li>\n\n\n\n<li>Ingyenes, nagyon komplett pr\u00e9mium funkci\u00f3kkal.<\/li>\n<\/ul>\n\n\n\n<p><strong>Ide\u00e1lis a k\u00f6vetkez\u0151kh\u00f6z:<\/strong> Instagram-felhaszn\u00e1l\u00f3k, akik t\u00f6bbet szeretn\u00e9nek megtudni \u201ecsendes\u201d k\u00f6z\u00f6ns\u00e9g\u00fckr\u0151l, fejleszteni szeretn\u00e9k tartalmukat, \u00e9s furcsa vagy ism\u00e9tl\u0151d\u0151 viselked\u00e9st szeretn\u00e9nek \u00e9szlelni.<\/p>\n\n\n\n<p>Azt is lehet\u0151v\u00e9 teszi, hogy nyomon k\u00f6vesd, hogyan v\u00e1ltoznak az interakci\u00f3k az id\u0151 m\u00fal\u00e1s\u00e1val, \u00edgy tudni fogod, ha valaki hirtelen abbahagyta a r\u00e1d val\u00f3 n\u00e9z\u00e9st, vagy gyakrabban kezdett el r\u00e1d n\u00e9zni. Nagyon hasznos eszk\u00f6z!<\/p>\n\n\n\n<h3 class=\"wp-block-heading\">2. <strong>K\u00f6vet\u00e9sm\u00e9r\u0151<\/strong> \u2013 R\u00e9szletes h\u00e1l\u00f3zatfel\u00fcgyelet<\/h3>\n\n\n\n<p>R\u00e9szletes inform\u00e1ci\u00f3kat k\u00edn\u00e1l a k\u00f6vetkez\u0151kr\u0151l:<\/p>\n\n\n\n<ul>\n<li>\u00daj napi vagy heti k\u00f6vet\u0151k.<\/li>\n\n\n\n<li>Ki sz\u0171ntette meg a k\u00f6vet\u00e9sedet?<\/li>\n\n\n\n<li>Azok a fi\u00f3kok, amelyek a legt\u00f6bbsz\u00f6r interakci\u00f3 n\u00e9lk\u00fcl tekintik meg a tartalmaidat.<\/li>\n\n\n\n<li>Szokatlan interakci\u00f3k vagy aktivit\u00e1s-cs\u00facsok.<\/li>\n<\/ul>\n\n\n\n<p><strong>El\u0151ny\u00f6k:<\/strong><\/p>\n\n\n\n<ul>\n<li>T\u00f6bb k\u00f6z\u00f6ss\u00e9gi h\u00e1l\u00f3zattal is kompatibilis.<\/li>\n\n\n\n<li>J\u00f3 grafika \u00e9s k\u00f6nnyen \u00e9rthet\u0151 statisztik\u00e1k.<\/li>\n\n\n\n<li>A Play \u00c1ruh\u00e1z k\u00f6z\u00f6ss\u00e9ge magasra \u00e9rt\u00e9kelte.<\/li>\n<\/ul>\n\n\n\n<p><strong>Ide\u00e1lis a k\u00f6vetkez\u0151kh\u00f6z:<\/strong> Azok az emberek, akik Instagramot, Twittert vagy m\u00e1s platformokat haszn\u00e1lnak, \u00e9s nyomon szeretn\u00e9k k\u00f6vetni a n\u00f6veked\u00e9s\u00fcket, kisz\u00farni a mint\u00e1kat, \u00e9s tudni szeretn\u00e9k, hogy ki figyel oda an\u00e9lk\u00fcl, hogy nyomot hagyn\u00e1nak.<\/p>\n\n\n\n<p>\u00c9rdekes funkci\u00f3, hogy riaszt\u00e1sokat kaphatsz, ha egy felhaszn\u00e1l\u00f3 gyan\u00fasan viselkedik, p\u00e9ld\u00e1ul ism\u00e9telten megl\u00e1togatja a profilodat, vagy leiratkozik a k\u00f6vet\u00e9sedr\u0151l, majd r\u00f6vid id\u0151 m\u00falva visszat\u00e9r.<\/p>\n\n\n\n<h3 class=\"wp-block-heading\">3. <strong>K\u00f6z\u00f6ss\u00e9gi n\u00e9zet<\/strong> \u2013 Elemezze a gyan\u00fas l\u00e1togat\u00f3kat<\/h3>\n\n\n\n<p>B\u00e1r nem hivatalos alkalmaz\u00e1sa egyetlen h\u00e1l\u00f3zatnak sem, sok felhaszn\u00e1l\u00f3 aj\u00e1nlja, mert:<\/p>\n\n\n\n<ul>\n<li>Elemezze a n\u00e9z\u00e9si \u00e9s tev\u00e9kenys\u00e9gi mint\u00e1kat.<\/li>\n\n\n\n<li>\u00c9szleli a visszat\u00e9r\u0151 felhaszn\u00e1l\u00f3kat, akik nem l\u00e9pnek interakci\u00f3ba.<\/li>\n\n\n\n<li>\u201eCsendes k\u00f6vet\u0151ket\u201d mutat, akik nyomot hagyva figyelnek.<\/li>\n<\/ul>\n\n\n\n<p><strong>El\u0151ny\u00f6k:<\/strong><\/p>\n\n\n\n<ul>\n<li>A rejtett viselked\u00e9sek fejlett elemz\u00e9se.<\/li>\n\n\n\n<li>Nem ig\u00e9nyel sok enged\u00e9lyt a fi\u00f3kodt\u00f3l.<\/li>\n\n\n\n<li>J\u00f3 felhaszn\u00e1l\u00f3i t\u00e1mogat\u00e1s folyamatos friss\u00edt\u00e9sekkel.<\/li>\n<\/ul>\n\n\n\n<p><strong>Ide\u00e1lis a k\u00f6vetkez\u0151kh\u00f6z:<\/strong> Azok, akik \u00fagy \u00e9rzik, hogy valaki figyeli \u0151ket, de ezt nem tudj\u00e1k bizony\u00edtani. A SocialView nyomokat ad, \u00e9s \u00f6ssze is k\u00f6theted a kirak\u00f3s darabjait.<\/p>\n\n\n\n<p>R\u00e1ad\u00e1sul ez az alkalmaz\u00e1s t\u00f6k\u00e9letes azok sz\u00e1m\u00e1ra, akik egy diszkr\u00e9t eszk\u00f6zt szeretn\u00e9nek, amely nem fogyaszt sok telefoner\u0151forr\u00e1st, \u00e9s v\u00e9di az \u00d6n adatait.<\/p>\n\n\n<div class=\"wp-block-image\">\n<figure class=\"aligncenter size-full\"><img loading=\"lazy\" decoding=\"async\" width=\"550\" height=\"350\" src=\"https:\/\/universofamilia.com\/wp-content\/uploads\/sites\/148\/2025\/04\/DESTAQUE-UNIVERSO-550-x-350-19.jpg\" alt=\"\" class=\"wp-image-9166\" srcset=\"http:\/\/universofamilia.com\/wp-content\/uploads\/sites\/148\/2025\/04\/DESTAQUE-UNIVERSO-550-x-350-19.jpg 550w, http:\/\/universofamilia.com\/wp-content\/uploads\/sites\/148\/2025\/04\/DESTAQUE-UNIVERSO-550-x-350-19-300x191.jpg 300w, http:\/\/universofamilia.com\/wp-content\/uploads\/sites\/148\/2025\/04\/DESTAQUE-UNIVERSO-550-x-350-19-18x12.jpg 18w\" sizes=\"(max-width: 550px) 100vw, 550px\" \/><figcaption class=\"wp-element-caption\">Ki l\u00e1tja titokban a profilodat?<\/figcaption><\/figure><\/div>\n\n\n<h2 class=\"wp-block-heading\">Hogyan m\u0171k\u00f6dnek ezek az alkalmaz\u00e1sok a gyakorlatban?<\/h2>\n\n\n\n<h3 class=\"wp-block-heading\">A nyilv\u00e1nval\u00f3n t\u00fali elemz\u00e9s<\/h3>\n\n\n\n<p>Ezek az alkalmaz\u00e1sok nem f\u00e9rnek hozz\u00e1 k\u00f6zvetlen\u00fcl a priv\u00e1t h\u00e1l\u00f3zati adatokhoz (ami illeg\u00e1lis lenne), de a rendelkez\u00e9sre \u00e1ll\u00f3 inform\u00e1ci\u00f3kat felhaszn\u00e1lj\u00e1k mint\u00e1k \u00e9szlel\u00e9s\u00e9re, p\u00e9ld\u00e1ul:<\/p>\n\n\n\n<ul>\n<li>Melyik felhaszn\u00e1l\u00f3k l\u00e1tj\u00e1k a t\u00f6rt\u00e9neteidet, de soha nem reag\u00e1lnak r\u00e1juk?<\/li>\n\n\n\n<li>Aki \u201efurcs\u00e1n\u201d vagy sz\u00f3rv\u00e1nyosan l\u00e9p kapcsolatba veled.<\/li>\n\n\n\n<li>Fi\u00f3kok, amik k\u00f6vetnek, majd t\u00f6bbsz\u00f6r is t\u00f6r\u00f6lnek.<\/li>\n<\/ul>\n\n\n\n<p>Ezeknek az alkalmaz\u00e1soknak a mesters\u00e9ges intelligenci\u00e1ja \u00e9s algoritmusai \u00fagy vannak kialak\u00edtva, hogy \u00e9szrevegy\u00e9k azt, amit szabad szemmel nem vesznek \u00e9szre.<\/p>\n\n\n\n<p>Gyakran te magad is meger\u0151s\u00edtheted a meg\u00e1llap\u00edt\u00e1saikat az \u00e9rtes\u00edt\u00e9seid ellen\u0151rz\u00e9s\u00e9vel vagy a k\u00f6vet\u0151id k\u00f6vet\u00e9s\u00e9vel.<\/p>\n\n\n\n<h3 class=\"wp-block-heading\">Biztons\u00e1gos a haszn\u00e1latuk?<\/h3>\n\n\n\n<p>Igen, amennyiben j\u00f3 h\u00edrn\u00e9vnek \u00f6rvend\u0151 alkalmaz\u00e1sokat v\u00e1lasztasz, \u00e9s <strong>ne oszd meg a szem\u00e9lyes jelszavadat<\/strong>Csak hivatalos \u00e1ruh\u00e1zakb\u00f3l, p\u00e9ld\u00e1ul a Google Playr\u0151l sz\u00e1rmaz\u00f3 alkalmaz\u00e1sokat haszn\u00e1ljon. Telep\u00edt\u00e9s el\u0151tt ellen\u0151rizze az \u00e9rt\u00e9kel\u00e9seket, v\u00e9lem\u00e9nyeket \u00e9s friss\u00edt\u00e9seket.<\/p>\n\n\n\n<p>Ker\u00fcld azokat az alkalmaz\u00e1sokat, amelyek azt \u00edg\u00e9rik, hogy \u201el\u00e1tj\u00e1k a l\u00e1togat\u00f3k pontos nev\u00e9t\u201d, mivel ezek \u00e1tver\u00e9sek vagy rosszindulat\u00fa programok lehetnek. Ha t\u00fal sz\u00e9pnek hangzik ahhoz, hogy igaz legyen, val\u00f3sz\u00edn\u0171leg az is.<\/p>\n\n\n\n<p>B\u00f3nusz tipp: A fokozott biztons\u00e1g \u00e9rdek\u00e9ben enged\u00e9lyezze a k\u00e9tl\u00e9pcs\u0151s azonos\u00edt\u00e1st a h\u00e1l\u00f3zatain.<\/p>\n\n\n\n<h2 class=\"wp-block-heading\">Tippek a mag\u00e1n\u00e9let v\u00e9delm\u00e9hez is<\/h2>\n\n\n\n<p>Ha agg\u00f3dsz amiatt, hogy ki k\u00e9mkedik ut\u00e1nad, \u00e1tveheted az ir\u00e1ny\u00edt\u00e1st a profilod felett, \u00e9s megv\u00e9dheted a szem\u00e9lyes tartalmaidat:<\/p>\n\n\n\n<ul>\n<li>Aktiv\u00e1lja a priv\u00e1t m\u00f3dot az Instagramon \u00e9s m\u00e1s h\u00e1l\u00f3zatokon.<\/li>\n\n\n\n<li>Ellen\u0151rizd az adatv\u00e9delmi be\u00e1ll\u00edt\u00e1saidat a Facebookon.<\/li>\n\n\n\n<li>Gyan\u00fas vagy kellemetlen\u00fcl viselked\u0151 felhaszn\u00e1l\u00f3k blokkol\u00e1sa.<\/li>\n\n\n\n<li>Ne fogadj el k\u00e9r\u00e9seket idegenekt\u0151l.<\/li>\n\n\n\n<li>Gyakran ellen\u0151rizd a k\u00f6vet\u0151idet.<\/li>\n\n\n\n<li>Id\u0151r\u0151l id\u0151re v\u00e1ltoztasd meg a jelszavaidat.<\/li>\n<\/ul>\n\n\n\n<p>A k\u00f6z\u00f6ss\u00e9gi h\u00e1l\u00f3zat megl\u00e9te nem jelenti azt, hogy mindenkivel tal\u00e1lkozni kell. \u00c9lvezheted a platformokat, mik\u00f6zben biztons\u00e1gos teret teremtesz magadnak.<\/p>\n\n\n\n<h2 class=\"wp-block-heading\">Kinek hasznosak ezek az alkalmaz\u00e1sok?<\/h2>\n\n\n\n<ul>\n<li>F\u00e9lt\u00e9keny emberek (de st\u00edlusosan \ud83d\ude05).<\/li>\n\n\n\n<li>Azok a felhaszn\u00e1l\u00f3k, akik szeretn\u00e9k k\u00e9zben tartani digit\u00e1lis biztons\u00e1gukat.<\/li>\n\n\n\n<li>Influenszerek, akik jobban meg akarj\u00e1k \u00e9rteni a k\u00f6z\u00f6ns\u00e9g\u00fcket.<\/li>\n\n\n\n<li>Megr\u00f6gz\u00f6tt k\u00edv\u00e1ncsi emberek, akik v\u00e1laszokat akarnak.<\/li>\n<\/ul>\n\n\n\n<p>Nincs korhat\u00e1r a tud\u00e1sv\u00e1gy tekintet\u00e9ben. A l\u00e9nyeg az, hogy felel\u0151ss\u00e9gteljesen \u00e9s megsz\u00e1llotts\u00e1g n\u00e9lk\u00fcl haszn\u00e1ljuk az inform\u00e1ci\u00f3kat. Ezek az alkalmaz\u00e1sok eszk\u00f6z\u00f6k, nem abszol\u00fat igazs\u00e1gok.<\/p>\n\n\n\n<p>Hasznosak azoknak a sz\u00fcl\u0151knek is, akik figyelemmel szeretn\u00e9k k\u00eds\u00e9rni gyermekeik k\u00f6z\u00f6ss\u00e9gi m\u00e9dia aktivit\u00e1s\u00e1t, vagy azoknak a v\u00e1llalatoknak, amelyek elemzik k\u00f6vet\u0151ik viselked\u00e9s\u00e9t.<\/p>\n\n\n\n<h2 class=\"wp-block-heading\">Igaz t\u00f6rt\u00e9netek: Amit felfedeztem az egyik ilyen alkalmaz\u00e1ssal<\/h2>\n\n\n\n<p>Eml\u00e9kszem, hogy puszt\u00e1n k\u00edv\u00e1ncsis\u00e1gb\u00f3l telep\u00edtettem az InStalkert. N\u00e9h\u00e1ny nappal k\u00e9s\u0151bb \u00e9szrevettem, hogy egy volt munkat\u00e1rsam az \u00d6SSZES t\u00f6rt\u00e9netemet n\u00e9zi. Soha nem reag\u00e1lt r\u00e1juk, \u00e9s nem is tetszettek neki. Az alkalmaz\u00e1s gyakori l\u00e1togat\u00f3k\u00e9nt azonos\u00edtotta.<\/p>\n\n\n\n<p>Eleinte k\u00ednos volt, de seg\u00edtett d\u00f6nt\u00e9seket hozni a mag\u00e1n\u00e9letemmel kapcsolatban. V\u00e9g\u00fcl eltitkoltam a t\u00f6rt\u00e9neteimet bizonyos emberek el\u0151l, \u00e9s most \u00fagy \u00e9rzem, jobban k\u00e9zben tartom, hogy mit osztok meg vel\u00fck.<\/p>\n\n\n\n<p>Egy m\u00e1sik bar\u00e1tja felfedezte, hogy volt partnere folyamatosan egy m\u00e1sik fi\u00f3kb\u00f3l jelentkezik be a profilj\u00e1ba. Az alkalmaz\u00e1s gyan\u00fas l\u00e1togat\u00f3k\u00e9nt jel\u00f6lte meg az ism\u00e9tl\u0151d\u0151 minta miatt. Ennek k\u00f6sz\u00f6nhet\u0151en blokkolni tudta a fi\u00f3kot \u00e9s megv\u00e9deni mag\u00e1t.<\/p>\n\n\n\n<p>Ezek az eszk\u00f6z\u00f6k nemcsak \u00e9rdekes t\u00e9nyeket t\u00e1rnak fel, hanem \u00e9rzelmileg is seg\u00edthetnek. Ha tudod, hogy ki figyel t\u00e9ged, az lelki b\u00e9k\u00e9t adhat, vagy ak\u00e1r lez\u00e1rhat egy \u00f6rd\u00f6gi k\u00f6rt.<\/p>\n\n\n\n<h2 class=\"wp-block-heading\">Cselekedj m\u00e9g ma!<\/h2>\n\n\n\n<p>Tud <strong>kik l\u00e1tj\u00e1k a profilodat a k\u00f6z\u00f6ss\u00e9gi oldalakon<\/strong> Ez nem csak egy \u00e9rdekess\u00e9g, hanem seg\u00edthet is:<\/p>\n\n\n\n<ul>\n<li>V\u00e9dd a mag\u00e1n\u00e9letedet \u00e9s ker\u00fcld el a digit\u00e1lis zaklat\u00e1st.<\/li>\n\n\n\n<li>Azonos\u00edtsa az esetleges obszessz\u00edv vagy nem k\u00edv\u00e1nt viselked\u00e9seket.<\/li>\n\n\n\n<li>Jobban meg\u00e9rtheted a k\u00f6z\u00f6ns\u00e9gedet, ha tartalomk\u00e9sz\u00edt\u0151 vagy.<\/li>\n\n\n\n<li>Jav\u00edtsd a k\u00f6z\u00f6ss\u00e9gi m\u00e9dia strat\u00e9gi\u00e1idat, ha v\u00e1llalkoz\u00f3 vagy influenszer vagy.<\/li>\n<\/ul>\n\n\n\n<p>Ezek az alkalmaz\u00e1sok eszk\u00f6z\u00f6k, \u00e9s mint minden eszk\u00f6z, att\u00f3l f\u00fcggenek, hogyan haszn\u00e1lod \u0151ket. Haszn\u00e1ld ki a funkci\u00f3ikat, hogy gondoskodj digit\u00e1lis k\u00f6rnyezetedr\u0151l, \u00e9s a legt\u00f6bbet hozd ki h\u00e1l\u00f3zataidb\u00f3l.<\/p>\n\n\n\n<h3 class=\"wp-block-heading\">\u2b50 Pr\u00f3b\u00e1ld ki az egyik aj\u00e1nlott alkalmaz\u00e1sunkat m\u00e9g ma:<\/h3>\n\n\n\n<h3 class=\"wp-block-heading\"><mark class=\"has-inline-color has-luminous-vivid-amber-color\"><strong>T\u00f6ltse le az alkalmaz\u00e1sokat<\/strong>.<\/mark><\/h3>\n\n\n\n<ul>\n<li class=\"has-medium-font-size\"><strong>K\u00f6vet\u00e9sm\u00e9r\u0151 \u2013 <a href=\"https:\/\/instameter.br.uptodown.com\/android\">Android <\/a>\/ <a href=\"https:\/\/apps.apple.com\/br\/app\/followmeter-for-instagram\/id651309421\">iOS<\/a><\/strong><\/li>\n\n\n\n<li class=\"has-medium-font-size\"><strong>SocialViewer \u2013 <a href=\"https:\/\/apps.apple.com\/br\/app\/social-spy\/id1107522062\">iOS<\/a><\/strong><\/li>\n<\/ul>\n\n\n\n<p>Kattints, telep\u00edtsd, \u00e9s kezdd el felfedezni, ki figyel t\u00e9ged titokban! V\u00e9dd a mag\u00e1n\u00e9letedet, el\u00e9g\u00edtsd ki a k\u00edv\u00e1ncsis\u00e1godat, \u00e9s l\u00e9gy mindig egy l\u00e9p\u00e9ssel el\u0151r\u00e9bb.<\/p>","protected":false},"excerpt":{"rendered":"<p>\u00bfTe gustar\u00eda saber qui\u00e9n mira tu perfil sin que te des cuenta? Qui\u00e9n ve mi perfil en redes sociales es una de las preguntas m\u00e1s buscadas por los usuarios curiosos. Todos queremos saber si esa persona especial, un ex o alguien inesperado est\u00e1 revisando nuestras publicaciones. La curiosidad es natural, y gracias a la tecnolog\u00eda, [&hellip;]<\/p>","protected":false},"author":139,"featured_media":9166,"comment_status":"closed","ping_status":"open","sticky":false,"template":"","format":"standard","meta":{"footnotes":""},"categories":[2],"tags":[2143,2142,1315,1399,2144],"yoast_head":"<!-- This site is optimized with the Yoast SEO plugin v23.3 - https:\/\/yoast.com\/wordpress\/plugins\/seo\/ -->\n<title>\u00bfQui\u00e9n ve tu perfil en secreto? - Universo Fam\u00edlia<\/title>\n<meta name=\"description\" content=\"\u00bfQui\u00e9n ve tu perfil en secreto?. \u00bfTe gustar\u00eda saber qui\u00e9n mira tu perfil sin que te des cuenta?Qui\u00e9n ve mi perfil en redes sociales es...\" \/>\n<meta name=\"robots\" content=\"index, follow, max-snippet:-1, max-image-preview:large, max-video-preview:-1\" \/>\n<link rel=\"canonical\" href=\"https:\/\/universofamilia.com\/hu\/quien-ve-tu-perfil-en-secreto\/\" \/>\n<meta property=\"og:locale\" content=\"hu_HU\" \/>\n<meta property=\"og:type\" content=\"article\" \/>\n<meta property=\"og:title\" content=\"\u00bfQui\u00e9n ve tu perfil en secreto? - Universo Fam\u00edlia\" \/>\n<meta property=\"og:description\" content=\"\u00bfQui\u00e9n ve tu perfil en secreto?. \u00bfTe gustar\u00eda saber qui\u00e9n mira tu perfil sin que te des cuenta?Qui\u00e9n ve mi perfil en redes sociales es...\" \/>\n<meta property=\"og:url\" content=\"https:\/\/universofamilia.com\/hu\/quien-ve-tu-perfil-en-secreto\/\" \/>\n<meta property=\"og:site_name\" content=\"Universo Fam\u00edlia\" \/>\n<meta property=\"article:published_time\" content=\"2025-04-01T00:33:10+00:00\" \/>\n<meta property=\"article:modified_time\" content=\"2025-10-13T18:38:53+00:00\" \/>\n<meta property=\"og:image\" content=\"https:\/\/universofamilia.com\/wp-content\/uploads\/sites\/148\/2025\/04\/DESTAQUE-UNIVERSO-550-x-350-19.jpg\" \/>\n\t<meta property=\"og:image:width\" content=\"550\" \/>\n\t<meta property=\"og:image:height\" content=\"350\" \/>\n\t<meta property=\"og:image:type\" content=\"image\/jpeg\" \/>\n<meta name=\"author\" content=\"Pedro Henrique\" \/>\n<meta name=\"twitter:card\" content=\"summary_large_image\" \/>\n<meta name=\"twitter:label1\" content=\"Written by\" \/>\n\t<meta name=\"twitter:data1\" content=\"Pedro Henrique\" \/>\n\t<meta name=\"twitter:label2\" content=\"Est. reading time\" \/>\n\t<meta name=\"twitter:data2\" content=\"8 perc\" \/>\n<script type=\"application\/ld+json\" class=\"yoast-schema-graph\">{\"@context\":\"https:\/\/schema.org\",\"@graph\":[{\"@type\":\"WebPage\",\"@id\":\"https:\/\/universofamilia.com\/hu\/quien-ve-tu-perfil-en-secreto\/\",\"url\":\"https:\/\/universofamilia.com\/hu\/quien-ve-tu-perfil-en-secreto\/\",\"name\":\"\u00bfQui\u00e9n ve tu perfil en secreto? - Universo Fam\u00edlia\",\"isPartOf\":{\"@id\":\"https:\/\/universofamilia.com\/el\/#website\"},\"primaryImageOfPage\":{\"@id\":\"https:\/\/universofamilia.com\/hu\/quien-ve-tu-perfil-en-secreto\/#primaryimage\"},\"image\":{\"@id\":\"https:\/\/universofamilia.com\/hu\/quien-ve-tu-perfil-en-secreto\/#primaryimage\"},\"thumbnailUrl\":\"http:\/\/universofamilia.com\/wp-content\/uploads\/sites\/148\/2025\/04\/DESTAQUE-UNIVERSO-550-x-350-19.jpg\",\"datePublished\":\"2025-04-01T00:33:10+00:00\",\"dateModified\":\"2025-10-13T18:38:53+00:00\",\"author\":{\"@id\":\"https:\/\/universofamilia.com\/el\/#\/schema\/person\/f07ce98187dd84d31154262e79b3b7ca\"},\"description\":\"\u00bfQui\u00e9n ve tu perfil en secreto?. \u00bfTe gustar\u00eda saber qui\u00e9n mira tu perfil sin que te des cuenta?Qui\u00e9n ve mi perfil en redes sociales es...\",\"breadcrumb\":{\"@id\":\"https:\/\/universofamilia.com\/hu\/quien-ve-tu-perfil-en-secreto\/#breadcrumb\"},\"inLanguage\":\"hu\",\"potentialAction\":[{\"@type\":\"ReadAction\",\"target\":[\"https:\/\/universofamilia.com\/hu\/quien-ve-tu-perfil-en-secreto\/\"]}]},{\"@type\":\"ImageObject\",\"inLanguage\":\"hu\",\"@id\":\"https:\/\/universofamilia.com\/hu\/quien-ve-tu-perfil-en-secreto\/#primaryimage\",\"url\":\"http:\/\/universofamilia.com\/wp-content\/uploads\/sites\/148\/2025\/04\/DESTAQUE-UNIVERSO-550-x-350-19.jpg\",\"contentUrl\":\"http:\/\/universofamilia.com\/wp-content\/uploads\/sites\/148\/2025\/04\/DESTAQUE-UNIVERSO-550-x-350-19.jpg\",\"width\":550,\"height\":350,\"caption\":\"\u00bfQui\u00e9n ve tu perfil en secreto?\"},{\"@type\":\"BreadcrumbList\",\"@id\":\"https:\/\/universofamilia.com\/hu\/quien-ve-tu-perfil-en-secreto\/#breadcrumb\",\"itemListElement\":[{\"@type\":\"ListItem\",\"position\":1,\"name\":\"Home\",\"item\":\"https:\/\/universofamilia.com\/el\/\"},{\"@type\":\"ListItem\",\"position\":2,\"name\":\"\u00bfQui\u00e9n ve tu perfil en secreto?\"}]},{\"@type\":\"WebSite\",\"@id\":\"https:\/\/universofamilia.com\/el\/#website\",\"url\":\"https:\/\/universofamilia.com\/el\/\",\"name\":\"Universo Fam\u00edlia\",\"description\":\"\",\"potentialAction\":[{\"@type\":\"SearchAction\",\"target\":{\"@type\":\"EntryPoint\",\"urlTemplate\":\"https:\/\/universofamilia.com\/el\/?s={search_term_string}\"},\"query-input\":\"required name=search_term_string\"}],\"inLanguage\":\"hu\"},{\"@type\":\"Person\",\"@id\":\"https:\/\/universofamilia.com\/el\/#\/schema\/person\/f07ce98187dd84d31154262e79b3b7ca\",\"name\":\"Pedro Henrique\",\"image\":{\"@type\":\"ImageObject\",\"inLanguage\":\"hu\",\"@id\":\"https:\/\/universofamilia.com\/el\/#\/schema\/person\/image\/\",\"url\":\"http:\/\/0.gravatar.com\/avatar\/9edfeb808cb4e1599f64d6e45b130154?s=96&d=mm&r=g\",\"contentUrl\":\"http:\/\/0.gravatar.com\/avatar\/9edfeb808cb4e1599f64d6e45b130154?s=96&d=mm&r=g\",\"caption\":\"Pedro Henrique\"},\"url\":\"http:\/\/universofamilia.com\/hu\/author\/editor01\/\"}]}<\/script>\n<!-- \/ Yoast SEO plugin. -->","yoast_head_json":{"title":"\u00bfQui\u00e9n ve tu perfil en secreto? - Universo Fam\u00edlia","description":"\u00bfQui\u00e9n ve tu perfil en secreto?. \u00bfTe gustar\u00eda saber qui\u00e9n mira tu perfil sin que te des cuenta?Qui\u00e9n ve mi perfil en redes sociales es...","robots":{"index":"index","follow":"follow","max-snippet":"max-snippet:-1","max-image-preview":"max-image-preview:large","max-video-preview":"max-video-preview:-1"},"canonical":"https:\/\/universofamilia.com\/hu\/quien-ve-tu-perfil-en-secreto\/","og_locale":"hu_HU","og_type":"article","og_title":"\u00bfQui\u00e9n ve tu perfil en secreto? - Universo Fam\u00edlia","og_description":"\u00bfQui\u00e9n ve tu perfil en secreto?. \u00bfTe gustar\u00eda saber qui\u00e9n mira tu perfil sin que te des cuenta?Qui\u00e9n ve mi perfil en redes sociales es...","og_url":"https:\/\/universofamilia.com\/hu\/quien-ve-tu-perfil-en-secreto\/","og_site_name":"Universo Fam\u00edlia","article_published_time":"2025-04-01T00:33:10+00:00","article_modified_time":"2025-10-13T18:38:53+00:00","og_image":[{"width":550,"height":350,"url":"https:\/\/universofamilia.com\/wp-content\/uploads\/sites\/148\/2025\/04\/DESTAQUE-UNIVERSO-550-x-350-19.jpg","type":"image\/jpeg"}],"author":"Pedro Henrique","twitter_card":"summary_large_image","twitter_misc":{"Written by":"Pedro Henrique","Est. reading time":"8 perc"},"schema":{"@context":"https:\/\/schema.org","@graph":[{"@type":"WebPage","@id":"https:\/\/universofamilia.com\/hu\/quien-ve-tu-perfil-en-secreto\/","url":"https:\/\/universofamilia.com\/hu\/quien-ve-tu-perfil-en-secreto\/","name":"\u00bfQui\u00e9n ve tu perfil en secreto? - Universo Fam\u00edlia","isPartOf":{"@id":"https:\/\/universofamilia.com\/el\/#website"},"primaryImageOfPage":{"@id":"https:\/\/universofamilia.com\/hu\/quien-ve-tu-perfil-en-secreto\/#primaryimage"},"image":{"@id":"https:\/\/universofamilia.com\/hu\/quien-ve-tu-perfil-en-secreto\/#primaryimage"},"thumbnailUrl":"http:\/\/universofamilia.com\/wp-content\/uploads\/sites\/148\/2025\/04\/DESTAQUE-UNIVERSO-550-x-350-19.jpg","datePublished":"2025-04-01T00:33:10+00:00","dateModified":"2025-10-13T18:38:53+00:00","author":{"@id":"https:\/\/universofamilia.com\/el\/#\/schema\/person\/f07ce98187dd84d31154262e79b3b7ca"},"description":"\u00bfQui\u00e9n ve tu perfil en secreto?. \u00bfTe gustar\u00eda saber qui\u00e9n mira tu perfil sin que te des cuenta?Qui\u00e9n ve mi perfil en redes sociales es...","breadcrumb":{"@id":"https:\/\/universofamilia.com\/hu\/quien-ve-tu-perfil-en-secreto\/#breadcrumb"},"inLanguage":"hu","potentialAction":[{"@type":"ReadAction","target":["https:\/\/universofamilia.com\/hu\/quien-ve-tu-perfil-en-secreto\/"]}]},{"@type":"ImageObject","inLanguage":"hu","@id":"https:\/\/universofamilia.com\/hu\/quien-ve-tu-perfil-en-secreto\/#primaryimage","url":"http:\/\/universofamilia.com\/wp-content\/uploads\/sites\/148\/2025\/04\/DESTAQUE-UNIVERSO-550-x-350-19.jpg","contentUrl":"http:\/\/universofamilia.com\/wp-content\/uploads\/sites\/148\/2025\/04\/DESTAQUE-UNIVERSO-550-x-350-19.jpg","width":550,"height":350,"caption":"\u00bfQui\u00e9n ve tu perfil en secreto?"},{"@type":"BreadcrumbList","@id":"https:\/\/universofamilia.com\/hu\/quien-ve-tu-perfil-en-secreto\/#breadcrumb","itemListElement":[{"@type":"ListItem","position":1,"name":"Home","item":"https:\/\/universofamilia.com\/el\/"},{"@type":"ListItem","position":2,"name":"\u00bfQui\u00e9n ve tu perfil en secreto?"}]},{"@type":"WebSite","@id":"https:\/\/universofamilia.com\/el\/#website","url":"https:\/\/universofamilia.com\/el\/","name":"Universo Fam\u00edlia","description":"","potentialAction":[{"@type":"SearchAction","target":{"@type":"EntryPoint","urlTemplate":"https:\/\/universofamilia.com\/el\/?s={search_term_string}"},"query-input":"required name=search_term_string"}],"inLanguage":"hu"},{"@type":"Person","@id":"https:\/\/universofamilia.com\/el\/#\/schema\/person\/f07ce98187dd84d31154262e79b3b7ca","name":"Pedro Henrique","image":{"@type":"ImageObject","inLanguage":"hu","@id":"https:\/\/universofamilia.com\/el\/#\/schema\/person\/image\/","url":"http:\/\/0.gravatar.com\/avatar\/9edfeb808cb4e1599f64d6e45b130154?s=96&d=mm&r=g","contentUrl":"http:\/\/0.gravatar.com\/avatar\/9edfeb808cb4e1599f64d6e45b130154?s=96&d=mm&r=g","caption":"Pedro Henrique"},"url":"http:\/\/universofamilia.com\/hu\/author\/editor01\/"}]}},"_links":{"self":[{"href":"http:\/\/universofamilia.com\/hu\/wp-json\/wp\/v2\/posts\/9160"}],"collection":[{"href":"http:\/\/universofamilia.com\/hu\/wp-json\/wp\/v2\/posts"}],"about":[{"href":"http:\/\/universofamilia.com\/hu\/wp-json\/wp\/v2\/types\/post"}],"author":[{"embeddable":true,"href":"http:\/\/universofamilia.com\/hu\/wp-json\/wp\/v2\/users\/139"}],"replies":[{"embeddable":true,"href":"http:\/\/universofamilia.com\/hu\/wp-json\/wp\/v2\/comments?post=9160"}],"version-history":[{"count":3,"href":"http:\/\/universofamilia.com\/hu\/wp-json\/wp\/v2\/posts\/9160\/revisions"}],"predecessor-version":[{"id":10093,"href":"http:\/\/universofamilia.com\/hu\/wp-json\/wp\/v2\/posts\/9160\/revisions\/10093"}],"wp:featuredmedia":[{"embeddable":true,"href":"http:\/\/universofamilia.com\/hu\/wp-json\/wp\/v2\/media\/9166"}],"wp:attachment":[{"href":"http:\/\/universofamilia.com\/hu\/wp-json\/wp\/v2\/media?parent=9160"}],"wp:term":[{"taxonomy":"category","embeddable":true,"href":"http:\/\/universofamilia.com\/hu\/wp-json\/wp\/v2\/categories?post=9160"},{"taxonomy":"post_tag","embeddable":true,"href":"http:\/\/universofamilia.com\/hu\/wp-json\/wp\/v2\/tags?post=9160"}],"curies":[{"name":"wp","href":"https:\/\/api.w.org\/{rel}","templated":true}]}}