{"id":9175,"date":"2025-04-01T19:41:26","date_gmt":"2025-04-01T19:41:26","guid":{"rendered":"https:\/\/universofamilia.com\/?p=9175"},"modified":"2025-10-11T18:22:02","modified_gmt":"2025-10-11T21:22:02","slug":"aumenta-la-duracion-de-la-bateria-con-este-app","status":"publish","type":"post","link":"http:\/\/universofamilia.com\/hu\/aumenta-la-duracion-de-la-bateria-con-este-app\/","title":{"rendered":"N\u00f6velje az akkumul\u00e1tor \u00e9lettartam\u00e1t ezzel az alkalmaz\u00e1ssal"},"content":{"rendered":"<p><strong>N\u00f6velje az akkumul\u00e1tor \u00e9lettartam\u00e1t<\/strong> Ez m\u00e1r nem egy el\u00e9rhetetlen \u00e1lom.<\/p>\n\n\n\n<p>Manaps\u00e1g, a rengeteg \u00fczenet, alkalmaz\u00e1s \u00e9s vide\u00f3 miatt gyakori, hogy a telefonod pont akkor kapcsol ki, amikor a legnagyobb sz\u00fcks\u00e9ged van r\u00e1.<\/p>\n\n\n\n<p>\u00c9s ez stresszt okoz, ugye? Mindannyian \u00e1t\u00e9lt\u00fck m\u00e1r azt a k\u00ednos pillanatot, amikor lemer\u00fcl az akkumul\u00e1tor egy videoh\u00edv\u00e1s k\u00f6zep\u00e9n, vagy amikor egy ismeretlen v\u00e1rosban pr\u00f3b\u00e1ltuk haszn\u00e1lni a GPS-t.<\/p>\n\n\n\n<p>A j\u00f3 h\u00edr az, hogy nem kell tech szak\u00e9rt\u0151nek lenned ahhoz, hogy ezt megv\u00e1ltoztasd.<\/p>\n\n\n\n<p>De mi lenne, ha azt mondan\u00e1m, hogy van egy egyszer\u0171 \u00e9s ingyenes megold\u00e1s?<\/p>\n\n\n\n<p>Ebben a cikkben megmutatjuk, hogyan n\u00f6velheted az akkumul\u00e1torod \u00e9lettartam\u00e1t megb\u00edzhat\u00f3 alkalmaz\u00e1sokkal, amelyek elv\u00e9gzik helyetted a munk\u00e1t.<\/p>\n\n\n\n<p>Egyszer\u0171, intuit\u00edv alkalmaz\u00e1sok, amelyek k\u00f6zvetlen\u00fcl a Play \u00c1ruh\u00e1zb\u00f3l \u00e9rhet\u0151k el. Nincs sz\u00fcks\u00e9g bonyolult be\u00e1ll\u00edt\u00e1sra vagy technikai tud\u00e1sra. B\u00e1rki meg tudja csin\u00e1lni!<\/p>\n\n\n\n<p>K\u00e9sz\u00fclj fel arra, hogy felfedezd a val\u00f3ban m\u0171k\u00f6d\u0151 eszk\u00f6z\u00f6ket, l\u00e9p\u00e9sr\u0151l l\u00e9p\u00e9sre elmagyar\u00e1zva.<\/p>\n\n\n\n<p>Gyakorlati tippeket \u00e9s szok\u00e1sokat is megosztunk, amelyeket m\u00e1r ma elkezdhetsz alkalmazni, hogy megakad\u00e1lyozd a telefonod lemer\u00fcl\u00e9s\u00e9t, amikor a legnagyobb sz\u00fcks\u00e9ged van r\u00e1.<\/p>\n\n\n\n<p>K\u00e9szen \u00e1llsz a nagyobb szabads\u00e1gra \u00e9s kevesebb akkumul\u00e1tor-szorong\u00e1sra?<\/p>\n\n\n\n<p><\/p>\n\n\n\n<hr class=\"wp-block-separator has-alpha-channel-opacity is-style-wide\" \/>\n\n\n\n<h4 class=\"wp-block-heading has-text-align-center\"><strong><mark class=\"has-inline-color has-luminous-vivid-orange-color\">Olvasd el ezt is<\/mark><\/strong><\/h4>\n\n\n    <section class=\"mx-1 my-10\">\n                                                <a href=\"http:\/\/universofamilia.com\/hu\/lp-filmes-asiaticos\/\" class=\"text-white\" data-analytics-label=\"optionsButton\"\n                    data-action=\"analytics#trackCTA\">\n                    <div data-options-target=\"option\"\n                        class=\"custom-section rounded-xl border p-3 shadow-md w-full bg-green-700 my-3\">\n                        <div class=\"flex w-full items-center justify-between\">\n                            <div class=\"flex items-center space-x-3\">\n                                <div class=\"text-lg font-bold\">\n                                    App koreai dr\u00e1m\u00e1k n\u00e9z\u00e9s\u00e9hez \u279d\n                                <\/div>\n                            <\/div>\n                        <\/div>\n                    <\/div>\n                <\/a>\n                                                            <a href=\"http:\/\/universofamilia.com\/hu\/lp-recuperar-fotos\/\" class=\"text-white\" data-analytics-label=\"optionsButton\"\n                    data-action=\"analytics#trackCTA\">\n                    <div data-options-target=\"option\"\n                        class=\"custom-section rounded-xl border p-3 shadow-md w-full bg-green-700 my-3\">\n                        <div class=\"flex w-full items-center justify-between\">\n                            <div class=\"flex items-center space-x-3\">\n                                <div class=\"text-lg font-bold\">\n                                    T\u00f6r\u00f6lt fot\u00f3k helyre\u00e1ll\u00edt\u00e1sa ezzel az alkalmaz\u00e1ssal!  \u279d\n                                <\/div>\n                            <\/div>\n                        <\/div>\n                    <\/div>\n                <\/a>\n                                                            <a href=\"http:\/\/universofamilia.com\/hu\/el-amor-a-un-clic\/\" class=\"text-white\" data-analytics-label=\"optionsButton\"\n                    data-action=\"analytics#trackCTA\">\n                    <div data-options-target=\"option\"\n                        class=\"custom-section rounded-xl border p-3 shadow-md w-full bg-green-700 my-3\">\n                        <div class=\"flex w-full items-center justify-between\">\n                            <div class=\"flex items-center space-x-3\">\n                                <div class=\"text-lg font-bold\">\n                                    Fedezd fel az ide\u00e1lis t\u00e1rskeres\u0151 alkalmaz\u00e1st \u279d\n                                <\/div>\n                            <\/div>\n                        <\/div>\n                    <\/div>\n                <\/a>\n                            <p class=\"text-xs text-gray-500 text-right hidden\"\n            style=\"margin-left: 50%; margin-bottom: 50px; margin-top: 5px;\">\n            <!-- You will be redirected to another website -->\n        <\/p>\n    <\/section>\n\n\n\n\n<p class=\"has-text-align-right\"><em><strong><em><strong><em><strong><em><strong><em><strong>Ugyanott fog maradni!<\/strong><\/em><\/strong><\/em><\/strong><\/em><\/strong><\/em><\/strong><\/em><\/p>\n\n\n\n<hr class=\"wp-block-separator has-alpha-channel-opacity is-style-wide\" \/>\n\n\n\n<p><\/p>\n\n\n\n<h2 class=\"wp-block-heading\">A csendes ellens\u00e9g: Mi mer\u00edti le az akkumul\u00e1torodat an\u00e9lk\u00fcl, hogy \u00e9szrevenn\u00e9d?<\/h2>\n\n\n\n<h3 class=\"wp-block-heading\">H\u00e1tt\u00e9rben fut\u00f3 alkalmaz\u00e1sok \u00e9s maxim\u00e1lis f\u00e9nyer\u0151<\/h3>\n\n\n\n<p>A telefonod akkor is m\u0171k\u00f6dik, ha nem haszn\u00e1lod. Tudtad ezt?<\/p>\n\n\n\n<p>M\u00e9g ha nincsenek is megnyitva alkalmaz\u00e1sok, sokuk tov\u00e1bbra is m\u0171k\u00f6dik a sz\u00ednfalak m\u00f6g\u00f6tt, friss\u00edti a tartalmat, \u00e9rtes\u00edt\u00e9seket k\u00fcld, vagy egyszer\u0171en csak arra v\u00e1r, hogy haszn\u00e1ld \u0151ket.<\/p>\n\n\n\n<p>Mindez \u00e9szrev\u00e9tlen\u00fcl fogyasztja az akkumul\u00e1tort.<\/p>\n\n\n\n<ul>\n<li>Sok alkalmaz\u00e1s eg\u00e9sz nap akt\u00edv marad, m\u00e9g akkor is, ha nem nyitod meg \u0151ket.<\/li>\n\n\n\n<li>Az \u00e1lland\u00f3 \u00e9rtes\u00edt\u00e9sek energi\u00e1t \u00e9s er\u0151forr\u00e1sokat fogyasztanak<\/li>\n\n\n\n<li>A k\u00e9perny\u0151 f\u00e9nyereje a fogyaszt\u00e1s egyik legnagyobb gonosztev\u0151je.<\/li>\n\n\n\n<li>Az olyan kapcsolatok, mint a Wi-Fi, a Bluetooth vagy a GPS, szint\u00e9n befoly\u00e1solj\u00e1k a teljes\u00edtm\u00e9nyt.<\/li>\n<\/ul>\n\n\n\n<p>\u00c9s ha mindezt \u00f6sszeadjuk, nem ritka, hogy az akkumul\u00e1tor csak n\u00e9h\u00e1ny \u00f3r\u00e1t b\u00edr.<\/p>\n\n\n\n<p>K\u00fcl\u00f6n\u00f6sen akkor, ha olyan neh\u00e9z alkalmaz\u00e1said vannak, mint a k\u00f6z\u00f6ss\u00e9gi m\u00e9dia, j\u00e1t\u00e9kok vagy streaming platformok, amelyek akkor is akt\u00edvak maradnak, ha nem haszn\u00e1lod \u0151ket k\u00f6zvetlen\u00fcl.<\/p>\n\n\n\n<h3 class=\"wp-block-heading\">M\u00edtoszok, amelyek csak rontanak a helyzeten<\/h3>\n\n\n\n<p>Vannak, akik azt mondj\u00e1k, hogy az alkalmaz\u00e1sok manu\u00e1lis bez\u00e1r\u00e1sa seg\u00edt, vagy hogy a telefon eg\u00e9sz \u00e9jszakai t\u00f6lt\u00e9se k\u00e1ros\u00edtja azt.<\/p>\n\n\n\n<p>De nem minden igaz. Gyakran, amikor megpr\u00f3b\u00e1lunk &quot;seg\u00edteni&quot; az akkumul\u00e1toron, az ellenkez\u0151j\u00e9t tessz\u00fck:<\/p>\n\n\n\n<ul>\n<li>Az alkalmaz\u00e1sok k\u00e9nyszer\u00edtett bez\u00e1r\u00e1sa n\u00f6velheti az energiafogyaszt\u00e1st, mivel azok automatikusan \u00fajraindulnak.<\/li>\n\n\n\n<li>Az \u00e9jszakai t\u00f6lt\u00e9s rendben van, ha eredeti vagy tan\u00fas\u00edtott t\u00f6lt\u0151t haszn\u00e1lsz.<\/li>\n\n\n\n<li>A f\u00e9nyer\u0151 cs\u00f6kkent\u00e9se \u00e9s az energiatakar\u00e9kos m\u00f3d aktiv\u00e1l\u00e1sa seg\u00edt, de nem el\u00e9g.<\/li>\n<\/ul>\n\n\n\n<p>R\u00e1ad\u00e1sul az akkumul\u00e1tor teljes lemer\u00fcl\u00e9se hossz\u00fa t\u00e1von nem tesz j\u00f3t az eg\u00e9szs\u00e9gednek.<\/p>\n\n\n\n<p>Vannak jobb m\u00f3dszerek a teljes\u00edtm\u00e9ny fenntart\u00e1s\u00e1ra \u00e9s optimaliz\u00e1l\u00e1s\u00e1ra a berendez\u00e9sek funkcionalit\u00e1s\u00e1nak vesz\u00e9lyeztet\u00e9se n\u00e9lk\u00fcl.<\/p>\n\n\n\n<h2 class=\"wp-block-heading\">A legjobb alkalmaz\u00e1sok az akkumul\u00e1tor k\u00edm\u00e9l\u00e9s\u00e9re Androidon<\/h2>\n\n\n\n<p>Itt bemutatunk h\u00e1rom val\u00f3di, ingyenes \u00e9s magasra \u00e9rt\u00e9kelt alkalmaz\u00e1st a Play \u00c1ruh\u00e1zban, amelyek seg\u00edthetnek <strong>n\u00f6velje az akkumul\u00e1tor \u00e9lettartam\u00e1t<\/strong> sz\u00f6v\u0151dm\u00e9nyek n\u00e9lk\u00fcl.<\/p>\n\n\n\n<h3 class=\"wp-block-heading\">1. <strong>Greenify<\/strong> \u2013 Hibern\u00e1lja a nem haszn\u00e1lt alkalmaz\u00e1sokat<\/h3>\n\n\n\n<p>Az egyik legjobban aj\u00e1nlott alkalmaz\u00e1s a k\u00f6vetkez\u0151kh\u00f6z: <strong>akkumul\u00e1tor megtakar\u00edt\u00e1sa Androidon<\/strong>Egyszer\u0171 \u00e9s hat\u00e9kony: elemzi, hogy mely alkalmaz\u00e1sok futnak a h\u00e1tt\u00e9rben, \u00e9s alv\u00f3 \u00fczemm\u00f3dba helyezi \u0151ket, amikor nincs r\u00e1juk sz\u00fcks\u00e9g.<\/p>\n\n\n\n<ul>\n<li>\u00c9szreveszi azokat az alkalmaz\u00e1sokat, amelyek sok energi\u00e1t fogyasztanak an\u00e9lk\u00fcl, hogy \u00e9szrevenn\u00e9k \u0151ket<\/li>\n\n\n\n<li>Automatikusan \u201ealszanak\u201d, ha nem haszn\u00e1lod \u0151ket<\/li>\n\n\n\n<li>Optimaliz\u00e1lja a teljes rendszerfogyaszt\u00e1st a felesleges folyamatok cs\u00f6kkent\u00e9s\u00e9vel<\/li>\n<\/ul>\n\n\n\n<p><strong>El\u0151ny\u00f6k:<\/strong><\/p>\n\n\n\n<ul>\n<li>K\u00f6nnyen haszn\u00e1lhat\u00f3 m\u00e9g kezd\u0151k sz\u00e1m\u00e1ra is<\/li>\n\n\n\n<li>Szinte minden Androiddal kompatibilis<\/li>\n\n\n\n<li>Nincs sz\u00fcks\u00e9g rootra (de a legjobban akkor m\u0171k\u00f6dik, ha az eszk\u00f6z rootolva van)<\/li>\n<\/ul>\n\n\n\n<p><strong>Ide\u00e1lis a k\u00f6vetkez\u0151kh\u00f6z:<\/strong> Olyan felhaszn\u00e1l\u00f3k, akik sok j\u00e1t\u00e9kkal vagy k\u00f6z\u00f6ss\u00e9gi alkalmaz\u00e1ssal rendelkeznek, \u00e9s nem szeretn\u00e9k azokat manu\u00e1lisan bez\u00e1rni.<\/p>\n\n\n\n<h3 class=\"wp-block-heading\">2. <strong>Akkumul\u00e1torguru<\/strong> \u2013 Figyelemmel k\u00eds\u00e9ri \u00e9s meghosszabb\u00edtja az akkumul\u00e1tor \u00e9lettartam\u00e1t<\/h3>\n\n\n\n<p>Ez az alkalmaz\u00e1s nem csak inform\u00e1ci\u00f3kat jelen\u00edt meg. Seg\u00edt is. <strong>meghosszabb\u00edtja az akkumul\u00e1tor \u00e9lettartam\u00e1t<\/strong> val\u00f3s idej\u0171 adatokkal \u00e9s szem\u00e9lyre szabott tan\u00e1csokkal az \u00d6n konkr\u00e9t haszn\u00e1lati szok\u00e1sai alapj\u00e1n.<\/p>\n\n\n\n<ul>\n<li>Kijelzi a h\u0151m\u00e9rs\u00e9kletet, a t\u00f6lt\u00e9si ciklusokat \u00e9s a pontos fogyaszt\u00e1st<\/li>\n\n\n\n<li>Figyelmeztet\u00e9s, ha helytelen\u00fcl vagy agressz\u00edvan t\u00f6lt<\/li>\n\n\n\n<li>Gyakorlati aj\u00e1nl\u00e1sok a rendszer teljes\u00edtm\u00e9ny\u00e9nek jav\u00edt\u00e1s\u00e1ra<\/li>\n<\/ul>\n\n\n\n<p><strong>El\u0151ny\u00f6k:<\/strong><\/p>\n\n\n\n<ul>\n<li>Nagyon vizu\u00e1lis \u00e9s intuit\u00edv, ide\u00e1lis minden felhaszn\u00e1l\u00f3 sz\u00e1m\u00e1ra<\/li>\n\n\n\n<li>M\u00e9rje meg a val\u00f3s akkumul\u00e1tor-haszn\u00e1latot megb\u00edzhat\u00f3 m\u00e9r\u0151sz\u00e1mokkal<\/li>\n\n\n\n<li>Ingyenes \u00e9s tolakod\u00f3 hirdet\u00e9sek n\u00e9lk\u00fcl<\/li>\n<\/ul>\n\n\n\n<p><strong>Ide\u00e1lis a k\u00f6vetkez\u0151kh\u00f6z:<\/strong> Azoknak, akik hossz\u00fa t\u00e1von is szeretn\u00e9nek gondoskodni a mobiltelefonjukr\u00f3l, \u00e9s megtanulni, hogyan kell jobban haszn\u00e1lni.<\/p>\n\n\n\n<h3 class=\"wp-block-heading\">3. <strong>AccuBattery<\/strong> \u2013 Pontoss\u00e1g \u00e9s hat\u00e9konys\u00e1g egyetlen alkalmaz\u00e1sban<\/h3>\n\n\n\n<p>Az egyik leg\u00e1tfog\u00f3bb alkalmaz\u00e1s, amit meg lehet \u00e9rteni \u00e9s <strong>jav\u00edtsa a mobiltelefon akkumul\u00e1tor\u00e1t<\/strong>.<\/p>\n\n\n\n<p>Er\u0151ss\u00e9ge az eszk\u00f6zhaszn\u00e1lat minden aspektus\u00e1nak pontos m\u00e9r\u00e9se.<\/p>\n\n\n\n<ul>\n<li>Elemezze az egyes alkalmaz\u00e1sok \u00e9s folyamatok t\u00e9nyleges haszn\u00e1lat\u00e1t<\/li>\n\n\n\n<li>Val\u00f3s id\u0151ben m\u00e9ri az akkumul\u00e1tor \u00e1llapot\u00e1t<\/li>\n\n\n\n<li>Sz\u00e1m\u00edtsa ki, hogy \u00e1tlagosan mennyi ideig tart egy teljes t\u00f6lt\u00e9s<\/li>\n<\/ul>\n\n\n\n<p><strong>El\u0151ny\u00f6k:<\/strong><\/p>\n\n\n\n<ul>\n<li>R\u00e9szletes mutat\u00f3k k\u00edv\u00e1ncsi vagy halad\u00f3 felhaszn\u00e1l\u00f3k sz\u00e1m\u00e1ra<\/li>\n\n\n\n<li>Magasra \u00e9rt\u00e9kelt\u00e9k a Play \u00c1ruh\u00e1zban a pontoss\u00e1ga miatt<\/li>\n\n\n\n<li>Megb\u00edzhat\u00f3 inform\u00e1ci\u00f3k, val\u00f3s eszk\u00f6ztesztel\u00e9sen alapulnak<\/li>\n<\/ul>\n\n\n\n<p><strong>Ide\u00e1lis a k\u00f6vetkez\u0151kh\u00f6z:<\/strong> Azoknak a felhaszn\u00e1l\u00f3knak, akik szeretik az adatokat, a statisztik\u00e1kat \u00e9s a mobiltelefonjuk minden r\u00e9szlet\u00e9nek optimaliz\u00e1l\u00e1s\u00e1t.<\/p>\n\n\n<div class=\"wp-block-image\">\n<figure class=\"aligncenter size-full\"><img loading=\"lazy\" decoding=\"async\" width=\"550\" height=\"350\" src=\"https:\/\/universofamilia.com\/wp-content\/uploads\/sites\/148\/2025\/04\/DESTAQUE-UNIVERSO-550-x-350-19-1.jpg\" alt=\"\" class=\"wp-image-9184\" srcset=\"http:\/\/universofamilia.com\/wp-content\/uploads\/sites\/148\/2025\/04\/DESTAQUE-UNIVERSO-550-x-350-19-1.jpg 550w, http:\/\/universofamilia.com\/wp-content\/uploads\/sites\/148\/2025\/04\/DESTAQUE-UNIVERSO-550-x-350-19-1-300x191.jpg 300w, http:\/\/universofamilia.com\/wp-content\/uploads\/sites\/148\/2025\/04\/DESTAQUE-UNIVERSO-550-x-350-19-1-18x12.jpg 18w\" sizes=\"(max-width: 550px) 100vw, 550px\" \/><figcaption class=\"wp-element-caption\">N\u00f6velje az akkumul\u00e1tor \u00e9lettartam\u00e1t ezzel az alkalmaz\u00e1ssal<\/figcaption><\/figure><\/div>\n\n\n<h2 class=\"wp-block-heading\">Tov\u00e1bbi tippek az akkumul\u00e1tor \u00e9lettartam\u00e1nak meghosszabb\u00edt\u00e1s\u00e1hoz<\/h2>\n\n\n\n<h3 class=\"wp-block-heading\">V\u00e1ltoztass apr\u00f3 szok\u00e1sokon, \u00e9s nyerj sok \u00f3r\u00e1t<\/h3>\n\n\n\n<p>Az alkalmaz\u00e1sok haszn\u00e1lata nagyszer\u0171, de ha ezeket a rutinod n\u00e9h\u00e1ny m\u00f3dos\u00edt\u00e1s\u00e1val kombin\u00e1lod, a hat\u00e1s m\u00e9g jobb:<\/p>\n\n\n\n<ul>\n<li>Aktiv\u00e1lja a <strong>s\u00f6t\u00e9t m\u00f3d<\/strong> amikor csak lehet, k\u00fcl\u00f6n\u00f6sen olyan alkalmaz\u00e1sokban, mint a YouTube, a WhatsApp vagy az Instagram<\/li>\n\n\n\n<li>Haszn\u00e1ld a <strong>energiatakar\u00e9kos \u00fczemm\u00f3d<\/strong> amikor elm\u00e9sz otthonr\u00f3l vagy \u00e9rtekezleteken veszel r\u00e9szt<\/li>\n\n\n\n<li>Kapcsold ki a GPS-t, a Bluetooth-t \u00e9s a Wi-Fi-t, ha nem haszn\u00e1lod \u0151ket<\/li>\n\n\n\n<li>Z\u00e1rd be a sok akkumul\u00e1tort fogyaszt\u00f3 vide\u00f3alkalmaz\u00e1sokat vagy j\u00e1t\u00e9kokat<\/li>\n<\/ul>\n\n\n\n<h3 class=\"wp-block-heading\">Gondoskodjon akkumul\u00e1tora hossz\u00fa t\u00e1v\u00fa eg\u00e9szs\u00e9g\u00e9r\u0151l<\/h3>\n\n\n\n<p>N\u00e9h\u00e1ny hasznos tipp, amit sokan nem tudnak:<\/p>\n\n\n\n<ul>\n<li>Ker\u00fcld el, hogy minden nap teljesen lemer\u00fclj\u00f6n<\/li>\n\n\n\n<li>Ne t\u00f6ltsd a telefonodat folyamatosan 100% fesz\u00fclts\u00e9ggel, az ide\u00e1lis \u00e9rt\u00e9k 20% \u00e9s 80% k\u00f6z\u00f6tt van.<\/li>\n\n\n\n<li>Mindig eredeti vagy tan\u00fas\u00edtott t\u00f6lt\u0151ket haszn\u00e1ljon, ker\u00fclje a generikusakat<\/li>\n\n\n\n<li>Ker\u00fcld a sz\u00e9ls\u0151s\u00e9ges h\u0151m\u00e9rs\u00e9kleteket, p\u00e9ld\u00e1ul a mobiltelefonod naps\u00fct\u00e9sben vagy nagyon hideg helyen val\u00f3 t\u00e1rol\u00e1s\u00e1t.<\/li>\n<\/ul>\n\n\n\n<p>Tov\u00e1bb\u00e1, ha nem haszn\u00e1lsz gyakran egy alkalmaz\u00e1st, t\u00e1vol\u00edtsd el vagy tiltsd le. Ez mem\u00f3ri\u00e1t szabad\u00edt fel \u00e9s energi\u00e1t takar\u00edt meg.<\/p>\n\n\n\n<h2 class=\"wp-block-heading\">Cselekedj m\u00e9g ma, \u00e9s ints b\u00facs\u00fat az alacsony akkumul\u00e1tor miatti szorong\u00e1snak.<\/h2>\n\n\n\n<p>K\u00e9pzeld el, hogy az eg\u00e9sz napodat an\u00e9lk\u00fcl t\u00f6lt\u00f6d, hogy k\u00e9ts\u00e9gbeesetten keresn\u00e9l konnektort. Elmehetsz otthonr\u00f3l dolgozni, edzhetsz, f\u00e9nyk\u00e9peket k\u00e9sz\u00edthetsz, vide\u00f3kat n\u00e9zhetsz, \u00e9s teljesen felt\u00f6lt\u00f6tt akkumul\u00e1torral t\u00e9rhetsz haza.<\/p>\n\n\n\n<p>Lehets\u00e9ges! \u00c9s nem kell m\u00e1sik telefont venned, vagy p\u00e9nzt k\u00f6ltened kieg\u00e9sz\u00edt\u0151kre.<\/p>\n\n\n\n<p>A megfelel\u0151 eszk\u00f6z\u00f6kkel \u00e9s n\u00e9h\u00e1ny apr\u00f3 m\u00f3dos\u00edt\u00e1ssal teljesen lehets\u00e9ges. \u00c9s a legjobb az eg\u00e9szben: ingyenes, gyors \u00e9s k\u00f6nnyen elk\u00e9sz\u00edthet\u0151.<\/p>\n\n\n\n<p>Csak akarater\u0151re \u00e9s \u00f6t percre van sz\u00fcks\u00e9ged egy alkalmaz\u00e1s telep\u00edt\u00e9s\u00e9hez.<\/p>\n\n\n\n<p><strong>N\u00f6velje az akkumul\u00e1tor \u00e9lettartam\u00e1t<\/strong> Nem kell szak\u00e9rt\u0151nek lenned. Csak el kell d\u00f6ntened, hogy telep\u00edtesz egyet ezek k\u00f6z\u00fcl az alkalmaz\u00e1sok k\u00f6z\u00fcl, \u00e9s hagyod, hogy elv\u00e9gezz\u00e9k a var\u00e1zslatot.<\/p>\n\n\n\n<p>Ne feledd:<\/p>\n\n\n\n<ul>\n<li>A Greenify alv\u00f3 \u00fczemm\u00f3dba helyezi azokat az alkalmaz\u00e1sokat, amelyekre nincs sz\u00fcks\u00e9ged an\u00e9lk\u00fcl, hogy el kellene t\u00e1vol\u00edtanod \u0151ket.<\/li>\n\n\n\n<li>A Battery Guru t\u00e1j\u00e9koztat az akkumul\u00e1tor val\u00f3di \u00e1llapot\u00e1r\u00f3l \u00e9s arr\u00f3l, hogyan t\u00f6ltheted fel jobban.<\/li>\n\n\n\n<li>Az AccuBattery biztos\u00edtja a digit\u00e1lis rutin optimaliz\u00e1l\u00e1s\u00e1hoz sz\u00fcks\u00e9ges adatokat.<\/li>\n<\/ul>\n\n\n\n<p>\u00c9s te? Melyiket pr\u00f3b\u00e1lod ki el\u0151sz\u00f6r? T\u00f6lts le egyet m\u00e9g ma, k\u00f6vesd a tippeket, \u00e9s n\u00e9h\u00e1ny napon bel\u00fcl \u00e9szre fogod venni, mennyivel tov\u00e1bb b\u00edrja az akkumul\u00e1torod. A j\u00f6v\u0151beli \u00e9ned h\u00e1l\u00e1s lesz \u00e9rte!<\/p>\n\n\n\n<h3 class=\"wp-block-heading\"><mark class=\"has-inline-color has-luminous-vivid-amber-color\"><strong>T\u00f6ltse le az alkalmaz\u00e1sokat<\/strong>.<\/mark><\/h3>\n\n\n\n<ul>\n<li class=\"has-medium-font-size\"><strong><strong>Greenify<\/strong> &#8211; <a href=\"https:\/\/greenify.br.uptodown.com\/android\">Android<\/a><a href=\"https:\/\/help.netflix.com\/pt\/node\/101653\"> <\/a><\/strong><\/li>\n\n\n\n<li class=\"has-medium-font-size\"><strong><strong><strong><strong><strong>Akkumul\u00e1torguru<\/strong><\/strong><\/strong><\/strong>  &#8211; <a href=\"https:\/\/battery-guru.en.uptodown.com\/android\">Android<\/a><\/strong><\/li>\n\n\n\n<li class=\"has-medium-font-size\"><strong><strong><strong><strong><strong><strong>AccuBattery<\/strong><\/strong><\/strong><\/strong><\/strong>  &#8211; <a href=\"https:\/\/accubattery.br.uptodown.com\/android\">Android<\/a><a href=\"https:\/\/help.netflix.com\/pt\/node\/101653\"> <\/a>\/ <a href=\"https:\/\/apps.apple.com\/br\/app\/accubattery-battery-info\/id6737747779\">iOS<\/a><\/strong><\/li>\n<\/ul>\n\n\n\n<p><\/p>","protected":false},"excerpt":{"rendered":"<p>Az akkumul\u00e1tor \u00e9lettartam\u00e1nak n\u00f6vel\u00e9se m\u00e1r nem v\u00e1gy\u00e1lom. Manaps\u00e1g, a sok \u00fczenet, alkalmaz\u00e1s \u00e9s vide\u00f3 miatt gyakori, hogy a telefonod pont akkor mer\u00fcl le, amikor a legnagyobb sz\u00fcks\u00e9ged van r\u00e1. \u00c9s ez stresszes, ugye? Mindannyian \u00e1t\u00e9lt\u00fck m\u00e1r azt a k\u00ednos pillanatot, amikor az akkumul\u00e1tor lemer\u00fcl egy [\u2026]<\/p>","protected":false},"author":139,"featured_media":9184,"comment_status":"closed","ping_status":"open","sticky":false,"template":"","format":"standard","meta":{"footnotes":""},"categories":[2],"tags":[2158,2012,2157,2160,2159],"yoast_head":"<!-- This site is optimized with the Yoast SEO plugin v23.3 - https:\/\/yoast.com\/wordpress\/plugins\/seo\/ -->\n<title>Aumenta la duraci\u00f3n de la bater\u00eda con este app - Universo Fam\u00edlia<\/title>\n<meta name=\"description\" content=\"Aumenta la duraci\u00f3n de la bater\u00eda con este app. Aumentar la duraci\u00f3n de la bater\u00eda ya no es un sue\u00f1o imposible....\" \/>\n<meta name=\"robots\" content=\"index, follow, max-snippet:-1, max-image-preview:large, max-video-preview:-1\" \/>\n<link rel=\"canonical\" href=\"http:\/\/universofamilia.com\/hu\/aumenta-la-duracion-de-la-bateria-con-este-app\/\" \/>\n<meta property=\"og:locale\" content=\"hu_HU\" \/>\n<meta property=\"og:type\" content=\"article\" \/>\n<meta property=\"og:title\" content=\"Aumenta la duraci\u00f3n de la bater\u00eda con este app - Universo Fam\u00edlia\" \/>\n<meta property=\"og:description\" content=\"Aumenta la duraci\u00f3n de la bater\u00eda con este app. Aumentar la duraci\u00f3n de la bater\u00eda ya no es un sue\u00f1o imposible....\" \/>\n<meta property=\"og:url\" content=\"http:\/\/universofamilia.com\/hu\/aumenta-la-duracion-de-la-bateria-con-este-app\/\" \/>\n<meta property=\"og:site_name\" content=\"Universo Fam\u00edlia\" \/>\n<meta property=\"article:published_time\" content=\"2025-04-01T19:41:26+00:00\" \/>\n<meta property=\"article:modified_time\" content=\"2025-10-11T21:22:02+00:00\" \/>\n<meta property=\"og:image\" content=\"http:\/\/universofamilia.com\/wp-content\/uploads\/sites\/148\/2025\/04\/DESTAQUE-UNIVERSO-550-x-350-19-1.jpg\" \/>\n\t<meta property=\"og:image:width\" content=\"550\" \/>\n\t<meta property=\"og:image:height\" content=\"350\" \/>\n\t<meta property=\"og:image:type\" content=\"image\/jpeg\" \/>\n<meta name=\"author\" content=\"Pedro Henrique\" \/>\n<meta name=\"twitter:card\" content=\"summary_large_image\" \/>\n<meta name=\"twitter:label1\" content=\"Written by\" \/>\n\t<meta name=\"twitter:data1\" content=\"Pedro Henrique\" \/>\n\t<meta name=\"twitter:label2\" content=\"Est. reading time\" \/>\n\t<meta name=\"twitter:data2\" content=\"7 perc\" \/>\n<script type=\"application\/ld+json\" class=\"yoast-schema-graph\">{\"@context\":\"https:\/\/schema.org\",\"@graph\":[{\"@type\":\"WebPage\",\"@id\":\"http:\/\/universofamilia.com\/da\/aumenta-la-duracion-de-la-bateria-con-este-app\/\",\"url\":\"http:\/\/universofamilia.com\/da\/aumenta-la-duracion-de-la-bateria-con-este-app\/\",\"name\":\"Aumenta la duraci\u00f3n de la bater\u00eda con este app - Universo Fam\u00edlia\",\"isPartOf\":{\"@id\":\"https:\/\/universofamilia.com\/el\/#website\"},\"primaryImageOfPage\":{\"@id\":\"http:\/\/universofamilia.com\/da\/aumenta-la-duracion-de-la-bateria-con-este-app\/#primaryimage\"},\"image\":{\"@id\":\"http:\/\/universofamilia.com\/da\/aumenta-la-duracion-de-la-bateria-con-este-app\/#primaryimage\"},\"thumbnailUrl\":\"http:\/\/universofamilia.com\/wp-content\/uploads\/sites\/148\/2025\/04\/DESTAQUE-UNIVERSO-550-x-350-19-1.jpg\",\"datePublished\":\"2025-04-01T19:41:26+00:00\",\"dateModified\":\"2025-10-11T21:22:02+00:00\",\"author\":{\"@id\":\"https:\/\/universofamilia.com\/el\/#\/schema\/person\/f07ce98187dd84d31154262e79b3b7ca\"},\"description\":\"Aumenta la duraci\u00f3n de la bater\u00eda con este app. Aumentar la duraci\u00f3n de la bater\u00eda ya no es un sue\u00f1o imposible....\",\"breadcrumb\":{\"@id\":\"http:\/\/universofamilia.com\/da\/aumenta-la-duracion-de-la-bateria-con-este-app\/#breadcrumb\"},\"inLanguage\":\"hu\",\"potentialAction\":[{\"@type\":\"ReadAction\",\"target\":[\"http:\/\/universofamilia.com\/da\/aumenta-la-duracion-de-la-bateria-con-este-app\/\"]}]},{\"@type\":\"ImageObject\",\"inLanguage\":\"hu\",\"@id\":\"http:\/\/universofamilia.com\/da\/aumenta-la-duracion-de-la-bateria-con-este-app\/#primaryimage\",\"url\":\"http:\/\/universofamilia.com\/wp-content\/uploads\/sites\/148\/2025\/04\/DESTAQUE-UNIVERSO-550-x-350-19-1.jpg\",\"contentUrl\":\"http:\/\/universofamilia.com\/wp-content\/uploads\/sites\/148\/2025\/04\/DESTAQUE-UNIVERSO-550-x-350-19-1.jpg\",\"width\":550,\"height\":350,\"caption\":\"Aumenta la duraci\u00f3n de la bater\u00eda con este app\"},{\"@type\":\"BreadcrumbList\",\"@id\":\"http:\/\/universofamilia.com\/da\/aumenta-la-duracion-de-la-bateria-con-este-app\/#breadcrumb\",\"itemListElement\":[{\"@type\":\"ListItem\",\"position\":1,\"name\":\"Home\",\"item\":\"https:\/\/universofamilia.com\/el\/\"},{\"@type\":\"ListItem\",\"position\":2,\"name\":\"Aumenta la duraci\u00f3n de la bater\u00eda con este app\"}]},{\"@type\":\"WebSite\",\"@id\":\"https:\/\/universofamilia.com\/el\/#website\",\"url\":\"https:\/\/universofamilia.com\/el\/\",\"name\":\"Universo Fam\u00edlia\",\"description\":\"\",\"potentialAction\":[{\"@type\":\"SearchAction\",\"target\":{\"@type\":\"EntryPoint\",\"urlTemplate\":\"https:\/\/universofamilia.com\/el\/?s={search_term_string}\"},\"query-input\":\"required name=search_term_string\"}],\"inLanguage\":\"hu\"},{\"@type\":\"Person\",\"@id\":\"https:\/\/universofamilia.com\/el\/#\/schema\/person\/f07ce98187dd84d31154262e79b3b7ca\",\"name\":\"Pedro Henrique\",\"image\":{\"@type\":\"ImageObject\",\"inLanguage\":\"hu\",\"@id\":\"https:\/\/universofamilia.com\/el\/#\/schema\/person\/image\/\",\"url\":\"http:\/\/0.gravatar.com\/avatar\/9edfeb808cb4e1599f64d6e45b130154?s=96&d=mm&r=g\",\"contentUrl\":\"http:\/\/0.gravatar.com\/avatar\/9edfeb808cb4e1599f64d6e45b130154?s=96&d=mm&r=g\",\"caption\":\"Pedro Henrique\"},\"url\":\"http:\/\/universofamilia.com\/hu\/author\/editor01\/\"}]}<\/script>\n<!-- \/ Yoast SEO plugin. -->","yoast_head_json":{"title":"Aumenta la duraci\u00f3n de la bater\u00eda con este app - Universo Fam\u00edlia","description":"Aumenta la duraci\u00f3n de la bater\u00eda con este app. Aumentar la duraci\u00f3n de la bater\u00eda ya no es un sue\u00f1o imposible....","robots":{"index":"index","follow":"follow","max-snippet":"max-snippet:-1","max-image-preview":"max-image-preview:large","max-video-preview":"max-video-preview:-1"},"canonical":"http:\/\/universofamilia.com\/hu\/aumenta-la-duracion-de-la-bateria-con-este-app\/","og_locale":"hu_HU","og_type":"article","og_title":"Aumenta la duraci\u00f3n de la bater\u00eda con este app - Universo Fam\u00edlia","og_description":"Aumenta la duraci\u00f3n de la bater\u00eda con este app. Aumentar la duraci\u00f3n de la bater\u00eda ya no es un sue\u00f1o imposible....","og_url":"http:\/\/universofamilia.com\/hu\/aumenta-la-duracion-de-la-bateria-con-este-app\/","og_site_name":"Universo Fam\u00edlia","article_published_time":"2025-04-01T19:41:26+00:00","article_modified_time":"2025-10-11T21:22:02+00:00","og_image":[{"width":550,"height":350,"url":"http:\/\/universofamilia.com\/wp-content\/uploads\/sites\/148\/2025\/04\/DESTAQUE-UNIVERSO-550-x-350-19-1.jpg","type":"image\/jpeg"}],"author":"Pedro Henrique","twitter_card":"summary_large_image","twitter_misc":{"Written by":"Pedro Henrique","Est. reading time":"7 perc"},"schema":{"@context":"https:\/\/schema.org","@graph":[{"@type":"WebPage","@id":"http:\/\/universofamilia.com\/da\/aumenta-la-duracion-de-la-bateria-con-este-app\/","url":"http:\/\/universofamilia.com\/da\/aumenta-la-duracion-de-la-bateria-con-este-app\/","name":"Aumenta la duraci\u00f3n de la bater\u00eda con este app - Universo Fam\u00edlia","isPartOf":{"@id":"https:\/\/universofamilia.com\/el\/#website"},"primaryImageOfPage":{"@id":"http:\/\/universofamilia.com\/da\/aumenta-la-duracion-de-la-bateria-con-este-app\/#primaryimage"},"image":{"@id":"http:\/\/universofamilia.com\/da\/aumenta-la-duracion-de-la-bateria-con-este-app\/#primaryimage"},"thumbnailUrl":"http:\/\/universofamilia.com\/wp-content\/uploads\/sites\/148\/2025\/04\/DESTAQUE-UNIVERSO-550-x-350-19-1.jpg","datePublished":"2025-04-01T19:41:26+00:00","dateModified":"2025-10-11T21:22:02+00:00","author":{"@id":"https:\/\/universofamilia.com\/el\/#\/schema\/person\/f07ce98187dd84d31154262e79b3b7ca"},"description":"Aumenta la duraci\u00f3n de la bater\u00eda con este app. Aumentar la duraci\u00f3n de la bater\u00eda ya no es un sue\u00f1o imposible....","breadcrumb":{"@id":"http:\/\/universofamilia.com\/da\/aumenta-la-duracion-de-la-bateria-con-este-app\/#breadcrumb"},"inLanguage":"hu","potentialAction":[{"@type":"ReadAction","target":["http:\/\/universofamilia.com\/da\/aumenta-la-duracion-de-la-bateria-con-este-app\/"]}]},{"@type":"ImageObject","inLanguage":"hu","@id":"http:\/\/universofamilia.com\/da\/aumenta-la-duracion-de-la-bateria-con-este-app\/#primaryimage","url":"http:\/\/universofamilia.com\/wp-content\/uploads\/sites\/148\/2025\/04\/DESTAQUE-UNIVERSO-550-x-350-19-1.jpg","contentUrl":"http:\/\/universofamilia.com\/wp-content\/uploads\/sites\/148\/2025\/04\/DESTAQUE-UNIVERSO-550-x-350-19-1.jpg","width":550,"height":350,"caption":"Aumenta la duraci\u00f3n de la bater\u00eda con este app"},{"@type":"BreadcrumbList","@id":"http:\/\/universofamilia.com\/da\/aumenta-la-duracion-de-la-bateria-con-este-app\/#breadcrumb","itemListElement":[{"@type":"ListItem","position":1,"name":"Home","item":"https:\/\/universofamilia.com\/el\/"},{"@type":"ListItem","position":2,"name":"Aumenta la duraci\u00f3n de la bater\u00eda con este app"}]},{"@type":"WebSite","@id":"https:\/\/universofamilia.com\/el\/#website","url":"https:\/\/universofamilia.com\/el\/","name":"Universo Fam\u00edlia","description":"","potentialAction":[{"@type":"SearchAction","target":{"@type":"EntryPoint","urlTemplate":"https:\/\/universofamilia.com\/el\/?s={search_term_string}"},"query-input":"required name=search_term_string"}],"inLanguage":"hu"},{"@type":"Person","@id":"https:\/\/universofamilia.com\/el\/#\/schema\/person\/f07ce98187dd84d31154262e79b3b7ca","name":"Pedro Henrique","image":{"@type":"ImageObject","inLanguage":"hu","@id":"https:\/\/universofamilia.com\/el\/#\/schema\/person\/image\/","url":"http:\/\/0.gravatar.com\/avatar\/9edfeb808cb4e1599f64d6e45b130154?s=96&d=mm&r=g","contentUrl":"http:\/\/0.gravatar.com\/avatar\/9edfeb808cb4e1599f64d6e45b130154?s=96&d=mm&r=g","caption":"Pedro Henrique"},"url":"http:\/\/universofamilia.com\/hu\/author\/editor01\/"}]}},"_links":{"self":[{"href":"http:\/\/universofamilia.com\/hu\/wp-json\/wp\/v2\/posts\/9175"}],"collection":[{"href":"http:\/\/universofamilia.com\/hu\/wp-json\/wp\/v2\/posts"}],"about":[{"href":"http:\/\/universofamilia.com\/hu\/wp-json\/wp\/v2\/types\/post"}],"author":[{"embeddable":true,"href":"http:\/\/universofamilia.com\/hu\/wp-json\/wp\/v2\/users\/139"}],"replies":[{"embeddable":true,"href":"http:\/\/universofamilia.com\/hu\/wp-json\/wp\/v2\/comments?post=9175"}],"version-history":[{"count":2,"href":"http:\/\/universofamilia.com\/hu\/wp-json\/wp\/v2\/posts\/9175\/revisions"}],"predecessor-version":[{"id":9997,"href":"http:\/\/universofamilia.com\/hu\/wp-json\/wp\/v2\/posts\/9175\/revisions\/9997"}],"wp:featuredmedia":[{"embeddable":true,"href":"http:\/\/universofamilia.com\/hu\/wp-json\/wp\/v2\/media\/9184"}],"wp:attachment":[{"href":"http:\/\/universofamilia.com\/hu\/wp-json\/wp\/v2\/media?parent=9175"}],"wp:term":[{"taxonomy":"category","embeddable":true,"href":"http:\/\/universofamilia.com\/hu\/wp-json\/wp\/v2\/categories?post=9175"},{"taxonomy":"post_tag","embeddable":true,"href":"http:\/\/universofamilia.com\/hu\/wp-json\/wp\/v2\/tags?post=9175"}],"curies":[{"name":"wp","href":"https:\/\/api.w.org\/{rel}","templated":true}]}}