{"id":9186,"date":"2025-04-02T20:40:24","date_gmt":"2025-04-02T20:40:24","guid":{"rendered":"https:\/\/universofamilia.com\/?p=9186"},"modified":"2025-10-13T22:06:25","modified_gmt":"2025-10-14T01:06:25","slug":"aplicativo-para-leer-y-escuchar-la-biblia-catolica","status":"publish","type":"post","link":"http:\/\/universofamilia.com\/hu\/aplicativo-para-leer-y-escuchar-la-biblia-catolica\/","title":{"rendered":"Alkalmaz\u00e1s a katolikus Biblia olvas\u00e1s\u00e1ra \u00e9s hallgat\u00e1s\u00e1ra"},"content":{"rendered":"<h5 class=\"wp-block-heading has-text-align-center\"><strong>Vidd magaddal Isten Ig\u00e9j\u00e9t<\/strong><\/h5>\n\n\n\n<p><\/p>\n\n\n\n<h4 class=\"wp-block-heading has-text-align-center\"><mark class=\"has-inline-color has-vivid-cyan-blue-color\">Mit keres?<\/mark><\/h4>\n\n\n    <section class=\"mx-1 my-10\">\n                                                <a href=\"http:\/\/universofamilia.com\/hu\/la-aplicacion-mas-completa-de-la-biblia-catolica-conoce-laudate\/\" class=\"text-white\" data-analytics-label=\"optionsButton\"\n                    data-action=\"analytics#trackCTA\">\n                    <div data-options-target=\"option\"\n                        class=\"custom-section rounded-xl border p-3 shadow-md w-full bg-green-700 my-3\">\n                        <div class=\"flex w-full items-center justify-between\">\n                            <div class=\"flex items-center space-x-3\">\n                                <div class=\"text-lg font-bold\">\n                                    Katolikus Biblia \u279d\n                                <\/div>\n                            <\/div>\n                        <\/div>\n                    <\/div>\n                <\/a>\n                                                            <a href=\"http:\/\/universofamilia.com\/hu\/biblia-ave-maria\/\" class=\"text-white\" data-analytics-label=\"optionsButton\"\n                    data-action=\"analytics#trackCTA\">\n                    <div data-options-target=\"option\"\n                        class=\"custom-section rounded-xl border p-3 shadow-md w-full bg-green-700 my-3\">\n                        <div class=\"flex w-full items-center justify-between\">\n                            <div class=\"flex items-center space-x-3\">\n                                <div class=\"text-lg font-bold\">\n                                    \u00dcdv\u00f6zl\u00e9gy M\u00e1ria Bibli\u00e1ja \u279d\n                                <\/div>\n                            <\/div>\n                        <\/div>\n                    <\/div>\n                <\/a>\n                                                            <a href=\"http:\/\/universofamilia.com\/hu\/la-aplicacion-de-la-biblia-esencial-para-la-vida\/\" class=\"text-white\" data-analytics-label=\"optionsButton\"\n                    data-action=\"analytics#trackCTA\">\n                    <div data-options-target=\"option\"\n                        class=\"custom-section rounded-xl border p-3 shadow-md w-full bg-green-700 my-3\">\n                        <div class=\"flex w-full items-center justify-between\">\n                            <div class=\"flex items-center space-x-3\">\n                                <div class=\"text-lg font-bold\">\n                                    Katolikus bibliatanulm\u00e1nyoz\u00e1s \u279d\n                                <\/div>\n                            <\/div>\n                        <\/div>\n                    <\/div>\n                <\/a>\n                            <p class=\"text-xs text-gray-500 text-right hidden\"\n            style=\"margin-left: 50%; margin-bottom: 50px; margin-top: 5px;\">\n            <!-- You will be redirected to another website -->\n        <\/p>\n    <\/section>\n\n\n\n\n<p><\/p>\n\n\n\n<h3 class=\"wp-block-heading\">Fedezz fel egy \u00faj m\u00f3dot a hiteddel val\u00f3 kapcsolatteremt\u00e9sre<\/h3>\n\n\n\n<p><strong>Alkalmaz\u00e1s a katolikus Biblia olvas\u00e1s\u00e1ra \u00e9s hallgat\u00e1s\u00e1ra<\/strong>Ez az eszk\u00f6z \u00e1talak\u00edtotta azt, ahogyan milli\u00f3k k\u00f6zel\u00edtik meg az Ig\u00e9t.<\/p>\n\n\n\n    <div class=\"d-sm-block py-3 mx-auto px-3 mb-3\"\n        style=\"border-top: 1px solid rgb(204, 204, 204); border-bottom: 1px solid rgb(204, 204, 204);\">\n        <div class=\"text-center mb-4\">\n            <h6 class=\"pt-3 text-center text-gray-900 text-2xl title-font font-medium mb-12\">A legjobb katolikus bibliai alkalmaz\u00e1sok<\/h6>\n        <\/div>\n        <div class=\"row\">\n            <div class=\"col-lg-5 col-md-5 col-sm-12 mb-4 mb-lg-0\">\n                <img decoding=\"async\" alt=\"k\u00e1rtya\" style=\"height: 190px; object-fit: cover;\"\n                    class=\"w-100 h-100 object-cover object-center rounded border\" src=\"http:\/\/universofamilia.com\/wp-content\/uploads\/sites\/148\/2025\/02\/POST-PARA-APP-ARTIGO-1-1.jpg\">\n            <\/div>\n            <div class=\"col-lg-7 col-md-7 col-sm-12 d-flex flex-column justify-content-between\">\n                <h3 class=\"text-gray-900 text-3xl title-font font-medium mb-1\"><\/h3>\n\n                                <div class=\"d-block text-justify py-3\">Hozz\u00e1f\u00e9r\u00e9s Isten Ig\u00e9j\u00e9hez b\u00e1rmikor, b\u00e1rhol a legjobb katolikus Biblia alkalmaz\u00e1ssal. A Biblia olvas\u00e1s\u00e1nak \u00e9s hallgat\u00e1s\u00e1nak lehet\u0151s\u00e9geivel ez az eszk\u00f6z megk\u00f6nny\u00edti a kapcsolatodat Istennel a napi bibliai r\u00e9szek, lelki elm\u00e9lked\u00e9sek \u00e9s olvas\u00e1si tervek r\u00e9v\u00e9n.<\/div>\n                <div class=\"mt-auto d-flex flex-column align-items-end\">\n                    <a class=\"d-inline-block text-center text-white border-0 py-2 px-8 text-lg focus:outline-none rounded bg-green-700 hover:bg-green-800 btn-block\"\n                        href=\"http:\/\/universofamilia.com\/hu\/aplicaciones-para-leer-y-escuchar-la-biblia-catolica\/\"                         data-analytics-label=\"landingPageFirstButton\" data-action=\"analytics#trackCTA\">\n                        T\u00d6BBET SZERETN\u00c9K TUDNI                    <\/a>\n                                            <div class=\"text-xs text-muted mt-3 d-block col-12 text-center\">Ugyanott maradsz<\/div>\n                                    <\/div>\n            <\/div>\n        <\/div>\n    <\/div>\n\n\n\n<p>Szeretn\u00e9d mindig k\u00e9zn\u00e9l tartani a Bibli\u00e1t an\u00e9lk\u00fcl, hogy neh\u00e9zkesen cipeln\u00e9d?<a href=\"http:\/\/universofamilia.com\/hu\/la-aplicacion-mas-completa-de-la-biblia-catolica-conoce-laudate\/\">?<\/a><\/p>\n\n\n\n<p>Nehezen tal\u00e1lsz id\u0151t vagy koncentr\u00e1lsz az elolvas\u00e1s\u00e1ra?<\/p>\n\n\n\n<p>Ma egy praktikus, egyszer\u0171 \u00e9s ingyenes megold\u00e1st mutatok be.<\/p>\n\n\n\n<p>Nem kell t\u00f6bb\u00e9 tech szak\u00e9rt\u0151nek lenned, vagy sok szabadid\u0151d legyen.<\/p>\n\n\n\n<p>Ezekkel <strong>Alkalmaz\u00e1sok Biblia olvas\u00e1s\u00e1hoz \u00e9s hallgat\u00e1s\u00e1hoz<\/strong>B\u00e1rhol k\u00f6zeledhetsz Istenhez. \u00c9s ami a legjobb: mind\u00f6ssze n\u00e9h\u00e1ny koppint\u00e1ssal a telefonodon.<\/p>\n\n\n\n<p><\/p>\n\n\n\n<hr class=\"wp-block-separator has-alpha-channel-opacity is-style-wide\" \/>\n\n\n\n<h4 class=\"wp-block-heading has-text-align-center\"><strong><mark class=\"has-inline-color has-luminous-vivid-orange-color\">Olvasd el ezt is<\/mark><\/strong><\/h4>\n\n\n    <section class=\"mx-1 my-10\">\n                                                <a href=\"http:\/\/universofamilia.com\/hu\/lp-filmes-asiaticos\/\" class=\"text-white\" data-analytics-label=\"optionsButton\"\n                    data-action=\"analytics#trackCTA\">\n                    <div data-options-target=\"option\"\n                        class=\"custom-section rounded-xl border p-3 shadow-md w-full bg-green-700 my-3\">\n                        <div class=\"flex w-full items-center justify-between\">\n                            <div class=\"flex items-center space-x-3\">\n                                <div class=\"text-lg font-bold\">\n                                    App koreai dr\u00e1m\u00e1k n\u00e9z\u00e9s\u00e9hez \u279d\n                                <\/div>\n                            <\/div>\n                        <\/div>\n                    <\/div>\n                <\/a>\n                                                            <a href=\"http:\/\/universofamilia.com\/hu\/lp-recuperar-fotos\/\" class=\"text-white\" data-analytics-label=\"optionsButton\"\n                    data-action=\"analytics#trackCTA\">\n                    <div data-options-target=\"option\"\n                        class=\"custom-section rounded-xl border p-3 shadow-md w-full bg-green-700 my-3\">\n                        <div class=\"flex w-full items-center justify-between\">\n                            <div class=\"flex items-center space-x-3\">\n                                <div class=\"text-lg font-bold\">\n                                    T\u00f6r\u00f6lt fot\u00f3k helyre\u00e1ll\u00edt\u00e1sa ezzel az alkalmaz\u00e1ssal!  \u279d\n                                <\/div>\n                            <\/div>\n                        <\/div>\n                    <\/div>\n                <\/a>\n                                                            <a href=\"http:\/\/universofamilia.com\/hu\/el-amor-a-un-clic\/\" class=\"text-white\" data-analytics-label=\"optionsButton\"\n                    data-action=\"analytics#trackCTA\">\n                    <div data-options-target=\"option\"\n                        class=\"custom-section rounded-xl border p-3 shadow-md w-full bg-green-700 my-3\">\n                        <div class=\"flex w-full items-center justify-between\">\n                            <div class=\"flex items-center space-x-3\">\n                                <div class=\"text-lg font-bold\">\n                                    Fedezd fel az ide\u00e1lis t\u00e1rskeres\u0151 alkalmaz\u00e1st \u279d\n                                <\/div>\n                            <\/div>\n                        <\/div>\n                    <\/div>\n                <\/a>\n                            <p class=\"text-xs text-gray-500 text-right hidden\"\n            style=\"margin-left: 50%; margin-bottom: 50px; margin-top: 5px;\">\n            <!-- You will be redirected to another website -->\n        <\/p>\n    <\/section>\n\n\n\n\n<p class=\"has-text-align-right\"><em><strong><em><strong><em><strong><em><strong><em><strong>Ugyanott fog maradni!<\/strong><\/em><\/strong><\/em><\/strong><\/em><\/strong><\/em><\/strong><\/em><\/p>\n\n\n\n<hr class=\"wp-block-separator has-alpha-channel-opacity is-style-wide\" \/>\n\n\n\n<p><\/p>\n\n\n\n<h2 class=\"wp-block-heading\">Mi\u00e9rt \u00e9rdemes alkalmaz\u00e1st haszn\u00e1lni a katolikus Biblia olvas\u00e1s\u00e1hoz \u00e9s hallgat\u00e1s\u00e1hoz?<\/h2>\n\n\n\n<h3 class=\"wp-block-heading\">A technol\u00f3gia spiritu\u00e1lis is lehet<\/h3>\n\n\n\n<p>N\u00e9ha azt gondoljuk, hogy a mobiltelefonjaink csak a k\u00f6z\u00f6ss\u00e9gi m\u00e9di\u00e1ra vagy a sz\u00f3rakoz\u00e1sra j\u00f3k. Pedig hidat jelenthetnek a hithez is. <strong>Katolikus jelentkez\u00e9s<\/strong> seg\u00edthet neked:<\/p>\n\n\n\n<ul>\n<li><strong>Olvasd el a teljes Bibli\u00e1t<\/strong> tiszta k\u00e9z\u00edr\u00e1ssal \u00e9s megb\u00edzhat\u00f3 ford\u00edt\u00e1sokkal.<\/li>\n\n\n\n<li><strong>Hangos fejezetek meghallgat\u00e1sa<\/strong>, m\u00e9g csukott szemmel is.<\/li>\n\n\n\n<li><strong>Im\u00e1dkozz naponta<\/strong> \u00e1h\u00edtatokkal \u00e9s inspir\u00e1l\u00f3 versekkel.<\/li>\n\n\n\n<li><strong>Napi eml\u00e9keztet\u0151k<\/strong>hogy ne felejtsd el az Istennel t\u00f6lt\u00f6tt pillanatot.<\/li>\n<\/ul>\n\n\n\n<h3 class=\"wp-block-heading\">El\u0151ny\u00f6k minden koroszt\u00e1ly sz\u00e1m\u00e1ra<\/h3>\n\n\n\n<p>Elm\u00falt\u00e1l 50? Fiatal vagy, de kev\u00e9s a szabadid\u0151d? Nem sz\u00e1m\u00edt. Ezek az alkalmaz\u00e1sok mindenkinek sz\u00f3lnak:<\/p>\n\n\n\n<ul>\n<li>Nagybet\u0171k a nagyobb k\u00e9nyelem \u00e9rdek\u00e9ben.<\/li>\n\n\n\n<li>Intuit\u00edv \u00e9s egyszer\u0171 navig\u00e1ci\u00f3.<\/li>\n\n\n\n<li>Tiszta hangz\u00e1s, bar\u00e1ts\u00e1gos hangokkal.<\/li>\n\n\n\n<li>Lehet\u0151s\u00e9g a kedvenc r\u00e9szek ment\u00e9s\u00e9re.<\/li>\n<\/ul>\n\n\n\n<h3 class=\"wp-block-heading\">Vigy\u00e9l hitet a zsebedbe<\/h3>\n\n\n\n<p>K\u00e9pzeld el, hogy kinyithatod a Bibli\u00e1dat sorban \u00e1ll\u00e1s, buszon utaz\u00e1s vagy sz\u00fcnet k\u00f6zben. Nem kell neh\u00e9z k\u00f6nyveket cipelned. A Biblia mindig veled van.<\/p>\n\n\n\n<h2 class=\"wp-block-heading\">A 3 legjobb alkalmaz\u00e1s a katolikus Biblia olvas\u00e1s\u00e1hoz \u00e9s hallgat\u00e1s\u00e1hoz<\/h2>\n\n\n\n<p>A n\u00e9pszer\u0171s\u00e9g, az \u00e9rt\u00e9kel\u00e9sek \u00e9s a felhaszn\u00e1l\u00f3i \u00e9lm\u00e9ny elemz\u00e9se ut\u00e1n kiv\u00e1lasztottuk a <strong>3 legjobb alkalmaz\u00e1s, ami el\u00e9rhet\u0151 a Play \u00c1ruh\u00e1zban<\/strong>.<\/p>\n\n\n\n<h3 class=\"wp-block-heading\">Katolikus hangos Biblia<\/h3>\n\n\n\n<p>Az egyik leg\u00e1tfog\u00f3bb \u00e9s a katolikus h\u00edv\u0151k k\u00f6r\u00e9ben nagyra \u00e9rt\u00e9kelt alkalmaz\u00e1s. F\u0151 el\u0151nye a <strong>olvas\u00e1s \u00e9s hangfelv\u00e9tel internetkapcsolat n\u00e9lk\u00fcl<\/strong>.<\/p>\n\n\n\n<p><strong>Kiemelt jellemz\u0151k:<\/strong><\/p>\n\n\n\n<ul>\n<li>Hivatalos katolikus ford\u00edt\u00e1s.<\/li>\n\n\n\n<li>Tiszta \u00e9s lass\u00fa narr\u00e1ci\u00f3val ell\u00e1tott hanganyagok.<\/li>\n\n\n\n<li>Olvas\u00e1si tervek 7, 30 vagy 90 napra.<\/li>\n\n\n\n<li>\u00c9jszakai m\u00f3d a szem meger\u0151ltet\u00e9s\u00e9nek elker\u00fcl\u00e9se \u00e9rdek\u00e9ben.<\/li>\n\n\n\n<li>K\u00f6nyvjelz\u0151k, jegyzetek \u00e9s versek kiemel\u00e9se.<\/li>\n<\/ul>\n\n\n\n<p>Ide\u00e1lis azok sz\u00e1m\u00e1ra, akik komplik\u00e1ci\u00f3k n\u00e9lk\u00fcl szeretn\u00e9k elm\u00e9ly\u00edteni hit\u00fcket.<\/p>\n\n\n\n<h3 class=\"wp-block-heading\">A Szent Katolikus Biblia<\/h3>\n\n\n\n<p>Nagyon k\u00f6nnyen haszn\u00e1lhat\u00f3, a kezel\u0151fel\u00fcletet id\u0151sebb emberek vagy korl\u00e1tozott digit\u00e1lis tapasztalattal rendelkez\u0151k sz\u00e1m\u00e1ra tervezt\u00e9k. Er\u0151ss\u00e9ge: <strong>a nap versei r\u00f6vid elm\u00e9lked\u00e9sekkel<\/strong>.<\/p>\n\n\n\n<p><strong>Amit a felhaszn\u00e1l\u00f3k a legjobban kedvelnek:<\/strong><\/p>\n\n\n\n<ul>\n<li>Navig\u00e1ci\u00f3 k\u00f6nyv, fejezet \u00e9s vers szerint.<\/li>\n\n\n\n<li>Hang funkci\u00f3 minden fejezethez.<\/li>\n\n\n\n<li>Napi gondolatok sz\u00f6vegben \u00e9s hangban.<\/li>\n\n\n\n<li>K\u00f6nnyed\u00e9n megoszthatod WhatsApp-on.<\/li>\n<\/ul>\n\n\n\n<p>T\u00f6k\u00e9letes a napi bibliaolvas\u00e1si szok\u00e1s kialak\u00edt\u00e1s\u00e1hoz.<\/p>\n\n\n\n<h3 class=\"wp-block-heading\">Latin-amerikai katolikus Biblia<\/h3>\n\n\n\n<p>Kifejezetten latin-amerikai felhaszn\u00e1l\u00f3k sz\u00e1m\u00e1ra k\u00e9sz\u00fclt. Olyan ford\u00edt\u00e1st haszn\u00e1l, amelyet sokan felismernek a vas\u00e1rnapi mis\u00e9kb\u0151l.<\/p>\n\n\n\n<p><strong>Egyedi el\u0151ny\u00f6k:<\/strong><\/p>\n\n\n\n<ul>\n<li>Ford\u00edt\u00e1s <a href=\"https:\/\/biblia-catolica-latinoamericana-completa.br.uptodown.com\/android\">Latin-amerikai <\/a>(CELAM).<\/li>\n\n\n\n<li>Dr\u00e1mai hangos felolvas\u00e1s: hangok \u00e9s k\u00f6rnyezet.<\/li>\n\n\n\n<li>Napi \u00e9rtes\u00edt\u00e9sek, hogy ne felejtsd el az olvasm\u00e1nyaidat.<\/li>\n\n\n\n<li>Katolikus \u00e1h\u00edtatos \u00edr\u00e1sok is szerepelnek.<\/li>\n<\/ul>\n\n\n\n<p>M\u00e9ly \u00e9rzelmi k\u00f6t\u0151d\u00e9sre v\u00e1gy\u00f3knak aj\u00e1nlott.<\/p>\n\n\n\n<p><\/p>\n\n\n\n<hr class=\"wp-block-separator has-alpha-channel-opacity is-style-wide\" \/>\n\n\n\n<h3 class=\"wp-block-heading\"><mark class=\"has-inline-color has-luminous-vivid-amber-color\"><strong>T\u00f6ltse le az alkalmaz\u00e1sokat<\/strong>.<\/mark><\/h3>\n\n\n    <section class=\"mx-1 my-10\">\n                                                <a href=\"https:\/\/audiobibleapp.com\/biblia-catolica-2\/\" class=\"text-white\" data-analytics-label=\"optionsButton\"\n                    data-action=\"analytics#trackCTA\">\n                    <div data-options-target=\"option\"\n                        class=\"custom-section rounded-xl border p-3 shadow-md w-full bg-green-700 my-3\">\n                        <div class=\"flex w-full items-center justify-between\">\n                            <div class=\"flex items-center space-x-3\">\n                                <div class=\"text-lg font-bold\">\n                                    Katolikus hangos Biblia \u279d\n                                <\/div>\n                            <\/div>\n                        <\/div>\n                    <\/div>\n                <\/a>\n                                                            <a href=\"https:\/\/la-santa-biblia-catolica.br.uptodown.com\/android\/download\" class=\"text-white\" data-analytics-label=\"optionsButton\"\n                    data-action=\"analytics#trackCTA\">\n                    <div data-options-target=\"option\"\n                        class=\"custom-section rounded-xl border p-3 shadow-md w-full bg-green-700 my-3\">\n                        <div class=\"flex w-full items-center justify-between\">\n                            <div class=\"flex items-center space-x-3\">\n                                <div class=\"text-lg font-bold\">\n                                    Szent Katolikus Biblia \u279d\n                                <\/div>\n                            <\/div>\n                        <\/div>\n                    <\/div>\n                <\/a>\n                                                            <a href=\"https:\/\/biblia-catolica-latinoamericana-completa.br.uptodown.com\/android\" class=\"text-white\" data-analytics-label=\"optionsButton\"\n                    data-action=\"analytics#trackCTA\">\n                    <div data-options-target=\"option\"\n                        class=\"custom-section rounded-xl border p-3 shadow-md w-full bg-green-700 my-3\">\n                        <div class=\"flex w-full items-center justify-between\">\n                            <div class=\"flex items-center space-x-3\">\n                                <div class=\"text-lg font-bold\">\n                                    Latin-amerikai katolikus Biblia \u279d\n                                <\/div>\n                            <\/div>\n                        <\/div>\n                    <\/div>\n                <\/a>\n                            <p class=\"text-xs text-gray-500 text-right\"\n            style=\"margin-left: 50%; margin-bottom: 50px; margin-top: 5px;\">\n            <!-- You will be redirected to another website -->\n        <\/p>\n    <\/section>\n\n\n\n\n<p class=\"has-text-align-right\"><strong><em>\u00c1tir\u00e1ny\u00edtunk egy m\u00e1sik webhelyre<\/em><\/strong><\/p>\n\n\n\n<hr class=\"wp-block-separator has-alpha-channel-opacity is-style-wide\" \/>\n\n\n\n<p><\/p>\n\n\n\n<h2 class=\"wp-block-heading\">Hogyan v\u00e1ltoztatj\u00e1k meg ezek az alkalmaz\u00e1sok a napodat?<\/h2>\n\n\n\n<h3 class=\"wp-block-heading\">Egy c\u00e9ltudatos rutin<\/h3>\n\n\n\n<p>Kezdheted a reggelt egy b\u00e1tor\u00edt\u00f3 verssel. Vagy z\u00e1rhatod a napot egy zsolt\u00e1rral, amely megnyugtat. Ezekkel az alkalmaz\u00e1sokkal olvashatsz \u00e9s <strong>hallgasd meg a katolikus Bibli\u00e1t<\/strong> Term\u00e9szetess\u00e9 v\u00e1lik, a mindennapjaid r\u00e9sz\u00e9v\u00e9.<\/p>\n\n\n\n<h3 class=\"wp-block-heading\">Val\u00f3s haszn\u00e1lati p\u00e9ld\u00e1k:<\/h3>\n\n\n\n<ul>\n<li>Mik\u00f6zben f\u0151z\u00f6l, hallgathatod a napi evang\u00e9liumot.<\/li>\n\n\n\n<li>A buszon megragadod a lehet\u0151s\u00e9get, hogy csendben im\u00e1dkozz.<\/li>\n\n\n\n<li>A szorong\u00e1s pillanataiban egy vigasztal\u00f3 r\u00e9szt olvasol.<\/li>\n<\/ul>\n\n\n\n<h2 class=\"wp-block-heading\">Mi van, ha nincs tapasztalatom a technol\u00f3gi\u00e1val?<\/h2>\n\n\n\n<p>Ne agg\u00f3dj! Az \u00e1ltalunk aj\u00e1nlott \u00f6sszes alkalmaz\u00e1s rendelkezik a k\u00f6vetkez\u0151kkel:<\/p>\n\n\n\n<ul>\n<li>Egyszer\u0171 l\u00e9p\u00e9sr\u0151l l\u00e9p\u00e9sre sz\u00f3l\u00f3 utas\u00edt\u00e1sok.<\/li>\n\n\n\n<li>Nagy \u00e9s j\u00f3l l\u00e1that\u00f3 gombok.<\/li>\n\n\n\n<li>T\u00e1mogat\u00e1s spanyolul.<\/li>\n\n\n\n<li>Gyakori friss\u00edt\u00e9sek.<\/li>\n<\/ul>\n\n\n\n<p>R\u00e1ad\u00e1sul, ha vannak gyerekeid vagy unok\u00e1id, biztosan seg\u00edtenek majd a be\u00e1ll\u00edt\u00e1sban!<\/p>\n\n\n\n<h2 class=\"wp-block-heading\">Isten ig\u00e9je, k\u00e9pekben<\/h2>\n\n\n\n<ul>\n<li>T\u00f6bb mint <strong>100 milli\u00f3 ember<\/strong> M\u00e1r haszn\u00e1lnak bibliai alkalmaz\u00e1sokat a mobiltelefonjukon.<\/li>\n\n\n\n<li>A katolikus hangos Bibli\u00e1t t\u00f6bb mint <strong>300 000 ember minden h\u00f3napban<\/strong>.<\/li>\n\n\n\n<li>Tanulm\u00e1nyok azt mutatj\u00e1k, hogy <strong>A Biblia hallgat\u00e1sa seg\u00edti a megtart\u00e1sukat<\/strong> \u00fczenetek sz\u00e1ma egy 60%-n, szemben az egyszer\u0171 olvas\u00e1ssal.<\/li>\n<\/ul>\n\n\n<div class=\"wp-block-image\">\n<figure class=\"aligncenter size-full\"><img loading=\"lazy\" decoding=\"async\" width=\"550\" height=\"350\" src=\"https:\/\/universofamilia.com\/wp-content\/uploads\/sites\/148\/2025\/04\/DESTAQUE-UNIVERSO-550-x-350-19-2.jpg\" alt=\"\" class=\"wp-image-9190\" srcset=\"http:\/\/universofamilia.com\/wp-content\/uploads\/sites\/148\/2025\/04\/DESTAQUE-UNIVERSO-550-x-350-19-2.jpg 550w, http:\/\/universofamilia.com\/wp-content\/uploads\/sites\/148\/2025\/04\/DESTAQUE-UNIVERSO-550-x-350-19-2-300x191.jpg 300w, http:\/\/universofamilia.com\/wp-content\/uploads\/sites\/148\/2025\/04\/DESTAQUE-UNIVERSO-550-x-350-19-2-18x12.jpg 18w\" sizes=\"(max-width: 550px) 100vw, 550px\" \/><figcaption class=\"wp-element-caption\">Alkalmaz\u00e1s a katolikus Biblia olvas\u00e1s\u00e1ra \u00e9s hallgat\u00e1s\u00e1ra<\/figcaption><\/figure><\/div>\n\n\n<h2 class=\"wp-block-heading\">Tippek a Bibliaalkalmaz\u00e1s maxim\u00e1lis kihaszn\u00e1l\u00e1s\u00e1hoz<\/h2>\n\n\n\n<h3 class=\"wp-block-heading\">\u00c1ll\u00edtson be egy fix \u00fctemtervet<\/h3>\n\n\n\n<p>Sz\u00e1nj r\u00e1 napi 10 percet, ak\u00e1r \u00e9bred\u00e9s ut\u00e1n, ak\u00e1r lefekv\u00e9s el\u0151tt.<\/p>\n\n\n\n<h3 class=\"wp-block-heading\">K\u00f6nyvjelz\u0151k \u00e9s jegyzetek haszn\u00e1lata<\/h3>\n\n\n\n<p>\u00cdgy k\u00f6nnyed\u00e9n visszat\u00e9rhetsz kedvenc r\u00e9szeidhez.<\/p>\n\n\n\n<h3 class=\"wp-block-heading\">Oszd meg a csal\u00e1doddal<\/h3>\n\n\n\n<p>Olvassa el vagy hallgassa meg egy\u00fctt gyermekeivel vagy partner\u00e9vel.<\/p>\n\n\n\n<h3 class=\"wp-block-heading\">Vegyen r\u00e9szt olvas\u00e1si kih\u00edv\u00e1sokban<\/h3>\n\n\n\n<p>N\u00e9h\u00e1ny alkalmaz\u00e1s heti vagy havi kih\u00edv\u00e1sokkal rendelkezik.<\/p>\n\n\n\n<h2 class=\"wp-block-heading\">Az olvas\u00e1son t\u00fal: egy spiritu\u00e1lis \u00e9lm\u00e9ny<\/h2>\n\n\n\n<h3 class=\"wp-block-heading\">Egy igazi tan\u00fas\u00e1gt\u00e9tel<\/h3>\n\n\n\n<p>A 64 \u00e9ves Maria ezt \u00edrta nek\u00fcnk:<\/p>\n\n\n\n<p>\u201eAzt hittem, soha nem fogom meg\u00e9rteni, hogyan kell haszn\u00e1lni egy alkalmaz\u00e1st. De az unok\u00e1m seg\u00edts\u00e9g\u00e9vel let\u00f6lt\u00f6ttem a katolikus hangos Bibli\u00e1t. Most minden napot Isten Ig\u00e9j\u00e9vel kezdek. Meger\u0151s\u00f6d\u00f6tt a hitem, \u00e9s mindig t\u00e1mogat\u00e1st \u00e9rzek.\u201d<\/p>\n\n\n\n<h2 class=\"wp-block-heading\">Melyik a legjobb bibliaford\u00edt\u00e1s?<\/h2>\n\n\n\n<p>A katolikusoknak aj\u00e1nlott:<\/p>\n\n\n\n<ul>\n<li>Jeruzs\u00e1lemi Biblia<\/li>\n\n\n\n<li>Latin-amerikai Biblia<\/li>\n\n\n\n<li>Nacre-Colunga Biblia<\/li>\n<\/ul>\n\n\n\n<p>Mindegyik megtal\u00e1lhat\u00f3 az \u00e1ltalunk javasolt alkalmaz\u00e1sokban.<\/p>\n\n\n\n<h2 class=\"wp-block-heading\">Tedd meg az els\u0151 l\u00e9p\u00e9st egy spiritu\u00e1lisabb \u00e9let fel\u00e9<\/h2>\n\n\n\n<p>Nincsenek t\u00f6bb kifog\u00e1sok. A mobiltelefonoddal \u00e9s az egyik ilyen alkalmaz\u00e1ssal olvashatod \u00e9s hallgathatod a <strong>Katolikus Biblia<\/strong> b\u00e1rhol \u00e9s b\u00e1rmikor, amikor csak akarod.<\/p>\n\n\n\n<p>Ne feledd: nincs sz\u00fcks\u00e9ged \u00e1lland\u00f3 kapcsolatra vagy technikai tud\u00e1sra. Csak egy v\u00e1gyra, hogy k\u00f6zelebb legy\u00e9l Istenhez.<\/p>\n\n\n\n<p>Kattints a linkekre, telep\u00edtsd a sz\u00e1modra legmegfelel\u0151bb alkalmaz\u00e1st, \u00e9s kezdj bele m\u00e9g ma!<\/p>\n\n\n\n<h2 class=\"wp-block-heading\">Cselekedj m\u00e9g ma!<\/h2>\n\n\n\n<p>Ha id\u00e1ig eljutott\u00e1l, akkor m\u00e1r megtetted az els\u0151 l\u00e9p\u00e9st. M\u00e1r csak az egyik aj\u00e1nlott alkalmaz\u00e1s telep\u00edt\u00e9se van h\u00e1tra.<\/p>\n\n\n\n<p>Fedezd fel, hogyan t\u00e1pl\u00e1lhatja a technol\u00f3gia a hitedet, ny\u00fajthat vigaszt \u00e9s er\u0151s\u00edtheti a lelkedet.<\/p>\n\n\n\n<p>Kattints, telep\u00edtsd, \u00e9s hagyd, hogy az Ige \u00e1talak\u00edtsa a napodat. \ud83d\ude4f<\/p>","protected":false},"excerpt":{"rendered":"<p>Lleva la Palabra de Dios contigo \u00bfQu\u00e9 est\u00e1s buscando? Conoce una nueva forma de conectarte con tu fe Aplicativo para leer y escuchar la Biblia Cat\u00f3lica: esta herramienta ha transformado la forma en que millones se acercan a la Palabra. \u00bfTe gustar\u00eda tener la Biblia siempre a mano, sin cargar peso? \u00bfTe cuesta encontrar tiempo [&hellip;]<\/p>","protected":false},"author":139,"featured_media":9190,"comment_status":"closed","ping_status":"open","sticky":false,"template":"","format":"standard","meta":{"footnotes":""},"categories":[2],"tags":[2162,2163,2161,2164,1018],"yoast_head":"<!-- This site is optimized with the Yoast SEO plugin v23.3 - https:\/\/yoast.com\/wordpress\/plugins\/seo\/ -->\n<title>Aplicativo para leer y escuchar la Biblia Cat\u00f3lica - Universo Fam\u00edlia<\/title>\n<meta name=\"description\" content=\"Aplicativo para leer y escuchar la Biblia Cat\u00f3lica. Aplicativo para leer y escuchar la Biblia Cat\u00f3lica: esta herramienta ha transformado...\" \/>\n<meta name=\"robots\" content=\"index, follow, max-snippet:-1, max-image-preview:large, max-video-preview:-1\" \/>\n<link rel=\"canonical\" href=\"http:\/\/universofamilia.com\/hu\/aplicativo-para-leer-y-escuchar-la-biblia-catolica\/\" \/>\n<meta property=\"og:locale\" content=\"hu_HU\" \/>\n<meta property=\"og:type\" content=\"article\" \/>\n<meta property=\"og:title\" content=\"Aplicativo para leer y escuchar la Biblia Cat\u00f3lica - Universo Fam\u00edlia\" \/>\n<meta property=\"og:description\" content=\"Aplicativo para leer y escuchar la Biblia Cat\u00f3lica. Aplicativo para leer y escuchar la Biblia Cat\u00f3lica: esta herramienta ha transformado...\" \/>\n<meta property=\"og:url\" content=\"http:\/\/universofamilia.com\/hu\/aplicativo-para-leer-y-escuchar-la-biblia-catolica\/\" \/>\n<meta property=\"og:site_name\" content=\"Universo Fam\u00edlia\" \/>\n<meta property=\"article:published_time\" content=\"2025-04-02T20:40:24+00:00\" \/>\n<meta property=\"article:modified_time\" content=\"2025-10-14T01:06:25+00:00\" \/>\n<meta property=\"og:image\" content=\"https:\/\/universofamilia.com\/wp-content\/uploads\/sites\/148\/2025\/04\/DESTAQUE-UNIVERSO-550-x-350-19-2.jpg\" \/>\n\t<meta property=\"og:image:width\" content=\"550\" \/>\n\t<meta property=\"og:image:height\" content=\"350\" \/>\n\t<meta property=\"og:image:type\" content=\"image\/jpeg\" \/>\n<meta name=\"author\" content=\"Pedro Henrique\" \/>\n<meta name=\"twitter:card\" content=\"summary_large_image\" \/>\n<meta name=\"twitter:label1\" content=\"Written by\" \/>\n\t<meta name=\"twitter:data1\" content=\"Pedro Henrique\" \/>\n\t<meta name=\"twitter:label2\" content=\"Est. reading time\" \/>\n\t<meta name=\"twitter:data2\" content=\"6 perc\" \/>\n<script type=\"application\/ld+json\" class=\"yoast-schema-graph\">{\"@context\":\"https:\/\/schema.org\",\"@graph\":[{\"@type\":\"WebPage\",\"@id\":\"https:\/\/universofamilia.com\/aplicativo-para-leer-y-escuchar-la-biblia-catolica\/\",\"url\":\"https:\/\/universofamilia.com\/aplicativo-para-leer-y-escuchar-la-biblia-catolica\/\",\"name\":\"Aplicativo para leer y escuchar la Biblia Cat\u00f3lica - Universo Fam\u00edlia\",\"isPartOf\":{\"@id\":\"https:\/\/universofamilia.com\/el\/#website\"},\"primaryImageOfPage\":{\"@id\":\"https:\/\/universofamilia.com\/aplicativo-para-leer-y-escuchar-la-biblia-catolica\/#primaryimage\"},\"image\":{\"@id\":\"https:\/\/universofamilia.com\/aplicativo-para-leer-y-escuchar-la-biblia-catolica\/#primaryimage\"},\"thumbnailUrl\":\"http:\/\/universofamilia.com\/wp-content\/uploads\/sites\/148\/2025\/04\/DESTAQUE-UNIVERSO-550-x-350-19-2.jpg\",\"datePublished\":\"2025-04-02T20:40:24+00:00\",\"dateModified\":\"2025-10-14T01:06:25+00:00\",\"author\":{\"@id\":\"https:\/\/universofamilia.com\/el\/#\/schema\/person\/f07ce98187dd84d31154262e79b3b7ca\"},\"description\":\"Aplicativo para leer y escuchar la Biblia Cat\u00f3lica. Aplicativo para leer y escuchar la Biblia Cat\u00f3lica: esta herramienta ha transformado...\",\"breadcrumb\":{\"@id\":\"https:\/\/universofamilia.com\/aplicativo-para-leer-y-escuchar-la-biblia-catolica\/#breadcrumb\"},\"inLanguage\":\"hu\",\"potentialAction\":[{\"@type\":\"ReadAction\",\"target\":[\"https:\/\/universofamilia.com\/aplicativo-para-leer-y-escuchar-la-biblia-catolica\/\"]}]},{\"@type\":\"ImageObject\",\"inLanguage\":\"hu\",\"@id\":\"https:\/\/universofamilia.com\/aplicativo-para-leer-y-escuchar-la-biblia-catolica\/#primaryimage\",\"url\":\"http:\/\/universofamilia.com\/wp-content\/uploads\/sites\/148\/2025\/04\/DESTAQUE-UNIVERSO-550-x-350-19-2.jpg\",\"contentUrl\":\"http:\/\/universofamilia.com\/wp-content\/uploads\/sites\/148\/2025\/04\/DESTAQUE-UNIVERSO-550-x-350-19-2.jpg\",\"width\":550,\"height\":350,\"caption\":\"Aplicativo para leer y escuchar la Biblia Cat\u00f3lica\"},{\"@type\":\"BreadcrumbList\",\"@id\":\"https:\/\/universofamilia.com\/aplicativo-para-leer-y-escuchar-la-biblia-catolica\/#breadcrumb\",\"itemListElement\":[{\"@type\":\"ListItem\",\"position\":1,\"name\":\"Home\",\"item\":\"https:\/\/universofamilia.com\/el\/\"},{\"@type\":\"ListItem\",\"position\":2,\"name\":\"Aplicativo para leer y escuchar la Biblia Cat\u00f3lica\"}]},{\"@type\":\"WebSite\",\"@id\":\"https:\/\/universofamilia.com\/el\/#website\",\"url\":\"https:\/\/universofamilia.com\/el\/\",\"name\":\"Universo Fam\u00edlia\",\"description\":\"\",\"potentialAction\":[{\"@type\":\"SearchAction\",\"target\":{\"@type\":\"EntryPoint\",\"urlTemplate\":\"https:\/\/universofamilia.com\/el\/?s={search_term_string}\"},\"query-input\":\"required name=search_term_string\"}],\"inLanguage\":\"hu\"},{\"@type\":\"Person\",\"@id\":\"https:\/\/universofamilia.com\/el\/#\/schema\/person\/f07ce98187dd84d31154262e79b3b7ca\",\"name\":\"Pedro Henrique\",\"image\":{\"@type\":\"ImageObject\",\"inLanguage\":\"hu\",\"@id\":\"https:\/\/universofamilia.com\/el\/#\/schema\/person\/image\/\",\"url\":\"http:\/\/0.gravatar.com\/avatar\/9edfeb808cb4e1599f64d6e45b130154?s=96&d=mm&r=g\",\"contentUrl\":\"http:\/\/0.gravatar.com\/avatar\/9edfeb808cb4e1599f64d6e45b130154?s=96&d=mm&r=g\",\"caption\":\"Pedro Henrique\"},\"url\":\"http:\/\/universofamilia.com\/hu\/author\/editor01\/\"}]}<\/script>\n<!-- \/ Yoast SEO plugin. -->","yoast_head_json":{"title":"Aplicativo para leer y escuchar la Biblia Cat\u00f3lica - Universo Fam\u00edlia","description":"Aplicativo para leer y escuchar la Biblia Cat\u00f3lica. Aplicativo para leer y escuchar la Biblia Cat\u00f3lica: esta herramienta ha transformado...","robots":{"index":"index","follow":"follow","max-snippet":"max-snippet:-1","max-image-preview":"max-image-preview:large","max-video-preview":"max-video-preview:-1"},"canonical":"http:\/\/universofamilia.com\/hu\/aplicativo-para-leer-y-escuchar-la-biblia-catolica\/","og_locale":"hu_HU","og_type":"article","og_title":"Aplicativo para leer y escuchar la Biblia Cat\u00f3lica - Universo Fam\u00edlia","og_description":"Aplicativo para leer y escuchar la Biblia Cat\u00f3lica. Aplicativo para leer y escuchar la Biblia Cat\u00f3lica: esta herramienta ha transformado...","og_url":"http:\/\/universofamilia.com\/hu\/aplicativo-para-leer-y-escuchar-la-biblia-catolica\/","og_site_name":"Universo Fam\u00edlia","article_published_time":"2025-04-02T20:40:24+00:00","article_modified_time":"2025-10-14T01:06:25+00:00","og_image":[{"width":550,"height":350,"url":"https:\/\/universofamilia.com\/wp-content\/uploads\/sites\/148\/2025\/04\/DESTAQUE-UNIVERSO-550-x-350-19-2.jpg","type":"image\/jpeg"}],"author":"Pedro Henrique","twitter_card":"summary_large_image","twitter_misc":{"Written by":"Pedro Henrique","Est. reading time":"6 perc"},"schema":{"@context":"https:\/\/schema.org","@graph":[{"@type":"WebPage","@id":"https:\/\/universofamilia.com\/aplicativo-para-leer-y-escuchar-la-biblia-catolica\/","url":"https:\/\/universofamilia.com\/aplicativo-para-leer-y-escuchar-la-biblia-catolica\/","name":"Aplicativo para leer y escuchar la Biblia Cat\u00f3lica - Universo Fam\u00edlia","isPartOf":{"@id":"https:\/\/universofamilia.com\/el\/#website"},"primaryImageOfPage":{"@id":"https:\/\/universofamilia.com\/aplicativo-para-leer-y-escuchar-la-biblia-catolica\/#primaryimage"},"image":{"@id":"https:\/\/universofamilia.com\/aplicativo-para-leer-y-escuchar-la-biblia-catolica\/#primaryimage"},"thumbnailUrl":"http:\/\/universofamilia.com\/wp-content\/uploads\/sites\/148\/2025\/04\/DESTAQUE-UNIVERSO-550-x-350-19-2.jpg","datePublished":"2025-04-02T20:40:24+00:00","dateModified":"2025-10-14T01:06:25+00:00","author":{"@id":"https:\/\/universofamilia.com\/el\/#\/schema\/person\/f07ce98187dd84d31154262e79b3b7ca"},"description":"Aplicativo para leer y escuchar la Biblia Cat\u00f3lica. Aplicativo para leer y escuchar la Biblia Cat\u00f3lica: esta herramienta ha transformado...","breadcrumb":{"@id":"https:\/\/universofamilia.com\/aplicativo-para-leer-y-escuchar-la-biblia-catolica\/#breadcrumb"},"inLanguage":"hu","potentialAction":[{"@type":"ReadAction","target":["https:\/\/universofamilia.com\/aplicativo-para-leer-y-escuchar-la-biblia-catolica\/"]}]},{"@type":"ImageObject","inLanguage":"hu","@id":"https:\/\/universofamilia.com\/aplicativo-para-leer-y-escuchar-la-biblia-catolica\/#primaryimage","url":"http:\/\/universofamilia.com\/wp-content\/uploads\/sites\/148\/2025\/04\/DESTAQUE-UNIVERSO-550-x-350-19-2.jpg","contentUrl":"http:\/\/universofamilia.com\/wp-content\/uploads\/sites\/148\/2025\/04\/DESTAQUE-UNIVERSO-550-x-350-19-2.jpg","width":550,"height":350,"caption":"Aplicativo para leer y escuchar la Biblia Cat\u00f3lica"},{"@type":"BreadcrumbList","@id":"https:\/\/universofamilia.com\/aplicativo-para-leer-y-escuchar-la-biblia-catolica\/#breadcrumb","itemListElement":[{"@type":"ListItem","position":1,"name":"Home","item":"https:\/\/universofamilia.com\/el\/"},{"@type":"ListItem","position":2,"name":"Aplicativo para leer y escuchar la Biblia Cat\u00f3lica"}]},{"@type":"WebSite","@id":"https:\/\/universofamilia.com\/el\/#website","url":"https:\/\/universofamilia.com\/el\/","name":"Universo Fam\u00edlia","description":"","potentialAction":[{"@type":"SearchAction","target":{"@type":"EntryPoint","urlTemplate":"https:\/\/universofamilia.com\/el\/?s={search_term_string}"},"query-input":"required name=search_term_string"}],"inLanguage":"hu"},{"@type":"Person","@id":"https:\/\/universofamilia.com\/el\/#\/schema\/person\/f07ce98187dd84d31154262e79b3b7ca","name":"Pedro Henrique","image":{"@type":"ImageObject","inLanguage":"hu","@id":"https:\/\/universofamilia.com\/el\/#\/schema\/person\/image\/","url":"http:\/\/0.gravatar.com\/avatar\/9edfeb808cb4e1599f64d6e45b130154?s=96&d=mm&r=g","contentUrl":"http:\/\/0.gravatar.com\/avatar\/9edfeb808cb4e1599f64d6e45b130154?s=96&d=mm&r=g","caption":"Pedro Henrique"},"url":"http:\/\/universofamilia.com\/hu\/author\/editor01\/"}]}},"_links":{"self":[{"href":"http:\/\/universofamilia.com\/hu\/wp-json\/wp\/v2\/posts\/9186"}],"collection":[{"href":"http:\/\/universofamilia.com\/hu\/wp-json\/wp\/v2\/posts"}],"about":[{"href":"http:\/\/universofamilia.com\/hu\/wp-json\/wp\/v2\/types\/post"}],"author":[{"embeddable":true,"href":"http:\/\/universofamilia.com\/hu\/wp-json\/wp\/v2\/users\/139"}],"replies":[{"embeddable":true,"href":"http:\/\/universofamilia.com\/hu\/wp-json\/wp\/v2\/comments?post=9186"}],"version-history":[{"count":4,"href":"http:\/\/universofamilia.com\/hu\/wp-json\/wp\/v2\/posts\/9186\/revisions"}],"predecessor-version":[{"id":9537,"href":"http:\/\/universofamilia.com\/hu\/wp-json\/wp\/v2\/posts\/9186\/revisions\/9537"}],"wp:featuredmedia":[{"embeddable":true,"href":"http:\/\/universofamilia.com\/hu\/wp-json\/wp\/v2\/media\/9190"}],"wp:attachment":[{"href":"http:\/\/universofamilia.com\/hu\/wp-json\/wp\/v2\/media?parent=9186"}],"wp:term":[{"taxonomy":"category","embeddable":true,"href":"http:\/\/universofamilia.com\/hu\/wp-json\/wp\/v2\/categories?post=9186"},{"taxonomy":"post_tag","embeddable":true,"href":"http:\/\/universofamilia.com\/hu\/wp-json\/wp\/v2\/tags?post=9186"}],"curies":[{"name":"wp","href":"https:\/\/api.w.org\/{rel}","templated":true}]}}