{"id":9206,"date":"2025-04-03T21:02:04","date_gmt":"2025-04-03T21:02:04","guid":{"rendered":"https:\/\/universofamilia.com\/?p=9206"},"modified":"2025-06-12T13:36:07","modified_gmt":"2025-06-12T13:36:07","slug":"aplicativo-para-localizar-celular","status":"publish","type":"post","link":"http:\/\/universofamilia.com\/hu\/aplicativo-para-localizar-celular\/","title":{"rendered":"Mobiltelefon helymeghat\u00e1roz\u00f3 alkalmaz\u00e1s"},"content":{"rendered":"<h3 class=\"wp-block-heading has-text-align-center\"><strong>V\u00e9dd meg szeretteidet!<\/strong><\/h3>\n\n\n\n<p><\/p>\n\n\n\n<h5 class=\"wp-block-heading has-text-align-center\"><strong><mark class=\"has-inline-color has-vivid-cyan-blue-color\">V\u00e1lasszon egyet a lehet\u0151s\u00e9gek k\u00f6z\u00fcl!<\/mark><\/strong><\/h5>\n\n\n    <section class=\"mx-1 my-10\">\n                                                <a href=\"http:\/\/universofamilia.com\/hu\/el-mejor-app-para-localizar-celular-perdido-en-cualquier-lugar\/\" class=\"text-white\" data-analytics-label=\"optionsButton\"\n                    data-action=\"analytics#trackCTA\">\n                    <div data-options-target=\"option\"\n                        class=\"custom-section rounded-xl border p-3 shadow-md w-full bg-green-700 my-3\">\n                        <div class=\"flex w-full items-center justify-between\">\n                            <div class=\"flex items-center space-x-3\">\n                                <div class=\"text-lg font-bold\">\n                                    B\u00e1rmelyik mobiltelefont megtal\u00e1lja \u279d\n                                <\/div>\n                            <\/div>\n                        <\/div>\n                    <\/div>\n                <\/a>\n                                                            <a href=\"http:\/\/universofamilia.com\/hu\/google-mensaje-protege-a-tu-familia-con-esta-poderosa-app\/\" class=\"text-white\" data-analytics-label=\"optionsButton\"\n                    data-action=\"analytics#trackCTA\">\n                    <div data-options-target=\"option\"\n                        class=\"custom-section rounded-xl border p-3 shadow-md w-full bg-green-700 my-3\">\n                        <div class=\"flex w-full items-center justify-between\">\n                            <div class=\"flex items-center space-x-3\">\n                                <div class=\"text-lg font-bold\">\n                                    Csal\u00e1di besz\u00e9lget\u00e9sek monitoroz\u00e1sa \u279d\n                                <\/div>\n                            <\/div>\n                        <\/div>\n                    <\/div>\n                <\/a>\n                                                            <a href=\"http:\/\/universofamilia.com\/hu\/localizar-cualquier-celular\/\" class=\"text-white\" data-analytics-label=\"optionsButton\"\n                    data-action=\"analytics#trackCTA\">\n                    <div data-options-target=\"option\"\n                        class=\"custom-section rounded-xl border p-3 shadow-md w-full bg-green-700 my-3\">\n                        <div class=\"flex w-full items-center justify-between\">\n                            <div class=\"flex items-center space-x-3\">\n                                <div class=\"text-lg font-bold\">\n                                    Ellopott mobiltelefon keres\u00e9se \u279d\n                                <\/div>\n                            <\/div>\n                        <\/div>\n                    <\/div>\n                <\/a>\n                            <p class=\"text-xs text-gray-500 text-right hidden\"\n            style=\"margin-left: 50%; margin-bottom: 50px; margin-top: 5px;\">\n            <!-- You will be redirected to another website -->\n        <\/p>\n    <\/section>\n\n\n\n\n<p><\/p>\n\n\n\n<p><\/p>\n\n\n\n<p><strong>Egy <em>alkalmaz\u00e1s elveszett vagy ellopott mobiltelefon megtal\u00e1l\u00e1s\u00e1ra<\/em> megmentheti a napodat.<\/strong><\/p>\n\n\n\n<p>El\u0151fordult m\u00e1r veled, hogy sietve kiment\u00e9l az ajt\u00f3n, \u00e1tn\u00e9zted a zsebeidet, \u00e9s... semmi? Elt\u0171nt a telefonod. Sz\u00f6rny\u0171 \u00e9rz\u00e9s.<\/p>\n\n\n\n<p>De vegy\u00e9l egy m\u00e9ly l\u00e9legzetet. Manaps\u00e1g m\u00e1r l\u00e9teznek egyszer\u0171 megold\u00e1sok, amelyekkel percek alatt megtal\u00e1lhatod a telefonod.<\/p>\n\n\n\n<p>M\u00e9g ha ellopt\u00e1k is, m\u00e9g van rem\u00e9ny a nyom\u00e1ra bukkanni!<\/p>\n\n\n\n<p>Ez a cikk megmutatja a legjobbakat <strong><a href=\"http:\/\/universofamilia.com\/hu\/el-mejor-app-para-localizar-celular-perdido-en-cualquier-lugar\/\">Megb\u00edzhat\u00f3 alkalmaz\u00e1sok a mobiltelefonod nyomon k\u00f6vet\u00e9s\u00e9re<\/a><\/strong>, l\u00e9p\u00e9sr\u0151l l\u00e9p\u00e9sre \u00e9s technikai bonyodalmak n\u00e9lk\u00fcl.<\/p>\n\n\n\n<p>Ak\u00e1r a kanap\u00e9n felejtetted, ak\u00e1r valaki m\u00e1s vitte el, \u00edgy szerezheted vissza.<\/p>\n\n\n\n<h3 class=\"wp-block-heading\"><strong>Mi\u00e9rt olyan fontos egy olyan alkalmaz\u00e1s, amivel megtal\u00e1lhatod a telefonod?<\/strong><\/h3>\n\n\n\n<p><strong>T\u00f6bb mint egy telefon: minden ott van<\/strong><br>A mobiltelefonod nem csak telefon\u00e1l\u00e1sra val\u00f3.<br>Fot\u00f3kat, jelszavakat, banki alkalmaz\u00e1sokat, k\u00f6z\u00f6ss\u00e9gi oldalakat, az eg\u00e9sz \u00e9letedet tartalmazza!<\/p>\n\n\n\n<p>Az elveszt\u00e9se nemcsak frusztr\u00e1l\u00f3\u2026 kock\u00e1zatos is.<br>Hozz\u00e1f\u00e9rhetnek a szem\u00e9lyes adataidhoz.<br>Fi\u00f3kjaid haszn\u00e1lata az enged\u00e9lyed n\u00e9lk\u00fcl.<br>Ak\u00e1r az adataiddal is v\u00e1s\u00e1rolhatsz!<\/p>\n\n\n\n<p>Ez\u00e9rt, ha van egy <em>alkalmaz\u00e1s az ellopott mobiltelefon megtal\u00e1l\u00e1s\u00e1hoz<\/em> telep\u00edt\u00e9se ma m\u00e1r elengedhetetlen.<\/p>\n\n\n\n<p><strong>Hogyan m\u0171k\u00f6dnek ezek az alkalmaz\u00e1sok?<\/strong><br>A legt\u00f6bb mobiltelefon-k\u00f6vet\u0151 alkalmaz\u00e1s:<\/p>\n\n\n\n<ul>\n<li>\u0150k haszn\u00e1lj\u00e1k a <strong>GPS<\/strong> hogy megmutasd, hol tart a csapatod<\/li>\n\n\n\n<li>Lehet\u0151v\u00e9 teszik az adatok t\u00e1voli cs\u00f6rg\u00e9s\u00e9t, z\u00e1rol\u00e1s\u00e1t vagy t\u00f6rl\u00e9s\u00e9t.<\/li>\n\n\n\n<li>Kompatibilisek az Androiddal \u00e9s sokszor <strong>ingyenes<\/strong><\/li>\n\n\n\n<li>Kezelhet\u0151k egy m\u00e1sik mobiltelefonr\u00f3l vagy sz\u00e1m\u00edt\u00f3g\u00e9pr\u0151l<\/li>\n<\/ul>\n\n\n\n<p>N\u00e9h\u00e1nyuk olyan fejlett funkci\u00f3kkal is rendelkezik, mint a tolvaj f\u00e9nyk\u00e9pez\u00e9se, automatikus riaszt\u00e1sok k\u00fcld\u00e9se vagy gyan\u00fas mozg\u00e1s \u00e9szlel\u00e9se.<\/p>\n\n\n\n<p><\/p>\n\n\n\n<hr class=\"wp-block-separator has-alpha-channel-opacity is-style-wide\" \/>\n\n\n\n<h4 class=\"wp-block-heading has-text-align-center\"><strong><mark class=\"has-inline-color has-luminous-vivid-orange-color\">Olvasd el ezt is<\/mark><\/strong><\/h4>\n\n\n    <section class=\"mx-1 my-10\">\n                                                <a href=\"http:\/\/universofamilia.com\/hu\/lp-filmes-asiaticos\/\" class=\"text-white\" data-analytics-label=\"optionsButton\"\n                    data-action=\"analytics#trackCTA\">\n                    <div data-options-target=\"option\"\n                        class=\"custom-section rounded-xl border p-3 shadow-md w-full bg-green-700 my-3\">\n                        <div class=\"flex w-full items-center justify-between\">\n                            <div class=\"flex items-center space-x-3\">\n                                <div class=\"text-lg font-bold\">\n                                    App koreai dr\u00e1m\u00e1k n\u00e9z\u00e9s\u00e9hez \u279d\n                                <\/div>\n                            <\/div>\n                        <\/div>\n                    <\/div>\n                <\/a>\n                                                            <a href=\"http:\/\/universofamilia.com\/hu\/lp-recuperar-fotos\/\" class=\"text-white\" data-analytics-label=\"optionsButton\"\n                    data-action=\"analytics#trackCTA\">\n                    <div data-options-target=\"option\"\n                        class=\"custom-section rounded-xl border p-3 shadow-md w-full bg-green-700 my-3\">\n                        <div class=\"flex w-full items-center justify-between\">\n                            <div class=\"flex items-center space-x-3\">\n                                <div class=\"text-lg font-bold\">\n                                    T\u00f6r\u00f6lt fot\u00f3k helyre\u00e1ll\u00edt\u00e1sa ezzel az alkalmaz\u00e1ssal!  \u279d\n                                <\/div>\n                            <\/div>\n                        <\/div>\n                    <\/div>\n                <\/a>\n                                                            <a href=\"http:\/\/universofamilia.com\/hu\/el-amor-a-un-clic\/\" class=\"text-white\" data-analytics-label=\"optionsButton\"\n                    data-action=\"analytics#trackCTA\">\n                    <div data-options-target=\"option\"\n                        class=\"custom-section rounded-xl border p-3 shadow-md w-full bg-green-700 my-3\">\n                        <div class=\"flex w-full items-center justify-between\">\n                            <div class=\"flex items-center space-x-3\">\n                                <div class=\"text-lg font-bold\">\n                                    Fedezd fel az ide\u00e1lis t\u00e1rskeres\u0151 alkalmaz\u00e1st \u279d\n                                <\/div>\n                            <\/div>\n                        <\/div>\n                    <\/div>\n                <\/a>\n                            <p class=\"text-xs text-gray-500 text-right hidden\"\n            style=\"margin-left: 50%; margin-bottom: 50px; margin-top: 5px;\">\n            <!-- You will be redirected to another website -->\n        <\/p>\n    <\/section>\n\n\n\n\n<p class=\"has-text-align-right\"><em><strong><em><strong><em><strong><em><strong><em><strong>Ugyanott fog maradni!<\/strong><\/em><\/strong><\/em><\/strong><\/em><\/strong><\/em><\/strong><\/em><\/p>\n\n\n\n<hr class=\"wp-block-separator has-alpha-channel-opacity is-style-wide\" \/>\n\n\n\n<p><\/p>\n\n\n\n<h3 class=\"wp-block-heading\"><strong>Mi a val\u00f3di vesz\u00e9lye annak, ha elvesz\u00edtj\u00fck a mobiltelefonunkat?<\/strong><\/h3>\n\n\n\n<p>Ma m\u00e1r t\u00f6bb mint <strong>A feln\u0151ttek 90%-je haszn\u00e1l okostelefont<\/strong>, \u00e9s \u00e1tlagosan egy szem\u00e9ly t\u00f6bbsz\u00f6r n\u00e9zi meg a mobiltelefonj\u00e1t, mint <strong>Naponta 100-szor<\/strong>.<\/p>\n\n\n\n<p>Ez azt jelenti, hogy ha elveszik a telefonod, azt el\u00e9g gyorsan \u00e9szre fogod venni. De azt is jelenti, hogy magaddal viszed <strong>sok \u00e9rz\u00e9keny inform\u00e1ci\u00f3 van veled<\/strong>.<\/p>\n\n\n\n<p>Nemcsak p\u00e9nzt vesz\u00edtesz azzal, ha \u00fajabb felszerel\u00e9st kell venned.<\/p>\n\n\n\n<p>Elvesz\u00edtheti az egyedi pillanatokat meg\u00f6r\u00f6k\u00edt\u0151 f\u00e9nyk\u00e9peket, fontos dokumentumokat, \u00e9s ami a legrosszabb, szem\u00e9lyazonoss\u00e1g-lop\u00e1snak teheti ki mag\u00e1t.<\/p>\n\n\n\n<p>Tudtad, hogy Mexik\u00f3ban t\u00f6bb mint <strong>Naponta 7000 mobiltelefont lopnak el<\/strong>\u00c9s sokan soha nem gy\u00f3gyulnak meg, mert nem volt akt\u00edv v\u00e9delem\u00fck.<\/p>\n\n\n\n<h2 class=\"wp-block-heading\"><strong>3 megb\u00edzhat\u00f3 alkalmaz\u00e1s a mobiltelefonod nyomon k\u00f6vet\u00e9s\u00e9re<\/strong><\/h2>\n\n\n\n<p>Tess\u00e9k, itt van <strong>h\u00e1rom val\u00f3di, n\u00e9pszer\u0171 \u00e9s biztons\u00e1gos alkalmaz\u00e1s<\/strong> amelyet ma let\u00f6lthetsz, nagyon magas \u00e9rt\u00e9kel\u00e9sekkel a Play \u00c1ruh\u00e1zban \u00e9s t\u00f6bb milli\u00f3 let\u00f6lt\u00e9ssel.<\/p>\n\n\n\n<h3 class=\"wp-block-heading\">\u2705 <strong>1. Eszk\u00f6z keres\u00e9se a Google-b\u00f3l<\/strong><\/h3>\n\n\n\n<p><a href=\"https:\/\/android-device-manager.en.uptodown.com\/android\">\ud83d\udcf2 Telep\u00edt\u00e9s a Play \u00c1ruh\u00e1zb\u00f3l<\/a><\/p>\n\n\n\n<p>Hivatalos Google eszk\u00f6zk\u00e9nt sz\u00e1mos Android telefonra el\u0151re telep\u00edtve van.<br>Egyszer\u0171, gyors \u00e9s nagyon hat\u00e9kony.<\/p>\n\n\n\n<p><strong>Mit lehet csin\u00e1lni ezzel az alkalmaz\u00e1ssal?<\/strong><\/p>\n\n\n\n<ul>\n<li>Tekintse meg telefonj\u00e1t val\u00f3s id\u0151ben a t\u00e9rk\u00e9pen<\/li>\n\n\n\n<li>Cseng\u0151hang, ak\u00e1r n\u00e9ma \u00fczemm\u00f3dban is<\/li>\n\n\n\n<li>Blokkold \u0151t egy szem\u00e9lyre szabott \u00fczenettel<\/li>\n\n\n\n<li>T\u00f6r\u00f6ld t\u00e1volr\u00f3l az \u00f6sszes adatodat, ha feladtad<\/li>\n\n\n\n<li>N\u00e9zd meg, mikor volt\u00e1l utolj\u00e1ra online<\/li>\n<\/ul>\n\n\n\n<p><strong>Ide\u00e1lis a k\u00f6vetkez\u0151kh\u00f6z:<\/strong><br>Azoknak, akik egyszer\u0171, gondtalan megold\u00e1st szeretn\u00e9nek a Google-fi\u00f3kjuk haszn\u00e1lat\u00e1val.<\/p>\n\n\n\n<p><strong>Extra tipp:<\/strong><br>Kapcsold be a \u201ePontos helymeghat\u00e1roz\u00e1s\u201d funkci\u00f3t az eszk\u00f6zbe\u00e1ll\u00edt\u00e1sokban a k\u00f6vet\u00e9s pontoss\u00e1g\u00e1nak jav\u00edt\u00e1sa \u00e9rdek\u00e9ben.<\/p>\n\n\n\n<p><\/p>\n\n\n\n<hr class=\"wp-block-separator has-alpha-channel-opacity is-style-wide\" \/>\n\n\n\n<h5 class=\"wp-block-heading has-text-align-left\"><strong><mark class=\"has-inline-color has-luminous-vivid-amber-color\"><strong><mark class=\"has-inline-color has-luminous-vivid-amber-color\"><a>\ud83d\udc49 <\/a><strong><mark class=\"has-inline-color has-luminous-vivid-amber-color\"><strong>T\u00f6ltsd le az alkalmaz\u00e1st:<\/strong><\/mark><\/strong><\/mark><\/strong><\/mark><\/strong><\/h5>\n\n\n    <section class=\"mx-1 my-10\">\n                                                <a href=\"https:\/\/android-device-manager.en.uptodown.com\/android\" class=\"text-white\" data-analytics-label=\"optionsButton\"\n                    data-action=\"analytics#trackCTA\">\n                    <div data-options-target=\"option\"\n                        class=\"custom-section rounded-xl border p-3 shadow-md w-full bg-green-700 my-3\">\n                        <div class=\"flex w-full items-center justify-between\">\n                            <div class=\"flex items-center space-x-3\">\n                                <div class=\"text-lg font-bold\">\n                                    K\u00e9sz\u00fcl\u00e9k keres\u00e9se \u279d\n                                <\/div>\n                            <\/div>\n                        <\/div>\n                    <\/div>\n                <\/a>\n                            <p class=\"text-xs text-gray-500 text-right\"\n            style=\"margin-left: 50%; margin-bottom: 50px; margin-top: 5px;\">\n            <!-- You will be redirected to another website -->\n        <\/p>\n    <\/section>\n\n\n\n\n<p class=\"has-text-align-right\"><em><strong><em><strong><em><strong><em><strong><em><strong><em><strong><em><strong><em><strong><em><strong><em><strong>\u00c1t leszel ir\u00e1ny\u00edtva egy m\u00e1sik oldalra!<\/strong><\/em><\/strong><\/em><\/strong><\/em><\/strong><\/em><\/strong><\/em><\/strong><\/em><\/strong><\/em><\/strong><\/em><\/strong><\/em><\/strong><\/em><\/p>\n\n\n\n<hr class=\"wp-block-separator has-alpha-channel-opacity is-style-wide\" \/>\n\n\n\n<p><\/p>\n\n\n\n<h3 class=\"wp-block-heading\">\u2705 <strong>2. Life360: GPS-es csal\u00e1dkeres\u0151<\/strong><\/h3>\n\n\n\n<p>B\u00e1r \u00fagy tervezt\u00e9k, hogy k\u00f6vesse a csal\u00e1dodat, <strong>Remek\u00fcl m\u0171k\u00f6dik a saj\u00e1t mobiltelefonod megtal\u00e1l\u00e1s\u00e1hoz is.<\/strong><br>T\u00f6k\u00e9letes, ha szeretteiddel osztozol egy helyen.<\/p>\n\n\n\n<p><strong>A Life360 \u00e1ltal k\u00edn\u00e1lt el\u0151ny\u00f6k:<\/strong><\/p>\n\n\n\n<ul>\n<li>Val\u00f3s idej\u0171 k\u00f6vet\u00e9s helyel\u0151zm\u00e9nyekkel<\/li>\n\n\n\n<li>\u00c9rtes\u00edt\u00e9sek, amikor egy tag bel\u00e9p vagy elhagy egy helysz\u00ednt<\/li>\n\n\n\n<li>SOS gomb v\u00e9szhelyzet eset\u00e9n<\/li>\n\n\n\n<li>Geofencek, hogy \u00e9rtes\u00edt\u00e9seket kapjon bizonyos ter\u00fcletekre val\u00f3 bel\u00e9p\u00e9skor vagy azok elhagy\u00e1sakor<\/li>\n<\/ul>\n\n\n\n<p><strong>Ide\u00e1lis a k\u00f6vetkez\u0151kh\u00f6z:<\/strong><br>Csal\u00e1dok, agg\u00f3d\u00f3 sz\u00fcl\u0151k, vagy b\u00e1rki, aki egyszerre szeretn\u00e9 megv\u00e9deni szeretteit \u00e9s csapat\u00e1t.<\/p>\n\n\n\n<p><strong>\u00c9rdekess\u00e9g:<\/strong><br>A Life360 lehet\u0151v\u00e9 teszi a k\u00f6zleked\u00e9si balesetek \u00e9szlel\u00e9s\u00e9t \u00e9s az automatikus seg\u00edts\u00e9gk\u00fcld\u00e9st is.<\/p>\n\n\n\n<p><\/p>\n\n\n\n<hr class=\"wp-block-separator has-alpha-channel-opacity is-style-wide\" \/>\n\n\n\n<h5 class=\"wp-block-heading has-text-align-left\"><strong><mark class=\"has-inline-color has-luminous-vivid-amber-color\"><strong><mark class=\"has-inline-color has-luminous-vivid-amber-color\"><a>\ud83d\udc49 <\/a><strong><mark class=\"has-inline-color has-luminous-vivid-amber-color\"><strong>T\u00f6ltsd le az alkalmaz\u00e1st:<\/strong><\/mark><\/strong><\/mark><\/strong><\/mark><\/strong><\/h5>\n\n\n    <section class=\"mx-1 my-10\">\n                                                <a href=\"https:\/\/intl.life360.com\/\" class=\"text-white\" data-analytics-label=\"optionsButton\"\n                    data-action=\"analytics#trackCTA\">\n                    <div data-options-target=\"option\"\n                        class=\"custom-section rounded-xl border p-3 shadow-md w-full bg-green-700 my-3\">\n                        <div class=\"flex w-full items-center justify-between\">\n                            <div class=\"flex items-center space-x-3\">\n                                <div class=\"text-lg font-bold\">\n                                    Life360 \u279d\n                                <\/div>\n                            <\/div>\n                        <\/div>\n                    <\/div>\n                <\/a>\n                            <p class=\"text-xs text-gray-500 text-right\"\n            style=\"margin-left: 50%; margin-bottom: 50px; margin-top: 5px;\">\n            <!-- You will be redirected to another website -->\n        <\/p>\n    <\/section>\n\n\n\n\n<p class=\"has-text-align-right\"><em><strong><em><strong><em><strong><em><strong><em><strong><em><strong><em><strong><em><strong><em><strong><em><strong>\u00c1t leszel ir\u00e1ny\u00edtva egy m\u00e1sik oldalra!<\/strong><\/em><\/strong><\/em><\/strong><\/em><\/strong><\/em><\/strong><\/em><\/strong><\/em><\/strong><\/em><\/strong><\/em><\/strong><\/em><\/strong><\/em><\/p>\n\n\n\n<hr class=\"wp-block-separator has-alpha-channel-opacity is-style-wide\" \/>\n\n\n\n<p><\/p>\n\n\n\n<h3 class=\"wp-block-heading\">\u2705 <strong>3. Hol van a droidom?<\/strong><\/h3>\n\n\n\n<p>Veter\u00e1n opci\u00f3 ezen a ter\u00fcleten. Nagyon komplett \u00e9s testreszabhat\u00f3.<\/p>\n\n\n\n<p><strong>Kiemelt jellemz\u0151k:<\/strong><\/p>\n\n\n\n<ul>\n<li>T\u00e1volr\u00f3l cs\u00f6rgesd a mobiltelefonodat<\/li>\n\n\n\n<li>Pontos GPS-helymeghat\u00e1roz\u00e1s megtekint\u00e9se<\/li>\n\n\n\n<li>K\u00e9sz\u00edts egy fot\u00f3t a tolvaj el\u00fcls\u0151 kamer\u00e1j\u00e1val (ninja m\u00f3d!)<\/li>\n\n\n\n<li>Teljes vez\u00e9rl\u00e9s egy m\u00e1sik eszk\u00f6zr\u0151l vagy weben kereszt\u00fcl<\/li>\n\n\n\n<li>Pr\u00e9mium lehet\u0151s\u00e9gek az adatok t\u00f6rl\u00e9s\u00e9re vagy a \u201elopakod\u00f3 m\u00f3d\u201d aktiv\u00e1l\u00e1s\u00e1ra<\/li>\n<\/ul>\n\n\n\n<p><strong>Ide\u00e1lis a k\u00f6vetkez\u0151kh\u00f6z:<\/strong><br>Azok a felhaszn\u00e1l\u00f3k, akik nagyobb kontrollt, fejlett biztons\u00e1got \u00e9s extra funkci\u00f3kat szeretn\u00e9nek.<\/p>\n\n\n\n<p><strong>Legjobb?<\/strong><br>Be\u00e1ll\u00edthatsz egy\u00e9ni SMS-parancsokat, amelyek akkor is m\u0171k\u00f6dnek, ha a telefonod nem rendelkezik internet-hozz\u00e1f\u00e9r\u00e9ssel.<\/p>\n\n\n\n<p><\/p>\n\n\n\n<hr class=\"wp-block-separator has-alpha-channel-opacity is-style-wide\" \/>\n\n\n\n<h5 class=\"wp-block-heading has-text-align-left\"><strong><mark class=\"has-inline-color has-luminous-vivid-amber-color\"><strong><mark class=\"has-inline-color has-luminous-vivid-amber-color\"><a>\ud83d\udc49 <\/a><strong><mark class=\"has-inline-color has-luminous-vivid-amber-color\"><strong>T\u00f6ltsd le az alkalmaz\u00e1st:<\/strong><\/mark><\/strong><\/mark><\/strong><\/mark><\/strong><\/h5>\n\n\n    <section class=\"mx-1 my-10\">\n                                                <a href=\"https:\/\/wheresmydroid.com\/download.html\" class=\"text-white\" data-analytics-label=\"optionsButton\"\n                    data-action=\"analytics#trackCTA\">\n                    <div data-options-target=\"option\"\n                        class=\"custom-section rounded-xl border p-3 shadow-md w-full bg-green-700 my-3\">\n                        <div class=\"flex w-full items-center justify-between\">\n                            <div class=\"flex items-center space-x-3\">\n                                <div class=\"text-lg font-bold\">\n                                    Hol van a droidom \u279d\n                                <\/div>\n                            <\/div>\n                        <\/div>\n                    <\/div>\n                <\/a>\n                            <p class=\"text-xs text-gray-500 text-right\"\n            style=\"margin-left: 50%; margin-bottom: 50px; margin-top: 5px;\">\n            <!-- You will be redirected to another website -->\n        <\/p>\n    <\/section>\n\n\n\n\n<p class=\"has-text-align-right\"><em><strong><em><strong><em><strong><em><strong><em><strong><em><strong><em><strong><em><strong><em><strong><em><strong>\u00c1t leszel ir\u00e1ny\u00edtva egy m\u00e1sik oldalra!<\/strong><\/em><\/strong><\/em><\/strong><\/em><\/strong><\/em><\/strong><\/em><\/strong><\/em><\/strong><\/em><\/strong><\/em><\/strong><\/em><\/strong><\/em><\/p>\n\n\n\n<hr class=\"wp-block-separator has-alpha-channel-opacity is-style-wide\" \/>\n\n\n\n<p><\/p>\n\n\n\n<h2 class=\"wp-block-heading\"><strong>Mit tegy\u00fcnk k\u00f6zvetlen\u00fcl a mobiltelefon elveszt\u00e9se ut\u00e1n?<\/strong><\/h2>\n\n\n\n<h3 class=\"wp-block-heading\">\ud83d\uded1 L\u00e9p\u00e9sr\u0151l l\u00e9p\u00e9sre, ha elveszett a mobiltelefonja<\/h3>\n\n\n\n<ol>\n<li><strong>Pr\u00f3b\u00e1ld meg felh\u00edvni<\/strong> egy m\u00e1sik telefonr\u00f3l.<\/li>\n\n\n\n<li><strong>Haszn\u00e1ld a felsorolt alkalmaz\u00e1sok egyik\u00e9t<\/strong> hogy megtal\u00e1lja a t\u00e9rk\u00e9pen.<\/li>\n\n\n\n<li>Ha nem jelenik meg, <strong>blokkolja \u00e9s jelen\u00edtsen meg egy \u00fczenetet<\/strong>.<\/li>\n\n\n\n<li>Ha lop\u00e1sra gyanakszik, <strong>Ne sz\u00e1llj szembe a tolvajjal. H\u00edvd a rend\u0151rs\u00e9get.<\/strong><\/li>\n\n\n\n<li><strong>Fi\u00f3kjelszavak m\u00f3dos\u00edt\u00e1sa<\/strong> fontos egy m\u00e1sik eszk\u00f6zr\u0151l.<\/li>\n\n\n\n<li>Ha banki alkalmaz\u00e1sokat haszn\u00e1lsz, <strong>\u00e9rtes\u00edtse a bankj\u00e1t<\/strong> amint lehets\u00e9ges.<\/li>\n<\/ol>\n\n\n\n<h3 class=\"wp-block-heading\">\ud83e\udde0 Extra borraval\u00f3<\/h3>\n\n\n\n<p>Mindig aktiv\u00e1lja a <strong>GPS \u00e9s adatkapcsolat<\/strong>.<br>En\u00e9lk\u00fcl a legt\u00f6bb nyomk\u00f6vet\u00e9si funkci\u00f3 nem m\u0171k\u00f6dik.<\/p>\n\n\n\n<p>\u00c9s k\u00e9rlek: <strong>ne kock\u00e1ztassa a szem\u00e9lyes biztons\u00e1g\u00e1t.<\/strong><br>A mobiltelefont le lehet cser\u00e9lni. Te nem.<\/p>\n\n\n\n<h2 class=\"wp-block-heading\"><strong>Gyakori hib\u00e1k, amelyeket el kell ker\u00fclni<\/strong><\/h2>\n\n\n\n<ul>\n<li>Nincs telep\u00edtve alkalmaz\u00e1s a telefon elveszt\u00e9se el\u0151tt<\/li>\n\n\n\n<li>Nincs be\u00e1ll\u00edtva Google-fi\u00f3k<\/li>\n\n\n\n<li>Kapcsold ki a GPS-t \u00e1lland\u00f3an<\/li>\n\n\n\n<li>Ne \u0151rizzen meg biztons\u00e1gi m\u00e1solatokat<\/li>\n\n\n\n<li>Android biztons\u00e1gi be\u00e1ll\u00edt\u00e1sainak megker\u00fcl\u00e9se<\/li>\n<\/ul>\n\n\n\n<p><strong>Ker\u00fcld a kal\u00f3z vagy ismeretlen alkalmaz\u00e1sokat.<\/strong><br>Csak a k\u00f6vetkez\u0151 helyr\u0151l telep\u00edtse: <strong>Hivatalos Play \u00c1ruh\u00e1z<\/strong>.<\/p>\n\n\n\n<h2 class=\"wp-block-heading\"><strong>Tov\u00e1bbi tippek a mobiltelefon biztons\u00e1g\u00e1nak meg\u0151rz\u00e9s\u00e9hez<\/strong><\/h2>\n\n\n\n<h3 class=\"wp-block-heading\">\ud83d\udd12 Egyszer\u0171 int\u00e9zked\u00e9sek, nagyszer\u0171 eredm\u00e9nyek<\/h3>\n\n\n\n<ul>\n<li>Haszn\u00e1lat <strong>k\u00e9perny\u0151z\u00e1r ujjlenyomattal vagy PIN-k\u00f3ddal<\/strong><\/li>\n\n\n\n<li>Aktiv\u00e1lja a <strong>k\u00e9tl\u00e9pcs\u0151s azonos\u00edt\u00e1s<\/strong> a fi\u00f3kjaidban<\/li>\n\n\n\n<li>Automatikus z\u00e1rol\u00e1s be\u00e1ll\u00edt\u00e1sa n\u00e9h\u00e1ny m\u00e1sodpercnyi inaktivit\u00e1s ut\u00e1n<\/li>\n\n\n\n<li>Ellen\u0151rizze az egyes alkalmaz\u00e1sok enged\u00e9lyeit<\/li>\n\n\n\n<li>Tartsa naprak\u00e9szen oper\u00e1ci\u00f3s rendszer\u00e9t \u00e9s alkalmaz\u00e1sait<\/li>\n<\/ul>\n\n\n\n<p>Mindez seg\u00edt biztos\u00edtani, hogy ha elvesz\u00edted a telefonodat, senki m\u00e1s ne tudja haszn\u00e1lni.<\/p>\n\n\n\n<h3 class=\"wp-block-heading\">\ud83e\uddf3 Mi van, ha sokat utazol vagy elmegyek otthonr\u00f3l?<\/h3>\n\n\n\n<p>\u00cdgy <strong>egy nyomk\u00f6vet\u0151 alkalmaz\u00e1s m\u00e9g fontosabb<\/strong>.<br>Ak\u00e1r egy m\u00e1sik v\u00e1rosba utazol, ak\u00e1r minden nap t\u00f6megk\u00f6zleked\u00e9ssel k\u00f6zlekedsz, a kock\u00e1zat n\u00f6vekszik.<\/p>\n\n\n\n<p>Ak\u00e1r olyan alkalmaz\u00e1sokat is haszn\u00e1lhatsz, mint a Life360, hogy legyen valakid, akiben megb\u00edzol <strong>v\u00e9szhelyzet eset\u00e9n l\u00e1thatja a tart\u00f3zkod\u00e1si hely\u00e9t.<\/strong><\/p>\n\n\n<div class=\"wp-block-image\">\n<figure class=\"aligncenter size-full\"><img loading=\"lazy\" decoding=\"async\" width=\"550\" height=\"350\" src=\"https:\/\/universofamilia.com\/wp-content\/uploads\/sites\/148\/2025\/04\/DESTAQUE-UNIVERSO-550-x-350-22.jpg\" alt=\"\" class=\"wp-image-9209\" srcset=\"http:\/\/universofamilia.com\/wp-content\/uploads\/sites\/148\/2025\/04\/DESTAQUE-UNIVERSO-550-x-350-22.jpg 550w, http:\/\/universofamilia.com\/wp-content\/uploads\/sites\/148\/2025\/04\/DESTAQUE-UNIVERSO-550-x-350-22-300x191.jpg 300w, http:\/\/universofamilia.com\/wp-content\/uploads\/sites\/148\/2025\/04\/DESTAQUE-UNIVERSO-550-x-350-22-18x12.jpg 18w\" sizes=\"(max-width: 550px) 100vw, 550px\" \/><figcaption class=\"wp-element-caption\">Mobiltelefon helymeghat\u00e1roz\u00f3 alkalmaz\u00e1s<\/figcaption><\/figure><\/div>\n\n\n<h2 class=\"wp-block-heading\"><strong>Val\u00f3di t\u00f6rt\u00e9netek felhaszn\u00e1l\u00f3kr\u00f3l, akik visszaszerezt\u00e9k mobiltelefonjukat<\/strong><\/h2>\n\n\n\n<blockquote class=\"wp-block-quote\">\n<p><strong>Juan, Guadalajar\u00e1b\u00f3l<\/strong>Egy Uberben felejtette a mobiltelefonj\u00e1t. A Google alkalmaz\u00e1snak k\u00f6sz\u00f6nhet\u0151en nyomon tudta k\u00f6vetni \u00e9s fel tudta venni a kapcsolatot a sof\u0151rrel, aki m\u00e9g aznap d\u00e9lut\u00e1n vissza is adta.<\/p>\n\n\n\n<p><strong>Ana, Puebl\u00e1b\u00f3l<\/strong>,-t kirabolt\u00e1k. B\u00e1r a telefonj\u00e1t nem siker\u00fclt visszaszereznie, a \u201eHol van a droidom?\u201d alkalmaz\u00e1ssal siker\u00fclt t\u00f6r\u00f6lnie az \u00f6sszes adat\u00e1t, \u00e9s megakad\u00e1lyoznia, hogy b\u00e1rki is haszn\u00e1lja a banksz\u00e1ml\u00e1it.<\/p>\n\n\n\n<p><strong>Luis, Monterreyb\u0151l<\/strong>A parkban hagyta a mobiltelefonj\u00e1t. A fia a Life360 seg\u00edts\u00e9g\u00e9vel megkereste a pontos helyet, \u00e9s kevesebb mint 10 perc alatt megtal\u00e1lt\u00e1k.<\/p>\n<\/blockquote>\n\n\n\n<h2 class=\"wp-block-heading\"><strong>NEM aj\u00e1nlott alkalmaz\u00e1sok (vigy\u00e1zz a csal\u00e1sokra!)<\/strong><\/h2>\n\n\n\n<p>T\u00f6bb sz\u00e1z alkalmaz\u00e1s tal\u00e1lhat\u00f3 a Play \u00c1ruh\u00e1zban, amelyek \u00edg\u00e9retet tesznek a mobiltelefonod nyomon k\u00f6vet\u00e9s\u00e9re, de:<\/p>\n\n\n\n<ul>\n<li>Nem m\u0171k\u00f6dnek megfelel\u0151en<\/li>\n\n\n\n<li>Sok enged\u00e9lyt k\u00e9rnek magyar\u00e1zat n\u00e9lk\u00fcl<\/li>\n\n\n\n<li>Ideges\u00edt\u0151 rekl\u00e1mokkal \u00e1rasztanak el<\/li>\n\n\n\n<li>Vannak, akik m\u00e9g az adataidat is ellopj\u00e1k.<\/li>\n<\/ul>\n\n\n\n<p><strong>Ker\u00fcld az alacsony \u00e9rt\u00e9kel\u00e9s\u0171, val\u00f3di v\u00e9lem\u00e9nyek n\u00e9lk\u00fcli, vagy mindenhez hozz\u00e1f\u00e9r\u00e9st k\u00e9r\u0151 alkalmaz\u00e1sokat.<\/strong><\/p>\n\n\n\n<h2 class=\"wp-block-heading\"><strong>Mi t\u00f6rt\u00e9nik, ha kikapcsolj\u00e1k a mobiltelefont?<\/strong><\/h2>\n\n\n\n<p>Sokan azt hiszik, hogy ha ki van kapcsolva a mobiltelefonjuk, akkor semmit sem tehetnek. De:<\/p>\n\n\n\n<ul>\n<li>N\u00e9h\u00e1ny alkalmaz\u00e1s elmenti a <strong>utols\u00f3 ismert helysz\u00edn<\/strong><\/li>\n\n\n\n<li>Tud <strong>riaszt\u00e1sok aktiv\u00e1l\u00e1sa<\/strong> amelyek a sz\u00e1m\u00edt\u00f3g\u00e9p bekapcsol\u00e1sakor futnak<\/li>\n\n\n\n<li>Tud <strong>t\u00e1voli z\u00e1rol\u00e1s vagy t\u00f6rl\u00e9s<\/strong> amint csatlakozik<\/li>\n<\/ul>\n\n\n\n<p>Sz\u00f3val ne vesz\u00edtsd el a rem\u00e9nyt. Gyakran csak n\u00e9h\u00e1ny \u00f3ra v\u00e1rakoz\u00e1sr\u00f3l van sz\u00f3.<\/p>\n\n\n\n<h2 class=\"wp-block-heading\"><strong>Mi van, ha lecser\u00e9lem a chipemet vagy a sz\u00e1momat?<\/strong><\/h2>\n\n\n\n<p>A legt\u00f6bb alkalmaz\u00e1ssal, <strong>a k\u00f6vet\u00e9st saj\u00e1t kez\u0171leg v\u00e9gzed<\/strong>, nem sz\u00e1m szerint.<br>Teh\u00e1t am\u00edg a Google-fi\u00f3kod \u00f6ssze van kapcsolva, tov\u00e1bbra is l\u00e1thatod a helysz\u00ednt.<\/p>\n\n\n\n<p>Az olyan alkalmaz\u00e1sokban, mint a Where&#039;s My Droid, enged\u00e9lyezett sz\u00e1mmal adhatsz meg parancsokat, \u00e9s ez akkor is m\u0171k\u00f6dik, ha chipet cser\u00e9lsz.<\/p>\n\n\n\n<h2 class=\"wp-block-heading\"><strong>Ez tableteken vagy okos\u00f3r\u00e1kon m\u0171k\u00f6dik?<\/strong><\/h2>\n\n\n\n<p>Igen. Ezen alkalmaz\u00e1sok k\u00f6z\u00fcl sok a k\u00f6vetkez\u0151k\u00f6n is m\u0171k\u00f6dik:<\/p>\n\n\n\n<ul>\n<li>Android tabletek<\/li>\n\n\n\n<li>Android rendszer\u0171 okos\u00f3r\u00e1k<\/li>\n\n\n\n<li>Csal\u00e1di megosztott eszk\u00f6z\u00f6k<\/li>\n<\/ul>\n\n\n\n<p>\u00cdgy nemcsak a mobiltelefonodat v\u00e9dheted meg.<\/p>\n\n\n\n<h2 class=\"wp-block-heading\"><strong>Cselekedj m\u00e9g ma!<\/strong><\/h2>\n\n\n\n<p>A mobiltelefon elveszt\u00e9se stresszes lehet, de a megfelel\u0151 eszk\u00f6z\u00f6kkel az ijeszt\u0151 pillanat csak percekig tarthat.<\/p>\n\n\n\n<p>M\u00e1r tudod a <strong>A legjobb alkalmaz\u00e1sok elveszett vagy ellopott mobiltelefon megtal\u00e1l\u00e1s\u00e1hoz<\/strong>, k\u00f6zvetlen linkekkel a telep\u00edt\u00e9s\u00fckh\u00f6z.<\/p>\n\n\n\n<p>Ne v\u00e1rj, am\u00edg t\u00fal k\u00e9s\u0151 lesz. Telep\u00edtsd \u0151ket most, \u00e9s <strong>v\u00e9dje meg berendez\u00e9seit, adatait \u00e9s lelki nyugalm\u00e1t.<\/strong><\/p>\n\n\n\n<p>\ud83d\udc49 Kattints a gombokra, \u00e9s t\u00f6ltsd le kedvenc alkalmaz\u00e1sodat, miel\u0151tt sz\u00fcks\u00e9ged lenne r\u00e1.<\/p>\n\n\n\n<p>Egy 2 perces cselekv\u00e9s ma napokig tart\u00f3 fejf\u00e1j\u00e1st takar\u00edthat meg holnap.<\/p>","protected":false},"excerpt":{"rendered":"<p>V\u00e9dd meg szeretteidet! V\u00e1lassz egyet a lehet\u0151s\u00e9gek k\u00f6z\u00fcl! Egy elveszett vagy ellopott mobiltelefon megtal\u00e1l\u00e1s\u00e1ra szolg\u00e1l\u00f3 alkalmaz\u00e1s megmentheti a napot. El\u0151fordult m\u00e1r veled, hogy kirohant\u00e1l az ajt\u00f3n, \u00e1tn\u00e9zted a zsebeidet, \u00e9s... semmi sem volt? A telefon elt\u0171nt. Sz\u00f6rny\u0171 \u00e9rz\u00e9s. De l\u00e9legezz. Ma m\u00e1r vannak egyszer\u0171 megold\u00e1sok, amelyek lehet\u0151v\u00e9 teszik, hogy megtal\u00e1ld a telefonod [\u2026]<\/p>","protected":false},"author":139,"featured_media":9209,"comment_status":"closed","ping_status":"open","sticky":false,"template":"","format":"standard","meta":{"footnotes":""},"categories":[2],"tags":[2173,2172,2174,1048,1477],"yoast_head":"<!-- This site is optimized with the Yoast SEO plugin v23.3 - https:\/\/yoast.com\/wordpress\/plugins\/seo\/ -->\n<title>Aplicativo para localizar celular - Universo Fam\u00edlia<\/title>\n<meta name=\"description\" content=\"Aplicativo para localizar celular. Un aplicativo para localizar celular perdido o robado puede salvarte el d\u00eda....\" \/>\n<meta name=\"robots\" content=\"index, follow, max-snippet:-1, max-image-preview:large, max-video-preview:-1\" \/>\n<link rel=\"canonical\" href=\"https:\/\/universofamilia.com\/hu\/aplicativo-para-localizar-celular\/\" \/>\n<meta property=\"og:locale\" content=\"hu_HU\" \/>\n<meta property=\"og:type\" content=\"article\" \/>\n<meta property=\"og:title\" content=\"Aplicativo para localizar celular - Universo Fam\u00edlia\" \/>\n<meta property=\"og:description\" content=\"Aplicativo para localizar celular. Un aplicativo para localizar celular perdido o robado puede salvarte el d\u00eda....\" \/>\n<meta property=\"og:url\" content=\"https:\/\/universofamilia.com\/hu\/aplicativo-para-localizar-celular\/\" \/>\n<meta property=\"og:site_name\" content=\"Universo Fam\u00edlia\" \/>\n<meta property=\"article:published_time\" content=\"2025-04-03T21:02:04+00:00\" \/>\n<meta property=\"article:modified_time\" content=\"2025-06-12T13:36:07+00:00\" \/>\n<meta property=\"og:image\" content=\"https:\/\/universofamilia.com\/wp-content\/uploads\/sites\/148\/2025\/04\/DESTAQUE-UNIVERSO-550-x-350-22.jpg\" \/>\n\t<meta property=\"og:image:width\" content=\"550\" \/>\n\t<meta property=\"og:image:height\" content=\"350\" \/>\n\t<meta property=\"og:image:type\" content=\"image\/jpeg\" \/>\n<meta name=\"author\" content=\"Pedro Henrique\" \/>\n<meta name=\"twitter:card\" content=\"summary_large_image\" \/>\n<meta name=\"twitter:label1\" content=\"Written by\" \/>\n\t<meta name=\"twitter:data1\" content=\"Pedro Henrique\" \/>\n\t<meta name=\"twitter:label2\" content=\"Est. reading time\" \/>\n\t<meta name=\"twitter:data2\" content=\"8 perc\" \/>\n<script type=\"application\/ld+json\" class=\"yoast-schema-graph\">{\"@context\":\"https:\/\/schema.org\",\"@graph\":[{\"@type\":\"WebPage\",\"@id\":\"https:\/\/universofamilia.com\/cs\/aplicativo-para-localizar-celular\/\",\"url\":\"https:\/\/universofamilia.com\/cs\/aplicativo-para-localizar-celular\/\",\"name\":\"Aplicativo para localizar celular - Universo Fam\u00edlia\",\"isPartOf\":{\"@id\":\"https:\/\/universofamilia.com\/el\/#website\"},\"primaryImageOfPage\":{\"@id\":\"https:\/\/universofamilia.com\/cs\/aplicativo-para-localizar-celular\/#primaryimage\"},\"image\":{\"@id\":\"https:\/\/universofamilia.com\/cs\/aplicativo-para-localizar-celular\/#primaryimage\"},\"thumbnailUrl\":\"http:\/\/universofamilia.com\/wp-content\/uploads\/sites\/148\/2025\/04\/DESTAQUE-UNIVERSO-550-x-350-22.jpg\",\"datePublished\":\"2025-04-03T21:02:04+00:00\",\"dateModified\":\"2025-06-12T13:36:07+00:00\",\"author\":{\"@id\":\"https:\/\/universofamilia.com\/el\/#\/schema\/person\/f07ce98187dd84d31154262e79b3b7ca\"},\"description\":\"Aplicativo para localizar celular. Un aplicativo para localizar celular perdido o robado puede salvarte el d\u00eda....\",\"breadcrumb\":{\"@id\":\"https:\/\/universofamilia.com\/cs\/aplicativo-para-localizar-celular\/#breadcrumb\"},\"inLanguage\":\"hu\",\"potentialAction\":[{\"@type\":\"ReadAction\",\"target\":[\"https:\/\/universofamilia.com\/cs\/aplicativo-para-localizar-celular\/\"]}]},{\"@type\":\"ImageObject\",\"inLanguage\":\"hu\",\"@id\":\"https:\/\/universofamilia.com\/cs\/aplicativo-para-localizar-celular\/#primaryimage\",\"url\":\"http:\/\/universofamilia.com\/wp-content\/uploads\/sites\/148\/2025\/04\/DESTAQUE-UNIVERSO-550-x-350-22.jpg\",\"contentUrl\":\"http:\/\/universofamilia.com\/wp-content\/uploads\/sites\/148\/2025\/04\/DESTAQUE-UNIVERSO-550-x-350-22.jpg\",\"width\":550,\"height\":350,\"caption\":\"Aplicativo para localizar celular\"},{\"@type\":\"BreadcrumbList\",\"@id\":\"https:\/\/universofamilia.com\/cs\/aplicativo-para-localizar-celular\/#breadcrumb\",\"itemListElement\":[{\"@type\":\"ListItem\",\"position\":1,\"name\":\"Home\",\"item\":\"https:\/\/universofamilia.com\/el\/\"},{\"@type\":\"ListItem\",\"position\":2,\"name\":\"Aplicativo para localizar celular\"}]},{\"@type\":\"WebSite\",\"@id\":\"https:\/\/universofamilia.com\/el\/#website\",\"url\":\"https:\/\/universofamilia.com\/el\/\",\"name\":\"Universo Fam\u00edlia\",\"description\":\"\",\"potentialAction\":[{\"@type\":\"SearchAction\",\"target\":{\"@type\":\"EntryPoint\",\"urlTemplate\":\"https:\/\/universofamilia.com\/el\/?s={search_term_string}\"},\"query-input\":\"required name=search_term_string\"}],\"inLanguage\":\"hu\"},{\"@type\":\"Person\",\"@id\":\"https:\/\/universofamilia.com\/el\/#\/schema\/person\/f07ce98187dd84d31154262e79b3b7ca\",\"name\":\"Pedro Henrique\",\"image\":{\"@type\":\"ImageObject\",\"inLanguage\":\"hu\",\"@id\":\"https:\/\/universofamilia.com\/el\/#\/schema\/person\/image\/\",\"url\":\"http:\/\/0.gravatar.com\/avatar\/9edfeb808cb4e1599f64d6e45b130154?s=96&d=mm&r=g\",\"contentUrl\":\"http:\/\/0.gravatar.com\/avatar\/9edfeb808cb4e1599f64d6e45b130154?s=96&d=mm&r=g\",\"caption\":\"Pedro Henrique\"},\"url\":\"http:\/\/universofamilia.com\/hu\/author\/editor01\/\"}]}<\/script>\n<!-- \/ Yoast SEO plugin. -->","yoast_head_json":{"title":"Aplicativo para localizar celular - Universo Fam\u00edlia","description":"Aplicativo para localizar celular. Un aplicativo para localizar celular perdido o robado puede salvarte el d\u00eda....","robots":{"index":"index","follow":"follow","max-snippet":"max-snippet:-1","max-image-preview":"max-image-preview:large","max-video-preview":"max-video-preview:-1"},"canonical":"https:\/\/universofamilia.com\/hu\/aplicativo-para-localizar-celular\/","og_locale":"hu_HU","og_type":"article","og_title":"Aplicativo para localizar celular - Universo Fam\u00edlia","og_description":"Aplicativo para localizar celular. Un aplicativo para localizar celular perdido o robado puede salvarte el d\u00eda....","og_url":"https:\/\/universofamilia.com\/hu\/aplicativo-para-localizar-celular\/","og_site_name":"Universo Fam\u00edlia","article_published_time":"2025-04-03T21:02:04+00:00","article_modified_time":"2025-06-12T13:36:07+00:00","og_image":[{"width":550,"height":350,"url":"https:\/\/universofamilia.com\/wp-content\/uploads\/sites\/148\/2025\/04\/DESTAQUE-UNIVERSO-550-x-350-22.jpg","type":"image\/jpeg"}],"author":"Pedro Henrique","twitter_card":"summary_large_image","twitter_misc":{"Written by":"Pedro Henrique","Est. reading time":"8 perc"},"schema":{"@context":"https:\/\/schema.org","@graph":[{"@type":"WebPage","@id":"https:\/\/universofamilia.com\/cs\/aplicativo-para-localizar-celular\/","url":"https:\/\/universofamilia.com\/cs\/aplicativo-para-localizar-celular\/","name":"Aplicativo para localizar celular - Universo Fam\u00edlia","isPartOf":{"@id":"https:\/\/universofamilia.com\/el\/#website"},"primaryImageOfPage":{"@id":"https:\/\/universofamilia.com\/cs\/aplicativo-para-localizar-celular\/#primaryimage"},"image":{"@id":"https:\/\/universofamilia.com\/cs\/aplicativo-para-localizar-celular\/#primaryimage"},"thumbnailUrl":"http:\/\/universofamilia.com\/wp-content\/uploads\/sites\/148\/2025\/04\/DESTAQUE-UNIVERSO-550-x-350-22.jpg","datePublished":"2025-04-03T21:02:04+00:00","dateModified":"2025-06-12T13:36:07+00:00","author":{"@id":"https:\/\/universofamilia.com\/el\/#\/schema\/person\/f07ce98187dd84d31154262e79b3b7ca"},"description":"Aplicativo para localizar celular. Un aplicativo para localizar celular perdido o robado puede salvarte el d\u00eda....","breadcrumb":{"@id":"https:\/\/universofamilia.com\/cs\/aplicativo-para-localizar-celular\/#breadcrumb"},"inLanguage":"hu","potentialAction":[{"@type":"ReadAction","target":["https:\/\/universofamilia.com\/cs\/aplicativo-para-localizar-celular\/"]}]},{"@type":"ImageObject","inLanguage":"hu","@id":"https:\/\/universofamilia.com\/cs\/aplicativo-para-localizar-celular\/#primaryimage","url":"http:\/\/universofamilia.com\/wp-content\/uploads\/sites\/148\/2025\/04\/DESTAQUE-UNIVERSO-550-x-350-22.jpg","contentUrl":"http:\/\/universofamilia.com\/wp-content\/uploads\/sites\/148\/2025\/04\/DESTAQUE-UNIVERSO-550-x-350-22.jpg","width":550,"height":350,"caption":"Aplicativo para localizar celular"},{"@type":"BreadcrumbList","@id":"https:\/\/universofamilia.com\/cs\/aplicativo-para-localizar-celular\/#breadcrumb","itemListElement":[{"@type":"ListItem","position":1,"name":"Home","item":"https:\/\/universofamilia.com\/el\/"},{"@type":"ListItem","position":2,"name":"Aplicativo para localizar celular"}]},{"@type":"WebSite","@id":"https:\/\/universofamilia.com\/el\/#website","url":"https:\/\/universofamilia.com\/el\/","name":"Universo Fam\u00edlia","description":"","potentialAction":[{"@type":"SearchAction","target":{"@type":"EntryPoint","urlTemplate":"https:\/\/universofamilia.com\/el\/?s={search_term_string}"},"query-input":"required name=search_term_string"}],"inLanguage":"hu"},{"@type":"Person","@id":"https:\/\/universofamilia.com\/el\/#\/schema\/person\/f07ce98187dd84d31154262e79b3b7ca","name":"Pedro Henrique","image":{"@type":"ImageObject","inLanguage":"hu","@id":"https:\/\/universofamilia.com\/el\/#\/schema\/person\/image\/","url":"http:\/\/0.gravatar.com\/avatar\/9edfeb808cb4e1599f64d6e45b130154?s=96&d=mm&r=g","contentUrl":"http:\/\/0.gravatar.com\/avatar\/9edfeb808cb4e1599f64d6e45b130154?s=96&d=mm&r=g","caption":"Pedro Henrique"},"url":"http:\/\/universofamilia.com\/hu\/author\/editor01\/"}]}},"_links":{"self":[{"href":"http:\/\/universofamilia.com\/hu\/wp-json\/wp\/v2\/posts\/9206"}],"collection":[{"href":"http:\/\/universofamilia.com\/hu\/wp-json\/wp\/v2\/posts"}],"about":[{"href":"http:\/\/universofamilia.com\/hu\/wp-json\/wp\/v2\/types\/post"}],"author":[{"embeddable":true,"href":"http:\/\/universofamilia.com\/hu\/wp-json\/wp\/v2\/users\/139"}],"replies":[{"embeddable":true,"href":"http:\/\/universofamilia.com\/hu\/wp-json\/wp\/v2\/comments?post=9206"}],"version-history":[{"count":3,"href":"http:\/\/universofamilia.com\/hu\/wp-json\/wp\/v2\/posts\/9206\/revisions"}],"predecessor-version":[{"id":9513,"href":"http:\/\/universofamilia.com\/hu\/wp-json\/wp\/v2\/posts\/9206\/revisions\/9513"}],"wp:featuredmedia":[{"embeddable":true,"href":"http:\/\/universofamilia.com\/hu\/wp-json\/wp\/v2\/media\/9209"}],"wp:attachment":[{"href":"http:\/\/universofamilia.com\/hu\/wp-json\/wp\/v2\/media?parent=9206"}],"wp:term":[{"taxonomy":"category","embeddable":true,"href":"http:\/\/universofamilia.com\/hu\/wp-json\/wp\/v2\/categories?post=9206"},{"taxonomy":"post_tag","embeddable":true,"href":"http:\/\/universofamilia.com\/hu\/wp-json\/wp\/v2\/tags?post=9206"}],"curies":[{"name":"wp","href":"https:\/\/api.w.org\/{rel}","templated":true}]}}